{"id":50447,"date":"2022-12-14T10:19:45","date_gmt":"2022-12-14T09:19:45","guid":{"rendered":"https:\/\/speyer24news.com\/?p=50447"},"modified":"2022-12-14T10:20:13","modified_gmt":"2022-12-14T09:20:13","slug":"radio-regenbogen-award","status":"publish","type":"post","link":"https:\/\/speyer24news.com\/?p=50447","title":{"rendered":"Radio Regenbogen Award 2023"},"content":{"rendered":"<style type=\"text\/css\">\r\n\t.ads_top_disp{}\r\n\t.ads_top_corner_disp{ float:left; margin:0px 10px 10px 0px; }\r\n\t.ads_first_p_disp{}\r\n\t.ads_bottom_disp{}\r\n\t<\/style>\n<h2 class=\"wp-block-heading\">Nach drei Jahren Pandemie-Pause: Radio Regenbogen Award kehrt in den Europa-Park zur\u00fcck<\/h2>\n\n\n<div class=\"wp-block-image\">\n<figure class=\"aligncenter size-full\"><img decoding=\"async\" loading=\"lazy\" width=\"800\" height=\"533\" src=\"https:\/\/speyer24news.com\/wp-content\/uploads\/2022\/12\/1_RRA17_Joko_Winterscheidt.jpg\" alt=\"\" class=\"wp-image-50449\" srcset=\"https:\/\/speyer24news.com\/wp-content\/uploads\/2022\/12\/1_RRA17_Joko_Winterscheidt.jpg 800w, https:\/\/speyer24news.com\/wp-content\/uploads\/2022\/12\/1_RRA17_Joko_Winterscheidt-300x200.jpg 300w, https:\/\/speyer24news.com\/wp-content\/uploads\/2022\/12\/1_RRA17_Joko_Winterscheidt-768x512.jpg 768w\" sizes=\"(max-width: 800px) 100vw, 800px\" \/><\/figure><\/div>\n\n\n<p><strong>Mannheim \/ Rust &#8211; <\/strong>Weltstars wie Nelly Furtado, Dionne Warwick oder James Blunt, deutsche und europ\u00e4ische Chartst\u00fcrmer wie Nico Santos und Lost Frequencies, TV-Legenden wie Iris Berben oder Thomas Gottschalk und Top-Comedians wie Michael \u201eBully\u201c Herbig und Joko Winterscheidt (oben) sowie Medien-Lieblinge wie Lena Gercke sind in den vergangenen 25 Jahren mit einem Radio Regenbogen Award ausgezeichnet worden. Jetzt kehrt der Radio Regenbogen Award in den Europa-Park zur\u00fcck. TV-Moderator Thomas Hermanns pr\u00e4sentiert die Verleihung am 31. M\u00e4rz 2023 in der Europa-Park Arena: \u201eEndlich sehen wir uns wieder! Ich freue mich wie ein Schnitzel auf die Stars, auf den Abend \u2013 und auf die sch\u00f6nste Preisverleihung Deutschlands.\u201c<\/p>\n\n\n\n<p>\u201eNach drei Jahren Corona-Zwangspause freuen wir uns, nun wieder Stars aus Deutschland und aller Welt feiern zu k\u00f6nnen, die uns im zur\u00fcckliegenden Jahr begeistert, ger\u00fchrt, bestens informiert und mit ihrem musikalischen und kom\u00f6diantischen Talent auch durch diese herausfordernde Zeit geholfen haben\u201c, so Radio-Regenbogen-Chef Kai Fischer. \u201eWir freuen uns mit unseren G\u00e4sten auf hochkar\u00e4tige Preistr\u00e4ger, prominente Laudatoren und die besondere Atmosph\u00e4re aus Glanz und Glamour inmitten der atemberaubenden Action-Kulisse des Europa-Park, wie es sie nur beim Radio Regenbogen Award gibt.\u201c<\/p>\n\n\n<div class=\"wp-block-image\">\n<figure class=\"aligncenter size-full\"><img decoding=\"async\" loading=\"lazy\" width=\"800\" height=\"533\" src=\"https:\/\/speyer24news.com\/wp-content\/uploads\/2022\/12\/2_RRA19_EP.Arena_.jpg\" alt=\"\" class=\"wp-image-50450\" srcset=\"https:\/\/speyer24news.com\/wp-content\/uploads\/2022\/12\/2_RRA19_EP.Arena_.jpg 800w, https:\/\/speyer24news.com\/wp-content\/uploads\/2022\/12\/2_RRA19_EP.Arena_-300x200.jpg 300w, https:\/\/speyer24news.com\/wp-content\/uploads\/2022\/12\/2_RRA19_EP.Arena_-768x512.jpg 768w\" sizes=\"(max-width: 800px) 100vw, 800px\" \/><\/figure><\/div>\n\n\n<p>Europa-Park Inhaber Roland Mack: \u201eWir als Familie Mack und das gesamte Europa-Park Team freuen uns nun wieder sehr auf den Radio Regenbogen Award nach der Corona-Pause. Mit der Europa-Park Arena bieten wir einen glamour\u00f6sen Rahmen f\u00fcr diese hochkar\u00e4tige Award-Verleihung. Die Vielfalt mit nationalen und internationalen Prominenten aus Musik, Sport, Politik und Showbusiness ist einzigartig. Preistr\u00e4ger waren immerhin schon der damalige Bundeskanzler Helmut Kohl, Hans-Dietrich Genscher und Michail Gorbatschow, Franziska van Almsick und Dietmar Hopp. Und das ist nur ein kleiner Ausschnitt von mehr als 300 Pers\u00f6nlichkeiten aus allen Bereichen, die im Laufe der Jahre ausgezeichnet wurden. Der Radio Regenbogen Award hat in Deutschlands gr\u00f6\u00dftem Freizeitpark sein perfektes Zuhause gefunden.\u201c<\/p>\n\n\n\n<p>Andreas Ksionsek, Eventleiter von Radio Regenbogen und Show-Regisseur: \u201eDas ganze Radio-Regenbogen-Team freut sich, dass wir eine der erfolgreichsten Preisverleihungen Deutschlands endlich fortsetzen k\u00f6nnen. Im Januar 2023 werden wir auch die ersten Preistr\u00e4ger verraten.\u201c Tickets f\u00fcr die Show der gro\u00dfen Momente k\u00f6nnen Sie sich schon jetzt unter <a href=\"http:\/\/www.regenbogen.de\/award\">www.regenbogen.de\/award<\/a> reservieren. Eintrittskarten zur Verleihung des Radio Regenbogen Award kosten 290 Euro. Im Preis enthalten ist der Tischplatz w\u00e4hrend der Preisverleihung sowie Speisen und Getr\u00e4nke. Vor der Preisverleihung erwarten die G\u00e4ste kulinarische Highlights in den Foyers, Getr\u00e4nke sowie Mitternachtssnacks, anschlie\u00dfend die After-Show-Party mit Club-Sounds bis in die Nacht. \u00dcbernachtungen in einem der Europa-Park Hotels kosten 154 Euro f\u00fcr ein Einzelzimmer und 198 Euro f\u00fcr ein Doppelzimmer und sind ebenfalls unter <a href=\"http:\/\/www.regenbogen.de\/award\">www.regenbogen.de\/award<\/a> zu reservieren.<\/p>\n\n\n<div class=\"wp-block-image\">\n<figure class=\"aligncenter size-full\"><img decoding=\"async\" loading=\"lazy\" width=\"800\" height=\"251\" src=\"https:\/\/speyer24news.com\/wp-content\/uploads\/2022\/12\/0_RRA23_ATSW_Sponsors.jpg\" alt=\"\" class=\"wp-image-50451\" srcset=\"https:\/\/speyer24news.com\/wp-content\/uploads\/2022\/12\/0_RRA23_ATSW_Sponsors.jpg 800w, https:\/\/speyer24news.com\/wp-content\/uploads\/2022\/12\/0_RRA23_ATSW_Sponsors-300x94.jpg 300w, https:\/\/speyer24news.com\/wp-content\/uploads\/2022\/12\/0_RRA23_ATSW_Sponsors-768x241.jpg 768w\" sizes=\"(max-width: 800px) 100vw, 800px\" \/><\/figure><\/div>\n\n\n<p><em>tower media GmbH<br>14.12.2022<\/em><\/p>\n","protected":false},"excerpt":{"rendered":"<div class=\"mh-excerpt\"><p>Nach drei Jahren Pandemie-Pause: Radio Regenbogen Award kehrt in den Europa-Park zur\u00fcck Mannheim \/ Rust &#8211; Weltstars wie Nelly Furtado, Dionne Warwick oder James Blunt, deutsche und europ\u00e4ische Chartst\u00fcrmer wie Nico Santos und Lost Frequencies, <a class=\"mh-excerpt-more\" href=\"https:\/\/speyer24news.com\/?p=50447\" title=\"Radio Regenbogen Award 2023\">[&#8230;]<\/a><\/p>\n<\/div>","protected":false},"author":3,"featured_media":50448,"comment_status":"open","ping_status":"open","sticky":false,"template":"","format":"standard","meta":{"_monsterinsights_skip_tracking":false,"_monsterinsights_sitenote_active":false,"_monsterinsights_sitenote_note":"","_monsterinsights_sitenote_category":0,"footnotes":""},"categories":[13],"tags":[15632,9850,15628,15629,9847,2797,15627,15631,15630],"aioseo_notices":[],"amp_enabled":true,"_links":{"self":[{"href":"https:\/\/speyer24news.com\/index.php?rest_route=\/wp\/v2\/posts\/50447"}],"collection":[{"href":"https:\/\/speyer24news.com\/index.php?rest_route=\/wp\/v2\/posts"}],"about":[{"href":"https:\/\/speyer24news.com\/index.php?rest_route=\/wp\/v2\/types\/post"}],"author":[{"embeddable":true,"href":"https:\/\/speyer24news.com\/index.php?rest_route=\/wp\/v2\/users\/3"}],"replies":[{"embeddable":true,"href":"https:\/\/speyer24news.com\/index.php?rest_route=%2Fwp%2Fv2%2Fcomments&post=50447"}],"version-history":[{"count":2,"href":"https:\/\/speyer24news.com\/index.php?rest_route=\/wp\/v2\/posts\/50447\/revisions"}],"predecessor-version":[{"id":50453,"href":"https:\/\/speyer24news.com\/index.php?rest_route=\/wp\/v2\/posts\/50447\/revisions\/50453"}],"wp:featuredmedia":[{"embeddable":true,"href":"https:\/\/speyer24news.com\/index.php?rest_route=\/wp\/v2\/media\/50448"}],"wp:attachment":[{"href":"https:\/\/speyer24news.com\/index.php?rest_route=%2Fwp%2Fv2%2Fmedia&parent=50447"}],"wp:term":[{"taxonomy":"category","embeddable":true,"href":"https:\/\/speyer24news.com\/index.php?rest_route=%2Fwp%2Fv2%2Fcategories&post=50447"},{"taxonomy":"post_tag","embeddable":true,"href":"https:\/\/speyer24news.com\/index.php?rest_route=%2Fwp%2Fv2%2Ftags&post=50447"}],"curies":[{"name":"wp","href":"https:\/\/api.w.org\/{rel}","templated":true}]}}