{"id":50456,"date":"2022-12-14T11:28:20","date_gmt":"2022-12-14T10:28:20","guid":{"rendered":"https:\/\/speyer24news.com\/?p=50456"},"modified":"2022-12-14T11:28:20","modified_gmt":"2022-12-14T10:28:20","slug":"technik-museum-speyer-sinsheim-13","status":"publish","type":"post","link":"https:\/\/speyer24news.com\/?p=50456","title":{"rendered":"Technik Museum Speyer \/ Sinsheim"},"content":{"rendered":"<style type=\"text\/css\">\r\n\t.ads_top_disp{}\r\n\t.ads_top_corner_disp{ float:left; margin:0px 10px 10px 0px; }\r\n\t.ads_first_p_disp{}\r\n\t.ads_bottom_disp{}\r\n\t<\/style>\n<h2 class=\"wp-block-heading\">Drehorgelserenade am 25. Februar 2023 im Technik Museum Speyer<\/h2>\n\n\n\n<h3 class=\"wp-block-heading\">Das Technik Museum feiert eine Party mit gro\u00dfen und kleinen Orgeln<\/h3>\n\n\n<div class=\"wp-block-image\">\n<figure class=\"aligncenter size-full\"><img decoding=\"async\" loading=\"lazy\" width=\"600\" height=\"600\" src=\"https:\/\/speyer24news.com\/wp-content\/uploads\/2022\/12\/SoM_Drehorgelserenade_20233.jpg\" alt=\"\" class=\"wp-image-50464\" srcset=\"https:\/\/speyer24news.com\/wp-content\/uploads\/2022\/12\/SoM_Drehorgelserenade_20233.jpg 600w, https:\/\/speyer24news.com\/wp-content\/uploads\/2022\/12\/SoM_Drehorgelserenade_20233-300x300.jpg 300w, https:\/\/speyer24news.com\/wp-content\/uploads\/2022\/12\/SoM_Drehorgelserenade_20233-150x150.jpg 150w\" sizes=\"(max-width: 600px) 100vw, 600px\" \/><\/figure><\/div>\n\n\n<p><strong>Speyer &#8211;<\/strong> Die Drehorgel ist fest mit der Geschichte der Technik Museen Sinsheim Speyer verbunden. Die beiden Freizeiteinrichtungen beherbergen in den Ausstellungshallen bereits seit ihren Anf\u00e4ngen hunderte Musikinstrumente und Orgeln. Nicht selten spielt Museumspr\u00e4sident Hermann Layher, bei Veranstaltungen oder besonderen Anl\u00e4ssen, selbst eines der Sammlerst\u00fccke und \u00fcber die letzten Jahre wurde dem urigen Instrument bei Konzerten und Events immer mehr Aufmerksamkeit geschenkt.\u00a0<\/p>\n\n\n\n<h4 class=\"wp-block-heading\">Partystimmung rund um gro\u00dfe und kleine Orgeln gibt es bei der Drehorgelserenade am 25. Februar 2023 im Technik Museum Speyer. <\/h4>\n\n\n<div class=\"wp-block-image\">\n<figure class=\"aligncenter size-full\"><img decoding=\"async\" loading=\"lazy\" width=\"800\" height=\"534\" src=\"https:\/\/speyer24news.com\/wp-content\/uploads\/2022\/12\/Musik-Programm-im-Technik-Museum-Speyer.jpg\" alt=\"\" class=\"wp-image-50465\" srcset=\"https:\/\/speyer24news.com\/wp-content\/uploads\/2022\/12\/Musik-Programm-im-Technik-Museum-Speyer.jpg 800w, https:\/\/speyer24news.com\/wp-content\/uploads\/2022\/12\/Musik-Programm-im-Technik-Museum-Speyer-300x200.jpg 300w, https:\/\/speyer24news.com\/wp-content\/uploads\/2022\/12\/Musik-Programm-im-Technik-Museum-Speyer-768x513.jpg 768w\" sizes=\"(max-width: 800px) 100vw, 800px\" \/><\/figure><\/div>\n\n\n<p>Umgeben von einem gigantischen Space-Shuttle, gl\u00e4nzenden Oldtimern oder von der Decke herabh\u00e4ngenden Flugzeugen, bietet die Raumfahrthalle des Museums einen besonderen Rahmen f\u00fcr diese Veranstaltung. Denn gerade der Kontrast, von nostalgischer und futuristischer Technik, verleiht diesem Konzert sein einzigartiges Flair. Das Programm beginnt um 19.00 Uhr. Von der kleinen Drehorgel bis hin zur Kirmesorgel werden an diesem Abend die verschiedensten Instrumente zu h\u00f6ren sein.\u00a0 Klassiker treffen auf Schlager und mitsingen wie auch schunkeln sind ausdr\u00fccklich erw\u00fcnscht. Treffpunkt ist der Haupteingang des Technik Museum Speyer. Von dort aus zieht der musikalische Zug durch die Ausstellungshallen. Neben den gespielten St\u00fccken gibt es auch eine Nachtf\u00fchrung sowie ein All-Inclusive-Catering-Paket. Eintrittskarten gibt es zu 27 \u20ac. \u00a0Wer gerne selbst mit seiner Drehorgel mitspielen m\u00f6chte, kann sich beim Museum daf\u00fcr anmelden. Alle Informationen gibt es unter\u00a0<a href=\"https:\/\/deref-web.de\/mail\/client\/9lmQUbUiSQM\/dereferrer\/?redirectUrl=http%3A%2F%2Furl7821.technik-museum.de%2Fls%2Fclick%3Fupn%3DpsfSyrcYyJjyv2M1NAPIUHSS5hyResOop97owBYND8P6mWPVlVB-2Fxk3XlE2UjS7e3ZZFZNM9uZaIYcLCo9Zn2A-3D-3Dovag_Hl-2BwoPNiiE5y-2BW9ZLRGh-2BuGHMyD7GGNSR50vkH5Gix6ZDIuM1i-2FbE5uZfBrcjXreX8g-2FjcyV3THBjCj4RkZLSWkj6RO03AMOVBbwvOo10XdBI6ZA3sIzP9gxjIUtWmT6W5DYllW5hCm36bd05gCeyttytFwHTB3tLfGhyF1QPhQ2dAoYqQre8u6cOe0JaUWKnqu3cMxOc9YIR-2BLIaaPuOQ-3D-3D\" target=\"_blank\" rel=\"noreferrer noopener\">www.technik-museum.de\/drehorgelserenade<\/a>.<\/p>\n\n\n<div class=\"wp-block-image\">\n<figure class=\"aligncenter size-full\"><img decoding=\"async\" loading=\"lazy\" width=\"800\" height=\"533\" src=\"https:\/\/speyer24news.com\/wp-content\/uploads\/2022\/12\/Drehorgelserenade-im-Technik-Museum-Speyer.jpg\" alt=\"\" class=\"wp-image-50466\" srcset=\"https:\/\/speyer24news.com\/wp-content\/uploads\/2022\/12\/Drehorgelserenade-im-Technik-Museum-Speyer.jpg 800w, https:\/\/speyer24news.com\/wp-content\/uploads\/2022\/12\/Drehorgelserenade-im-Technik-Museum-Speyer-300x200.jpg 300w, https:\/\/speyer24news.com\/wp-content\/uploads\/2022\/12\/Drehorgelserenade-im-Technik-Museum-Speyer-768x512.jpg 768w\" sizes=\"(max-width: 800px) 100vw, 800px\" \/><\/figure><\/div>\n\n\n<p>Unterst\u00fctzung bei der Gestaltung des Programms gibt es von Mitgliedern, Mitarbeitern und Freunden der Museen. Nat\u00fcrlich sind Sina Hildebrand (Klangtistin) und Horst Thome\u00a0(Referent f\u00fcr mechanische Musik) wieder mit dabei. Beide f\u00fchren durch das Programm und lassen ebenfalls das ein oder andere Instrument erklingen. \u201eWir freuen uns sehr darauf, mit vielen Gleichgesinnten aus ganz Deutschland und der Schweiz, eine richtige Drehorgel-Party zu feiern.\u201c, schw\u00e4rmt Museumspr\u00e4sident Hermann Layher. F\u00fcr das leibliche Wohl sorgt das hauseigene Gastronomie-Team mit leckeren Gerichten und Weinen aus der Region. Alle Informationen zur Drehorgelserenade gibt es unter\u00a0<a href=\"https:\/\/deref-web.de\/mail\/client\/huf4eQpM2IA\/dereferrer\/?redirectUrl=http%3A%2F%2Furl7821.technik-museum.de%2Fls%2Fclick%3Fupn%3DpsfSyrcYyJjyv2M1NAPIUHSS5hyResOop97owBYND8O7aPisRSJZ4uGw0uF0O7dveA6X_Hl-2BwoPNiiE5y-2BW9ZLRGh-2BuGHMyD7GGNSR50vkH5Gix6ZDIuM1i-2FbE5uZfBrcjXre-2FWhH9Kir12q16QAaghMf4TLU5tt59yUYNUBCqgsbWhQoZQBJl7IBrIL9v-2Bt3EJuDjQgAo4DUd9AtnU6-2F1wAS8x87kek0UKJuXioacWUnRwKnOrVmE-2BTCQFgc88g7Ut5ozZuK-2Fp-2FKEXzME4PYJT1L-2FQ-3D-3D\" target=\"_blank\" rel=\"noreferrer noopener\">www.technik-museum.de\/serenade<\/a>.<\/p>\n\n\n\n<p><em>Technik Museum Speyer<br>09.12.2022<\/em><\/p>\n\n\n\n<h2 class=\"wp-block-heading\">Einhundert Jahre 24h von Le Mans<\/h2>\n\n\n\n<h3 class=\"wp-block-heading\">Neue Sonderausstellung im Technik Museum Sinsheim<\/h3>\n\n\n<div class=\"wp-block-image\">\n<figure class=\"aligncenter size-full\"><img decoding=\"async\" loading=\"lazy\" width=\"800\" height=\"566\" src=\"https:\/\/speyer24news.com\/wp-content\/uploads\/2022\/12\/100_jahre_24h_von_le_mans_sonderausstellung_tm_snh_2023-2.jpg\" alt=\"\" class=\"wp-image-50462\" srcset=\"https:\/\/speyer24news.com\/wp-content\/uploads\/2022\/12\/100_jahre_24h_von_le_mans_sonderausstellung_tm_snh_2023-2.jpg 800w, https:\/\/speyer24news.com\/wp-content\/uploads\/2022\/12\/100_jahre_24h_von_le_mans_sonderausstellung_tm_snh_2023-2-300x212.jpg 300w, https:\/\/speyer24news.com\/wp-content\/uploads\/2022\/12\/100_jahre_24h_von_le_mans_sonderausstellung_tm_snh_2023-2-768x543.jpg 768w\" sizes=\"(max-width: 800px) 100vw, 800px\" \/><\/figure><\/div>\n\n\n<p><strong>Sinsheim &#8211; <\/strong>24 Stunden G\u00e4nsehaut, 24 Stunden nervenaufreibende Spannung, 24-Stunden-Rennen von Le Mans &#8211; das Langstreckenrennen an der Sarthe feiert n\u00e4chstes Jahr sein 100-j\u00e4hriges Jubil\u00e4um. Diesem besonderen Anlass widmet das Technik Museum Sinsheim ab 1. April 2023 die Sonderausstellung \u201eEinhundert Jahre 24h von Le Mans\u201c auf 3.000 m\u00b2 Ausstellungsfl\u00e4che, in der daf\u00fcr neu gestalteten Halle 3. Rund 30 Rennfahrzeuge von den Anf\u00e4ngen bis heute bilden, stets wechselnd, bis Januar 2024 den Kern der Ausstellung \u2013 darunter ein Porsche 919 von 2015, ein Lorraine-Dietrich B3-6 von 1926, ein Ford GT 40 von 1966 sowie ein Triumph TRS 1961.\u00a0\u201eWir sind stolz darauf, dass wir f\u00fcr dieses Projekt den Maler und Museumsmitglied Uli Ehret gewinnen konnten, der seit \u00fcber 20 Jahren Le-Mans-Geschichte mitschreibt und mitzeichnet,\u201c so Museumspr\u00e4sident Hermann Layher \u00fcber die Zusammenarbeit. \u00a0\u00a0<\/p>\n\n\n\n<p>\u201eLe Mans gewinnt man nicht \u2013 Le Mans l\u00e4sst Dich gewinnen. Der Mythos der 24 Stunden wird in einer einzigartigen Ausstellung Faszination und Geschichte des Langstreckenklassikers darstellen\u201c, fasst Mitgestalter Uli Ehret die kommende Sonderausstellung im Technik Museum Sinsheim zusammen. Nach Dekaden gruppiert, zeigt das Museum diese bedeutsamen Fahrzeuge in Renngruppen auf einer eigens installierten \u201eRennstrecke\u201c.\u00a0Inmitten der Ausstellung befinden sich 40 von der Decke gelassene S\u00e4ulen, die mit Fotografien, Gem\u00e4lden und Texten sowohl Erwachsenen als auch Kindern spannende Geschichten der 100 Jahre des \u201eGrand Prix d\u00b4Endurance\u201c n\u00e4herbringen. Aquarelle von Le-Mans-Enthusiast Uli Ehret sowie historische Fotografien begleiten die Ausstellung ringsum auf \u00fcbergro\u00dfen Bannern und spiegeln in Rennszenen die Atmosph\u00e4re der Jagd durch Tag und Nacht wider.\u00a0Besucher k\u00f6nnen das laute Dr\u00f6hnen der Motoren und das Gl\u00fchen der glei\u00dfend-orangeroten Bremsscheiben in der Nacht von Le Mans auf Bildschirmen erleben.<\/p>\n\n\n<div class=\"wp-block-image\">\n<figure class=\"aligncenter size-full\"><img decoding=\"async\" loading=\"lazy\" width=\"800\" height=\"533\" src=\"https:\/\/speyer24news.com\/wp-content\/uploads\/2022\/12\/100_jahre_24h_von_le_mans_sonderausstellung_tm_snh_2023-1.jpg\" alt=\"\" class=\"wp-image-50463\" srcset=\"https:\/\/speyer24news.com\/wp-content\/uploads\/2022\/12\/100_jahre_24h_von_le_mans_sonderausstellung_tm_snh_2023-1.jpg 800w, https:\/\/speyer24news.com\/wp-content\/uploads\/2022\/12\/100_jahre_24h_von_le_mans_sonderausstellung_tm_snh_2023-1-300x200.jpg 300w, https:\/\/speyer24news.com\/wp-content\/uploads\/2022\/12\/100_jahre_24h_von_le_mans_sonderausstellung_tm_snh_2023-1-768x512.jpg 768w\" sizes=\"(max-width: 800px) 100vw, 800px\" \/><\/figure><\/div>\n\n\n<p>Deutsche Rennfahrer, Teams und Sportwagenmarken haben den \u201eMythos Le Mans\u201c und zahlreiche Siege an der franz\u00f6sischen Rennstrecke gefeiert. Jedes Jahr pilgern hunderttausende Zuschauer und Fans aus der ganzen Welt in die Technik-Metropole Le Mans, um das Rennen und die besondere Atmosph\u00e4re hautnah zu sp\u00fcren. Ein Erlebnis, wie man es von der Er\u00f6ffnungsfeier der olympischen Spiele kennt. Die Ausstellung \u201eEinhundert Jahre 24h von Le Mans\u201c gibt genau dieses Gef\u00fchl wieder. \u201eIch pers\u00f6nlich freue mich auf die j\u00fcngeren Boliden der letzten 20 Jahre. Dieses Segment von Wettbewerbs-Fahrzeugen ist in den Museen weniger vertreten. Die Sonderausstellung wird f\u00fcr so einige Le-Mans-Fans der j\u00fcngeren Generation ebenfalls interessant und sehenswert sein,\u201c ist der Museumspr\u00e4sident Hermann Layher, der bereits bei Le Mans Classic am Steuer sa\u00df, \u00fcberzeugt. Alle Informationen zur kommenden Sonderausstellung \u201eEinhundert Jahre 24h von Le Mans\u201c gibt es unter <a href=\"http:\/\/www.technik-museum.de\/halle3\" title=\"\">technik-museum.de\/halle3<\/a>.<\/p>\n\n\n\n<p><em>Technik Museum Sinsheim<br>23.11.2022<\/em><\/p>\n\n\n\n<h2 class=\"wp-block-heading\">Vorverkauf f\u00fcr den Brazzeltag 2023 l\u00e4uft<\/h2>\n\n\n\n<h3 class=\"wp-block-heading\">Das n\u00e4chste Technikfestival im Technik Museum Speyer findet am 13. und 14. Mai statt<\/h3>\n\n\n<div class=\"wp-block-image\">\n<figure class=\"aligncenter size-full\"><img decoding=\"async\" loading=\"lazy\" width=\"800\" height=\"533\" src=\"https:\/\/speyer24news.com\/wp-content\/uploads\/2022\/12\/Brazzeltag_2022_518-Gross.jpg\" alt=\"\" class=\"wp-image-50460\" srcset=\"https:\/\/speyer24news.com\/wp-content\/uploads\/2022\/12\/Brazzeltag_2022_518-Gross.jpg 800w, https:\/\/speyer24news.com\/wp-content\/uploads\/2022\/12\/Brazzeltag_2022_518-Gross-300x200.jpg 300w, https:\/\/speyer24news.com\/wp-content\/uploads\/2022\/12\/Brazzeltag_2022_518-Gross-768x512.jpg 768w\" sizes=\"(max-width: 800px) 100vw, 800px\" \/><\/figure><\/div>\n\n\n<p><strong>Speyer &#8211; <\/strong>Seit 2011 steht der Monat Mai f\u00fcr das Technik Museum Speyer ganz im Zeichen knatternder, tuckernder oder krachender Motoren. Mit dem Technikfestival BRAZZELTAG wurde eine Veranstaltung ins Leben gerufen, die in dieser Form einzigartig ist. Umgeben von zahlreichen Ausstellungsst\u00fccken erwacht das Museum an zwei Tagen im Jahr zum Leben und lockte zuletzt mehr als 16.000 Benzink\u00f6pfe und Technikfans aufs Veranstaltungsgel\u00e4nde. Der n\u00e4chste BRAZZELTAG findet am 13. und 14. Mai 2023 statt.<\/p>\n\n\n\n<p>Die Tickets daf\u00fcr gibt es ab sofort im Onlineshop des Museums unter\u00a0<a href=\"https:\/\/deref-web.de\/mail\/client\/ZqH_DF-URko\/dereferrer\/?redirectUrl=http%3A%2F%2Fwww.brazzeltag.de\" target=\"_blank\" rel=\"noreferrer noopener\">www.brazzeltag.de<\/a>. Eintrittskarten f\u00fcr diese Veranstaltung sind ein ideales Weihnachtsgeschenk f\u00fcr jeden Technik- und BRAZZELTAG-Fan. Die passenden Fanartikel wie T-Shirts, Pullover oder Jacken sind ebenfalls im Onlineshop erh\u00e4ltlich.<\/p>\n\n\n<div class=\"wp-block-image\">\n<figure class=\"aligncenter size-full\"><img decoding=\"async\" loading=\"lazy\" width=\"800\" height=\"533\" src=\"https:\/\/speyer24news.com\/wp-content\/uploads\/2022\/12\/Brazzeltag_2022_862-Gross.jpg\" alt=\"\" class=\"wp-image-50461\" srcset=\"https:\/\/speyer24news.com\/wp-content\/uploads\/2022\/12\/Brazzeltag_2022_862-Gross.jpg 800w, https:\/\/speyer24news.com\/wp-content\/uploads\/2022\/12\/Brazzeltag_2022_862-Gross-300x200.jpg 300w, https:\/\/speyer24news.com\/wp-content\/uploads\/2022\/12\/Brazzeltag_2022_862-Gross-768x512.jpg 768w\" sizes=\"(max-width: 800px) 100vw, 800px\" \/><\/figure><\/div>\n\n\n<p>Das Organisationsteam plant wieder ein abwechslungsreiches Programm und freut sich darauf, das Museum gemeinsam mit den Fans beben zu lassen. Geboten werden Pr\u00e4sentationen klassischer Oldtimer, Sportwagen und Dragstern, Mitfahrgelegenheiten auf LANZ-Traktoren, F\u00fchrungen im U-Boot und dem Seenotkreuzer sowie Vorf\u00fchrungen des Flugzeugs Transall. Verschiedene Infost\u00e4nde, H\u00e4ndler, musikalische Acts und Catering-St\u00e4nde sind ebenfalls wieder mit dabei und erg\u00e4nzen das Veranstaltungsprogramm. Informationen zum BRAZZELTAG gibt es unter\u00a0<a href=\"https:\/\/deref-web.de\/mail\/client\/ZqH_DF-URko\/dereferrer\/?redirectUrl=http%3A%2F%2Fwww.brazzeltag.de\" target=\"_blank\" rel=\"noreferrer noopener\">www.brazzeltag.de<\/a>. \u00a0<\/p>\n\n\n\n<p><em>Technik Museum Speyer<br>22.11.2022<\/em><\/p>\n\n\n\n<h2 class=\"wp-block-heading\">Fahrzeuge der Rallye-Ikone Walter R\u00f6hrl im Technik Museum Speyer<\/h2>\n\n\n\n<h3 class=\"wp-block-heading\">Sonderausstellung seit dem 30. Oktober 2022<\/h3>\n\n\n<div class=\"wp-block-image\">\n<figure class=\"aligncenter size-large\"><img decoding=\"async\" loading=\"lazy\" width=\"1024\" height=\"576\" src=\"https:\/\/speyer24news.com\/wp-content\/uploads\/2022\/12\/Grafik-1024x576.jpg\" alt=\"\" class=\"wp-image-50457\" srcset=\"https:\/\/speyer24news.com\/wp-content\/uploads\/2022\/12\/Grafik-1024x576.jpg 1024w, https:\/\/speyer24news.com\/wp-content\/uploads\/2022\/12\/Grafik-300x169.jpg 300w, https:\/\/speyer24news.com\/wp-content\/uploads\/2022\/12\/Grafik-768x432.jpg 768w, https:\/\/speyer24news.com\/wp-content\/uploads\/2022\/12\/Grafik-678x381.jpg 678w, https:\/\/speyer24news.com\/wp-content\/uploads\/2022\/12\/Grafik.jpg 1200w\" sizes=\"(max-width: 1024px) 100vw, 1024px\" \/><\/figure><\/div>\n\n\n<p><strong>Speyer &#8211; <\/strong>Walter R\u00f6hrl geh\u00f6rt zu den herausragendsten Rallye-Fahrern der internationalen Motorsport-Geschichte. Sp\u00e4testens seit der Olympia-Rallye 1972 war sein Name jedem Motorsport-Fan ein Begriff, denn dies war der Anfang einer unvergleichbaren Karriere.\u00a0Das Technik Museum Speyer widmet den Fahrzeugen der Rallye-Ikone vom 30. Oktober 2022 bis zum 16. April 2023 einen eigenen Bereich. Mit der \u201eSonderausstellung: Walter R\u00f6hrl\u201c sind vierzehn Fahrzeuge rund um die Geschichte des Motorsportlers zu sehen. Darunter der original Opel Ascona 400 mit dem R\u00f6hrl in Westafrika zur \u201eRallye Elfenbeink\u00fcste\u201c\u00a0Fahrerweltmeister wurde, ein Nachbau des Ford Capri 2600 RS mit dem er 1972 die Olympia-Rallye bestritt sowie eine Replika des Fiat 131 Abarth auf dem Walter R\u00f6hrl 1980 die Rallye Monte Carlo gewann. Die Sonderausstellung ist im Eintrittspreis des Technik Museum Speyer inbegriffen und zu den regul\u00e4ren \u00d6ffnungszeiten in der Raumfahrthalle zu sehen. Informationen unter\u00a0<a href=\"https:\/\/deref-web.de\/mail\/client\/F68JAU-auqo\/dereferrer\/?redirectUrl=https%3A%2F%2Fu14164442.ct.sendgrid.net%2Fls%2Fclick%3Fupn%3DpsfSyrcYyJjyv2M1NAPIUHSS5hyResOop97owBYND8OOzaMu6Pps6dO9M8WznRMeNGAR_Hl-2BwoPNiiE5y-2BW9ZLRGh-2BuGHMyD7GGNSR50vkH5Gix6zOCg1dSePwqI3SHJTuVn65Whng3xPc9ZGvoODRanmKeFqUmCJOroEj-2BiGmuW6RTxQq1XKTZzzmOoM45R-2FVEYZZmSKATZRakwhDd7Q-2Fr5RANr5uozpAjTdcjO7SD-2Fr82nxHjWHqmVj2bWVOmsOvEsFg16BGTO-2FYxhmmlrzWTYVyg-3D-3D\" target=\"_blank\" rel=\"noreferrer noopener\">www.technik-museum.de\/roehrl<\/a>.\u00a0<\/p>\n\n\n<div class=\"wp-block-image\">\n<figure class=\"aligncenter size-full\"><img decoding=\"async\" loading=\"lazy\" width=\"800\" height=\"522\" src=\"https:\/\/speyer24news.com\/wp-content\/uploads\/2022\/12\/Rallye-Elfenbeinkueste-Westafrika-1982-Bildrechte-Reinhard-Klein.jpg\" alt=\"\" class=\"wp-image-50458\" srcset=\"https:\/\/speyer24news.com\/wp-content\/uploads\/2022\/12\/Rallye-Elfenbeinkueste-Westafrika-1982-Bildrechte-Reinhard-Klein.jpg 800w, https:\/\/speyer24news.com\/wp-content\/uploads\/2022\/12\/Rallye-Elfenbeinkueste-Westafrika-1982-Bildrechte-Reinhard-Klein-300x196.jpg 300w, https:\/\/speyer24news.com\/wp-content\/uploads\/2022\/12\/Rallye-Elfenbeinkueste-Westafrika-1982-Bildrechte-Reinhard-Klein-768x501.jpg 768w\" sizes=\"(max-width: 800px) 100vw, 800px\" \/><\/figure><\/div>\n\n\n<p>Bis heute ist der geb\u00fcrtige Regensburger noch aktiv und nahm zuletzt im Sommer beim Olympia-Rallye-Revival teil. Siege und Auszeichnungen geh\u00f6ren zu seinem Leben dazu. In Italien wurde er zum &#8222;Rallye-Fahrer des Jahrhunderts&#8220; gew\u00e4hlt und eine Jury aus 100 Motorsport-Experten aus der ganzen Welt ernannten ihn zum\u00a0<a href=\"https:\/\/deref-web.de\/mail\/client\/BKPJzVUTIrU\/dereferrer\/?redirectUrl=https%3A%2F%2Fu14164442.ct.sendgrid.net%2Fls%2Fclick%3Fupn%3DpsfSyrcYyJjyv2M1NAPIUHxp3kkmccdpg7Zkx7p4EZbvQJyTQ49RD2ZyjtWfeR8k2m1oNsQ6gHEYlsUGgI69n0ObBcyBSpQf7vThFvLuJT3fN6eSmbHEm5TBjVtpE8RagYyB_Hl-2BwoPNiiE5y-2BW9ZLRGh-2BuGHMyD7GGNSR50vkH5Gix6zOCg1dSePwqI3SHJTuVn62l9dxH3XJr5sHFZJmmS4JfabxQB2cxOBK3D-2BtovRCMt-2BpdFCejQP8K-2FvUucBjntQ-2F3ddpZOLmLD7xZy1pMhqhmqDYVPcvraMRrlRZ7fA1k2pGaJ8kuwqQWxqhEQtbx8Bh2xzprBIUWu9m4yCg7KeUQ-3D-3D\" target=\"_blank\" rel=\"noreferrer noopener\">&#8222;besten Rallye-Fahrer aller Zeiten&#8220;<\/a>.\u00a0Zum Motorsport kam R\u00f6hrl jedoch eher per Zufall, denn nach dem Willen seines Vaters h\u00e4tte er eigentlich Steinmetz werden sollen.\u00a0Mit 16 trat er als Sekret\u00e4r des Finanzdirektors in die Dienste des Bisch\u00f6flichen Ordinariats Regensburg. An seinem 18. Geburtstag und mit Erhalt des F\u00fchrerscheins wurde Sekret\u00e4r R\u00f6hrl zus\u00e4tzlich auch Fahrer des zust\u00e4ndigen Finanzdirektors und spulte im Jahr circa 120 000 km auf bayerischen Landstra\u00dfen im Namen des Ordinariats ab. Walter R\u00f6hrls Skiclub Kamerad Herbert Marecek, mit dem er oft auf den\u00a0verschneiten Stra\u00dfen des bayerischen Waldes zum Skitraining unterwegs war, entdeckte das au\u00dfergew\u00f6hnliche Talent des jungen Bayern und ermunterte ihn an Rallyes teilzunehmen. <\/p>\n\n\n<div class=\"wp-block-image\">\n<figure class=\"aligncenter size-full\"><img decoding=\"async\" loading=\"lazy\" width=\"800\" height=\"533\" src=\"https:\/\/speyer24news.com\/wp-content\/uploads\/2022\/12\/Walter-Roehrl.jpg\" alt=\"\" class=\"wp-image-50459\" srcset=\"https:\/\/speyer24news.com\/wp-content\/uploads\/2022\/12\/Walter-Roehrl.jpg 800w, https:\/\/speyer24news.com\/wp-content\/uploads\/2022\/12\/Walter-Roehrl-300x200.jpg 300w, https:\/\/speyer24news.com\/wp-content\/uploads\/2022\/12\/Walter-Roehrl-768x512.jpg 768w\" sizes=\"(max-width: 800px) 100vw, 800px\" \/><\/figure><\/div>\n\n\n<p>Die Rallye Bavaria 1968 war der Auftakt zu R\u00f6hrls unvergleichlicher Rallyekarriere.\u00a0Bis zum Ende des Jahres 1970 folgten verschiedene Eins\u00e4tze auf Alfa Romeo, BMW und Porsche. Im Dezember 1970 zeigte Ford durch Partner \u201eKleint Racing\u201c Interesse f\u00fcr eine Zusammenarbeit, was die T\u00fcr f\u00fcr die professionelle Karriere \u00f6ffnete. 1972 ging Walter R\u00f6hrl mit Beifahrer Hannes Rothfu\u00df auf dem Capri 2600 RS (HH-RD 950) in Kiel bei der Olympia-Rallye an den Start. Das Team erzielte schon zu Beginn Wertungspr\u00fcfungszeiten im Feld der damaligen Rallye-Weltelite. Pressechef Herbert V\u00f6lker ging zun\u00e4chst von einem Minutenfehler der Zeitnahme\u00a0aus und setzte R\u00f6hrl anfangs in den Ergebnislisten nach hinten. Dies wiederholt sich noch einige Male, bis die Rennleitung erkannte, dass ein ganz besonderes Talent mitfuhr. Mit elf Bestzeiten mischte der bis dato unbekannte R\u00f6hrl die Elite kr\u00e4ftig auf und fuhr bis auf den 2. Platz im Gesamtklassement vor. Kurz vor Schluss quittierte\u00a0jedoch der Motor des Capris seinen Dienst und es ist bis heute nicht klar, wie der entbrannte Zweikampf zwischen Walter R\u00f6hrl und dem F\u00fchrenden Jean-Pierre Nicolas geendet h\u00e4tte.\u00a0In den Jahren 1973 bis\u00a0<a href=\"https:\/\/deref-web.de\/mail\/client\/eZsF_EXDRYM\/dereferrer\/?redirectUrl=https%3A%2F%2Fu14164442.ct.sendgrid.net%2Fls%2Fclick%3Fupn%3DJB0VQWPGglfcpKvyFcG6RYhFxBtJwwySYv9urkQF3moYeOqxIocSivQh9xNxxPdaa5aI7t8-2BGp9HbeeJ7kN9F6lruH6F7JvRGpFUlKjnS9Y-3D9uFL_Hl-2BwoPNiiE5y-2BW9ZLRGh-2BuGHMyD7GGNSR50vkH5Gix6zOCg1dSePwqI3SHJTuVn6G-2FcZbNxRiRFwGk1FZak-2FIbHWhMvFzyb1H7pe-2BiHeGi0WmBC0Rhz89kGc3Rb31Xex5wps3W-2FZdwtKphDGXDbj3OTwYrnXvnqRVOd0WdnaRQ-2FGE6Ym6MTpF2gixPsdAAfge3y1URb5ht3riY1lVcGSyg-3D-3D\" target=\"_blank\" rel=\"noreferrer noopener\">1987<\/a>\u00a0war Walter R\u00f6hrl dann als Profi auf Opel, Fiat, Porsche, Lancia und Audi aktiv und fuhr in dieser Zeit vierzehn Rallye WM Siege ein. Herausragend sind seine vier Siege bei der Rallye Monte Carlo zwischen 1980 und 1984 mit vier verschiedenen Marken (Fiat, Opel, Lancia und Audi). Auch wenn Walter R\u00f6hrl seine Laufbahn als Profirennfahrer 1992 beendete, seine Leistung und die dazugeh\u00f6renden Fahrzeuge gingen l\u00e4ngst in die Motorsport-Geschichte ein.\u00a0\u00a0<\/p>\n\n\n\n<p><em>Technik Museum Speyer<br>28.09.2022<\/em><\/p>\n","protected":false},"excerpt":{"rendered":"<div class=\"mh-excerpt\"><p>Drehorgelserenade am 25. Februar 2023 im Technik Museum Speyer Das Technik Museum feiert eine Party mit gro\u00dfen und kleinen Orgeln Speyer &#8211; Die Drehorgel ist fest mit der Geschichte der Technik Museen Sinsheim Speyer verbunden. <a class=\"mh-excerpt-more\" href=\"https:\/\/speyer24news.com\/?p=50456\" title=\"Technik Museum Speyer \/ Sinsheim\">[&#8230;]<\/a><\/p>\n<\/div>","protected":false},"author":3,"featured_media":33809,"comment_status":"open","ping_status":"open","sticky":false,"template":"","format":"standard","meta":{"_monsterinsights_skip_tracking":false,"_monsterinsights_sitenote_active":false,"_monsterinsights_sitenote_note":"","_monsterinsights_sitenote_category":0,"footnotes":""},"categories":[14],"tags":[15634,15635,132,15636,15637,140,15638,4012,5193,15633,164,992,133,15639,15640],"aioseo_notices":[],"amp_enabled":true,"_links":{"self":[{"href":"https:\/\/speyer24news.com\/index.php?rest_route=\/wp\/v2\/posts\/50456"}],"collection":[{"href":"https:\/\/speyer24news.com\/index.php?rest_route=\/wp\/v2\/posts"}],"about":[{"href":"https:\/\/speyer24news.com\/index.php?rest_route=\/wp\/v2\/types\/post"}],"author":[{"embeddable":true,"href":"https:\/\/speyer24news.com\/index.php?rest_route=\/wp\/v2\/users\/3"}],"replies":[{"embeddable":true,"href":"https:\/\/speyer24news.com\/index.php?rest_route=%2Fwp%2Fv2%2Fcomments&post=50456"}],"version-history":[{"count":1,"href":"https:\/\/speyer24news.com\/index.php?rest_route=\/wp\/v2\/posts\/50456\/revisions"}],"predecessor-version":[{"id":50467,"href":"https:\/\/speyer24news.com\/index.php?rest_route=\/wp\/v2\/posts\/50456\/revisions\/50467"}],"wp:featuredmedia":[{"embeddable":true,"href":"https:\/\/speyer24news.com\/index.php?rest_route=\/wp\/v2\/media\/33809"}],"wp:attachment":[{"href":"https:\/\/speyer24news.com\/index.php?rest_route=%2Fwp%2Fv2%2Fmedia&parent=50456"}],"wp:term":[{"taxonomy":"category","embeddable":true,"href":"https:\/\/speyer24news.com\/index.php?rest_route=%2Fwp%2Fv2%2Fcategories&post=50456"},{"taxonomy":"post_tag","embeddable":true,"href":"https:\/\/speyer24news.com\/index.php?rest_route=%2Fwp%2Fv2%2Ftags&post=50456"}],"curies":[{"name":"wp","href":"https:\/\/api.w.org\/{rel}","templated":true}]}}