{"id":50477,"date":"2022-12-15T10:57:56","date_gmt":"2022-12-15T09:57:56","guid":{"rendered":"https:\/\/speyer24news.com\/?p=50477"},"modified":"2022-12-15T10:57:59","modified_gmt":"2022-12-15T09:57:59","slug":"polizeimeldungen-mittwoch-14-12-2022","status":"publish","type":"post","link":"https:\/\/speyer24news.com\/?p=50477","title":{"rendered":"Polizeimeldungen Mittwoch (14.12.2022)"},"content":{"rendered":"<style type=\"text\/css\">\r\n\t.ads_top_disp{}\r\n\t.ads_top_corner_disp{ float:left; margin:0px 10px 10px 0px; }\r\n\t.ads_first_p_disp{}\r\n\t.ads_bottom_disp{}\r\n\t<\/style>\n<h2 class=\"wp-block-heading\">Polizeimeldungen vom Mittwoch (14.12.2022)<\/h2>\n\n\n<div class=\"wp-block-image\">\n<figure class=\"aligncenter size-full\"><img decoding=\"async\" loading=\"lazy\" width=\"375\" height=\"500\" src=\"https:\/\/speyer24news.com\/wp-content\/uploads\/2022\/03\/Aktuelles-Polizeilogo.jpg\" alt=\"\" class=\"wp-image-43591\" srcset=\"https:\/\/speyer24news.com\/wp-content\/uploads\/2022\/03\/Aktuelles-Polizeilogo.jpg 375w, https:\/\/speyer24news.com\/wp-content\/uploads\/2022\/03\/Aktuelles-Polizeilogo-225x300.jpg 225w\" sizes=\"(max-width: 375px) 100vw, 375px\" \/><\/figure><\/div>\n\n\n<h2 class=\"wp-block-heading\">(Speyer) &#8211; Verkehrskontrolle bei Heranwachsenden f\u00fchrt zu Drogenfund<\/h2>\n\n\n\n<p>Am 13.12.2022 gegen 17:40 Uhr kontrollierten Polizeibeamte in der Franz-Kirrmeier-Stra\u00dfe einen PKW, in dem vier junge M\u00e4nner aus Baden im Alter zwischen 18 und 21 Jahren sa\u00dfen. Da bei der Kontrolle Cannabisgeruch aus dem Fahrzeug drang, durchsuchten die Beamten die Personen und fanden in der Bauchtasche eines 19-J\u00e4hrigen diverse Beh\u00e4ltnisse mit ca. 6,5 Gramm Haschisch und ca. 16 Gramm Marihuana sowie eine Flasche mit einer bet\u00e4ubungsmittelsuspekten Fl\u00fcssigkeit, die zur Stofffeststellung der chemischen Untersuchung bedarf. Au\u00dferdem fanden die Beamten ca. 0,2 Gramm Kokain auf dem Fahrzeugboden sowie ein Einhandmesser in der Mittelkonsole des Fahrzeugs. Der 21-j\u00e4hrige Fahrer f\u00fchrte einen Urintest durch, der positiv auf THC und Kokain verlief. Die Beamten untersagten dem Fahrer die Weiterfahrt, stellten die inkriminierten Gegenst\u00e4nde sicher, veranlassten die Entnahme einer Blutprobe und leiteten Strafverfahren wegen Verst\u00f6\u00dfen gegen das Bet\u00e4ubungsmittelgesetz sowie Ordnungswidrigkeitsverfahren wegen Verst\u00f6\u00dfen gegen das Waffengesetz und das Stra\u00dfenverkehrsgesetz ein.<\/p>\n\n\n\n<h2 class=\"wp-block-heading\">(A 61 \/ Speyer \/ Landesgrenze RLP\/BW) &#8211; Verkehrsunfall auf der Autobahn, Hergang l\u00fcckenhaft \/ Zeugenaufruf!<\/h2>\n\n\n\n<p>Am Montagabend kurz vor 18 Uhr ereignete sich auf der A61 in Fahrtrichtung Hockenheim ein Unfall zwischen einem Audi und einem LKW, dessen Hergang von beiden Beteiligten unterschiedlich der Polizei geschildert wird. Die Polizei sucht daher Zeugen, welche den Unfall beobachtet haben und sachdienliche Hinweise zum Geschehen geben k\u00f6nnen. Ersten Ermittlungen zur Folge kam es auf H\u00f6he des Autobahnparkplatzes Spitzenrheinhof zwischen dem 35-j\u00e4hrigen Audi-Fahrer und dem 41-j\u00e4hrige LKW-Fahrer zu einem Auffahrunfall. Durch das Unfallgeschehen erlitt der Audi-Fahrer leichte Verletzungen und wurde in ein nahegelegenes Krankenhaus gebracht. Der Sachschaden liegt bei 40.000 Euro.<\/p>\n\n\n\n<p>W\u00e4hrend der Unfallaufnahme kam es zu kurzzeitigen Sperrma\u00dfnahmen beider Fahrstreifen, was den Verkehr jedoch nicht erheblich beeintr\u00e4chtigte. Neben Polizei waren auch Feuerwehr und Rettungsdienst im Einsatz. Zeugenhinweise nimmt das Autobahnpolizeirevier Walldorf unter der Rufnummer 06227\/35826-0 entgegen.<\/p>\n\n\n\n<h2 class=\"wp-block-heading\">(Waldsee) &#8211; Rollerfahrer leicht verletzt<\/h2>\n\n\n\n<p>Beim Einfahren in den flie\u00dfenden Verkehr in der Neuhofener Stra\u00dfe \u00fcbersah eine 37-j\u00e4hrige Pkw-Lenkerin aus Waldsee am Dienstagmorgen einen 15-j\u00e4hrigen Rollerfahrer ebenfalls aus Waldsee. Bei der anschlie\u00dfenden Kollision der beiden Fahrzeuge wurde der Jugendliche \u00fcber die Motorhaube geschleudert und st\u00fcrzte danach auf die Fahrbahn. Da der Rollerfahrer \u00fcber Schmerzen am Knie klagte, wurde er im Anschluss in ein Speyerer Krankenhaus verbracht. An dem Roller sowie an dem Pkw der Unfallverursacherin entstand Sachschaden.<\/p>\n\n\n\n<h2 class=\"wp-block-heading\">(Limburgerhof) &#8211; Ohne erforderliche Erlaubnis unterwegs<\/h2>\n\n\n\n<p>Aufgrund einer nicht angemessenen Geschwindigkeit wurde ein 42-j\u00e4hriger aus Schifferstadt am Dienstabend mit seinem Motorroller in der Neuhofener Stra\u00dfe einer Verkehrskontrolle unterzogen. Bei einer anschlie\u00dfenden \u00dcberpr\u00fcfung konnte festgestellt werden, dass der Roller 50 km\/h schnell f\u00e4hrt und somit Fahrerlaubnispflichtig ist. Da der Mann jedoch lediglich eine Mofa-Pr\u00fcfbescheinigung vorlegen konnte und dies keine Fahrerlaubnis ist, erwartet ihn nun ein Strafverfahren wegen Fahren ohne Fahrerlaubnis.<\/p>\n\n\n\n<h2 class=\"wp-block-heading\">(Dudenhofen) &#8211; Kontrollma\u00dfnahmen nach Schulende<a href=\"https:\/\/www.facebook.com\/sharer.php?u=https%3A%2F%2Fwww.presseportal.de%2Fblaulicht%2Fpm%2F117688%2F5394370%2F%3Futm_source%3Dfacebook%26utm_medium%3Dsocial\"><\/a><a href=\"https:\/\/twitter.com\/intent\/tweet?text=POL-PDLU%3A%20Dudenhofen%20-%20Kontrollma%C3%9Fnahmen%20nach%20Schulende&amp;url=https%3A%2F%2Fwww.presseportal.de%2Fblaulicht%2Fpm%2F117688%2F5394370%2F%3Futm_source%3Dtwitter%26utm_medium%3Dsocial&amp;hashtags=ots&amp;lang=de\"><\/a><a href=\"https:\/\/web.whatsapp.com\/send?text=POL-PDLU%3A%20Dudenhofen%20-%20Kontrollma%C3%9Fnahmen%20nach%20Schulende%0A%0Ahttps%3A%2F%2Fwww.presseportal.de%2Fblaulicht%2Fpm%2F117688%2F5394370%2F%3Futm_source%3Dwhatsapp%26utm_medium%3Dsocial\"><\/a><a href=\"https:\/\/www.xing.com\/app\/user?op=share;url=https%3A%2F%2Fwww.presseportal.de%2Fblaulicht%2Fpm%2F117688%2F5394370%2F%3Futm_source%3Dxing%26utm_medium%3Dsocial\"><\/a><a href=\"http:\/\/www.linkedin.com\/shareArticle?mini=true&amp;url=https%3A%2F%2Fwww.presseportal.de%2Fblaulicht%2Fpm%2F117688%2F5394370%2F%3Futm_source%3Dlinkedin%26utm_medium%3Dsocial&amp;title=POL-PDLU%3A+Dudenhofen+-+Kontrollma%C3%9Fnahmen+nach+Schulende\"><\/a><a href=\"mailto:?subject=POL-PDLU%3A%20Dudenhofen%20-%20Kontrollma%C3%9Fnahmen%20nach%20Schulende&amp;body=https:\/\/www.presseportal.de\/blaulicht\/pm\/117688\/5394370\"><\/a><\/h2>\n\n\n\n<p>Am 13.12.2022 zwischen 12:15 Uhr und 15 Uhr kontrollierten Polizeibeamte in der Neustadter Stra\u00dfe insgesamt 22 PKW und stellten hierbei vier Insassen ohne Gurt sowie ein nicht ausreichend gesichertes Kind im PKW fest. Dar\u00fcber hinaus stellten die Beamten sieben M\u00e4ngelberichte aus, um Fahrzeughalter unter Fristsetzung zur Behebung von M\u00e4ngeln zu veranlassen.<\/p>\n\n\n\n<h2 class=\"wp-block-heading\">(Schwegenheim) &#8211; 15.000 Euro Schaden durch vereiste Scheibe<\/h2>\n\n\n\n<p>Eine 19-j\u00e4hrige Autofahrerin verursachte am Dienstag in Schwegenheim einen Verkehrsunfall, weil sie durch die vereiste Frontscheibe keine ausreichende Sicht hatte. In der Kleinfeldstra\u00dfe kam sie von der Fahrbahn ab und kollidierte mit zwei geparkten Fahrzeugen. Der Sachschaden bel\u00e4uft sich auf ca. 15000 Euro. Verletzt wurde gl\u00fccklicherweise niemand. Wer sein Fahrzeug im Winter im Freien parkt, muss am n\u00e4chsten Morgen mit vereisten Scheiben rechnen. Und wenn es morgens mal wieder schnell gehen muss, machen sich einige Autofahrer das Enteisen der Scheibe h\u00e4ufig einfach und kratzen lediglich einen kleinen Sichtbereich, ein sogenanntes &#8222;Guckloch&#8220;, frei. Die Stra\u00dfenverkehrsordnung schreibt jedoch beim F\u00fchren eines Kraftfahrzeuges eine uneingeschr\u00e4nkte Sicht durch s\u00e4mtliche Scheiben vor. Wer nicht alle Scheiben von Eis befreit, muss mit einem Bu\u00dfgeld rechnen, da er durch die eingeschr\u00e4nkte Sicht das Unfallrisiko erheblich erh\u00f6ht.<\/p>\n\n\n\n<h2 class=\"wp-block-heading\">(Lingenfeld) &#8211; Durchfahrtsverbot \u00fcberwacht<\/h2>\n\n\n\n<p>Zwischen 8:15 Uhr und 9:00 Uhr wurde am 13.12.2022 durch die Polizei Germersheim eine Verkehrs\u00fcberwachung im Bereich &#8222;Hirschgraben&#8220; in Lingenfeld durchgef\u00fchrt. Hierbei wurden vier Verst\u00f6\u00dfe gegen das Durchfahrtsverbot festgestellt und geahndet. Weiterhin wurden an zwei Fahrzeugen technische M\u00e4ngel festgestellt.<\/p>\n\n\n\n<h2 class=\"wp-block-heading\">(Kandel) &#8211; Wohnhausbrand in Kandel<\/h2>\n\n\n\n<h3 class=\"wp-block-heading\">Gemeinsame Presseerkl\u00e4rung der Staatsanwaltschaft Landau und der Kriminalinspektion Landau<\/h3>\n\n\n\n<p>In der Nacht auf Mittwoch, den 14.12.2022, kam es im Fuchsweg in Kandel zum Brand eines Mehrparteienhauses. Inwieweit ein unsachgem\u00e4\u00dfer Umgang mit hei\u00dfer Asche eines m\u00e4nnlichen Hausbewohners urs\u00e4chlich f\u00fcr den Brand war, ist Gegenstand der laufenden Ermittlungen. Der m\u00e4nnliche Hausbewohner und eine weitere weibliche Hausbewohnerin erlitten bei dem Brand eine Rauchgasvergiftung und beide mussten in ein umliegendes Krankenhaus eingeliefert werden. Es besteht keine Lebensgefahr. Andere Bewohner kamen nicht zu Schaden. Ersten Sch\u00e4tzungen zu Folge, d\u00fcrfte ein Sachschaden im sechsstelligen Bereich entstanden sein. Die Ermittlungen der Kriminalpolizei dauern an.<\/p>\n\n\n\n<h2 class=\"wp-block-heading\">(Kandel) &#8211; Verpuffung im Rohbau des Feuerwehrgeb\u00e4udes<\/h2>\n\n\n<div class=\"wp-block-image\">\n<figure class=\"aligncenter size-full\"><img decoding=\"async\" loading=\"lazy\" width=\"800\" height=\"652\" src=\"https:\/\/speyer24news.com\/wp-content\/uploads\/2022\/12\/Bild-3.jpg\" alt=\"\" class=\"wp-image-50478\" srcset=\"https:\/\/speyer24news.com\/wp-content\/uploads\/2022\/12\/Bild-3.jpg 800w, https:\/\/speyer24news.com\/wp-content\/uploads\/2022\/12\/Bild-3-300x245.jpg 300w, https:\/\/speyer24news.com\/wp-content\/uploads\/2022\/12\/Bild-3-768x626.jpg 768w\" sizes=\"(max-width: 800px) 100vw, 800px\" \/><\/figure><\/div>\n\n\n<p>Zu einer Verpuffung mit Folgebrand kam es am Dienstag, 13. Dezember gegen 12 Uhr im Feuerwehrhaus Kandel. Dort war in einem im Rohbauzustand befindlichen Anbau beim Verlegen von Bitumen-Bahnen vermutlich ein L\u00f6sungsmittel verpufft und hatte den damit behandelten Boden in Brand gesetzt. Durch konsequente Trennung der Abschnitte zwischen Bestands- und Neubau konnten sich Rauch und Flammen nicht in den einsatzrelevanten Bereich des Feuerwehrhauses ausbreiten. Die Feuerwehr Kandel war binnen weniger Minuten vor Ort, fuhr zur Sicherheit alle Fahrzeuge aus der Halle ins Freie und begann gleichzeitig von au\u00dfen mit der Brandbek\u00e4mpfung. Dazu l\u00f6schte ein Trupp unter schwerem Atemschutz die Flammen mit einem Strahlrohr. Anschlie\u00dfend wurde der Bereich bel\u00fcftet und rauchfrei gemacht. Es entstand Sachschaden an B\u00f6den und Elektroinstallationsleitungen, Menschen wurden nicht verletzt. Vorsorglich wurden die Feuerwehren Minfeld und Steinweiler alarmiert und in Bereitschaft versetzt, um notfalls den Kameraden in Kandel zu Hilfe zu eilen. In Summe waren insgesamt 35 Einsatzkr\u00e4fte in Kandel eingesetzt bzw. in Minfeld bzw. Steinweiler in Bereitschaft. Die Polizeiinspektion W\u00f6rth war ebenso vor Ort wie der Rettungsdienst, der den Einsatz der Feuerwehrleute absicherte und nicht t\u00e4tig werden musste.<\/p>\n\n\n\n<h2 class=\"wp-block-heading\">(S\u00fcdpfalz) &#8211; Aktuelle Warnmeldung der Polizeidirektion Landau<\/h2>\n\n\n\n<p>Die Polizeidirektion Landau m\u00f6chte Sie darauf hinweisen, dass es aktuell im Bereich der S\u00fcdpfalz vermehrt zu Anrufen bei \u00e4lteren Menschen kommt, bei denen es sich um Betrugsversuche im Bereich &#8222;Falscher Polizeibeamter \/ Schockanruf&#8220; handeln k\u00f6nnte.<\/p>\n\n\n\n<ul><li><strong>Geben Sie am Telefon keine Auskunft \u00fcber Ihre pers\u00f6nlichen und finanziellen Verh\u00e4ltnisse oder andere sensible Daten.<\/strong><\/li><li><strong>\u00d6ffnen Sie unbekannten Personen nicht die T\u00fcr. Ziehen Sie gegebenenfalls eine Vertrauensperson hinzu, z. B. Nachbarn oder nahe Verwandte.<\/strong><\/li><li><strong>\u00dcbergeben Sie unbekannten Personen kein Geld oder Wertsachen.<\/strong><\/li><\/ul>\n\n\n\n<p>Wenden Sie sich an das \u00f6rtliche Polizeirevier. Erz\u00e4hlen Sie der Polizei von den Anrufen.<\/p>\n\n\n\n<p>Die Polizeidirektion Landau ist f\u00fcr Sie da! Telefonnummer: 06341-287-0<\/p>\n\n\n\n<h2 class=\"wp-block-heading\">(A 65 \/ AS LD-S\u00fcd FR LU) &#8211; In die Schutzplanke gerutscht<\/h2>\n\n\n<div class=\"wp-block-image\">\n<figure class=\"aligncenter size-full\"><img decoding=\"async\" loading=\"lazy\" width=\"800\" height=\"568\" src=\"https:\/\/speyer24news.com\/wp-content\/uploads\/2022\/12\/A65.jpg\" alt=\"\" class=\"wp-image-50479\" srcset=\"https:\/\/speyer24news.com\/wp-content\/uploads\/2022\/12\/A65.jpg 800w, https:\/\/speyer24news.com\/wp-content\/uploads\/2022\/12\/A65-300x213.jpg 300w, https:\/\/speyer24news.com\/wp-content\/uploads\/2022\/12\/A65-768x545.jpg 768w\" sizes=\"(max-width: 800px) 100vw, 800px\" \/><\/figure><\/div>\n\n\n<p>Die Polizei warnt aktuell vor glatten Stra\u00dfe infolge einsetzendem Schneefall. So kam es am Mittwochmorgen gegen 09.30 Uhr auf der A65, bei der AS LD-S\u00fcd (Fahrtrichtung Ludwigshafen) zu einem Verkehrsunfall, bei dem ein 18 Jahre alter Autofahrer leicht verletzt wurde. Dieser wollte einen LKW \u00fcberholen, als der wiederum pl\u00f6tzlich auf den linken Fahrstreifen wechselte. Erschrocken leitete der Golffahrer eine Vollbremsung ein und rutschte dabei gegen die Mittelschutzplanke und verletzte sich leicht. An seinem Fahrzeug entstand wirtschaftlicher Totalschaden. Aktuell kommt es zu Verkehrsbeeintr\u00e4chtigung wegen der Bergung des Unfallfahrzeugs und der Unfallaufnahme. Die Polizei appelliert an alle Verkehrsteilnehmer: Passen Sie Ihre Geschwindigkeit den aktuellen Wetterverh\u00e4ltnissen an! Wir wollen, dass Sie gesund ankommen.<\/p>\n\n\n\n<h2 class=\"wp-block-heading\">(Edesheim) &#8211; Einbahnstra\u00dfe, oder doch nicht!?<\/h2>\n\n\n\n<p>Am Mittwochnachmittag f\u00fchrte die Polizei Edenkoben eine \u00dcberwachung der Einhaltung der neu eingerichteten Einbahnstra\u00dfenregelung in der Stra\u00dfe &#8222;Kirchberg&#8220; in Edesheim durch. In gerade mal einer Dreiviertelstunde mussten zehn Fahrzeugf\u00fchrer geb\u00fchrenpflichtig verwarnt werden, da sie sich nicht an die vorgegebene Richtung hielten, sondern die Stra\u00dfe entgegen der Einbahnstra\u00dfenregelung befuhren. Die Polizei wird in den kommenden Wochen hier einen Kontrollschwerpunkt legen, um der Lage Herr zu werden.<\/p>\n\n\n\n<h2 class=\"wp-block-heading\">(Gro\u00dffischlingen) &#8211; VU infolge Stra\u00dfengl\u00e4tte<\/h2>\n\n\n<div class=\"wp-block-image\">\n<figure class=\"aligncenter size-full\"><img decoding=\"async\" loading=\"lazy\" width=\"800\" height=\"521\" src=\"https:\/\/speyer24news.com\/wp-content\/uploads\/2022\/12\/Weinberge.jpg\" alt=\"\" class=\"wp-image-50481\" srcset=\"https:\/\/speyer24news.com\/wp-content\/uploads\/2022\/12\/Weinberge.jpg 800w, https:\/\/speyer24news.com\/wp-content\/uploads\/2022\/12\/Weinberge-300x195.jpg 300w, https:\/\/speyer24news.com\/wp-content\/uploads\/2022\/12\/Weinberge-768x500.jpg 768w\" sizes=\"(max-width: 800px) 100vw, 800px\" \/><\/figure><\/div>\n\n\n<p>Eine 83 Jahre alte Autofahrerin mit Sommerreifen rutschte um 09.30 Uhr (14.12.2022) auf der L507 wegen Stra\u00dfengl\u00e4tte und nicht angepasster Geschwindigkeit nach rechts in einen angrenzenden Weinberg und verursachte Sachschaden. Die Gesamtschadensh\u00f6he liegt bei 6.000 Euro.<\/p>\n\n\n\n<h2 class=\"wp-block-heading\">(B\u00f6bingen) &#8211; Leinenpflicht f\u00fcr Hunde<\/h2>\n\n\n\n<p>Auf \u00f6ffentlichen Stra\u00dfen innerhalb bebauter Ortslagen d\u00fcrfen Hunde nur angeleint gef\u00fchrt werden. Au\u00dferhalb bebauter Ortslagen sind sie umgehend und ohne Aufforderung anzuleinen, wenn sich andere Personen n\u00e4hern. Das ergibt sich aus der aktuellen Gefahrenabwehrverordnung der Verbandsgemeinde Edenkoben. Zu einem Vorfall kam es am Sonntagmittag im Bereich der G\u00e4uschule, wo zwei Kinder von einem freilaufenden Hund angesprungen und angebellt wurden. Die Eltern hatten daraufhin den Hundehalter aufgefordert, seinen Hund anzuleinen. Dieser versuchte, seinen Hund abzurufen und weil ihm dies nicht gelang, musste er ihn einfangen. Weil man auf dem Dorf wohnt, muss man mit solchen Situationen immer rechnen, so der uneinsichtige Hundehalter. Die Ermittlungen dauern an. Die VG Edenkoben wurde in Kenntnis gesetzt.<\/p>\n\n\n\n<h2 class=\"wp-block-heading\">(Edenkoben) &#8211; Zu schnell unterwegs<\/h2>\n\n\n<div class=\"wp-block-image\">\n<figure class=\"aligncenter size-full\"><img decoding=\"async\" loading=\"lazy\" width=\"800\" height=\"609\" src=\"https:\/\/speyer24news.com\/wp-content\/uploads\/2022\/12\/Motorradunfall.jpg\" alt=\"\" class=\"wp-image-50480\" srcset=\"https:\/\/speyer24news.com\/wp-content\/uploads\/2022\/12\/Motorradunfall.jpg 800w, https:\/\/speyer24news.com\/wp-content\/uploads\/2022\/12\/Motorradunfall-300x228.jpg 300w, https:\/\/speyer24news.com\/wp-content\/uploads\/2022\/12\/Motorradunfall-768x585.jpg 768w, https:\/\/speyer24news.com\/wp-content\/uploads\/2022\/12\/Motorradunfall-80x60.jpg 80w\" sizes=\"(max-width: 800px) 100vw, 800px\" \/><\/figure><\/div>\n\n\n<p>Mit mehreren Prellungen kam Dienstagmittag (13.12.2022, 13 Uhr) ein 17 Jahre alter Motorradfahrer ins Krankenhaus. Er war unterwegs von Rhodt in Richtung Edenkoben, als er am Ortseingang in einer Rechtskurve vermutlich wegen \u00fcberh\u00f6hter Geschwindigkeit die Kontrolle verlor und hinst\u00fcrzte. An seinem Kraftrad entstand Sachschaden.<\/p>\n\n\n\n<h2 class=\"wp-block-heading\">(L 532 \/ Ha\u00dfloch) &#8211; Verkehrsunfall mit Verletzten<\/h2>\n\n\n<div class=\"wp-block-image\">\n<figure class=\"aligncenter size-full\"><img decoding=\"async\" loading=\"lazy\" width=\"800\" height=\"600\" src=\"https:\/\/speyer24news.com\/wp-content\/uploads\/2022\/12\/UnfallL532.jpg\" alt=\"\" class=\"wp-image-50482\" srcset=\"https:\/\/speyer24news.com\/wp-content\/uploads\/2022\/12\/UnfallL532.jpg 800w, https:\/\/speyer24news.com\/wp-content\/uploads\/2022\/12\/UnfallL532-300x225.jpg 300w, https:\/\/speyer24news.com\/wp-content\/uploads\/2022\/12\/UnfallL532-768x576.jpg 768w, https:\/\/speyer24news.com\/wp-content\/uploads\/2022\/12\/UnfallL532-678x509.jpg 678w, https:\/\/speyer24news.com\/wp-content\/uploads\/2022\/12\/UnfallL532-326x245.jpg 326w, https:\/\/speyer24news.com\/wp-content\/uploads\/2022\/12\/UnfallL532-80x60.jpg 80w\" sizes=\"(max-width: 800px) 100vw, 800px\" \/><\/figure><\/div>\n\n\n<p>Bei einem Auffahrunfall auf der L532 von Ha\u00dfloch nach Neustadt wurde ein 58-j\u00e4hriger Ha\u00dflocher leicht verletzt. Vermutlich aus Unachtsamkeit bemerkte der Mann nicht, dass der vor ihm fahrende PKW eines 49-j\u00e4hrigen Meckenheimers in einen Feldweg abbiegen wollte und hierf\u00fcr auch schon seine Geschwindigkeit reduziert hatte. Bei dem anschlie\u00dfenden Auffahrunfall erlitt das Fahrzeug des Ha\u00dflochers zudem einen Totalschaden. Der Gesamtschaden bel\u00e4uft sich nach ersten Sch\u00e4tzungen auf 6000 Euro. Die L532 musste f\u00fcr ca. eineinhalb Stunden halbseitig gesperrt werden. Es kam jedoch zu keinen nennenswerten Beeintr\u00e4chtigungen.<\/p>\n\n\n\n<h2 class=\"wp-block-heading\">(Weisenheim am Sand) &#8211; Gasunfall bei Bauarbeiten<\/h2>\n\n\n\n<p>Am Mittwoch, den 14.12.2022 wurde gegen 14 Uhr bei Baggerarbeiten an einem Anwesen in der Dr. Kurt &#8211; Schumacher- Stra\u00dfe in Weisenheim am Sand eine Gasleitung besch\u00e4digt. Hierdurch kam es kurzzeitig zu einem Gasaustritt. Die Anwohner mussten vorsorglich die Geb\u00e4ude verlassen. Die Stra\u00dfe wurde f\u00fcr zirka 45 Minuten gesperrt und die Leitung durch Mitarbeiter der Pfalzwerke abgedichtet. Im Einsatz waren Kr\u00e4fte der Polizeiinspektion Bad D\u00fcrkheim sowie der Feuerwehren Freinsheim und Weisenheim am Sand. Gl\u00fccklicherweise kam niemand zu Schaden.<\/p>\n\n\n\n<h2 class=\"wp-block-heading\">(Gr\u00fcnstadt) &#8211; Glimpflicher Ausgang<\/h2>\n\n\n\n<p>Zu einem Brand eines Einfamilienhauses im Bleichgraben wurden Einsatzkr\u00e4fte der Feuerwehr und der Polizei am 13.12.2022 gegen 21 Uhr gerufen. Vor Ort stellte sich heraus, dass aufgrund eines umgefallenen Heizl\u00fcfters Feuer entstanden war. Dieses war bereits gel\u00f6scht. Das betreffende Zimmer war entsprechend verru\u00dft. Die Feuerwehr war mit der L\u00fcftung besch\u00e4ftigt. Geb\u00e4udeschaden entstand nicht. Neben Feuerwehr und Polizei r\u00fcckte der Rettungsdienst zum Einsatzort aus.<\/p>\n\n\n\n<h2 class=\"wp-block-heading\">(Gr\u00fcnstadt) &#8211; F\u00fchrerschein ung\u00fcltig<\/h2>\n\n\n\n<p>Im Rahmen einer Verkehrskontrolle am 13.12.2022 um 13:40 Uhr in der Bitzenstra\u00dfe h\u00e4ndigte ein 43 Jahre alter Autofahrer aus dem Donnersbergkreis einen britischen F\u00fchrerschein aus. Weil der Mann seit gut zwei Jahren dauerhaft in Deutschland gemeldet ist, h\u00e4tte er seine britische Fahrerlaubnis umschreiben lassen m\u00fcssen. Weil er dies unterlassen hat, wird nun wegen Fahrens ohne Fahrerlaubnis ermittelt.<\/p>\n\n\n\n<h2 class=\"wp-block-heading\">(Ludwigshafen) &#8211; Widerstand geleistet<\/h2>\n\n\n\n<p>Am Mittwochnachmittag (14.12.2022), gegen 15 Uhr, erschien ein 17-j\u00e4hriger Mannheimer bei der Polizeiinspektion Ludwigshafen 1. Der Teenager hatte eine andere Person zur Polizei begleitet, welche etwas abholen wollte. Als ein Polizist in den Wartebereich kam, fl\u00fcchtete der 17-J\u00e4hrige und rannte Richtung Amtsgericht. Er wurde von weiteren Polizisten verfolgt und kontrolliert. Der Teenager verweigerte jede Kooperation und war aggressiv. Als die Polizeikr\u00e4fte ihn fesseln und durchsuchen wollten, begann er sich k\u00f6rperlich zu wehren, weshalb er zu Boden gebracht werden musste. W\u00e4hrend der gesamten Widerstandshandlung beleidigte der 17-J\u00e4hrige die Polizeibeamten massiv. Bei einer anschlie\u00dfenden Personendurchsuchung konnten die Polizeibeamten bei ihm geringe Mengen Haschisch sicherstellen. Au\u00dferdem stellten die Polizisten direkt neben dem Kontrollort eine T\u00fcte mit rund 20 Gramm Marihuana sicher, welche der der 17-J\u00e4hrige vermutlich vor der Kontrolle wegwarf. Da der Verdacht bestand, dass der Jugendliche unter Drogeneinfluss stand, wurde ihm zur Feststellung der Schuldf\u00e4higkeit eine Blutprobe auf der Polizeidienststelle entnommen. Er muss sich nun u.a. wegen des Widerstandes gegen Vollstreckungsbeamte und wegen des Versto\u00dfes gegen das Bet\u00e4ubungsmittelgesetz verantworten.<\/p>\n\n\n\n<h2 class=\"wp-block-heading\">(Ludwigshafen) &#8211; Vorsicht \/ Taschendiebe unterwegs<\/h2>\n\n\n<div class=\"wp-block-image\">\n<figure class=\"aligncenter size-full\"><img decoding=\"async\" loading=\"lazy\" width=\"640\" height=\"426\" src=\"https:\/\/speyer24news.com\/wp-content\/uploads\/2020\/12\/Taschendiebstahl.jpg\" alt=\"\" class=\"wp-image-31455\" srcset=\"https:\/\/speyer24news.com\/wp-content\/uploads\/2020\/12\/Taschendiebstahl.jpg 640w, https:\/\/speyer24news.com\/wp-content\/uploads\/2020\/12\/Taschendiebstahl-300x200.jpg 300w\" sizes=\"(max-width: 640px) 100vw, 640px\" \/><figcaption>Beispielbild Diebstahl, dient lediglich der Visualisierung.<\/figcaption><\/figure><\/div>\n\n\n<p>Am Dienstag (13.12.2022) wurden gleich mehrere ludwigshafener B\u00fcrgerinnen und B\u00fcrger Opfer von Taschendiebst\u00e4hlen. Einem 80-J\u00e4hrigen und einer 57-J\u00e4hrigen wurden in Ladengesch\u00e4ften in der Ludwigstra\u00dfe Geldbeutel und Smartphone entwendet. Als der 80-J\u00e4hrige das Fehlen des Geldbeutels bemerkte, ging er zu seiner Bank, um die EC-Karte sperren zu lassen. Hier stellte er fest, dass bereits mehrere Abbuchungen get\u00e4tigt wurden. Die 57-J\u00e4hrige hatte w\u00e4hrend des Einkaufes eine leichte Ber\u00fchrung bemerkt, sich jedoch nichts weiter dabei gedacht. Erst sp\u00e4ter bemerkte sie das Fehlen ihres Handys. Eine 85-J\u00e4hrige stand gegen 15:45 Uhr an der Stra\u00dfenbahnhaltestelle Berliner Platz, als sie ebenfalls eine Ber\u00fchrung sp\u00fcrte. In der Stra\u00dfenbahn bemerkte sie das Fehlen ihres Geldbeutels. Ein ebenfalls 85-J\u00e4hriger wurde gegen 11:30 Uhr in der Rottstra\u00dfe durch zwei Frauen angesprochen und nach dem Weg gefragt. Diese seien ihm bei seiner Erkl\u00e4rung sehr nahegekommen. Danach bemerkte er das Fehlen seines Geldbeutels und ebenfalls mehrere Abbuchungen auf seinem Konto.<\/p>\n\n\n\n<p><strong>Er beschrieb die Frauen als circa 20-25 Jahre alt und von molliger Statur. Beide trugen ein Kopftuch und sprachen gebrochen Deutsch. Die genaue Schadensh\u00f6he in allen F\u00e4llen kann noch nicht beziffert werden<\/strong>.<\/p>\n\n\n\n<p>Wer hat im genannten Zeitraum an den genannten \u00d6rtlichkeiten verd\u00e4chtige Personen wahrgenommen und\/oder kann Hinweise auf die Identit\u00e4t der T\u00e4ter geben?<\/p>\n\n\n\n<p>Sachdienliche Hinweise nimmt die Kriminalpolizei Ludwigshafen unter der Telefonnummer 0621\/963-2773 oder per E-Mail&nbsp;<a href=\"mailto:kiludwigshafen.k1.kdd@polizei.rlp.de\">kiludwigshafen.k1.kdd@polizei.rlp.de<\/a>&nbsp;entgegen.<\/p>\n\n\n\n<h4 class=\"wp-block-heading\">Bitte beachten Sie folgende Hinweise der Polizei, um sich vor Taschendieben zu sch\u00fctzen:<\/h4>\n\n\n\n<ul><li><strong>Tragen Sie Geld, Schecks, Kreditkarten und Papiere immer in verschlossenen Innentaschen der Kleidung m\u00f6glichst dicht am K\u00f6rper.<\/strong><\/li><li><strong>Tragen Sie Hand- und Umh\u00e4ngetaschen verschlossen auf der K\u00f6rpervorderseite oder klemmen Sie sie sich unter den Arm.<\/strong><\/li><li><strong>Benutzen Sie einen Brustbeutel, eine G\u00fcrtelinnentasche, einen Geldg\u00fcrtel oder eine am G\u00fcrtel angekettete Geldb\u00f6rse.<\/strong><\/li><li><strong>Legen Sie Geldb\u00f6rsen nicht oben in Einkaufstasche, Einkaufskorb oder Einkaufswagen, sondern tragen Sie sie m\u00f6glichst k\u00f6rpernah.<\/strong><\/li><li><strong>H\u00e4ngen Sie Handtaschen im Restaurant, im Kaufhaus oder im Laden (selbst bei der Anprobe von Schuhen oder Kleidung) nicht an Stuhllehnen und stellen Sie sie nicht unbeaufsichtigt ab.<\/strong><\/li><\/ul>\n\n\n\n<h4 class=\"wp-block-heading\">Wurde die Zahlungskarte gestohlen, hei\u00dft es umgehend handeln:<\/h4>\n\n\n\n<ul><li><strong>Veranlassen Sie die sofortige Sperrung aller Karten. \u00dcber den Sperr-Notruf 116 116 ist das f\u00fcr alle Girocards und die meisten Kreditkarten m\u00f6glich. F\u00fcr Smartphonebesitzer gibt es die Sperr-App 116 116, mit der sie die Daten ihrer Zahlungskarten in ihrem Handy speichern und die Girocard direkt sperren k\u00f6nnen.<\/strong><\/li><li><strong>Zeigen Sie einen Diebstahl auch bei der Polizei an. Diese kann zus\u00e4tzlich die Sperrung des elektronischen Lastschriftverfahrens per Unterschrift (SEPA-Lastschriften) veranlassen.<\/strong><\/li><li><strong>Pr\u00fcfen Sie sorgf\u00e4ltig Ihre Kontobewegungen und reklamieren Sie unberechtigte Abbuchungen bei Ihrer Bank oder Sparkasse.<\/strong><\/li><\/ul>\n\n\n\n<p>Weitere Tipps wie sie sich vor Dieben und Betr\u00fcgern sch\u00fctzen k\u00f6nnen, finden sie unter\u00a0<a href=\"https:\/\/www.polizei-beratung.de\/\" target=\"_blank\" rel=\"noreferrer noopener\">www.polizei-beratung.de<\/a><\/p>\n\n\n\n<h2 class=\"wp-block-heading\">(Ludwigshafen) &#8211; Unbekannte setzen M\u00fclltonnen in Brand \/ Zeugen gesucht<a href=\"https:\/\/www.facebook.com\/sharer.php?u=https%3A%2F%2Fwww.presseportal.de%2Fblaulicht%2Fpm%2F117696%2F5394574%2F%3Futm_source%3Dfacebook%26utm_medium%3Dsocial\"><\/a><a href=\"https:\/\/twitter.com\/intent\/tweet?text=POL-PPRP%3A%20Unbekannte%20setzen%20M%C3%BClltonnen%20in%20Brand%20-%20Zeugen%20gesucht&amp;url=https%3A%2F%2Fwww.presseportal.de%2Fblaulicht%2Fpm%2F117696%2F5394574%2F%3Futm_source%3Dtwitter%26utm_medium%3Dsocial&amp;hashtags=ots&amp;lang=de\"><\/a><a href=\"https:\/\/web.whatsapp.com\/send?text=POL-PPRP%3A%20Unbekannte%20setzen%20M%C3%BClltonnen%20in%20Brand%20-%20Zeugen%20gesucht%0A%0Ahttps%3A%2F%2Fwww.presseportal.de%2Fblaulicht%2Fpm%2F117696%2F5394574%2F%3Futm_source%3Dwhatsapp%26utm_medium%3Dsocial\"><\/a><a href=\"https:\/\/www.xing.com\/app\/user?op=share;url=https%3A%2F%2Fwww.presseportal.de%2Fblaulicht%2Fpm%2F117696%2F5394574%2F%3Futm_source%3Dxing%26utm_medium%3Dsocial\"><\/a><a href=\"http:\/\/www.linkedin.com\/shareArticle?mini=true&amp;url=https%3A%2F%2Fwww.presseportal.de%2Fblaulicht%2Fpm%2F117696%2F5394574%2F%3Futm_source%3Dlinkedin%26utm_medium%3Dsocial&amp;title=POL-PPRP%3A+Unbekannte+setzen+M%C3%BClltonnen+in+Brand+-+Zeugen+gesucht\"><\/a><a href=\"mailto:?subject=POL-PPRP%3A%20Unbekannte%20setzen%20M%C3%BClltonnen%20in%20Brand%20-%20Zeugen%20gesucht&amp;body=https:\/\/www.presseportal.de\/blaulicht\/pm\/117696\/5394574\"><\/a><\/h2>\n\n\n\n<p>Bereits am sp\u00e4ten Sonntagabend (11.12.2022), gegen 23:30 Uhr, z\u00fcndeten bislang unbekannte T\u00e4ter mehrere, vor einem Wohnhaus in der Emy-Roeder-Anlage in Rheing\u00f6nheim stehende, M\u00fclltonnen an. Durch einen Anwohner wurde der Brand rechtzeitig entdeckt, sodass das Feuer nicht auf ein neben den M\u00fclltonnen geparktes Motorrad \u00fcbergriff. An der Hausfassade hatten die Flammen bereits erste Spuren hinterlassen. Die Gesamtschadensh\u00f6he bel\u00e4uft sich auf circa 600 Euro.<\/p>\n\n\n\n<p>Wer hat die Tat beobachtet und\/oder hat zur genannten Zeit im Bereich Emy-Roeder-Anlage verd\u00e4chtige Personen beobachtet?<\/p>\n\n\n\n<p>Sachdienliche Hinweise nimmt die Kriminalpolizei Ludwigshafen unter der Telefonnummer 0621\/963-2773 oder per E-Mail\u00a0<a href=\"mailto:kiludwigshafen.k1.kdd@polizei.rlp.de\">kiludwigshafen.k1.kdd@polizei.rlp.de<\/a>\u00a0entgegen.<\/p>\n\n\n\n<h2 class=\"wp-block-heading\">(Mannheim) &#8211; Gemeinsame Gastst\u00e4ttenkontrollen von Stadt und Polizeipr\u00e4sidium \/ 24-J\u00e4hriger wegen Verdacht des gewerbsm\u00e4\u00dfigen Handeltreibens mit Bet\u00e4ubungsmitteln in Untersuchungshaft<\/h2>\n\n\n<div class=\"wp-block-image\">\n<figure class=\"aligncenter size-full\"><img decoding=\"async\" loading=\"lazy\" width=\"800\" height=\"533\" src=\"https:\/\/speyer24news.com\/wp-content\/uploads\/2020\/06\/Zelle.jpg\" alt=\"\" class=\"wp-image-28203\" srcset=\"https:\/\/speyer24news.com\/wp-content\/uploads\/2020\/06\/Zelle.jpg 800w, https:\/\/speyer24news.com\/wp-content\/uploads\/2020\/06\/Zelle-300x200.jpg 300w, https:\/\/speyer24news.com\/wp-content\/uploads\/2020\/06\/Zelle-768x512.jpg 768w\" sizes=\"(max-width: 800px) 100vw, 800px\" \/><figcaption>Beispielbild Zelle \/ Verhaftung, dient lediglich der Visualisierung<\/figcaption><\/figure><\/div>\n\n\n<p>Am Abend des 13.12.2022 f\u00fchrten Beamtinnen und Beamte mehrere Fachbereiche der Stadt Mannheim und des Polizeipr\u00e4sidiums gemeinsam umfassende Gastst\u00e4ttenkontrollen in den S-Quadraten der Mannheimer Innenstadt durch.<\/p>\n\n\n\n<p>Ergebnisse derartiger Kontrollen, die in allen Stadtteilen sowohl routinem\u00e4\u00dfig als auch anlassbezogen durchgef\u00fchrt werden, zeigen immer wieder, wie wichtig diese regelm\u00e4\u00dfigen Ma\u00dfnahmen sind.<\/p>\n\n\n\n<p>Das Ergebnis dieser Kontrolle brachte Verst\u00f6\u00dfe in den Bereichen Jugend- und Brandschutz sowie der Hygiene zu Tage. Die Bearbeitung und Kontrolle dieser Verst\u00f6\u00dfe wird von den zust\u00e4ndigen Fachbereichen der Stadt Mannheim \u00fcbernommen.<\/p>\n\n\n\n<p>Den eingesetzten Polizeibeamtinnen und Polizeibeamten gelang es im Rahmen der Kontrollen, einen 24-J\u00e4hrigen festzunehmen, der beim Erblicken der Beamten aus einer Gastst\u00e4tte fl\u00fcchtete. Bei diesem konnten eine gr\u00f6\u00dfere Menge Marihuana sowie andere Gegenst\u00e4nde aufgefunden werden, die auf ein gewerbsm\u00e4\u00dfiges Handeltreiben mit Bet\u00e4ubungsmitteln durch den 24-J\u00e4hrigen schlie\u00dfen lassen. Bereits im November trat der 24-J\u00e4hrige wegen eines \u00e4hnlichen Falles polizeilich in Erscheinung. Er wurde heute beim Amtsgericht Mannheim einem Haft- und Ermittlungsrichter vorgef\u00fchrt, der den Haftbefehl er\u00f6ffnete und ihn wegen bestehender Flucht- und Verdunkelungsgefahr in Vollzug setzte. Im Anschluss wurde der 24-J\u00e4hrige in eine Justizvollzugsanstalt eingeliefert.<\/p>\n\n\n\n<p>Polizeioberrat Peter \u00d6chsler, Leiter des Polizeireviers Mannheim Innenstadt, sagte nach Beendigung der Kontrollen: &#8222;Sicherheit ist die Voraussetzung f\u00fcr ein geordnetes und harmonisches Miteinander. Um diese Aufgabe erfolgreich bew\u00e4ltigen zu k\u00f6nnen, ist es elementar, dass Polizei und Stadt in engem Austausch stehen und abgestimmt agieren. Exemplarisch hierf\u00fcr steht die heute stattgefundene Kontrollma\u00dfnahme, welche intensiv vom Fachbereich Sicherheit und Ordnung und der Polizei vorbereitet und unter Beteiligung aller fachlich betroffener Fachbereiche der Stadt Mannheim und Einsatzkr\u00e4ften des Polizeireviers Mannheim-Innenstadt interdisziplin\u00e4r durchgef\u00fchrt wurde. Auch k\u00fcnftig werden wir diese gemeinsamen Kontrollaktionen durchf\u00fchren, um die Sicherheit der B\u00fcrgerinnen und B\u00fcrger in unserer Stadt zu gew\u00e4hrleisten.&#8220;<\/p>\n\n\n\n<h2 class=\"wp-block-heading\">(Mannheim) &#8211; Scheibe nicht freigekratzt und Unfall verursacht \/ Strafverfahren eingeleitet!<\/h2>\n\n\n\n<p>Am Dienstagvormittag gegen 11 Uhr fuhr ein 34-j\u00e4hriger Mann mit seinem Hyundai von einem Supermarktparkplatz auf die Gartenstra\u00dfe. Seine Frontscheibe hatte der Autofahrer vor Fahrtantritt nur zur H\u00e4lfte vom Eis befreit und \u00fcbersah dadurch eine von rechts kommende Radfahrerin, welche gerade dabei war, auf den Parkplatz aufzufahren. Durch die Kollision mit dem PKW st\u00fcrzte die Frau vom Fahrrad und verletzte sich leicht. Der Sachschaden liegt bei 500 Euro. Da nach derzeitigem Ermittlungsstand der Unfall bei freier Sicht durch die Windschutzscheibe vermeidbar gewesen w\u00e4re, wurde gegen den Fahrer ein Ermittlungsverfahren wegen fahrl\u00e4ssiger K\u00f6rperverletzung eingeleitet.<\/p>\n\n\n\n<h2 class=\"wp-block-heading\">(Mannheim) &#8211; R\u00e4der aus Autohandel entwendet \/ Zeugen gesucht<\/h2>\n\n\n\n<p>Zwischen Montagabend, 18 Uhr und Dienstagmorgen 8 Uhr, montieren bisher unbekannte T\u00e4ter von insgesamt f\u00fcnf Gebrauchtfahrzeugen die R\u00e4der ab und entwendeten diese. Nach bisherigem Kenntnisstand \u00fcberkletterten die Unbekannten den zwei Meter hohen Zaun und gelangten so auf das Betriebsgel\u00e4nde in der Trierer Stra\u00dfe des Autohauses. Dort bockte die T\u00e4terschaft die Fahrzeuge auf und schraubte an allen Fahrzeugen die gesamte Bereifung mitsamt Felgen ab. Der Gesamtschaden liegt bei 50.000 Euro. Zeugenhinweise nimmt das Polizeirevier Mannheim-K\u00e4fertal unter Tel.: 0621\/71849-0 entgegen.<\/p>\n\n\n\n<h2 class=\"wp-block-heading\">(Mannheim) &#8211; Einbr\u00fcche in drei Kinderg\u00e4rten und einen PKW \/ Zeugenaufruf!<\/h2>\n\n\n\n<p>In der Nacht von Montag auf Dienstag zwischen 18 und 7 Uhr brach eine bislang unbekannte T\u00e4terschaft in insgesamt vier Kinderg\u00e4rten in den Stadtteilen Seckenheim und Friedrichsfeld ein. Au\u00dferdem wurde ein PKW auf einem Parkplatz aufgebrochen.<\/p>\n\n\n\n<p>In der Z\u00e4hringer Stra\u00dfe in Seckenheim schlugen die Unbekannten eine Scheibe zu den B\u00fcror\u00e4umlichkeiten der Einrichtung ein, durchw\u00fchlten mehrere Schr\u00e4nke und besch\u00e4digten diverse Gegenst\u00e4nde. Entwendet wurde Bargeld in H\u00f6he von 300 Euro. Ebenfalls in Seckenheim, am Sandhang, gelangten unbekannte T\u00e4terinnen und\/oder T\u00e4ter durch Einschlagen einer Scheibe in die R\u00e4umlichkeiten des Kindergartens und stahlen dort einen Stoffbeutel mit 120 Euro Bargeld. In der Freiburger Stra\u00dfe in Seckenheim gelangte die T\u00e4terschaft auch durch Einschlagen einer Scheibe in die B\u00fcror\u00e4ume und stahl dort ein Notebook. Dar\u00fcber hinaus wurden mehrere Einrichtungsgegenst\u00e4nde mit Farbe beschmiert.<\/p>\n\n\n\n<p>Zwischen 22 und 9 Uhr besch\u00e4digten Unbekannte die Seitenscheibe eines Mercedes auf dem Parkplatz eines Kinderhorts und durchw\u00fchlten diesen. Hier wurde jedoch nichts entwendet.<\/p>\n\n\n\n<p>In Friedrichsfeld in der Neudorfstra\u00dfe dagegen entwendeten die T\u00e4ter erneut Bargeld, jedoch im niedrigen zweistelligen Bereich. Auch hier gelangten die Unbekannten durch Einschlagen eines Fensters in das Kindergartengeb\u00e4ude. Zuvor hatte die T\u00e4terschaft versucht ein Fenster aufzuhebeln, was jedoch misslang.<\/p>\n\n\n\n<p>Der Gesamtschaden liegt bei mehreren tausend Euro. Aufgrund der \u00e4hnlichen Tatbegehungsweisen wird derzeit ein Zusammenhang zwischen den Taten gepr\u00fcft. Ebenfalls wird gepr\u00fcft, ob die Einbr\u00fcche mit den seit November begangenen Taten zusammenh\u00e4ngen. Die Ermittlerinnen und Ermittler haben gemeinsam mit der zentralen Kriminaltechnik der Kriminalpolizeidirektion Heidelberg die Ermittlungen aufgenommen. Erste Spuren wurden gesichert, welche nun weiter ausgewertet werden. Personen, welche etwas Verd\u00e4chtiges zu den Tatzeiten beobachtet haben, werden gebeten, sich mit dem Polizeirevier Ladenburg unter Tel.: 06203\/9305-0 in Verbindung zu setzen.<\/p>\n\n\n\n<h2 class=\"wp-block-heading\">(Mannheim) &#8211; 37 Jahre alter Mann tot aufgefunden \/ Verdacht eines T\u00f6tungsdelikts<\/h2>\n\n\n\n<h3 class=\"wp-block-heading\">Gemeinsame Presseerkl\u00e4rung der Staatsanwaltschaft Mannheim und des Polizeipr\u00e4sidiums Mannheim<\/h3>\n\n\n<div class=\"wp-block-image\">\n<figure class=\"aligncenter size-full\"><img decoding=\"async\" loading=\"lazy\" width=\"800\" height=\"608\" src=\"https:\/\/speyer24news.com\/wp-content\/uploads\/2022\/12\/Hans-Boeckler-PlatzSatellit_markiert.jpg\" alt=\"\" class=\"wp-image-50483\" srcset=\"https:\/\/speyer24news.com\/wp-content\/uploads\/2022\/12\/Hans-Boeckler-PlatzSatellit_markiert.jpg 800w, https:\/\/speyer24news.com\/wp-content\/uploads\/2022\/12\/Hans-Boeckler-PlatzSatellit_markiert-300x228.jpg 300w, https:\/\/speyer24news.com\/wp-content\/uploads\/2022\/12\/Hans-Boeckler-PlatzSatellit_markiert-768x584.jpg 768w, https:\/\/speyer24news.com\/wp-content\/uploads\/2022\/12\/Hans-Boeckler-PlatzSatellit_markiert-80x60.jpg 80w\" sizes=\"(max-width: 800px) 100vw, 800px\" \/><\/figure><\/div>\n\n\n<p>Am vergangenen Samstag gegen 17:00 Uhr wurde im Bereich Cahn-Garnier-Ufer\/ Hans-B\u00f6ckler-Platz ein 37 Jahre alter Mann tot aufgefunden. Da der Leichnam des Mannes Verletzungen aufwies, haben die Staatsanwaltschaft Mannheim und das Dezernat f\u00fcr Kapitalverbrechen des Kriminalkommissariats Mannheim unter Hinzuziehung der Zentralen Kriminaltechnik der Kriminalpolizeidirektion Heidelberg und des Instituts f\u00fcr Rechtsmedizin der Universit\u00e4t Heidelberg die Ermittlungen wegen des Verdachts eines T\u00f6tungsdelikts aufgenommen.<\/p>\n\n\n\n<p>Zur Kl\u00e4rung der genauen Todesursache hat die Ermittlungsrichterin am Amtsgericht Mannheim eine Obduktion angeordnet. Ersten Ergebnissen der rechtsmedizinischen Untersuchung zufolge k\u00f6nnte stumpfe Gewalteinwirkung urs\u00e4chlich f\u00fcr den Tod des 37-J\u00e4hrigen gewesen sein.<\/p>\n\n\n\n<p>Zur Kl\u00e4rung der genauen Todesumst\u00e4nde hat das Polizeipr\u00e4sidium Mannheim eine 59-k\u00f6pfige Sonderkommission eingerichtet.<\/p>\n\n\n\n<p>Die Ermittlerinnen und Ermittler bitten Zeugen, die am vergangenen Samstag, 10. Dezember 2022, rund um das Cahn-Garnier-Ufer\/Hans-B\u00f6ckler-Platz besondere Feststellungen, beispielweise Streitigkeiten oder Auseinandersetzungen, wahrgenommen haben, Kontakt mit der Soko Areal aufzunehmen. Hinweise werden \u00fcber das Hinweistelefon, Tel.: 0621 174 4444 oder rund um die Uhr bei jeder Polizeidienststelle entgegengenommen.<\/p>\n\n\n\n<h2 class=\"wp-block-heading\">(Heidelberg) &#8211; Auf dem Weihnachtsmarkt randaliert und Sachschaden verursacht \/ Zeugen gesucht<\/h2>\n\n\n<div class=\"wp-block-image\">\n<figure class=\"aligncenter size-full\"><img decoding=\"async\" loading=\"lazy\" width=\"801\" height=\"600\" src=\"https:\/\/speyer24news.com\/wp-content\/uploads\/2020\/05\/Zeugen-gesucht-Neutral.jpg\" alt=\"\" class=\"wp-image-26598\" srcset=\"https:\/\/speyer24news.com\/wp-content\/uploads\/2020\/05\/Zeugen-gesucht-Neutral.jpg 801w, https:\/\/speyer24news.com\/wp-content\/uploads\/2020\/05\/Zeugen-gesucht-Neutral-300x225.jpg 300w, https:\/\/speyer24news.com\/wp-content\/uploads\/2020\/05\/Zeugen-gesucht-Neutral-768x575.jpg 768w, https:\/\/speyer24news.com\/wp-content\/uploads\/2020\/05\/Zeugen-gesucht-Neutral-678x509.jpg 678w, https:\/\/speyer24news.com\/wp-content\/uploads\/2020\/05\/Zeugen-gesucht-Neutral-326x245.jpg 326w, https:\/\/speyer24news.com\/wp-content\/uploads\/2020\/05\/Zeugen-gesucht-Neutral-80x60.jpg 80w\" sizes=\"(max-width: 801px) 100vw, 801px\" \/><\/figure><\/div>\n\n\n<p>Am fr\u00fchen Mittwochmorgen, gegen 2 Uhr bemerkten zwei Zeugen eine m\u00e4nnliche Person auf dem bereits geschlossenen Weihnachtsmarkt auf dem Universit\u00e4tsplatz, welche gegen die St\u00e4nde und Rolll\u00e4den schlug. Die auff\u00e4llige Person wurde von den Zeugen in der Hauptstra\u00dfe auf ihr Verhalten angesprochen. Diese entgegnete, dass sie lediglich ihre Wut abgelassen hatte und fl\u00fcchtete daraufhin in Richtung der Heilig-Geist-Kirche. An einem der Weihnachtsmarktst\u00e4nde entstand Sachschaden in bislang unbekannter H\u00f6he, da der dortige Rollladen eingedellt wurde. <\/p>\n\n\n\n<h4 class=\"wp-block-heading\">Der Unbekannte wird wie folgt beschrieben: <\/h4>\n\n\n\n<ul><li><strong>m\u00e4nnlich<\/strong><\/li><li><strong>ca. 176cm gro\u00df<\/strong><\/li><li><strong>25-30 Jahre<\/strong><\/li><li><strong>mittellange blonde Haare<\/strong><\/li><li><strong>normale Statur<\/strong><\/li><li><strong>trug eine schwarze Jacke, dunkle Jeans und wei\u00dfe Sportschuhe. Au\u00dferdem trug der Mann einen schwarzen Rucksack.<\/strong><\/li><\/ul>\n\n\n\n<p>Das Polizeirevier Heidelberg-Mitte hat die Ermittlungen wegen Sachbesch\u00e4digung \u00fcbernommen. Zeugen, welche die Person m\u00f6glicherweise im besagten Zeitraum ebenfalls beobachtet haben, werden gebeten, sich unter Tel.: 06221\/1857-0 zu melden.<\/p>\n\n\n\n<h2 class=\"wp-block-heading\">(Heidelberg) &#8211; Fu\u00dfg\u00e4nger wird von Stra\u00dfenbahn erfasst und leicht verletzt<\/h2>\n\n\n\n<p>Am Dienstag gegen 18:32 Uhr kam es in Heidelberg auf H\u00f6he der Kurf\u00fcrstenanlage zu einem Zusammensto\u00df zwischen einer Stra\u00dfenbahn und einem Fu\u00dfg\u00e4nger. Derzeit wird durch den Verkehrsdienst Heidelberg der Unfall aufgenommen. Die Hintergr\u00fcnde zur Unfallursache sind noch Unbekannt. Der Stra\u00dfenbahnverkehr zwischen den Haltestellen Stadtwerke und Hauptbahnhof ist momentan eingestellt.<\/p>\n\n\n\n<h3 class=\"has-text-align-center wp-block-heading\">Pressemeldung Nr. 2<a href=\"https:\/\/www.facebook.com\/sharer.php?u=https%3A%2F%2Fwww.presseportal.de%2Fblaulicht%2Fpm%2F14915%2F5393963%2F%3Futm_source%3Dfacebook%26utm_medium%3Dsocial\"><\/a><a href=\"https:\/\/twitter.com\/intent\/tweet?text=POL-MA%3A%20Heidelberg%3A%20Fu%C3%9Fg%C3%A4nger%20wird%20von%20Stra%C3%9Fenbahn%20erfasst%20und%20verletzt%2C%20PM%20Nr.%202&amp;url=https%3A%2F%2Fwww.presseportal.de%2Fblaulicht%2Fpm%2F14915%2F5393963%2F%3Futm_source%3Dtwitter%26utm_medium%3Dsocial&amp;hashtags=ots&amp;lang=de\"><\/a><a href=\"https:\/\/web.whatsapp.com\/send?text=POL-MA%3A%20Heidelberg%3A%20Fu%C3%9Fg%C3%A4nger%20wird%20von%20Stra%C3%9Fenbahn%20erfasst%20und%20verletzt%2C%20PM%20Nr.%202%0A%0Ahttps%3A%2F%2Fwww.presseportal.de%2Fblaulicht%2Fpm%2F14915%2F5393963%2F%3Futm_source%3Dwhatsapp%26utm_medium%3Dsocial\"><\/a><a href=\"https:\/\/www.xing.com\/app\/user?op=share;url=https%3A%2F%2Fwww.presseportal.de%2Fblaulicht%2Fpm%2F14915%2F5393963%2F%3Futm_source%3Dxing%26utm_medium%3Dsocial\"><\/a><a href=\"http:\/\/www.linkedin.com\/shareArticle?mini=true&amp;url=https%3A%2F%2Fwww.presseportal.de%2Fblaulicht%2Fpm%2F14915%2F5393963%2F%3Futm_source%3Dlinkedin%26utm_medium%3Dsocial&amp;title=POL-MA%3A+Heidelberg%3A+Fu%C3%9Fg%C3%A4nger+wird+von+Stra%C3%9Fenbahn+erfasst+und+verletzt%2C+PM+Nr.+2\"><\/a><a href=\"mailto:?subject=POL-MA%3A%20Heidelberg%3A%20Fu%C3%9Fg%C3%A4nger%20wird%20von%20Stra%C3%9Fenbahn%20erfasst%20und%20verletzt%2C%20PM%20Nr.%202&amp;body=https:\/\/www.presseportal.de\/blaulicht\/pm\/14915\/5393963\"><\/a><\/h3>\n\n\n\n<p>Der Stra\u00dfenbahnverkehr an der Kurf\u00fcrstenanlage in Heidelberg konnte wieder freigegeben werden.<\/p>\n\n\n\n<h3 class=\"has-text-align-center wp-block-heading\">Pressemeldung Nr. 3<\/h3>\n\n\n\n<p>An der Haltestelle Heidelberg-Stadtwerke kam es an der Fu\u00dfg\u00e4ngerfurt zu einem Zusammensto\u00df zwischen der durchfahrenden Stra\u00dfenbahn und einer 79-j\u00e4hrigen Frau. Die Fu\u00dfg\u00e4ngerin wurde gl\u00fccklicherweise nur leicht touchiert und konnte nach einer ambulanten Behandlung das Krankenhaus noch am selben Abend wieder verlassen. F\u00fcr die Unfallaufnahme musste der Stra\u00dfenbahnverkehr in Richtung Stadtmitte kurzfristig gesperrt werden. Die weiteren Ermittlungen zur Unfallursache wurden vom Verkehrsdienst Heidelberg \u00fcbernommen.<\/p>\n\n\n\n<h2 class=\"wp-block-heading\">(Plankstadt \/ Sch\u00f6nau \/ Rhein-Neckar-Kreis) &#8211; Die Polizei warnt vor erneuten WhatsApp-Betr\u00fcgern<\/h2>\n\n\n\n<p>Am Dienstag wurden zwischen 12 Uhr und 14 Uhr erneut zwei Personen \u00fcber WhatsApp angeschrieben, um Geld zu \u00fcberweisen. Insgesamt wurde hierbei eine Summe von \u00fcber 11.000,- Euro \u00fcberwiesen, bei der gl\u00fccklicherweise ein Teil des Geldes durch eine Kontosperrung und R\u00fcckveranlassung der \u00dcberweisung gerettet werden konnte. Die unbekannte T\u00e4terschaft gab sich in beiden F\u00e4llen als Kind der Gesch\u00e4digten aus und bat um die \u00dcberweisung einer Geldsumme. Ob es sich in beiden F\u00e4llen um dieselben Betr\u00fcger handelt, ist Gegenstand weiterer Ermittlungen.<\/p>\n\n\n\n<p>Betrugsdelikte zum Nachteil vor allem \u00e4lterer Menschen werden immer wieder durchgef\u00fchrt. Aus diesem Grund sollten junge Menschen gegen\u00fcber Familienangeh\u00f6rigen und bekannten auf die Betrugsmasche aufmerksam machen und diese sensibilisieren.<\/p>\n\n\n\n<p>Die Polizei warnt eindringlich um Vorsicht bei WhatsApp-Nachrichten von Familienangeh\u00f6rigen, die um Geld bitten.<\/p>\n\n\n\n<p>Das Betrugsdezernat der Kriminalpolizeidirektion Heidelberg hat die weiteren Ermittlungen aufgenommen.<\/p>\n\n\n\n<h2 class=\"wp-block-heading\">(Wiesloch \/ Rhein-Neckar-Kreis) &#8211; Von Bundesstra\u00dfe abgefahren und Vorfahrt missachtet<\/h2>\n\n\n\n<p>Am Dienstagmorgen gegen 7:30 Uhr fuhr eine 19-j\u00e4hrige Frau mit ihrem Alfa Romeo von der B3 auf die Parkstra\u00dfe auf. Hierbei \u00fcbersah sie einen von links kommenden, auf der vorfahrtsberechtigten Parkstra\u00dfe, befindlichen Skoda-Fahrer. Dieser konnte einen Unfall jedoch nicht mehr verhindern. Sowohl die 19-J\u00e4hrige, als auch der 54 Jahre alte Skoda-Fahrer blieben gl\u00fccklicherweise unverletzt. Der Sachschaden betr\u00e4gt 10.000 Euro.<\/p>\n\n\n\n<h2 class=\"wp-block-heading\">(Bammental \/ Rhein-Neckar-Kreis) &#8211; Unfallflucht in der Waldstra\u00dfe \/ Zeugen gesucht!<a href=\"https:\/\/www.facebook.com\/sharer.php?u=https%3A%2F%2Fwww.presseportal.de%2Fblaulicht%2Fpm%2F14915%2F5394513%2F%3Futm_source%3Dfacebook%26utm_medium%3Dsocial\"><\/a><a href=\"https:\/\/twitter.com\/intent\/tweet?text=POL-MA%3A%20Bammental%2FRhein-Neckar-Kreis%3A%20Unfallflucht%20in%20der%20Waldstra%C3%9Fe%20-%20Zeugen%20gesucht%21&amp;url=https%3A%2F%2Fwww.presseportal.de%2Fblaulicht%2Fpm%2F14915%2F5394513%2F%3Futm_source%3Dtwitter%26utm_medium%3Dsocial&amp;hashtags=ots&amp;lang=de\"><\/a><a href=\"https:\/\/web.whatsapp.com\/send?text=POL-MA%3A%20Bammental%2FRhein-Neckar-Kreis%3A%20Unfallflucht%20in%20der%20Waldstra%C3%9Fe%20-%20Zeugen%20gesucht%21%0A%0Ahttps%3A%2F%2Fwww.presseportal.de%2Fblaulicht%2Fpm%2F14915%2F5394513%2F%3Futm_source%3Dwhatsapp%26utm_medium%3Dsocial\"><\/a><a href=\"https:\/\/www.xing.com\/app\/user?op=share;url=https%3A%2F%2Fwww.presseportal.de%2Fblaulicht%2Fpm%2F14915%2F5394513%2F%3Futm_source%3Dxing%26utm_medium%3Dsocial\"><\/a><a href=\"http:\/\/www.linkedin.com\/shareArticle?mini=true&amp;url=https%3A%2F%2Fwww.presseportal.de%2Fblaulicht%2Fpm%2F14915%2F5394513%2F%3Futm_source%3Dlinkedin%26utm_medium%3Dsocial&amp;title=POL-MA%3A+Bammental%2FRhein-Neckar-Kreis%3A+Unfallflucht+in+der+Waldstra%C3%9Fe+-+Zeugen+gesucht%21\"><\/a><a href=\"mailto:?subject=POL-MA%3A%20Bammental%2FRhein-Neckar-Kreis%3A%20Unfallflucht%20in%20der%20Waldstra%C3%9Fe%20-%20Zeugen%20gesucht%21&amp;body=https:\/\/www.presseportal.de\/blaulicht\/pm\/14915\/5394513\"><\/a><\/h2>\n\n\n\n<p>Am Dienstagnachmittag, gegen 13:30 Uhr parkte eine 79-j\u00e4hrige Frau ihren VW vor einem Warengesch\u00e4ft in der Waldstra\u00dfe. Kurz nachdem die Frau das Gesch\u00e4ft betreten hatte, wurde sie von einem Zeugen darauf angesprochen, dass ein grauer Kastenwagen ihr Fahrzeug gestreift und danach gefl\u00fcchtet sei. Am VW entstand Sachschaden im Heckbereich in H\u00f6he von 2.000 Euro. Weitere Zeugen, welche den Unfall beobachtet haben, werden gebeten, das Polizeirevier Neckargem\u00fcnd unter der Rufnummer 06223\/9254-0 zu kontaktieren.<\/p>\n\n\n\n<h2 class=\"wp-block-heading\">(Eberbach \/ Rhein-Neckar-Kreis) &#8211; Aufmerksamer Zeuge von Verkehrsunfallflucht gesucht<a href=\"https:\/\/www.facebook.com\/sharer.php?u=https%3A%2F%2Fwww.presseportal.de%2Fblaulicht%2Fpm%2F14915%2F5393505%2F%3Futm_source%3Dfacebook%26utm_medium%3Dsocial\"><\/a><a href=\"https:\/\/twitter.com\/intent\/tweet?text=POL-MA%3A%20Eberbach%2C%20Rhein-Neckar-Kreis%3A%20Aufmerksamer%20Zeuge%20von%20Verkehrsunfallflucht%20gesucht&amp;url=https%3A%2F%2Fwww.presseportal.de%2Fblaulicht%2Fpm%2F14915%2F5393505%2F%3Futm_source%3Dtwitter%26utm_medium%3Dsocial&amp;hashtags=ots&amp;lang=de\"><\/a><a href=\"https:\/\/web.whatsapp.com\/send?text=POL-MA%3A%20Eberbach%2C%20Rhein-Neckar-Kreis%3A%20Aufmerksamer%20Zeuge%20von%20Verkehrsunfallflucht%20gesucht%0A%0Ahttps%3A%2F%2Fwww.presseportal.de%2Fblaulicht%2Fpm%2F14915%2F5393505%2F%3Futm_source%3Dwhatsapp%26utm_medium%3Dsocial\"><\/a><a href=\"https:\/\/www.xing.com\/app\/user?op=share;url=https%3A%2F%2Fwww.presseportal.de%2Fblaulicht%2Fpm%2F14915%2F5393505%2F%3Futm_source%3Dxing%26utm_medium%3Dsocial\"><\/a><a href=\"http:\/\/www.linkedin.com\/shareArticle?mini=true&amp;url=https%3A%2F%2Fwww.presseportal.de%2Fblaulicht%2Fpm%2F14915%2F5393505%2F%3Futm_source%3Dlinkedin%26utm_medium%3Dsocial&amp;title=POL-MA%3A+Eberbach%2C+Rhein-Neckar-Kreis%3A+Aufmerksamer+Zeuge+von+Verkehrsunfallflucht+gesucht\"><\/a><a href=\"mailto:?subject=POL-MA%3A%20Eberbach%2C%20Rhein-Neckar-Kreis%3A%20Aufmerksamer%20Zeuge%20von%20Verkehrsunfallflucht%20gesucht&amp;body=https:\/\/www.presseportal.de\/blaulicht\/pm\/14915\/5393505\"><\/a><\/h2>\n\n\n\n<p>Nur einem aufmerksamen Passanten ist es zu verdanken, dass eine Verkehrsunfallflucht vom Montagmorgen in der Itterstra\u00dfe mittlerweile gekl\u00e4rt werden konnte. Der Zeuge, dessen Identit\u00e4t bislang noch unbekannt ist, stellte gegen 11 Uhr in H\u00f6he der Hausnummer 11 einen Opel-Fahrer fest, der beim Ausparken gegen einen Ford Transit stie\u00df. Ohne sich um den verursachten Sachschaden in H\u00f6he von rund 2500 Euro zu k\u00fcmmern, entfernte sich der Unfallverursacher von der \u00d6rtlichkeit. Das Kennzeichen konnte sich der Zeuge merken, sodass der Opel-Fahrer schnell ausfindig gemacht werden konnte.<\/p>\n\n\n\n<p>Das Polizeirevier Eberbach sucht nun nach dem Zeugen, der zur Kl\u00e4rung des Falls ma\u00dfgeblich beigetragen hat. Er wird gebeten, sich unter der Tel.: 06271 9210-0 zu melden.<\/p>\n\n\n\n<h2 class=\"wp-block-heading\">(Neckargem\u00fcnd \/ Rhein-Neckar-Kreis) &#8211; Fahrzeug gestreift und gefl\u00fcchtet \/ Polizei sucht Zeugen!<\/h2>\n\n\n\n<p>Am Dienstag zwischen 17 und 18 Uhr streifte ein bisher unbekannter Fahrzeugf\u00fchrer bzw. Fahrzeugf\u00fchrerin einen in der Neckarsteinacher Stra\u00dfe geparkten Seat. Der am Stra\u00dfenrand abgestellte PKW wurde auf der gesamten linken Fahrzeugseite zerkratzt. Der Sachschaden liegt bei 5.000 Euro. Der Verursacher bzw. Die Verursacherin fl\u00fcchtete von der Unfallstelle, ohne sich um den entstanden Schaden zu k\u00fcmmern. Zeugen, welche sachdienliche Hinweise zum Unfall geben k\u00f6nnen, wenden sich bitte an das Polizeirevier Neckargem\u00fcnd unter Tel.: 06223\/9254-0.<\/p>\n\n\n\n<h2 class=\"wp-block-heading\">(Neckargem\u00fcnd \/ Rhein-Neckar-Kreis) &#8211; Verkehrsunfall Neckarsteinacher Stra\u00dfe<\/h2>\n\n\n\n<h3 class=\"has-text-align-center wp-block-heading\">Pressemeldung Nr. 2<\/h3>\n\n\n\n<p>Die 84-j\u00e4hrige Fahrerin eines Mercedes-Benz kam am 13.12.22 gegen 16.35 Uhr in der Neckarsteinacher Stra\u00dfe in Neckargem\u00fcnd aus bislang unbekannter Ursache zun\u00e4chst nach rechts von der Fahrbahn ab, scherte abrupt wieder nach links auf die Fahrbahn ein, \u00fcberquerte diese und fuhr im Anschluss eine B\u00f6schung zum Parkplatz eines Supermarktes hinauf. Dort kollidierte sie mit zwei weiteren PKWs und besch\u00e4digte eine Werbetafel, \u00fcberschlug sich und kam auf dem Dach liegend zum Stillstand. Die Dame wurde von Passanten aus dem Fahrzeug geborgen und nach der Erstversorgung ohne offensichtliche Verletzungen zur Untersuchung in ein Heidelberger Krankenhaus eingeliefert. Der entstandene Sachschaden bel\u00e4uft sich auf sch\u00e4tzungsweise 50.000 Euro. Das total besch\u00e4digte Fahrzeug der Unfallverursacherin musste abgeschleppt werden.<\/p>\n\n\n\n<h2 class=\"wp-block-heading\">(Edingen-Neckarhausen \/ Rhein-Neckar-Kreis) &#8211; Ladendiebstahl, wer kann Hinweise geben?<\/h2>\n\n\n\n<p>Durch eine bislang unbekannte T\u00e4terin kam es am Dienstag, gegen 14.00 Uhr zu einem Ladendiebstahl in einem Modegesch\u00e4ft in einem Einkaufszentrum in der Rosenstra\u00dfe. Als die T\u00e4terin den Laden verlie\u00df, l\u00f6ste der Alarm am Ausgang aus. Eine bislang unbekannte Zeugin erfasste die Situation und ging der Ladendiebin hinterher, welche daraufhin das n\u00e4chste Modegesch\u00e4ft innerhalb des Einkaufszentrums aufsuchte. Hier alarmierte die Zeugin eine Verk\u00e4uferin, welche die T\u00e4terin anhalten wollte. Die Ladendiebin fl\u00fcchtete daraufhin in Richtung Berliner Stra\u00dfe und lie\u00df die zuvor entwendete Jacke zur\u00fcck. Aufgrund der Gesamtumst\u00e4nde ist zu erwarten, dass die T\u00e4tern weitere Male Ladendiebst\u00e4hle begehen wird. <\/p>\n\n\n\n<h4 class=\"wp-block-heading\">Sie wird folgenderma\u00dfen beschrieben: <\/h4>\n\n\n\n<ul><li><strong>Ca. 160-165 cm gro\u00df<\/strong><\/li><li><strong>schlanke Statur<\/strong><\/li><li><strong>dunkelbraune, schulterlange Haare<\/strong><\/li><li><strong>dunkler Teint<\/strong><\/li><li><strong>ca. 20-25 Jahre<\/strong><\/li><li><strong>blaue Jeans, beigefarbener Rollkragenpullover, schwarze Sneaker und beigefarbene, gemusterte Umh\u00e4ngetasche. <\/strong><\/li><\/ul>\n\n\n\n<p>Zeugen, welche Aussagen zum Tathergang oder zu der T\u00e4terin machen k\u00f6nnen, werden gebeten, sich unter Tel.: 06203 892029 bei dem Polizeiposten Edingen-Neckarhausen zu melden.<\/p>\n\n\n\n<h2 class=\"wp-block-heading\">(Weinheim-Sulzbach \/ Rhein-Neckar-Kreis) &#8211; Einbruch in Firmengeb\u00e4ude \/ Zeugen gesucht!<\/h2>\n\n\n\n<p>Zwischen Montagabend, 18 Uhr und Dienstagmorgen, 7 Uhr, hebelte eine bisher unbekannte T\u00e4terschaft zun\u00e4chst den Briefkasten einer Firma in der Stra\u00dfe Magdacker auf. Danach \u00fcberkletterten die Unbekannten einen zwei Meter hohen Zaun und hebelten ein Fenster des B\u00fcrogeb\u00e4udes auf. Innerhalb des Geb\u00e4udes durchw\u00fchlten die T\u00e4terinnen bzw. T\u00e4ter mehrere R\u00e4umlichkeiten und Schr\u00e4nke. Aus einem B\u00fcro wurde schlie\u00dflich rund 100 Euro Bargeld, eine Powerbank und eine Packung Schokoriegel entwendet. Das Polizeirevier Weinheim hat die Ermittlungen wegen Einbruchsdiebstahls \u00fcbernommen. Am Tatort konnten Spuren der T\u00e4ter gesichert werden, welche nun ausgewertet werden. Zeugen, welche etwas Verd\u00e4chtiges im Zusammenhang mit dem Einbruchgeschehen beobachtet haben, k\u00f6nnen sich an das Revier Weinheim unter Tel.: 06201\/1003-0 wenden.<\/p>\n","protected":false},"excerpt":{"rendered":"<div class=\"mh-excerpt\"><p>Polizeimeldungen vom Mittwoch (14.12.2022) (Speyer) &#8211; Verkehrskontrolle bei Heranwachsenden f\u00fchrt zu Drogenfund Am 13.12.2022 gegen 17:40 Uhr kontrollierten Polizeibeamte in der Franz-Kirrmeier-Stra\u00dfe einen PKW, in dem vier junge M\u00e4nner aus Baden im Alter zwischen 18 <a class=\"mh-excerpt-more\" href=\"https:\/\/speyer24news.com\/?p=50477\" title=\"Polizeimeldungen Mittwoch (14.12.2022)\">[&#8230;]<\/a><\/p>\n<\/div>","protected":false},"author":3,"featured_media":26162,"comment_status":"open","ping_status":"open","sticky":false,"template":"","format":"standard","meta":{"_monsterinsights_skip_tracking":false,"_monsterinsights_sitenote_active":false,"_monsterinsights_sitenote_note":"","_monsterinsights_sitenote_category":0,"footnotes":""},"categories":[12],"tags":[7243,7244,3614,702,61,2555,6955,6986,6263,63,105,11150,6987,53,4854,13534,4683,1548,4905,11592,102,13626,213,14325,14324,13553,13541,55,8277,6368,5261,103,106,2803,2423,427,2625,380,62,104,979,1565],"aioseo_notices":[],"amp_enabled":true,"_links":{"self":[{"href":"https:\/\/speyer24news.com\/index.php?rest_route=\/wp\/v2\/posts\/50477"}],"collection":[{"href":"https:\/\/speyer24news.com\/index.php?rest_route=\/wp\/v2\/posts"}],"about":[{"href":"https:\/\/speyer24news.com\/index.php?rest_route=\/wp\/v2\/types\/post"}],"author":[{"embeddable":true,"href":"https:\/\/speyer24news.com\/index.php?rest_route=\/wp\/v2\/users\/3"}],"replies":[{"embeddable":true,"href":"https:\/\/speyer24news.com\/index.php?rest_route=%2Fwp%2Fv2%2Fcomments&post=50477"}],"version-history":[{"count":1,"href":"https:\/\/speyer24news.com\/index.php?rest_route=\/wp\/v2\/posts\/50477\/revisions"}],"predecessor-version":[{"id":50484,"href":"https:\/\/speyer24news.com\/index.php?rest_route=\/wp\/v2\/posts\/50477\/revisions\/50484"}],"wp:featuredmedia":[{"embeddable":true,"href":"https:\/\/speyer24news.com\/index.php?rest_route=\/wp\/v2\/media\/26162"}],"wp:attachment":[{"href":"https:\/\/speyer24news.com\/index.php?rest_route=%2Fwp%2Fv2%2Fmedia&parent=50477"}],"wp:term":[{"taxonomy":"category","embeddable":true,"href":"https:\/\/speyer24news.com\/index.php?rest_route=%2Fwp%2Fv2%2Fcategories&post=50477"},{"taxonomy":"post_tag","embeddable":true,"href":"https:\/\/speyer24news.com\/index.php?rest_route=%2Fwp%2Fv2%2Ftags&post=50477"}],"curies":[{"name":"wp","href":"https:\/\/api.w.org\/{rel}","templated":true}]}}