{"id":50497,"date":"2022-12-17T07:47:36","date_gmt":"2022-12-17T06:47:36","guid":{"rendered":"https:\/\/speyer24news.com\/?p=50497"},"modified":"2022-12-17T07:47:39","modified_gmt":"2022-12-17T06:47:39","slug":"polizeimeldungen-freitag-16-12-2022","status":"publish","type":"post","link":"https:\/\/speyer24news.com\/?p=50497","title":{"rendered":"Polizeimeldungen Freitag (16.12.2022)"},"content":{"rendered":"<style type=\"text\/css\">\r\n\t.ads_top_disp{}\r\n\t.ads_top_corner_disp{ float:left; margin:0px 10px 10px 0px; }\r\n\t.ads_first_p_disp{}\r\n\t.ads_bottom_disp{}\r\n\t<\/style>\n<h2 class=\"wp-block-heading\">Polizeimeldungen vom Freitag (16.12.2022)<\/h2>\n\n\n<div class=\"wp-block-image\">\n<figure class=\"aligncenter size-full\"><img decoding=\"async\" loading=\"lazy\" width=\"375\" height=\"500\" src=\"https:\/\/speyer24news.com\/wp-content\/uploads\/2022\/03\/Aktuelles-Polizeilogo.jpg\" alt=\"\" class=\"wp-image-43591\" srcset=\"https:\/\/speyer24news.com\/wp-content\/uploads\/2022\/03\/Aktuelles-Polizeilogo.jpg 375w, https:\/\/speyer24news.com\/wp-content\/uploads\/2022\/03\/Aktuelles-Polizeilogo-225x300.jpg 225w\" sizes=\"(max-width: 375px) 100vw, 375px\" \/><\/figure><\/div>\n\n\n<h2 class=\"wp-block-heading\">(Speyer) &#8211; Fahrt unter dem Einfluss von Drogen<\/h2>\n\n\n\n<p>Am Donnerstag, den 15.12.2022 gegen 14:40 Uhr kontrollierten Beamte der Polizei in Speyer einen 35-j\u00e4hrigen Fahrzeugf\u00fchrer in der Ludwigstra\u00dfe. Bei dem Fahrzeugf\u00fchrer stellten sie Auffallerscheinungen fest. Ein auf der Dienststelle durchgef\u00fchrter Urin-Test verlief positiv auf Kokain. Ihm wurde eine Blutprobe entnommen und die Weiterfahrt untersagt.<\/p>\n\n\n\n<h2 class=\"wp-block-heading\">(Speyer) &#8211; Einbruch in Gesch\u00e4ft<\/h2>\n\n\n\n<p>Im der Zeit vom 12.12.2022, 18:30 Uhr bis 13.12.2022, 09:30 Uhr hebelten unbekannte T\u00e4ter die Eingangst\u00fcr zur einem Mehrfamilienhaus in der Korngasse auf und verschafften sich so Zutritt zu einem Hinterhof. Dort besch\u00e4digten sie eine weitere T\u00fcr, um in einen dort ans\u00e4ssigen Laden zu gelangen. Im Innern entwendeten sie aus einer Kasse einen mittleren dreistelligen Bargeldbetrag. Die Gesamtschadensh\u00f6he bel\u00e4uft sich auf etwa 1600EUR. Die Ermittlungen dauern an. Zeugen werden gebeten, sich mit der Polizeiinspektion Speyer unter 06232 137-0 oder\u00a0<a href=\"mailto:pispeyer@polizei.rlp.de\">pispeyer@polizei.rlp.de<\/a>\u00a0in Verbindung zu setzen.<\/p>\n\n\n\n<h2 class=\"wp-block-heading\">(Waldsee) &#8211; Mann durch Hundebiss verletzt<\/h2>\n\n\n\n<p>Am Donnerstagmittag, gegen 12:10 Uhr, wurde ein 64-J\u00e4hriger in der Rheinauenstra\u00dfe im Bereich des dortigen Restaurants von einem Hund gebissen und an der Hand, sowie am Bein verletzt. Der Mann war selbst mit seinem Hund unterwegs und wurde beim Passieren einer ca. 60-j\u00e4hrigen Frau, welche mit zwei Hunden unterwegs war, durch einen der beiden Hunde gebissen. Die Frau trug einen beigen Wintermantel, eine beige Hose und beige Schuhe. Nach dem Hundebiss entfernte sich die Unbekannte mit ihren beiden Hunden. Im Rahmen der Nahbereichsfahndung konnte die Dame nicht mehr festgestellt werden. Ermittlungen wegen Fahrl\u00e4ssiger K\u00f6rperverletzung wurden aufgenommen. Hinweise zum Vorfall und der beschriebenen Frau nimmt die Polizeiinspektion Schifferstadt unter der Telefonnummer 06235 \/ 495-0 oder per E-Mail (<a href=\"mailto:pischifferstadt@polizei.rlp.de\">pischifferstadt@polizei.rlp.de<\/a>) entgegen.<\/p>\n\n\n\n<h2 class=\"wp-block-heading\">(Mutterstadt) &#8211; Einbr\u00fcche in Gesch\u00e4ftsbetriebe<\/h2>\n\n\n\n<p>In der Nacht vom 14.12.2022 auf den 15.12.2022 kam es im Gewerbegebiet (An der Fohlenweide) zu zwei Einbr\u00fcchen in Gesch\u00e4ftsgeb\u00e4ude. Die T\u00e4ter drangen gewaltsam in einen Getr\u00e4nkemarkt ein und entwendeten aus diesem eine zweistellige Zahl von Flaschen und Dosen, sowie Bargeld. Weiterhin versuchten unbekannte T\u00e4ter in eine Metallbaufirma einzubrechen. Hier blieb es beim Einbruchsversuch. Die genauen Schadensh\u00f6hen stehen noch nicht fest. An beiden Objekten wurden Spuren gesichert. Hinweise nimmt die Polizeiinspektion Schifferstadt unter der Telefonnummer 06235 \/ 495-0 oder per E-Mail (<a href=\"mailto:pischifferstadt@polizei.rlp.de\">pischifferstadt@polizei.rlp.de<\/a>) entgegen.<\/p>\n\n\n\n<h2 class=\"wp-block-heading\">(A 65 \/ Landau-Nord) &#8211; LKW durchbricht Leitplanke<\/h2>\n\n\n<div class=\"wp-block-image\">\n<figure class=\"aligncenter size-full\"><img decoding=\"async\" loading=\"lazy\" width=\"800\" height=\"600\" src=\"https:\/\/speyer24news.com\/wp-content\/uploads\/2022\/12\/LKWbeiBergungsarbeiten.jpeg\" alt=\"\" class=\"wp-image-50498\" srcset=\"https:\/\/speyer24news.com\/wp-content\/uploads\/2022\/12\/LKWbeiBergungsarbeiten.jpeg 800w, https:\/\/speyer24news.com\/wp-content\/uploads\/2022\/12\/LKWbeiBergungsarbeiten-300x225.jpeg 300w, https:\/\/speyer24news.com\/wp-content\/uploads\/2022\/12\/LKWbeiBergungsarbeiten-768x576.jpeg 768w, https:\/\/speyer24news.com\/wp-content\/uploads\/2022\/12\/LKWbeiBergungsarbeiten-678x509.jpeg 678w, https:\/\/speyer24news.com\/wp-content\/uploads\/2022\/12\/LKWbeiBergungsarbeiten-326x245.jpeg 326w, https:\/\/speyer24news.com\/wp-content\/uploads\/2022\/12\/LKWbeiBergungsarbeiten-80x60.jpeg 80w\" sizes=\"(max-width: 800px) 100vw, 800px\" \/><\/figure><\/div>\n\n\n<p>Nach einem Verkehrsunfall unter Beteiligung eines LKW in der Nacht auf Samstag musste die A65 in n\u00f6rdliche Fahrtrichtung f\u00fcr wenige Stunden voll gesperrt werden. Der 62-j\u00e4hrige Fahrer eines Sattelzugs kam gegen 22:00 Uhr kurz nach der Anschlussstelle Landau Nord nach rechts von der Fahrbahn ab, durchbrach hierbei die Leitplanke und kam im Gr\u00fcnstreifen zum Stehen. Der Fahrzeugf\u00fchrer blieb unverletzt. Bis Abschluss der Bergungsarbeiten gegen 01:00 Uhr verblieben alle Fahrstreifen gesperrt.<\/p>\n\n\n\n<h2 class=\"wp-block-heading\">(Dienstgebiet der PI Landau) &#8211; Erneut Gl\u00e4tteunf\u00e4lle<\/h2>\n\n\n\n<p>Im Zeitraum von Donnerstag, 6Uhr bis Freitag, 6Uhr kam es im Dienstgebiet der Polizeiinspektion Landau zu 9 Unf\u00e4llen, welche im Zusammenhang mit der winterglatten Fahrbahn standen. Gl\u00fccklicherweise wurde hierbei niemand verletzt.<\/p>\n\n\n\n<h2 class=\"wp-block-heading\">(Landau) &#8211; Beim Einparken im Nordring einen VW Touran gestreift&#8230;<\/h2>\n\n\n\n<p>&#8230;hat eine Frau am Donnerstag gegen 14:30h mit ihrem Opel Corsa. Sie hinterlie\u00df zwar einen Zettel, es ist aber unklar, ob dieser den\/die Halter\/in erreichte. Sollte jemandem ein solches Fahrzeug zur genannten Zeit dort besch\u00e4digt worden sein, kann er\/sie sich bei der Polizeiinspektion Landau melden.<\/p>\n\n\n\n<h2 class=\"wp-block-heading\">(Birkweiler) &#8211; Verkehrskontrollen in der Weinstra\u00dfe<\/h2>\n\n\n\n<p>Aufgrund von Beschwerden wurden am Donnerstag zwischen 13h und 14:30h in der Weinstra\u00dfe in Birkweiler Verkehrskontrollen durchgef\u00fchrt. Hierbei konnten ein Versto\u00df gegen die Gurtpflicht und ein Versto\u00df gegen die Winterreifenpflicht bei entsprechender Witterung festgestellt werden.<\/p>\n\n\n\n<h2 class=\"wp-block-heading\">(Edenkoben) &#8211; WhatsApp-Betrug &#8222;Hallo Mama&#8220;<\/h2>\n\n\n\n<p>Erneut kam es zu einem Betrug mit der dreisten WhatsApp-Masche. So erhielt eine 60 Jahre alte Frau eine WhatsApp-Nachricht von ihrer vermeintlichen Tochter, dass ihr Handy kaputtgegangen war und sie doch bitte ihre neue Erreichbarkeit in ihr Smartphone einspeichern soll. Die Ganoven verwickelten die Frau in eine l\u00e4ngere Konversation und verschafften sich dadurch Vertrauen. Letztendlich wurde ihr dann noch mitgeteilt, dass das Onlinebanking nicht mehr funktioniere und eine Rechnung f\u00fcr Gardinen in H\u00f6he von knapp 3.000 Euro bezahlt werden m\u00fcsse. Der &#8222;Tochter&#8220; wurden im Anschluss 3000 Euro \u00fcberwiesen. Die Polizei appelliert: Sch\u00fctzen Sie ihren WhatsApp-Account vor Betrug. Entlarven Sie Betr\u00fcger, indem Sie um eine Sprachnachricht bitten oder rufen Sie vor einer \u00dcberweisung die Person an, um deren Identit\u00e4t zu \u00fcberpr\u00fcfen. Nur so k\u00f6nnen Sie sicher sein, dass keine fremde Person Ihren Account missbr\u00e4uchlich verwendet.<\/p>\n\n\n\n<h2 class=\"wp-block-heading\">(Neustadt) &#8211; Einbr\u00fcche in Kleingartenanlage \/ Gesch\u00e4digte gesucht<\/h2>\n\n\n\n<p>Vom 14.12.2022 auf den 15.12.2022 brachen unbekannte T\u00e4ter in mehrere Gartenlauben in der Kleingartenanlage s\u00fcdlich der B38, zwischen Neustadt und Auffahrt A65, ein. Die T\u00e4ter verschafften sich unter anderem durch Aufbrechen der Gartentore und Aufschneiden der Gartenz\u00e4une Zugang zu mindestens 17 Parzellen und entwendeten hier Kupferkabel und Benzinkanister. Ein Ermittlungsverfahren wurde eingeleitet.<\/p>\n\n\n\n<p>Da bislang nicht alle Eigent\u00fcmer der betroffenen Parzellen namentlich ermittelt werden konnten, bittet die Polizei s\u00e4mtliche Gesch\u00e4digte deren Personalien noch nicht aktenkundig sind, sich bei der Polizeiinspektion Neustadt zu melden.<\/p>\n\n\n\n<p>Die Polizei bittet zudem Zeugen, welche Angaben zum Sachverhalt oder zu verd\u00e4chtigen Wahrnehmungen im Bereich der genannten \u00d6rtlichkeit machen k\u00f6nnen, sich mit der Polizeiinspektion Neustadt oder einer anderen Polizeidienststelle in Verbindung zu setzen.<\/p>\n\n\n\n<h2 class=\"wp-block-heading\">(Gr\u00fcnstadt) &#8211; R\u00e4uberischer Diebstahl in Verkaufsmarkt<\/h2>\n\n\n\n<p>Am 15.12.2022, 17:00 Uhr kam es in einem Verkaufsmarkt in der Kirchheimer Stra\u00dfe zu einem r\u00e4uberischen Diebstahl. Ein 28-j\u00e4hriger Mann entpackte im Markt elektronische Kleinger\u00e4te im Wert von 83 Euro und steckte diese in seinen Rucksack. An der Kasse bezahlte er eine T\u00fcte Chips. Nach passieren des Kassenbereichs wurde er von einem Ladendetektiv angesprochen. Auf dem Weg in die B\u00fcror\u00e4ume schlug der T\u00e4ter nach dem Ladendetektiv. Der Ladendetektiv wurde hierbei leicht verletzt. Im darauffolgenden Gerangel wurde eine Glasvitrine besch\u00e4digt. Der T\u00e4ter wurde hierbei durch eine Glasscherbe leicht verletzt. Der T\u00e4ter muss mit einer Anzeige wegen r\u00e4uberischen Diebstahl rechnen.<\/p>\n\n\n\n<h2 class=\"wp-block-heading\">(Worms) &#8211; Verkehrsteilnehmer unter dem Einfluss von Drogen<\/h2>\n\n\n\n<p>Am Donnerstag 15.12.22, gegen 14:30 Uhr, wurde ein 19-j\u00e4hriger Mann aus dem Landkreis Bad D\u00fcrkheim mit seinem PKW mit EMS-Kennzeichen auf der BAB 61, Gemarkung Worms, kontrolliert. Nach dem sich der Verdacht des Drogenkonsums bei dem Fahrer erh\u00e4rtete, sollte ein Drogenschnelltest durchgef\u00fchrt werden, der durch den Fahrer abgelehnt wurde. Es musste daraufhin eine Blutprobe entnommen werden und die Weiterfahrt wurde untersagt. Weiterhin wurde ein entsprechendes Bu\u00dfgeldverfahren gegen den Fahrer eingeleitet.<\/p>\n\n\n\n<h2 class=\"wp-block-heading\">(Ludwigshafen) &#8211; Diebstahl zweier weihnachtlicher Gartenfiguren<\/h2>\n\n\n<div class=\"wp-block-image\">\n<figure class=\"aligncenter size-full\"><img decoding=\"async\" loading=\"lazy\" width=\"800\" height=\"541\" src=\"https:\/\/speyer24news.com\/wp-content\/uploads\/2022\/12\/Figuren.jpg\" alt=\"\" class=\"wp-image-50499\" srcset=\"https:\/\/speyer24news.com\/wp-content\/uploads\/2022\/12\/Figuren.jpg 800w, https:\/\/speyer24news.com\/wp-content\/uploads\/2022\/12\/Figuren-300x203.jpg 300w, https:\/\/speyer24news.com\/wp-content\/uploads\/2022\/12\/Figuren-768x519.jpg 768w\" sizes=\"(max-width: 800px) 100vw, 800px\" \/><\/figure><\/div>\n\n\n<p>Am Freitag, den 16.12.2022, zwischen 13:00 Uhr und 18:30 Uhr, wurden aus einem Vorgarten im Ostringplatz zwei beleuchtete Figuren entwendet. Hierbei handelte es sich um ein Rentier mit roter Nase und einen Schneemann mit M\u00fctze, Schal und Handschuhe. Der oder die T\u00e4ter \u00fcberstiegen den Gartenzaun des Anwesens und entwendeten die Figuren. Die Schadensh\u00f6he bel\u00e4uft sich auf circa 70 Euro.<\/p>\n\n\n\n<p>Zeugen, welche Angaben zum Sachverhalt t\u00e4tigen k\u00f6nnen, werden gebeten sich mit der Polizeiinspektion Ludwigshafen 2 unter der 0621\/9632222 in Verbindung zu setzen.<\/p>\n\n\n\n<h2 class=\"wp-block-heading\">(Ludwigshafen) &#8211; Einbruch in Wohnung \/ Bargeld gestohlen<\/h2>\n\n\n\n<p>Unbekannte brachen am Donnerstag (15.12.2022), zwischen 17 Uhr und 21.30 Uhr, in eine Erdgeschosswohnung im Br\u00fcsseler Ring ein. Aus der Wohnung wurde Bargeld in noch unbekannter H\u00f6he entwendet. Sachdienliche Hinweise nimmt die Kriminalpolizei Ludwigshafen unter der Telefonnummer 0621\/963-2773 oder per E-Mail&nbsp;<a href=\"mailto:kiludwigshafen.k1.kdd@polizei.rlp.de\">kiludwigshafen.k1.kdd@polizei.rlp.de<\/a>&nbsp;entgegen.<\/p>\n\n\n\n<h2 class=\"wp-block-heading\">(Ludwigshafen) &#8211; Einbruch in Einfamilienhaus \/ Schmuck gestohlen<\/h2>\n\n\n\n<p>Unbekannte brachen am Donnerstag (15.12.2022), zwischen 14 Uhr und 18 Uhr, in ein Einfamilienhaus in der Pielachstra\u00dfe ein. Aus den R\u00e4umlichkeiten wurde Schmuck in noch unbekannter H\u00f6he entwendet. Sachdienliche Hinweise nimmt die Kriminalpolizei Ludwigshafen unter der Telefonnummer 0621\/963-2773 oder per E-Mail&nbsp;<a href=\"mailto:kiludwigshafen.k1.kdd@polizei.rlp.de\">kiludwigshafen.k1.kdd@polizei.rlp.de<\/a>&nbsp;entgegen.<\/p>\n\n\n\n<h2 class=\"wp-block-heading\">(A 650 \/ Ludwigshafen) &#8211; Verkehrsteilnehmer unter dem Einfluss von Drogen II<\/h2>\n\n\n\n<p>Am Donnerstag 15.12.22, gegen 16:40 Uhr, wurde ein 42-j\u00e4hriger Mann aus dem Rhein-Neckar-Kreis mit seinem PKW mit HD-Kennzeichen auf der BAB 650, Gemarkung Ludwigshafen, kontrolliert. Nach dem sich der Verdacht des Drogenkonsums bei dem Fahrer erh\u00e4rtete, wurde ein Drogenschnelltest durchgef\u00fchrt der positiv auf Opiate reagierte, weshalb eine Blutprobe entnommen wurde und die Weiterfahrt untersagt wurde. Weiterhin wurde ein entsprechendes Bu\u00dfgeldverfahren gegen den Fahrer eingeleitet.<\/p>\n\n\n\n<h2 class=\"wp-block-heading\">(Ludwigshafen) &#8211; 26-J\u00e4hriger bedroht und beleidigt Polizisten<\/h2>\n\n\n<div class=\"wp-block-image\">\n<figure class=\"aligncenter size-full\"><img decoding=\"async\" loading=\"lazy\" width=\"800\" height=\"533\" src=\"https:\/\/speyer24news.com\/wp-content\/uploads\/2021\/10\/Festnahme-Handschellen.jpg\" alt=\"\" class=\"wp-image-41224\" srcset=\"https:\/\/speyer24news.com\/wp-content\/uploads\/2021\/10\/Festnahme-Handschellen.jpg 800w, https:\/\/speyer24news.com\/wp-content\/uploads\/2021\/10\/Festnahme-Handschellen-300x200.jpg 300w, https:\/\/speyer24news.com\/wp-content\/uploads\/2021\/10\/Festnahme-Handschellen-768x512.jpg 768w\" sizes=\"(max-width: 800px) 100vw, 800px\" \/><figcaption>Beispielbild Handschelle \/ Verhaftung, dient lediglich der Visualisierung<\/figcaption><\/figure><\/div>\n\n\n<p>Ein 26-J\u00e4hriger wurde am Donnerstagnachmittag (15.12.2022) in der Saarlandstra\u00dfe von einer Polizeistreife kontrolliert. W\u00e4hrend der Kontrolle beleidigte und bedrohte er die Polizeibeamtinnen und Polizeibeamten. Anschlie\u00dfend spuckte er auf den Streifenwagen. Der 26-J\u00e4hrige wurde gefesselt und zur eine Polizeidienststelle gebracht. Dort wurde ihm eine Blutprobe entnommen. Der Mann stand unter Bet\u00e4ubungsmitteleinfluss.<\/p>\n\n\n\n<h2 class=\"wp-block-heading\">(Ludwigshafen) &#8211; Frontalzusammensto\u00df \/ Beteiligte bleiben unverletzt<\/h2>\n\n\n\n<p>Eine 36-j\u00e4hrige PKW-Fahrerin wollte am Donnerstagmittag (15.12.2022) in der Bruchwiesenstra\u00dfe abbiegen und \u00fcbersah hierbei eine 58-j\u00e4hrige PKW-Fahrerin. Beide Fahrzeuge kollidierten frontal. W\u00e4hrend der Verkehrsunfallaufnahme musste die Fahrbahn kurzfristig gesperrt werden. Beide Fahrerinnen blieben unverletzt. Insgesamt entstand ein Sachschaden in H\u00f6he von 12.000 Euro.<\/p>\n\n\n\n<h2 class=\"wp-block-heading\">(A 650 \/ Ludwigshafen) &#8211; Verkehrsteilnehmer unter dem Einfluss von Drogen I<\/h2>\n\n\n\n<p>Am Donnerstag 15.12.22, gegen 12:00 Uhr, wurde ein 37-j\u00e4hriger Mann aus dem Landkreis Karlsruhe mit seinem Transporter mit KA-Kennzeichen auf der BAB 650, Gemarkung Ludwigshafen, kontrolliert. Nach dem sich der Verdacht des Drogenkonsums bei dem Fahrer erh\u00e4rtete, wurde ein Drogenschnelltest durchgef\u00fchrt der positiv auf Cannabis reagierte, weshalb eine Blutprobe entnommen wurde und die Weiterfahrt untersagt wurde. Weiterhin wurde ein entsprechendes Bu\u00dfgeldverfahren gegen den Fahrer eingeleitet.<\/p>\n\n\n\n<h2 class=\"wp-block-heading\">(Ludwigshafen) &#8211; Fahrradfahrer sto\u00dfen zusammen<\/h2>\n\n\n\n<p>Zwei Fahrradfahrer stie\u00dfen am Donnerstagmorgen (15.12.2022) auf einem Fahrradweg in der Rheinuferstra\u00dfe frontal zusammen. Beide Radfahrer im Alter von 25 und 62 Jahren wurden hierbei verletzt und mussten in einem Krankenhaus medizinisch versorgt werden. Sachdienliche Hinweise bitte an die Polizeiinspektion Ludwigshafen 2, Telefonnummer 0621 963-2222 oder per E-Mail&nbsp;<a href=\"mailto:piludwigshafen2@polizei.rlp.de\">piludwigshafen2@polizei.rlp.de<\/a>&nbsp;.<\/p>\n\n\n\n<h2 class=\"wp-block-heading\">(Ludwigshafen) &#8211; Versuchter Einbruch in Wohnhaus<a href=\"https:\/\/www.facebook.com\/sharer.php?u=https%3A%2F%2Fwww.presseportal.de%2Fblaulicht%2Fpm%2F117696%2F5396338%2F%3Futm_source%3Dfacebook%26utm_medium%3Dsocial\"><\/a><a href=\"https:\/\/twitter.com\/intent\/tweet?text=POL-PPRP%3A%20Versuchter%20Einbruch%20in%20Wohnhaus&amp;url=https%3A%2F%2Fwww.presseportal.de%2Fblaulicht%2Fpm%2F117696%2F5396338%2F%3Futm_source%3Dtwitter%26utm_medium%3Dsocial&amp;hashtags=ots&amp;lang=de\"><\/a><a href=\"https:\/\/web.whatsapp.com\/send?text=POL-PPRP%3A%20Versuchter%20Einbruch%20in%20Wohnhaus%0A%0Ahttps%3A%2F%2Fwww.presseportal.de%2Fblaulicht%2Fpm%2F117696%2F5396338%2F%3Futm_source%3Dwhatsapp%26utm_medium%3Dsocial\"><\/a><a href=\"https:\/\/www.xing.com\/app\/user?op=share;url=https%3A%2F%2Fwww.presseportal.de%2Fblaulicht%2Fpm%2F117696%2F5396338%2F%3Futm_source%3Dxing%26utm_medium%3Dsocial\"><\/a><a href=\"http:\/\/www.linkedin.com\/shareArticle?mini=true&amp;url=https%3A%2F%2Fwww.presseportal.de%2Fblaulicht%2Fpm%2F117696%2F5396338%2F%3Futm_source%3Dlinkedin%26utm_medium%3Dsocial&amp;title=POL-PPRP%3A+Versuchter+Einbruch+in+Wohnhaus\"><\/a><a href=\"mailto:?subject=POL-PPRP%3A%20Versuchter%20Einbruch%20in%20Wohnhaus&amp;body=https:\/\/www.presseportal.de\/blaulicht\/pm\/117696\/5396338\"><\/a><\/h2>\n\n\n\n<p>Unbekannte versuchten in dem Zeitraum vom 24.11.2022 bis 15.12.2022 in ein Wohnhaus im Johannisbeerweg einzubrechen. Das Vorhaben misslang jedoch. Es entstand lediglich Sachschaden in H\u00f6he von 200 Euro. Sachdienliche Hinweise nimmt die Kriminalpolizei Ludwigshafen unter der Telefonnummer 0621\/963-2773 oder per E-Mail&nbsp;<a href=\"mailto:kiludwigshafen.k1.kdd@polizei.rlp.de\">kiludwigshafen.k1.kdd@polizei.rlp.de<\/a>&nbsp;entgegen.<\/p>\n\n\n\n<h2 class=\"wp-block-heading\">(Ludwigshafen) &#8211; Einbruch in Zahnarztpraxis<\/h2>\n\n\n\n<p>Unbekannte versuchten am Mittwochabend (14.12.2022) in eine Zahnarztpraxis in der Salzburger Stra\u00dfe einzubrechen. Das Vorhaben misslang jedoch. Es entstand lediglich Sachschaden in H\u00f6he von 200 Euro. Sachdienliche Hinweise nimmt die Kriminalpolizei Ludwigshafen unter der Telefonnummer 0621\/963-2773 oder per E-Mail\u00a0<a href=\"mailto:kiludwigshafen.k1.kdd@polizei.rlp.de\">kiludwigshafen.k1.kdd@polizei.rlp.de<\/a>\u00a0entgegen.<\/p>\n\n\n\n<h2 class=\"wp-block-heading\">(Ludwigshafen) &#8211; Brand in Baumarkt<\/h2>\n\n\n\n<p>Am Mittwochabend (14.12.2022) wurde ein Brand in einem Baumarkt in der Oderstra\u00dfe gemeldet. Vor Ort wurde festgestellt, dass ein Pappkarton mit Feuerzeugen in Brand geraten war. Die Feuerwehr hatte diesen bereits gel\u00f6scht. Da sich Hinweise auf eine Brandstiftung ergaben, wurden die Ermittlungen aufgenommen.<\/p>\n\n\n\n<p>Sachdienliche Hinweise nimmt die Kriminalpolizei Ludwigshafen unter der Telefonnummer 0621\/963-2773 oder per E-Mail\u00a0<a href=\"mailto:kiludwigshafen.k1.kdd@polizei.rlp.de\">kiludwigshafen.k1.kdd@polizei.rlp.de<\/a>\u00a0entgegen.<\/p>\n\n\n\n<h2 class=\"wp-block-heading\">(Ludwigshafen) &#8211; Anh\u00e4nger aufgebrochen \/ Werkzeug entwendet<\/h2>\n\n\n\n<p>Zwischen dem 13.12.2022 und dem 14.12.2022 brachen bislang unbekannte T\u00e4ter einen Anh\u00e4nger in der Erich-Reimann-Stra\u00dfe auf und entwendeten darin befindliches Werkzeug. Die genaue Schadensh\u00f6he muss noch ermittelt werden. Es werden nun Zeugen gesucht, die die Tat beobachtet haben oder im genannten Zeitraum im Bereich Erich-Reimann-Stra\u00dfe verd\u00e4chtige Personen wahrgenommen haben. Sachdienliche Hinweise bitte an die Polizeiinspektion Ludwigshafen 1, Telefonnummer 0621 963-2122 oder per E-Mail\u00a0<a href=\"mailto:piludwigshafen1@polizei.rlp.de\">piludwigshafen1@polizei.rlp.de<\/a>\u00a0.<\/p>\n\n\n\n<h2 class=\"wp-block-heading\">(Ludwigshafen) &#8211; Katalysatorendiebst\u00e4hle \/ Zeugen gesucht<\/h2>\n\n\n\n<p>In der Nacht von Dienstag auf Mittwoch (13.12.2022 &#8211; 14.12.2022) wurden an zwei Fahrzeugen in der Kaiserstra\u00dfe und der Alten Weinstra\u00dfe Katalysatoren herausgeschnitten und entwendet. Wer hat die Taten beobachtet oder im genannten Zeitraum an den Tat\u00f6rtlichkeiten verd\u00e4chtige Personen wahrgenommen? Sachdienliche Hinweise bitte an die Polizeiinspektion Ludwigshafen 1, Telefonnummer 0621 963-2122 oder per E-Mail&nbsp;<a href=\"mailto:piludwigshafen1@polizei.rlp.de\">piludwigshafen1@polizei.rlp.de<\/a><\/p>\n\n\n\n<h2 class=\"wp-block-heading\">(Ludwigshafen) &#8211; Einbruch in Firmengeb\u00e4ude \/ Zeugen gesucht<\/h2>\n\n\n\n<p>Im Zeitraum zwischen dem 09.12.2022 und dem 14.12.2022 brachen bislang unbekannte T\u00e4ter in ein B\u00fcrogeb\u00e4ude in der Edigheimer Stra\u00dfe, H\u00f6he Kurt-Schumacher-Stra\u00dfe ein und entwendeten einen Tresor. Die genaue Schadensh\u00f6he kann noch nicht beziffert werden. Wer hat die Tat beobachtet oder im genannten Zeitraum im Bereich Edigheimer Stra\u00dfe\/Kurt-Schumacher-Stra\u00dfe verd\u00e4chtige Personen wahrgenommen? Sachdienliche Hinweise nimmt die Kriminalpolizei Ludwigshafen unter der Telefonnummer 0621\/963-2773 oder per E-Mail\u00a0<a href=\"mailto:kiludwigshafen.k1.kdd@polizei.rlp.de\">kiludwigshafen.k1.kdd@polizei.rlp.de<\/a>\u00a0entgegen.<\/p>\n\n\n\n<h2 class=\"wp-block-heading\">(Mannheim-Stadtgebiet) &#8211; Vermisste Person wieder angetroffen \/ R\u00fccknahme der \u00d6ffentlichkeitsfahndung<\/h2>\n\n\n\n<p>Die Suche nach dem seit Samstag, 10.12.22, vermissten Javier J. ist beendet. Der 30-J\u00e4hrige wurde wohlbehalten im Stadtgebiet Mannheim angetroffen. Die \u00d6ffentlichkeitsfahndung wird somit zur\u00fcckgenommen. <\/p>\n\n\n\n<h2 class=\"wp-block-heading\">(Mannheim) &#8211; Unbekannter f\u00e4hrt gegen heruntergelassene Bahnschranke \/ Zeugenaufruf!<\/h2>\n\n\n\n<p>Ein bislang unbekannter Fahrzeugf\u00fchrer fuhr in der Nacht von Mittwoch auf Donnerstag auf der Seckenheimer Hauptstra\u00dfe und kollidierte aus derzeit unbekannten Gr\u00fcnden am Bahn\u00fcbergang zur K4138 mit einer heruntergelassenen Bahnschranke. Im Anschluss entfernte sich der Fahrzeugf\u00fchrer von der Unfallstelle.<\/p>\n\n\n\n<p>An der Bahnschranke entstand ein Sachschaden in noch unbekannter H\u00f6he.<\/p>\n\n\n\n<p>Das Polizeirevier Ladenburg hat die Ermittlungen wegen Verkehrsunfallflucht aufgenommen und bittet Zeugen, welche Hinweise auf den Unfallverursacher geben k\u00f6nnen, sich unter der Telefonnummer 06203 9305-0 zu melden.<\/p>\n\n\n\n<h2 class=\"wp-block-heading\">(Mannheim) &#8211; LKW fl\u00fcchtet nach Verkehrsunfall \/ Zeugenaufruf<a href=\"https:\/\/www.facebook.com\/sharer.php?u=https%3A%2F%2Fwww.presseportal.de%2Fblaulicht%2Fpm%2F14915%2F5396564%2F%3Futm_source%3Dfacebook%26utm_medium%3Dsocial\"><\/a><a href=\"https:\/\/twitter.com\/intent\/tweet?text=POL-MA%3A%20Mannheim%3A%20LKW%20fl%C3%BCchtet%20nach%20Verkehrsunfall%20-%20Zeugenaufruf&amp;url=https%3A%2F%2Fwww.presseportal.de%2Fblaulicht%2Fpm%2F14915%2F5396564%2F%3Futm_source%3Dtwitter%26utm_medium%3Dsocial&amp;hashtags=ots&amp;lang=de\"><\/a><a href=\"https:\/\/web.whatsapp.com\/send?text=POL-MA%3A%20Mannheim%3A%20LKW%20fl%C3%BCchtet%20nach%20Verkehrsunfall%20-%20Zeugenaufruf%0A%0Ahttps%3A%2F%2Fwww.presseportal.de%2Fblaulicht%2Fpm%2F14915%2F5396564%2F%3Futm_source%3Dwhatsapp%26utm_medium%3Dsocial\"><\/a><a href=\"https:\/\/www.xing.com\/app\/user?op=share;url=https%3A%2F%2Fwww.presseportal.de%2Fblaulicht%2Fpm%2F14915%2F5396564%2F%3Futm_source%3Dxing%26utm_medium%3Dsocial\"><\/a><a href=\"http:\/\/www.linkedin.com\/shareArticle?mini=true&amp;url=https%3A%2F%2Fwww.presseportal.de%2Fblaulicht%2Fpm%2F14915%2F5396564%2F%3Futm_source%3Dlinkedin%26utm_medium%3Dsocial&amp;title=POL-MA%3A+Mannheim%3A+LKW+fl%C3%BCchtet+nach+Verkehrsunfall+-+Zeugenaufruf\"><\/a><a href=\"mailto:?subject=POL-MA%3A%20Mannheim%3A%20LKW%20fl%C3%BCchtet%20nach%20Verkehrsunfall%20-%20Zeugenaufruf&amp;body=https:\/\/www.presseportal.de\/blaulicht\/pm\/14915\/5396564\"><\/a><\/h2>\n\n\n\n<p>Ein bislang unbekannter LKW-Fahrer befuhr am Mittwochnachmittag gegen 15 Uhr den Luisenring in Richtung G 7, wechselte von der linken auf die mittlere Fahrspur und besch\u00e4digte hierbei einen PKW der Marke Skoda, der sich auf der mittleren Fahrspur befand. Im Anschluss entfernte sich der Verursacher von der Unfallstelle. Durch die Kollision entstand am gesch\u00e4digten Fahrzeug ein Sachschaden von \u00fcber 1.000,- Euro. Die Schadensh\u00f6he des LKW ist unbekannt.<\/p>\n\n\n\n<ul><li><strong>Der LKW wurde wie folgt beschrieben: 7,5t &#8211; LKW, weinrote Fahrerkabine, verschmutzter, wei\u00dfer Plattenauflieger. Ersten Ermittlungen zufolge befindet sich die Ansto\u00dfstelle auf der Beifahrerseite im Bereich der Fahrerkabine.<\/strong><\/li><li><strong>Die Beschreibung des LKW-Fahrers lautet: M\u00e4nnlich, normale Figur, kurze dunkle Haare, Dreitagebart.<\/strong><\/li><\/ul>\n\n\n\n<p>Das Polizeirevier Mannheim-Innenstadt hat die Ermittlungen wegen Verkehrsunfallflucht aufgenommen.<\/p>\n\n\n\n<p>Bei der Unfall\u00f6rtlichkeit handelt es sich um eine stark frequentierte Stra\u00dfe, weswegen durch den Unfall ein kurzzeitiger R\u00fcckstau entstanden ist. Zeugen, die den Unfall beobachtet haben oder Angaben zum Unfallverursacher machen k\u00f6nnen, werden gebeten, sich unter der Telefonnummer 0621 1258-0 zu melden.<\/p>\n\n\n\n<h2 class=\"wp-block-heading\">(Heidelberg \/ Mannheim \/ Rhein-Neckar-Kreis) &#8211; St\u00f6rung der Telefonanalage \/ Dienststellen teilweise nicht erreichbar<\/h2>\n\n\n\n<p>Aufgrund einer St\u00f6rung der Telefonanlage sind einzelne Dienststellen des Polizeipr\u00e4sidiums Mannheim derzeit nicht telefonisch erreichbar.<\/p>\n\n\n\n<p>Betroffen ist die Amtsleitung Tel.: 0621 174 ff. Der Polizeinotruf 110 sowie die Telefonleitungen der Polizeireviere sind davon nicht betroffen.<\/p>\n\n\n\n<p>Derzeit wird mit Hochdruck an der St\u00f6rungsbeseitigung gearbeitet.<\/p>\n\n\n\n<h3 class=\"has-text-align-center wp-block-heading\">St\u00f6rung behoben!<\/h3>\n\n\n\n<p>Die zuvor gemeldete St\u00f6rung der Amtsleitung des Polizeipr\u00e4sidiums Mannheim ist behoben. Alle Dienststellen sind wieder uneingeschr\u00e4nkt erreichbar.<\/p>\n\n\n\n<h2 class=\"wp-block-heading\">(Heidelberg) &#8211; Verkehrsunfall mit zwei verletzten Rollerfahrern<\/h2>\n\n\n\n<p>Am Donnerstagmorgen gegen 9 Uhr fuhr ein 26-j\u00e4hriger PKW-Fahrer auf der Speyerer Stra\u00dfe von der Bundesstra\u00dfe 535 kommend in Fahrtrichtung Heidelberg und kollidiert mit einem vorausfahrenden Rollerfahrer. Durch die Kollision verliert der 24-j\u00e4hrige Rollerfahrer mit Sozius das Gleichgewicht und st\u00fcrzt auf die Fahrbahn. Die Unfallursache ist Gegenstand der Unfallermittlungen des Verkehrsdienstes Heidelberg.<\/p>\n\n\n\n<p>Durch das Unfallgeschehen wurden der Rollerfahrer sowie sein Mitfahrer leicht verletzt, vor Ort durch einen Rettungswagen behandelt und zur weiteren Untersuchung in die Chirurgie gebracht.<\/p>\n\n\n\n<p>Der Roller musste durch einen Abschleppdienst abgeholt werden. Der Gesamtschaden bel\u00e4uft sich auf \u00fcber 5.000,- Euro.<\/p>\n\n\n\n<h2 class=\"wp-block-heading\">(Heidelberg) &#8211; Verkehrsbehinderungen durch PKW-Fahrer \/ Die Polizei sucht Gesch\u00e4digte und Zeugen<a href=\"https:\/\/www.facebook.com\/sharer.php?u=https%3A%2F%2Fwww.presseportal.de%2Fblaulicht%2Fpm%2F14915%2F5396674%2F%3Futm_source%3Dfacebook%26utm_medium%3Dsocial\"><\/a><a href=\"https:\/\/twitter.com\/intent\/tweet?text=POL-MA%3A%20Heidelberg%3A%20Verkehrsbehinderungen%20durch%20PKW-Fahrer%20-%20Die%20Polizei%20sucht%20Gesch%C3%A4digte%20und%20Zeugen&amp;url=https%3A%2F%2Fwww.presseportal.de%2Fblaulicht%2Fpm%2F14915%2F5396674%2F%3Futm_source%3Dtwitter%26utm_medium%3Dsocial&amp;hashtags=ots&amp;lang=de\"><\/a><a href=\"https:\/\/web.whatsapp.com\/send?text=POL-MA%3A%20Heidelberg%3A%20Verkehrsbehinderungen%20durch%20PKW-Fahrer%20-%20Die%20Polizei%20sucht%20Gesch%C3%A4digte%20und%20Zeugen%0A%0Ahttps%3A%2F%2Fwww.presseportal.de%2Fblaulicht%2Fpm%2F14915%2F5396674%2F%3Futm_source%3Dwhatsapp%26utm_medium%3Dsocial\"><\/a><a href=\"https:\/\/www.xing.com\/app\/user?op=share;url=https%3A%2F%2Fwww.presseportal.de%2Fblaulicht%2Fpm%2F14915%2F5396674%2F%3Futm_source%3Dxing%26utm_medium%3Dsocial\"><\/a><a href=\"http:\/\/www.linkedin.com\/shareArticle?mini=true&amp;url=https%3A%2F%2Fwww.presseportal.de%2Fblaulicht%2Fpm%2F14915%2F5396674%2F%3Futm_source%3Dlinkedin%26utm_medium%3Dsocial&amp;title=POL-MA%3A+Heidelberg%3A+Verkehrsbehinderungen+durch+PKW-Fahrer+-+Die+Polizei+sucht+Gesch%C3%A4digte+und+Zeugen\"><\/a><a href=\"mailto:?subject=POL-MA%3A%20Heidelberg%3A%20Verkehrsbehinderungen%20durch%20PKW-Fahrer%20-%20Die%20Polizei%20sucht%20Gesch%C3%A4digte%20und%20Zeugen&amp;body=https:\/\/www.presseportal.de\/blaulicht\/pm\/14915\/5396674\"><\/a><\/h2>\n\n\n\n<p>Am Mittwoch gegen 8 Uhr befuhr bislang unbekannter Fahrzeugf\u00fchrer mit einem gr\u00fcnen Mercedes-Benz die Jahnstra\u00dfe. Dabei bremste der Unbekannte zun\u00e4chst ohne zwingenden Grund vor dem &#8222;Caf\u00e9 Frisch&#8220;, \u00fcberf\u00e4hrt im Anschluss eine hohe Bordsteinkante und parkt vor dem oben genannten Caf\u00e9. Nach Angaben von Zeugen wird durch das Verhalten des unbekannten Fahrzeugf\u00fchrers sowohl ein Bus zum starken abbremsen gen\u00f6tigt als auch eine auf dem Radweg befindliche Fahrradfahrerin zum Ausweichen gezwungen.<\/p>\n\n\n\n<h4 class=\"wp-block-heading\">Der Fahrzeugf\u00fchrer wird wie folgt beschrieben: <\/h4>\n\n\n\n<ul><li><strong>Ca. 35 Jahre alt<\/strong><\/li><li><strong>180cm gro\u00df<\/strong><\/li><li><strong>kurzes, mitteldunkles, etwas sch\u00fctterndes Haar<\/strong><\/li><li><strong>Im Fahrzeug des Verd\u00e4chtigen soll au\u00dferdem ein etwa 7 Jahre altes Kind mitgefahren sein.<\/strong><\/li><\/ul>\n\n\n\n<p>Das Polizeirevier Heidelberg-Nord hat die Ermittlungen aufgenommen und bittet Gesch\u00e4digte sowie Zeugen, sich unter der Telefonnummer 06221 4569-0 zu melden.<\/p>\n\n\n\n<h2 class=\"wp-block-heading\">(M\u00fchlhausen \/ Rhein-Neckar-Kreis) &#8211; Polizeihubschraubereinsatz bei Vermisstensuche<\/h2>\n\n\n<div class=\"wp-block-image\">\n<figure class=\"aligncenter size-full\"><img decoding=\"async\" loading=\"lazy\" width=\"640\" height=\"480\" src=\"https:\/\/speyer24news.com\/wp-content\/uploads\/2020\/07\/Hubschraubersuche-der-Polizei.jpg\" alt=\"\" class=\"wp-image-29364\" srcset=\"https:\/\/speyer24news.com\/wp-content\/uploads\/2020\/07\/Hubschraubersuche-der-Polizei.jpg 640w, https:\/\/speyer24news.com\/wp-content\/uploads\/2020\/07\/Hubschraubersuche-der-Polizei-300x225.jpg 300w, https:\/\/speyer24news.com\/wp-content\/uploads\/2020\/07\/Hubschraubersuche-der-Polizei-326x245.jpg 326w, https:\/\/speyer24news.com\/wp-content\/uploads\/2020\/07\/Hubschraubersuche-der-Polizei-80x60.jpg 80w\" sizes=\"(max-width: 640px) 100vw, 640px\" \/><\/figure><\/div>\n\n\n<p>Aktuell (16.12.2022 \u2013 11:38) befindet sich aufgrund einer Vermisstensuche nach einem 52-j\u00e4hrigen in M\u00fchlhausen ein Polizeihubschrauber im Einsatz. Dieser wird durch mehrere Streifen und die Polizeihundef\u00fchrerstaffel am Boden unterst\u00fctzt. Der Vermisste ist mit einer bordeauxroten Jacke mit wei\u00dfem Fell an der Kaputze bekleidet und hat lange blonde Haare.<\/p>\n\n\n\n<h2 class=\"wp-block-heading\">(M\u00fchlhausen \/ Rhein-Neckar-Kreis) &#8211; \u00d6ffentlichkeitsfahndung nach vermisster Person<\/h2>\n\n\n<div class=\"wp-block-image\">\n<figure class=\"aligncenter size-full\"><img decoding=\"async\" src=\"https:\/\/speyer24news.com\/wp-content\/uploads\/2022\/12\/Bild-TH-234x300-Kopie.jpeg\" alt=\"\" class=\"wp-image-50506\"\/><\/figure><\/div>\n\n\n<p>Seit den Abendstunden des 15.12.22 wird der 52-j\u00e4hrige Tobias H. aus M\u00fchlhausen vermisst. Letztmalig wurde er am 15.12.22 gegen 11.00 Uhr an seiner Wohnanschrift gesehen bevor er zu einem Spaziergang in die Umgebung aufbrach und ist seither unbekannten Aufenthaltes. Die \u00dcberpr\u00fcfung aller bekannter Hinwendungsorte f\u00fchrte bislang nicht zum Auffinden des Vermissten, weshalb die Polizei nun mit einem Lichtbild nach dem 52-j\u00e4hrigen sucht. Auch ist derzeit ein Polizeihubschrauber diesbez\u00fcglich im Einsatz und mit der Absuche im Bereich M\u00fchlhausen betraut, am Boden wird er durch weitere Streifen unterst\u00fctzt. Eine hilflose Lage kann derzeit nicht ausgeschlossen werden.<\/p>\n\n\n\n<h4 class=\"wp-block-heading\">Der 52-j\u00e4hrige Tobias H. wird folgenderma\u00dfen beschrieben:<\/h4>\n\n\n\n<ul><li><strong>172 cm gro\u00df<\/strong><\/li><li><strong>72 kg schwer<\/strong><\/li><li><strong>schlanke Figur<\/strong><\/li><li><strong>langer grau-blonder Bart<\/strong><\/li><li><strong>lange blonde Haare (in der Regel zusammengebunden)<\/strong><\/li><li><strong>Bekleidung: blaue bordeauxrote Winterjacke mit wei\u00dfem Fell an der Kapuze<\/strong><\/li><\/ul>\n\n\n\n<p>Wer hat den Vermissten gesehen oder kann Hinweise zu seinem Aufenthalt geben?<\/p>\n\n\n\n<p>Hinweise bitte an den Kriminaldauerdienst unter Tel: 0621 174-4444<\/p>\n\n\n\n<h2 class=\"wp-block-heading\">(Neckargem\u00fcnd \/ Rhein-Neckar-Kreis) &#8211; Brandalarm in Schulzentrum ausgel\u00f6st<a href=\"https:\/\/www.facebook.com\/sharer.php?u=https%3A%2F%2Fwww.presseportal.de%2Fblaulicht%2Fpm%2F14915%2F5396696%2F%3Futm_source%3Dfacebook%26utm_medium%3Dsocial\"><\/a><a href=\"https:\/\/twitter.com\/intent\/tweet?text=POL-MA%3A%20Neckargem%C3%BCnd%20%2F%20Rhein-Neckar-Kreis%3A%20Brandalarm%20in%20Schulzentrum%20ausgel%C3%B6st&amp;url=https%3A%2F%2Fwww.presseportal.de%2Fblaulicht%2Fpm%2F14915%2F5396696%2F%3Futm_source%3Dtwitter%26utm_medium%3Dsocial&amp;hashtags=ots&amp;lang=de\"><\/a><a href=\"https:\/\/web.whatsapp.com\/send?text=POL-MA%3A%20Neckargem%C3%BCnd%20%2F%20Rhein-Neckar-Kreis%3A%20Brandalarm%20in%20Schulzentrum%20ausgel%C3%B6st%0A%0Ahttps%3A%2F%2Fwww.presseportal.de%2Fblaulicht%2Fpm%2F14915%2F5396696%2F%3Futm_source%3Dwhatsapp%26utm_medium%3Dsocial\"><\/a><a href=\"https:\/\/www.xing.com\/app\/user?op=share;url=https%3A%2F%2Fwww.presseportal.de%2Fblaulicht%2Fpm%2F14915%2F5396696%2F%3Futm_source%3Dxing%26utm_medium%3Dsocial\"><\/a><a href=\"http:\/\/www.linkedin.com\/shareArticle?mini=true&amp;url=https%3A%2F%2Fwww.presseportal.de%2Fblaulicht%2Fpm%2F14915%2F5396696%2F%3Futm_source%3Dlinkedin%26utm_medium%3Dsocial&amp;title=POL-MA%3A+Neckargem%C3%BCnd+%2F+Rhein-Neckar-Kreis%3A+Brandalarm+in+Schulzentrum+ausgel%C3%B6st\"><\/a><a href=\"mailto:?subject=POL-MA%3A%20Neckargem%C3%BCnd%20%2F%20Rhein-Neckar-Kreis%3A%20Brandalarm%20in%20Schulzentrum%20ausgel%C3%B6st&amp;body=https:\/\/www.presseportal.de\/blaulicht\/pm\/14915\/5396696\"><\/a><\/h2>\n\n\n\n<p>Um 11.30 Uhr wurde der Brandalarm in einem Schulzentrum in der Poststra\u00dfe ausgel\u00f6st &#8211; die Freiwillige Feuerwehr Neckargem\u00fcnd und das \u00f6rtliche Polizeirevier waren im Einsatz.<\/p>\n\n\n\n<p>Ein Sch\u00fcler hatte offenbar die Weihnachtsdekoration einer Klassenzimmert\u00fcre angez\u00fcndet, die daraufhin sofort in Flammen aufging. \u00dcberrascht von der Folge seines Handels versuchte der 16-J\u00e4hrige das Feuer mit einer Wasserflasche zu l\u00f6schen, was allerdings nicht gelang. Letztlich brannte die Dekoration aus Papier ab, wobei viel Rauch entstand. Die betroffene Klasse hinter der T\u00fcre konnte das Zimmer \u00fcber die Fenster verlassen. Durch den ausgel\u00f6sten Brandalarm verlie\u00dfen auch alle anderen Anwesenden vorschriftsm\u00e4\u00dfig das Geb\u00e4ude. Die alarmierte Freiwillige Feuerwehr Neckargem\u00fcnd l\u00f6schte letztlich das Feuer. Zwei Sch\u00fclerinnen wurden wegen des Verdachts einer Rauchgasintoxikation von den vorsorglich angeforderten Rettungskr\u00e4ften untersucht. Der entstandene Sachschaden kann bislang nicht beziffert werden. Das Geb\u00e4ude selbst wurde nicht besch\u00e4digt, auch trug die feuerfeste T\u00fcre keinen Schaden davon. Der 16-J\u00e4hrige wurde seinen Eltern \u00fcberstellt. Gegen ihn wird nun wegen Sachbesch\u00e4digung durch Brandlegung ermittelt. Der Schulbetrieb wurde fortgesetzt.<\/p>\n\n\n\n<h2 class=\"wp-block-heading\">(Sch\u00f6nau \/ Rhein-Neckar-Kreis) &#8211; Entlassungsschein der JVA statt F\u00fchrerschein vorgezeigt<\/h2>\n\n\n\n<p>Am Donnerstagmorgen gegen 9:30 Uhr fiel einer Streife des Polizeireviers Neckargem\u00fcnd eine 54-j\u00e4hrige PKW-Fahrerin ins Auge. Die Frau war den Beamten bereits aufgrund zur\u00fcckliegender Verkehrsverst\u00f6\u00dfe bekannt. Als die Polizisten die Frau kontrollierten, zeigte diese einen Entlassungsschein einer Justizvollzugsanstalt vor und erl\u00e4uterte den Beamten, dass sie hierdurch zum F\u00fchren eines Kraftfahrzeugs berechtigt w\u00e4re. Tats\u00e4chlich ermittelten die Beamten, dass der Frau bereits vor Monaten die Fahrerlaubnis entzogen worden war. Die Weiterfahrt wurde ihr daher untersagt. Sie erwartet nun eine Strafanzeige wegen Fahrens ohne Fahrerlaubnis.<\/p>\n\n\n\n<h2 class=\"wp-block-heading\">(Weinheim \/ Rhein-Neckar-Kreis) &#8211; Wohnungseinbruchsdiebstahl \/ Zeugen gesucht<\/h2>\n\n\n\n<p>Am Donnerstag im Zeitraum zwischen 7:30Uhr und 8:30 Uhr gelangten bisher unbekannte T\u00e4ter in das Treppenhaus eines Mehrfamilienhauses in der Klausingstra\u00dfe. Im Anschluss traten die Unbekannten gewaltsam eine Wohnungst\u00fcr ein, wodurch ein Sachschaden in H\u00f6he von 400 Euro entstand. Ob die Unbekannten Gegenst\u00e4nde aus der Wohnung entwendeten wird aktuell noch ermittelt.<\/p>\n\n\n\n<p>Die Spezialistinnen und Spezialisten der Ermittlungsgruppe Eigentum der Kriminalpolizeidirektion Heidelberg hat gemeinsam mit der zentralen Kriminaltechnik die Ermittlungen \u00fcbernommen. Die gesicherten Spuren werden nun n\u00e4her gepr\u00fcft und ausgewertet. Zeugen werden gebeten, sich bei sachdienlichen Hinweisen unter der Telefonnummer 0621 174 &#8211; 4444 zu melden.<\/p>\n","protected":false},"excerpt":{"rendered":"<div class=\"mh-excerpt\"><p>Polizeimeldungen vom Freitag (16.12.2022) (Speyer) &#8211; Fahrt unter dem Einfluss von Drogen Am Donnerstag, den 15.12.2022 gegen 14:40 Uhr kontrollierten Beamte der Polizei in Speyer einen 35-j\u00e4hrigen Fahrzeugf\u00fchrer in der Ludwigstra\u00dfe. Bei dem Fahrzeugf\u00fchrer stellten <a class=\"mh-excerpt-more\" href=\"https:\/\/speyer24news.com\/?p=50497\" title=\"Polizeimeldungen Freitag (16.12.2022)\">[&#8230;]<\/a><\/p>\n<\/div>","protected":false},"author":3,"featured_media":26162,"comment_status":"open","ping_status":"open","sticky":false,"template":"","format":"standard","meta":{"_monsterinsights_skip_tracking":false,"_monsterinsights_sitenote_active":false,"_monsterinsights_sitenote_note":"","_monsterinsights_sitenote_category":0,"footnotes":""},"categories":[12],"tags":[7243,7244,3614,350,14537,15084,15267,14538,15361,702,61,2555,6955,6986,6263,63,105,11150,6987,53,4854,13534,4683,1548,4905,11592,102,13626,213,14325,14324,13553,13541,55,8277,6368,5261,103,106,2803,2423,427,2625,380,62,104,979,1565],"aioseo_notices":[],"amp_enabled":true,"_links":{"self":[{"href":"https:\/\/speyer24news.com\/index.php?rest_route=\/wp\/v2\/posts\/50497"}],"collection":[{"href":"https:\/\/speyer24news.com\/index.php?rest_route=\/wp\/v2\/posts"}],"about":[{"href":"https:\/\/speyer24news.com\/index.php?rest_route=\/wp\/v2\/types\/post"}],"author":[{"embeddable":true,"href":"https:\/\/speyer24news.com\/index.php?rest_route=\/wp\/v2\/users\/3"}],"replies":[{"embeddable":true,"href":"https:\/\/speyer24news.com\/index.php?rest_route=%2Fwp%2Fv2%2Fcomments&post=50497"}],"version-history":[{"count":1,"href":"https:\/\/speyer24news.com\/index.php?rest_route=\/wp\/v2\/posts\/50497\/revisions"}],"predecessor-version":[{"id":50507,"href":"https:\/\/speyer24news.com\/index.php?rest_route=\/wp\/v2\/posts\/50497\/revisions\/50507"}],"wp:featuredmedia":[{"embeddable":true,"href":"https:\/\/speyer24news.com\/index.php?rest_route=\/wp\/v2\/media\/26162"}],"wp:attachment":[{"href":"https:\/\/speyer24news.com\/index.php?rest_route=%2Fwp%2Fv2%2Fmedia&parent=50497"}],"wp:term":[{"taxonomy":"category","embeddable":true,"href":"https:\/\/speyer24news.com\/index.php?rest_route=%2Fwp%2Fv2%2Fcategories&post=50497"},{"taxonomy":"post_tag","embeddable":true,"href":"https:\/\/speyer24news.com\/index.php?rest_route=%2Fwp%2Fv2%2Ftags&post=50497"}],"curies":[{"name":"wp","href":"https:\/\/api.w.org\/{rel}","templated":true}]}}