{"id":50508,"date":"2022-12-17T08:00:01","date_gmt":"2022-12-17T07:00:01","guid":{"rendered":"https:\/\/speyer24news.com\/?p=50508"},"modified":"2023-11-01T08:09:02","modified_gmt":"2023-11-01T07:09:02","slug":"personensuche-oeffentlichkeitsfahndung-3","status":"publish","type":"post","link":"https:\/\/speyer24news.com\/?p=50508","title":{"rendered":"Personensuche \/ \u00d6ffentlichkeitsfahndung"},"content":{"rendered":"<style type=\"text\/css\">\r\n\t.ads_top_disp{}\r\n\t.ads_top_corner_disp{ float:left; margin:0px 10px 10px 0px; }\r\n\t.ads_first_p_disp{}\r\n\t.ads_bottom_disp{}\r\n\t<\/style>\n<h2 class=\"wp-block-heading\">Vermisstensuche nach 52-J\u00e4hrigen aus M\u00fchlhausen beendet, R\u00fccknahme der \u00d6ffentlichkeitsfahndung<\/h2>\n\n\n\n<h3 class=\"wp-block-heading has-text-align-center\">Pressemeldung Nr.2<\/h3>\n\n\n<div class=\"wp-block-image\">\n<figure class=\"aligncenter\"><img decoding=\"async\" loading=\"lazy\" width=\"800\" height=\"533\" src=\"https:\/\/speyer24news.com\/wp-content\/uploads\/2021\/02\/candle-2038736_1920.jpg\" alt=\"\" class=\"wp-image-33582\" srcset=\"https:\/\/speyer24news.com\/wp-content\/uploads\/2021\/02\/candle-2038736_1920.jpg 800w, https:\/\/speyer24news.com\/wp-content\/uploads\/2021\/02\/candle-2038736_1920-300x200.jpg 300w, https:\/\/speyer24news.com\/wp-content\/uploads\/2021\/02\/candle-2038736_1920-768x512.jpg 768w\" sizes=\"(max-width: 800px) 100vw, 800px\" \/><\/figure><\/div>\n\n\n<p><strong>(M\u00fchlhausen \/ Rhein-Neckar-Kreis) \u2013 <\/strong>Die Suche nach dem seit 15. Dezember vermissten 52-j\u00e4hrigen Tobias H. aus M\u00fchlhausen ist beendet. Der Mann konnte im Rahmen der Suche durch die polizeilichen Einsatzkr\u00e4fte leider nur noch tot aufgefunden werden. Es liegen keine Hinweise auf ein Fremdverschulden oder einen Ungl\u00fccksfall vor. Die \u00d6ffentlichkeitsfahndung wird somit zur\u00fcckgenommen.<\/p>\n\n\n\n<p><em>Polizeipr\u00e4sidium Mannheim<br>19.12.2022<\/em><\/p>\n\n\n\n<h2 class=\"wp-block-heading\">\u00d6ffentlichkeitsfahndung nach vermisster Person<\/h2>\n\n\n\n<p><strong>(M\u00fchlhausen \/ Rhein-Neckar-Kreis) \u2013 <\/strong>Seit den Abendstunden des 15.12.22 wird der 52-j\u00e4hrige Tobias H. aus M\u00fchlhausen vermisst. Letztmalig wurde er am 15.12.22 gegen 11.00 Uhr an seiner Wohnanschrift gesehen bevor er zu einem Spaziergang in die Umgebung aufbrach und ist seither unbekannten Aufenthaltes. Die \u00dcberpr\u00fcfung aller bekannter Hinwendungsorte f\u00fchrte bislang nicht zum Auffinden des Vermissten, weshalb die Polizei nun mit einem Lichtbild nach dem 52-j\u00e4hrigen sucht. Auch ist derzeit ein Polizeihubschrauber diesbez\u00fcglich im Einsatz und mit der Absuche im Bereich M\u00fchlhausen betraut, am Boden wird er durch weitere Streifen unterst\u00fctzt. Eine hilflose Lage kann derzeit nicht ausgeschlossen werden.<\/p>\n\n\n\n<h3 class=\"wp-block-heading\">Der 52-j\u00e4hrige Tobias H. wird folgenderma\u00dfen beschrieben:<\/h3>\n\n\n\n<ul>\n<li><strong>172 cm gro\u00df<\/strong><\/li>\n\n\n\n<li><strong>72 kg schwer<\/strong><\/li>\n\n\n\n<li><strong>schlanke Figur<\/strong><\/li>\n\n\n\n<li><strong>langer grau-blonder Bart<\/strong><\/li>\n\n\n\n<li><strong>lange blonde Haare (in der Regel zusammengebunden)<\/strong><\/li>\n\n\n\n<li><strong>Bekleidung: blaue bordeauxrote Winterjacke mit wei\u00dfem Fell an der Kapuze<\/strong><\/li>\n<\/ul>\n\n\n\n<p>Wer hat den Vermissten gesehen oder kann Hinweise zu seinem Aufenthalt geben?<\/p>\n\n\n\n<p>Hinweise bitte an den Kriminaldauerdienst unter Tel: 0621 174-4444<\/p>\n\n\n\n<p><em>Polizeipr\u00e4sidium Mannheim<br>16.12.2022<\/em><\/p>\n","protected":false},"excerpt":{"rendered":"<div class=\"mh-excerpt\"><p>Vermisstensuche nach 52-J\u00e4hrigen aus M\u00fchlhausen beendet, R\u00fccknahme der \u00d6ffentlichkeitsfahndung Pressemeldung Nr.2 (M\u00fchlhausen \/ Rhein-Neckar-Kreis) \u2013 Die Suche nach dem seit 15. Dezember vermissten 52-j\u00e4hrigen Tobias H. aus M\u00fchlhausen ist beendet. Der Mann konnte im Rahmen <a class=\"mh-excerpt-more\" href=\"https:\/\/speyer24news.com\/?p=50508\" title=\"Personensuche \/ \u00d6ffentlichkeitsfahndung\">[&#8230;]<\/a><\/p>\n<\/div>","protected":false},"author":3,"featured_media":29028,"comment_status":"open","ping_status":"open","sticky":false,"template":"","format":"standard","meta":{"_monsterinsights_skip_tracking":false,"_monsterinsights_sitenote_active":false,"_monsterinsights_sitenote_note":"","_monsterinsights_sitenote_category":0,"footnotes":""},"categories":[12],"tags":[15651,2388,15653,8199,14114,1881,15652,13261,103,1117,15650,13264],"aioseo_notices":[],"amp_enabled":true,"_links":{"self":[{"href":"https:\/\/speyer24news.com\/index.php?rest_route=\/wp\/v2\/posts\/50508"}],"collection":[{"href":"https:\/\/speyer24news.com\/index.php?rest_route=\/wp\/v2\/posts"}],"about":[{"href":"https:\/\/speyer24news.com\/index.php?rest_route=\/wp\/v2\/types\/post"}],"author":[{"embeddable":true,"href":"https:\/\/speyer24news.com\/index.php?rest_route=\/wp\/v2\/users\/3"}],"replies":[{"embeddable":true,"href":"https:\/\/speyer24news.com\/index.php?rest_route=%2Fwp%2Fv2%2Fcomments&post=50508"}],"version-history":[{"count":3,"href":"https:\/\/speyer24news.com\/index.php?rest_route=\/wp\/v2\/posts\/50508\/revisions"}],"predecessor-version":[{"id":55659,"href":"https:\/\/speyer24news.com\/index.php?rest_route=\/wp\/v2\/posts\/50508\/revisions\/55659"}],"wp:featuredmedia":[{"embeddable":true,"href":"https:\/\/speyer24news.com\/index.php?rest_route=\/wp\/v2\/media\/29028"}],"wp:attachment":[{"href":"https:\/\/speyer24news.com\/index.php?rest_route=%2Fwp%2Fv2%2Fmedia&parent=50508"}],"wp:term":[{"taxonomy":"category","embeddable":true,"href":"https:\/\/speyer24news.com\/index.php?rest_route=%2Fwp%2Fv2%2Fcategories&post=50508"},{"taxonomy":"post_tag","embeddable":true,"href":"https:\/\/speyer24news.com\/index.php?rest_route=%2Fwp%2Fv2%2Ftags&post=50508"}],"curies":[{"name":"wp","href":"https:\/\/api.w.org\/{rel}","templated":true}]}}