{"id":50513,"date":"2022-12-19T10:35:02","date_gmt":"2022-12-19T09:35:02","guid":{"rendered":"https:\/\/speyer24news.com\/?p=50513"},"modified":"2022-12-19T10:35:05","modified_gmt":"2022-12-19T09:35:05","slug":"polizeimeldungen-wochenende-17-12-18-12-2022","status":"publish","type":"post","link":"https:\/\/speyer24news.com\/?p=50513","title":{"rendered":"Polizeimeldungen Wochenende (17.12 &#038; 18.12.2022)"},"content":{"rendered":"<style type=\"text\/css\">\r\n\t.ads_top_disp{}\r\n\t.ads_top_corner_disp{ float:left; margin:0px 10px 10px 0px; }\r\n\t.ads_first_p_disp{}\r\n\t.ads_bottom_disp{}\r\n\t<\/style>\n<h2 class=\"wp-block-heading\">Polizeimeldungen vom Wochenende (17.12 &amp; 18.12.2022)<\/h2>\n\n\n<div class=\"wp-block-image\">\n<figure class=\"aligncenter size-full\"><img decoding=\"async\" loading=\"lazy\" width=\"375\" height=\"500\" src=\"https:\/\/speyer24news.com\/wp-content\/uploads\/2022\/03\/Aktuelles-Polizeilogo.jpg\" alt=\"\" class=\"wp-image-43591\" srcset=\"https:\/\/speyer24news.com\/wp-content\/uploads\/2022\/03\/Aktuelles-Polizeilogo.jpg 375w, https:\/\/speyer24news.com\/wp-content\/uploads\/2022\/03\/Aktuelles-Polizeilogo-225x300.jpg 225w\" sizes=\"(max-width: 375px) 100vw, 375px\" \/><\/figure><\/div>\n\n\n<h2 class=\"wp-block-heading\">(Speyer) &#8211; Alleinunfall unter Alkoholeinfluss<\/h2>\n\n\n\n<p>Am Samstagabend, den 17.12.2022, wurde der Polizei Speyer um 23:45 Uhr ein gest\u00fcrzter Radfahrer im Bereich der Schwerdstra\u00dfe gemeldet. Der Anrufer konnte bereits zwei St\u00fcrze des Mannes beobachten, in Folge derer sich dieser auch leichte Verletzungen zuzog. Im Rahmen der Unfallaufnahme wurde bei dem 39-j\u00e4hrigen Radfahrer Alkoholgeruch wahrgenommen. Ein freiwillig durchgef\u00fchrter Atemalkoholtest ergab 2,7 Promille. Der Radfahrer wurde durch den Rettungsdienst zur weiteren Untersuchung in ein Krankenhaus verbracht, wo ihm zus\u00e4tzlich eine Blutprobe entnommen wurde. Gegen den Mann wurde ein Strafverfahren wegen Trunkenheit im Verkehr eingeleitet.<\/p>\n\n\n\n<h2 class=\"wp-block-heading\">(Speyer) &#8211; Unfallzeugen zu Verkehrsunfall in der Auestra\u00dfe gesucht<\/h2>\n\n\n\n<p>Am 16.12.2022 gegen 12:20 Uhr befuhren zwei Pkw die Auestra\u00dfe in Richtung Franz-Kirrmeier-Stra\u00dfe. Auf H\u00f6he des Kauflandparkplatzes kam es dann zum Zusammensto\u00df. Eine der Unfallbeteiligten gab an, dass ihre Unfallgegnerin einen dort befindlichen dritten mittleren Fahrstreifen befuhr, um nach links abzubiegen, dann jedoch pl\u00f6tzlich wieder auf den rechten Fahrstreifen wechselte und es hierbei zum Zusammensto\u00df kam. Die Unfallgegnerin schilderte wiederum, dass sie durchgehend die rechte Fahrspur befahren habe, die andere Fahrzeugf\u00fchrerin jedoch verkehrswidrig rechts an ihr vorbeigefahren sei.<\/p>\n\n\n\n<p>Aufgrund der widerspr\u00fcchlichen Schilderungen und des unklaren Unfallhergangs sucht die Polizei Zeugen des Verkehrsunfalls. Diese werden gebeten, sich telefonisch oder per E-Mail bei der Polizei Speyer zu melden (Tel. 06232 \/ 137-0, E-Mail an\u00a0<a href=\"mailto:pispeyer@polizei.rlp.de\">pispeyer@polizei.rlp.de<\/a>)<\/p>\n\n\n\n<h2 class=\"wp-block-heading\">(Waldsee) &#8211; Brand eines Einfamilienhauses<\/h2>\n\n\n\n<p>Am sp\u00e4ten Samstagabend (17.12.2022) kam es gegen 21:40 Uhr zu einem Brand eines Einfamilienhauses in der Goethestra\u00dfe in Waldsee. Gl\u00fccklicherweise bemerkten die beiden Bewohner die Brandentwicklung rechtzeitig und konnten das Haus unverletzt verlassen. Dieses geriet jedoch in Vollbrand. Der Gesamtschaden bel\u00e4uft sich auf circa 300.000 Euro. Die Kriminalpolizei hat die Ermittlungen aufgenommen.<\/p>\n\n\n\n<h2 class=\"wp-block-heading\">(Schifferstadt) &#8211; Kabeldiebstahl aus Gesch\u00e4ftsbetrieb<\/h2>\n\n\n\n<p>In der Nacht vom 16.12.2022 auf den 17.12.2022 drangen T\u00e4ter gewaltsam in einen Gesch\u00e4ftsbetrieb in der Hofst\u00fcckstra\u00dfe ein und entwendeten aus diesem mehrere gro\u00dfe Kabeltrommeln samt Kabel. Die genaue Schadensh\u00f6he steht noch nicht fest, d\u00fcrfte sich jedoch im f\u00fcnfstelligen Bereich bewegen. Hinweise hierzu nimmt die Polizeiinspektion Schifferstadt unter der Telefonnummer 06235 \/ 495-0 oder per E-Mail (<a href=\"mailto:pischifferstadt@polizei.rlp.de\">pischifferstadt@polizei.rlp.de<\/a>) entgegen.<\/p>\n\n\n\n<h2 class=\"wp-block-heading\">(Mutterstadt) &#8211; Suche nach unfallbeteiligtem Fahrzeug<\/h2>\n\n\n\n<p>Am 17.12.2022, gegen 21:30 Uhr, touchierte ein ausparkender Verkehrsteilnehmer in der Mozartstra\u00dfe einen roten Golf, welcher hierdurch m\u00f6glicherweise besch\u00e4digt wurde. Erst einige Stunden sp\u00e4ter meldete der Verursacher dies der Polizei, durch welche der rote Golf vor Ort nicht mehr festgestellt werden konnte. Hinweise zum Fahrzeughalter, sowie dem beschriebenen Fahrzeug nimmt die Polizeiinspektion Schifferstadt unter der Telefonnummer 06235 \/ 495-0 oder per E-Mail (<a href=\"mailto:pischifferstadt@polizei.rlp.de\">pischifferstadt@polizei.rlp.de<\/a>) entgegen.<\/p>\n\n\n\n<h2 class=\"wp-block-heading\">(B 9 \/ R\u00f6merberg) &#8211; Bewusstloser Fahrer auf B9<\/h2>\n\n\n\n<p>Am 16.12.2022 gegen 18:30 Uhr meldete ein Verkehrsteilnehmer, dass er hinter einem anderen Auto hinterhergefahren sei, dass grundlos immer langsamer wurde und schlie\u00dflich auf der rechten Fahrspur stehen blieb. Nach Absicherung der Gefahrenstelle, sei er an den Pkw herangetreten und habe bemerkt, dass der 26-j\u00e4hrige Fahrer bewusstlos war. Mit weiteren Helfern gelang es den Pkw auf den Standstreifen zu schieben, die Fahrzeugscheibe einzuschlagen und den Fahrer durch Wachr\u00fctteln wieder zu Bewusstsein zu bringen. Der Fahrer wirkte sehr verwirrt und lallte. Auch war er f\u00e4lschlicherweise der Auffassung, sich auf dem Kauflandparkplatz zu befinden. Zur weiteren Abkl\u00e4rung des Gesundheitszustandes des Fahrers, wurde er in ein Speyerer Krankenhaus verbracht. Da nicht auszuschlie\u00dfen war, dass der Fahrer unter Medikamenten- oder Drogeneinfluss stand, wurde dort eine Blutprobe entnommen. Abh\u00e4ngig vom Ergebnis der Blutuntersuchung wird ein Strafverfahren aufgrund einer Trunkenheitsfahrt eingef\u00fchrt.<\/p>\n\n\n\n<h2 class=\"wp-block-heading\">(Schwegenheim) &#8211; Sachbesch\u00e4digung an mehreren Pkw<\/h2>\n\n\n\n<p>Im Bereich der Bahnhofstra\u00dfe in Schwegenheim wurden in der Nacht vom 15.12.2022 auf den 16.12.2022 nach bislang vorliegenden Erkenntnissen 13 Fahrzeuge zerkratzt. Der Gesamtschaden wird auf \u00fcber 5.000 Euro gesch\u00e4tzt.<\/p>\n\n\n\n<p>Hinweise bitte an die Polizei Germersheim unter 07274\/958-0 oder\u00a0<a href=\"mailto:pigermersheim@polizei.rlp.de\">pigermersheim@polizei.rlp.de<\/a>.<\/p>\n\n\n\n<h2 class=\"wp-block-heading\">(Germersheim) &#8211; Besch\u00e4digung eines PKW<\/h2>\n\n\n\n<p>Einen Schaden von etwa 800 Euro verursachte ein bislang unbekannter T\u00e4ter in der Nacht zwischen Freitag auf Samstag. Dieser zerkratzte ringsum einen in der Stra\u00dfe An Fronte Karl in Germersheim geparkten PKW. Ein Tatverdacht besteht bislang nicht. Die Polizei erhofft sich Hinweise aus der Bev\u00f6lkerung.<\/p>\n\n\n\n<h2 class=\"wp-block-heading\">(Pleisweiler-Oberhofen) &#8211; Unfallflucht<\/h2>\n\n\n\n<p>Am 17.12.2022 zwischen 13:30 und 14:00 Uhr wurde auf dem Parkplatz des LIDL-Marktes ein dort abgestellter Mercedes mit S\u00dcW-Kennzeichen besch\u00e4digt. Ein vermutlich dunkelblauer VW Golf besch\u00e4digte beim Ein-\/Ausparken die linke Fahrzeugseite am abgestellten Mercedes. Der Schaden betr\u00e4gt ca. 200 Euro. Der Unfallverursacher entfernte sich ohne weiteres von der Unfall\u00f6rtlichkeit. Zeugen werden gebeten sich telefonisch bei der PI Bad Bergzabern zu melden. Nummer:06343-93340<\/p>\n\n\n\n<h2 class=\"wp-block-heading\">(Gleisweiler) &#8211; Feuer zerst\u00f6rt zwei Gartenh\u00e4user und besch\u00e4digt eine Garage<\/h2>\n\n\n<div class=\"wp-block-image\">\n<figure class=\"aligncenter size-full\"><img decoding=\"async\" loading=\"lazy\" width=\"800\" height=\"600\" src=\"https:\/\/speyer24news.com\/wp-content\/uploads\/2022\/12\/BrandMuelltonne.jpg\" alt=\"\" class=\"wp-image-50514\" srcset=\"https:\/\/speyer24news.com\/wp-content\/uploads\/2022\/12\/BrandMuelltonne.jpg 800w, https:\/\/speyer24news.com\/wp-content\/uploads\/2022\/12\/BrandMuelltonne-300x225.jpg 300w, https:\/\/speyer24news.com\/wp-content\/uploads\/2022\/12\/BrandMuelltonne-768x576.jpg 768w, https:\/\/speyer24news.com\/wp-content\/uploads\/2022\/12\/BrandMuelltonne-678x509.jpg 678w, https:\/\/speyer24news.com\/wp-content\/uploads\/2022\/12\/BrandMuelltonne-326x245.jpg 326w, https:\/\/speyer24news.com\/wp-content\/uploads\/2022\/12\/BrandMuelltonne-80x60.jpg 80w\" sizes=\"(max-width: 800px) 100vw, 800px\" \/><\/figure><\/div>\n\n\n<p>Am Samstag, den 17.12.2022 um ca. 12:41 Uhr, wurde der Rettungsleitstelle Landau ein Brand neben einer Gastst\u00e4tte in Gleisweiler gemeldet. Die \u00d6rtlichkeit in der Hauptstra\u00dfe in Gleisweiler wurde durch die naheliegenden freiwilligen Feuerwehren und die Polizei Edenkoben aufgesucht. Vor Ort konnte als Brandherd ein Restm\u00fcllcontainer ausgemacht werden. Von dort ist das Feuer auf zwei Gartenh\u00e4user und eine benachbarte Garage \u00fcbergegriffen. Die Gartenh\u00e4user wurden stark besch\u00e4digt, die benachbarte Garage nur leicht. Weiterer Schaden konnte durch die Feuerwehr verhindert werden. Der Gesamtschaden wird auf ca. 3500 Euro gesch\u00e4tzt. Die genaue Brandursache konnte bis dato noch nicht ermittelt werden, auf Grund dessen hat die Kriminalpolizei die Ermittlungen aufgenommen.<\/p>\n\n\n\n<h2 class=\"wp-block-heading\">(Landau) &#8211; Streitigkeiten in Diskothek<a href=\"https:\/\/www.facebook.com\/sharer.php?u=https%3A%2F%2Fwww.presseportal.de%2Fblaulicht%2Fpm%2F117686%2F5396873%2F%3Futm_source%3Dfacebook%26utm_medium%3Dsocial\"><\/a><a href=\"https:\/\/twitter.com\/intent\/tweet?text=POL-PDLD%3A%20Landau%20-%20Streitigkeiten%20in%20Diskothek&amp;url=https%3A%2F%2Fwww.presseportal.de%2Fblaulicht%2Fpm%2F117686%2F5396873%2F%3Futm_source%3Dtwitter%26utm_medium%3Dsocial&amp;hashtags=ots&amp;lang=de\"><\/a><a href=\"https:\/\/web.whatsapp.com\/send?text=POL-PDLD%3A%20Landau%20-%20Streitigkeiten%20in%20Diskothek%0A%0Ahttps%3A%2F%2Fwww.presseportal.de%2Fblaulicht%2Fpm%2F117686%2F5396873%2F%3Futm_source%3Dwhatsapp%26utm_medium%3Dsocial\"><\/a><a href=\"https:\/\/www.xing.com\/app\/user?op=share;url=https%3A%2F%2Fwww.presseportal.de%2Fblaulicht%2Fpm%2F117686%2F5396873%2F%3Futm_source%3Dxing%26utm_medium%3Dsocial\"><\/a><a href=\"http:\/\/www.linkedin.com\/shareArticle?mini=true&amp;url=https%3A%2F%2Fwww.presseportal.de%2Fblaulicht%2Fpm%2F117686%2F5396873%2F%3Futm_source%3Dlinkedin%26utm_medium%3Dsocial&amp;title=POL-PDLD%3A+Landau+-+Streitigkeiten+in+Diskothek\"><\/a><a href=\"mailto:?subject=POL-PDLD%3A%20Landau%20-%20Streitigkeiten%20in%20Diskothek&amp;body=https:\/\/www.presseportal.de\/blaulicht\/pm\/117686\/5396873\"><\/a><\/h2>\n\n\n\n<p>Am fr\u00fchen Morgen des 17.12.2022 kam es zwischen zwei G\u00e4sten einer Landauer Diskothek zu einem verbalen Disput. Daraufhin griffen die dort eingesetzten Sicherheitskr\u00e4fte des Betreibers ein, um die Situation zu beenden. Hierbei soll es zu K\u00f6rperverletzungshandlungen gekommen sein. Die Ermittlungen hierzu dauern an. Zeugen werden gebeten sich an die Polizeiinspektion Landau unter der Tel.-Nr.: 06341\/287-0 zu wenden. Gerne nehmen wir Ihre Hinweise auch per E-Mail unter&nbsp;<a href=\"mailto:pilandau@polizei.rlp.de\">pilandau@polizei.rlp.de<\/a>&nbsp;entgegen.<\/p>\n\n\n\n<h2 class=\"wp-block-heading\">(Landau) &#8211; Diebstahl einer Gedenktafel<\/h2>\n\n\n\n<p>Im Zeitraum vom Abend des 14.12.2022 bis zum Abend des 15.12.2022 entwendete ein bisher unbekannter T\u00e4ter eine bronzene Gedenktafel, welche an der Hausfassade der Pestalozzischule in Landau angebracht war.<\/p>\n\n\n\n<p>Zeugen werden gebeten sich an die Polizeiinspektion Landau unter der Tel.-Nr.: 06341\/287-0 zu wenden. Gerne nehmen wir Ihre Hinweise auch per E-Mail unter\u00a0<a href=\"mailto:pilandau@polizei.rlp.de\">pilandau@polizei.rlp.de<\/a>\u00a0entgegen.<\/p>\n\n\n\n<h2 class=\"wp-block-heading\">(Offenbach) &#8211; Verkehrsunfallflucht mit Flurschaden<\/h2>\n\n\n\n<p>Im Rahmen von Verkehrsunfallermittlungen am 16.12.2022 konnten in der Franz-Matt-Stra\u00dfe in Offenbach an der Queich Spuren einer Verkehrsunfallflucht festgestellt werden. Nach ersten Ermittlungen geriet mindestens ein Pkw in einer Linkskurve, vermutlich aufgrund nicht angepasster Geschwindigkeit in Verbindung mit den winterlichen Witterungsbedingungen, von der Fahrbahn ab und besch\u00e4digte die dortige Gr\u00fcnanlage. Zeugen werden gebeten sich an die Polizeiinspektion Landau unter der Tel.-Nr.: 06341\/287-0 zu wenden. Gerne nehmen wir Ihre Hinweise auch per E-Mail unter\u00a0<a href=\"mailto:pilandau@polizei.rlp.de\">pilandau@polizei.rlp.de<\/a>\u00a0entgegen.<\/p>\n\n\n\n<h2 class=\"wp-block-heading\">(Edenkoben) &#8211; Vorfahrt an der Anschlussstelle Edenkoben missachtet<\/h2>\n\n\n<div class=\"wp-block-image\">\n<figure class=\"aligncenter size-full\"><img decoding=\"async\" loading=\"lazy\" width=\"600\" height=\"566\" src=\"https:\/\/speyer24news.com\/wp-content\/uploads\/2022\/12\/20221217_121103_copy_907x1612.jpg\" alt=\"\" class=\"wp-image-50515\" srcset=\"https:\/\/speyer24news.com\/wp-content\/uploads\/2022\/12\/20221217_121103_copy_907x1612.jpg 600w, https:\/\/speyer24news.com\/wp-content\/uploads\/2022\/12\/20221217_121103_copy_907x1612-300x283.jpg 300w\" sizes=\"(max-width: 600px) 100vw, 600px\" \/><\/figure><\/div>\n\n\n<p>Am Samstag, den 17.12.2022 um ca. 12:35 Uhr, kam es an der Anschlussstelle Edenkoben und der Kreisstra\u00dfe 6 zu einem Vorfahrtsunfall. Ein 80-j\u00e4hriger Neustadter PKW-Fahrer befuhr die A 65 in Fahrtrichtung S\u00fcden und verlie\u00df diese an der Anschlussstelle Edenkoben. An der Einm\u00fcndung zur Kreisstra\u00dfe 6 beabsichtigte dieser nach links in Fahrtrichtung Venningen abzubiegen. An der \u00d6rtlichkeit regelt ein STOP-Schild den Verkehr. Hierbei missachtete der PKW-Fahrer die Vorfahrt eines 43-j\u00e4hrigen PKW-Fahrers aus Essingen, welcher die Kreisstra\u00dfe von Edenkoben in Richtung Venningen befuhr. Bei dem Verkehrsunfall wurde zum Gl\u00fcck keiner der Insassen verletzt. Es entstand allerdings ein hoher Sachschaden, welcher auf ca. 11.000 Euro gesch\u00e4tzt wird.<\/p>\n\n\n\n<h2 class=\"wp-block-heading\">(Neustadt) &#8211; Spendenbetrug aufgedeckt \/ Rosenverk\u00e4uferinnen entlarvt<\/h2>\n\n\n\n<p>Zum wiederholten Male in der letzten Zeit gingen bei der PI Neustadt Meldungen \u00fcber zwei verd\u00e4chtige Rosenverk\u00e4uferinnen in der Innenstadt ein, die Rosen verkaufen w\u00fcrden, um Spenden f\u00fcr &#8222;Die Tafel&#8220; einzusammeln. Durch eine Streife konnten zwei 22 und 23 Jahre alte Frauen s\u00fcdosteurop\u00e4ischer Herkunft festgestellt werden, auf die die Beschreibung entsprechend zutraf. Eine Sammlungsgenehmigung konnte nicht vorgelegt werden. Gegen die Frauen wird nun wegen Betrugs ermittelt. Sie wurden nach erkennungsdienstlicher Behandlung wieder auf freien Fu\u00df gesetzt. Die Polizei warnt die Bev\u00f6lkerung ausdr\u00fccklich davor, Personen gegen\u00fcber zu spenden, die keine entsprechende Genehmigung vorweisen k\u00f6nnen.<\/p>\n\n\n\n<h2 class=\"wp-block-heading\">(Neustadt) &#8211; Betrunken Unfall verursacht und gefl\u00fcchtet<a href=\"https:\/\/www.facebook.com\/sharer.php?u=https%3A%2F%2Fwww.presseportal.de%2Fblaulicht%2Fpm%2F117687%2F5397052%2F%3Futm_source%3Dfacebook%26utm_medium%3Dsocial\"><\/a><a href=\"https:\/\/twitter.com\/intent\/tweet?text=POL-PDNW%3A%20Betrunken%20Unfall%20verursacht%20und%20gefl%C3%BCchtet&amp;url=https%3A%2F%2Fwww.presseportal.de%2Fblaulicht%2Fpm%2F117687%2F5397052%2F%3Futm_source%3Dtwitter%26utm_medium%3Dsocial&amp;hashtags=ots&amp;lang=de\"><\/a><a href=\"https:\/\/web.whatsapp.com\/send?text=POL-PDNW%3A%20Betrunken%20Unfall%20verursacht%20und%20gefl%C3%BCchtet%0A%0Ahttps%3A%2F%2Fwww.presseportal.de%2Fblaulicht%2Fpm%2F117687%2F5397052%2F%3Futm_source%3Dwhatsapp%26utm_medium%3Dsocial\"><\/a><a href=\"https:\/\/www.xing.com\/app\/user?op=share;url=https%3A%2F%2Fwww.presseportal.de%2Fblaulicht%2Fpm%2F117687%2F5397052%2F%3Futm_source%3Dxing%26utm_medium%3Dsocial\"><\/a><a href=\"http:\/\/www.linkedin.com\/shareArticle?mini=true&amp;url=https%3A%2F%2Fwww.presseportal.de%2Fblaulicht%2Fpm%2F117687%2F5397052%2F%3Futm_source%3Dlinkedin%26utm_medium%3Dsocial&amp;title=POL-PDNW%3A+Betrunken+Unfall+verursacht+und+gefl%C3%BCchtet\"><\/a><a href=\"mailto:?subject=POL-PDNW%3A%20Betrunken%20Unfall%20verursacht%20und%20gefl%C3%BCchtet&amp;body=https:\/\/www.presseportal.de\/blaulicht\/pm\/117687\/5397052\"><\/a><\/h2>\n\n\n\n<p>Am 18.12.2022 gegen 00:30 Uhr wird hiesiger Dienststelle ein besch\u00e4digter Pkw auf der B38 zwischen Neustadt und der A65 gemeldet. Der Fahrer des Pkw hatte bereits einen Pannendienst verst\u00e4ndigt und wollte sich gerade abschleppen lassen als die Streife vor Ort eintraf. Im Rahmen der Kontrolle gab er an, dass er gerade auf dem Nachhauseweg war und irgendwo einen Unfall gebaut habe, nun sei sein Auto liegengeblieben. Im Gespr\u00e4ch konnte bei dem Mann Alkoholgeruch wahrgenommen werden. Ein Atemalkoholtest bei dem 55-j\u00e4hrigen Pkw-Fahrer ergab einen Wert von 0,65 Promille. Er musste zur Blutprobe zu hiesiger Dienststelle. Ein Absuche des Fahrtwegs des Mannes f\u00fchrte zum Auffinden der Unfallstelle auf der K21 zwischen Gimmeldingen und B38. Hier war der Herr \u00fcber ein Verkehrsschild gefahren und hatte sich die \u00d6lwanne aufgerissen. Die Fahrbahn an der Unfallstelle musste durch den Bauhof der Stadt gereinigt werden. Gegen den Mann wurden mehrere Strafverfahren eingeleitet. An seinem Fahrzeug entstand wirtschaftlicher Totalschaden.<\/p>\n\n\n\n<h2 class=\"wp-block-heading\">(Neustadt) &#8211; Verkehrsunfall unter Alkoholeinwirkung<\/h2>\n\n\n\n<p>Am Samstagabend gegen 23.30 Uhr meldet ein Abschleppunternehmen bei der Polizei, dass es einen Privatauftrag zum Abschleppen eines Pkw in der N\u00e4he des ehemaligen Steinkreisels erhalten habe. Der betreffende Pkw weise allerdings erhebliche frische Unfallsch\u00e4den auf. Vor Ort konnte ermittelt werden, dass ein 55-j\u00e4hriger Mann aus Bad D\u00fcrkheim mit seinem BMW wohl gegen eine \u00dcberquerungshilfe an der K21 gefahren war und sich unerlaubt von der Unfallstelle entfernt hatte. Der Mann stand zur Unfallzeit unter Alkoholeinfluss. Ein Atemalkoholtest ergab 0,65 Promille. Der Fremdschaden wird auf ca. 600 Euro beziffert. Der BMW hat nur noch Schrottwert. Dem Fahrer wurde eine Blutprobe entnommen. Gegen ihn wird nun wegen Unfallflucht und Stra\u00dfenverkehrsgef\u00e4hrdung ermittelt.<\/p>\n\n\n\n<h2 class=\"wp-block-heading\">(Neustadt) &#8211; Dubioser Fahrzeugdiebstahl \/ Zeugen gesucht<\/h2>\n\n\n\n<p>Am Samstagabend, kurz nach 20 Uhr, kam es auf dem Parkplatz eines Discountmarktes in der Ha\u00dflocher Stra\u00dfe in Lachen-Speyerdorf zu einem Fahrzeugdiebstahl. Die Gesch\u00e4digten, zwei reisende Artisten aus Frankreich, hatten ihren wei\u00dfen Transporter Renault Master vor dem Einkaufsmarkt mit steckendem Schl\u00fcssel und laufendem Motor abgestellt, um kurz einkaufen zu gehen. Als sie zur\u00fcck kamen, war ihr Fahrzeug weg. Alle sofort eingeleiteten Fahndungsma\u00dfnahmen verliefen bislang erfolglos. Die Polizei bittet die Bev\u00f6lkerung, nicht allzu sorglos mit ihrem Hab und Gut umzugehen. Seien Sie wachsam und achtsam. Die Polizei sucht zudem Zeugen, die in diesem Zusammenhang verd\u00e4chtige Wahrnehmungen gemacht haben.<\/p>\n\n\n\n<h2 class=\"wp-block-heading\">(Neustadt) &#8211; Bedrohungslage vorget\u00e4uscht<a href=\"https:\/\/www.facebook.com\/sharer.php?u=https%3A%2F%2Fwww.presseportal.de%2Fblaulicht%2Fpm%2F117687%2F5397076%2F%3Futm_source%3Dfacebook%26utm_medium%3Dsocial\"><\/a><a href=\"https:\/\/twitter.com\/intent\/tweet?text=POL-PDNW%3A%20Bedrohungslage%20vorget%C3%A4uscht&amp;url=https%3A%2F%2Fwww.presseportal.de%2Fblaulicht%2Fpm%2F117687%2F5397076%2F%3Futm_source%3Dtwitter%26utm_medium%3Dsocial&amp;hashtags=ots&amp;lang=de\"><\/a><a href=\"https:\/\/web.whatsapp.com\/send?text=POL-PDNW%3A%20Bedrohungslage%20vorget%C3%A4uscht%0A%0Ahttps%3A%2F%2Fwww.presseportal.de%2Fblaulicht%2Fpm%2F117687%2F5397076%2F%3Futm_source%3Dwhatsapp%26utm_medium%3Dsocial\"><\/a><a href=\"https:\/\/www.xing.com\/app\/user?op=share;url=https%3A%2F%2Fwww.presseportal.de%2Fblaulicht%2Fpm%2F117687%2F5397076%2F%3Futm_source%3Dxing%26utm_medium%3Dsocial\"><\/a><a href=\"http:\/\/www.linkedin.com\/shareArticle?mini=true&amp;url=https%3A%2F%2Fwww.presseportal.de%2Fblaulicht%2Fpm%2F117687%2F5397076%2F%3Futm_source%3Dlinkedin%26utm_medium%3Dsocial&amp;title=POL-PDNW%3A+Bedrohungslage+vorget%C3%A4uscht\"><\/a><a href=\"mailto:?subject=POL-PDNW%3A%20Bedrohungslage%20vorget%C3%A4uscht&amp;body=https:\/\/www.presseportal.de\/blaulicht\/pm\/117687\/5397076\"><\/a><\/h2>\n\n\n\n<p>Am Samstag, dem 17.12.2022, r\u00fcckte die Polizei Neustadt in den Abendstunden mit einem gr\u00f6\u00dferen Aufgebot in die Branchweilerhofstra\u00dfe in Neustadt aus. Ein Unbekannter hatte \u00fcber Notruf mitgeteilt, dass in einer Wohnung 5 Personen mit einem Messer verletzt worden seien und sich der T\u00e4ter noch in der Wohnung verschanzt h\u00e4tte. Tats\u00e4chlich hatte ein 34-j\u00e4hriger Neustadter in seinem Zimmer ein Videospiel gespielt, bei dem Bild und Ton aus seiner Wohnung live ins Internet \u00fcbertragen wurden. Dabei wurde auch seine Wohnanschrift angezeigt. Dies d\u00fcrfte den unbekannten T\u00e4ter motiviert haben, einen Polizeieinsatz auszul\u00f6sen, der dann zumindest in Teilen live im Internet \u00fcbertragen worden w\u00e4re. Der hier Gesch\u00e4digte hat dies allerdings fr\u00fchzeitig bemerkt und die \u00dcbertragung beendet. Die Polizei m\u00f6chte dahingehend sensibilisieren, mit der Bereitstellung pers\u00f6nlicher Informationen im Internet zur\u00fcckhaltend zu sein. Es wird nun wegen des Missbrauchs von Notrufeinrichtungen und Vort\u00e4uschens einer Straftat ermittelt.<\/p>\n\n\n\n<h2 class=\"wp-block-heading\">(Neustadt) &#8211; Geldbeuteldiebstahl \/ Zeugenaufruf<\/h2>\n\n\n\n<p>Eine 76-j\u00e4hrige Frau war am Samstag gegen 13.20 Uhr in der Innenstadt in Neustadt einkaufen, als sie in einem Ladengesch\u00e4ft in der Hauptstra\u00dfe Opfer eines Diebstahls wurde. Die Frau hatte kurz ihre offene Handtasche auf dem Boden abgestellt, als die T\u00e4terin die Gelegenheit nutzte, in die Tasche griff und den Geldbeutel stahl. Die T\u00e4terin von der nur bekannt ist, dass sie wohl j\u00fcngeren Alters war und einen schwarzen Kapuzenpulli (Hoodie) trug, entfernte sich umgehend mit dem Stehlgut. Sollte Zeugen eine entsprechende Person aufgefallen sein, bittet die Polizei um Mitteilung. Zudem wird die Bev\u00f6lkerung gebeten, Taschen geschlossen zu halten, am besten eng am K\u00f6rper zu tragen und auch sonst Wertgegenst\u00e4nde bestm\u00f6glich gegen den unerlaubten Zugriff durch Dritte zu sichern!<\/p>\n\n\n\n<h2 class=\"wp-block-heading\">(Neustadt) &#8211; Auto beim Weg zur Arbeit ausgebrannt<\/h2>\n\n\n<div class=\"wp-block-image\">\n<figure class=\"aligncenter size-full\"><img decoding=\"async\" loading=\"lazy\" width=\"800\" height=\"600\" src=\"https:\/\/speyer24news.com\/wp-content\/uploads\/2022\/12\/poMMes_2022-12-17_12-56-52_2.jpeg\" alt=\"\" class=\"wp-image-50516\" srcset=\"https:\/\/speyer24news.com\/wp-content\/uploads\/2022\/12\/poMMes_2022-12-17_12-56-52_2.jpeg 800w, https:\/\/speyer24news.com\/wp-content\/uploads\/2022\/12\/poMMes_2022-12-17_12-56-52_2-300x225.jpeg 300w, https:\/\/speyer24news.com\/wp-content\/uploads\/2022\/12\/poMMes_2022-12-17_12-56-52_2-768x576.jpeg 768w, https:\/\/speyer24news.com\/wp-content\/uploads\/2022\/12\/poMMes_2022-12-17_12-56-52_2-678x509.jpeg 678w, https:\/\/speyer24news.com\/wp-content\/uploads\/2022\/12\/poMMes_2022-12-17_12-56-52_2-326x245.jpeg 326w, https:\/\/speyer24news.com\/wp-content\/uploads\/2022\/12\/poMMes_2022-12-17_12-56-52_2-80x60.jpeg 80w\" sizes=\"(max-width: 800px) 100vw, 800px\" \/><\/figure><\/div>\n\n\n<p>In den fr\u00fchen Morgenstunden des Samstags wollte eine 51-j\u00e4hrige Fahrerin gerade zum Parkplatz ihrer Arbeitsstelle in Gr\u00fcnstadt einfahren, als sie bemerkte, dass die Tankanzeige rapide sank. Danach stellte sie Rauchentwicklungen im Bereich der Motorhaube fest. Sie konnte ihr Fahrzeug gerade anhalten und verlassen, als es Feuer fing. Das Fahrzeug brannte in der Folge v\u00f6llig aus. Das Feuer konnte von Einsatzkr\u00e4ften der Feuerwehr gel\u00f6scht werden. Die Hitze besch\u00e4digte au\u00dferdem ein weiteres Fahrzeug in der anliegenden Hofeinfahrt. Gl\u00fccklicherweise wurden keine Personen verletzt. Das Wrack wurde abgeschleppt. Wie es zu dem Brand kommen konnte, ist zun\u00e4chst ungekl\u00e4rt.<\/p>\n\n\n\n<h2 class=\"wp-block-heading\">(Neustadt) &#8211; Verkehrsunfallflucht \/ Zeugen gesucht<\/h2>\n\n\n\n<p>In der Nacht vom 16. auf den 17.12.2022 kam es in der Wolfsburgstra\u00dfe in Neustadt zu einer Verkehrsunfallflucht. Dabei wurden zwei geparkte Pkw durch einen bisher unbeteiligten Verkehrsteilnehmer zum Teil nicht unerheblich besch\u00e4digt. Zeugen haben zwischen Mitternacht und 1 Uhr einen lauten Knall geh\u00f6rt. Die Polizei Neustadt sucht Zeugen, die n\u00e4here Angaben zum Unfallgeschehen oder zum Verursacher machen k\u00f6nnen.<\/p>\n\n\n\n<h2 class=\"wp-block-heading\">(Gr\u00fcnstadt) &#8211; Schmuck gestohlen! Einbruch in Einfamilienhaus.<\/h2>\n\n\n\n<p>Am Samstagnachmittag gelangten bisher unbekannte T\u00e4ter durch Aufhebeln der Terrassent\u00fcr in ein Einfamilienhauses in Gr\u00fcnstadt. Dort wurden vor allem die Schlafzimmer auf der Suche nach Diebesgut durchw\u00fchlt. Es wurde Schmuck im Wert von ungef\u00e4hr eintausend Euro entwendet. Au\u00dferdem wurde im Garten eine Lampe zerst\u00f6rt, die sich vermutlich aufgrund der Bewegung der Einbrecher einschaltete. Die T\u00e4ter entfernten sich anschlie\u00dfend unbemerkt vom Tatort. Der Einbruch wurde bei der R\u00fcckkehr der Bewohner bemerkt und der Polizei gemeldet.<\/p>\n\n\n\n<h2 class=\"wp-block-heading\">(Gr\u00fcnstadt \/ Dirmstein) &#8211; Beim Spazieren von Hunden gebissen<\/h2>\n\n\n<div class=\"wp-block-image\">\n<figure class=\"aligncenter size-full\"><img decoding=\"async\" loading=\"lazy\" width=\"801\" height=\"600\" src=\"https:\/\/speyer24news.com\/wp-content\/uploads\/2020\/05\/Zeugen-gesucht-Neutral.jpg\" alt=\"\" class=\"wp-image-26598\" srcset=\"https:\/\/speyer24news.com\/wp-content\/uploads\/2020\/05\/Zeugen-gesucht-Neutral.jpg 801w, https:\/\/speyer24news.com\/wp-content\/uploads\/2020\/05\/Zeugen-gesucht-Neutral-300x225.jpg 300w, https:\/\/speyer24news.com\/wp-content\/uploads\/2020\/05\/Zeugen-gesucht-Neutral-768x575.jpg 768w, https:\/\/speyer24news.com\/wp-content\/uploads\/2020\/05\/Zeugen-gesucht-Neutral-678x509.jpg 678w, https:\/\/speyer24news.com\/wp-content\/uploads\/2020\/05\/Zeugen-gesucht-Neutral-326x245.jpg 326w, https:\/\/speyer24news.com\/wp-content\/uploads\/2020\/05\/Zeugen-gesucht-Neutral-80x60.jpg 80w\" sizes=\"(max-width: 801px) 100vw, 801px\" \/><\/figure><\/div>\n\n\n<p>Am Freitagnachmittag wurde eine 47-j\u00e4hrige Hundebesitzerin beim Spazierengehen auf einem Feldweg in der N\u00e4he von Dirmstein von zwei Hunden zweier Frauen angegriffen. Die Hunde der Beschuldigten rissen sich unvermittelt los und gingen auf die anderen Hunde los. Die Gesch\u00e4digte wollte zun\u00e4chst ihre eigenen Hunde vor dem Angriff sch\u00fctzen. Sie wurde dann aber auch von den Hunden angefallen und erlitt mehrere Bisswunden an der linken und rechten Hand. Die Gesch\u00e4digte ging blutend zu Boden. Ihre Hunde hatten ebenfalls blutende Bisswunden erlitten. Die Beschuldigten entfernten sich dann mit ihren Hunden in Richtung Dirmstein, ohne sich um die Verletzte zu k\u00fcmmern. Der Vorgang wurde von zwei Zeugen beobachtet, die der Gesch\u00e4digten letztlich helfen konnten. Sie lie\u00df ihre Verletzungen im Krankenhaus versorgen. Au\u00dferdem mussten ihre Hunde vom Tierarzt behandelt werden. Die Ermittlungen zu den unbekannten T\u00e4terinnen dauern noch an. Hinweise k\u00f6nnen Sie an die Polizeiinspektion Gr\u00fcnstadt richten.<\/p>\n\n\n\n<h2 class=\"wp-block-heading\">(Frankenthal) &#8211; Verkehrsunfallflucht mit drei beteiligten Fahrzeugen \/ Zeugen gesucht<\/h2>\n\n\n\n<p>Am sp\u00e4ten Abend des 17.12.2022 kam es im Albrecht-D\u00fcrer-Ring in Frankenthal zu einer Verkehrsunfallflucht. Ein unbeteiligter Zeuge meldet der Polizei, dass im Albrecht-D\u00fcrer-Ring zwei PKW nebeneinander in die gleiche Richtung gefahren seien. Pl\u00f6tzlich seien die beiden Fahrzeuge miteinander kollidiert, das rechts fahrende Fahrzeug daraufhin zudem mit einem am rechten Fahrbahnrand geparkten PKW zusammengesto\u00dfen. Beide Fahrzeuge setzten ihre Fahrt daraufhin fort. Ein Strafverfahren wegen Verkehrsunfallflucht wurde eingeleitet. Der Schaden am geparkten PKW bel\u00e4uft sich auf etwa 800EUR.<\/p>\n\n\n\n<p>Zeugen werden gebeten sich an die Polizeiinspektion Frankenthal unter der Tel.-Nr.: 06233\/313-0 oder an die Polizeiwache Maxdorf unter der Tel.-Nr.: 06237\/934-1100 zu wenden. Gerne nehmen wir Ihre Hinweise auch per E-Mail unter\u00a0<a href=\"mailto:pifrankenthal@polizei.rlp.de\">pifrankenthal@polizei.rlp.de<\/a>\u00a0entgegen.<\/p>\n\n\n\n<h2 class=\"wp-block-heading\">(B 9 \/ Bobenheim-Roxheim) &#8211; Geisterfahrer auf der B9 \/ Zeugen gesucht<\/h2>\n\n\n\n<p>In der Nacht vom 17.12.2022 auf den 18.12.2022 gingen bei der Polizei Frankenthal mehrere Meldungen bez\u00fcglich eines Geisterfahrers auf der B9 ein. Das Fahrzeug wurde auf der B9 in Fahrtrichtung Worms auf H\u00f6he Bobenheim-Roxheim gemeldet, fahre allerdings in Fahrtrichtung Ludwigshafen. Durch mehrere Streifen wurde der Bereich der B9 abgesucht. Es konnte kein Fahrzeug mehr festgestellt werden, welches die B9 in falsche Richtung bef\u00e4hrt.<\/p>\n\n\n\n<p>Zeugen werden gebeten sich an die Polizeiinspektion Frankenthal unter der Tel.-Nr.: 06233\/313-0 oder an die Polizeiwache Maxdorf unter der Tel.-Nr.: 06237\/934-1100 zu wenden. Gerne nehmen wir Ihre Hinweise auch per E-Mail unter\u00a0<a href=\"mailto:pifrankenthal@polizei.rlp.de\">pifrankenthal@polizei.rlp.de<\/a>\u00a0entgegen.<\/p>\n\n\n\n<h2 class=\"wp-block-heading\">(Ludwigshafen) &#8211; Betrunken mit dem E-Scooter gest\u00fcrzt<\/h2>\n\n\n\n<p>In der Nacht zu Sonntag wurde der Polizei um 03:16 Uhr eine verletzte und bewusstlose Person in der Saarlandstra\u00dfe gemeldet. Vor Ort konnte durch die Polizeibeamten in Erfahrung gebracht werden, dass der 26-j\u00e4hrige verunfallte Ludwigshafener vermutlich alkoholisiert mit seinem E-Scooter gest\u00fcrzt war und sich hierbei verletzt hatte. Aufgrund seiner Verletzungen wurde der Mann in ein nahegelegenes Krankenhaus verbracht und dort medizinisch versorgt. Zudem wurde ihm aufgrund des Verdachtes der Trunkenheitsfahrt eine Blutprobe entnommen.<\/p>\n\n\n\n<h2 class=\"wp-block-heading\">(Ludwigshafen) &#8211; Zwei Betrunkene erbeuten Jacke<a href=\"https:\/\/www.facebook.com\/sharer.php?u=https%3A%2F%2Fwww.presseportal.de%2Fblaulicht%2Fpm%2F117696%2F5397250%2F%3Futm_source%3Dfacebook%26utm_medium%3Dsocial\"><\/a><a href=\"https:\/\/twitter.com\/intent\/tweet?text=POL-PPRP%3A%20Zwei%20Betrunkene%20erbeuten%20Jacke&amp;url=https%3A%2F%2Fwww.presseportal.de%2Fblaulicht%2Fpm%2F117696%2F5397250%2F%3Futm_source%3Dtwitter%26utm_medium%3Dsocial&amp;hashtags=ots&amp;lang=de\"><\/a><a href=\"https:\/\/web.whatsapp.com\/send?text=POL-PPRP%3A%20Zwei%20Betrunkene%20erbeuten%20Jacke%0A%0Ahttps%3A%2F%2Fwww.presseportal.de%2Fblaulicht%2Fpm%2F117696%2F5397250%2F%3Futm_source%3Dwhatsapp%26utm_medium%3Dsocial\"><\/a><a href=\"https:\/\/www.xing.com\/app\/user?op=share;url=https%3A%2F%2Fwww.presseportal.de%2Fblaulicht%2Fpm%2F117696%2F5397250%2F%3Futm_source%3Dxing%26utm_medium%3Dsocial\"><\/a><a href=\"http:\/\/www.linkedin.com\/shareArticle?mini=true&amp;url=https%3A%2F%2Fwww.presseportal.de%2Fblaulicht%2Fpm%2F117696%2F5397250%2F%3Futm_source%3Dlinkedin%26utm_medium%3Dsocial&amp;title=POL-PPRP%3A+Zwei+Betrunkene+erbeuten+Jacke\"><\/a><a href=\"mailto:?subject=POL-PPRP%3A%20Zwei%20Betrunkene%20erbeuten%20Jacke&amp;body=https:\/\/www.presseportal.de\/blaulicht\/pm\/117696\/5397250\"><\/a><\/h2>\n\n\n\n<p>Am fr\u00fchen Sonntagmorgen, gegen 03:00 Uhr, kam es zu einem Raub in der Roonstra\u00dfe. Hierbei erbeuteten die beiden alkoholisierten 18- und 19-j\u00e4hrigen T\u00e4ter die Jacke des gesch\u00e4digten 27-J\u00e4hrigen. Dieser wurde zun\u00e4chst gemeinsam mit seiner Freundin durch die beiden T\u00e4ter angerempelt und nach dem Erbeuten der Jacke zudem noch ins Gesicht geschlagen. Nach kurzer fu\u00dfl\u00e4ufiger Flucht in Richtung Berliner Platz konnten die beiden T\u00e4ter in H\u00f6he der dort ans\u00e4ssigen Diskothek durch die Polizeibeamten gestellt und vorl\u00e4ufig festgenommen werden. Nach der Entnahme einer Blutprobe und kurzweiliger Ausn\u00fcchterung in der Zelle wurden die beiden T\u00e4ter aus den polizeilichen Ma\u00dfnahmen entlassen.<\/p>\n\n\n\n<h2 class=\"wp-block-heading\">(Ludwigshafen) &#8211; Alkoholisiert auf dem Nachhauseweg<\/h2>\n\n\n\n<p>Am fr\u00fchen Sonntagmorgen des 18.12.2022 wurde ein 42-j\u00e4hriger Mann aus Ludwigshafen in seinem Auto in der Mannheimer Stra\u00dfe im Stadtteil Oggersheim durch die Polizei kontrolliert. Ein Alkoholtest bei dem Fahrer ergab einen Wert von 0,7 Promille, weswegen dieser im Anschluss die Polizisten mit zur Dienststelle begleiten musste. Ein entsprechendes Ordnungswidrigkeitenverfahren wurde eingeleitet.<\/p>\n\n\n\n<h2 class=\"wp-block-heading\">(Ludwigshafen) &#8211; Unfall durch Schneegl\u00e4tte<\/h2>\n\n\n\n<p>Am Samstagabend des 17.12.2022, gegen 20:45 Uhr, kam es in der Bgm.-Gr\u00fcnzweig-Stra\u00dfe im Ludwigshafener Stadtteil Hemshof zu einem Verkehrsunfall. Der 20-j\u00e4hrige Fahrer eines blauen Renaults verlor hierbei beim Versuch seinen PKW zu wenden aufgrund der glatten Fahrbahn die Kontrolle \u00fcber sein Fahrzeug und kollidierte mit einer Hauswand. Der Fahrer blieb unverletzt. Zeugen werden gebeten sich bei der Polizeiinspektion 2 unter der 0621-9632222 zu melden.<\/p>\n\n\n\n<h2 class=\"wp-block-heading\">(Ludwigshafen) &#8211; Brand in Mehrfamilienhaus<\/h2>\n\n\n\n<p>Am Samstagmittag des 17.12.2022 kam es im Kellerabteil eines Mehrparteienhauses in der Ganderhofstra\u00dfe im Ludwigshafener Stadtteil Hemshof zu einer starken Rauchentwicklung durch entz\u00fcndetes Laub. Durch die anger\u00fcckte Feuerwehr konnte der Ausbruch eines gr\u00f6\u00dferen Brandes verhindert werden, sodass keine Anwohner verletzt wurden. Nach einer Durchl\u00fcftung des Anwesens durch die Feuerwehr, konnten die Anwohner wieder zur\u00fcck in ihre Wohnungen kehren.<\/p>\n\n\n\n<h2 class=\"wp-block-heading\">(Ludwigshafen) &#8211; Ohne F\u00fchrerschein verunfallt<\/h2>\n\n\n\n<p>Am Freitagabend des 16.12.2022 wurde die Polizei zu einer Verkehrsunfallaufnahme in die Frankenthaler Stra\u00dfe im Ludwigshafener Stadtteil West gerufen. Der 29-j\u00e4hriger Fahrer eines VW verlor aufgrund der Stra\u00dfengl\u00e4tte die Kontrolle \u00fcber sein Fahrzeug und kollidierte hierbei mit einem anderen geparkten Fahrzeug am Stra\u00dfenrand. Bei der Unfallaufnahme stellte sich heraus, dass der 29-j\u00e4hrige Fahrer derzeit keinen F\u00fchrerschein besitzt. Ein entsprechendes Ermittlungsverfahren wurde eingeleitet.<\/p>\n\n\n\n<h2 class=\"wp-block-heading\">(Ludwigshafen) &#8211; Telefonbetrug misslingt<\/h2>\n\n\n\n<p>Am Freitagmittag des 16.12.2022 wurde ein 68-j\u00e4hriger Oppauer auf seinem Festnetztelefon angerufen. Ihm wurde ein Gewinn in einer Lotterie in Aussicht gestellt, sofern er einen Geldboten f\u00fcr eine \u00dcbergabe des Gewinns im Voraus bezahlen w\u00fcrde. Der 68-j\u00e4hrige entlarvte den Betrug und kontaktierte die Polizei. Entsprechende Ermittlungen wurden aufgenommen.<\/p>\n\n\n\n<h2 class=\"wp-block-heading\">(Mannheim) &#8211; 37 Jahre alter Mann tot aufgefunden \/ Verdacht eines T\u00f6tungsdelikts<a href=\"https:\/\/www.facebook.com\/sharer.php?u=https%3A%2F%2Fwww.presseportal.de%2Fblaulicht%2Fpm%2F14915%2F5396958%2F%3Futm_source%3Dfacebook%26utm_medium%3Dsocial\"><\/a><a href=\"https:\/\/twitter.com\/intent\/tweet?text=POL-MA%3A%20Mannheim%3A%2037%20Jahre%20alter%20Mann%20tot%20aufgefunden%20-%20Verdacht%20eines%20T%C3%B6tungsdelikts%20-%20Pressemitteilung%20Nr.%202&amp;url=https%3A%2F%2Fwww.presseportal.de%2Fblaulicht%2Fpm%2F14915%2F5396958%2F%3Futm_source%3Dtwitter%26utm_medium%3Dsocial&amp;hashtags=ots&amp;lang=de\"><\/a><a href=\"https:\/\/web.whatsapp.com\/send?text=POL-MA%3A%20Mannheim%3A%2037%20Jahre%20alter%20Mann%20tot%20aufgefunden%20-%20Verdacht%20eines%20T%C3%B6tungsdelikts%20-%20Pressemitteilung%20Nr.%202%0A%0Ahttps%3A%2F%2Fwww.presseportal.de%2Fblaulicht%2Fpm%2F14915%2F5396958%2F%3Futm_source%3Dwhatsapp%26utm_medium%3Dsocial\"><\/a><a href=\"https:\/\/www.xing.com\/app\/user?op=share;url=https%3A%2F%2Fwww.presseportal.de%2Fblaulicht%2Fpm%2F14915%2F5396958%2F%3Futm_source%3Dxing%26utm_medium%3Dsocial\"><\/a><a href=\"http:\/\/www.linkedin.com\/shareArticle?mini=true&amp;url=https%3A%2F%2Fwww.presseportal.de%2Fblaulicht%2Fpm%2F14915%2F5396958%2F%3Futm_source%3Dlinkedin%26utm_medium%3Dsocial&amp;title=POL-MA%3A+Mannheim%3A+37+Jahre+alter+Mann+tot+aufgefunden+-+Verdacht+eines+T%C3%B6tungsdelikts+-+Pressemitteilung+Nr.+2\"><\/a><a href=\"mailto:?subject=POL-MA%3A%20Mannheim%3A%2037%20Jahre%20alter%20Mann%20tot%20aufgefunden%20-%20Verdacht%20eines%20T%C3%B6tungsdelikts%20-%20Pressemitteilung%20Nr.%202&amp;body=https:\/\/www.presseportal.de\/blaulicht\/pm\/14915\/5396958\"><\/a><\/h2>\n\n\n\n<h3 class=\"wp-block-heading\">Gemeinsame Presseerkl\u00e4rung der Staatsanwaltschaft Mannheim und des Polizeipr\u00e4sidiums Mannheim<\/h3>\n\n\n\n<h3 class=\"has-text-align-center wp-block-heading\">Pressemitteilung Nr. 2<\/h3>\n\n\n<div class=\"wp-block-image\">\n<figure class=\"aligncenter size-full\"><img decoding=\"async\" loading=\"lazy\" width=\"500\" height=\"822\" src=\"https:\/\/speyer24news.com\/wp-content\/uploads\/2022\/12\/finaler-Entwurf_Zeugenaufruf_Marian-scaled-1.jpg\" alt=\"\" class=\"wp-image-50517\" srcset=\"https:\/\/speyer24news.com\/wp-content\/uploads\/2022\/12\/finaler-Entwurf_Zeugenaufruf_Marian-scaled-1.jpg 500w, https:\/\/speyer24news.com\/wp-content\/uploads\/2022\/12\/finaler-Entwurf_Zeugenaufruf_Marian-scaled-1-182x300.jpg 182w\" sizes=\"(max-width: 500px) 100vw, 500px\" \/><\/figure><\/div>\n\n\n<p>Nachdem am Samstag, den 10.12.2022, der 37-j\u00e4hrige Mari\u00e1n K., Spitzname &#8222;Mario&#8220;, im Bereich Cahn-Garnier-Ufer\/Hans-B\u00f6ckler-Platz tot aufgefunden wurde, gingen bereits mehrere Hinweise bei der SOKO Areal ein. Zudem wurden in den vergangenen Tagen am und in der N\u00e4he des Leichenfundortes sowie an den bereits bekannten Aufenthaltsorten des Opfers zahlreiche Zeugen- und Anwohnerbefragungen durchgef\u00fchrt. Den daraus gewonnenen Ermittlungsans\u00e4tzen geht die SOKO akribisch nach.<\/p>\n\n\n\n<p>Wie die Ermittlungen ergaben, verf\u00fcgte Mari\u00e1n K. \u00fcber keinen festen Wohnsitz. Er war slowakischer Staatsangeh\u00f6riger und auf einen Rollstuhl bzw. eine Gehhilfe angewiesen.<\/p>\n\n\n\n<h4 class=\"wp-block-heading\">Zur Erlangung weiterer Hinweise wenden sich die Ermittlerinnen und Ermittler der SOKO Areal mit folgenden konkreten Fragestellungen an die Bev\u00f6lkerung:<\/h4>\n\n\n\n<ul><li><strong>Wer kannte Mari\u00e1n K., Spitzname &#8222;Mario&#8220;? <\/strong><\/li><li><strong>Wer kann Angaben \u00fcber Freunde oder Bekannte von Mari\u00e1n K. machen? <\/strong><\/li><li><strong>Wer hat einen Streit oder eine k\u00f6rperliche Auseinandersetzung beobachtet, in die Mari\u00e1n K. verwickelt war?<\/strong><\/li><\/ul>\n\n\n\n<p>In den kommenden Tagen sind zudem verst\u00e4rkt Einsatzkr\u00e4fte der Polizei im Stadtgebiet Mannheim unterwegs, um mit Flyern und Aush\u00e4ngen in mehreren Sprachen weitere Informationen zu den gestellten Fragen zu erlangen. Die Aush\u00e4nge in den verschiedenen Sprachen finden Sie hier:<\/p>\n\n\n\n<p><a href=\"https:\/\/ppmannheim.polizei-bw.de\/mannheim-37-jahre-alter-mann-tot-aufgefunden-zeugenaufruf-mit-flyern-und-plakaten\/\">https:\/\/ppmannheim.polizei-bw.de\/mannheim-37-jahre-alter-mann-tot-aufgefunden-zeugenaufruf-mit-flyern-und-plakaten\/<\/a><\/p>\n\n\n\n<h2 class=\"wp-block-heading\">(Mannheim-Innenstadt) &#8211; Streitigkeiten in einer Bar<\/h2>\n\n\n\n<p>In der Nacht des 18.12.2022 um 05:35 Uhr, kam es in einer Bar in den Quadraten I7 in der Mannheimer Innenstadt zwischen einer 4-k\u00f6pfigen Gruppe und 2 weiteren Personen zu einer Auseinandersetzung. Nach anf\u00e4nglichen verbalen Streitigkeiten, endete diese in einer K\u00f6rperverletzung. Die beiden Gesch\u00e4digten wurden von der 4-k\u00f6pfigen Gruppe angegriffen und gingen im Verlauf der Auseinandersetzung zu Boden. Die vier T\u00e4ter konnten unerkannt fl\u00fcchten. Die Gesch\u00e4digten wurden hierbei nur leicht verletzt. Zeugen der Auseinandersetzung werden gebeten sich beim Polizeirevier Mannheim-Innenstadt unter der Telefonnummer 0621- 17412580 zu melden.<\/p>\n\n\n\n<h2 class=\"wp-block-heading\">(Mannheim-Innenstadt) &#8211; In Folge Alkoholgenuss am Steuer eingeschlafen \/ F\u00fchrerschein weg<\/h2>\n\n\n\n<p>In den fr\u00fchen Morgenstunden des Sonntags, gegen ca. 06:20 Uhr, wurde durch aufmerksame Verkehrsteilnehmer eine junge Frau gemeldet, die mit ihrer Daimler-Chrysler A-Klasse an einer, auf dem Mannheimer Friedrichsring, befindlichen Lichtzeichenanlage stand und mit dem Kopf auf dem Lenkrad lag. Durch eine Streife konnte festgestellt werden, dass die 21-j\u00e4hrige Fzg.-F\u00fchrerin aufgrund \u00fcberm\u00e4\u00dfigem Alkoholgenuss, am Steuer eingeschlafen war. Ein durchgef\u00fchrter Atemalkoholtest ergab einen Wert von 2 Promille. Der Dame wurde eine Blutprobe entnommen, der F\u00fchrerschein einbehalten. Die Fahrzeug-F\u00fchrerin erwartet nun eine Anzeige wegen Trunkenheit im Stra\u00dfenverkehr.<\/p>\n\n\n\n<h2 class=\"wp-block-heading\">(Mannheim-Innenstadt) &#8211; Einbruch in Gastst\u00e4tte \/ hoher Sachschaden<a href=\"https:\/\/www.facebook.com\/sharer.php?u=https%3A%2F%2Fwww.presseportal.de%2Fblaulicht%2Fpm%2F14915%2F5397101%2F%3Futm_source%3Dfacebook%26utm_medium%3Dsocial\"><\/a><a href=\"https:\/\/twitter.com\/intent\/tweet?text=POL-MA%3A%20Mannheim-Innenstadt%3A%20Einbruch%20in%20Gastst%C3%A4tte%20-%20hoher%20Sachschaden&amp;url=https%3A%2F%2Fwww.presseportal.de%2Fblaulicht%2Fpm%2F14915%2F5397101%2F%3Futm_source%3Dtwitter%26utm_medium%3Dsocial&amp;hashtags=ots&amp;lang=de\"><\/a><a href=\"https:\/\/web.whatsapp.com\/send?text=POL-MA%3A%20Mannheim-Innenstadt%3A%20Einbruch%20in%20Gastst%C3%A4tte%20-%20hoher%20Sachschaden%0A%0Ahttps%3A%2F%2Fwww.presseportal.de%2Fblaulicht%2Fpm%2F14915%2F5397101%2F%3Futm_source%3Dwhatsapp%26utm_medium%3Dsocial\"><\/a><a href=\"https:\/\/www.xing.com\/app\/user?op=share;url=https%3A%2F%2Fwww.presseportal.de%2Fblaulicht%2Fpm%2F14915%2F5397101%2F%3Futm_source%3Dxing%26utm_medium%3Dsocial\"><\/a><a href=\"http:\/\/www.linkedin.com\/shareArticle?mini=true&amp;url=https%3A%2F%2Fwww.presseportal.de%2Fblaulicht%2Fpm%2F14915%2F5397101%2F%3Futm_source%3Dlinkedin%26utm_medium%3Dsocial&amp;title=POL-MA%3A+Mannheim-Innenstadt%3A+Einbruch+in+Gastst%C3%A4tte+-+hoher+Sachschaden\"><\/a><a href=\"mailto:?subject=POL-MA%3A%20Mannheim-Innenstadt%3A%20Einbruch%20in%20Gastst%C3%A4tte%20-%20hoher%20Sachschaden&amp;body=https:\/\/www.presseportal.de\/blaulicht\/pm\/14915\/5397101\"><\/a><\/h2>\n\n\n\n<p>Am Samstag dem 17.12.2022, im Zeitraum von 02:00 bis 08:30 Uhr kam es, bei einer in den Mannheimer H-Quadraten ans\u00e4ssigen Gastst\u00e4tte, zu einem Einbruch. Die bislang unbekannte T\u00e4terschaft gelangte auf noch unbekannte Art in die Gastst\u00e4tte und brach dort gewaltsam aufgestellte Spiel- und Zigarettenautomaten auf. Anschlie\u00dfend entwendeten der oder die T\u00e4ter Bargeld und Zigaretten. Der vorl\u00e4ufig festgestellte Schaden bel\u00e4uft sich auf ca. 35.000 EUR. Die Spurensicherung wird durch die Kriminaltechnik der Kriminalpolizei Heidelberg durchgef\u00fchrt. Die weiteren Ermittlungen werden von der Ermittlungsgruppe Eigentum der Kriminalpolizeidirektion Heidelberg \u00fcbernommen.<\/p>\n\n\n\n<p>Zeugen, die sachdienliche Hinweise geben k\u00f6nnen, werden gebeten, sich an das kriminalpolizeiliche Hinweistelefon, unter der Telefonnummer: 0621\/174-4444, zu wenden.<\/p>\n\n\n\n<h2 class=\"wp-block-heading\">(Mannheim-Innenstadt) &#8211; Pkw missachtet rote Ampel und wird von Stra\u00dfenbahn erfasst<\/h2>\n\n\n\n<p>Am Freitagnachmittag, gegen 16.00 Uhr, missachtete der 47-j\u00e4hrige Fahrer eines Mercedes aus dem Cahn-Garnier-Ufer kommend in Richtung U 2 \/ U 3 das Rotlicht der dortigen Ampel und wurde im Gleisbereich von einer Stra\u00dfenbahn erfasst. Durch den Einschlag der Stra\u00dfenbahn auf der Fahrerseite wurde der Unfallverursacher leicht verletzt.<\/p>\n\n\n\n<p>Der Pkw war nicht mehr fahrbereit und blockierte den dortigen Gleisbereich und einen Teil des Friedrichsrings. Stra\u00dfenbahnen konnten erst nach etwa 50 Minuten den betroffenen Teilabschnitt wieder befahren. Die Abschleppma\u00dfnahmen und Fahrbahnreinigung waren um 17.30 Uhr beendet und die Fahrbahn konnte wieder vollst\u00e4ndig freigegeben werden.<\/p>\n\n\n\n<h2 class=\"wp-block-heading\">(Mannheim-Neckarstadt) &#8211; Gartenhaus in Kleingartenanlage in Brand geraten \/ Hoher Sachschaden und zwei Leichtverletzte.<\/h2>\n\n\n\n<p>Am fr\u00fchen Samstagmorgen, gegen 04.00 Uhr, meldete ein Zeuge beim Polizeinotruf einen Brand in der an der Kammerschleuse befindlichen Kleingartenanlage Friesenheimer Insel. Durch Erstkr\u00e4fte konnte festgestellt werden, dass ein Gartenhaus in Vollbrand stand. Durch die Berufsfeuerwehr Mannheim, die mit einem L\u00f6schzug vor Ort war, konnte der Brand schnell unter Kontrolle gebracht und ein \u00dcbergreifen auf angrenzende Gartenh\u00e4user verhindert werden. Die zwei Besitzer des Gartenhauses, die sich zum Zeitpunkt des Brandausbruches im Haus befanden, konnten sich selbst\u00e4ndig in Sicherheit bringen. Jedoch erlitten Beide leichte Verbrennungen und Rauchgasvergiftungen. Die Verletzungen wurden in einer Mannheimer Klinik medizinisch behandelt. Ob durch die Hitzeentwicklung angrenzende Geb\u00e4ude in Mitleidenschaft gezogen wurden, kann derzeit noch nicht gesagt werden. Der Gesamtschaden wird auf bis zu 100 000,- beziffert. \u00dcber die Brandursache liegen derzeit keine Erkenntnisse vor und sind Gegenstand der Ermittlungen. Das Polizeirevier Mannheim-Neckarstadt hat diese aufgenommen.<\/p>\n\n\n\n<h2 class=\"wp-block-heading\">(Mannheim-Feudenheim) &#8211; Pkw kommt von der Fahrbahn ab und kollidiert mit Laterne \/ Fahrer leichtverletzt<\/h2>\n\n\n\n<p>Am Freitagnachmittag, gegen 16.15 Uhr, verlor ein 20-j\u00e4hriger auf dem Wingertsbuckel aufgrund einer Ablenkung die Kontrolle \u00fcber seinen Peugot, kam von der Fahrbahn ab und kollidierte mit einer Stra\u00dfenlaterne. Durch den Aufprall zog sich der Fahrer Prellungen zu und wurde in ein nahe gelegenes Krankenhaus gebracht. Im Rahmen weiterer polizeilicher Ermittlungen wurde zudem bekannt, dass der Unfallverursacher nicht im Besitz einer g\u00fcltigen Fahrerlaubnis ist. Ihn erwarten jetzt Anzeigen wegen dem ordnungsrechtlichen Versto\u00df und dem Fahren ohne Fahrerlaubnis.<\/p>\n\n\n\n<h2 class=\"wp-block-heading\">(Mannheim-Rheinau) &#8211; Brand eines freistehenden Pizzaofens alarmiert Nachbarschaft<\/h2>\n\n\n\n<p>Am gestrigen Samstagabend, gegen 19:50 Uhr wurde \u00fcber einen aufmerksamen Mitteiler, beim Polizeinotruf, ein m\u00f6glicher Brand einer Gartenh\u00fctte gemeldet. Das Brandgeschehen sollte im Bereich der Kropsburgstra\u00dfe sein. Bei einer umgehenden Nachschau durch Einsatzkr\u00e4fte der Polizei konnte festgestellt werden, dass ein, in einem Gartengrundst\u00fcck der Kropsburgstra\u00dfe installierter freistehender \u00fcberdachter Pizzaofen, in Brand geraten war. Die Brandbek\u00e4mpfung wurde durch den Eigent\u00fcmer zun\u00e4chst selbst und anschlie\u00dfend fachgerecht durch die alarmierte Feuerwehr durchgef\u00fchrt. Nach Abschluss der L\u00f6scharbeiten war das Ausma\u00df dann ersichtlich. Die \u00dcberdachung des Ofens war fast vollst\u00e4ndig abgebrannt. Der Sachschaden wurde auf ca. 8000 EUR beziffert. Die Brandursache selbst ist noch unbekannt. Zudem wurde eine Person mit Verdacht der Rauchgasintoxikation vor Ort behandelt.<\/p>\n\n\n\n<h2 class=\"wp-block-heading\">(Heidelberg) &#8211; Brand einer Gartenh\u00fctte<\/h2>\n\n\n\n<p>Aktuell kommt es zu einem Einsatz von Polizei, Feuerwehr und Rettungsdienst aufgrund eines Brandes einer H\u00fctte in einer Kleingartenanlage im Bereich des Leimer Weges in Heidelberg. Die Brandursache sowie die Schadensh\u00f6he sind aktuell noch nicht bekannt. Es wird nachberichtet.<\/p>\n\n\n\n<h3 class=\"has-text-align-center wp-block-heading\">Pressemeldung Nr. 2<a href=\"https:\/\/www.facebook.com\/sharer.php?u=https%3A%2F%2Fwww.presseportal.de%2Fblaulicht%2Fpm%2F14915%2F5397343%2F%3Futm_source%3Dfacebook%26utm_medium%3Dsocial\"><\/a><a href=\"https:\/\/twitter.com\/intent\/tweet?text=POL-MA%3A%20Heidelberg%20-%20Brand%20einer%20Gartenh%C3%BCtte%20-%20PM%20Nr.%202&amp;url=https%3A%2F%2Fwww.presseportal.de%2Fblaulicht%2Fpm%2F14915%2F5397343%2F%3Futm_source%3Dtwitter%26utm_medium%3Dsocial&amp;hashtags=ots&amp;lang=de\"><\/a><a href=\"https:\/\/web.whatsapp.com\/send?text=POL-MA%3A%20Heidelberg%20-%20Brand%20einer%20Gartenh%C3%BCtte%20-%20PM%20Nr.%202%0A%0Ahttps%3A%2F%2Fwww.presseportal.de%2Fblaulicht%2Fpm%2F14915%2F5397343%2F%3Futm_source%3Dwhatsapp%26utm_medium%3Dsocial\"><\/a><a href=\"https:\/\/www.xing.com\/app\/user?op=share;url=https%3A%2F%2Fwww.presseportal.de%2Fblaulicht%2Fpm%2F14915%2F5397343%2F%3Futm_source%3Dxing%26utm_medium%3Dsocial\"><\/a><a href=\"http:\/\/www.linkedin.com\/shareArticle?mini=true&amp;url=https%3A%2F%2Fwww.presseportal.de%2Fblaulicht%2Fpm%2F14915%2F5397343%2F%3Futm_source%3Dlinkedin%26utm_medium%3Dsocial&amp;title=POL-MA%3A+Heidelberg+-+Brand+einer+Gartenh%C3%BCtte+-+PM+Nr.+2\"><\/a><a href=\"mailto:?subject=POL-MA%3A%20Heidelberg%20-%20Brand%20einer%20Gartenh%C3%BCtte%20-%20PM%20Nr.%202&amp;body=https:\/\/www.presseportal.de\/blaulicht\/pm\/14915\/5397343\"><\/a><\/h3>\n\n\n\n<p>Der Brand einer H\u00fctte in einer Kleingartenanlage in Heidelberg im Bereich des Leimer Weges konnte mittlerweile durch die Feuerwehr gel\u00f6scht werden. Personen wurden nicht verletzt, der Sachschaden wird auf ca. 5.000 Euro gesch\u00e4tzt. Die Brandursache ist aktuell noch Gegenstand der Ermittlungen des Polizeirevieres Heidelberg-S\u00fcd.<\/p>\n\n\n\n<h2 class=\"wp-block-heading\">(Heidelberg-Altstadt) &#8211; Betrunken mit dem E-Scooter unterwegs<\/h2>\n\n\n\n<p>Am Samstag, gegen 03.40 Uhr, kontrollierte eine Polizeistreife in der Hauptstra\u00dfe einen 21-j\u00e4hrigen, da das Befahren der Hauptstra\u00dfe mit E-Scootern nicht erlaubt ist. Bei dem anschlie\u00dfenden Kontrollgespr\u00e4ch wurde festgestellt, dass er deutlich alkoholisiert war. Ein durchgef\u00fchrter Atemalkoholtest ergab einen Wert von 1,4 Promille. Ihm wurde eine Blutprobe entnommen und ihn erwartet eine Anzeige wegen Trunkenheit im Stra\u00dfenverkehr.<\/p>\n\n\n\n<h2 class=\"wp-block-heading\">(Heidelberg-Kirchheim) &#8211; Unfall, Frontalzusammensto\u00df auf der B 535, Stra\u00dfensperrung in Richtung Boxberg \/ HD-Rohrbach<a href=\"https:\/\/www.facebook.com\/sharer.php?u=https%3A%2F%2Fwww.presseportal.de%2Fblaulicht%2Fpm%2F14915%2F5397010%2F%3Futm_source%3Dfacebook%26utm_medium%3Dsocial\"><\/a><a href=\"https:\/\/twitter.com\/intent\/tweet?text=POL-MA%3A%20Heidelberg-Kirchheim%3A%20Unfall%2C%20Frontalzusammensto%C3%9F%20auf%20der%20B%20535%2C%20Stra%C3%9Fensperrung%20in%20Richtung%20Boxberg%20%2F%20HD-Rohrbach&amp;url=https%3A%2F%2Fwww.presseportal.de%2Fblaulicht%2Fpm%2F14915%2F5397010%2F%3Futm_source%3Dtwitter%26utm_medium%3Dsocial&amp;hashtags=ots&amp;lang=de\"><\/a><a href=\"https:\/\/web.whatsapp.com\/send?text=POL-MA%3A%20Heidelberg-Kirchheim%3A%20Unfall%2C%20Frontalzusammensto%C3%9F%20auf%20der%20B%20535%2C%20Stra%C3%9Fensperrung%20in%20Richtung%20Boxberg%20%2F%20HD-Rohrbach%0A%0Ahttps%3A%2F%2Fwww.presseportal.de%2Fblaulicht%2Fpm%2F14915%2F5397010%2F%3Futm_source%3Dwhatsapp%26utm_medium%3Dsocial\"><\/a><a href=\"https:\/\/www.xing.com\/app\/user?op=share;url=https%3A%2F%2Fwww.presseportal.de%2Fblaulicht%2Fpm%2F14915%2F5397010%2F%3Futm_source%3Dxing%26utm_medium%3Dsocial\"><\/a><a href=\"http:\/\/www.linkedin.com\/shareArticle?mini=true&amp;url=https%3A%2F%2Fwww.presseportal.de%2Fblaulicht%2Fpm%2F14915%2F5397010%2F%3Futm_source%3Dlinkedin%26utm_medium%3Dsocial&amp;title=POL-MA%3A+Heidelberg-Kirchheim%3A+Unfall%2C+Frontalzusammensto%C3%9F+auf+der+B+535%2C+Stra%C3%9Fensperrung+in+Richtung+Boxberg+%2F+HD-Rohrbach\"><\/a><a href=\"mailto:?subject=POL-MA%3A%20Heidelberg-Kirchheim%3A%20Unfall%2C%20Frontalzusammensto%C3%9F%20auf%20der%20B%20535%2C%20Stra%C3%9Fensperrung%20in%20Richtung%20Boxberg%20%2F%20HD-Rohrbach&amp;body=https:\/\/www.presseportal.de\/blaulicht\/pm\/14915\/5397010\"><\/a><\/h2>\n\n\n\n<p>Am Samstag gegen 18:07 kam es aus bisher ungekl\u00e4rter Ursache zu einem Zusammensto\u00df zweier Fahrzeuge. Die B 535 von der Speyerer Stra\u00dfe kommend in Richtung Boxberg \/ Rohrbach ist derzeit gesperrt. Vor Ort sind die Polizei und Rettungskr\u00e4fte im Einsatz. Der Verkehrsdienst Heidelberg hat die Ermittlungen zu dem Unfall \u00fcbernommen.<\/p>\n\n\n\n<h3 class=\"has-text-align-center wp-block-heading\">Gel\u00f6ster Fahrzeugreifen rollt in den Gegenverkehr und l\u00f6st Unfall aus \/ Zwei Leichtverletzte &#8211; Pressemitteilung Nr. 2<a href=\"https:\/\/www.facebook.com\/sharer.php?u=https%3A%2F%2Fwww.presseportal.de%2Fblaulicht%2Fpm%2F14915%2F5397039%2F%3Futm_source%3Dfacebook%26utm_medium%3Dsocial\"><\/a><a href=\"https:\/\/twitter.com\/intent\/tweet?text=POL-MA%3A%20Heidelberg%2FKirchheim%3A%20Gel%C3%B6ster%20Fahrzeugreifen%20rollt%20in%20den%20Gegenverkehr%20und%20l%C3%B6st%20Unfall%20aus%20-%20zwei%20Leichtverletzte%20Pressemitteilung%20Nr.%202&amp;url=https%3A%2F%2Fwww.presseportal.de%2Fblaulicht%2Fpm%2F14915%2F5397039%2F%3Futm_source%3Dtwitter%26utm_medium%3Dsocial&amp;hashtags=ots&amp;lang=de\"><\/a><a href=\"https:\/\/web.whatsapp.com\/send?text=POL-MA%3A%20Heidelberg%2FKirchheim%3A%20Gel%C3%B6ster%20Fahrzeugreifen%20rollt%20in%20den%20Gegenverkehr%20und%20l%C3%B6st%20Unfall%20aus%20-%20zwei%20Leichtverletzte%20Pressemitteilung%20Nr.%202%0A%0Ahttps%3A%2F%2Fwww.presseportal.de%2Fblaulicht%2Fpm%2F14915%2F5397039%2F%3Futm_source%3Dwhatsapp%26utm_medium%3Dsocial\"><\/a><a href=\"https:\/\/www.xing.com\/app\/user?op=share;url=https%3A%2F%2Fwww.presseportal.de%2Fblaulicht%2Fpm%2F14915%2F5397039%2F%3Futm_source%3Dxing%26utm_medium%3Dsocial\"><\/a><a href=\"http:\/\/www.linkedin.com\/shareArticle?mini=true&amp;url=https%3A%2F%2Fwww.presseportal.de%2Fblaulicht%2Fpm%2F14915%2F5397039%2F%3Futm_source%3Dlinkedin%26utm_medium%3Dsocial&amp;title=POL-MA%3A+Heidelberg%2FKirchheim%3A+Gel%C3%B6ster+Fahrzeugreifen+rollt+in+den+Gegenverkehr+und+l%C3%B6st+Unfall+aus+-+zwei+Leichtverletzte+Pressemitteilung+Nr.+2\"><\/a><a href=\"mailto:?subject=POL-MA%3A%20Heidelberg%2FKirchheim%3A%20Gel%C3%B6ster%20Fahrzeugreifen%20rollt%20in%20den%20Gegenverkehr%20und%20l%C3%B6st%20Unfall%20aus%20-%20zwei%20Leichtverletzte%20Pressemitteilung%20Nr.%202&amp;body=https:\/\/www.presseportal.de\/blaulicht\/pm\/14915\/5397039\"><\/a><\/h3>\n\n\n\n<p>Am Samstagabend, gegen 18.00 Uhr, befuhr ein 24-j\u00e4hriger Mercedes-Fahrer mit seinem Pkw die B 535 vom Emmertsgrund kommend in Richtung Speyrer Stra\u00dfe. Kurz nach der Abfahrt zur L 598 l\u00f6st sich aus noch ungekl\u00e4rter Ursache der hintere Reifen seines Fahrzeugs und rollt in den Gegenverkehr. Hier kommt es zur Kollision mit einem entgegenkommenden Opel einer 38-J\u00e4hrigen. Ein hinter der Opel-Fahrerin fahrender 21-j\u00e4hriger Fiat-Fahrer erkennt die Situation zu sp\u00e4t und f\u00e4hrt der 38-j\u00e4hrigen Opel-Fahrerin ins Heck ihres Fahrzeugs. W\u00e4hrend die 38-J\u00e4hrige Opel-Fahrerin und der 21-J\u00e4hrige Fiat-Fahrer unverletzt blieben erlitten die zwei 22-j\u00e4hrigen Mitfahrerinnen des 21-J\u00e4hrigen leichte Verletzungen. Beide wurden in einem Heidelberger Krankenhaus medizinisch behandelt. Durch den gel\u00f6sten Reifen entstand am Mercedes ein gesch\u00e4tzter Schaden in H\u00f6he von ca. 2500,- Euro. Der Schaden am Opel wird mit ca. 15 000,- Euro und der Schaden am Fiat mit ca. 4000,- Euro beziffert. Alle drei Fahrzeuge mussten abgeschleppt werden. F\u00fcr die Dauer der Unfallaufnahme und Bergungsarbeiten musste die B 535 bis ca. 20.35 Uhr voll gesperrt werden. Eine \u00f6rtliche Umleitung wurde eingerichtet. Daraus ergaben sich mittlere Verkehrsbeeintr\u00e4chtigungen. Der Verkehrsdienst hat die Ermittlungen aufgenommen.<\/p>\n\n\n\n<h2 class=\"wp-block-heading\">(Schwetzingen \/ Rhein-Neckar-Kreis) &#8211; Kollision mit geparktem Elektrofahrzeug \/ Beide Pkw in Brand geraten &#8211; ca. 70 000,- Euro Schaden<a href=\"https:\/\/www.facebook.com\/sharer.php?u=https%3A%2F%2Fwww.presseportal.de%2Fblaulicht%2Fpm%2F14915%2F5396884%2F%3Futm_source%3Dfacebook%26utm_medium%3Dsocial\"><\/a><a href=\"https:\/\/twitter.com\/intent\/tweet?text=POL-MA%3A%20Schwetzingen%2FRhein-Neckar-Kreis%3A%20Kollision%20mit%20geparktem%20Elektrofahrzeug%20-%20beide%20Pkw%20in%20Brand%20geraten%20-%20ca.%2070%20000%2C-%20Euro%20Schaden&amp;url=https%3A%2F%2Fwww.presseportal.de%2Fblaulicht%2Fpm%2F14915%2F5396884%2F%3Futm_source%3Dtwitter%26utm_medium%3Dsocial&amp;hashtags=ots&amp;lang=de\"><\/a><a href=\"https:\/\/web.whatsapp.com\/send?text=POL-MA%3A%20Schwetzingen%2FRhein-Neckar-Kreis%3A%20Kollision%20mit%20geparktem%20Elektrofahrzeug%20-%20beide%20Pkw%20in%20Brand%20geraten%20-%20ca.%2070%20000%2C-%20Euro%20Schaden%0A%0Ahttps%3A%2F%2Fwww.presseportal.de%2Fblaulicht%2Fpm%2F14915%2F5396884%2F%3Futm_source%3Dwhatsapp%26utm_medium%3Dsocial\"><\/a><a href=\"https:\/\/www.xing.com\/app\/user?op=share;url=https%3A%2F%2Fwww.presseportal.de%2Fblaulicht%2Fpm%2F14915%2F5396884%2F%3Futm_source%3Dxing%26utm_medium%3Dsocial\"><\/a><a href=\"http:\/\/www.linkedin.com\/shareArticle?mini=true&amp;url=https%3A%2F%2Fwww.presseportal.de%2Fblaulicht%2Fpm%2F14915%2F5396884%2F%3Futm_source%3Dlinkedin%26utm_medium%3Dsocial&amp;title=POL-MA%3A+Schwetzingen%2FRhein-Neckar-Kreis%3A+Kollision+mit+geparktem+Elektrofahrzeug+-+beide+Pkw+in+Brand+geraten+-+ca.+70+000%2C-+Euro+Schaden\"><\/a><a href=\"mailto:?subject=POL-MA%3A%20Schwetzingen%2FRhein-Neckar-Kreis%3A%20Kollision%20mit%20geparktem%20Elektrofahrzeug%20-%20beide%20Pkw%20in%20Brand%20geraten%20-%20ca.%2070%20000%2C-%20Euro%20Schaden&amp;body=https:\/\/www.presseportal.de\/blaulicht\/pm\/14915\/5396884\"><\/a><\/h2>\n\n\n\n<p>Am fr\u00fchen Samstagmorgen, gegen 00.55 Uhr, befuhr eine 52-j\u00e4hrige Seat Fahrerin in Schwetzingen die Mannheimer Stra\u00dfe. Aus zun\u00e4chst ungekl\u00e4rter Ursache verlor sie die Kontrolle \u00fcber ihren Pkw und kollidierte mit einem am Fahrbahnrand ordnungsgem\u00e4\u00df geparkten Elektrofahrzeug der Marke Audi. Durch den Zusammensto\u00df fingen die Fahrzeuge Feuer und brannten aus. Der Brand konnte durch die Freiwillige Feuerwehr Schwetzingen, die mit 20 Mann vor Ort war, schnell unter Kontrolle gebracht und gel\u00f6scht werden. Die 52-j\u00e4hrige Unfallverursacherin und ihre 47-j\u00e4hrige Beifahrerin konnten sich zuvor noch unverletzt aus ihrem Fahrzeug in Sicherheit bringen. Die Sch\u00e4den an beiden Pkw werden auf insgesamt ca. 70 000,- Euro gesch\u00e4tzt. W\u00e4hrend der Unfallaufnahme wurde schnell klar warum die 52-J\u00e4hrige die Kontrolle \u00fcber ihr Fahrzeug verlor. Zum Unfallzeitpunkt stand diese unter dem Einfluss alkoholischer Getr\u00e4nke, weswegen sie zur Entnahme einer Blutprobe zum Polizeirevier Schwetzingen verbracht wurde. Zu allem \u00dcberfluss zeigte sich die 52-J\u00e4hrige hier mit den polizeilichen Ma\u00dfnahmen nicht einverstanden und widersetzte sich den Ma\u00dfnahmen. Zudem beleidigte sie die Beamten. Sie muss sich neben der Gef\u00e4hrdung des Stra\u00dfenverkehrs, Trunkenheit im Stra\u00dfenverkehr nun noch wegen Widerstand gegen Vollstreckungsbeamte, Beleidigung und versuchter K\u00f6rperverletzung verantworten.<\/p>\n\n\n\n<h2 class=\"wp-block-heading\">(Wiesloch \/ Rhein-Neckar-Kreis) &#8211; Gr\u00f6\u00dferer Verkehrsunfall mit mehreren beteiligten Pkw auf der L547<a href=\"https:\/\/www.facebook.com\/sharer.php?u=https%3A%2F%2Fwww.presseportal.de%2Fblaulicht%2Fpm%2F14915%2F5397219%2F%3Futm_source%3Dfacebook%26utm_medium%3Dsocial\"><\/a><a href=\"https:\/\/twitter.com\/intent\/tweet?text=POL-MA%3A%20Wiesloch%2FRhein-Neckar-Kreis%3A%20Gr%C3%B6%C3%9Ferer%20Verkehrsunfall%20mit%20mehreren%20beteiligten%20Pkw%20auf%20der%20L547%20-%20Pressemeldung%201&amp;url=https%3A%2F%2Fwww.presseportal.de%2Fblaulicht%2Fpm%2F14915%2F5397219%2F%3Futm_source%3Dtwitter%26utm_medium%3Dsocial&amp;hashtags=ots&amp;lang=de\"><\/a><a href=\"https:\/\/web.whatsapp.com\/send?text=POL-MA%3A%20Wiesloch%2FRhein-Neckar-Kreis%3A%20Gr%C3%B6%C3%9Ferer%20Verkehrsunfall%20mit%20mehreren%20beteiligten%20Pkw%20auf%20der%20L547%20-%20Pressemeldung%201%0A%0Ahttps%3A%2F%2Fwww.presseportal.de%2Fblaulicht%2Fpm%2F14915%2F5397219%2F%3Futm_source%3Dwhatsapp%26utm_medium%3Dsocial\"><\/a><a href=\"https:\/\/www.xing.com\/app\/user?op=share;url=https%3A%2F%2Fwww.presseportal.de%2Fblaulicht%2Fpm%2F14915%2F5397219%2F%3Futm_source%3Dxing%26utm_medium%3Dsocial\"><\/a><a href=\"http:\/\/www.linkedin.com\/shareArticle?mini=true&amp;url=https%3A%2F%2Fwww.presseportal.de%2Fblaulicht%2Fpm%2F14915%2F5397219%2F%3Futm_source%3Dlinkedin%26utm_medium%3Dsocial&amp;title=POL-MA%3A+Wiesloch%2FRhein-Neckar-Kreis%3A+Gr%C3%B6%C3%9Ferer+Verkehrsunfall+mit+mehreren+beteiligten+Pkw+auf+der+L547+-+Pressemeldung+1\"><\/a><a href=\"mailto:?subject=POL-MA%3A%20Wiesloch%2FRhein-Neckar-Kreis%3A%20Gr%C3%B6%C3%9Ferer%20Verkehrsunfall%20mit%20mehreren%20beteiligten%20Pkw%20auf%20der%20L547%20-%20Pressemeldung%201&amp;body=https:\/\/www.presseportal.de\/blaulicht\/pm\/14915\/5397219\"><\/a><\/h2>\n\n\n\n<p>Derzeit (18.12.2022 \u2013 10:40) sind Kr\u00e4fte der Feuerwehr, des Rettungsdienstes und der Polizei bei einem gr\u00f6\u00dferen Verkehrsunfallgeschehen mit mehreren beteiligten Pkw, auf der L547 zwischen Baiertal und Wiesloch, eingesetzt. \u00dcber den Unfallhergang sowie zu dem Verletzungsbild ist derzeit noch nichts bekannt. Durch die Unfallaufnahme kann es zu Verkehrsbehinderungen und zu kurzfristigen Fahrbahnsperrungen kommen. Ortskundige Verkehrsteilnehmer werden gebeten die Strecke weitr\u00e4umig zu umfahren. Es wird nachberichtet.<\/p>\n\n\n\n<h3 class=\"has-text-align-center wp-block-heading\">Pressemeldung 2<\/h3>\n\n\n\n<p>Nach dem Verkehrsunfall auf der L547 ist die Unfallaufnahme vor Ort abgeschlossen, die Verkehrssperrungen sind aufgehoben, die Fahrbahn ist wieder frei. Die beiden am Unfall beteiligten Fahrzeuge mussten mittels einer Fachfirma geborgen und abgeschleppt werden. Aufgrund des Unfalles musste eine Person mittels Rettungshubschrauber in ein umliegendes Krankenhaus abtransportiert werden, eine weitere verletzte Person kam mit einem Rettungswagen in ein Krankenhaus. Die Schwere der Verletzungen beider Personen sind derzeit nicht bekannt. Die Unfallursache ist aktuell noch Gegenstand der Ermittlungen des Verkehrsdienstes Mannheim, \u00fcber die Schadensh\u00f6he kann derzeit keine Auskunft gegeben werden.<\/p>\n\n\n\n<h2 class=\"wp-block-heading\">(Wiesloch \/ Rhein-Neckar-Kreis) &#8211; Brand eines Gartenhauses an der K 4160<\/h2>\n\n\n\n<p>Aktuell (17.12.2022 \u2013 23:41) befinden sich Feuerwehr und Rettungskr\u00e4fte zwischen Schatthausen und Gauangelloch bei einem Gartenhausbrand im Einsatz. Nach derzeitigen Erkenntnisse sind keine Personen verletzt. \u00dcber die Brandursache bzw. den Brandschaden liegen noch keine Erkenntnisse vor.<\/p>\n\n\n\n<h3 class=\"has-text-align-center wp-block-heading\">Pressemitteilung Nr. 2<\/h3>\n\n\n\n<p>Am Samstag, dem 17.12.2022, gegen 23:15 Uhr wurde dem Polizeinotruf, durch Verkehrsteilnehmer, ein Brandgeschehen einer Scheune \/ Gartenh\u00fctte zwischen Schatthausen und Gauangelloch, gemeldet. Durch eingesetzte Kr\u00e4fte konnte ein Brand einer h\u00f6lzernen Gartenh\u00fctte, im Feldgebiet \u00f6stlich der K4160, festgestellt werden. Die Gartenh\u00fctte geriet im weiteren Fortgang in Vollbrand. Durch die eingesetzte Feuerwehr konnte der Brand letztlich jedoch bek\u00e4mpft und gel\u00f6scht werden. Ferner konnte sogar auch der Eigent\u00fcmer der Gartenh\u00fctte verst\u00e4ndigt werden, welcher kurz darauf vor Ort kam. Als Brandursache wurde ein m\u00f6glicher technischer Defekt bei einem Stromwechsler \/ Transformator angenommen, welcher wohl vergessen wurde durch den Eigent\u00fcmer aus- \/ abzuschalten. Hinweise auf ein Fremdverschulden liegen bislang nicht vor. Zur H\u00f6he des Sachschadens gibt es noch keine Erkenntnisse.<\/p>\n\n\n\n<h2 class=\"wp-block-heading\">(Wiesloch \/ Rhein-Neckar-Kreis) &#8211; Betrunkener Mercedes-Fahrer ger\u00e4t in Gegenverkehr \/ 4 Verletzte und hoher Sachschaden<\/h2>\n\n\n\n<p>Am Freitagnachmittag, gegen 17.10 Uhr, befuhr ein 69-j\u00e4hriger Mercedes-Fahrer mit seinem Pkw die Horrenberger Stra\u00dfe\/L 612 in Fahrtrichtung Horrenberg. In H\u00f6he Erlenbachhof verlor der 69-J\u00e4hrige die Kontrolle \u00fcber seinen Pkw, geriet in den Gegenverkehr, kollidierte hier mit einem entgegenkommenden BMW und in der weiteren Folge noch mit einem dahinterfahrenden Opel. Durch die Kollisionen wurden der 69-j\u00e4hrige Unfallverursacher schwer, jedoch nicht lebensgef\u00e4hrlich, die 22-j\u00e4hrige BMW-Fahrerin und der 54-j\u00e4hrige Opel-Fahrer leicht verletzt. Alle am Unfall Beteiligten wurden in umliegenden Kliniken medizinisch versorgt. Die Sch\u00e4den an den Fahrzeugen belaufen sich insgesamt auf ca. 40 000,- Euro. Da diese nicht mehr fahrbereit waren, mussten sie abgeschleppt werden. Im Verlauf der Unfallaufnahme konnte beim Unfallverursacher eine Alkoholbeeinflussung festgestellt werden. Ein bei ihm durchgef\u00fchrter Atemalkoholtest ergab einen Wert von 1,88 Promille. Dem 69-J\u00e4hrigen wurde noch in einer Klinik eine Blutprobe entnommen. Sein F\u00fchrerschein bleibt bei den Akten und er sieht sich nun einem Verfahren wegen Stra\u00dfenverkehrsgef\u00e4hrdung, Trunkenheit im Verkehr und fahrl\u00e4ssiger K\u00f6rperverletzung entgegen.<\/p>\n","protected":false},"excerpt":{"rendered":"<div class=\"mh-excerpt\"><p>Polizeimeldungen vom Wochenende (17.12 &amp; 18.12.2022) (Speyer) &#8211; Alleinunfall unter Alkoholeinfluss Am Samstagabend, den 17.12.2022, wurde der Polizei Speyer um 23:45 Uhr ein gest\u00fcrzter Radfahrer im Bereich der Schwerdstra\u00dfe gemeldet. Der Anrufer konnte bereits zwei <a class=\"mh-excerpt-more\" href=\"https:\/\/speyer24news.com\/?p=50513\" title=\"Polizeimeldungen Wochenende (17.12 &#038; 18.12.2022)\">[&#8230;]<\/a><\/p>\n<\/div>","protected":false},"author":3,"featured_media":26162,"comment_status":"open","ping_status":"open","sticky":false,"template":"","format":"standard","meta":{"_monsterinsights_skip_tracking":false,"_monsterinsights_sitenote_active":false,"_monsterinsights_sitenote_note":"","_monsterinsights_sitenote_category":0,"footnotes":""},"categories":[12],"tags":[7243,7244,3614,350,14537,15084,15267,14538,15361,702,61,2555,6955,6986,6263,63,105,11150,6987,53,4854,13534,4683,1548,4905,11592,102,13626,213,14325,14324,13553,13541,55,8277,6368,5261,103,106,2803,2423,427,2625,380,62,104,979,1565],"aioseo_notices":[],"amp_enabled":true,"_links":{"self":[{"href":"https:\/\/speyer24news.com\/index.php?rest_route=\/wp\/v2\/posts\/50513"}],"collection":[{"href":"https:\/\/speyer24news.com\/index.php?rest_route=\/wp\/v2\/posts"}],"about":[{"href":"https:\/\/speyer24news.com\/index.php?rest_route=\/wp\/v2\/types\/post"}],"author":[{"embeddable":true,"href":"https:\/\/speyer24news.com\/index.php?rest_route=\/wp\/v2\/users\/3"}],"replies":[{"embeddable":true,"href":"https:\/\/speyer24news.com\/index.php?rest_route=%2Fwp%2Fv2%2Fcomments&post=50513"}],"version-history":[{"count":1,"href":"https:\/\/speyer24news.com\/index.php?rest_route=\/wp\/v2\/posts\/50513\/revisions"}],"predecessor-version":[{"id":50518,"href":"https:\/\/speyer24news.com\/index.php?rest_route=\/wp\/v2\/posts\/50513\/revisions\/50518"}],"wp:featuredmedia":[{"embeddable":true,"href":"https:\/\/speyer24news.com\/index.php?rest_route=\/wp\/v2\/media\/26162"}],"wp:attachment":[{"href":"https:\/\/speyer24news.com\/index.php?rest_route=%2Fwp%2Fv2%2Fmedia&parent=50513"}],"wp:term":[{"taxonomy":"category","embeddable":true,"href":"https:\/\/speyer24news.com\/index.php?rest_route=%2Fwp%2Fv2%2Fcategories&post=50513"},{"taxonomy":"post_tag","embeddable":true,"href":"https:\/\/speyer24news.com\/index.php?rest_route=%2Fwp%2Fv2%2Ftags&post=50513"}],"curies":[{"name":"wp","href":"https:\/\/api.w.org\/{rel}","templated":true}]}}