{"id":50534,"date":"2022-12-20T07:52:41","date_gmt":"2022-12-20T06:52:41","guid":{"rendered":"https:\/\/speyer24news.com\/?p=50534"},"modified":"2022-12-20T07:56:29","modified_gmt":"2022-12-20T06:56:29","slug":"polizeimeldungen-montag-19-12-2022","status":"publish","type":"post","link":"https:\/\/speyer24news.com\/?p=50534","title":{"rendered":"Polizeimeldungen Montag (19.12.2022)"},"content":{"rendered":"<style type=\"text\/css\">\r\n\t.ads_top_disp{}\r\n\t.ads_top_corner_disp{ float:left; margin:0px 10px 10px 0px; }\r\n\t.ads_first_p_disp{}\r\n\t.ads_bottom_disp{}\r\n\t<\/style>\n<h2 class=\"wp-block-heading\">Polizeimeldungen vom Montag (19.12.2022)<\/h2>\n\n\n<div class=\"wp-block-image\">\n<figure class=\"aligncenter size-full\"><img decoding=\"async\" loading=\"lazy\" width=\"375\" height=\"500\" src=\"https:\/\/speyer24news.com\/wp-content\/uploads\/2022\/03\/Aktuelles-Polizeilogo.jpg\" alt=\"\" class=\"wp-image-43591\" srcset=\"https:\/\/speyer24news.com\/wp-content\/uploads\/2022\/03\/Aktuelles-Polizeilogo.jpg 375w, https:\/\/speyer24news.com\/wp-content\/uploads\/2022\/03\/Aktuelles-Polizeilogo-225x300.jpg 225w\" sizes=\"(max-width: 375px) 100vw, 375px\" \/><\/figure><\/div>\n\n\n<h2 class=\"wp-block-heading\">(Speyer) &#8211; Gl\u00e4tteunfall mit Sachschaden<\/h2>\n\n\n\n<p>Am 18.12.2022 gegen 17:40 Uhr befuhr eine 20j\u00e4hrige Fahrzeugf\u00fchrerin die Blaulstra\u00dfe in Richtung Burgstra\u00dfe. Kurz nach der Kreuzung zur Peter-Drach-Stra\u00dfe verlor sie aufgrund Gl\u00e4tte die Kontrolle \u00fcber ihr Fahrzeug und stie\u00df mit einem am rechten Fahrbahnrand der Gegenfahrbahn geparkten PKW zusammen. An beiden Fahrzeugen entstand ein Sachschaden von je 2000 Euro. Das Auto der Unfallfallverursacherin hatte die bei dieser Witterung vorgeschriebenen Winterreifen montiert.<\/p>\n\n\n\n<h2 class=\"wp-block-heading\">(Birkenheide) &#8211; Fu\u00dfg\u00e4ngerin t\u00f6dlich verletzt<\/h2>\n\n\n\n<h3 class=\"wp-block-heading\">Gemeinsame Pressemitteilung der Staatsanwaltschaft Frankenthal und der Polizeiwache Maxdorf vom 19.12.2022<a href=\"https:\/\/www.facebook.com\/sharer.php?u=https%3A%2F%2Fwww.presseportal.de%2Fblaulicht%2Fpm%2F117688%2F5398536%2F%3Futm_source%3Dfacebook%26utm_medium%3Dsocial\"><\/a><a href=\"https:\/\/twitter.com\/intent\/tweet?text=POL-PDLU%3A%20Gemeinsame%20Pressemitteilung%20der%20Staatsanwaltschaft%20Frankenthal%20und%20der%20Polizeiwache%20Maxdorf%20vom%2019.12.2022%20Fu%C3%9Fg%C3%A4ngerin%20t%C3%B6dlich%20verletzt&amp;url=https%3A%2F%2Fwww.presseportal.de%2Fblaulicht%2Fpm%2F117688%2F5398536%2F%3Futm_source%3Dtwitter%26utm_medium%3Dsocial&amp;hashtags=ots&amp;lang=de\"><\/a><a href=\"https:\/\/web.whatsapp.com\/send?text=POL-PDLU%3A%20Gemeinsame%20Pressemitteilung%20der%20Staatsanwaltschaft%20Frankenthal%20und%20der%20Polizeiwache%20Maxdorf%20vom%2019.12.2022%20Fu%C3%9Fg%C3%A4ngerin%20t%C3%B6dlich%20verletzt%0A%0Ahttps%3A%2F%2Fwww.presseportal.de%2Fblaulicht%2Fpm%2F117688%2F5398536%2F%3Futm_source%3Dwhatsapp%26utm_medium%3Dsocial\"><\/a><a href=\"https:\/\/www.xing.com\/app\/user?op=share;url=https%3A%2F%2Fwww.presseportal.de%2Fblaulicht%2Fpm%2F117688%2F5398536%2F%3Futm_source%3Dxing%26utm_medium%3Dsocial\"><\/a><a href=\"http:\/\/www.linkedin.com\/shareArticle?mini=true&amp;url=https%3A%2F%2Fwww.presseportal.de%2Fblaulicht%2Fpm%2F117688%2F5398536%2F%3Futm_source%3Dlinkedin%26utm_medium%3Dsocial&amp;title=POL-PDLU%3A+Gemeinsame+Pressemitteilung+der+Staatsanwaltschaft+Frankenthal+und+der+Polizeiwache+Maxdorf+vom+19.12.2022+Fu%C3%9Fg%C3%A4ngerin+t%C3%B6dlich+verletzt\"><\/a><a href=\"mailto:?subject=POL-PDLU%3A%20Gemeinsame%20Pressemitteilung%20der%20Staatsanwaltschaft%20Frankenthal%20und%20der%20Polizeiwache%20Maxdorf%20vom%2019.12.2022%20Fu%C3%9Fg%C3%A4ngerin%20t%C3%B6dlich%20verletzt&amp;body=https:\/\/www.presseportal.de\/blaulicht\/pm\/117688\/5398536\"><\/a><\/h3>\n\n\n<div class=\"wp-block-image\">\n<figure class=\"aligncenter size-full\"><img decoding=\"async\" loading=\"lazy\" width=\"800\" height=\"533\" src=\"https:\/\/speyer24news.com\/wp-content\/uploads\/2021\/01\/Ruhe-in-Frieden.jpg\" alt=\"\" class=\"wp-image-32361\" srcset=\"https:\/\/speyer24news.com\/wp-content\/uploads\/2021\/01\/Ruhe-in-Frieden.jpg 800w, https:\/\/speyer24news.com\/wp-content\/uploads\/2021\/01\/Ruhe-in-Frieden-300x200.jpg 300w, https:\/\/speyer24news.com\/wp-content\/uploads\/2021\/01\/Ruhe-in-Frieden-768x512.jpg 768w\" sizes=\"(max-width: 800px) 100vw, 800px\" \/><\/figure><\/div>\n\n\n<p>Am Montag, den 19.12.2022, gegen 18:05 Uhr, befuhr eine 36-j\u00e4hrige Frau aus dem Rhein-Pfalz-Kreis die Mannheimer Stra\u00dfe aus Richtung Weisenheimer Stra\u00dfe kommend. Kurz vor der dort befindlichen Tankstelle wollte zeitgleich eine 83-j\u00e4hrige Fu\u00dfg\u00e4ngerin die Stra\u00dfe \u00fcberqueren, um auf die gegen\u00fcberliegende Seite zu gelangen. Dabei wurde die Fu\u00dfg\u00e4ngerin von dem PKW erfasst und lebensgef\u00e4hrlich verletzt. Trotz sofort eingeleiteter Reanimationsma\u00dfnahmen durch Ersthelfer verstarb die Dame noch an der Unfallstelle. Am PKW entstand Sachschaden in H\u00f6he von ca. 3000 Euro. Die Mannheimer Stra\u00dfe war f\u00fcr die Dauer der Verkehrsunfallaufnahme voll gesperrt. F\u00fcr die Kl\u00e4rung der Unfallursache wurde ein Gutachter beauftragt.<\/p>\n\n\n\n<p>Wer sachdienliche Hinweise zu dem genannten Fall geben kann, wird gebeten sich mit der Polizeiinspektion Frankenthal unter der Rufnummer 06233\/313-0 oder der Polizeiwache Maxdorf unter der Rufnummer 06237\/934-1100 in Verbindung zu setzen. Hinweise k\u00f6nnen auch per E-Mail unter&nbsp;<a href=\"mailto:pwmaxdorf@polizei.rlp.de\">pwmaxdorf@polizei.rlp.de<\/a>&nbsp;an die Polizei \u00fcbermittelt werden.<\/p>\n\n\n\n<h2 class=\"wp-block-heading\">(Ludwigshafen) &#8211; Brand eines Einfamilienhauses<\/h2>\n\n\n\n<h3 class=\"wp-block-heading\">Nachtrag zur Pressemeldung vom 19.12.2022<\/h3>\n\n\n\n<p>Auf Grund der durchgef\u00fchrten Ermittlungen der Kriminalpolizei wird von einem technischen Defekt als Brandursache ausgegangen.<\/p>\n\n\n\n<h2 class=\"wp-block-heading\">(Ludwigshafen) &#8211; Einbr\u00fcche in Mundenheim \/ Zeugen gesucht<\/h2>\n\n\n\n<p>Am Sonntagabend (18.12.2022), zwischen 17:20 und 18:40 Uhr, brachen bislang unbekannte T\u00e4ter in ein Einfamilienhaus in der Horstackerstra\u00dfe ein und entwendeten Wertgegenst\u00e4nde. Der Gesamtschaden bel\u00e4uft sich auf circa 2.000 Euro. Ebenfalls am Sonntagabend, zwischen 17:00 und 20:45 Uhr, wurde in eine Wohnung eines Mehrfamilienhauses in der Trifelsstra\u00dfe eingebrochen. Auch hier wurden Wertgegenst\u00e4nde entwendet, der Schaden bel\u00e4uft sich auf circa 1.500 Euro.<\/p>\n\n\n\n<p>Wer hat die Taten beobachtet oder im genannten Zeitraum im Bereich der Horstackerstra\u00dfe\/Trifelsstra\u00dfe verd\u00e4chtige Personen wahrgenommen?<\/p>\n\n\n\n<p>Sachdienliche Hinweise nimmt die Kriminalpolizei Ludwigshafen unter der Telefonnummer 0621\/963-2773 oder per E-Mail&nbsp;<a href=\"mailto:kiludwigshafen.k1.kdd@polizei.rlp.de\">kiludwigshafen.k1.kdd@polizei.rlp.de<\/a>&nbsp;entgegen.<\/p>\n\n\n\n<h2 class=\"wp-block-heading\">(Ludwigshafen) &#8211; Unf\u00e4lle bei winterlichen Bedingungen&#8230;<\/h2>\n\n\n\n<p>&#8230; passierten am Sonntagnachmittag (18.12.2022) im Stadtgebiet. Ein 43-j\u00e4hriger Autofahrer verlor auf der Brunckstra\u00dfe bei einem Bremsman\u00f6ver die Kontrolle \u00fcber sein Fahrzeug und kollidierte mit der gl\u00e4sernen Begrenzung einer Stra\u00dfenbahnhaltestelle. Der PKW wurde hierbei so stark besch\u00e4digt, dass er abgeschleppt werden musste. Die genaue Schadensh\u00f6he ist noch nicht bekannt. Ein 19-j\u00e4hriger Autofahrer wollte von der Langgartenstra\u00dfe in die Friesenheimer Stra\u00dfe abbiegen, als auch er die Kontrolle \u00fcber sein Fahrzeug verlor und mit einer Ampelanlage kollidierte. Es entstand ein Sachschaden in H\u00f6he von circa 12.000 Euro. Auch das Auto des 19-J\u00e4hrigen musste abgeschleppt werden. Die Friesenheimer Stra\u00dfe musste w\u00e4hrend der Unfallaufnahme in Fahrtrichtung Oppau f\u00fcr circa 30 Minuten gesperrt werden. Beide Fahrzeugf\u00fchrer blieben unverletzt.<\/p>\n\n\n\n<p>Der Winter ist zur\u00fcck &#8211; und birgt einige Gefahren Besonders in der kalten Jahreszeit m\u00fcssen sich alle Verkehrsteilnehmer auf schlechte Sicht- und Wetterverh\u00e4ltnisse einstellen. Kommen Nebel oder Niederschlag hinzu, kann \u00f6rtlich gef\u00e4hrliche Reifgl\u00e4tte entstehen. Zus\u00e4tzlich steigern festgefahrener Schnee und Spurrillen das Unfallrisiko. Bei Glatteisunf\u00e4llen ist nicht angepasste Geschwindigkeit mitunter Ursache f\u00fcr den Verkehrsunfall. Auch wenn Autofahrer sich an die von Schildern vorgegebene Geschwindigkeit halten, k\u00f6nnen sie dennoch f\u00fcr die \u00f6rtlichen Stra\u00dfen- oder Witterungsverh\u00e4ltnisse zu schnell unterwegs sein. <\/p>\n\n\n\n<h3 class=\"wp-block-heading\">Daher r\u00e4t die Polizei:<\/h3>\n\n\n\n<ul><li><strong>Passen Sie Ihre Geschwindigkeit an die Stra\u00dfenverh\u00e4ltnisse an.<\/strong><\/li><li><strong>Erh\u00f6hen Sie deutlich den Sicherheitsabstand zum vorausfahrenden  Fahrzeug, um im Falle einer Gefahrenbremsung auf einer rutschigen Fahrbahn noch rechtzeitig zum Stehen zu kommen.<\/strong><\/li><li><strong>Fahren Sie im Winter mit Winterreifen. Bei Schneegl\u00e4tte, reif\u00fcberzogenen oder vereisten Fahrbahnen kann die Fahrt mit Sommerreifen sehr schnell im Stra\u00dfengraben enden.<\/strong><\/li><li><strong>Entfernen Sie vor Fahrtantritt Eis und Schnee vom Fahrzeug.<\/strong><\/li><li><strong>Jede Fensterscheibe muss eisfrei sein. Fahren Sie nicht mit nur einem kleinen &#8222;Guckloch&#8220; in der Frontscheibe.<\/strong><\/li><li><strong>Pr\u00fcfen Sie regelm\u00e4\u00dfig den Zustand der Scheibenwischer und den F\u00fcllstand des Wischwassers, damit es zu keiner Schlierenbildung auf der Frontscheibe kommt.<\/strong><\/li><li><strong>Denken Sie an die Umwelt. Vermeiden Sie ein Warmlaufenlassen des Motors.<\/strong><\/li><\/ul>\n\n\n\n<h2 class=\"wp-block-heading\">(Mannheim) &#8211; 37 Jahre alter Mann tot aufgefunden \/ Tatverd\u00e4chtiger ermittelt und auf Antrag der Staatsanwaltschaft Mannheim in Untersuchungshaft<\/h2>\n\n\n\n<h3 class=\"wp-block-heading\">Gemeinsame Presseerkl\u00e4rung der Staatsanwaltschaft Mannheim und des Polizeipr\u00e4sidiums Mannheim<\/h3>\n\n\n\n<h3 class=\"has-text-align-center wp-block-heading\">Pressemitteilung Nr. 3<\/h3>\n\n\n<div class=\"wp-block-image\">\n<figure class=\"aligncenter size-full\"><img decoding=\"async\" loading=\"lazy\" width=\"800\" height=\"600\" src=\"https:\/\/speyer24news.com\/wp-content\/uploads\/2019\/06\/Ausn\u00fcchterungszelle.jpg\" alt=\"\" class=\"wp-image-15212\" srcset=\"https:\/\/speyer24news.com\/wp-content\/uploads\/2019\/06\/Ausn\u00fcchterungszelle.jpg 800w, https:\/\/speyer24news.com\/wp-content\/uploads\/2019\/06\/Ausn\u00fcchterungszelle-300x225.jpg 300w, https:\/\/speyer24news.com\/wp-content\/uploads\/2019\/06\/Ausn\u00fcchterungszelle-768x576.jpg 768w, https:\/\/speyer24news.com\/wp-content\/uploads\/2019\/06\/Ausn\u00fcchterungszelle-678x509.jpg 678w, https:\/\/speyer24news.com\/wp-content\/uploads\/2019\/06\/Ausn\u00fcchterungszelle-326x245.jpg 326w, https:\/\/speyer24news.com\/wp-content\/uploads\/2019\/06\/Ausn\u00fcchterungszelle-80x60.jpg 80w\" sizes=\"(max-width: 800px) 100vw, 800px\" \/><figcaption>Beispielbild Zelle \/ Verhaftung, dient lediglich der Visualisierung<\/figcaption><\/figure><\/div>\n\n\n<p>Auf Antrag der Staatsanwaltschaft wurde Haftbefehl wegen K\u00f6rperverletzung mit Todesfolge gegen einen 25 Jahre alten Mann erlassen. Im Zuge der umfangreichen Ermittlungsma\u00dfnahmen der SOKO Areal seit dem Fund des Leichnams eines 37-J\u00e4hrigen am Samstag, den 10.12.2022, im Bereich Cahn-Garnier-Ufer\/Hans-B\u00f6ckler-Platz, wurde am Samstagnachmittag, 17.12.2022, ein Verd\u00e4chtiger am Hauptbahnhof K\u00f6ln festgenommen. Aufgrund des dringenden Tatverdachts, verantwortlich f\u00fcr den Tod des wohnsitzlosen slowakischen Staatsangeh\u00f6rigen zu sein, hatte die Staatsanwaltschaft Mannheim zuvor bei der zust\u00e4ndigen Ermittlungsrichterin des Amtsgerichts Mannheim einen Haftbefehl gegen den Tatverd\u00e4chtigen erwirkt. Der 25-J\u00e4hrige wurde nach seiner Festnahme einer Bereitschaftsrichterin vorgef\u00fchrt. Diese setzte den Haftbefehl aufgrund von Flucht- und Verdunkelungsgefahr gegen den ebenfalls wohnsitzlosen Tatverd\u00e4chtigen am Sonntag in Vollzug. Dieser wurde anschlie\u00dfend in eine Justizvollzugsanstalt eingeliefert.<\/p>\n\n\n\n<p>Die Ermittlungen der SOKO Areal sowie der Staatsanwaltschaft Mannheim zu den genauen Tatumst\u00e4nden dauern ungeachtet dessen weiter an. In diesem Zusammenhang weist die SOKO Areal nochmals auf die in den vergangenen Tagen im Stadtgebiet Mannheim, insbesondere in der N\u00e4he des Leichenfundortes, verteilten Flyer und angebrachten Plakate hin, mit denen die Ermittlerinnen und Ermittler um weitergehende Hinweise zum Opfer, Mari\u00e1n K. und m\u00f6glichen k\u00f6rperlichen Auseinandersetzungen bitten.<\/p>\n\n\n\n<h4 class=\"wp-block-heading\">Zu den Plakaten in mehreren Sprachen:<\/h4>\n\n\n\n<p><a href=\"https:\/\/ppmannheim.polizei-bw.de\/mannheim-37-jahre-alter-mann-tot-aufgefunden-zeugenaufruf-mit-flyern-und-plakaten\/\">https:\/\/ppmannheim.polizei-bw.de\/mannheim-37-jahre-alter-mann-tot-aufgefunden-zeugenaufruf-mit-flyern-und-plakaten\/<\/a><\/p>\n\n\n\n<p>Diese Hinweise k\u00f6nnen nach wie vor rund um die Uhr telefonisch der SOKO Areal unter Tel. 0621\/174-4444 oder unter der Notrufnummer 110, oder jeder anderen Polizeidienststelle, mitgeteilt werden.<\/p>\n\n\n\n<h2 class=\"wp-block-heading\">(Mannheim-Innenstadt) &#8211; 85-J\u00e4hriger gewaltsam zu Boden gebracht und ausgeraubt<\/h2>\n\n\n\n<p>Am Samstagmorgen gegen 01.00 Uhr ging ein 85-J\u00e4hriger in der Innenstadt spazieren, als er von einer bislang noch unbekannten Person von hintern k\u00f6rperlich angegriffen und zu Boden gebracht wurde. Der bislang unbekannte T\u00e4ter riss an der Jacke des 85-J\u00e4hrigen und entwendete ihm gewaltsam seinen Geldbeutel aus der hinteren Hosentasche. Im Anschluss fl\u00fcchtete der unbekannte T\u00e4ter mit dem Raubgut \u00fcber die Breite Stra\u00dfe in Richtung Marktplatz. Der Diebstahlschaden bel\u00e4uft sich auf eine H\u00f6he im dreistelligen Bereich.<\/p>\n\n\n\n<p>Die Ermittlungen dauern zum Berichtszeitpunkt noch an und wurden durch die Kriminalpolizei \u00fcbernommen.<\/p>\n\n\n\n<p>Zeugen, die sachdienliche Hinweise geben k\u00f6nnen, werden gebeten sich bei der Kriminalpolizei zu melden unter 0621-174 4444.<\/p>\n\n\n\n<h2 class=\"wp-block-heading\">(Mannheim-Innenstadt) &#8211; 57-J\u00e4hriger auf Stra\u00dfe ausgeraubt \/ Zeugenaufruf!<\/h2>\n\n\n<div class=\"wp-block-image\">\n<figure class=\"aligncenter size-full\"><img decoding=\"async\" loading=\"lazy\" width=\"801\" height=\"600\" src=\"https:\/\/speyer24news.com\/wp-content\/uploads\/2020\/05\/Zeugen-gesucht-Neutral.jpg\" alt=\"\" class=\"wp-image-26598\" srcset=\"https:\/\/speyer24news.com\/wp-content\/uploads\/2020\/05\/Zeugen-gesucht-Neutral.jpg 801w, https:\/\/speyer24news.com\/wp-content\/uploads\/2020\/05\/Zeugen-gesucht-Neutral-300x225.jpg 300w, https:\/\/speyer24news.com\/wp-content\/uploads\/2020\/05\/Zeugen-gesucht-Neutral-768x575.jpg 768w, https:\/\/speyer24news.com\/wp-content\/uploads\/2020\/05\/Zeugen-gesucht-Neutral-678x509.jpg 678w, https:\/\/speyer24news.com\/wp-content\/uploads\/2020\/05\/Zeugen-gesucht-Neutral-326x245.jpg 326w, https:\/\/speyer24news.com\/wp-content\/uploads\/2020\/05\/Zeugen-gesucht-Neutral-80x60.jpg 80w\" sizes=\"(max-width: 801px) 100vw, 801px\" \/><\/figure><\/div>\n\n\n<p>Am Freitag kam es gegen 23.30 Uhr auf dem Kaiserring zu einem Raub zum Nachteil eines 57-J\u00e4hrigen. Dieser begab sich vom Hauptbahnhof aus in Richtung der Haltestelle an der Kunsthalle. Hierbei wurde er auf dem Kaiserring von zwei m\u00e4nnlichen, ihm unbekannten Personen angesprochen und nach Geld gefragt. Als der 57-J\u00e4hrige angab, kein Bargeld bei sich zu haben, schlugen die beiden Unbekannten den Mann zu Boden und wirken auch hier so lange auf ihn ein bis er das Bewusstsein verlor. Als der 57-J\u00e4hrige wieder zu sich kam, bemerkte er, dass ihm mehrere Gegenst\u00e4nde entwendet wurden.<\/p>\n\n\n\n<h4 class=\"wp-block-heading\">Die beiden unbekannten T\u00e4ter k\u00f6nnen wie folgt beschrieben werden:<\/h4>\n\n\n\n<ul><li><strong>kurze, gelockte Haare<\/strong><\/li><li><strong>Bart<\/strong><\/li><li><strong>schlanke\/sportliche Statur<\/strong><\/li><li><strong>Bluejeans &#8211; h\u00fcftlange Winterjacke &#8211; helle Turnschuhe<\/strong><\/li><li><strong>beide T\u00e4ter h\u00e4tten sich stark ge\u00e4hnelt<\/strong><\/li><\/ul>\n\n\n\n<p>Der Diebstahlschaden bel\u00e4uft sich auf einen Betrag im h\u00f6heren dreistelligen Bereich.<\/p>\n\n\n\n<p>Zeugen, die sachdienliche Hinweise geben k\u00f6nnen, werden gebeten sich bei der Kriminalpolizei zu melden unter: 0621-174 4444.<\/p>\n\n\n\n<h2 class=\"wp-block-heading\">(Mannheim-Jungbusch) &#8211; Unbekannte Zeugen zeigen Zivilcourage und stoppen Schl\u00e4gerei<\/h2>\n\n\n\n<p>Am Sonntagmorgen kam es gegen 03.50 Uhr in der Jungbuschstra\u00dfe zu einer k\u00f6rperlichen Auseinandersetzung zwischen mehreren Beteiligten. Hierbei wurden ein 32- J\u00e4hriger und ein 30-J\u00e4hriger von zwei bislang unbekannten T\u00e4tern zu Boden geschlagen. Auf dem Boden wurde weiter k\u00f6rperlich auf die beiden Gesch\u00e4digten eingewirkt. Nur durch mehrfaches Einschreiten von bislang noch unbekannten Zeugen, lie\u00dfen die beiden unbekannten T\u00e4ter von den beiden Gesch\u00e4digten ab. Als die beiden Gesch\u00e4digten noch am Boden lagen, soll einer der beiden T\u00e4ter mit einer Waffe in die Luft geschossen haben, was zus\u00e4tzlich ein Versto\u00df gegen das Waffengesetz darstellt.<\/p>\n\n\n\n<h4 class=\"wp-block-heading\">Die T\u00e4ter k\u00f6nnen wie folgt beschrieben werden:<\/h4>\n\n\n\n<ol><li><strong>T\u00e4ter: ca. 185 cm gro\u00df, Boxerhaarschnitt (oben kurz, seitlich abgeschoren), dunkle Haare, etwas l\u00e4ngerer Drei-Tage-Bart, Alter: Mitte 20, wei\u00dfer Pulli, schwarze Hose, schwarze Boots<\/strong><\/li><li><strong>T\u00e4ter: ca. 170 cm, Mitte 20, kurze schwarze Haare, Bart, schwarze Winterjacke, Pulli-Farbe unbekannt, Schuhe unbekannt<\/strong><\/li><\/ol>\n\n\n\n<p>Zeugen, die sachdienliche Hinweise geben k\u00f6nnen, werden gebeten sich bei dem Polizeirevier Mannheim-Innenstadt zu melden unter: 0621- 12580. Ebenfalls werden die Zeugen gesucht, die Zivilcourage zeigten und durch deren Einschreiten die T\u00e4ter gestoppt werden konnten.<\/p>\n\n\n\n<h2 class=\"wp-block-heading\">(Mannheim-Neckarstadt) &#8211; Einbruch in B\u00e4ckerei \/ Anwohner verhindert gr\u00f6\u00dferen Schaden<\/h2>\n\n\n\n<p>In der Nacht von Sonntag auf Montag kam es gegen 00:45 Uhr zu einem Einbruch in eine B\u00e4ckerei in der Alphornstra\u00dfe. Eine Anwohnerin wurde durch die lauten Ger\u00e4usche auf den Einbruch aufmerksam. Durch eine Sicherheitsfirma konnte ebenfalls eine Person in der Filiale festgestellt werden. Mehrere Polizeikr\u00e4fte umstellten das Geb\u00e4ude und durchsuchten dieses im Anschluss. Hier konnte keine Person mehr festgestellt werden. In der B\u00e4ckerei selbst konnte ein aus der Verankerung gerissener Tresor aufgefunden werden. Dieser war jedoch noch verschlossen. Der Inhalt wurde sp\u00e4ter \u00fcberpr\u00fcft, entwendet wurde nichts. Der durch den Einbruch entstandene Sachschaden ist bislang noch unbekannt. Die weiteren Ermittlungen dauern zum Berichtszeitpunkt noch an.<\/p>\n\n\n\n<p>Zeugen, die sachdienliche Hinweise geben k\u00f6nnen, werden gebeten sich bei dem Polizeirevier Mannheim-Neckarstadt zu melden unter: 0621-33010.<\/p>\n\n\n\n<h2 class=\"wp-block-heading\">(Mannheim \/ Heidelberg) &#8211; 3 Tatverd\u00e4chtige wegen Bet\u00e4ubungsmittelhandel und Besitz in U-Haft, 1 weiterer Tatverd\u00e4chtiger in Haft<\/h2>\n\n\n\n<h3 class=\"wp-block-heading\">Gemeinsame Pressemitteilung der Staatsanwaltschaften Mannheim und Heidelberg sowie des Polizeipr\u00e4sidiums Mannheim<a href=\"https:\/\/www.facebook.com\/sharer.php?u=https%3A%2F%2Fwww.presseportal.de%2Fblaulicht%2Fpm%2F14915%2F5398343%2F%3Futm_source%3Dfacebook%26utm_medium%3Dsocial\"><\/a><a href=\"https:\/\/twitter.com\/intent\/tweet?text=POL-MA%3A%20Gemeinsame%20Pressemitteilung%20der%20Staatsanwaltschaften%20Mannheim%20und%20Heidelberg%20sowie%20des%20Polizeipr%C3%A4sidiums%20Mannheim&amp;url=https%3A%2F%2Fwww.presseportal.de%2Fblaulicht%2Fpm%2F14915%2F5398343%2F%3Futm_source%3Dtwitter%26utm_medium%3Dsocial&amp;hashtags=ots&amp;lang=de\"><\/a><a href=\"https:\/\/web.whatsapp.com\/send?text=POL-MA%3A%20Gemeinsame%20Pressemitteilung%20der%20Staatsanwaltschaften%20Mannheim%20und%20Heidelberg%20sowie%20des%20Polizeipr%C3%A4sidiums%20Mannheim%0A%0Ahttps%3A%2F%2Fwww.presseportal.de%2Fblaulicht%2Fpm%2F14915%2F5398343%2F%3Futm_source%3Dwhatsapp%26utm_medium%3Dsocial\"><\/a><a href=\"https:\/\/www.xing.com\/app\/user?op=share;url=https%3A%2F%2Fwww.presseportal.de%2Fblaulicht%2Fpm%2F14915%2F5398343%2F%3Futm_source%3Dxing%26utm_medium%3Dsocial\"><\/a><a href=\"http:\/\/www.linkedin.com\/shareArticle?mini=true&amp;url=https%3A%2F%2Fwww.presseportal.de%2Fblaulicht%2Fpm%2F14915%2F5398343%2F%3Futm_source%3Dlinkedin%26utm_medium%3Dsocial&amp;title=POL-MA%3A+Gemeinsame+Pressemitteilung+der+Staatsanwaltschaften+Mannheim+und+Heidelberg+sowie+des+Polizeipr%C3%A4sidiums+Mannheim\"><\/a><a href=\"mailto:?subject=POL-MA%3A%20Gemeinsame%20Pressemitteilung%20der%20Staatsanwaltschaften%20Mannheim%20und%20Heidelberg%20sowie%20des%20Polizeipr%C3%A4sidiums%20Mannheim&amp;body=https:\/\/www.presseportal.de\/blaulicht\/pm\/14915\/5398343\"><\/a><\/h3>\n\n\n<div class=\"wp-block-image\">\n<figure class=\"aligncenter size-full\"><img decoding=\"async\" loading=\"lazy\" width=\"800\" height=\"533\" src=\"https:\/\/speyer24news.com\/wp-content\/uploads\/2020\/06\/Zelle.jpg\" alt=\"\" class=\"wp-image-28203\" srcset=\"https:\/\/speyer24news.com\/wp-content\/uploads\/2020\/06\/Zelle.jpg 800w, https:\/\/speyer24news.com\/wp-content\/uploads\/2020\/06\/Zelle-300x200.jpg 300w, https:\/\/speyer24news.com\/wp-content\/uploads\/2020\/06\/Zelle-768x512.jpg 768w\" sizes=\"(max-width: 800px) 100vw, 800px\" \/><figcaption>Beispielbild Zelle \/ Verhaftung, dient lediglich der Visualisierung<\/figcaption><\/figure><\/div>\n\n\n<p>Drei Tatverd\u00e4chtige wegen des Handels mit sowie eine weitere Person wegen des Besitzes von Bet\u00e4ubungsmitteln in nicht geringer Menge in Untersuchungshaft; weitere Person wegen offenen Vollstreckungshaftbefehls festgenommen.<\/p>\n\n\n\n<p>Auf Antrag der Staatsanwaltschaft Mannheim wurden Haftbefehle gegen drei M\u00e4nner im Alter von 26, 29, und 34 Jahren erlassen. Sie stehen im dringenden Verdacht, gemeinsam unerlaubt mit Bet\u00e4ubungsmitteln gehandelt zu haben. Zus\u00e4tzlich wurde auf Antrag der Staatsanwaltschaft Heidelberg Haftbefehl gegen einen 32-J\u00e4hrigen erwirkt, weil er im dringenden Tatverdacht steht, Bet\u00e4ubungsmittel in nicht geringer Menge besessen zu haben. Dar\u00fcber hinaus wurde ein 26-J\u00e4hriger festgenommen, gegen den ein Vollstreckungshaftbefahl der Staatsanwaltschaft Heidelberg zur Verb\u00fc\u00dfung einer Restfreiheitsstrafe von 522 Tagen bestand.<\/p>\n\n\n\n<p>Nach derzeitigem Stand der Ermittlungen sollen die drei 26-, 29-, und 34-j\u00e4hrigen Tatverd\u00e4chtigen seit geraumer Zeit in Mannheim im Bereich der Innenstadt Bet\u00e4ubungsmittel, insbesondere Ecstasy-Tabletten, in kleineren und gr\u00f6\u00dferen Mengen an eine Vielzahl von Abnehmern verkauft und dadurch ihren Lebensunterhalt finanziert haben.<\/p>\n\n\n\n<p>Nach umfangreichen Vorermittlungen nahm die Ermittlungsgruppe Rauschgift die drei gambischen Tatverd\u00e4chtigen am Donnerstag, den 15.12.2022, auf dem Parkplatz eines Einkaufzentrums in der Friedrich-Ebert-Stra\u00dfe in Mannheim fest. Hierbei f\u00fchrten sie insgesamt 647 Ecstasy-Tabletten mit sich.<\/p>\n\n\n\n<p>Bei den anschlie\u00dfenden Wohnungsdurchsuchungen bei den Tatverd\u00e4chtigen konnten in einer Wohnung in Heidelberg acht weitere Personen angetroffen werden. Bei einer davon, einem 32 Jahre alten Mann, wurden weitere 163 Gramm Amphetamin und 101 Gramm Marihuana aufgefunden. Der Mann soll au\u00dferdem einen t\u00e4tlichen Angriff gegen die eingesetzten Beamten ver\u00fcbt haben, indem er sich gegen die polizeilichen Ma\u00dfnahmen zur Wehr setzte. Weiter befand sich ein 26-J\u00e4hriger unter den Personen, der mit Vollstreckungshaftbefahl der Staatsanwaltschaft Heidelberg zur Verb\u00fc\u00dfung einer Restfreiheitsstrafe von 522 Tagen zur Festnahme ausgeschrieben war. Der 32-J\u00e4hrige und der 26-J\u00e4hrige wurden ebenfalls festgenommen.<\/p>\n\n\n\n<p>Die drei 26-, 29-, und 34-j\u00e4hrigen Tatverd\u00e4chtigen wurden am vergangenen Freitag auf Antrag der Staatsanwaltschaft Mannheim einem Haftrichter des Amtsgerichts Mannheim vorgef\u00fchrt, der aufgrund von Flucht- sowie Verdunkelungsgefahr Haftbefehle erlie\u00df. Der 32-J\u00e4hrige wurde ebenfalls am Freitag auf Antrag der Staatsanwaltschaft Heidelberg einem Haftrichter des Amtsgerichts Heidelberg vorgef\u00fchrt, der ebenso Haftbefehl erlie\u00df. Alle f\u00fcnf festgenommenen Personen wurden in Justizvollzugsanstalten eingeliefert.<\/p>\n\n\n\n<p>Die Ermittlungen der Staatsanwaltschaften Mannheim und Heidelberg sowie der Ermittlungsgruppe Rauschgift der Kriminalpolizeidirektion Heidelberg dauern an.<\/p>\n\n\n\n<h2 class=\"wp-block-heading\">(Heidelberg) &#8211; Bauarbeiter von fl\u00fcchtenden Mercedes angefahren \/ Zeugen gesucht<\/h2>\n\n\n\n<p>In der Neuenheimer Landstra\u00dfe kam es Samstag gegen 7.10 Uhr zu einem Unfall bei einer Baustelle. Gerade als ein Bauarbeiter aus einem Kran ausstieg und auf der Fahrbahn stand, befuhr ein bislang unbekannter Mercedes-Fahrer die Neuenheimer Landstra\u00dfe in Richtung Ziegelhausen. Dabei \u00fcberfuhr der Mercedes-Fahrer den linken Fu\u00df des Bauarbeiters, wodurch dieser leicht verletzt wurde. Er musste zur medizinischen Versorgung ins Krankenhaus gebracht werden. Der Unfallverursacher fl\u00fcchtete. Bekannt ist, dass es sich bei dem Fahrzeug um einen wei\u00dfen Mercedes Vito handelt, weitere Hinweise liegen derzeit noch nicht vor. Zeugen, die den Unfall beobachtet haben oder Angaben zum Unfallverursacher machen k\u00f6nnen, werden gebeten, sich beim Polizeirevier Heidelberg-Nord unter der Telefonnummer 06221 4569-0 zu melden.<\/p>\n\n\n\n<h2 class=\"wp-block-heading\">(Heidelberg) &#8211; Fu\u00dfg\u00e4ngerin beim Linksabbiegen \u00fcbersehen \/ Zeugen gesucht<\/h2>\n\n\n\n<p>Beide Verkehrsteilnehmer \u00fcberquerten die Ampel bei Gr\u00fcn, als es am Freitag, 16. Dezember 2022, gegen 19.30 Uhr zu einem Unfall beim Linksabbiegen kam. Dabei fuhr ein bislang unbekannter Autofahrer von der Alten Eppelheimer Stra\u00dfe nach links auf die Mittermaierstra\u00dfe in Richtung Hauptbahnhof, als zur gleichen Zeit eine Fu\u00dfg\u00e4ngerin die Stra\u00dfe \u00fcberqueren wollte. Der Autofahrer \u00fcbersah die Passantin. Die Fu\u00dfg\u00e4ngerin wurde auf die Motorhaube aufgeladen und fiel anschlie\u00dfend auf die Stra\u00dfe. Dabei wurde sie leicht verletzt und kam ins Krankenhaus. Der Unfallverursacher fl\u00fcchtete von der Unfallstelle in unbekannte Richtung. Der Sachschaden am Fahrzeug wird auf ca. 200 Euro gesch\u00e4tzt. Vor Ort hatte eine Zeugin zwar den Knall geh\u00f6rt, den Unfall jedoch nicht gesehen. Weitere Hinweise liegen derzeit nicht vor. Die Ermittlungen wurden aufgenommen und werden durch das Polizeirevier Heidelberg-Mitte gef\u00fchrt.<\/p>\n\n\n\n<p>Zeugen, die den Unfall beobachtet haben oder Angaben zum Unfallverursacher machen k\u00f6nnen, werden gebeten, sich beim Polizeirevier Heidelberg-Mitte unter der Telefonnummer 06221 1857-0 zu melden.<\/p>\n\n\n\n<h2 class=\"wp-block-heading\">(Heidelberg-Kirchheim) &#8211; \u00dcberwachungskamera alarmiert Bewohner \u00fcber m\u00f6glichen Einbruch<\/h2>\n\n\n\n<p>Am Montagmorgen gegen 00.15 Uhr alarmierte eine Anwohnerin der Fritz-Albert-Stra\u00dfe die Polizei und teilte mit, dass soeben zwei ihr unbekannte Personen auf ihrem Grundst\u00fcck waren, die sich im Bereich des Balkons aufgehalten haben. Im Anschluss seien die beiden Unbekannten auch an die Fahrzeuge gegangen und h\u00e4tten versucht, die Fahrzeugt\u00fcren zu \u00f6ffnen. Durch die Bewegungsmelder gingen die Scheinwerfer auf dem Grundst\u00fcck an, die Kamera konnte die beiden Personen erfassen und alarmierte die Bewohner. Die beiden T\u00e4ter fl\u00fcchteten in Richtung Schwetzinger Stra\u00dfe und konnten innerhalb einer Fahndung durch Polizeibeamte einer Kontrolle unterzogen werden. Bei ihnen wurden mehrere Sachen aufgefunden, die auf Einbruchsvorhaben hinweisen. Ferner wurde m\u00f6gliches Diebesgut festgestellt, das aus anderen Einbr\u00fcchen in Wohnungen oder Fahrzeuge stammen k\u00f6nnte. Die weiteren Ermittlungen wurden durch das Polizeirevier Heidelberg-S\u00fcd \u00fcbernommen und dauern zum Berichtszeitpunkt noch an.<\/p>\n\n\n\n<p>Zeugen oder auch weitere Gesch\u00e4digte, die in dem Bereich wohnhaft sind und Auff\u00e4lliges beobachtet haben, werden gebeten sich bei dem Polizeirevier Heidelberg-S\u00fcd unter 06221-34180 zu melden.<\/p>\n\n\n\n<h2 class=\"wp-block-heading\">(Leimen \/ Rhein-Neckar-Kreis) &#8211; Unbekannter entwendet Pakete aus Zustellfahrzeug und fl\u00fcchtet \/ Zeugenaufruf!<\/h2>\n\n\n\n<p>Ein 36-J\u00e4hriger Paketzusteller trug am Samstag gegen 20.55 Uhr seine Pakete in der Oskar-Trinks-Stra\u00dfe aus. Als er an sein Zustellfahrzeug zur\u00fcckkehrte, stellte er dort eine ihm unbekannte m\u00e4nnliche Person in dem Fahrzeug fest, welche mehrere Pakete in den Armen hielt. Nach einer kurzen Auseinandersetzung fl\u00fcchtete der Unbekannte mitsamt den Paketen ins Wohngebiet. Eine sofort eingeleitete Fahndung verlief ohne Erfolg.<\/p>\n\n\n\n<h4 class=\"wp-block-heading\">Der unbekannte T\u00e4ter kann wie folgt beschrieben werden:<\/h4>\n\n\n\n<ul><li><strong>Ca. 175cm gro\u00df<\/strong><\/li><li><strong>Dunkel gekleidet<\/strong><\/li><li><strong>Dunklere Hautfarbe<\/strong><\/li><\/ul>\n\n\n\n<p>Zeugen, die sachdienliche Hinweise geben k\u00f6nnen, werden gebeten sich bei der Kriminalpolizei zu melden unter: 0621-174 4444.<\/p>\n\n\n\n<h2 class=\"wp-block-heading\">(M\u00fchlhausen \/ Rhein-Neckar-Kreis) &#8211; Vermisstensuche nach 52-J\u00e4hrigen aus M\u00fchlhausen beendet, R\u00fccknahme der \u00d6ffentlichkeitsfahndung<\/h2>\n\n\n\n<h3 class=\"has-text-align-center wp-block-heading\">Pressemeldung Nr.2<\/h3>\n\n\n<div class=\"wp-block-image\">\n<figure class=\"aligncenter size-full\"><img decoding=\"async\" loading=\"lazy\" width=\"800\" height=\"533\" src=\"https:\/\/speyer24news.com\/wp-content\/uploads\/2021\/02\/candle-2038736_1920.jpg\" alt=\"\" class=\"wp-image-33582\" srcset=\"https:\/\/speyer24news.com\/wp-content\/uploads\/2021\/02\/candle-2038736_1920.jpg 800w, https:\/\/speyer24news.com\/wp-content\/uploads\/2021\/02\/candle-2038736_1920-300x200.jpg 300w, https:\/\/speyer24news.com\/wp-content\/uploads\/2021\/02\/candle-2038736_1920-768x512.jpg 768w\" sizes=\"(max-width: 800px) 100vw, 800px\" \/><\/figure><\/div>\n\n\n<p>Die Suche nach dem seit 15. Dezember vermissten 52-j\u00e4hrigen Tobias H. aus M\u00fchlhausen ist beendet. Der Mann konnte im Rahmen der Suche durch die polizeilichen Einsatzkr\u00e4fte leider nur noch tot aufgefunden werden. Es liegen keine Hinweise auf ein Fremdverschulden oder einen Ungl\u00fccksfall vor. Die \u00d6ffentlichkeitsfahndung wird somit zur\u00fcckgenommen.<\/p>\n\n\n\n<h2 class=\"wp-block-heading\">(Angelbachtal \/ Rhein-Neckar-Kreis) &#8211; Unfallflucht \/ Zeugen gesucht!<\/h2>\n\n\n\n<p>Zwischen Sonntagabend, gegen 23:00 Uhr, und Montagvormittag, gegen 09:20 Uhr, kam es in der Hauptstra\u00dfe in H\u00f6he der Hausnummer 13 zu einem Verkehrsunfall. Der oder die bislang unbekannte Unfallverursacher\/-in besch\u00e4digte dabei einen am Fahrbahnrand abgestellten Nissan im Bereich des linken Fahrzeughecks und entfernte sich im Anschluss unerlaubt von der Unfallstelle, ohne sich um den entstandenen Sachschaden in H\u00f6he von circa 5.000 Euro zu k\u00fcmmern. Nach ersten Ermittlungen verlor der\/die Unfallverursacher\/ -in wom\u00f6glich aufgrund der Witterungsverh\u00e4ltnisse und der einhergehenden Stra\u00dfengl\u00e4tte die Kontrolle \u00fcber sein \/ihr Fahrzeug, weshalb es zu dem Unfall kam.<\/p>\n\n\n\n<p>Zeugen, die sachdienliche Hinweise geben k\u00f6nnen, werden gebeten, sich beim Polizeirevier Wiesloch unter der Tel.: 06222\/5709-0 zu melden.<\/p>\n\n\n\n<h2 class=\"wp-block-heading\">(Eberbach \/ Rhein-Neckar-Kreis) &#8211; Geparktes Auto besch\u00e4digt \/ Zeugen gesucht<\/h2>\n\n\n\n<p>Zwischen 14 Uhr und 14.45 Uhr parkte am Donnerstag, 15. Dezember 2022, ein Volvo ordnungsgem\u00e4\u00df am Stra\u00dfenrand der Carl-Benz-Stra\u00dfe. Ein bislang unbekannter Fahrzeugf\u00fchrer streifte den linken Au\u00dfenspiegel, wodurch das Blinkerglas besch\u00e4digt wurde. Weitere Hinweise zum Unfallverursacher liegen derzeit nicht vor. Es entstand ein Sachschaden in H\u00f6he von ca. 200 Euro.<\/p>\n\n\n\n<p>Zeugen, die etwas beobachtet haben oder sachdienliche Angaben zum Unfallverursacher machen k\u00f6nnen, werden gebeten, sich beim Polizeirevier Eberbach unter der Telefonnummer 06271 9210-0 zu melden.<\/p>\n\n\n\n<h2 class=\"wp-block-heading\">(Eberbach \/ Rhein-Neckar-Kreis) &#8211; Drei M\u00e4nner nach Betrugsmasche &#8222;falsche Polizeibeamte&#8220; festgenommen und inhaftiert<\/h2>\n\n\n\n<h3 class=\"wp-block-heading\">Gemeinsame Presseerkl\u00e4rung der Staatsanwaltschaft Heidelberg und des Polizeipr\u00e4sidiums Mannheim<\/h3>\n\n\n<div class=\"wp-block-image\">\n<figure class=\"aligncenter size-full\"><img decoding=\"async\" loading=\"lazy\" width=\"800\" height=\"533\" src=\"https:\/\/speyer24news.com\/wp-content\/uploads\/2020\/06\/Zelle.jpg\" alt=\"\" class=\"wp-image-28203\" srcset=\"https:\/\/speyer24news.com\/wp-content\/uploads\/2020\/06\/Zelle.jpg 800w, https:\/\/speyer24news.com\/wp-content\/uploads\/2020\/06\/Zelle-300x200.jpg 300w, https:\/\/speyer24news.com\/wp-content\/uploads\/2020\/06\/Zelle-768x512.jpg 768w\" sizes=\"(max-width: 800px) 100vw, 800px\" \/><figcaption>Beispielbild Zelle \/ Verhaftung, dient lediglich der Visualisierung<\/figcaption><\/figure><\/div>\n\n\n<p>Am 4. Oktober soll eine T\u00e4tergruppierung, welche sich als Polizeibeamte ausgab, einer Seniorin aus Eberbach Goldbarren und wertvolle M\u00fcnzen im Gesamtwert von \u00fcber 100.000 Euro entlockt haben (siehe PM vom 07.10.2022:&nbsp;<a target=\"_blank\" rel=\"noreferrer noopener\" href=\"https:\/\/www.presseportal.de\/blaulicht\/pm\/14915\/5339272\">https:\/\/www.presseportal.de\/blaulicht\/pm\/14915\/5339272<\/a>).<\/p>\n\n\n\n<p>Umfangreiche Ermittlungen der Spezialistinnen und Spezialisten f\u00fcr Betrugsdelikte der Kriminalpolizeidirektion Heidelberg und der Staatsanwaltschaft Heidelberg f\u00fchrten zun\u00e4chst zu einem Tatverdacht gegen einen 20-j\u00e4hrigen Mann, welcher Anfang Oktober die Wertgegenst\u00e4nde bei der Seniorin abgeholt haben soll. Weitere Nachforschungen f\u00fchrten die Ermittlerinnen und Ermittler auf die Spur von zwei 21-j\u00e4hrigen Komplizen, welche unter anderem f\u00fcr \u00e4hnliche Taten in weiteren Bundesl\u00e4ndern in Frage kommen.<\/p>\n\n\n\n<p>Hierbei erh\u00e4rtete sich der Verdacht, dass die Gruppierung arbeitsteilig vorgegangen sein d\u00fcrfte. Einer der 21-J\u00e4hrigen soll als Fahrer des 20-j\u00e4hrigen Abholers gedient haben. Der andere 21-j\u00e4hrige Mitt\u00e4ter d\u00fcrfte nach derzeitigem Ermittlungsstand die Abholung der Wertsachen logistisch koordiniert haben.<\/p>\n\n\n\n<p>Am 14.12.2022 konnten die drei Verd\u00e4chtigen im Rahmen von gemeinsamen Durchsuchungsma\u00dfnahmen in Nordrhein-Westfalen und Hessen festgenommen werden. Die beiden 21-j\u00e4hrigen mutma\u00dflichen Komplizen wurden in der Folge einem Haftrichter beim Amtsgericht Brilon vorgef\u00fchrt, welcher die von der Staatsanwaltschaft Heidelberg erwirkten Haftbefehle in Vollzug setzte.<\/p>\n\n\n\n<p>Der 20-j\u00e4hrige Abholer wurde am 15.12.2022 beim Amtsgericht Heidelberg vorgef\u00fchrt. Der Haftbefehl gegen ihn wurde ebenfalls in Vollzug gesetzt. Alle Verd\u00e4chtigen wurden in unterschiedliche Justizvollzugsanstalten eingeliefert.<\/p>\n\n\n\n<p>Die Ermittlungen der Staatsanwaltschaft Heidelberg und der Kriminalpolizeidirektion Heidelberg dauern weiter an und konzentrieren sich nun auch auf m\u00f6gliche Zusammenh\u00e4nge und Verflechtungen zu anderen Taten sowie auf die Identifizierung weiterer Hinterm\u00e4nner, welche aus Callcentern im Ausland agiert haben d\u00fcrften.<\/p>\n\n\n\n<h2 class=\"wp-block-heading\">(Eppelheim \/ Rhein-Neckar-Kreis) &#8211; Verbaler Streit endet in Bedrohung mit einer Schusswaffe<\/h2>\n\n\n<div class=\"wp-block-image\">\n<figure class=\"aligncenter size-full\"><img decoding=\"async\" loading=\"lazy\" width=\"801\" height=\"600\" src=\"https:\/\/speyer24news.com\/wp-content\/uploads\/2020\/05\/Zeugen-gesucht-Neutral.jpg\" alt=\"\" class=\"wp-image-26598\" srcset=\"https:\/\/speyer24news.com\/wp-content\/uploads\/2020\/05\/Zeugen-gesucht-Neutral.jpg 801w, https:\/\/speyer24news.com\/wp-content\/uploads\/2020\/05\/Zeugen-gesucht-Neutral-300x225.jpg 300w, https:\/\/speyer24news.com\/wp-content\/uploads\/2020\/05\/Zeugen-gesucht-Neutral-768x575.jpg 768w, https:\/\/speyer24news.com\/wp-content\/uploads\/2020\/05\/Zeugen-gesucht-Neutral-678x509.jpg 678w, https:\/\/speyer24news.com\/wp-content\/uploads\/2020\/05\/Zeugen-gesucht-Neutral-326x245.jpg 326w, https:\/\/speyer24news.com\/wp-content\/uploads\/2020\/05\/Zeugen-gesucht-Neutral-80x60.jpg 80w\" sizes=\"(max-width: 801px) 100vw, 801px\" \/><\/figure><\/div>\n\n\n<p>Am Samstag kam es gegen 21.55 Uhr vor einer Eishalle in der Rudolf-Diesel-Stra\u00dfe zu einer Bedrohung mit einer Schusswaffe. Zuvor waren eine 19- J\u00e4hrige und ein 22-J\u00e4hriger mit dem bislang unbekannten T\u00e4ter in der Eishalle verbal in Streit geraten. Der bislang unbekannte T\u00e4ter passte die beiden Gesch\u00e4digten und zwei weitere Zeugen vor der Eishalle ab und bedrohte die beiden Gesch\u00e4digten hier mit einer Schusswaffe. Ob es sich hierbei um eine Schreckschusswaffe handelt oder nicht, konnte bislang nicht in Erfahrung gebracht werden.<\/p>\n\n\n\n<p>Der Vorfall konnte durch mehrere Besucher beobachtet werden, die jedoch vor Ort nicht mehr festgestellt werden konnten.<\/p>\n\n\n\n<h4 class=\"wp-block-heading\">Der T\u00e4ter fl\u00fcchtete sp\u00e4ter in unbekannte Richtung und kann wie folgt beschrieben werden:<\/h4>\n\n\n\n<ul><li><strong>M\u00e4nnlich<\/strong><\/li><li><strong>ca. 17 Jahre alt<\/strong><\/li><li><strong>ca. 1,70 m<\/strong><\/li><li><strong>schlanke Statur<\/strong><\/li><li><strong>Oberlippenbart und kleiner Kinnbart<\/strong><\/li><li><strong>trug graue Wollm\u00fctze, hellgraue Wellensteyn-Jacke mit Fell am Kragen.<\/strong><\/li><\/ul>\n\n\n\n<p>Die Ermittlungen hinsichtlich der Bedrohung dauern noch und werden durch den Polizeiposten Eppelheim \u00fcbernommen.<\/p>\n\n\n\n<p>Zeugen, die den Vorfall beobachten konnten oder sachdienliche Hinweise geben k\u00f6nnen, werden gebeten sich bei dem Polizeiposten Eppelheim zu melden unter 06221-766377.<\/p>\n\n\n\n<h2 class=\"wp-block-heading\">(A 5 \/ Hirschberg \/ Rhein-Neckar-Kreis) &#8211; Gruppe von Fu\u00dfg\u00e4ngern quert die Autobahn, eine Person wird von einem Fahrzeug erfasst<\/h2>\n\n\n\n<p>Am 18.12.2022 meldete eine Verkehrsteilnehmerin gegen 22:30 Uhr, dass sich mehrere Personen auf der Autobahn 5 in Fahrtrichtung Norden (Darmstadt) befinden w\u00fcrden. Nach dem bisherigen Erkenntnisstand befuhr die 42-j\u00e4hrige Frau mit ihrem PKW die Autobahn, als sie auf H\u00f6he der AS Hirschberg eine Gruppe von vier Personen bemerkte, die zu Fu\u00df \u00fcber die Autobahn lief. Sie konnte durch ein Ausweichman\u00f6ver noch verhindern, frontal mit einer der Personen zusammenzusto\u00dfen, touchierte sie aber vermutlich mit dem Fahrzeug seitlich. An ihrem Fahrzeug entstand ein nicht unerheblicher Sachschaden. Unter dem Eindruck der Geschehnisse fuhr sie zuerst an ihre Wohnanschrift und informierte von dort die Polizei in Weinheim. Eine sofort eingeleitete Suche im gesamten Umkreis der Unfallstelle brachte keine neuen Hinweise auf eine verletzte Person. Da nicht auszuschlie\u00dfen war, dass einer der Fu\u00dfg\u00e4nger sich schwerer verletzt hatte und sich in einer hilflosen Lage befinden k\u00f6nnte, wurden vom ASB und dem THW Drohnenf\u00fchrer angefordert. Mit Hilfe der Drohnen, die auch Hitzesignaturen bei Nacht darstellen k\u00f6nnen, wurde die gesamte AS Hirschberg sowie das angrenzende Industriegebiet abgesucht. Eine verletzte Person konnte nicht aufgefunden werden. Zeugen, die sachdienliche Hinweise zu dem Vorfall machen k\u00f6nnen, werden gebeten sich bei dem Autobahnrevier in Mannheim-Seckenheim unter der Telefonnummer 0621-470930 zu melden.<\/p>\n","protected":false},"excerpt":{"rendered":"<div class=\"mh-excerpt\"><p>Polizeimeldungen vom Montag (19.12.2022) (Speyer) &#8211; Gl\u00e4tteunfall mit Sachschaden Am 18.12.2022 gegen 17:40 Uhr befuhr eine 20j\u00e4hrige Fahrzeugf\u00fchrerin die Blaulstra\u00dfe in Richtung Burgstra\u00dfe. Kurz nach der Kreuzung zur Peter-Drach-Stra\u00dfe verlor sie aufgrund Gl\u00e4tte die Kontrolle <a class=\"mh-excerpt-more\" href=\"https:\/\/speyer24news.com\/?p=50534\" title=\"Polizeimeldungen Montag (19.12.2022)\">[&#8230;]<\/a><\/p>\n<\/div>","protected":false},"author":3,"featured_media":26162,"comment_status":"open","ping_status":"open","sticky":false,"template":"","format":"standard","meta":{"_monsterinsights_skip_tracking":false,"_monsterinsights_sitenote_active":false,"_monsterinsights_sitenote_note":"","_monsterinsights_sitenote_category":0,"footnotes":""},"categories":[12],"tags":[7243,7244,3614,350,14537,15084,15267,14538,15361,702,61,2555,6955,6986,6263,63,105,11150,6987,53,4854,13534,4683,1548,4905,11592,102,13626,213,14325,14324,13553,13541,55,8277,6368,5261,103,106,2803,2423,427,2625,380,62,104,979,1565],"aioseo_notices":[],"amp_enabled":true,"_links":{"self":[{"href":"https:\/\/speyer24news.com\/index.php?rest_route=\/wp\/v2\/posts\/50534"}],"collection":[{"href":"https:\/\/speyer24news.com\/index.php?rest_route=\/wp\/v2\/posts"}],"about":[{"href":"https:\/\/speyer24news.com\/index.php?rest_route=\/wp\/v2\/types\/post"}],"author":[{"embeddable":true,"href":"https:\/\/speyer24news.com\/index.php?rest_route=\/wp\/v2\/users\/3"}],"replies":[{"embeddable":true,"href":"https:\/\/speyer24news.com\/index.php?rest_route=%2Fwp%2Fv2%2Fcomments&post=50534"}],"version-history":[{"count":2,"href":"https:\/\/speyer24news.com\/index.php?rest_route=\/wp\/v2\/posts\/50534\/revisions"}],"predecessor-version":[{"id":50538,"href":"https:\/\/speyer24news.com\/index.php?rest_route=\/wp\/v2\/posts\/50534\/revisions\/50538"}],"wp:featuredmedia":[{"embeddable":true,"href":"https:\/\/speyer24news.com\/index.php?rest_route=\/wp\/v2\/media\/26162"}],"wp:attachment":[{"href":"https:\/\/speyer24news.com\/index.php?rest_route=%2Fwp%2Fv2%2Fmedia&parent=50534"}],"wp:term":[{"taxonomy":"category","embeddable":true,"href":"https:\/\/speyer24news.com\/index.php?rest_route=%2Fwp%2Fv2%2Fcategories&post=50534"},{"taxonomy":"post_tag","embeddable":true,"href":"https:\/\/speyer24news.com\/index.php?rest_route=%2Fwp%2Fv2%2Ftags&post=50534"}],"curies":[{"name":"wp","href":"https:\/\/api.w.org\/{rel}","templated":true}]}}