{"id":50542,"date":"2022-12-21T07:36:35","date_gmt":"2022-12-21T06:36:35","guid":{"rendered":"https:\/\/speyer24news.com\/?p=50542"},"modified":"2022-12-21T07:36:36","modified_gmt":"2022-12-21T06:36:36","slug":"veranstaltung-kultur-speyer","status":"publish","type":"post","link":"https:\/\/speyer24news.com\/?p=50542","title":{"rendered":"Veranstaltung \/ Kultur \/ Speyer"},"content":{"rendered":"<style type=\"text\/css\">\r\n\t.ads_top_disp{}\r\n\t.ads_top_corner_disp{ float:left; margin:0px 10px 10px 0px; }\r\n\t.ads_first_p_disp{}\r\n\t.ads_bottom_disp{}\r\n\t<\/style>\n<h2 class=\"wp-block-heading\">Speyer Resonanzen &#8211; Neues Kammermusikfest f\u00fcr zeitgen\u00f6ssische und klassische Musik vom 10.03.23 bis zum 31.03.23<\/h2>\n\n\n\n<p>Mit einem neu konzipierten Kammermusikfest f\u00fcr zeitgen\u00f6ssische und klassische Musik geht das Kulturb\u00fcro der Stadt Speyer im M\u00e4rz 2023 an den Start. Die neue Reihe unter dem Titel\u00a0<strong><em>Speyer Resonanzen<\/em><\/strong>\u00a0kn\u00fcpft an das erfolgreiche Kammermusikfestival der Speyerer\u00a0<em>Kontrapunkte<\/em>\u00a0an, das seit 2019 nicht mehr stattgefunden hat. Bezugnehmend auf die Erfolge der\u00a0<em>Kontrapunkte<\/em>\u00a0werden die neu konzipierten\u00a0<strong><em>Resonanzen<\/em><\/strong>\u00a0au\u00dfergew\u00f6hnliche und spannende Konzertprogramme in die barocke Dreifaltigkeitskirche und auf die B\u00fchne des Historischen Ratssaals bringen. Alle Konzertabende setzen in einer frischen Herangehensweise auf eine Begegnung mit der Moderne mithilfe durchdachter Programmdramaturgien, die den Sammelbegriff der modernen Musik vor dem Hintergrund verschiedener Epochen differenziert. Kulturdezernentnin Monika Kabs sieht in der neuen Konzertreihe \u201equalitativ hochwertige Konzerte mit jungen, auch international renommierten Kammermusikensembles, die Ber\u00fchrungs\u00e4ngste zu klassischen Musik abbauen und ein j\u00fcngeres Publikum ansprechen sollen.\u201c<\/p>\n\n\n<div class=\"wp-block-image\">\n<figure class=\"aligncenter size-full\"><img decoding=\"async\" loading=\"lazy\" width=\"800\" height=\"566\" src=\"https:\/\/speyer24news.com\/wp-content\/uploads\/2022\/12\/Sjaella-\u00a9-Lutz-Wiechmann.jpg\" alt=\"\" class=\"wp-image-50554\" srcset=\"https:\/\/speyer24news.com\/wp-content\/uploads\/2022\/12\/Sjaella-\u00a9-Lutz-Wiechmann.jpg 800w, https:\/\/speyer24news.com\/wp-content\/uploads\/2022\/12\/Sjaella-\u00a9-Lutz-Wiechmann-300x212.jpg 300w, https:\/\/speyer24news.com\/wp-content\/uploads\/2022\/12\/Sjaella-\u00a9-Lutz-Wiechmann-768x543.jpg 768w\" sizes=\"(max-width: 800px) 100vw, 800px\" \/><figcaption class=\"wp-element-caption\">Das A-cappella-Ensemble\u00a0<strong><em>Sjaella<\/em><\/strong>. <br><em>Foto: Lutz Wiechmann<\/em><\/figcaption><\/figure><\/div>\n\n\n<p>Im\u00a0<strong>Er\u00f6ffnungskonzert am 10. M\u00e4rz 2023 in der Dreifaltigkeitskirche<\/strong>\u00a0pr\u00e4sentiert das A-cappella-Ensemble\u00a0<strong><em>Sjaella<\/em><\/strong>\u00a0aus Leipzig, bestehend aus sechs jungen Frauen, das Programm \u201eWelteinklang\u201c. Es sind bewegende und zeitlose Themen, die in diesem Konzert vereint ihre zentralen Pl\u00e4tze einnehmen: der Frieden, die Wunder der Natur und die Liebe. Neuvertonungen geistlicher Texte, Gebete und Hymnen von Arvo P\u00e4rt, Ola Gjeilo und weiteren K\u00fcnstlern unserer Zeit leiten den ersten Konzertteil ein. Den Weg in die Natur findet das Programm mit dem Jahreszeiten-Zyklus aus Henry Purcells Semi-Oper \u201eThe Fairy Queen\u201c \u2013 f\u00fcr Sjaella neu und mit barocken sowie zeitgen\u00f6ssischen Elementen bearbeitet.<br><em>Sjaella\u00a0<\/em>hat seit Jahren einen festen Platz in der universalen Vokalmusik-Szene, konzertiert im Rahmen renommierter Festivals und wurde mit ersten Preisen zahlreicher Wettbewerbe ausgezeichnet. Konzertreisen f\u00fchrten das Ensemble zuletzt nach S\u00fcdafrika, Belgien, Spanien und Norwegen.<\/p>\n\n\n<div class=\"wp-block-image\">\n<figure class=\"aligncenter size-full\"><img decoding=\"async\" loading=\"lazy\" width=\"500\" height=\"633\" src=\"https:\/\/speyer24news.com\/wp-content\/uploads\/2022\/12\/Spark-und-Valer-Sabadus-\u00a9-Gregor-Hohenberg-1.jpg\" alt=\"\" class=\"wp-image-50555\" srcset=\"https:\/\/speyer24news.com\/wp-content\/uploads\/2022\/12\/Spark-und-Valer-Sabadus-\u00a9-Gregor-Hohenberg-1.jpg 500w, https:\/\/speyer24news.com\/wp-content\/uploads\/2022\/12\/Spark-und-Valer-Sabadus-\u00a9-Gregor-Hohenberg-1-237x300.jpg 237w\" sizes=\"(max-width: 500px) 100vw, 500px\" \/><figcaption class=\"wp-element-caption\"><strong><em>Valer Sabadus<\/em>\u00a0<\/strong>und<strong>\u00a0<em>Spark<\/em><\/strong><br><em>Foto: Gregor Hohenberg<\/em><\/figcaption><\/figure><\/div>\n\n\n<p>Der Countertenor<strong>\u00a0<em>Valer Sabadus<\/em>\u00a0<\/strong>und<strong>\u00a0<em>Spark &#8211; die klassische Band<\/em><\/strong>\u00a0machen in dem Programm \u201eCloser to Paradise\u201c am\u00a0<strong>22. M\u00e4rz 2023 in der Dreifaltigkeitskirche<\/strong>\u00a0das Gef\u00fchl der Sehnsucht klanglich erfahrbar. Das im Programmtitel beschworene Paradies gilt als Urbild des Gl\u00fccks, als Ort des Friedens und der Harmonie, als Symbol einer besseren Welt. Was liegt n\u00e4her, als diesen entr\u00fcckten Ort als Dreh- und Angelpunkt f\u00fcr ein Programm zu w\u00e4hlen, in dem ein Stars\u00e4nger mit einem entr\u00fcckten Register sich mit einer innovativen, hoch experimentierfreudigen Kammerformation zusammentut? In vier Akten werden verschiedene Aspekte dieses universellen Gem\u00fctszustands beleuchtet. Jeder der vier Teile wird in einer anderen Sprache gesungen und legt den Fokus auf eine andere Epoche. Dabei werden Werke von H\u00e4ndel, Vivaldi, Schumann, Faur\u00e9, Ravel, Weill und Satie, aber auch Rocksongs von Rammstein, Depeche Mode oder moderne Musik von Michael Nyman und Chiel Meijering in den spannenden Eigenarrangements der Musiker aus einem modernen Blickwinkel interpretiert und reflektiert. Barocke Arien, romantische Kunstlieder und impressionistische Melodien verschmelzen mit Avantgardekl\u00e4ngen, Volksliedern, Chansons und Rocksongs zu v\u00f6llig neuen Klangszenen. In dem selbstverst\u00e4ndlichen Mit- und Nebeneinander von Tradition und Trends wird die klassische Musik mit dem Lebensgef\u00fchl des 21. Jahrhunderts verkn\u00fcpft und erh\u00e4lt etwas zeitlos Frisches &#8211; genau wie das Gef\u00fchl der Sehnsucht ein allumfassendes und zeitloses Ph\u00e4nomen ist.<\/p>\n\n\n<div class=\"wp-block-image\">\n<figure class=\"aligncenter size-full\"><img decoding=\"async\" loading=\"lazy\" width=\"800\" height=\"533\" src=\"https:\/\/speyer24news.com\/wp-content\/uploads\/2022\/12\/Phaeton-Piano-Trio-\u00a9-Guido-Werner.jpg\" alt=\"\" class=\"wp-image-50556\" srcset=\"https:\/\/speyer24news.com\/wp-content\/uploads\/2022\/12\/Phaeton-Piano-Trio-\u00a9-Guido-Werner.jpg 800w, https:\/\/speyer24news.com\/wp-content\/uploads\/2022\/12\/Phaeton-Piano-Trio-\u00a9-Guido-Werner-300x200.jpg 300w, https:\/\/speyer24news.com\/wp-content\/uploads\/2022\/12\/Phaeton-Piano-Trio-\u00a9-Guido-Werner-768x512.jpg 768w\" sizes=\"(max-width: 800px) 100vw, 800px\" \/><figcaption class=\"wp-element-caption\">\u00a0<strong>Phaeton Piano Trio<\/strong><br><em>Foto: Guido Werner<\/em><\/figcaption><\/figure><\/div>\n\n\n<p>Das\u00a0<strong><em>Phaeton Piano Trio<\/em><\/strong>\u00a0konzertiert am\u00a0<strong>24. M\u00e4rz 2023<\/strong>\u00a0im Historischen Ratssaal der Stadt Speyer. Auf dem Programm stehen das \u201eGeistertrio\u201c von Beethoven, das \u201eSpace Jump Trio\u201c von Fazil Say und das \u201eDumky-Trio\u201c des Tschechen Dvorak, ein Gang zur ukrainischen Grenze bzw. dar\u00fcber hinaus.\u00a0\u00a0\u00a0\u00a0\u00a0\u00a0<br>Das Trio vereint mit\u00a0<strong>Friedemann Eichhorn, Peter H\u00f6rr und Florian Uhlig<\/strong>\u00a0drei deutsche Spitzenk\u00fcnstler von internationalem Rang zu einem der spannendsten Klaviertrios der gegenw\u00e4rtigen Konzertszene. Als Solisten seit mehr als zwanzig Jahren erfolgreich auf den gro\u00dfen Podien in Europa, \u00dcbersee und Asien zuhause, konzertierte das\u00a0<em>Phaeton Piano Trio<\/em>\u00a0bereits in wichtigen Musikmetropolen Europas. Nach ihrem s\u00fcdamerikanischen Deb\u00fct in der Fondacion Beethoven, Santiago de Chile feierte das Trio ein weiteres Deb\u00fct in den USA mit Konzerten in der Library of Congress, Washington und in der Frick Collection, New York.<\/p>\n\n\n\n<p>Der von dem jungen Violinisten&nbsp;<strong>Paul Erb<\/strong>, einem Speyerer Nachwuchstalent, konzipierte letzte Konzertabend der Reihe am&nbsp;<strong>31. M\u00e4rz 2023<\/strong>&nbsp;pr\u00e4sentiert neben Werken von Pierre Boulez und Krzysztof Penderecki auch Meister des Barock, der Klassik und der Romantik. Sie erklingen als Grenzg\u00e4nger ihrer jeweiligen Zeit, die Paul Erb gemeinsam mit Alexis Scharff und Ulrike Kr\u00e4mer in der Besetzung Violine, Kontrabass und Klavier in einem spannenden Konzertabend im Historischen Ratssaal der Stadt Speyer gegen\u00fcberstellt.<\/p>\n\n\n\n<p>Karten f\u00fcr die&nbsp;<strong>Speyer Resonanzen<\/strong>&nbsp;gibt in der Tourist-Info der Stadt Speyer, \u00fcber das Ticket-Portal&nbsp;<a href=\"https:\/\/deref-web.de\/mail\/client\/iOxLwbwI2X8\/dereferrer\/?redirectUrl=http%3A%2F%2Fwww.reservix.de\" target=\"_blank\" rel=\"noreferrer noopener\">www.reservix.de<\/a>&nbsp;und bei allen Reservix-Vorverkaufsstellen.<\/p>\n\n\n\n<p><em>Text: Stadtverwaltung Speyer Foto: (1) Lutz Wiechmann; (2) Gregor Hohenberg; (3) Guido Werner<br>16.12.2022<\/em><\/p>\n","protected":false},"excerpt":{"rendered":"<div class=\"mh-excerpt\"><p>Speyer Resonanzen &#8211; Neues Kammermusikfest f\u00fcr zeitgen\u00f6ssische und klassische Musik vom 10.03.23 bis zum 31.03.23 Mit einem neu konzipierten Kammermusikfest f\u00fcr zeitgen\u00f6ssische und klassische Musik geht das Kulturb\u00fcro der Stadt Speyer im M\u00e4rz 2023 an <a class=\"mh-excerpt-more\" href=\"https:\/\/speyer24news.com\/?p=50542\" title=\"Veranstaltung \/ Kultur \/ Speyer\">[&#8230;]<\/a><\/p>\n<\/div>","protected":false},"author":3,"featured_media":25668,"comment_status":"open","ping_status":"open","sticky":false,"template":"","format":"standard","meta":{"_monsterinsights_skip_tracking":false,"_monsterinsights_sitenote_active":false,"_monsterinsights_sitenote_note":"","_monsterinsights_sitenote_category":0,"footnotes":""},"categories":[14,13],"tags":[15661,15663,15664,15665,577,2200,15669,15668,15666,15660,15662,15667,1993,11824],"aioseo_notices":[],"amp_enabled":true,"_links":{"self":[{"href":"https:\/\/speyer24news.com\/index.php?rest_route=\/wp\/v2\/posts\/50542"}],"collection":[{"href":"https:\/\/speyer24news.com\/index.php?rest_route=\/wp\/v2\/posts"}],"about":[{"href":"https:\/\/speyer24news.com\/index.php?rest_route=\/wp\/v2\/types\/post"}],"author":[{"embeddable":true,"href":"https:\/\/speyer24news.com\/index.php?rest_route=\/wp\/v2\/users\/3"}],"replies":[{"embeddable":true,"href":"https:\/\/speyer24news.com\/index.php?rest_route=%2Fwp%2Fv2%2Fcomments&post=50542"}],"version-history":[{"count":1,"href":"https:\/\/speyer24news.com\/index.php?rest_route=\/wp\/v2\/posts\/50542\/revisions"}],"predecessor-version":[{"id":50557,"href":"https:\/\/speyer24news.com\/index.php?rest_route=\/wp\/v2\/posts\/50542\/revisions\/50557"}],"wp:featuredmedia":[{"embeddable":true,"href":"https:\/\/speyer24news.com\/index.php?rest_route=\/wp\/v2\/media\/25668"}],"wp:attachment":[{"href":"https:\/\/speyer24news.com\/index.php?rest_route=%2Fwp%2Fv2%2Fmedia&parent=50542"}],"wp:term":[{"taxonomy":"category","embeddable":true,"href":"https:\/\/speyer24news.com\/index.php?rest_route=%2Fwp%2Fv2%2Fcategories&post=50542"},{"taxonomy":"post_tag","embeddable":true,"href":"https:\/\/speyer24news.com\/index.php?rest_route=%2Fwp%2Fv2%2Ftags&post=50542"}],"curies":[{"name":"wp","href":"https:\/\/api.w.org\/{rel}","templated":true}]}}