{"id":50567,"date":"2022-12-22T07:41:39","date_gmt":"2022-12-22T06:41:39","guid":{"rendered":"https:\/\/speyer24news.com\/?p=50567"},"modified":"2022-12-22T07:41:41","modified_gmt":"2022-12-22T06:41:41","slug":"historisches-museum-der-pfalz-speyer-19","status":"publish","type":"post","link":"https:\/\/speyer24news.com\/?p=50567","title":{"rendered":"Historisches Museum der Pfalz Speyer"},"content":{"rendered":"<style type=\"text\/css\">\r\n\t.ads_top_disp{}\r\n\t.ads_top_corner_disp{ float:left; margin:0px 10px 10px 0px; }\r\n\t.ads_first_p_disp{}\r\n\t.ads_bottom_disp{}\r\n\t<\/style>\n<h2 class=\"wp-block-heading\">Historisches Museum der Pfalz Speyer<\/h2>\n\n\n\n<figure class=\"wp-block-image size-full\"><img decoding=\"async\" loading=\"lazy\" width=\"800\" height=\"600\" src=\"https:\/\/speyer24news.com\/wp-content\/uploads\/2020\/12\/Historisches-Museum-vom-Dom.jpg\" alt=\"\" class=\"wp-image-31877\" srcset=\"https:\/\/speyer24news.com\/wp-content\/uploads\/2020\/12\/Historisches-Museum-vom-Dom.jpg 800w, https:\/\/speyer24news.com\/wp-content\/uploads\/2020\/12\/Historisches-Museum-vom-Dom-300x225.jpg 300w, https:\/\/speyer24news.com\/wp-content\/uploads\/2020\/12\/Historisches-Museum-vom-Dom-768x576.jpg 768w, https:\/\/speyer24news.com\/wp-content\/uploads\/2020\/12\/Historisches-Museum-vom-Dom-678x509.jpg 678w, https:\/\/speyer24news.com\/wp-content\/uploads\/2020\/12\/Historisches-Museum-vom-Dom-326x245.jpg 326w, https:\/\/speyer24news.com\/wp-content\/uploads\/2020\/12\/Historisches-Museum-vom-Dom-80x60.jpg 80w\" sizes=\"(max-width: 800px) 100vw, 800px\" \/><\/figure>\n\n\n\n<h2 class=\"wp-block-heading\">Der Gr\u00fcffelo kommt zur\u00fcck<\/h2>\n\n\n\n<h3 class=\"wp-block-heading\">Ausstellungsstart am 11. Dezember im Historischen Museum der Pfalz in Speyer<\/h3>\n\n\n<div class=\"wp-block-image\">\n<figure class=\"aligncenter size-full\"><img decoding=\"async\" loading=\"lazy\" width=\"500\" height=\"707\" src=\"https:\/\/speyer24news.com\/wp-content\/uploads\/2022\/12\/Ansicht_PlakatGrueffelo.jpg\" alt=\"\" class=\"wp-image-50601\" srcset=\"https:\/\/speyer24news.com\/wp-content\/uploads\/2022\/12\/Ansicht_PlakatGrueffelo.jpg 500w, https:\/\/speyer24news.com\/wp-content\/uploads\/2022\/12\/Ansicht_PlakatGrueffelo-212x300.jpg 212w\" sizes=\"(max-width: 500px) 100vw, 500px\" \/><\/figure><\/div>\n\n\n<p>Zum 65. Geburtstag von Axel Scheffler, dem preisgekr\u00f6nten Illustrator und Zeichner des Gr\u00fcffelo, startet am 11. Dezember im Historischen Museum der Pfalz die Familien-Ausstellung \u201eDer Gr\u00fcffelo kommt zur\u00fcck\u201c. \u201eIch w\u00fcnsche allen Familien, Kindern, Eltern und Gro\u00dfeltern viel Spa\u00df in der Ausstellung\u201c, erkl\u00e4rt Scheffler, der seinen Ehrentag am 12. Dezember in Gro\u00dfbritannien feiert. Die Speyerer Ausstellung wird er zur Finissage am 18. Juni besuchen und f\u00fcr sein Publikum lesen und zeichnen!<\/p>\n\n\n<div class=\"wp-block-image\">\n<figure class=\"aligncenter size-full\"><img decoding=\"async\" loading=\"lazy\" width=\"800\" height=\"529\" src=\"https:\/\/speyer24news.com\/wp-content\/uploads\/2022\/12\/Grueffelo_Masken.jpg\" alt=\"\" class=\"wp-image-50602\" srcset=\"https:\/\/speyer24news.com\/wp-content\/uploads\/2022\/12\/Grueffelo_Masken.jpg 800w, https:\/\/speyer24news.com\/wp-content\/uploads\/2022\/12\/Grueffelo_Masken-300x198.jpg 300w, https:\/\/speyer24news.com\/wp-content\/uploads\/2022\/12\/Grueffelo_Masken-768x508.jpg 768w\" sizes=\"(max-width: 800px) 100vw, 800px\" \/><\/figure><\/div>\n\n\n<p>Die Besucherinnen und Besucher im Historischen Museum der Pfalz d\u00fcrfen sich auf eine Schau f\u00fcr die ganze Familie freuen, in der die humorvoll verfassten Reime von Julia Donaldson und die liebevollen Illustrationen von Axel Scheffler zu einer begehbaren Erlebniswelt werden. Das Kinderbuch \u201eDer Gr\u00fcffelo\u201c erschien 1999 und erfreut sich seitdem gro\u00dfer internationaler Beliebtheit. Nachdem zum gro\u00dfen Bedauern vor allem des j\u00fcngeren Museumspublikums die vergangene Gr\u00fcffelo-Schau durch die Auswirkungen der Pandemie \u00fcber Monate geschlossen bleiben und vorzeitig beendet werden musste, widmet sich das Museum jetzt in einer \u00fcberarbeiteten Form nochmals dem liebgewonnen Bilderbuchmonster.<\/p>\n\n\n\n<p>In der Ausstellung k\u00f6nnen die kleinen und gro\u00dfen Museumsg\u00e4ste die Bilderbuchgeschichte nacherleben: Sie begegnen dem beh\u00e4bigen Monster Gr\u00fcffelo mit seiner giftigen Warze auf der Nase und Stacheln am R\u00fccken, der kleinen, schlauen Maus und den anderen Tieren aus dem Wald. Auch das Gr\u00fcffelokind wird wieder mit dabei sein!<\/p>\n\n\n<div class=\"wp-block-image\">\n<figure class=\"aligncenter size-full\"><img decoding=\"async\" loading=\"lazy\" width=\"800\" height=\"611\" src=\"https:\/\/speyer24news.com\/wp-content\/uploads\/2022\/12\/Grueffelo_Multimedia.jpg\" alt=\"\" class=\"wp-image-50603\" srcset=\"https:\/\/speyer24news.com\/wp-content\/uploads\/2022\/12\/Grueffelo_Multimedia.jpg 800w, https:\/\/speyer24news.com\/wp-content\/uploads\/2022\/12\/Grueffelo_Multimedia-300x229.jpg 300w, https:\/\/speyer24news.com\/wp-content\/uploads\/2022\/12\/Grueffelo_Multimedia-768x587.jpg 768w, https:\/\/speyer24news.com\/wp-content\/uploads\/2022\/12\/Grueffelo_Multimedia-80x60.jpg 80w\" sizes=\"(max-width: 800px) 100vw, 800px\" \/><\/figure><\/div>\n\n\n<p>\u201eDas beliebte Monster Gr\u00fcffelo begeistert Familien rund um die Welt und bringt ihnen beim abendlichen Vorlesen immer wieder auf\u2018s Neue Freude. Der Familien-Ausstellung im Historischen Museum der Pfalz Speyer ist es gelungen, eine aufregende Kultur- und Erlebniswelt f\u00fcr Kinder zu schaffen. Es freut mich, dass der Gr\u00fcffelo \u2013 und nat\u00fcrlich auch die schlaue kleine Maus \u2013 erneut Speyer besuchen und ich kann die Ausstellung allen Familien w\u00e4rmstens empfehlen\u201c, betont Familien- und Kulturministerin Katharina Binz.<\/p>\n\n\n\n<p>Zu Kreativit\u00e4t und Interaktion laden auch in der \u00fcberarbeiteten Gr\u00fcffelo-Schau zahlreiche Mitmachstationen ein. Neben der beliebten Gr\u00fcffelo-K\u00fcche gibt es ein Schattentheater, Tiermasken zum Verkleiden, H\u00f6rstationen und eine geheimnisvolle H\u00f6hle. Als Erweiterung erwartet das Publikum zudem eine Waldwunderkammer und eine Leselounge, die Erwachsene zum Vorlesen und Kinder zum Tr\u00e4umen einl\u00e4dt. \u201eF\u00fcr uns ist die Lesef\u00f6rderung seit Jahren ein wichtiges Anliegen, das wir auch mit unseren Ausstellungen verfolgen. Wir wollen ins Bewusstsein rufen, wie wichtig es f\u00fcr Kinder ist, regelm\u00e4\u00dfig vorgelesen zu bekommen\u201c, so Museumsdirektor Alexander Schubert. Ebenfalls neu in der Ausstellung sind eine Station mit einem speziell f\u00fcr die Schau entwickeltem Kartenspiel, ein Puzzle mit Tierspuren und ein Schneeflocken-Suchspiel.<\/p>\n\n\n<div class=\"wp-block-image\">\n<figure class=\"aligncenter size-full\"><img decoding=\"async\" loading=\"lazy\" width=\"800\" height=\"537\" src=\"https:\/\/speyer24news.com\/wp-content\/uploads\/2022\/12\/Grueffelo_Vorlesen.jpg\" alt=\"\" class=\"wp-image-50604\" srcset=\"https:\/\/speyer24news.com\/wp-content\/uploads\/2022\/12\/Grueffelo_Vorlesen.jpg 800w, https:\/\/speyer24news.com\/wp-content\/uploads\/2022\/12\/Grueffelo_Vorlesen-300x201.jpg 300w, https:\/\/speyer24news.com\/wp-content\/uploads\/2022\/12\/Grueffelo_Vorlesen-768x516.jpg 768w\" sizes=\"(max-width: 800px) 100vw, 800px\" \/><\/figure><\/div>\n\n\n<p>Im G\u00e4stebuch der vergangenen Schau hinterlie\u00dfen die Besucherinnen und Besucher Eintr\u00e4ge wie: \u201eMega s\u00fc\u00dfe und unglaublich kreative Ausstellung f\u00fcr Kinder wie auch f\u00fcr Erwachsene. Perfektes Ausflugsziel! Vielen Dank\u201c oder \u201eWundervollen Nachmittag in der wundervollen Ausstellung verbracht&#8220;.<\/p>\n\n\n\n<p>Das Junge Museum freut sich darauf, in der Neuauflage der Ausstellung viele Gr\u00fcffelo-Fans in Speyer begr\u00fc\u00dfen zu k\u00f6nnen und ganz besonders darauf, auch all jenen eine neue Gelegenheit zu geben, die Welt des Gr\u00fcffelo zu entdecken, die durch die coronabedingten Umst\u00e4nde in den vergangenen beiden Jahren nicht ins Historische Museum der Pfalz kommen konnten.<\/p>\n\n\n<div class=\"wp-block-image\">\n<figure class=\"aligncenter size-full\"><img decoding=\"async\" loading=\"lazy\" width=\"800\" height=\"555\" src=\"https:\/\/speyer24news.com\/wp-content\/uploads\/2022\/12\/Grueffelo_Team.jpg\" alt=\"\" class=\"wp-image-50605\" srcset=\"https:\/\/speyer24news.com\/wp-content\/uploads\/2022\/12\/Grueffelo_Team.jpg 800w, https:\/\/speyer24news.com\/wp-content\/uploads\/2022\/12\/Grueffelo_Team-300x208.jpg 300w, https:\/\/speyer24news.com\/wp-content\/uploads\/2022\/12\/Grueffelo_Team-768x533.jpg 768w\" sizes=\"(max-width: 800px) 100vw, 800px\" \/><\/figure><\/div>\n\n\n<h4 class=\"wp-block-heading\">Aktuelle Informationen unter\u00a0<a href=\"https:\/\/deref-web.de\/mail\/client\/u6l21xwv_Gk\/dereferrer\/?redirectUrl=http%3A%2F%2Fwww.grueffelo-ausstellung.de\" target=\"_blank\" rel=\"noreferrer noopener\">www.grueffelo-ausstellung.de<\/a><\/h4>\n\n\n\n<p><em>Historisches Museum der Pfalz Speyer<br>08.12.2022<\/em><\/p>\n\n\n\n<h2 class=\"wp-block-heading\">Museum Speyer an Heiligabend und Silvester ge\u00f6ffnet<\/h2>\n\n\n\n<h3 class=\"wp-block-heading\">Spannende Ausstellungen und Geschenkideen zum Fest<\/h3>\n\n\n<div class=\"wp-block-image\">\n<figure class=\"alignleft size-full\"><img decoding=\"async\" loading=\"lazy\" width=\"500\" height=\"333\" src=\"https:\/\/speyer24news.com\/wp-content\/uploads\/2022\/12\/Paket_6.jpg\" alt=\"\" class=\"wp-image-50577\" srcset=\"https:\/\/speyer24news.com\/wp-content\/uploads\/2022\/12\/Paket_6.jpg 500w, https:\/\/speyer24news.com\/wp-content\/uploads\/2022\/12\/Paket_6-300x200.jpg 300w\" sizes=\"(max-width: 500px) 100vw, 500px\" \/><\/figure><\/div>\n\n\n<p>An den Fest- und Feiertagen ist das Historische Museum der Pfalz in Speyer f\u00fcr Besucherinnern und Besucher ge\u00f6ffnet und bietet mit seinem vielseitigen Ausstellungsprogramm spannende Unterhaltung f\u00fcr alle gro\u00dfen und kleinen G\u00e4ste. In der gerade er\u00f6ffneten Schau \u201eDer Gr\u00fcffelo kommt zur\u00fcck\u201c wird die Geschichte vom schauerlichen Monster mit einer giftigen Warze auf der Nase und Stacheln am R\u00fccken und der schlauen und mutigen Maus in einer fantasievollen Ausstellungsinszenierung nacherz\u00e4hlt. Verschiedene Vermittlungsstationen entlang des Ausstellungsparcours laden die kleinen Besucher zum Verkleiden, Anfassen, Ausprobieren und Mitmachen ein. Am Ende des Ausstellungrundgangs begegnen sie dem Gr\u00fcffelokind. Autorin Julia Donaldson und Zeichner Axel Scheffler werden im Eingangsbereich der Ausstellung vorgestellt.<\/p>\n\n\n<div class=\"wp-block-image\">\n<figure class=\"alignright size-full\"><img decoding=\"async\" loading=\"lazy\" width=\"500\" height=\"333\" src=\"https:\/\/speyer24news.com\/wp-content\/uploads\/2022\/12\/Paket_5.jpg\" alt=\"\" class=\"wp-image-50578\" srcset=\"https:\/\/speyer24news.com\/wp-content\/uploads\/2022\/12\/Paket_5.jpg 500w, https:\/\/speyer24news.com\/wp-content\/uploads\/2022\/12\/Paket_5-300x200.jpg 300w\" sizes=\"(max-width: 500px) 100vw, 500px\" \/><\/figure><\/div>\n\n\n<p>Wer zum Weihnachtsfest ein Kulturerlebnis verschenken m\u00f6chte, erh\u00e4lt im Historischen Museum der Pfalz Pakete zur Landesausstellung \u201eDie Habsburger im Mittelalter\u201c, dem neuen Dom- und Di\u00f6zesanmuseum sowie der verl\u00e4ngerten Ausstellung \u201eRendezvous. Das Milit\u00e4r in der Pfalz 1945-1999\u201c, die neben Eintrittskarten auch mit Katalog, Wein und Pl\u00e4tzchenausstecher gepackt sind. Erh\u00e4ltlich sind auch P\u00e4ckchen f\u00fcr kleine Gr\u00fcffelo-Fans, die neben Eintrittskarten f\u00fcr die Familienausstellung ein Pl\u00fcschtier, eine Malrolle oder ein Spiel- und Bastelbuch beinhalten. Die meisten Geschenksets sind sowohl an unserer Museumskasse als auch \u00fcber den Online-Shop \u00fcber&nbsp;<a href=\"https:\/\/deref-web.de\/mail\/client\/vcIvjOUlHac\/dereferrer\/?redirectUrl=http%3A%2F%2Fwww.tickets.museum.speyer.de\" target=\"_blank\" rel=\"noreferrer noopener\">www.tickets.museum.speyer.de<\/a>&nbsp;zu beziehen. Der Museumsshop ist wie das Museum dienstags bis sonntags von 10 bis 18 Uhr ge\u00f6ffnet, das gilt auch f\u00fcr die Adventssonntage.<\/p>\n\n\n<div class=\"wp-block-image\">\n<figure class=\"aligncenter size-full\"><img decoding=\"async\" loading=\"lazy\" width=\"500\" height=\"333\" src=\"https:\/\/speyer24news.com\/wp-content\/uploads\/2022\/12\/Paket_7.jpg\" alt=\"\" class=\"wp-image-50579\" srcset=\"https:\/\/speyer24news.com\/wp-content\/uploads\/2022\/12\/Paket_7.jpg 500w, https:\/\/speyer24news.com\/wp-content\/uploads\/2022\/12\/Paket_7-300x200.jpg 300w\" sizes=\"(max-width: 500px) 100vw, 500px\" \/><\/figure><\/div>\n\n\n<p>Die Sonder\u00f6ffnungszeiten gelten f\u00fcr Samstag, 24. Dezember von 10 bis 14 Uhr und Silvester von 10 bis 16 Uhr. An allen anderen Tagen, auch an den Weihnachtsfeiertagen und an Neujahr, ist das Haus regul\u00e4r von 10 bis 18 Uhr ge\u00f6ffnet.<\/p>\n\n\n\n<p><em>Historisches Museum der Pfalz Speyer<br>06.12.2022<\/em><\/p>\n\n\n\n<h2 class=\"wp-block-heading\">Aus Trauben gemacht &#8211; Der Wein zur Landesausstellung \u201eDie Habsburger im Mittelalter\u201c in Speyer<\/h2>\n\n\n<div class=\"wp-block-image\">\n<figure class=\"aligncenter size-full\"><img decoding=\"async\" loading=\"lazy\" width=\"600\" height=\"600\" src=\"https:\/\/speyer24news.com\/wp-content\/uploads\/2022\/12\/Habsburger-Produkte_c_HMPSPEYER_Foto_Julia_Paul__7__HP.jpg\" alt=\"\" class=\"wp-image-50576\" srcset=\"https:\/\/speyer24news.com\/wp-content\/uploads\/2022\/12\/Habsburger-Produkte_c_HMPSPEYER_Foto_Julia_Paul__7__HP.jpg 600w, https:\/\/speyer24news.com\/wp-content\/uploads\/2022\/12\/Habsburger-Produkte_c_HMPSPEYER_Foto_Julia_Paul__7__HP-300x300.jpg 300w, https:\/\/speyer24news.com\/wp-content\/uploads\/2022\/12\/Habsburger-Produkte_c_HMPSPEYER_Foto_Julia_Paul__7__HP-150x150.jpg 150w\" sizes=\"(max-width: 600px) 100vw, 600px\" \/><\/figure><\/div>\n\n\n<p>Zur Landesausstellung \u201eDie Habsburger im Mittelalter. Aufstieg einer Dynastie\u201c hat das Historische Museum der Pfalz eine Kooperation mit dem Winzerverein Deidesheim geschlossen. Drei Sondereditionen, ein 2020er Sp\u00e4tburgunder, ein Bio-Cuv\u00e9e aus Riesling und Gew\u00fcrztraminer sowie ein feinfruchtiger Rieslingsekt mit einem Etikett im Ausstellungsdesign sind das Ergebnis der Zusammenarbeit.<\/p>\n\n\n\n<p>\u201eRiesling, Gew\u00fcrztraminer und Sp\u00e4tburgunder diese Rebsorten die wir als Begleiter zur Habsburgs Ausstellung ausgew\u00e4hlt hatten, wurden bereits Ende des Mittelalters in der Pfalz angebaut. Wir freuen uns mit diesen edlen Weinen aus Deidesheim die gro\u00dfe Landesausstellung der Habsburger zu begleiten. Die herausragende Bedeutung von Speyer und seinem Kaiserdom als eines der geistigen und kulturellen Zentren des Heiligen R\u00f6mischen Reiches ist auch unmittelbar mit unserer gro\u00dfartigen Weinbau Tradition verbunden.\u201c erkl\u00e4rt Steven K\u00e4rgel, Gesch\u00e4ftsf\u00fchrer des Winzervereins Deidesheim.<\/p>\n\n\n\n<p>Museumsdirektor Alexander Schubert freut sich \u00fcber die edlen Tropfen zur Landesausstellung und berichtet von einer Anekdote aus dem Mittelalter: \u201eZur Zeit K\u00f6nig Rudolfs von Habsburg&nbsp;lagen die Speyerer Ratsherren immer wieder im Streit mit der Geistlichkeit, da diese eigenm\u00e4chtig guten und billigen Wein ausschenkte und so der Stadt die auf den Wein f\u00e4lligen Abgaben entgingen. Das ganze gipfelte in einem regelrechten Krieg mit gegenseitigen Raubz\u00fcgen und Zerst\u00f6rungen. Erst ein Machtwort des Habsburger K\u00f6nigs beendete den Speyerer Krieg um den Wein\u201c. Ganz anders als damals stehe der Wein in der Pfalz heute nur noch f\u00fcr Genuss und Geselligkeit und runde die Ausstellung perfekt ab, so Schubert.&nbsp;&nbsp;&nbsp;&nbsp;&nbsp;<\/p>\n\n\n\n<p>Die Pfalz ist das zweitgr\u00f6\u00dfte deutsche Weinanbaugebiet. Der Winzerverein Deidesheim bewirtschaftet eine Weinbergfl\u00e4che von circa 165 Hektar in renommierten Weinlagen rund um Deidesheim, Forst und Ruppertsberg. Er ist der \u00e4lteste Winzerverein der Pfalz und Genossenschaft mit Weinguts-Charakter. Gemeinsam mit den Mitgliedsbetrieben werden circa 1,5 Millionen Liter Wein pro Jahr erzeugt, die ausschlie\u00dflich als Flaschenwein oder Sekt vermarktet werden und immer wieder hohe Auszeichnungen erhalten.<\/p>\n\n\n\n<p>Die Weine zur Landesausstellung sind im Museumsshop zum Preis von je 9,90 Euro und der feinfruchtige Rieslingsekt f\u00fcr 10,90 Euro erh\u00e4ltlich.<\/p>\n\n\n\n<p>Die Landesausstellung \u201eDie Habsburger im Mittelalter\u201c ist noch bis zum 16. April im Historischen Museum der Pfalz zu sehen. Das Museum ist dienstags bis sonntags von 10 bis 18 Uhr ge\u00f6ffnet. In den rheinland-pf\u00e4lzischen, baden-w\u00fcrttembergischen und hessischen Schulferien ist die Ausstellung auch montags ge\u00f6ffnet.<\/p>\n\n\n\n<figure class=\"wp-block-embed is-type-video is-provider-youtube wp-block-embed-youtube wp-embed-aspect-16-9 wp-has-aspect-ratio\"><div class=\"wp-block-embed__wrapper\">\n<iframe loading=\"lazy\" title=\"Kleine Weinprobe und Vorstellung zweier Exponate im &quot;Historischen Museum der Pfalz&quot; in Speyer.\" width=\"500\" height=\"281\" src=\"https:\/\/www.youtube.com\/embed\/OBLCPmSpLxo?feature=oembed\" frameborder=\"0\" allow=\"accelerometer; autoplay; clipboard-write; encrypted-media; gyroscope; picture-in-picture\" allowfullscreen><\/iframe>\n<\/div><\/figure>\n\n\n\n<h4 class=\"wp-block-heading\">Weitere Informationen unter&nbsp;<a href=\"https:\/\/deref-web.de\/mail\/client\/9Eqp3zqMvew\/dereferrer\/?redirectUrl=http%3A%2F%2Fwww.winzervereindeidesheim.de\" target=\"_blank\" rel=\"noreferrer noopener\">www.winzervereindeidesheim.de<\/a>&nbsp;und zur Landesausstellung \u201eDie Habsburger im Mittelalter\u201c unter&nbsp;<a href=\"https:\/\/deref-web.de\/mail\/client\/doQBjAQb4-U\/dereferrer\/?redirectUrl=http%3A%2F%2Fwww.habsburger-ausstellung.de\" target=\"_blank\" rel=\"noreferrer noopener\">www.habsburger-ausstellung.de<\/a><\/h4>\n\n\n\n<p><em>Historisches Museum der Pfalz Speyer<br>30.11.2022<\/em><\/p>\n\n\n\n<h2 class=\"wp-block-heading\">Treffpunkt f\u00fcr Zeitzeugen &#8211; Rendezvous-Ausstellung in Speyer bis 2. April 2023 verl\u00e4ngert<\/h2>\n\n\n<div class=\"wp-block-image\">\n<figure class=\"aligncenter size-full\"><img decoding=\"async\" loading=\"lazy\" width=\"800\" height=\"532\" src=\"https:\/\/speyer24news.com\/wp-content\/uploads\/2022\/12\/Blick-in-die-Ausstellung-1.jpg\" alt=\"\" class=\"wp-image-50574\" srcset=\"https:\/\/speyer24news.com\/wp-content\/uploads\/2022\/12\/Blick-in-die-Ausstellung-1.jpg 800w, https:\/\/speyer24news.com\/wp-content\/uploads\/2022\/12\/Blick-in-die-Ausstellung-1-300x200.jpg 300w, https:\/\/speyer24news.com\/wp-content\/uploads\/2022\/12\/Blick-in-die-Ausstellung-1-768x511.jpg 768w\" sizes=\"(max-width: 800px) 100vw, 800px\" \/><\/figure><\/div>\n\n\n<p>Die Ausstellung \u201eRendezvous. Frankreichs Milit\u00e4r in der Pfalz 1945-1999\u201c im Historischen Museum der Pfalz erz\u00e4hlt anhand zahlreicher Bilder und Exponate von der deutsch-franz\u00f6sischen Nachkriegsgeschichte und dem Beginn einer bis heute w\u00e4hrenden Freundschaft. In den vergangenen Monaten wurde die Ausstellung immer wieder zum Treffpunkt f\u00fcr Zeitzeugen. Nun wird die Schau abermals verl\u00e4ngert und ist noch bis zum 2. April 2023 in Speyer zu sehen.<\/p>\n\n\n\n<p>Auf rund 230 Quadratmetern vereint die Schau Fotodokumente und Exponate der Erinnerungskultur aus privaten und \u00f6ffentlichen Sammlungen in Deutschland und Frankreich. Wandbanner, digitalisierte Karten und Kurzfilme beleuchten unterschiedliche Facetten der deutsch-franz\u00f6sischen Vergangenheit. War das Verh\u00e4ltnis am Ende des Zweiten Weltkriegs noch stark belastet, kam es im Laufe der Zeit zu einer schrittweisen Auss\u00f6hnung zwischen den franz\u00f6sischen Streitkr\u00e4ften und der deutschen Bev\u00f6lkerung. \u201eDas gro\u00dfe Wandbild mit dem Blick auf die Kaserne, der Jeep und das Gendamerie-Schild vermitteln mir das Gef\u00fchl, die Stadt meiner Kindheit zu betreten\u201c, sagte Dominique Gandit als sie nach 53 Jahren noch einmal Speyer besuchte, wo sie ihre Kindheit als Tochter eines franz\u00f6sischen Berufsoffiziers verbrachte. Ihre Familie z\u00e4hlt zu den Zeitzeugen, die der Ausstellung pers\u00f6nliche Erinnerungsst\u00fccke zur Verf\u00fcgung stellten. W\u00e4hrend der Laufzeit wurde die Schau stetig erweitert wie durch die Uniform von Pascal Herbin, der 1973 als Soldat nach Speyer kam und in der Domstadt seine Ehefrau fand.<\/p>\n\n\n<div class=\"wp-block-image\">\n<figure class=\"aligncenter size-full\"><img decoding=\"async\" loading=\"lazy\" width=\"800\" height=\"544\" src=\"https:\/\/speyer24news.com\/wp-content\/uploads\/2022\/12\/Blick-in-die-Ausstellung-3.jpg\" alt=\"\" class=\"wp-image-50575\" srcset=\"https:\/\/speyer24news.com\/wp-content\/uploads\/2022\/12\/Blick-in-die-Ausstellung-3.jpg 800w, https:\/\/speyer24news.com\/wp-content\/uploads\/2022\/12\/Blick-in-die-Ausstellung-3-300x204.jpg 300w, https:\/\/speyer24news.com\/wp-content\/uploads\/2022\/12\/Blick-in-die-Ausstellung-3-768x522.jpg 768w\" sizes=\"(max-width: 800px) 100vw, 800px\" \/><\/figure><\/div>\n\n\n<p>Die Eintr\u00e4ge im Besucherbuch und die ungebrochene Nachfrage nach der Handreichung f\u00fcr franz\u00f6sischsprachige Besucherinnen und Besucher haben gezeigt, dass die Ausstellung weiterhin \u00fcber die Grenzen der Pfalz auch bei den franz\u00f6sischen Nachbarn auf sehr gute Resonanz st\u00f6\u00dft.<\/p>\n\n\n\n<p>H\u00f6rbeitr\u00e4ge von Franzosen und Deutschen erg\u00e4nzen die Schau und machen den Besuch f\u00fcr alle Generationen zu einem eindr\u00fccklichen Erlebnis.<\/p>\n\n\n\n<p>Zur Ausstellung und dar\u00fcber hinaus ist das gleichnamige Katalogbuch von Professor Christian F\u00fchrer erschienen: \u201eRendezvous. Frankreichs Milit\u00e4r in der Pfalz 1945-1999\u201c. Das Buch ist im Buchhandel oder direkt im Museum erh\u00e4ltlich. Bestellungen nimmt das Museum unter der E-Mail <a href=\"mailto:ausstellungsbuero@museum.speyer.de\">ausstellungsbuero@museum.speyer.de<\/a> entgegen.<\/p>\n\n\n\n<h4 class=\"wp-block-heading\">Die Ausstellung ist dienstags bis sonntags von 10 bis 18 Uhr ge\u00f6ffnet. Informationen zu Sonder\u00f6ffnungszeiten, Eintrittspreisen und F\u00fchrungen unter&nbsp;<a href=\"https:\/\/deref-web.de\/mail\/client\/O8hjddZLn4E\/dereferrer\/?redirectUrl=http%3A%2F%2Fwww.museum.speyer.de\" target=\"_blank\" rel=\"noreferrer noopener\">www.museum.speyer.de<\/a><\/h4>\n\n\n\n<p><em>Historisches Museum der Pfalz Speyer<br>10.11.2022<\/em><\/p>\n\n\n\n<h2 class=\"wp-block-heading\">Die Habsburger im Mittelalter &#8211; Aufstieg einer Dynastie vom 16. Oktober 2022 bis 16. April 2023<\/h2>\n\n\n<div class=\"wp-block-image\">\n<figure class=\"aligncenter size-full\"><img decoding=\"async\" loading=\"lazy\" width=\"500\" height=\"707\" src=\"https:\/\/speyer24news.com\/wp-content\/uploads\/2022\/12\/Habsburger_Plakatmotiv.jpg\" alt=\"\" class=\"wp-image-50568\" srcset=\"https:\/\/speyer24news.com\/wp-content\/uploads\/2022\/12\/Habsburger_Plakatmotiv.jpg 500w, https:\/\/speyer24news.com\/wp-content\/uploads\/2022\/12\/Habsburger_Plakatmotiv-212x300.jpg 212w\" sizes=\"(max-width: 500px) 100vw, 500px\" \/><\/figure><\/div>\n\n\n<p>Erstmals pr\u00e4sentiert eine umfassende <strong>kulturhistorische Schau die fr\u00fchen Habsburger<\/strong> von der Thronbesteigung K\u00f6nig Rudolfs I. im Jahr 1273 bis zur Herrschaft Kaiser Maximilians I. zu Beginn des 16. Jahrhunderts. \u00dcber sieben Jahrhunderte hinweg pr\u00e4gten die Habsburger die Geschichte Europas: Im 13. Jahrhundert betraten sie die gro\u00dfe politische B\u00fchne und verlie\u00dfen sie erst mit dem Ende der Monarchie 1918 wieder.<br>Vom 16. Oktober 2022 bis zum 16. April 2023 pr\u00e4sentiert das Historische Museum der Pfalz die gro\u00dfe kulturhistorische Schau \u201eDie Habsburger im Mittelalter. Aufstieg einer Dynastie\u201c. Speyer ist dabei als Ausstellungsort untrennbar mit der Geschichte der fr\u00fchen Habsburger verbunden, so sind die ersten Habsburger-K\u00f6nige Rudolf I. und Albrecht I. im Dom zu Speyer beigesetzt. Die Sonderausstellung hat den Rang einer Landesausstellung und steht unter der Schirmherrschaft der Ministerpr\u00e4sidentin des Landes Rheinland-Pfalz, Malu Dreyer. Seine SKKH Erzherzog Karl von Habsburg-Lothringen hat das Patronat der Ausstellung \u00fcbernommen.<\/p>\n\n\n<div class=\"wp-block-image\">\n<figure class=\"aligncenter size-full\"><img decoding=\"async\" loading=\"lazy\" width=\"500\" height=\"699\" src=\"https:\/\/speyer24news.com\/wp-content\/uploads\/2022\/12\/Goldene_Bulle.jpg\" alt=\"\" class=\"wp-image-50570\" srcset=\"https:\/\/speyer24news.com\/wp-content\/uploads\/2022\/12\/Goldene_Bulle.jpg 500w, https:\/\/speyer24news.com\/wp-content\/uploads\/2022\/12\/Goldene_Bulle-215x300.jpg 215w\" sizes=\"(max-width: 500px) 100vw, 500px\" \/><figcaption class=\"wp-element-caption\">Die goldene Bulle ist eine der vielen seltenen Leihgaben.<\/figcaption><\/figure><\/div>\n\n\n<p>In <strong>drei gro\u00dfen Kapiteln<\/strong> widmet sich die Ausstellung den Anf\u00e4ngen der habsburgischen Herrschaft. Durch seinen Aufstieg vom Graf zum K\u00f6nig des Heiligen R\u00f6mischen Reiches gilt Rudolf I. heute als Stammvater der Herrscherdynastie. Der erste Teil der Ausstellung berichtet von dem erbitterten Kampf um die Krone und davon, wie die Habsburger im 14. Jahrhundert unterlagen und die Macht an ihre Gegenspieler abgeben mussten. Von der Zeit im <strong>\u201eSchatten des Thrones\u201c<\/strong> erz\u00e4hlt das zweite Kapitel. Die Besucherinnen und Besucher verfolgen, wie die Habsburger geschickt im Hintergrund agierten und ihre Landesherrschaft mit Hilfe von Erbvertr\u00e4gen und Heiratspolitik ausbauten. In dieser Zeit schufen die Habsburger f\u00fcr sich selbst den Titel des \u201eErzherzogs\u201c und unterstrichen damit ihren Machtanspruch und ihr Selbstverst\u00e4ndnis.<br>Der dritte Themenblock widmet sich der <strong>\u201eR\u00fcckkehr auf den Thron\u201c<\/strong> und dem <strong>\u201eAufstieg zum Kaiserhaus\u201c<\/strong>. Mit der Kaiserw\u00fcrde und der Verm\u00e4hlung Maximilians I. mit Maria von Burgund kamen die Habsburger im fr\u00fchen 16. Jahrhundert schlie\u00dflich an der Spitze der Macht in Europa an. Auch das h\u00f6fische, ritterliche Leben erreichte in dieser Phase seinen letzten H\u00f6hepunkt.<\/p>\n\n\n<div class=\"wp-block-image\">\n<figure class=\"aligncenter size-full\"><img decoding=\"async\" loading=\"lazy\" width=\"600\" height=\"596\" src=\"https:\/\/speyer24news.com\/wp-content\/uploads\/2022\/12\/Privilegium_maius.jpg\" alt=\"\" class=\"wp-image-50571\" srcset=\"https:\/\/speyer24news.com\/wp-content\/uploads\/2022\/12\/Privilegium_maius.jpg 600w, https:\/\/speyer24news.com\/wp-content\/uploads\/2022\/12\/Privilegium_maius-300x298.jpg 300w, https:\/\/speyer24news.com\/wp-content\/uploads\/2022\/12\/Privilegium_maius-150x150.jpg 150w\" sizes=\"(max-width: 600px) 100vw, 600px\" \/><figcaption class=\"wp-element-caption\">Privilegium maius<\/figcaption><\/figure><\/div>\n\n\n<p>Unter den Leihgebern sind Museen, Kl\u00f6ster und Bibliotheken aus der Schweiz, \u00d6sterreich, Frankreich und Deutschland. Sie leihen ihre Preziosen, arch\u00e4ologische Funde oder kostbaren Handschriften auf Zeit nach Speyer aus.<br>Zu den einzigartigen Leihgaben, die erstmals zusammen in einer Ausstellung zu sehen sind, geh\u00f6ren der Tiroler Erzherzogshut, die \u201eGoldene Bulle\u201c, die zum Weltdokumentenerbe z\u00e4hlt, fig\u00fcrliche Bauelemente des Stephansdom in Wien oder auch das bedeutende Kettenhemd Leopolds III. aus Luzern. Zu den ber\u00fchmtesten Schriften in der Ausstellung z\u00e4hlt das \u201ePrivilegium maius\u201c aus dem \u00d6sterreichischen Staatsarchiv.<br>Aus dem Salzburg Museum werden verschiedene Bauteile, zu sehen sein, die Maximilian I.,f\u00fcr das nie vollendete Denkmal im Speyerer Dom in Auftrag gab.<\/p>\n\n\n<div class=\"wp-block-image\">\n<figure class=\"aligncenter size-full\"><img decoding=\"async\" loading=\"lazy\" width=\"800\" height=\"533\" src=\"https:\/\/speyer24news.com\/wp-content\/uploads\/2022\/12\/BlickInDieAusstellung-2.jpg\" alt=\"\" class=\"wp-image-50572\" srcset=\"https:\/\/speyer24news.com\/wp-content\/uploads\/2022\/12\/BlickInDieAusstellung-2.jpg 800w, https:\/\/speyer24news.com\/wp-content\/uploads\/2022\/12\/BlickInDieAusstellung-2-300x200.jpg 300w, https:\/\/speyer24news.com\/wp-content\/uploads\/2022\/12\/BlickInDieAusstellung-2-768x512.jpg 768w\" sizes=\"(max-width: 800px) 100vw, 800px\" \/><\/figure><\/div>\n\n\n<p>Die erhaltenen Statuen geben einen Eindruck von der Monumentalit\u00e4t des vorgesehenen Werkes und werden in der Ausstellung virtuell erg\u00e4nzt.<br>Zu den Objekten aus dem Kunsthistorischen Museum Wien z\u00e4hlen ein reich verzierter Olifant, den Herzog Albrecht III. im Jahr 1199 dem habsburgischen Hauskloster Muri in der Schweiz stiftete und auch ein Stechzeug Maximilians I., eine besondere Form der Ritterr\u00fcstung, die seinem Beinamen als \u201eder letzte Ritter\u201c Rechnung tr\u00e4gt.<br>Aus dem Benedektinerstift St. Paul im Lavanttal in \u00d6sterreich werden kunsthistorisch bedeutsame Handschriften ebenso nach Speyer ausgeliehen, wie ein pr\u00e4chtiger Chormantel aus dem ehemaligen Kloster Sankt Blasien.<\/p>\n\n\n<div class=\"wp-block-image\">\n<figure class=\"aligncenter size-full\"><img decoding=\"async\" loading=\"lazy\" width=\"800\" height=\"533\" src=\"https:\/\/speyer24news.com\/wp-content\/uploads\/2022\/12\/BlickInDieAusstellung.jpg\" alt=\"\" class=\"wp-image-50573\" srcset=\"https:\/\/speyer24news.com\/wp-content\/uploads\/2022\/12\/BlickInDieAusstellung.jpg 800w, https:\/\/speyer24news.com\/wp-content\/uploads\/2022\/12\/BlickInDieAusstellung-300x200.jpg 300w, https:\/\/speyer24news.com\/wp-content\/uploads\/2022\/12\/BlickInDieAusstellung-768x512.jpg 768w\" sizes=\"(max-width: 800px) 100vw, 800px\" \/><\/figure><\/div>\n\n\n<p>Begleitend zur Ausstellung erscheint bei der Wissenschaftlichen Buchgesellschaft Darmstadt, wbg Theiss, eine umfangreiche und reich bebilderte Publikation mit Beitr\u00e4gen namhafter Wissenschaftlerinnen und Wissenschaftler.<\/p>\n\n\n\n<h4 class=\"wp-block-heading\">Weitere Informationen unter <a href=\"http:\/\/www.habsburger-ausstellung.de\" title=\"\">www.habsburger-ausstellung.de<\/a><\/h4>\n\n\n\n<p><em>Historisches Museum der Pfalz Speyer<br>13.10.2022<\/em><\/p>\n","protected":false},"excerpt":{"rendered":"<div class=\"mh-excerpt\"><p>Historisches Museum der Pfalz Speyer Der Gr\u00fcffelo kommt zur\u00fcck Ausstellungsstart am 11. Dezember im Historischen Museum der Pfalz in Speyer Zum 65. Geburtstag von Axel Scheffler, dem preisgekr\u00f6nten Illustrator und Zeichner des Gr\u00fcffelo, startet am <a class=\"mh-excerpt-more\" href=\"https:\/\/speyer24news.com\/?p=50567\" title=\"Historisches Museum der Pfalz Speyer\">[&#8230;]<\/a><\/p>\n<\/div>","protected":false},"author":3,"featured_media":31878,"comment_status":"open","ping_status":"open","sticky":false,"template":"","format":"standard","meta":{"_monsterinsights_skip_tracking":false,"_monsterinsights_sitenote_active":false,"_monsterinsights_sitenote_note":"","_monsterinsights_sitenote_category":0,"footnotes":""},"categories":[14],"tags":[3156,1865,6133,15676,15671,5020,861,1191,540,15672,6,15675],"aioseo_notices":[],"amp_enabled":true,"_links":{"self":[{"href":"https:\/\/speyer24news.com\/index.php?rest_route=\/wp\/v2\/posts\/50567"}],"collection":[{"href":"https:\/\/speyer24news.com\/index.php?rest_route=\/wp\/v2\/posts"}],"about":[{"href":"https:\/\/speyer24news.com\/index.php?rest_route=\/wp\/v2\/types\/post"}],"author":[{"embeddable":true,"href":"https:\/\/speyer24news.com\/index.php?rest_route=\/wp\/v2\/users\/3"}],"replies":[{"embeddable":true,"href":"https:\/\/speyer24news.com\/index.php?rest_route=%2Fwp%2Fv2%2Fcomments&post=50567"}],"version-history":[{"count":2,"href":"https:\/\/speyer24news.com\/index.php?rest_route=\/wp\/v2\/posts\/50567\/revisions"}],"predecessor-version":[{"id":50606,"href":"https:\/\/speyer24news.com\/index.php?rest_route=\/wp\/v2\/posts\/50567\/revisions\/50606"}],"wp:featuredmedia":[{"embeddable":true,"href":"https:\/\/speyer24news.com\/index.php?rest_route=\/wp\/v2\/media\/31878"}],"wp:attachment":[{"href":"https:\/\/speyer24news.com\/index.php?rest_route=%2Fwp%2Fv2%2Fmedia&parent=50567"}],"wp:term":[{"taxonomy":"category","embeddable":true,"href":"https:\/\/speyer24news.com\/index.php?rest_route=%2Fwp%2Fv2%2Fcategories&post=50567"},{"taxonomy":"post_tag","embeddable":true,"href":"https:\/\/speyer24news.com\/index.php?rest_route=%2Fwp%2Fv2%2Ftags&post=50567"}],"curies":[{"name":"wp","href":"https:\/\/api.w.org\/{rel}","templated":true}]}}