{"id":50593,"date":"2022-12-22T07:09:07","date_gmt":"2022-12-22T06:09:07","guid":{"rendered":"https:\/\/speyer24news.com\/?p=50593"},"modified":"2022-12-22T07:20:54","modified_gmt":"2022-12-22T06:20:54","slug":"polizeimeldungen-mittwoch-21-12-2022","status":"publish","type":"post","link":"https:\/\/speyer24news.com\/?p=50593","title":{"rendered":"Polizeimeldungen Mittwoch (21.12.2022)"},"content":{"rendered":"<style type=\"text\/css\">\r\n\t.ads_top_disp{}\r\n\t.ads_top_corner_disp{ float:left; margin:0px 10px 10px 0px; }\r\n\t.ads_first_p_disp{}\r\n\t.ads_bottom_disp{}\r\n\t<\/style>\n<h2 class=\"wp-block-heading\">Polizeimeldungen vom Mittwoch (21.12.2022)<\/h2>\n\n\n<div class=\"wp-block-image\">\n<figure class=\"aligncenter size-full\"><img decoding=\"async\" loading=\"lazy\" width=\"375\" height=\"500\" src=\"https:\/\/speyer24news.com\/wp-content\/uploads\/2022\/03\/Aktuelles-Polizeilogo.jpg\" alt=\"\" class=\"wp-image-43591\" srcset=\"https:\/\/speyer24news.com\/wp-content\/uploads\/2022\/03\/Aktuelles-Polizeilogo.jpg 375w, https:\/\/speyer24news.com\/wp-content\/uploads\/2022\/03\/Aktuelles-Polizeilogo-225x300.jpg 225w\" sizes=\"(max-width: 375px) 100vw, 375px\" \/><\/figure><\/div>\n\n\n<h2 class=\"wp-block-heading\">(Speyer) &#8211; Brennende M\u00fcllcontainer verursachen Sch\u00e4den an Schule<\/h2>\n\n\n<div class=\"wp-block-image\">\n<figure class=\"aligncenter size-full\"><img decoding=\"async\" loading=\"lazy\" width=\"801\" height=\"600\" src=\"https:\/\/speyer24news.com\/wp-content\/uploads\/2020\/05\/Zeugen-gesucht-Neutral.jpg\" alt=\"\" class=\"wp-image-26598\" srcset=\"https:\/\/speyer24news.com\/wp-content\/uploads\/2020\/05\/Zeugen-gesucht-Neutral.jpg 801w, https:\/\/speyer24news.com\/wp-content\/uploads\/2020\/05\/Zeugen-gesucht-Neutral-300x225.jpg 300w, https:\/\/speyer24news.com\/wp-content\/uploads\/2020\/05\/Zeugen-gesucht-Neutral-768x575.jpg 768w, https:\/\/speyer24news.com\/wp-content\/uploads\/2020\/05\/Zeugen-gesucht-Neutral-678x509.jpg 678w, https:\/\/speyer24news.com\/wp-content\/uploads\/2020\/05\/Zeugen-gesucht-Neutral-326x245.jpg 326w, https:\/\/speyer24news.com\/wp-content\/uploads\/2020\/05\/Zeugen-gesucht-Neutral-80x60.jpg 80w\" sizes=\"(max-width: 801px) 100vw, 801px\" \/><\/figure><\/div>\n\n\n<p>Am sp\u00e4ten Dienstagabend (20.12.2022), gegen 22:30 Uhr, kam es zu einem Brand mehrerer M\u00fcllcontainer vor einer Schule in der Stra\u00dfe Im Erlich in Speyer. Durch die Hitzeentwicklung gingen mehrere Fenster des angrenzenden Schulgeb\u00e4udes zu Bruch. Die M\u00fcllcontainer konnten durch die Feuerwehr gel\u00f6scht werden. Die Gefahr eines \u00dcberspringens der Flammen auf das Geb\u00e4ude bestand nach ersten Ermittlungen nicht. Die Ursache f\u00fcr die Brandentwicklung ist Gegenstand der Ermittlungen, es ist jedoch von einer mutwilligen Inbrandsetzung durch bislang unbekannte T\u00e4ter auszugehen.<\/p>\n\n\n\n<ul>\n<li><strong>Wer hat das Geschehen beobachtet oder zur genannten Zeit im Bereich der Stra\u00dfe Im Erlich verd\u00e4chtige Personen wahrgenommen?<\/strong><\/li>\n<\/ul>\n\n\n\n<p>Sachdienliche Hinweise bitte an die Polizeiinspektion Speyer, Telefonnummer 06232 1370 oder per E-Mail&nbsp;<a href=\"mailto:pispeyer@polizei.rlp.de\">pispeyer@polizei.rlp.de<\/a>&nbsp;.<\/p>\n\n\n\n<h2 class=\"wp-block-heading\">(Speyer) &#8211; Verkehrsunfall mit Personenschaden<\/h2>\n\n\n\n<p>Am 20.12.2022 gegen 16:30 Uhr befuhr ein 47-j\u00e4hriger Fahrradfahrer ordnungsgem\u00e4\u00df den rechten Fahrradweg der Auestra\u00dfe, von der Wormser Landstra\u00dfe kommend in Richtung Franz-Kirrmeier-Stra\u00dfe. In H\u00f6he eines Supermarktes wollte ein in gleicher Richtung fahrender 29-j\u00e4higer PKW-Fahrer auf den dortigen Parkplatz einbiegen und \u00fcbersah hierbei den bevorrechtigten, weiter geradeaus fahrenden Radfahrer. Dieser konnte nicht rechtzeitig bremsen und stie\u00df mit seinem Fahrrad gegen die rechte Fahrzeugseite und st\u00fcrzte zu Boden. Der 47-J\u00e4hige verletzte sich dabei am linken Bein und wurde durch den Rettungsdienst in ein nahgelegenes Krankenhaus verbracht. Am Fahrzeug entstand ein Lackschaden an der Beifahrert\u00fcr sowie am rechten Seitenspiegel in H\u00f6he von ca. 2500EUR. Der Lenker des Rennrads wurde durch den Aufprall verbogen, Schaden ca. 200EUR.<\/p>\n\n\n\n<h2 class=\"wp-block-heading\">(Schifferstadt \/ Mutterstadt) &#8211; E-Scooter ohne Versicherungskennzeichen unterwegs<\/h2>\n\n\n\n<p>Am Dienstag wurden zwei E-Scooter-Fahrer (17 und 67 Jahre alt) erwischt, da die E-Scooter nicht \u00fcber Versicherungskennzeichen verf\u00fcgten. Der 67-J\u00e4hrige wurde gegen 09:30 Uhr in Schifferstadt in der Burgstra\u00dfe, der 17-J\u00e4hrige gegen 23:45 Uhr in Mutterstadt in der Speyerer Stra\u00dfe kontrolliert. Gegen beide M\u00e4nner wurden Ermittlungsverfahren nach dem Pflichtversicherungsgesetz eingeleitet. E-Scooter mit einer bauartbedingten H\u00f6chstgeschwindigkeit von 6-20 km\/h d\u00fcrfen nach der Elektrokleinstfahrzeuge-Verordnung auf \u00f6ffentlichen Stra\u00dfen nur in Betrieb gesetzt werden, wenn diese \u00fcber eine Versicherungsplakette verf\u00fcgen.<\/p>\n\n\n\n<h2 class=\"wp-block-heading\">(Schifferstadt) &#8211; Polizei warnt vor bekannten Betrugsmaschen<a href=\"https:\/\/www.facebook.com\/sharer.php?u=https%3A%2F%2Fwww.presseportal.de%2Fblaulicht%2Fpm%2F117688%2F5399822%2F%3Futm_source%3Dfacebook%26utm_medium%3Dsocial\"><\/a><a href=\"https:\/\/twitter.com\/intent\/tweet?text=POL-PDLU%3A%20Polizei%20warnt%20vor%20bekannten%20Betrugsmaschen&amp;url=https%3A%2F%2Fwww.presseportal.de%2Fblaulicht%2Fpm%2F117688%2F5399822%2F%3Futm_source%3Dtwitter%26utm_medium%3Dsocial&amp;hashtags=ots&amp;lang=de\"><\/a><a href=\"https:\/\/web.whatsapp.com\/send?text=POL-PDLU%3A%20Polizei%20warnt%20vor%20bekannten%20Betrugsmaschen%0A%0Ahttps%3A%2F%2Fwww.presseportal.de%2Fblaulicht%2Fpm%2F117688%2F5399822%2F%3Futm_source%3Dwhatsapp%26utm_medium%3Dsocial\"><\/a><a href=\"https:\/\/www.xing.com\/app\/user?op=share;url=https%3A%2F%2Fwww.presseportal.de%2Fblaulicht%2Fpm%2F117688%2F5399822%2F%3Futm_source%3Dxing%26utm_medium%3Dsocial\"><\/a><a href=\"http:\/\/www.linkedin.com\/shareArticle?mini=true&amp;url=https%3A%2F%2Fwww.presseportal.de%2Fblaulicht%2Fpm%2F117688%2F5399822%2F%3Futm_source%3Dlinkedin%26utm_medium%3Dsocial&amp;title=POL-PDLU%3A+Polizei+warnt+vor+bekannten+Betrugsmaschen\"><\/a><a href=\"mailto:?subject=POL-PDLU%3A%20Polizei%20warnt%20vor%20bekannten%20Betrugsmaschen&amp;body=https:\/\/www.presseportal.de\/blaulicht\/pm\/117688\/5399822\"><\/a><\/h2>\n\n\n\n<p>Bereits am 19.12.2022 erhielt ein 68-J\u00e4hriger aus dem Rhein-Pfalz-Kreis eine WhatsApp Nachricht seiner angeblichen Tochter. Wie \u00fcblich bei der Betrugsmasche gab die vermeintliche Tochter an, dass ihr Mobiltelefon defekt sei und sie nun ein anderes Handy nutze. Aus diesem Grund h\u00e4tte sich auch die Telefonnummer ge\u00e4ndert. Da sich die vermeintliche Tochter nicht in ihr Online Banking einw\u00e4hlen k\u00f6nne und sie eine Rechnung bezahlen m\u00fcsse, ben\u00f6tige sie Geld. Der 68-J\u00e4hrige \u00fcberwies ca. 2.000 Euro auf ein ausl\u00e4ndisches Konto. Da der Senior den Betrug nach der \u00dcberweisung bemerkte, konnte das \u00fcberwiesene Geld durch die Bank noch rechtzeitig zur\u00fcckgebucht werden. Eine 62-J\u00e4hrige, ebenfalls aus dem Rhein-Pfalz-Kreis, erhielt gestern eine E-Mail, welche vermeintlich von der Postbank kam. In der E-Mail wurde die Dame aufgefordert, ein neues Bankverfahren zu aktivieren und hierzu ihre Bankdaten einzugeben. Die 62-J\u00e4hrige \u00f6ffnete den Link und gab ihre Bankdaten preis. Am n\u00e4chsten Tag stellte die Gesch\u00e4digte fest, dass ca. 10.000 Euro von ihrem Konto abgebucht wurden. Es stellte sich heraus, dass es sich bei der E-Mail um eine Mail von Betr\u00fcgern handelte. <\/p>\n\n\n\n<h4 class=\"wp-block-heading\">Die Polizei r\u00e4t:<\/h4>\n\n\n\n<ul>\n<li><strong>Wenn Sie von Ihnen bekannten Personen unter einer unbekannten Nummer kontaktiert werden, speichern Sie die Nummer nicht automatisch ab.<\/strong><\/li>\n\n\n\n<li><strong>Fragen Sie bei der Ihnen bekannten Person unter der alten Nummer nach.<\/strong><\/li>\n\n\n\n<li><strong>Geld\u00fcberweisungen \u00fcber WhatsApp und andere Messenger sollten Sie immer misstrauisch machen und \u00fcberpr\u00fcft werden.<\/strong><\/li>\n\n\n\n<li><strong>Halten Sie vor \u00dcberweisungen mit der berechtigen Person pers\u00f6nlich R\u00fccksprache.<\/strong><\/li>\n\n\n\n<li><strong>Geben Sie im Internet keine pers\u00f6nlichen Daten, wie z.B. Bankdaten weiter &#8211; Wenn Sie E-Mails Ihrer Bank erhalten und aufgefordert werden, pers\u00f6nliche Daten preiszugeben, halten Sie pers\u00f6nlich R\u00fccksprache mit der Bank.<\/strong><\/li>\n<\/ul>\n\n\n\n<h2 class=\"wp-block-heading\">(R\u00f6merberg) &#8211; Beleidigung von Rettungskr\u00e4ften<\/h2>\n\n\n\n<p>Am 19.12.2022, gegen 22:45 Uhr rief ein 48-j\u00e4higer Mann mehrfach \u00fcber Notruf bei der Polizei an und beschwerte sich \u00fcber die Wartezeit eines angeforderten Rettungsdienstes. Bei zuvor get\u00e4tigten Anrufen bei der Rettungsleitstelle beleidigte er zudem die dortigen Mitarbeiter. Er gr\u00f6lte zudem lautstark in der Germersheimer Stra\u00dfe, sodass Anwohner auf ihn aufmerksam wurden und die Polizei informierten. Als der Rettungsdienst bei dem Mann eintraf beleidigte er erneut die Rettungsdienstmitarbeiter mehrfach und zeigte sich durchgehend aggressiv. Den Mann erwarten mehrere Strafverfahren.<\/p>\n\n\n\n<h2 class=\"wp-block-heading\">(Harthausen) &#8211; Brandstiftung in Grundschule<\/h2>\n\n\n<div class=\"wp-block-image\">\n<figure class=\"aligncenter size-full\"><img decoding=\"async\" loading=\"lazy\" width=\"801\" height=\"600\" src=\"https:\/\/speyer24news.com\/wp-content\/uploads\/2020\/05\/Zeugen-gesucht-Neutral.jpg\" alt=\"\" class=\"wp-image-26598\" srcset=\"https:\/\/speyer24news.com\/wp-content\/uploads\/2020\/05\/Zeugen-gesucht-Neutral.jpg 801w, https:\/\/speyer24news.com\/wp-content\/uploads\/2020\/05\/Zeugen-gesucht-Neutral-300x225.jpg 300w, https:\/\/speyer24news.com\/wp-content\/uploads\/2020\/05\/Zeugen-gesucht-Neutral-768x575.jpg 768w, https:\/\/speyer24news.com\/wp-content\/uploads\/2020\/05\/Zeugen-gesucht-Neutral-678x509.jpg 678w, https:\/\/speyer24news.com\/wp-content\/uploads\/2020\/05\/Zeugen-gesucht-Neutral-326x245.jpg 326w, https:\/\/speyer24news.com\/wp-content\/uploads\/2020\/05\/Zeugen-gesucht-Neutral-80x60.jpg 80w\" sizes=\"(max-width: 801px) 100vw, 801px\" \/><\/figure><\/div>\n\n\n<p>Zu einem Schwelbrand in einem Kellerraum der Grundschule in Harthausen kam es am Dienstagmittag (20.12.2022), zwischen 12:00 und 14:40 Uhr. Bislang unbekannten T\u00e4tern gelang es zuvor, einen brennenden Gegenstand durch ein Kellerfenster der Schule zu werfen. Gl\u00fccklicherweise konnte der Brand rechtzeitig entdeckt und durch die Feuerwehr gel\u00f6scht werden. Die zum Tatzeitpunkt im Geb\u00e4ude befindlichen Sch\u00fclerinnen, Sch\u00fcler und Lehrkr\u00e4fte blieben unverletzt. Durch das Feuer entstand ein Sachschaden von circa 200 Euro. Die Kriminalpolizei hat die Ermittlungen aufgenommen.<\/p>\n\n\n\n<ul>\n<li><strong>Wer hat die Tat beobachtet oder kann Hinweise auf die Identit\u00e4t der T\u00e4ter geben?<\/strong><\/li>\n<\/ul>\n\n\n\n<p>Sachdienliche Hinweise nimmt die Kriminalpolizei Ludwigshafen unter der Telefonnummer 0621\/963-2773 oder per E-Mail&nbsp;<a href=\"mailto:kiludwigshafen.k1.kdd@polizei.rlp.de\">kiludwigshafen.k1.kdd@polizei.rlp.de<\/a>&nbsp;entgegen.<\/p>\n\n\n\n<h2 class=\"wp-block-heading\">(Bellheim) &#8211; Quadfahrer fl\u00fcchtet nach Unfall<\/h2>\n\n\n\n<p>Am Dienstagmittag befuhr ein bislang unbekannter Quadfahrer die Landstra\u00dfe 539 in Richtung Bellheim. Aufgrund der fehlenden Beleuchtung wurde er von einem entgegenkommenden Autofahrer, der in die Stra\u00dfe &#8222;In der Fellach&#8220; abbiegen wollte, \u00fcbersehen. Es kam zu einer Kollision, nach der sich der Quadfahrer unerlaubt vom Unfallort entfernte. Das Quad war in den Farben Schwarz und Orange lackiert und der gefl\u00fcchtete Fahrer trug einen wei\u00dfen Helm. Sachdienliche Hinweise bitte an die Polizeiinspektion Germersheim unter der Telefonnummer 07274 958-0 oder per E-Mail an&nbsp;<a href=\"mailto:pigermersheim@polizei.rlp.de\">pigermersheim@polizei.rlp.de<\/a>.<\/p>\n\n\n\n<h2 class=\"wp-block-heading\">(R\u00fclzheim) &#8211; Brennender Briefkasten<\/h2>\n\n\n\n<p>Am Dienstagabend wurde die Polizeiinspektion Germersheim \u00fcber einen brennenden Briefasten in der Schulstra\u00dfe in R\u00fclzheim informiert. Der Brand konnte durch die Feuerwehr schnell gel\u00f6scht werden. Im Briefkasten wurde ein abgebrannter Feuerwerksk\u00f6rper aufgefunden. Die darin befindlichen Briefe wurden durch das Feuer teilweise vollst\u00e4ndig verbrannt. Ein entsprechendes Strafverfahren wurde eingeleitet. Sachdienliche Hinweise bitte an die Polizeiinspektion Germersheim unter der Telefonnummer 07274 958-0 oder per E-Mail an&nbsp;<a href=\"mailto:pigermersheim@polizei.rlp.de\">pigermersheim@polizei.rlp.de<\/a>.<\/p>\n\n\n\n<h2 class=\"wp-block-heading\">(Neupotz) &#8211; Alkoholisierter Radfahrer kollidiert mit PKW<\/h2>\n\n\n\n<p>Am 20.12.2022 befuhr um 17:35 Uhr ein 60-j\u00e4hriger Radfahrer die Friedhofstra\u00dfe hinter einem PKW. Als der PKW nach links in den Weidenweg abbiegen wollte und seine Fahrt verlangsamte, \u00fcberholte der Radfahrer den PKW links. Hier kam es bei dem Abbiegevorgang zur Kollision mit dem Radfahrer. In der Folge st\u00fcrzte der 60-J\u00e4hrige und verletzte sich leicht. Im Rahmen der Verkehrsunfallaufnahme wurden bei dem Radfahrer Anzeichen auf eine Alkoholbeeinflussung festgestellt. Ein Atemalkoholvortest erbrachte einen Wert von 1,1 Promille.<\/p>\n\n\n\n<h2 class=\"wp-block-heading\">(Jockgrim) &#8211; Einbruch in B\u00fcros der Verbandsgemeindeverwaltung<\/h2>\n\n\n\n<p>In der Nacht auf den 19.12.2022 verschafften sich unbekannte T\u00e4ter gewaltsam Zugang zu den B\u00fcrogeb\u00e4uden der Verbandsgemeinde in der &#8222;Unteren Buchstra\u00dfe&#8220;. Der oder die T\u00e4ter durchw\u00fchlten mehrere Schr\u00e4nke und entwendeten einen M\u00f6beltresor. Ein weiterer, gr\u00f6\u00dferer Tresor wurde in Freie gezogen und sollte mit einem in der N\u00e4he entwendeten Anh\u00e4nger abtransportiert werden. Es ist anzunehmen, dass die T\u00e4ter bei der Tat gest\u00f6rt wurden, da der Tresor auf dem Parkplatz liegend zur\u00fcckgelassen wurde. Es entstand insgesamt ein Sachschaden von ca. 20.000EUR<\/p>\n\n\n\n<h2 class=\"wp-block-heading\">(Landau) &#8211; Festnahme eines Gewaltt\u00e4ters<\/h2>\n\n\n<div class=\"wp-block-image\">\n<figure class=\"aligncenter size-full\"><img decoding=\"async\" loading=\"lazy\" width=\"800\" height=\"533\" src=\"https:\/\/speyer24news.com\/wp-content\/uploads\/2021\/10\/Festnahme-Handschellen.jpg\" alt=\"\" class=\"wp-image-41224\" srcset=\"https:\/\/speyer24news.com\/wp-content\/uploads\/2021\/10\/Festnahme-Handschellen.jpg 800w, https:\/\/speyer24news.com\/wp-content\/uploads\/2021\/10\/Festnahme-Handschellen-300x200.jpg 300w, https:\/\/speyer24news.com\/wp-content\/uploads\/2021\/10\/Festnahme-Handschellen-768x512.jpg 768w\" sizes=\"(max-width: 800px) 100vw, 800px\" \/><figcaption class=\"wp-element-caption\">Beispielbild Handschelle \/ Verhaftung, dient lediglich der Visualisierung<\/figcaption><\/figure><\/div>\n\n\n<p>Einen per Haftbefehl gesuchten 17 Jahre alten Jugendlichen erkannten Landauer Polizisten am Dienstag in der dortigen Fu\u00dfg\u00e4ngerzone. Auf den Haftbefehl angesprochen gab der Gesuchte zun\u00e4chst Kooperationsbereitschaft vor. Aufgrund erheblicher Vorstrafen in Zusammenhang mit Gewaltdelikten sollte der Jugendliche gefesselt werden. Hierbei ergriff er die Flucht. Nach kurzer Verfolgung und erneutem Festnahmeversuch wollte der Fl\u00fcchtende den Einsatzstock eines Polizisten entrei\u00dfen. Aus diesem Grund musste der Taser-Einsatz angedroht werden, was dazu f\u00fchrte, dass der Gesuchte die Widerstandshandlung einstellte und in die Jugendstrafanstalt gebracht werden konnte. Bei dem Einsatz wurden zwei Polizeibeamte leicht verletzt.<\/p>\n\n\n\n<h2 class=\"wp-block-heading\">(Edesheim) &#8211; Verkehrs\u00fcberwachung<\/h2>\n\n\n<div class=\"wp-block-image\">\n<figure class=\"aligncenter size-full\"><img decoding=\"async\" loading=\"lazy\" width=\"800\" height=\"510\" src=\"https:\/\/speyer24news.com\/wp-content\/uploads\/2022\/12\/EinbahnstrassenregelungEdesheim.jpg\" alt=\"\" class=\"wp-image-50594\" srcset=\"https:\/\/speyer24news.com\/wp-content\/uploads\/2022\/12\/EinbahnstrassenregelungEdesheim.jpg 800w, https:\/\/speyer24news.com\/wp-content\/uploads\/2022\/12\/EinbahnstrassenregelungEdesheim-300x191.jpg 300w, https:\/\/speyer24news.com\/wp-content\/uploads\/2022\/12\/EinbahnstrassenregelungEdesheim-768x490.jpg 768w\" sizes=\"(max-width: 800px) 100vw, 800px\" \/><\/figure><\/div>\n\n\n<p>Erneut wurden 10 Autofahrer mit 50 Euro verwarnt, weil sie am Mittwochmorgen (21.12.2022, zwischen 06.30 Uhr und 07.30 Uhr) die derzeit bestehende Einbahnstra\u00dfenregelung im Kirchberg missachteten und die Stra\u00dfe entgegen der neuen Regelung befuhren. Die aktuelle Verkehrsf\u00fchrung musste aufgrund der derzeitigen Baustelle in der Staatsstra\u00dfe eingerichtet werden. Wegen vermehrten B\u00fcrgerbeschwerden, verbunden mit Beleidigungen in F\u00e4kalausdr\u00fccken seitens der Autofahrer, werden die Kontrollen fortgesetzt. Entsprechende Strafverfahren wurden eingeleitet.<\/p>\n\n\n\n<h2 class=\"wp-block-heading\">(Neustadt) &#8211; Mit entstempelten Kennzeichen&#8230;<\/h2>\n\n\n\n<p>&#8230; war am 21.12.2022 um 01:05 Uhr ein 23-j\u00e4hriger aus Neustadt in der Saarlandstra\u00dfe in 67434 Neustadt\/W. unterwegs, als er einer Verkehrskontrolle unterzogen wurde. Im Rahmen dieser Kontrolle konnte durch die eingesetzten Beamten festgestellt werden, dass die an einem Ford angebrachten Kennzeichen bereits vor einem Monat entstempelt wurden und das Fahrzeug demnach Au\u00dferbetrieb gesetzt wurde. Nachvollziehbare Gr\u00fcnde f\u00fcr das weitere Nutzen des Fahrzeuges konnte der Neustadter nicht nennen. Die Fahrzeugschl\u00fcssel wurden abschlie\u00dfend pr\u00e4ventiv sichergestellt. Der 23-J\u00e4hrige muss sich nun in Strafverfahren wegen Kennzeichenmissbrauch, sowie wegen des Versto\u00dfes gegen das Pflichtversicherungsgesetz verantworten. Des Weiteren wird die zust\u00e4ndige Zulassungsstelle \u00fcber den Vorfall in Kenntnis gesetzt.<\/p>\n\n\n\n<h2 class=\"wp-block-heading\">(Ha\u00dfloch) &#8211; Tuning-Kontrolle in Ha\u00dfloch<\/h2>\n\n\n<div class=\"wp-block-image\">\n<figure class=\"aligncenter size-full\"><img decoding=\"async\" loading=\"lazy\" width=\"800\" height=\"600\" src=\"https:\/\/speyer24news.com\/wp-content\/uploads\/2022\/12\/Presse.jpg\" alt=\"\" class=\"wp-image-50595\" srcset=\"https:\/\/speyer24news.com\/wp-content\/uploads\/2022\/12\/Presse.jpg 800w, https:\/\/speyer24news.com\/wp-content\/uploads\/2022\/12\/Presse-300x225.jpg 300w, https:\/\/speyer24news.com\/wp-content\/uploads\/2022\/12\/Presse-768x576.jpg 768w, https:\/\/speyer24news.com\/wp-content\/uploads\/2022\/12\/Presse-678x509.jpg 678w, https:\/\/speyer24news.com\/wp-content\/uploads\/2022\/12\/Presse-326x245.jpg 326w, https:\/\/speyer24news.com\/wp-content\/uploads\/2022\/12\/Presse-80x60.jpg 80w\" sizes=\"(max-width: 800px) 100vw, 800px\" \/><\/figure><\/div>\n\n\n<p>Bei einer Kontrolle eines Pkw aus der sogenannten Tuning-Szene konnten am sp\u00e4ten Mittwochnachmittag in einem Ha\u00dflocher Industriegebiet mehrere Verst\u00f6\u00dfe festgestellt werden, welche teilweise erheblich verkehrsgef\u00e4hrdend, insbesondere f\u00fcr Fu\u00dfg\u00e4nger, waren. Auf Grund der festgestellten Tatsachen war die Betriebserlaubnis des Pkw erloschen, der Pkw stillgelegt und entsprechende Ordnungswidrigkeitsverfahren wurden gegen den 22j\u00e4hrigen Halter eingeleitet.<\/p>\n\n\n\n<h2 class=\"wp-block-heading\">(Ha\u00dfloch) &#8211; Schwerlastverkehrskontrolle\/gemeinsame Kontrolle der Polizeidirektion Neustadt a.d.W.<\/h2>\n\n\n\n<p>Am Mittwoch, 21.12.2022, wurde im Zeitraum von 09 Uhr bis 13 Uhr, eine Kontrolle des fahrenden Schwerlastverkehrs im Bereich der Ha\u00dflocher Westrandstra\u00dfe (Ortsumgehung mit Anbindung der Autobahn 65 und Industriegebiet Ha\u00dfloch) durchgef\u00fchrt. Durch die kontrollierenden Fachkr\u00e4fte der Polizei, wurden insg. dreizehn Lastkraftwagen einer intensiven Kontrolle unterzogen. Es ergaben sich hierbei acht Beanstandungen hinsichtlich Ladungssicherung, technischem Zustand der Fahrzeuge und Einhaltung der Sozialvorschriften. Diese Kontrollen werden in regelm\u00e4\u00dfigen Abst\u00e4nden und verschiedenen \u00d6rtlichkeiten durchgef\u00fchrt.<\/p>\n\n\n\n<h2 class=\"wp-block-heading\">(Ludwigshafen) &#8211; Brand im Hinterhof eines Gesch\u00e4ftes<\/h2>\n\n\n\n<p>Am Mittwoch, dem 21.12.2002 gg. 18.13h wurden der Polizei und Feuerwehr ein Brand von vermutlich Kartonagen im Hinterhof eines Gesch\u00e4ftes in der Wredestra\u00dfe gemeldet. Der Sachverhalt konnte von den Einsatzkr\u00e4ften beim Eintreffen so best\u00e4tigt werden. Aufgrund der starken Rauchentwicklung wurden die Anwohner \u00fcber Lautsprecher seitens der Einsatzkr\u00e4fte gebeten die T\u00fcren und Fenster geschlossen zu halten. Es kommt zur Zeit im Stra\u00dfenbahn- und Busverkehr zu erheblichen Behinderungen. Ebenso m\u00fcssen sich die Verkehrsteilnehmer im Moment auf Umleitungen im Innenstadtbereich einstellen. Die Brandursache steht nicht fest. Verletzt wurde Niemand. Die L\u00f6scharbeiten dauern an. Die Kriminalpolizei hat die Ermittlungen \u00fcbernommen.<\/p>\n\n\n\n<h2 class=\"wp-block-heading\">(Ludwigshafen) &#8211; Flucht auf gestohlenem Fahrrad<\/h2>\n\n\n\n<p>In der Nacht zum Mittwoch (21.12.2022), gegen 04:10 Uhr, stellte eine Streifenwagenbesatzung einen 25-J\u00e4hrigen am Ludwigsplatz fest, welcher unter den Augen der Beamten zu Boden st\u00fcrzte. Als diese anhielten, um sich nach dem Wohl des Mannes zu erkundigen, stieg er auf ein Fahrrad ergriff die Flucht. Nach einer kurzen Verfolgung konnte er in der Bahnhofstra\u00dfe eingeholt und einer Kontrolle unterzogen werden. Es stellte sich heraus, dass das Fahrrad in Frankenthal als gestohlen gemeldet worden war. Aufgrund dessen wurde es sichergestellt. Gegen den 25-J\u00e4hrigen wird jetzt aufgrund des Verdachtes des besonders schweren Diebstahls ermittelt.<\/p>\n\n\n\n<h2 class=\"wp-block-heading\">(Ludwigshafen) &#8211; Einbruch in Mehrfamilienhaus \/ Zeugen gesucht<\/h2>\n\n\n\n<p>Am Dienstag (20.12.2022), zwischen 06:30 und 17:30 Uhr, brachen bislang unbekannte T\u00e4ter in eine Wohnung in einem Mehrfamilienhaus in der Seilerstra\u00dfe ein und entwendeten Bargeld. Wer hat die Tat beobachtet oder im Bereich der Seilerstra\u00dfe im genannten Zeitraum verd\u00e4chtige Personen wahrgenommen? Sachdienliche Hinweise nimmt die Kriminalpolizei Ludwigshafen unter der Telefonnummer 0621\/963-2773 oder per E-Mail&nbsp;<a href=\"mailto:kiludwigshafen.k1.kdd@polizei.rlp.de\">kiludwigshafen.k1.kdd@polizei.rlp.de<\/a>&nbsp;entgegen.<\/p>\n\n\n\n<h2 class=\"wp-block-heading\">(Ludwigshafen) &#8211; Kennzeichen auf Parkplatz entwendet<\/h2>\n\n\n\n<p>Unbekannte entwendeten am Dienstag (20.12.2022) zwei Kennzeichen an zwei Fahrzeugen, die auf einem Parkplatz in der Industriestra\u00dfe abgestellt waren. Beide Kennzeichen waren hinten an den Fahrzeugen montiert. Sachdienliche Hinweise bitte an die Polizeiinspektion Ludwigshafen 2, Telefonnummer 0621 963-2222 oder per E-Mail&nbsp;<a href=\"mailto:piludwigshafen2@polizei.rlp.de\">piludwigshafen2@polizei.rlp.de<\/a>&nbsp;.<\/p>\n\n\n\n<h2 class=\"wp-block-heading\">(Ludwigshafen) &#8211; Erneut Diebstahl aus Baustelle<\/h2>\n\n\n\n<p>Unbekannte gelangten in der Nacht von Montag (19.12.2022) auf Dienstag (20.12.2022) auf eine Baustelle in der Magnetbandstra\u00dfe und entwendeten dort hochwertiges Werkzeug vom Baustellengel\u00e4nde. Das entwendete Werkzeug hatte ein Gesamtwert von circa 30.000 Euro. Bereits in der Vergangenheit kam es auf dem Baustellengel\u00e4nde zu Diebst\u00e4hlen und Einbr\u00fcchen. Ob die Taten in Verbindung stehen, ermittelt derzeit die Polizei. Sachdienliche Hinweise bitte an die Polizeiinspektion Ludwigshafen 2, Telefonnummer 0621 963-2222 oder per E-Mail&nbsp;<a href=\"mailto:piludwigshafen2@polizei.rlp.de\">piludwigshafen2@polizei.rlp.de<\/a>&nbsp;.<\/p>\n\n\n\n<h2 class=\"wp-block-heading\">(Mannheim) &#8211; Unvermittelte K\u00f6rperverletzung an 41-J\u00e4hrigen durch Unbekannten \/ Zeugenaufruf<\/h2>\n\n\n<div class=\"wp-block-image\">\n<figure class=\"aligncenter size-full\"><img decoding=\"async\" loading=\"lazy\" width=\"801\" height=\"600\" src=\"https:\/\/speyer24news.com\/wp-content\/uploads\/2020\/05\/Zeugen-gesucht-Neutral.jpg\" alt=\"\" class=\"wp-image-26598\" srcset=\"https:\/\/speyer24news.com\/wp-content\/uploads\/2020\/05\/Zeugen-gesucht-Neutral.jpg 801w, https:\/\/speyer24news.com\/wp-content\/uploads\/2020\/05\/Zeugen-gesucht-Neutral-300x225.jpg 300w, https:\/\/speyer24news.com\/wp-content\/uploads\/2020\/05\/Zeugen-gesucht-Neutral-768x575.jpg 768w, https:\/\/speyer24news.com\/wp-content\/uploads\/2020\/05\/Zeugen-gesucht-Neutral-678x509.jpg 678w, https:\/\/speyer24news.com\/wp-content\/uploads\/2020\/05\/Zeugen-gesucht-Neutral-326x245.jpg 326w, https:\/\/speyer24news.com\/wp-content\/uploads\/2020\/05\/Zeugen-gesucht-Neutral-80x60.jpg 80w\" sizes=\"(max-width: 801px) 100vw, 801px\" \/><\/figure><\/div>\n\n\n<p>Am Dienstag gegen 22.00 Uhr wartete ein 41-J\u00e4hriger am Paradeplatz auf seine Bahn, als er von einer bislang unbekannten Person aus einer vierk\u00f6pfigen Gruppe heraus angesprochen wurde. Unvermittelt schlug ihm der bislang Unbekannte mit der Faust ins Gesicht, wurde dann aber von den restlichen Personen der Gruppe vor weiteren k\u00f6rperlichen \u00dcbergriffen auf den Gesch\u00e4digten abgehalten. Als der 41-J\u00e4hrige umgehend die Polizei informierte fl\u00fcchtete die Gruppe fu\u00dfl\u00e4ufig durch die Innenstadt bis in die R-Quadrate. Hier verlor der Gesch\u00e4digte, der der Gruppe folgte, diese aus den Augen. Eine sofortige Fahndung blieb ohne Erfolg.<\/p>\n\n\n\n<h4 class=\"wp-block-heading\">Der unbekannte T\u00e4ter kann wie folgt beschrieben werden:<\/h4>\n\n\n\n<ul>\n<li><strong>ca. 20 Jahre alt<\/strong><\/li>\n\n\n\n<li><strong>ca 180 cm gro\u00df<\/strong><\/li>\n\n\n\n<li><strong>s\u00fcdosteurop\u00e4ischer Ph\u00e4notyp<\/strong><\/li>\n\n\n\n<li><strong>jugendtypische Sprache<\/strong><\/li>\n\n\n\n<li><strong>schwarze Jacke &#8211; schwarze Hose &#8211;  schwarze Kappe<\/strong><\/li>\n<\/ul>\n\n\n\n<p>Zeugen, die den Vorfall beobachtet haben oder sachdienliche Hinweise geben k\u00f6nnen, werden gebeten sich bei dem Polizeirevier Mannheim-Innenstadt zu melden unter: 0621-12580<\/p>\n\n\n\n<h2 class=\"wp-block-heading\">(Mannheim-Waldhof) &#8211; Bislang Unbekannte brechen in Firmengeb\u00e4ude ein<\/h2>\n\n\n\n<p>Am 21.12.2022 gegen 02.00 Uhr entwendeten vermutlich vier bislang unbekannte T\u00e4ter aus einem Firmengeb\u00e4ude in der Carl-Reuther-Stra\u00dfe mehrere Gegenst\u00e4nde, u.a. eine Geldkassette, eine Trinkgeldkasse sowie eine Kaffeemaschine. Weiter \u00f6ffneten sie aus einem in dem Geb\u00e4ude befindlichen Shop eines Paketzustellers diverse Kundenpakete und entwendeten ebenfalls deren Inhalt. Zuvor hatte sich die T\u00e4ter gewaltsam Zutritt zum Geb\u00e4ude \u00fcber die Eingangst\u00fcr verschafft. Die genaue H\u00f6he des Diebstahlsschaden kann bislang nicht beziffert werden.<\/p>\n\n\n\n<h4 class=\"wp-block-heading\">Im Zuge einer ersten Sichtung der Video\u00fcberwachung k\u00f6nnen die T\u00e4ter wie folgt beschrieben werden:<\/h4>\n\n\n\n<ul>\n<li><strong>vermutlich alle vier m\u00e4nnlich<\/strong><\/li>\n\n\n\n<li><strong>normale Statur<\/strong><\/li>\n\n\n\n<li><strong>eine Person trug eine Camouflagehose<\/strong><\/li>\n<\/ul>\n\n\n\n<p>Zeugen, die sachdienlich Hinweise geben k\u00f6nnen oder Kunden des Paketshop, die gesch\u00e4digt sein k\u00f6nnten, werden gebeten sich an das Polizeirevier Sandhofen unter Tel.: 0621\/-777690 zu wenden.<\/p>\n\n\n\n<h2 class=\"wp-block-heading\">(Mannheim-Gartenstadt) &#8211; Wohnungseinbruch \/ Unbekannte erbeuten Schmuckschatulle<\/h2>\n\n\n\n<p>Ein oder mehrere bislang unbekannte T\u00e4ter verschafften sich am Dienstag zwischen 18.00 Uhr und 19.30 Uhr gewaltsam Zutritt in eine Wohnung im Erdgeschosswohnung eines Mehrfamilienhauses im Narzissenweg, indem sie das Fenster aufhebelten und dar\u00fcber einstiegen. Die Unbekannten entwendeten eine Schmuckschatullen mit bislang unbekanntem Inhalt.<\/p>\n\n\n\n<p>Zeugen, die sachdienlich Hinweise geben k\u00f6nnen werden gebeten, sich an das Polizeirevier Sandhofen unter 0621\/-777690 zu wenden.<\/p>\n\n\n\n<h2 class=\"wp-block-heading\">(Mannheim \/ Weinheim) &#8211; Ein &#8222;gegl\u00fcckter&#8220; und ein im letzten Moment verhinderter Whatsapp-Betrug<a href=\"https:\/\/www.facebook.com\/sharer.php?u=https%3A%2F%2Fwww.presseportal.de%2Fblaulicht%2Fpm%2F14915%2F5400147%2F%3Futm_source%3Dfacebook%26utm_medium%3Dsocial\"><\/a><a href=\"https:\/\/twitter.com\/intent\/tweet?text=POL-MA%3A%20Mannheim%2FWeinheim%3A%20Ein%20%22gegl%C3%BCckter%22%20und%20ein%20im%20letzten%20Moment%20verhinderter%20Whatsapp-Betrug&amp;url=https%3A%2F%2Fwww.presseportal.de%2Fblaulicht%2Fpm%2F14915%2F5400147%2F%3Futm_source%3Dtwitter%26utm_medium%3Dsocial&amp;hashtags=ots&amp;lang=de\"><\/a><a href=\"https:\/\/web.whatsapp.com\/send?text=POL-MA%3A%20Mannheim%2FWeinheim%3A%20Ein%20%22gegl%C3%BCckter%22%20und%20ein%20im%20letzten%20Moment%20verhinderter%20Whatsapp-Betrug%0A%0Ahttps%3A%2F%2Fwww.presseportal.de%2Fblaulicht%2Fpm%2F14915%2F5400147%2F%3Futm_source%3Dwhatsapp%26utm_medium%3Dsocial\"><\/a><a href=\"https:\/\/www.xing.com\/app\/user?op=share;url=https%3A%2F%2Fwww.presseportal.de%2Fblaulicht%2Fpm%2F14915%2F5400147%2F%3Futm_source%3Dxing%26utm_medium%3Dsocial\"><\/a><a href=\"http:\/\/www.linkedin.com\/shareArticle?mini=true&amp;url=https%3A%2F%2Fwww.presseportal.de%2Fblaulicht%2Fpm%2F14915%2F5400147%2F%3Futm_source%3Dlinkedin%26utm_medium%3Dsocial&amp;title=POL-MA%3A+Mannheim%2FWeinheim%3A+Ein+%22gegl%C3%BCckter%22+und+ein+im+letzten+Moment+verhinderter+Whatsapp-Betrug\"><\/a><a href=\"mailto:?subject=POL-MA%3A%20Mannheim%2FWeinheim%3A%20Ein%20%22gegl%C3%BCckter%22%20und%20ein%20im%20letzten%20Moment%20verhinderter%20Whatsapp-Betrug&amp;body=https:\/\/www.presseportal.de\/blaulicht\/pm\/14915\/5400147\"><\/a><\/h2>\n\n\n\n<p>Im Zeitraum von Mittwoch, 14.12. bis Montag 19.12.2022 nahm eine bislang unbekannte T\u00e4terschaft mehrmals Kontakt via Whatsapp zu einer 64-j\u00e4hrigen Frau in der Mannheimer Gartenstadt auf und gab sich als ihr Sohn aus. Durch geschickte Konversationsf\u00fchrung wurde die Dame dazu gebracht, mehrere \u00dcberweisungen auf verschiedene Konten im In- und Ausland zu t\u00e4tigen. Erst nach einer Weile nahm sie selbstst\u00e4ndig Kontakt mit ihrem tats\u00e4chlichen Sohn auf und bemerkte den Betrug. Es entstand ein Schaden im mittleren vierstelligen Bereich.<\/p>\n\n\n\n<p>In Weinheim erhielt am Dienstagmittag eine 56-J\u00e4hrige Nachrichten nach demselben Modus Operandi. Hier begann die vermeintliche Tochter mit der angeblich neuen Telefon-Nummer die Konversation via SMS, verlagerte dann aber auf Whatsapp und bat ebenfalls um die T\u00e4tigung einer \u00dcberweisung. Da in diesem Fall zuf\u00e4llig die tats\u00e4chliche Tochter ihre Mutter auf anderem Wege kontaktierte, fiel der Betrug schnell auf und die \u00dcberweisung in H\u00f6he von rund 1.200 Euro konnte noch zur\u00fcckgeholt werden. In beiden F\u00e4llen ermitteln die jeweils zust\u00e4ndigen Polizeidienststellen.<\/p>\n\n\n\n<p>In diesem Zusammenhang bittet die Polizei nochmals eindringlich auch alle, ihre jeweils \u00e4lteren Verwandten und Bekannten vor dieser Masche zu warnen und insbesondere mit Eltern und Gro\u00dfeltern Regeln bzw. R\u00fcckversicherungsm\u00f6glichkeiten festzulegen f\u00fcr den Fall, dass wirklich einmal die Telefon-Nummer gewechselt wird oder stellvertretend \u00dcberweisungen get\u00e4tigt werden m\u00fcssen.<\/p>\n\n\n\n<p>Weitere Infos und Tipps zu dieser Betrugsmasche finden Sie hier:&nbsp;<a href=\"https:\/\/www.polizei-beratung.de\/startseite-und-aktionen\/aktuelles\/detailansicht\/enkeltrick-betrueger-nutzen-whatsapp\/\" target=\"_blank\" rel=\"noreferrer noopener\">https:\/\/www.polizei-beratung.de\/startseite-und-aktionen\/aktuelles\/detailansicht\/enkeltrick-betrueger-nutzen-whatsapp\/<\/a><\/p>\n\n\n\n<h2 class=\"wp-block-heading\">(Heidelberg-Pfaffengrund) &#8211; Warnbake besch\u00e4digt, Befestigung aus dem Boden gerissen und vom Unfallort gefl\u00fcchtet<\/h2>\n\n\n\n<p>Einer Polizeistreife fiel am Dienstagmittag gegen 12.00 Uhr in der Henkel-Teroson-Stra\u00dfe \/ Einm\u00fcndung Eppelheimer Stra\u00dfe eine besch\u00e4digte Warnbake, die nun auf dem Fahrradweg lag sowie eine aus dem Boden herausgerissene Befestigungskonstruktion auf. M\u00f6glicherweise war ein Fahrzeugf\u00fchrer oder eine Fahrzeugf\u00fchrerin auf der Henkel Teroson-Stra\u00dfe aus Richtung Eppelheimer Stra\u00dfe unterwegs und wolltenach rechts abbiegen, benutzte aber den Linksabbiegerstreifen und beging Unfallflucht. Der Unfallzeitpunkt l\u00e4sst sich nicht genau bestimmen.<\/p>\n\n\n\n<p>Wer einen solchen Unfall an der genannten Stelle beobachtet hat, wird gebeten, sich beim Polizeirevier Heidelberg-S\u00fcd zu melden, Tel.: 06221 34180.<\/p>\n\n\n\n<h2 class=\"wp-block-heading\">(Heidelberg-Pfaffengrund) &#8211; Opferstock in Kirche aufgebrochen \/ Zeugenaufruf!<\/h2>\n\n\n\n<p>Im Zeitraum von Sonntag, 11.00 Uhr, bis Dienstag, 09.00 Uhr, wurde in der St. Marien-Kirche in Heidelberg durch einen bislang unbekannten T\u00e4ter der Opferstock aufgebrochen und das Geld entwendet. Eine Messnerin der Kirche bemerkte am Dienstag den Kassenaufbruch und alarmierte die Polizei. Es entstand ein Diebstahlschaden in H\u00f6he eines vermutlich zweistelligen Betrages.<\/p>\n\n\n\n<p>Zeugen, die sachdienliche Hinweise zu dem Diebstahl geben k\u00f6nnen, werden gebeten sich bei dem Polizeirevier Heidelberg-S\u00fcd zu melden unter: 06221-34180.<\/p>\n\n\n\n<h2 class=\"wp-block-heading\">(L 599 \/ Schwetzingen \/ Rhein-Neckar-Kreis) &#8211; Unfallverursacher fl\u00fcchtet nach Kollision<\/h2>\n\n\n\n<p>Am 20.12.2022, um 19:10 Uhr alarmierte eine 37-j\u00e4hrige Mercedes-Fahrerin telefonisch die Polizei und teilte mit, dass sie soeben einen Unfall hatte, bei dem sich der Unfallverursacher von der Unfallstelle entfernte.<\/p>\n\n\n\n<p>Die Mercedes-Fahrerin kam von der B 36 und befuhr bei Gr\u00fcn die L 599 in Richtung Ketsch, als an der Kreuzung zur Mannheimer Landstra\u00dfe das unfallverursachende Fahrzeug aus Br\u00fchl kommend auf die L 599 auffuhr. Hierbei kollidierte der bislang unbekannte Unfallverursacher mit dem Mercedes an dessen rechten vorderen Kotfl\u00fcgel. Nach dem Zusammensto\u00df verlie\u00df der bislang Unbekannte die Unfall\u00f6rtlichkeit ohne anzuhalten. Der Sachschaden bel\u00e4uft sich auf einen Betrag in vierstelliger H\u00f6he.<\/p>\n\n\n\n<p>Zeugen, die sachdienliche Hinweise zu dem Unfallhergang oder dem unfallverursachenden Fahrzeug geben k\u00f6nnen, werden gebeten sich bei dem Verkehrsdienst zu melden unter: 0621-174 4100.<\/p>\n\n\n\n<h2 class=\"wp-block-heading\">(Schwetzingen \/ Rhein-Neckar-Kreis) &#8211; Phishing-Betrug \u00fcber Verkaufsplattform<\/h2>\n\n\n\n<p>Am Dienstagabend meldete eine 34-J\u00e4hrige \u00fcber eine Verkaufsplattform Interesse an einem Angebot an und schrieb \u00fcber den Chat der Plattform mit der vermeintlichen Verk\u00e4uferin. Man einigte sich und die Gesch\u00e4digte signalisierte, bestellen und bezahlen zu wollen. Die Verk\u00e4uferin gab vor, die Bestellabwicklung direkt \u00fcber die Plattform abzuwickeln und veranlasste, dass die Interessentin zwei E-Mails bekam, die dem Anschein nach, direkt von der Plattform kamen. Hierin wurde sie \u00fcber einen Button aufgefordert, die Bezahlung zu best\u00e4tigen und danach ihre pers\u00f6nlichen Bankdaten einzugeben. Daraufhin erhielt sie noch eine vermeintliche SMS ihrer Bank, um die dazugeh\u00f6rige Online-Banking-App zu best\u00e4tigen. Am selben Abend konnte die 34-J\u00e4hrige zwei \u00dcberweisungen &#8211; eine im vierstelligen und eine im dreistelligen Bereich &#8211; in ihrem Online-Banking feststellen, die sie nicht selbst get\u00e4tigt hatte. Au\u00dferdem wurde Guthaben zwischen ihren verschiedenen Konten verschoben.<\/p>\n\n\n\n<p>Ob die \u00dcberweisungen ggf. noch von der Bank zur\u00fcckgeholt werden k\u00f6nnen, stand zum Berichtszeitraum noch nicht fest. Die Polizei warnt eindringlich davor, gerade bei Online-K\u00e4ufen vorsichtig zu sein. W\u00e4hlen Sie nur Bezahlwege, die Ihnen bereits vertraut sind. Geben Sie nie online oder am Telefon Ihre Bankdaten zusammen mit PIN oder Passw\u00f6rtern preis.<\/p>\n\n\n\n<h2 class=\"wp-block-heading\">(Schwetzingen \/ Rhein-Neckar-Kreis) &#8211; Radfahrerin wird Tasche aus Fahrradkorb entwendet<\/h2>\n\n\n\n<p>Eine 70- J\u00e4hrige befuhr am Dienstag gegen 10.30 Uhr mit ihrem Fahrrad die Marstallstra\u00dfe, als ihr durch einen bislang unbekannten T\u00e4ter ein roter Stoffbeutel aus ihrem Fahrradkorb entwendet wurde. In H\u00f6he der Clementine-Bassermann-Stra\u00dfe bog sie rechts ab und musste langsam fahren, als sie pl\u00f6tzlich von hinten Ger\u00e4usche h\u00f6rte. Beim Umdrehen sah sie, wie ein m\u00e4nnlicher T\u00e4ter, ebenfalls auf einem Fahrrad, die Stofftasche aus dem Fahrradkorb entwendete und damit wegfuhr.<\/p>\n\n\n\n<h4 class=\"wp-block-heading\">Da sie den unbekannten T\u00e4ter nur noch von hinten sah, k\u00f6nnen lediglich folgende Angaben zur Personenbeschreibung gemacht werden:<\/h4>\n\n\n\n<ul>\n<li><strong>m\u00e4nnlich<\/strong><\/li>\n\n\n\n<li><strong>trug gr\u00fcnen Parka mit Kapuze<\/strong><\/li>\n<\/ul>\n\n\n\n<p>Den Vorfall haben ein Auto- und ein Fahrradfahrer beobachten k\u00f6nnen, die die Verfolgung aufnahmen, jedoch ohne Erfolg. Der Geldbeutel, der sich in der Tasche befand, konnte kurze Zeit sp\u00e4ter ohne das zuvor darin befundene Bargeld aufgefunden werden. Es entstand ein Diebstahlschaden in H\u00f6he eines dreistelligen Betrags.<\/p>\n\n\n\n<p>Zeugen, insbesondere auch der Auto- und der Fahrradfahrer, werden gebeten, sich bei dem Polizeirevier Schwetzingen zu melden unter: 06202-288-0<\/p>\n\n\n\n<h2 class=\"wp-block-heading\">(Hockenheim \/ Rhein-Neckar-Kreis) &#8211; Unbekannte entwenden leeren Tresor aus B\u00fcro eines Seniorenheims<\/h2>\n\n\n\n<p>Bislang unbekannte T\u00e4terschaft entwendete in der Nacht von Montag auf Dienstag (19.\/20.2022) zwischen 21.55 Uhr und 07.00 Uhr aus dem B\u00fcro eines Seniorenheims in der Unteren Hauptstra\u00dfe einen leeren Tresor. Zuvor hatten sie sich gewaltsam Zutritt zu dem Raum verschaff, indem sie eine Fensterscheibe einschlugen und \u00fcber diese einstiegen, die sich an der Geb\u00e4udeau\u00dfenseite neben einer Zutrittst\u00fcr zu dem B\u00fcro befand.<\/p>\n\n\n\n<p>Hinweise, dass die T\u00e4terschaft auch in anderen R\u00e4umen des Geb\u00e4udekomplexes waren, ergaben sich bislang nicht.<\/p>\n\n\n\n<p>Der Sachschaden ist bislang unklar. Ersten Ermittlungen zufolge d\u00fcrfte der Tresor ohne Inhalt gewesen sein.<\/p>\n\n\n\n<p>Das Polizeirevier Hockenheim hat die Ermittlungen aufgenommen. Zeugen, die sachdienlich Hinweise geben k\u00f6nnen werden gebeten, sich unter 06205-28600 zu melden.<\/p>\n\n\n\n<h2 class=\"wp-block-heading\">(Leimen \/ Rhein-Neckar-Kreis) &#8211; Unbekannter bricht in KFZ ein und entwendet Handtasche<\/h2>\n\n\n\n<p>Am Dienstag gegen 16.30 Uhr brach ein bislang unbekannter T\u00e4ter in einen Mercedes im Graubrunnenweg ein. Er schlug mit einem unbekannten Gegenstand die Beifahrerscheibe des PKW ein und entnahm daraus die Handtasche, welche sich hinter dem Beifahrersitz befand.<\/p>\n\n\n\n<p>Die Anwohnerin und Halterin des Fahrzeugs befand sich nur wenige Meter vom Fahrzeug entfernt in ihrem Garten und wurde hierbei auf einen Mann aufmerksam, da ihr Hund anschlug und bellte. Der bislang unbekannte Mann stand pl\u00f6tzlich am Garten und fragte die Anwohnerin nach etwas Zucker. Anschlie\u00dfend entfernte er sich in bislang unbekannte Richtung.<\/p>\n\n\n\n<h4 class=\"wp-block-heading\">Der Unbekannte kann wie folgt beschrieben werden:<\/h4>\n\n\n\n<ul>\n<li><strong>m\u00e4nnlich<\/strong><\/li>\n\n\n\n<li><strong>165 cm<\/strong><\/li>\n\n\n\n<li><strong>helle Haut<\/strong><\/li>\n\n\n\n<li><strong>ca. 18 oder 19 Jahre<\/strong><\/li>\n\n\n\n<li><strong>deutsch<\/strong><\/li>\n\n\n\n<li><strong>ohne Akzent<\/strong><\/li>\n\n\n\n<li><strong>schwarze Jacke &#8211; schwarze Wollm\u00fctze &#8211; helle bzw. hellgraue Arbeitshose<\/strong><\/li>\n<\/ul>\n\n\n\n<p>Der Sach- und Diebstahlschaden bel\u00e4uft sich auf einen Betrag in dreistelliger H\u00f6he. Zeugen, die sachdienliche Hinweise geben k\u00f6nnen und verd\u00e4chtige Beobachtungen machen konnten, werden gebeten sich bei dem Polizeirevier in Wiesloch zu melden unter: 06222-57090.<\/p>\n\n\n\n<h2 class=\"wp-block-heading\">(B 39 \/ Wiesloch \/ Rhein-Neckar-Kreis) &#8211;  Unachtsamkeit f\u00fchrt zum Unfall<a href=\"https:\/\/www.facebook.com\/sharer.php?u=https%3A%2F%2Fwww.presseportal.de%2Fblaulicht%2Fpm%2F14915%2F5399960%2F%3Futm_source%3Dfacebook%26utm_medium%3Dsocial\"><\/a><a href=\"https:\/\/twitter.com\/intent\/tweet?text=POL-MA%3A%20B39%2C%20Wiesloch%3A%20Unachtsamkeit%20f%C3%BChrt%20zum%20Unfall&amp;url=https%3A%2F%2Fwww.presseportal.de%2Fblaulicht%2Fpm%2F14915%2F5399960%2F%3Futm_source%3Dtwitter%26utm_medium%3Dsocial&amp;hashtags=ots&amp;lang=de\"><\/a><a href=\"https:\/\/web.whatsapp.com\/send?text=POL-MA%3A%20B39%2C%20Wiesloch%3A%20Unachtsamkeit%20f%C3%BChrt%20zum%20Unfall%0A%0Ahttps%3A%2F%2Fwww.presseportal.de%2Fblaulicht%2Fpm%2F14915%2F5399960%2F%3Futm_source%3Dwhatsapp%26utm_medium%3Dsocial\"><\/a><a href=\"https:\/\/www.xing.com\/app\/user?op=share;url=https%3A%2F%2Fwww.presseportal.de%2Fblaulicht%2Fpm%2F14915%2F5399960%2F%3Futm_source%3Dxing%26utm_medium%3Dsocial\"><\/a><a href=\"http:\/\/www.linkedin.com\/shareArticle?mini=true&amp;url=https%3A%2F%2Fwww.presseportal.de%2Fblaulicht%2Fpm%2F14915%2F5399960%2F%3Futm_source%3Dlinkedin%26utm_medium%3Dsocial&amp;title=POL-MA%3A+B39%2C+Wiesloch%3A+Unachtsamkeit+f%C3%BChrt+zum+Unfall\"><\/a><a href=\"mailto:?subject=POL-MA%3A%20B39%2C%20Wiesloch%3A%20Unachtsamkeit%20f%C3%BChrt%20zum%20Unfall&amp;body=https:\/\/www.presseportal.de\/blaulicht\/pm\/14915\/5399960\"><\/a><\/h2>\n\n\n\n<p>Am Dienstag gegen 23.40 Uhr kam es auf der B 39 zu einem Unfall zwischen einer 20-j\u00e4hrigen Suzuki-Fahrerin und einer 52-j\u00e4hrigen Skoda-Fahrerin. Beide Verkehrsteilnehmerinnen befuhren die B 39 in Fahrtrichtung Wiesloch. Die 20- J\u00e4hrige befuhr hierbei den rechten und die 52-J\u00e4hrige den linken Fahrstreifen. An der Ampelanlage B39 \/ L723, in H\u00f6he der Anschlussstelle Wiesloch \/ Rauenberg, bog die Suzuki-Fahrerin unvermittelt nach links ab, vermutlich um zu wenden und \u00fcbersah hierbei die neben ihr fahrende Skoda-Fahrerin, wodurch es zu Kollision der beiden Fahrzeuge kam.<\/p>\n\n\n\n<p>Durch den Zusammensto\u00df wurde der Suzuki gedreht und kam im Bereich der Anschlussstelle, Abfahrt der BAB 6 von Heilbronn kommend, entgegen der Fahrtrichtung, zum Stillstand. Der Skoda wurde nach links abgewiesen und kam auf der Gegenfahrbahn der L 723 zur Unfallendstellung.<\/p>\n\n\n\n<p>Durch den Zusammenprall wurden beide Fahrzeuglenkerinnen leicht verletzt und vor Ort durch Rettungskr\u00e4fte versorgt.<\/p>\n\n\n\n<p>F\u00fcr die Dauer der Unfallaufnahme mussten an der Unfallstelle verkehrslenkende Ma\u00dfnahmen eingeleitet werden. Der entstandene Sachschaden bel\u00e4uft sich nach ersten Sch\u00e4tzungen auf ca. 20.000 Euro.<\/p>\n\n\n\n<p>Zeugen, die den Unfall beobachtet haben und sachdienliche Hinweise geben k\u00f6nnen, werden gebeten sich bei dem Verkehrsdienst Walldorf zu melden unter: 06227-358260.<\/p>\n\n\n\n<h2 class=\"wp-block-heading\">(M\u00fchlhausen \/ Rhein-Neckar-Kreis) &#8211; Holzkohlegrill in der Wohnung \/ F\u00fcnf Verletzte<\/h2>\n\n\n<div class=\"wp-block-image\">\n<figure class=\"aligncenter size-full\"><img decoding=\"async\" loading=\"lazy\" width=\"594\" height=\"400\" src=\"https:\/\/speyer24news.com\/wp-content\/uploads\/2021\/01\/Achtung-Wichtig.png\" alt=\"\" class=\"wp-image-32274\" srcset=\"https:\/\/speyer24news.com\/wp-content\/uploads\/2021\/01\/Achtung-Wichtig.png 594w, https:\/\/speyer24news.com\/wp-content\/uploads\/2021\/01\/Achtung-Wichtig-300x202.png 300w\" sizes=\"(max-width: 594px) 100vw, 594px\" \/><\/figure><\/div>\n\n\n<p>Am Dienstagabend gegen 22 Uhr wurden Feuerwehr, Rettungsdienst und Polizei zu einem Zweifamilienhaus in die Sch\u00fctzenstra\u00dfe alarmiert.<\/p>\n\n\n\n<p>Nach ersten Ermittlungen hatten Bewohner einen Holzkohlegrill in ihrer Wohnung entz\u00fcndet, weshalb es zu einer Kohlenmonoxid-Anreicherung kam. Hierbei erlitten die Bewohner eine leichte Verletzung und wurden zur vorsorglichen Behandlung in ein naheliegendes Krankenhaus gebracht. Lebensgefahr bestand zu keinem Zeitpunkt. Es entstand kein Sachschaden.<\/p>\n\n\n\n<p>Der Polizeiposten M\u00fchlhausen hat zwischenzeitlich die weiteren Ermittlungen \u00fcbernommen.<\/p>\n\n\n\n<p>Die Polizei weist darauf hin, dass das Grillen mit Holzkohle in Innenr\u00e4umen lebensgef\u00e4hrlich ist. Benutzen Sie Holzkohlegrills nie in geschlossenen R\u00e4umen.<\/p>\n\n\n\n<h2 class=\"wp-block-heading\">(B 45 \/ Sinsheim \/ Rhein-Neckar-Kreis) &#8211; Verkehrsunfall, Stra\u00dfensperrung<\/h2>\n\n\n\n<p>Am Mittwochvormittag gegen 09:50 Uhr kam es auf der B45 zwischen Sinsheim und Hoffenheim zu einem Verkehrsunfall. Nach ersten Erkenntnissen kam ein Fahrzeug von der Fahrbahn ab und kollidierte mit einem Baum. \u00dcber den Unfallhergang, das Verletzungsausma\u00df und die Sch\u00e4den kann derzeit noch keine Aussage getroffen werden.<\/p>\n\n\n\n<p>Polizei und Feuerwehr befinden sich derzeit im Einsatz. F\u00fcr den Zeitraum der Unfallaufnahme ist die Fahrbahn zwischen Sinsheim-Hoffenheim B45 zurzeit voll gesperrt.<\/p>\n\n\n\n<h3 class=\"has-text-align-center wp-block-heading\">Fahrbahn wieder frei &#8211; Pressemeldung Nr. 2<\/h3>\n\n\n\n<p>Am Mittwochvormittag kam es gegen 09:50 Uhr auf der B45 zwischen Sinsheim und Hoffenheim zu zwei Verkehrsunf\u00e4llen, weshalb es w\u00e4hrend der Unfallaufnahme zu einer circa zweist\u00fcndigen Stra\u00dfensperrung der Fahrbahn in beide Fahrtrichtungen kam. Ein Fahrzeug kam von der Fahrbahn ab und kollidierte mit einem Baum. Au\u00dferdem ereignete sich ein Folgeunfall am Stauanfang, bei welchem es zu einem Auffahrunfall kam.<\/p>\n\n\n\n<p>Die genaue Unfallursache beider Unf\u00e4lle ist derzeit noch Gegenstand der Ermittlungen. \u00dcber die Verletzungen der Unfallbeteiligten und die H\u00f6he des Sachschadens liegen noch keine n\u00e4heren Informationen vor.<\/p>\n\n\n\n<p>Der Streckenabschnitt ist nach den mittlerweile abgeschlossenen Bergungsarbeiten wieder freigegeben.<\/p>\n\n\n\n<h2 class=\"wp-block-heading\">(Sch\u00f6nbrunn \/ Rhein-Neckar-Kreis) &#8211; Illegale M\u00fcllentsorgung auf Parkplatz \/ Zeugenaufruf<\/h2>\n\n\n\n<p>Am Montag gegen 16.30 Uhr meldete sich ein Passant bei der Polizei und meldete mehrere S\u00e4cke M\u00fcll, die illegal entsorgt wurden. Die Polizeibeamten fuhren den Parkplatz Kirchel an und fanden dort mehrere schwarze S\u00e4cke im Wald liegend. Die M\u00fclls\u00e4cke waren gef\u00fcllt mit D\u00e4mmwolle und anderen Gegenst\u00e4nden. Wann diese dort abgelegt wurden, ist aktuell noch unbekannt und Gegenstand der Ermittlungen.<\/p>\n\n\n\n<p>Zeugen, die sachdienliche Hinweise geben k\u00f6nnen, werden gebeten sich bei dem Polizeirevier Eberbach zu melden unter: 06271-92100.<\/p>\n\n\n\n<h2 class=\"wp-block-heading\">(Hemsbach \/ Rhein-Neckar-Kreis) &#8211; Brand in Einfamilienhaus<\/h2>\n\n\n\n<p>Am Dienstagabend gegen 21:10 Uhr wurden Feuerwehr und Polizei verst\u00e4ndigt, nachdem in einem Einfamilienhaus im Akazienweg der Rauchmelder Alarm schlug und eine starke Rauchentwicklung festgestellt wurde. Ein aufmerksamer Nachbar hatte zuvor beides wahrgenommen und den noch in seiner Wohnung befindlichen 80-J\u00e4hrigen aus der Wohnung gerettet. Der 80-J\u00e4hrige wurde leicht verletzt und zur vorsorglichen Behandlung in ein naheliegendes Krankenhaus gebracht. Lebensgefahr bestand zu keinem Zeitpunkt. Aktuellen Ermittlungen zufolge entstand das Feuer in der K\u00fcche.<\/p>\n\n\n\n<p>Nach ersten Sch\u00e4tzungen der Feuerwehr befindet sich der Sachschaden in sechsstelliger H\u00f6he. Zudem ist das Einfamilienhaus durch die Rauch- und Brandsch\u00e4den zum aktuellen Zeitpunkt nicht mehr bewohnbar.<\/p>\n\n\n\n<p>Die Brandursache ist derzeit noch unklar und unterliegt weiteren Ermittlungen, die durch das Polizeirevier Weinheim aufgenommen worden sind.<\/p>\n","protected":false},"excerpt":{"rendered":"<div class=\"mh-excerpt\"><p>Polizeimeldungen vom Mittwoch (21.12.2022) (Speyer) &#8211; Brennende M\u00fcllcontainer verursachen Sch\u00e4den an Schule Am sp\u00e4ten Dienstagabend (20.12.2022), gegen 22:30 Uhr, kam es zu einem Brand mehrerer M\u00fcllcontainer vor einer Schule in der Stra\u00dfe Im Erlich in <a class=\"mh-excerpt-more\" href=\"https:\/\/speyer24news.com\/?p=50593\" title=\"Polizeimeldungen Mittwoch (21.12.2022)\">[&#8230;]<\/a><\/p>\n<\/div>","protected":false},"author":3,"featured_media":26162,"comment_status":"open","ping_status":"open","sticky":false,"template":"","format":"standard","meta":{"_monsterinsights_skip_tracking":false,"_monsterinsights_sitenote_active":false,"_monsterinsights_sitenote_note":"","_monsterinsights_sitenote_category":0,"footnotes":""},"categories":[15659],"tags":[7243,7244,3614,350,14537,15084,15267,14538,15361,702,61,2555,6955,6986,6263,63,105,11150,6987,53,4854,13534,4683,1548,4905,11592,102,13626,213,14325,14324,13553,13541,55,8277,6368,5261,103,106,2803,2423,427,2625,380,62,104,979,1565],"aioseo_notices":[],"amp_enabled":true,"_links":{"self":[{"href":"https:\/\/speyer24news.com\/index.php?rest_route=\/wp\/v2\/posts\/50593"}],"collection":[{"href":"https:\/\/speyer24news.com\/index.php?rest_route=\/wp\/v2\/posts"}],"about":[{"href":"https:\/\/speyer24news.com\/index.php?rest_route=\/wp\/v2\/types\/post"}],"author":[{"embeddable":true,"href":"https:\/\/speyer24news.com\/index.php?rest_route=\/wp\/v2\/users\/3"}],"replies":[{"embeddable":true,"href":"https:\/\/speyer24news.com\/index.php?rest_route=%2Fwp%2Fv2%2Fcomments&post=50593"}],"version-history":[{"count":2,"href":"https:\/\/speyer24news.com\/index.php?rest_route=\/wp\/v2\/posts\/50593\/revisions"}],"predecessor-version":[{"id":50599,"href":"https:\/\/speyer24news.com\/index.php?rest_route=\/wp\/v2\/posts\/50593\/revisions\/50599"}],"wp:featuredmedia":[{"embeddable":true,"href":"https:\/\/speyer24news.com\/index.php?rest_route=\/wp\/v2\/media\/26162"}],"wp:attachment":[{"href":"https:\/\/speyer24news.com\/index.php?rest_route=%2Fwp%2Fv2%2Fmedia&parent=50593"}],"wp:term":[{"taxonomy":"category","embeddable":true,"href":"https:\/\/speyer24news.com\/index.php?rest_route=%2Fwp%2Fv2%2Fcategories&post=50593"},{"taxonomy":"post_tag","embeddable":true,"href":"https:\/\/speyer24news.com\/index.php?rest_route=%2Fwp%2Fv2%2Ftags&post=50593"}],"curies":[{"name":"wp","href":"https:\/\/api.w.org\/{rel}","templated":true}]}}