{"id":50640,"date":"2022-12-28T07:51:48","date_gmt":"2022-12-28T06:51:48","guid":{"rendered":"https:\/\/speyer24news.com\/?p=50640"},"modified":"2022-12-28T07:51:50","modified_gmt":"2022-12-28T06:51:50","slug":"stadtnotizen-verkehrsnotizen-speyer-32","status":"publish","type":"post","link":"https:\/\/speyer24news.com\/?p=50640","title":{"rendered":"Stadtnotizen &amp; Verkehrsnotizen Speyer"},"content":{"rendered":"<style type=\"text\/css\">\r\n\t.ads_top_disp{}\r\n\t.ads_top_corner_disp{ float:left; margin:0px 10px 10px 0px; }\r\n\t.ads_first_p_disp{}\r\n\t.ads_bottom_disp{}\r\n\t<\/style>\n<h2 class=\"has-text-align-center wp-block-heading\">Stadtnotizen<\/h2>\n\n\n<div class=\"wp-block-image\">\n<figure class=\"aligncenter\"><img decoding=\"async\" loading=\"lazy\" width=\"800\" height=\"600\" src=\"https:\/\/speyer24news.com\/wp-content\/uploads\/2020\/01\/Speyer-Stadtnachrichten-2.jpg\" alt=\"\" class=\"wp-image-23901\" srcset=\"https:\/\/speyer24news.com\/wp-content\/uploads\/2020\/01\/Speyer-Stadtnachrichten-2.jpg 800w, https:\/\/speyer24news.com\/wp-content\/uploads\/2020\/01\/Speyer-Stadtnachrichten-2-300x225.jpg 300w, https:\/\/speyer24news.com\/wp-content\/uploads\/2020\/01\/Speyer-Stadtnachrichten-2-768x576.jpg 768w, https:\/\/speyer24news.com\/wp-content\/uploads\/2020\/01\/Speyer-Stadtnachrichten-2-678x509.jpg 678w, https:\/\/speyer24news.com\/wp-content\/uploads\/2020\/01\/Speyer-Stadtnachrichten-2-326x245.jpg 326w, https:\/\/speyer24news.com\/wp-content\/uploads\/2020\/01\/Speyer-Stadtnachrichten-2-80x60.jpg 80w\" sizes=\"(max-width: 800px) 100vw, 800px\" \/><\/figure><\/div>\n\n\n<h2 class=\"wp-block-heading\">Tourist-Info Mittwoch &amp; Donnerstagmittag geschlossen<\/h2>\n\n\n\n<p>Die Stadtverwaltung informiert, dass die Tourist-Information aufgrund krankheitsbedingter personeller Ausf\u00e4lle am <strong>Mittwoch, 28. und Donnerstag 29. Dezember 2022 \u00a0\u00fcber Mittag, d.h. von 12 bis 14 Uhr<\/strong>, f\u00fcr den Publikumsverkehr geschlossen bleiben muss. Telefonische Anfragen und E-Mails werden in dieser Zeit weiterhin beantwortet.<\/p>\n\n\n\n<p>Die Stadtverwaltung bittet um Verst\u00e4ndnis.<\/p>\n\n\n\n<p><em>Stadtverwaltung Speyer<br>27.12.2022<\/em><\/p>\n\n\n\n<h2 class=\"wp-block-heading\">Statement von Oberb\u00fcrgermeisterin Stefanie Seiler zu Galeria Karstadt Kaufhof<\/h2>\n\n\n<div class=\"wp-block-image\">\n<figure class=\"aligncenter size-full\"><img decoding=\"async\" loading=\"lazy\" width=\"800\" height=\"600\" src=\"https:\/\/speyer24news.com\/wp-content\/uploads\/2020\/01\/IMG_20200110_193106-1.jpg\" alt=\"\" class=\"wp-image-24109\" srcset=\"https:\/\/speyer24news.com\/wp-content\/uploads\/2020\/01\/IMG_20200110_193106-1.jpg 800w, https:\/\/speyer24news.com\/wp-content\/uploads\/2020\/01\/IMG_20200110_193106-1-300x225.jpg 300w, https:\/\/speyer24news.com\/wp-content\/uploads\/2020\/01\/IMG_20200110_193106-1-768x576.jpg 768w, https:\/\/speyer24news.com\/wp-content\/uploads\/2020\/01\/IMG_20200110_193106-1-678x509.jpg 678w, https:\/\/speyer24news.com\/wp-content\/uploads\/2020\/01\/IMG_20200110_193106-1-326x245.jpg 326w, https:\/\/speyer24news.com\/wp-content\/uploads\/2020\/01\/IMG_20200110_193106-1-80x60.jpg 80w\" sizes=\"(max-width: 800px) 100vw, 800px\" \/><\/figure><\/div>\n\n\n<p>\u201eF\u00fcr diese Initiative und den tatkr\u00e4ftigen Einsatz seitens der Gewerkschaft sind wir sehr dankbar. Wir werden selbst auch nochmal innerhalb der Verwaltung ins Gespr\u00e4ch gehen und dar\u00fcber hinaus mit dem Deutschen St\u00e4dtetag im Austausch bleiben. Die Stadt setzt alles daran, dass Galeria Kaufhof mit seiner langen Tradition hier in Speyer erhalten bleibt. Wenn auch die Entscheidung letztlich bei den Verantwortlichen liegt und die bisherige Vorgehensweise auf dem Weg dorthin durchaus kritisch zu sehen ist, so lassen die positiven Gespr\u00e4che mit den Gesch\u00e4ftsf\u00fchrenden auf den Erhalt der Filiale hoffen\u201c, so Seiler und appelliert an die Speyerer B\u00fcrgerschaft: \u201eDie Zukunftsfragen um Kaufhof zeigen eindr\u00fccklich, dass das Einkaufsverhalten nicht auf den Online-Bereich beschr\u00e4nkt werden sollte. Gerade zur Weihnachtszeit und dem damit einhergehenden Konsum kann ich nur dazu aufrufen, den Handel in Speyer zu unterst\u00fctzen. Die Vielfalt an Einkaufsm\u00f6glichkeiten ist es, die dazu beitr\u00e4gt, ein Innenstadtbild zu beleben, weshalb die Angebote vor Ort unbedingt genutzt werden sollten.\u201c<\/p>\n\n\n\n<p><em>Text: Stadtverwaltung Speyer Foto: Speyer 24\/7 News<br>23.12.2022<\/em><\/p>\n\n\n\n<h2 class=\"wp-block-heading\">Spenden\u00fcbergabe aus Suppenfest an H\u00e4rtefonds der Stadt Speyer<\/h2>\n\n\n<div class=\"wp-block-image\">\n<figure class=\"aligncenter size-full\"><img decoding=\"async\" loading=\"lazy\" width=\"500\" height=\"711\" src=\"https:\/\/speyer24news.com\/wp-content\/uploads\/2022\/12\/Suppenfest.jpg\" alt=\"\" class=\"wp-image-50641\" srcset=\"https:\/\/speyer24news.com\/wp-content\/uploads\/2022\/12\/Suppenfest.jpg 500w, https:\/\/speyer24news.com\/wp-content\/uploads\/2022\/12\/Suppenfest-211x300.jpg 211w\" sizes=\"(max-width: 500px) 100vw, 500px\" \/><\/figure><\/div>\n\n\n<p>Der Lionsclub Speyer Palatina veranstaltete diesen Herbst nach pandemiebedingter Pause erstmals wieder sein Suppenfest f\u00fcr den guten Zweck und \u00fcbergab nun eine Spende von 3.500 Euro an den H\u00e4rtefonds der Stadt Speyer f\u00fcr die Mittagsverpflegung in Kindertagesst\u00e4tten und Schulen.<\/p>\n\n\n\n<p>Der H\u00e4rtefonds erm\u00f6glicht Speyerer Kindern und Jugendlichen aus finanzschwachen Familien die anteilige Befreiung von den Verpflegungskosten w\u00e4hrend der Betreuungszeit.<\/p>\n\n\n\n<p>Der Lionsclub Speyer Palatina bedankt sich sehr herzlich bei allen Gastronomen, F\u00f6rderern und Unterst\u00fctzern, die zum Erl\u00f6s dieser Spendensumme f\u00fcr den guten Zweck beigetragen haben und w\u00fcnscht allen frohe Feiertage.<\/p>\n\n\n\n<p><em>Text: Stadtverwaltung Speyer Foto: \u00a9 Lionsclub Speyer Palatina<br>22.12.2022<\/em><\/p>\n\n\n\n<h2 class=\"has-text-align-center wp-block-heading\">Verkehrsnotizen<\/h2>\n\n\n<div class=\"wp-block-image\">\n<figure class=\"aligncenter\"><img decoding=\"async\" loading=\"lazy\" width=\"800\" height=\"565\" src=\"https:\/\/speyer24news.com\/wp-content\/uploads\/2020\/01\/Baustelle-2.jpg\" alt=\"\" class=\"wp-image-23900\" srcset=\"https:\/\/speyer24news.com\/wp-content\/uploads\/2020\/01\/Baustelle-2.jpg 800w, https:\/\/speyer24news.com\/wp-content\/uploads\/2020\/01\/Baustelle-2-300x212.jpg 300w, https:\/\/speyer24news.com\/wp-content\/uploads\/2020\/01\/Baustelle-2-768x542.jpg 768w\" sizes=\"(max-width: 800px) 100vw, 800px\" \/><\/figure><\/div>\n\n\n<h2 class=\"wp-block-heading\">Hasenpfuhlstra\u00dfe gesperrt<\/h2>\n\n\n\n<p>Aufgrund einer Kranstellung wird die Hasenpfuhlstra\u00dfe auf H\u00f6he der Hausnummer 40b <strong>ab Montag, 9. Januar 2023 bis voraussichtlich 1. April 2023<\/strong> f\u00fcr den Durchgangsverkehr gesperrt.<\/p>\n\n\n\n<p>F\u00fcr die Dauer der Ma\u00dfnahme wird die Hasenpfuhlstra\u00dfe beidseitig als Sackgasse ausgewiesen. Die Einbahnstra\u00dfenregelung zwischen Mittelsteg und Sonnengasse wird aufgehoben.<\/p>\n\n\n\n<p>F\u00fcr R\u00fcckfragen steht die Stra\u00dfenverkehrsbeh\u00f6rde unter der Rufnummer 14-2938 zur Verf\u00fcgung.<\/p>\n\n\n\n<p><em>Stadtverwaltung Speyer<br>21.12.2022<\/em><\/p>\n\n\n\n<h2 class=\"wp-block-heading\">Lina-Sommer-Stra\u00dfe gesperrt<\/h2>\n\n\n\n<p>Aufgrund von Leitungsarbeiten im Auftrag der Stadtwerke Speyer wird die Lina-Sommer-Stra\u00dfe zwischen der Kreuzung M\u00fchlweg und der Kreuzung Im Erlich&nbsp;<strong>ab Dienstag, 22. November bis voraussichtlich 31. Dezember 2022<\/strong>&nbsp;f\u00fcr den Durchgangsverkehr gesperrt.<\/p>\n\n\n\n<p>F\u00fcr R\u00fcckfragen steht die Stra\u00dfenverkehrsbeh\u00f6rde unter der Rufnummer 14-2938 zur Verf\u00fcgung.<\/p>\n\n\n\n<p><em>Stadtverwaltung Speyer<br>21.11.2022<\/em><\/p>\n\n\n\n<h2 class=\"wp-block-heading\">Martinskirchweg gesperrt<\/h2>\n\n\n\n<p>Wegen Kanalbauarbeiten im Auftrag der Entsorgungsbetriebe Speyer wird der Martinskirchweg im Kreuzungsbereich Petschengasse<strong>&nbsp;vom 21. November 2022 bis voraussichtlich 28. Februar 2023<\/strong>&nbsp;f\u00fcr den Durchgangsverkehr gesperrt.<\/p>\n\n\n\n<p>Der Martinskirchweg wird als Sackgasse ausgewiesen. In der Petschengasse wird die Fahrbahn verengt, sodass eine Vorrangregelung angeordnet werden muss.<\/p>\n\n\n\n<p>F\u00fcr die Dauer der Ma\u00dfnahme wird eine Umleitung eingerichtet.<\/p>\n\n\n\n<p>F\u00fcr R\u00fcckfragen steht die Stra\u00dfenverkehrsbeh\u00f6rde unter der Rufnummer 14-2938 zur Verf\u00fcgung.<\/p>\n\n\n\n<p><em>Stadtverwaltung Speyer<br>17.11.2022<\/em><\/p>\n\n\n\n<h2 class=\"wp-block-heading\">Halbes Dach gesperrt<\/h2>\n\n\n\n<p>Aufgrund der Kranstellung f\u00fcr private Bauarbeiten wird die Stra\u00dfe Halbes Dach auf H\u00f6he der Hausnummer 10&nbsp;<strong>ab Mittwoch, 2. November 2022 bis voraussichtlich 3. Februar 2023<\/strong>&nbsp;f\u00fcr den Verkehr voll gesperrt.<\/p>\n\n\n\n<p>Die Einbahnregelung in der Mehlgasse wird gedreht.<\/p>\n\n\n\n<p>F\u00fcr R\u00fcckfragen steht die Stra\u00dfenverkehrsbeh\u00f6rde unter der Telefonnummer 14-2938 zur Verf\u00fcgung.<\/p>\n\n\n\n<p><em>Stadtverwaltung Speyer<br>27.10.2022<\/em><\/p>\n\n\n\n<h2 class=\"wp-block-heading\">M\u00fchlturmstra\u00dfe gesperrt<\/h2>\n\n\n\n<p>Aufgrund von Arbeiten im Auftrag der Deutschen Bahn ist der Bahn\u00fcbergang in der M\u00fchlturmstra\u00dfe&nbsp;<strong>weiterhin bis voraussichtlich 20. Januar 2023<\/strong>&nbsp;f\u00fcr den flie\u00dfenden Verkehr und f\u00fcr Fu\u00dfg\u00e4nger komplett gesperrt.<\/p>\n\n\n\n<p>F\u00fcr R\u00fcckfragen steht die Stra\u00dfenverkehrsbeh\u00f6rde unter der Telefonnummer 14-2938 zur Verf\u00fcgung.<\/p>\n\n\n\n<p><em>Stadtverwaltung Speyer<br>02.12.2022<\/em><\/p>\n\n\n\n<h2 class=\"wp-block-heading\">Ge\u00e4nderte Verkehrsf\u00fchrung am Bahn\u00fcbergang Sch\u00fctzenstra\u00dfe nach Modernisierung durch die Deutsche Bahn<\/h2>\n\n\n\n<p>Wie am 13. Juli 2022 im gemeinsamen Verkehrsausschuss und Ausschuss f\u00fcr Stadtentwicklung, Bauen und Konversion mitgeteilt wurde, m\u00fcssen im Zuge der Modernisierung des Bahn\u00fcbergangs Sch\u00fctzenstra\u00dfe die derzeit bundesweit g\u00fcltigen Sicherheitsanforderungen umgesetzt werden. Hierbei gilt es, das Risiko eines R\u00fcckstaus auf den Gleisen auszuschlie\u00dfen.<\/p>\n\n\n\n<p>Hierzu bestehen gem\u00e4\u00df Planungen der Deutschen Bahn zwei M\u00f6glichkeiten: Ein sogenanntes vorgeschaltetes Lichtzeichen oder ein Verbot des Linksabbiegens mittels Verkehrszeichen. Wie sich im Verlauf der Modernisierungsarbeiten herausstellte, konnte die Deutsche Bahn das urspr\u00fcnglich bevorzugte vorgeschaltete Lichtzeichen nicht wie geplant bis zur Wiederinbetriebnahme des Bahn\u00fcbergangs installieren, da der Mast des vorgeschalteten Lichtzeichens aufgrund von Konflikten mit vorhandenen unterirdischen Leitungen nicht im \u00f6ffentlichen Stra\u00dfenraum platziert werden konnte. Bis eine L\u00f6sung zur Platzierung des Masts gefunden ist, muss demnach die Alternativvariante umgesetzt werden.<\/p>\n\n\n\n<p>Daher ist ab sofort ein Linksabbiegen von der Sch\u00fctzenstra\u00dfe in die Hasenstra\u00dfe nicht mehr zul\u00e4ssig. Die Zufahrt zum Oberk\u00e4mmerer-Gebiet erfolgt von S\u00fcden \u00fcber die Holzstra\u00dfe und die Br\u00fccke \u00fcber den Gie\u00dfh\u00fcbelbach oder \u00fcber den Bahn\u00fcbergang Alte Schwegenheimer Stra\u00dfe.<\/p>\n\n\n\n<p>Die Stadt Speyer bittet im Namen der Deutschen Bahn die Verkehrsteilnehmenden und Anwohnenden um Verst\u00e4ndnis f\u00fcr die Beeintr\u00e4chtigungen.<\/p>\n\n\n\n<p><em>Stadtverwaltung Speyer<br>02.09.2022<\/em><\/p>\n\n\n\n<h2 class=\"wp-block-heading\">Baustellen\u00fcbersicht der Stadt Speyer<\/h2>\n\n\n<div class=\"wp-block-image\">\n<figure class=\"aligncenter\"><img decoding=\"async\" loading=\"lazy\" width=\"800\" height=\"384\" src=\"https:\/\/speyer24news.com\/wp-content\/uploads\/2022\/03\/Baustelle-Speyer-Facebook.jpg\" alt=\"\" class=\"wp-image-43610\" srcset=\"https:\/\/speyer24news.com\/wp-content\/uploads\/2022\/03\/Baustelle-Speyer-Facebook.jpg 800w, https:\/\/speyer24news.com\/wp-content\/uploads\/2022\/03\/Baustelle-Speyer-Facebook-300x144.jpg 300w, https:\/\/speyer24news.com\/wp-content\/uploads\/2022\/03\/Baustelle-Speyer-Facebook-768x369.jpg 768w\" sizes=\"(max-width: 800px) 100vw, 800px\" \/><\/figure><\/div>\n\n\n<p>Ab sofort stellt die Stadt Speyer eine neue Baustellenliste zur Verf\u00fcgung, die die bisherige Kommunikation von laufenden und kommenden Baustellen erweitert und b\u00fcrgerfreundlicher gestaltet.<\/p>\n\n\n\n<p>Die bisher zur Verf\u00fcgung gestellte Liste \u201eAlle Baustellen\u201c f\u00fchrt alle Baustellen, die sich innerhalb des Speyerer Stadtgebiets befinden, stichpunktartig auf. Diese technische Liste gibt auch einen \u00dcberblick \u00fcber die betroffenen Sparten wie Strom, Gas, oder Wasser.<\/p>\n\n\n\n<p>Die nun neu hinzugekommene Liste \u201eWichtigste Baustellen\u201c beinhaltet Baustellen, von denen ein bedeutender Teil der Verkehrsteilnehmenden in Speyer signifikant betroffen ist, beispielsweise wegen ihrer lange Dauer und\/oder weil wichtige Stra\u00dfen im Netz betroffen sind. Es werden zus\u00e4tzlich zu den Baustellen im Speyerer Stadtgebiet auch wichtige Baustellen in der n\u00e4heren Umgebung aufgef\u00fchrt, beispielsweise auf der B9 und B39. Dar\u00fcber hinaus soll auch der in den Jahren 2023 und 2024 geplante Verkehrsversuch zum Postplatz Eingang in diese Auflistung finden. Neben dem voraussichtlichen Zeitraum und der Ursache werden auch die Umleitungen f\u00fcr die verschiedenen Verkehrsarten und bei Bedarf erg\u00e4nzende Informationen dargestellt. Am Ende der Liste findet sich ferner eine \u00dcbersicht zu m\u00f6glichen Ansprechpartner*innen.<\/p>\n\n\n\n<p>Die neue Baustellenliste ist chronologisch sortiert, sodass die B\u00fcrger*innen auf den ersten Blick neu hinzukommende Baustellen erkennen und f\u00fcr ihre n\u00e4chste Fahrt ber\u00fccksichtigen k\u00f6nnen \u2013 ohne frustriert erst an der Baustellenabsperrung wenden m\u00fcssen. Zeit- und nervenschonend f\u00fcr die B\u00fcrgerschaft \u2013 aber auch gut f\u00fcr die Umwelt, da unn\u00f6tiger Verkehr vermieden wird.<\/p>\n\n\n\n<p>Die \u00dcbersicht \u00fcber die Baustellensituation wird immer freitags aktualisiert und ist unter&nbsp;<a href=\"http:\/\/www.speyer.de\/baustellen\"><strong>www.speyer.de\/baustellen<\/strong><\/a>&nbsp;im NEWS-TICKER zu finden.<br>Des Weiteren gibt es auf der Baustellenseite der Stadt Speyer wie gewohnt detaillierte Informationen zu laufenden und kommenden Gro\u00dfbaustellen.<\/p>\n\n\n\n<p><em>Stadtverwaltung Speyer<br>18.03.2022<\/em><\/p>\n","protected":false},"excerpt":{"rendered":"<div class=\"mh-excerpt\"><p>Stadtnotizen Tourist-Info Mittwoch &amp; Donnerstagmittag geschlossen Die Stadtverwaltung informiert, dass die Tourist-Information aufgrund krankheitsbedingter personeller Ausf\u00e4lle am Mittwoch, 28. und Donnerstag 29. Dezember 2022 \u00a0\u00fcber Mittag, d.h. von 12 bis 14 Uhr, f\u00fcr den Publikumsverkehr <a class=\"mh-excerpt-more\" href=\"https:\/\/speyer24news.com\/?p=50640\" title=\"Stadtnotizen &amp; Verkehrsnotizen Speyer\">[&#8230;]<\/a><\/p>\n<\/div>","protected":false},"author":3,"featured_media":46477,"comment_status":"open","ping_status":"open","sticky":false,"template":"","format":"standard","meta":{"_monsterinsights_skip_tracking":false,"_monsterinsights_sitenote_active":false,"_monsterinsights_sitenote_note":"","_monsterinsights_sitenote_category":0,"footnotes":""},"categories":[47],"tags":[15307,13163,13640,15682,15505,8732,15416,15679,15680,15681,15535,14767,6,657,14546,1296,4036,4037,6582,658,1114],"aioseo_notices":[],"amp_enabled":true,"_links":{"self":[{"href":"https:\/\/speyer24news.com\/index.php?rest_route=\/wp\/v2\/posts\/50640"}],"collection":[{"href":"https:\/\/speyer24news.com\/index.php?rest_route=\/wp\/v2\/posts"}],"about":[{"href":"https:\/\/speyer24news.com\/index.php?rest_route=\/wp\/v2\/types\/post"}],"author":[{"embeddable":true,"href":"https:\/\/speyer24news.com\/index.php?rest_route=\/wp\/v2\/users\/3"}],"replies":[{"embeddable":true,"href":"https:\/\/speyer24news.com\/index.php?rest_route=%2Fwp%2Fv2%2Fcomments&post=50640"}],"version-history":[{"count":1,"href":"https:\/\/speyer24news.com\/index.php?rest_route=\/wp\/v2\/posts\/50640\/revisions"}],"predecessor-version":[{"id":50642,"href":"https:\/\/speyer24news.com\/index.php?rest_route=\/wp\/v2\/posts\/50640\/revisions\/50642"}],"wp:featuredmedia":[{"embeddable":true,"href":"https:\/\/speyer24news.com\/index.php?rest_route=\/wp\/v2\/media\/46477"}],"wp:attachment":[{"href":"https:\/\/speyer24news.com\/index.php?rest_route=%2Fwp%2Fv2%2Fmedia&parent=50640"}],"wp:term":[{"taxonomy":"category","embeddable":true,"href":"https:\/\/speyer24news.com\/index.php?rest_route=%2Fwp%2Fv2%2Fcategories&post=50640"},{"taxonomy":"post_tag","embeddable":true,"href":"https:\/\/speyer24news.com\/index.php?rest_route=%2Fwp%2Fv2%2Ftags&post=50640"}],"curies":[{"name":"wp","href":"https:\/\/api.w.org\/{rel}","templated":true}]}}