{"id":50848,"date":"2023-02-03T10:01:26","date_gmt":"2023-02-03T09:01:26","guid":{"rendered":"https:\/\/speyer24news.com\/?p=50848"},"modified":"2023-02-03T10:01:27","modified_gmt":"2023-02-03T09:01:27","slug":"geschwindigkeitskontrolle-blitzer-kw-06-06-02-12-02-23","status":"publish","type":"post","link":"https:\/\/speyer24news.com\/?p=50848","title":{"rendered":"Geschwindigkeitskontrolle \/ Blitzer KW 06 (06.02. \u2013 12.02.23)"},"content":{"rendered":"<style type=\"text\/css\">\r\n\t.ads_top_disp{}\r\n\t.ads_top_corner_disp{ float:left; margin:0px 10px 10px 0px; }\r\n\t.ads_first_p_disp{}\r\n\t.ads_bottom_disp{}\r\n\t<\/style>\n<h2 class=\"wp-block-heading\">(Mannheim) &#8211; Geschwindigkeitskontrollen vom 6. Februar bis 10. Februar 2023<\/h2>\n\n\n<div class=\"wp-block-image\">\n<figure class=\"aligncenter size-full\"><img decoding=\"async\" loading=\"lazy\" width=\"640\" height=\"497\" src=\"https:\/\/speyer24news.com\/wp-content\/uploads\/2020\/12\/Blitzer-2.jpg\" alt=\"\" class=\"wp-image-31937\" srcset=\"https:\/\/speyer24news.com\/wp-content\/uploads\/2020\/12\/Blitzer-2.jpg 640w, https:\/\/speyer24news.com\/wp-content\/uploads\/2020\/12\/Blitzer-2-300x233.jpg 300w\" sizes=\"(max-width: 640px) 100vw, 640px\" \/><\/figure><\/div>\n\n\n<h3 class=\"wp-block-heading\">Die Stadt Mannheim f\u00fchrt vom 6. bis 10. Februar in folgenden Stra\u00dfen mobile Geschwindigkeitskontrollen durch:<\/h3>\n\n\n\n<ul>\n<li><strong>Badenweilerstra\u00dfe (Spielstra\u00dfe)<\/strong><\/li>\n\n\n\n<li><strong>Beim Bauerspfad<\/strong><\/li>\n\n\n\n<li><strong>Eisenacher Weg (Vogelstangschule)<\/strong><\/li>\n\n\n\n<li><strong>Gutenbergstra\u00dfe<\/strong><\/li>\n\n\n\n<li><strong>James-Monroe-Ring<\/strong><\/li>\n\n\n\n<li><strong>J\u00e4gerstra\u00dfe<\/strong><\/li>\n\n\n\n<li><strong>Mannheimer Stra\u00dfe<\/strong><\/li>\n\n\n\n<li><strong>M\u00fclhauser Stra\u00dfe (Friedrichsfeldschule)<\/strong><\/li>\n\n\n\n<li><strong>Neckarhauser Stra\u00dfe<\/strong><\/li>\n\n\n\n<li><strong>Offenburger Stra\u00dfe<\/strong><\/li>\n\n\n\n<li><strong>Pommernstra\u00dfe<\/strong><\/li>\n\n\n\n<li><strong>Rastatter Stra\u00dfe<\/strong><\/li>\n\n\n\n<li><strong>R\u00fcdesheimer Stra\u00dfe<\/strong><\/li>\n\n\n\n<li><strong>Sachsenstra\u00dfe<\/strong><\/li>\n\n\n\n<li><strong>Sonnenschein<\/strong><\/li>\n\n\n\n<li><strong>Stra\u00dfburger Ring<\/strong><\/li>\n\n\n\n<li><strong>Thomas-Jefferson-Stra\u00dfe (Spielstra\u00dfe)<\/strong><\/li>\n\n\n\n<li><strong>Th\u00fcringer Stra\u00dfe<\/strong><\/li>\n\n\n\n<li><strong>Wallonenstra\u00dfe<\/strong><\/li>\n\n\n\n<li><strong>Wormser Stra\u00dfe (K\u00e4fertalschule)<\/strong><\/li>\n\n\n\n<li><strong>Z\u00e4hringerstra\u00dfe (Seckenheimschule)<\/strong><\/li>\n<\/ul>\n\n\n\n<p>Kurzfristige \u00c4nderungen oder zus\u00e4tzliche Messstellen sind aus aktuellem Anlass m\u00f6glich.<\/p>\n\n\n\n<p><em>Stadt Mannheim<br>02.02.2023<\/em><\/p>\n\n\n\n<h2 class=\"wp-block-heading\">(Ludwigshafen) &#8211; Radarkontrollen f\u00fcr die Woche vom 6. Februar bis 12. Februar 2023<\/h2>\n\n\n<div class=\"wp-block-image\">\n<figure class=\"aligncenter size-full\"><img decoding=\"async\" loading=\"lazy\" width=\"800\" height=\"600\" src=\"https:\/\/speyer24news.com\/wp-content\/uploads\/2020\/03\/Blitzer-1.jpg\" alt=\"\" class=\"wp-image-25724\" srcset=\"https:\/\/speyer24news.com\/wp-content\/uploads\/2020\/03\/Blitzer-1.jpg 800w, https:\/\/speyer24news.com\/wp-content\/uploads\/2020\/03\/Blitzer-1-300x225.jpg 300w, https:\/\/speyer24news.com\/wp-content\/uploads\/2020\/03\/Blitzer-1-768x576.jpg 768w, https:\/\/speyer24news.com\/wp-content\/uploads\/2020\/03\/Blitzer-1-678x509.jpg 678w, https:\/\/speyer24news.com\/wp-content\/uploads\/2020\/03\/Blitzer-1-326x245.jpg 326w, https:\/\/speyer24news.com\/wp-content\/uploads\/2020\/03\/Blitzer-1-80x60.jpg 80w\" sizes=\"(max-width: 800px) 100vw, 800px\" \/><\/figure><\/div>\n\n\n<h3 class=\"wp-block-heading\">Die Stadt Ludwigshafen nimmt in folgenden Stadtteilen Radarkontrollen vor:<\/h3>\n\n\n\n<ul>\n<li><strong>Montag, 6. Februar: Gartenstadt, Edigheim und Friesenheim<\/strong><\/li>\n\n\n\n<li><strong>Dienstag, 7. Februar: Maudach, Mitte und Mundenheim<\/strong><\/li>\n\n\n\n<li><strong>Mittwoch, 8. Februar: Nord, Oppau und Oggersheim<\/strong><\/li>\n\n\n\n<li><strong>Donnerstag, 9. Februar: Pfingstweide, Rheing\u00f6nheim und S\u00fcd<\/strong><\/li>\n\n\n\n<li><strong>Freitag, 10. Februar: Ruchheim, West und Edigheim<\/strong><\/li>\n\n\n\n<li><strong>Samstag, 11. Februar: Friesenheim, Oggersheim und Gartenstadt<\/strong><\/li>\n<\/ul>\n\n\n\n<p>Kurzfristige \u00c4nderungen beh\u00e4lt sich der Bereich Stra\u00dfenverkehr vor. Kontrollen k\u00f6nnen auch kurzfristig an anderen Stellen stattfinden.<\/p>\n\n\n\n<p><em>Stadt Ludwigshafen<br>02.02.2023<\/em><\/p>\n\n\n\n<h2 class=\"wp-block-heading\">(Pr\u00e4sidialbereich Rheinpfalz) \u2013 Geschwindigkeitskontrollen im Februar 2023<\/h2>\n\n\n<div class=\"wp-block-image\">\n<figure class=\"aligncenter\"><img decoding=\"async\" loading=\"lazy\" width=\"800\" height=\"450\" src=\"https:\/\/speyer24news.com\/wp-content\/uploads\/2020\/12\/Blitzer-Logo.jpg\" alt=\"\" class=\"wp-image-31938\" srcset=\"https:\/\/speyer24news.com\/wp-content\/uploads\/2020\/12\/Blitzer-Logo.jpg 800w, https:\/\/speyer24news.com\/wp-content\/uploads\/2020\/12\/Blitzer-Logo-300x169.jpg 300w, https:\/\/speyer24news.com\/wp-content\/uploads\/2020\/12\/Blitzer-Logo-768x432.jpg 768w, https:\/\/speyer24news.com\/wp-content\/uploads\/2020\/12\/Blitzer-Logo-678x381.jpg 678w\" sizes=\"(max-width: 800px) 100vw, 800px\" \/><\/figure><\/div>\n\n\n<h3 class=\"wp-block-heading\">Im Bereich der&nbsp;<strong>Polizeidirektion Ludwigshafen<\/strong>&nbsp;finden wie folgt Kontrollen statt:<\/h3>\n\n\n\n<ul>\n<li><strong>07.02.2023 im Bereich Frankenthal<\/strong><\/li>\n\n\n\n<li><strong>17.02.2023 im Bereich R\u00f6merberg<\/strong><\/li>\n\n\n\n<li><strong>23.02.2023 im Bereich Limburgerhof<\/strong><\/li>\n<\/ul>\n\n\n\n<h3 class=\"wp-block-heading\">Im Bereich der&nbsp;<strong>Polizeidirektion Landau<\/strong>&nbsp;finden wie folgt Kontrollen statt:<\/h3>\n\n\n\n<ul>\n<li><strong>08.02.2023 im Bereich Germersheim<\/strong><\/li>\n\n\n\n<li><strong>09.02.2023 im Bereich Kandel<\/strong><\/li>\n\n\n\n<li><strong>15.02.2023 im Bereich Albersweiler<\/strong><\/li>\n\n\n\n<li><strong>20.02.2023 im Bereich Bornheim<\/strong><\/li>\n<\/ul>\n\n\n\n<h3 class=\"wp-block-heading\">Im Bereich der&nbsp;<strong>Polizeidirektion Neustadt<\/strong>&nbsp;finden wie folgt Kontrollen statt:<\/h3>\n\n\n\n<ul>\n<li><strong>13.02.2023 im Bereich Neustadt-Geinsheim<\/strong><\/li>\n\n\n\n<li><strong>14.02.2023 im Bereich Ha\u00dfloch<\/strong><\/li>\n\n\n\n<li><strong>21.02.2023 im Bereich Bad D\u00fcrkheim<\/strong><\/li>\n\n\n\n<li><strong>27.02.2023 im Bereich Hettenleidelheim<\/strong><\/li>\n<\/ul>\n\n\n\n<p>Die Polizei weist ausdr\u00fccklich darauf hin, dass Kontrollen auch au\u00dferhalb der genannten Zeiten und \u00d6rtlichkeiten stattfinden.<\/p>\n\n\n\n<p><em>Polizeipr\u00e4sidium Rheinpfalz<br>31.01.2023<\/em><\/p>\n","protected":false},"excerpt":{"rendered":"<div class=\"mh-excerpt\"><p>(Mannheim) &#8211; Geschwindigkeitskontrollen vom 6. Februar bis 10. Februar 2023 Die Stadt Mannheim f\u00fchrt vom 6. bis 10. Februar in folgenden Stra\u00dfen mobile Geschwindigkeitskontrollen durch: Kurzfristige \u00c4nderungen oder zus\u00e4tzliche Messstellen sind aus aktuellem Anlass m\u00f6glich. <a class=\"mh-excerpt-more\" href=\"https:\/\/speyer24news.com\/?p=50848\" title=\"Geschwindigkeitskontrolle \/ Blitzer KW 06 (06.02. \u2013 12.02.23)\">[&#8230;]<\/a><\/p>\n<\/div>","protected":false},"author":3,"featured_media":33649,"comment_status":"open","ping_status":"open","sticky":false,"template":"","format":"standard","meta":{"_monsterinsights_skip_tracking":false,"_monsterinsights_sitenote_active":false,"_monsterinsights_sitenote_note":"","_monsterinsights_sitenote_category":0,"footnotes":""},"categories":[64],"tags":[18,7702,4819,4814,7703,19,5148,4822,4817,5149,4228,947,5146,4820,4815,5147,58,779,5152,4821,4816,5153,153,56,59,227,17,7699,7068,7004,7700,949,5150,4818,4813,5151,1310,948,10894,10893],"aioseo_notices":[],"amp_enabled":true,"_links":{"self":[{"href":"https:\/\/speyer24news.com\/index.php?rest_route=\/wp\/v2\/posts\/50848"}],"collection":[{"href":"https:\/\/speyer24news.com\/index.php?rest_route=\/wp\/v2\/posts"}],"about":[{"href":"https:\/\/speyer24news.com\/index.php?rest_route=\/wp\/v2\/types\/post"}],"author":[{"embeddable":true,"href":"https:\/\/speyer24news.com\/index.php?rest_route=\/wp\/v2\/users\/3"}],"replies":[{"embeddable":true,"href":"https:\/\/speyer24news.com\/index.php?rest_route=%2Fwp%2Fv2%2Fcomments&post=50848"}],"version-history":[{"count":1,"href":"https:\/\/speyer24news.com\/index.php?rest_route=\/wp\/v2\/posts\/50848\/revisions"}],"predecessor-version":[{"id":50849,"href":"https:\/\/speyer24news.com\/index.php?rest_route=\/wp\/v2\/posts\/50848\/revisions\/50849"}],"wp:featuredmedia":[{"embeddable":true,"href":"https:\/\/speyer24news.com\/index.php?rest_route=\/wp\/v2\/media\/33649"}],"wp:attachment":[{"href":"https:\/\/speyer24news.com\/index.php?rest_route=%2Fwp%2Fv2%2Fmedia&parent=50848"}],"wp:term":[{"taxonomy":"category","embeddable":true,"href":"https:\/\/speyer24news.com\/index.php?rest_route=%2Fwp%2Fv2%2Fcategories&post=50848"},{"taxonomy":"post_tag","embeddable":true,"href":"https:\/\/speyer24news.com\/index.php?rest_route=%2Fwp%2Fv2%2Ftags&post=50848"}],"curies":[{"name":"wp","href":"https:\/\/api.w.org\/{rel}","templated":true}]}}