{"id":50869,"date":"2023-02-04T09:38:33","date_gmt":"2023-02-04T08:38:33","guid":{"rendered":"https:\/\/speyer24news.com\/?p=50869"},"modified":"2023-02-04T09:38:34","modified_gmt":"2023-02-04T08:38:34","slug":"speyer-156","status":"publish","type":"post","link":"https:\/\/speyer24news.com\/?p=50869","title":{"rendered":"Speyer"},"content":{"rendered":"<style type=\"text\/css\">\r\n\t.ads_top_disp{}\r\n\t.ads_top_corner_disp{ float:left; margin:0px 10px 10px 0px; }\r\n\t.ads_first_p_disp{}\r\n\t.ads_bottom_disp{}\r\n\t<\/style>\n<h2 class=\"wp-block-heading\">Stadt b\u00fcndelt Informationen zur Notfallvorsorge<\/h2>\n\n\n<div class=\"wp-block-image\">\n<figure class=\"aligncenter size-full\"><img decoding=\"async\" loading=\"lazy\" width=\"800\" height=\"530\" src=\"https:\/\/speyer24news.com\/wp-content\/uploads\/2023\/02\/image00014.jpg\" alt=\"\" class=\"wp-image-50870\" srcset=\"https:\/\/speyer24news.com\/wp-content\/uploads\/2023\/02\/image00014.jpg 800w, https:\/\/speyer24news.com\/wp-content\/uploads\/2023\/02\/image00014-300x199.jpg 300w, https:\/\/speyer24news.com\/wp-content\/uploads\/2023\/02\/image00014-768x509.jpg 768w\" sizes=\"(max-width: 800px) 100vw, 800px\" \/><\/figure><\/div>\n\n\n<p>Die Corona-Pandemie, die Flut an der Ahr und zuletzt auch die drohende Energiemangellage haben gezeigt, dass es wichtig ist, dass das Thema Notfallvorsorge wieder st\u00e4rker in der Gesellschaft verankert und das Krisenbewusstsein der Bev\u00f6lkerung allgemein gest\u00e4rkt wird. Um die Menschen daf\u00fcr zu sensibilisieren, stellt die Stadtverwaltung Speyer ab sofort unter&nbsp;<a href=\"https:\/\/deref-web.de\/mail\/client\/A_X-bo5CSJs\/dereferrer\/?redirectUrl=http%3A%2F%2Fwww.speyer.de%2Fnotfallvorsorge\" target=\"_blank\" rel=\"noreferrer noopener\">www.speyer.de\/notfallvorsorge<\/a>&nbsp;die wichtigsten Informationen dazu geb\u00fcndelt zur Verf\u00fcgung.<\/p>\n\n\n\n<p>\u201eIch appelliere an die B\u00fcrgerinnen und B\u00fcrger unserer Stadt, sich diese Informationen durchzulesen und einzupr\u00e4gen \u2013 idealerweise bevor sie tats\u00e4chlich ben\u00f6tigt werden. Denn gerade in Krisensituationen ist es wichtig, auf vorhandene und bereits verinnerlichte Informationen zur\u00fcckgreifen zu k\u00f6nnen, um auch unter Stress und in einer Ausnahmesituation zu wissen, wie man handeln muss\u201c, unterstreicht Oberb\u00fcrgermeisterin Stefanie Seiler.<\/p>\n\n\n\n<p>Brand- und Katastrophenschutzinspekteur Peter Eymann erg\u00e4nzt: \u201eStadt und Katastrophenschutz tun ihr Bestes, um auf extreme Krisenlagen gut vorbereitet zu sein und die kritische Infrastruktur zu sch\u00fctzen. Insgesamt kann die Bew\u00e4ltigung solcher Szenarien aber nur unter Mitwirkung der B\u00fcrgerschaft gelingen, die ihre Pflicht zur Vorsorge und Selbsthilfef\u00e4higkeit ernst nimmt und entsprechend vorbereitet ist\u201c.<\/p>\n\n\n\n<p>Welcher Sirenenton bedeutet was? Welche analogen Anlaufstellen gibt es im Falle einer langfristigen St\u00f6rung der kritischen Infrastruktur? Welchen Notvorrat und welche weiteren Produkte sollte ich als Privatperson stets zu Hause vorhalten? Wohin kann ich mich wenden, wenn ich meine Energierechnung nicht begleichen kann oder anderweitig in Not gerate? Auf diese und viele weiteren Fragen gibt die neu eingerichtete Website zum Thema Notfallvorsorge Auskunft.<\/p>\n\n\n\n<p>B\u00fcrger*innen, die Informationen oder Themenkomplexe auf der Seite vermissen, k\u00f6nnen sich gerne mit ihren Anregungen an\u00a0<a href=\"mailto:internet@stadt-speyer.de\" target=\"_blank\" rel=\"noreferrer noopener\">internet@stadt-speyer.de<\/a>\u00a0wenden.<\/p>\n\n\n\n<p><em>Stadtverwaltung Speyer<br>25.01.2023<\/em><\/p>\n","protected":false},"excerpt":{"rendered":"<div class=\"mh-excerpt\"><p>Stadt b\u00fcndelt Informationen zur Notfallvorsorge Die Corona-Pandemie, die Flut an der Ahr und zuletzt auch die drohende Energiemangellage haben gezeigt, dass es wichtig ist, dass das Thema Notfallvorsorge wieder st\u00e4rker in der Gesellschaft verankert und <a class=\"mh-excerpt-more\" href=\"https:\/\/speyer24news.com\/?p=50869\" title=\"Speyer\">[&#8230;]<\/a><\/p>\n<\/div>","protected":false},"author":3,"featured_media":46477,"comment_status":"open","ping_status":"open","sticky":false,"template":"","format":"standard","meta":{"_monsterinsights_skip_tracking":false,"_monsterinsights_sitenote_active":false,"_monsterinsights_sitenote_note":"","_monsterinsights_sitenote_category":0,"footnotes":""},"categories":[9],"tags":[15177,6558,15626,15490,15491,15715,6],"aioseo_notices":[],"amp_enabled":true,"_links":{"self":[{"href":"https:\/\/speyer24news.com\/index.php?rest_route=\/wp\/v2\/posts\/50869"}],"collection":[{"href":"https:\/\/speyer24news.com\/index.php?rest_route=\/wp\/v2\/posts"}],"about":[{"href":"https:\/\/speyer24news.com\/index.php?rest_route=\/wp\/v2\/types\/post"}],"author":[{"embeddable":true,"href":"https:\/\/speyer24news.com\/index.php?rest_route=\/wp\/v2\/users\/3"}],"replies":[{"embeddable":true,"href":"https:\/\/speyer24news.com\/index.php?rest_route=%2Fwp%2Fv2%2Fcomments&post=50869"}],"version-history":[{"count":1,"href":"https:\/\/speyer24news.com\/index.php?rest_route=\/wp\/v2\/posts\/50869\/revisions"}],"predecessor-version":[{"id":50871,"href":"https:\/\/speyer24news.com\/index.php?rest_route=\/wp\/v2\/posts\/50869\/revisions\/50871"}],"wp:featuredmedia":[{"embeddable":true,"href":"https:\/\/speyer24news.com\/index.php?rest_route=\/wp\/v2\/media\/46477"}],"wp:attachment":[{"href":"https:\/\/speyer24news.com\/index.php?rest_route=%2Fwp%2Fv2%2Fmedia&parent=50869"}],"wp:term":[{"taxonomy":"category","embeddable":true,"href":"https:\/\/speyer24news.com\/index.php?rest_route=%2Fwp%2Fv2%2Fcategories&post=50869"},{"taxonomy":"post_tag","embeddable":true,"href":"https:\/\/speyer24news.com\/index.php?rest_route=%2Fwp%2Fv2%2Ftags&post=50869"}],"curies":[{"name":"wp","href":"https:\/\/api.w.org\/{rel}","templated":true}]}}