{"id":50873,"date":"2023-02-04T09:57:24","date_gmt":"2023-02-04T08:57:24","guid":{"rendered":"https:\/\/speyer24news.com\/?p=50873"},"modified":"2023-02-04T09:57:26","modified_gmt":"2023-02-04T08:57:26","slug":"speyer-157","status":"publish","type":"post","link":"https:\/\/speyer24news.com\/?p=50873","title":{"rendered":"Speyer"},"content":{"rendered":"<style type=\"text\/css\">\r\n\t.ads_top_disp{}\r\n\t.ads_top_corner_disp{ float:left; margin:0px 10px 10px 0px; }\r\n\t.ads_first_p_disp{}\r\n\t.ads_bottom_disp{}\r\n\t<\/style>\n<h2 class=\"wp-block-heading\">Stadt unterst\u00fctzt Aktion \u201eOne Billion Rising\u201c und setzt ein Zeichen gegen Gewalt gegen Frauen<\/h2>\n\n\n<div class=\"wp-block-image\">\n<figure class=\"aligncenter size-full\"><img decoding=\"async\" loading=\"lazy\" width=\"600\" height=\"600\" src=\"https:\/\/speyer24news.com\/wp-content\/uploads\/2023\/02\/germany-deutschland-2023-onebillionrising-riseforfreedom-400-1.jpg\" alt=\"\" class=\"wp-image-50874\" srcset=\"https:\/\/speyer24news.com\/wp-content\/uploads\/2023\/02\/germany-deutschland-2023-onebillionrising-riseforfreedom-400-1.jpg 600w, https:\/\/speyer24news.com\/wp-content\/uploads\/2023\/02\/germany-deutschland-2023-onebillionrising-riseforfreedom-400-1-300x300.jpg 300w, https:\/\/speyer24news.com\/wp-content\/uploads\/2023\/02\/germany-deutschland-2023-onebillionrising-riseforfreedom-400-1-150x150.jpg 150w\" sizes=\"(max-width: 600px) 100vw, 600px\" \/><\/figure><\/div>\n\n\n<p>Auch in diesem Jahr unterst\u00fctzt die Stadt die weltweite Kampagne \u201eOne Billion Rising\u201c mit einer Aktion in Speyer. OBR setzt sich f\u00fcr ein Ende der Gewalt gegen Frauen und M\u00e4dchen ein, denn jede dritte Frau weltweit ist oder war bereits Opfer von Gewalt.<\/p>\n\n\n\n<p>Allj\u00e4hrlich am Valentinstag werden Frauen und M\u00e4nner dazu aufgerufen, gemeinsam auf die Stra\u00dfe zu gehen und zu tanzen. Seit 2015 findet in Speyer aus diesem Anlass ein Flashmob auf dem Geschirrpl\u00e4tzel statt.<\/p>\n\n\n\n<p>\u201eGemeinsam wollen wir uns gegen Gewalt und f\u00fcr die Rechte von Frauen erheben\u201c, motiviert Sozialdezernentin Monika Kabs die Speyererinnen und Speyerer, sich an der Kampagne vor Ort zu beteiligen.<\/p>\n\n\n\n<p>\u201eGerade die j\u00fcngsten Ereignisse im Iran haben eindr\u00fccklich gezeigt, dass wir nicht nachlassen d\u00fcrfen, Solidarit\u00e4t zu zeigen. Der Freiheitskampf beschr\u00e4nkt sich dabei nicht auf den Iran, sondern ist etwas, das die ganze Welt betrifft und fortw\u00e4hrend ins Licht ger\u00fcckt werden muss\u201c, unterstreicht Oberb\u00fcrgermeisterin Stefanie Seiler und dankt ebenso wie B\u00fcrgermeisterin Monika Kabs den Mitarbeitenden der Stadtverwaltung f\u00fcr die tatkr\u00e4ftige Begleitung der Aktion.<\/p>\n\n\n\n<p>Die Gleichstellungsstelle der Stadt Speyer unterst\u00fctzt weiterhin als Kooperationspartner die Veranstalter*innen der diesj\u00e4hrigen Aktion: die Courage-Arbeitsgemeinschaften der Burgfeldschule, des Gymnasiums am Kaiserdom sowie des Edith-Stein-Gymnasiums. Weitere Unterst\u00fctzende sind u.a. der Frauen- und M\u00e4dchen-Notruf Speyer, der Soroptimist Club Speyer und der Jugendstadtrat.<\/p>\n\n\n\n<h3 class=\"wp-block-heading\">\u00d6ffentliche Proben f\u00fcr den Tanz-Flashmob finden statt am<\/h3>\n\n\n\n<ul>\n<li><strong>Samstag, 4. Februar 2023 um 11 Uhr mit Julianna Schilling im Tanzwerk (Ziegelofenweg 46d),<\/strong><\/li>\n\n\n\n<li><strong>Donnerstag, 9. Februar 2023 um 11 Uhr im Seniorenb\u00fcro der Stadt Speyer (Maulbronner Hof 1a)<\/strong><\/li>\n\n\n\n<li><strong>Freitag, 10. Februar 2023 um 17 Uhr mit Chris Maillot im Fit-to-Dance (Daimlerstr. 8),<\/strong><\/li>\n\n\n\n<li><strong>Samstag, 11. Februar 2023 um 11 Uhr in der Turnhalle des Edith-Stein-Gymnasiums (Langensteinweg 5).<\/strong><\/li>\n<\/ul>\n\n\n\n<p>Wer an den Proben nicht teilnehmen kann, hat die M\u00f6glichkeit, den Tanz online einzustudieren. Das Video zum Tanz sowie weitere Informationen sind auf der Homepage der Stadt Speyer unter\u00a0<a href=\"https:\/\/deref-web.de\/mail\/client\/3hjAixI9SqY\/dereferrer\/?redirectUrl=http%3A%2F%2Fwww.speyer.de%2Fde%2Ffamilie-und-soziales%2Ffrauen%2Fone-billion-rising\" target=\"_blank\" rel=\"noreferrer noopener\">www.speyer.de\/de\/familie-und-soziales\/frauen\/one-billion-rising<\/a>\u00a0abrufbar.<\/p>\n\n\n\n<h3 class=\"wp-block-heading\">Ein Video der Veranstaltung von 2020 finden Sie hier:<\/h3>\n\n\n\n<figure class=\"wp-block-embed is-type-video is-provider-youtube wp-block-embed-youtube wp-embed-aspect-16-9 wp-has-aspect-ratio\"><div class=\"wp-block-embed__wrapper\">\n<iframe loading=\"lazy\" title=\"One Billion Raising - Tanz\" width=\"500\" height=\"281\" src=\"https:\/\/www.youtube.com\/embed\/ZpKqDxh8Ztc?feature=oembed\" frameborder=\"0\" allow=\"accelerometer; autoplay; clipboard-write; encrypted-media; gyroscope; picture-in-picture; web-share\" allowfullscreen><\/iframe>\n<\/div><\/figure>\n\n\n\n<p><em>Text: Stadtverwaltung Speyer Foto: OBR2023 Video: Speyer 24\/7 News<br>02.02.2023<\/em><\/p>\n","protected":false},"excerpt":{"rendered":"<div class=\"mh-excerpt\"><p>Stadt unterst\u00fctzt Aktion \u201eOne Billion Rising\u201c und setzt ein Zeichen gegen Gewalt gegen Frauen Auch in diesem Jahr unterst\u00fctzt die Stadt die weltweite Kampagne \u201eOne Billion Rising\u201c mit einer Aktion in Speyer. OBR setzt sich <a class=\"mh-excerpt-more\" href=\"https:\/\/speyer24news.com\/?p=50873\" title=\"Speyer\">[&#8230;]<\/a><\/p>\n<\/div>","protected":false},"author":3,"featured_media":25074,"comment_status":"open","ping_status":"open","sticky":false,"template":"","format":"standard","meta":{"_monsterinsights_skip_tracking":false,"_monsterinsights_sitenote_active":false,"_monsterinsights_sitenote_note":"","_monsterinsights_sitenote_category":0,"footnotes":""},"categories":[9],"tags":[15718,15720,15722,15723,15721,5867,15716,15717,5869,15719,6],"aioseo_notices":[],"amp_enabled":true,"_links":{"self":[{"href":"https:\/\/speyer24news.com\/index.php?rest_route=\/wp\/v2\/posts\/50873"}],"collection":[{"href":"https:\/\/speyer24news.com\/index.php?rest_route=\/wp\/v2\/posts"}],"about":[{"href":"https:\/\/speyer24news.com\/index.php?rest_route=\/wp\/v2\/types\/post"}],"author":[{"embeddable":true,"href":"https:\/\/speyer24news.com\/index.php?rest_route=\/wp\/v2\/users\/3"}],"replies":[{"embeddable":true,"href":"https:\/\/speyer24news.com\/index.php?rest_route=%2Fwp%2Fv2%2Fcomments&post=50873"}],"version-history":[{"count":1,"href":"https:\/\/speyer24news.com\/index.php?rest_route=\/wp\/v2\/posts\/50873\/revisions"}],"predecessor-version":[{"id":50875,"href":"https:\/\/speyer24news.com\/index.php?rest_route=\/wp\/v2\/posts\/50873\/revisions\/50875"}],"wp:featuredmedia":[{"embeddable":true,"href":"https:\/\/speyer24news.com\/index.php?rest_route=\/wp\/v2\/media\/25074"}],"wp:attachment":[{"href":"https:\/\/speyer24news.com\/index.php?rest_route=%2Fwp%2Fv2%2Fmedia&parent=50873"}],"wp:term":[{"taxonomy":"category","embeddable":true,"href":"https:\/\/speyer24news.com\/index.php?rest_route=%2Fwp%2Fv2%2Fcategories&post=50873"},{"taxonomy":"post_tag","embeddable":true,"href":"https:\/\/speyer24news.com\/index.php?rest_route=%2Fwp%2Fv2%2Ftags&post=50873"}],"curies":[{"name":"wp","href":"https:\/\/api.w.org\/{rel}","templated":true}]}}