{"id":50877,"date":"2023-02-04T11:09:27","date_gmt":"2023-02-04T10:09:27","guid":{"rendered":"https:\/\/speyer24news.com\/?p=50877"},"modified":"2023-02-04T11:09:31","modified_gmt":"2023-02-04T10:09:31","slug":"polizeimeldungen-freitag-03-02-2023","status":"publish","type":"post","link":"https:\/\/speyer24news.com\/?p=50877","title":{"rendered":"Polizeimeldungen Freitag (03.02.2023)"},"content":{"rendered":"<style type=\"text\/css\">\r\n\t.ads_top_disp{}\r\n\t.ads_top_corner_disp{ float:left; margin:0px 10px 10px 0px; }\r\n\t.ads_first_p_disp{}\r\n\t.ads_bottom_disp{}\r\n\t<\/style>\n<h2 class=\"wp-block-heading\">Polizeimeldungen vom Freitag (03.02.2023)<\/h2>\n\n\n<div class=\"wp-block-image\">\n<figure class=\"aligncenter size-full\"><img decoding=\"async\" loading=\"lazy\" width=\"375\" height=\"500\" src=\"https:\/\/speyer24news.com\/wp-content\/uploads\/2022\/03\/Aktuelles-Polizeilogo.jpg\" alt=\"\" class=\"wp-image-43591\" srcset=\"https:\/\/speyer24news.com\/wp-content\/uploads\/2022\/03\/Aktuelles-Polizeilogo.jpg 375w, https:\/\/speyer24news.com\/wp-content\/uploads\/2022\/03\/Aktuelles-Polizeilogo-225x300.jpg 225w\" sizes=\"(max-width: 375px) 100vw, 375px\" \/><\/figure><\/div>\n\n\n<h2 class=\"wp-block-heading\">(Speyer) &#8211; Ladendieb kann durch Zeugen an der Flucht gehindert werden<\/h2>\n\n\n\n<p>Am 02.02.2023 gegen 15:00 Uhr konnte ein 53- j\u00e4hriger Mann durch einen bislang unbekannten Zeugen beobachtet werden, wie er den Kassenbereich eines Supermarktes in der Iggelheimer Stra\u00dfe verlassen wollte, ohne alle Waren bezahlt zu haben. Der unbekannte Zeuge sprach den Tatverd\u00e4chtigen deshalb im Bereich der Kasse an. Der 53-J\u00e4hrige fl\u00fcchtete in Richtung Parkplatz. Dort konnte er durch mehrere Zeugen an der Flucht gehindert werden. Auf dem Parkplatz kam es dabei kurzzeitig zu einem Gerangel. Verletzt wurde niemand. Der Mann h\u00e4ndigte im Markt acht Packungen Butter aus, welche er in der Jackentasche verstaut hatte. Der oben genannte unbekannte Zeuge wird gebeten, sich unter der Rufnummer 06232\/137-0 oder per Email (<a href=\"mailto:pispeyer@polizei.rlp.de\">pispeyer@polizei.rlp.de<\/a>) bei der Polizei Speyer zu melden.<\/p>\n\n\n\n<h2 class=\"wp-block-heading\">(Schifferstadt) &#8211; Fl\u00fcchtiger Radfahrer in Schifferstadt gesucht<\/h2>\n\n\n\n<p>Am Donnerstag, 02.02.2023, im Zeitraum von 13:00 -14:30 Uhr, ereignete sich in der Denisstra\u00dfe in Schifferstadt ein Verkehrsunfall. Hierbei streifte vermutlich ein Radfahrer beim Vorbeifahren einen geparkten grauen VW und entfernte sich anschlie\u00dfend von der Unfallstelle, ohne seine Personalien zu hinterlassen. Hinweise zur Identit\u00e4t der unfallverursachenden Person bitte an die Polizei Schifferstadt unter 06235-4950 oder per E-Mail,\u00a0<a href=\"mailto:pischifferstadt@polizei.rlp.de\">pischifferstadt@polizei.rlp.de<\/a>\u00a0.<\/p>\n\n\n\n<h2 class=\"wp-block-heading\">(Limburgerhof) &#8211; Ladendiebe unterwegs<\/h2>\n\n\n<div class=\"wp-block-image\">\n<figure class=\"aligncenter size-full\"><img decoding=\"async\" loading=\"lazy\" width=\"801\" height=\"600\" src=\"https:\/\/speyer24news.com\/wp-content\/uploads\/2020\/05\/Zeugen-gesucht-Neutral.jpg\" alt=\"\" class=\"wp-image-26598\" srcset=\"https:\/\/speyer24news.com\/wp-content\/uploads\/2020\/05\/Zeugen-gesucht-Neutral.jpg 801w, https:\/\/speyer24news.com\/wp-content\/uploads\/2020\/05\/Zeugen-gesucht-Neutral-300x225.jpg 300w, https:\/\/speyer24news.com\/wp-content\/uploads\/2020\/05\/Zeugen-gesucht-Neutral-768x575.jpg 768w, https:\/\/speyer24news.com\/wp-content\/uploads\/2020\/05\/Zeugen-gesucht-Neutral-678x509.jpg 678w, https:\/\/speyer24news.com\/wp-content\/uploads\/2020\/05\/Zeugen-gesucht-Neutral-326x245.jpg 326w, https:\/\/speyer24news.com\/wp-content\/uploads\/2020\/05\/Zeugen-gesucht-Neutral-80x60.jpg 80w\" sizes=\"(max-width: 801px) 100vw, 801px\" \/><\/figure><\/div>\n\n\n<p>Am Donnerstagabend kam es gegen 19:20 Uhr zu einem Ladendiebstahl in einem Supermarkt in der Landauer Stra\u00dfe. <strong>Zwei unbekannte m\u00e4nnliche Personen (ca. 20-22 Jahre alt, ca. 1,80m gro\u00df, dunkel gekleidet)<\/strong>, welche zusammen in dem Gesch\u00e4ft waren, entwendeten in ihren Rucks\u00e4cken eine bislang unbestimmte Anzahl an Gegenst\u00e4nden. Einer der beiden T\u00e4ter trug einen Bart. Gegen 19:30 Uhr kam es zu einem versuchten Ladendiebstahl in einem Discounter auf der Friedensau. Hierbei wurde ein <strong>m\u00e4nnlicher T\u00e4ter (ca. 40 Jahre alt, trug Vollbart, sowie eine rote Jacke und eine graue Kappe<\/strong>) von einem Mitarbeiter vor dem Ausgang erwischt, da dieser Lebensmittel im Wert von ca. 100 Euro an der Kasse nicht bezahlte und den Laden verlassen wollte. Der T\u00e4ter legte die Lebensmittel wieder zur\u00fcck und fl\u00fcchtete. Zeugenhinweise nimmt die Polizei Schifferstadt unter der 06235 495-0 oder per E-Mail\u00a0<a href=\"mailto:pischifferstadt@polizei.rlp.de\">pischifferstadt@polizei.rlp.de<\/a>\u00a0entgegen.<\/p>\n\n\n\n<h2 class=\"wp-block-heading\">(Neuhofen) &#8211; Wohnungsbrand in Mehrfamilienhaus<\/h2>\n\n\n\n<p>Am 02.02.2023 gegen 19.40 Uhr, kam es in einem 15-st\u00f6ckigen Mehrfamilienhaus zu einem Brand. Ersten Ermittlungen zufolge entstand der Brand in der K\u00fcche einer Wohnung in der obersten Etage. Sowohl die Personen in der betroffenen Wohneinheit als auch die sonstigen Bewohnerinnen und Bewohner des Anwesens, blieben unverletzt. Der Brand wurde vollst\u00e4ndig gel\u00f6scht. Die Brandwohnung ist aktuell nicht bewohnbar. Der entstandene Sachschaden wird auf etwa 30.000 Euro gesch\u00e4tzt. Die weiteren Ermittlungen dauern an.<\/p>\n\n\n\n<h2 class=\"wp-block-heading\">(B\u00f6hl-Iggelheim) &#8211; Unfallflucht \/ fl\u00fcchtiges Fahrzeug ermittelt<\/h2>\n\n\n\n<p>Am Donnerstagmittag, gegen 14:20 Uhr, fuhr eine 70-j\u00e4hrige PKW-Fahrerin die L454 von B\u00f6hl-Iggelheim aus kommend in Fahrtrichtung Schifferstadt. Etwa auf H\u00f6he des Niederwiesenweihers kam der Fahrerin ein Transporter auf ihrer Fahrspur entgegen. Die 70-J\u00e4hrige wich dem Transporter auf der Gegenspur aus, jedoch streifte der Transporter seitlich den PKW, sodass die Fahrerin die Kontrolle verlor und im Gr\u00fcnstreifen zum Stillstand kam. Der Transporter entfernte sich in Richtung B\u00f6hl-Iggelheim. Im Rahmen der sofort eingeleiteten Fahndung konnte der besch\u00e4digte Transporter mit Hilfe eines Zeugenhinweises kurze Zeit sp\u00e4ter im Bereich des Bahnhofs in B\u00f6hl-Iggelheim festgestellt werden. Im Laderaum des verschlossenen Transporters wurden die Beamten auf eine m\u00e4nnliche Person aufmerksam. Nachdem die Person trotz mehrfacher Ansprache nicht reagierte, wurde eine Seitenscheibe besch\u00e4digt, um das Fahrzeug von innen zu \u00f6ffnen. Bei dem 35-J\u00e4hrigen konnte der Fahrzeugschl\u00fcssel aufgefunden werden, weiterhin ergab ein Alkoholtest 1,9 Promille. Nach derzeitigen Ermittlungsstand d\u00fcrfte es sich hierbei um den Fahrzeugf\u00fchrer zum Unfallzeitpunkt gehandelt haben. Auf der Dienststelle erfolgte eine Blutentnahme, der Fahrzeughalter wurde \u00fcber die Besch\u00e4digung am Transporter in Kenntnis gesetzt. Ein Ermittlungsverfahren wegen Fahrerflucht und Gef\u00e4hrdung des Stra\u00dfenverkehrs wurde eingeleitet. Die 70-J\u00e4hrige und der 35-J\u00e4hrige blieben unverletzt, an beiden Fahrzeugen entstand Sachschaden von insgesamt etwa 12.500 Euro. Der PKW der 70-J\u00e4hrigen wurde abgeschleppt.<\/p>\n\n\n\n<h2 class=\"wp-block-heading\">(Harthausen) &#8211; Erst Unfall unter Alkoholeinfluss gebaut und dann gefl\u00fcchtet<\/h2>\n\n\n\n<p>Am 02.02.2023 gegen 13:05 Uhr versuchte eine 49-J\u00e4hrige Frau mit ihrem PKW im Falltorweg vorw\u00e4rts auf einem Parkplatz einzuparken. Dabei touchierte sie den neben ihr befindlichen PKW und es entstand ein Schaden von ca. 500 Euro. Sie verlie\u00df die Unfall\u00f6rtlichkeit ohne sich um den entstanden Schaden zu k\u00fcmmern. Als die Gesch\u00e4digte Fahrzeughalterin an ihrem Fahrzeug erschien, ermittelte sie die Unfallverursacherin und verst\u00e4ndigte die Polizei. Bei der Unfallaufnahme stellten die Beamten bei der 49-J\u00e4hrigen Frau Atemalkoholgeruch fest. Au\u00dferdem konnte sie keine g\u00fcltige Fahrerlaubnis vorweisen. Diese war ihr aufgrund einer Stra\u00dfenverkehrsgef\u00e4hrdung vor mehreren Jahren bereits entzogen worden. Der Dame wurde eine Blutprobe entnommen und die Weiterfahrt untersagt.<\/p>\n\n\n\n<h2 class=\"wp-block-heading\">(Bellheim) &#8211; ACHTUNG Fake News!!!<\/h2>\n\n\n<div class=\"wp-block-image\">\n<figure class=\"aligncenter size-full\"><img decoding=\"async\" loading=\"lazy\" width=\"800\" height=\"568\" src=\"https:\/\/speyer24news.com\/wp-content\/uploads\/2021\/07\/Fake.jpg\" alt=\"\" class=\"wp-image-38954\" srcset=\"https:\/\/speyer24news.com\/wp-content\/uploads\/2021\/07\/Fake.jpg 800w, https:\/\/speyer24news.com\/wp-content\/uploads\/2021\/07\/Fake-300x213.jpg 300w, https:\/\/speyer24news.com\/wp-content\/uploads\/2021\/07\/Fake-768x545.jpg 768w\" sizes=\"(max-width: 800px) 100vw, 800px\" \/><\/figure><\/div>\n\n\n<p>Derzeit kursiert in den sozialen Netzwerken (Facebook, WhatsApp) ein Post, in dem von einer seit vier Tagen in Bellheim vermissten 5-j\u00e4hrigen namens &#8222;Julie&#8220; die Rede ist. Ein \u00e4hnlicher Text wird bereits seit Wochen auf Facebook, jedoch mit anderen \u00d6rtlichkeiten geteilt. Der geschilderte Sachverhalt, dass das M\u00e4dchen entf\u00fchrt worden ist, ist frei erfunden. Auch die angebliche Vermisste existiert nicht.<\/p>\n\n\n\n<p>Wir bitten Sie auf Basis von Ger\u00fcchten keine Falschinformationen zu verbreiten. Teilen Sie keine spekulativen Informationen \u00fcber soziale Netzwerke. Vertrauen Sie nur Nachrichten aus sicheren Quellen.<\/p>\n\n\n\n<h2 class=\"wp-block-heading\">(Bellheim) &#8211; Versuchter Einbruchsdiebstahl in der Araltankstelle<\/h2>\n\n\n\n<p>Unbekannte T\u00e4ter verschafften sich in der Nacht von Donnerstag auf Freitag gewaltsam Zugang in die Araltankstelle in der Zeiskamer Stra\u00dfe in Bellheim. Ob etwas entwendet wurde wird derzeit noch ermittelt. Die H\u00f6he des Sachschadens ist nicht bekannt. Wer hat im genannten Zeitraum verd\u00e4chtige Personen oder Fahrzeuge im Bereich des Tatortes beobachtet oder kann in sonstiger Weise sachdienliche Hinweise zum Tatgeschehen machen? Zeugenhinweise nimmt die Polizei Germersheim unter der Tel. 07274\/9580 oder per E-Mail an\u00a0<a href=\"mailto:pigermersheim@polizei.rlp.de\" target=\"_blank\" rel=\"noreferrer noopener\">pigermersheim@polizei.rlp.de<\/a>\u00a0entgegen.<\/p>\n\n\n\n<h2 class=\"wp-block-heading\">(Bad Bergzabern) &#8211; Fu\u00dfg\u00e4nger wird angefahren und beleidigt \/ Zeugen gesucht<a href=\"https:\/\/www.facebook.com\/sharer.php?u=https%3A%2F%2Fwww.presseportal.de%2Fblaulicht%2Fpm%2F117686%2F5432220%2F%3Futm_source%3Dfacebook%26utm_medium%3Dsocial\"><\/a><a href=\"https:\/\/twitter.com\/intent\/tweet?text=POL-PDLD%3A%20Bad%20Bergzabern%20Fu%C3%9Fg%C3%A4nger%20wird%20angefahren%20und%20beleidigt-%20Zeugen%20gesucht&amp;url=https%3A%2F%2Fwww.presseportal.de%2Fblaulicht%2Fpm%2F117686%2F5432220%2F%3Futm_source%3Dtwitter%26utm_medium%3Dsocial&amp;hashtags=ots&amp;lang=de\"><\/a><a href=\"https:\/\/web.whatsapp.com\/send?text=POL-PDLD%3A%20Bad%20Bergzabern%20Fu%C3%9Fg%C3%A4nger%20wird%20angefahren%20und%20beleidigt-%20Zeugen%20gesucht%0A%0Ahttps%3A%2F%2Fwww.presseportal.de%2Fblaulicht%2Fpm%2F117686%2F5432220%2F%3Futm_source%3Dwhatsapp%26utm_medium%3Dsocial\"><\/a><a href=\"https:\/\/www.xing.com\/app\/user?op=share;url=https%3A%2F%2Fwww.presseportal.de%2Fblaulicht%2Fpm%2F117686%2F5432220%2F%3Futm_source%3Dxing%26utm_medium%3Dsocial\"><\/a><a href=\"http:\/\/www.linkedin.com\/shareArticle?mini=true&amp;url=https%3A%2F%2Fwww.presseportal.de%2Fblaulicht%2Fpm%2F117686%2F5432220%2F%3Futm_source%3Dlinkedin%26utm_medium%3Dsocial&amp;title=POL-PDLD%3A+Bad+Bergzabern+Fu%C3%9Fg%C3%A4nger+wird+angefahren+und+beleidigt-+Zeugen+gesucht\"><\/a><a href=\"mailto:?subject=POL-PDLD%3A%20Bad%20Bergzabern%20Fu%C3%9Fg%C3%A4nger%20wird%20angefahren%20und%20beleidigt-%20Zeugen%20gesucht&amp;body=https:\/\/www.presseportal.de\/blaulicht\/pm\/117686\/5432220\"><\/a><\/h2>\n\n\n<div class=\"wp-block-image\">\n<figure class=\"aligncenter size-full\"><img decoding=\"async\" loading=\"lazy\" width=\"801\" height=\"600\" src=\"https:\/\/speyer24news.com\/wp-content\/uploads\/2020\/05\/Zeugen-gesucht-Neutral.jpg\" alt=\"\" class=\"wp-image-26598\" srcset=\"https:\/\/speyer24news.com\/wp-content\/uploads\/2020\/05\/Zeugen-gesucht-Neutral.jpg 801w, https:\/\/speyer24news.com\/wp-content\/uploads\/2020\/05\/Zeugen-gesucht-Neutral-300x225.jpg 300w, https:\/\/speyer24news.com\/wp-content\/uploads\/2020\/05\/Zeugen-gesucht-Neutral-768x575.jpg 768w, https:\/\/speyer24news.com\/wp-content\/uploads\/2020\/05\/Zeugen-gesucht-Neutral-678x509.jpg 678w, https:\/\/speyer24news.com\/wp-content\/uploads\/2020\/05\/Zeugen-gesucht-Neutral-326x245.jpg 326w, https:\/\/speyer24news.com\/wp-content\/uploads\/2020\/05\/Zeugen-gesucht-Neutral-80x60.jpg 80w\" sizes=\"(max-width: 801px) 100vw, 801px\" \/><\/figure><\/div>\n\n\n<p>Am Donnerstag, 02.02.2023, gegen 17:50 Uhr, kam es an einer \u00dcberquerungshilfe in der Kapeller Stra\u00dfe, in H\u00f6he eines Einkaufsmarktes, zu einem Verkehrsunfall. Ein 15-j\u00e4hriger Junge wollte mit einem Mobiltelefon in der Hand, die Kapeller Stra\u00dfe \u00fcberqueren, woraufhin der Fahrer eines wei\u00dfen Lieferwagens auch zun\u00e4chst an der \u00dcberquerung anhielt. Aus bislang nicht gekl\u00e4rten Gr\u00fcnden fuhr der Fahrer wieder los, als der Fu\u00dfg\u00e4nger zwei Schritte nach vorne ging. Zwischen dem Fahrzeug und dem Fu\u00dfg\u00e4nger soll es zu einer Ber\u00fchrung gekommen sein. Anschlie\u00dfend sei der Fahrer ausgestiegen, habe den Fu\u00dfg\u00e4nger mit Beleidigungen beschimpft und sei dann von der \u00d6rtlichkeit in Richtung Stadtmitte weggefahren. Der Fu\u00dfg\u00e4nger wurde nicht verletzt.<\/p>\n\n\n\n<ul>\n<li><strong>Der Fahrer des wei\u00dfen Lieferwagens mit S\u00dcW-Kennzeichen sei Anfang 40, ca. 165cm gro\u00df, habe eine Glatze und sei mit einer wei\u00dfen Hose und einer wei\u00dfen Jacke bekleidet gewesen. <\/strong><\/li>\n<\/ul>\n\n\n\n<p>Gegen den noch unbekannten Fahrzeugf\u00fchrer wird wegen mehrerer Delikte ermittelt. Hinweise nimmt die Polizeiinspektion Bad Bergzabern unter 06343 93340 oder\u00a0<a href=\"mailto:pibadbergzabern@polizei.rlp.de\">pibadbergzabern@polizei.rlp.de<\/a>\u00a0entgegen.<\/p>\n\n\n\n<h2 class=\"wp-block-heading\">(Offenbach an der Queich) &#8211; 15 Meter hohe Wasserfont\u00e4ne<\/h2>\n\n\n\n<p>Am Freitagnachmittag kam es an der Zufahrt zum Interpark in Offenbach an der Queich zu einer 15 Meter hohen Wasserfont\u00e4ne. Grund hierf\u00fcr waren Erdarbeiten, bei der eine Wasserleitung besch\u00e4digt wurde. Durch das austretende Wasser wurde eine gr\u00f6\u00dfere Menge an Sand und Ger\u00f6ll auf die Fahrbahn gesp\u00fclt, wodurch auch ein vorbeifahrendes Fahrzeug leicht besch\u00e4digt wurde. Die Fahrbahn wurde im Anschluss gereinigt. Zu einer gr\u00f6\u00dferen Verkehrsbeeintr\u00e4chtigung kam es nicht.<\/p>\n\n\n\n<h2 class=\"wp-block-heading\">(Edenkoben) &#8211; Rauhaardackel vermisst<\/h2>\n\n\n<div class=\"wp-block-image\">\n<figure class=\"aligncenter size-full\"><img decoding=\"async\" loading=\"lazy\" width=\"600\" height=\"381\" src=\"https:\/\/speyer24news.com\/wp-content\/uploads\/2021\/05\/Vermisste-Tiere.jpg\" alt=\"\" class=\"wp-image-37053\" srcset=\"https:\/\/speyer24news.com\/wp-content\/uploads\/2021\/05\/Vermisste-Tiere.jpg 600w, https:\/\/speyer24news.com\/wp-content\/uploads\/2021\/05\/Vermisste-Tiere-300x191.jpg 300w\" sizes=\"(max-width: 600px) 100vw, 600px\" \/><\/figure><\/div>\n\n\n<p>Die Polizei bittet um Mithilfe bei der Suche eines Rauhaardackels namens &#8222;Mecki&#8220;. Die 11 Jahre alte H\u00fcndin ist am Freitag (03.02.2023) in den fr\u00fchen Morgenstunden einer 85 Jahre alten Frau abgehauen. Verzweifelt hatte sie die Polizei verst\u00e4ndigt, die ihr bei der Suche half, allerdings auch nicht f\u00fcndig wurde. Hinweise zu dem Aufenthaltsort der H\u00fcndin nimmt die Polizei Edenkoben unter der Telefonnummer 06323 9550 entgegen.<\/p>\n\n\n\n<h2 class=\"wp-block-heading\">(Edenkoben) &#8211; Heckscheibe eingeschlagen<\/h2>\n\n\n\n<p>Die Polizei sucht Zeugen, die eine Sachbesch\u00e4digung an einem geparkten Fahrzeug beobachtet haben. Ein Opel-Fahrer stellte sein Auto am Donnerstag (02.02.2023) kurz vor 7 Uhr auf einer Parkfl\u00e4che in der Luitpoldstra\u00dfe ab und als er gegen 15 Uhr zur\u00fcckkam, musste er feststellen, dass Unbekannte die Heckscheibe eingeschlagen hatten. Hinweise nimmt die Polizei Edenkoben unter der Rufnummer 06323 9550 entgegen.<\/p>\n\n\n\n<h2 class=\"wp-block-heading\">(Neustadt) &#8211; Polizeiinspektion Neustadt \u00fcbergibt Spendenscheck an den F\u00f6rderverein der NS-Gedenkst\u00e4tte<\/h2>\n\n\n<div class=\"wp-block-image\">\n<figure class=\"aligncenter size-full\"><img decoding=\"async\" loading=\"lazy\" width=\"800\" height=\"600\" src=\"https:\/\/speyer24news.com\/wp-content\/uploads\/2023\/02\/20230127_UebergabeSpendenscheckNSGedenkstaette.jpg\" alt=\"\" class=\"wp-image-50878\" srcset=\"https:\/\/speyer24news.com\/wp-content\/uploads\/2023\/02\/20230127_UebergabeSpendenscheckNSGedenkstaette.jpg 800w, https:\/\/speyer24news.com\/wp-content\/uploads\/2023\/02\/20230127_UebergabeSpendenscheckNSGedenkstaette-300x225.jpg 300w, https:\/\/speyer24news.com\/wp-content\/uploads\/2023\/02\/20230127_UebergabeSpendenscheckNSGedenkstaette-768x576.jpg 768w, https:\/\/speyer24news.com\/wp-content\/uploads\/2023\/02\/20230127_UebergabeSpendenscheckNSGedenkstaette-678x509.jpg 678w, https:\/\/speyer24news.com\/wp-content\/uploads\/2023\/02\/20230127_UebergabeSpendenscheckNSGedenkstaette-326x245.jpg 326w, https:\/\/speyer24news.com\/wp-content\/uploads\/2023\/02\/20230127_UebergabeSpendenscheckNSGedenkstaette-80x60.jpg 80w\" sizes=\"(max-width: 800px) 100vw, 800px\" \/><\/figure><\/div>\n\n\n<p>Am vergangenen Freitag den 27.01.2023 konnte die Polizeiinspektion Neustadt einen symbolischen Scheck \u00fcber 550 EUR an die Verantwortlichen des F\u00f6rdervereins der Neustadter NS-Gedenkst\u00e4tte im Hornbach-Quartier \u00fcbergeben.<\/p>\n\n\n\n<p>Seit vielen Jahren organisiert der Leiter des Gemeinsamen Sachgebiets Jugend der Polizeiinspektion Neustadt, PHK Stefan Wagner, j\u00e4hrlich eine Spendensammlung, welche sich zum gro\u00dfen Teil aus durch von den Kolleginnen und Kollegen unserer Dienststelle gespendeten Pfandflaschen zusammensetzt. Zus\u00e4tzlich erfolgt zur Weihnachtszeit immer noch ein gesonderter Spendenaufruf unter Bekanntgabe des diesj\u00e4hrigen Spendenzwecks.<\/p>\n\n\n\n<p>In den vergangenen Jahren wurden beispielsweise das Kinderhospiz Sterntaler in Dudenhofen, die Jugendfeuerwehr Neustadt, der Sozialverein der Polizei oder auch eine in Mayschoss (Ahrtal) durch die Flut stark betroffene Kollegenfamilie mit Betr\u00e4gen zwischen 350 und 900 Euro bedacht. In diesem Jahr sollte der Erl\u00f6s an die Gedenkst\u00e4tte f\u00fcr NS-Opfer im Quartier Hornbach in Neustadt gehen.<\/p>\n\n\n\n<p>Die Gedenkst\u00e4tte wurde von einem F\u00f6rderverein auf dem Gel\u00e4nde der ehemaligen Turenne Kaserne &#8211; dem heutigen Hornbach-Quartier &#8211; im dortigen ehemaligen Gef\u00e4ngnisgeb\u00e4ude eingerichtet und erinnert seit 2013 an die fr\u00fchen Opfer der Nationalsozialisten unmittelbar nach der sogenannten Machtergreifung von 1933.<\/p>\n\n\n\n<p>Wir haben uns zusammen mit dem Vorstand des Vereins bewusste f\u00fcr die Spenden\u00fcbergabe am 27.01. entschieden &#8211; dem Tag der Befreiung des Konzentrationslagers Auschwitz im Jahre 1945, so Polizeidirektorin Katja Weickert, Leiterin der Polizeiinspektion Neustadt. Mit der \u00dcbergabe des Spendenbetrags an den F\u00f6rderverein m\u00f6chten wir ausdr\u00fccklich die Arbeit des Vereins zur Aufrechterhaltung des Gedenkens an einen Teil unserer Geschichte unterst\u00fctzen. Wir werden in den kommenden Monaten gerade mit unseren jungen Kolleginnen und Kollegen die Gedenkst\u00e4tte f\u00fcr eine Informationsveranstaltung besuchen. Gerade in der aktuellen Zeit sind uns als Polizei Rechtsstaatlichkeit und die Achtung der Werte unseres Grundgesetzes besonders wichtig.<\/p>\n\n\n\n<h2 class=\"wp-block-heading\">(Neustadt) &#8211; Festnahme nach K\u00f6rperverletzung<\/h2>\n\n\n\n<h3 class=\"wp-block-heading\">Gemeinsame Presseerkl\u00e4rung von Staatsanwaltschaft Frankenthal\/Pfalz und Polizeipr\u00e4sidium Rheinpfalz<\/h3>\n\n\n<div class=\"wp-block-image\">\n<figure class=\"aligncenter size-full\"><img decoding=\"async\" loading=\"lazy\" width=\"800\" height=\"600\" src=\"https:\/\/speyer24news.com\/wp-content\/uploads\/2019\/06\/Ausn\u00fcchterungszelle.jpg\" alt=\"\" class=\"wp-image-15212\" srcset=\"https:\/\/speyer24news.com\/wp-content\/uploads\/2019\/06\/Ausn\u00fcchterungszelle.jpg 800w, https:\/\/speyer24news.com\/wp-content\/uploads\/2019\/06\/Ausn\u00fcchterungszelle-300x225.jpg 300w, https:\/\/speyer24news.com\/wp-content\/uploads\/2019\/06\/Ausn\u00fcchterungszelle-768x576.jpg 768w, https:\/\/speyer24news.com\/wp-content\/uploads\/2019\/06\/Ausn\u00fcchterungszelle-678x509.jpg 678w, https:\/\/speyer24news.com\/wp-content\/uploads\/2019\/06\/Ausn\u00fcchterungszelle-326x245.jpg 326w, https:\/\/speyer24news.com\/wp-content\/uploads\/2019\/06\/Ausn\u00fcchterungszelle-80x60.jpg 80w\" sizes=\"(max-width: 800px) 100vw, 800px\" \/><figcaption class=\"wp-element-caption\">Beispielbild Zelle \/ Verhaftung, dient lediglich der Visualisierung<\/figcaption><\/figure><\/div>\n\n\n<p>Am Donnerstagabend gegen 22:30 Uhr traf ein 32-j\u00e4hriger Mann in einer unbeleuchteten Stra\u00dfe in der N\u00e4he des Hauptbahnhofs Neustadt an der Weinstra\u00dfe auf zwei 18-j\u00e4hrige Tatverd\u00e4chtige und fragte diese nach Bet\u00e4ubungsmittel. Beide traktierten den Beschuldigten unvermittelt mittels Schl\u00e4gen und Tritten gegen Oberk\u00f6rper und Kopf. Zudem wurden dem Gesch\u00e4digten mittels Messer Stichverletzungen im Bereich der Beine zugef\u00fcgt, wobei eine Arterie verletzt und er ins Krankenhaus verbracht werden musste. Der Gesch\u00e4digte schwebt nicht in Lebensgefahr. Im Rahmen der sofort eingeleiteten Polizeifahndung wurden beide T\u00e4ter vorl\u00e4ufig festgenommen. Das vermeintliche Tatmesser sowie Ausweisdokumente des Gesch\u00e4digten konnten im Rahmen der Personendurchsuchung bei den Beschuldigten aufgefunden werden. Dar\u00fcber hinaus wurde als weiteres Beweismittel eine Aufzeichnung einer Video\u00fcberwachungskamera gesichert, welche den Tatablauf in Teilen zeigt. Beide T\u00e4ter kamen nach der richterlichen Vorf\u00fchrung in U-Haft. Sachdienliche Hinweise nimmt die Polizei Neustadt unter der Telefonnummer 06321\/854-0 oder per Email\u00a0<a href=\"mailto:kineustadt@polizei.rlp.de\">kineustadt@polizei.rlp.de<\/a>, so wie auch jede andere Polizeidienststelle entgegen.<\/p>\n\n\n\n<h2 class=\"wp-block-heading\">(Lambrecht) &#8211; Sachbesch\u00e4digung an Sparkasse in Lambrecht aufgekl\u00e4rt<\/h2>\n\n\n\n<p>In der Nacht vom 30.01. auf den 31.01. wurden an der Sparkasse in Lambrecht eine Scheibe eingeschlagen und weitere Fenster erheblich besch\u00e4digt. Zudem wurden bei der nahegelegenen Volksbank ebenfalls mehrere Scheiben besch\u00e4digt. Der Gesamtschaden liegt bei mehreren tausend Euro. Im Rahmen der intensiven Ermittlungen der Polizei Neustadt konnten in einem ersten Schritt die Besch\u00e4digungen an der Sparkasse einem 37-j\u00e4hrigen aus Lambrecht, welcher bereits mit gleichgelagerten Delikten erheblich in Erscheinung getreten ist, nachgewiesen werden. Die Ermittlungen in Bezug auf die Besch\u00e4digungen zum Nachteil der Volksbank dauern derzeit noch an, wobei ein Tatzusammenhang durchaus wahrscheinlich erscheint. Alle Strafanzeigen werden umgehend nach Abschluss der Ermittlungen der Staatsanwaltschaft Frankenthal \u00fcbersandt.<\/p>\n\n\n\n<h2 class=\"wp-block-heading\">(Wachenheim) &#8211; Verkehrsunfallflucht (Vorbeifahren)<\/h2>\n\n\n\n<p>Im Zeitraum von 30.01.2023 00:00 Uhr bis 31.01.2023, 13:00 Uhr wurde ein in der Grabenstra\u00dfe in Wachenheim abgestellter Volvo besch\u00e4digt. Ein bislang unbekannter Verkehrsteilnehmer besch\u00e4digte vermutlich beim Vorbeifahren aufgrund ungen\u00fcgenden Abstandes den Volvo und entfernte sich anschlie\u00dfend unerlaubt von der Unfallstelle. Am Radkasten entstand ein Sachschaden in H\u00f6he von 500 Euro. Es liegen keinerlei Hinweise auf den Unfallverursacher vor. Die Polizei Bad D\u00fcrkheim bittet um Hinweise unter 06322 963 0 oder per E-Mail an\u00a0<a href=\"mailto:pibadduerkheim@polizei.rlp.de\">pibadduerkheim@polizei.rlp.de<\/a><\/p>\n\n\n\n<h2 class=\"wp-block-heading\">(Bad D\u00fcrkheim) &#8211; Motorhaube zerkratzt<\/h2>\n\n\n\n<p>Im Zeitraum von 30.01.2023 00:00 Uhr bis 01.02.2023, 11:00 Uhr wurde ein, im Holzweg in Bad D\u00fcrkheim, abgestellter PKW von bislang unbekannten T\u00e4tern besch\u00e4digt. Die Motorhaube des BMW X1 wurde mit einem unbekannten Gegenstand zerkratzt. Es entstand ein Sachschaden von 1000 Euro. Die Polizei Bad D\u00fcrkheim bittet um Hinweise unter 06322 963 0 oder per E-Mail an\u00a0<a href=\"mailto:pibadduerkheim@polizei.rlp.de\">pibadduerkheim@polizei.rlp.de<\/a><\/p>\n\n\n\n<h2 class=\"wp-block-heading\">(Freinsheim) &#8211; Durchfahrtskontrollen<\/h2>\n\n\n\n<p>Im Zeitraum von 28.01.2023 bis 02.02.2023 wurde zu unterschiedlichen relevanten Zeiten auf mehreren Wirtschaftswegen in Freinsheim, das dort geltende Durchfahrtsverbot \u00fcberwacht. Insgesamt wurden an den 4 Tagen, insgesamt 9 Fahrzeugf\u00fchrer festgestellt die die Wirtschaftswege verbotswidrig befuhren. Diese m\u00fcssen nun mit einem Verwarnungsgeld von 50 Euro rechnen. W\u00e4hrend der Kontrollma\u00dfnahmen konnten mehrere Verkehrsteilnehmer beobachtet werden, die aufgrund der Pr\u00e4senz der Streife wendeten und zur\u00fcckfuhren. Die Polizei bittet hier die Verkehrsteilnehmer sich an die geltenden Verkehrsregeln zu halten, da es ansonsten auf den engen Wirtschaftswegen zu Gefahrensituationen f\u00fcr Fu\u00dfg\u00e4nger und Radfahrer kommen kann. Auch gingen bei der Polizei mehrere Meldungen ein, dass Verkehrsteilnehmer die Absperrungen an der Bahnunterf\u00fchrung zur Seite geschoben h\u00e4tten. Nach R\u00fccksprache mit der zust\u00e4ndigen Bahn-AG wird von dort die Aufstellung von Absperrungen aus Beton gepr\u00fcft. Die Entfernung einer verkehrsrechtlich angeordneten Absperrung kann den Straftatbestand des gef\u00e4hrlichen Eingriffs in den Stra\u00dfenverkehr verwirklichen und je nach Einzelfall ein Geld- bzw. Haftstrafe als Folge haben.<\/p>\n\n\n\n<h2 class=\"wp-block-heading\">(Hettenleidelheim) &#8211; Unfallflucht auf Supermarktparkplatz<\/h2>\n\n\n\n<p>Innerhalb kurzer Zeit, etwa zwischen 21:10 Uhr und 21:15 Uhr, wurde gestern (02.02.2023) ein Pkw Volvo auf dem REWE-Parkplatz durch ein anderes Fahrzeug besch\u00e4digt. Der Volvo wurde unbesch\u00e4digt vorw\u00e4rts in einer Parkl\u00fccke eingeparkt. Als dessen Fahrer nach dem kurzen Einkauf zu seinem Fahrzeug zur\u00fcckkehrte, fand er eine Besch\u00e4digung an der Hecksto\u00dfstange vor. Ausweislich des Schadensbilds wurde die Besch\u00e4digung mit einem anderen Fahrzeug verursacht. Hinweise zu diesem anderen Fahrzeug liegen nicht vor. M\u00f6gliche Unfallzeugen werden gebeten, sich mit der Polizeiinspektion Gr\u00fcnstadt (06359\/9312-0) in Verbindung zu setzen.<\/p>\n\n\n\n<h2 class=\"wp-block-heading\">(Carlsberg) &#8211; Fahren ohne Fahrerlaubnis<a href=\"https:\/\/www.facebook.com\/sharer.php?u=https%3A%2F%2Fwww.presseportal.de%2Fblaulicht%2Fpm%2F117687%2F5432523%2F%3Futm_source%3Dfacebook%26utm_medium%3Dsocial\"><\/a><a href=\"https:\/\/twitter.com\/intent\/tweet?text=POL-PDNW%3A%20Fahren%20ohne%20Fahrerlaubnis&amp;url=https%3A%2F%2Fwww.presseportal.de%2Fblaulicht%2Fpm%2F117687%2F5432523%2F%3Futm_source%3Dtwitter%26utm_medium%3Dsocial&amp;hashtags=ots&amp;lang=de\"><\/a><a href=\"https:\/\/web.whatsapp.com\/send?text=POL-PDNW%3A%20Fahren%20ohne%20Fahrerlaubnis%0A%0Ahttps%3A%2F%2Fwww.presseportal.de%2Fblaulicht%2Fpm%2F117687%2F5432523%2F%3Futm_source%3Dwhatsapp%26utm_medium%3Dsocial\"><\/a><a href=\"https:\/\/www.xing.com\/app\/user?op=share;url=https%3A%2F%2Fwww.presseportal.de%2Fblaulicht%2Fpm%2F117687%2F5432523%2F%3Futm_source%3Dxing%26utm_medium%3Dsocial\"><\/a><a href=\"http:\/\/www.linkedin.com\/shareArticle?mini=true&amp;url=https%3A%2F%2Fwww.presseportal.de%2Fblaulicht%2Fpm%2F117687%2F5432523%2F%3Futm_source%3Dlinkedin%26utm_medium%3Dsocial&amp;title=POL-PDNW%3A+Fahren+ohne+Fahrerlaubnis\"><\/a><a href=\"mailto:?subject=POL-PDNW%3A%20Fahren%20ohne%20Fahrerlaubnis&amp;body=https:\/\/www.presseportal.de\/blaulicht\/pm\/117687\/5432523\"><\/a><\/h2>\n\n\n\n<p>Im Rahmen einer Verkehrskontrolle am 02.02.23 gegen 23:45 Uhr in der Lindenstra\u00dfe stellte sich heraus, dass ein 53 Jahre alter Autofahrer nicht im Besitz einer g\u00fcltigen Fahrerlaubnis ist. Nun wird auch gegen den 27-j\u00e4hrigen Sohn des Fahrers ermittelt, weil dieser als Halter des benutzen Pkw die Fahrt seines Vaters ohne F\u00fchrerschein zugelassen hat.<\/p>\n\n\n\n<h2 class=\"wp-block-heading\">(Gr\u00fcnstadt-Asselheim) &#8211; Alkoholisierte Fahrzeugf\u00fchrerin f\u00e4hrt Schlangenlinien und ger\u00e4t mehrfach in den Gegenverkehr<\/h2>\n\n\n\n<p>Am Freitag wurde der Polizeiinspektion Gr\u00fcnstadt gegen 17:30 Uhr eine 38-J\u00e4hrige Fahrzeugf\u00fchrerin eines hochwertigen PKWs gemeldet, welche die B271 in Schlangenlinien befahren w\u00fcrde. Die Fahrerin des PKWs sei mehrmals von der Stra\u00dfe nach rechts in den Gr\u00fcnstreifen sowie nach links in den Gegenverkehr abgekommen, wodurch andere Verkehrsteilnehmer gef\u00e4hrdet worden w\u00e4ren. In Asselheim konnte die 38-J\u00e4hrige Fahrzeugf\u00fchrerin durch die Polizei kontrolliert werden. Am Fahrzeug waren mehrere Unfallsch\u00e4den zu erkennen. Da die Fahrzeugf\u00fchrerin augenscheinlich alkoholisiert war, wurde sie zwecks Blutentnahme zur Dienststelle verbracht. Gegen die Dame wurde ein Strafverfahren wegen Stra\u00dfenverkehrsgef\u00e4hrdung eingeleitet. Der F\u00fchrerschein wurde durch die Beamten beschlagnahmt. Die Ermittlungen zu den genauen Unfall\u00f6rtlichkeiten dauern noch an. Durch die Fahrerin gef\u00e4hrdete Personen sowie weitere Zeugen werden gebeten, sich unter der Telefonnummer: 06359-93120 oder per E-Mail:\u00a0<a href=\"mailto:pigruenstadt@polizei.rlp.de\">pigruenstadt@polizei.rlp.de<\/a>\u00a0mit der Polizeiinspektion Gr\u00fcnstadt in Verbindung zu setzen.<\/p>\n\n\n\n<h2 class=\"wp-block-heading\">(Gr\u00fcnstadt) &#8211; Zwei Einfamilienh\u00e4user, ein Carport sowie drei Pkw durch Brand besch\u00e4digt<a href=\"https:\/\/www.facebook.com\/sharer.php?u=https%3A%2F%2Fwww.presseportal.de%2Fblaulicht%2Fpm%2F117687%2F5432976%2F%3Futm_source%3Dfacebook%26utm_medium%3Dsocial\"><\/a><a href=\"https:\/\/twitter.com\/intent\/tweet?text=POL-PDNW%3A%20Gr%C3%BCnstadt%20-%20Zwei%20Einfamilienh%C3%A4user%2C%20ein%20Carport%20sowie%20drei%20Pkw%20durch%20Brand%20besch%C3%A4digt&amp;url=https%3A%2F%2Fwww.presseportal.de%2Fblaulicht%2Fpm%2F117687%2F5432976%2F%3Futm_source%3Dtwitter%26utm_medium%3Dsocial&amp;hashtags=ots&amp;lang=de\"><\/a><a href=\"https:\/\/web.whatsapp.com\/send?text=POL-PDNW%3A%20Gr%C3%BCnstadt%20-%20Zwei%20Einfamilienh%C3%A4user%2C%20ein%20Carport%20sowie%20drei%20Pkw%20durch%20Brand%20besch%C3%A4digt%0A%0Ahttps%3A%2F%2Fwww.presseportal.de%2Fblaulicht%2Fpm%2F117687%2F5432976%2F%3Futm_source%3Dwhatsapp%26utm_medium%3Dsocial\"><\/a><a href=\"https:\/\/www.xing.com\/app\/user?op=share;url=https%3A%2F%2Fwww.presseportal.de%2Fblaulicht%2Fpm%2F117687%2F5432976%2F%3Futm_source%3Dxing%26utm_medium%3Dsocial\"><\/a><a href=\"http:\/\/www.linkedin.com\/shareArticle?mini=true&amp;url=https%3A%2F%2Fwww.presseportal.de%2Fblaulicht%2Fpm%2F117687%2F5432976%2F%3Futm_source%3Dlinkedin%26utm_medium%3Dsocial&amp;title=POL-PDNW%3A+Gr%C3%BCnstadt+-+Zwei+Einfamilienh%C3%A4user%2C+ein+Carport+sowie+drei+Pkw+durch+Brand+besch%C3%A4digt\"><\/a><a href=\"mailto:?subject=POL-PDNW%3A%20Gr%C3%BCnstadt%20-%20Zwei%20Einfamilienh%C3%A4user%2C%20ein%20Carport%20sowie%20drei%20Pkw%20durch%20Brand%20besch%C3%A4digt&amp;body=https:\/\/www.presseportal.de\/blaulicht\/pm\/117687\/5432976\"><\/a><\/h2>\n\n\n<div class=\"wp-block-image\">\n<figure class=\"aligncenter size-full\"><img decoding=\"async\" loading=\"lazy\" width=\"800\" height=\"600\" src=\"https:\/\/speyer24news.com\/wp-content\/uploads\/2023\/02\/poMMes_2023-02-03_19-33-20_1.jpeg\" alt=\"\" class=\"wp-image-50879\" srcset=\"https:\/\/speyer24news.com\/wp-content\/uploads\/2023\/02\/poMMes_2023-02-03_19-33-20_1.jpeg 800w, https:\/\/speyer24news.com\/wp-content\/uploads\/2023\/02\/poMMes_2023-02-03_19-33-20_1-300x225.jpeg 300w, https:\/\/speyer24news.com\/wp-content\/uploads\/2023\/02\/poMMes_2023-02-03_19-33-20_1-768x576.jpeg 768w, https:\/\/speyer24news.com\/wp-content\/uploads\/2023\/02\/poMMes_2023-02-03_19-33-20_1-678x509.jpeg 678w, https:\/\/speyer24news.com\/wp-content\/uploads\/2023\/02\/poMMes_2023-02-03_19-33-20_1-326x245.jpeg 326w, https:\/\/speyer24news.com\/wp-content\/uploads\/2023\/02\/poMMes_2023-02-03_19-33-20_1-80x60.jpeg 80w\" sizes=\"(max-width: 800px) 100vw, 800px\" \/><\/figure><\/div>\n\n\n<p>Am Freitag, den 03.02.2023, gegen 13:30 Uhr, kam es zu einem Brand im Bereich zweier Einfamilienh\u00e4user in der Stra\u00dfe Taubengartenhohl in Gr\u00fcnstadt. Hierbei stand ein Carport sowie zwei darunter stehende Pkw in Flammen. Auch die Hausfassade des Anwesens, des Nachbaranwesens sowie ein am Nachbaranwesen abgestellter Pkw wurden durch das Feuer besch\u00e4digt. Gl\u00fccklicherweise konnte der Brand durch die Feuerwehr schnell gel\u00f6scht werden, sodass Schlimmeres verhindert werden konnte. Die genaue Schadensh\u00f6he steht noch nicht fest. Personen kamen nicht zu Schaden. Zum jetzigen Zeitpunkt d\u00fcrfte von einem technischen Defekt an einem der abgebrannten Fahrzeuge auszugehen sein. Weitere Ermittlungen bez\u00fcglich der genauen Brandursache erfolgen durch die Kriminalinspektion Neustadt.<\/p>\n\n\n\n<h2 class=\"wp-block-heading\">(A 61 \/ Gro\u00dfniedesheim &#8211; Worms) &#8211; Alkoholisierter Autofahrer auf A61<\/h2>\n\n\n\n<p>Ein Mercedes Benz fiel Beamten der Polizeiautobahnstation Ruchheim am 03.02.2023, um 01.22 Uhr, auf der A61 Gemarkung Gro\u00dfniedesheim auf, weil dieser mit geringer Geschwindigkeit Schlangenlinien auf der Autobahn fuhr. Das Anhalten des Autos zur Verkehrskontrolle gestaltete sich zun\u00e4chst schwierig, weil der Fahrer die Anhaltesignale des Polizeiautos nicht beachtete. Auf der Tank- und Rastanlage Wonnegau gelang es schlie\u00dflich den Wagen zu stoppen. Hier konnte schnell festgestellt werden, dass der 54-j\u00e4hrige Fahrer unter dem Einfluss von Alkohol stand. Ein Test ergab einen Atemalkoholwert von 1,16 Promille. Dem 54-J\u00e4hrigen wurde eine Blutprobe entnommen. Ein Strafverfahren wegen Trunkenheit im Stra\u00dfenverkehr eingeleitet und der F\u00fchrerschein beschlagnahmt.<\/p>\n\n\n\n<h2 class=\"wp-block-heading\">(A 61 \/ Flomersheim) &#8211; Brandstiftung Toilettenhaus A61 \/ Zeugenaufruf<\/h2>\n\n\n\n<p>Am 03.02.2023, um 08.30 Uhr, wurde die Polizeiautobahnstation Ruchheim dar\u00fcber in Kenntnis gesetzt, dass es im Toilettenpavillon auf dem Parkplatz &#8222;Auf dem Hirschen&#8220; an der A61 in Gemarkung Flomersheim brennt.<\/p>\n\n\n\n<p>Am Brandort wurde festgestellt, dass bisher unbekannter T\u00e4ter das Toilettenpapier in der Halterung angez\u00fcndet hat. Da der Brand sehr schnell bemerkt wurde und die Halterung aus Metall ist, entstand lediglich Ru\u00dfanhaftungen aber kein Brandschaden. Die Polizeiautobahnstation bittet um Zeugenhinweise: Wer hat Freitagmorgen, um 8.30 Uhr, Personen gesehen, die das Toilettenhaus betreten haben. Sachdienliche Hinweise bitte telefonisch unter Telefon: 06237\/933-0 oder per Email an\u00a0<a href=\"mailto:pastruchheim@polizei.rlp.de\">pastruchheim@polizei.rlp.de<\/a>.<\/p>\n\n\n\n<h2 class=\"wp-block-heading\">(Ludwigshafen) &#8211; Streit in Kiosk eskaliert<\/h2>\n\n\n\n<p>Am Donnerstagabend (02.02.2023) gegen 21:30 Uhr, geriet ein 56-J\u00e4hriger mit einem Verk\u00e4ufer in einem Kiosk in der Ludwigstra\u00dfe in Streit. Grund war, dass der Verk\u00e4ufer sich weigerte dem Kunden zu einer Schachtel Zigaretten ein Feuerzeug zu schenken. Dies \u00e4rgerte den Kunden derart, dass er zun\u00e4chst seinen 10 Euro Schein anz\u00fcndete und als der Verk\u00e4ufer sich dann weigerte den angebrannten Schein anzunehmen, besch\u00e4digte er eine Glasplatte in dem Kiosk. Der Verk\u00e4ufer wurde durch Glassplitter leicht verletzt.<\/p>\n\n\n\n<h2 class=\"wp-block-heading\">(Ludwigshafen) &#8211; Smartphone gestohlen \/ Zeugen gesucht<\/h2>\n\n\n\n<p>Am Donnerstagabend (02.02.2023), gegen 21 Uhr, stahlen Unbekannte ein Smartphone in einem Restaurant auf dem Schillerplatz. Zwei M\u00e4nner hatten zu dieser Zeit einen 46-J\u00e4hrigen im Restaurant nach Wechselgeld gefragt. Als die M\u00e4nner weg waren, bemerkte der 46-J\u00e4hrige das Fehlen seines Smartphones. Vermutlich lenkten die Unbekannten den Mann ab und stahlen das Handy. <\/p>\n\n\n\n<h4 class=\"wp-block-heading\">Die Unbekannten werden wie folgt beschrieben: <\/h4>\n\n\n\n<ul>\n<li><strong>ca. 20 Jahre alt<\/strong><\/li>\n\n\n\n<li><strong>hatten kurzrasiertes Haar<\/strong><\/li>\n\n\n\n<li><strong>trugen ein wei\u00dfes T-Shirt und eine schwarze Kappe<\/strong><\/li>\n\n\n\n<li><strong>Wer hat die Unbekannten auf dem Schillerplatz gesehen und kann Hinweise auf diese geben?<\/strong><\/li>\n<\/ul>\n\n\n\n<p>Hinweise werden an die Polizeiwache Oggersheim unter Tel. 0621 963 &#8211; 2403 oder per E-Mail\u00a0<a href=\"mailto:pwoggersheim@polizei.rlp.de\">pwoggersheim@polizei.rlp.de<\/a>\u00a0erbeten.<\/p>\n\n\n\n<h2 class=\"wp-block-heading\">(Ludwigshafen) &#8211; Zwei Radfahrer bei Unf\u00e4llen verletzt<\/h2>\n\n\n\n<p>Am Donnerstag (02.02.2023) ereigneten sich in Ludwigshafen zwei Verkehrsunf\u00e4lle, bei denen Fahrradfahrer verletzt wurden.<\/p>\n\n\n\n<p>Gegen 17:30 Uhr missachtete eine 85-j\u00e4hrige Autofahrerin beim Linksabbiegen auf der Kopernikusstra\u00dfe den Vorrang des ihr entgegenkommenden Radfahrers. Der 53-j\u00e4hrige Fahrradfahrer wurde bei dem anschlie\u00dfenden Unfall leicht verletzt und vom Rettungsdienst in ein Krankenhaus gebracht. An dem Auto entstand ein Schaden in H\u00f6he von rund 250 Euro.<\/p>\n\n\n\n<p>Gegen 18:15 Uhr kam es zu einem weiteren Unfall in der Brunckstra\u00dfe. Ein 62-j\u00e4hriger Autofahrer wollte von der Brunckstra\u00dfe nach rechts auf eine Tankstelle abbiegen und stie\u00df mit einem, auf dem Radweg fahrenden, 38-j\u00e4hrigenFahrradfahrer zusammen. Der Radfahrer wurde durch den Unfall leicht verletzt. Es entstand zudem ein Sachschaden in H\u00f6he von rund 700 Euro.<\/p>\n\n\n\n<h2 class=\"wp-block-heading\">(Ludwigshafen) &#8211; Mit Drogen erwischt<\/h2>\n\n\n\n<p>In der Raiffeisenstra\u00dfe wurde am 02.02.2023, gegen 13:30 Uhr, ein 43-J\u00e4hriger einer allgemeinen Verkehrskontrolle unterzogen. Da sich hierbei Hinweise auf einen Drogenkonsum ergaben, wurde ein Schnelltest durchgef\u00fchrt, der positiv auf Kokain reagierte. Bei einer anschlie\u00dfenden freiwilligen Kontrolle wurde in seiner Tasche ein T\u00fctchen mit einer geringen Menge Kokain gefunden und sichergestellt. Da der 43-J\u00e4hrige in Deutschland keinen festen Wohnsitz hat, wurde er zur Polizeidienststelle mitgenommen und dort Sicherheitsleistungen in H\u00f6he von 1750 Euro erhoben.<\/p>\n\n\n\n<h2 class=\"wp-block-heading\">(Ludwigshafen) &#8211; Pakete aus Lieferfahrzeug gestohlen \/ Zeugen gesucht<\/h2>\n\n\n\n<p>Am Donnerstag (02.02.2023), gegen 13 Uhr, stahlen Unbekannte mehrere Pakete aus einem, in der Sebastian-Bach-Stra\u00dfe, abgestellten und nicht verschlossenen Lieferfahrzeug. Die genaue Schadensh\u00f6he ist derzeit noch unbekannt.<\/p>\n\n\n\n<p>Wer hat die Tat beobachtet und kann Hinweise geben?<\/p>\n\n\n\n<p>Sachdienliche Hinweise bitte an die Polizeiinspektion Ludwigshafen 1, Telefonnummer 0621 963-2122 oder per E-Mail\u00a0<a href=\"mailto:piludwigshafen1@polizei.rlp.de\">piludwigshafen1@polizei.rlp.de<\/a>\u00a0.<\/p>\n\n\n\n<h2 class=\"wp-block-heading\">(Ludwigshafen) &#8211; Bei Autounf\u00e4llen leicht verletzt<\/h2>\n\n\n\n<p>Zu zwei Verkehrsunf\u00e4llen bei denen Autofahrende leicht verletzt wurden, kam es am 02.02.2023 in Ludwigshafen.<\/p>\n\n\n\n<p>Gegen 12:30 Uhr \u00fcbersah ein 63-j\u00e4hriger Autofahrer in der Matth\u00e4us-Vogel-Stra\u00dfe beim Ausparken vom Fahrbahnrand eine 33-j\u00e4hrige Ford-Fahrerin. Es kam zum Zusammensto\u00df durch den die Fahrzeuge stark besch\u00e4digt wurden. Die 33-J\u00e4hrige wurde leicht verletzt. Die H\u00f6he des entstandenen Sachschadens wird derzeit ermittelt.<\/p>\n\n\n\n<p>In der Mundenheimer Stra\u00dfe wurde um 13:30 Uhr der 37-j\u00e4hrige Fahrer eines Mitsubishis leicht verletzt. An einer roten Ampel war es zu einem Auffahrunfall gekommen durch welchen insgesamt drei Autos besch\u00e4digt wurden. Hierbei entstand ein Sachschaden von etwa 20.000 Euro.<\/p>\n\n\n\n<h2 class=\"wp-block-heading\">(Ludwigshafen) &#8211; 19-J\u00e4hriger bei Unfall verletzt<\/h2>\n\n\n\n<p>Am Morgen des 02.02.2023, gegen 8 Uhr, sch\u00e4tzte ein 38-j\u00e4hriger Autofahrer beim Abbiegen von der Stra\u00dfe Am Hilbertshof in die Wollstra\u00dfe die Geschwindigkeit eines vorfahrtsberechtigten 19-j\u00e4hrigen Motorradfahrers falsch ein. Um einen Zusammensto\u00df zu verhindern, bremste Letzterer stark ab. Dabei verlor er die Kontrolle \u00fcber sein Fahrzeug und st\u00fcrzte. Der junge Mann wurde hierbei schwer verletzt und zur Behandlung in ein Krankenhaus gebracht. Sowohl an seinem Motorrad als auch an dem Auto des 38-J\u00e4hrigen entstand ein Sachschaden von insgesamt etwa 3000 Euro.<\/p>\n\n\n\n<h2 class=\"wp-block-heading\">(Mannheim) &#8211; Geb\u00e4udebrand in der Hafenstra\u00dfe<\/h2>\n\n\n<div class=\"wp-block-image\">\n<figure class=\"aligncenter size-full\"><img decoding=\"async\" loading=\"lazy\" width=\"640\" height=\"428\" src=\"https:\/\/speyer24news.com\/wp-content\/uploads\/2021\/02\/Feuerwehr-Polizei.jpg\" alt=\"\" class=\"wp-image-33096\" srcset=\"https:\/\/speyer24news.com\/wp-content\/uploads\/2021\/02\/Feuerwehr-Polizei.jpg 640w, https:\/\/speyer24news.com\/wp-content\/uploads\/2021\/02\/Feuerwehr-Polizei-300x201.jpg 300w\" sizes=\"(max-width: 640px) 100vw, 640px\" \/><\/figure><\/div>\n\n\n<p>Derzeit befinden sich Einsatzkr\u00e4fte der Polizei und Feuerwehr wegen eines Geb\u00e4udebrandes in der Hafenstra\u00dfe im Einsatz. Nach derzeitigem Stand ist der Brand im Bereich eines unbewohnten Gewerbegeb\u00e4udes ausgebrochen. Das Brandgeschehen hat sich \u00fcber mehrere Stockwerke ausgebreitet. Die Schadensh\u00f6he und die Brandursache kann derzeit nicht abgesch\u00e4tzt werden. Das Gebiet ist aktuell zwischen der Hellingstra\u00dfe und Kurt-Schuhmacher-Stra\u00dfe weitr\u00e4umig abgesperrt. Hier kann es zu Verkehrsbeeintr\u00e4chtigungen kommen. Aufgrund der entstehenden Rauchentwicklung wird Anwohnerinnen und Anwohnern empfohlen Fenster und T\u00fcren geschlossen zu halten. (03.02.2023 \u2013 14:01)<\/p>\n\n\n\n<h3 class=\"has-text-align-center wp-block-heading\">Pressemeldung Nr. 2<\/h3>\n\n\n\n<p>Das Feuer hat sich zwischenzeitlich auf weitere Stockwerke bis zum Dachstuhl hinaus ausgebreitet. Die Feuerwehr befindet sich derzeit in der Brandbek\u00e4mpfung. Die Sperrungen werden weiter aufrechterhalten. Aufgrund herabfallender Geb\u00e4udeteile werden Personen, welche sich noch im abgesperrten Bereich aufhalten sollten, gebeten den Gefahrenbereich zu verlassen. Bislang gibt es keine Hinweise auf verletzte Personen durch das Brandgeschehen.<\/p>\n\n\n\n<h3 class=\"has-text-align-center wp-block-heading\">Pressemeldung Nr. 3<\/h3>\n\n\n\n<p>Im Mannheimer Stadtteil Jungbusch brennt seit den Nachmittagsstunden ein ehemaliges Industriegeb\u00e4ude. Verletzt wurde bislang niemand. Die Feuerwehr ist mit starkem Kr\u00e4fteeinsatz vor Ort. Anwohner werden aufgrund der Rauchentwicklung gebeten T\u00fcren und Fenster geschlossen zu halten. Im Nahbereich kommt es auch zu Verkehrsbehinderungen.<\/p>\n\n\n\n<p>Da akute Einsturzgefahr besteht, ist ein sogenannter Innenangriff nicht m\u00f6glich, die L\u00f6scharbeiten erfolgen unter anderem \u00fcber mehrere Drehleitern von au\u00dfen.<\/p>\n\n\n\n<p>Rund 150 Anwohner k\u00f6nnen aktuell nicht in ihre Wohnungen zur\u00fcckkehren. F\u00fcr sie wurde in der nahegelegenen Jungbuschhalle eine Anlaufstelle eingerichtet. Die Kr\u00e4fte des Rettungs- und Sanit\u00e4tsdienstes sind ebenfalls mit einem starken Kr\u00e4fteaufgebot im Einsatz. Die Polizei war zeitweilig mit 120 Beamten im Einsatz.<\/p>\n\n\n\n<p>Aktuelle Informationen k\u00f6nnen unter folgendem Link entnommen werden:&nbsp;<a target=\"_blank\" rel=\"noreferrer noopener\" href=\"https:\/\/www.mannheim.de\/de\/nachrichten\/grossbrand-im-jungbusch\">https:\/\/www.mannheim.de\/de\/nachrichten\/grossbrand-im-jungbusch<\/a><\/p>\n\n\n\n<p>Es kann im weiteren Umfeld zu Geruchsbel\u00e4stigungen kommen. Zur Brandursache k\u00f6nnen derzeit keine Angaben gemacht werden.<\/p>\n\n\n\n<h3 class=\"has-text-align-center wp-block-heading\">Pressemeldung Nr. 4<\/h3>\n\n\n\n<p>Gro\u00dfbrand im Stadtteil Jungbusch, Aktualisierung 22.30 Uhr<\/p>\n\n\n\n<p>Die L\u00f6scharbeiten im Mannheimer Stadtteil Jungbusch dauern nach wie vor an. Das Geb\u00e4ude ist einsturzgef\u00e4hrdet und muss aus Sicherheitsgr\u00fcnden zumindest teilweise abgerissen werden. Wie lange das beauftragte Unternehmen f\u00fcr den Abbruch ben\u00f6tigt, das kann derzeit nicht abgesch\u00e4tzt werden. Es ist davon auszugehen, dass diese Arbeiten auch einen Teil des morgigen Tages in Anspruch nehmen werden.<\/p>\n\n\n\n<p>Eine geringe Zahl von Anwohnern aus dem unmittelbaren Umfeld der Einsatzstelle kann aus Sicherheitsgr\u00fcnden w\u00e4hrend der Nacht nicht in die Wohnungen zur\u00fcckkehren. Die Stadt sorgt hier f\u00fcr eine Unterbringung. Anwohner in der n\u00e4heren Umgebung werden aufgrund der Rauchentwicklung gebeten T\u00fcren und Fenster geschlossen zu halten.<\/p>\n\n\n\n<p>Das ehemalige Industriegeb\u00e4ude im Mannheimer Stadtteil Jungbusch brennt seit den Nachmittagsstunden. Aufgrund der Einsturzgefahr ist ein sogenannter Innenangriff nicht m\u00f6glich, die L\u00f6scharbeiten erfolgen unter anderem \u00fcber mehrere Drehleitern von au\u00dfen. Die Lage ist stabil, zur Brandursache k\u00f6nnen derzeit keine Angaben gemacht werden.<\/p>\n\n\n\n<h2 class=\"wp-block-heading\">(Mannheim-Friesenheimer Insel) &#8211; Schwer verletzter Hund vor Tierheim angebunden \/ Zeugen gesucht!<\/h2>\n\n\n\n<h3 class=\"has-text-align-center wp-block-heading\">Pressemitteilung Nr.2<\/h3>\n\n\n\n<p>Nachdem in der Nacht von Sonntag auf Montag eine unbekannte T\u00e4terin oder ein unbekannter T\u00e4ter einen schwer verletzten Hund an dem Zaun eines Tierheims in der Max-Plank-Stra\u00dfe angebunden hat, konnten die Ermittler der Polizeihundestaffel des Polizeipr\u00e4sidiums Mannheim den Registrierungs-Chip auslesen. Die darauf hinterlegte Registrierungsnummer l\u00e4sst R\u00fcckschl\u00fcsse darauf ziehen, dass das Tier aus einem Osteurop\u00e4ischen Land stammen k\u00f6nnte. Es werden weiterhin Zeugen gesucht, die rund um das Tierheim verd\u00e4chtige Wahrnehmungen gemacht haben oder Informationen zum Besitzer des Tieres geben k\u00f6nnen. Hinweise hierzu nehmen die zust\u00e4ndigen Ermittler der Polizeihundestaffel unter der Telefonnummer 0621\/71497-250 entgegen.<\/p>\n\n\n\n<h2 class=\"wp-block-heading\">(Heidelberg) &#8211; Verkehrsunfall auf Klinikgel\u00e4nde<\/h2>\n\n\n\n<p>Freitagmorgen, gegen 07.50 Uhr kam es auf dem Parkplatz einer Klinik in der R\u00f6ntgenstra\u00dfe zu einem Verkehrsunfall. Ein 85-j\u00e4hriger Pkw-Fahrer durchbrach die an einem Parkplatz befindliche Schranke und fuhr auf zwei dort geparkte Fahrzeuge auf. Der Unfallverursacher und seine Beifahrerin wurden hierbei verletzt und befinden sich derzeit in einem Krankenhaus zur weiteren medizinischen Versorgung. \u00dcber die Schwere der Verletzung ist bislang nichts bekannt. Der Unfallschaden an den Fahrzeugen und an der Schranke belaufen sich auf mehrere tausend Euro im 5-Stelligen Bereich. Der Verkehrsdienst der Verkehrspolizeiinspektion Heidelberg hat die Ermittlungen aufgenommen.<\/p>\n\n\n\n<h2 class=\"wp-block-heading\">(Heidelberg-Bergheim) &#8211; 22-, 24- und 25-J\u00e4hriger wegen besonders schweren Falls des Diebstahls in Untersuchungshaft<\/h2>\n\n\n\n<h3 class=\"wp-block-heading\">Gemeinsame Pressemitteilung der Staatsanwaltschaft Heidelberg und des Polizeipr\u00e4sidiums Mannheim:<\/h3>\n\n\n<div class=\"wp-block-image\">\n<figure class=\"aligncenter size-full\"><img decoding=\"async\" loading=\"lazy\" width=\"800\" height=\"533\" src=\"https:\/\/speyer24news.com\/wp-content\/uploads\/2021\/10\/Festnahme-Handschellen.jpg\" alt=\"\" class=\"wp-image-41224\" srcset=\"https:\/\/speyer24news.com\/wp-content\/uploads\/2021\/10\/Festnahme-Handschellen.jpg 800w, https:\/\/speyer24news.com\/wp-content\/uploads\/2021\/10\/Festnahme-Handschellen-300x200.jpg 300w, https:\/\/speyer24news.com\/wp-content\/uploads\/2021\/10\/Festnahme-Handschellen-768x512.jpg 768w\" sizes=\"(max-width: 800px) 100vw, 800px\" \/><figcaption class=\"wp-element-caption\">Beispielbild Handschelle \/ Verhaftung, dient lediglich der Visualisierung<\/figcaption><\/figure><\/div>\n\n\n<p>Auf Antrag der Staatsanwaltschaft Heidelberg wurden Haftbefehle gegen drei M\u00e4nner im Alter von 22, 24 und 25 Jahren erlassen, die in der Nacht von Donnerstag auf Freitag in eine Gastst\u00e4tte eingebrochen waren.<\/p>\n\n\n\n<p>Die Tatverd\u00e4chtigen sollen gegen 3 Uhr am Freitagmorgen die Scheibe des K\u00fcchenfensters einer Gastst\u00e4tte in der Bergheimer Stra\u00dfe eingeschlagen haben, um so in die Innenr\u00e4ume zu gelangen. Dort soll das Trio mehrere Flaschen Spirituosen und andere Getr\u00e4nke sowie einen Tabletcomputer entwendet haben. Neben einem Sachschaden von mindestens 500 Euro entstand ein Diebstahlsschaden von knapp 700 Euro. Schlie\u00dflich soll das Trio samt Beute die Gastst\u00e4tte verlassen haben, als deren Alarmanlage ausl\u00f6ste.<\/p>\n\n\n\n<p>Ein durch die Alarmanlage verst\u00e4ndigter Sicherheitsdienst rief die Polizei. Deren Beamte wurden im Rahmen einer sofort eingeleiteten Fahndung in Tatortn\u00e4he auf die drei Tatverd\u00e4chtigen aufmerksam, die hierauf sofort die Flucht ergriffen. Zwei von ihnen konnten nach kurzer Verfolgung festgenommen werden. Der Dritte wurde wenig sp\u00e4ter am Bismarckplatz festgestellt und ebenfalls vorl\u00e4ufig festgenommen. Bei der Durchsuchung der Festgenommenen konnte der Gro\u00dfteil des Diebesguts sichergestellt werden.<\/p>\n\n\n\n<p>Die Ermittlungsgruppe Eigentum der Kriminalpolizeidirektion Heidelberg \u00fcbernahm die weiteren Ermittlungen.<\/p>\n\n\n\n<p>Die drei Tatverd\u00e4chtigen wurden am Freitagmittag der Ermittlungsrichterin beim Amtsgericht Heidelberg vorgef\u00fchrt. Diese erlie\u00df auf Antrag der Staatsanwaltschaft Heidelberg Haftbefehle gegen die Drei, er\u00f6ffnete sie diesen und setzte sie in Vollzug. Anschlie\u00dfend wurden alle Beschuldigten in eine Justizvollzugsanstalt eingeliefert.<\/p>\n\n\n\n<h2 class=\"wp-block-heading\">(Heidelberg \/ Sinsheim) &#8211; 38 Jahre alter Mann wegen Verdachts des gewerbsm\u00e4\u00dfigen Diebstahls in Untersuchungshaft<\/h2>\n\n\n\n<h3 class=\"wp-block-heading\">Gemeinsame Pressemitteilung der Staatsanwaltschaft Heidelberg und des Polizeipr\u00e4sidiums Mannheim<\/h3>\n\n\n<div class=\"wp-block-image\">\n<figure class=\"aligncenter size-full\"><img decoding=\"async\" loading=\"lazy\" width=\"800\" height=\"533\" src=\"https:\/\/speyer24news.com\/wp-content\/uploads\/2020\/06\/Zelle.jpg\" alt=\"\" class=\"wp-image-28203\" srcset=\"https:\/\/speyer24news.com\/wp-content\/uploads\/2020\/06\/Zelle.jpg 800w, https:\/\/speyer24news.com\/wp-content\/uploads\/2020\/06\/Zelle-300x200.jpg 300w, https:\/\/speyer24news.com\/wp-content\/uploads\/2020\/06\/Zelle-768x512.jpg 768w\" sizes=\"(max-width: 800px) 100vw, 800px\" \/><figcaption class=\"wp-element-caption\">Beispielbild Zelle \/ Verhaftung, dient lediglich der Visualisierung<\/figcaption><\/figure><\/div>\n\n\n<p>Auf Antrag der Staatsanwaltschaft Heidelberg wurde Haftbefehl gegen einen 38-j\u00e4hrigen Mann erlassen, der am Dienstag zun\u00e4chst in Sinsheim und sp\u00e4ter in Heidelberg-Wieblingen gemeinsam mit drei weiteren, bislang unbekannten Tatverd\u00e4chtigen gewerbsm\u00e4\u00dfig Ladendiebst\u00e4hle aus Baum\u00e4rkten begangen haben soll.<\/p>\n\n\n\n<p>Zun\u00e4chst soll das Quartett am 31.01.23 gegen 15 Uhr einen Baumarkt in Sinsheim aufgesucht und dort Leuchten im Wert von \u00fcber 1200 EUR entwendet haben.<\/p>\n\n\n\n<p>Am selben Tag gegen 16 Uhr sollen sich die vier Tatverd\u00e4chtigen in die R\u00e4ume eines Baumarktes in Heidelberg-Wieblingen begeben und ebenfalls Leuchten im Gesamtwert von \u00fcber 1900 EUR entwendet haben. Hiernach sollen die Tatverd\u00e4chtigen den Baumarkt samt der eingesteckten Beute verlassen haben.<\/p>\n\n\n\n<p>Der Ladendetektiv des Baumarktes wurde auf die Personengruppe aufmerksam, bemerkte den Diebstahl und verst\u00e4ndigte die Polizei. Bis zum Eintreffen der Beamten fl\u00fcchteten drei Tatverd\u00e4chtige. Der 38-j\u00e4hrige konnte auf dem Parkplatz des Baumarktes festgenommen werden.<\/p>\n\n\n\n<p>Durch die Staatsanwaltschaft Heidelberg wurde daraufhin beim Amtsgericht Heidelberg Haftbefehl gegen den 38-j\u00e4hrigen beantragt. Am 01.02.23 wurde der Beschuldigte der Ermittlungsrichterin des Amtsgerichts Heidelberg vorgef\u00fchrt. Diese erlie\u00df den Haftbefehl, er\u00f6ffnete ihn dem Beschuldigten und setzte ihn antragsgem\u00e4\u00df in Vollzug. Im Anschluss wurde der Beschuldigte in eine Justizvollzugsanstalt eingeliefert.<\/p>\n\n\n\n<p>Die Ermittlungen der Staatsanwaltschaft Heidelberg und des Polizeireviers Heidelberg-S\u00fcd dauern an.<\/p>\n\n\n\n<h2 class=\"wp-block-heading\">(Heidelberg-Weststadt) &#8211; Zeugen eines Verkehrsunfalls gesucht<\/h2>\n\n\n\n<p>Am sp\u00e4ten Donnerstagabend kam es auf der Lessingstra\u00dfe zu einem Verkehrsunfall zwischen einem grauen Golf und einem roten Mercedes &#8211; die Beteiligten schildern den Unfallhergang jedoch unterschiedlich. Bei einem Fahrstreifenwechsel gegen 21.30 Uhr auf der Montpellierbr\u00fccke soll zwischen den beiden Autos zum Zusammensto\u00df gekommen sein. Verletzt wurde keiner der Beteiligten. Bei der anschlie\u00dfenden Unfallaufnahme machten diese jedoch gegens\u00e4tzliche Angaben, weshalb das Polizeirevier Heidelberg-Mitte nun Zeugen sucht. Diese werden gebeten, sich unter Tel.: 06221 18570 zu melden.<\/p>\n\n\n\n<h2 class=\"wp-block-heading\">(Heidelberg-Pfaffengrund) &#8211; &#8222;LEGO&#8220;-Feuerwehrfahrzeug bei Einbruch entwendet \/ Zeugen gesucht!<\/h2>\n\n\n\n<p>Im Tatzeitraum von Mittwochabend, gegen 22:00 Uhr und Donnerstagmorgen, gegen 06:30 Uhr verschaffte sich eine derzeit noch unbekannte T\u00e4terschaft gewaltsam Zutritt zu einem Kiosk im Kranichweg und entwendete ein &#8222;LEGO&#8220;-Feuerwehrauto im Wert von etwa 2.500 Euro. Der oder die T\u00e4ter warfen eine Scheibe des Ladens ein und konnte so an das dort ausgestellte Sammlerst\u00fcck gelangen.<\/p>\n\n\n\n<p>Da lediglich das Modellauto entwendet wurde, ist davon auszugehen, dass die T\u00e4terschaft \u00fcber dessen Wert Bescheid wussten. Das Polizeirevier Heidelberg-S\u00fcd sucht nun Zeugen, welche verd\u00e4chtige Wahrnehmungen gemacht haben und bittet diese, sich unter der Telefonnummer 06221\/3418-0 zu melden.<\/p>\n\n\n\n<h2 class=\"wp-block-heading\">(Wiesloch \/ Rhein-Neckar-Kreis) &#8211; Alkoholisierte Autofahrerin gef\u00e4hrdet Verkehrsteilnehmer \/ Gesch\u00e4digte gesucht!<\/h2>\n\n\n\n<p>Am Donnerstagabend gegen 20:10 Uhr stoppte eine Polizeistreife des Polizeireviers Wiesloch eine alkoholisierte 46-j\u00e4hrige Autofahrerin, welche weitere Verkehrsteilnehmer massiv gef\u00e4hrdete. Eine Zeugin verst\u00e4ndigte die Einsatzkr\u00e4fte, da sie die auff\u00e4llige Fahrweise der Frau \u00fcber eine l\u00e4ngere Strecke beobachten konnte. Sie stoppte an gr\u00fcnen Ampeln, fuhr mit extrem verminderter Geschwindigkeit und war nicht mehr in der Lage, ihren Chevrolet auf deren Spur zu halten. In der Wieslocher Stra\u00dfe kam die Frau dann so weit auf die Gegenfahrbahn, dass ein entgegenkommender unbekannter Audi-Fahrer auf den Gehweg ausweichen musste, um eine Kollision zu verhindern. Anschlie\u00dfend parkte sie auf dem Parkplatz eines Supermarktes. Dort konnte sie von dem alarmierten Streifenteam einer Kontrolle unterzogen werden. Ein Atemalkoholtest best\u00e4tigte den ersten Eindruck der Beamten. Die Frau hatte einen Wert von 1,54 Promille, weshalb ihr auf dem Polizeirevier eine Blutprobe entnommen wurde. Nachdem die polizeilichen Ma\u00dfnahmen beendet waren, durfte sie gehen. Der F\u00fchrerschein wurde beschlagnahmt. Das Polizeirevier Wiesloch sucht nun den gesch\u00e4digten Audi-Fahrer und bittet diesen, sich unter der Telefonnummer 06222\/5709-0 zu melden.<\/p>\n\n\n\n<h2 class=\"wp-block-heading\">(Wiesloch-Schatthausen \/ Rhein-Neckar-Kreis) &#8211; Farbschmierer festgenommen \/ Weitere Zeugen gesucht<\/h2>\n\n\n\n<p>Ein aufmerksamer Zeuge beobachtete am Donnerstagnachmittag gegen 16:15 Uhr einen jungen Mann der gerade dabei war mit einer Spr\u00fchdose verschiedenste Objekte im Bereich der Hohenhardter Stra\u00dfe zu bespr\u00fchen. In der eingeleiteten Fahndung wurden Beamten des Polizeireviers Wiesloch auf den Schmierfinken an einer Scheune neben dem Radweg aufmerksam. Er wurde gleich darauf auf frischer Tat ertappt und festgenommen. Bei der anschlie\u00dfenden Kontrolle wurde neben der Spr\u00fchschablone auch eine Spraydose sichergestellt. Der 15-J\u00e4hrige wurde im Anschluss den Erziehungsberechtigten \u00fcberstellt. Er sieht nun einem Ermittlungsverfahren wegen Sachbesch\u00e4digung entgegen.<\/p>\n\n\n\n<p>Das Polizeirevier Wiesloch sucht in diesem Zusammenhang nach weiteren Zeugen, die den jungen Mann bei Farbschmierereien beobachteten. Insbesondere im Bereich Wiesloch Baiertal und Schatthausen in N\u00e4he zur Hohenhardter Stra\u00dfe und entlang des Radwegs.<\/p>\n\n\n\n<h2 class=\"wp-block-heading\">(Sinsheim \/ Rhein-Neckar-Kreis) &#8211; Unfall auf Hauptstra\u00dfe<\/h2>\n\n\n\n<p>Derzeit kommt es aufgrund eines Verkehrsunfalls in Hauptstra\u00dfe zu Verkehrsbehinderungen. Gegen 9.45 Uhr kam es zwischen der D\u00fchrener Stra\u00dfe und dem Lr\u00e4chenweg zu einem Zusammentso\u00df von zwei Fahrzeugen. Beide Beteiligten wurden dabei verletzt.<\/p>\n\n\n\n<p>\u00dcber den genauen Hergang sowie die Verletzungen der Autofahrer wird nachberichtet.<\/p>\n\n\n\n<p>Der Verkehr wird \u00f6rtlich umgeleitet. (03.02.2023 \u2013 10:16)<\/p>\n\n\n\n<h3 class=\"has-text-align-center wp-block-heading\">Pressemeldung Nr.2<a href=\"https:\/\/www.facebook.com\/sharer.php?u=https%3A%2F%2Fwww.presseportal.de%2Fblaulicht%2Fpm%2F14915%2F5432477%2F%3Futm_source%3Dfacebook%26utm_medium%3Dsocial\"><\/a><a href=\"https:\/\/twitter.com\/intent\/tweet?text=POL-MA%3A%20Sinsheim%2C%20Rhein-Neckar-Kreis%3A%20Unfall%20auf%20Hauptstra%C3%9Fe%2C%20PM%20Nr.2&amp;url=https%3A%2F%2Fwww.presseportal.de%2Fblaulicht%2Fpm%2F14915%2F5432477%2F%3Futm_source%3Dtwitter%26utm_medium%3Dsocial&amp;hashtags=ots&amp;lang=de\"><\/a><a href=\"https:\/\/web.whatsapp.com\/send?text=POL-MA%3A%20Sinsheim%2C%20Rhein-Neckar-Kreis%3A%20Unfall%20auf%20Hauptstra%C3%9Fe%2C%20PM%20Nr.2%0A%0Ahttps%3A%2F%2Fwww.presseportal.de%2Fblaulicht%2Fpm%2F14915%2F5432477%2F%3Futm_source%3Dwhatsapp%26utm_medium%3Dsocial\"><\/a><a href=\"https:\/\/www.xing.com\/app\/user?op=share;url=https%3A%2F%2Fwww.presseportal.de%2Fblaulicht%2Fpm%2F14915%2F5432477%2F%3Futm_source%3Dxing%26utm_medium%3Dsocial\"><\/a><a href=\"http:\/\/www.linkedin.com\/shareArticle?mini=true&amp;url=https%3A%2F%2Fwww.presseportal.de%2Fblaulicht%2Fpm%2F14915%2F5432477%2F%3Futm_source%3Dlinkedin%26utm_medium%3Dsocial&amp;title=POL-MA%3A+Sinsheim%2C+Rhein-Neckar-Kreis%3A+Unfall+auf+Hauptstra%C3%9Fe%2C+PM+Nr.2\"><\/a><a href=\"mailto:?subject=POL-MA%3A%20Sinsheim%2C%20Rhein-Neckar-Kreis%3A%20Unfall%20auf%20Hauptstra%C3%9Fe%2C%20PM%20Nr.2&amp;body=https:\/\/www.presseportal.de\/blaulicht\/pm\/14915\/5432477\"><\/a><\/h3>\n\n\n\n<p>Nach einem Verkehrsunfall in der Hauptstra\u00dfe wurde die Sperrung um 10.30 Uhr aufgehoben. Gegen 9.45 Uhr kam es im Kreuzungsbereich der Haupt- und Karl-Wilhelmi-Stra\u00dfe zu einem Zusammensto\u00df zweier Pkw. Derzeit ist von einer Vorfahrtsmissachtung auszugehen. Eine medizinische Versorgung der Beteiligten ergab, dass diese durch den Zusammensto\u00df nicht verletzt wurden. Das Polizeirevier Sinsheim hat die Unfallermittlungen \u00fcbernommen.<\/p>\n\n\n\n<h2 class=\"wp-block-heading\">(Reichartshausen \/ Rhein-Neckar-Kreis) &#8211; Schwerer Unfall auf der L532<\/h2>\n\n\n<div class=\"wp-block-image\">\n<figure class=\"aligncenter size-full\"><img decoding=\"async\" loading=\"lazy\" width=\"800\" height=\"533\" src=\"https:\/\/speyer24news.com\/wp-content\/uploads\/2021\/01\/Ruhe-in-Frieden.jpg\" alt=\"\" class=\"wp-image-32361\" srcset=\"https:\/\/speyer24news.com\/wp-content\/uploads\/2021\/01\/Ruhe-in-Frieden.jpg 800w, https:\/\/speyer24news.com\/wp-content\/uploads\/2021\/01\/Ruhe-in-Frieden-300x200.jpg 300w, https:\/\/speyer24news.com\/wp-content\/uploads\/2021\/01\/Ruhe-in-Frieden-768x512.jpg 768w\" sizes=\"(max-width: 800px) 100vw, 800px\" \/><\/figure><\/div>\n\n\n<p>Gegen 16:30 Uhr ereignete sich auf der L532 H\u00f6he Reichartshausen am Abzweig zur K4189 ein schwerer Verkehrsunfall zwischen zwei Pkw. Derzeit befinden sich Rettungsdienst, Feuerwehr und Polizei im Einsatz. Die L532 ist derzeit gesperrt, eine \u00f6rtliche Umleitung wurde eingerichtet.<\/p>\n\n\n\n<h3 class=\"has-text-align-center wp-block-heading\">T\u00f6dlicher Verkehrsunfall auf der L532 &#8211; Pressemeldung Nr. 2<\/h3>\n\n\n\n<p>Am Freitagnachmittag gegen 16:30 Uhr ereignete sich auf der L532 H\u00f6he Reichartshausen ein schwerer Verkehrsunfall zwischen zwei Pkw. Die 39-j\u00e4hrige Unfallverursacherin befuhr mit ihrem Auto den Weinweg aus Richtung Haag kommend in Richtung Reichartshausen. An der Kreuzung L532 \/ Weinweg \/ Hauptstra\u00dfe missachtete sie die Vorfahrt des auf der L532 fahrenden Autofahrers, welcher mit seinem Opel Vivaro von Lobbach kommend in Richtung Aglasterhausen unterwegs war. Im Kreuzungsbereich kam es zum Zusammensto\u00df beider Fahrzeuge. Durch die Wucht des Aufpralls wurden beide Fahrzeuge in das angrenzende Feld geschleudert. Der Opel Vivaro kam auf dem Dach zum Liegen, der 46-j\u00e4hrige Fahrer wurde schwer, aber nicht lebensgef\u00e4hrlich, verletzt in ein Krankenhaus verbracht. Die Unfallverursacherin war nach jetzigem Stand der Ermittlungen nicht angeschnallt und erlag noch an der Unfallstelle ihren Verletzungen. Der 5-j\u00e4hrige Sohn, welcher sich ebenfalls im PKW befand, erlitt eine Gehirnersch\u00fctterung und wurde zur \u00dcberwachung in ein Krankenhaus verbracht. Bei beiden Fahrzeugen kam es zu einem Totalschaden. An dem Opel entstand ein Schaden von ca. 15.000 Euro und am Hyundai ein Schaden von etwa 20.000 Euro. Ein Unfallsachverst\u00e4ndiger wurde eingeschaltet, die Unfallaufnahme erfolgte durch den Verkehrsdienst Heidelberg. Die L532 blieb bis ca. 23 Uhr gesperrt.<\/p>\n\n\n\n<h2 class=\"wp-block-heading\">(Weinheim \/ Rhein-Neckar-Kreis) &#8211; Jugendlichem Sportschuhe geraubt \/ Zeugen gesucht<\/h2>\n\n\n\n<p>Am Mittwochabend gegen 20:30 Uhr trafen zwei Jugendliche im Alter von 14 und 15 Jahren in der Weinheimer Fu\u00dfg\u00e4ngerzone auf eine mehrk\u00f6pfige Personengruppe aus jungen M\u00e4nnern. Nachdem die Personen miteinander ins Gespr\u00e4ch gekommen und auf einem Parkplatz im Bereich des Schlosserg\u00e4\u00dfchens angekommen waren, begann ein Verd\u00e4chtiger der Gruppierung den 14-J\u00e4hrigen zu sto\u00dfen. Danach entriss der Unbekannte dem zu Boden gefallenen Jugendlichen die Sportschuhe und fl\u00fcchtete. Der Wert der Sportschuhe liegt bei 150 Euro. Der 14-J\u00e4hrige erlitt durch den Sturz leichte Verletzungen. Die sp\u00e4ter informierte Polizei konnte im Rahmen der Fahndung keine verd\u00e4chtigen Personen mehr feststellen. <\/p>\n\n\n\n<h4 class=\"wp-block-heading\">Der T\u00e4ter wird wie folgt beschrieben: <\/h4>\n\n\n\n<ul>\n<li><strong>14-16 Jahre<\/strong><\/li>\n\n\n\n<li><strong>170cm gro\u00df<\/strong><\/li>\n\n\n\n<li><strong>schwarze gelockte Haare am Oberkopf, seitlich kurzer Haarschnitt<\/strong><\/li>\n\n\n\n<li><strong>schwarzer Pullover mit braunen Streifen an den \u00c4rmeln. <\/strong><\/li>\n<\/ul>\n\n\n\n<p>Die Spezialistinnen und Spezialisten f\u00fcr jugendspezifische Eigentumsdelikte der Kriminalpolizeidirektion Heidelberg haben die Ermittlungen wegen Verdacht des Raubes \u00fcbernommen. Zeugen, welche die Situation beobachtet haben oder Hinweise zum T\u00e4ter geben k\u00f6nnen, werden gebeten, sich unter Tel.: 0621\/174-4444 zu melden.<\/p>\n","protected":false},"excerpt":{"rendered":"<div class=\"mh-excerpt\"><p>Polizeimeldungen vom Freitag (03.02.2023) (Speyer) &#8211; Ladendieb kann durch Zeugen an der Flucht gehindert werden Am 02.02.2023 gegen 15:00 Uhr konnte ein 53- j\u00e4hriger Mann durch einen bislang unbekannten Zeugen beobachtet werden, wie er den <a class=\"mh-excerpt-more\" href=\"https:\/\/speyer24news.com\/?p=50877\" title=\"Polizeimeldungen Freitag (03.02.2023)\">[&#8230;]<\/a><\/p>\n<\/div>","protected":false},"author":3,"featured_media":26162,"comment_status":"open","ping_status":"open","sticky":false,"template":"","format":"standard","meta":{"_monsterinsights_skip_tracking":false,"_monsterinsights_sitenote_active":false,"_monsterinsights_sitenote_note":"","_monsterinsights_sitenote_category":0,"footnotes":""},"categories":[15659],"tags":[],"aioseo_notices":[],"amp_enabled":true,"_links":{"self":[{"href":"https:\/\/speyer24news.com\/index.php?rest_route=\/wp\/v2\/posts\/50877"}],"collection":[{"href":"https:\/\/speyer24news.com\/index.php?rest_route=\/wp\/v2\/posts"}],"about":[{"href":"https:\/\/speyer24news.com\/index.php?rest_route=\/wp\/v2\/types\/post"}],"author":[{"embeddable":true,"href":"https:\/\/speyer24news.com\/index.php?rest_route=\/wp\/v2\/users\/3"}],"replies":[{"embeddable":true,"href":"https:\/\/speyer24news.com\/index.php?rest_route=%2Fwp%2Fv2%2Fcomments&post=50877"}],"version-history":[{"count":1,"href":"https:\/\/speyer24news.com\/index.php?rest_route=\/wp\/v2\/posts\/50877\/revisions"}],"predecessor-version":[{"id":50880,"href":"https:\/\/speyer24news.com\/index.php?rest_route=\/wp\/v2\/posts\/50877\/revisions\/50880"}],"wp:featuredmedia":[{"embeddable":true,"href":"https:\/\/speyer24news.com\/index.php?rest_route=\/wp\/v2\/media\/26162"}],"wp:attachment":[{"href":"https:\/\/speyer24news.com\/index.php?rest_route=%2Fwp%2Fv2%2Fmedia&parent=50877"}],"wp:term":[{"taxonomy":"category","embeddable":true,"href":"https:\/\/speyer24news.com\/index.php?rest_route=%2Fwp%2Fv2%2Fcategories&post=50877"},{"taxonomy":"post_tag","embeddable":true,"href":"https:\/\/speyer24news.com\/index.php?rest_route=%2Fwp%2Fv2%2Ftags&post=50877"}],"curies":[{"name":"wp","href":"https:\/\/api.w.org\/{rel}","templated":true}]}}