{"id":50906,"date":"2023-02-08T09:34:21","date_gmt":"2023-02-08T08:34:21","guid":{"rendered":"https:\/\/speyer24news.com\/?p=50906"},"modified":"2023-02-08T09:34:23","modified_gmt":"2023-02-08T08:34:23","slug":"polizeimeldungen-montag-dienstag-06-02-07-02-2023","status":"publish","type":"post","link":"https:\/\/speyer24news.com\/?p=50906","title":{"rendered":"Polizeimeldungen Montag &#038; Dienstag (06.02.-.07.02.2023)"},"content":{"rendered":"<style type=\"text\/css\">\r\n\t.ads_top_disp{}\r\n\t.ads_top_corner_disp{ float:left; margin:0px 10px 10px 0px; }\r\n\t.ads_first_p_disp{}\r\n\t.ads_bottom_disp{}\r\n\t<\/style>\n<h2 class=\"wp-block-heading\">Polizeimeldungen vom Montag und Dienstag (06.02.-.07.02.2023)<\/h2>\n\n\n<div class=\"wp-block-image\">\n<figure class=\"aligncenter size-full\"><img decoding=\"async\" loading=\"lazy\" width=\"375\" height=\"500\" src=\"https:\/\/speyer24news.com\/wp-content\/uploads\/2022\/03\/Aktuelles-Polizeilogo.jpg\" alt=\"\" class=\"wp-image-43591\" srcset=\"https:\/\/speyer24news.com\/wp-content\/uploads\/2022\/03\/Aktuelles-Polizeilogo.jpg 375w, https:\/\/speyer24news.com\/wp-content\/uploads\/2022\/03\/Aktuelles-Polizeilogo-225x300.jpg 225w\" sizes=\"(max-width: 375px) 100vw, 375px\" \/><\/figure><\/div>\n\n\n<h2 class=\"wp-block-heading\">(Speyer) &#8211; Diebstahl von Katalysatoren<\/h2>\n\n\n<div class=\"wp-block-image\">\n<figure class=\"aligncenter size-full\"><img decoding=\"async\" loading=\"lazy\" width=\"801\" height=\"600\" src=\"https:\/\/speyer24news.com\/wp-content\/uploads\/2020\/05\/Zeugen-gesucht-Neutral.jpg\" alt=\"\" class=\"wp-image-26598\" srcset=\"https:\/\/speyer24news.com\/wp-content\/uploads\/2020\/05\/Zeugen-gesucht-Neutral.jpg 801w, https:\/\/speyer24news.com\/wp-content\/uploads\/2020\/05\/Zeugen-gesucht-Neutral-300x225.jpg 300w, https:\/\/speyer24news.com\/wp-content\/uploads\/2020\/05\/Zeugen-gesucht-Neutral-768x575.jpg 768w, https:\/\/speyer24news.com\/wp-content\/uploads\/2020\/05\/Zeugen-gesucht-Neutral-678x509.jpg 678w, https:\/\/speyer24news.com\/wp-content\/uploads\/2020\/05\/Zeugen-gesucht-Neutral-326x245.jpg 326w, https:\/\/speyer24news.com\/wp-content\/uploads\/2020\/05\/Zeugen-gesucht-Neutral-80x60.jpg 80w\" sizes=\"(max-width: 801px) 100vw, 801px\" \/><\/figure><\/div>\n\n\n<p>Insgesamt 13 Katalysatoren wurden im Zeitraum von Freitag (03.02.2023) bis Montag (06.02.2023) aus geparkten Wohnmobilen ausgebaut und entwendet. Die Fahrzeuge waren auf einem Firmengel\u00e4nde in der Franz-Kirrmeier-Stra\u00dfe abgestellt. Der Gesamtschaden bel\u00e4uft sich auf circa 39.000 Euro. <\/p>\n\n\n\n<ul>\n<li><strong>Wer hat etwas beobachtet oder kann sachdienliche Hinweise geben? <\/strong><\/li>\n<\/ul>\n\n\n\n<p>Zeugen werden gebeten, ihre Wahrnehmungen der Polizei Speyer telefonisch oder per E-Mail mitzuteilen (Tel. 06232 \/ 137-0, E-Mail an\u00a0<a href=\"mailto:pispeyer@polizei.rlp.de\">pispeyer@polizei.rlp.de<\/a>.)<\/p>\n\n\n\n<h2 class=\"wp-block-heading\">(Speyer) &#8211; Einbruch in B\u00fcror\u00e4ume<\/h2>\n\n\n\n<p>Im Zeitraum vom 01.02.2023, 18:00 Uhr bis 06.02.2023, 09:30 Uhr gelangten bislang unbekannte T\u00e4ter \u00fcber ein Fenster in B\u00fcror\u00e4umlichkeiten in der Kleinen Pfaffengasse. Im Innern wurden mehrere Schr\u00e4nke angegangen. Entwendet wurde zum aktuellen Stand der Ermittlungen nichts. <\/p>\n\n\n\n<ul>\n<li><strong>Wer hat etwas beobachtet oder kann sachdienliche Hinweise geben? <\/strong><\/li>\n<\/ul>\n\n\n\n<p>Zeugen werden gebeten, ihre Wahrnehmungen der Polizei Speyer telefonisch oder per E-Mail mitzuteilen (Tel. 06232 \/ 137-0, E-Mail an\u00a0<a href=\"mailto:pispeyer@polizei.rlp.de\">pispeyer@polizei.rlp.de<\/a>.)<\/p>\n\n\n\n<h2 class=\"wp-block-heading\">(Speyer) &#8211; Streitigkeiten enden in K\u00f6rperverletzung<\/h2>\n\n\n\n<p>Am 05.02.2023 gegen 02:15 Uhr befanden sich in der Obere Langgasse ein 27- und ein 29-j\u00e4hriger Mann, sowie dessen 26-j\u00e4hrige Freundin. Zwischen den M\u00e4nnern kam es zu einem laustarken Streit, in dessen Verlauf der 27-J\u00e4hrige dem 29-J\u00e4hrigen ein &#8222;Schobbeglas&#8220; gegen den Kopf schlug. Alle beteiligten Personen standen erheblich unter Alkoholeinfluss. Ein durchgef\u00fchrter Atemalkoholtest ergab bei dem 27-J\u00e4hrigen einen Wert von 2.08 Promille, bei dem 29-J\u00e4hrigen einen Wert von 2.01 Promille. Der 27-J\u00e4hrige wurde zur Dienststelle verbracht, wo ihm eine Blutprobe entnommen wurde. Der Gesch\u00e4digte erlitt eine leichte Verletzung im Bereich des Ohres.<\/p>\n\n\n\n<h2 class=\"wp-block-heading\">(Speyer) &#8211; Ladendiebin beim Diebstahl erwischt<\/h2>\n\n\n\n<p>Am 03.02.2023 gegen 13:27 Uhr entwendete eine 50-j\u00e4hrige Frau in einem Supermarkt in der Iggelheimer Stra\u00dfe Waren im Gesamtwert von ca. 31 Euro. Die Frau hielt sich ca. zwei Stunden im Markt auf und nahm eine Vielzahl von Produkten an sich und verstaute diese in einer mitgef\u00fchrten Tasche, ihrer Jackentasche und schm\u00fcckte ihren K\u00f6rper damit, indem sie ihre Haare mit Haargummis frisierte. Anschlie\u00dfend passierte sie den Kassenbereich ohne die Ware zu bezahlen. Die dortige Ladendetektivin sprach die Frau auf den Diebstahl an und diese h\u00e4ndigte die entwendeten Waren aus. Die Dame hatte bereits wegen vorangegangener Taten ein Hausverbot in dem Supermarkt. Bei der Personendurchsuchung durch die Polizei konnten diverse Bet\u00e4ubungsmittel aufgefunden werden. Au\u00dferdem stellten die Beamten im Rahmen der Ermittlungen fest, dass die 50-J\u00e4hrige aufgrund eines Haftbefehls einem Richter vorzuf\u00fchren ist. Daher wurde sie zun\u00e4chst dem Gewahrsam der Polizei zugef\u00fchrt. Die Frau erwarten nun mehrere Anzeigen ua. wegen Diebstahl und Hausfriedensbruch.<\/p>\n\n\n\n<h2 class=\"wp-block-heading\">(Speyer) &#8211; Festnahme nach Einbruch in Apotheke<\/h2>\n\n\n\n<h3 class=\"wp-block-heading\">Gemeinsame Presseerkl\u00e4rung der Staatsanwaltschaft Frankenthal und der Polizeiinspektion<\/h3>\n\n\n<div class=\"wp-block-image\">\n<figure class=\"aligncenter size-full\"><img decoding=\"async\" loading=\"lazy\" width=\"800\" height=\"533\" src=\"https:\/\/speyer24news.com\/wp-content\/uploads\/2021\/10\/Festnahme-Handschellen.jpg\" alt=\"\" class=\"wp-image-41224\" srcset=\"https:\/\/speyer24news.com\/wp-content\/uploads\/2021\/10\/Festnahme-Handschellen.jpg 800w, https:\/\/speyer24news.com\/wp-content\/uploads\/2021\/10\/Festnahme-Handschellen-300x200.jpg 300w, https:\/\/speyer24news.com\/wp-content\/uploads\/2021\/10\/Festnahme-Handschellen-768x512.jpg 768w\" sizes=\"(max-width: 800px) 100vw, 800px\" \/><figcaption class=\"wp-element-caption\">Beispielbild Handschelle \/ Verhaftung, dient lediglich der Visualisierung<\/figcaption><\/figure><\/div>\n\n\n<p>In der Nacht von Donnerstag auf Freitag wurden zwei tatverd\u00e4chtige Jugendliche nach einem Einbruch in eine Apotheke im Falkenweg in Speyer vorl\u00e4ufig festgenommen.<\/p>\n\n\n\n<p>Am 03.02.2023, um 03:36 Uhr, meldete eine Anwohnerin ein lautes Klirren einer Scheibe in ihrer Wohnortn\u00e4he. Die \u00d6rtlichkeit wurde umgehend mit starken Kr\u00e4ften der Polizei aufgesucht. Dort stellten die Beamten fest, dass eine Scheibe zur Apotheke mit einem Gullydeckel eingeworfen und der Innenbereich augenscheinlich durchw\u00fchlt wurde. Im Rahmen einer Fahndung konnten die fl\u00fcchtigen Tatverd\u00e4chtigen, ein 16- und ein 17-J\u00e4hriger, bei einer Kontrolle eines Taxis durch Polizeikr\u00e4fte festgestellt werden. Bei der anschlie\u00dfenden Personendurchsuchung fanden die Beamten neben einem Messer, einem Pfefferspray auch einen hohen dreistelligen Bargeldbetrag in Scheinen, mehreren M\u00fcnzrollen, sowie Medikamentenrezepte.<\/p>\n\n\n\n<p>Ein Augenzeuge beobachtete die Jugendlichen und brachte die Beamten zudem zu einem nahegelegenen Versteck, an welchem die Tatverd\u00e4chtigen weiteres Diebesgut gelagert hatten. Dort fanden die Polizisten weitere M\u00fcnzrollen, einen Rucksack mit Bolzenschneider, Handschuhe und weitere Rezepte.<\/p>\n\n\n\n<p>Die beiden Tatverd\u00e4chtige wurden vorl\u00e4ufig festgenommen. Auf der Dienststelle wurde ihnen eine Blutprobe entnommen und deren Mobiltelefone sichergestellt. Mangels Haftgr\u00fcnde wurden die Beschuldigten anschlie\u00dfend auf freien Fu\u00df gesetzt. Au\u00dferdem wurde ihm Rahmen der weiteren Ermittlungen ein Durchsuchungsbeschluss erlassen und umgesetzt.<\/p>\n\n\n\n<p>Ob die beiden Tatverd\u00e4chtigen f\u00fcr weitere Einbr\u00fcche im Stadtgebiet Speyer verantwortlich sein k\u00f6nnten, ist Gegenstand der weiteren Ermittlungen der Staatsanwaltschaft und der Polizei.<\/p>\n\n\n\n<h2 class=\"wp-block-heading\">(Waldsee) &#8211; Kurze Pause an Hauswand eingelegt<\/h2>\n\n\n\n<p>Nach einem zun\u00e4chst durch einen Zeugen gemeldeten Verkehrsunfall konnten Beamte der Polizeiinspektion Schifferstadt am Montagmorgen einen 71-j\u00e4hrigen Mofafahrer aus Waldsee in der Raiffeisenstra\u00dfe antreffen. Vor Ort konnte schnell gekl\u00e4rt werden, dass kein Unfallgeschehen vorlag, sondern der Mann nur auf seinem Mofa sitzend an einer Hauswand anlehnte. Da der Mann stark nach Alkohol roch, wurde ein Atem-Alkoholtest durchgef\u00fchrt &#8211; Ergebnis 1,78 Promille. Nach Entnahme einer Blutprobe konnte der Mann den Nachhauseweg antreten, allerdings ohne seinen Roller. Ihn erwartet nun ein Strafverfahren wegen Trunkenheit im Verkehr.<\/p>\n\n\n\n<h2 class=\"wp-block-heading\">(Mutterstadt) &#8211; Auseinandersetzung nach \u00dcberholvorgang<\/h2>\n\n\n\n<p>Aufgrund von Meinungsverschiedenheiten nach einem \u00dcberholvorgang kam es am Montagabend in der Ruchheimer Stra\u00dfe zun\u00e4chst zwischen zwei Verkehrsteilnehmern aus Limburgerhof und Hochdorf-Assenheim zu einer k\u00f6rperlichen Auseinandersetzung mit Schl\u00e4gen und Tritten sowie einer anschlie\u00dfenden Beleidigung. Als ein Unbeteiligter schlichtend eingreifen wollte, wurde dieser von der 52-j\u00e4hrigen Beifahrerin eines der beiden Streith\u00e4hne ebenfalls k\u00f6rperlich angegangen. Zwei der Beteiligten erlitten leichte Verletzungen. Der genaue Hergang des Sachverhaltes wird nun Gegenstand in einem Ermittlungsverfahren sein. Zeugen des Vorfalls werden gebeten, sich unter der Telefonnummer 06235 &#8211; 495-0 oder per E-Mail (pischifferstadt@polizei.rlp.de) an die Polizeiinspektion Schifferstadt zu wenden.<\/p>\n\n\n\n<h2 class=\"wp-block-heading\">(Bellheim \/ Knittelsheim) &#8211; Lasermessung<\/h2>\n\n\n<div class=\"wp-block-image\">\n<figure class=\"aligncenter size-full\"><img decoding=\"async\" loading=\"lazy\" width=\"547\" height=\"440\" src=\"https:\/\/speyer24news.com\/wp-content\/uploads\/2019\/02\/Lasermessung_1.jpg\" alt=\"\" class=\"wp-image-5449\" srcset=\"https:\/\/speyer24news.com\/wp-content\/uploads\/2019\/02\/Lasermessung_1.jpg 547w, https:\/\/speyer24news.com\/wp-content\/uploads\/2019\/02\/Lasermessung_1-300x241.jpg 300w\" sizes=\"(max-width: 547px) 100vw, 547px\" \/><\/figure><\/div>\n\n\n<p>Am Montagmorgen wurde eine Geschwindigkeitsmessung in der Postgrabenstra\u00dfe in Bellheim durchgef\u00fchrt. Bei erlaubten 30 km\/h konnten 15 Geschwindigkeitsverst\u00f6\u00dfe festgestellt werden. Bei einer weiteren Geschwindigkeitskontrolle in der Hauptstra\u00dfe in Knittelsheim ergaben sich bei erlaubten 30 km\/h zehn Verst\u00f6\u00dfe. Hier wurde der &#8222;Spitzenreiter&#8220; mit 49 km\/h gemessen.<\/p>\n\n\n\n<h2 class=\"wp-block-heading\">(Germersheim) &#8211; Einbruchserie in Schreberg\u00e4rten<\/h2>\n\n\n\n<p>Im Zeitraum vom 04.02.2023, 17:00 Uhr bis zum 05.02.2023, 11:00 Uhr brachen bisher unbekannte T\u00e4ter in der Werftstra\u00dfe in Germersheim f\u00fcnf Gartenh\u00e4uschen auf. Was diese entwendeten ist aktuell Gegenstand der Ermittlungen. T\u00e4terhinweise nimmt die Polizei Germersheim unter&nbsp;<a href=\"mailto:pigermersheim@polizei.rlp.de\">pigermersheim@polizei.rlp.de<\/a>&nbsp;oder unter der Telefonnummer 07274\/9581602 entgegen.<\/p>\n\n\n\n<h2 class=\"wp-block-heading\">(Germersheim) &#8211; Vorsicht Betr\u00fcger<\/h2>\n\n\n\n<p>Erneut kam es zu einem Betrug mit der dreisten WhatsApp-Masche. So erhielten mehrere Opfer aus Germersheim und der Verbandsgemeinde Bellheim eine WhatsApp-Nachricht von ihren vermeintlichen Kindern, dass ihr Handy kaputtgegangen sei und sie doch bitte ihre neue Erreichbarkeit in ihr Smartphone einspeichern sollen. Die Ganoven verwickeln die Opfer in eine l\u00e4ngere Konversation und verschafften sich dadurch Vertrauen. Letztendlich kommt es dann zu einer Geldforderung. <\/p>\n\n\n\n<h4 class=\"wp-block-heading\">Die Polizei appelliert: <\/h4>\n\n\n\n<ul>\n<li><strong>Sch\u00fctzen Sie ihren WhatsApp-Account vor Betrug. Entlarven Sie Betr\u00fcger, indem Sie um eine Sprachnachricht bitten oder rufen Sie vor einer \u00dcberweisung die Person an, um deren Identit\u00e4t zu \u00fcberpr\u00fcfen. Nur so k\u00f6nnen Sie sicher sein, dass keine fremde Person Ihren Account missbr\u00e4uchlich verwendet. <\/strong><\/li>\n<\/ul>\n\n\n\n<p>Gl\u00fccklicherweise haben alle Opfer den Betrugsversuch durschaut.<\/p>\n\n\n\n<h2 class=\"wp-block-heading\">(Kuhardt) &#8211; 83-J\u00e4hriger nach Unfall mit Pedelec verstorben<\/h2>\n\n\n\n<h3 class=\"wp-block-heading\" id=\"block-b79a89cc-b989-4e78-ab9e-345ee3eb5f47\">Nachtragsmeldung zu <a href=\"https:\/\/www.presseportal.de\/blaulicht\/pm\/117686\/5410956\" target=\"_blank\" rel=\"noreferrer noopener\">https:\/\/www.presseportal.de\/blaulicht\/pm\/117686\/5410956<\/a><\/h3>\n\n\n<div class=\"wp-block-image\">\n<figure class=\"aligncenter size-full\"><img decoding=\"async\" loading=\"lazy\" width=\"800\" height=\"533\" src=\"https:\/\/speyer24news.com\/wp-content\/uploads\/2021\/01\/Ruhe-in-Frieden.jpg\" alt=\"\" class=\"wp-image-32361\" srcset=\"https:\/\/speyer24news.com\/wp-content\/uploads\/2021\/01\/Ruhe-in-Frieden.jpg 800w, https:\/\/speyer24news.com\/wp-content\/uploads\/2021\/01\/Ruhe-in-Frieden-300x200.jpg 300w, https:\/\/speyer24news.com\/wp-content\/uploads\/2021\/01\/Ruhe-in-Frieden-768x512.jpg 768w\" sizes=\"(max-width: 800px) 100vw, 800px\" \/><\/figure><\/div>\n\n\n<p>Am 07.01.2023 ereignete sich in Kuhardt ein Verkehrsunfall (siehe Pressemitteilung vom 08.01.2023), bei dem ein 83-j\u00e4hriger Pedelec Fahrer schwer verletzt wurde. Der Rentner verstarb am 04.02.2023 an den Folgen seiner Verletzungen. Die Ermittlungen zur Kl\u00e4rung der Unfallursache dauern weiter an.<\/p>\n\n\n\n<h2 class=\"wp-block-heading\">(Leinsweiler) &#8211; Unfallflucht in der Weinstra\u00dfe<\/h2>\n\n\n\n<p>Am 06.02.23 streifte zwischen 07 und 16h ein noch unbekanntes Fahrzeug (vermutlich VW Kleintransporter) beim Vorbeifahren einen in der Weinstra\u00dfe am Fahrbahnrand stehenden Ford Ka und verursachte Sachschaden. Anschlie\u00dfend entfernte sich der T\u00e4ter unerlaubt von der Unfallstelle. Die Polizei sucht Zeugen, welche weitere Hinweise zum Unfallverursacher geben k\u00f6nnen.<\/p>\n\n\n\n<h2 class=\"wp-block-heading\">(Edenkoben) &#8211; Geldbeuteldiebstahl<\/h2>\n\n\n\n<p>Eine 52 Jahre alte Frau bekam Montagmittag (06.02.2023, 14 Uhr) von Unbekannten in einem Lebensmitteldiscounter ihr Portemonnaie samt EC-Karten gestohlen. Die Frau hatte ihre B\u00f6rse in einer T\u00fcte im Einkaufswagen deponiert, w\u00e4hrend sie sich \u00fcber verschiedene Artikel informierte. Diese Situation haben die Langfinger genutzt und entnahmen die Einkaufstasche samt dem Geldbeutel. Die Polizei weist darauf hin, dass Wertgegenst\u00e4nde zwingend nah am K\u00f6rper getragen werden sollten. Niemals sollten Hand- oder Einkaufstaschen oder Portemonnaies im Einkaufwagen transportiert werden. Professionell agierende Diebe halten bewusst Ausschau nach diesen Gelegenheiten und haben dann leichtes Spiel.<\/p>\n\n\n\n<h2 class=\"wp-block-heading\">(Kirrweiler) &#8211; Radfahrer zieht sich Platzwunde zu<\/h2>\n\n\n\n<p>Ein 76 Jahre alter Radfahrer verlor am Samstagabend (04.02.2023, 18.22 Uhr) beim Befahren des Kirchplatzes das Gleichgewicht und st\u00fcrzte mit dem Kopf auf eine Mauer. Hierbei erlitt er eine Platzwunde und musste im Krankenhaus \u00e4rztlich behandelt werden. Einen Fahrradhelm trug der Mann nicht. Die meisten Erwachsenen verzichten oft auf den lebensrettenden Kopfschutz. Aber: Bei einem schweren Sturz kann ein Fahrradhelm die Gesundheit oder gar das Leben retten.<\/p>\n\n\n\n<h2 class=\"wp-block-heading\">(Neustadt) &#8211; Zahlreiche Verkehrsverst\u00f6\u00dfe&#8230;<\/h2>\n\n\n\n<p>&#8230; stellten Kr\u00e4fte der Polizei Neustadt bei einer Kontrollstelle am Dienstag (07.02.2023) in der Landauer Stra\u00dfe fest. Zwischen 16:30 und 17:30 Uhr fielen sechs Fahrzeugf\u00fchrer auf, welche ihr Mobiltelefon verbotswidrig w\u00e4hrend der Fahrt benutzten. Zwei weitere Verkehrsteilnehmer hatten ihre Sicherheitsgurte nicht angelegt.<\/p>\n\n\n\n<p>Eine sichere Teilnahme am Stra\u00dfenverkehr lebt von gegenseitiger R\u00fccksichtnahme und dem Bewusstsein, dass jeder auf den anderen im Verkehr achtet. Ablenkung, beispielsweise durch die Nutzung von elektronischen Ger\u00e4ten, stellt immer noch eine der Hauptunfallursachen dar. Die polizeiliche Verkehrssicherheitsarbeit setzt bei der Erkennung und Minimierung der Unfallursachen an. Ziel ist es, die Anzahl der Verkehrsunf\u00e4lle und die schweren Unfallfolgen zu reduzieren. Verkehrs\u00fcberwachung und -kontrollen bieten hierbei eine effektive M\u00f6glichkeit der Einflussnahme.<\/p>\n\n\n\n<h2 class=\"wp-block-heading\">(Neustadt) &#8211; Unerlaubtes Entfernen vom Unfallort f\u00fchrt zu F\u00fchrerscheinentzug<\/h2>\n\n\n\n<p>Am 06.02.2023 um 12:20 Uhr wurde eine Streife der hiesigen Dienststelle in der Schwesternstra\u00dfe in 67433 Neustadt\/W. durch eine 61-J\u00e4hrige aus Neustadt auf eine Verkehrsunfallflucht hingewiesen. Im Rahmen der Aufnahme vor Ort stellte sich heraus, dass ein 60-j\u00e4hriger Ludwigshafener mit seinem LKW zun\u00e4chst den PKW der Neustadterin und im weiteren Verlauf einen ebenfalls ordnungsgem\u00e4\u00df geparkten PKW besch\u00e4digte und hiernach seine Fahrt fortsetzte, ohne seinen Pflichten als Verkehrsunfallbeteiligter nachzukommen. Der Unfallverursacher konnte letztlich wenige Stra\u00dfe weiter in der Klausengasse angetroffen werden. Aufgrund des hohen Sachschadens in H\u00f6he von circa 3300 Euro wurde der F\u00fchrerschein des LKW-Fahrers mit dem Ziel der vorl\u00e4ufigen Entziehung beschlagnahmt. Der Mann aus Ludwigshafen muss sich nun in einem Strafverfahren wegen des Unerlaubten Entfernen vom Unfallort verantworten. Des Weiteren wird die zust\u00e4ndige F\u00fchrerscheinstelle \u00fcber den Vorfall in Kenntnis gesetzt.<\/p>\n\n\n\n<h2 class=\"wp-block-heading\">(Bad D\u00fcrkheim) &#8211; Auto zerkratzt<\/h2>\n\n\n\n<p>Wie erst jetzt bekannt wurde, wurde im Zeitraum von 22.01.2023 bis 23.01.2023 ein in der Burgstra\u00dfe in Wachenheim abgestellter PKW von bislang unbekannten T\u00e4tern besch\u00e4digt. Die Frontscheibe des VW Polo wurde mit einem unbekannten Gegenstand zerkratzt. Es entstand ein Sachschaden von 500 Euro. Die Polizei Bad D\u00fcrkheim bittet um Hinweise unter 06322 963 0 oder per E-Mail an\u00a0<a href=\"mailto:pibadduerkheim@polizei.rlp.de\">pibadduerkheim@polizei.rlp.de<\/a><\/p>\n\n\n\n<h2 class=\"wp-block-heading\">(Freinsheim) &#8211; Durchfahrtskontrollen<\/h2>\n\n\n\n<p>Am 06.02.2023 von 07:00 Uhr bis 08:30 Uhr wurde auf mehreren Wirtschaftswegen in Freinsheim, das dort geltende Durchfahrtsverbot \u00fcberwacht. Insgesamt wurden 4 Fahrzeugf\u00fchrer festgestellt die die Wirtschaftswege verbotswidrig befuhren. Zwei Fahrzeugf\u00fchrer konnten einer Kontrolle unterzogen werden und m\u00fcssen nun mit einem Verwarnungsgeld von 50 Euro rechnen. W\u00e4hrend der Kontrollma\u00dfnahmen konnten mehrere Verkehrsteilnehmer beobachtet werden, die aufgrund der Pr\u00e4senz der Streife wendeten und zur\u00fcckfuhren. Die Polizei bittet hier die Verkehrsteilnehmer sich an die geltenden Verkehrsregeln zu halten, da es ansonsten auf den engen Wirtschaftswegen zu Gefahrensituationen f\u00fcr Fu\u00dfg\u00e4nger und Radfahrer kommen kann.<\/p>\n\n\n\n<h2 class=\"wp-block-heading\">(Gr\u00fcnstadt) &#8211; Autofahrer vermutlich unter Drogeneinfluss<\/h2>\n\n\n\n<p>Im Rahmen einer allgemeinen Verkehrskontrolle am 06.02.2023 stellten die kontrollierenden Polizeibeamten bei einem 20 Jahre alten Autofahrer Auff\u00e4lligkeiten fest, die auf einen vorangegangenen Bet\u00e4ubungsmittelkonsum schlie\u00dfen lassen. Ein Vortest konnte nicht durchgef\u00fchrt werden, so dass das Ergebnis der Blutuntersuchung den Verdacht best\u00e4tigen oder ausschlie\u00dfen wird. Wenn bei der Blutuntersuchung Bet\u00e4ubungsmittel nachgewiesen werden, kommt auf den jungen Mann ein Bu\u00dfgeld in H\u00f6he von 500 Euro, die Eintragung zweier Punkte im Verkehrszentralregister und ein einmonatiges Fahrverbot zu. Au\u00dferdem wird dann die F\u00fchrerscheinstelle in Kenntnis gesetzt.<\/p>\n\n\n\n<h2 class=\"wp-block-heading\">(Gr\u00fcnstadt) &#8211; Zu tief ins Glas geschaut<a href=\"https:\/\/www.facebook.com\/sharer.php?u=https%3A%2F%2Fwww.presseportal.de%2Fblaulicht%2Fpm%2F117687%2F5434906%2F%3Futm_source%3Dfacebook%26utm_medium%3Dsocial\"><\/a><a href=\"https:\/\/twitter.com\/intent\/tweet?text=POL-PDNW%3A%20Zu%20tief%20ins%20Glas%20geschaut&amp;url=https%3A%2F%2Fwww.presseportal.de%2Fblaulicht%2Fpm%2F117687%2F5434906%2F%3Futm_source%3Dtwitter%26utm_medium%3Dsocial&amp;hashtags=ots&amp;lang=de\"><\/a><a href=\"https:\/\/web.whatsapp.com\/send?text=POL-PDNW%3A%20Zu%20tief%20ins%20Glas%20geschaut%0A%0Ahttps%3A%2F%2Fwww.presseportal.de%2Fblaulicht%2Fpm%2F117687%2F5434906%2F%3Futm_source%3Dwhatsapp%26utm_medium%3Dsocial\"><\/a><a href=\"https:\/\/www.xing.com\/app\/user?op=share;url=https%3A%2F%2Fwww.presseportal.de%2Fblaulicht%2Fpm%2F117687%2F5434906%2F%3Futm_source%3Dxing%26utm_medium%3Dsocial\"><\/a><a href=\"http:\/\/www.linkedin.com\/shareArticle?mini=true&amp;url=https%3A%2F%2Fwww.presseportal.de%2Fblaulicht%2Fpm%2F117687%2F5434906%2F%3Futm_source%3Dlinkedin%26utm_medium%3Dsocial&amp;title=POL-PDNW%3A+Zu+tief+ins+Glas+geschaut\"><\/a><a href=\"mailto:?subject=POL-PDNW%3A%20Zu%20tief%20ins%20Glas%20geschaut&amp;body=https:\/\/www.presseportal.de\/blaulicht\/pm\/117687\/5434906\"><\/a><\/h2>\n\n\n\n<p>Bei einer Verkehrskontrolle (06.02.2023) am fr\u00fchen Montagnachmittag, fiel ein 73 Jahre alter Fahrer eines Kleinkraftrades mit Alkoholgeruch auf. Ein Alcotest vor Ort best\u00e4tigte den Verdacht der Trunkenheitsfahrt nach \u00a7 24 a StVG, so dass auf der Dienststelle ein gerichtsverwertbarer Atemalkoholtest durchgef\u00fchrt wurde. Dieser ergab einen Wert von 0,64 Promille. Ein Ordnungswidrigkeitenverfahren wurde eingeleitet.<\/p>\n\n\n\n<h2 class=\"wp-block-heading\">(Gr\u00fcnstadt) &#8211; Einbruch in Lokal<\/h2>\n\n\n\n<p>In der Nacht von Sonntag (05.02.2023) auf Montag (06.02.2023) wurde in ein Lokal in der Hauptstra\u00dfe (Fu\u00dfg\u00e4ngerzone) eingebrochen. Offensichtlich konnte\/n der\/die T\u00e4ter die geschlossene, aber nicht verschlossene T\u00fcr mit geringf\u00fcgiger Manipulation \u00f6ffnen und so in das Lokal eindringen. Entwendet wurde Bargeld in H\u00f6he von ca. 90 Euro. Hinweise zu dem Sachverhalt nimmt die Polizeiinspektion Gr\u00fcnstadt (06359\/9312-0) entgegen.<\/p>\n\n\n\n<h2 class=\"wp-block-heading\">(Gr\u00fcnstadt) &#8211; Verkehrskontrollen im Stadtgebiet<\/h2>\n\n\n\n<p>In der Nacht von Sonntag, den 05.02.2023, auf Montag, den 06.02.2023, wurde eine Kontrollstelle auf dem Parkplatz der Polizeiinspektion Gr\u00fcnstadt eingerichtet. Im Rahmen der Kontrollstelle konnten 27 Fahrzeuge kontrolliert werden. Unter den kontrollierten Fahrzeugf\u00fchrern konnten insgesamt vier Personen ohne angelegten Sicherheitsgurt festgestellt werden. Einer der Fahrzeugf\u00fchrer f\u00fchrte seinen F\u00fchrerschein nicht mit sich. Bei einem Fahrzeug erlosch die Betriebserlaubnis aufgrund eines unerlaubten Umbaus am Fahrwerk. Mehrere Fahrzeugf\u00fchrer wurden auf M\u00e4ngel hinsichtlich ihrer Beleuchtung hingewiesen. Die betroffenen Fahrzeugf\u00fchrer wurden aufgefordert die festgestellten M\u00e4ngel zeitnah zu beheben und die fehlenden Dokumente nachzureichen. Gegen die betroffenen Personen wurde ein Verwarngeld erhoben.<\/p>\n\n\n\n<p>Bei einer 24-J\u00e4hrigen PKW-Fahrerin aus Frankenthal konnten im Rahmen der Verkehrskontrolle drogentypische Auff\u00e4lligkeiten festgestellt werden. Ein durchgef\u00fchrter Drogenvortest verlief positiv auf THC. Gegen die Frau wurde ein Ordnungswidrigkeitenverfahren wegen Trunkenheit im Verkehr sowie ein Strafverfahren wegen des Versto\u00dfes gegen das Bet\u00e4ubungsmittelgesetz eingeleitet. Der 24-J\u00e4hrigen droht ein Bu\u00dfgeld in H\u00f6he von 500EUR, 2 Punkte in Flensburg sowie ein Monat Fahrverbot. Ihr F\u00fchrerschein wurde sichergestellt.<\/p>\n\n\n\n<h2 class=\"wp-block-heading\">(Frankenthal) &#8211; Zwei junge M\u00e4nner ausgeraubt<\/h2>\n\n\n<div class=\"wp-block-image\">\n<figure class=\"aligncenter size-full\"><img decoding=\"async\" loading=\"lazy\" width=\"801\" height=\"600\" src=\"https:\/\/speyer24news.com\/wp-content\/uploads\/2020\/05\/Zeugen-gesucht-Neutral.jpg\" alt=\"\" class=\"wp-image-26598\" srcset=\"https:\/\/speyer24news.com\/wp-content\/uploads\/2020\/05\/Zeugen-gesucht-Neutral.jpg 801w, https:\/\/speyer24news.com\/wp-content\/uploads\/2020\/05\/Zeugen-gesucht-Neutral-300x225.jpg 300w, https:\/\/speyer24news.com\/wp-content\/uploads\/2020\/05\/Zeugen-gesucht-Neutral-768x575.jpg 768w, https:\/\/speyer24news.com\/wp-content\/uploads\/2020\/05\/Zeugen-gesucht-Neutral-678x509.jpg 678w, https:\/\/speyer24news.com\/wp-content\/uploads\/2020\/05\/Zeugen-gesucht-Neutral-326x245.jpg 326w, https:\/\/speyer24news.com\/wp-content\/uploads\/2020\/05\/Zeugen-gesucht-Neutral-80x60.jpg 80w\" sizes=\"(max-width: 801px) 100vw, 801px\" \/><\/figure><\/div>\n\n\n<p>Am 06.02.2023, gegen 18.40 Uhr, liefen zwei M\u00e4nner, 20 und 22 Jahre alt, einer aus Ludwigshafen und der andere aus Schifferstadt, die Frankenstra\u00dfe in Richtung Mahlastra\u00dfe. In H\u00f6he des Schotterweges in Richtung Jahnplatz wurden sie von bislang drei unbekannten T\u00e4tern, alle dunkel gekleidet und maskiert, angesprochen und aufgefordert ihre Taschen zu leeren. Hierbei wurden sie mit einer nicht n\u00e4her beschriebenen schwarzen Schusswaffe bedroht. Nachdem einer der beiden M\u00e4nner seine Bankkarte und 60 Euro Bargeld \u00fcbergab, fl\u00fcchteten die T\u00e4ter in Richtung Jahnplatz. Im Rahmen der sofort eingeleiteten Fahndung konnten die T\u00e4ter nicht mehr festgestellt werden. <\/p>\n\n\n\n<ul>\n<li><strong>Ein T\u00e4ter wurde als etwa 190cm gro\u00df beschrieben, die beiden anderen sollen kleiner gewesen sein. Eine weitere Beschreibung liegt nicht vor.<\/strong><\/li>\n<\/ul>\n\n\n\n<p>Zeugen werden gebeten sich an die Polizeiinspektion Frankenthal unter der Tel.-Nr.: 06233\/313-0 oder an die Polizeiwache Maxdorf unter der Tel.-Nr.: 06237\/934-1100 zu wenden. Gerne nehmen wir Ihre Hinweise auch per E-Mail unter\u00a0<a href=\"mailto:pifrankenthal@polizei.rlp.de\">pifrankenthal@polizei.rlp.de<\/a>\u00a0entgegen.<\/p>\n\n\n\n<h2 class=\"wp-block-heading\">(Frankenthal) &#8211; Verkehrsunfall unter Alkoholeinfluss<\/h2>\n\n\n\n<p>Am 05.02.2023, gegen 18.50 Uhr, wollte eine 36-j\u00e4hrige Frau aus Schw\u00e4bisch-Hall mit ihrem Pkw von der Hauptstra\u00dfe in die Deichstra\u00dfe einbiegen. Hierbei touchierte sie ein am Stra\u00dfenrand geparkten Pkw. Es entstand hierbei Sachschaden von gesch\u00e4tzten 1000 Euro. Im Rahmen der Unfallaufnahme konnte bei der Frau Alkoholgeruch wahrgenommen werden. Ein freiwilliger Atemalkoholtest ergab einen Wert von 3,8 Promille. Ihr wurde auf der Dienststelle eine Blutprobe entnommen, der F\u00fchrerschein sichergestellt und ein Strafverfahren eingeleitet.<\/p>\n\n\n\n<p>Zeugen werden gebeten sich an die Polizeiinspektion Frankenthal unter der Tel.-Nr.: 06233\/313-0 oder an die Polizeiwache Maxdorf unter der Tel.-Nr.: 06237\/934-1100 zu wenden. Gerne nehmen wir Ihre Hinweise auch per E-Mail unter\u00a0<a href=\"mailto:pifrankenthal@polizei.rlp.de\">pifrankenthal@polizei.rlp.de<\/a>\u00a0entgegen.<\/p>\n\n\n\n<h2 class=\"wp-block-heading\">(Frankenthal) &#8211; Einbruchserie in Gartenh\u00e4user<\/h2>\n\n\n\n<p>In der Zeit von 04.02.2023, 21.30 Uhr, bis 05.02.2023, 12.00 Uhr, brachen bisher unbekannte T\u00e4ter mehrere Gartenh\u00e4user in der Kleingartenanlage am Sauweideweg auf. Bislang sind hierzu 11 Gesch\u00e4digte bekannt. Nach derzeitigem Ermittlungsstand wurden haupts\u00e4chlich Elektrokabel entwendet. Die Schadensh\u00f6he ist derzeit noch unbekannt.<\/p>\n\n\n\n<p>Zeugen werden gebeten sich an die Polizeiinspektion Frankenthal unter der Tel.-Nr.: 06233\/313-0 oder an die Polizeiwache Maxdorf unter der Tel.-Nr.: 06237\/934-1100 zu wenden. Gerne nehmen wir Ihre Hinweise auch per E-Mail unter\u00a0<a href=\"mailto:pifrankenthal@polizei.rlp.de\">pifrankenthal@polizei.rlp.de<\/a>\u00a0entgegen.<\/p>\n\n\n\n<h2 class=\"wp-block-heading\">(Ludwigshafen) &#8211; Polizeieinsatz nach Bedrohung<\/h2>\n\n\n<div class=\"wp-block-image\">\n<figure class=\"aligncenter size-full\"><img decoding=\"async\" loading=\"lazy\" width=\"678\" height=\"381\" src=\"https:\/\/speyer24news.com\/wp-content\/uploads\/2021\/04\/Polizei-678x381.jpg\" alt=\"\" class=\"wp-image-35265\" srcset=\"https:\/\/speyer24news.com\/wp-content\/uploads\/2021\/04\/Polizei-678x381.jpg 678w, https:\/\/speyer24news.com\/wp-content\/uploads\/2021\/04\/Polizei-678x381-300x169.jpg 300w\" sizes=\"(max-width: 678px) 100vw, 678px\" \/><\/figure><\/div>\n\n\n<p>Ein 34-J\u00e4hriger hatte am Dienstagvormittag damit gedroht seine getrenntlebende Ehefrau zu t\u00f6ten. Bei der Fahndung mit starken Polizeikr\u00e4ften wurde der Mann am Hans-Warsch-Platz festgestellt und vorl\u00e4ufig festgenommen. Er hatte ein Messer bei sich. Der 34-J\u00e4hrige muss sich nun wegen Bedrohung verantworten.<\/p>\n\n\n\n<p>Der Polizei kommt im Umgang mit h\u00e4uslicher Gewalt als st\u00e4ndig erreichbare und schnell verf\u00fcgbare Organisation eine entscheidende Rolle zu. Pr\u00e4vention, konsequente Strafverfolgung sowie weitreichender Opferschutz und Opferhilfe sollen Opfern von h\u00e4uslicher Gewalt effektiven Schutz gew\u00e4hren.<\/p>\n\n\n\n<p>Wenn auch Sie von h\u00e4uslicher Gewalt betroffen sind, nehmen Sie Kontakt mit uns auf. Bei allen Polizeidienststellen stehen Ihnen speziell geschulte Ansprechpartner zur Verf\u00fcgung. Weitere Hilfsangebote finden Sie auch online:&nbsp;<a target=\"_blank\" rel=\"noreferrer noopener\" href=\"https:\/\/www.ludwigshafen.de\/buergernah\/chancengleichheit\/gleichstellungsstelle\/gewalt-gegen-frauen\/beratungsangebote\">https:\/\/www.ludwigshafen.de\/buergernah\/chancengleichheit\/gleichstellungsstelle\/gewalt-gegen-frauen\/beratungsangebote<\/a><\/p>\n\n\n\n<p>In akuten Bedrohungssituationen w\u00e4hlen Sie die Notrufnummer 110.<\/p>\n\n\n\n<h2 class=\"wp-block-heading\">(Ludwigshafen) &#8211; Unter Alkoholeinfluss gefahren<\/h2>\n\n\n\n<p>Am 06.02.2023, gegen 21:30 Uhr, kam es an der Kreuzung Pasadenaallee \/ Lorientallee zu einem Unfall, bei dem ein 41-J\u00e4hriger das Auto eines 57-J\u00e4hrigen streifte. Dabei entstand ein Sachschaden, der aktuell auf 3500 Euro gesch\u00e4tzt wird. W\u00e4hrend der Unfallaufnahme wurde beim 41-J\u00e4hrigen Alkoholgeruch wahrgenommen. Ein freiwillig durchgef\u00fchrter Atemalkoholtest ergab einen Wert von 1 Promille. Der Mann wurde f\u00fcr die Entnahme einer Blutprobe zur Polizeidienststelle mitgenommen. Sein F\u00fchrerschein wurde beschlagnahmt. Er wird nun mit einer Strafanzeige wegen Gef\u00e4hrdung des Stra\u00dfenverkehrs rechnen m\u00fcssen.<\/p>\n\n\n\n<h2 class=\"wp-block-heading\">(Ludwigshafen) &#8211; Unfall in der Friedrichstra\u00dfe<\/h2>\n\n\n\n<p>Am Montagnachmittag (06.02.2023, gegen 17 Uhr) kam es an der Kreuzung Friedrichstra\u00dfe\/Schinkelstra\u00dfe\/Jahnstra\u00dfe zu einem Verkehrsunfall. Ein Rettungswagen, der sich gerade auf einer Einsatzfahrt befand, fuhr zu diesem Zeitpunkt mit Blaulicht in den Kreuzungsbereich ein und kollidierte hierbei mit dem Auto einer 42-j\u00e4hrigen Toyota-Fahrerin. Durch den Zusammenprall verlor diese die Kontrolle \u00fcber ihr Fahrzeug, prallte zun\u00e4chst frontal gegen einen Baum und stie\u00df schlie\u00dflich gegen einen parkenden BMW. Die 42-J\u00e4hrige sowie ihre beiden Kinder wurden vorsorglich in ein Krankenhaus gebracht. Alle Fahrzeuge wurden besch\u00e4digt, am Toyota entstand ein Totalschaden.<\/p>\n\n\n\n<h2 class=\"wp-block-heading\">(Ludwigshafen) &#8211; Auch f\u00fcr E-Scooter gelten Regeln<\/h2>\n\n\n\n<p>Am 06.02.2023 stellten Polizeikr\u00e4fte bei Verkehrskontrollen im Stadtgebiet drei E-Scooter ohne ausreichenden Versicherungsschutz fest. Einer der E-Scooter-Fahrer, ein 52-J\u00e4hriger aus Ludwigshafen, gab bei der Kontrolle in der Kaiser-Wilhelm-Stra\u00dfe au\u00dferdem zu, Marihuana und Amphetamin konsumiert zu haben.<\/p>\n\n\n\n<p>Aus gegebenem Anlass weisen wir noch einmal darauf hin: Auch f\u00fcr E-Scooter ist eine Haftpflichtversicherung zwingend vorgeschrieben. Diese wird durch ein entsprechendes Kennzeichen nachgewiesen. Bei einem Versto\u00df muss mit einer Strafanzeige gerechnet werden.<\/p>\n\n\n\n<p>Au\u00dferdem: Auch E-Scooter sind Kraftfahrzeuge im Sinne des Stra\u00dfenverkehrsgesetzes, weshalb die gleichen Promillegrenzen wie im Auto oder auf dem Motorrad gelten. Wer unter dem Einfluss von Alkohol oder Drogen mit dem E-Scooter f\u00e4hrt, gef\u00e4hrdet sich und andere und muss mit Strafen rechnen. Diese reichen von Bu\u00dfgeldern bis hin zu Freiheitsstrafen.<\/p>\n\n\n\n<p>Worauf au\u00dferdem zu achten ist:\u00a0<a href=\"https:\/\/s.rlp.de\/aJqjx\" target=\"_blank\" rel=\"noreferrer noopener\">https:\/\/s.rlp.de\/aJqjx<\/a><\/p>\n\n\n\n<h2 class=\"wp-block-heading\">(Ludwigshafen) &#8211; Parken um jeden Preis<\/h2>\n\n\n\n<p>Weil ein 69-j\u00e4hriger Autofahrer am Montag (06.02.2023, 11 Uhr) in der Ludwig-Guttmann-Stra\u00dfe unbedingt einen Parkplatz haben wollte, wurde eine 43-j\u00e4hrige Fu\u00dfg\u00e4ngerin leicht verletzt. Sie hatte den Mann darauf aufmerksam gemacht, dass bereits ein anderes Auto in die Parkl\u00fccke fahren wollte. Der 69-j\u00e4hrige Autofahrer setzte seine Fahrt fort, touchierte die Frau dabei am Knie und dr\u00e4ngte sie langsam fahrend zur\u00fcck bis er in der Parkl\u00fccke stand. Nachdem er danach einen Zeugen, der der 43-J\u00e4hrigen beistehen wollte, beleidigte, ging er weg. Der 69-J\u00e4hrige konnte kurz darauf im Nahbereich angetroffen werden.<\/p>\n\n\n\n<h2 class=\"wp-block-heading\">(Ludwigshafen) &#8211; Betrugsversuche gescheitert<\/h2>\n\n\n\n<p>Am Montag wurden der Polizei Ludwigshafen zwei F\u00e4lle von WhatsApp-Betrug gemeldet.<\/p>\n\n\n\n<p>Bereits am 04.02.2023 versuchte ein unbekannter T\u00e4ter \u00fcber 2000 Euro von einem 64-j\u00e4hrigen Ludwigshafener zu erbeuten, indem er sich auf der Chatplattform WhatsApp als dessen Tochter ausgab.<\/p>\n\n\n\n<p>Am Mittag des 06.02.2023 erhielt eine 67-J\u00e4hrige aus Ludwigshafen auf der Chatplattform WhatsApp eine Nachricht ihres vermeintlichen Sohnes. In dieser wurde sie zur T\u00e4tigung einer \u00dcberweisung in H\u00f6he von 1700 Euro aufgefordert. In beiden F\u00e4llen flog der Betrugsversuch durch Nachfragen bei den echten Kindern auf und die Betr\u00fcger gingen leer aus.<\/p>\n\n\n\n<h4 class=\"wp-block-heading\">Beachten Sie die Tipps Ihrer Polizei, um sich vor Betrug am Telefon zu sch\u00fctzen:<\/h4>\n\n\n\n<ul>\n<li><strong>Wenn Sie von Ihnen bekannten Personen unter einer unbekannten Nummer kontaktiert werden, speichern Sie die Nummer nicht automatisch ab.<\/strong><\/li>\n\n\n\n<li><strong>Fragen Sie bei der Ihnen bekannten Person unter der alten Nummer nach.<\/strong><\/li>\n\n\n\n<li><strong>Geld\u00fcberweisungen \u00fcber WhatsApp und andere Messenger sollten immer misstrauisch machen und \u00fcberpr\u00fcft werden.<\/strong><\/li>\n\n\n\n<li><strong>Achten Sie auf die Sicherheitseinstellungen Ihres verwendeten Nachrichtendienstes.<\/strong><\/li>\n\n\n\n<li><strong>Sollten Sie eine solche Nachricht erhalten, informieren Sie Ihre \u00f6rtlich zust\u00e4ndige Polizeidienststelle oder melden Sie den Sachverhalt \u00fcber unserer Online-Wache:  <a href=\"https:\/\/www.polizei.rlp.de\/de\/onlinewache\/\" target=\"_blank\" rel=\"noreferrer noopener\">www.polizei.rlp.de\/de\/onlinewache\/<\/a>.<\/strong><\/li>\n\n\n\n<li><strong>Unsere Pr\u00e4ventionsexperten informieren unter der Tel.: 0621 963-1515, wie man sich am besten gegen Telefonbetrug sch\u00fctzen kann.<\/strong><\/li>\n<\/ul>\n\n\n\n<p>Auf der Internet-Seite\u00a0<a href=\"https:\/\/www.polizei-beratung.de\/\" target=\"_blank\" rel=\"noreferrer noopener\">www.polizei-beratung.de<\/a>\u00a0finden Sie umfangreiche Informationen zu diesem Thema.<\/p>\n\n\n\n<h2 class=\"wp-block-heading\">(Ludwigshafen) &#8211; Auffahrunfall f\u00fchrt zu erheblichen Verkehrsbehinderungen im morgendlichen Berufsverkehr auf der B9 Richtung Ludwigshafen.<\/h2>\n\n\n\n<p>Am 06.02.23, gegen 08.34 Uhr, kam es auf der B9 in Richtung Ludwigshafen kurz nach der Anschlussstelle Frankenthal-Studernheim zu einem Auffahrunfall zwischen einem Laster und einem Auto. Dies f\u00fchrte zu erheblichen Verkehrsbehinderungen im morgendlichen Berufsverkehr. Nach derzeitigem Erkenntnisstand der Polizeiautobahnstation Ruchheim, welche den Unfall aufnahm, musste der 41j\u00e4hrige Lkw-Fahrer aus Frankenthal auf der rechten Spur abbremsen, da ein Auto vor ihm eine Reifenpanne hatte. Dass der Laster bremst, erkannte die direkt hinter dem Lkw fahrende BMW-Fahrerin zu sp\u00e4t, konnte nicht mehr rechtzeitig bremsen und fuhr gegen das Heck des Lkws.<\/p>\n\n\n\n<p>Da die 30j\u00e4hrige BMW-Fahrerin aus Frankenthal nach dem Unfall \u00fcber Kopf- und Knieschmerzen klagte und au\u00dferdem aus dem BMW Betriebsstoffe ausliefen, wurde der Rettungsdienst und die Feuerwehr hinzugerufen. Zur Bergung des BMW und zur Fahrbahnreinigung musste der rechte Fahrstreifen der B9 bis ca. 10 Uhr gesperrt werden. Der Lkw konnte nach der Unfallaufnahme seine Fahrt fortsetzten. Die 25j\u00e4hrige Autofahrerin mit Reifenschaden hatte ebenfalls Gl\u00fcck. Ihr Auto blieb verschont. Sie konnte ihre Fahrt nach einem Reifenwechsel ebenfalls fortsetzten. Da die B9 in diesem Bereich keinen Seitenstreifen hat, blieb der 25j\u00e4hrigen keine andere M\u00f6glichkeit, als auf der rechten Spur anzuhalten.<\/p>\n\n\n\n<p>Bei dem Unfall wurde eine Person leicht verletzt und es entstand ein Sachschaden von ca. 5000 Euro. Neben der Polizei, waren der Rettungsdienst, die Feuerwehr, sowie die Stra\u00dfenmeisterei Gr\u00fcnstadt im Einsatz.<\/p>\n\n\n\n<h2 class=\"wp-block-heading\">(Ludwigshafen) &#8211; Einbruchsversuch gescheitert<\/h2>\n\n\n\n<p>In der Nacht vom 05.02 auf den 06.02.2023 versuchten Unbekannte in ein Brauhaus in der Schillerstra\u00dfe einzubrechen. Da keine Beute erlangt wurde und das Innere der Brauerei augenscheinlich unber\u00fchrt blieb, ist nicht anzunehmen, dass der oder die T\u00e4ter tats\u00e4chlich in das Geb\u00e4ude eingedrungen sind. Es entstand ein Sachschaden in H\u00f6he von etwa 500 Euro.<\/p>\n\n\n\n<p>Sachdienliche Hinweise nimmt die Kriminalpolizei Ludwigshafen unter der Telefonnummer 0621\/963-2773 oder per E-Mail\u00a0<a href=\"mailto:kiludwigshafen.k1.kdd@polizei.rlp.de\">kiludwigshafen.k1.kdd@polizei.rlp.de<\/a>\u00a0entgegen.<\/p>\n\n\n\n<h2 class=\"wp-block-heading\">(Ludwigshafen) &#8211; Taser-Einsatz \/ 40-J\u00e4hriger leistet Widerstand<\/h2>\n\n\n<div class=\"wp-block-image\">\n<figure class=\"aligncenter size-full\"><img decoding=\"async\" loading=\"lazy\" width=\"800\" height=\"425\" src=\"https:\/\/speyer24news.com\/wp-content\/uploads\/2020\/12\/Taser-PI-LU.jpg\" alt=\"\" class=\"wp-image-31596\" srcset=\"https:\/\/speyer24news.com\/wp-content\/uploads\/2020\/12\/Taser-PI-LU.jpg 800w, https:\/\/speyer24news.com\/wp-content\/uploads\/2020\/12\/Taser-PI-LU-300x159.jpg 300w, https:\/\/speyer24news.com\/wp-content\/uploads\/2020\/12\/Taser-PI-LU-768x408.jpg 768w\" sizes=\"(max-width: 800px) 100vw, 800px\" \/><\/figure><\/div>\n\n\n<p>Ein 40-J\u00e4hriger randalierte am Sonntagabend (05.02.2023) in einer Tankstelle in der Wegelnburgstra\u00dfe und schlug gegen die Tankstelleneinrichtungen und beleidigte Passanten. Als die Polizei erschien, wollte er sich nicht beruhigen lassen und schlug weiterhin wild um sich. Anweisungen der Polizeibeamten ignorierte er. Die Polizei musste schlie\u00dflich den Taser einsetzen, um ihn letztendlich fesseln zu k\u00f6nnen. Der 40-J\u00e4hrige stand vermutlich und Alkohol- und Drogeneinfluss. Dem Randalierer wurde anschlie\u00dfend eine Blutprobe in einer Polizeidienststelle entnommen.<\/p>\n\n\n\n<h2 class=\"wp-block-heading\">(Ludwigshafen) &#8211; Gef\u00e4hrliche K\u00f6rperverletzung<\/h2>\n\n\n\n<p>Im Ostring kam es am 05.02.2023 gegen 22 Uhr zu einer k\u00f6rperlichen Auseinandersetzung zwischen einer 47-J\u00e4hrigen und einer 29-J\u00e4hrigen. Die \u00c4ltere habe die J\u00fcngere zun\u00e4chst angesprochen und sie danach mit einem stock\u00e4hnlichen Gegenstand geschlagen sowie an deren Haaren gezogen. Die 29-J\u00e4hrige wurde hierdurch leicht verletzt und erlitt unter anderem Platzwunden. Sie fl\u00fcchtete in einen Hinterhof. Die 47-J\u00e4hrige konnte kurze Zeit sp\u00e4ter angetroffen werden. Sie wird sich nun unter anderem wegen gef\u00e4hrlicher K\u00f6rperverletzung verantworten m\u00fcssen. Urs\u00e4chlich f\u00fcr den Streit d\u00fcrften private Unstimmigkeiten gewesen sein.<\/p>\n\n\n\n<h2 class=\"wp-block-heading\">(Ludwigshafen) &#8211; Kurve geschnitten und gefl\u00fcchtet \/ Zeugen gesucht<a href=\"https:\/\/www.facebook.com\/sharer.php?u=https%3A%2F%2Fwww.presseportal.de%2Fblaulicht%2Fpm%2F117696%2F5433827%2F%3Futm_source%3Dfacebook%26utm_medium%3Dsocial\"><\/a><a href=\"https:\/\/twitter.com\/intent\/tweet?text=POL-PPRP%3A%20Kurve%20geschnitten%20und%20gefl%C3%BCchtet%20-%20Zeugen%20gesucht&amp;url=https%3A%2F%2Fwww.presseportal.de%2Fblaulicht%2Fpm%2F117696%2F5433827%2F%3Futm_source%3Dtwitter%26utm_medium%3Dsocial&amp;hashtags=ots&amp;lang=de\"><\/a><a href=\"https:\/\/web.whatsapp.com\/send?text=POL-PPRP%3A%20Kurve%20geschnitten%20und%20gefl%C3%BCchtet%20-%20Zeugen%20gesucht%0A%0Ahttps%3A%2F%2Fwww.presseportal.de%2Fblaulicht%2Fpm%2F117696%2F5433827%2F%3Futm_source%3Dwhatsapp%26utm_medium%3Dsocial\"><\/a><a href=\"https:\/\/www.xing.com\/app\/user?op=share;url=https%3A%2F%2Fwww.presseportal.de%2Fblaulicht%2Fpm%2F117696%2F5433827%2F%3Futm_source%3Dxing%26utm_medium%3Dsocial\"><\/a><a href=\"http:\/\/www.linkedin.com\/shareArticle?mini=true&amp;url=https%3A%2F%2Fwww.presseportal.de%2Fblaulicht%2Fpm%2F117696%2F5433827%2F%3Futm_source%3Dlinkedin%26utm_medium%3Dsocial&amp;title=POL-PPRP%3A+Kurve+geschnitten+und+gefl%C3%BCchtet+-+Zeugen+gesucht\"><\/a><a href=\"mailto:?subject=POL-PPRP%3A%20Kurve%20geschnitten%20und%20gefl%C3%BCchtet%20-%20Zeugen%20gesucht&amp;body=https:\/\/www.presseportal.de\/blaulicht\/pm\/117696\/5433827\"><\/a><\/h2>\n\n\n\n<p>Ein bislang unbekannter Mercedes schnitt am Sonntag (05.02.2023), gegen 15.35 Uhr, in der Wollstra\u00dfe in einer Linkskurve eine 36-j\u00e4hrige Seat-Fahrerin. Anschlie\u00dfend fl\u00fcchtete der schwarze Mercedes. Am Seat entstand ein Sachschaden in H\u00f6he von 750 Euro. Sachdienliche Hinweise bitte an die Polizeiinspektion Ludwigshafen 1, Telefonnummer 0621 963-2122 oder per E-Mail\u00a0<a href=\"mailto:piludwigshafen1@polizei.rlp.de\">piludwigshafen1@polizei.rlp.de<\/a><\/p>\n\n\n\n<h2 class=\"wp-block-heading\">(Ludwigshafen) &#8211; Zug verpasst \/ Randalierer muss von Mutter abgeholt werden<\/h2>\n\n\n\n<p>Ein 16-J\u00e4hriger verpasste am Sonntagvormittag (05.02.2023) seinen Zug in Ludwigshafen. Das machte ihn so w\u00fctend, dass er direkt zu einem Stellwerk der Deutschen Bahn ging und die Mitarbeitenden dort zur Rede stellen wollte. Da er nicht in das Geb\u00e4ude gelassen wurde, trat er den Au\u00dfenspiegel eines Firmenfahrzeugs ab. Die Mitarbeitenden verst\u00e4ndigten daraufhin die Polizei. Selbst die Polizeibeamten konnten den Jugendlichen nicht beruhigen. Er verhielt sich weiterhin aggressiv und wollte sich weiterhin bei der Bahn beschweren. Der 16-J\u00e4hrige wurde im Anschluss zu einer Polizeidienststelle gebracht, wo er von seiner Mutter abgeholt wurde. Er muss sich nun wegen Sachbesch\u00e4digung verantworten.<\/p>\n\n\n\n<h2 class=\"wp-block-heading\">(Ludwigshafen) &#8211; Autoscheiben eingeschlagen \/ Wer hat etwas beobachtet?<\/h2>\n\n\n\n<p>Insgesamt vier Autos wurden am 05.02.2023 zwischen 0 Uhr und 10 Uhr in der Schanzstra\u00dfe (N\u00e4he Welserstra\u00dfe) durch eine unbekannte Person besch\u00e4digt. Diese hatte bei allen vier Fahrzeugen jeweils eine Autoscheibe eingeschlagen. Entwendet wurde aus den PKWs nichts. Die H\u00f6he des entstandenen Sachschadens steht noch nicht fest.<\/p>\n\n\n\n<ul>\n<li><strong>Die Polizeiinspektion Ludwigshafen 2 bittet Personen, die die Sachbesch\u00e4digung beobachtet haben oder Hinweise geben k\u00f6nnen, sich zu melden.<\/strong><\/li>\n<\/ul>\n\n\n\n<p>Sachdienliche Hinweise bitte an die Polizeiinspektion Ludwigshafen 2, Telefonnummer 0621 963-2222 oder per E-Mail\u00a0<a href=\"mailto:piludwigshafen2@polizei.rlp.de\">piludwigshafen2@polizei.rlp.de<\/a>\u00a0.<\/p>\n\n\n\n<h2 class=\"wp-block-heading\">(Ludwigshafen) &#8211; Zettel nach Unfall reicht nicht<\/h2>\n\n\n\n<p>Am 05.02.2023, gegen 5 Uhr, touchierte ein 37-J\u00e4hriger im Albert-Haueisen-Ring beim Vorbeifahren zwei parkende Autos und besch\u00e4digte diese. Insgesamt entstand dabei ein Sachschaden von mehr als 10.000 Euro. An den Autos hinterlie\u00df der Mann eine Nachricht mit seinen Kontaktdaten. Nachdem sich bis zum Mittag niemand bei ihm gemeldet hatte, kehrte er zum Unfallort zur\u00fcck, um an den umliegenden H\u00e4usern zu klingeln und nach den Eigent\u00fcmern der Fahrzeuge zu suchen. In der Zwischenzeit hatte jedoch einer der Halter bereits die Polizei \u00fcber den Unfall informiert. Der 37-J\u00e4hrige wird nun mit einer Anzeige wegen Fahrerflucht rechnen m\u00fcssen.<\/p>\n\n\n\n<p>Immer wieder kommt es vor, dass Verkehrsteilnehmende, die einen Unfall verursacht haben, lediglich ihre Kontaktdaten an besch\u00e4digten Fahrzeugen hinterlassen. Sie scheinen dabei nicht zu wissen: Dieses Vorgehen stellt eine Fahrerflucht dar und ist damit eine Straftat. Wir appellieren daher: Wenn Sie einen Unfall verursacht haben, rufen Sie immer die Polizei. Wir werden den Sachverhalt aufnehmen und im Bedarfsfall den Halter oder die Halterin des anderen Fahrzeugs informieren.<\/p>\n\n\n\n<h2 class=\"wp-block-heading\">(Ludwigshafen) &#8211; Achtung vor Trickdiebstahl<\/h2>\n\n\n<div class=\"wp-block-image\">\n<figure class=\"aligncenter size-full\"><img decoding=\"async\" loading=\"lazy\" width=\"594\" height=\"400\" src=\"https:\/\/speyer24news.com\/wp-content\/uploads\/2021\/01\/Achtung-Wichtig.png\" alt=\"\" class=\"wp-image-32274\" srcset=\"https:\/\/speyer24news.com\/wp-content\/uploads\/2021\/01\/Achtung-Wichtig.png 594w, https:\/\/speyer24news.com\/wp-content\/uploads\/2021\/01\/Achtung-Wichtig-300x202.png 300w\" sizes=\"(max-width: 594px) 100vw, 594px\" \/><\/figure><\/div>\n\n\n<p>Die Hilfsbereitschaft eines 81-J\u00e4hrigen aus Ludwigshafen-Pfingstweide nutzte am Samstag (04.02.2023), gegen 20 Uhr, eine bislang unbekannte blonde Frau aus. Sie fragte den Senioren, ob er ihr Geld wechseln k\u00f6nne. Unter diesem Vorwand gelang es der Frau, die zum Tatzeitpunkt schwarze Kleidung trug, in die Wohnung zu kommen und Schmuck und Bargeld zu erbeuten. Insgesamt entstand ein Sachschaden in niedriger vierstelliger H\u00f6he.<\/p>\n\n\n\n<p>Trickdiebstahl in Wohnungen ist ein Ph\u00e4nomen, von der fast ausschlie\u00dflich \u00e4ltere Menschen betroffen sind. Unter Vort\u00e4uschen von Notlagen, einer offiziellen Funktion oder Vort\u00e4uschen einer pers\u00f6nlichen Beziehung zum Opfer versuchen die T\u00e4ter sich Zutritt zur Wohnung zu verschaffen. Hierbei werden skrupellos und zielgerichtet das Alter, die Gebrechlichkeit und die Gutgl\u00e4ubigkeit des Opfers ausgenutzt. Bedenken Sie, dass Trickt\u00e4ter erfinderisch und schauspielerisch begabt sind. Sie reagieren schnell und denken sich immer neue Taktiken aus, um ihr Ziel zu erreichen. <\/p>\n\n\n\n<h3 class=\"wp-block-heading\">Beachten Sie die Tipps Ihrer Polizei, um sich vor Trickdiebstahl zu sch\u00fctzen:<\/h3>\n\n\n\n<ul>\n<li><strong>Seien Sie misstrauisch, wenn sich Personen am Telefon als Verwandte oder Bekannte ausgeben, die Sie als solche zun\u00e4chst nicht erkennen.<\/strong><\/li>\n\n\n\n<li><strong>Gehen sie keinesfalls auf telefonische Geldforderungen oder noch so inst\u00e4ndige Bitten ein.<\/strong><\/li>\n\n\n\n<li><strong>Rufen Sie Verwandte an, um die Echtheit des Anrufers abzukl\u00e4ren.<\/strong><\/li>\n\n\n\n<li><strong>Reden Sie mit Personen Ihres Vertrauens \u00fcber den Anruf.<\/strong><\/li>\n\n\n\n<li><strong>Geben Sie kein Geld in fremde H\u00e4nde.<\/strong><\/li>\n\n\n\n<li><strong>Notieren Sie sich die Telefonnummer des Anrufers, wenn Sie in Ihrem Telefon angezeigt wird.<\/strong><\/li>\n\n\n\n<li><strong>Melden Sie einen solchen Anruf direkt der Polizei. <\/strong><\/li>\n<\/ul>\n\n\n\n<ul>\n<li><strong>N\u00e4here Informationen zum Thema sowie die Tricks der T\u00e4ter erfahren sie unter\u00a0<a href=\"https:\/\/www.polizei-beratung.de\/\" target=\"_blank\" rel=\"noreferrer noopener\">www.polizei-beratung.de<\/a><\/strong><\/li>\n\n\n\n<li><strong>Unsere Pr\u00e4ventionsexperten informieren unter der Tel.: 0621 963 &#8211; 1515, wie man sich am besten gegen Telefonbetrug sch\u00fctzen kann.<\/strong><\/li>\n<\/ul>\n\n\n\n<p>Sachdienliche Hinweise bitte an die Polizeiinspektion Ludwigshafen 2, Telefonnummer 0621 963-2222 oder per E-Mail\u00a0<a href=\"mailto:piludwigshafen2@polizei.rlp.de\">piludwigshafen2@polizei.rlp.de<\/a>\u00a0.<\/p>\n\n\n\n<h2 class=\"wp-block-heading\">(B 36 \/ Mannheim) &#8211; Verkehrsunfall mit mehreren Fahrzeugen auf B 36 \/ Teilsperrung<\/h2>\n\n\n\n<p>Aufgrund eines Verkehrsunfalls mit mehreren Fahrzeugen kommt es aktuell auf der B 36 Mannheimer Landstra\u00dfe, Heidelberg in Richtung Mannheim in H\u00f6he der A6, Mannheim\/Schwetzingen, zu Verkehrsbehinderungen. Aktuell ist nur ein Fahrstreifen befahrbar. (07.02.2023 \u2013 08:02)<\/p>\n\n\n\n<h3 class=\"has-text-align-center wp-block-heading\">SPERRUNG AUFGEHOBEN &#8211; Pressemeldung Nr.2<\/h3>\n\n\n\n<p>Am Dienstagmorgen kam es gegen 07:20 Uhr auf der B 36 Mannheimer Landstra\u00dfe, Heidelberg in Richtung Mannheim in H\u00f6he der A6, Mannheim\/Schwetzingen, zu einem Verkehrsunfall mit f\u00fcnf beteiligten Fahrzeugen. Hierbei wurde eine Person leicht verletzt.<\/p>\n\n\n\n<p>Die Unfallaufnahme durch die Polizei ist abgeschlossen und die Unfallstelle ger\u00e4umt. Beide Fahrstreifen sind wieder freigegeben.<\/p>\n\n\n\n<h2 class=\"wp-block-heading\">(Mannheim) &#8211; Auff\u00e4llige Fahrweise f\u00fchrt zu Kontrolle, mehrere Straftaten aufgedeckt<\/h2>\n\n\n\n<p>Am fr\u00fchen Dienstagmorgen gegen 3 Uhr fiel einer Streife des Polizeireviers Mannheim-Neckarau ein Mercedes in der Neckarauer Stra\u00dfe auf. Dieser fuhr mit unzureichender Beleuchtung und auff\u00e4llig langsam durch die Stra\u00dfe. Nachdem der Fahrzeugf\u00fchrer den PKW abgew\u00fcrgt und neu gestartet hatte, sollte er von den Einsatzkr\u00e4ften kontrolliert werden. Als der Mann das Polizeifahrzeug mit der Anhalteaufforderung erkannte, versuchte er mit dem Mercedes in Richtung Speyerer Stra\u00dfe zu fl\u00fcchten. Nach kurzer Verfolgung gab der Mann seine Flucht auf und stoppte das Fahrzeug. Der 17-j\u00e4hrige Fahrer lie\u00df sich widerstandslos festnehmen und beichtete den Beamten schlie\u00dflich, dass er den Schl\u00fcssel f\u00fcr das Auto zuvor einem Bekannten heimlich entwendet hatte. Bei der weiteren Kontrolle stellten die Beamten fest, dass der Mann nicht nur mit 0,7 Promille alkoholisiert war, sondern auch unter dem Einfluss von Bet\u00e4ubungsmitteln stehen d\u00fcrfte. Ihm wurde daher auf der Dienststelle eine Blutprobe entnommen. Danach wurde der Jugendliche von seinen Eltern abgeholt. Gegen ihn wird nun wegen Fahrens ohne Fahrerlaubnis, Fahrens unter Alkohol- und Drogeneinflusses, Verdacht des Drogenbesitzes und der unbefugten Ingebrauchnahme eines Kraftfahrzeuges ermittelt. Die n\u00e4chtliche Ausfahrt d\u00fcrfte dar\u00fcber hinaus Konsequenzen f\u00fchrerscheinrechtlicher Art nach sich ziehen.<\/p>\n\n\n\n<h2 class=\"wp-block-heading\">(Mannheim) &#8211; Gegenst\u00e4nde und Bargeld aus zwei Fahrzeugen entwendet \/ Zeugen gesucht!<\/h2>\n\n\n\n<p>Im Laufe des Montags entwendeten bisher unbekannte T\u00e4ter aus zwei Fahrzeugen mehrere Gegenst\u00e4nde, indem sie diese auf bisher ungekl\u00e4rte Weise \u00f6ffneten. Zwischen 13:00 Uhr und 13:30 Uhr gelangte ein Unbekannter in ein Taxi, welches in der Tattersallstra\u00dfe abgestellt war und entwendete hieraus ein Mobiltelefon, ein Tablet sowie eine Geldb\u00f6rse mit rund 500 Euro Bargeld. Am Abend, zwischen 19 und 20:30 Uhr stahl ein bislang unbekannter T\u00e4ter aus einem in den Quadraten O4\/P5 abgestellten PKW einen Geldbeutel mit rund 350 Euro Bargeld sowie mehreren pers\u00f6nlichen Dokumenten. In beiden F\u00e4llen hat die Polizei die Ermittlungen wegen Diebstahls aufgenommen. Ob ein Zusammenhang zwischen den Taten besteht, ist noch unklar. Zeugenhinweise im Fall Tattersallstra\u00dfe werden unter Tel.: 0621\/174-3310 beim Polizeirevier Mannheim-Oststadt entgegengenommen. Hinweise zum Diebstahl in den Quadraten nimmt das Polizeirevier Mannheim-Innenstadt unter Tel.: 0621\/1258-0 entgegen.<\/p>\n\n\n\n<h2 class=\"wp-block-heading\">(Mannheim) &#8211; Europaletten von Baustelle entwendet \/ Wer kann Hinweise geben?<\/h2>\n\n\n\n<p>Zwischen Samstagnachmittag, 16 Uhr und Montagmorgen, 11 Uhr, entwendete eine bisher unbekannte T\u00e4terschaft insgesamt 72 Europaletten von einer Baustelle in der Abraham-Lincoln-Allee. Hinweise von Zeugen, welche verd\u00e4chtige Wahrnehmungen gemacht haben oder im Zeitraum Personen auf der Baustelle beobachten konnten, die wom\u00f6glich Paletten auf Fahrzeuge einluden, werden gebeten, sich beim Polizeirevier Mannheim-K\u00e4fertal unter Tel.: 0621\/71849-0 zu melden.<\/p>\n\n\n\n<h2 class=\"wp-block-heading\">(Mannheim) &#8211; Versuchter Einbruch in Schule \/ Zeugen gesucht<\/h2>\n\n\n\n<p>Bisher unbekannte T\u00e4ter verschafften sich in der Nacht von Sonntag auf Montag Zugang zu einer Garage der Schule in der Humboldtstra\u00dfe, indem sie das Garagentor aufhebelten. Von dort versuchten die T\u00e4ter in die Kellerr\u00e4ume des Geb\u00e4udes vorzudringen, was jedoch misslang. Aus der Garage wurden keine Gegenst\u00e4nde entwendet. Der Sachschaden liegt im niedrigen, dreistelligen Bereich. Zeugenhinweise nimmt das Polizeirevier Neckarstadt unter Tel.: 0621\/3301-0 entgegen.<\/p>\n\n\n\n<h2 class=\"wp-block-heading\">(Mannheim-Jungbusch) &#8211; Gro\u00dfbrand im Stadtteil Jungbusch<\/h2>\n\n\n\n<h3 class=\"has-text-align-center wp-block-heading\">Aktualisierung, Montag, 06.02.2023, 17.00 Uhr<\/h3>\n\n\n\n<p>Die polizeilichen Absperrma\u00dfnahmen am Brandort wurden aufgehoben. Die Brandursache ist weiterhin Gegenstand der polizeilichen Ermittlungen. Auf die Pressemeldung der Stadt Mannheim wird verwiesen.<\/p>\n\n\n\n<p><a href=\"https:\/\/www.mannheim.de\/de\/nachrichten\/grossbrand-im-jungbusch\">https:\/\/www.mannheim.de\/de\/nachrichten\/grossbrand-im-jungbusch<\/a><\/p>\n\n\n\n<h2 class=\"wp-block-heading\">(Mannheim-Jungbusch) &#8211; Gro\u00dfbrand im Stadtteil Jungbusch \/ Kriminalpolizei sucht Zeugen<\/h2>\n\n\n<div class=\"wp-block-image\">\n<figure class=\"aligncenter size-full\"><img decoding=\"async\" loading=\"lazy\" width=\"801\" height=\"600\" src=\"https:\/\/speyer24news.com\/wp-content\/uploads\/2020\/05\/Zeugen-gesucht-Neutral.jpg\" alt=\"\" class=\"wp-image-26598\" srcset=\"https:\/\/speyer24news.com\/wp-content\/uploads\/2020\/05\/Zeugen-gesucht-Neutral.jpg 801w, https:\/\/speyer24news.com\/wp-content\/uploads\/2020\/05\/Zeugen-gesucht-Neutral-300x225.jpg 300w, https:\/\/speyer24news.com\/wp-content\/uploads\/2020\/05\/Zeugen-gesucht-Neutral-768x575.jpg 768w, https:\/\/speyer24news.com\/wp-content\/uploads\/2020\/05\/Zeugen-gesucht-Neutral-678x509.jpg 678w, https:\/\/speyer24news.com\/wp-content\/uploads\/2020\/05\/Zeugen-gesucht-Neutral-326x245.jpg 326w, https:\/\/speyer24news.com\/wp-content\/uploads\/2020\/05\/Zeugen-gesucht-Neutral-80x60.jpg 80w\" sizes=\"(max-width: 801px) 100vw, 801px\" \/><\/figure><\/div>\n\n\n<p>Nach dem Brand eines alten Gewerbegeb\u00e4udes in der Hafenstra\u00dfe am Freitag, den 03.02.2023, suchen die Ermittler des Kriminalkommissariats Mannheim weiter nach Zeugen. Die Untersuchung zur Aufkl\u00e4rung der Brandursache wurde bereits am Tag des Geschehens aufgenommen und konzentrierte sich in Folge der Brandbek\u00e4mpfung auf das Umfeld. So werden derzeit Aussagen von Handwerkern, die am Freitag Bauarbeiten im Brandobjekt nachgingen, ausgewertet. Auch eine Drohne wurde eingesetzt um Bildmaterial aus dem Innern, des in Flammen stehenden Geb\u00e4udes, zu sichern. Derzeit wird in alle Richtungen ermittelt.<\/p>\n\n\n\n<p>Die Kriminalpolizei sucht Zeugen, die m\u00f6glicherweise Verd\u00e4chtiges beobachtet haben oder sonstige Hinweise geben k\u00f6nnen die im Zusammenhang mit dem Brandgeschehen stehen. Diese werden gebeten, sich unter Tel.: 0621 174-4444 an das kriminalpolizeiliche Hinweistelefon zu wenden.<\/p>\n\n\n\n<p>Bei dem Gro\u00dfbrand am Freitag wurde die ehemalige Kaufmannsm\u00fchle in der Hafenstra\u00dfe Ecke B\u00f6ckstra\u00dfe beinahe vollst\u00e4ndig zerst\u00f6rt. In der Folge des entstandenen Schadens musste das mehrst\u00f6ckige Geb\u00e4ude aufgrund einer massiven Einsturzgefahr \u00fcber Tage hinweg abgerissen werden. Der entstandene Schaden, auch an angrenzenden Geb\u00e4uden die durch Funkenflug besch\u00e4digt wurden, kann bislang nicht beziffert werden.<\/p>\n\n\n\n<h2 class=\"wp-block-heading\">(Mannheim-Rheinau) &#8211; Verkehrsunfall verursacht und dann weggefahren \/ Zeugenaufruf<\/h2>\n\n\n\n<p>Am Samstag, gegen 16 Uhr, kam es in der Stra\u00dfe &#8222;Am Waldrand&#8220; zu einem Verkehrsunfall, bei dem ein Mercedes-Fahrer an zwei Fahrzeugen vorbeifuhr und diese besch\u00e4digte. Hiernach setzte er seine Fahrt unvermindert fort, ohne seiner Feststellpflichten nachzukommen.<\/p>\n\n\n\n<p>Bei den beiden besch\u00e4digten Fahrzeugen handelt es sich zum einen um einen Opel und zum anderen um einen Hyundai Tucson. Beide Fahrzeuge waren am rechten Fahrbahnrand geparkt und wurden auf der linken Seite besch\u00e4digt. Eine Zeugin informierte dann die Polizei \u00fcber ein Fahrzeug mit passenden Unfallspuren. Dieses stand in der Parallelstra\u00dfe &#8222;Zum Dornenbusch&#8220;. Von dem Fahrer fehlte jedoch jede Spur.<\/p>\n\n\n\n<p>Die Ermittlungen zum Unfallhergang und dem verantwortlichen Fahrzeugf\u00fchrer werden nun vom Verkehrsdienst des Polizeipr\u00e4sidiums Mannheim gef\u00fchrt. Zeugen die Hinweise zum Unfallgeschehen oder dem Fahrzeug und dessen Fahrzeugf\u00fchrer geben k\u00f6nnen, werden gebeten, sich beim Verkehrsunfalldienst unter Tel.: 0621\/174-4222 zu melden.<\/p>\n\n\n\n<h2 class=\"wp-block-heading\">(Mannheim-Rheinau) &#8211; Raub auf Stra\u00dfe \/ Zeugenaufruf!<\/h2>\n\n\n<div class=\"wp-block-image\">\n<figure class=\"aligncenter size-full\"><img decoding=\"async\" loading=\"lazy\" width=\"801\" height=\"600\" src=\"https:\/\/speyer24news.com\/wp-content\/uploads\/2020\/05\/Zeugen-gesucht-Neutral.jpg\" alt=\"\" class=\"wp-image-26598\" srcset=\"https:\/\/speyer24news.com\/wp-content\/uploads\/2020\/05\/Zeugen-gesucht-Neutral.jpg 801w, https:\/\/speyer24news.com\/wp-content\/uploads\/2020\/05\/Zeugen-gesucht-Neutral-300x225.jpg 300w, https:\/\/speyer24news.com\/wp-content\/uploads\/2020\/05\/Zeugen-gesucht-Neutral-768x575.jpg 768w, https:\/\/speyer24news.com\/wp-content\/uploads\/2020\/05\/Zeugen-gesucht-Neutral-678x509.jpg 678w, https:\/\/speyer24news.com\/wp-content\/uploads\/2020\/05\/Zeugen-gesucht-Neutral-326x245.jpg 326w, https:\/\/speyer24news.com\/wp-content\/uploads\/2020\/05\/Zeugen-gesucht-Neutral-80x60.jpg 80w\" sizes=\"(max-width: 801px) 100vw, 801px\" \/><\/figure><\/div>\n\n\n<p>Bereits am Donnerstag, dem 02.02.23, kam es gegen 23.30 Uhr im Stadtteil Rheinau zu einem Raub. Ein 50-J\u00e4hriger befand sich zu Fu\u00df auf der Durlacher Stra\u00dfe. Er passierte die Neuhofer Stra\u00dfe auf der ihm zwei M\u00e4nner entgegenkamen. Da er sich dann auf demselben Gehweg wie die zwei M\u00e4nner befand, wollte er ein St\u00fcck zur Seite gehen, um ihnen Platz zu machen. In diesem Moment wurde er unvermittelt von zwei weiteren bislang unbekannten M\u00e4nnern von hinten in den Schwitzkasten genommen. Einer der beiden M\u00e4nner vor dem 50-J\u00e4hrigen schlug ihn daraufhin ins Gesicht, der zweite Mann zog drohend ein Messer und hielt dies in den H\u00e4nden. Nachdem dem 50-j\u00e4hrigen Mann das Portemonnaie aus der Hosentasche gezogen und das Geld entwendet wurde, musste sich der 50-J\u00e4hrige auch noch seiner Jacke und eines Handys entledigen. Die vier M\u00e4nner entfernten sich hierauf mit dem Raubgut in Richtung Relaisstra\u00dfe.<\/p>\n\n\n\n<ul>\n<li><strong>Einer der T\u00e4ter war ca. 20 Jahre alt, und war mit einer blauen Basecap sowie einer sogenannten Bomberjacke bekleidet. <\/strong><\/li>\n\n\n\n<li><strong>Ein weiterer T\u00e4ter war ebenfalls ca. 20 Jahre alt, wirkte wie ein Kampfsportler, trug eine schwarze Jacke und hatte dunkle Haare mit einem sogenannten Undercut-Schnitt. <\/strong><\/li>\n\n\n\n<li><strong>Von den unbekannten T\u00e4tern, welche sich hinter dem 50-J\u00e4hrigen aufgehalten hatten, ist lediglich bekannt, dass einer der beiden T\u00e4ter eine Camouflage-Jacke trug.<\/strong><\/li>\n<\/ul>\n\n\n\n<p>Der 50-J\u00e4hrige erlitt durch die Schl\u00e4ge mehrere H\u00e4matome im Gesicht. Die Gesamtschadensh\u00f6he der entwendeten Gegenst\u00e4nde bel\u00e4uft sich auf mehrere hundert Euro.<\/p>\n\n\n\n<p>Das Raubdezernat des Kriminalkommissariat Mannheim hat die Ermittlungen aufgenommen. Zeugen, welche Hinweise zum Tathergang oder den T\u00e4tern machen k\u00f6nnen, werden gebeten, sich bei dem kriminalpolizeilichen Hinweistelefon zu melden: 0621 174 4444<\/p>\n\n\n\n<h2 class=\"wp-block-heading\">(Heidelberg) &#8211; Rollkoffer aus Kaufhaus entwendet \/ Zeugen gesucht<\/h2>\n\n\n\n<p>Am Montagabend gegen 19 Uhr beobachtete ein Mitarbeiter eines Kaufhauses in der Bergheimer Stra\u00dfe, wie zwei Verd\u00e4chtige jeweils einen Rollkoffer aus der Auslage nahmen und das Gesch\u00e4ft verlie\u00dfen, ohne die Ware zu bezahlen. Durch den Zeugen konnte noch beobachtet werden, wie sich die Verd\u00e4chtigen mit zwei weiteren Personen im Bereich des Carr\u00e9s trafen und fl\u00fcchteten. Die informierten Streifen der Polizei, welche im Rahmen der Sicherheitspartnerschaft unterwegs waren, konnte die beschriebene Personengruppe schnell ausfindig machen. Beim Erblicken der Polizei rannten die Personen in Richtung Stadtb\u00fccherei. Nach kurzer Verfolgung konnten zwei M\u00e4nner der Gruppierung festgenommen werden. Der entwendete Koffer wurde sichergestellt. Ersten Ermittlungen zu Folge d\u00fcrfte eine der festgenommenen Personen, ein 30-j\u00e4hriger Mann, f\u00fcr den Diebstahl im Kaufhaus in Frage kommen. Gegen ihn wird nun wegen gemeinschaftlichen Diebstahls ermittelt. Die Ermittlungen zum zweiten T\u00e4ter werden durch das Polizeirevier Heidelberg-Mitte fortgef\u00fchrt. Zeugenhinweise werden unter Tel.: 06221\/1857-0 entgegengenommen.<\/p>\n\n\n\n<h2 class=\"wp-block-heading\">(Heidelberg-Altstadt) &#8211; Graffiti&#8217;s gespr\u00fcht \/ Zeugen gesucht<\/h2>\n\n\n\n<p>In der Nacht von Freitag auf Samstag spr\u00fchten bislang ein oder mehrere unbekannte T\u00e4ter verschiedene Schriftz\u00fcge und Bilder im Bereich der Wohnh\u00e4user und Garagen in der Altstadt. Unter anderem in der Bussemergasse, Lauerstra\u00dfe und auch in der Unteren Stra\u00dfe. Das Polizeirevier Heidelberg-Mitte hat die Ermittlungen aufgenommen und sucht nach Zeugen, welche Hinweise zu dem oder den T\u00e4tern geben k\u00f6nnen, unter Tel.: 06221 18570<\/p>\n\n\n\n<h4 class=\"wp-block-heading\">Bitte beachten Sie auch die Hinweise der Kriminalpr\u00e4vention unter folgendem Link: <a href=\"https:\/\/www.polizei-beratung.de\/medienangebot\/detail\/49-illegale-graffiti\/\">https:\/\/www.polizei-beratung.de\/medienangebot\/detail\/49-illegale-graffiti\/<\/a><\/h4>\n\n\n\n<h2 class=\"wp-block-heading\">(Heidelberg-Bahnstadt) &#8211; Kellereinbr\u00fcche, Diebstahl von mehreren Fahrr\u00e4dern<\/h2>\n\n\n\n<p>In der Zeit von Samstag, 12 Uhr bis Sonntag, 09 Uhr, kam es in einem Wohnkomplex in der Rehovotstra\u00dfe sowie Cambridgestra\u00dfe zu mehreren Kelleraufbr\u00fcchen. Hierbei wurden insgesamt acht Fahrr\u00e4der entwendet. Diese waren teilweise in Kellern als auch auf Fahrradstellpl\u00e4tzen abgestellt. Die bislang unbekannten T\u00e4ter gelangten offensichtlich \u00fcber die jeweiligen Tiefgaragen der Wohnanwesen in die Kellerr\u00e4ume. Der Diebstahlschaden kann noch nicht beziffert werden. Durch das Polizeirevier Heidelberg-Mitte konnten diverse Spuren am Tatort gesichert werden. Die Ermittlungen wurden ebenfalls durch das Polizeirevier Heidelberg Mitte aufgenommen. Zeugen, welche Hinweise zu der T\u00e4terschaft oder zur Tat selbst geben k\u00f6nnen, werden gebeten, sich unter der 06221\/18570 zu melden.<\/p>\n\n\n\n<h2 class=\"wp-block-heading\">(A 6 \/ Ketsch \/ Rhein-Neckar-Kreis) &#8211; Auffahrunfall auf der Autobahn<\/h2>\n\n\n\n<p>Am Montagmorgen gegen 8:30 Uhr fuhren eine 62-j\u00e4hrige Mercedes-Fahrerin und eine 26-j\u00e4hrige Peugeot-Fahrerin auf der A6 in Richtung Mannheim. Da sich der Verkehr zwischen den Anschlussstellen Hockenheim und Schwetzingen verdichtete, verlangsamte die Mercedes-Fahrerin ihre Fahrt bis zum Stillstand. Die Frau im Peugeot erkannte dies zu sp\u00e4t und fuhr auf den Mercedes auf. Zur Unfallaufnahme waren Fahrbahnsperrungen notwendig, weshalb es bis kurz vor 10 Uhr zu Verkehrsbeeintr\u00e4chtigungen kam. Die Peugeot-Fahrerin wurde mit leichten Verletzungen in ein Krankenhaus gebracht. Der Gesamtschaden liegt bei 16.000 Euro.<\/p>\n\n\n\n<h2 class=\"wp-block-heading\">(Walldorf \/ Rhein-Neckar-Kreis) &#8211; Unfall verursacht und gefl\u00fcchtet<\/h2>\n\n\n\n<p>Am Montagabend gegen 19 Uhr streifte ein bisher unbekannter Fahrzeugf\u00fchrer bzw. Fahrzeugf\u00fchrerin einen im Sambugaweg geparkten Mercedes und fl\u00fcchtete im Anschluss von der Unfallstelle. Zeugen, welche das Unfallgeschehen beobachtet haben, werden gebeten, sich mit dem wegen Unfallflucht ermittelnden Polizeirevier Wiesloch unter Tel.: 06222 5709-0 in Verbindung zu setzen. Bei dem unfallverursachenden Fahrzeug soll es sich um einen wei\u00dfen bzw. silbernen BMW gehandelt haben. Das Fahrzeug d\u00fcrfte auf der rechten Seiten besch\u00e4digt sein.<\/p>\n\n\n\n<h2 class=\"wp-block-heading\">(Wiesloch \/ Rhein-Neckar-Kreis) &#8211; Nach Unfall Auto stehen lassen und gefl\u00fcchtet \/ Zeugen gesucht!<\/h2>\n\n\n\n<p>Am fr\u00fchen Sonntagmorgen gegen 04 Uhr verunfallte in der H\u00f6llgasse eine derzeit noch unbekannte Autofahrerin oder ein unbekannter Autofahrer alleinbeteiligt, fl\u00fcchtete anschlie\u00dfend zu Fu\u00df und lie\u00df das Auto zur\u00fcck.<\/p>\n\n\n\n<p>Eine Zeugin wurde auf den Unfall aufmerksam und verst\u00e4ndigte die Polizei. Ersten Ermittlungen zufolge kam der oder die Unbekannte mit einem silbernen Mercedes von der Fahrbahn ab und kollidierte mit einem Laternenmast. Mehrfach soll die Autofahrerin oder der Autofahrer versucht haben, das verunfallte Fahrzeug zur\u00fcckzusetzen, was jedoch aufgrund der starken Besch\u00e4digung misslang. Im weiteren Verlauf soll der oder die Unbekannte schlie\u00dflich zu Fu\u00df gefl\u00fcchtet sein und das demolierte Fahrzeug zur\u00fcckgelassen haben. Es entstand ein Gesamtschaden in H\u00f6he von mehr als 8.000 Euro.<\/p>\n\n\n\n<p>Ob der oder die Fl\u00fcchtige bereits zuvor weitere Verkehrsteilnehmer gesch\u00e4digt oder gef\u00e4hrdet hat, ist noch unklar. Daher sucht das Polizeirevier Wiesloch Zeugen sowie Gesch\u00e4digte, welche sachdienliche Hinweise zum Verhalten oder zur Fahrerin\/zum Fahrer selbst geben k\u00f6nnen und bittet diese, sich unter der Telefonnummer 06222\/5709-0 zu melden.<\/p>\n\n\n\n<h2 class=\"wp-block-heading\">(Meckesheim \/ Rhein-Neckar-Kreis) &#8211; Fenster und verglaste Eingangst\u00fcr besch\u00e4digt \/ Zeugen gesucht<\/h2>\n\n\n\n<p>Am Montag zwischen 7:30 und 15:30 Uhr besch\u00e4digten bisher unbekannte T\u00e4ter zwei Fensterscheiben sowie eine Eingangst\u00fcr mit Glaseinsatz an einem Firmengeb\u00e4ude in der Industriestra\u00dfe. Mit welchem Gegenstand die Scheiben besch\u00e4digt wurden, ist derzeit noch nicht bekannt. Der Sachschaden liegt im hohen, dreistelligen Bereich. Zeugen, welche sachdienliche Hinweise zur Sachbesch\u00e4digung geben k\u00f6nnen, werden gebeten, sich mit dem Polizeirevier Neckargem\u00fcnd unter Tel.: 06223\/9254-0 in Verbindung zu setzen.<\/p>\n\n\n\n<h2 class=\"wp-block-heading\">(A 6 \/ Sinsheim \/ Rhein-Neckar-Kreis) &#8211; Gefahr durch herabh\u00e4ngendes Stromkabel \/ Vollsperrung der BAB 6 ab 12 Uhr<\/h2>\n\n\n\n<p>Gegen 12 Uhr am Dienstagmittag ist eine Vollsperrung der BAB 6 zwischen der AS Sinsheim-S\u00fcd und der AS Sinsheim-Steinsfurt in beiden Fahrtrichtungen vorgesehen. Hintergrund f\u00fcr die Sperrma\u00dfnahme ist ein Stromkabel, welches auf die Fahrbahn herabzust\u00fcrzen droht.<\/p>\n\n\n\n<p>Die Polizei, eine Fachfirma sowie der Betreiber der Autobahn sind bereits vor Ort und stimmen die weiteren Ma\u00dfnahmen ab.<\/p>\n\n\n\n<p>Eine \u00f6rtliche Umleitung wird eingerichtet. Eine Ausleitung auf der Richtungsfahrbahn Heilbronn ist an der Anschlussstelle Sinsheim\/S\u00fcd (U61a) sowie auf der Richtungsfahrbahn Mannheim an der Anschlussstelle Sinsheim\/Steinsfurt (U66) geplant. Bei Ortskenntnis wird darum gebeten das Gebiet weitr\u00e4umig zu umfahren.<\/p>\n\n\n\n<p>Es wird umgehend nachberichtet, wenn die Fahrbahnen wieder freigegeben sind.<\/p>\n\n\n\n<h3 class=\"has-text-align-center wp-block-heading\">Vollsperrung der BAB 6 aufgehoben &#8211; Pressemeldung Nr. 2<\/h3>\n\n\n\n<p>Die Reparaturen an dem herabh\u00e4ngenden Stromkabel sind beendet. Der Verkehr ist wieder freigegeben.<\/p>\n\n\n\n<h2 class=\"wp-block-heading\">(L 529 \/ Sinsheim \/ Rhein-Neckar-Kreis) &#8211; Betrunken Auto gefahren und im Graben gelandet<\/h2>\n\n\n\n<p>Am Sonntag, gegen 14.15 Uhr befuhr ein Audi-Fahrer die L 529 aus Ittlingen in Richtung Reihen. Gem\u00e4\u00df den Angaben des Autofahrers soll dieser einem entgegenkommenden Lkw ausgewichen sein. Hierauf habe er auf regennasser Fahrbahn die Kontrolle \u00fcber sein Fahrzeug verloren, kam nach links auf die Gegenfahrbahn ab und landete letztendlich im Feld. Als der Fahrer merkte, dass er nicht mehr selbstst\u00e4ndig zur\u00fcck auf die Fahrbahn gelangen konnte, rief er einen Abschleppdienst zu Hilfe. Diesem fiel jedoch beim Eintreffen vor Ort sofort der starke Alkoholgeruch des Hilfesuchenden auf, weshalb er die Polizei verst\u00e4ndigte.<\/p>\n\n\n\n<p>Ein durchgef\u00fchrter Atemalkoholtest ergab einen Wert von \u00fcber 2 Promille. Nachdem dem Mann auf dem Polizeirevier Sinsheim eine Blutprobe entnommen wurde, erfolgte die Beschlagnahme des F\u00fchrerscheins. Auf den Fahrer kommt jetzt ein Ermittlungsverfahren wegen Stra\u00dfenverkehrsgef\u00e4hrdung zu.<\/p>\n\n\n\n<p>Das Polizeirevier Sinsheim hat nun die Ermittlungen aufgenommen und sucht nach Zeugen, die Hinweise zu dem Audi Fahrer bzw. zu dessen Fahrweise geben k\u00f6nnen und bittet diese, sich unter der Telefonnummer 07261 6900 zu melden.<\/p>\n\n\n\n<h2 class=\"wp-block-heading\">(Eberbach \/ Rhein-Neckar-Kreis) &#8211; Radfahrer auf Fahrradweg \u00fcbersehen<a href=\"https:\/\/www.facebook.com\/sharer.php?u=https%3A%2F%2Fwww.presseportal.de%2Fblaulicht%2Fpm%2F14915%2F5435192%2F%3Futm_source%3Dfacebook%26utm_medium%3Dsocial\"><\/a><a href=\"https:\/\/twitter.com\/intent\/tweet?text=POL-MA%3A%20Eberbach%2FRhein-Neckar-Kreis%3A%20Radfahrer%20auf%20Fahrradweg%20%C3%BCbersehen&amp;url=https%3A%2F%2Fwww.presseportal.de%2Fblaulicht%2Fpm%2F14915%2F5435192%2F%3Futm_source%3Dtwitter%26utm_medium%3Dsocial&amp;hashtags=ots&amp;lang=de\"><\/a><a href=\"https:\/\/web.whatsapp.com\/send?text=POL-MA%3A%20Eberbach%2FRhein-Neckar-Kreis%3A%20Radfahrer%20auf%20Fahrradweg%20%C3%BCbersehen%0A%0Ahttps%3A%2F%2Fwww.presseportal.de%2Fblaulicht%2Fpm%2F14915%2F5435192%2F%3Futm_source%3Dwhatsapp%26utm_medium%3Dsocial\"><\/a><a href=\"https:\/\/www.xing.com\/app\/user?op=share;url=https%3A%2F%2Fwww.presseportal.de%2Fblaulicht%2Fpm%2F14915%2F5435192%2F%3Futm_source%3Dxing%26utm_medium%3Dsocial\"><\/a><a href=\"http:\/\/www.linkedin.com\/shareArticle?mini=true&amp;url=https%3A%2F%2Fwww.presseportal.de%2Fblaulicht%2Fpm%2F14915%2F5435192%2F%3Futm_source%3Dlinkedin%26utm_medium%3Dsocial&amp;title=POL-MA%3A+Eberbach%2FRhein-Neckar-Kreis%3A+Radfahrer+auf+Fahrradweg+%C3%BCbersehen\"><\/a><a href=\"mailto:?subject=POL-MA%3A%20Eberbach%2FRhein-Neckar-Kreis%3A%20Radfahrer%20auf%20Fahrradweg%20%C3%BCbersehen&amp;body=https:\/\/www.presseportal.de\/blaulicht\/pm\/14915\/5435192\"><\/a><\/h2>\n\n\n\n<p>Am Montagmorgen gegen 7 Uhr bog ein 48-j\u00e4hriger VW-Fahrer von der Itterstra\u00dfe in die Wilhelm-Blos-Stra\u00dfe ab. W\u00e4hrend des Abbiegevorgangs kam es zum Zusammensto\u00df mit einem Radfahrer, welcher auf dem Fahrradweg entlang der Wilhelm-Blos-Stra\u00dfe in Richtung B37 fuhr. Der Radfahrer st\u00fcrzte zu Boden und zog sich leichte Verletzungen zu. Der Sachschaden liegt bei 500 Euro.<\/p>\n\n\n\n<h2 class=\"wp-block-heading\">(Neckargem\u00fcnd \/ Rhein-Neckar-Kreis) &#8211; Zeugenaufruf \/ Sachbesch\u00e4digung an Verkehrseinrichtung der Schifffahrt<\/h2>\n\n\n<div class=\"wp-block-image\">\n<figure class=\"aligncenter size-full\"><img decoding=\"async\" loading=\"lazy\" width=\"801\" height=\"600\" src=\"https:\/\/speyer24news.com\/wp-content\/uploads\/2020\/05\/Zeugen-gesucht-Neutral.jpg\" alt=\"\" class=\"wp-image-26598\" srcset=\"https:\/\/speyer24news.com\/wp-content\/uploads\/2020\/05\/Zeugen-gesucht-Neutral.jpg 801w, https:\/\/speyer24news.com\/wp-content\/uploads\/2020\/05\/Zeugen-gesucht-Neutral-300x225.jpg 300w, https:\/\/speyer24news.com\/wp-content\/uploads\/2020\/05\/Zeugen-gesucht-Neutral-768x575.jpg 768w, https:\/\/speyer24news.com\/wp-content\/uploads\/2020\/05\/Zeugen-gesucht-Neutral-678x509.jpg 678w, https:\/\/speyer24news.com\/wp-content\/uploads\/2020\/05\/Zeugen-gesucht-Neutral-326x245.jpg 326w, https:\/\/speyer24news.com\/wp-content\/uploads\/2020\/05\/Zeugen-gesucht-Neutral-80x60.jpg 80w\" sizes=\"(max-width: 801px) 100vw, 801px\" \/><\/figure><\/div>\n\n\n<p>Unbekannte T\u00e4ter l\u00f6sten zwischen dem 01. und 05. Februar Trageseile eines Radarauslegers an der Eisenbahnbr\u00fccke mit Fu\u00dfg\u00e4ngersteg in 69151 Neckargem\u00fcnd.<\/p>\n\n\n\n<p>Die Radarausleger tragen an ihren Enden Radarreflektoren: Eine unerl\u00e4ssliche Navigationshilfe f\u00fcr die Schifffahrt beim Durchfahren von Br\u00fccken im Nebel. Es handelt sich daher nicht mehr um einen &#8222;Jungen-Streich&#8220;, sondern um mutwillige Sachbesch\u00e4digung einer Verkehrseinrichtung, mit unabsehbaren Folgen f\u00fcr die Schifffahrt auf dem Neckar.<\/p>\n\n\n\n<p>Die Wasserschutzpolizei Heidelberg bittet Zeugen, die an der Eisenbahnbr\u00fccke verd\u00e4chtige Wahrnehmungen gemacht haben, sich unter Telefon 06221\/13748-3 zu melden.<\/p>\n\n\n\n<h2 class=\"wp-block-heading\">(Ilvesheim \/ Rhein-Neckar-Kreis) &#8211; Suche nach Vermisster Person, Hubschrauber im Einsatz<\/h2>\n\n\n<div class=\"wp-block-image\">\n<figure class=\"aligncenter size-full\"><img decoding=\"async\" loading=\"lazy\" width=\"800\" height=\"600\" src=\"https:\/\/speyer24news.com\/wp-content\/uploads\/2020\/07\/Hubschrauber-bei-Personensuche.jpg\" alt=\"\" class=\"wp-image-29175\" srcset=\"https:\/\/speyer24news.com\/wp-content\/uploads\/2020\/07\/Hubschrauber-bei-Personensuche.jpg 800w, https:\/\/speyer24news.com\/wp-content\/uploads\/2020\/07\/Hubschrauber-bei-Personensuche-300x225.jpg 300w, https:\/\/speyer24news.com\/wp-content\/uploads\/2020\/07\/Hubschrauber-bei-Personensuche-768x576.jpg 768w, https:\/\/speyer24news.com\/wp-content\/uploads\/2020\/07\/Hubschrauber-bei-Personensuche-678x509.jpg 678w, https:\/\/speyer24news.com\/wp-content\/uploads\/2020\/07\/Hubschrauber-bei-Personensuche-326x245.jpg 326w, https:\/\/speyer24news.com\/wp-content\/uploads\/2020\/07\/Hubschrauber-bei-Personensuche-80x60.jpg 80w\" sizes=\"(max-width: 800px) 100vw, 800px\" \/><figcaption class=\"wp-element-caption\">Polizeihubschrauber bei Suchma\u00dfnahme in der Nacht, Bilddient lediglich der Visualisierung<\/figcaption><\/figure><\/div>\n\n\n<p>Derzeit (06.02.2023 \u2013 21:34) sucht die Polizei nach einer vermissten 76-j\u00e4hrigen Frau aus einer Pflegeeinrichtung in Ilvesheim. Sie wurde zuletzt heute morgen gegen 09:00 Uhr gesehen als sie zu ihrem Spaziergang aufbrach. Diesen weitete sie offenbar etwas aus und versuchte ihren Sohn in Schriesheim zu besuchen. Seitdem fehlt von ihr jede Spur. Sie wird beschrieben als 1,60 gro\u00df, schlank, tr\u00e4gt vermutlich eine gr\u00fcne Fleecejacke und blaue Jeans. Auff\u00e4llig ist ein Kopfverband den sie noch tragen m\u00fcsste. Im Zusammenhang mit der Suche nach der Frau ist auch ein Hubschrauber zwischen Ilvesheim und Schriesheim eingesetzt. Hinweise auf den Aufenthaltsort nimmt jede Polizeidienststelle entgegen oder melden sie sich bitte telefonisch beim Polizeirevier in Ladenburg unter der Tel: 06203-93050.<\/p>\n\n\n\n<h3 class=\"has-text-align-center wp-block-heading\">Suche nach Vermisster Person beendet, wohlbehalten aufgefunden \/ Pressemitteilung Nummer 2<\/h3>\n\n\n\n<p>Die Suche nach der Vermissten 76-j\u00e4hrigen Frau konnte erfolgreich abgeschlossen werden. Sie wurde durch Beamte der Bundespolizei im Frankfurter Bahnhof wohlbehalten angetroffen werden.<\/p>\n\n\n\n<h2 class=\"wp-block-heading\">(Ladenburg \/ Rhein-Neckar-Kreis) &#8211; Radfahrer kollidiert mit PKW im Kreuzungsbereich<\/h2>\n\n\n\n<p>Am Montag gegen 13:30 Uhr bog ein 55-j\u00e4hriger Renault-Fahrer von der Trajanstra\u00dfe in die Heidelberger Stra\u00dfe ein. Im Kreuzungsbereich streifte der das Fahrrad einer 53-j\u00e4hrigen Frau, welche st\u00fcrzte und sich hierbei leichte Verletzungen zuzog. Die Frau wurde durch den Rettungsdienst behandelt und in ein nahegelegenes Krankenhaus gebracht. Insgesamt entstand ein Sachschaden von 800 Euro.<\/p>\n\n\n\n<h2 class=\"wp-block-heading\">(Hirschberg \/ Rhein-Neckar-Kreis) &#8211; Unfall zwischen Pkw und Stra\u00dfenbahn<\/h2>\n\n\n\n<p>Zu einem Unfall zwischen einer Stra\u00dfenbahn und einem Pkw kam es am heutigen Mittag gegen 14.25 Uhr.<\/p>\n\n\n\n<p>Nach dem derzeitigen Stand der Ermittlungen hat ein Pkw Fahrer eine rote Ampel im Bereich der Haltestelle Gro\u00dfsachsen S\u00fcd \u00fcbersehen. Daraufhin wurde er von einer anfahrenden Stra\u00dfenbahn seitlich erfasst. Es entstand lediglich Blechschaden. Der Pkw des Verursachers wurde jedoch derart besch\u00e4digt dass er abgeschleppt werden musste. Der Verkehrsdienst des Polizeipr\u00e4sidiums Mannheim hat die Ermittlungen zum Unfallhergang aufgenommen.<\/p>\n","protected":false},"excerpt":{"rendered":"<div class=\"mh-excerpt\"><p>Polizeimeldungen vom Montag und Dienstag (06.02.-.07.02.2023) (Speyer) &#8211; Diebstahl von Katalysatoren Insgesamt 13 Katalysatoren wurden im Zeitraum von Freitag (03.02.2023) bis Montag (06.02.2023) aus geparkten Wohnmobilen ausgebaut und entwendet. Die Fahrzeuge waren auf einem Firmengel\u00e4nde <a class=\"mh-excerpt-more\" href=\"https:\/\/speyer24news.com\/?p=50906\" title=\"Polizeimeldungen Montag &#038; Dienstag (06.02.-.07.02.2023)\">[&#8230;]<\/a><\/p>\n<\/div>","protected":false},"author":3,"featured_media":26162,"comment_status":"open","ping_status":"open","sticky":false,"template":"","format":"standard","meta":{"_monsterinsights_skip_tracking":false,"_monsterinsights_sitenote_active":false,"_monsterinsights_sitenote_note":"","_monsterinsights_sitenote_category":0,"footnotes":""},"categories":[15659],"tags":[7243,7244,3614,350,14537,15084,15267,14538,15361,702,61,2555,6955,6986,6263,63,105,11150,6987,53,4854,13534,4683,1548,4905,11592,102,13626,213,14325,14324,13553,13541,55,8277,6368,5261,103,106,2803,2423,427,2625,380,62,104,979,1565],"aioseo_notices":[],"amp_enabled":true,"_links":{"self":[{"href":"https:\/\/speyer24news.com\/index.php?rest_route=\/wp\/v2\/posts\/50906"}],"collection":[{"href":"https:\/\/speyer24news.com\/index.php?rest_route=\/wp\/v2\/posts"}],"about":[{"href":"https:\/\/speyer24news.com\/index.php?rest_route=\/wp\/v2\/types\/post"}],"author":[{"embeddable":true,"href":"https:\/\/speyer24news.com\/index.php?rest_route=\/wp\/v2\/users\/3"}],"replies":[{"embeddable":true,"href":"https:\/\/speyer24news.com\/index.php?rest_route=%2Fwp%2Fv2%2Fcomments&post=50906"}],"version-history":[{"count":1,"href":"https:\/\/speyer24news.com\/index.php?rest_route=\/wp\/v2\/posts\/50906\/revisions"}],"predecessor-version":[{"id":50907,"href":"https:\/\/speyer24news.com\/index.php?rest_route=\/wp\/v2\/posts\/50906\/revisions\/50907"}],"wp:featuredmedia":[{"embeddable":true,"href":"https:\/\/speyer24news.com\/index.php?rest_route=\/wp\/v2\/media\/26162"}],"wp:attachment":[{"href":"https:\/\/speyer24news.com\/index.php?rest_route=%2Fwp%2Fv2%2Fmedia&parent=50906"}],"wp:term":[{"taxonomy":"category","embeddable":true,"href":"https:\/\/speyer24news.com\/index.php?rest_route=%2Fwp%2Fv2%2Fcategories&post=50906"},{"taxonomy":"post_tag","embeddable":true,"href":"https:\/\/speyer24news.com\/index.php?rest_route=%2Fwp%2Fv2%2Ftags&post=50906"}],"curies":[{"name":"wp","href":"https:\/\/api.w.org\/{rel}","templated":true}]}}