{"id":50915,"date":"2023-02-09T07:48:00","date_gmt":"2023-02-09T06:48:00","guid":{"rendered":"https:\/\/speyer24news.com\/?p=50915"},"modified":"2023-02-09T07:48:09","modified_gmt":"2023-02-09T06:48:09","slug":"polizeimeldungen-mittwoch-08-02-2023","status":"publish","type":"post","link":"https:\/\/speyer24news.com\/?p=50915","title":{"rendered":"Polizeimeldungen Mittwoch (08.02.2023)"},"content":{"rendered":"<style type=\"text\/css\">\r\n\t.ads_top_disp{}\r\n\t.ads_top_corner_disp{ float:left; margin:0px 10px 10px 0px; }\r\n\t.ads_first_p_disp{}\r\n\t.ads_bottom_disp{}\r\n\t<\/style>\n<h2 class=\"wp-block-heading\">Polizeimeldungen vom Mittwoch (08.02.2023)<\/h2>\n\n\n<div class=\"wp-block-image\">\n<figure class=\"aligncenter size-full\"><img decoding=\"async\" loading=\"lazy\" width=\"375\" height=\"500\" src=\"https:\/\/speyer24news.com\/wp-content\/uploads\/2022\/03\/Aktuelles-Polizeilogo.jpg\" alt=\"\" class=\"wp-image-43591\" srcset=\"https:\/\/speyer24news.com\/wp-content\/uploads\/2022\/03\/Aktuelles-Polizeilogo.jpg 375w, https:\/\/speyer24news.com\/wp-content\/uploads\/2022\/03\/Aktuelles-Polizeilogo-225x300.jpg 225w\" sizes=\"(max-width: 375px) 100vw, 375px\" \/><\/figure><\/div>\n\n\n<h2 class=\"wp-block-heading\">(Speyer) &#8211; Wiederholtes Fahren ohne Fahrerlaubnis<\/h2>\n\n\n\n<p>Am Mittwoch, 07.02.2023, gegen 12:20 Uhr meldete eine Zeugin in der Landauer Stra\u00dfe ein r\u00fcckw\u00e4rts rollendes Fahrzeug. Die informierte Funkstreife der Polizei Speyer stellte bei der Kontrolle des PKW einen 83-j\u00e4hrigen verantwortlichen Fahrer fest. Eine g\u00fcltige Fahrerlaubnis konnte er nicht vorweisen. Da der Fahrer bereits zum vierten Mal wegen des Verdachts des F\u00fchrens eines Kraftfahrzeuges ohne g\u00fcltige Fahrerlaubnis aufgefallen ist, wurde sein PKW zur Vorbereitung der Einziehung sichergestellt. Gem\u00e4\u00df \u00a721 Abs. 3 StVG kann das Fahrzeug, auf das sich die Tat bezieht, insbesondere bei mehrfacher Tatbegehung eingezogen werden.<\/p>\n\n\n\n<h2 class=\"wp-block-heading\">(Schifferstadt) &#8211; Beinahe Unfall nach \u00dcberholman\u00f6ver<\/h2>\n\n\n\n<p>Zu einem beinahe Unfall kam es am Dienstagnachmittag auf der L454 zwischen Speyer und Schifferstadt. Aus bisher ungekl\u00e4rten Gr\u00fcnden fuhr ein 57-j\u00e4hriger Autofahrer aus Schifferstadt an einem 58-j\u00e4hrigen Motorradfahrer, ebenfalls aus Schifferstadt, rechts auf dem Gr\u00fcnstreifen vorbei, sodass der Motorradfahrer kurzzeitig ins Taumeln geriet. Im Anschluss musste der Motorradfahrer noch nach links ausweichen und geriet dadurch in den Gegenverkehr, aus dessen Richtung in diesem Moment gl\u00fccklicherweise kein anderer Verkehrsteilnehmer kam. Im Nachgang wollte der 58-j\u00e4hrige den Autofahrer zur Rede stellen. Hierbei wurde beim Einparken durch den Autofahrer das abgestellte Motorrad des 58-j\u00e4hrigen ber\u00fchrt, jedoch nicht besch\u00e4digt. Zeugen des Vorfalls werden gebeten, sich unter der Telefonnummer 06235 \/ 495-0 oder per E-Mail (<a href=\"mailto:pischifferstadt@polizei.rlp.de\">pischifferstadt@polizei.rlp.de<\/a>) bei der Polizeiinspektion Schifferstadt zu melden.<\/p>\n\n\n\n<h2 class=\"wp-block-heading\">(Limburgerhof) &#8211; Ohne F\u00fchrerschein unterwegs<\/h2>\n\n\n\n<p>Aufgrund eines nicht angelegten Sicherheitsgurtes wurde ein 24-j\u00e4hriger Pkw-Fahrer aus Limburgerhof am Dienstagmittag in der Mainzer Stra\u00dfe einer Verkehrskontrolle unterzogen. Gegen\u00fcber den Beamten gab der Fahrer zun\u00e4chst an, im Besitz einer Fahrerlaubnis zu sein, diese aber nicht dabei zu haben. Im Rahmen weiterer Ermittlungen wurde dann bekannt, dass der 24-j\u00e4hrige wohl nie erfolgreich die Fahrschule beendete, demnach auch noch nie im Besitz einer Fahrerlaubnis war. Ihn erwartet nun ein Strafverfahren wegen Fahren ohne Fahrerlaubnis.<\/p>\n\n\n\n<h2 class=\"wp-block-heading\">(Hanhofen) &#8211; Vollbrand einer am Wohnhaus angrenzenden Scheune \/ 2. Nachtragsmeldung<\/h2>\n\n\n\n<h3 class=\"wp-block-heading\">Nachtrag zu den Pressemeldungen vom 31.01.2023:\u00a0<\/h3>\n\n\n\n<h3 class=\"wp-block-heading\"><a href=\"https:\/\/www.presseportal.de\/blaulicht\/pm\/117696\/5429264\" target=\"_blank\" rel=\"noreferrer noopener\">https:\/\/www.presseportal.de\/blaulicht\/pm\/117696\/5429264<\/a>\u00a0und\u00a0<\/h3>\n\n\n\n<h3 class=\"wp-block-heading\"><a href=\"https:\/\/www.presseportal.de\/blaulicht\/pm\/117696\/5429855\" target=\"_blank\" rel=\"noreferrer noopener\">https:\/\/www.presseportal.de\/blaulicht\/pm\/117696\/5429855<\/a><\/h3>\n\n\n\n<p>Nach dem Brand einer Scheune in Hanhofen wurde der Brandort durch einen Sachverst\u00e4ndigen und Brandermittler der Kriminalpolizei untersucht. Nach derzeitigem Stand der Ermittlungen k\u00f6nnte der Brand durch einen technischen Defekt verursacht worden sein. Hinweise auf eine vors\u00e4tzliche Brandstiftung ergaben sich bei der Untersuchung nicht.<\/p>\n\n\n\n<p>Die Ermittlungen der Kriminalpolizei Ludwigshafen dauern weiter an.<\/p>\n\n\n\n<h2 class=\"wp-block-heading\">(Germersheim) &#8211; Versuchter Einbruchsdiebstahl<\/h2>\n\n\n\n<p>Unbekannte T\u00e4ter brachen am 07.02.2023 den Lagerraum des Germersheimer Vereins in der Eugen-Sauer-Stra\u00dfe auf. Entwendet wurde nichts. Sachdienliche Hinweise bitte an die Polizei Germersheim\u00a0<a href=\"mailto:pigermersheim@polizei.rlp.de\">pigermersheim@polizei.rlp.de<\/a>\u00a0oder 07274\/9580.<\/p>\n\n\n\n<h2 class=\"wp-block-heading\">(Germersheim) &#8211; Verkehrs\u00fcberwachung im Dienstgebiet<\/h2>\n\n\n\n<p>Eine Geschwindigkeits\u00fcberwachung im Mozartweg in Germersheim deckte am 07.02.2023 mehrere Tempos\u00fcnder auf. Der Spitzenreiter war mit 15km\/h zu schnell unterwegs.<\/p>\n\n\n\n<h2 class=\"wp-block-heading\">(Kreis Germersheim) &#8211; Nachtrag zur \u00d6ffentlichkeitsfahndung vom 06.02.2023<\/h2>\n\n\n\n<p>Die seit dem 06.02.2023 aus dem Kreis Germersheim vermisste 52-J\u00e4hrige Frau Graubner konnte am Dienstag wohlbehalten angetroffen werden.<\/p>\n\n\n\n<p>Die polizeilichen Fahndungsma\u00dfnahmen werden somit eingestellt. Die Polizei bedankt sich f\u00fcr die Mithilfe bei der Suche.<\/p>\n\n\n\n<h2 class=\"wp-block-heading\">(R\u00fclzheim) &#8211; Katze riskiert eines ihrer sieben Leben<\/h2>\n\n\n\n<p>Am 07.02.2023 hielt eine abenteuerlustige Katze die Kr\u00e4fte der Feuerwehr und Polizei in Atem. Die knapp einj\u00e4hrige Ausrei\u00dferin wollte hoch hinaus und kletterte auf einen Baum. Oben angekommen verlie\u00df sie dann der Mut. Nach einer Rettungsaktion aus der Baumkrone wurde sie der gl\u00fccklichen Eigent\u00fcmerin \u00fcbergeben.<\/p>\n\n\n\n<h2 class=\"wp-block-heading\">(Bad Bergzabern) &#8211; Brand in Klinikgeb\u00e4ude (nicht Krankenhaus!)<\/h2>\n\n\n<div class=\"wp-block-image\">\n<figure class=\"aligncenter size-full\"><img decoding=\"async\" loading=\"lazy\" width=\"800\" height=\"600\" src=\"https:\/\/speyer24news.com\/wp-content\/uploads\/2023\/02\/3.BrandCelenusParkklinik.jpg\" alt=\"\" class=\"wp-image-50917\" srcset=\"https:\/\/speyer24news.com\/wp-content\/uploads\/2023\/02\/3.BrandCelenusParkklinik.jpg 800w, https:\/\/speyer24news.com\/wp-content\/uploads\/2023\/02\/3.BrandCelenusParkklinik-300x225.jpg 300w, https:\/\/speyer24news.com\/wp-content\/uploads\/2023\/02\/3.BrandCelenusParkklinik-768x576.jpg 768w, https:\/\/speyer24news.com\/wp-content\/uploads\/2023\/02\/3.BrandCelenusParkklinik-678x509.jpg 678w, https:\/\/speyer24news.com\/wp-content\/uploads\/2023\/02\/3.BrandCelenusParkklinik-326x245.jpg 326w, https:\/\/speyer24news.com\/wp-content\/uploads\/2023\/02\/3.BrandCelenusParkklinik-80x60.jpg 80w\" sizes=\"(max-width: 800px) 100vw, 800px\" \/><\/figure><\/div>\n\n\n<p>Ein technischer Defekt im Hauptverteiler des Serverraumes l\u00f6ste am 8.2.23, gg. 16:35 Uhr, einen Brand in der Celenus Parkklinik Bad Bergzabern aus. Durch die Feuerwehr konnte der Brand schnell gel\u00f6scht werden, Mitarbeiter der Stadtwerke schalteten das Hauptgeb\u00e4ude stromlos. Es kam zu keinem Personenschaden. Der genaue Geb\u00e4udeschaden d\u00fcrfte sich im niedrigen 5-stelligen Bereich befinden. Die Patienten wurden auf die Nebengeb\u00e4ude verteilt. Feuerwehr, Rettungsdienste, Stadtwerke und Polizei waren mit 35Einsatzkr\u00e4ften vor Ort.<\/p>\n\n\n\n<h2 class=\"wp-block-heading\">(Bad Bergzabern) &#8211; Diebstahl eines E-Scooter<\/h2>\n\n\n\n<p>Im Zeitraum 06.02.23, 15:00 Uhr bis 07.02.2023, 14:00 Uhr, wurde in der Kapeller Stra\u00dfe, vor einem Fitness-Studio, ein E-Scooter der Marke KSR entwendet. An dem Scooter ist ein gr\u00fcnes Versicherungskennzeichen angebracht. Hinweise zu dem Diebstahl nimmt die Polizeiinspektion Bad Bergzabern unter 06343 93340 oder\u00a0<a href=\"mailto:pibadbergzabern@polizei.rlp.de\">pibadbergzabern@polizei.rlp.de<\/a>\u00a0entgegen.<\/p>\n\n\n\n<h2 class=\"wp-block-heading\">(Annweiler) &#8211; Illegales Autorennen bei Annweiler \/ Zeugen gesucht<\/h2>\n\n\n\n<p>Am 07.02.23 lieferten sich ein grauer Audi A 4 und ein VW Golf V gegen 16:20 Uhr ein Rennen und gef\u00e4hrdeten hierbei mehrere andere Fahrzeugf\u00fchrer. Bereits in der Altenstra\u00dfe in Annweiler \u00fcberholten die Raser zwei Personenkraftwagen und zwangen diese zum starken Abbremsen. Bei dem anschlie\u00dfenden Rennen \u00fcber die B 48 in Richtung Wernersberg kam es zu weiteren gef\u00e4hrlichen \u00dcberholman\u00f6vern. Die so gef\u00e4hrdeten Fahrzeugf\u00fchrer werden gebeten, sich bei der Polizei Annweiler zu melden. Wegen der gef\u00e4hrlichen Raserei wurde gegen die beiden Fahrzeugf\u00fchrer ein Strafverfahren wegen Durchf\u00fchrung eines verbotenen Kraftfahrzeugrennens er\u00f6ffnet.<\/p>\n\n\n\n<h2 class=\"wp-block-heading\">(Landau) &#8211; Unfallflucht auf Baumarktparkplatz<\/h2>\n\n\n\n<p>Am Dienstag, 7.2. zwischen 13:30h und 14:15h besch\u00e4digte eine noch unbekannte Person vermutlich beim Ein-\/Aussteigen auf dem Gillet-Parkplatz in Landau einen schwarzen BMW. Wer Hinweise zu der Unfallflucht geben kann, meldet sich bitte bei der Polizeiinspektion Landau.<\/p>\n\n\n\n<h2 class=\"wp-block-heading\">(Landau) &#8211; Unfallflucht in der Badstra\u00dfe<\/h2>\n\n\n\n<p>Im Zeitraum 03.02.23-07.02.23 wurde auf dem Parkplatz in der Badstra\u00dfe ein schwarzer Mercedes besch\u00e4digt. Wer Hinweise auf den gefl\u00fcchteten Unfallverursacher geben kann, meldet sich bitte bei der Polizeiinspektion Landau.<\/p>\n\n\n\n<h2 class=\"wp-block-heading\">(A 65 \/ AS Insheim) &#8211; Auffahrunfall auf dem Beschleunigungsstreifen<\/h2>\n\n\n\n<p>Zwei total besch\u00e4digte Fahrzeuge sowie zwei verletzter Autofahrer ist die Bilanz eines Verkehrsunfalls, der sich Dienstagmorgen (07.02.2023) kurz vor 10 Uhr auf dem Beschleunigungsstreifen der A65, AS Insheim (Fahrtrichtung Ludwigshafen) zugetragen hat. Eine 45 Jahre alte Autofahrerin erkannte das wartende Fahrzeug eines 75-j\u00e4hrigen vorausfahrenden Autofahrers zu sp\u00e4t und fuhr diesem auf. Durch den Aufprall wurde die Autofahrerin im Bereich des Brustkorbs, der Autofahrer im Nackenbereich verletzt. Beide mussten in \u00e4rztliche Behandlung. Wegen der Bergung der Unfallstelle kam es zu Verkehrsbehinderungen. Der Gesamtunfallschaden liegt bei mehreren tausend Euro.<\/p>\n\n\n\n<h2 class=\"wp-block-heading\">(Edenkoben) &#8211; Ganoven versuchen es auf unterschiedliche Art und Weise<\/h2>\n\n\n\n<p>&#8222;Mama, mein Handy ist in die Toilette gefallen&#8220;. Via WhatsApp erhielt eine 70 Jahre alte Frau diese Nachricht von einer fremden Nummer, von der sie vermutete, dass es sich um die neue Handynummer ihres Sohnes handelte. Als der vermeintliche Sohn dann um Hilfe bat, weil er knapp 2.000 Euro an eine Volksbank im Sauerland \u00fcberweisen m\u00fcsse, wurde die Frau stutzig, beendete den Chat und erstattete eine Strafanzeige bei der Polizei. <\/p>\n\n\n\n<h4 class=\"wp-block-heading\">Die Polizei appelliert: <\/h4>\n\n\n\n<p><strong>Sch\u00fctzen Sie ihren WhatsApp-Account vor Betrug. Entlarven Sie Betr\u00fcger, indem Sie um eine Sprachnachricht bitten oder rufen Sie vor einer \u00dcberweisung die Person an, um deren Identit\u00e4t zu \u00fcberpr\u00fcfen. Nur so k\u00f6nnen Sie sicher sein, dass keine fremde Person Ihren Account missbr\u00e4uchlich verwendet.<\/strong><\/p>\n\n\n\n<h2 class=\"wp-block-heading\">(Sankt Martin) &#8211; Brand in einer Scheune<\/h2>\n\n\n<div class=\"wp-block-image\">\n<figure class=\"aligncenter size-full\"><img decoding=\"async\" loading=\"lazy\" width=\"800\" height=\"600\" src=\"https:\/\/speyer24news.com\/wp-content\/uploads\/2023\/02\/BrandSanktMartin.jpg\" alt=\"\" class=\"wp-image-50918\" srcset=\"https:\/\/speyer24news.com\/wp-content\/uploads\/2023\/02\/BrandSanktMartin.jpg 800w, https:\/\/speyer24news.com\/wp-content\/uploads\/2023\/02\/BrandSanktMartin-300x225.jpg 300w, https:\/\/speyer24news.com\/wp-content\/uploads\/2023\/02\/BrandSanktMartin-768x576.jpg 768w, https:\/\/speyer24news.com\/wp-content\/uploads\/2023\/02\/BrandSanktMartin-678x509.jpg 678w, https:\/\/speyer24news.com\/wp-content\/uploads\/2023\/02\/BrandSanktMartin-326x245.jpg 326w, https:\/\/speyer24news.com\/wp-content\/uploads\/2023\/02\/BrandSanktMartin-80x60.jpg 80w\" sizes=\"(max-width: 800px) 100vw, 800px\" \/><\/figure><\/div>\n\n\n<p>Am Abend des 07.02.2023 ereignete sich gegen 21:55 Uhr ein Brand in einer Scheune in der Emserstra\u00dfe in Sankt Martin. Aus bislang unbekannten Gr\u00fcnden entwickelte sich der Brand in einem Abstellraum der Scheune, konnte aber durch die Feuerwehr schnell gel\u00f6scht werden. Verletzt wurde bei dem Brand niemand. Die Kriminalpolizei hat die weiteren Ermittlungen aufgenommen.<\/p>\n\n\n\n<h2 class=\"wp-block-heading\">(A 65 \/ Kirrweiler) &#8211; Verlorenes Fahrzeugteil verursacht gleich drei Verkehrsunf\u00e4lle<\/h2>\n\n\n<div class=\"wp-block-image\">\n<figure class=\"aligncenter size-full\"><img decoding=\"async\" loading=\"lazy\" width=\"800\" height=\"598\" src=\"https:\/\/speyer24news.com\/wp-content\/uploads\/2023\/02\/Frontscheibe.jpg\" alt=\"\" class=\"wp-image-50919\" srcset=\"https:\/\/speyer24news.com\/wp-content\/uploads\/2023\/02\/Frontscheibe.jpg 800w, https:\/\/speyer24news.com\/wp-content\/uploads\/2023\/02\/Frontscheibe-300x224.jpg 300w, https:\/\/speyer24news.com\/wp-content\/uploads\/2023\/02\/Frontscheibe-768x574.jpg 768w, https:\/\/speyer24news.com\/wp-content\/uploads\/2023\/02\/Frontscheibe-326x245.jpg 326w, https:\/\/speyer24news.com\/wp-content\/uploads\/2023\/02\/Frontscheibe-80x60.jpg 80w\" sizes=\"(max-width: 800px) 100vw, 800px\" \/><\/figure><\/div>\n\n\n<p>Am Mittwoch, den 08.02.2023 um ca. 14:25 Uhr, befuhr ein 52-j\u00e4hriger Wachenheimer mit seinem PKW die Bundesautobahn 65 in Fahrtrichtung S\u00fcden. Zwischen der Anschlussstelle Edenkoben und der Anschlussstelle der B 272 \u00fcberfuhr ein vorausfahrender PKW auf der Fahrbahn liegende Fahrzeugteile, welche auf den PKW des dahinterfahrenden Wachenheimers flogen. Hierbei wurde die Windschutzscheibe, sowie das Fahrzeugdach nicht unerheblich besch\u00e4digt. Der Schaden wird auf ca. 4000 Euro gesch\u00e4tzt. Der vorausfahrende PKW-F\u00fchrer setzte seine Fahrt unbeirrt fort.<\/p>\n\n\n\n<p>In das gleiche Fahrzeugteil fuhr fast zeitgleich eine 32-j\u00e4hrige Landauerin mit ihrem PKW. Die Landauerin musste schlie\u00dflich auf dem Standstreifen anhalten, weil diese durch den Verkehrsunfall einen platten Reifen davontrug. Bei dem genannten Fahrzeugteil handelte es sich mit gro\u00dfer Wahrscheinlichkeit um eine Kunststoffhalterung eines Ersatzrades, welches Gel\u00e4ndewagen oftmals am Heck montiert haben.<\/p>\n\n\n\n<p>Zu allem \u00dcbel kam es dann noch zu einem dritten Verkehrsunfall. W\u00e4hrend der Aufr\u00e4umarbeiten der Polizei an der Gefahrenstelle musste die Fahrbahn f\u00fcr ca. 3 Minuten komplett gesperrt werden, wodurch sich der Verkehr auf einen Kilometer staute. Am Stauende fuhr ein 57-j\u00e4hriger Rohrbacher PKW-F\u00fchrer einem 34-j\u00e4hrigen Ha\u00dflocher PKW-Fahrer infolge nicht angepasster Geschwindigkeit auf. Dadurch entstand ein erheblicher Sachschaden von ca. 25.000 Euro. Beide Fahrzeuge mussten abgeschleppt werden.<\/p>\n\n\n\n<p>Die Polizeiinspektion Edenkoben bittet um Hinweise zu dem Verursacher, welcher die Teile w\u00e4hrend der Fahrt verloren hat. Tel.: 06323 9550 E-Mail:\u00a0<a href=\"mailto:piedenkoben@polizei.rlp.de\">piedenkoben@polizei.rlp.de<\/a><\/p>\n\n\n\n<h2 class=\"wp-block-heading\">(Neustadt) &#8211; Alkoholkonsum endet mit Widerstand und Strafanzeigen<\/h2>\n\n\n\n<p>Am 07.02.2023 um 19:19 Uhr wurde durch einen 48-J\u00e4hrigen aus Neustadt\/W. mitgeteilt, dass sein Bruder an dessen Wohnanschrift randalieren w\u00fcrde. Vor Ort konnte der unter Alkoholeinfluss stehende 50-J\u00e4hrige Aggressor aus Neustadt\/W. angetroffen werden. Im Rahmen der Sachverhaltsaufnahme wurde bekannt, dass der Neustadter zuvor seine in derselben Wohnung lebende 68-j\u00e4hrige Mutter geschlagen und am Hals gepackt hat. Auch in Anwesenheit der Beamten beruhigte sich der Mann nicht, weshalb diesem zun\u00e4chst ein Platzverweis ausgesprochen wurde. Da er diesem nicht nachkam, sollte er dem polizeilichen Gewahrsam zugef\u00fchrt werden. Bei der anschlie\u00dfenden Fesselung sperrte sich der Neustadter und trat einem Beamten gegen den Oberschenkel. Ferner wurde eine eingesetzte Beamtin durch diesen beleidigt. Ein durchgef\u00fchrter Atemalkoholtest ergab einen Wert von 1,86 Promille, weshalb dem Neustadter zudem eine Blutprobe entnommen wurde. Der 50-J\u00e4hrige muss sich nun in Strafverfahren wegen des Widerstandes gegen Vollstreckungsbeamte, K\u00f6rperverletzung und Beleidigung verantworten.<\/p>\n\n\n\n<h2 class=\"wp-block-heading\">(Neustadt) &#8211; Auffahrunfall f\u00fchrt zu Personenschaden<a href=\"https:\/\/www.facebook.com\/sharer.php?u=https%3A%2F%2Fwww.presseportal.de%2Fblaulicht%2Fpm%2F117687%2F5435698%2F%3Futm_source%3Dfacebook%26utm_medium%3Dsocial\"><\/a><a href=\"https:\/\/twitter.com\/intent\/tweet?text=POL-PDNW%3A%20Auffahrunfall%20f%C3%BChrt%20zu%20Personenschaden&amp;url=https%3A%2F%2Fwww.presseportal.de%2Fblaulicht%2Fpm%2F117687%2F5435698%2F%3Futm_source%3Dtwitter%26utm_medium%3Dsocial&amp;hashtags=ots&amp;lang=de\"><\/a><a href=\"https:\/\/web.whatsapp.com\/send?text=POL-PDNW%3A%20Auffahrunfall%20f%C3%BChrt%20zu%20Personenschaden%0A%0Ahttps%3A%2F%2Fwww.presseportal.de%2Fblaulicht%2Fpm%2F117687%2F5435698%2F%3Futm_source%3Dwhatsapp%26utm_medium%3Dsocial\"><\/a><a href=\"https:\/\/www.xing.com\/app\/user?op=share;url=https%3A%2F%2Fwww.presseportal.de%2Fblaulicht%2Fpm%2F117687%2F5435698%2F%3Futm_source%3Dxing%26utm_medium%3Dsocial\"><\/a><a href=\"http:\/\/www.linkedin.com\/shareArticle?mini=true&amp;url=https%3A%2F%2Fwww.presseportal.de%2Fblaulicht%2Fpm%2F117687%2F5435698%2F%3Futm_source%3Dlinkedin%26utm_medium%3Dsocial&amp;title=POL-PDNW%3A+Auffahrunfall+f%C3%BChrt+zu+Personenschaden\"><\/a><a href=\"mailto:?subject=POL-PDNW%3A%20Auffahrunfall%20f%C3%BChrt%20zu%20Personenschaden&amp;body=https:\/\/www.presseportal.de\/blaulicht\/pm\/117687\/5435698\"><\/a><\/h2>\n\n\n\n<p>Am 07.02.2023 um 13:00 Uhr kam es in der Martin-Luther-Stra\u00dfe in 67433 Neustadt\/W. zu einem Auffahrunfall zwischen zwei PKW&#8217;s. Ein 80-J\u00e4hriger aus Neustadt musste aufgrund des vorhandenen Stopp-Schildes seinen PKW verkehrsbedingt abbremsen. Dies erkannte ein 22-j\u00e4hriger aus der Verbandsgemeinde Bellheim zu sp\u00e4t und fuhr mit seinem PKW auf den des Vordermannes auf. Dadurch entstand Sachschaden an beiden Fahrzeugen in einer Gesamth\u00f6he von 1500 Euro. Des Weiteren trug der 80-J\u00e4hrige eine Platzwunde von dem Vorfall.<\/p>\n\n\n\n<h2 class=\"wp-block-heading\">(Neustadt) &#8211; Diebstahl aus Handtasche<a href=\"https:\/\/www.facebook.com\/sharer.php?u=https%3A%2F%2Fwww.presseportal.de%2Fblaulicht%2Fpm%2F117687%2F5436042%2F%3Futm_source%3Dfacebook%26utm_medium%3Dsocial\"><\/a><a href=\"https:\/\/twitter.com\/intent\/tweet?text=POL-PDNW%3A%20Diebstahl%20aus%20Handtasche&amp;url=https%3A%2F%2Fwww.presseportal.de%2Fblaulicht%2Fpm%2F117687%2F5436042%2F%3Futm_source%3Dtwitter%26utm_medium%3Dsocial&amp;hashtags=ots&amp;lang=de\"><\/a><a href=\"https:\/\/web.whatsapp.com\/send?text=POL-PDNW%3A%20Diebstahl%20aus%20Handtasche%0A%0Ahttps%3A%2F%2Fwww.presseportal.de%2Fblaulicht%2Fpm%2F117687%2F5436042%2F%3Futm_source%3Dwhatsapp%26utm_medium%3Dsocial\"><\/a><a href=\"https:\/\/www.xing.com\/app\/user?op=share;url=https%3A%2F%2Fwww.presseportal.de%2Fblaulicht%2Fpm%2F117687%2F5436042%2F%3Futm_source%3Dxing%26utm_medium%3Dsocial\"><\/a><a href=\"http:\/\/www.linkedin.com\/shareArticle?mini=true&amp;url=https%3A%2F%2Fwww.presseportal.de%2Fblaulicht%2Fpm%2F117687%2F5436042%2F%3Futm_source%3Dlinkedin%26utm_medium%3Dsocial&amp;title=POL-PDNW%3A+Diebstahl+aus+Handtasche\"><\/a><a href=\"mailto:?subject=POL-PDNW%3A%20Diebstahl%20aus%20Handtasche&amp;body=https:\/\/www.presseportal.de\/blaulicht\/pm\/117687\/5436042\"><\/a><\/h2>\n\n\n\n<p>Am 07.02.2023 um 11:23 Uhr kam es zu einem Diebstahl einer Geldb\u00f6rse aus einer Einkaufstasche in einem Supermarkt in der Martin-Luther-Stra\u00dfe in 67433 Neustadt\/W.. Die 88-j\u00e4hrige Gesch\u00e4digte hatte zu diesem Zeitpunkt ihre Handtasche vorne am Einkaufswagen unbeaufsichtigt h\u00e4ngen. Ein bislang unbekannter m\u00e4nnlicher T\u00e4ter nutzte einen g\u00fcnstigen Moment und entnahm aus der Tasche den Geldbeutel der Dame. In dem Geldbeutel befanden sich eine Bankkarte, sowie 50 Euro Bargeld. Hinweise, welche zur Aufkl\u00e4rung der Tat beitragen, k\u00f6nnen der Polizei Neustadt\/W. unter Tel. 06321\/854-0 oder per Mail an&nbsp;<a href=\"mailto:pineustadt@polizei.rlp.de\">pineustadt@polizei.rlp.de<\/a>&nbsp;mitgeteilt werden.<\/p>\n\n\n\n<h4 class=\"wp-block-heading\">Beachten Sie unbedingt folgende Hinweise der Polizei:<\/h4>\n\n\n\n<ul>\n<li><strong>Tragen Sie Geld, Kreditkarten, Papiere und andere Wertsachen immer eng am K\u00f6rper.<\/strong><\/li>\n\n\n\n<li><strong>Nutzen Sie verschlossene Innentaschen.<\/strong><\/li>\n\n\n\n<li><strong>Keinesfalls geh\u00f6ren Geldb\u00f6rsen, Wertsachen und Mobiltelefone in Au\u00dfentaschen.<\/strong><\/li>\n\n\n\n<li><strong>Tragen Sie Hand- und Umh\u00e4ngetaschen mit dem Verschluss zum K\u00f6rper und vor dem Bauch.<\/strong><\/li>\n\n\n\n<li><strong>Tragen Sie Rucks\u00e4cke im Gedr\u00e4nge vor dem K\u00f6rper.<\/strong><\/li>\n\n\n\n<li><strong>Halten Sie immer K\u00f6rperkontakt zu Ihrem Handgep\u00e4ck.<\/strong><\/li>\n\n\n\n<li><strong>Lassen Sie niemals Wertgegenst\u00e4nde in Jacken, die Sie an Garderoben oder \u00fcber Stuhllehnen h\u00e4ngen.<\/strong><\/li>\n\n\n\n<li><strong>Behalten Sie die Gep\u00e4ckst\u00fccke im Blick. Seien sie besonders achtsam, wenn Sie das Gep\u00e4ckst\u00fcck abstellen m\u00fcssen.<\/strong><\/li>\n<\/ul>\n\n\n\n<h2 class=\"wp-block-heading\">(Neustadt) &#8211; Zeugenaufruf nach Verkehrsunfallflucht<a href=\"https:\/\/www.facebook.com\/sharer.php?u=https%3A%2F%2Fwww.presseportal.de%2Fblaulicht%2Fpm%2F117687%2F5435692%2F%3Futm_source%3Dfacebook%26utm_medium%3Dsocial\"><\/a><a href=\"https:\/\/twitter.com\/intent\/tweet?text=POL-PDNW%3A%20Zeugenaufruf%20nach%20Verkehrsunfallflucht&amp;url=https%3A%2F%2Fwww.presseportal.de%2Fblaulicht%2Fpm%2F117687%2F5435692%2F%3Futm_source%3Dtwitter%26utm_medium%3Dsocial&amp;hashtags=ots&amp;lang=de\"><\/a><a href=\"https:\/\/web.whatsapp.com\/send?text=POL-PDNW%3A%20Zeugenaufruf%20nach%20Verkehrsunfallflucht%0A%0Ahttps%3A%2F%2Fwww.presseportal.de%2Fblaulicht%2Fpm%2F117687%2F5435692%2F%3Futm_source%3Dwhatsapp%26utm_medium%3Dsocial\"><\/a><a href=\"https:\/\/www.xing.com\/app\/user?op=share;url=https%3A%2F%2Fwww.presseportal.de%2Fblaulicht%2Fpm%2F117687%2F5435692%2F%3Futm_source%3Dxing%26utm_medium%3Dsocial\"><\/a><a href=\"http:\/\/www.linkedin.com\/shareArticle?mini=true&amp;url=https%3A%2F%2Fwww.presseportal.de%2Fblaulicht%2Fpm%2F117687%2F5435692%2F%3Futm_source%3Dlinkedin%26utm_medium%3Dsocial&amp;title=POL-PDNW%3A+Zeugenaufruf+nach+Verkehrsunfallflucht\"><\/a><a href=\"mailto:?subject=POL-PDNW%3A%20Zeugenaufruf%20nach%20Verkehrsunfallflucht&amp;body=https:\/\/www.presseportal.de\/blaulicht\/pm\/117687\/5435692\"><\/a><\/h2>\n\n\n\n<p>Am 07.02.2023 um 07:10 Uhr befand sich eine 16-J\u00e4hrige aus Neustadt\/W. fu\u00dfl\u00e4ufig auf dem Gehweg in der Karolininestra\u00dfe in 67433 Neustadt\/W.. Die Jugendliche wurde sodann von einer bislang unbekannten Fahrradfahrerin auf dem Gehweg \u00fcberholt, wobei es zum Zusammensto\u00df zwischen den beiden Personen kam. Beide Personen st\u00fcrzten daraufhin zu Boden. Die Fahrradfahrerin stieg daraufhin wieder auf ihr Rad und setzte die Fahrt, ohne ihren Pflichten als Verkehrsunfallbeteiligte nachzukommen, fort. Die Fu\u00dfg\u00e4ngerin erlitt durch den Vorfall Schmerzen und eine Prellung der linken Schulter. Zeugen, welche den Vorfall beobachtet haben und Hinweise zu der fl\u00fcchtigen Radfahrerin geben k\u00f6nnen, werden gebeten sich mit der Polizei Neustadt\/W. unter Tel. 06321\/854-0 oder per Mail an\u00a0<a href=\"mailto:pineustadt@polizei.rlp.de\">pineustadt@polizei.rlp.de<\/a>\u00a0in Verbindung zu setzen.<\/p>\n\n\n\n<h2 class=\"wp-block-heading\">(Gr\u00fcnstadt) &#8211; Verkehrsunfall mit leichtverletzter Beifahrerin und hohem Sachschaden<\/h2>\n\n\n\n<p>Am Mittwoch, dem 08.02.2023 gegen 11:55 Uhr kam es auf der B271 zu einem Verkehrsunfall aufgrund eines Vorfahrtversto\u00dfes. Der 66-j\u00e4hrige F\u00fchrer eines VW\u00b4s wollte an der Einm\u00fcndung der Anschlussstelle Obers\u00fclzen (von der L453 kommend) nach links in Richtung Asselheim abbiegen. Hier missachtete der Fahrzeugf\u00fchrer die Vorfahrt eines von links kommenden Skoda\u00b4s, welcher auf der B271 in Richtung der Autobahnauffahrt Gr\u00fcnstadt unterwegs war. Durch den Zusammensto\u00df beider Fahrzeuge wurden diese stark besch\u00e4digt (\u00fcber 20.000EUR Sachschaden), waren nicht mehr fahrbereit und mussten abgeschleppt werden. Die 64-j\u00e4hrige Beifahrerin im Skoda wurde zudem leicht verletzt. F\u00fcr die Dauer der Unfallaufnahme wurde der Verkehr durch die Polizei geregelt.<\/p>\n\n\n\n<h2 class=\"wp-block-heading\">(Gro\u00dfkarlbach) &#8211; Parkenden Pkw \u00fcbersehen<\/h2>\n\n\n\n<p>Sachschaden in H\u00f6he von insgesamt ca. 25.000 Euro entstand bei einem Verkehrsunfall am gestrigen Dienstag (07.02.2023) gegen 10:15 Uhr. Ein 83 Jahre alter Fahrer eines Pkw Peugeot befuhr die Laumersheimer Stra\u00dfe in Richtung Hauptstra\u00dfe. Dabei fuhr er, weil er ihn \u00fcbersehen hatte, gegen einen ordnungsgem\u00e4\u00df am rechten Fahrbahnrand geparkten Pkw BMW. Dieser wurde durch die Wucht des Aufpralls gegen einen davor parkenden Pkw Dacia geschoben. Der BMW und der Peugeot waren nach dem Unfall nicht mehr fahrbereit.<\/p>\n\n\n\n<h2 class=\"wp-block-heading\">(Frankenthal) &#8211; Versuchter Einbruch in Zahnarztpraxis<\/h2>\n\n\n<div class=\"wp-block-image\">\n<figure class=\"aligncenter size-full\"><img decoding=\"async\" loading=\"lazy\" width=\"801\" height=\"600\" src=\"https:\/\/speyer24news.com\/wp-content\/uploads\/2020\/05\/Zeugen-gesucht-Neutral.jpg\" alt=\"\" class=\"wp-image-26598\" srcset=\"https:\/\/speyer24news.com\/wp-content\/uploads\/2020\/05\/Zeugen-gesucht-Neutral.jpg 801w, https:\/\/speyer24news.com\/wp-content\/uploads\/2020\/05\/Zeugen-gesucht-Neutral-300x225.jpg 300w, https:\/\/speyer24news.com\/wp-content\/uploads\/2020\/05\/Zeugen-gesucht-Neutral-768x575.jpg 768w, https:\/\/speyer24news.com\/wp-content\/uploads\/2020\/05\/Zeugen-gesucht-Neutral-678x509.jpg 678w, https:\/\/speyer24news.com\/wp-content\/uploads\/2020\/05\/Zeugen-gesucht-Neutral-326x245.jpg 326w, https:\/\/speyer24news.com\/wp-content\/uploads\/2020\/05\/Zeugen-gesucht-Neutral-80x60.jpg 80w\" sizes=\"(max-width: 801px) 100vw, 801px\" \/><\/figure><\/div>\n\n\n<p>Am 08.02.2023, gegen 01.30 Uhr, wurde durch einen Zeugen ein versuchter Einbruchdiebstahl in eine Zahnarztpraxis in der Glockengasse gemeldet. Bei Eintreffen der Streife konnte eine aufgebrochene T\u00fcr zu der Praxis festgestellt werden. Laut Auskunft des hinzugerufenen Zahnarztes wurde nichts entwendet. <\/p>\n\n\n\n<h4 class=\"wp-block-heading\">Der bislang unbekannte T\u00e4ter wurde beschrieben als:<\/h4>\n\n\n\n<ul>\n<li><strong>etwa 30 bis 40 Jahre alt<\/strong><\/li>\n\n\n\n<li><strong>etwa 170 bis 175cm gro\u00df<\/strong><\/li>\n\n\n\n<li><strong>m\u00e4nnlich<\/strong><\/li>\n\n\n\n<li><strong>bekleidet mit einer hellblauen Jacke, hellen Jeans, dunkle oder schwarze Basecap und Handschuhe.<\/strong><\/li>\n<\/ul>\n\n\n\n<p>Zeugen werden gebeten sich an die Polizeiinspektion Frankenthal unter der Tel.-Nr.: 06233\/313-0 oder an die Polizeiwache Maxdorf unter der Tel.-Nr.: 06237\/934-1100 zu wenden. Gerne nehmen wir Ihre Hinweise auch per E-Mail unter\u00a0<a href=\"mailto:pifrankenthal@polizei.rlp.de\">pifrankenthal@polizei.rlp.de<\/a>\u00a0entgegen.<\/p>\n\n\n\n<h2 class=\"wp-block-heading\">(Ludwigshafen) &#8211; Polizeieinsatz in der Innenstadt<\/h2>\n\n\n<div class=\"wp-block-image\">\n<figure class=\"aligncenter size-full\"><img decoding=\"async\" loading=\"lazy\" width=\"678\" height=\"381\" src=\"https:\/\/speyer24news.com\/wp-content\/uploads\/2021\/04\/Polizei-678x381.jpg\" alt=\"\" class=\"wp-image-35265\" srcset=\"https:\/\/speyer24news.com\/wp-content\/uploads\/2021\/04\/Polizei-678x381.jpg 678w, https:\/\/speyer24news.com\/wp-content\/uploads\/2021\/04\/Polizei-678x381-300x169.jpg 300w\" sizes=\"(max-width: 678px) 100vw, 678px\" \/><\/figure><\/div>\n\n\n<p>Am Mittwochvormittag (08.02.2023) drohte ein 47-J\u00e4hriger w\u00e4hrend eines Telefonates einer Mitarbeiterin des Arbeitsamtes, dass er in den n\u00e4chsten Minuten vorbeikommen und Menschen angreifen wolle. Die Polizei Ludwigshafen suchte sofort mit starken Kr\u00e4ften im Innenstadtbereich nach dem Mann. Dabei konnte der Wohnsitzlose bislang weder am Arbeitsamt, noch an seinen bekannten Aufenthaltsorten oder sonst im Stadtgebiet angetroffen werden. Die bisher durchgef\u00fchrten Ermittlungen ergaben keine Hinweise, dass der Mann seine Drohung tats\u00e4chlich auch umsetzen wollte. Die Ermittlungen der Polizei Ludwigshafen dauern an.<\/p>\n\n\n\n<h2 class=\"wp-block-heading\">(Ludwigshafen) &#8211; Feuer auf Balkon<\/h2>\n\n\n\n<p>Aus bislang ungekl\u00e4rter Ursache geriet Mittwochfr\u00fch (08.02.2023), gegen 1.30 Uhr, ein Balkon an einem Mehrfamilienhaus Am Koschatplatz in Brand. Das Feuer besch\u00e4digte auch ein Teil der Hausfassade. Die Schadensh\u00f6he steht derzeit noch nicht fest. Personen wurden nicht verletzt. Die Polizei ermittelt nun die Brandursache. Sachdienliche Hinweise nimmt die Kriminalpolizei Ludwigshafen unter der Telefonnummer 0621\/963-2773 oder per E-Mail\u00a0<a href=\"mailto:kiludwigshafen.k1.kdd@polizei.rlp.de\">kiludwigshafen.k1.kdd@polizei.rlp.de<\/a>\u00a0entgegen.<\/p>\n\n\n\n<h2 class=\"wp-block-heading\">(Ludwigshafen) &#8211; Berauscht und ohne F\u00fchrerschein mit Cannabis an Bord<\/h2>\n\n\n\n<p>F\u00fcr einen 20-J\u00e4hrigen aus Ludwigshafen endete am Abend des 07.02.2023 die Autofahrt vorzeitig in der Rheing\u00f6nheimer Stra\u00dfe. Der Fahrer gab im Rahmen einer Kontrolle an, keinen F\u00fchrerschein zu besitzen und am Mittag Marihuana konsumiert zu haben. Nach einem positiven Urintest wurde dem Fahrer eine Blutprobe entnommen und ihm die Weiterfahrt untersagt. Bei der Durchsuchung des Autos konnten die Polizeikr\u00e4fte au\u00dferdem rund 50 Gramm Marihuana und Haschisch auffinden. Der Fahrer muss sich nun wegen der berauschten Fahrt, Fahrens ohne Fahrerlaubnis und des Versto\u00dfes gegen das Bet\u00e4ubungsmittelgesetz verantworten. Dar\u00fcber hinaus kann die F\u00fchrerscheinstelle die Geeignetheit des Fahrers \u00fcberpr\u00fcfen und eine F\u00fchrerscheinsperre anordnen. Auch der Fahrzeughalter muss sich wegen Zulassens des Fahrens ohne Fahrerlaubnis verantworten.<\/p>\n\n\n\n<h2 class=\"wp-block-heading\">(Ludwigshafen) &#8211; Fahranf\u00e4nger zu schnell unterwegs<\/h2>\n\n\n\n<p>Ein 18-j\u00e4hriger Fahranf\u00e4nger war am Dienstagabend (07.02.2023) im Br\u00fcsseler Ring wohl zu schnell unterwegs. Beim Abbiegen verlor er aufgrund zu hoher Geschwindigkeit die Kontrolle \u00fcber sein Fahrzeug und kam nach rechts von der Fahrbahn ab. Hierbei kollidierte er mit einer Stra\u00dfenlaterne. Das Auto des 18-J\u00e4hrigen musste anschlie\u00dfend abgeschleppt werden. Insgesamt entstand ein Sachschaden in H\u00f6he von circa 4000 Euro. Der 18-J\u00e4hrige blieb gl\u00fccklicherweise unverletzt.<\/p>\n\n\n\n<h2 class=\"wp-block-heading\">(Ludwigshafen) &#8211; Fahrzeuge besch\u00e4digt \/ Zeugen gesucht<\/h2>\n\n\n\n<p>Zu zwei F\u00e4llen von Sachbesch\u00e4digungen an geparkten Fahrzeugen kam es am 06. und 07.02.2023 in Ludwigshafen. In der Zeit vom 06.02., 14 Uhr bis 07.02.2023, 7 Uhr, verunstaltete ein Unbekannter einen geparkten Transporter mit brauner Spr\u00fchfarbe in der Benckiserstra\u00dfe. Am 07.02.2023, zwischen 16 Uhr und 21:45 Uhr, schlug eine ebenfalls nicht bekannte Person die Heckscheibe eines in einer Tiefgarage in der Heinigstra\u00dfe geparkten Autos ein.<\/p>\n\n\n\n<ul>\n<li><strong>Wer hat eine der Taten beobachtet oder kann Hinweise geben?<\/strong><\/li>\n<\/ul>\n\n\n\n<p>Sachdienliche Hinweise bitte an die Polizeiinspektion Ludwigshafen 1, Telefonnummer 0621 963-2122 oder per E-Mail&nbsp;<a href=\"mailto:piludwigshafen1@polizei.rlp.de\">piludwigshafen1@polizei.rlp.de<\/a>&nbsp;.<\/p>\n\n\n\n<h2 class=\"wp-block-heading\">(Ludwigshafen) &#8211; Einbruch in Firmengel\u00e4nde<\/h2>\n\n\n\n<p>In den fr\u00fchen Morgenstunden des 07.02.2023 brachen unbekannte T\u00e4ter in ein Gesch\u00e4ftsanwesen im Dannstadter Weg in Ludwigshafen ein. Dort zapften sie mehrere Liter Kraftstoff aus einem LKW-Tank ab und entwendeten zwei hochwertige Arbeitsmaschinen. Der Gesamtschaden bel\u00e4uft sich auf mindestens 5.000 Euro.<\/p>\n\n\n\n<ul>\n<li><strong>Wer hat verd\u00e4chtige Personen oder Fahrzeuge im Dannstadter Weg beobachtet?<\/strong><\/li>\n<\/ul>\n\n\n\n<p>Sachdienliche Hinweise nimmt die Kriminalpolizei Ludwigshafen unter der Telefonnummer 0621\/963-2773 oder per E-Mail\u00a0<a href=\"mailto:kiludwigshafen.k1.kdd@polizei.rlp.de\">kiludwigshafen.k1.kdd@polizei.rlp.de<\/a>\u00a0entgegen.<\/p>\n\n\n\n<h2 class=\"wp-block-heading\">(A 656 \/ Mannheim) &#8211; Reifen auf Autobahn zerstochen \/ Wer kann Hinweise geben?<\/h2>\n\n\n\n<p>Am Mittwochmorgen, zwischen 08.45 Uhr und 09.00 Uhr befanden sich Mitarbeiter der Autobahnmeisterei auf der A 656 um Arbeiten am Gr\u00fcnstreifen durchzuf\u00fchren. Hierzu wurde zur Absicherung der Arbeiten ein Stauwarnanh\u00e4nger aufgestellt. Zum oben genannten Zeitpunkt hielt ein kleiner schwarzer Pkw unmittelbar hinter diesem Anh\u00e4nger, was einer der Mitarbeiter bemerkte. Der Mitarbeiter begab sich zum Anh\u00e4nger und konnte im letzten Moment noch zwei m\u00e4nnliche Personen welche fluchtartig mit dem Pkw davonfuhren.<\/p>\n\n\n\n<p>Bei einer Nachschau stellte der Bedienstete der Autobahnmeisterei fest, dass ein Reifen des Anh\u00e4ngers durch drei Einstiche besch\u00e4digt worden waren.<\/p>\n\n\n\n<p>Das Autobahnpolizeirevier Mannheim-Seckenheim hat die Ermittlungen aufgenommen. Es werden nun Zeugen gesucht, die auf der A 656, in H\u00f6he Anschlussstelle Neckarau verd\u00e4chtige Wahrnehmungen in diesem Zusammenhang gemacht haben, und insbesondere Hinweise zu dem kleinen schwarzen Pkw geben k\u00f6nnen.<\/p>\n\n\n\n<p>Die Zeugen werden gebeten, sich unter Tel: 0621 470930 zu melden.<\/p>\n\n\n\n<h2 class=\"wp-block-heading\">(A 656 \/ Mannheim) &#8211; Auf Reisebus aufgefahren<\/h2>\n\n\n\n<p>Am Dienstagnachmittag gegen 15 Uhr fuhr ein 57-j\u00e4hriger Mann mit seinem Opel auf der A656 an der Anschlussstelle Mannheim-Neckarau auf einen Reisebus auf. Die genaue Unfallursache wird derzeit noch ermittelt. Personen wurden nicht verletzt. Der Gesamtschaden betr\u00e4gt 6.000 Euro. Der Opel war nach dem Unfall nicht mehr fahrbereit und musste abgeschleppt werden. Der Reisebus konnte nach der Unfallaufnahme seine Fahrt fortsetzen. Der rechte Fahrstreifen in Richtung Mannheim war f\u00fcr die Dauer der Unfallaufnahme und zur Fahrbahnreinigung aufgrund ausgetretener Betriebsstoffe bis kurz nach 19 Uhr gesperrt.<\/p>\n\n\n\n<h2 class=\"wp-block-heading\">(Mannheim) &#8211; Vorfahrtsmissachtung f\u00fchrt zu Verkehrsunfall<\/h2>\n\n\n\n<p>Am Dienstagmorgen kurz vor 8 Uhr bog ein 34-j\u00e4hriger VW-Fahrer von der Konrad-Witz-Stra\u00dfe in die Seckenheimer Landstra\u00dfe ein. Hierbei kam es zum Zusammensto\u00df mit einem Mercedes, welcher auf der bevorrechtigten Seckenheimer Landstra\u00dfe in Richtung Flughafen fuhr. Durch den Zusammensto\u00df wurden beide Fahrzeuge erheblich besch\u00e4digt. Der Sachschaden betr\u00e4gt 25.000 Euro. Der VW-Fahrer wurde leicht verletzt. Der 23-j\u00e4hrige Mercedes-Fahrer blieb unverletzt. Aufgrund des Unfalls kam es bis kurz nach 9 Uhr zu Verkehrsbeeintr\u00e4chtigungen.<\/p>\n\n\n\n<h2 class=\"wp-block-heading\">(Mannheim-Rheinau) &#8211; Einbruch in Schule \/ Zeugenaufruf!<\/h2>\n\n\n\n<p>Am Dienstagabend wurde gegen 23 Uhr einen Zeugen festgestellt, dass in eine Schule im Stadtteil Rheinau eingebrochen wurde. Durch die vor Ort gerufenen Polizeibeamten wurde festgestellt, dass der oder die noch unbekannten T\u00e4ter zun\u00e4chst eine Fensterscheibe eingeworfen hatten. Hiernach betraten der oder die T\u00e4ter die B\u00fcror\u00e4umlichkeiten der Lehrkr\u00e4fte und des Sekretariats und durchw\u00fchlten dort mehrere Schr\u00e4nke. Auch wurde eine Geldkassette entwendet.<\/p>\n\n\n\n<p>Insgesamt verursachten der oder die T\u00e4ter einen Sachschaden in H\u00f6he von mehreren tausend Euro. Der Diebstahlschaden konnte noch nicht beziffert werden.<\/p>\n\n\n\n<p>Das Polizeirevier Mannheim-Neckarau hat unter Einbindung der zentralen Kriminaltechnik die Ermittlungen aufgenommen und ist nun auf der Suche nach Zeugen, welche Hinweise zu dem oder den T\u00e4tern sowie zum Tathergang machen k\u00f6nnen. Sie werden gebeten, sich unter Tel.: 0621 833970 zu melden.<\/p>\n\n\n\n<h2 class=\"wp-block-heading\">(Mannheim-Vogelstang) &#8211; Taschendiebstahl und anschlie\u00dfend Geld abgehoben<\/h2>\n\n\n<div class=\"wp-block-image\">\n<figure class=\"aligncenter size-full\"><img decoding=\"async\" loading=\"lazy\" width=\"800\" height=\"490\" src=\"https:\/\/speyer24news.com\/wp-content\/uploads\/2022\/12\/SymbolfotoSpruehkreideTaschendiebstahl.jpg\" alt=\"\" class=\"wp-image-50249\" srcset=\"https:\/\/speyer24news.com\/wp-content\/uploads\/2022\/12\/SymbolfotoSpruehkreideTaschendiebstahl.jpg 800w, https:\/\/speyer24news.com\/wp-content\/uploads\/2022\/12\/SymbolfotoSpruehkreideTaschendiebstahl-300x184.jpg 300w, https:\/\/speyer24news.com\/wp-content\/uploads\/2022\/12\/SymbolfotoSpruehkreideTaschendiebstahl-768x470.jpg 768w\" sizes=\"(max-width: 800px) 100vw, 800px\" \/><\/figure><\/div>\n\n\n<p>Am Dienstag, gegen 14.45 Uhr kam es im Dessauer Weg im Stadtteil Vogelstang zu einem Taschendiebstahl einer Geldb\u00f6rse. Ein bislang unbekannter m\u00e4nnlicher T\u00e4ter schmiegte sich an eine Seniorin und verwickelte sie in ein Gespr\u00e4ch. W\u00e4hrend dessen zog er ihr unbemerkt den Geldbeutel aus der Jackentasche. Danach entfernte sich der m\u00e4nnliche T\u00e4ter. Wenig sp\u00e4ter bemerkte die Frau, dass ihr nicht nur der Geldbeutel gestohlen worden war, sondern von ihrem Konto auch noch zweitausend Euro abgehoben wurden.<\/p>\n\n\n\n<h3 class=\"wp-block-heading\">Der m\u00e4nnliche T\u00e4ter wird wie folgenderma\u00dfen beschrieben: <\/h3>\n\n\n\n<ul>\n<li><strong>Er war ca. 30 Jahre alt<\/strong><\/li>\n\n\n\n<li><strong>ca. 166 cm gro\u00df<\/strong><\/li>\n\n\n\n<li><strong>dunkler Teint<\/strong><\/li>\n\n\n\n<li><strong>hatte schwarze kurze Haare<\/strong><\/li>\n\n\n\n<li><strong>und war mit einem auffallenden Blouson in schwarz-wei\u00df kariertem Muster bekleidet.<\/strong><\/li>\n<\/ul>\n\n\n\n<p>Die Ermittlungen wurden durch die Ermittlungsgruppe unbarer Zahlungsverkehr des Polizeireviers Mannheim-Oststadt \u00fcbernommen. Zeugen, welche Hinweise zu dem T\u00e4ter geben k\u00f6nnen, werden gebeten, sich bei unter Tel.: 0621 174 3375 zu melden.<\/p>\n\n\n\n<h2 class=\"wp-block-heading\">(Mannheim-Seckenheim) &#8211; Umzug des Polizeipostens in die Hauptstra\u00dfe in Seckenheim<\/h2>\n\n\n\n<p>Der Polizeiposten Mannheim-Seckenheim zieht am Mittwoch und Donenrstag in neue R\u00e4umlichkeiten um. Aufgrund des Umzuges ist der Polizeiposten erst am Freitag wieder erreichbar. Der neue Standort ist ab Freitag dann in Seckenheim, in der Hauptstra\u00dfe 123. Die Telefonnummer bleibt bestehen, sollten Sie Anliegen haben, k\u00f6nnen Sie den Posten ab Freitag unter der bekannten Telefonnummer: 0621 48971 erreichen. Bis dahin steht Ihnen das Polizeirevier Ladenburg unter 06203 93050 oder jedes andere Polizeirevier zur Verf\u00fcgung. In Notf\u00e4llen w\u00e4hlen sie die 110.<\/p>\n\n\n\n<h2 class=\"wp-block-heading\">(Hockenheim \/ Rhein-Neckar-Kreis) &#8211; WhatsApp Betrug \/ Gl\u00fcck im Ungl\u00fcck<\/h2>\n\n\n\n<p>Am Sonntag meldete sich eine bislang unbekannte T\u00e4terschaft via SMS bei einer 64-j\u00e4hrigen Frau und gab sich als ihr Sohn aus. Sie teilte ihr mit, dass das Mobiltelefon kaputt sei und Geld f\u00fcr ein neues Ger\u00e4t ben\u00f6tigen werde. Im Glauben ihrem Sohn zu helfen, \u00fcberwies die Frau dem Betr\u00fcger \u00fcber 1700 Euro.<\/p>\n\n\n\n<p>Die Bank der Frau teilte ihr zwei Tage sp\u00e4ter mit, dass sie einem Betrug zum Opfer gefallen ist. Die ahnungslose Frau hatte Gl\u00fcck im Ungl\u00fcck, denn der gesamte Betrag wurde von der Bank erstattet.<\/p>\n\n\n\n<p>Die Kriminalpolizei hat die weiteren Ermittlungen aufgenommen und bittet wiederholt um Vorsicht bei WhatsApp-Nachrichten oder SMS von angeblichen Familienangeh\u00f6rigen, die auf diese Art und Weise um Geld bitten.<\/p>\n\n\n\n<p>Weitere Informationen zu den verschiedenen Betrugsph\u00e4nomenen sowie Verhaltenstipps finden Sie unter dem nachfolgenden Link der polizeilichen Kriminalpr\u00e4vention:\u00a0<a href=\"https:\/\/www.polizei-beratung.de\/themen-und-tipps\/betrug\/\" target=\"_blank\" rel=\"noreferrer noopener\">https:\/\/www.polizei-beratung.de\/themen-und-tipps\/betrug\/<\/a><\/p>\n\n\n\n<h2 class=\"wp-block-heading\">(A 6 \/ Dielheim \/ Rhein-Neckar-Kreis) &#8211; Auffahrunfall auf der Autobahn<\/h2>\n\n\n\n<p>Am Dienstagmorgen gegen 9 Uhr fuhr ein 65-j\u00e4hriger Mann mit seinem BMW auf einen LKW auf, welcher auf der A6 aufgrund eines Staus sein Fahrzeug anhalten musste. Beide Fahrzeuge waren auf der Autobahn in Richtung Mannheim unterwegs, als es zwischen den Anschlussstellen Sinsheim und Wiesloch\/Rauenberg zum Unfall kam. Der 32-j\u00e4hrige LKW-Fahrer blieb unverletzt. Die Beifahrerin im BMW erlitt schwere Verletzungen und wurde in ein Krankenhaus gebracht. Der Sachschaden liegt bei 20.000 Euro.<\/p>\n\n\n\n<h2 class=\"wp-block-heading\">(A 6 \/ Sinsheim \/ Rhein-Neckar-Kreis) &#8211; Gemeinsame Kontrollaktion mehrerer Beh\u00f6rden<\/h2>\n\n\n<div class=\"wp-block-image\">\n<figure class=\"aligncenter size-full\"><img decoding=\"async\" loading=\"lazy\" width=\"800\" height=\"447\" src=\"https:\/\/speyer24news.com\/wp-content\/uploads\/2022\/09\/Kontrolle-2.jpg\" alt=\"\" class=\"wp-image-49124\" srcset=\"https:\/\/speyer24news.com\/wp-content\/uploads\/2022\/09\/Kontrolle-2.jpg 800w, https:\/\/speyer24news.com\/wp-content\/uploads\/2022\/09\/Kontrolle-2-300x168.jpg 300w, https:\/\/speyer24news.com\/wp-content\/uploads\/2022\/09\/Kontrolle-2-768x429.jpg 768w\" sizes=\"(max-width: 800px) 100vw, 800px\" \/><\/figure><\/div>\n\n\n<p>Am Dienstag, zwischen 08:00 und 14:00 Uhr f\u00fchrten Beamtinnen und Beamte des Polizeipr\u00e4sidium Mannheim in Zusammenarbeit mit Beamtinnen und Beamten des Zoll, des Bundesamtes f\u00fcr Logistik und Mobilit\u00e4t sowie weiterer Polizeidienststellen Kontrollen im gewerblichen G\u00fcterverkehr durch. Die Kontrollen wurden auf dem Rastplatz Kraichgau S\u00fcd der BAB 6 durchgef\u00fchrt.<\/p>\n\n\n\n<p>Der Schwerpunkt der Kontrollen lag auf der Einhaltung der Lenk- und Ruhezeiten.<\/p>\n\n\n\n<p>Insgesamt nahmen 44 Beamtinnen und Beamte der oben genannten Beh\u00f6rden an der Kontrollaktion teil.<\/p>\n\n\n\n<p>W\u00e4hrend der Kontrollen konnte eine beachtliche Zahl an Verst\u00f6\u00dfen festgestellt werden. Bei 38 Kontrollen konnten 28 Verst\u00f6\u00dfe festgestellt und geahndet werden.<\/p>\n\n\n\n<h4 class=\"wp-block-heading\">Es wurden folgende Verst\u00f6\u00dfe festgestellt:<\/h4>\n\n\n\n<ul>\n<li><strong>9 Verst\u00f6\u00dfe gegen die Lenk- und Ruhezeit<\/strong><\/li>\n\n\n\n<li><strong>5 Geschwindigkeitsverst\u00f6\u00dfe<\/strong><\/li>\n\n\n\n<li><strong>2 zollrechtliche Beanstandungen<\/strong><\/li>\n<\/ul>\n\n\n\n<p>Die betroffenen Fahrzeugf\u00fchrer erwartet nun ein Ordnungswidrigkeitenverfahren. Bei einem Fahrzeugf\u00fchrer wurde bereits eine Sicherheitsleistung in dreistelliger H\u00f6he erhoben.<\/p>\n\n\n\n<h2 class=\"wp-block-heading\">(Sinsheim \/ Rhein-Neckar-Kreis) &#8211; \u00dcberpr\u00fcfung zur Einhaltung des Jugendschutzgesetzes<\/h2>\n\n\n\n<p>Im Rahmen der Konzeption &#8222;Sicher in Sinsheim&#8220; f\u00fchrte das Ordnungsamt der Gro\u00dfen Kreisstadt Sinsheim, mit Unterst\u00fctzung der Jugendsachbearbeiter des Polizeireviers Sinsheim, am 02. Februar 2023 im Zeitraum zwischen 15:00 Uhr und 17:00 Uhr zum wiederholten Male Testk\u00e4ufe mit jugendlichen Testpersonen durch. Wie bereits in der Vergangenheit war das Ziel der Testk\u00e4ufe die \u00dcberpr\u00fcfung der Einhaltung von Vorschriften des Jugendschutzgesetzes. Hierzu wurde durch die jugendlichen Testk\u00e4ufer versucht, Tabakwaren zu erwerben. \u00dcberpr\u00fcft wurden mehrere Gewerbebetriebe, darunter Lebensmitteleinzelhandel und Kioskbetriebe. Bedauerlicherweise kam es hierbei zu mehreren Beanstandungen in Betrieben, welche die Vorgaben des Jugendschutzgesetzes nicht einhielten. Die Stadt Sinsheim m\u00f6chte an dieser Stelle ausdr\u00fccklich darauf hinweisen, dass Verst\u00f6\u00dfe gegen jugendschutzrechtliche Bestimmungen mit nicht unerheblichen Bu\u00dfgeldern geahndet werden. Auch zuk\u00fcnftig werden die Kontrollma\u00dfnahmen intensiv in gemeinsamer und bew\u00e4hrter Zusammenarbeit von der Stadt Sinsheim und dem Polizeirevier Sinsheim fortgesetzt.<\/p>\n","protected":false},"excerpt":{"rendered":"<div class=\"mh-excerpt\"><p>Polizeimeldungen vom Mittwoch (08.02.2023) (Speyer) &#8211; Wiederholtes Fahren ohne Fahrerlaubnis Am Mittwoch, 07.02.2023, gegen 12:20 Uhr meldete eine Zeugin in der Landauer Stra\u00dfe ein r\u00fcckw\u00e4rts rollendes Fahrzeug. Die informierte Funkstreife der Polizei Speyer stellte bei <a class=\"mh-excerpt-more\" href=\"https:\/\/speyer24news.com\/?p=50915\" title=\"Polizeimeldungen Mittwoch (08.02.2023)\">[&#8230;]<\/a><\/p>\n<\/div>","protected":false},"author":3,"featured_media":26162,"comment_status":"open","ping_status":"open","sticky":false,"template":"","format":"standard","meta":{"_monsterinsights_skip_tracking":false,"_monsterinsights_sitenote_active":false,"_monsterinsights_sitenote_note":"","_monsterinsights_sitenote_category":0,"footnotes":""},"categories":[15659],"tags":[7243,7244,3614,350,14537,15084,15267,14538,15361,702,61,2555,6955,6986,6263,63,105,11150,6987,53,4854,13534,4683,1548,4905,11592,102,13626,213,14325,14324,13553,13541,55,8277,6368,5261,103,106,2803,2423,427,2625,380,62,104,979,1565],"aioseo_notices":[],"amp_enabled":true,"_links":{"self":[{"href":"https:\/\/speyer24news.com\/index.php?rest_route=\/wp\/v2\/posts\/50915"}],"collection":[{"href":"https:\/\/speyer24news.com\/index.php?rest_route=\/wp\/v2\/posts"}],"about":[{"href":"https:\/\/speyer24news.com\/index.php?rest_route=\/wp\/v2\/types\/post"}],"author":[{"embeddable":true,"href":"https:\/\/speyer24news.com\/index.php?rest_route=\/wp\/v2\/users\/3"}],"replies":[{"embeddable":true,"href":"https:\/\/speyer24news.com\/index.php?rest_route=%2Fwp%2Fv2%2Fcomments&post=50915"}],"version-history":[{"count":1,"href":"https:\/\/speyer24news.com\/index.php?rest_route=\/wp\/v2\/posts\/50915\/revisions"}],"predecessor-version":[{"id":50920,"href":"https:\/\/speyer24news.com\/index.php?rest_route=\/wp\/v2\/posts\/50915\/revisions\/50920"}],"wp:featuredmedia":[{"embeddable":true,"href":"https:\/\/speyer24news.com\/index.php?rest_route=\/wp\/v2\/media\/26162"}],"wp:attachment":[{"href":"https:\/\/speyer24news.com\/index.php?rest_route=%2Fwp%2Fv2%2Fmedia&parent=50915"}],"wp:term":[{"taxonomy":"category","embeddable":true,"href":"https:\/\/speyer24news.com\/index.php?rest_route=%2Fwp%2Fv2%2Fcategories&post=50915"},{"taxonomy":"post_tag","embeddable":true,"href":"https:\/\/speyer24news.com\/index.php?rest_route=%2Fwp%2Fv2%2Ftags&post=50915"}],"curies":[{"name":"wp","href":"https:\/\/api.w.org\/{rel}","templated":true}]}}