{"id":51005,"date":"2023-02-15T08:06:57","date_gmt":"2023-02-15T07:06:57","guid":{"rendered":"https:\/\/speyer24news.com\/?p=51005"},"modified":"2023-02-24T11:03:17","modified_gmt":"2023-02-24T10:03:17","slug":"polizeimeldungen-dienstag-14-02-2023","status":"publish","type":"post","link":"https:\/\/speyer24news.com\/?p=51005","title":{"rendered":"Polizeimeldungen Dienstag (14.02.2023)"},"content":{"rendered":"<style type=\"text\/css\">\r\n\t.ads_top_disp{}\r\n\t.ads_top_corner_disp{ float:left; margin:0px 10px 10px 0px; }\r\n\t.ads_first_p_disp{}\r\n\t.ads_bottom_disp{}\r\n\t<\/style>\n<h2 class=\"wp-block-heading\">Polizeimeldungen vom Dienstag (14.02.2023)<\/h2>\n\n\n<div class=\"wp-block-image\">\n<figure class=\"aligncenter size-full\"><img decoding=\"async\" loading=\"lazy\" width=\"375\" height=\"500\" src=\"https:\/\/speyer24news.com\/wp-content\/uploads\/2022\/03\/Aktuelles-Polizeilogo.jpg\" alt=\"\" class=\"wp-image-43591\" srcset=\"https:\/\/speyer24news.com\/wp-content\/uploads\/2022\/03\/Aktuelles-Polizeilogo.jpg 375w, https:\/\/speyer24news.com\/wp-content\/uploads\/2022\/03\/Aktuelles-Polizeilogo-225x300.jpg 225w\" sizes=\"(max-width: 375px) 100vw, 375px\" \/><\/figure><\/div>\n\n\n<h2 class=\"wp-block-heading\">(Speyer) &#8211; \u00d6ffentlichkeitsfahndung nach 87-J\u00e4hrigem<\/h2>\n\n\n\n<p>Seit Samstag den 11.02.2023 um 16:00 Uhr wird der 87-j\u00e4hrige Herr N. aus Speyer vermisst. Herr N. ist k\u00f6rperlich fit, aufgrund seines Alters und einer beginnenden Demenz ist eine hilflose Lage jedoch nicht auszuschlie\u00dfen. Er k\u00f6nnte mit einem E-Bike unterwegs sein. Trotz intensiver Suchma\u00dfnahmen konnte der Vermisste bislang nicht aufgefunden werden. Daher bittet die Polizei die Bev\u00f6lkerung um Mithilfe.<\/p>\n\n\n\n<h4 class=\"wp-block-heading\">Herr N. kann wie folgt beschrieben werden: <\/h4>\n\n\n\n<ul>\n<li><strong>1,75 m gro\u00df<\/strong><\/li>\n\n\n\n<li><strong>75 kg schwer<\/strong><\/li>\n\n\n\n<li><strong>kurze graue Haare<\/strong><\/li>\n\n\n\n<li><strong>Brille<\/strong><\/li>\n\n\n\n<li><strong>vermutlich mit gr\u00fcner Jacke und brauner Hose bekleidet<\/strong><\/li>\n\n\n\n<li><strong>f\u00e4hrt h\u00e4ufig Fahrrad mit Helm und M\u00fctze darunter<\/strong><\/li>\n<\/ul>\n\n\n\n<ul>\n<li><strong>Weitere Informationen und das Lichtbild des Vermissten finden Sie hier:&nbsp;<a href=\"https:\/\/s.rlp.de\/DlnY0\" target=\"_blank\" rel=\"noreferrer noopener\">https:\/\/s.rlp.de\/DlnY0<\/a><\/strong><\/li>\n<\/ul>\n\n\n\n<p>Zeugen, die Hinweise auf den Aufenthalt von Herrn N. geben k\u00f6nnen, werden gebeten, sich unter der Telefonnummer 0621\/963-2773 oder per E-Mail&nbsp;<a target=\"_blank\" rel=\"noreferrer noopener\" href=\"mailto:kiludwigshafen.k1.kdd@polizei.rlp.de\">kiludwigshafen.k1.kdd@polizei.rlp.de<\/a>&nbsp;an die Kriminalpolizei Ludwigshafen zu wenden.<\/p>\n\n\n\n<h2 class=\"wp-block-heading\">(Speyer) &#8211; Versuchte K\u00f6rperverletzung und Bedrohung<\/h2>\n\n\n\n<p>Am 13.02.2023 gegen 19:30 Uhr kam es in Speyer West zu einer verbalen Auseinandersetzung zwischen drei M\u00e4nnern. Zun\u00e4chst stritten die Herren nur lautstark. Dabei befand sich ein 19- und ein 42-J\u00e4hriger auf einem Balkon im 1.OG eines Mehrfamilienhauses. Ein 36-J\u00e4hriger stand auf der Stra\u00dfe und forderte den 19-J\u00e4hrigen auf, nach unten zu kommen und drohte ihm Schl\u00e4ge an. Im Rahmen der Streitigkeiten warf der 19-J\u00e4hrige s\u00e4mtliche auf dem Balkon befindliche Gegenst\u00e4nde auf die Stra\u00dfe in Richtung des 36-j\u00e4hrigen Mannes. Dabei flogen unter anderem, ein Balkonstuhl, ein Aschenbecker, ein Blumentopf und Gew\u00fcrzglas. Der auf der Stra\u00dfe stehende Kontrahent wurde nicht getroffen und blieb unverletzt.<\/p>\n\n\n\n<h2 class=\"wp-block-heading\">(Dudenhofen) &#8211; Auff\u00e4lliger Ladendieb geschnappt<\/h2>\n\n\n\n<p>Am 13.02.2023 gegen 20:05 Uhr entnahm ein 16-J\u00e4hriger zwei Flaschen Wein im Wert von sechs Euro aus der Auslage eines Supermarktes in der Dudenhofer Stra\u00dfe und steckte beide in seine Hose. Beim Passieren der Kasse fiel der Kassiererin die auff\u00e4llig ausgebeulte Hose auf, worauf sie den 16-J\u00e4hrigen ansprach. Er r\u00e4umte den Diebstahl ein. Bei einer Durchsuchung stellten die Beamten kein weiteres Diebesgut fest. Der junge Mann wurde seiner Mutter \u00fcberstellt.<\/p>\n\n\n\n<h2 class=\"wp-block-heading\">(Lingenfeld \/ Germersheim) &#8211; Dieseldiebst\u00e4hle<\/h2>\n\n\n<div class=\"wp-block-image\">\n<figure class=\"aligncenter size-full\"><img decoding=\"async\" loading=\"lazy\" width=\"800\" height=\"578\" src=\"https:\/\/speyer24news.com\/wp-content\/uploads\/2022\/03\/diesel-g59e827b3c_1920.jpg\" alt=\"\" class=\"wp-image-43466\" srcset=\"https:\/\/speyer24news.com\/wp-content\/uploads\/2022\/03\/diesel-g59e827b3c_1920.jpg 800w, https:\/\/speyer24news.com\/wp-content\/uploads\/2022\/03\/diesel-g59e827b3c_1920-300x217.jpg 300w, https:\/\/speyer24news.com\/wp-content\/uploads\/2022\/03\/diesel-g59e827b3c_1920-768x555.jpg 768w\" sizes=\"(max-width: 800px) 100vw, 800px\" \/><\/figure><\/div>\n\n\n<p>In der Nacht von Montag auf Dienstag kam es zu einem Dieseldiebstahl Im alten Zoll in Lingenfeld und in der Waldstra\u00dfe in Germersheim. Unbekannte entwendeten dabei mehrere hundert Liter Diesel aus einem abgestellten LKW. Zeugenhinweise nimmt die Polizei Germersheim unter der Telefonnummer 07274\/9580 oder&nbsp;<a href=\"mailto:pigermersheim@polizei.rlp.de\">pigermersheim@polizei.rlp.de<\/a>&nbsp;entgegen.<\/p>\n\n\n\n<h2 class=\"wp-block-heading\">(Germersheim) &#8211; Betrunkener Fahrradfahrer<\/h2>\n\n\n\n<p>Ein 42-j\u00e4hringer, fiel am fr\u00fchen Montagabend einer Streife auf, als er mit seinem Fahrrad Schlangenlinien fuhr. Ein Atemalkohltest ergab einen Wert von 2,25 Promille. Im Anschluss an die polizeilichen Ma\u00dfnahmen musste der Mann den Weg zu Fu\u00df fortsetzen.<\/p>\n\n\n\n<h2 class=\"wp-block-heading\">(Edenkoben) &#8211; Verkehrskontrollen<\/h2>\n\n\n\n<p>Die Ablenkung durch das Handy am Steuer ist in Deutschland ein gro\u00dfes Problem und eine untersch\u00e4tzte Gefahr. Schon bei Tempo 50 legt man innerhalb von zwei Sekunden mehr als die L\u00e4nge eines Tennisplatzes zur\u00fcck &#8211; wer in dieser Zeit aufs Handy schaut, ist 30 Meter blind unterwegs. Wer bei 100 km\/h f\u00fcnf Sekunden aufs Smartphone schaut, durchf\u00e4hrt blind mehr als die L\u00e4nge eines Fu\u00dfballfeldes. So wurden auch am Dienstagmorgen in der Zeit zwischen 10 Uhr und 12 Uhr erneut vier Autofahrer erwischt, die w\u00e4hrend der Fahrt telefonierten. Sie erwarten einen Bu\u00dfgeldbescheid von 100 Euro sowie einen Punkt in der Flensburger Verkehrss\u00fcnderkartei. Vier Autofahrer waren nicht gegurtet und mussten 30 Euro bezahlen. Bei weiteren 13 Fahrzeugen war die Beleuchtung defekt bzw. der Termin zur Hauptuntersuchung abgelaufen. Die Fahrer erhielten eine Kontrollaufforderung zur Beseitigung der M\u00e4ngel.<\/p>\n\n\n\n<h2 class=\"wp-block-heading\">(Edenkoben) &#8211; Ein Joint am Abend<\/h2>\n\n\n\n<p>Stutzig wurden die Beamten bei einer Verkehrskontrolle eines 26 Jahre alten Autofahrers am Dienstagmorgen (14.02.2023) um 11 Uhr in den Seewiesen. Stark zitternde H\u00e4nde und ein heftiges Lidflattern waren Anzeichen, weshalb der Fahrer zur einem Schnelltest gebeten wurde. Dabei wurde festgestellt, dass er vor kurzem Cannabis konsumiert haben musste. Auf Vorhalt gab er an, dass er am Abend einen Joint geraucht hatte. Eine Blutprobe wurde angeordnet. Ein Strafverfahren wurde eingeleitet. Weil er keine g\u00fcltige Fahrerlaubnis vorzeigen konnte, muss er sich zudem wegen Fahren ohne Fahrerlaubnis verantworten.<\/p>\n\n\n\n<h2 class=\"wp-block-heading\">(Neustadt) &#8211; Wiederholt negativ aufgefallen&#8230;<\/h2>\n\n\n\n<p>&#8230; ist ein 22-J\u00e4hriger aus dem Landkreis Enzkreis am 14.02.2023 um 01:00 Uhr, als er mit seinem Mercedes-Benz einer anlassunabh\u00e4ngigen Verkehrskontrolle in der Landauer Stra\u00dfe in 67434 Neustadt\/W. unterzogen wurde. Im Rahmen der Kontrolle konnte n\u00e4mlich festgestellt werden, dass der junge Mann von seinem nicht-europ\u00e4ischen F\u00fchrerschein in der Bundesrepublik Deutschland keinen Gebrauch machen darf. Aufgrund desselben Sachverhaltes lag gegen diesen zudem ein Haftbefehl vor. Die offene Geldstrafe konnte der Mercedes-Fahrer letztendlich begleichen. Diesen erwartet nun erneut ein Strafverfahren wegen Fahrens ohne Fahrerlaubnis. Des Weiteren wird die zust\u00e4ndige F\u00fchrerscheinstelle \u00fcber den Sachverhalt in Kenntnis gesetzt.<\/p>\n\n\n\n<p>Die Polizei m\u00f6chte in diesem Zusammenhang nochmals eindringlich darauf hinweisen, dass Inhaber von nicht-europ\u00e4ischen F\u00fchrerscheinen nach Begr\u00fcndung eines festen Wohnsitzes in der Bundesrepublik Deutschland lediglich ein Jahr von diesem F\u00fchrerschein Gebrauch machen k\u00f6nnen. Hiernach muss zwingend eine Umschreibung des F\u00fchrerscheines erfolgen.<\/p>\n\n\n\n<h2 class=\"wp-block-heading\">(Neustadt) &#8211; Einbruchsdiebstahl in Wohnunterkunft<\/h2>\n\n\n\n<p>Im Zeitraum vom 12.02.2023, 20:00 Uhr bis zum 13.02.2023, 07:00 Uhr wurde durch unbekannte T\u00e4terschaft ein Fenster einer Wohnung einer Wohnunterkunft in der Europasta\u00dfe in 67433 Neustadt\/W. eingeschlagen. Hiernach wurde aus der Wohnung ein Bargeldbetrag in H\u00f6he von 2300 Euro entwendet. Durch den Vorfall entstand ein Gesamtschaden in H\u00f6he von circa 2500 Euro.<\/p>\n\n\n\n<p>Personen, welche Hinweise zur Aufkl\u00e4rung der Tat geben k\u00f6nnen, werden gebeten sich mit der Polizei Neustadt\/W. unter Tel. 06321\/854-0 oder per Mail an&nbsp;<a href=\"mailto:pineustadt@polizei.rlp.de\">pineustadt@polizei.rlp.de<\/a>&nbsp;in Verbindung zu setzen.<\/p>\n\n\n\n<h2 class=\"wp-block-heading\">(Neustadt) &#8211; Betr\u00fcger unterwegs<\/h2>\n\n\n\n<p>Bereits am 08.02.2023 gegen 10:30 Uhr wurde in der Wiesenstra\u00dfe ein 60-J\u00e4hriger aus Neustadt\/W. in der Wiesenstra\u00dfe in 67433 Neustadt\/W. von einem Unbekannten angesprochen. Der Unbekannte gab dem Neustadter zu verstehen, dass er seine Ausweispapiere im Zug verloren habe und deshalb f\u00fcr die unerlaubte Mitfahrt mit der Bahn eine Strafe in H\u00f6he von 60 Euro bezahlen m\u00fcsse. Den Betrag w\u00fcrde der Unbekannte auch noch am gleichen Tag wieder bei dem Neustadter begleichen. Der gutgl\u00e4ubige 60-J\u00e4hrige \u00fcbergab letztlich dem Mann den Betrag. Auf den R\u00fcckerhalt des Betrages wartet dieser jedoch bis zum heutigen Tag noch vergeblich.<\/p>\n\n\n\n<p>Die Polizei weist in diesem Zusammenhang die B\u00fcrger darauf hin, dass bei solchen F\u00e4llen der Inhalt und der Wahrheitsgehalt der \u00fcbermittelnde Nachricht unbedingt \u00fcberpr\u00fcft und hinterfragt werden sollte. Bei verd\u00e4chtigen Sachverhalten bitte immer sofort die Polizei kontaktieren!<\/p>\n\n\n\n<h2 class=\"wp-block-heading\">(Neustadt) &#8211; Zeugenaufruf zu schwerem Raub<\/h2>\n\n\n<div class=\"wp-block-image\">\n<figure class=\"aligncenter size-full\"><img decoding=\"async\" loading=\"lazy\" width=\"801\" height=\"600\" src=\"https:\/\/speyer24news.com\/wp-content\/uploads\/2020\/05\/Zeugen-gesucht-Neutral.jpg\" alt=\"\" class=\"wp-image-26598\" srcset=\"https:\/\/speyer24news.com\/wp-content\/uploads\/2020\/05\/Zeugen-gesucht-Neutral.jpg 801w, https:\/\/speyer24news.com\/wp-content\/uploads\/2020\/05\/Zeugen-gesucht-Neutral-300x225.jpg 300w, https:\/\/speyer24news.com\/wp-content\/uploads\/2020\/05\/Zeugen-gesucht-Neutral-768x575.jpg 768w, https:\/\/speyer24news.com\/wp-content\/uploads\/2020\/05\/Zeugen-gesucht-Neutral-678x509.jpg 678w, https:\/\/speyer24news.com\/wp-content\/uploads\/2020\/05\/Zeugen-gesucht-Neutral-326x245.jpg 326w, https:\/\/speyer24news.com\/wp-content\/uploads\/2020\/05\/Zeugen-gesucht-Neutral-80x60.jpg 80w\" sizes=\"(max-width: 801px) 100vw, 801px\" \/><\/figure><\/div>\n\n\n<p>Am 02.02.2023 gegen 22:30 Uhr kam es in Neustadt im Bereich des Alten Viehberg zu einem Raub zum Nachteil eines 22-j\u00e4hrigen Neustadters, wobei dieser schwer verletzt wurde. Die Kriminalpolizei Neustadt bittet nun um Ihre Mithilfe. Die bisherigen Ermittlungen haben ergeben, dass im Zeitraum von 22:15 Uhr bis 22:30 Uhr mehrere Personen fu\u00dfl\u00e4ufig den Alten Viehberg begingen. In diesem Zusammenhang sucht die Polizei auch einen\/eine Rollerfahrer\/ in, welche den Bereich aufsteigend befuhr.<\/p>\n\n\n\n<ul>\n<li><strong>Personen, die sich in zeitlicher N\u00e4he zur Tat im Bereich der Tat\u00f6rtlichkeit aufgehalten oder diese passiert haben, werden gebeten sich mit der Polizei in Neustadt\/Wstr. (06321 854 0) in Verbindung zu setzen.<\/strong><\/li>\n<\/ul>\n\n\n\n<h2 class=\"wp-block-heading\">(Bad D\u00fcrkheim) &#8211; Berauschter Fahrer verursacht Verkehrsunfall mit verletzten Personen<\/h2>\n\n\n\n<p>Am 13.02.2023 gegen 16:00 Uhr wurden 2 Personen bei einem Verkehrsunfall in der Mannheimer Stra\u00dfe in Bad D\u00fcrkheim verletzt. Ein 49-J\u00e4hriger befuhr mit seinem Ford Fokus die Mannheimer Stra\u00dfe in Fahrtrichtung A650. Eine 63-J\u00e4hrige Fahrerin eines Dacia Duster befuhr die Mannheimer Stra\u00dfe in Richtung Stadtmitte. Aus bislang nicht bekannten Gr\u00fcnden fuhr der 49-J\u00e4hrige auf die linke, entgegenkommende Fahrspur und kollidierte dort frontal mit dem Dacia. Dieser wurde durch den Aufprall nach hinten geschleudert. Beide Fahrzeugf\u00fchrer wurden leicht verletzt und durch das DRK ins Krankenhaus verbracht. Beide Fahrzeuge waren nicht mehr fahrbereit und mussten abgeschleppt werden. An beiden Fahrzeugen entstand ein Gesamtschaden von 12000 Euro. Bei dem 49-J\u00e4hrigen, der anschlie\u00dfend noch in einem Krankenhaus in Ludwigshafen randalierte, konnten drogentypische Ausfallerscheinungen festgestellt werden. Einen freiwilligen Drogenvortest lehnte er ab. Ein Atemalkoholtest ergab, dass er keinen Alkohol zu sich genommen hatte. Gegen ihn wird nun wegen Versto\u00df gegen das Bet\u00e4ubungsmittelgesetz und gef\u00e4hrlichen Eingriff in den Stra\u00dfenverkehr ermittelt.<\/p>\n\n\n\n<h2 class=\"wp-block-heading\">(Bad D\u00fcrkheim) &#8211; Enkeltrick-Betr\u00fcger scheitert<\/h2>\n\n\n\n<p>Am 13.02.2023 wurden gegen 11:00 Uhr eine \u00e4ltere Dame aus Bad D\u00fcrkheim durch sogenannte &#8222;Enkeltrick-Betr\u00fcger&#8220; angerufen. Der bislang unbekannte m\u00e4nnliche Betr\u00fcger gab sich am Telefon als angeblicher Polizeibeamter aus und erl\u00e4uterte der Dame, dass ihre Tochter einen t\u00f6dlichen Verkehrsunfall verursacht h\u00e4tte. Die Dame sollte nun zur Verhinderung einer Inhaftierung eine Kaution von 60 000 Euro f\u00fcr ihre Tochter bezahlen. Diese reagierten vorbildlich, stellte einige R\u00fcckfragen, beendete das Gespr\u00e4ch und verst\u00e4ndigte ihre &#8222;echte&#8220; Tochter und die Polizei in Bad D\u00fcrkheim. Daher kam es gl\u00fccklicherweise zu keinem wirtschaftlichen Schaden. Wurden sie auch Opfer eines solchen Betrugsversuches dann wenden sie sich bitte an die Polizei Bad D\u00fcrkheim unter 06322 963 0 oder per E-Mail an&nbsp;<a href=\"mailto:pibadduerkheim@polizei.rlp.de\">pibadduerkheim@polizei.rlp.de<\/a>.<\/p>\n\n\n\n<h2 class=\"wp-block-heading\">(Bad D\u00fcrkheim) &#8211; Glasscheibe besch\u00e4digt<\/h2>\n\n\n\n<p>Im Zeitraum von 10.02.2023 bis 12.02.2023 wurde in der Carl Korbmann Stra\u00dfe in Bad D\u00fcrkheim, die Glasscheibe einer Kellereingangst\u00fcr durch bislang unbekannte T\u00e4ter besch\u00e4digt. Ob es sich dabei um eine mutwillige Sachbesch\u00e4digung oder um einen misslungenen Einbruchsversuch handelte, ist Gegenstand der aktuellen Ermittlungen. Es entstand ein Sachschaden von 200 Euro. Die Polizei Bad D\u00fcrkheim bittet um Hinweise unter 06322 963 0 oder per E-Mail an&nbsp;<a href=\"mailto:pibadduerkheim@polizei.rlp.de\">pibadduerkheim@polizei.rlp.de<\/a><\/p>\n\n\n\n<h2 class=\"wp-block-heading\">(Freinsheim) &#8211; Erneut Absperrung zur Seite geschoben<\/h2>\n\n\n\n<p>Am 13.02.2023 gegen 09:30 Uhr konnte durch eine Streifenbesatzung festgestellt werden, dass bislang unbekannte Verkehrsteilnehmer erneut die Absperrung in der Bahnhofstra\u00dfe an der dortigen Bahnunterf\u00fchrung zur Seite geschoben hatten. Die Polizei weist darauf hin, dass die Entfernung einer verkehrsrechtlich angeordneten Absperrung den Straftatbestand des gef\u00e4hrlichen Eingriffs in den Stra\u00dfenverkehr verwirklichen und je nach Einzelfall ein Geld- bzw. Haftstrafe als Folge haben kann.<\/p>\n\n\n\n<h2 class=\"wp-block-heading\">(A 6 \/ Kirchheim) &#8211; Drogenfund bei Personenkontrolle<\/h2>\n\n\n\n<p>Drei Personen stellten Beamte der Polizeiautobahnstation Ruchheim am 13.02.2023, um 23.20 Uhr, auf dem Park &amp; Ride Parkplatz an der A6 Gemarkung Kirchheim, fest. Beim Ann\u00e4hern an die Personengruppe nahmen die Beamten Marihuana Geruch wahr. Bei der anschlie\u00dfenden Durchsuchung der Personen fanden sie bei einem 23-J\u00e4hrigen aus Eisenberg mehrere in einer Zigarettenschachtel verpackte Cannabisbl\u00fcten auf. Die Drogen wurden sichergestellt und gegen den 23-J\u00e4hrigen ein Strafverfahren wegen Besitz von Bet\u00e4ubungsmitteln eingeleitet.<\/p>\n\n\n\n<h2 class=\"wp-block-heading\">(Gr\u00fcnstadt) &#8211; Einbruch<\/h2>\n\n\n\n<p>Im Zeitraum 11.02.2023, 15 Uhr, bis 12.02.2023, 18:00 Uhr, stieg\/en unbekannte\/r T\u00e4ter in ein Haus in der Beethovenstra\u00dfe ein. Ins Innere gelangte\/n der\/die Unbekannte\/n durch ein Fenster, welches aufgehebelt wurde. Diebesgut ist in diesem Fall nicht zu verzeichnen. Das Haus ist zur Zeit nicht bewohnt. Hinweise nimmt die Polizeiinspektion Gr\u00fcnstadt (06359\/9312-0) entgegen.<\/p>\n\n\n\n<h2 class=\"wp-block-heading\">(Obrigheim) &#8211; Nicht angepasste Geschwindigkeit<\/h2>\n\n\n<div class=\"wp-block-image\">\n<figure class=\"aligncenter size-full\"><img decoding=\"async\" loading=\"lazy\" width=\"800\" height=\"600\" src=\"https:\/\/speyer24news.com\/wp-content\/uploads\/2023\/02\/VUP14022023.jpeg\" alt=\"\" class=\"wp-image-51007\" srcset=\"https:\/\/speyer24news.com\/wp-content\/uploads\/2023\/02\/VUP14022023.jpeg 800w, https:\/\/speyer24news.com\/wp-content\/uploads\/2023\/02\/VUP14022023-300x225.jpeg 300w, https:\/\/speyer24news.com\/wp-content\/uploads\/2023\/02\/VUP14022023-768x576.jpeg 768w, https:\/\/speyer24news.com\/wp-content\/uploads\/2023\/02\/VUP14022023-678x509.jpeg 678w, https:\/\/speyer24news.com\/wp-content\/uploads\/2023\/02\/VUP14022023-326x245.jpeg 326w, https:\/\/speyer24news.com\/wp-content\/uploads\/2023\/02\/VUP14022023-80x60.jpeg 80w\" sizes=\"(max-width: 800px) 100vw, 800px\" \/><\/figure><\/div>\n\n\n<p>Nicht angepasste Geschwindigkeit bei eingeschr\u00e4nkter Sicht durch Nebel f\u00fchrte Dienstagmorgen gegen 06:45 Uhr zu einem Verkehrsunfall. Ein 52 Jahre alter Fahrer eines Kleinwagens befuhr die L 395 zwischen Offstein und Obrigheim. Auf H\u00f6he der Fa. S\u00fcdzucker \u00fcbersah er einen dort haltenden Lkw und kollidierte frontal mit dem Anh\u00e4nger. Bei dem Unfall verletzte sich der Fahrer des Pkw leicht. An beiden Fahrzeugen entstand Sachschaden in H\u00f6he von insgesamt ca. 6000 Euro.<\/p>\n\n\n\n<h2 class=\"wp-block-heading\">(Obrigheim) &#8211; Beim Abbiegen Entgegenkommende \u00fcbersehen<\/h2>\n\n\n\n<p>Zu einem Zusammensto\u00df zweier Pkw kam es am Montag (13.02.2023) gegen 14:40 Uhr an der Einm\u00fcndung B 271\/L 516. Eine VW-Fahrerin befuhr die B 271 von Gr\u00fcnstadt kommend in Richtung Bockenheim und wollte an der Einm\u00fcndung L 516 nach links in Richtung Asselheim abbiegen. Hierbei missachtete sie den Vorrang einer entgegenkommenden BMW-Fahrerin und es kam zum Zusammensto\u00df. Es blieb beim Sachschaden von insgesamt ca. 1600 Euro.<\/p>\n\n\n\n<h2 class=\"wp-block-heading\">(Bobenheim-Roxheim) &#8211; Verkehrsunfall mit drei Leichtverletzten<\/h2>\n\n\n\n<p>Am 13.02.2023, gegen 12.40 Uhr, befuhr ein 50-j\u00e4hriger Mann aus Frankenthal die L 523 in Richtung Bobenheim-Roxheim. In H\u00f6he des dortigen Weihers wollte ein 70-j\u00e4hriger Mann aus Frankfurt vom Feldweg nach rechts auf die L 523 einbiegen und \u00fcbersah hierbei den Pkw des 50-J\u00e4hrigen. Bei dem Zusammensto\u00df wurden der 50-j\u00e4hrige Mann, sowie die beiden Insassen des Unfallverursachers leicht verletzt und zur \u00dcberpr\u00fcfung durch den Rettungsdienst in ein Krankenhaus verbracht. Zur Unfallaufnahme musste die L 523 kurzzeitig gesperrt werden, beide Fahrzeuge mussten abgeschleppt werden. Es entstand ein Sachschaden von gesch\u00e4tzten 13.000 Euro<\/p>\n\n\n\n<p>Zeugen werden gebeten sich an die Polizeiinspektion Frankenthal unter der Tel.-Nr.: 06233\/313-0 oder an die Polizeiwache Maxdorf unter der Tel.-Nr.: 06237\/934-1100 zu wenden. Gerne nehmen wir Ihre Hinweise auch per E-Mail unter&nbsp;<a href=\"mailto:pifrankenthal@polizei.rlp.de\">pifrankenthal@polizei.rlp.de<\/a>&nbsp;entgegen.<\/p>\n\n\n\n<h2 class=\"wp-block-heading\">(Autobahnpolizei Ruchheim) &#8211; Unfalllagebild 2022<\/h2>\n\n\n\n<p>Nach den pandemiebedingten R\u00fcckg\u00e4ngen der Unfallzahlen der Jahre 2020 (1059) und 2021 (971), ist 2022 die Gesamtzahl der Verkehrsunf\u00e4lle (1036) gegen\u00fcber dem Vorjahr um 65 Unf\u00e4lle gestiegen. Dies entspricht einer Steigerung um 4,2%.<\/p>\n\n\n\n<p>Im Vergleich zum Jahr 2019, dem Jahr vor der Pandemie, registrieren wir erfreulicherweise einen R\u00fcckgang von 19,4%. (1285 Verkehrsunf\u00e4lle 2019).<\/p>\n\n\n\n<p>Auch die Anzahl der Verkehrsunf\u00e4lle mit Verletzten ist im Vergleich mit dem Jahr 2019 deutlich zur\u00fcckgegangen. W\u00e4hrend wir 2019 noch 181 Verkehrsunf\u00e4lle mit Verletzten registrierten, waren dies 2022 nur noch 138. Ein R\u00fcckgang von mehr als 23%.<\/p>\n\n\n\n<p>Mangelnder Sicherheitsabstand und nicht angepasste Geschwindigkeit sind weiterhin Hauptunfallursache auch auf unseren Autobahnen und Kraftfahrstra\u00dfen. 2022 war Geschwindigkeit in 174 F\u00e4llen (2021: 158) und Abstand bei 288 Unf\u00e4llen (2021: 267) unfallurs\u00e4chlich. Weitere Auff\u00e4lligkeiten ergeben sich bei den f\u00fcr die Schnellstra\u00dfen typischen Fehlern wie Vorbei-, und Nebeneinanderfahren (2021: 94 \/ 2022: 100).<\/p>\n\n\n\n<p>Bei den schweren Unf\u00e4llen mit Personensch\u00e4den sind ebenfalls Geschwindigkeit und Abstand die Hauptunfallursache, gefolgt von der Unfallursache Fahrunt\u00fcchtigkeit, also Alkohol- und Drogeneinfluss. Die Gesamtzahl der Verkehrsunf\u00e4lle unter Einwirkung berauschender Mittel ist 2022 angestiegen (+12). Im Jahr 2022 ereigneten sich insgesamt 34 Verkehrsunf\u00e4lle unter dem Einfluss berauschender Mittel (2021: 23).<\/p>\n\n\n\n<p>Auch im vergangenen Jahr lag ein Schwerpunkt unserer Arbeit auf der Verkehrsunfallbek\u00e4mpfung. Zielgruppen- und problemorientierte Pr\u00e4ventionsma\u00dfnahmen sollen die Verkehrsunfallrisiken minimieren sowie die Anzahl der Verkehrsunf\u00e4lle und schwerer Unfallfolgen reduzieren. Aufgrund des Zuschnitts unseres Zust\u00e4ndigkeitsbereichs liegt der Schwerpunkt unserer Verkehrspr\u00e4ventionsarbeit auf der t\u00e4glichen Verkehrs\u00fcberwachung. Dies erfolgt sowohl routinem\u00e4\u00dfig im t\u00e4glichen Dienst als auch konzeptionell und strategisch vorbereitet als integrative Kontrollma\u00dfnahme bei Sondereins\u00e4tzen, gerne auch gemeinsam mit benachbarten Dienststellen und weiteren Bedarfstr\u00e4gern. Bei der Gesamtzahl polizeilicher Kontrollen im Jahr 2022 haben wir insgesamt 1.623 polizeiliche Ma\u00dfnahmen getroffen.<\/p>\n\n\n\n<p>Weitere Ausf\u00fchrungen zum Verkehrslagebild und unseren Kontrollthemen &#8211; Provida &#8211; Alkohol im Stra\u00dfenverkehr &#8211; Drogen im Stra\u00dfenverkehr &#8211; Gewerblicher Personen- und G\u00fcterverkehr &#8211; Tuning, entnehmen Sie bitte aus dem im Internet ver\u00f6ffentlichten Verkehrslagebild.<\/p>\n\n\n\n<p><a href=\"https:\/\/s.rlp.de\/ZPg7U\">https:\/\/s.rlp.de\/ZPg7U<\/a><\/p>\n\n\n\n<h2 class=\"wp-block-heading\">(Ludwigshafen) &#8211; &#8222;Wir gemeinsam f\u00fcr LU&#8220; \/ Tag der Vielfalt bei den Eulen Ludwigshafen am 22.02.2023<\/h2>\n\n\n\n<p>Die Polizeiinspektion Ludwigshafen 2 und der Handball-Zweitligist Eulen Ludwigshafen machen sich gemeinsam stark f\u00fcr die B\u00fcrgerinnen und B\u00fcrger in Ludwigshafen.<\/p>\n\n\n\n<p>Gemeinsame Werte, wie Teamgeist, Vertrauen, Respekt und Verantwortung, haben die Polizeiinspektion Ludwigshafen 2 und die Eulen Ludwigshafen im Jahr 2021 dazu bewogen, eine Kooperation einzugehen.<\/p>\n\n\n\n<p>Am 22. Februar 2023 begehen die Eulen Ludwigshafen bei ihrem Heimspiel gegen den 1. VfL Potsdam den Tag der Vielfalt. Auch die im Stadtteil Oppau befindliche Polizeiinspektion Ludwigshafen 2 beteiligt sich an dieser Aktion und zeigt, was Vielfalt f\u00fcr die Polizei bedeutet:<\/p>\n\n\n\n<p>Wir sch\u00fctzen Vielfalt! In Artikel 1 Grundgesetz steht: Die W\u00fcrde des Menschen ist unantastbar. Dieser Grundsatz ist Leitlinie allen polizeilichen Handelns. Als staatliche Institution ist es die Aufgabe der Polizei diese Werte zu sch\u00fctzen!<\/p>\n\n\n\n<p>Wir sind vielf\u00e4ltig! Viele Polizeibedienstete der Polizeiinspektion Ludwigshafen 2 und auch der daran angegliederten Polizeiwache Oggersheim haben vielf\u00e4ltige kulturelle Wurzeln. Die Polizistinnen und Polizisten sind ebenso vielf\u00e4ltig, wie die Bev\u00f6lkerung Ludwigshafens. Dass dabei auf elf Sprachen zur\u00fcckgegriffen werden kann, ist nur einer von vielen Vorteilen.<\/p>\n\n\n\n<p>Wir wollen das auch in Zukunft bleiben! Die Polizei ist, genau wie die meisten Branchen, auf der Suche nach Nachwuchs. Ziel ist es die besten K\u00f6pfe f\u00fcr sich zu gewinnen. Hierbei setzt die Polizei auch gezielt auf Bewerberinnen und Bewerber mit ausl\u00e4ndischen Wurzeln.<\/p>\n\n\n\n<p>Die Besucherinnen und Besucher des Handballspiels k\u00f6nnen sich an einem Informationsstand der Polizei zum Thema Hate Speech (Hetze, Hass und Diskriminierung) informieren. Unsere Pr\u00e4ventionsexperten stehen Ihnen mit wertvollen Tipps Rede und Antwort. Dar\u00fcber hinaus werden die Ratek\u00fcnste der Handballfans bei einem Quiz auf die Probe gestellt.<\/p>\n\n\n\n<p>Wollten Sie die Polizei schon immer etwas fragen? Auf geht\u00b4s! Unsere Kolleginnen und Kollegen freuen sich schon auf viele spannende Unterhaltungen mit Ihnen!<\/p>\n\n\n\n<h2 class=\"wp-block-heading\">(Polizeipr\u00e4sidium Rheinpfalz) &#8211; Verkehrsunfallbilanz des Jahres 2022: Verkehrsunf\u00e4lle nehmen nach Corona-Jahren wieder zu<a href=\"https:\/\/www.facebook.com\/sharer.php?u=https%3A%2F%2Fwww.presseportal.de%2Fblaulicht%2Fpm%2F117696%2F5440754%2F%3Futm_source%3Dfacebook%26utm_medium%3Dsocial\"><\/a><a href=\"https:\/\/twitter.com\/intent\/tweet?text=POL-PPRP%3A%20Verkehrsunfallbilanz%20des%20Jahres%202022%3A%20Verkehrsunf%C3%A4lle%20nehmen%20nach%20Corona-Jahren%20wieder%20zu&amp;url=https%3A%2F%2Fwww.presseportal.de%2Fblaulicht%2Fpm%2F117696%2F5440754%2F%3Futm_source%3Dtwitter%26utm_medium%3Dsocial&amp;hashtags=ots&amp;lang=de\"><\/a><a href=\"https:\/\/web.whatsapp.com\/send?text=POL-PPRP%3A%20Verkehrsunfallbilanz%20des%20Jahres%202022%3A%20Verkehrsunf%C3%A4lle%20nehmen%20nach%20Corona-Jahren%20wieder%20zu%0A%0Ahttps%3A%2F%2Fwww.presseportal.de%2Fblaulicht%2Fpm%2F117696%2F5440754%2F%3Futm_source%3Dwhatsapp%26utm_medium%3Dsocial\"><\/a><a href=\"https:\/\/www.xing.com\/app\/user?op=share;url=https%3A%2F%2Fwww.presseportal.de%2Fblaulicht%2Fpm%2F117696%2F5440754%2F%3Futm_source%3Dxing%26utm_medium%3Dsocial\"><\/a><a href=\"http:\/\/www.linkedin.com\/shareArticle?mini=true&amp;url=https%3A%2F%2Fwww.presseportal.de%2Fblaulicht%2Fpm%2F117696%2F5440754%2F%3Futm_source%3Dlinkedin%26utm_medium%3Dsocial&amp;title=POL-PPRP%3A+Verkehrsunfallbilanz+des+Jahres+2022%3A+Verkehrsunf%C3%A4lle+nehmen+nach+Corona-Jahren+wieder+zu\"><\/a><a href=\"mailto:?subject=POL-PPRP%3A%20Verkehrsunfallbilanz%20des%20Jahres%202022%3A%20Verkehrsunf%C3%A4lle%20nehmen%20nach%20Corona-Jahren%20wieder%20zu&amp;body=https:\/\/www.presseportal.de\/blaulicht\/pm\/117696\/5440754\"><\/a><\/h2>\n\n\n\n<p>Die Anzahl der Verkehrsunf\u00e4lle 2022 ist, nach einem deutlichen R\u00fcckgang in der Corona-Pandemie, wieder angestiegen. Die Pandemie und die damit einhergehenden Einschr\u00e4nkungen, aber auch M\u00f6glichkeiten von Home-Office und Home-Schooling, hatten in den Jahren 2020 und 2021 sp\u00fcrbare Auswirkungen auf den Stra\u00dfenverkehr. Gleichwohl liegen die Verkehrsunfallzahlen im Jahr 2022 in den meisten Bereichen nach wie vor unter dem Niveau vor der Corona-Pandemie.<\/p>\n\n\n\n<p>Im Jahr 2022 registrierten wir in unserem Zust\u00e4ndigkeitsbereich 28.709 Verkehrsunf\u00e4lle. Im Jahr 2021 verzeichneten wir einen Tiefstand von 26.903 Verkehrsunf\u00e4llen. Vor der Pandemie (2019) konnten wir noch 31.904 Verkehrsunf\u00e4lle feststellen, sodass wir in der Langzeitbetrachtung weiter einen positiven Trend der Unfallentwicklung feststellen.<\/p>\n\n\n\n<p>Die Zahl der Verungl\u00fcckten stieg im Vergleich zum Vorjahr deutlich um etwa 13 Prozent: von 3.521 im Jahr 2021 auf 3.985 Personen im Jahr 2022. 27 Personen wurden im Zusammenhang mit Verkehrsunf\u00e4llen t\u00f6dlich verletzt (2021: 19), 560 Personen wurden schwer verletzt (2021: 552) und 3.398 Personen leicht verletzt (2021: 2.950). Auch hier zeigt sich im Vergleich mit dem Jahr vor der Corona-Pandemie eine Verbesserung. Im Jahr 2019 verungl\u00fcckten insgesamt 4.263 Personen, hiervon 33 t\u00f6dlich. 687 Personen wurden in diesem Jahr schwer und 3.543 Personen leicht verletzt.<\/p>\n\n\n\n<p>Verkehrsunfallentwicklung mit Blick auf verschiedene Risikogruppen:<\/p>\n\n\n\n<p>Auch bei den Risikogruppen Kinder, junge Fahrende (im Alter von 18-24 Jahren) sowie Fahrende von motorisierten Zweir\u00e4dern, Pedelecs oder Fahrr\u00e4dern konnte ein genereller Anstieg der Verkehrsunfallzahlen im Vergleich zu den von der Pandemie gepr\u00e4gten Jahren registriert werden.<\/p>\n\n\n\n<p>Die aufgenommenen Verkehrsunf\u00e4lle mit Beteiligung von Kindern stieg um 20 Prozent auf 384 Unf\u00e4lle an. Im Jahr 2021 waren es noch 320 Verkehrsunf\u00e4lle mit Beteiligung von Kindern. Ebenso wie im Jahr 2021, wurde auch in 2022 kein Kind im Zusammenhang mit einem Verkehrsunfall get\u00f6tet; 21 Kinder wurden schwer verletzt (2021: 25) und 264 leicht verletzt (2021: 199). Im Jahr 2022 kam es zu 23 Schulwegunf\u00e4llen, im Jahr 2021 waren es noch 13.<\/p>\n\n\n\n<p>Die Risikogruppe junge Fahrende (im Alter von 18 &#8211; 24 Jahren) war an 5.423 Verkehrsunf\u00e4llen beteiligt (+5,4 Prozent; 2021: 5.143 Unf\u00e4lle). Ebenso stiegen die Verkehrsunfallzahlen der Risikogruppe Senioren (Personen ab 65 Jahren) auf 6.623; 2021 waren 5.836 Senioren in Verkehrsunf\u00e4lle verwickelt. Dies entspricht einem Anstieg von 13,5 Prozent.<\/p>\n\n\n\n<p>Verkehrsunf\u00e4lle mit Pedelecs oder Fahrr\u00e4dern nahmen ebenfalls zu. W\u00e4hrend es im Jahr 2021 noch 1.295 Unf\u00e4lle waren, stieg die Zahl deutlich auf 1.510 (+16,6 Prozent). Ein erh\u00f6hter Absatz an Fahrr\u00e4dern und die Zunahme von Pedelecs im Stra\u00dfenverkehr d\u00fcrften diese Entwicklung beeinflusst haben. Mit sieben t\u00f6dlich verungl\u00fcckten Rad- und Pedelecfahrenden verstarben 2022 drei Menschen mehr als im Vorjahr; schwer verletzt wurden 190 (2021: 177), leicht verletzt 989 Personen (2021: 826).<\/p>\n\n\n\n<p>Seit 2020 nehmen der Verkauf und die Leihangebote von sogenannten &#8222;E-Scootern&#8220; stetig zu. Diese Entwicklung spiegelt sich auch in den Verkehrsunfallzahlen wieder. In den letzten drei Jahren haben sich die Verkehrsunf\u00e4lle in Zusammenhang mit E-Scootern nahezu verdreifacht.<\/p>\n\n\n\n<p>Auch Fahrerinnen und Fahrer motorisierter Zweir\u00e4der waren h\u00e4ufiger in Verkehrsunf\u00e4lle verwickelt als im Vorjahr (2022: 573 &#8211; 2021 waren es 461 F\u00e4lle). Die Anzahl von drei t\u00f6dlich Verungl\u00fcckten liegt auf Vorjahresniveau; schwer verletzt wurden 118 (2021: 85), leicht verletzt 267 Personen (2021: 233).<\/p>\n\n\n\n<p>Die Gesamtzahl der Unf\u00e4lle mit Beteiligung von Schwerverkehr bleibt mit einer leichten Zunahme von 2,8 Prozent etwa auf Vorjahresniveau bei einer Anzahl von 3.228 (2020: 3.140).<\/p>\n\n\n\n<p>Auch bei der Betrachtung der Verkehrsunfallentwicklung mit Blick auf die Risikogruppen, kann in der l\u00e4ngeren Betrachtung insgesamt eine positive Entwicklung festgestellt werden. Bei allen Risikogruppen, au\u00dfer bei den Fahrenden motorisierter Zweir\u00e4dern und den Fahrenden von Fahrr\u00e4dern\/Pedelecs, kann im Vergleich zu den Jahren vor der Corona-Pandemie ein R\u00fcckgang der Verkehrsunf\u00e4lle verzeichnet werden.<\/p>\n\n\n\n<p>Hauptunfallursache ist weiter Abstand:<\/p>\n\n\n\n<p>Die h\u00e4ufigste Unfallursache 2022 war ein zu geringer Sicherheitsabstand. Bei 9.352 Unf\u00e4llen wurde kein ausreichender Sicherheitsabstand eingehalten (2021: 8.022). Hierunter fallen sowohl Verkehrsunf\u00e4lle, welche aufgrund nicht ausreichendem Sicherheitsabstand zum Vorausfahrenden verursacht wurden, als auch solche die sich durch einen ungen\u00fcgenden Seitenabstand ereigneten.<\/p>\n\n\n\n<p>Auch \u00fcberh\u00f6hte Geschwindigkeit bleibt weiter eine Hauptunfallursache. Aufgrund nicht angepasster oder \u00fcberh\u00f6hter Geschwindigkeit wurden 1.896 Verkehrsunf\u00e4lle registriert. Im Jahr 2021 waren dies noch 1.792 Verkehrsunf\u00e4lle.<\/p>\n\n\n\n<p>Eine deutliche Zunahme konnte bei Verkehrsunf\u00e4llen unter der Einwirkung berauschender Mittel festgestellt werden. Insgesamt waren bei 694 Verkehrsunf\u00e4llen berauschende Mittel, also Alkohol, Drogen und\/oder Medikamente urs\u00e4chlich f\u00fcr den Unfall (2021: 534). Dies entspricht einer Zunahme von etwa 30 Prozent.<\/p>\n\n\n\n<p>Bei der Unfallursache Alkohol stiegen die Zahlen der registrierten Unf\u00e4lle von 455 aus dem Jahr 2021 auf 623*. Trotz insgesamt deutlich steigender Unfallzahlen bewegt sich die Zahl der Verkehrsunf\u00e4lle mit der Ursache Drogeneinfluss auf Vorjahresniveau (2021:106, 2022: 110*).<\/p>\n\n\n\n<p>*Anmerkung: Bei einem Mischkonsum von Alkohol und Drogen kommt es zu einer statistischen Doppelerfassung.<\/p>\n\n\n\n<p>Verkehrsunfallpr\u00e4vention 2022:<\/p>\n\n\n\n<p>Die Reduzierung von Verkehrsunf\u00e4llen und die Minimierung von Unfallfolgen waren auch im vergangenen Jahr Schwerpunkte der polizeilichen Arbeit. Neben der Erh\u00f6hung der Verkehrssicherheit durch Verkehrskontrollen, wollen wir auch die im Zusammenhang mit dem Stra\u00dfenverkehr entstehenden Risiken ins \u00f6ffentliche Bewusstsein r\u00fccken und nochmals verdeutlichen. Dabei wollen wir durch zielgruppen- und ursachenorientierte Pr\u00e4ventionsma\u00dfnahmen die Verkehrsunfallrisiken minimieren und die Anzahl der Verkehrsunf\u00e4lle sowie die schweren Unfallfolgen reduzieren. Hierzu wurden pr\u00e4sidialweit Pr\u00e4ventionsma\u00dfnahmen durchgef\u00fchrt.<\/p>\n\n\n\n<p>Beispielsweise erreichte die Polizeipuppenb\u00fchne mit ihrer Kriminal- und Verkehrspr\u00e4ventionsarbeit 2.110 Kinder und 430 Erwachsene. Die Jugendverkehrsschule beschulte mit der Radfahrausbildung 8.624 Kinder.<\/p>\n\n\n\n<p>Im Jahr 2022 konnten mit dem Pr\u00e4ventionsangebot &#8222;Drogen im Stra\u00dfenverkehr&#8220; 27 Schulklassen mit 659 Sch\u00fclerinnen und Sch\u00fclern erreicht werden.<\/p>\n\n\n\n<p>Zur Verhinderung von Verkehrsunf\u00e4llen unter dem Einfluss berauschender Mittel, f\u00fchrten Polizeikr\u00e4fte des Polizeipr\u00e4sidiums verst\u00e4rkt Verkehrskontrollen durch. Hierbei wurden 1.026 Fahrzeugf\u00fchrende unter Alkoholeinfluss und 1.132 Fahrerinnen und Fahrer unter dem Einfluss von Drogen festgestellt. Dar\u00fcber hinaus konnten Polizeikr\u00e4fte in 611 F\u00e4llen verhindern, dass berauschte Personen mit einem Fahrzeug am Stra\u00dfenverkehr teilnahmen.<\/p>\n\n\n\n<p>Im Jahr 2022 wurden in der Vorder- und S\u00fcdpfalz die Geschwindigkeit von rund 29 Millionen Fahrzeugen durch Geschwindigkeitsmessanlagen gemessen. Daraus resultierten 334.595 Bu\u00dfgelder oder Verwarnungen. In 2.122 F\u00e4llen wurden Antr\u00e4ge auf ein Fahrverbot gestellt.<\/p>\n\n\n\n<p>Das Polizeipr\u00e4sidium Rheinpfalz beteiligte sich dar\u00fcber hinaus an Kontrollwochen des europaweiten Polizeinetzwerks ROADPOL (<a target=\"_blank\" rel=\"noreferrer noopener\" href=\"https:\/\/www.roadpol.eu\/\">www.roadpol.eu<\/a>). Mit der &#8222;Vision Zero&#8220; verfolgen wir dabei das langfristige europaweite Ziel, die Zahl der Verkehrsunfalltoten auf nahezu Null zu senken.<\/p>\n\n\n\n<p>Das Lagebild zur Verkehrsunfallstatistik 2022 mit ausf\u00fchrlichen Informationen zur Unfalllage und den polizeilichen Ma\u00dfnahmen finden Sie auf unserer Internetseite&nbsp;<a href=\"https:\/\/s.rlp.de\/hRg\" target=\"_blank\" rel=\"noreferrer noopener\">https:\/\/s.rlp.de\/hRg<\/a>. (Verkehrsstatistik f\u00fcr den Raum Ludwigshafen)<\/p>\n\n\n\n<h2 class=\"wp-block-heading\">(Ludwigshafen) &#8211; Wohnhausbrand in der Bruno-K\u00f6rner-Stra\u00dfe<\/h2>\n\n\n\n<h3 class=\"wp-block-heading\">Nachtrag zur Pressemeldung vom 13.02.2023:&nbsp;<a href=\"https:\/\/s.rlp.de\/awFDw\" target=\"_blank\" rel=\"noreferrer noopener\">https:\/\/s.rlp.de\/awFDw<\/a><\/h3>\n\n\n<div class=\"wp-block-image\">\n<figure class=\"aligncenter size-full\"><img decoding=\"async\" loading=\"lazy\" width=\"801\" height=\"600\" src=\"https:\/\/speyer24news.com\/wp-content\/uploads\/2020\/05\/Zeugen-gesucht-Neutral.jpg\" alt=\"\" class=\"wp-image-26598\" srcset=\"https:\/\/speyer24news.com\/wp-content\/uploads\/2020\/05\/Zeugen-gesucht-Neutral.jpg 801w, https:\/\/speyer24news.com\/wp-content\/uploads\/2020\/05\/Zeugen-gesucht-Neutral-300x225.jpg 300w, https:\/\/speyer24news.com\/wp-content\/uploads\/2020\/05\/Zeugen-gesucht-Neutral-768x575.jpg 768w, https:\/\/speyer24news.com\/wp-content\/uploads\/2020\/05\/Zeugen-gesucht-Neutral-678x509.jpg 678w, https:\/\/speyer24news.com\/wp-content\/uploads\/2020\/05\/Zeugen-gesucht-Neutral-326x245.jpg 326w, https:\/\/speyer24news.com\/wp-content\/uploads\/2020\/05\/Zeugen-gesucht-Neutral-80x60.jpg 80w\" sizes=\"(max-width: 801px) 100vw, 801px\" \/><\/figure><\/div>\n\n\n<p>Nach dem Brand am 12.02.2023 in einem Mehrfamilienhaus in der Bruno-K\u00f6rner-Stra\u00dfe, wurde der Brandort durch einen Sachverst\u00e4ndigen und Brandermittler der Kriminalpolizei untersucht. Nach dem derzeitigen Stand der Ermittlungen d\u00fcrfte der Brand vors\u00e4tzlich gelegt worden sein. Hinweise auf einen technischen Defekt oder auf eine fahrl\u00e4ssige Verursachung ergaben sich bei der Untersuchung nicht.<\/p>\n\n\n\n<ul>\n<li><strong>Haben Sie am fr\u00fchen Morgen des 12.02.2023 verd\u00e4chtige Personen in der Bruno-K\u00f6rner-Stra\u00dfe gesehen oder k\u00f6nnen Sie Hinweise geben?<\/strong><\/li>\n<\/ul>\n\n\n\n<p>Zeugen werden gebeten sich mit der Kriminalpolizei Ludwigshafen unter der Telefonnummer 0621\/963-2773 oder per E-Mail&nbsp;<a href=\"mailto:kiludwigshafen.k1.kdd@polizei.rlp.de\">kiludwigshafen.k1.kdd@polizei.rlp.de<\/a>&nbsp;in Verbindung zu setzen.<\/p>\n\n\n\n<h2 class=\"wp-block-heading\">(Ludwigshafen) &#8211; Unfall auf Kreuzung \/ Zeugen gesucht<\/h2>\n\n\n\n<p>Zu einem Zusammensto\u00df kam es am 14.02.2023 gegen 12:25 Uhr auf der Kreuzung Industriestra\u00dfe\/Sternstra\u00dfe. Eine 60-j\u00e4hrige Autofahrerin \u00fcberquerte die Kreuzung aus Richtung Bastenhorstweg kommend zur gleichen Zeit, wie eine 33-j\u00e4hrige, welche aus der Sternstra\u00dfe kam. Nach Angaben beider Beteiligter h\u00e4tte die jeweilige Ampel gr\u00fcn gezeigt, weshalb beide in die Kreuzung einfuhren. Durch den Aufprall erlitten beide Autofahrerinnen leichte Verletzungen und wurden in umliegende Krankenh\u00e4user verbracht. Die zwei Kinder der 33-J\u00e4hrigen, welche sich zum Unfallzeitpunkt ebenfalls im Fahrzeug befanden, blieben unverletzt.<\/p>\n\n\n\n<ul>\n<li><strong>Haben Sie den Unfall beobachtet oder k\u00f6nnen Sie etwas zu der Ampelschaltung sagen?<\/strong><\/li>\n<\/ul>\n\n\n\n<p>Dann wenden Sie sich unter der Telefonnummer 0621 963-2122 oder per E-Mail&nbsp;<a href=\"mailto:piludwigshafen1@polizei.rlp.de\">piludwigshafen1@polizei.rlp.de<\/a>&nbsp;an die Polizeiinspektion Ludwigshafen 1.<\/p>\n\n\n\n<h2 class=\"wp-block-heading\">(Ludwigshafen) &#8211; In Kellerabteil eingebrochen<\/h2>\n\n\n\n<p>Werkzeuge und Alkohol wurden durch bislang Unbekannte aus den Kellerr\u00e4umen eines Mehrparteienhauses in der Edigheimer Stra\u00dfe gestohlen, dies meldete eine 32-J\u00e4hrige am 13.02.2023, gegen 22:30 Uhr. Die H\u00f6he des entstandenen Sachschadens wird derzeit auf 250 Euro gesch\u00e4tzt.<\/p>\n\n\n\n<p>Sachdienliche Hinweise bitte an die Polizeiinspektion Ludwigshafen 2, Telefonnummer 0621 963-2222 oder per E-Mail&nbsp;<a href=\"mailto:piludwigshafen2@polizei.rlp.de\">piludwigshafen2@polizei.rlp.de<\/a>&nbsp;.<\/p>\n\n\n\n<h2 class=\"wp-block-heading\">(Ludwigshafen) &#8211; Rollerfahrerin leicht verletzt<\/h2>\n\n\n\n<p>Am 13.02.2023, gegen 20:45 Uhr, missachtete ein 19-j\u00e4hriger Autofahrer an der Kreuzung Friedrichstra\u00dfe\/Schinkelstra\u00dfe\/Jahnstra\u00dfe die Vorfahrt einer 45-j\u00e4hrigen Rollerfahrerin. Um einen Zusammensto\u00df zu verhindern, bremste die Frau stark ab und verlor daraufhin die Kontrolle \u00fcber ihren Roller. Sie st\u00fcrzte und wurde dabei leicht verletzt. An ihrem Roller entstand ein Sachschaden von etwa 200 Euro.<\/p>\n\n\n\n<h2 class=\"wp-block-heading\">(Ludwigshafen) &#8211; Busfahrer verbal angegangen<\/h2>\n\n\n\n<p>Ein Busfahrer macht am 13.02.2023, gegen 20:30 Uhr, in der Carl-Bosch-Stra\u00dfe eine neben ihm fahrende Polizeistreife auf sich aufmerksam. Er erkl\u00e4rte, dass ihn einer der Fahrg\u00e4ste verbal angegangen habe. Ausl\u00f6ser sei ein Missverst\u00e4ndnis bez\u00fcglich dessen Halte-Wunsches gewesen. Der Fahrgast wurde von der Polizei aus dem Bus begleitet, sodass dieser seine Fahrt fortsetzen konnte.<\/p>\n\n\n\n<p>Leider kommt es immer wieder vor, dass Mitarbeitende im \u00f6ffentlichen Personennahverkehr verbal oder sogar k\u00f6rperlich angegangen werden. Wir appellieren daher: H\u00f6flichkeit und Respekt sind stabile S\u00e4ulen unseres Miteinanders. Das gilt nicht nur im Privaten, sondern selbstverst\u00e4ndlich auch im Umgang mit allen Mitarbeitenden im \u00f6ffentlichen Personennahverkehr. Wer dies missachtet, muss mit strafrechtlichen Konsequenzen rechnen.<\/p>\n\n\n\n<h2 class=\"wp-block-heading\">(Ludwigshafen) &#8211; Sohn vereitelt Telefonbetrug<\/h2>\n\n\n\n<p>Am Montagnachmittag (13.02.2023) erhielt eine 69-j\u00e4hrige Ludwigshafenerin einen Anruf von ihrer vermeintlichen Tochter. Sie habe einen t\u00f6dlichen Verkehrsunfall verursacht. Das Gespr\u00e4ch wurde an eine angebliche Polizeibeamtin und an einen Staatsanwalt weitergegeben, welche von der Seniorin eine Kaution zwischen 50.000 Euro forderten. W\u00e4hrend die 69-J\u00e4hrige nach Bargeld suchte, erschien zuf\u00e4llig der Sohn und wurde misstrauisch. Als er das Telefonat \u00fcbernahm legten die falsche Polizeibeamtin und der Staatsanwalt sofort auf.<\/p>\n\n\n\n<h2 class=\"wp-block-heading\">(Ludwigshafen) &#8211; Kind bei Unfall leicht verletzt<\/h2>\n\n\n\n<p>Ein 24-J\u00e4hriger aus Unterfranken befuhr am Mittag des 13.02.2023 die Kaiser-Wilhelm-Stra\u00dfe. Beim Abbiegen in die Zollhofstra\u00dfe \u00fcbersah er eine 35-J\u00e4hrige und deren 6-j\u00e4hriges Kind, welche die Stra\u00dfe \u00fcberquerten. Das Auto streifte das Kind, wodurch die 6-J\u00e4hrige zu Boden st\u00fcrzte und sich leicht verletzte. Eine medizinische Behandlung war nicht notwendig.<\/p>\n\n\n\n<h2 class=\"wp-block-heading\">(Ludwigshafen) &#8211; Radfahrer leicht verletzt<\/h2>\n\n\n\n<p>An der Kreuzung R\u00fcdigerstra\u00dfe\/Kriemhildstra\u00dfe kam es am 13.02.2023 zu einem Unfall zwischen einem 16-j\u00e4hrigen Fahrradfahrer und einer 37-j\u00e4hrigen Autofahrerin. Der Jugendliche hatte beim Einfahren in die Kreuzung das Auto \u00fcbersehen. Trotz einer Vollbremsung konnte die Autofahrerin einen Zusammensto\u00df nicht verhindern. Der 16-J\u00e4hrige st\u00fcrzte und wurde dabei leicht verletzt. Sowohl am Rad als auch am Auto entstand ein Sachschaden in bislang ungekl\u00e4rter H\u00f6he.<\/p>\n\n\n\n<h2 class=\"wp-block-heading\">(Ludwigshafen) &#8211; Versuchter Pkw-Aufbruch<\/h2>\n\n\n\n<p>Unbekannte versuchten in der Nacht in dem Zeitraum vom 11.02.2023 bis 13.02.2023 einen Pkw aufzubrechen. Das Vorhaben misslang. Durch den Sachschaden entstand ein Sachschaden am Fahrzeug in H\u00f6he von 100 Euro. Der Pkw war in der Benckiserstra\u00dfe abgestellt. Sachdienliche Hinweise nimmt die Kriminalpolizei Ludwigshafen unter der Telefonnummer 0621\/963-2773 oder per E-Mail&nbsp;<a href=\"mailto:kiludwigshafen.k1.kdd@polizei.rlp.de\">kiludwigshafen.k1.kdd@polizei.rlp.de<\/a>&nbsp;entgegen.<\/p>\n\n\n\n<h2 class=\"wp-block-heading\">(Ludwigshafen) &#8211; Einbruch in Rathauscenter \/ Wasserschaden<\/h2>\n\n\n\n<p>Unbekannte gelangten vermutlich \u00fcber das Wochenende (11.02. bis 12.02.2023) auf das Gel\u00e4nde des Rathauscenters (Rathausplatz 20) und brachen in das Geb\u00e4ude ein. Im Innern wurde der Zugang zur L\u00f6schanlage aufgedreht. Durch das auslaufende Wasser entstand ein Sachschaden von mindestens 50.000 Euro Aus dem B\u00fcrogeb\u00e4ude wurde ein Werkzeugkoffer im Wert von 200 Euro entwendet. Sachdienliche Hinweise nimmt die Kriminalpolizei Ludwigshafen unter der Telefonnummer 0621\/963-2773 oder per E-Mail&nbsp;<a href=\"mailto:kiludwigshafen.k1.kdd@polizei.rlp.de\">kiludwigshafen.k1.kdd@polizei.rlp.de<\/a>&nbsp;entgegen.<\/p>\n\n\n\n<h2 class=\"wp-block-heading\">(A 650 \/ Ludwigshafen) &#8211; VW Fahrer unter Drogeneinfluss<\/h2>\n\n\n\n<p>Am 31.01.2023, um 12.20 Uhr, stellten Beamte der Polizeiautobahnstation Ruchheim einen VW auf der A650 in Fahrtrichtung Bad D\u00fcrkheim fest. An der Anschlussstelle Ruchheim wurde der Wagen von der Autobahn geleitet und einer Verkehrskontrolle unterzogen. Bei dem 24-j\u00e4hrigen Fahrer stellten die Polizisten drogenbedingte Auffallerscheinungen fest. Ein Drogenschnelltest best\u00e4tigte den Verdacht, der Mann stand unter dem Einfluss von THC.<\/p>\n\n\n\n<p>Dem 24-J\u00e4hrigen wurde eine Blutprobe entnommen und ein Ermittlungsverfahren wegen Trunkenheit im Stra\u00dfenverkehr und Versto\u00df gegen das Bet\u00e4ubungsmittelgesetz eingeleitet.<\/p>\n\n\n\n<h2 class=\"wp-block-heading\">(Mannheim) &#8211; Auffahrunfall mit drei beteiligten Fahrzeugen<\/h2>\n\n\n\n<p>Am Montagvormittag gegen 8:30 Uhr kam es in der K\u00e4fertaler Stra\u00dfe zu einem Auffahrunfall mit drei beteiligten Autos. Eine 29-j\u00e4hrige Frau war mit ihrem Fiat auf der K\u00e4fertaler Stra\u00dfe in Richtung der Dudenstra\u00dfe unterwegs. An der roten Ampel der Kreuzung zur Dudenstra\u00dfe standen bereits zwei Opel-Fahrer und warteten darauf weiterzufahren. Aus bislang ungekl\u00e4rter Ursache fuhr die Fiat-Fahrerin auf einen Opel auf, welcher wiederum auf den davorstehenden Opel geschoben wurde. Personen wurden durch den Unfall nicht verletzt. Der Gesamtschaden liegt bei 20.000 Euro. Der Fiat musste abgeschleppt werden. Das Polizeirevier Neckarstadt hat die Ermittlungen zum Unfallhergang aufgenommen.<\/p>\n\n\n\n<h2 class=\"wp-block-heading\">(Mannheim) &#8211; Verbotswidrig abgebogen und Unfall mit Stra\u00dfenbahn verursacht<\/h2>\n\n\n\n<p>Am Montag, kurz nach 8 Uhr, fuhr ein 27-j\u00e4hriger Mann mit einem Ford auf der Neckarauer Stra\u00dfe in Richtung Mannheim-Rheinau. Auf H\u00f6he der Kreuzung zur Speyerer Stra\u00dfe bog der Mann verbotswidrig nach links ab und kollidierte hierbei mit einer Stra\u00dfenbahn, welche ebenfalls in Richtung Rheinau fuhr. Der Sachschaden liegt ersten Ermittlungen zufolge im hohen vierstelligen Bereich. Verletzte gab es gl\u00fccklicherweise nicht. Der Stra\u00dfenbahnverkehr war bis 9 Uhr eingeschr\u00e4nkt. Der Verkehrsdienst Mannheim hat die Unfallermittlungen \u00fcbernommen.<\/p>\n\n\n\n<h2 class=\"wp-block-heading\">(Mannheim-Neckarau) &#8211; Brand eines Firmengeb\u00e4udes<\/h2>\n\n\n\n<p>Am Montagmorgen gegen 09 Uhr gerieten in einem Firmengeb\u00e4ude in der Innstra\u00dfe mehrere Europaletten in Brand und verursachten einen Sachschaden in H\u00f6he von mehr als 30.000 Euro. Das Feuer konnte durch die Einsatzkr\u00e4fte der Feuerwehr Mannheim schnell unter Kontrolle gebracht und gel\u00f6scht werden. Da weiterhin unklar ist, wie das Feuer ausbrach, hat die weiteren Ermittlungen ein Brandermittler des Polizeireviers Mannheim-Neckarstadt \u00fcbernommen.<\/p>\n\n\n\n<h2 class=\"wp-block-heading\">(Heidelberg) &#8211; Klima-Protestaktion in der Sophienstra\u00dfe<a href=\"https:\/\/www.facebook.com\/sharer.php?u=https%3A%2F%2Fwww.presseportal.de%2Fblaulicht%2Fpm%2F14915%2F5441343%2F%3Futm_source%3Dfacebook%26utm_medium%3Dsocial\"><\/a><a href=\"https:\/\/twitter.com\/intent\/tweet?text=POL-MA%3A%20Heidelberg%3A%20Klima-Protestaktion%20in%20der%20Sophienstra%C3%9Fe&amp;url=https%3A%2F%2Fwww.presseportal.de%2Fblaulicht%2Fpm%2F14915%2F5441343%2F%3Futm_source%3Dtwitter%26utm_medium%3Dsocial&amp;hashtags=ots&amp;lang=de\"><\/a><a href=\"https:\/\/web.whatsapp.com\/send?text=POL-MA%3A%20Heidelberg%3A%20Klima-Protestaktion%20in%20der%20Sophienstra%C3%9Fe%0A%0Ahttps%3A%2F%2Fwww.presseportal.de%2Fblaulicht%2Fpm%2F14915%2F5441343%2F%3Futm_source%3Dwhatsapp%26utm_medium%3Dsocial\"><\/a><a href=\"https:\/\/www.xing.com\/app\/user?op=share;url=https%3A%2F%2Fwww.presseportal.de%2Fblaulicht%2Fpm%2F14915%2F5441343%2F%3Futm_source%3Dxing%26utm_medium%3Dsocial\"><\/a><a href=\"http:\/\/www.linkedin.com\/shareArticle?mini=true&amp;url=https%3A%2F%2Fwww.presseportal.de%2Fblaulicht%2Fpm%2F14915%2F5441343%2F%3Futm_source%3Dlinkedin%26utm_medium%3Dsocial&amp;title=POL-MA%3A+Heidelberg%3A+Klima-Protestaktion+in+der+Sophienstra%C3%9Fe\"><\/a><a href=\"mailto:?subject=POL-MA%3A%20Heidelberg%3A%20Klima-Protestaktion%20in%20der%20Sophienstra%C3%9Fe&amp;body=https:\/\/www.presseportal.de\/blaulicht\/pm\/14915\/5441343\"><\/a><\/h2>\n\n\n\n<p>Am Dienstagnachmittag kam es zu einer Protestaktion durch Klimaaktivisten in der Sophienstra\u00dfe. Entgegen der medialen Vorank\u00fcndigung, welche auf 16:30 Uhr terminiert war, rannten gegen 16:45 Uhr insgesamt sechs Personen auf die Stra\u00dfe an der Einm\u00fcndung zur Fu\u00dfg\u00e4ngerzone der Altstadt. Eine Aktivistin klebte ihre Hand auf der Fahrbahn fest. Die f\u00fcnf weiteren Personen konnten vor dem Ankleben durch Polizeikr\u00e4fte von der Stra\u00dfe gebracht werden. Um die Frau sicher von der Fahrbahn zu l\u00f6sen, war die Sophienstra\u00dfe bis kurz nach 17:45 Uhr f\u00fcr den Durchgangsverkehr gesperrt. Hierbei kam es insbesondere in der Anfangsphase zu m\u00e4\u00dfigen Verkehrsbeeintr\u00e4chtigungen. Der Verkehr wurde durch die ebenfalls im Einsatz befindlichen Verkehrskr\u00e4fte \u00f6rtlich umgeleitet. Die Personalien aller beteiligten Personen wurden im Anschluss durch die Polizei festgestellt. Inwiefern strafrechtlich relevantes Verhalten der Personen vorliegt, wird nun n\u00e4her gepr\u00fcft.<\/p>\n\n\n\n<h2 class=\"wp-block-heading\">(Heidelberg) &#8211; Pr\u00e4pariertes Hundefutter gefunden \/ Zeugen gesucht!<\/h2>\n\n\n<div class=\"wp-block-image\">\n<figure class=\"aligncenter size-full\"><img decoding=\"async\" loading=\"lazy\" width=\"594\" height=\"400\" src=\"https:\/\/speyer24news.com\/wp-content\/uploads\/2021\/01\/Achtung-Wichtig.png\" alt=\"\" class=\"wp-image-32274\" srcset=\"https:\/\/speyer24news.com\/wp-content\/uploads\/2021\/01\/Achtung-Wichtig.png 594w, https:\/\/speyer24news.com\/wp-content\/uploads\/2021\/01\/Achtung-Wichtig-300x202.png 300w\" sizes=\"(max-width: 594px) 100vw, 594px\" \/><\/figure><\/div>\n\n\n<p>Eine aufmerksame Spazierg\u00e4ngerin informierte das Polizeirevier Heidelberg-S\u00fcd vergangene Woche \u00fcber einen verd\u00e4chtigen Fund im Sandhofer Weg in Heidelberg-Wieblingen. Die Zeugin, welche dort mit ihrem Hund auf dem Fu\u00dfweg in Richtung der Kl\u00e4ranlage unterwegs war, stellte zwischen Dienstag und Donnerstag ein mit N\u00e4geln versetztes wei\u00dfes Pulver fest. Am Freitag, den 10.02.2023, wurde die Polizei erneut \u00fcber pr\u00e4pariertes Hundefutter an selbiger \u00d6rtlichkeit informiert. In diesem Fall handelte es sich um Hundefutter, welches mit Klingen eines Cuttermessers versehen war. Das Pulver sowie das Hundefutter wurden polizeilich sichergestellt. Beides wird nun n\u00e4her untersucht. Der Fachbereich Gewerbe und Umwelt der Schutzpolizeidirektion des Polizeipr\u00e4sidiums Mannheim hat die Ermittlungen wegen Versto\u00dfes gegen das Tierschutzgesetz \u00fcbernommen. Zeugen, welche verd\u00e4chtige Personen wahrgenommen haben oder Hinweise zur Tat geben k\u00f6nnen, werden gebeten, sich unter Tel.: 0621\/174-3045 zu melden.<\/p>\n\n\n\n<h2 class=\"wp-block-heading\">(Hockenheim \/ Ketsch \/ Mannheim-Vogelstang) &#8211; Spinde in mehreren Schwimmb\u00e4dern aufgebrochen \/ Festnahme!<\/h2>\n\n\n<div class=\"wp-block-image\">\n<figure class=\"aligncenter size-full\"><img decoding=\"async\" loading=\"lazy\" width=\"800\" height=\"533\" src=\"https:\/\/speyer24news.com\/wp-content\/uploads\/2020\/06\/Zelle.jpg\" alt=\"\" class=\"wp-image-28203\" srcset=\"https:\/\/speyer24news.com\/wp-content\/uploads\/2020\/06\/Zelle.jpg 800w, https:\/\/speyer24news.com\/wp-content\/uploads\/2020\/06\/Zelle-300x200.jpg 300w, https:\/\/speyer24news.com\/wp-content\/uploads\/2020\/06\/Zelle-768x512.jpg 768w\" sizes=\"(max-width: 800px) 100vw, 800px\" \/><figcaption class=\"wp-element-caption\">Beispielbild Zelle \/ Verhaftung, dient lediglich der Visualisierung<\/figcaption><\/figure><\/div>\n\n\n<p>Am Sonntagvormittag gelang es Einsatzkr\u00e4ften des Polizeireviers Hockenheim einen 32-j\u00e4hrigen Mann aus Worms festzunehmen, der im dringenden Verdacht steht, in mehreren Freizeitb\u00e4dern diverse Spinde von Badeg\u00e4sten aufgebrochen und hieraus Gegenst\u00e4nde im Wert von mehreren Tausend Euro entwendet zu haben. Weiterhin soll der 32-J\u00e4hrige mit den aus den Spinden gestohlenen Autoschl\u00fcsseln die dazugeh\u00f6rigen Fahrzeuge auf den Parkpl\u00e4tzen ge\u00f6ffnet und hieraus ebenso Wertgegenst\u00e4nde entwendet haben.<\/p>\n\n\n\n<p>Aufmerksame Zeugen beobachteten den Mann bei einer der Taten im Schwimmbad in Hockenheim und verst\u00e4ndigten die Polizei. Aufgrund des Kennzeichens des f\u00fcr die Tat verwendeten Autos konnten die Beamtinnen und Beamten den T\u00e4ter und dessen Anschrift in Worms ermitteln.<\/p>\n\n\n\n<p>Bei einer richterlich angeordneten Wohnungsdurchsuchung fanden die Einsatzkr\u00e4fte schlie\u00dflich eine Vielzahl an entwendeten Mobiltelefonen, Tablets, Bargeld und weitere verfahrensrelevante Beweismittel auf und beschlagnahmten diese. Intensive Ermittlungen ergaben, dass der T\u00e4ter mindestens im Schwimmbad Ketsch sowie Mannheim-Vogelstang \u00e4hnliche Straftaten begangen hat.<\/p>\n\n\n\n<p>Ob er auch f\u00fcr \u00fcberregionale Diebst\u00e4hle in Freizeitb\u00e4dern verantwortlich ist, wird derzeit noch n\u00e4her \u00fcberpr\u00fcft. Der Mann wurde am Montagnachmittag auf Antrag der Staatsanwaltschaft Mannheim einem Ermittlungsrichter vorgef\u00fchrt, welcher Haftbefehl aufgrund von bestehender Fluchtgefahr erlie\u00df. Anschlie\u00dfend wurde er in eine Justizvollzugsanstalt eingeliefert.<\/p>\n\n\n\n<h2 class=\"wp-block-heading\">(Nu\u00dfloch \/ Rhein-Neckar-Kreis) &#8211; Einbruch in Metzgerei \/ Wer kann Hinweise geben?<\/h2>\n\n\n\n<p>Zwischen Samstagnachmittag, 12 Uhr und Montagmorgen, 7 Uhr, hebelte eine bislang unbekannte T\u00e4terschaft die Eingangst\u00fcr zum Verkaufsraum einer Metzgerei in der Sinsheimer Stra\u00dfe auf und entwendete etwa 100 Euro Bargeld. Der Sachschaden an der T\u00fcr liegt im mittleren dreistelligen Bereich. Zeugen, welche im relevanten Zeitraum etwas Auff\u00e4lliges beobachtet haben, werden gebeten, das Polizeirevier Wiesloch unter Tel.: 06222\/5709-0 zu kontaktieren.<\/p>\n\n\n\n<h2 class=\"wp-block-heading\">(St. Leon-Rot \/ Rhein-Neckar-Kreis) &#8211; Lkw fl\u00fcchtete nach Unfall<a href=\"https:\/\/www.facebook.com\/sharer.php?u=https%3A%2F%2Fwww.presseportal.de%2Fblaulicht%2Fpm%2F14915%2F5440494%2F%3Futm_source%3Dfacebook%26utm_medium%3Dsocial\"><\/a><a href=\"https:\/\/twitter.com\/intent\/tweet?text=POL-MA%3A%20St.%20Leon-Rot%2C%20Rhein-Neckar-Kreis%3A%20Lkw%20fl%C3%BCchtete%20nach%20Unfall&amp;url=https%3A%2F%2Fwww.presseportal.de%2Fblaulicht%2Fpm%2F14915%2F5440494%2F%3Futm_source%3Dtwitter%26utm_medium%3Dsocial&amp;hashtags=ots&amp;lang=de\"><\/a><a href=\"https:\/\/web.whatsapp.com\/send?text=POL-MA%3A%20St.%20Leon-Rot%2C%20Rhein-Neckar-Kreis%3A%20Lkw%20fl%C3%BCchtete%20nach%20Unfall%0A%0Ahttps%3A%2F%2Fwww.presseportal.de%2Fblaulicht%2Fpm%2F14915%2F5440494%2F%3Futm_source%3Dwhatsapp%26utm_medium%3Dsocial\"><\/a><a href=\"https:\/\/www.xing.com\/app\/user?op=share;url=https%3A%2F%2Fwww.presseportal.de%2Fblaulicht%2Fpm%2F14915%2F5440494%2F%3Futm_source%3Dxing%26utm_medium%3Dsocial\"><\/a><a href=\"http:\/\/www.linkedin.com\/shareArticle?mini=true&amp;url=https%3A%2F%2Fwww.presseportal.de%2Fblaulicht%2Fpm%2F14915%2F5440494%2F%3Futm_source%3Dlinkedin%26utm_medium%3Dsocial&amp;title=POL-MA%3A+St.+Leon-Rot%2C+Rhein-Neckar-Kreis%3A+Lkw+fl%C3%BCchtete+nach+Unfall\"><\/a><a href=\"mailto:?subject=POL-MA%3A%20St.%20Leon-Rot%2C%20Rhein-Neckar-Kreis%3A%20Lkw%20fl%C3%BCchtete%20nach%20Unfall&amp;body=https:\/\/www.presseportal.de\/blaulicht\/pm\/14915\/5440494\"><\/a><\/h2>\n\n\n\n<p>Mehr als 5.000 Euro Schaden verursachte der Fahrer eines LKW am Montagabend auf der L 628 und fl\u00fcchtete anschlie\u00dfend. Ein 36-J\u00e4hriger wollte gegen 19.30 Uhr, von St. Leon-Rot kommend, auf die B3 in Fahrtrichtung Heidelberg abbiegen und fuhr dazu auf die Linksabbiegerspur. Auf der Rechtsabbiegerspur stand zur selben Zeit eine Zugmaschine mit Auflieger, welche kurz darauf begann seine Position zu korrigieren. Beim Rangieren stie\u00df er unbekannte Fahrer dabei mit dem Auflieger mehrfach gegen den BMW des 36-J\u00e4hrigen. Selbst nachdem der BMW-Fahrer mehrfach hupte und aus dem Fahrzeug ausstieg um auf sich aufmerksam zu machen, streifte der LKW-Fahrer erneut die Fahrzeugseite und bog daraufhin nach rechts ab und fuhr davon.<\/p>\n\n\n\n<p>Das Polizeirevier Wiesloch hat die Ermittlungen wegen Unfallflucht aufgenommen und sucht in diesem Zusammenhang nach Zeugen. Diese werden gebeten, sich unter Tel.: 06222 57090 zu melden.<\/p>\n\n\n\n<h2 class=\"wp-block-heading\">(Ilvesheim \/ Rhein-Neckar-Kreis) &#8211; \u00dcber 5.000 Euro Sachschaden verursacht und gefl\u00fcchtet \/ Unfallzeugen gesucht<\/h2>\n\n\n\n<p>Am Sonntag, zwischen 01 und 13 Uhr, besch\u00e4digte eine bisher unbekannte Autofahrerin oder ein unbekannter Autofahrer einen in der Odenwaldstra\u00dfe geparkten Mercedes. Die oder der Unbekannte touchierte das Fahrzeug vermutlich im Vorbeifahren im Heckbereich und verursachte dadurch einen Schaden von mindestens 5.000 Euro. Danach fl\u00fcchtete die oder der Unbekannte von der Unfallstelle. Zeugen, welche etwas Verd\u00e4chtiges in diesem Zusammenhang beobachten konnten, werden gebeten, sich mit dem Polizeirevier Ladenburg unter Tel.: 06203\/9305-0 in Verbindung zu setzen.<\/p>\n","protected":false},"excerpt":{"rendered":"<div class=\"mh-excerpt\"><p>Polizeimeldungen vom Dienstag (14.02.2023) (Speyer) &#8211; \u00d6ffentlichkeitsfahndung nach 87-J\u00e4hrigem Seit Samstag den 11.02.2023 um 16:00 Uhr wird der 87-j\u00e4hrige Herr N. aus Speyer vermisst. Herr N. ist k\u00f6rperlich fit, aufgrund seines Alters und einer beginnenden <a class=\"mh-excerpt-more\" href=\"https:\/\/speyer24news.com\/?p=51005\" title=\"Polizeimeldungen Dienstag (14.02.2023)\">[&#8230;]<\/a><\/p>\n<\/div>","protected":false},"author":3,"featured_media":26162,"comment_status":"open","ping_status":"open","sticky":false,"template":"","format":"standard","meta":{"_monsterinsights_skip_tracking":false,"_monsterinsights_sitenote_active":false,"_monsterinsights_sitenote_note":"","_monsterinsights_sitenote_category":0,"footnotes":""},"categories":[15659],"tags":[7243,7244,3614,350,14537,15084,15267,14538,15361,702,61,2555,6955,6986,6263,63,105,11150,6987,53,4854,13534,4683,1548,4905,11592,102,13626,213,14325,14324,13553,13541,55,8277,6368,5261,103,106,2803,2423,427,2625,380,62,104,979,1565],"aioseo_notices":[],"amp_enabled":true,"_links":{"self":[{"href":"https:\/\/speyer24news.com\/index.php?rest_route=\/wp\/v2\/posts\/51005"}],"collection":[{"href":"https:\/\/speyer24news.com\/index.php?rest_route=\/wp\/v2\/posts"}],"about":[{"href":"https:\/\/speyer24news.com\/index.php?rest_route=\/wp\/v2\/types\/post"}],"author":[{"embeddable":true,"href":"https:\/\/speyer24news.com\/index.php?rest_route=\/wp\/v2\/users\/3"}],"replies":[{"embeddable":true,"href":"https:\/\/speyer24news.com\/index.php?rest_route=%2Fwp%2Fv2%2Fcomments&post=51005"}],"version-history":[{"count":2,"href":"https:\/\/speyer24news.com\/index.php?rest_route=\/wp\/v2\/posts\/51005\/revisions"}],"predecessor-version":[{"id":51326,"href":"https:\/\/speyer24news.com\/index.php?rest_route=\/wp\/v2\/posts\/51005\/revisions\/51326"}],"wp:featuredmedia":[{"embeddable":true,"href":"https:\/\/speyer24news.com\/index.php?rest_route=\/wp\/v2\/media\/26162"}],"wp:attachment":[{"href":"https:\/\/speyer24news.com\/index.php?rest_route=%2Fwp%2Fv2%2Fmedia&parent=51005"}],"wp:term":[{"taxonomy":"category","embeddable":true,"href":"https:\/\/speyer24news.com\/index.php?rest_route=%2Fwp%2Fv2%2Fcategories&post=51005"},{"taxonomy":"post_tag","embeddable":true,"href":"https:\/\/speyer24news.com\/index.php?rest_route=%2Fwp%2Fv2%2Ftags&post=51005"}],"curies":[{"name":"wp","href":"https:\/\/api.w.org\/{rel}","templated":true}]}}