{"id":51010,"date":"2023-02-15T08:20:29","date_gmt":"2023-02-15T07:20:29","guid":{"rendered":"https:\/\/speyer24news.com\/?p=51010"},"modified":"2023-02-24T11:01:22","modified_gmt":"2023-02-24T10:01:22","slug":"oeffentlichkeitsfahndung-personensuche-5","status":"publish","type":"post","link":"https:\/\/speyer24news.com\/?p=51010","title":{"rendered":"\u00d6ffentlichkeitsfahndung \/ Personensuche"},"content":{"rendered":"<style type=\"text\/css\">\r\n\t.ads_top_disp{}\r\n\t.ads_top_corner_disp{ float:left; margin:0px 10px 10px 0px; }\r\n\t.ads_first_p_disp{}\r\n\t.ads_bottom_disp{}\r\n\t<\/style>\n<h2 class=\"wp-block-heading\">Vermisster 87-J\u00e4hriger aus Speyer tot aufgefunden<\/h2>\n\n\n\n<h3 class=\"wp-block-heading\"><a href=\"https:\/\/www.facebook.com\/sharer.php?u=https%3A%2F%2Fwww.presseportal.de%2Fblaulicht%2Fpm%2F117696%2F5448904%2F%3Futm_source%3Dfacebook%26utm_medium%3Dsocial\"><\/a><a href=\"https:\/\/twitter.com\/intent\/tweet?text=POL-PPRP%3A%20Vermisster%2087-J%C3%A4hriger%20aus%20Speyer%20tot%20aufgefunden&amp;url=https%3A%2F%2Fwww.presseportal.de%2Fblaulicht%2Fpm%2F117696%2F5448904%2F%3Futm_source%3Dtwitter%26utm_medium%3Dsocial&amp;hashtags=ots&amp;lang=de\"><\/a><a href=\"https:\/\/web.whatsapp.com\/send?text=POL-PPRP%3A%20Vermisster%2087-J%C3%A4hriger%20aus%20Speyer%20tot%20aufgefunden%0A%0Ahttps%3A%2F%2Fwww.presseportal.de%2Fblaulicht%2Fpm%2F117696%2F5448904%2F%3Futm_source%3Dwhatsapp%26utm_medium%3Dsocial\"><\/a><a href=\"https:\/\/www.xing.com\/app\/user?op=share;url=https%3A%2F%2Fwww.presseportal.de%2Fblaulicht%2Fpm%2F117696%2F5448904%2F%3Futm_source%3Dxing%26utm_medium%3Dsocial\"><\/a><a href=\"http:\/\/www.linkedin.com\/shareArticle?mini=true&amp;url=https%3A%2F%2Fwww.presseportal.de%2Fblaulicht%2Fpm%2F117696%2F5448904%2F%3Futm_source%3Dlinkedin%26utm_medium%3Dsocial&amp;title=POL-PPRP%3A+Vermisster+87-J%C3%A4hriger+aus+Speyer+tot+aufgefunden\"><\/a><a href=\"mailto:?subject=POL-PPRP%3A%20Vermisster%2087-J%C3%A4hriger%20aus%20Speyer%20tot%20aufgefunden&amp;body=https:\/\/www.presseportal.de\/blaulicht\/pm\/117696\/5448904\"><\/a>Nachtrag zu den Pressemeldungen vom 14.02.2023:\u00a0<a href=\"https:\/\/s.rlp.de\/z4bVr\" target=\"_blank\" rel=\"noreferrer noopener\">https:\/\/s.rlp.de\/z4bVr<\/a>\u00a0, vom 15.02.2023:\u00a0<a href=\"https:\/\/s.rlp.de\/b697N\" target=\"_blank\" rel=\"noreferrer noopener\">https:\/\/s.rlp.de\/b697N<\/a>\u00a0und vom 22.02.2023:\u00a0<a href=\"https:\/\/s.rlp.de\/hQ8rc\" target=\"_blank\" rel=\"noreferrer noopener\">https:\/\/s.rlp.de\/hQ8rc<\/a><\/h3>\n\n\n<div class=\"wp-block-image\">\n<figure class=\"aligncenter size-full\"><img decoding=\"async\" loading=\"lazy\" width=\"800\" height=\"533\" src=\"https:\/\/speyer24news.com\/wp-content\/uploads\/2021\/01\/Ruhe-in-Frieden.jpg\" alt=\"\" class=\"wp-image-32361\" srcset=\"https:\/\/speyer24news.com\/wp-content\/uploads\/2021\/01\/Ruhe-in-Frieden.jpg 800w, https:\/\/speyer24news.com\/wp-content\/uploads\/2021\/01\/Ruhe-in-Frieden-300x200.jpg 300w, https:\/\/speyer24news.com\/wp-content\/uploads\/2021\/01\/Ruhe-in-Frieden-768x512.jpg 768w\" sizes=\"(max-width: 800px) 100vw, 800px\" \/><\/figure><\/div>\n\n\n<p><strong>(R\u00f6merberg-Mechtersheim \/ Speyer) &#8211; <\/strong>Der seit dem 11.02.2023 vermisste 87-J\u00e4hrige aus Speyer wurde am Donnerstag (23.02.2023) auf der Insel Flotzgr\u00fcn (R\u00f6merberg-Mechtersheim) tot aufgefunden. Ein Zeuge hatte zuvor das Fahrrad des Verstorbenen in der N\u00e4he aufgefunden.<\/p>\n\n\n\n<p>Die \u00d6ffentlichkeitsfahndung wird hiermit zur\u00fcckgenommen.<\/p>\n\n\n\n<p><em>Polizeipr\u00e4sidium Rheinpfalz<br>24.02.2023<\/em><\/p>\n\n\n\n<h2 class=\"wp-block-heading\">87-J\u00e4hriger weiterhin vermisst \/ Vermisstenfahndung mit neuem Foto &#8211; 2 Nachtrag<\/h2>\n\n\n\n<h3 class=\"wp-block-heading\">Nachtrag zur Pressemeldung vom 15.02.2023&nbsp;<a href=\"https:\/\/s.rlp.de\/b697N\">https:\/\/s.rlp.de\/b697N<\/a><\/h3>\n\n\n\n<p><strong>(Speyer) \u2013 <\/strong>Die Polizei sucht derzeit mit einem neuen Foto nach dem seit dem 11.02.2023 vermissten 87-J\u00e4hrigen aus Speyer. Derzeit ist davon auszugehen, dass der Vermisste mit einem E-Bike unterwegs ist. Auff\u00e4llig ist, dass der 87-J\u00e4hrige immer mit einem Helm und einer Kappe Fahrrad f\u00e4hrt. Weitere Informationen und Fotos des Vermissten finden Sie hier:&nbsp;<a href=\"https:\/\/s.rlp.de\/DlnY0\">https:\/\/s.rlp.de\/DlnY0<\/a><\/p>\n\n\n\n<ul>\n<li><strong>Da der Aufenthaltsort des Vermissten noch immer unbekannt ist, sucht die Polizei weiterhin Zeugen.<\/strong><\/li>\n<\/ul>\n\n\n\n<p>Wenn Sie Hinweise auf den Aufenthaltsort von Herrn N. geben k\u00f6nnen, melden Sie sich bitte unter der Telefonnummer 0621\/963-2773 oder per E-Mail&nbsp;<a href=\"mailto:kiludwigshafen.k1.kdd@polizei.rlp.de\">kiludwigshafen.k1.kdd@polizei.rlp.de<\/a>&nbsp;bei der Kriminalpolizei Ludwigshafen.<\/p>\n\n\n\n<p><em>Polizeipr\u00e4sidium Rheinpfalz<br>22.02.2023<\/em><\/p>\n\n\n\n<h2 class=\"wp-block-heading\">87-J\u00e4hriger aus Speyer weiter vermisst \/ 1. Nachtrag<\/h2>\n\n\n\n<h3 class=\"wp-block-heading\">Nachtrag zur Pressemeldung vom 14.02.2023&nbsp;<a href=\"https:\/\/s.rlp.de\/z4bVr\">https:\/\/s.rlp.de\/z4bVr<\/a><\/h3>\n\n\n\n<p><strong>(Speyer) \u2013<\/strong> Nach unserer Vermisstenmeldung hat sich eine Zeugin gemeldet, welche Herrn N. am Samstag, den 11.02.2023 in Schwegenheim in der N\u00e4he des Friedhofes gesehen hat. Zu diesem Zeitpunkt trug er eine beigefarbene Jacke, eine beigefarbene M\u00fctze und war mit einem dunklen E-Bike unterwegs. Gegen\u00fcber der Frau gab Herr N. an, dass er mit dem E-Bike nun \u00fcber Heiligenstein und Berghausen zur\u00fcck nach Speyer fahren wolle.<\/p>\n\n\n\n<ul>\n<li><strong>Ermittlungen bei Fahrradh\u00e4ndlern im Raum Speyer ergaben, dass es sich bei dem E-Bike des Vermissten um ein ca. 8-10 Jahre altes Rad der Marke \u201eKettler\u201c mit tiefem Einstieg und dunkler Lackierung handelt.<\/strong><\/li>\n\n\n\n<li><strong>Weitere Informationen und das Lichtbild des Vermissten finden Sie hier:&nbsp;<a href=\"https:\/\/s.rlp.de\/DlnY0\">https:\/\/s.rlp.de\/DlnY0<\/a><\/strong><\/li>\n\n\n\n<li><strong>Da der Aufenthaltsort des Vermissten noch immer unbekannt ist, suchen wir weiterhin Zeugen.<\/strong><\/li>\n<\/ul>\n\n\n\n<p>Wenn Sie Hinweise auf den Aufenthaltsort von Herrn N. geben k\u00f6nnen, melden Sie sich bitte unter der Telefonnummer 0621\/963-2773 oder per E-Mail&nbsp;<a href=\"mailto:kiludwigshafen.k1.kdd@polizei.rlp.de\">kiludwigshafen.k1.kdd@polizei.rlp.de<\/a>&nbsp;bei der Kriminalpolizei Ludwigshafen.<\/p>\n\n\n\n<p><em>Polizeipr\u00e4sidium Rheinpfalz<br>15.02.2023<\/em><\/p>\n\n\n\n<h2 class=\"wp-block-heading\">Vermisstensuche nach 87-J\u00e4hrigem<\/h2>\n\n\n\n<p><strong>(Speyer) \u2013 <\/strong>Seit Samstag den 11.02.2023 um 16:00 Uhr wird der 87-j\u00e4hrige Herr N. aus Speyer vermisst. Herr N. ist k\u00f6rperlich fit, aufgrund seines Alters und einer beginnenden Demenz ist eine hilflose Lage jedoch nicht auszuschlie\u00dfen. Er k\u00f6nnte mit einem E-Bike unterwegs sein. Trotz intensiver Suchma\u00dfnahmen konnte der Vermisste bislang nicht aufgefunden werden. Daher bittet die Polizei die Bev\u00f6lkerung um Mithilfe.<\/p>\n\n\n\n<h4 class=\"wp-block-heading\">Herr N. kann wie folgt beschrieben werden:<\/h4>\n\n\n\n<ul>\n<li><strong>1,75 m gro\u00df<\/strong><\/li>\n\n\n\n<li><strong>75 kg schwer<\/strong><\/li>\n\n\n\n<li><strong>kurze graue Haare<\/strong><\/li>\n\n\n\n<li><strong>Brille<\/strong><\/li>\n\n\n\n<li><strong>vermutlich mit gr\u00fcner Jacke und brauner Hose bekleidet<\/strong><\/li>\n\n\n\n<li><strong>f\u00e4hrt h\u00e4ufig Fahrrad mit Helm und M\u00fctze darunter<\/strong><\/li>\n\n\n\n<li><strong>Weitere Informationen und das Lichtbild des Vermissten finden Sie hier:&nbsp;<a href=\"https:\/\/s.rlp.de\/DlnY0\">https:\/\/s.rlp.de\/DlnY0<\/a><\/strong><\/li>\n<\/ul>\n\n\n\n<p>Zeugen, die Hinweise auf den Aufenthalt von Herrn N. geben k\u00f6nnen, werden gebeten, sich unter der Telefonnummer 0621\/963-2773 oder per E-Mail&nbsp;<a href=\"mailto:kiludwigshafen.k1.kdd@polizei.rlp.de\" target=\"_blank\" rel=\"noreferrer noopener\">kiludwigshafen.k1.kdd@polizei.rlp.de<\/a>&nbsp;an die Kriminalpolizei Ludwigshafen zu wenden.<\/p>\n\n\n\n<p><em>Polizeipr\u00e4sidium Rheinpfalz<br>14.02.2023<\/em><\/p>\n","protected":false},"excerpt":{"rendered":"<div class=\"mh-excerpt\"><p>Vermisster 87-J\u00e4hriger aus Speyer tot aufgefunden Nachtrag zu den Pressemeldungen vom 14.02.2023:\u00a0https:\/\/s.rlp.de\/z4bVr\u00a0, vom 15.02.2023:\u00a0https:\/\/s.rlp.de\/b697N\u00a0und vom 22.02.2023:\u00a0https:\/\/s.rlp.de\/hQ8rc (R\u00f6merberg-Mechtersheim \/ Speyer) &#8211; Der seit dem 11.02.2023 vermisste 87-J\u00e4hrige aus Speyer wurde am Donnerstag (23.02.2023) auf der Insel <a class=\"mh-excerpt-more\" href=\"https:\/\/speyer24news.com\/?p=51010\" title=\"\u00d6ffentlichkeitsfahndung \/ Personensuche\">[&#8230;]<\/a><\/p>\n<\/div>","protected":false},"author":3,"featured_media":29028,"comment_status":"open","ping_status":"open","sticky":false,"template":"","format":"standard","meta":{"_monsterinsights_skip_tracking":false,"_monsterinsights_sitenote_active":false,"_monsterinsights_sitenote_note":"","_monsterinsights_sitenote_category":0,"footnotes":""},"categories":[15659],"tags":[1751,15830,2388,15697,14119,15831,1881,15695,6,1117,15694,619,15693,618,8086],"aioseo_notices":[],"amp_enabled":true,"_links":{"self":[{"href":"https:\/\/speyer24news.com\/index.php?rest_route=\/wp\/v2\/posts\/51010"}],"collection":[{"href":"https:\/\/speyer24news.com\/index.php?rest_route=\/wp\/v2\/posts"}],"about":[{"href":"https:\/\/speyer24news.com\/index.php?rest_route=\/wp\/v2\/types\/post"}],"author":[{"embeddable":true,"href":"https:\/\/speyer24news.com\/index.php?rest_route=\/wp\/v2\/users\/3"}],"replies":[{"embeddable":true,"href":"https:\/\/speyer24news.com\/index.php?rest_route=%2Fwp%2Fv2%2Fcomments&post=51010"}],"version-history":[{"count":5,"href":"https:\/\/speyer24news.com\/index.php?rest_route=\/wp\/v2\/posts\/51010\/revisions"}],"predecessor-version":[{"id":51325,"href":"https:\/\/speyer24news.com\/index.php?rest_route=\/wp\/v2\/posts\/51010\/revisions\/51325"}],"wp:featuredmedia":[{"embeddable":true,"href":"https:\/\/speyer24news.com\/index.php?rest_route=\/wp\/v2\/media\/29028"}],"wp:attachment":[{"href":"https:\/\/speyer24news.com\/index.php?rest_route=%2Fwp%2Fv2%2Fmedia&parent=51010"}],"wp:term":[{"taxonomy":"category","embeddable":true,"href":"https:\/\/speyer24news.com\/index.php?rest_route=%2Fwp%2Fv2%2Fcategories&post=51010"},{"taxonomy":"post_tag","embeddable":true,"href":"https:\/\/speyer24news.com\/index.php?rest_route=%2Fwp%2Fv2%2Ftags&post=51010"}],"curies":[{"name":"wp","href":"https:\/\/api.w.org\/{rel}","templated":true}]}}