{"id":51014,"date":"2023-02-16T09:16:28","date_gmt":"2023-02-16T08:16:28","guid":{"rendered":"https:\/\/speyer24news.com\/?p=51014"},"modified":"2023-02-24T11:03:56","modified_gmt":"2023-02-24T10:03:56","slug":"polizeimeldungen-mittwoch-15-02-2023","status":"publish","type":"post","link":"https:\/\/speyer24news.com\/?p=51014","title":{"rendered":"Polizeimeldungen Mittwoch (15.02.2023)"},"content":{"rendered":"<style type=\"text\/css\">\r\n\t.ads_top_disp{}\r\n\t.ads_top_corner_disp{ float:left; margin:0px 10px 10px 0px; }\r\n\t.ads_first_p_disp{}\r\n\t.ads_bottom_disp{}\r\n\t<\/style>\n<h2 class=\"wp-block-heading\">Polizeimeldungen vom Mittwoch (15.02.2023)<\/h2>\n\n\n<div class=\"wp-block-image\">\n<figure class=\"aligncenter size-full\"><img decoding=\"async\" loading=\"lazy\" width=\"375\" height=\"500\" src=\"https:\/\/speyer24news.com\/wp-content\/uploads\/2022\/03\/Aktuelles-Polizeilogo.jpg\" alt=\"\" class=\"wp-image-43591\" srcset=\"https:\/\/speyer24news.com\/wp-content\/uploads\/2022\/03\/Aktuelles-Polizeilogo.jpg 375w, https:\/\/speyer24news.com\/wp-content\/uploads\/2022\/03\/Aktuelles-Polizeilogo-225x300.jpg 225w\" sizes=\"(max-width: 375px) 100vw, 375px\" \/><\/figure><\/div>\n\n\n<h2 class=\"wp-block-heading\">(Speyer) &#8211; 87-J\u00e4hriger aus Speyer weiter vermisst \/ 1. Nachtrag<\/h2>\n\n\n\n<h3 class=\"wp-block-heading\">Nachtrag zur Pressemeldung vom 14.02.2023&nbsp;<a href=\"https:\/\/s.rlp.de\/z4bVr\" target=\"_blank\" rel=\"noreferrer noopener\">https:\/\/s.rlp.de\/z4bVr<\/a><\/h3>\n\n\n\n<p>Nach unserer Vermisstenmeldung hat sich eine Zeugin gemeldet, welche Herrn N. am Samstag, den 11.02.2023 in Schwegenheim in der N\u00e4he des Friedhofes gesehen hat. Zu diesem Zeitpunkt trug er eine beigefarbene Jacke, eine beigefarbene M\u00fctze und war mit einem dunklen E-Bike unterwegs. Gegen\u00fcber der Frau gab Herr N. an, dass er mit dem E-Bike nun \u00fcber Heiligenstein und Berghausen zur\u00fcck nach Speyer fahren wolle.<\/p>\n\n\n\n<ul>\n<li><strong>Ermittlungen bei Fahrradh\u00e4ndlern im Raum Speyer ergaben, dass es sich bei dem E-Bike des Vermissten um ein ca. 8-10 Jahre altes Rad der Marke &#8222;Kettler&#8220; mit tiefem Einstieg und dunkler Lackierung handelt.<\/strong><\/li>\n\n\n\n<li><strong>Weitere Informationen und das Lichtbild des Vermissten finden Sie hier:&nbsp;<a href=\"https:\/\/s.rlp.de\/DlnY0\" target=\"_blank\" rel=\"noreferrer noopener\">https:\/\/s.rlp.de\/DlnY0<\/a><\/strong><\/li>\n\n\n\n<li><strong>Da der Aufenthaltsort des Vermissten noch immer unbekannt ist, suchen wir weiterhin Zeugen.<\/strong><\/li>\n<\/ul>\n\n\n\n<p>Wenn Sie Hinweise auf den Aufenthaltsort von Herrn N. geben k\u00f6nnen, melden Sie sich bitte unter der Telefonnummer 0621\/963-2773 oder per E-Mail&nbsp;<a href=\"mailto:kiludwigshafen.k1.kdd@polizei.rlp.de\">kiludwigshafen.k1.kdd@polizei.rlp.de<\/a>&nbsp;bei der Kriminalpolizei Ludwigshafen.<\/p>\n\n\n\n<h2 class=\"wp-block-heading\">(Speyer) &#8211; Falschgeld an der Kasse entdeckt<\/h2>\n\n\n\n<p>Am 14.02.2023 gegen 15:30 Uhr versuchte ein 43-J\u00e4hriger an der Kasse eines Supermarktes in der Iggelheimer Stra\u00dfe mit einem gef\u00e4lschten 10-Euro-Schein zu bezahlen. Der 43-J\u00e4hrige gab zun\u00e4chst gegen\u00fcber den Beamten an, dass er den Schein selbst als R\u00fcckgeld bekommen hatte. Bei einer Personendurchsuchung fanden die Beamten in seinem hinteren Hosenbund dann allerdings ein B\u00fcndel mit Falschgeld. Insgesamt hatte er 950 Euro als gef\u00e4lschte Noten bei sich. Das Falschgeld wurde sichergestellt und den 43-J\u00e4hrigen erwartet nun eine Anzeige wegen dem Inverkehrbringen von Falschgeld.<\/p>\n\n\n\n<h2 class=\"wp-block-heading\">(Speyer) &#8211; Streit mit M\u00fcllabfuhr endet handgreiflich<\/h2>\n\n\n\n<p>Am 14.02.2023 gegen 10:20 Uhr befand sich ein M\u00fcllabfuhrfahrzeug in der Burgstra\u00dfe und die dreik\u00f6pfige Besatzung kam dabei ihrer Arbeitst\u00e4tigkeit nach. Aufgrund der regul\u00e4r an der gegen\u00fcberliegenden Fahrbahnseite abgestellten PKW`s, war zu diesem Zeitpunkt eine Vorbeifahrt f\u00fcr andere PKW nicht m\u00f6glich. Ein 51-J\u00e4hriger n\u00e4herte sich mit seinem PKW aus entgegengesetzter Richtung und verlangte vom dem 38-J\u00e4hrigen Fahrer den M\u00fcllwagen zur\u00fcckzusetzen. Dies lehnte der 38-J\u00e4hrige Mann mit Hinweis auf seinen Arbeitsauftrag ab. Daraus entwickelte sich ein Streitgespr\u00e4ch, in dessen Verlauf es zu einer k\u00f6rperlichen Auseinandersetzung zwischen den Beiden kam. Die Kontrahenten trugen oberfl\u00e4chliche Blessuren davon.<\/p>\n\n\n\n<h2 class=\"wp-block-heading\">(Speyer) &#8211; Auffahrunfall unter Alkoholeinfluss<\/h2>\n\n\n\n<p>Am 14.02.2023 gegen 09:45 Uhr befuhr ein 44-J\u00e4hriger mit seinem Wohnmobil die Franz-Kirrmeier-Stra\u00dfe in Richtung Auestra\u00dfe. In H\u00f6he einer dortigen Tankstelle, hielt er an und setzte seinen Blinker nach links. Aufgrund entgegenkommender Fahrzeuge musste er allerdings warten. Ein 58- J\u00e4hriger PKW Fahrer \u00fcbersah das wartende Wohnmobil und fuhr ungebremst auf dieses auf, dabei l\u00f6sten die AirBags am PKW aus. W\u00e4hrend der Unfallaufnahme stellten die Beamten bei dem PKW-Fahrer starken Atemalkoholgeruch wahr. Ein freiwilliger Atemalkoholtest ergab einen Wert 1,96 Promille. Durch einen hinzugerufenen Rettungsdienst wurde der PKW Fahrer in ein nahegelegenes Krankenhaus zur medizinischen Abkl\u00e4rung gebracht. Dort wurde ihm auch eine Blutprobe entnommen. Der F\u00fchrerschein wurde beschlagnahmt. Der PKW war nicht mehr fahrbereit und musste abgeschleppt werden. Aufgrund ausgelaufener Betriebsstoffe waren zudem die Feuerwehr Speyer und die Stra\u00dfenmeister im Einsatz. Der Sachschaden bel\u00e4uft sich auf ca. 7000 Euro.<\/p>\n\n\n\n<h2 class=\"wp-block-heading\">(Schifferstadt) &#8211; Farbschmierereien auf dem Spielplatz<\/h2>\n\n\n\n<p>Am Dienstagabend konnte durch einen aufmerksamen Jogger ein vierzehn sowie ein elfj\u00e4hriger Junge dabei beobachtet werden, wie diese mit einer Spraydose Spielger\u00e4te auf dem K\u00e4the-Kollwitz-Platz bespr\u00fchten. Gegen\u00fcber den Beamten zeigten sich die beiden &#8222;Schmierfinke&#8220; einsichtig und gaben an, die Spraydose in der N\u00e4he des Spielplatzes gefunden zu haben. Beide wurden im Anschluss den jeweiligen Erziehungsberechtigten \u00fcberstellt.<\/p>\n\n\n\n<h2 class=\"wp-block-heading\">(A 61 \/ Mutterstadt) &#8211; Bei Unfall verlorener Baum blockiert Autobahn<\/h2>\n\n\n<div class=\"wp-block-image\">\n<figure class=\"aligncenter size-full\"><img decoding=\"async\" loading=\"lazy\" width=\"800\" height=\"596\" src=\"https:\/\/speyer24news.com\/wp-content\/uploads\/2023\/02\/IMG-20230215-WA0000.jpg\" alt=\"\" class=\"wp-image-51015\" srcset=\"https:\/\/speyer24news.com\/wp-content\/uploads\/2023\/02\/IMG-20230215-WA0000.jpg 800w, https:\/\/speyer24news.com\/wp-content\/uploads\/2023\/02\/IMG-20230215-WA0000-300x224.jpg 300w, https:\/\/speyer24news.com\/wp-content\/uploads\/2023\/02\/IMG-20230215-WA0000-768x572.jpg 768w, https:\/\/speyer24news.com\/wp-content\/uploads\/2023\/02\/IMG-20230215-WA0000-80x60.jpg 80w\" sizes=\"(max-width: 800px) 100vw, 800px\" \/><\/figure><\/div>\n\n\n<p>Am 15.02.2023 gegen 19:40 Uhr meldeten mehrere Verkehrsteilnehmer einen Verkehrsunfall mit mehreren beteiligten Fahrzeugen auf der BAB 61 in Richtung Koblenz, kurz vor dem Autobahnkreuz Mutterstadt. Vor Ort konnten die Polizeibeamten einen stattlichen Baum quer auf der Fahrbahn liegend feststellen. Dieser wurde zuvor von einem 68-j\u00e4hrigem Fahrzeugf\u00fchrer auf seinem Pickup samt Anh\u00e4nger transportiert. Aufgrund ungekl\u00e4rter Ursache geriet der Pickup ins Schleudern und kollidierte mit einem in gleicher Richtung fahrenden Sattelzug. Hierbei rutschte der transportierte Baum auf die Fahrbahn. Der Fahrzeugf\u00fchrer des Pickup wurde hierbei leicht verletzt. Es entstand Sachschaden in H\u00f6he von ca. 30.000 Euro. Aufgrund Bergungs- und Aufr\u00e4umarbeiten musste die Richtungsfahrbahn Koblenz f\u00fcr ca. eine Stunde vollgesperrt werden.<\/p>\n\n\n\n<h2 class=\"wp-block-heading\">(Bellheim) &#8211; Verkehrsunfall mit schwerverletztem Fahrradfahrer<\/h2>\n\n\n\n<h3 class=\"wp-block-heading\">Nachtragsmeldung: 76-J\u00e4hriger nach Fahrradunfall verstorben<\/h3>\n\n\n<div class=\"wp-block-image\">\n<figure class=\"aligncenter size-full\"><img decoding=\"async\" loading=\"lazy\" width=\"800\" height=\"533\" src=\"https:\/\/speyer24news.com\/wp-content\/uploads\/2021\/01\/Ruhe-in-Frieden.jpg\" alt=\"\" class=\"wp-image-32361\" srcset=\"https:\/\/speyer24news.com\/wp-content\/uploads\/2021\/01\/Ruhe-in-Frieden.jpg 800w, https:\/\/speyer24news.com\/wp-content\/uploads\/2021\/01\/Ruhe-in-Frieden-300x200.jpg 300w, https:\/\/speyer24news.com\/wp-content\/uploads\/2021\/01\/Ruhe-in-Frieden-768x512.jpg 768w\" sizes=\"(max-width: 800px) 100vw, 800px\" \/><\/figure><\/div>\n\n\n<p>Der am 12.02.2023 alleinverunfallte Fahrradfahrer in Bellheim erlag am Donnerstag seinen Verletzungen. Aus noch ungekl\u00e4rter Ursache st\u00fcrze der 76-j\u00e4hrige Mann mit seinem Fahrrad an der Fortm\u00fchlstra\u00dfe in Bellheim, wobei er sich schwere Kopfverletzungen zuzog.<\/p>\n\n\n\n<h2 class=\"wp-block-heading\">(Germersheim) &#8211; Verkehrskontrollen im Dienstgebiet<\/h2>\n\n\n\n<p>Im Rahmen von Verkehrskontrollen wurden am 14.02.2023 im Dienstgebiet der Polizeiinspektion Germersheim mehrere Verkehrsverst\u00f6\u00dfe geahndet. Darunter waren Handy-, Gurtverst\u00f6\u00dfe und zwei M\u00e4ngelberichte.<\/p>\n\n\n\n<h2 class=\"wp-block-heading\">(Landau) &#8211; Verkehrskontrolle Rotlichtverst\u00f6\u00dfe im Stadtgebiet<\/h2>\n\n\n\n<p>Am 14.02.2023 wurde an der Ampelkreuzung Maximilianstra\u00dfe\/L509 in Landau eine Kontrolle bez\u00fcglich Rotlichtverst\u00f6\u00dfe durchgef\u00fchrt. Kontrolliert wurde der Linksabbiegerverkehr von der Maximilianstra\u00dfe kommend in Richtung Queichheimer Br\u00fccke. Es wurden mehrere eindeutige Rotlichtverst\u00f6\u00dfe festgestellt und dementsprechend geahndet. Aufgrund der Verst\u00f6\u00dfe kommt es immer wieder zu einer Blockierung der Kreuzung. Mit weiteren Kontrollen auch der anderen Fahrspuren ist zu rechnen.<\/p>\n\n\n\n<h2 class=\"wp-block-heading\">(A 65 \/ AS LD-Nord und Edenkoben) &#8211; N\u00f6tigung<a href=\"https:\/\/www.facebook.com\/sharer.php?u=https%3A%2F%2Fwww.presseportal.de%2Fblaulicht%2Fpm%2F117686%2F5441908%2F%3Futm_source%3Dfacebook%26utm_medium%3Dsocial\"><\/a><a href=\"https:\/\/twitter.com\/intent\/tweet?text=POL-PDLD%3A%20A65%2FAS%20LD-Nord%20und%20Edenkoben%20-%20N%C3%B6tigung&amp;url=https%3A%2F%2Fwww.presseportal.de%2Fblaulicht%2Fpm%2F117686%2F5441908%2F%3Futm_source%3Dtwitter%26utm_medium%3Dsocial&amp;hashtags=ots&amp;lang=de\"><\/a><a href=\"https:\/\/web.whatsapp.com\/send?text=POL-PDLD%3A%20A65%2FAS%20LD-Nord%20und%20Edenkoben%20-%20N%C3%B6tigung%0A%0Ahttps%3A%2F%2Fwww.presseportal.de%2Fblaulicht%2Fpm%2F117686%2F5441908%2F%3Futm_source%3Dwhatsapp%26utm_medium%3Dsocial\"><\/a><a href=\"https:\/\/www.xing.com\/app\/user?op=share;url=https%3A%2F%2Fwww.presseportal.de%2Fblaulicht%2Fpm%2F117686%2F5441908%2F%3Futm_source%3Dxing%26utm_medium%3Dsocial\"><\/a><a href=\"http:\/\/www.linkedin.com\/shareArticle?mini=true&amp;url=https%3A%2F%2Fwww.presseportal.de%2Fblaulicht%2Fpm%2F117686%2F5441908%2F%3Futm_source%3Dlinkedin%26utm_medium%3Dsocial&amp;title=POL-PDLD%3A+A65%2FAS+LD-Nord+und+Edenkoben+-+N%C3%B6tigung\"><\/a><a href=\"mailto:?subject=POL-PDLD%3A%20A65%2FAS%20LD-Nord%20und%20Edenkoben%20-%20N%C3%B6tigung&amp;body=https:\/\/www.presseportal.de\/blaulicht\/pm\/117686\/5441908\"><\/a><\/h2>\n\n\n\n<p>Zu einer N\u00f6tigung auf der A65 zwischen der AS Landau-Nord und Edenkoben (Fahrtrichtung Ludwigshafen) kam es Dienstagmorgen (14.02.2023) kurz vor 9 Uhr. Eine 31 Jahre alte Autofahrerin fuhr auf der linken Fahrspur hinter einem Skoda Octavia her, als dessen Fahrer pl\u00f6tzlich ohne erkennbaren Grund sein Fahrzeug stark abbremste. Nur durch die schnelle Reaktion der Autofahrerin konnte ein gr\u00f6\u00dferer Verkehrsunfall verhindert werden. An der AS Edenkoben hat der Unbekannte die Autobahn verlassen. Die Frau erstattete Strafanzeige wegen N\u00f6tigung im Stra\u00dfenverkehr. Hinweis zu dem gesuchten Skoda Octavia sowie zu dessen Fahrer nimmt die Polizei Edenkoben unter der Rufnummer 06323 9550 entgegen.<\/p>\n\n\n\n<h2 class=\"wp-block-heading\">(Annweiler) &#8211; Neue Telefonnummer f\u00fcr die Polizeiwache Annweiler<\/h2>\n\n\n\n<p>Die Polizeiwache Annweiler hat eine neue telefonische Erreichbarkeit. Ab dem 16.02.2023 ist die Polizeiwache \u00fcber die Nummer 06346 \/ 9646 2519 anzuw\u00e4hlen.<\/p>\n\n\n\n<h2 class=\"wp-block-heading\">(Neustadt) &#8211; Schwerer Verkehrsunfall<\/h2>\n\n\n\n<p>Am 15.02.2023 gegen 11:30 Uhr kam es in der Wei\u00dfkreuzstra\u00dfe zu einem schweren Verkehrsunfall. Nach derzeitigem Ermittlungsstand fuhr ein 87-j\u00e4hriger Mann aus bislang unbekanntem Grund ungebremst auf mehrere am Fahrbahnrand geparkte Pkw auf. Zuvor kam der Mann bereits mehrfach von der Fahrbahn ab und besch\u00e4digte hierbei einen Gartenzaun und eine Gartenmauer. Durch den Zusammensto\u00df mit dem Pkw erlitt der Unfallverursacher schwere Verletzungen. Genaueres hierzu ist nicht bekannt. Er wurde durch den Rettungsdienst in ein umliegendes Krankenhaus verbracht. Durch den Unfall entstand ein Sachschaden von ca. 59000EUR.<\/p>\n\n\n\n<p>Da Betriebsstoffe ausliefen, wurde die Feuerwehr Neustadt verst\u00e4ndigt. F\u00fcr die Aufr\u00e4umarbeiten wurde der Bereich um die Unfallstelle f\u00fcr ca. zwei Stunden gesperrt.<\/p>\n\n\n\n<h2 class=\"wp-block-heading\">(R\u00f6dersheim-Gronau) &#8211; Brand in Einfamilienhaus<\/h2>\n\n\n\n<p>Aus bislang ungekl\u00e4rter Ursache kam es am 14.02.2023, gegen 20:45 Uhr, in der Hauptstra\u00dfe in R\u00f6dersheim-Gronau zu einem Brand in einem Einfamilienhaus. Vom Feuer waren neben dem Dachstuhl zwei weitere Zimmer betroffen. Der Brand konnte durch die Feuerwehr gel\u00f6scht werden. Zum jetzigen Stand der Ermittlungen wurde keine Person verletzt. Der Gesamtschaden wird aktuell auf 200.000 Euro gesch\u00e4tzt. Das Anwesen ist derzeit nur bedingt bewohnbar. Angrenzende Geb\u00e4ude wurden nicht besch\u00e4digt.<\/p>\n\n\n\n<p>W\u00e4hrend der L\u00f6scharbeiten mussten zwei Stra\u00dfen f\u00fcr mehrere Stunden gesperrt werden. Aufgrund der Uhrzeit kam es dabei zu keinen Verkehrsbeeintr\u00e4chtigungen. Die Ermittlungen zur Brandursache wurden aufgenommen.<\/p>\n\n\n\n<h2 class=\"wp-block-heading\">(Friedelsheim) &#8211; PKW besch\u00e4digt und gefl\u00fcchtet<\/h2>\n\n\n\n<p>Im Zeitraum von 13.02.2023 17:00 Uhr bis 14.02.2023, 09:00 Uhr wurde ein Im Schlossgarten in Friedelheim abgestellter Mercedes Sprinter besch\u00e4digt. Ein bislang unbekannter Verkehrsteilnehmer besch\u00e4digte vermutlich beim Aus- bzw. Einparken den Sprinter und entfernte sich anschlie\u00dfend unerlaubt von der Unfallstelle. An der Sto\u00dfstange, dem Kotfl\u00fcgel und einem Scheinwerfer entstand ein Sachschaden in H\u00f6he von 1000EUR. Es liegen keinerlei Hinweise auf den Unfallverursacher vor. Die Polizei Bad D\u00fcrkheim bittet um Hinweise unter 06322 963 0 oder per E-Mail an&nbsp;<a href=\"mailto:pibadduerkheim@polizei.rlp.de\">pibadduerkheim@polizei.rlp.de<\/a><\/p>\n\n\n\n<h2 class=\"wp-block-heading\">(B 271 \/ Bad D\u00fcrkheim) &#8211; Vollsperrung B 271 nach Verkehrsunfall<\/h2>\n\n\n\n<p>Wegen einem Verkehrsunfall ist derzeit die Bundesstra\u00dfe 271 zwischen den Abfahrten Mannheimer Stra\u00dfe und Industriegebiet Bruch voll gesperrt. Es wird nachberichtet. (15.02.2023 \u2013 11:28)<\/p>\n\n\n\n<h3 class=\"has-text-align-center wp-block-heading\">Nachtragsmeldung: Zwei Verletzte nach Frontalzusammensto\u00df<\/h3>\n\n\n\n<p>Zu einem Frontalzusammensto\u00df zwischen zwei PKW kam es am Mittwoch den 15.02.2023 gegen 9.30 Uhr im Bereich der B 271 in Bad D\u00fcrkheim. Nach ersten Erkenntnissen missachtete ein 65 &#8211; j\u00e4hriger Autofahrer, welcher aus der Mannheimer Stra\u00dfe auf die B 271 abbiegen wollte, die Vorfahrt einer 24 &#8211; j\u00e4hrigen Autofahrerin, welche die B 271 in Richtung Neustadt befuhr. Die 24 &#8211; J\u00e4hrige musste in Folge der Vorfahrtsverletzung ein Ausweichman\u00f6ver einleiten, kam in den Gegenverkehr und kollidierte mit einer entgegenkommenden 68 &#8211; j\u00e4hrigen Autofahrerin. Die beiden Fahrerinnen wurden von dem hinzugerufenen Rettungsdienst medizinisch versorgt und kamen zur weiteren Abkl\u00e4rung ins Krankenhaus. Weiterhin waren die Fahrzeuge nicht mehr fahrbereit und mussten abgeschleppt werden. Der entstandene Sachschaden wird auf zirka 23.000 EUR beziffert. Die B 271 musste f\u00fcr die Dauer der Unfallaufnahme gesperrt werden. Nach Reinigung der Fahrbahn wurde die B 271 gegen 12 Uhr wieder freigegeben.<\/p>\n\n\n\n<h2 class=\"wp-block-heading\">(Bad D\u00fcrkheim) &#8211; Fenster eingeschlagen und Tresor aufgeflext<\/h2>\n\n\n\n<p>Im Zeitraum vom 11.02.2023, 08:00 Uhr, bis 14.02.2023, 12:00 Uhr, kam es zu einem Einbruch in ein Einfamilienhaus Auf der K\u00f6ppel in Bad D\u00fcrkheim. Bislang unbekannte T\u00e4ter warfen eine Fensterscheibe mit einem Stein ein und durchw\u00fchlten im Anschluss das gesamte Haus. Ein Tresor wurde durch die T\u00e4ter aufgeflext. Konkrete Angaben \u00fcber das Stehlgut liegen noch nicht vor. Es ist lediglich bekannt, dass zum Teil Bargeld, Schmuck und eine Jura Kaffeemaschine im Gesamtwert von ca. 10000EUR entwendet wurden. Zeugen, welche im genannten Zeitraum verd\u00e4chtigte Personen oder Fahrzeuge wahrgenommen haben, werden gebeten sich mit der Polizeiinspektion Bad D\u00fcrkheim unter der Tel. 06322\/963-0 oder per E-Mail&nbsp;<a href=\"mailto:pibadduerkheim@polizei.rlp.de\">pibadduerkheim@polizei.rlp.de<\/a>&nbsp;in Verbindung zu setzen.<\/p>\n\n\n\n<h2 class=\"wp-block-heading\">(Bad D\u00fcrkheim) &#8211; PKW in Brand geraten<\/h2>\n\n\n\n<p>Am 14.02.2023 gegen 08:30 Uhr wurde ein brennender PKW in der Sonnenwendstra\u00dfe in Bad D\u00fcrkheim gemeldet. Ein 39-J\u00e4hirger befuhr mit seinem Chevrolet Captiva die Sonnenwendstra\u00dfe, als er pl\u00f6tzlich Rauch feststellen konnte. Das Fahrzeug hatte sich nach ersten Ermittlungen vermutlich aufgrund eines technischen Defektes selbst entz\u00fcndet. Die freiwillige Feuerwehr konnte den Brand schnell unter Kontrolle bringen. Es entstand ein wirtschaftlicher Totalschaden. Personen wurden nicht verletzt.<\/p>\n\n\n\n<h2 class=\"wp-block-heading\">(Kirchheim) &#8211; Ohne Fahrerlaubnis unter Drogeneinfluss unterwegs<\/h2>\n\n\n\n<p>Im Rahmen einer allgemeinen Verkehrskontrolle am 15.02.2023 gegen 02 Uhr auf dem Mitfahrerparkplatz stellten die eingesetzten Polizeibeamten bei einem 20 Jahre alten Autofahrer Auff\u00e4lligkeiten fest, die auf einen vorangegangenen Bet\u00e4ubungsmittelkonsum schlie\u00dfen lassen. Ein Vortest reagierte positiv auf THC. Infolge dessen wurde die Weiterfahrt untersagt und eine Blutprobenentnahme bei dem jungen Mann veranlasst. Einen F\u00fchrerschein konnte der Kontrollierte den Beamten nicht vorzeigen. Angeblich habe er diesen verloren. Eine Recherche in den polizeilichen Informationssystemen ergab jedoch, dass zurzeit ein Fahrverbot f\u00fcr den Heranwachsenden wirksam ist. Ein Strafverfahren wegen Fahrens ohne Fahrerlaubnis und ein Ordnungswidrigkeitsverfahren wegen Fahrens unter Einfluss berauschender Mittel wurden eingeleitet. Die Halterin des von dem 20-j\u00e4hrigen genutzten Pkw muss sich in einem Strafverfahren verantworten, weil der Verdacht besteht, dass sie zugelassen hat, dass der junge Mann ohne erforderliche Fahrerlaubnis am Stra\u00dfenverkehr teilnimmt.<\/p>\n\n\n\n<h2 class=\"wp-block-heading\">(Gr\u00fcnstadt) &#8211; Zusammensto\u00df zwischen Pkw und Fu\u00dfg\u00e4nger<\/h2>\n\n\n\n<p>Leichte Verletzungen trug ein Fu\u00dfg\u00e4nger davon, der am Dienstag (14.02.2023) gegen 18:50 Uhr von einem Pkw erfasst wurde. Die Fahrerin des Pkw befuhr die Obers\u00fclzer Stra\u00dfe vom Verkehrskreisel Innenstadt kommend in Richtung Vorstadt und wollte nach links in die Kirchheimer Stra\u00dfe einbiegen. Der Fu\u00dfg\u00e4nger \u00fcberquerte die Fahrbahn der Obers\u00fclzer Stra\u00dfe in H\u00f6he der Einm\u00fcndung Kirchheimer Stra\u00dfe und wurde von der Autofahrerin \u00fcbersehen, so dass es zur Kollision kam, infolge derer der er zu Boden st\u00fcrzte. Zur medizinischen Versorgung wurde der Mann durch den Rettungsdienst in ein Krankenhaus gebracht.<\/p>\n\n\n\n<h2 class=\"wp-block-heading\">(K 31 \/ Altleinigen) &#8211; Schwerer Verkehrsunfall<a href=\"https:\/\/www.facebook.com\/sharer.php?u=https%3A%2F%2Fwww.presseportal.de%2Fblaulicht%2Fpm%2F117687%2F5442061%2F%3Futm_source%3Dfacebook%26utm_medium%3Dsocial\"><\/a><a href=\"https:\/\/twitter.com\/intent\/tweet?text=POL-PDNW%3A%20Schwerer%20Verkehrsunfall&amp;url=https%3A%2F%2Fwww.presseportal.de%2Fblaulicht%2Fpm%2F117687%2F5442061%2F%3Futm_source%3Dtwitter%26utm_medium%3Dsocial&amp;hashtags=ots&amp;lang=de\"><\/a><a href=\"https:\/\/web.whatsapp.com\/send?text=POL-PDNW%3A%20Schwerer%20Verkehrsunfall%0A%0Ahttps%3A%2F%2Fwww.presseportal.de%2Fblaulicht%2Fpm%2F117687%2F5442061%2F%3Futm_source%3Dwhatsapp%26utm_medium%3Dsocial\"><\/a><a href=\"https:\/\/www.xing.com\/app\/user?op=share;url=https%3A%2F%2Fwww.presseportal.de%2Fblaulicht%2Fpm%2F117687%2F5442061%2F%3Futm_source%3Dxing%26utm_medium%3Dsocial\"><\/a><a href=\"http:\/\/www.linkedin.com\/shareArticle?mini=true&amp;url=https%3A%2F%2Fwww.presseportal.de%2Fblaulicht%2Fpm%2F117687%2F5442061%2F%3Futm_source%3Dlinkedin%26utm_medium%3Dsocial&amp;title=POL-PDNW%3A+Schwerer+Verkehrsunfall\"><\/a><a href=\"mailto:?subject=POL-PDNW%3A%20Schwerer%20Verkehrsunfall&amp;body=https:\/\/www.presseportal.de\/blaulicht\/pm\/117687\/5442061\"><\/a><\/h2>\n\n\n\n<p>Wegen eines schweren Verkehrsunfalls auf der K 31 zwischen Kleins\u00e4gm\u00fchle und H\u00f6hningen ist die Strecke aktuell voll gesperrt. Es wird nachberichtet. (15.02.2023 \u2013 13:35)<\/p>\n\n\n\n<h3 class=\"has-text-align-center wp-block-heading\">Nachtragsmeldung: Schwerer Verkehrsunfall mit drei Verletzten<\/h3>\n\n\n\n<p>Am 15.02.2023 gegen 13:00 Uhr kam es auf der K31 zwischen Altleiningen\/Kleins\u00e4gm\u00fchlerhof und H\u00f6ningen zu einem schweren Verkehrsunfall, bei welchem drei Personen verletzt wurden. Eine 33-j\u00e4hrige Pkw-Fahrerin befuhr die K31 vom Kleins\u00e4gm\u00fchlerhof kommend in Fahrtrichtung H\u00f6ningen. Die Pkw-Fahrerin kam aus noch ungekl\u00e4rter Ursache in einer Rechtskurve nach links von der Fahrbahn ab und kollidierte mit einem Baum. Durch den Aufprall wurde die 33-J\u00e4hrige schwer aber nicht lebensbedrohlich verletzt. Au\u00dferdem wurden ein auf der R\u00fcckbank befindlicher S\u00e4ugling sowie ein 5-j\u00e4hriges Kind leicht verletzt. Alle drei Personen wurden zur weiteren Behandlung in Krankenh\u00e4user verbracht. Am Pkw entstand Totalschaden in H\u00f6he von ca. 12000,-EUR. Die K31 musste f\u00fcr die Dauer der Unfallaufnahme f\u00fcr ca. drei Stunden voll gesperrt werden. Es kamen ein Rettungshubschrauber und zwecks Unfallaufnahme eine Drohne der Polizei zum Einsatz. Zur Kl\u00e4rung der genauen Unfallursache wurde ein Gutachter bestellt.<\/p>\n\n\n\n<h2 class=\"wp-block-heading\">(A 6 \/ Wattenheim) &#8211; Nach diversen Verkehrsverst\u00f6\u00dfen Polizeibeamtem Geld geboten<\/h2>\n\n\n<div class=\"wp-block-image\">\n<figure class=\"aligncenter size-full\"><img decoding=\"async\" loading=\"lazy\" width=\"768\" height=\"551\" src=\"https:\/\/speyer24news.com\/wp-content\/uploads\/2021\/01\/Geld.jpg\" alt=\"\" class=\"wp-image-31982\" srcset=\"https:\/\/speyer24news.com\/wp-content\/uploads\/2021\/01\/Geld.jpg 768w, https:\/\/speyer24news.com\/wp-content\/uploads\/2021\/01\/Geld-300x215.jpg 300w\" sizes=\"(max-width: 768px) 100vw, 768px\" \/><\/figure><\/div>\n\n\n<p>Bei der Kontrolle des Fahrers eines Ford Transits am 05.02.2023, gegen 00.40 Uhr, auf der A6, Tank- und Rastanlage Pfalz, stellten Beamte der Polizeiautobahnstation Ruchheim mehrere Verkehrsverst\u00f6\u00dfe fest.<\/p>\n\n\n\n<p>Der 21-j\u00e4hrige Fahrer konnte auf Verlangen die erforderlichen Tageskontrollbl\u00e4tter nicht aush\u00e4ndigen, weshalb er keinen Nachweis \u00fcber seine Lenk- und Ruhezeiten erbringen konnte. Im Weiteren stellten die Beamten fest, dass er die Ladung seines Fahrzeugs nur unzureichend gesichert hatte. W\u00e4hrend der Kontrolle wirkte der 21-J\u00e4hrige sichtlich nerv\u00f6s und zeigte mehrere drogenbedingte Auffallerscheinungen. Zur Durchf\u00fchrung eines Drogenschnelltests begab er sich daraufhin mit einem der Beamten zur Toilette. Dort bot er dem Polizisten Bargeld, wenn er auf den Drogentest verzichten und ihn weiterfahren lassen w\u00fcrde.<\/p>\n\n\n\n<p>Dem 21-J\u00e4hrigen wurde daraufhin eine Blutprobe entnommen. Gegen ihn wurden Ermittlungsverfahren wegen des Versuchs der Bestechung, Trunkenheit im Stra\u00dfenverkehr. Versto\u00df gegen die Sozialvorschriften und der Ladungssicherung eingeleitet.<\/p>\n\n\n\n<h2 class=\"wp-block-heading\">(A 61 \/ Beindersheim) &#8211; Fiat Fahrer unter Drogeneinfluss<\/h2>\n\n\n\n<p>Am 14.02.2023, um 18.45 Uhr, kontrollierten Beamte der Polizeiautobahnstation Ruchheim einen Fiat am Autobahnkreuz Frankenthal auf der A61. Der 33-j\u00e4hrige Autofahrer erkl\u00e4rte auf Nachfrage, zwei Tage zuvor auf dem Geburtstag seiner Schwester Cannabis geraucht zu haben. Da der 33-J\u00e4hrige drogentypische Auffallerscheinungen zeigte wurde ein Drogenschnelltest durchgef\u00fchrt. Dieser best\u00e4tigte, dass er unter dem Einfluss von THC stand.<\/p>\n\n\n\n<p>Dem Mann wurde eine Blutprobe entnommen und ein Ermittlungsverfahren wegen Trunkenheit im Stra\u00dfenverkehr und Versto\u00df gegen das Bet\u00e4ubungsmittelgesetz eingeleitet. Da er keinen festen Wohnsitz in der Bundesrepublik Deutschland hat, wurde zur Sicherstellung des Verfahrens eine Sicherheitsleistung in H\u00f6he von 700 EUR einbehalten.<\/p>\n\n\n\n<h2 class=\"wp-block-heading\">(Pr\u00e4sidialbereich&nbsp;Rheinpfalz) &#8211; Fastnacht 2023 \/ Sicher durch die n\u00e4rrische Zeit kommen<\/h2>\n\n\n<div class=\"wp-block-image\">\n<figure class=\"aligncenter size-full\"><img decoding=\"async\" loading=\"lazy\" width=\"800\" height=\"600\" src=\"https:\/\/speyer24news.com\/wp-content\/uploads\/2019\/03\/02-03-19-Hockenheim-Faschingsumzug-119.jpg\" alt=\"\" class=\"wp-image-9508\" srcset=\"https:\/\/speyer24news.com\/wp-content\/uploads\/2019\/03\/02-03-19-Hockenheim-Faschingsumzug-119.jpg 800w, https:\/\/speyer24news.com\/wp-content\/uploads\/2019\/03\/02-03-19-Hockenheim-Faschingsumzug-119-300x225.jpg 300w, https:\/\/speyer24news.com\/wp-content\/uploads\/2019\/03\/02-03-19-Hockenheim-Faschingsumzug-119-768x576.jpg 768w, https:\/\/speyer24news.com\/wp-content\/uploads\/2019\/03\/02-03-19-Hockenheim-Faschingsumzug-119-678x509.jpg 678w, https:\/\/speyer24news.com\/wp-content\/uploads\/2019\/03\/02-03-19-Hockenheim-Faschingsumzug-119-326x245.jpg 326w, https:\/\/speyer24news.com\/wp-content\/uploads\/2019\/03\/02-03-19-Hockenheim-Faschingsumzug-119-80x60.jpg 80w\" sizes=\"(max-width: 800px) 100vw, 800px\" \/><\/figure><\/div>\n\n\n<p>Die Hochphase der diesj\u00e4hrigen Fastnacht steht unmittelbar bevor. Sie beginnt mit der &#8222;Altweiberfastnacht&#8220; am 16.02.2023 und endet mit den traditionellen Veranstaltungen am Dienstagabend. F\u00fcr viele hei\u00dft es jetzt: Endlich wieder im Kost\u00fcm aus dem Alltag ausbrechen und die n\u00e4rrische Ausgelassenheit leben. Dabei wird vielerorts sicher auch feuchtfr\u00f6hlich gesungen, getanzt und gelacht. Doch die n\u00e4rrische Ausgelassenheit birgt auch Gefahren, insbesondere dann, wenn zu viel Alkohol im Spiel ist. <\/p>\n\n\n\n<h4 class=\"wp-block-heading\">Deshalb hier noch einmal unser Appell an alle feierfreudigen N\u00e4rrinnen und Narren:<\/h4>\n\n\n\n<ul>\n<li><strong>Fahren Sie niemals alkoholisiert oder mit alkoholisierten Fahrern. Rufen Sie nach dem Konsum von Alkohol immer ein Taxi, nutzen Sie die \u00f6ffentlichen Verkehrsmittel oder lassen Sie sich von einer n\u00fcchternen Person abholen.<\/strong><\/li>\n\n\n\n<li><strong>Wir empfehlen: Wer zusammen feiert, geht auch zusammen Heim. Verabreden Sie schon vor dem Feiern, wie alle wieder sicher nach Hause kommen.<\/strong><\/li>\n<\/ul>\n\n\n\n<p>F\u00fcr eine friedliche und sichere Fastnacht sind wir f\u00fcr Sie verst\u00e4rkt im Einsatz. Damit alle auch nach dem Feiern wieder sicher nach Hause kommen, f\u00fchren wir verst\u00e4rkt Verkehrskontrollen durch. Denn wer unter Alkohol- oder Drogeneinfluss f\u00e4hrt, gef\u00e4hrdet nicht nur sich, sondern auch andere. Er begeht eine Ordnungswidrigkeit oder sogar eine Straftat.<\/p>\n\n\n\n<h2 class=\"wp-block-heading\">(Ludwigshafen) &#8211; Betrunken mit dem Auto unterwegs<\/h2>\n\n\n\n<p>Am fr\u00fchen Morgen des 15.02.2023 unterzogen Beamte der Polizei Ludwigshafen einen 40-j\u00e4hrigen Autofahrer aus Frankenthal in der Bahnhofstra\u00dfe einer Verkehrskontrolle. Der Fahrer schien deutlich alkoholisiert. Er konnte keinen Atemalkoholtest durchf\u00fchren, gab aber selbst an, im Laufe des Abends mehrere Gl\u00e4ser Whiskey getrunken zu haben. Zur Feststellung der genauen Alkoholisierung wurde dem 40-J\u00e4hrigen auf der Polizeidienststelle eine Blutprobe entnommen. Gegen ihn wird nun wegen des Verdachts der Trunkenheit im Verkehr ermittelt.<\/p>\n\n\n\n<h2 class=\"wp-block-heading\">(Ludwigshafen) &#8211; Falsche Polizeibeamte t\u00e4uschen Seniorin<\/h2>\n\n\n<div class=\"wp-block-image\">\n<figure class=\"aligncenter size-full\"><img decoding=\"async\" loading=\"lazy\" width=\"800\" height=\"396\" src=\"https:\/\/speyer24news.com\/wp-content\/uploads\/2020\/01\/Falscher-Polizeibeamter.jpg\" alt=\"\" class=\"wp-image-24247\" srcset=\"https:\/\/speyer24news.com\/wp-content\/uploads\/2020\/01\/Falscher-Polizeibeamter.jpg 800w, https:\/\/speyer24news.com\/wp-content\/uploads\/2020\/01\/Falscher-Polizeibeamter-300x149.jpg 300w, https:\/\/speyer24news.com\/wp-content\/uploads\/2020\/01\/Falscher-Polizeibeamter-768x380.jpg 768w\" sizes=\"(max-width: 800px) 100vw, 800px\" \/><\/figure><\/div>\n\n\n<p>Betr\u00fcgern gelang es am 14.02.2023 durch geschickte Gespr\u00e4chsf\u00fchrung am Telefon eine Seniorin aus Ludwigshafen zu t\u00e4uschen. Sie verunsicherten die Frau massiv, indem sie sich als Polizeibeamte ausgaben und behaupteten, es habe drei Festnahmen gegeben und man m\u00fcsse nun ihr Geld zu ihrem Schutz sicherstellen. Gegen 15:40 Uhr holte ein angeblicher Polizeibeamter in der Prager Stra\u00dfe Bargeld bei ihr pers\u00f6nlich ab. Er versicherte der Seniorin, das Geld am Abend wiederzubringen. Als dies nicht passierte, wurde sie stutzig und informierte die echte Polizei. Es entstand ein Sachschaden in mittlerer f\u00fcnfstelliger H\u00f6he.<\/p>\n\n\n\n<h4 class=\"wp-block-heading\">Den angeblichen Polizisten, der das Geld bei ihr abholte, konnte die Seniorin wie folgt beschreiben: <\/h4>\n\n\n\n<ul>\n<li><strong>Etwa 20-25 Jahre alt<\/strong><\/li>\n\n\n\n<li><strong>1,65-1,70 m gro\u00df<\/strong><\/li>\n\n\n\n<li><strong>schlank<\/strong><\/li>\n\n\n\n<li><strong>dunkler Teint<\/strong><\/li>\n\n\n\n<li><strong>schwarze Haare<\/strong><\/li>\n\n\n\n<li><strong>Vollbart<\/strong><\/li>\n\n\n\n<li><strong>Zum Tatzeitpunkt habe er eine schwarze Steppjacke mit \u00fcbergezogener Kapuze, eine schwarze Jeans und schwarze Turnschuhe getragen.<\/strong><\/li>\n<\/ul>\n\n\n\n<ul>\n<li><strong>Sie haben zur Tatzeit in der Prager Stra\u00dfe etwas auff\u00e4lliges beobachtet oder k\u00f6nnen sonstige sachdienliche Hinweise geben? Bitte melden Sie sich bei der Kriminalpolizei Ludwigshafen unter der Telefonnummer 0621\/963-2773 oder per E-Mail&nbsp;<a href=\"mailto:kiludwigshafen.k1.kdd@polizei.rlp.de\">kiludwigshafen.k1.kdd@polizei.rlp.de<\/a>.<\/strong><\/li>\n<\/ul>\n\n\n\n<p>Leider handelt es sich bei diesem Fall um keinen Einzelfall. Immer wieder gelingt es Betr\u00fcgern unter Vort\u00e4uschen von Notlagen, einer offiziellen Funktion oder einer pers\u00f6nlichen Beziehung zum Opfer sich das Vertrauen der Angerufenen zu erschleichen. Telefonbetrug ist ein Ph\u00e4nomen, von dem fast ausschlie\u00dflich \u00e4ltere Menschen betroffen sind. Die T\u00e4ter nutzen skrupellos und zielgerichtet das Alter, die Gebrechlichkeit und die Gutgl\u00e4ubigkeit des Opfers aus. Meist werden die Angerufenen massiv verunsichert, ver\u00e4ngstigt und immer weiter unter Druck gesetzt. Bedenken Sie, dass die T\u00e4ter erfinderisch und schauspielerisch begabt sind. Sie reagieren schnell und denken sich immer neue Taktiken aus, um ihr Ziel zu erreichen.<\/p>\n\n\n\n<h4 class=\"wp-block-heading\">Die Polizei r\u00e4t zu folgenden Verhaltenshinweisen:<\/h4>\n\n\n\n<ul>\n<li><strong>Beachten Sie, dass die Polizei Sie nie unter der 110 kontaktiert.<\/strong><\/li>\n\n\n\n<li><strong>Wenn Sie im Gespr\u00e4ch aufgefordert werden unter Verwendung der R\u00fcckruftaste die 110 zu w\u00e4hlen, legen Sie auf und w\u00e4hlen Sie die Nummer selbst.<\/strong><\/li>\n\n\n\n<li><strong>Wenn Sie einer der vorgenannten Anrufe erreicht, legen Sie einfach den H\u00f6rer auf.<\/strong><\/li>\n\n\n\n<li><strong>Geben Sie keine pers\u00f6nlichen Daten wie Name, Geburtsdatum, Bankverbindungen, Verm\u00f6gensverh\u00e4ltnisse an fremde Personen heraus.<\/strong><\/li>\n\n\n\n<li><strong>Die Polizei schickt keine Zivilkr\u00e4fte, um Geld oder Wertsachen abzuholen und vorsorglich in Verwahrung zu nehmen.<\/strong><\/li>\n\n\n\n<li><strong>Lassen Sie Ihre Telefonnummer aus den Telefonverzeichnissen l\u00f6schen.<\/strong><\/li>\n\n\n\n<li><strong>Bringen Sie den Anruf bei der n\u00e4chsten Polizeidienststelle oder per Onlinewache zur Anzeige.<\/strong><\/li>\n<\/ul>\n\n\n\n<h2 class=\"wp-block-heading\">(Ludwigshafen) &#8211; Fu\u00dfg\u00e4ngerin bei Unfall verletzt \/ Zeugen gesucht<\/h2>\n\n\n\n<p>Am Dienstagmorgen (14.02.2023), gegen 8:20 Uhr, stie\u00df eine 43-j\u00e4hrige Autofahrerin beim Abbiegen von der Kneippstra\u00dfe in die Hohenzollernstra\u00dfe mit einer 16-j\u00e4hrigen Fu\u00dfg\u00e4ngerin, die die Stra\u00dfe \u00fcberquerte, zusammen. Die 16-J\u00e4hrige wurde leicht verletzt und mit dem Krankenwagen in ein Krankenhaus gebracht. An dem Auto entstand ein Schaden in H\u00f6he von rund 100 Euro.<\/p>\n\n\n\n<ul>\n<li><strong>Haben Sie den Unfall beobachtet?<\/strong><\/li>\n<\/ul>\n\n\n\n<p>Zeugen werden gebeten mit der Polizeiinspektion Ludwigshafen 2, Telefonnummer 0621 963-2222 oder per E-Mail&nbsp;<a href=\"mailto:piludwigshafen2@polizei.rlp.de\">piludwigshafen2@polizei.rlp.de<\/a>&nbsp;in Verbindung zu setzen.<\/p>\n\n\n\n<h2 class=\"wp-block-heading\">(Ludwigshafen) &#8211; Unbekannte zerkratzen Auto \/ Zeugen gesucht<\/h2>\n\n\n\n<p>Ein 44-J\u00e4hriger parkte einen Renault Twingo am Abend des 12.02.2023 in der Seydlitzstra\u00dfe. Als er am Morgen des 14.02.2023 zu dem Fahrzeug zur\u00fcckkehrte, stellte er an der Front des Fahrzeugs frische Kratzer fest. Der Schaden bel\u00e4uft sich auf rund 7.000 Euro.<\/p>\n\n\n\n<ul>\n<li><strong>Haben Sie die Tat beobachtet oder verd\u00e4chtige Wahrnehmungen gemacht?<\/strong><\/li>\n<\/ul>\n\n\n\n<p>Sachdienliche Hinweise bitte an die Polizeiinspektion Ludwigshafen 1, Telefonnummer 0621 963-2122 oder per E-Mail&nbsp;<a href=\"mailto:piludwigshafen1@polizei.rlp.de\">piludwigshafen1@polizei.rlp.de<\/a>.<\/p>\n\n\n\n<h2 class=\"wp-block-heading\">(Ludwigshafen) &#8211; Unfall bei Stra\u00dfen\u00fcberquerung<\/h2>\n\n\n\n<p>Am Morgen des 13.02.2023 befuhr eine 30-j\u00e4hrige Autofahrerin den Wei\u00dfdornhag in Richtung Raschigstra\u00dfe. Beim \u00dcberqueren der Raschigstra\u00dfe \u00fcbersah sie eine 41-J\u00e4hrige, welche diese ebenfalls mit dem Auto befuhr. Durch den folgenden Zusammensto\u00df wurden beide Fahrzeuge derart besch\u00e4digt, dass sie abgeschleppt werden mussten. Die beiden Autofahrerinnen sowie der Sohn der 43-J\u00e4hrigen und ein Beifahrer erlitten leichte Verletzungen und wurden teilweise in umliegende Krankenh\u00e4user verbracht. Der Sachschaden wird auf rund 7.000 Euro gesch\u00e4tzt.<\/p>\n\n\n\n<h2 class=\"wp-block-heading\">(Mannheim-Seckenheim) &#8211; Mit Gips-Arm am Steuer<\/h2>\n\n\n\n<p>Am Dienstag gegen 10:45 Uhr fiel einer Streife bei der Hinterherfahrt in der Seckenheimer Hauptstra\u00dfe die unsichere Fahrweise eines Verkehrsteilnehmers auf, woraufhin dieser einer Kontrolle unterzogen wurde. Die Beamten staunten nicht schlecht, als sie erkannten, dass sich der linke Arm des Fahrers g\u00e4nzlich im Gips befand und f\u00fcr die Bedienung des Fahrzeugs unbrauchbar war. Der 29-j\u00e4hrige Fahrer konnte weder einen reibungslosen Lenkvorgang durchf\u00fchren, noch irgendwelche Bedienelemente der linken Fahrzeugseite bet\u00e4tigen. Aufgrund des k\u00f6rperlichen Mangels und der damit verbundenen eingeschr\u00e4nkten F\u00e4higkeiten das Fahrzeug im Verkehr zu f\u00fchren, musste der 29-J\u00e4hrige das Fahrzeug stehen lassen und den Heimweg zu Fu\u00df antreten.<\/p>\n\n\n\n<p>Ihn erwartet nun eine Ordnungswidrigkeitenanzeige, welche von dem Polizeirevier Ladenburg bearbeitet wird.<\/p>\n\n\n\n<p>Die Polizei weist darauf hin, dass Verkehrsteilnehmer nur am Stra\u00dfenverkehr teilnehmen d\u00fcrfen, wenn sie in der Lage sind ihr Fahrzeug sicher und ohne Einschr\u00e4nkungen bedienen k\u00f6nnen, um sich und andere Verkehrsteilnehmer nicht zu gef\u00e4hrden!<\/p>\n\n\n\n<h2 class=\"wp-block-heading\">(Heidelberg) &#8211; 25-J\u00e4hriger und 23-J\u00e4hriger wegen Verdachts des gewerbsm\u00e4\u00dfigen Diebstahls in Untersuchungshaft<\/h2>\n\n\n\n<h3 class=\"wp-block-heading\">Gemeinsame Presseerkl\u00e4rung der Staatsanwaltschaft Heidelberg und des Polizeipr\u00e4sidiums Mannheim<\/h3>\n\n\n<div class=\"wp-block-image\">\n<figure class=\"aligncenter size-full\"><img decoding=\"async\" loading=\"lazy\" width=\"800\" height=\"533\" src=\"https:\/\/speyer24news.com\/wp-content\/uploads\/2020\/06\/Zelle.jpg\" alt=\"\" class=\"wp-image-28203\" srcset=\"https:\/\/speyer24news.com\/wp-content\/uploads\/2020\/06\/Zelle.jpg 800w, https:\/\/speyer24news.com\/wp-content\/uploads\/2020\/06\/Zelle-300x200.jpg 300w, https:\/\/speyer24news.com\/wp-content\/uploads\/2020\/06\/Zelle-768x512.jpg 768w\" sizes=\"(max-width: 800px) 100vw, 800px\" \/><figcaption class=\"wp-element-caption\">Beispielbild Zelle \/ Verhaftung, dient lediglich der Visualisierung<\/figcaption><\/figure><\/div>\n\n\n<p>Auf Antrag der Staatsanwaltschaft Heidelberg wurden am 13.02.2023 durch das Amtsgericht Heidelberg Haftbefehle gegen zwei junge M\u00e4nner erlassen. Die T\u00e4ter stehen im dringenden Verdacht, mehrere gewerbsm\u00e4\u00dfige Diebst\u00e4hle im Raum Mannheim und Heidelberg begangen zu haben.<\/p>\n\n\n\n<p>Am 11.02.2023 sollen die beiden Tatverd\u00e4chtigen gemeinschaftlich zwei Fahrzeuge aufgebrochen und den Innenraum auf der Suche nach stehlenswerten Gegenst\u00e4nden durchw\u00fchlt haben. Im Rahmen der polizeilichen Fahndung konnten beide Beschuldigte kurze Zeit sp\u00e4ter im nahen Umfeld festgenommen werden.<\/p>\n\n\n\n<p>Der 23-J\u00e4hrige soll zudem im Februar diesen Jahren Haschisch besessen sowie einen Diebstahl in Mannheim begangen haben. Bereits im September 2022 war er mit einem Ladendiebstahl in Heidelberg in Erscheinung getreten.<\/p>\n\n\n\n<p>Der 25-J\u00e4hrige soll im Januar 2023 ebenfalls einen Ladendiebstahl in Mannheim begangen haben. Ferner liegt ihm der Diebstahl eines Fahrrades im Februar zur Last.<\/p>\n\n\n\n<p>Nach der vorl\u00e4ufigen Festnahme wurde gegen die Beschuldigten am 13.02.2023 auf Antrag der Staatsanwaltschaft Heidelberg Haftbefehle erlassen. Nach Vorf\u00fchrung beim Ermittlungsrichter und Er\u00f6ffnung des Haftbefehls wurden die Personen in eine Justizvollzuganstalt eingeliefert.<\/p>\n\n\n\n<p>Inwiefern den Personen weitere Taten zugeordnet werden k\u00f6nnen, ist Gegenstand der aktuellen Ermittlungen.<\/p>\n\n\n\n<h2 class=\"wp-block-heading\">(Heidelberg-Bergheim) &#8211; Kabelbrand in Hotel<\/h2>\n\n\n\n<p>Am Dienstag gegen 09:30 kam es in einem Hotel in der Sofienstra\u00dfe zu einem Kabelbrand in einer Wand des Geb\u00e4udes. Nachdem die Brandmeldeanlage des Hotels einen Alarm ausl\u00f6ste, begab sich die Berufsfeuerwehr Heidelberg auf die Ursachensuche, konnte zun\u00e4chst aber keinen Brandherd feststellen. Vorsorglich mussten die 38 G\u00e4ste des Hotels evakuiert werden. Nach intensiven Suchma\u00dfnahmen gelang es schlie\u00dflich, einen Kabelbrand in einer Zwischenwand ausfindig zu machen und diesen zu l\u00f6schen. Nach etwa vier Stunden konnte der Einsatz beendet werden. W\u00e4hrend der gesamten Dauer war die linke Spur der Sofienstra\u00dfe gesperrt. Zu Verkehrsbehinderungen kam es allerdings nicht.<\/p>\n\n\n\n<h2 class=\"wp-block-heading\">(Schwetzingen \/ Rhein-Neckar-Kreis) &#8211; Radfahrer wird nach Unfall am Kreisverkehr schwer verletzt<\/h2>\n\n\n\n<p>Schwere Verletzungen erlitt ein 28-j\u00e4hriger Mountainbiker nach einem Unfall in der Nadlerstra\u00dfe. Eine 54-j\u00e4hrige Suzuki-Fahrerin \u00fcbersah den Mann auf dem Zweirad, welcher gerade den Radweg, unmittelbar vor dem Kreisverkehr, in Richtung des dortigen Supermarktes \u00fcberquerte und verunfallte mit diesem. Der Radfahrer st\u00fcrzte nach der Kollision zu Boden und zog sich schwere, jedoch keine lebensbedrohlichen, Verletzungen zu. Er wurde zur weiteren Behandlung in ein nahegelegenes Krankenhaus gebracht. Der Sachschaden liegt bei 200 Euro.<\/p>\n\n\n\n<h2 class=\"wp-block-heading\">(Edingen-Neckarhausen \/ Rhein-Neckar-Kreis) &#8211; LKW-Fahrer besch\u00e4digt Sprinter im Vorbeifahren und fl\u00fcchtet \/ Zeugen gesucht!<\/h2>\n\n\n\n<p>Am Dienstagvormittag kurz vor 8 Uhr besch\u00e4digte ein bislang unbekannter LKW-Fahrer einen in der Goethestra\u00dfe geparkten Mercedes Sprinter. Nachdem der LKW den Transporter streifte, setze dieser seine Fahrt fort, ohne sich um den entstandenen Schaden zu k\u00fcmmern. Dieser bel\u00e4uft sich auf rund 9.000 Euro. Zeugen, welche Hinweise auf den Verursacher geben k\u00f6nnen, werden gebeten, sich mit dem Polizeirevier Ladenburg unter Tel.: 06203\/9305-0 in Verbindung zu setzen.<\/p>\n\n\n\n<h2 class=\"wp-block-heading\">(Sinsheim \/ Rhein-Neckar-Kreis) &#8211; Stra\u00dfensperrungen wegen Wasserrohrbruch<\/h2>\n\n\n<div class=\"wp-block-image\">\n<figure class=\"aligncenter size-full\"><img decoding=\"async\" loading=\"lazy\" width=\"640\" height=\"480\" src=\"https:\/\/speyer24news.com\/wp-content\/uploads\/2020\/01\/Vollsperrung-1.jpg\" alt=\"\" class=\"wp-image-24649\" srcset=\"https:\/\/speyer24news.com\/wp-content\/uploads\/2020\/01\/Vollsperrung-1.jpg 640w, https:\/\/speyer24news.com\/wp-content\/uploads\/2020\/01\/Vollsperrung-1-300x225.jpg 300w, https:\/\/speyer24news.com\/wp-content\/uploads\/2020\/01\/Vollsperrung-1-326x245.jpg 326w, https:\/\/speyer24news.com\/wp-content\/uploads\/2020\/01\/Vollsperrung-1-80x60.jpg 80w\" sizes=\"(max-width: 640px) 100vw, 640px\" \/><\/figure><\/div>\n\n\n<p>In Sinsheim kommt es aktuell zu Stra\u00dfensperrungen im Bereich der Neulandstra\u00dfe aufgrund von Wasserrohrbr\u00fcchen. Es befinden sich mehrere Einsatzkr\u00e4fte im Einsatz und es kommt zu verkehrslenkenden Ma\u00dfnahmen. Die Sperrungen k\u00f6nnen sich noch \u00fcber einen l\u00e4ngeren Zeitraum hinziehen. (15.02.2023 \u2013 11:49)<\/p>\n\n\n\n<h2 class=\"wp-block-heading\">(A 6 \/ Sinsheim \/ Rhein-Neckar-Kreis) &#8211; Metallplatte auf der Autobahn verloren \/ Zeugen gesucht!<\/h2>\n\n\n\n<p>Am Dienstag, kurz nach 9 Uhr, \u00fcberfuhr auf der A6 bei Sinsheim ein 49-j\u00e4hriger Audi-Fahrer eine Metallplatte, welche hierdurch in die Luft geschleudert wurde und zwei nachfolgende Autos besch\u00e4digte. Der Audi-Fahrer war zwischen den Anschlussstellen Wiesloch\/Rauenberg und Sinsheim in Richtung Heilbronn unterwegs, als er die von einem unbekannten Verkehrsteilnehmer verlorene Platte aufwirbelte. Die Metallplatte schleuderte daraufhin auf die Motorhaube und gegen den Au\u00dfenspiegel eines nachfolgenden 24-j\u00e4hrigen Seat-Fahrers. Ein weiterer Autofahrer konnte der Platte ebenfalls nicht mehr ausweichen, welche schlie\u00dflich den Radkasten und Unterboden des seines Skodas besch\u00e4digte. Verletzte gab es gl\u00fccklicherweise nicht. Die Autobahnpolizei Walldorf hat die Ermittlungen zum Unfall \u00fcbernommen. Der Gesamtschaden an den drei beteiligten Fahrzeugen liegt bei mindestens 10.000 Euro. Zeugen, welche Hinweise auf den Verursacher bzw. Verlierer der Metallplatte geben k\u00f6nnen, werden gebeten, sich unter 06227\/35826-0 zu melden.<\/p>\n\n\n\n<h2 class=\"wp-block-heading\">(Eberbach \/ Rhein-Neckar-Kreis) &#8211; Einbruch in Rathaus \/ Zeugen gesucht!<\/h2>\n\n\n\n<p>In der Nacht von Montag auf Dienstag gelang es einer derzeit noch unbekannten T\u00e4terschaft auf ungekl\u00e4rte Weise in das Eberbacher Rathaus am Leopoldsplatz einzudringen und aus einem dortigen Sitzungssaal zwei Laptops zu entwenden. Der hierdurch entstandene Sachschaden liegt bei mehreren hundert Euro. Hinweise zu der T\u00e4terschaft liegen aktuell keine vor. Da Polizeirevier Eberbach sucht nun Zeugen, die verd\u00e4chtige Wahrnehmungen gemacht haben und bittet diese, sich unter der Telefonnummer 06271\/9210-0 zu melden.<\/p>\n\n\n\n<h2 class=\"wp-block-heading\">(Eberbach \/ Rhein-Neckar-Kreis) &#8211; Unfall im Einm\u00fcndungsbereich \/ Zeugen gesucht<\/h2>\n\n\n\n<p>Am Montagnachmittag kurz nach 14 Uhr ereignete sich im Einm\u00fcndungsbereich der Wilhelm-Blos-Stra\u00dfe und des Neuen Wegs ein Verkehrsunfall zwischen drei Fahrzeugen. Eine 48-j\u00e4hrige Frau fuhr mit ihrem Opel vom Neuen Weg kommend in den Einm\u00fcndungsbereich zur Wilhelm-Blos-Stra\u00dfe ein. Hierbei kollidierte die Frau mit einer von links kommenden 31-j\u00e4hrigen Seat-Fahrerin. Durch den Zusammensto\u00df wurde der Opel auf einen ebenfalls im Einm\u00fcndungsbereich befindlichen VW einer 70-j\u00e4hrigen Frau geschleudert. Durch den Unfall wurde der 69-j\u00e4hrige Beifahrer der Seat-Fahrerin leicht verletzt. Die 31-J\u00e4hrige sowie das ebenfalls im Fahrzeug befindliche Baby wurden nach derzeitigem Stand nicht verletzt, jedoch vorsorglich in ein Krankenhaus eingeliefert. Weitere Verletzte gab es nach derzeitigem Stand nicht. Da die Schilderungen der Unfallbeteiligten deutlich voneinander abweichen, sucht die Polizei nun Zeugen, welche den Unfall beobachtet haben. Diese k\u00f6nnen das Polizeirevier Eberbach unter Tel.: 06271\/9210-0 kontaktieren.<\/p>\n\n\n\n<h2 class=\"wp-block-heading\">(Eberbach \/ Trier) &#8211; Vermisste Person nach \u00d6ffentlichkeitsfahndung angetroffen<\/h2>\n\n\n\n<h3 class=\"has-text-align-center wp-block-heading\">Pressemeldung Nr. 2<\/h3>\n\n\n\n<p>Eine seit dem 14.02.2023 vermisste 44-J\u00e4hrige aus Trier konnte nach erfolgter \u00d6ffentlichkeitsfahndung von einer aufmerksamen B\u00fcrgerin in Heidelberg erkannt und im Anschluss von der Polizei aufgegriffen werden.<\/p>\n\n\n\n<h2 class=\"wp-block-heading\">(Ilvesheim \/ Rhein-Neckar-Kreis) &#8211; Unbekannter touchiert Fahrzeug beim Einparken und entfernt sich \/ Zeugen gesucht!<\/h2>\n\n\n\n<p>Eine bislang unbekannte Fahrzeugf\u00fchrerin bzw. ein unbekannter Fahrzeugf\u00fchrer touchierte vermutlich beim Ein- oder Ausparken in der Wachenheimer Stra\u00dfe einen am rechten Fahrbahnrand geparkten VW und fl\u00fcchtete anschlie\u00dfend. Durch die Kollision wurde der VW vorne links am Sto\u00dff\u00e4nger besch\u00e4digt. Der Sachschaden liegt bei mindestens 2.500 Euro. Zeugen, welche den Unfall beobachtet haben und Hinweise auf die fl\u00fcchtige Fahrzeugf\u00fchrerin bzw. den fl\u00fcchtigen Fahrzeugf\u00fchrer geben k\u00f6nnen, werden gebeten, das Polizeirevier Ladenburg unter Tel.: 06203\/9305-0 zu informieren.<\/p>\n\n\n\n<h2 class=\"wp-block-heading\">(A 5 \/ Ladenburg \/ Rhein-Neckar-Kreis) &#8211; Autobahn kurzzeitig gesperrt, 15.000 Euro Sachschaden nach Auffahrunfall<\/h2>\n\n\n\n<p>Am Dienstagvormittag, kurz vor 8 Uhr, fuhr ein 25-j\u00e4hriger BMW Fahrer auf den Renault einer 60-j\u00e4hrigen Frau auf und besch\u00e4digte diesen am Heck. Beide waren auf der A5 in Richtung Karlsruhe unterwegs, als der BMW-Fahrer zu sp\u00e4t erkannte, dass der Renault verkehrsbedingt seine Fahrt verlangsamte. Infolge des Auffahrunfalls entstand ein Sachschaden von 15.000 Euro. Die Autobahn musste zur Beseitigung der Unfallfahrzeuge f\u00fcr wenige Minuten gesperrt werden. Beide Unfallbeteiligte blieben unverletzt.<\/p>\n\n\n\n<h2 class=\"wp-block-heading\">(Weinheim \/ Rhein-Neckar-Kreis) &#8211; Ehrliche Finderin erm\u00f6glicht Urlaubsfl\u00fcge<\/h2>\n\n\n<div class=\"wp-block-image\">\n<figure class=\"aligncenter size-full\"><img decoding=\"async\" loading=\"lazy\" width=\"800\" height=\"531\" src=\"https:\/\/speyer24news.com\/wp-content\/uploads\/2020\/09\/schutzengelchen-1912661_1920.png\" alt=\"\" class=\"wp-image-30430\" srcset=\"https:\/\/speyer24news.com\/wp-content\/uploads\/2020\/09\/schutzengelchen-1912661_1920.png 800w, https:\/\/speyer24news.com\/wp-content\/uploads\/2020\/09\/schutzengelchen-1912661_1920-300x199.png 300w, https:\/\/speyer24news.com\/wp-content\/uploads\/2020\/09\/schutzengelchen-1912661_1920-768x510.png 768w\" sizes=\"(max-width: 800px) 100vw, 800px\" \/><\/figure><\/div>\n\n\n<p>Am Dienstag gegen 13.00 Uhr verlor ein 80-J\u00e4hriger bei seinem Einkauf in einer B\u00e4ckerei am Berliner Platz 900,00 Euro Bargeld, die er zuvor bei seiner Bank abgehoben hatte. Mit diesem Geld wollte der Senior im Anschluss an seinen Einkauf zwei gebuchte Urlaubsfl\u00fcge bezahlen. In seinem Fahrzeug bemerkte der 80-J\u00e4hrige das Fehlen des Bargelds und lief umgehend in die B\u00e4ckerei zur\u00fcck. Hier bekam er durch eine Angestellte mitgeteilt, dass eine Kundin das Geld gefunden habe und dieses zur Polizei bringen m\u00f6chte. Diese Kundin konnte vor Ort durch den Verlierer nicht mehr angetroffen werden und so begab er sich zu dem Polizeirevier Weinheim, die bislang noch keine Kenntnis von dem verlorenen Geld erhalten hatten. Kurze Zeit sp\u00e4ter kam die ehrliche Finderin auf das Polizeirevier und gab den gesamten Bargeldbetrag dort ab. Der 80-J\u00e4hrige wurde umgehend informiert und konnte gl\u00fccklich sein Urlaubsgeld in Empfang nehmen. Die Finderin erhielt von dem gl\u00fccklichen 80-J\u00e4hrigen noch einen kleinen Obolus als Dankesch\u00f6n.<\/p>\n","protected":false},"excerpt":{"rendered":"<div class=\"mh-excerpt\"><p>Polizeimeldungen vom Mittwoch (15.02.2023) (Speyer) &#8211; 87-J\u00e4hriger aus Speyer weiter vermisst \/ 1. Nachtrag Nachtrag zur Pressemeldung vom 14.02.2023&nbsp;https:\/\/s.rlp.de\/z4bVr Nach unserer Vermisstenmeldung hat sich eine Zeugin gemeldet, welche Herrn N. am Samstag, den 11.02.2023 in <a class=\"mh-excerpt-more\" href=\"https:\/\/speyer24news.com\/?p=51014\" title=\"Polizeimeldungen Mittwoch (15.02.2023)\">[&#8230;]<\/a><\/p>\n<\/div>","protected":false},"author":3,"featured_media":26162,"comment_status":"open","ping_status":"open","sticky":false,"template":"","format":"standard","meta":{"_monsterinsights_skip_tracking":false,"_monsterinsights_sitenote_active":false,"_monsterinsights_sitenote_note":"","_monsterinsights_sitenote_category":0,"footnotes":""},"categories":[15659],"tags":[7243,7244,3614,350,14537,15084,15267,14538,15361,702,61,2555,6955,6986,6263,63,105,11150,6987,53,4854,13534,4683,1548,4905,11592,102,13626,213,14325,14324,13553,13541,55,8277,6368,5261,103,106,2803,2423,427,2625,380,62,104,979,1565],"aioseo_notices":[],"amp_enabled":true,"_links":{"self":[{"href":"https:\/\/speyer24news.com\/index.php?rest_route=\/wp\/v2\/posts\/51014"}],"collection":[{"href":"https:\/\/speyer24news.com\/index.php?rest_route=\/wp\/v2\/posts"}],"about":[{"href":"https:\/\/speyer24news.com\/index.php?rest_route=\/wp\/v2\/types\/post"}],"author":[{"embeddable":true,"href":"https:\/\/speyer24news.com\/index.php?rest_route=\/wp\/v2\/users\/3"}],"replies":[{"embeddable":true,"href":"https:\/\/speyer24news.com\/index.php?rest_route=%2Fwp%2Fv2%2Fcomments&post=51014"}],"version-history":[{"count":2,"href":"https:\/\/speyer24news.com\/index.php?rest_route=\/wp\/v2\/posts\/51014\/revisions"}],"predecessor-version":[{"id":51327,"href":"https:\/\/speyer24news.com\/index.php?rest_route=\/wp\/v2\/posts\/51014\/revisions\/51327"}],"wp:featuredmedia":[{"embeddable":true,"href":"https:\/\/speyer24news.com\/index.php?rest_route=\/wp\/v2\/media\/26162"}],"wp:attachment":[{"href":"https:\/\/speyer24news.com\/index.php?rest_route=%2Fwp%2Fv2%2Fmedia&parent=51014"}],"wp:term":[{"taxonomy":"category","embeddable":true,"href":"https:\/\/speyer24news.com\/index.php?rest_route=%2Fwp%2Fv2%2Fcategories&post=51014"},{"taxonomy":"post_tag","embeddable":true,"href":"https:\/\/speyer24news.com\/index.php?rest_route=%2Fwp%2Fv2%2Ftags&post=51014"}],"curies":[{"name":"wp","href":"https:\/\/api.w.org\/{rel}","templated":true}]}}