{"id":51026,"date":"2023-02-16T12:40:26","date_gmt":"2023-02-16T11:40:26","guid":{"rendered":"https:\/\/speyer24news.com\/?p=51026"},"modified":"2023-02-16T12:40:27","modified_gmt":"2023-02-16T11:40:27","slug":"veranstaltung-mannheim","status":"publish","type":"post","link":"https:\/\/speyer24news.com\/?p=51026","title":{"rendered":"Veranstaltung \/ Mannheim"},"content":{"rendered":"<style type=\"text\/css\">\r\n\t.ads_top_disp{}\r\n\t.ads_top_corner_disp{ float:left; margin:0px 10px 10px 0px; }\r\n\t.ads_first_p_disp{}\r\n\t.ads_bottom_disp{}\r\n\t<\/style>\n<h2 class=\"wp-block-heading\">&#8222;Fasnachtsmarkt Mannheim\u201c 16.02. bis 21.02.2023<\/h2>\n\n\n\n<h3 class=\"wp-block-heading\">Der stimmungsvolle Abschluss der Kampagne in der Innenstadt<\/h3>\n\n\n<div class=\"wp-block-image\">\n<figure class=\"aligncenter size-full\"><img decoding=\"async\" loading=\"lazy\" width=\"978\" height=\"508\" src=\"https:\/\/speyer24news.com\/wp-content\/uploads\/2023\/02\/Fastnachtsmarkt-Mannheim.jpg\" alt=\"\" class=\"wp-image-51027\" srcset=\"https:\/\/speyer24news.com\/wp-content\/uploads\/2023\/02\/Fastnachtsmarkt-Mannheim.jpg 978w, https:\/\/speyer24news.com\/wp-content\/uploads\/2023\/02\/Fastnachtsmarkt-Mannheim-300x156.jpg 300w, https:\/\/speyer24news.com\/wp-content\/uploads\/2023\/02\/Fastnachtsmarkt-Mannheim-768x399.jpg 768w\" sizes=\"(max-width: 978px) 100vw, 978px\" \/><\/figure><\/div>\n\n\n<p>Anl\u00e4sslich des Fasnachtsmarkts 2023 in der Mannheimer Innenstadt d\u00fcrfen sich die Besucher auf rund 60<br>Teilnehmer mit abwechslungsreichen St\u00e4nden und Angeboten freuen. Karussells, Pfeil- und Ballwerfen, Mandelbrennereien, Ausschankst\u00e4nde, Imbissbetriebe u. v. m. erwarten die Fasnachter aus der Region.<\/p>\n\n\n\n<p>Rund um den Wasserturm besteht erneut die M\u00f6glichkeit bei einer Fahrt mit dem Riesenrad Mannheim von \u201eoben\u201c zu erleben. Unterhaltung f\u00fcr die ganze Familie bieten mit einem kleinen, aber attraktiven Vergn\u00fcgungspark dort auch das Fahrgesch\u00e4ft &#8222;Bayern Wippe&#8220;, ein Auto-Scooter sowie weitere Schaustellergesch\u00e4fte. In den Planken und rund um den Paradeplatz finden sich von der &#8222;Altweiberfasnacht&#8220; am Donnerstag bis zum Ende der &#8222;Stra\u00dfenfasnacht&#8220; am Dienstag weitere abwechslungsreiche Angebote. Schausteller und die \u00f6rtliche Gastronomie bieten von der traditionellen Bratwurst bis hin zum Cr\u00eapes vielerlei.<\/p>\n\n\n\n<p>Mit der <strong>Stra\u00dfenfasnacht am Dienstag, 21.02.2023<\/strong>, finden Kampagne und Fasnachtsmarkt ihren H\u00f6hepunkt und gleichzeitig kr\u00f6nenden Abschluss in der Mannheimer City.<br>Vom Wasserturm entlang der Fu\u00dfg\u00e4ngerzone Planken, in der &#8222;M\u00fcnzstra\u00dfe&#8220; zwischen P 6 und P 7 bis hin zum Paradeplatz verbreiten dabei Fasnachtsstimmung und gute Laune die Schausteller und der Feuerio. Am Fasnachtsdienstag stehen zus\u00e4tzliche Musikb\u00fchnen in der Stadt bereit und bieten Unterhaltungsprogramme an.<br>Die bekannten und beliebten B\u00fchnen in den Planken sind: die Feuerio-B\u00fchne (P7), das F.W. EdingerMusikzelt (P6), die Peter Schneider-Musikb\u00fchne (P6\/P7), die Havana-B\u00fchne (P6), die DJ-Dream-B\u00fchne mit elektronischer Musik in O4\/ O5 und die K\u00fcbler &amp; Sch\u00fc\u00dfler Gastro-B\u00fchne am Paradeplatz.<\/p>\n\n\n\n<h2 class=\"wp-block-heading\">\u00d6ffnungszeiten der St\u00e4nde und Karussells:<\/h2>\n\n\n\n<ul>\n<li><strong>Werktags 10.00 Uhr (Wasserturm 12.00 Uhr) bis 20.00 Uhr<\/strong><\/li>\n\n\n\n<li><strong>(Ausschankbetriebe bis 21.00 Uhr)<\/strong><\/li>\n<\/ul>\n\n\n\n<ul>\n<li><strong>Sonntag, 19.02.2023, von 11.00 Uhr (Wasserturm 12.00 Uhr) bis 20.00 Uhr<\/strong><\/li>\n\n\n\n<li><strong>(Ausschankbetriebe bis 21.00 Uhr)<\/strong><\/li>\n<\/ul>\n\n\n\n<ul>\n<li><strong>Fasnachtsdienstag, 21.02.2023, von 10.00 Uhr (Wasserturm 12.00 Uhr) bis 22.00 Uhr<\/strong><\/li>\n<\/ul>\n\n\n\n<h2 class=\"wp-block-heading\"><u class=\"\">Besondere Termine im \u00dcberblick:<\/u><\/h2>\n\n\n\n<h3 class=\"wp-block-heading\">Donnerstag, 16.02.2023, 17.30 Uhr<\/h3>\n\n\n\n<p>Offizielle Er\u00f6ffnung des Fasnachtsmarktes durch B\u00fcrgermeister Michael Gr\u00f6tsch mit Bieranstich am Wasserturm. Das Mannheimer Stadtprinzenpaar wird bei diesem Anlass die Kurpf\u00e4lzer Fasnacht hochleben lassen.<\/p>\n\n\n\n<p>Den musikalischen Rahmen zur Er\u00f6ffnung liefert Bloomaul Joachim Sch\u00e4fer mit Stimmungsliedern. Die Bewirtung der G\u00e4ste \u00fcbernimmt Familie Rick.<\/p>\n\n\n\n<h3 class=\"wp-block-heading\">Samstag, 18.02.2023, ab 11.00 Uhr<\/h3>\n\n\n\n<p>Im Anschluss an die traditionelle &#8222;N\u00e4rrischen Bootsfahrt&#8220; der Karneval-Kommission Mannheim startet der \u201ekleine Umzug\u201c mit Gefolge von der Kurpfalzbr\u00fccke zum Wasserturm. Am Mannheimer Wahrzeichen angekommen erwartet die G\u00e4ste der Besuch des Stadtprinzenpaars, deren Auftritt seitens der Schausteller am Riesenrad gestaltet wird.<\/p>\n\n\n\n<h3 class=\"wp-block-heading\">Dienstag, 21.02.2023, 14.11 Uhr bis 22.00 Uhr<\/h3>\n\n\n\n<p>Mit der Stra\u00dfenfasnacht endet die Kampagne in der Mannheimer Innenstadt.<\/p>\n\n\n\n<p><em>Event &amp; Promotion Mannheim GmbH<br>09.02.2023<\/em><\/p>\n","protected":false},"excerpt":{"rendered":"<div class=\"mh-excerpt\"><p>&#8222;Fasnachtsmarkt Mannheim\u201c 16.02. bis 21.02.2023 Der stimmungsvolle Abschluss der Kampagne in der Innenstadt Anl\u00e4sslich des Fasnachtsmarkts 2023 in der Mannheimer Innenstadt d\u00fcrfen sich die Besucher auf rund 60Teilnehmer mit abwechslungsreichen St\u00e4nden und Angeboten freuen. Karussells, <a class=\"mh-excerpt-more\" href=\"https:\/\/speyer24news.com\/?p=51026\" title=\"Veranstaltung \/ Mannheim\">[&#8230;]<\/a><\/p>\n<\/div>","protected":false},"author":3,"featured_media":25668,"comment_status":"open","ping_status":"open","sticky":false,"template":"","format":"standard","meta":{"_monsterinsights_skip_tracking":false,"_monsterinsights_sitenote_active":false,"_monsterinsights_sitenote_note":"","_monsterinsights_sitenote_category":0,"footnotes":""},"categories":[6753,13],"tags":[15844,15843,111,15837,15840,15839,15838,20,15841,21,15836,15842,56],"aioseo_notices":[],"amp_enabled":true,"_links":{"self":[{"href":"https:\/\/speyer24news.com\/index.php?rest_route=\/wp\/v2\/posts\/51026"}],"collection":[{"href":"https:\/\/speyer24news.com\/index.php?rest_route=\/wp\/v2\/posts"}],"about":[{"href":"https:\/\/speyer24news.com\/index.php?rest_route=\/wp\/v2\/types\/post"}],"author":[{"embeddable":true,"href":"https:\/\/speyer24news.com\/index.php?rest_route=\/wp\/v2\/users\/3"}],"replies":[{"embeddable":true,"href":"https:\/\/speyer24news.com\/index.php?rest_route=%2Fwp%2Fv2%2Fcomments&post=51026"}],"version-history":[{"count":1,"href":"https:\/\/speyer24news.com\/index.php?rest_route=\/wp\/v2\/posts\/51026\/revisions"}],"predecessor-version":[{"id":51028,"href":"https:\/\/speyer24news.com\/index.php?rest_route=\/wp\/v2\/posts\/51026\/revisions\/51028"}],"wp:featuredmedia":[{"embeddable":true,"href":"https:\/\/speyer24news.com\/index.php?rest_route=\/wp\/v2\/media\/25668"}],"wp:attachment":[{"href":"https:\/\/speyer24news.com\/index.php?rest_route=%2Fwp%2Fv2%2Fmedia&parent=51026"}],"wp:term":[{"taxonomy":"category","embeddable":true,"href":"https:\/\/speyer24news.com\/index.php?rest_route=%2Fwp%2Fv2%2Fcategories&post=51026"},{"taxonomy":"post_tag","embeddable":true,"href":"https:\/\/speyer24news.com\/index.php?rest_route=%2Fwp%2Fv2%2Ftags&post=51026"}],"curies":[{"name":"wp","href":"https:\/\/api.w.org\/{rel}","templated":true}]}}