{"id":51039,"date":"2023-02-18T09:39:07","date_gmt":"2023-02-18T08:39:07","guid":{"rendered":"https:\/\/speyer24news.com\/?p=51039"},"modified":"2023-02-18T09:39:09","modified_gmt":"2023-02-18T08:39:09","slug":"polizeimeldungen-freitag-17-02-2023","status":"publish","type":"post","link":"https:\/\/speyer24news.com\/?p=51039","title":{"rendered":"Polizeimeldungen Freitag (17.02.2023)"},"content":{"rendered":"<style type=\"text\/css\">\r\n\t.ads_top_disp{}\r\n\t.ads_top_corner_disp{ float:left; margin:0px 10px 10px 0px; }\r\n\t.ads_first_p_disp{}\r\n\t.ads_bottom_disp{}\r\n\t<\/style>\n<h2 class=\"wp-block-heading\">Polizeimeldungen vom Freitag (17.02.2023)<\/h2>\n\n\n<div class=\"wp-block-image\">\n<figure class=\"aligncenter size-full\"><img decoding=\"async\" loading=\"lazy\" width=\"375\" height=\"500\" src=\"https:\/\/speyer24news.com\/wp-content\/uploads\/2022\/03\/Aktuelles-Polizeilogo.jpg\" alt=\"\" class=\"wp-image-43591\" srcset=\"https:\/\/speyer24news.com\/wp-content\/uploads\/2022\/03\/Aktuelles-Polizeilogo.jpg 375w, https:\/\/speyer24news.com\/wp-content\/uploads\/2022\/03\/Aktuelles-Polizeilogo-225x300.jpg 225w\" sizes=\"(max-width: 375px) 100vw, 375px\" \/><\/figure><\/div>\n\n\n<h2 class=\"wp-block-heading\">(Speyer) &#8211; Beamte bemerken Cannabiskonsum im Park<\/h2>\n\n\n\n<p>Am 16.02.2023 gegen 17:15 Uhr f\u00fchrten Polizeibeamte eine Fu\u00dfstreife im Sch\u00fctzenpark durch und stellten hierbei eine 28-J\u00e4hrige fest, neben der ein angez\u00fcndeter Joint lag. Die junge Frau gab freim\u00fctig zu, dass der Joint ihr geh\u00f6re und h\u00e4ndigte den Beamten dar\u00fcber hinaus eine Dose aus, in der sich weitere vier vorgedrehte Joints befanden. Die Beamten stellten die Drogen sicher und leiteten ein Strafverfahren gegen die Dame ein.<\/p>\n\n\n\n<h2 class=\"wp-block-heading\">(Speyer) &#8211; Einbruch in PKW<\/h2>\n\n\n<div class=\"wp-block-image\">\n<figure class=\"aligncenter size-full\"><img decoding=\"async\" loading=\"lazy\" width=\"800\" height=\"600\" src=\"https:\/\/speyer24news.com\/wp-content\/uploads\/2023\/02\/EinbruchinPKW.jpg\" alt=\"\" class=\"wp-image-51040\" srcset=\"https:\/\/speyer24news.com\/wp-content\/uploads\/2023\/02\/EinbruchinPKW.jpg 800w, https:\/\/speyer24news.com\/wp-content\/uploads\/2023\/02\/EinbruchinPKW-300x225.jpg 300w, https:\/\/speyer24news.com\/wp-content\/uploads\/2023\/02\/EinbruchinPKW-768x576.jpg 768w, https:\/\/speyer24news.com\/wp-content\/uploads\/2023\/02\/EinbruchinPKW-678x509.jpg 678w, https:\/\/speyer24news.com\/wp-content\/uploads\/2023\/02\/EinbruchinPKW-326x245.jpg 326w, https:\/\/speyer24news.com\/wp-content\/uploads\/2023\/02\/EinbruchinPKW-80x60.jpg 80w\" sizes=\"(max-width: 800px) 100vw, 800px\" \/><\/figure><\/div>\n\n\n<p>Am 16.02.2023 zwischen 16:50 Uhr und 17:10 Uhr schlugen unbekannte T\u00e4ter die Scheibe der Beifahrert\u00fcr eines in der Paul-Egell-Stra\u00dfe ordnungsgem\u00e4\u00df am rechten Fahrbahnrand geparkten, grauen PKW der Marke Citroen ein und entwendeten aus dem Fahrzeuginneren eine schwarze Handtasche der Marke &#8222;Michael Kors&#8220;, in welcher sich ein Geldbeutel, pers\u00f6nliche Dokumente sowie ein niedriger dreistelliger Bargeldbetrag befunden hatten. Der Gesamtschaden liegt bei ca. 600 Euro.<\/p>\n\n\n\n<p>Der Tatort liegt in der Paul-Egell-Stra\u00dfe etwa 200 Meter vom Kreisverkehr Lindenstra\u00dfe \/ Paul-Egell-Stra\u00dfe entfernt. Wer hat dort verd\u00e4chtige Personen oder Fahrzeuge beobachtet oder kann sachdienliche Hinweise zu Tat oder T\u00e4ter geben? Die Polizei bittet Zeugen darum, sich telefonisch unter 06232 \/ 137-0 oder per E-Mail an\u00a0<a href=\"mailto:pispeyer@polizei.rlp.de\">pispeyer@polizei.rlp.de<\/a>\u00a0zu melden.<\/p>\n\n\n\n<h2 class=\"wp-block-heading\">(Speyer) &#8211; Kontrollen in Speyer-West und Zentrum, beharrliche Verst\u00f6\u00dfe gegen Kindersicherungsregeln<\/h2>\n\n\n\n<p>Am 16.02.2023 zwischen 15:30 Uhr und 16 Uhr f\u00fchrte eine Polizeistreife Kontrollen in der Theodor-Heuss-Stra\u00dfe durch. Hierbei stellten die Beamten drei Fahrradfahrer fest, die verbotswidrig ein Mobiltelefon w\u00e4hrend der Fahrt bedienten. Die Beamten leiteten Ordnungswidrigkeitsverfahren gegen sie ein.<\/p>\n\n\n\n<p>Au\u00dferdem kontrollierten die Beamten bei der vorgenannten Kontrollstelle eine 34-j\u00e4hrige PKW-Fahrerin, die ihren Sicherheitsgurt nicht richtig angelegt hatte und auch ihr eigenes 6-j\u00e4hriges Kind ohne Sitzerh\u00f6hung auf dem Beifahrersitz bef\u00f6rdert hatte. Sie f\u00fchrte zwar einen Kindersitz mit, benutzte diesen aber nicht aus R\u00fccksicht auf den entgegenstehenden Willen ihrer Kinder. Die Beamten wiesen die Frau an, ihr Kind ordnungsgem\u00e4\u00df zu sichern und leiteten ein Bu\u00dfgeldverfahren gegen sie ein.<\/p>\n\n\n\n<p>Bereits gegen 16:15 Uhr kontrollierte eine andere Polizeistreife die 34-j\u00e4hrige PKW-Fahrerin erneut, diesmal in der Klipfelsau. Die Beamten stellten fest, dass diesmal deren 4-j\u00e4hriges Kind nicht gesichert war. Bereits vor wenigen Wochen fiel die 34-J\u00e4hrige bei einer Polizeikontrolle durch Verst\u00f6\u00dfe gegen die Sicherungspflicht ihrer Kinder auf.<\/p>\n\n\n\n<p>Die Polizei Speyer leitet daher aufgrund des beharrlichen Verhaltens der 34-J\u00e4hrigen und der demonstrativen Uneinsichtigkeit mehrere Ordnungswidrigkeitsverfahren ein und nimmt an, dass die Dame vors\u00e4tzlich gehandelt hat. Hierdurch kann sich der Bu\u00dfgeldsatz im Einzelfall sogar verdoppeln. Weiterhin benachrichtigt die Polizei die zust\u00e4ndige F\u00fchrerscheinstelle.<\/p>\n\n\n\n<p>Bei den weiteren Kontrollen in der Klipfelsau zwischen 16 Uhr und 16:30 Uhr ahndeten die Beamten einen Versto\u00df gegen die Ladungssicherung, vier Verst\u00f6\u00dfe gegen das Durchfahrtsverbot, sowie einen Gurtversto\u00df. Dar\u00fcber hinaus stellten die Beamten zwei M\u00e4ngelberichte aus.<\/p>\n\n\n\n<h2 class=\"wp-block-heading\">(Schifferstadt) &#8211; Fahrer ohne Fahrerlaubnis erwischt<\/h2>\n\n\n\n<p>Am Donnerstagmittag, gegen 11:30 Uhr, wurde ein 25-j\u00e4hriger Fahrer eines Kleinkraftrades in der Stra\u00dfe &#8222;Am Sportzentrum&#8220; einer Kontrolle unterzogen. Hierbei stellte sich heraus, dass der junge Mann keine erforderliche Fahrerlaubnis f\u00fcr das Kleinkraftrad hatte. Die Weiterfahrt wurde untersagt und ein Ermittlungsverfahren eingeleitet.<\/p>\n\n\n\n<h2 class=\"wp-block-heading\">(B\u00f6hl-Iggelheim) &#8211; PKW-Fahrer streift nach Faschingsfeier am heutigen fr\u00fchen Morgen beim Einfahren in die Polizeikontrolle mit 1,5 Promille einen Streifenwagen &#8211; die amtliche B\u00fcttenrede<\/h2>\n\n\n<div class=\"wp-block-image\">\n<figure class=\"aligncenter size-full\"><img decoding=\"async\" loading=\"lazy\" width=\"640\" height=\"480\" src=\"https:\/\/speyer24news.com\/wp-content\/uploads\/2021\/04\/Alkohol.jpg\" alt=\"\" class=\"wp-image-35158\" srcset=\"https:\/\/speyer24news.com\/wp-content\/uploads\/2021\/04\/Alkohol.jpg 640w, https:\/\/speyer24news.com\/wp-content\/uploads\/2021\/04\/Alkohol-300x225.jpg 300w, https:\/\/speyer24news.com\/wp-content\/uploads\/2021\/04\/Alkohol-326x245.jpg 326w, https:\/\/speyer24news.com\/wp-content\/uploads\/2021\/04\/Alkohol-80x60.jpg 80w\" sizes=\"(max-width: 640px) 100vw, 640px\" \/><\/figure><\/div>\n\n\n<p>Dann war da noch der Fassenachter<\/p>\n\n\n\n<p>&#8222;ich fahr nach Hause&#8220;, dacht er, obwohl er nach der Narrensause besser nicht nach Hause brauste.<\/p>\n\n\n\n<p>Dennoch fuhr er ziemlich voll,<\/p>\n\n\n\n<p>prompt in die Polizeikontroll. Auf Winken einer Haltekelle, stoppte er zwar an Ort und Stelle.<\/p>\n\n\n\n<p>Doch wegen seiner einsf\u00fcnf Promille<\/p>\n\n\n\n<p>fehlte ihm die Klarsichtbrille, weswegen er beim Halten dann fuhr ans Polizistenauto dran.<\/p>\n\n\n\n<p>Drum merke auf, wer Fasching feiert,<\/p>\n\n\n\n<p>wer trunken vor ne Streife eiert, dass der nicht deshalb Streifenwagen hei\u00dft weil man den Wagen straflos streift.<\/p>\n\n\n\n<p>Und die Moral von der Geschicht:<\/p>\n\n\n\n<p>fahre doch bes\u00e4uselt nicht! denn f\u00e4hrt man n\u00fcchtern statt zu voll bleiben auch die Tage toll.<\/p>\n\n\n\n<p>Narhallamarsch. Ohne Lappen.<\/p>\n\n\n\n<h2 class=\"wp-block-heading\">(Lingenfeld) &#8211; Einbruch in Fahrradgesch\u00e4ft<\/h2>\n\n\n\n<p>Am Donnerstagmittag brach ein 46-j\u00e4hriger Einbrecher in der Mittagspause in ein Fahrradgesch\u00e4ft in der Hauptstra\u00dfe von Lingenfeld ein. Ein aufmerksamer Zeuge verst\u00e4ndigte unmittelbar die Polizei. Im Rahmen der Fahndung konnte der T\u00e4ter in einem nahegelegenen Supermarkt festgenommen werden. Es stellte sich heraus, dass er zuvor Bargeld aus dem Fahrradgesch\u00e4ft entwendete. Ein entsprechendes Strafverfahren wurde eingeleitet.<\/p>\n\n\n\n<h2 class=\"wp-block-heading\">(Germersheim) &#8211; Polizeieinsatz nach Alarmausl\u00f6sung an BBS<\/h2>\n\n\n<div class=\"wp-block-image\">\n<figure class=\"aligncenter size-full\"><img decoding=\"async\" loading=\"lazy\" width=\"800\" height=\"600\" src=\"https:\/\/speyer24news.com\/wp-content\/uploads\/2021\/04\/SEK-Beispielbild.jpg\" alt=\"\" class=\"wp-image-35457\" srcset=\"https:\/\/speyer24news.com\/wp-content\/uploads\/2021\/04\/SEK-Beispielbild.jpg 800w, https:\/\/speyer24news.com\/wp-content\/uploads\/2021\/04\/SEK-Beispielbild-300x225.jpg 300w, https:\/\/speyer24news.com\/wp-content\/uploads\/2021\/04\/SEK-Beispielbild-768x576.jpg 768w, https:\/\/speyer24news.com\/wp-content\/uploads\/2021\/04\/SEK-Beispielbild-678x509.jpg 678w, https:\/\/speyer24news.com\/wp-content\/uploads\/2021\/04\/SEK-Beispielbild-326x245.jpg 326w, https:\/\/speyer24news.com\/wp-content\/uploads\/2021\/04\/SEK-Beispielbild-80x60.jpg 80w\" sizes=\"(max-width: 800px) 100vw, 800px\" \/><figcaption class=\"wp-element-caption\">Beispielbild eines Sondereinsatzkommandos (SEK) &#8211; Bild dient lediglich der Visualisierung<\/figcaption><\/figure><\/div>\n\n\n<p>Am 17.02.2023 gegen 11:00 Uhr wurde ein Alarm in der Berufsbildenden Schule in Germersheim ausgel\u00f6st. Einsatzkr\u00e4fte sind noch vor Ort und \u00fcberpr\u00fcfen s\u00e4mtliche R\u00e4umlichkeiten. Bislang gibt es keinerlei Hinweise, auf eine tats\u00e4chliche Gefahrenlage. Nach Beendigung des Einsatzes wird nachberichtet.<\/p>\n\n\n\n<h3 class=\"has-text-align-center wp-block-heading\">NACHTRAG &#8211; Alarm an Berufsschule sorgt f\u00fcr Gro\u00dfeinsatz<\/h3>\n\n\n\n<p>Am 17.02.2023 gegen 11:00 Uhr wurde ein Amok-Alarm w\u00e4hrend der Unterrichtszeit in der Berufsbildenden Schule in Germersheim ausgel\u00f6st. Zahleiche Polizeikr\u00e4fte, darunter einige mit spezieller Schutzausstattung, \u00fcberpr\u00fcften s\u00e4mtliche R\u00e4umlichkeiten sowie das gesamte Schulgel\u00e4nde. Um 13:30 Uhr konnte endg\u00fcltig Entwarnung gegeben werden. Der Alarm wurde offensichtlich grundlos und mutwillig ausgel\u00f6st. Die Ermittlungen nach dem Verursacher wurden aufgenommen. Hinweise nimmt die Polizei Germersheim unter 07274\/958-0 entgegen.<\/p>\n\n\n\n<h2 class=\"wp-block-heading\">(R\u00fclzheim) &#8211; F\u00fchrerscheinpr\u00fcfung muss warten<a href=\"https:\/\/www.facebook.com\/sharer.php?u=https%3A%2F%2Fwww.presseportal.de%2Fblaulicht%2Fpm%2F117686%2F5444158%2F%3Futm_source%3Dfacebook%26utm_medium%3Dsocial\"><\/a><a href=\"https:\/\/twitter.com\/intent\/tweet?text=POL-PDLD%3A%20R%C3%BClzheim%20-%20F%C3%BChrerscheinpr%C3%BCfung%20muss%20warten&amp;url=https%3A%2F%2Fwww.presseportal.de%2Fblaulicht%2Fpm%2F117686%2F5444158%2F%3Futm_source%3Dtwitter%26utm_medium%3Dsocial&amp;hashtags=ots&amp;lang=de\"><\/a><a href=\"https:\/\/web.whatsapp.com\/send?text=POL-PDLD%3A%20R%C3%BClzheim%20-%20F%C3%BChrerscheinpr%C3%BCfung%20muss%20warten%0A%0Ahttps%3A%2F%2Fwww.presseportal.de%2Fblaulicht%2Fpm%2F117686%2F5444158%2F%3Futm_source%3Dwhatsapp%26utm_medium%3Dsocial\"><\/a><a href=\"https:\/\/www.xing.com\/app\/user?op=share;url=https%3A%2F%2Fwww.presseportal.de%2Fblaulicht%2Fpm%2F117686%2F5444158%2F%3Futm_source%3Dxing%26utm_medium%3Dsocial\"><\/a><a href=\"http:\/\/www.linkedin.com\/shareArticle?mini=true&amp;url=https%3A%2F%2Fwww.presseportal.de%2Fblaulicht%2Fpm%2F117686%2F5444158%2F%3Futm_source%3Dlinkedin%26utm_medium%3Dsocial&amp;title=POL-PDLD%3A+R%C3%BClzheim+-+F%C3%BChrerscheinpr%C3%BCfung+muss+warten\"><\/a><a href=\"mailto:?subject=POL-PDLD%3A%20R%C3%BClzheim%20-%20F%C3%BChrerscheinpr%C3%BCfung%20muss%20warten&amp;body=https:\/\/www.presseportal.de\/blaulicht\/pm\/117686\/5444158\"><\/a><\/h2>\n\n\n\n<p>Am fr\u00fchen Freitagmorgen wurde ein 21-j\u00e4hriger Autofahrer in der Stra\u00dfe &#8222;Am See&#8220; in R\u00fclzheim einer Verkehrskontrolle unterzogen. Ein Alkoholtest vor Ort ergab einen Wert von 1,2 Promille, weshalb ihm eine Blutprobe entnommen wurden. Es stellte sich heraus, dass der junge Mann gerade dabei war, seinen F\u00fchrerschein zu machen und kurz vor der Pr\u00fcfung stand. Diese muss nun aufgrund der Strafverfahren verschoben werden.<\/p>\n\n\n\n<h2 class=\"wp-block-heading\">(Edenkoben) &#8211; Katze fl\u00fcchtet unerkannt<\/h2>\n\n\n<div class=\"wp-block-image\">\n<figure class=\"aligncenter size-full\"><img decoding=\"async\" loading=\"lazy\" width=\"800\" height=\"382\" src=\"https:\/\/speyer24news.com\/wp-content\/uploads\/2023\/02\/cats.jpg\" alt=\"\" class=\"wp-image-51056\" srcset=\"https:\/\/speyer24news.com\/wp-content\/uploads\/2023\/02\/cats.jpg 800w, https:\/\/speyer24news.com\/wp-content\/uploads\/2023\/02\/cats-300x143.jpg 300w, https:\/\/speyer24news.com\/wp-content\/uploads\/2023\/02\/cats-768x367.jpg 768w\" sizes=\"(max-width: 800px) 100vw, 800px\" \/><\/figure><\/div>\n\n\n<p><a href=\"https:\/\/www.facebook.com\/sharer.php?u=https%3A%2F%2Fwww.presseportal.de%2Fblaulicht%2Fpm%2F117686%2F5444004%2F%3Futm_source%3Dfacebook%26utm_medium%3Dsocial\"><\/a><a href=\"https:\/\/twitter.com\/intent\/tweet?text=POL-PDLD%3A%20Katze%20fl%C3%BCchtet%20unerkannt&amp;url=https%3A%2F%2Fwww.presseportal.de%2Fblaulicht%2Fpm%2F117686%2F5444004%2F%3Futm_source%3Dtwitter%26utm_medium%3Dsocial&amp;hashtags=ots&amp;lang=de\"><\/a><a href=\"https:\/\/web.whatsapp.com\/send?text=POL-PDLD%3A%20Katze%20fl%C3%BCchtet%20unerkannt%0A%0Ahttps%3A%2F%2Fwww.presseportal.de%2Fblaulicht%2Fpm%2F117686%2F5444004%2F%3Futm_source%3Dwhatsapp%26utm_medium%3Dsocial\"><\/a><a href=\"https:\/\/www.xing.com\/app\/user?op=share;url=https%3A%2F%2Fwww.presseportal.de%2Fblaulicht%2Fpm%2F117686%2F5444004%2F%3Futm_source%3Dxing%26utm_medium%3Dsocial\"><\/a><a href=\"http:\/\/www.linkedin.com\/shareArticle?mini=true&amp;url=https%3A%2F%2Fwww.presseportal.de%2Fblaulicht%2Fpm%2F117686%2F5444004%2F%3Futm_source%3Dlinkedin%26utm_medium%3Dsocial&amp;title=POL-PDLD%3A+Katze+fl%C3%BCchtet+unerkannt\"><\/a><a href=\"mailto:?subject=POL-PDLD%3A%20Katze%20fl%C3%BCchtet%20unerkannt&amp;body=https:\/\/www.presseportal.de\/blaulicht\/pm\/117686\/5444004\"><\/a><\/p>\n\n\n\n<p>Am Vormittag des 17.02.2023 kam es gegen 09:45 Uhr zu einem Verkehrsunfall mit Personenschaden in der Nonnenstra\u00dfe in Edenkoben. Die 42-j\u00e4hrige Fahrzeugf\u00fchrerin aus dem Landkreis S\u00fcdliche Weinstra\u00dfe gab an, einer Katze ausgewichen zu sein und im Anschluss die Kontrolle \u00fcber ihr Fahrzeug verloren zu haben. Hierdurch wurden zwei parkende Autos nicht unerheblich besch\u00e4digt. Die Sachschadensh\u00f6he bel\u00e4uft sich auf ca. 11.000 Euro. Das Verursacherfahrzeug sowie eines der parkenden Fahrzeuge mussten abgeschleppt werden. Zudem wurde die Frau leicht an der Schulter verletzt.<\/p>\n\n\n\n<h2 class=\"wp-block-heading\">(Edenkoben) &#8211; Alkoholisiert gegen die Ehefrau<\/h2>\n\n\n\n<p>Alkoholisiert hat Donnerstagnachmittag (16.02.2023, 16.30 Uhr) ein 40 Jahre alter Mann seiner 30 Jahren alten Ehefrau eine Ohrfeige erteilt, weil diese sich scheinbar \u00fcber seinen Zustand beim Heimkommen beschwert hatte. Die Frau erlitt Ohrenschmerzen. Die beiden zweij\u00e4hrigen Kinder haben von der Auseinandersetzung nichts mitbekommen, weil sie sich im Erdgeschoss aufgehalten haben. Die Polizei kam vor Ort, schlichtete den Streit und erteilte dem 40-J\u00e4hrigen ein N\u00e4herungs- und Kontaktverbot. Zudem wurde ein Ermittlungsverfahren wegen K\u00f6rperverletzung eingeleitet. Die Polizei appelliert: Gewalt in Beziehungen sollten nicht privat bleiben. Dar\u00fcber zu sprechen, ist f\u00fcr viele ein Tabu. Sollten Sie Gewalt in einer Beziehung erleben, verst\u00e4ndigen sie die Polizei. Jede Polizeidienststelle koordiniert und bietet eine Opferberatung gemeinsam mit der Interventionsstelle an. Die zust\u00e4ndige Interventionsstelle f\u00fcr den Bereich der Polizeiinspektion Edenkoben erreichen sie unter der Telefonnummer 06341\/381922.<\/p>\n\n\n\n<h2 class=\"wp-block-heading\">(Neustadt) &#8211; Versuchter PKW-Aufbruch<a href=\"https:\/\/www.facebook.com\/sharer.php?u=https%3A%2F%2Fwww.presseportal.de%2Fblaulicht%2Fpm%2F117687%2F5443412%2F%3Futm_source%3Dfacebook%26utm_medium%3Dsocial\"><\/a><a href=\"https:\/\/twitter.com\/intent\/tweet?text=POL-PDNW%3A%20Versuchter%20PKW-Aufbruch&amp;url=https%3A%2F%2Fwww.presseportal.de%2Fblaulicht%2Fpm%2F117687%2F5443412%2F%3Futm_source%3Dtwitter%26utm_medium%3Dsocial&amp;hashtags=ots&amp;lang=de\"><\/a><a href=\"https:\/\/web.whatsapp.com\/send?text=POL-PDNW%3A%20Versuchter%20PKW-Aufbruch%0A%0Ahttps%3A%2F%2Fwww.presseportal.de%2Fblaulicht%2Fpm%2F117687%2F5443412%2F%3Futm_source%3Dwhatsapp%26utm_medium%3Dsocial\"><\/a><a href=\"https:\/\/www.xing.com\/app\/user?op=share;url=https%3A%2F%2Fwww.presseportal.de%2Fblaulicht%2Fpm%2F117687%2F5443412%2F%3Futm_source%3Dxing%26utm_medium%3Dsocial\"><\/a><a href=\"http:\/\/www.linkedin.com\/shareArticle?mini=true&amp;url=https%3A%2F%2Fwww.presseportal.de%2Fblaulicht%2Fpm%2F117687%2F5443412%2F%3Futm_source%3Dlinkedin%26utm_medium%3Dsocial&amp;title=POL-PDNW%3A+Versuchter+PKW-Aufbruch\"><\/a><a href=\"mailto:?subject=POL-PDNW%3A%20Versuchter%20PKW-Aufbruch&amp;body=https:\/\/www.presseportal.de\/blaulicht\/pm\/117687\/5443412\"><\/a><\/h2>\n\n\n\n<p>Im Zeitraum vom 15.02.2023, 18:30 Uhr bis zum 16.02.2023, 19:00 Uhr versucht eine bislang unbekannte T\u00e4terschaft die Fahrzeugt\u00fcren der Beifahrerseite eines Fords aufzubrechen. Der PKW war in einer Tiefgarage in der Stra\u00dfe Kohlplatz in 67433 Neustadt\/W. geparkt. Im Rahmen der Sachverhaltsaufnahme vor Ort konnte ferner festgestellt werden, dass die verschlossene T\u00fcr zur Tiefgarage ebenfalls Hebelmarken aufwies. Es entstand ein Gesamtschaden in H\u00f6he von circa 500 Euro. Hinweise nimmt die Polizei Neustadt\/W. unter Tel. 06321\/854-0 oder per Mail an&nbsp;<a href=\"mailto:pineustadt@polizei.rlp.de\">pineustadt@polizei.rlp.de<\/a>&nbsp;entgegen.<\/p>\n\n\n\n<h2 class=\"wp-block-heading\">(Neustadt) &#8211; Mit entstempelten Kennzeichen zur Inspektion<\/h2>\n\n\n\n<p>Am 16.02.2023 um 14:00 Uhr konnte ein VW-Beetle mit entstempelten Kennzeichen auf dem Parkplatz &#8222;Alter Turnplatz&#8220; in 67433 Neustadt\/W. durch Mitarbeiter der Ordnungsbeh\u00f6rde Neustadt\/W. festgestellt werden. Eine Streife konnte schlie\u00dflich vor Ort die Fahrzeugbesitzerin antreffen. Diese teilte den Beamten mit, dass ihre Kennzeichen entwendet wurden und sie deshalb alte, entstempelte Kennzeichen an ihren PKW anbrachte, um diesen in eine Werkstatt zur Inspektion zu bringen. Aufgrund dieser Handlung muss sich die 73-J\u00e4hrige aus der VG Deidesheim nun wegen eines Kennzeichenmissbrauchs strafrechtlich verantworten. Die Ermittlungen hinsichtlich des Kennzeichendiebstahls dauern an.<\/p>\n\n\n\n<h2 class=\"wp-block-heading\">(Neustadt) &#8211; Dieb nutzt f\u00fcnfmin\u00fctige Abwesenheit<\/h2>\n\n\n\n<p>Am 16.02.2023 um kurz nach 07:30 Uhr stellte eine 30-J\u00e4hrige ihren PKW in der Quellenstra\u00dfe in 67433 Neustadt\/W. ab, um eine Erledigung zu t\u00e4tigen. Die Abwesenheit der Dame von circa f\u00fcnf Minuten nutzte ein bislang unbekannter T\u00e4ter, in dem er die Seitenscheibe des PKW&#8217;s einschlug und den Rucksack der PKW-Halterin entwendete. Der Rucksack wurde wenig sp\u00e4ter durch einen Passanten im Schlossweg gefunden. Hieraus wurden die Bankkarten der Frau entwendet. Durch den Vorfall entstand ein Gesamtschafen in H\u00f6he von circa 250 Euro. Zeugen, welche Hinweise zur Aufkl\u00e4rung der Tat geben k\u00f6nnen, werden gebeten sich mit der Polizei Neustadt\/W. unter Tel. 06321\/854-0 oder per Mail an&nbsp;<a href=\"mailto:pineustadt@polizei.rlp.de\">pineustadt@polizei.rlp.de<\/a>&nbsp;in Verbindung zu setzen. Die Polizei weist in diesem Zusammenhang darauf hin, dass man zu keinem Zeitpunkt Wertgegenst\u00e4nde offen und f\u00fcr Jedermann sichtbar im Fahrzeuginnenraum liegen lassen sollte.<\/p>\n\n\n\n<h2 class=\"wp-block-heading\">(Gr\u00fcnstadt) &#8211; Fahrt unter dem Einfluss von Kokain und THC gestoppt.<\/h2>\n\n\n\n<p>In der Nacht von Donnerstag auf Freitag endete die Fahrt eines 25-j\u00e4hrigen BMW-Fahrers aus Ludwigshafen bei einer Verkehrskontrolle in der Bitzenstra\u00dfe in Gr\u00fcnstadt. W\u00e4hrend der Kontrolle wurden bei dem jungen Mann drogentypische Auff\u00e4lligkeiten festgestellt. Ein anschlie\u00dfender Urintest schlug positiv auf THC und Kokain an. Dem Fahrer wurde entsprechend die Weiterfahrt untersagt. Der Fahrzeugschl\u00fcssel und F\u00fchrerschein wurde f\u00fcr die Nacht sichergestellt. In der Dienststelle wurde dem Fahrer eine Blutprobe entnommen. Der Fahrer muss sich aufgrund des F\u00fchrens unter Drogeneinflusses wegen einer Ordnungswidrigkeit verantworten. Au\u00dferdem kommt ein Strafverfahren wegen des Besitzes von Drogen auf ihn zu.<\/p>\n\n\n\n<h2 class=\"wp-block-heading\">(Lambsheim) &#8211; Lkw-Fahrer positiv auf Amphetamin<\/h2>\n\n\n\n<p>Am 16.02.2023, um 16.30 Uhr, kontrollierten Beamte der Polizeiautobahnstation Ruchhem auf der A61, Parkplatz &#8222;Auf dem Hahnen&#8220; einen Lkw. Der 37-j\u00e4hrige Fahrer zeigte bei der Kontrolle deutliche Anzeigen auf eine Drogenbeeinflussung. Ein durchgef\u00fchrter Drogenschnelltest best\u00e4tigte den Verdacht, der Mann stand unter dem Einfluss von Amphetamin. Dem 37-J\u00e4hrigen wurde eine Blutprobe entnommen und ein Ermittlungsverfahren wegen Trunkenheit im Stra\u00dfenverkehr und Versto\u00df gegen das Bet\u00e4ubungsmittelgesetz eingeleitet.<\/p>\n\n\n\n<h2 class=\"wp-block-heading\">(Ludwigshafen) &#8211; Rauch in Fahrradkeller<\/h2>\n\n\n\n<p>Zu einem Einsatz von Polizei und Feuerwehr kam es am Nachmittag des 16.02.2023 in einem Wohnhaus in der Sudermannstra\u00dfe. Ein Hausbewohner hatte im Keller des Hauses Rauch festgestellt. Durch das Feuer entstand ein Schaden in H\u00f6he von rund 1.000 Euro. Die Polizei ermittelt nun wegen Sachbesch\u00e4digung.<\/p>\n\n\n\n<p>Sachdienliche Hinweise bitte an die Polizeiinspektion Ludwigshafen 1, Telefonnummer 0621 963-2122 oder per E-Mail\u00a0<a href=\"mailto:piludwigshafen1@polizei.rlp.de\">piludwigshafen1@polizei.rlp.de<\/a>\u00a0.<\/p>\n\n\n\n<h2 class=\"wp-block-heading\">(Ludwigshafen) &#8211; Sachbesch\u00e4digung an Auto<\/h2>\n\n\n\n<p>Ein Schaden von etwa 1.000 Euro entstand am 16.02.2023, zwischen 16:30 Uhr und 16:50 Uhr, an einem Auto durch Sachbesch\u00e4digung, das meldete der 26-j\u00e4hrige Eigent\u00fcmer des Fahrzeugs. Sein Auto stand zur Tatzeit auf dem Parkplatz eines Spielwarenmarkts in der Schillerstra\u00dfe. Als der 26-J\u00e4hrige zu seinem PKW zur\u00fcckkehrte, musste er mehrere Kratzer an diesem feststellen.<\/p>\n\n\n\n<p>Haben Sie etwas beobachtet? Hinweise werden an die Polizeiwache Oggersheim unter Tel. 0621 963 &#8211; 2403 oder per E-Mail&nbsp;<a href=\"mailto:pwoggersheim@polizei.rlp.de\">pwoggersheim@polizei.rlp.de<\/a>&nbsp;erbeten.<\/p>\n\n\n\n<h2 class=\"wp-block-heading\">(Ludwigshafen) &#8211; Einbruch in Sporthalle<\/h2>\n\n\n\n<p>Am 16.02.2023 zwischen 11:00 Uhr und 17:00 Uhr brachen Unbekannte in eine Umkleidekabine der Heinrich-Ries-Halle (Pettenkoferstra\u00dfe) ein und entwendeten vier Pokale des Vereins. Die T\u00e4ter konnten unbekannt entkommen.<\/p>\n\n\n\n<p>Sachdienliche Hinweise nimmt die Kriminalpolizei Ludwigshafen unter der Telefonnummer 0621\/963-2773 oder per E-Mail\u00a0<a href=\"mailto:kiludwigshafen.k1.kdd@polizei.rlp.de\">kiludwigshafen.k1.kdd@polizei.rlp.de<\/a>\u00a0entgegen.<\/p>\n\n\n\n<h2 class=\"wp-block-heading\">(Ludwigshafen) &#8211; Nicht auf Telefonbetrug hereingefallen<\/h2>\n\n\n\n<p>Von Telefonbetr\u00fcgern nicht t\u00e4uschen lie\u00df sich eine 75-J\u00e4hrige aus Ludwigshafen-Gartenstadt. Sie erhielt am Donnerstag, gegen 15 Uhr, einen Anruf eines angeblichen Polizeibeamten. Er teilte mit, dass ihre Enkelin einen Verkehrsunfall verursacht habe, bei dem eine Person verstorben sei. Nun w\u00fcrde ihr eine Gef\u00e4ngnisstrafe drohen, wenn keine Kaution in H\u00f6he von 30000 bis 80000 Euro bezahlt werde. Die 75-J\u00e4hrige wurde aufgefordert, ihren gesamten Schmuck und Bargeld bereitzustellen. Davon lie\u00df sie sich jedoch nicht t\u00e4uschen. Sie verhielt sich absolut vorbildlich, beendete zun\u00e4chst das Gespr\u00e4ch, versicherte sich dann bei ihrer Enkelin r\u00fcck, dass es ihr gut geht und rief schlie\u00dflich die echte Polizei an.<\/p>\n\n\n\n<h2 class=\"wp-block-heading\">(A 650 \/ Ludwigshafen) &#8211; Seat-Fahrer unter Drogeneinfluss<\/h2>\n\n\n\n<p>Einen 24-j\u00e4hrigen Seat Fahrer unter Drogeneinfluss stellten am 16.02.2023, um 09.50 Uhr, Beamte der Polizeiautobahnstation Ruchheim fest. Der Seat war auf der A650 in Richtung Mannheim unterwegs. H\u00f6he Bruchwiesenstra\u00dfe konnte das Fahrzeug von der A650 geleitet und dort einer Kontrolle unterzogen werden. Bei dem 24-j\u00e4hrigen Fahrer stellten die Polizisten drogenbedingte Auffallerscheinungen fest. Ein durchgef\u00fchrter Drogenschnelltest best\u00e4tigte, dass dieser unter dem Einfluss von THC stand. Dem Mann wurde eine Blutprobe entnommen und ein Ermittlungsverfahren wegen Trunkenheit im Stra\u00dfenverkehr und Versto\u00df gegen das Bet\u00e4ubungsmittelgesetz eingeleitet.<\/p>\n\n\n\n<h2 class=\"wp-block-heading\">(Ludwigshafen) &#8211; Autobrand<\/h2>\n\n\n\n<p>Am 16.02.2023, gegen 7 Uhr, kam es zu einem Brand eines Autos. Dieses stand auf einem \u00f6ffentlichen Parkplatz in der Stra\u00dfe Unteres Rheinufer. Das Feuer konnte durch die Feuerwehr schnell gel\u00f6scht werden. Der am Fahrzeug entstandene Sachschaden wird derzeit auf etwa 3.000 Euro gesch\u00e4tzt.<\/p>\n\n\n\n<p>Die Kriminalpolizei hat die Ermittlungen zur Brandursache aufgenommen.<\/p>\n\n\n\n<p>Sachdienliche Hinweise nimmt die Kriminalpolizei Ludwigshafen unter der Telefonnummer 0621\/963-2773 oder per E-Mail\u00a0<a href=\"mailto:kiludwigshafen.k1.kdd@polizei.rlp.de\">kiludwigshafen.k1.kdd@polizei.rlp.de<\/a>\u00a0entgegen.<\/p>\n\n\n\n<h2 class=\"wp-block-heading\">(Ludwigshafen) &#8211; Einbruch in B\u00fcror\u00e4ume<a href=\"https:\/\/www.facebook.com\/sharer.php?u=https%3A%2F%2Fwww.presseportal.de%2Fblaulicht%2Fpm%2F117696%2F5443470%2F%3Futm_source%3Dfacebook%26utm_medium%3Dsocial\"><\/a><a href=\"https:\/\/twitter.com\/intent\/tweet?text=POL-PPRP%3A%20Einbruch%20in%20B%C3%BCror%C3%A4ume&amp;url=https%3A%2F%2Fwww.presseportal.de%2Fblaulicht%2Fpm%2F117696%2F5443470%2F%3Futm_source%3Dtwitter%26utm_medium%3Dsocial&amp;hashtags=ots&amp;lang=de\"><\/a><a href=\"https:\/\/web.whatsapp.com\/send?text=POL-PPRP%3A%20Einbruch%20in%20B%C3%BCror%C3%A4ume%0A%0Ahttps%3A%2F%2Fwww.presseportal.de%2Fblaulicht%2Fpm%2F117696%2F5443470%2F%3Futm_source%3Dwhatsapp%26utm_medium%3Dsocial\"><\/a><a href=\"https:\/\/www.xing.com\/app\/user?op=share;url=https%3A%2F%2Fwww.presseportal.de%2Fblaulicht%2Fpm%2F117696%2F5443470%2F%3Futm_source%3Dxing%26utm_medium%3Dsocial\"><\/a><a href=\"http:\/\/www.linkedin.com\/shareArticle?mini=true&amp;url=https%3A%2F%2Fwww.presseportal.de%2Fblaulicht%2Fpm%2F117696%2F5443470%2F%3Futm_source%3Dlinkedin%26utm_medium%3Dsocial&amp;title=POL-PPRP%3A+Einbruch+in+B%C3%BCror%C3%A4ume\"><\/a><a href=\"mailto:?subject=POL-PPRP%3A%20Einbruch%20in%20B%C3%BCror%C3%A4ume&amp;body=https:\/\/www.presseportal.de\/blaulicht\/pm\/117696\/5443470\"><\/a><\/h2>\n\n\n\n<p>Zu einem Einbruch in mehrere B\u00fcros einer Hochschule in der Maxstra\u00dfe kam es am 16.02.2023, gegen 7 Uhr. Bislang unbekannte T\u00e4ter verschafften sich Zutritt zu den R\u00e4umlichkeiten und entwendeten unter anderem Computerzubeh\u00f6r und Bargeld. Der Sachschaden durch die Beute sowie durch am Geb\u00e4ude entstandene Sch\u00e4den d\u00fcrfte sich auf mehr als 1.000 Euro belaufen.<\/p>\n\n\n\n<p>Die Kriminalpolizei bittet Personen, die etwas Verd\u00e4chtiges wahrgenommen haben, sich zu melden. Sachdienliche Hinweise nimmt die Kriminalpolizei Ludwigshafen unter der Telefonnummer 0621\/963-2773 oder per E-Mail&nbsp;<a href=\"mailto:kiludwigshafen.k1.kdd@polizei.rlp.de\">kiludwigshafen.k1.kdd@polizei.rlp.de<\/a>&nbsp;entgegen.<\/p>\n\n\n\n<h2 class=\"wp-block-heading\">(Ludwigshafen) &#8211; Faschingsnarren in Streit geraten<\/h2>\n\n\n\n<p>Auf der Altberweiberfastnachts-Feier in der Friedrich-Ebert-Halle kam es kurz nach Mitternacht zu einer k\u00f6rperlichen Auseinandersetzung zwischen mehreren Feiernden. Eine Meinungsverschiedenheit wegen der bestellten Getr\u00e4nke eskalierte. Drei Personen im Alter von 31, 30 und 41 Jahren wurden hierauf von drei bis vier M\u00e4nnern angegriffen und leicht verletzt. Die Angreifer konnten bislang nur teilweise identifiziert werden. Die Ermittlungen der Polizei Ludwigshafen dauern an.<\/p>\n\n\n\n<p>Sachdienliche Hinweise bitte an die Polizeiinspektion Ludwigshafen 2, Telefonnummer 0621 963-2222 oder per E-Mail\u00a0<a href=\"mailto:piludwigshafen2@polizei.rlp.de\">piludwigshafen2@polizei.rlp.de<\/a>\u00a0.<\/p>\n\n\n\n<h2 class=\"wp-block-heading\">(Mannheim \/ Ludwigshafen) &#8211; Mann ausgeraubt \/ Zeugen gesucht<\/h2>\n\n\n<div class=\"wp-block-image\">\n<figure class=\"aligncenter size-full\"><img decoding=\"async\" loading=\"lazy\" width=\"801\" height=\"600\" src=\"https:\/\/speyer24news.com\/wp-content\/uploads\/2020\/05\/Zeugen-gesucht-Neutral.jpg\" alt=\"\" class=\"wp-image-26598\" srcset=\"https:\/\/speyer24news.com\/wp-content\/uploads\/2020\/05\/Zeugen-gesucht-Neutral.jpg 801w, https:\/\/speyer24news.com\/wp-content\/uploads\/2020\/05\/Zeugen-gesucht-Neutral-300x225.jpg 300w, https:\/\/speyer24news.com\/wp-content\/uploads\/2020\/05\/Zeugen-gesucht-Neutral-768x575.jpg 768w, https:\/\/speyer24news.com\/wp-content\/uploads\/2020\/05\/Zeugen-gesucht-Neutral-678x509.jpg 678w, https:\/\/speyer24news.com\/wp-content\/uploads\/2020\/05\/Zeugen-gesucht-Neutral-326x245.jpg 326w, https:\/\/speyer24news.com\/wp-content\/uploads\/2020\/05\/Zeugen-gesucht-Neutral-80x60.jpg 80w\" sizes=\"(max-width: 801px) 100vw, 801px\" \/><\/figure><\/div>\n\n\n<p>Am Donnerstag meldete ein 33-J\u00e4hriger bei der Kriminalpolizei Ludwigshafen, dass er am Vorabend (15.02.2023), zwischen 19:30 Uhr und 20 Uhr, in der Parkanlage &#8218;Lauersche G\u00e4rten&#8216; in der Mannheimer Innenstadt von Unbekannten angegriffen worden sei. Die T\u00e4ter h\u00e4tten bei der Tat sein Smartphone geraubt. Der 33-J\u00e4hrige wurde bei der Tat schwer verletzt und verlor das Bewusstsein. Eine Beschreibung der T\u00e4ter war ihm nicht m\u00f6glich.<\/p>\n\n\n\n<ul>\n<li><strong>Haben Sie die Tat beobachtet oder k\u00f6nnen Sie Hinweise geben?<\/strong><\/li>\n<\/ul>\n\n\n\n<p>Die Kriminalkommissariat Mannheim hat die weiteren Ermittlungen \u00fcbernommen und bittet Zeugen, die Hinweise zum T\u00e4ter oder der Tat selbst geben k\u00f6nnen, sich unter der Telefonnummer 0621\/174-4444 zu melden.<\/p>\n\n\n\n<h2 class=\"wp-block-heading\">(Mannheim) &#8211; Einbrecher r\u00e4umen Spielautomaten aus \/ Zeugen gesucht<\/h2>\n\n\n\n<p>Eine bislang unbekannte T\u00e4terschaft brach am Donnerstagmorgen zwischen 02 und 05 Uhr in ein Lokal im Quadrat T4 ein und entwendete aus einem Spielautomaten rund 5.000 Euro Bargeld. Die Unbekannten hebelten im Tatzeitraum die Eingangst\u00fcr auf und \u00f6ffneten schlie\u00dflich gewaltsam den Automaten. Anschlie\u00dfend fl\u00fcchteten die T\u00e4terinnen bzw. T\u00e4ter mit dem Bargeld in unbekannte Richtung. Das Polizeirevier Mannheim-Innenstadt ermittelt nun wegen des besonders schweren Falls des Diebstahls. Zeugen, welche sachdienliche Hinweise zu Tat oder T\u00e4ter bzw. T\u00e4terinnen geben k\u00f6nnen, werden gebeten, sich unter Tel.: 0621\/1258-0 zu melden.<\/p>\n\n\n\n<h2 class=\"wp-block-heading\">(Mannheim) &#8211; E-Bike im Wert von 4.000 Euro gestohlen \/ Zeugen gesucht<\/h2>\n\n\n\n<p>Zwischen Montagnachmittag und Donnerstagmorgen entwendete eine bislang unbekannte T\u00e4terschaft ein E-Bike aus dem Keller eines Mehrfamilienhauses im Friedrichsring. Die Unbekannten durchtrennten vermutlich mit einem Bolzenschneider das Vorh\u00e4ngeschloss eines Kellerabteils und entwendeten hieraus das Mountainbike der Marke Cube. Die Polizei ermittelt nun wegen des besonders schweren Falls des Diebstahls. Zeugenhinweise nimmt das Polizeirevier Mannheim-Oststadt unter Tel.: 0621\/174-3310 zu melden.<\/p>\n\n\n\n<h2 class=\"wp-block-heading\">(Mannheim-Neckarstadt) &#8211; Ahnungsloser Autofahrer wird unvermittelt mit Pfefferspray angegriffen<\/h2>\n\n\n\n<p>Am Mittwoch um kurz vor 18 Uhr attackierte ein 43-j\u00e4hriger Mann einen Autofahrer in der Friedrich-Ebert-Stra\u00dfe unvermittelt mit Pfefferspray. Der 29-j\u00e4hrige Fahrzeugf\u00fchrer war in Richtung Innenstadt unterwegs, als er an einer Ampel auf dem rechten der beiden Fahrstreifen halten musste. Der verd\u00e4chtige 43-J\u00e4hrige hielt neben dem 29-J\u00e4hrigen an, stieg aus dem Auto aus und begab sich zur Beifahrerseite des 29-J\u00e4hrigen. Dieser \u00f6ffnete daraufhin unbedarft das Fahrerfenster. Ohne jegliche Vorwarnung zog der 43-j\u00e4hrige Angreifer ein Pfefferspray aus der Tasche und spr\u00fcht dieses in den Wagen, wodurch der Fahrer leicht verletzt wurde. Im Anschluss setzte der T\u00e4ter seine Fahrt fort. Gegen 20 Uhr stellte sich der T\u00e4ter unerwartet auf dem Polizeirevier Mannheim-K\u00e4fertal selbst. Die Hintergr\u00fcnde der Tat sind jedoch weiter unklar. Ihn erwartet nun eine Anzeige wegen gef\u00e4hrlicher K\u00f6rperverletzung mittels einer Waffe, der N\u00f6tigung sowie des gef\u00e4hrlichen Eingriffs in den Stra\u00dfenverkehr.<\/p>\n\n\n\n<h2 class=\"wp-block-heading\">(Mannheim-Waldhof) &#8211; Elektroroller entwendet \/ Eigent\u00fcmer gesucht!<\/h2>\n\n\n\n<p>Am Donnerstagmittag gegen 13:20 Uhr stoppten eine Beamtin und ein Beamter des Polizeireviers Mannheim-Sandhofen in der Alten Frankfurter Stra\u00dfe einen 38-j\u00e4hrigen Mann auf einem gestohlenen Elektroroller. Als der Mann den herannahenden Streifenwagen erblickte, versuchte dieser zun\u00e4chst vor den Einsatzkr\u00e4ften \u00fcber den Parkplatz eines Supermarktes zu fl\u00fcchten. Der Fluchtversuch w\u00e4hrte jedoch nicht lange, denn das Streifenteam konnte den Mann schnell einholen und festnehmen. Hier offenbarte sich der Hintergrund des Fluchtverhaltens. Eigenen Angaben zufolge hatte der Mann den Roller der Marke NINEBOT vor dem nahegelegenen Einkaufszentrum entwendet. Weiterhin stand der Dieb unter dem Einfluss alkoholischer Genussmittel und hatte fast ein Promille. Nachdem die polizeilichen Ma\u00dfnahmen abgeschlossen waren, durfte der 38-J\u00e4hrige gehen. Ihn erwartet nun eine Anzeige wegen Diebstahls sowie dem F\u00fchren eines Kraftfahrzeugs unter dem Einfluss von Alkohol. Da sich der rechtm\u00e4\u00dfige Besitzer des Elektrorollers noch nicht bei der Polizei gemeldet hat, bittet das Polizeirevier Mannheim-Sandhofen diesen, sich unter der Telefonnummer 0621\/77769-0 zu melden.<\/p>\n\n\n\n<h2 class=\"wp-block-heading\">(Schwetzingen \/ Rhein-Neckar-Kreis) &#8211; Einbruch in Baumarkt \/ Zeugen gesucht!<\/h2>\n\n\n\n<p>Am fr\u00fchen Freitagmorgen gegen 02:45 Uhr verschaffte sich eine derzeit noch unbekannte T\u00e4terschaft gewaltsam Zutritt zu einem Baumarkt in der Z\u00fcndholzstra\u00dfe und entwendete mehrere Elektroger\u00e4te. Die T\u00e4terschaft zerst\u00f6rte eine Scheibe auf der R\u00fcckseite des Geb\u00e4udes und gelangte so in das Innere des Markts. Im Anschluss an die Tat fl\u00fcchtete die T\u00e4terschaft unerkannt. Der bei der Tat entstandene Sachschaden ist noch nicht abschlie\u00dfend gekl\u00e4rt. Die Kriminalpolizei sucht nun Zeugen, welche verd\u00e4chtige Wahrnehmungen gemacht haben und bittet diese, sich unter der Telefonnummer 0621\/174-4444 zu melden.<\/p>\n\n\n\n<h2 class=\"wp-block-heading\">(L 560 \/ Altlu\u00dfheim \/ Rhein-Neckar-Kreis) &#8211; Trotz Rotlicht abgebogen und Unfall verursacht<a href=\"https:\/\/www.facebook.com\/sharer.php?u=https%3A%2F%2Fwww.presseportal.de%2Fblaulicht%2Fpm%2F14915%2F5443828%2F%3Futm_source%3Dfacebook%26utm_medium%3Dsocial\"><\/a><a href=\"https:\/\/twitter.com\/intent\/tweet?text=POL-MA%3A%20L560%2C%20Altlu%C3%9Fheim%2FRhein-Neckar-Kreis%3A%20Trotz%20Rotlicht%20abgebogen%20und%20Unfall%20verursacht&amp;url=https%3A%2F%2Fwww.presseportal.de%2Fblaulicht%2Fpm%2F14915%2F5443828%2F%3Futm_source%3Dtwitter%26utm_medium%3Dsocial&amp;hashtags=ots&amp;lang=de\"><\/a><a href=\"https:\/\/web.whatsapp.com\/send?text=POL-MA%3A%20L560%2C%20Altlu%C3%9Fheim%2FRhein-Neckar-Kreis%3A%20Trotz%20Rotlicht%20abgebogen%20und%20Unfall%20verursacht%0A%0Ahttps%3A%2F%2Fwww.presseportal.de%2Fblaulicht%2Fpm%2F14915%2F5443828%2F%3Futm_source%3Dwhatsapp%26utm_medium%3Dsocial\"><\/a><a href=\"https:\/\/www.xing.com\/app\/user?op=share;url=https%3A%2F%2Fwww.presseportal.de%2Fblaulicht%2Fpm%2F14915%2F5443828%2F%3Futm_source%3Dxing%26utm_medium%3Dsocial\"><\/a><a href=\"http:\/\/www.linkedin.com\/shareArticle?mini=true&amp;url=https%3A%2F%2Fwww.presseportal.de%2Fblaulicht%2Fpm%2F14915%2F5443828%2F%3Futm_source%3Dlinkedin%26utm_medium%3Dsocial&amp;title=POL-MA%3A+L560%2C+Altlu%C3%9Fheim%2FRhein-Neckar-Kreis%3A+Trotz+Rotlicht+abgebogen+und+Unfall+verursacht\"><\/a><a href=\"mailto:?subject=POL-MA%3A%20L560%2C%20Altlu%C3%9Fheim%2FRhein-Neckar-Kreis%3A%20Trotz%20Rotlicht%20abgebogen%20und%20Unfall%20verursacht&amp;body=https:\/\/www.presseportal.de\/blaulicht\/pm\/14915\/5443828\"><\/a><\/h2>\n\n\n\n<p>15.000 Euro Sachschaden und zwei Verletzte sind das Ergebnis eines Verkehrsunfalles vom Donnerstagabend gegen 19:30 Uhr. Ein 52-j\u00e4hriger Mann bog von der L560 nach links in die Wagh\u00e4useler Stra\u00dfe ab. Hierbei missachtete der Skoda-Fahrer nach derzeitigem Stand der Ermittlungen eine rote Ampel. Ein ihm auf der L560 entgegenkommender 25-j\u00e4hriger Ford-Fahrer konnte einen Zusammensto\u00df nicht mehr vermeiden. Durch den Unfall wurden beide Personen schwer verletzt und mussten in umliegende Krankenh\u00e4user gebracht werden. Aufgrund ausgetretener Betriebsstoffe war die Fahrbahn w\u00e4hrend der Reinigungsarbeiten einer Fachfirma bis 23 Uhr teilweise gesperrt.<\/p>\n\n\n\n<h2 class=\"wp-block-heading\">(A 5 \/ Sankt Leon-Rot \/ Rhein-Neckar-Kreis) &#8211; LKW-Unfall auf der A 5<\/h2>\n\n\n\n<p>Auf der A 5 kam es zu einem Unfall, bei dem ein LKW auf die Mittelleitplanke kippte. Polizei und Rettungskr\u00e4fte befinden sich vor Ort. Die Fahrbahn in Richtung Norden ist derzeit voll gesperrt. Im Rahmen der Unfallaufnahme kommt es auch in der Gegenrichtung zu Behinderungen. (17.02.2023 \u2013 04:32)<\/p>\n\n\n\n<h3 class=\"has-text-align-center wp-block-heading\">Pressemeldung Nr. 2<\/h3>\n\n\n\n<p>Nach einem LKW-Unfall auf der A5 befinden sich seit dem heutigen Freitagmorgen, kurz nach 4 Uhr, Einsatzkr\u00e4fte der Feuerwehr, des Rettungsdienstes und der Polizei im Einsatz. Ein 41-j\u00e4hriger LKW-Fahrer fuhr auf der A5 in Richtung Heidelberg und kam zun\u00e4chst nach rechts von der Fahrbahn ab und kollidierte mit der rechten Leitplanke. In der Folge verlor der Mann die Kontrolle \u00fcber das Fahrzeug, welches nach links abgewiesen wurde und schlie\u00dflich gegen die Mittelleitplanke stie\u00df. Das verunfallte Fahrzeug blieb letztlich zwischen den Mittelleitplanken liegen. Hierbei kam es auch zu Verkehrsbeeintr\u00e4chtigungen auf der A5 in Richtung Karlsruhe. Der Fahrer konnte durch die Feuerwehr aus dem Unfallfahrzeug geborgen werden. Er wurde mit leichten Verletzungen vorsorglich in ein Krankenhaus gebracht. Die Schadensh\u00f6he liegt im hohen f\u00fcnfstelligen Bereich. Die BAB ist derzeit zur Unfallaufnahme und f\u00fcr die Bergungsarbeiten ab der Abfahrt Kronau von Karlsruhe in Richtung Heidelberg vollgesperrt. Die Sperrung wird voraussichtlich bis in die Mittagsstunden andauern. Verkehrsteilnehmer und Verkehrsteilnehmerinnen werden gebeten, das Gebiet weitr\u00e4umig zu umfahren.<\/p>\n\n\n\n<h3 class=\"has-text-align-center wp-block-heading\">Pressemeldung Nr. 3<\/h3>\n\n\n\n<p>Die auf der Autobahn eingerichtete Vollsperrung nach dem LKW-Unfall wurde um 14:15 Uhr aufgehoben. Aktuell ist lediglich der rechte Fahrstreifen nutzbar, weshalb es noch immer zu Verkehrsbeeintr\u00e4chtigungen kommt. Ortskundigen Verkehrsteilnehmerinnen und -teilnehmern wird nach wie vor empfohlen die Unfallstelle weitr\u00e4umig zu umfahren. In Fahrtrichtung Karlsruhe gibt es keinerlei Sperrungen mehr. Die genaue Unfallursache ist nach wie vor Gegenstand der polizeilichen Unfallermittlungen.<\/p>\n\n\n\n<h3 class=\"has-text-align-center wp-block-heading\">Pressemeldung Nr. 4 &#8211; Alle Ma\u00dfnahmen an der Unfallstelle abgeschlossen<\/h3>\n\n\n\n<p>Nach dem Verkehrsunfall auf der BAB 5 bei Sankt Leon-Rot ist die Unfallstelle nunmehr komplett ger\u00e4umt, alle Reparaturma\u00dfnahmen wurden beendet, alle Fahrstreifen sind wieder frei. Aktuell flie\u00dft der Verkehr wieder ohne Beeintr\u00e4chtigungen. (17.02.2023 \u2013 19:42)<\/p>\n\n\n\n<h2 class=\"wp-block-heading\">(Waibstadt \/ Rhein-Neckar-Kreis) &#8211; Sachschaden bei Fahrerflucht<\/h2>\n\n\n\n<p>Zu einem Unfall mit Sachschaden kam es am heutigen Freitag Vormittag zwischen 10:30 und 11:00 Uhr auf dem Parkplatz eines Einkaufsmarktes in der Neidensteiner Stra\u00dfe in Waibstadt. Beim Ausparken besch\u00e4digte ein bislang unbekannter Verkehrsteilnehmer mit einem roten Fahrzeug ein parkendes Fahrzeug. Hierbei entstand ein erheblicher Sachschaden. Der Unfallverursacher entfernte sich anschlie\u00dfend ohne seiner Feststellungspflicht nachzukommen.<\/p>\n\n\n\n<p>Zeuginnen und Zeugen des Vorfalls werden gebeten sich mit dem Polizeirevier Sinsheim, 07261\/6900, in Verbindung zu setzen.<\/p>\n\n\n\n<h2 class=\"wp-block-heading\">(Hirschberg an der Bergstra\u00dfe \/ Rhein-Neckar-Kreis) &#8211; Einbruch in Einfamilienhaus \/ Zeugen gesucht!<\/h2>\n\n\n\n<p>Eine derzeit noch unbekannte T\u00e4terschaft verschaffte sich zwischen dem 09.02. und dem 16.02. gewaltsam Zutritt zu einem Einfamilienhaus in der Jahnstra\u00dfe und durchw\u00fchlte s\u00e4mtliche R\u00e4umlichkeiten. Die T\u00e4terschaft hebelte die Terrassent\u00fcr auf der R\u00fcckseite des Hauses auf und gelangte so in das Hausinnere. Da noch nicht abschlie\u00dfend gekl\u00e4rt ist, was die T\u00e4terschaft entwendete, kann der entstandene Schaden aktuell nicht beziffert werden. Das Polizeirevier Weinheim sucht nun Zeugen, welche verd\u00e4chtige Wahrnehmungen gemacht haben und bittet diese, sich unter der Telefonnummer 06201\/1003-0 zu melden.<\/p>\n","protected":false},"excerpt":{"rendered":"<div class=\"mh-excerpt\"><p>Polizeimeldungen vom Freitag (17.02.2023) (Speyer) &#8211; Beamte bemerken Cannabiskonsum im Park Am 16.02.2023 gegen 17:15 Uhr f\u00fchrten Polizeibeamte eine Fu\u00dfstreife im Sch\u00fctzenpark durch und stellten hierbei eine 28-J\u00e4hrige fest, neben der ein angez\u00fcndeter Joint lag. <a class=\"mh-excerpt-more\" href=\"https:\/\/speyer24news.com\/?p=51039\" title=\"Polizeimeldungen Freitag (17.02.2023)\">[&#8230;]<\/a><\/p>\n<\/div>","protected":false},"author":3,"featured_media":26162,"comment_status":"open","ping_status":"open","sticky":false,"template":"","format":"standard","meta":{"_monsterinsights_skip_tracking":false,"_monsterinsights_sitenote_active":false,"_monsterinsights_sitenote_note":"","_monsterinsights_sitenote_category":0,"footnotes":""},"categories":[15659],"tags":[7243,7244,3614,350,14537,15084,15267,14538,15361,702,61,2555,6955,6986,6263,63,105,11150,6987,53,4854,13534,4683,1548,4905,11592,102,13626,213,14325,14324,13553,13541,55,8277,6368,5261,103,106,2803,2423,427,2625,380,62,104,979,1565],"aioseo_notices":[],"amp_enabled":true,"_links":{"self":[{"href":"https:\/\/speyer24news.com\/index.php?rest_route=\/wp\/v2\/posts\/51039"}],"collection":[{"href":"https:\/\/speyer24news.com\/index.php?rest_route=\/wp\/v2\/posts"}],"about":[{"href":"https:\/\/speyer24news.com\/index.php?rest_route=\/wp\/v2\/types\/post"}],"author":[{"embeddable":true,"href":"https:\/\/speyer24news.com\/index.php?rest_route=\/wp\/v2\/users\/3"}],"replies":[{"embeddable":true,"href":"https:\/\/speyer24news.com\/index.php?rest_route=%2Fwp%2Fv2%2Fcomments&post=51039"}],"version-history":[{"count":2,"href":"https:\/\/speyer24news.com\/index.php?rest_route=\/wp\/v2\/posts\/51039\/revisions"}],"predecessor-version":[{"id":51057,"href":"https:\/\/speyer24news.com\/index.php?rest_route=\/wp\/v2\/posts\/51039\/revisions\/51057"}],"wp:featuredmedia":[{"embeddable":true,"href":"https:\/\/speyer24news.com\/index.php?rest_route=\/wp\/v2\/media\/26162"}],"wp:attachment":[{"href":"https:\/\/speyer24news.com\/index.php?rest_route=%2Fwp%2Fv2%2Fmedia&parent=51039"}],"wp:term":[{"taxonomy":"category","embeddable":true,"href":"https:\/\/speyer24news.com\/index.php?rest_route=%2Fwp%2Fv2%2Fcategories&post=51039"},{"taxonomy":"post_tag","embeddable":true,"href":"https:\/\/speyer24news.com\/index.php?rest_route=%2Fwp%2Fv2%2Ftags&post=51039"}],"curies":[{"name":"wp","href":"https:\/\/api.w.org\/{rel}","templated":true}]}}