{"id":51273,"date":"2023-02-20T20:11:21","date_gmt":"2023-02-20T19:11:21","guid":{"rendered":"https:\/\/speyer24news.com\/?p=51273"},"modified":"2023-02-24T08:04:26","modified_gmt":"2023-02-24T07:04:26","slug":"polizeimeldungen-montag-20-02-2023","status":"publish","type":"post","link":"https:\/\/speyer24news.com\/?p=51273","title":{"rendered":"Polizeimeldungen Montag (20.02.2023)"},"content":{"rendered":"<style type=\"text\/css\">\r\n\t.ads_top_disp{}\r\n\t.ads_top_corner_disp{ float:left; margin:0px 10px 10px 0px; }\r\n\t.ads_first_p_disp{}\r\n\t.ads_bottom_disp{}\r\n\t<\/style>\n<h2 class=\"wp-block-heading\">Polizeimeldungen vom Montag (20.02.2023)<\/h2>\n\n\n<div class=\"wp-block-image\">\n<figure class=\"aligncenter size-full\"><img decoding=\"async\" loading=\"lazy\" width=\"375\" height=\"500\" src=\"https:\/\/speyer24news.com\/wp-content\/uploads\/2022\/03\/Aktuelles-Polizeilogo.jpg\" alt=\"\" class=\"wp-image-43591\" srcset=\"https:\/\/speyer24news.com\/wp-content\/uploads\/2022\/03\/Aktuelles-Polizeilogo.jpg 375w, https:\/\/speyer24news.com\/wp-content\/uploads\/2022\/03\/Aktuelles-Polizeilogo-225x300.jpg 225w\" sizes=\"(max-width: 375px) 100vw, 375px\" \/><\/figure><\/div>\n\n\n<h2 class=\"wp-block-heading\">(Speyer) &#8211; Achtung! Trickbetr\u00fcger per Messenger-Dienst weiterhin aktiv<\/h2>\n\n\n<div class=\"wp-block-image\">\n<figure class=\"aligncenter size-full\"><img decoding=\"async\" loading=\"lazy\" width=\"800\" height=\"588\" src=\"https:\/\/speyer24news.com\/wp-content\/uploads\/2021\/01\/Telefonbetrug.jpg\" alt=\"\" class=\"wp-image-32080\" srcset=\"https:\/\/speyer24news.com\/wp-content\/uploads\/2021\/01\/Telefonbetrug.jpg 800w, https:\/\/speyer24news.com\/wp-content\/uploads\/2021\/01\/Telefonbetrug-300x221.jpg 300w, https:\/\/speyer24news.com\/wp-content\/uploads\/2021\/01\/Telefonbetrug-768x564.jpg 768w, https:\/\/speyer24news.com\/wp-content\/uploads\/2021\/01\/Telefonbetrug-80x60.jpg 80w\" sizes=\"(max-width: 800px) 100vw, 800px\" \/><figcaption class=\"wp-element-caption\">Symbolbild Telefonbetrug<\/figcaption><\/figure><\/div>\n\n\n<p>Aus aktuellem Anlass warnt die Polizei erneut vor Betr\u00fcgern am Telefon. Sie nutzen unterschiedliche Maschen, um an Bargeld, Wertsachen oder die Kontodaten ihrer Opfer zu kommen. Auch &#8222;FakeChats&#8220; \u00fcber Messenger wie beispielsweise Whatsapp geh\u00f6ren zum Repertoire der T\u00e4ter. &#8222;Hallo Mama. Mein Handy ist kaputt. Deshalb habe ich ein neues Handy und eine neue Nummer&#8220;. So oder so \u00e4hnlich lautet die erste, vertraut klingende Textnachricht der Betr\u00fcger.<\/p>\n\n\n\n<p>Unter Anwendung dieser Masche gaben sich unbekannte T\u00e4ter zwischen dem Valentinstag und dem 18.02.2023 per Whatsapp als Sohn einer 80-j\u00e4hrigen Frau aus Speyer aus, t\u00e4uschten Geldn\u00f6te vor und forderten die Dame zu mehreren Echtzeit-\u00dcberweisungen auf. Letztlich scheiterten die \u00dcberweisungen und die T\u00e4ter forderten die Dame zur Preisgabe ihrer Login-Daten inklusive der PIN auf. Die Dame entsprach den T\u00e4terforderungen, da sie ihren Sohn hinter den Nachrichten vermutete. Kurzerhand nahmen die T\u00e4ter eine Abbuchung vom Konto der Gesch\u00e4digten in H\u00f6he von mehr als 14.000 Euro damit selbst vor und lie\u00dfen sich die Transaktion von der Gesch\u00e4digten in ihrer Banking-App best\u00e4tigen.<\/p>\n\n\n\n<h4 class=\"wp-block-heading\">So sch\u00fctzen Sie sich vor Betrug per Messenger:<\/h4>\n\n\n\n<ul>\n<li><strong>Wenn Sie von Ihnen bekannten Personen unter einer unbekannten Nummer kontaktiert werden, speichern Sie die Nummer nicht automatisch ab.<\/strong><\/li>\n\n\n\n<li><strong>Fragen Sie bei der Ihnen bekannten Person unter der alten Nummer nach.<\/strong><\/li>\n\n\n\n<li><strong>Geld\u00fcberweisungen \u00fcber Whatsapp und andere Messenger sollten immer misstrauisch machen und \u00fcberpr\u00fcft werden.<\/strong><\/li>\n\n\n\n<li><strong>Geben Sie niemals Login-Daten f\u00fcr das Online-Banking oder Geheimzahlen an Dritte weiter.<\/strong><\/li>\n\n\n\n<li><strong>Achten Sie auf die Sicherheitseinstellungen Ihres verwendeten Nachrichtendienstes.<\/strong><\/li>\n<\/ul>\n\n\n\n<h4 class=\"wp-block-heading\">Weitere Informationen hierzu gibt es unter:&nbsp;<a target=\"_blank\" rel=\"noreferrer noopener\" href=\"https:\/\/www.polizei-beratung.de\/startseite-und-aktionen\/aktuelles\/detailansicht\/enkeltrick-betrueger-nutzen-whatsapp\/\">https:\/\/www.polizei-beratung.de\/startseite-und-aktionen\/aktuelles\/detailansicht\/enkeltrick-betrueger-nutzen-whatsapp\/<\/a><\/h4>\n\n\n\n<h2 class=\"wp-block-heading\">(Speyer) &#8211; Widerstand, Bedrohungen und Beleidigungen gegen Polizeibeamte nach h\u00e4uslicher Gewalt<\/h2>\n\n\n<div class=\"wp-block-image\">\n<figure class=\"aligncenter size-full\"><img decoding=\"async\" loading=\"lazy\" width=\"500\" height=\"751\" src=\"https:\/\/speyer24news.com\/wp-content\/uploads\/2020\/03\/05.03.2020-LU-haeusliche-gewalt.jpg\" alt=\"\" class=\"wp-image-25739\" srcset=\"https:\/\/speyer24news.com\/wp-content\/uploads\/2020\/03\/05.03.2020-LU-haeusliche-gewalt.jpg 500w, https:\/\/speyer24news.com\/wp-content\/uploads\/2020\/03\/05.03.2020-LU-haeusliche-gewalt-200x300.jpg 200w\" sizes=\"(max-width: 500px) 100vw, 500px\" \/><figcaption class=\"wp-element-caption\">Beispielfoto H\u00e4usliche Gewalt, dient lediglich der Visualisierung. Foto: www.polizei-beratung.de<\/figcaption><\/figure><\/div>\n\n\n<p>Am 19.02.2023 gegen 20:30 Uhr riefen unbeteiligte Zeugen die Polizei in ein Wohngebiet in Speyer-S\u00fcd, wo es in einem Mehrfamilienhaus zu lautstarken Streitigkeiten kam. Vor Ort trafen die Polizeibeamten eine weinende und alkoholisierte 33-J\u00e4hrige vor der Wohnungst\u00fcr an. Ein durchgef\u00fchrter Atemalkoholtest ergab bei ihr einen Wert von 1,65 Promille. Die ersten Befragungen ergaben den Verdacht der K\u00f6rperverletzung gegen deren 35-j\u00e4hrigen Ehemann zum Nachteil seiner Ehefrau sowie eines gemeinsamen 6-j\u00e4hrigen Kindes. Das Kind trug lediglich Schmerzen davon, bei der Ehefrau waren H\u00e4matome am Unterarm sichtbar. Auf mehrfache Aufforderung \u00f6ffnete der sichtlich alkoholisierte 35-J\u00e4hrige seine Wohnungst\u00fcr und trat den Beamten verbal aggressiv gegen\u00fcber, lie\u00df sich aber beruhigen und h\u00e4ndigte seinen Fahrzeugschl\u00fcssel aus. Die Beamten verwiesen den 35-J\u00e4hrigen zur Verhinderung weiterer Straftaten seiner Wohnung. Er ging mit ihnen vor das Haus, verweigerte einen Atemalkoholtest und forderte seinen Fahrzeugschl\u00fcssel zur\u00fcck. Der 35-J\u00e4hrige fuchtelte mit ausgestrecktem Arm vor dem Gesicht eines Beamten herum, weswegen die Beamten ihn zur Verhinderung eines Angriffs fesselten. Gegen die Fesselung leistete der Mann k\u00f6rperliche Gegenwehr, sodass die Beamten ihn zu Boden brachten. Am Boden verbarg er seine Arme unter dem K\u00f6rper und f\u00fchrte Tritte aus, die keinen der Beamten trafen. Den Polizeibeamten gelang eine Fesselung schlie\u00dflich nur unter erheblicher Kraftanwendung. Der 35-J\u00e4hrige beleidigte die Beamten sowie die ihm unbekannte Mutter eines Beamten auf unterstem Niveau, drohte explizit Gewalthandlungen gegen die Beamten an und beleidigte einen Beamten auf rassistische Art und Weise. Letztlich gelang es, den 35-J\u00e4hrigen zur Verhinderung weiterer Straftaten in Gewahrsam zu nehmen. Die Beamten veranlassten bei ihm die Entnahme einer Blutprobe zur Feststellung seiner Schuldf\u00e4higkeit.<\/p>\n\n\n\n<h2 class=\"wp-block-heading\">(Limburgerhof) &#8211; Gully Deckel ausgehoben<a href=\"https:\/\/www.facebook.com\/sharer.php?u=https%3A%2F%2Fwww.presseportal.de%2Fblaulicht%2Fpm%2F117688%2F5445613%2F%3Futm_source%3Dfacebook%26utm_medium%3Dsocial\"><\/a><a href=\"https:\/\/twitter.com\/intent\/tweet?text=POL-PDLU%3A%20Gully%20Deckel%20ausgehoben&amp;url=https%3A%2F%2Fwww.presseportal.de%2Fblaulicht%2Fpm%2F117688%2F5445613%2F%3Futm_source%3Dtwitter%26utm_medium%3Dsocial&amp;hashtags=ots&amp;lang=de\"><\/a><a href=\"https:\/\/web.whatsapp.com\/send?text=POL-PDLU%3A%20Gully%20Deckel%20ausgehoben%0A%0Ahttps%3A%2F%2Fwww.presseportal.de%2Fblaulicht%2Fpm%2F117688%2F5445613%2F%3Futm_source%3Dwhatsapp%26utm_medium%3Dsocial\"><\/a><a href=\"https:\/\/www.xing.com\/app\/user?op=share;url=https%3A%2F%2Fwww.presseportal.de%2Fblaulicht%2Fpm%2F117688%2F5445613%2F%3Futm_source%3Dxing%26utm_medium%3Dsocial\"><\/a><a href=\"http:\/\/www.linkedin.com\/shareArticle?mini=true&amp;url=https%3A%2F%2Fwww.presseportal.de%2Fblaulicht%2Fpm%2F117688%2F5445613%2F%3Futm_source%3Dlinkedin%26utm_medium%3Dsocial&amp;title=POL-PDLU%3A+Gully+Deckel+ausgehoben\"><\/a><a href=\"mailto:?subject=POL-PDLU%3A%20Gully%20Deckel%20ausgehoben&amp;body=https:\/\/www.presseportal.de\/blaulicht\/pm\/117688\/5445613\"><\/a><\/h2>\n\n\n\n<p>Beim Befahren der Kirchenstra\u00dfe fuhr eine 19-j\u00e4hrige Verkehrsteilnehmerin am Sonntagabend \u00fcber einen offenen Gullyschacht, den zuvor ein unbekannter T\u00e4ter durch Entnehmen des Gullydeckels verursacht hatte. Hierdurch wurde der Reifen und die Felge am Fahrzeug der 19-j\u00e4hrigen besch\u00e4digt. Die Schadensh\u00f6he liegt bei circa 250 Euro. Zeugen, die verd\u00e4chtige Beobachtungen gemacht haben, werden gebeten, sich bei der Polizeiinspektion Schifferstadt unter der Tel.-Nr. 06235 4950 oder per Email an&nbsp;<a href=\"mailto:pischifferstadt@polizei.rlp.de\">pischifferstadt@polizei.rlp.de<\/a>&nbsp;zu melden.<\/p>\n\n\n\n<h2 class=\"wp-block-heading\">(Dudenhofen) &#8211; Mutma\u00dflicher Diebstahl zweier Gartenst\u00fchle, Eigent\u00fcmer gesucht<\/h2>\n\n\n<div class=\"wp-block-image\">\n<figure class=\"aligncenter size-full\"><img decoding=\"async\" loading=\"lazy\" width=\"800\" height=\"600\" src=\"https:\/\/speyer24news.com\/wp-content\/uploads\/2023\/02\/SichergestellteGartenstuehle.jpg\" alt=\"\" class=\"wp-image-51274\" srcset=\"https:\/\/speyer24news.com\/wp-content\/uploads\/2023\/02\/SichergestellteGartenstuehle.jpg 800w, https:\/\/speyer24news.com\/wp-content\/uploads\/2023\/02\/SichergestellteGartenstuehle-300x225.jpg 300w, https:\/\/speyer24news.com\/wp-content\/uploads\/2023\/02\/SichergestellteGartenstuehle-768x576.jpg 768w, https:\/\/speyer24news.com\/wp-content\/uploads\/2023\/02\/SichergestellteGartenstuehle-678x509.jpg 678w, https:\/\/speyer24news.com\/wp-content\/uploads\/2023\/02\/SichergestellteGartenstuehle-326x245.jpg 326w, https:\/\/speyer24news.com\/wp-content\/uploads\/2023\/02\/SichergestellteGartenstuehle-80x60.jpg 80w\" sizes=\"(max-width: 800px) 100vw, 800px\" \/><\/figure><\/div>\n\n\n<p>Am 19.02.2023 gegen 07:30 Uhr meldeten Zeugen einen 41-j\u00e4hrigen Mann im Boligweg, der mit zwei Gartenst\u00fchlen unterwegs sei, die ihm nicht geh\u00f6ren. Die Polizeibeamten trafen den 41-J\u00e4hrigen an und befragten ihn zur Herkunft der Gartenst\u00fchle. Er gab an, diese am Stra\u00dfenrand mitgenommen zu haben. Da sein Eigentum an den St\u00fchlen zu bezweifeln ist, stellten die Beamten die St\u00fchle sicher.<\/p>\n\n\n\n<p>Wer ist Eigent\u00fcmer der beiden abgebildeten dunkelgr\u00fcnen Gartenst\u00fchle? Gesch\u00e4digte oder Zeugen werden gebeten, sich bei der Polizei Speyer unter Tel. 06232 \/ 137-0 oder per E-Mail unter&nbsp;<a href=\"mailto:pispeyer@polizei.rlp.de\">pispeyer@polizei.rlp.de<\/a>&nbsp;zu melden.<\/p>\n\n\n\n<h2 class=\"wp-block-heading\">(R\u00f6merberg) &#8211; Verdacht einer Trunkenheitsfahrt<\/h2>\n\n\n\n<p>Am 19.02.2023 gegen 23:15 Uhr suchten Polizeibeamte eine 51-j\u00e4hrige R\u00f6merbergerin zu Hause auf, nachdem Zeugen eine mutma\u00dfliche Trunkenheitsfahrt mitgeteilt hatten. Die Dame wies einen Atemalkoholwert von 0,69 Promille auf und bestritt die Trunkenheitsfahrt unter Verweis auf einen angeblich erst nach Fahrtantritt erfolgten Alkoholkonsum. Daher veranlassten die Polizeibeamten die Entnahme von zwei Blutproben zur Feststellung des genauen Trinkzeitpunkts und leiteten ein Ordnungswidrigkeitsverfahren gegen die Frau ein.<\/p>\n\n\n\n<h2 class=\"wp-block-heading\">(R\u00f6merberg) &#8211; Windb\u00f6en erfassen Anh\u00e4nger, Unfall mit Sachschaden<\/h2>\n\n\n\n<p>Am 18.02.2023 gegen 18:30 Uhr befuhr ein 59-j\u00e4hriger R\u00f6merberger mit seinem PKW die K 27 von R\u00f6merberg nach Dudenhofen. Aufgrund starker Seitenwinde wurde der an seinem PKW montierte Anh\u00e4nger von der Fahrbahn geweht und drehte das gesamte Gespann um 180 Grad. Hierbei ber\u00fchrte der Anh\u00e4nger den PKW, die Plane riss ab und der 59-J\u00e4hrige \u00fcberfuhr einen Leitpfosten. Gl\u00fccklicherweise wurde niemand verletzt. Der Sachschaden liegt bei ca. 5.000 Euro.<\/p>\n\n\n\n<h2 class=\"wp-block-heading\">(Bad Bergzabern) &#8211; Unfallflucht<\/h2>\n\n\n\n<p>Im Zeitraum 17.\/18.02.2023, zwischen 21:30 Uhr und 09:50 Uhr, wurde in der Kurpfalzstra\u00dfe, auf H\u00f6he des Kurparkhotels, ein geparkter Pkw VW Passat besch\u00e4digt. Ein bislang unbekannter Fahrzeugf\u00fchrer streifte im Vorbeifahren den geparkten Pkw und setzte anschlie\u00dfend seine Fahrt fort, ohne sich um die Schadensregulierung zu k\u00fcmmern. An dem geparkten Pkw entstand ein Sachschaden in H\u00f6he von 750.- Euro. Wer Hinweise zu dem Verkehrsunfall geben kann wird gebeten sich unter 06343 93340 oder&nbsp;<a href=\"mailto:pibadbergzabern@polizei.rlp.de\">pibadbergzabern@polizei.rlp.de<\/a>&nbsp;mit der Polizeiinspektion Bad Bergzabern in Verbindung zu setzen.<\/p>\n\n\n\n<h2 class=\"wp-block-heading\">(L 494 \/ Silz) &#8211; Gl\u00fcck im Ungl\u00fcck<\/h2>\n\n\n<div class=\"wp-block-image\">\n<figure class=\"aligncenter size-full\"><img decoding=\"async\" loading=\"lazy\" width=\"800\" height=\"600\" src=\"https:\/\/speyer24news.com\/wp-content\/uploads\/2023\/02\/InkedVerkehrsunfall_L494Klein_LI.jpg\" alt=\"\" class=\"wp-image-51275\" srcset=\"https:\/\/speyer24news.com\/wp-content\/uploads\/2023\/02\/InkedVerkehrsunfall_L494Klein_LI.jpg 800w, https:\/\/speyer24news.com\/wp-content\/uploads\/2023\/02\/InkedVerkehrsunfall_L494Klein_LI-300x225.jpg 300w, https:\/\/speyer24news.com\/wp-content\/uploads\/2023\/02\/InkedVerkehrsunfall_L494Klein_LI-768x576.jpg 768w, https:\/\/speyer24news.com\/wp-content\/uploads\/2023\/02\/InkedVerkehrsunfall_L494Klein_LI-678x509.jpg 678w, https:\/\/speyer24news.com\/wp-content\/uploads\/2023\/02\/InkedVerkehrsunfall_L494Klein_LI-326x245.jpg 326w, https:\/\/speyer24news.com\/wp-content\/uploads\/2023\/02\/InkedVerkehrsunfall_L494Klein_LI-80x60.jpg 80w\" sizes=\"(max-width: 800px) 100vw, 800px\" \/><\/figure><\/div>\n\n\n<p>Am 20.02.2023, gegen 07:45 Uhr, kam es auf der Landstra\u00dfe 494 zwischen Silz und Gossersweiler-Stein zu einem Verkehrsunfall. Die 30-j\u00e4hrige-Fahrerin eines Pkw Ford Fiesta kam beim Befahren der L 494 von Gossersweiler-Stein Richtung Silz in einer Linkskurve nach rechts in die Bankette. Vermutlich infolge des Gegenlenkens verlor die Fahrerin die Kontrolle \u00fcber ihr Fahrzeug und kam nach links von der Stra\u00dfe ab. Nach dem Durchfahren des Gr\u00fcnstreifens kam das Fahrzeug auf einem umgefallenen Baum in circa einem Meter H\u00f6he zum Stehen. Aufgrund der Kaltverformung der Karosserie lie\u00dfen sich die T\u00fcren des Fahrzeuges nicht \u00f6ffnen, sodass die Verletzte durch die eingesetzten Feuerwehren aus Annweiler, Gossersweiler-Stein, Silz und V\u00f6lkersweiler mittels technischem Ger\u00e4t aus dem Fahrzeug geborgen wurde. Sie gab an einem Reh ausgewichen zu sein. Die leichtverletzte Pkw-Fahrerin kam zur medizinischen Versorgung in ein Krankenhaus. Neben den Feuerwehren kamen auch der Rettungsdienst und ein Rettungshubschrauber zum Einsatz. Die Landstra\u00dfe musste w\u00e4hrend der Unfallaufnahme bis 09:15 Uhr gesperrt werden. Der Verkehr wurde umgeleitet.<\/p>\n\n\n\n<h2 class=\"wp-block-heading\">(Lambrecht) &#8211; Zeugenaufruf nach schwerem Raub auf Tankstelle<\/h2>\n\n\n<div class=\"wp-block-image\">\n<figure class=\"aligncenter size-large\"><img decoding=\"async\" loading=\"lazy\" width=\"1024\" height=\"941\" src=\"https:\/\/speyer24news.com\/wp-content\/uploads\/2020\/07\/Maskierter-T\u00e4ter-1024x941-1024x941.jpg\" alt=\"\" class=\"wp-image-28719\" srcset=\"https:\/\/speyer24news.com\/wp-content\/uploads\/2020\/07\/Maskierter-T\u00e4ter-1024x941.jpg 1024w, https:\/\/speyer24news.com\/wp-content\/uploads\/2020\/07\/Maskierter-T\u00e4ter-1024x941-300x276.jpg 300w, https:\/\/speyer24news.com\/wp-content\/uploads\/2020\/07\/Maskierter-T\u00e4ter-1024x941-768x706.jpg 768w\" sizes=\"(max-width: 1024px) 100vw, 1024px\" \/><figcaption class=\"wp-element-caption\">Symbolbild \u00dcberfall \/ Zeugen gesucht, dient lediglich der Visualisierung<\/figcaption><\/figure><\/div>\n\n\n<p>Am 17.02.2023 um kurz vor 20:00 Uhr betrat ein bislang unbekannter m\u00e4nnlicher T\u00e4ter eine Tankstelle in der Hauptstra\u00dfe in 67466 Lambrecht. Der T\u00e4ter forderte unter Vorhalt eines K\u00fcchenmessers den Mitarbeiter der Tankstelle zur Herausgabe von Bargeld auf. Diesem kam dieser letztlich nach und h\u00e4ndigte dem T\u00e4ter einen niedrigen vierstelligen Bargeldbetrag aus. Hiernach verlie\u00df der T\u00e4ter die Tankstelle und fl\u00fcchtete in unbekannte Richtung. Eine unmittelbar durchgef\u00fchrte Fahndung mit mehreren Polizeikr\u00e4ften f\u00fchrte nicht zur Ergreifung des T\u00e4ters.<\/p>\n\n\n\n<h4 class=\"wp-block-heading\">Der bislang unbekannte T\u00e4ter wird wie folgt beschrieben:<\/h4>\n\n\n\n<ul>\n<li><strong>M\u00e4nnlich<\/strong><\/li>\n\n\n\n<li><strong>Circa 15-18 Jahre alt<\/strong><\/li>\n\n\n\n<li><strong>Circa 160-170cm gro\u00df<\/strong><\/li>\n\n\n\n<li><strong>Bekleidet mit einer schwarzen Daunenjacke mit Kapuze, hellblauen Jeans und wei\u00dfen Schuhen<\/strong><\/li>\n\n\n\n<li><strong>Trug eine blaue medizinische Maske<\/strong><\/li>\n\n\n\n<li><strong>Sprach s\u00fcdeurop\u00e4ischen Akzent<\/strong><\/li>\n<\/ul>\n\n\n\n<p>Personen, welche Hinweise zur Aufkl\u00e4rung der Tat geben k\u00f6nnen, werden gebeten sich mit der Polizei Neustadt\/W. unter Tel. 06321\/854-0 oder per Mail an&nbsp;<a href=\"mailto:pineustadt@polizei.rlp.de\">pineustadt@polizei.rlp.de<\/a>&nbsp;in Verbindung zu setzen.<\/p>\n\n\n\n<h2 class=\"wp-block-heading\">(Ludwigshafen) &#8211; Diebstahl in der Sternstra\u00dfe<\/h2>\n\n\n\n<p>Als ein Lieferdienstmitarbeiter am 19.02.2023, gegen 20 Uhr, in der Sternstra\u00dfe zu seinem parkenden Auto zur\u00fcckkehrte, musste er feststellen, dass eine unbekannte Person mehrere Gegenst\u00e4nde gestohlen hatte. Hierunter waren ein Geldbeutel sowie ein Handy. Die genaue H\u00f6he des entstandenen Sachschadens wird derzeit ermittelt. Sachdienliche Hinweise bitte an die Polizeiinspektion Ludwigshafen 2, Telefonnummer 0621 963-2222 oder per E-Mail&nbsp;<a href=\"mailto:piludwigshafen2@polizei.rlp.de\">piludwigshafen2@polizei.rlp.de<\/a>&nbsp;.<\/p>\n\n\n\n<h2 class=\"wp-block-heading\">(Ludwigshafen) &#8211; Betrunkener E-Scooter-Fahrer<\/h2>\n\n\n\n<p>Ein 50-j\u00e4hriger E-Scooter-Fahrer und dein 37-j\u00e4hriger Autofahrer gerieten am 19.02.2023 gegen 18 Uhr, in der Siemensstra\u00dfe aneinander. Im Verlaufe des Streits kam es zu Handgreiflichkeiten und gegenseitigen K\u00f6rperverletzungen. W\u00e4hrend der Sachverhaltsaufnahme wurde bei dem 50-J\u00e4hrigen Alkoholgeruch wahrgenommen. Ein freiwillig durchgef\u00fchrter Atemalkoholtest ergab einen Wert von 1,85 Promille. Zudem verf\u00fcgte der E-Scooter nicht \u00fcber den erforderlichen Versicherungsschutz. Der Mann wurde f\u00fcr die Entnahme einer Blutprobe zur Polizeidienststelle mitgenommen. Dort reagierte ein freiwillig durchgef\u00fchrter Drogenschnelltest au\u00dferdem positiv auf Kokain. Gegen ihn wird nun unter anderem wegen Trunkenheit im Verkehr ermittelt. Die F\u00fchrerscheinstelle pr\u00fcft, ob er seinen F\u00fchrerschein zuk\u00fcnftig behalten darf.<\/p>\n\n\n\n<h2 class=\"wp-block-heading\">(Ludwigshafen) &#8211; Unfall in der Wollstra\u00dfe<\/h2>\n\n\n\n<p>An der Kreuzung Wollstra\u00dfe \/ Raschigstra\u00dfe kam es am 19.02.2023, gegen 14:45 Uhr zu einem Unfall zwischen zwei Autofahrerinnen. Beide Fahrzeuge waren nicht mehr fahrbereit und mussten abgeschleppt werden. Der entstandene Sachschaden wird aktuell auf etwa 22.000 Euro gesch\u00e4tzt. Verletzt wurde niemand.<\/p>\n\n\n\n<h2 class=\"wp-block-heading\">(Ludwigshafen) &#8211; Bei Unfall leicht verletzt<\/h2>\n\n\n\n<p>Ein 46-j\u00e4hriger Motorradfahrer wurde am 19.02.2023, gegen 14 Uhr, bei einem Verkehrsunfall leicht verletzt. An der Kreuzung Bad-Aussee-Stra\u00dfe\/ B\u00fcrgermeister-Trupp-Stra\u00dfe war es zu einem Zusammensto\u00df zwischen ihm und einer 26-j\u00e4hrigen Autofahrerin gekommen. Der Motorradfahrer st\u00fcrzte daraufhin. Er wurde in ein Krankenhaus verbracht. An seinem Fahrzeug entstand ein Sachschaden von etwa 1.500 Euro.<\/p>\n\n\n\n<h2 class=\"wp-block-heading\">(Ludwigshafen) &#8211; Einbruch in Firmengel\u00e4nde<a href=\"https:\/\/www.facebook.com\/sharer.php?u=https%3A%2F%2Fwww.presseportal.de%2Fblaulicht%2Fpm%2F117696%2F5445002%2F%3Futm_source%3Dfacebook%26utm_medium%3Dsocial\"><\/a><a href=\"https:\/\/twitter.com\/intent\/tweet?text=POL-PPRP%3A%20Einbruch%20in%20Firmengel%C3%A4nde&amp;url=https%3A%2F%2Fwww.presseportal.de%2Fblaulicht%2Fpm%2F117696%2F5445002%2F%3Futm_source%3Dtwitter%26utm_medium%3Dsocial&amp;hashtags=ots&amp;lang=de\"><\/a><a href=\"https:\/\/web.whatsapp.com\/send?text=POL-PPRP%3A%20Einbruch%20in%20Firmengel%C3%A4nde%0A%0Ahttps%3A%2F%2Fwww.presseportal.de%2Fblaulicht%2Fpm%2F117696%2F5445002%2F%3Futm_source%3Dwhatsapp%26utm_medium%3Dsocial\"><\/a><a href=\"https:\/\/www.xing.com\/app\/user?op=share;url=https%3A%2F%2Fwww.presseportal.de%2Fblaulicht%2Fpm%2F117696%2F5445002%2F%3Futm_source%3Dxing%26utm_medium%3Dsocial\"><\/a><a href=\"http:\/\/www.linkedin.com\/shareArticle?mini=true&amp;url=https%3A%2F%2Fwww.presseportal.de%2Fblaulicht%2Fpm%2F117696%2F5445002%2F%3Futm_source%3Dlinkedin%26utm_medium%3Dsocial&amp;title=POL-PPRP%3A+Einbruch+in+Firmengel%C3%A4nde\"><\/a><a href=\"mailto:?subject=POL-PPRP%3A%20Einbruch%20in%20Firmengel%C3%A4nde&amp;body=https:\/\/www.presseportal.de\/blaulicht\/pm\/117696\/5445002\"><\/a><\/h2>\n\n\n\n<p>Am 19.02.2023 meldete ein 34-J\u00e4hriger, dass es am Vorabend zu einem Einbruch bei einer Baugewerbefirma in der Rheinhorststra\u00dfe kam. Bislang Unbekannte hatten sich Zutritt zum Firmengel\u00e4nde verschafft und hier aus einem Transporter mehrere Werkzeuge gestohlen. Zudem stahlen sie eine geringe Menge Kupfermaterial. Die H\u00f6he des entstandenen Sachschadens wird derzeit ermittelt. Hinweise werden an die Polizeiwache Oggersheim unter Tel. 0621 963 &#8211; 2403 oder per E-Mail&nbsp;<a href=\"mailto:pwoggersheim@polizei.rlp.de\">pwoggersheim@polizei.rlp.de<\/a>&nbsp;erbeten.<\/p>\n\n\n\n<h2 class=\"wp-block-heading\">(Ludwigshafen) &#8211; Werkzeug aus Transporter gestohlen<\/h2>\n\n\n\n<p>Ein 30-J\u00e4hriger parkte am Freitag (17.02.2023) um 19 Uhr ein Firmenfahrzeug auf einem Parkplatz in der Karlsbader Stra\u00dfe. Als er am Sonntagmorgen (19.02.2023, 11 Uhr) zu dem Transporter zur\u00fcckkehrte, musste er feststellen, dass eine Fensterscheibe eingeschlagen worden war. Aus dem Innern des Fahrzeugs wurden mehrere Werkzeuge gestohlen. Insgesamt d\u00fcrfte sich der Sachschaden auf einen geringen vierstelligen Betrag belaufen.<\/p>\n\n\n\n<p>Sachdienliche Hinweise bitte an die Polizeiinspektion Ludwigshafen 1, Telefonnummer 0621 963-2122 oder per E-Mail&nbsp;<a href=\"mailto:piludwigshafen1@polizei.rlp.de\">piludwigshafen1@polizei.rlp.de<\/a>&nbsp;.<\/p>\n\n\n\n<h2 class=\"wp-block-heading\">(Ludwigshafen) &#8211; Autobr\u00e4nde \/ Zeugen gesucht<\/h2>\n\n\n\n<p>Am Samstagabend (18.02.2023), gegen 19:30 Uhr, brannten zwei Autos der Stadt Ludwigshafen in der Rheinstra\u00dfe. Die Autos waren zu dieser Zeit beim Friedhof geparkt. Die Kriminalpolizei hat die Ermittlungen aufgenommen. Nach den ersten Ermittlungen d\u00fcrfte der Brand vors\u00e4tzlich gelegt worden sein. Der entstandene Schaden wird auf rund 10.000 Euro beziffert.<\/p>\n\n\n\n<ul>\n<li><strong>Haben Sie verd\u00e4chtige Personen in der Rheinstra\u00dfe beobachtet oder k\u00f6nnen Sie sonstige Hinweise geben?<\/strong><\/li>\n<\/ul>\n\n\n\n<p>Sachdienliche Hinweise nimmt die Kriminalpolizei Ludwigshafen unter der Telefonnummer 0621\/963-2773 oder per E-Mail&nbsp;<a href=\"mailto:kiludwigshafen.k1.kdd@polizei.rlp.de\">kiludwigshafen.k1.kdd@polizei.rlp.de<\/a>&nbsp;entgegen.<\/p>\n\n\n\n<h2 class=\"wp-block-heading\">(Ludwigshafen) &#8211; Brand in Keller<\/h2>\n\n\n\n<p>Am Samstagabend (18.02.2023), gegen 19 Uhr, brach ein Feuer im Keller eines Mehrfamilienhauses in der Sudermannstra\u00dfe aus. Durch das Feuer wurden im Kellerraum befindliche Gegenst\u00e4nde und ein Verteilerkasten besch\u00e4digt. Die Schadensh\u00f6he wird auf rund 30.000 Euro gesch\u00e4tzt. Bereits am 16.02.2023 brannte es in dem Keller (wir berichteten:&nbsp;<a target=\"_blank\" rel=\"noreferrer noopener\" href=\"https:\/\/s.rlp.de\/ncTjr\">https:\/\/s.rlp.de\/ncTjr<\/a>). Die Kriminalpolizei hat die Ermittlungen aufgenommen. Ob ein Zusammenhang zwischen den Taten besteht, ist Bestandteil der Ermittlungen.<\/p>\n\n\n\n<p>Sachdienliche Hinweise nimmt die Kriminalpolizei Ludwigshafen unter der Telefonnummer 0621\/963-2773 oder per E-Mail&nbsp;<a href=\"mailto:kiludwigshafen.k1.kdd@polizei.rlp.de\">kiludwigshafen.k1.kdd@polizei.rlp.de<\/a>&nbsp;entgegen.<\/p>\n\n\n\n<h2 class=\"wp-block-heading\">(Ludwigshafen) &#8211; Pkw-Brand \/ Tatverd\u00e4chtiger ermittelt<\/h2>\n\n\n\n<p>Am Samstagmorgen (18.02.2023), gegen 6:30 Uhr, brannte ein geparktes Auto in der Lichtenbergerstra\u00dfe. Durch das Feuer wurde ein weiteres geparktes Auto besch\u00e4digt. Der entstandene Schaden wird auf rund 14.000 Euro gesch\u00e4tzt. Ein 44-J\u00e4hriger konnte als Tatverd\u00e4chtiger ermittelt werden. Nach ersten Ermittlungen k\u00f6nnten Familienstreitigkeiten das Motiv der Tat sein. Da der 44-J\u00e4hrige sich augenscheinlich in einem psychischen Ausnahmezustand befand, wurde er in ein psychiatrisches Krankenhaus gebracht. Ob der Mann auch mit anderen Br\u00e4nden in der Vergangenheit in Zusammen steht, ist Bestandteil der laufenden Ermittlungen.<\/p>\n\n\n\n<ul>\n<li><strong>Haben Sie etwas beobachtet oder k\u00f6nnen Sie Hinweise geben?<\/strong><\/li>\n<\/ul>\n\n\n\n<p>Hinweise nimmt die Kriminalpolizei Ludwigshafen unter der Telefonnummer 0621\/963-2773 oder per E-Mail&nbsp;<a href=\"mailto:kiludwigshafen.k1.kdd@polizei.rlp.de\">kiludwigshafen.k1.kdd@polizei.rlp.de<\/a>&nbsp;entgegen.<\/p>\n\n\n\n<h2 class=\"wp-block-heading\">(Mannheim) &#8211; Kofferraum voll mit Diebesgut bei Verkehrskontrolle festgestellt<\/h2>\n\n\n\n<p>Der Fahrer eines Fords wurde am Donnerstag, den 16.02.2023, gegen 17:00 Uhr durch eine Streife des Verkehrsdiensts Mannheim einer Verkehrskontrolle unterzogen. Im Rahmen der ganzheitlichen Kontrolle konnte im Kofferraum diverses Diebesgut aufgefunden werden, welches gr\u00f6\u00dftenteils noch mit Preisschildern und der entsprechenden Warensicherung versehen war. Weiterhin wurde Hilfsmittel aufgefunden, die auf das gewerbsm\u00e4\u00dfige Begehen von Diebst\u00e4hlen hinweisen. Der 42-J\u00e4hrige konnte keine passenden Eigentumsnachweise vorlegen, weshalb die Waren sichergestellt wurden.<\/p>\n\n\n\n<p>Gegen den Fahrer wurden Ermittlungen wegen besonders schweren Fall des Diebstahls sowie Hehlerei eingeleitet.<\/p>\n\n\n\n<h2 class=\"wp-block-heading\">(Mannheim) &#8211; Stra\u00dfenbahnhaltestelle durch Brandlegung besch\u00e4digt \/ Zeugen gesucht<\/h2>\n\n\n\n<p>Bereits am Dienstag, den 14.02.2023, gegen 20:30 Uhr besch\u00e4digte ein unbekannter T\u00e4ter \/ eine unbekannte T\u00e4terin die Fahrplantafel der Stra\u00dfenbahnhaltestelle &#8222;Luzenberg&#8220; auf dem Steig B in der Neckarstadt, indem diese angez\u00fcndet wurde. Die alarmierte Feuerwehr konnte den Brand l\u00f6schen. Die Fahrplantafel wurde vollst\u00e4ndig zerst\u00f6rt und es entstand ein Sachschaden von 3.000EUR.<\/p>\n\n\n\n<p>Zeugen, die sachdienliche Hinweise geben k\u00f6nnen, werden gebeten, sich unter 0621\/ 3301-0 beim Polizeirevier Mannheim-Neckarstadt zu melden.<\/p>\n\n\n\n<h2 class=\"wp-block-heading\">(Wiesloch \/ Rhein-Neckar-Kreis) &#8211; Stra\u00dfenlaterne nach Unfallflucht besch\u00e4digt \/ Zeugen gesucht<\/h2>\n\n\n\n<p>Am Sonntag gegen 21:00 Uhr wurde eine Stra\u00dfenlaterne in Malsch in der S\u00f6hler Stra\u00dfe durch einen PKW total zerst\u00f6rt. Der Unfallverursacher bemerkte den Schaden und konnte durch einen Zeugen beobachtet werden, wie er sein Kennzeichen einsammelte und sich vom Unfallort entfernte. Es entstand ein Sachschaden von 5.000EUR an der Laterne.<\/p>\n\n\n\n<p>Am Unfallort konnten Fahrzeugteile aufgefunden werden, die R\u00fcckschl\u00fcsse auf einen blauen Audi zulassen.<\/p>\n\n\n\n<p>Zeugen, die sachdienliche Hinweise geben k\u00f6nnen, werden gebeten, sich unter 0621\/ 174-4111 beim Verkehrsdienst Heidelberg zu melden.<\/p>\n\n\n\n<h2 class=\"wp-block-heading\">(Ilvesheim \/ Rhein-Neckar-Kreis) &#8211; Zeugen nach K\u00f6rperverletzung gesucht!<\/h2>\n\n\n<div class=\"wp-block-image\">\n<figure class=\"aligncenter size-full\"><img decoding=\"async\" loading=\"lazy\" width=\"800\" height=\"533\" src=\"https:\/\/speyer24news.com\/wp-content\/uploads\/2021\/11\/Schlaegerei.jpg\" alt=\"\" class=\"wp-image-42366\" srcset=\"https:\/\/speyer24news.com\/wp-content\/uploads\/2021\/11\/Schlaegerei.jpg 800w, https:\/\/speyer24news.com\/wp-content\/uploads\/2021\/11\/Schlaegerei-300x200.jpg 300w, https:\/\/speyer24news.com\/wp-content\/uploads\/2021\/11\/Schlaegerei-768x512.jpg 768w\" sizes=\"(max-width: 800px) 100vw, 800px\" \/><figcaption class=\"wp-element-caption\">Beispielbild Schl\u00e4gerei \/ K\u00f6rperverletzung, dient lediglich der Visualisierung<\/figcaption><\/figure><\/div>\n\n\n<p>Nachdem f\u00fcnf T\u00e4ter am Sonntagabend gegen 20:30 Uhr in der Kanzelbachstra\u00dfe mehrere Personen durch Schl\u00e4ge und Tritte verletzten, sucht das Polizeirevier Ladenburg nun Zeugen. Aus noch unbekannten Gr\u00fcnden griffen die f\u00fcnf T\u00e4ter auf einer Veranstaltung im Vereinsheim der Insulaner mehrere Besucher an und verletzten diese teilweise so schwer, dass einer der Gesch\u00e4digten mit einem Rettungswagen in ein nahegelegenes Krankenhaus gebracht werden musste. Nachdem sich die Schl\u00e4gerei auf die Stra\u00dfe vor dem Vereinsheim verlagerte, besch\u00e4digte die T\u00e4tergruppierung, welche einer Fangruppierung des SV Waldhof zuzuordnen sind, mindestens ein geparktes Auto. Mehrere Polizeistreifen suchten umgehend die Tat\u00f6rtlichkeit auf und konnte zwei der f\u00fcnf Tatverd\u00e4chtigen festnehmen. Die beiden M\u00e4nner im Alter von 21 und 23 Jahren waren massiv alkoholisiert und hatten zwischen 1,5 sowie 2,5 Promille. Auch einer der beiden Festgenommenen verletzte sich bei der Auseinandersetzung so schwer, dass auch er in einem Krankenhaus behandelt werden musste. Das Polizeirevier Ladenburg hat noch am Abend die Ermittlungen aufgenommen und sucht in diesem Zusammenhang nach Zeugen und weiteren Betroffenen. Diese werden gebeten, sich unter der Telefonnummer 06203\/9305-0 zu melden.<\/p>\n\n\n\n<h2 class=\"wp-block-heading\">(Weinheim \/ Rhein-Neckar-Kreis) &#8211; Schusswaffengebrauch im Zusammenhang mit polizeilichem Einsatz am 20.Februar 2023 in Weinheim<a href=\"https:\/\/www.facebook.com\/sharer.php?u=https%3A%2F%2Fwww.presseportal.de%2Fblaulicht%2Fpm%2F14915%2F5445776%2F%3Futm_source%3Dfacebook%26utm_medium%3Dsocial\"><\/a><a href=\"https:\/\/twitter.com\/intent\/tweet?text=POL-MA%3A%20Weinheim%2F%20Rhein-Neckar-Kreis%3A%20Schusswaffengebrauch%20im%20Zusammenhang%20mit%20polizeilichem%20Einsatz%20am%2020.Februar%202023%20in%20Weinheim&amp;url=https%3A%2F%2Fwww.presseportal.de%2Fblaulicht%2Fpm%2F14915%2F5445776%2F%3Futm_source%3Dtwitter%26utm_medium%3Dsocial&amp;hashtags=ots&amp;lang=de\"><\/a><a href=\"https:\/\/web.whatsapp.com\/send?text=POL-MA%3A%20Weinheim%2F%20Rhein-Neckar-Kreis%3A%20Schusswaffengebrauch%20im%20Zusammenhang%20mit%20polizeilichem%20Einsatz%20am%2020.Februar%202023%20in%20Weinheim%0A%0Ahttps%3A%2F%2Fwww.presseportal.de%2Fblaulicht%2Fpm%2F14915%2F5445776%2F%3Futm_source%3Dwhatsapp%26utm_medium%3Dsocial\"><\/a><a href=\"https:\/\/www.xing.com\/app\/user?op=share;url=https%3A%2F%2Fwww.presseportal.de%2Fblaulicht%2Fpm%2F14915%2F5445776%2F%3Futm_source%3Dxing%26utm_medium%3Dsocial\"><\/a><a href=\"http:\/\/www.linkedin.com\/shareArticle?mini=true&amp;url=https%3A%2F%2Fwww.presseportal.de%2Fblaulicht%2Fpm%2F14915%2F5445776%2F%3Futm_source%3Dlinkedin%26utm_medium%3Dsocial&amp;title=POL-MA%3A+Weinheim%2F+Rhein-Neckar-Kreis%3A+Schusswaffengebrauch+im+Zusammenhang+mit+polizeilichem+Einsatz+am+20.Februar+2023+in+Weinheim\"><\/a><a href=\"mailto:?subject=POL-MA%3A%20Weinheim%2F%20Rhein-Neckar-Kreis%3A%20Schusswaffengebrauch%20im%20Zusammenhang%20mit%20polizeilichem%20Einsatz%20am%2020.Februar%202023%20in%20Weinheim&amp;body=https:\/\/www.presseportal.de\/blaulicht\/pm\/14915\/5445776\"><\/a><\/h2>\n\n\n\n<h3 class=\"wp-block-heading\">Gemeinsame Pressemitteilung der Staatsanwaltschaft Mannheim und des Landeskriminalamts Baden-W\u00fcrttemberg<\/h3>\n\n\n\n<p>Am Montagnachmittag des 20. Februar 2023 kam es in Weinheim (Rhein-Neckar-Kreis) zu einem polizeilichen Schusswaffengebrauch, bei dem ein 34-j\u00e4hriger Mann verletzt worden ist. Nach derzeitigem Ermittlungsstand wurde die Polizei gegen 16:35 Uhr zu einer Streitigkeit zwischen zwei M\u00e4nnern gerufen. Die M\u00e4nner sollten einer polizeilichen Kontrolle unterzogen werden, wobei der 34-J\u00e4hrige ein Messer zog und die Beamten angegriffen haben soll. Im Verlauf des Einsatzgeschehen machten die Polizeikr\u00e4fte von ihrer Schusswaffe Gebrauch, nachdem das zun\u00e4chst eingesetzte Pfefferspray wirkungslos blieb. Der Mann wurde hierbei verletzt und nach Erstversorgung vor Ort in ein umliegendes Krankenhaus verbracht. Die Sachbearbeitung des polizeilichen Schusswaffengebrauchs wurde in Abstimmung mit der Staatsanwaltschaft Mannheim noch in den Abendstunden vom Landeskriminalamt Baden-W\u00fcrttemberg \u00fcbernommen. Die Ermittlungen, insbesondere zum Einsatzablauf und zum Schusswaffengebrauch, dauern an.<\/p>\n","protected":false},"excerpt":{"rendered":"<div class=\"mh-excerpt\"><p>Polizeimeldungen vom Montag (20.02.2023) (Speyer) &#8211; Achtung! Trickbetr\u00fcger per Messenger-Dienst weiterhin aktiv Aus aktuellem Anlass warnt die Polizei erneut vor Betr\u00fcgern am Telefon. Sie nutzen unterschiedliche Maschen, um an Bargeld, Wertsachen oder die Kontodaten ihrer <a class=\"mh-excerpt-more\" href=\"https:\/\/speyer24news.com\/?p=51273\" title=\"Polizeimeldungen Montag (20.02.2023)\">[&#8230;]<\/a><\/p>\n<\/div>","protected":false},"author":3,"featured_media":26162,"comment_status":"open","ping_status":"open","sticky":false,"template":"","format":"standard","meta":{"_monsterinsights_skip_tracking":false,"_monsterinsights_sitenote_active":false,"_monsterinsights_sitenote_note":"","_monsterinsights_sitenote_category":0,"footnotes":""},"categories":[15659],"tags":[350,14537,15084,15267,14538,15361,15845,702,61,2555,6955,6986,6263,63,105,11150,6987,53,4854,13534,4683,1548,4905,11592,102,13626,213,14325,14324,13553,13541,55,8277,6368,5261,103,106,2803,2423,427,2625,380,62,104,979,1565],"aioseo_notices":[],"amp_enabled":true,"_links":{"self":[{"href":"https:\/\/speyer24news.com\/index.php?rest_route=\/wp\/v2\/posts\/51273"}],"collection":[{"href":"https:\/\/speyer24news.com\/index.php?rest_route=\/wp\/v2\/posts"}],"about":[{"href":"https:\/\/speyer24news.com\/index.php?rest_route=\/wp\/v2\/types\/post"}],"author":[{"embeddable":true,"href":"https:\/\/speyer24news.com\/index.php?rest_route=\/wp\/v2\/users\/3"}],"replies":[{"embeddable":true,"href":"https:\/\/speyer24news.com\/index.php?rest_route=%2Fwp%2Fv2%2Fcomments&post=51273"}],"version-history":[{"count":2,"href":"https:\/\/speyer24news.com\/index.php?rest_route=\/wp\/v2\/posts\/51273\/revisions"}],"predecessor-version":[{"id":51314,"href":"https:\/\/speyer24news.com\/index.php?rest_route=\/wp\/v2\/posts\/51273\/revisions\/51314"}],"wp:featuredmedia":[{"embeddable":true,"href":"https:\/\/speyer24news.com\/index.php?rest_route=\/wp\/v2\/media\/26162"}],"wp:attachment":[{"href":"https:\/\/speyer24news.com\/index.php?rest_route=%2Fwp%2Fv2%2Fmedia&parent=51273"}],"wp:term":[{"taxonomy":"category","embeddable":true,"href":"https:\/\/speyer24news.com\/index.php?rest_route=%2Fwp%2Fv2%2Fcategories&post=51273"},{"taxonomy":"post_tag","embeddable":true,"href":"https:\/\/speyer24news.com\/index.php?rest_route=%2Fwp%2Fv2%2Ftags&post=51273"}],"curies":[{"name":"wp","href":"https:\/\/api.w.org\/{rel}","templated":true}]}}