{"id":51300,"date":"2023-02-22T08:11:48","date_gmt":"2023-02-22T07:11:48","guid":{"rendered":"https:\/\/speyer24news.com\/?p=51300"},"modified":"2023-02-22T08:11:50","modified_gmt":"2023-02-22T07:11:50","slug":"polizeimeldungen-dienstag-21-02-2023","status":"publish","type":"post","link":"https:\/\/speyer24news.com\/?p=51300","title":{"rendered":"Polizeimeldungen Dienstag (21.02.2023)"},"content":{"rendered":"<style type=\"text\/css\">\r\n\t.ads_top_disp{}\r\n\t.ads_top_corner_disp{ float:left; margin:0px 10px 10px 0px; }\r\n\t.ads_first_p_disp{}\r\n\t.ads_bottom_disp{}\r\n\t<\/style>\n<h2 class=\"wp-block-heading\">Polizeimeldungen vom Dienstag (21.02.2023)<\/h2>\n\n\n<div class=\"wp-block-image\">\n<figure class=\"aligncenter size-full\"><img decoding=\"async\" loading=\"lazy\" width=\"375\" height=\"500\" src=\"https:\/\/speyer24news.com\/wp-content\/uploads\/2022\/03\/Aktuelles-Polizeilogo.jpg\" alt=\"\" class=\"wp-image-43591\" srcset=\"https:\/\/speyer24news.com\/wp-content\/uploads\/2022\/03\/Aktuelles-Polizeilogo.jpg 375w, https:\/\/speyer24news.com\/wp-content\/uploads\/2022\/03\/Aktuelles-Polizeilogo-225x300.jpg 225w\" sizes=\"(max-width: 375px) 100vw, 375px\" \/><\/figure><\/div>\n\n\n<h2 class=\"wp-block-heading\">(Speyer) &#8211; Exhibitionist entbl\u00f6\u00dft sich vor drei Frauen<\/h2>\n\n\n<div class=\"wp-block-image\">\n<figure class=\"aligncenter size-full\"><img decoding=\"async\" loading=\"lazy\" width=\"500\" height=\"1000\" src=\"https:\/\/speyer24news.com\/wp-content\/uploads\/2022\/10\/Exhibitionist.png\" alt=\"\" class=\"wp-image-49838\" srcset=\"https:\/\/speyer24news.com\/wp-content\/uploads\/2022\/10\/Exhibitionist.png 500w, https:\/\/speyer24news.com\/wp-content\/uploads\/2022\/10\/Exhibitionist-150x300.png 150w\" sizes=\"(max-width: 500px) 100vw, 500px\" \/><\/figure><\/div>\n\n\n<p>Am Montagabend (20.02.2023) gegen 18:00 Uhr verfolgte ein 37- j\u00e4hriger Mann auf seinem Fahrrad eine 44-J\u00e4hrige Frau in der St.-Guido-Stra\u00dfe. Diese begab sich aus Angst zu einer Freundin und beobachtete von dort aus, wie der Mann sich vor die Haust\u00fcr stellte und an seinem Glied manipulierte. Sie informierte die Polizei. Der Mann entfernte sich aber noch vor Eintreffen der Polizei und konnte zun\u00e4chst nicht mehr in der Umgebung angetroffen werden. Gegen 19:15 Uhr konnte derselbe Mann erneut bei einer exhibitionistischen Handlung von einer 29- und einer 26-j\u00e4hrigen Frau in der Wormser Landstra\u00dfe beobachten werden. Auch hier fl\u00fcchtete der 37- J\u00e4hrige. Durch einen 17- j\u00e4hrigen Zeugen wurde die Verfolgung aufgenommen und der Mann konnte gestellt werden. Gegen den 37-J\u00e4hrigen wird nun wegen exhibitionistischer Handlungen ermittelt.<\/p>\n\n\n\n<p><strong>Wenn Sie einen solchen Sachverhalt beobachten, z\u00f6gern Sie bitte nicht und melden diesen sofort. Wir sind stets f\u00fcr Sie ansprechbar. \u00dcber den Polizeinotruf 110 erreichen Sie uns zu jeder Tages- und Nachtzeit.<\/strong><\/p>\n\n\n\n<h2 class=\"wp-block-heading\">(Speyer) &#8211; Kontrollstelle mit Augenmerk auf Fahrradfahrer<\/h2>\n\n\n\n<p>Das sch\u00f6nere Wetter sorgt daf\u00fcr, dass immer mehr B\u00fcrgerinnen und B\u00fcrger der Stadt Speyer das Auto wieder stehen lassen und sich auf ihr Fahrrad schwingen. Obwohl es morgens nun wieder l\u00e4nger hell bleibt, kommt es nicht selten zu gef\u00e4hrlichen Verkehrssituationen zwischen Personen auf einem Fahrrad und Kraftfahrzeugen. Ebenfalls h\u00e4ufen sich die Beschwerden der B\u00fcrgerinnen und B\u00fcrger, dass gerade die Radfahrerinnen und Radfahrer sich oft r\u00fccksichtslos im Stra\u00dfenverkehr verhalten w\u00fcrden und die Verkehrsregeln nicht einhalten. Daher kontrollierten Beamte der Polizei in Speyer am 20.02.2023 in der Gilgenstra\u00dfe zur Mittagszeit. Bei der Kontrolle wurde der Fokus auf die ordnungsgem\u00e4\u00dfe Benutzung der Fahrbahn und die \u00dcberpr\u00fcfung, ob es sich bei dem Fahrrad um m\u00f6gliches Diebesgut handeln k\u00f6nnte gelegt. Hierbei konnten im Zeitraum acht ordnungsgem\u00e4\u00df auf der Fahrbahn fahrende Fahrradfahrer festgestellt werden. Lediglich ein \u00e4lterer Herr fuhr auf dem Gehweg. Da dieses Fehlverhalten mit eine der Hauptunfallursachen zwischen Radfahrern, Fu\u00dfg\u00e4ngern und Autofahrern ist, wird die Polizei Speyer weiter ein Auge auf diese Problematik haben, um brenzlige Situationen und Verkehrsunf\u00e4lle weiter minimieren zu k\u00f6nnen.<\/p>\n\n\n\n<h2 class=\"wp-block-heading\">(Speyer) &#8211; Verkehrsunfall mit verletztem Radfahrer<\/h2>\n\n\n\n<p>Am 20.02.2023 gegen 08:40 Uhr befuhr eine 42-j\u00e4hrige Frau mit ihrem PKW die Kardinal-Wendel-Stra\u00dfe in Fahrtrichtung Am Germansberg. Beim Einbiegen in die Remlingstra\u00dfe \u00fcbersah die PKW-Fahrerin einen verkehrsbedingt stehenden 63-j\u00e4hrigen Radfahrer und kollidierte mit diesem. Der Mann st\u00fcrzte zu Boden und verletzte sich am Knie und Kopf. Durch den hinzugerufenen Rettungsdienst wurde der 63-J\u00e4hrige medizinisch erst versorgt und zur weiteren Abkl\u00e4rung in ein nahegelegenes Krankenhaus verbracht. Es entstand ein Sachschaden von ca. 3000 Euro.<\/p>\n\n\n\n<h2 class=\"wp-block-heading\">(Schifferstadt) &#8211; Fahrradfahrerin leicht verletzt<\/h2>\n\n\n\n<p>Zu einem Unfall zwischen einer 30-j\u00e4hrigen Fahrradfahrerin aus Schifferstadt und einem 59-j\u00e4hrigen Pkw-Fahrer, ebenfalls aus Schifferstadt, kam es am Montagmittag im Kreuzungsbereich Selligstra\u00dfe\/Keltenstra\u00dfe. Hierbei \u00fcbersah der Pkw-Fahrer die vorfahrtsberechtigte Fahrradfahrerin. Bei dem anschlie\u00dfenden Sturz zog sich die 30-j\u00e4hrige leichte Verletzungen am Kopf und am Knie zu, sodass sie im Anschluss in ein Speyerer Krankenhaus verbracht werden musste. An beiden Fahrzeugen entstand zudem ein geringer Sachschaden.<\/p>\n\n\n\n<h2 class=\"wp-block-heading\">(Schifferstadt) &#8211; Stra\u00dfenfastnacht 2023<\/h2>\n\n\n\n<h3 class=\"wp-block-heading\">Gemeinsame Presseerkl\u00e4rung der Stadt Schifferstadt, dem Jugendamt des Rhein-Pfalz-Kreises und der Polizeiinspektion Schifferstadt<\/h3>\n\n\n<div class=\"wp-block-image\">\n<figure class=\"aligncenter size-full\"><img decoding=\"async\" loading=\"lazy\" width=\"800\" height=\"600\" src=\"https:\/\/speyer24news.com\/wp-content\/uploads\/2023\/02\/Hockenheim-Fastnachtsumzug-23-86.jpg\" alt=\"\" class=\"wp-image-51122\" srcset=\"https:\/\/speyer24news.com\/wp-content\/uploads\/2023\/02\/Hockenheim-Fastnachtsumzug-23-86.jpg 800w, https:\/\/speyer24news.com\/wp-content\/uploads\/2023\/02\/Hockenheim-Fastnachtsumzug-23-86-300x225.jpg 300w, https:\/\/speyer24news.com\/wp-content\/uploads\/2023\/02\/Hockenheim-Fastnachtsumzug-23-86-768x576.jpg 768w, https:\/\/speyer24news.com\/wp-content\/uploads\/2023\/02\/Hockenheim-Fastnachtsumzug-23-86-678x509.jpg 678w, https:\/\/speyer24news.com\/wp-content\/uploads\/2023\/02\/Hockenheim-Fastnachtsumzug-23-86-326x245.jpg 326w, https:\/\/speyer24news.com\/wp-content\/uploads\/2023\/02\/Hockenheim-Fastnachtsumzug-23-86-80x60.jpg 80w\" sizes=\"(max-width: 800px) 100vw, 800px\" \/><\/figure><\/div>\n\n\n<p>Stra\u00dfenfastnacht 2023 &#8211; Positive Bilanz der Beh\u00f6rden Nach pandemiebedingter, zweij\u00e4hriger Zwangspause, fand bei zun\u00e4chst sonnigem Wetter am vergangenen Sonntag in der Innenstadt von Schifferstadt die Stra\u00dfenfastnacht 2023 statt.<\/p>\n\n\n\n<p>Das Ordnungsamt der Stadt Schifferstadt, das Jugendamt der Kreisverwaltung Rhein-Pfalz-Kreis sowie die Polizei Schifferstadt f\u00fchrten auch wie in den Vorjahren vernetzte Kontrollen durch.<\/p>\n\n\n\n<p>Nach der offiziellen Er\u00f6ffnung um 14:11 Uhr durch die B\u00fcrgermeisterin von Schifferstadt, Ilona Volk, feierten mehrere tausend Menschen ausgelassen die Kampagne.<\/p>\n\n\n\n<p>Nach einer vorl\u00e4ufigen Bilanz kam es zu insgesamt zw\u00f6lf polizeilichen Ma\u00dfnahmen. Hierbei wurden nach bisherigem Stand f\u00fcnf Strafverfahren, ausschlie\u00dflich wegen K\u00f6rperverletzung und Beleidigung, eingeleitet. Gegen vier, deutlich unter Alkoholeinfluss stehenden Personen, mussten Platzverweise ausgesprochen werden.<\/p>\n\n\n\n<p>Ein Schwerpunkt der vernetzten Kontrollen waren Jugendschutzkontrollen der Polizei gemeinsam mit dem Jugendamt. Hierbei konnten f\u00fcnf Jugendliche festgestellt werden, die aufgrund ihres Alkoholkonsums im Anschluss an ihre Erziehungsberechtigten \u00fcbergeben werden mussten.<\/p>\n\n\n\n<p>F\u00fcr die Mitarbeiter des Ordnungsamtes der Stadt Schifferstadt handelte es sich um einen arbeitsreichen Einsatz. Aufgrund der seitens der Stadtverwaltung erlassenen Gefahrenabwehrverordnung wurden vom Kommunalen Vollzugsdienst und dem eingesetzten Ordnungsdienst circa 300 Liter branntweinhaltige Getr\u00e4nke sowie diverse Glasbeh\u00e4ltnisse (z. B. Flaschen und Gl\u00e4ser) und Dosen aus dem Verkehr gezogen. Dar\u00fcber hinaus wurden durch den Kommunalen Vollzugsdienst drei Platzverweise erteilt und 31 Verst\u00f6\u00dfe gegen Urinieren in der \u00d6ffentlichkeit festgestellt. Die &#8222;Wildpinkler&#8220; erwartet ein Bu\u00dfgeld. Auch in diesem Jahr setzte die Stadtverwaltung mit dem 2020 eingef\u00fchrten Mehrwegbechersystem wieder ein Zeichen gegen Plastikm\u00fcll und f\u00fcr mehr Nachhaltigkeit. F\u00fcr zwei Euro gab es die bunt bedruckten Becher an jedem Stand zu kaufen. Der Erfolg der Idee zeigte sich direkt nach Abschluss der Veranstaltung: Die Berge aus zerdr\u00fcckten Einwegplastikbechern blieben aus. B\u00fcrgermeisterin Ilona Volk zeigte sich zufrieden mit dem Verlauf der Fastnacht und dankte allen Beteiligten, die zum Gelingen der Veranstaltung beigetragen haben. Auch der eingesetzte Rettungsdienst zog eine positive Bilanz. W\u00e4hrend des Festes gab es insgesamt 20 ambulante Versorgungen, lediglich eine Person musste aufgrund von erh\u00f6htem Alkoholkonsum in ein Krankenhaus gebracht werden.<\/p>\n\n\n\n<p>Polizei und Stadt Schifferstadt ziehen im Vergleich zu den Jahren 2020 und 2019 eine insgesamt positive Einsatzbilanz und bedanken sich bei den friedlichen und ausgelassen Feiernden.<\/p>\n\n\n\n<h2 class=\"wp-block-heading\">(Altrip) &#8211; Briefkasten besch\u00e4digt<\/h2>\n\n\n\n<p>In der Nacht von Sonntag auf Montag warfen unbekannte T\u00e4ter eine brennende Shisha-Kohle in den Briefkasten der protestantischen Kirchengemeinde Altrip in der Ludwigstra\u00dfe. Danach wurde der Briefkasten noch gewaltsam ge\u00f6ffnet. Die in dem Briefkasten befindliche Post wurde zwar besch\u00e4digt, war jedoch noch lesbar. Zeugen, die verd\u00e4chtige Beobachtungen gemacht haben, werden gebeten, sich bei der Polizeiinspektion Schifferstadt unter der Tel.-Nr. 06235 4950 oder per Email an\u00a0<a href=\"mailto:pischifferstadt@polizei.rlp.de\">pischifferstadt@polizei.rlp.de<\/a>\u00a0zu melden.<\/p>\n\n\n\n<h2 class=\"wp-block-heading\">(Hochdorf-Assenheim) &#8211; Betrugsversuch via Kurznachricht<\/h2>\n\n\n\n<p>Von ihrer vermeintlichen Tochter erhielt eine 63-j\u00e4hrige aus Hochdorf-Assenheim am vergangenen Montag eine SMS in der sie gebeten wurde, ihrer Tochter zwecks Begleichung einer Rechnung 2.250 Euro auf ein litauisches Konto zu \u00fcberweisen. Zuf\u00e4llig rief kurz danach die richtige Tochter den Ehemann der Gesch\u00e4digten an, worauf der Betrug auffiel. Nach Kontaktaufnahme mit der Bank konnte die \u00dcberweisung erfolgreich zur\u00fcckgehalten werden, sodass der Frau kein Schaden entstand.<\/p>\n\n\n\n<h2 class=\"wp-block-heading\">(Westheim) &#8211; Durchfahrtsverbot \u00fcberwacht<\/h2>\n\n\n\n<p>Aufgrund einer B\u00fcrgerbeschwerde wurde am Sonntagmorgen das Durchfahrtsverbot im Bereich Haardtweg\/ M\u00fchlweg in Westheim kontrolliert. Erfreulicherweise kam es zu keinerlei Verst\u00f6\u00dfen. Weitere Kontrollen sind bereits geplant.<\/p>\n\n\n\n<h2 class=\"wp-block-heading\">(Germersheim) &#8211; Einbruch in Lagercontainer<\/h2>\n\n\n\n<p>Am vergangenen Wochenende brachen bislang unbekannte T\u00e4ter in die Lagerhalle eines Reifenh\u00e4ndlers in der Sondernheimer Stra\u00dfe ein. Dort entwendeten sie neuwertige Reifen im Gesamtwert von ca. 8000 Euro. Zeugenhinweise nimmt die Polizei Germersheim unter der Telefonnummer 07274 9580 oder\u00a0<a href=\"mailto:pigermersheim@polizei.rlp.de\">pigermersheim@polizei.rlp.de<\/a>\u00a0entgegen.<\/p>\n\n\n\n<h2 class=\"wp-block-heading\">(Ha\u00dfloch) &#8211; Einbr\u00fcche in Kleing\u00e4rten in Ha\u00dfloch \/ Gesch\u00e4digte gesucht<\/h2>\n\n\n<div class=\"wp-block-image\">\n<figure class=\"aligncenter size-full\"><img decoding=\"async\" loading=\"lazy\" width=\"801\" height=\"600\" src=\"https:\/\/speyer24news.com\/wp-content\/uploads\/2020\/05\/Zeugen-gesucht-Neutral.jpg\" alt=\"\" class=\"wp-image-26598\" srcset=\"https:\/\/speyer24news.com\/wp-content\/uploads\/2020\/05\/Zeugen-gesucht-Neutral.jpg 801w, https:\/\/speyer24news.com\/wp-content\/uploads\/2020\/05\/Zeugen-gesucht-Neutral-300x225.jpg 300w, https:\/\/speyer24news.com\/wp-content\/uploads\/2020\/05\/Zeugen-gesucht-Neutral-768x575.jpg 768w, https:\/\/speyer24news.com\/wp-content\/uploads\/2020\/05\/Zeugen-gesucht-Neutral-678x509.jpg 678w, https:\/\/speyer24news.com\/wp-content\/uploads\/2020\/05\/Zeugen-gesucht-Neutral-326x245.jpg 326w, https:\/\/speyer24news.com\/wp-content\/uploads\/2020\/05\/Zeugen-gesucht-Neutral-80x60.jpg 80w\" sizes=\"(max-width: 801px) 100vw, 801px\" \/><\/figure><\/div>\n\n\n<p>In der Zeit vom 19.02. bis zum 20.02.2023 brachen Unbekannte in mehrere Kleing\u00e4rten am &#8222;Mu\u00dfbacher Weg&#8220; in Ha\u00dfloch ein. Nach bisherigem Ermittlungsstand wurde sich zu mindestens sieben Grundst\u00fccken unbefugt Zutritt verschafft. Es wurden Wohnwagen und Gartenh\u00e4user aufgebrochen.<\/p>\n\n\n\n<p>Die genaue Schadensh\u00f6he steht zum aktuellen Zeitpunkt noch nicht fest. Die Ermittlungen dauern weiter an.<\/p>\n\n\n\n<p>Wer sachdienliche Hinweise zu dem genannten Fall geben kann oder selbst gesch\u00e4digt ist, wird gebeten, sich mit der Polizeiinspektion Ha\u00dfloch unter der Rufnummer 06324-9330 in Verbindung zu setzen. Hinweise k\u00f6nnen auch per E-Mail unter\u00a0<a href=\"mailto:pihassloch@polizei.rlp.de\">pihassloch@polizei.rlp.de<\/a>\u00a0an die Polizei \u00fcbermittelt werden.<\/p>\n\n\n\n<h2 class=\"wp-block-heading\">(Bad D\u00fcrkheim) &#8211; Betrunken mit dem E-Scooter unterwegs<\/h2>\n\n\n\n<p>Bei der Kontrolle eines E-Scooter &#8211; Fahrers am Montagabend gegen 18.25 Uhr im Bereich der Weinstra\u00dfe Nord konnten Polizeibeamte Atemalkoholgeruch feststellen. Der Verdacht best\u00e4tigte sich, da der Vortest ein Ergebnis von 0,53 Promille erbrachte. Den 52 &#8211; j\u00e4hrigen Fahrer erwartet nun ein Bu\u00dfgeld in H\u00f6he von 500 EUR sowie ein Monat Fahrverbot.<\/p>\n\n\n\n<h2 class=\"wp-block-heading\">(Bad D\u00fcrkheim) &#8211; Vorfahrtsmissachtung f\u00fchrt zu Verkehrsunfall<\/h2>\n\n\n\n<p>Am Montag den 20.02.2023 gegen 11.35 Uhr kam es zu einem Verkehrsunfall im Bereich der Einm\u00fcndung Gaustra\u00dfe \/ Schillerstra\u00dfe. Ein 60 &#8211; j\u00e4hriger Autofahrer missachtete die Vorfahrtsregel &#8222;Rechts &#8211; vor &#8211; Links&#8220; und stie\u00df im Einm\u00fcndungsbereich mit dem PKW einer 33 &#8211; j\u00e4hrigen zusammen. Es entstand Sachschaden in H\u00f6he von circa 7000 EUR. Verletzt wurde gl\u00fccklicherweise niemand.<\/p>\n\n\n\n<h2 class=\"wp-block-heading\">(Weisenheim am Sand) &#8211; Angebranntes Essen l\u00f6st Einsatz aus<\/h2>\n\n\n\n<p>Wegen eines piepsenden Brandmelders r\u00fcckten Feuerwehr und Polizei am Montag gegen 13 Uhr nach Weisenheim am Sand aus. Vor Ort stellte sich heraus, dass einer 57 &#8211; j\u00e4hrigen Bewohnerin das Essen angebrannt war. Personen wurden bei dem Vorfall nicht verletzt, auch entstand kein Geb\u00e4udeschaden. Die Feuerwehr l\u00fcftete die Wohnung.<\/p>\n\n\n\n<h2 class=\"wp-block-heading\">(Ludwigshafen) &#8211; Verkehrsschild beklebt<\/h2>\n\n\n\n<p>Zwei M\u00e4nner im Alter von 19 und 20 Jahren wurden am Dienstag (21.02.2023), gegen 1.30 Uhr, dabei beobachtet, wie sie Sticker auf ein Verkehrsschild in der Maudacher Stra\u00dfe klebten. Dar\u00fcber beschmierten sie mit Farbe einen Stromverteilerkasten. Die hinzugerufene Polizei stellte die beiden M\u00e4nner noch vor Ort fest. Beide m\u00fcssen sich nun wegen Sachbesch\u00e4digung verantworten. Insgesamt entstand ein Sachschaden von 500 Euro.<\/p>\n\n\n\n<h2 class=\"wp-block-heading\">(Ludwigshafen) &#8211; Brand in Keller \/ Nachtragsmeldung<\/h2>\n\n\n\n<h3 class=\"wp-block-heading\">Nachtrag zur Pressemeldung vom 21.02.2023:\u00a0<a href=\"https:\/\/s.rlp.de\/iKeBD\" target=\"_blank\" rel=\"noreferrer noopener\">https:\/\/s.rlp.de\/iKeBD<\/a><\/h3>\n\n\n<div class=\"wp-block-image\">\n<figure class=\"aligncenter size-full\"><img decoding=\"async\" loading=\"lazy\" width=\"801\" height=\"600\" src=\"https:\/\/speyer24news.com\/wp-content\/uploads\/2020\/05\/Zeugen-gesucht-Neutral.jpg\" alt=\"\" class=\"wp-image-26598\" srcset=\"https:\/\/speyer24news.com\/wp-content\/uploads\/2020\/05\/Zeugen-gesucht-Neutral.jpg 801w, https:\/\/speyer24news.com\/wp-content\/uploads\/2020\/05\/Zeugen-gesucht-Neutral-300x225.jpg 300w, https:\/\/speyer24news.com\/wp-content\/uploads\/2020\/05\/Zeugen-gesucht-Neutral-768x575.jpg 768w, https:\/\/speyer24news.com\/wp-content\/uploads\/2020\/05\/Zeugen-gesucht-Neutral-678x509.jpg 678w, https:\/\/speyer24news.com\/wp-content\/uploads\/2020\/05\/Zeugen-gesucht-Neutral-326x245.jpg 326w, https:\/\/speyer24news.com\/wp-content\/uploads\/2020\/05\/Zeugen-gesucht-Neutral-80x60.jpg 80w\" sizes=\"(max-width: 801px) 100vw, 801px\" \/><\/figure><\/div>\n\n\n<p>Nach dem Brand am 18.02.2023 im Keller eines Mehrfamilienhauses in der Sudermannstra\u00dfe, wurde der Brandort durch Brandermittler der Kriminalpolizei untersucht. Nach dem derzeitigen Stand der Ermittlungen d\u00fcrfte der Brand vors\u00e4tzlich gelegt worden sein. Hinweise auf einen technischen Defekt ergaben sich bei der Untersuchung nicht.<\/p>\n\n\n\n<ul>\n<li><strong>Haben Sie verd\u00e4chtige Personen beobachtet oder k\u00f6nnen Sie Hinweise geben?<\/strong><\/li>\n<\/ul>\n\n\n\n<p>Sachdienliche Hinweise nimmt die Kriminalpolizei Ludwigshafen unter der Telefonnummer 0621\/963-2773 oder per E-Mail\u00a0<a href=\"mailto:kiludwigshafen.k1.kdd@polizei.rlp.de\">kiludwigshafen.k1.kdd@polizei.rlp.de<\/a>\u00a0entgegen.<\/p>\n\n\n\n<h2 class=\"wp-block-heading\">(Ludwigshafen) &#8211; Polizeibeamte beleidigt<\/h2>\n\n\n<div class=\"wp-block-image\">\n<figure class=\"aligncenter size-full\"><img decoding=\"async\" loading=\"lazy\" width=\"800\" height=\"533\" src=\"https:\/\/speyer24news.com\/wp-content\/uploads\/2020\/06\/Zelle.jpg\" alt=\"\" class=\"wp-image-28203\" srcset=\"https:\/\/speyer24news.com\/wp-content\/uploads\/2020\/06\/Zelle.jpg 800w, https:\/\/speyer24news.com\/wp-content\/uploads\/2020\/06\/Zelle-300x200.jpg 300w, https:\/\/speyer24news.com\/wp-content\/uploads\/2020\/06\/Zelle-768x512.jpg 768w\" sizes=\"(max-width: 800px) 100vw, 800px\" \/><figcaption class=\"wp-element-caption\">Beispielbild Zelle \/ Verhaftung, dient lediglich der Visualisierung<\/figcaption><\/figure><\/div>\n\n\n<p>Weil ein 25-J\u00e4hriger mehreren Personen am Berliner Platz Drogen anbot, musste die Polizei am Montagabend (20.02.2023) anr\u00fccken. W\u00e4hrend der Personenkontrolle beleidigte er die Polizeibeamten und schrie herum. Bet\u00e4ubungsmittel fanden die Polizeibeamten bei dem jungen Mann jedoch nicht. Da er weiterhin die eingesetzte Polizeikr\u00e4fte beleidigte, sich aggressiv verhielt und sich nicht beruhigen lie\u00df, wurde er letztendlich zur einer Polizeidienstelle gebracht. Die Nacht verbrachte er schlie\u00dflich im Polizeigewahrsam.<\/p>\n\n\n\n<h2 class=\"wp-block-heading\">(Ludwigshafen) &#8211; Mann spuckt Polizeibeamten ins Gesicht<\/h2>\n\n\n<div class=\"wp-block-image\">\n<figure class=\"aligncenter size-full\"><img decoding=\"async\" loading=\"lazy\" width=\"800\" height=\"600\" src=\"https:\/\/speyer24news.com\/wp-content\/uploads\/2019\/06\/Ausn\u00fcchterungszelle.jpg\" alt=\"\" class=\"wp-image-15212\" srcset=\"https:\/\/speyer24news.com\/wp-content\/uploads\/2019\/06\/Ausn\u00fcchterungszelle.jpg 800w, https:\/\/speyer24news.com\/wp-content\/uploads\/2019\/06\/Ausn\u00fcchterungszelle-300x225.jpg 300w, https:\/\/speyer24news.com\/wp-content\/uploads\/2019\/06\/Ausn\u00fcchterungszelle-768x576.jpg 768w, https:\/\/speyer24news.com\/wp-content\/uploads\/2019\/06\/Ausn\u00fcchterungszelle-678x509.jpg 678w, https:\/\/speyer24news.com\/wp-content\/uploads\/2019\/06\/Ausn\u00fcchterungszelle-326x245.jpg 326w, https:\/\/speyer24news.com\/wp-content\/uploads\/2019\/06\/Ausn\u00fcchterungszelle-80x60.jpg 80w\" sizes=\"(max-width: 800px) 100vw, 800px\" \/><figcaption class=\"wp-element-caption\">Beispielbild Zelle \/ Verhaftung, dient lediglich der Visualisierung<\/figcaption><\/figure><\/div>\n\n\n<p>Ein 43-J\u00e4hriger schrie am Montag (20.02.2023) auf einem Tankstellengel\u00e4nde in der Heinigstra\u00dfe herum und beeintr\u00e4chtigte damit den Tankstellenbetrieb. Nachdem er von der Polizei kontrolliert wurde, erhielt er einen Platzverweis. Leider kam der Mann der Aufforderung nicht nach und beleidigte die Polizeibeamten. Dar\u00fcber hinaus forderte er die Polizisten zu einem Kampf heraus. Die Polizei mussten den 43-J\u00e4hrigen schlie\u00dflich fesseln und zu einer Polizeidienstelle bringen, wo er die Nacht in einer Gewahrsamszelle verbrachte. W\u00e4hrend der polizeilichen Ma\u00dfnahmen in der Polizeidienststelle spuckte er einem Polizeibeamten ins Gesicht. Er stand vermutlich unter Bet\u00e4ubungsmitteleinfluss.<\/p>\n\n\n\n<h2 class=\"wp-block-heading\">(Ludwigshafen) &#8211; Schwelbrand in der Sternstra\u00dfe<\/h2>\n\n\n\n<p>Zu einem Schwelbrand in einer Dehnungsfuge zwischen zwei H\u00e4usern kam es am Montag in der Sternstra\u00dfe. Ein Bewohner eines der beiden Wohn-und Gesch\u00e4ftsh\u00e4user hatte Brandgeruch und leichte Rauchentwicklung aus einer seiner Steckdosen bemerkt und die Feuerwehr informiert. Durch den Brand sowie die L\u00f6scharbeiten entstand ein Sachschaden von gesch\u00e4tzten 15.000 Euro. Die Ermittlungen zur Brandursache wurden aufgenommen.<\/p>\n\n\n\n<h2 class=\"wp-block-heading\">(Ludwigshafen) &#8211; Unfall in der Pr\u00e4lat-Claire-Stra\u00dfe<\/h2>\n\n\n\n<p>An der Kreuzung Pr\u00e4lat-Claire-Stra\u00dfe\/ Mannheimer Stra\u00dfe kam es am 20.02.2023, gegen 14:20 Uhr, zu einem Unfall zwischen einer Autofahrerin und einem Fahrradfahrer. Durch den Zusammensto\u00df war der Radfahrer gest\u00fcrzt und verletzte sich mutma\u00dflich im Bereich der Schulter. Beim Eintreffen der Polizei war der Mann bereits gefl\u00fcchtet. Sein Rad hatte er an der Unfallstelle zur\u00fcckgelassen. An diesem sowie am Auto entstand Sachschaden. Dieser wird auf etwa 300 Euro gesch\u00e4tzt.<\/p>\n\n\n\n<p>Die Polizeiwache Oggersheim bittet den Radfahrer sich unter Tel. 0621 963 &#8211; 2403 oder per E-Mail\u00a0<a href=\"mailto:pwoggersheim@polizei.rlp.de\">pwoggersheim@polizei.rlp.de<\/a>\u00a0zu melden.<\/p>\n\n\n\n<h2 class=\"wp-block-heading\">(Ludwigshafen) &#8211; Geldbeutel geklaut<\/h2>\n\n\n\n<p>Als eine 81-J\u00e4hrige am Montagmorgen (20.02.2023, zwischen 10:15 Uhr und 10:45 Uhr), in einem Lebensmitteldiscounter in der Mannheimer Stra\u00dfe einkaufte, gelang es einer bislang unbekannten Person unbemerkt ihren Geldbeutel zu stehlen. Dieser hatte sich in ihrer Handtasche befunden, die an ihrem Rollator hing. Im Geldbeutel befand sich neben Ausweisdokumenten auch rund 70 Euro.<\/p>\n\n\n\n<p>Hinweise zur T\u00e4terin oder dem T\u00e4ter liegen nicht vor. Wir bitten daher um Ihre Mithilfe. Wer hat zur fraglichen Zeit etwas beobachtet? Hinweise werden an die Polizeiwache Oggersheim unter Tel. 0621 963 &#8211; 2403 oder per E-Mail&nbsp;<a href=\"mailto:pwoggersheim@polizei.rlp.de\">pwoggersheim@polizei.rlp.de<\/a>&nbsp;erbeten.<\/p>\n\n\n\n<h2 class=\"wp-block-heading\">(Ludwigshafen) &#8211; Fu\u00dfg\u00e4nger verletzt<\/h2>\n\n\n\n<p>Am 20.02.2023, gegen 08:45 Uhr, \u00fcbersah ein 33-j\u00e4hriger Autofahrer einen 85-j\u00e4hrigen Fu\u00dfg\u00e4nger, der mit seinem Fahrrad die Oppauer Stra\u00dfe \u00fcberquerte. Durch den Zusammensto\u00df st\u00fcrzte der Senior und wurde leicht verletzt. Der 33-J\u00e4hrige gab an, dass er von der Sonne geblendet worden sei und er den Fu\u00dfg\u00e4nger daher \u00fcbersehen habe.<\/p>\n\n\n\n<p>Wir appellieren: Mit einer tiefstehenden Sonne steigt die Unfallgefahr. Wenn Sie geblendet werden, fahren Sie \u00e4u\u00dfert langsam und besonders vorsichtig.<\/p>\n\n\n\n<h2 class=\"wp-block-heading\">(Ludwigshafen) &#8211; Mehrere Einbr\u00fcche<\/h2>\n\n\n\n<p>Mehrere Einbr\u00fcche wurden am Montag der Polizei in Ludwigshafen gemeldet.<\/p>\n\n\n\n<p>Zwischen dem 18.02.2023, 14 Uhr, und dem 20.02.2023, 8:50 Uhr, gelang es Unbekannten in der Wredestra\u00dfe gewaltsam in ein Rasierer-Fachgesch\u00e4ft einzudringen. Aus dem Laden wurde Ware im Wert von etwa 20.000 Euro gestohlen.<\/p>\n\n\n\n<p>Am 20.02.2023, gegen 7 Uhr, musste auch der Hausmeister einer Schule in der Freiastra\u00dfe feststellen, dass seit dem 17.02.2023, 16:30 Uhr, in das Schulgeb\u00e4ude eingebrochen worden war. Unbekannte hatten hierzu ein Fester eingeworfen und waren ins Geb\u00e4ude eingedrungen. Im Innern wurden Schr\u00e4nke durchw\u00fchlt. Ob die Unbekannten etwas gestohlen haben, wird aktuell ermittelt.<\/p>\n\n\n\n<p>Zu einem versuchten Einbruch kam es zwischen dem 17.02.2023, 16:30 Uhr, und dem 20.02.2023, 7 Uhr, au\u00dferdem in einem Kinderhort am Kurt-Kreiselmaier-Platz. Unbekannte hatten versucht die T\u00fcren des Horts zu \u00f6ffnen. Sie scheiterten jedoch, sodass es lediglich zu einem leichten Sachschaden kam.<\/p>\n\n\n\n<p>Auch der LKW einer Baumpflege-Firma wurde durch Unbekannte zwischen dem 17.02.2023, 15:15 Uhr, und dem 20.02.2023, 8:15 Uhr, angegangen. Das Fahrzeug war in der Leuschnerstra\u00dfe am Alwin-Mittasch-Park abgestellt. Es blieb beim Versuch &#8211; entwendet wurde nichts. Der Sachschaden durch Hebelspuren durfte sich auf etwa 100 Euro belaufen.<\/p>\n\n\n\n<p>In allen vier F\u00e4llen bitten die Kriminalpolizei Ludwigshafen um Ihre Mithilfe. Sachdienliche Hinweise werden unter der Telefonnummer 0621\/963-2773 oder per E-Mail&nbsp;<a href=\"mailto:kiludwigshafen.k1.kdd@polizei.rlp.de\">kiludwigshafen.k1.kdd@polizei.rlp.de<\/a>&nbsp;entgegengenommen.<\/p>\n\n\n\n<h2 class=\"wp-block-heading\">(Ludwigshafen) &#8211; Hinweise erbeten \/ Bargeld aus Wohnung gestohlen<\/h2>\n\n\n\n<p>Zwischen dem 19.02.2023, 21 Uhr, und dem 20.02.2023, gegen 1 Uhr, wurde Bargeld aus einer Wohnung in der Leuschnerstra\u00dfe gestohlen. Der Schaden bel\u00e4uft sich auf wenige tausend Euro.<\/p>\n\n\n\n<p>Wir bitten Personen, die etwas beobachtet haben, sich zu melden. Sachdienliche Hinweise bitte an die Polizeiinspektion Ludwigshafen 2, Telefonnummer 0621 963-2222 oder per E-Mail\u00a0<a href=\"mailto:piludwigshafen2@polizei.rlp.de\">piludwigshafen2@polizei.rlp.de<\/a>\u00a0.<\/p>\n\n\n\n<h2 class=\"wp-block-heading\">(Mannheim) &#8211; Verkehrsunfall auf der Magdeburger Stra\u00dfe, Pkw liegt auf der Seite<\/h2>\n\n\n\n<p>Aktuell kommt es zu einem Einsatz von Polizei, Feuerwehr und Rettungsdienst in der Magdeburger Stra\u00dfe in Mannheim. Der Fahrer eines Pkw verlor die Kontrolle \u00fcber sein Fahrzeug und kam im Unfallverlauf auf der Seite liegend zum Stehen. Unfallursache und das Verletzungsbild sind aktuell noch nicht bekannt. Es wird nachberichtet.<\/p>\n\n\n\n<h3 class=\"has-text-align-center wp-block-heading\">Pressemeldung Nr. 2<\/h3>\n\n\n\n<p>Am Dienstag gegen 18:10 Uhr war ein 60-j\u00e4hriger Mann mit seinem PKW, einem BMW auf der Magdeburger Stra\u00dfe unterwegs. Ungef\u00e4hr 100 Meter vor der Einm\u00fcndung zur Chemnitzer Stra\u00dfe wechselte der Fahrzeugf\u00fchrer ruckartig auf die rechte Fahrbahn, kollidierte zuerst mit dem Bordstein sowie der dortigen L\u00e4rmschutzwand. Das Fahrzeug geriet durch den Aufprall ins Rollen, \u00dcberschlug sich und blieb auf der rechten Seite liegen. Der Fahrzeugf\u00fchrer musste von der Feuerwehr aus seinem Fahrzeug befreit werden. Hierzu wurde das Fahrzeug aufgeschnitten. Der Fahrer wurde durch den Unfall nur leicht verletzt. Die Unfallaufnahme hat das Polizeirevier Mannheim K\u00e4fertal \u00fcbernommen. Die Magdeburger Stra\u00dfe musste aufgrund der Rettungsarbeiten f\u00fcr \u00fcber zwei Stunden voll gesperrt werden.<\/p>\n\n\n\n<h2 class=\"wp-block-heading\">(Mannheim) &#8211; Von der Fahrbahn abgekommen \/ hoher Sachschaden<\/h2>\n\n\n\n<p>Ein 30-j\u00e4hriger BMW-Fahrer ist Montagnacht gegen Mitternacht aufgrund Unachtsamkeit in der Franklin-D.-Roosvelt-Stra\u00dfe nach rechts von der Fahrbahn abgekommen und mit einem geparkten Fiat zusammengesto\u00dfen. Dieser wurde durch die Wucht des Aufpralls auf ein weiteres Fahrzeug geschoben. Bei dem Unfall wurde niemand verletzt. Es entstand ein Sachschaden in einer Gesamth\u00f6he von 15.000EUR.<\/p>\n\n\n\n<h2 class=\"wp-block-heading\">(Mannheim) &#8211; Geparktes Fahrzeug besch\u00e4digt und gefl\u00fcchtet \/ Zeugen gesucht<\/h2>\n\n\n\n<p>Am Montagmorgen zwischen 08:00 Uhr und 08:30 Uhr wurde ein geparkter BMW im Stadtteil Neckarau in der Bussardstra\u00dfe vermutlich durch einen Unfall besch\u00e4digt. Der Unfallverursacher bzw. die Unfallverursacherin entfernte sich unbemerkt.<\/p>\n\n\n\n<p>Es entstand ein Sachschaden von 10.000EUR.<\/p>\n\n\n\n<p>Zeugen, die sachdienliche Hinweise geben k\u00f6nnen, werden gebeten sich beim Polizeirevier Mannheim-Neckarau unter 0621\/ 83397-0 zu melden.<\/p>\n\n\n\n<h2 class=\"wp-block-heading\">(Mannheim) &#8211; Nach Unfallflucht, Zeugen gesucht<\/h2>\n\n\n\n<p>Im Zeitraum Freitag, 17.02.2023 bis Montag, 20.02.2023 gegen 06:30 Uhr besch\u00e4digte ein bislang unbekannter Fahrzeugf\u00fchrer bzw. eine unbekannte Fahrzeugf\u00fchrerin im Stadtteil Neckarau in der Stra\u00dfe &#8222;Vor dem Teich&#8220; einen geparkten Ford und entfernte sich von der Unfall\u00f6rtlichkeit ohne seine Pflichten als Unfallverursacher zu erf\u00fcllen. Es entstand ein Sachschaden von 5.000EUR.<\/p>\n\n\n\n<p>Zeugen, die sachdienliche Hinweise geben k\u00f6nnen, werden gebeten sich beim Polizeirevier Mannheim-Neckarau unter 0621\/ 83397-0 zu melden.<\/p>\n\n\n\n<h2 class=\"wp-block-heading\">(Mannheim-Innenstadt) &#8211; Pfefferspray in Schnellimbiss verspr\u00fcht und Kunden bedroht \/ Zeugen gesucht!<\/h2>\n\n\n<div class=\"wp-block-image\">\n<figure class=\"aligncenter size-full\"><img decoding=\"async\" loading=\"lazy\" width=\"801\" height=\"600\" src=\"https:\/\/speyer24news.com\/wp-content\/uploads\/2020\/05\/Zeugen-gesucht-Neutral.jpg\" alt=\"\" class=\"wp-image-26598\" srcset=\"https:\/\/speyer24news.com\/wp-content\/uploads\/2020\/05\/Zeugen-gesucht-Neutral.jpg 801w, https:\/\/speyer24news.com\/wp-content\/uploads\/2020\/05\/Zeugen-gesucht-Neutral-300x225.jpg 300w, https:\/\/speyer24news.com\/wp-content\/uploads\/2020\/05\/Zeugen-gesucht-Neutral-768x575.jpg 768w, https:\/\/speyer24news.com\/wp-content\/uploads\/2020\/05\/Zeugen-gesucht-Neutral-678x509.jpg 678w, https:\/\/speyer24news.com\/wp-content\/uploads\/2020\/05\/Zeugen-gesucht-Neutral-326x245.jpg 326w, https:\/\/speyer24news.com\/wp-content\/uploads\/2020\/05\/Zeugen-gesucht-Neutral-80x60.jpg 80w\" sizes=\"(max-width: 801px) 100vw, 801px\" \/><\/figure><\/div>\n\n\n<p>Drei derzeit noch unbekannte T\u00e4ter verspr\u00fchten am Montagabend um kurz vor 20 Uhr in einem Schnellimbiss im Quadrat O7 Pfefferspray und drohten einem Kunden mit einem Messer. Der 27-j\u00e4hrige Gast erlitt durch den Reizstoff Atemwegsreizungen und meldete den Vorfall einem Restaurantangestellten. Kurz darauf packte den 27-J\u00e4hrigen einer der T\u00e4ter am Hals, hielt dabei ein Messer in der Hand und drohte dem Mann. Im Anschluss fl\u00fcchteten die drei Unbekannte in Richtung Wasserturmanlage. <\/p>\n\n\n\n<h4 class=\"wp-block-heading\">Sie werden wie folgt beschrieben:<\/h4>\n\n\n\n<ol>\n<li><strong>T\u00e4ter war etwa 180 cm gro\u00df, 17 &#8211; 18 Jahre alt, hatte dunkelblonde Haare, trug eine schwarze Basecap der Marke NIKE mit dem Schild nach hinten, eine rote Trainingsjacke des Fu\u00dfballvereins PSG Paris und schwarze Turnschuhe der Marke Nike. <\/strong><\/li>\n\n\n\n<li><strong>T\u00e4ter war 180 &#8211; 185 cm gro\u00df, etwa 16 Jahre alt, hatte schwarze Haare mit blonden Str\u00e4hnen und trug eine schwarze Jogginghose.<\/strong><\/li>\n\n\n\n<li><strong>T\u00e4ter war etwa 18 &#8211; 19 Jahre alt, hatte schwarze Haare mit Locken \u00fcber die Stirn, trug eine schwarze Jeans, rot-schwarze Sportschuhe und eine schwarze Jacke. <\/strong><\/li>\n<\/ol>\n\n\n\n<p>Das Polizeirevier Mannheim-Innenstadt hat die weiteren Ermittlungen aufgenommen und sucht Zeugen, die Hinweise zu den T\u00e4tern geben k\u00f6nnen. Diese werden gebeten, sich unter der Telefonnummer 0621\/1258-0 zu melden.<\/p>\n\n\n\n<h2 class=\"wp-block-heading\">(Heidelberg) &#8211; Farbschmierereien in Eppelheim und im Emmertsgrund \/ Zeugen gesucht<\/h2>\n\n\n\n<p>Im Zeitraum zwischen Freitag, den 17.02.2023 um 19:00 Uhr und Montag, den 20.02.2023 gegen 07:30 Uhr wurden mehrere Sporthallen des Schulzentrums Eppelheim durch Unbekannte mit schwarzer Farbe beschmiert.<\/p>\n\n\n\n<p>Der Polizeiposten Eppelheim hat die Ermittlungen \u00fcbernommen und bittet Zeugen, die sachdienliche Hinweise geben k\u00f6nnen, sich unter 06221\/ 766377 zu melden.<\/p>\n\n\n\n<p>Zu weiteren Farbschmierereien kam es am Montag gegen 11:30 Uhr im Emmertsgrund. Hier wurde durch einen unbekannten T\u00e4ter oder eine unbekannte T\u00e4terin ein Stromverteilerkasten und eine Geb\u00e4udewand an der Haltestelle mit schwarzer Farbe beschmiert.<\/p>\n\n\n\n<p>Auch in diesem Fall wird seitens der Polizei darum gebeten, dass sich Zeugen, die sachdienliche Hinweise geben k\u00f6nnen, beim Polizeirevier Heidelberg-S\u00fcd unter 06221\/ 3418-0 melden.<\/p>\n\n\n\n<h2 class=\"wp-block-heading\">(St Ilgen \/ Rhein-Neckar-Kreis) &#8211; Tresor aus Firmengeb\u00e4ude entwendet \/ Zeugen gesucht!<\/h2>\n\n\n\n<p>Zwischen Samstagabend und Montagmorgen gelang es einer derzeit noch unbekannten T\u00e4terschaft in ein Firmengeb\u00e4ude in der Stra\u00dfe Unterm Sand einzudringen und einen Tresor zu entwenden. Wie sich die T\u00e4terschaft Zutritt zu den R\u00e4umlichkeiten verschaffte, ist noch unklar. Einbruchspuren konnten keine festgestellt werden. Den Tresor, welcher im Boden befestigt war, riss die T\u00e4terschaft mit massiver Gewalt aus der Verankerung und transportierte diesen ab. Darin befanden sich mehrere Tausend Euro Bargeld. Zeugen, welche verd\u00e4chtige Wahrnehmungen gemacht haben, werden gebeten, sich unter der Telefonnummer 06224-1749-100 beim Polizeiposten Leimen zu melden.<\/p>\n","protected":false},"excerpt":{"rendered":"<div class=\"mh-excerpt\"><p>Polizeimeldungen vom Dienstag (21.02.2023) (Speyer) &#8211; Exhibitionist entbl\u00f6\u00dft sich vor drei Frauen Am Montagabend (20.02.2023) gegen 18:00 Uhr verfolgte ein 37- j\u00e4hriger Mann auf seinem Fahrrad eine 44-J\u00e4hrige Frau in der St.-Guido-Stra\u00dfe. Diese begab sich <a class=\"mh-excerpt-more\" href=\"https:\/\/speyer24news.com\/?p=51300\" title=\"Polizeimeldungen Dienstag (21.02.2023)\">[&#8230;]<\/a><\/p>\n<\/div>","protected":false},"author":3,"featured_media":26162,"comment_status":"open","ping_status":"open","sticky":false,"template":"","format":"standard","meta":{"_monsterinsights_skip_tracking":false,"_monsterinsights_sitenote_active":false,"_monsterinsights_sitenote_note":"","_monsterinsights_sitenote_category":0,"footnotes":""},"categories":[15659],"tags":[7243,7244,3614,350,14537,15084,15267,14538,15361,15845,702,61,2555,6955,6986,6263,63,105,11150,6987,53,4854,13534,4683,1548,4905,11592,102,13626,213,14325,14324,13553,13541,55,8277,6368,5261,103,106,2803,2423,427,2625,380,62,104,979,1565],"aioseo_notices":[],"amp_enabled":true,"_links":{"self":[{"href":"https:\/\/speyer24news.com\/index.php?rest_route=\/wp\/v2\/posts\/51300"}],"collection":[{"href":"https:\/\/speyer24news.com\/index.php?rest_route=\/wp\/v2\/posts"}],"about":[{"href":"https:\/\/speyer24news.com\/index.php?rest_route=\/wp\/v2\/types\/post"}],"author":[{"embeddable":true,"href":"https:\/\/speyer24news.com\/index.php?rest_route=\/wp\/v2\/users\/3"}],"replies":[{"embeddable":true,"href":"https:\/\/speyer24news.com\/index.php?rest_route=%2Fwp%2Fv2%2Fcomments&post=51300"}],"version-history":[{"count":1,"href":"https:\/\/speyer24news.com\/index.php?rest_route=\/wp\/v2\/posts\/51300\/revisions"}],"predecessor-version":[{"id":51301,"href":"https:\/\/speyer24news.com\/index.php?rest_route=\/wp\/v2\/posts\/51300\/revisions\/51301"}],"wp:featuredmedia":[{"embeddable":true,"href":"https:\/\/speyer24news.com\/index.php?rest_route=\/wp\/v2\/media\/26162"}],"wp:attachment":[{"href":"https:\/\/speyer24news.com\/index.php?rest_route=%2Fwp%2Fv2%2Fmedia&parent=51300"}],"wp:term":[{"taxonomy":"category","embeddable":true,"href":"https:\/\/speyer24news.com\/index.php?rest_route=%2Fwp%2Fv2%2Fcategories&post=51300"},{"taxonomy":"post_tag","embeddable":true,"href":"https:\/\/speyer24news.com\/index.php?rest_route=%2Fwp%2Fv2%2Ftags&post=51300"}],"curies":[{"name":"wp","href":"https:\/\/api.w.org\/{rel}","templated":true}]}}