{"id":51334,"date":"2023-02-25T06:53:24","date_gmt":"2023-02-25T05:53:24","guid":{"rendered":"https:\/\/speyer24news.com\/?p=51334"},"modified":"2023-02-25T06:53:27","modified_gmt":"2023-02-25T05:53:27","slug":"polizeimeldungen-freitag-24-02-2023","status":"publish","type":"post","link":"https:\/\/speyer24news.com\/?p=51334","title":{"rendered":"Polizeimeldungen Freitag (24.02.2023)"},"content":{"rendered":"<style type=\"text\/css\">\r\n\t.ads_top_disp{}\r\n\t.ads_top_corner_disp{ float:left; margin:0px 10px 10px 0px; }\r\n\t.ads_first_p_disp{}\r\n\t.ads_bottom_disp{}\r\n\t<\/style>\n<h2 class=\"wp-block-heading\">Polizeimeldungen vom Freitag (24.02.2023)<\/h2>\n\n\n<div class=\"wp-block-image\">\n<figure class=\"aligncenter size-full\"><img decoding=\"async\" loading=\"lazy\" width=\"375\" height=\"500\" src=\"https:\/\/speyer24news.com\/wp-content\/uploads\/2022\/03\/Aktuelles-Polizeilogo.jpg\" alt=\"\" class=\"wp-image-43591\" srcset=\"https:\/\/speyer24news.com\/wp-content\/uploads\/2022\/03\/Aktuelles-Polizeilogo.jpg 375w, https:\/\/speyer24news.com\/wp-content\/uploads\/2022\/03\/Aktuelles-Polizeilogo-225x300.jpg 225w\" sizes=\"(max-width: 375px) 100vw, 375px\" \/><\/figure><\/div>\n\n\n<h2 class=\"wp-block-heading\">(Speyer) &#8211; Kontrollen nach B\u00fcrgerbeschwerden<\/h2>\n\n\n\n<p>Am Morgen des 23.02.2023 zwischen halb acht und acht Uhr \u00fcberwachten Polizeibeamte einen Fu\u00dfweg im Bereich der Stra\u00dfen Am Woogbach und Conrad-Hist-Stra\u00dfe im Hinblick auf Personen, die den Weg verbotswidrig mit dem Fahrrad befahren. Hierbei stellten die Beamten 11 Personen fest, die ein Fahrrad mitf\u00fchrten. Hiervon schoben zehn Personen ihr Fahrrad regelkonform. Die Beamten hielten ein verkehrserzieherisches Gespr\u00e4ch mit einem Kind, das den Weg mit dem Fahrrad befahren hatte und ahndeten einen Versto\u00df gegen die Gurtpflicht bei einem Fahrzeuginsassen.<\/p>\n\n\n\n<p>Zwischen 12:20 Uhr und 12:40 Uhr kontrollierten Beamte die Gehwegnutzung rund um den Postplatz in Bahnhofstra\u00dfe und Gilgenstra\u00dfe. Sie beobachteten auch den vom Postplatz in n\u00f6rdliche Richtung fahrenden Fahrzeugverkehr. Hierbei ahndeten sie in zwei F\u00e4llen das ordnungswidrige Halten \/ Parken von Kraftfahrzeugen auf der Bahnhofstra\u00dfe im Bereich der niedrigen einstelligen Hausnummern. Zwei weitere Fahrzeugf\u00fchrer wiesen die Beamten beim Versuch des Haltens an, umgehend weiterzufahren. Die Beamten ahndeten ebenfalls das Verhalten eines Fahrradfahrers, der den Gehweg an der Einm\u00fcndung Gilgenstra\u00dfe \/ Postplatz benutzte und hierbei eine rote Ampel umfuhr. Sieben weitere Radfahrer konnten nicht kontrolliert werden, da die Beamten mit anderen Kontrollen gebunden waren. Sie verlegten allerdings beim Erblicken der Beamten selbstst\u00e4ndig vom Gehweg auf die Fahrbahn oder wurden im Vorbeifahren von den Beamten angewiesen, dies zu tun.<\/p>\n\n\n\n<p>Beide Kontroll\u00f6rtlichkeiten gehen auf individuelle B\u00fcrgerbeschwerden zur\u00fcck, denen die Verkehrssituation an der jeweiligen Stelle zugrundelag.<\/p>\n\n\n\n<h2 class=\"wp-block-heading\">(Speyer) &#8211; Laufender Motor, Unrat und fehlende Fahrt\u00fcchtigkeit<\/h2>\n\n\n\n<p>Am 23.02.2023 gegen 07:30 Uhr meldeten Zeugen einen PKW auf einem Parkplatz im Ersten Richtweg, dessen Motor lief und neben welchem diverser M\u00fcll verteilt liege. Eine Polizeistreife nahm sich der Angelegenheit an und kontrollierte dessen drei m\u00e4nnliche Insassen im Alter zwischen 15 und 18 Jahren. Der 18-j\u00e4hrige Fahrer zeigte Anzeichen f\u00fcr Bet\u00e4ubungsmittelkonsum und f\u00fchrte vor den Augen der Beamten einen Urintest durch, der positiv auf Amfetamin, Methamfetamin und THC verlief. Die Beamten stellten seinen F\u00fchrerschein, sowie die Fahrzeugschl\u00fcssel sicher und veranlassten die Entnahme einer Blutprobe bei ihm, da gegen ihn der Verdacht einer Fahrt unter dem Einfluss berauschender Mittel besteht. Bei einem 17-j\u00e4hrigen Fahrzeuginsassen faden die Beamten ein bet\u00e4ubungsmittelverd\u00e4chtiges Produkt mit m\u00f6glichem THC-Gehalt, das in anderen Staaten m\u00f6glicherweise legal verkauft wird. Die Beamten stellten das Produkt aufgrund des Verdachts eines Versto\u00dfes gegen das Bet\u00e4ubungsmittelgesetz sicher.<\/p>\n\n\n\n<h2 class=\"wp-block-heading\">(R\u00f6merberg-Mechtersheim \/ Speyer) &#8211; Vermisster 87-J\u00e4hriger aus Speyer tot aufgefunden<\/h2>\n\n\n\n<h3 class=\"wp-block-heading\">Nachtrag zu den Pressemeldungen vom 14.02.2023:&nbsp;<a href=\"https:\/\/s.rlp.de\/z4bVr\" target=\"_blank\" rel=\"noreferrer noopener\">https:\/\/s.rlp.de\/z4bVr<\/a>&nbsp;, vom 15.02.2023:&nbsp;<a href=\"https:\/\/s.rlp.de\/b697N\" target=\"_blank\" rel=\"noreferrer noopener\">https:\/\/s.rlp.de\/b697N<\/a>&nbsp;und vom 22.02.2023:&nbsp;<a href=\"https:\/\/s.rlp.de\/hQ8rc\" target=\"_blank\" rel=\"noreferrer noopener\">https:\/\/s.rlp.de\/hQ8rc<\/a><\/h3>\n\n\n<div class=\"wp-block-image\">\n<figure class=\"aligncenter size-full\"><img decoding=\"async\" loading=\"lazy\" width=\"800\" height=\"533\" src=\"https:\/\/speyer24news.com\/wp-content\/uploads\/2021\/01\/Ruhe-in-Frieden.jpg\" alt=\"\" class=\"wp-image-32361\" srcset=\"https:\/\/speyer24news.com\/wp-content\/uploads\/2021\/01\/Ruhe-in-Frieden.jpg 800w, https:\/\/speyer24news.com\/wp-content\/uploads\/2021\/01\/Ruhe-in-Frieden-300x200.jpg 300w, https:\/\/speyer24news.com\/wp-content\/uploads\/2021\/01\/Ruhe-in-Frieden-768x512.jpg 768w\" sizes=\"(max-width: 800px) 100vw, 800px\" \/><\/figure><\/div>\n\n\n<p>Der seit dem 11.02.2023 vermisste 87-J\u00e4hrige aus Speyer wurde am Donnerstag (23.02.2023) auf der Insel Flotzgr\u00fcn (R\u00f6merberg-Mechtersheim) tot aufgefunden. Ein Zeuge hatte zuvor das Fahrrad des Verstorbenen in der N\u00e4he aufgefunden.<\/p>\n\n\n\n<p>Die \u00d6ffentlichkeitsfahndung wird hiermit zur\u00fcckgenommen.<\/p>\n\n\n\n<h2 class=\"wp-block-heading\">(R\u00f6merberg) &#8211; Telefonbetrug durch falsche Polizeibeamte<\/h2>\n\n\n<div class=\"wp-block-image\">\n<figure class=\"aligncenter size-full\"><img decoding=\"async\" loading=\"lazy\" width=\"800\" height=\"577\" src=\"https:\/\/speyer24news.com\/wp-content\/uploads\/2022\/07\/pressebild-senioren-frau-telefon.jpg\" alt=\"\" class=\"wp-image-47724\" srcset=\"https:\/\/speyer24news.com\/wp-content\/uploads\/2022\/07\/pressebild-senioren-frau-telefon.jpg 800w, https:\/\/speyer24news.com\/wp-content\/uploads\/2022\/07\/pressebild-senioren-frau-telefon-300x216.jpg 300w, https:\/\/speyer24news.com\/wp-content\/uploads\/2022\/07\/pressebild-senioren-frau-telefon-768x554.jpg 768w\" sizes=\"(max-width: 800px) 100vw, 800px\" \/><\/figure><\/div>\n\n\n<p>Unbekannte T\u00e4ter gaben sich zwischen dem 17. und dem 23.02.2023 gegen\u00fcber einer 79-j\u00e4hrigen Frau aus R\u00f6merberg telefonisch als Polizeibeamte aus und t\u00e4uschten ihr vor, dass sie bei der Festnahme und Durchsuchung eines angeblichen &#8222;Verbrechers&#8220; die Kontodaten der Frau aufgefunden h\u00e4tten, weswegen das Geld der Dame auf ihrem eigenen Konto nun nicht mehr sicher sei. Sie \u00fcberzeugten die Dame, ihr Geld auf ein angeblich &#8222;sicheres Konto der Polizei&#8220; zu \u00fcberweisen. Die 79-J\u00e4hrige lie\u00df sich ungl\u00fccklicherweise t\u00e4uschen und \u00fcberwies etwas mehr als 17.000 Euro auf ein Konto der unbekannten T\u00e4terschaft. <\/p>\n\n\n\n<h4 class=\"wp-block-heading\">Tipps der Polizei<\/h4>\n\n\n\n<ul>\n<li><strong>Lassen Sie grunds\u00e4tzlich keine Unbekannten in Ihre Wohnung.<\/strong><\/li>\n\n\n\n<li><strong>Fordern Sie von angeblichen Amtspersonen, zum Beispiel Polizisten, den Dienstausweis.<\/strong><\/li>\n\n\n\n<li><strong>Rufen Sie beim geringsten Zweifel bei der Beh\u00f6rde an, von der die angebliche Amtsperson kommt. Suchen Sie die Telefonnummer der Beh\u00f6rde selbst heraus oder lassen Sie sich diese durch die Telefonauskunft geben. Wichtig: Lassen Sie den Besucher w\u00e4hrenddessen vor der abgesperrten T\u00fcr warten.<\/strong><\/li>\n\n\n\n<li><strong>Die Polizei wird Sie niemals um Geldbetr\u00e4ge bitten.<\/strong><\/li>\n\n\n\n<li><strong>Geben Sie am Telefon keine Details zu Ihren finanziellen Verh\u00e4ltnissen preis.<\/strong><\/li>\n\n\n\n<li><strong>Lassen Sie sich am Telefon nicht unter Druck setzen. Legen Sie einfach auf.<\/strong><\/li>\n\n\n\n<li><strong>\u00dcbergeben Sie niemals Geld an unbekannte Personen.<\/strong><\/li>\n<\/ul>\n\n\n\n<p>Mehr Informationen erhalten Sie auf&nbsp;<a target=\"_blank\" rel=\"noreferrer noopener\" href=\"https:\/\/www.polizei-beratung.de\/themen-und-tipps\/betrug\/betrug-durch-falsche-polizisten\/\">https:\/\/www.polizei-beratung.de\/themen-und-tipps\/betrug\/betrug-durch-falsche-polizisten\/<\/a><\/p>\n\n\n\n<h2 class=\"wp-block-heading\">(Schifferstadt) &#8211; Bei Kontrolle Marihuana gefunden<\/h2>\n\n\n\n<p>Im Rahmen einer Kontrollstelle konnten Beamte der Polizeiinspektion Schifferstadt am Donnerstagabend in der Speyerer Stra\u00dfe mehrere Verst\u00f6\u00dfe feststellen. W\u00e4hrend der Kontrolle konnten zudem in einem geparkten Pkw zwei Personen festgestellt werden, die nach eigenen Angaben kurz zuvor Cannabis konsumiert h\u00e4tten. Zur Verhinderung einer Weiterfahrt mit dem Pkw wurde bei einem 29-j\u00e4hrigen aus Ludwigshafen der Fahrzeugschl\u00fcssel sichergestellt. Bei der 26-j\u00e4hrigen Begleiterin des Mannes wurden zudem geringe Mengen Marihuana aufgefunden. Sie erwartet nun ein Verfahren wegen Versto\u00df gegen das Bet\u00e4ubungsmittelgesetz.<\/p>\n\n\n\n<h2 class=\"wp-block-heading\">(Schifferstadt) &#8211; Opfer eines Betruges&#8230;<\/h2>\n\n\n<div class=\"wp-block-image\">\n<figure class=\"aligncenter size-full\"><img decoding=\"async\" loading=\"lazy\" width=\"801\" height=\"600\" src=\"https:\/\/speyer24news.com\/wp-content\/uploads\/2020\/05\/Zeugen-gesucht-Neutral.jpg\" alt=\"\" class=\"wp-image-26598\" srcset=\"https:\/\/speyer24news.com\/wp-content\/uploads\/2020\/05\/Zeugen-gesucht-Neutral.jpg 801w, https:\/\/speyer24news.com\/wp-content\/uploads\/2020\/05\/Zeugen-gesucht-Neutral-300x225.jpg 300w, https:\/\/speyer24news.com\/wp-content\/uploads\/2020\/05\/Zeugen-gesucht-Neutral-768x575.jpg 768w, https:\/\/speyer24news.com\/wp-content\/uploads\/2020\/05\/Zeugen-gesucht-Neutral-678x509.jpg 678w, https:\/\/speyer24news.com\/wp-content\/uploads\/2020\/05\/Zeugen-gesucht-Neutral-326x245.jpg 326w, https:\/\/speyer24news.com\/wp-content\/uploads\/2020\/05\/Zeugen-gesucht-Neutral-80x60.jpg 80w\" sizes=\"(max-width: 801px) 100vw, 801px\" \/><\/figure><\/div>\n\n\n<p>&#8230;wurde am Donnerstagabend eine 58-j\u00e4hrige Frau aus Limburgerhof. Diese wurde in ihrer Arbeitsst\u00e4tte in der Kirchenstra\u00dfe von einer circa 20-j\u00e4hrigen Frau aufgesucht und nach Batterien und Reinigungsmittel befragt. Beim Bezahlvorgang wollte die junge T\u00e4terin \u00fcber den Kaufpreis verhandeln und legte einen 200-Euro-Schein zur Bezahlung vor. Letztlich wollte die unbekannte Frau die Ware doch nicht kaufen, sodass die Gesch\u00e4digte den 200-Euro-Schein wieder zur\u00fcckgab und das auf der Theke liegende Wechselgeld wieder in die Kasse gab. Hierbei fiel ihr dann auf, dass 80 Euro fehlten. Zu diesem Zeitpunkt hatte die T\u00e4terin das Gesch\u00e4ft bereits verlassen. <\/p>\n\n\n\n<h4 class=\"wp-block-heading\">Die junge Dame kann wie folgt beschrieben werden: <\/h4>\n\n\n\n<ul>\n<li><strong>ca. 20 Jahre alt<\/strong><\/li>\n\n\n\n<li><strong>160 &#8211; 170 cm gro\u00df<\/strong><\/li>\n\n\n\n<li><strong>schmale Statur<\/strong><\/li>\n\n\n\n<li><strong>dunkler Hautteint<\/strong><\/li>\n\n\n\n<li><strong>dunkle Augen<\/strong><\/li>\n\n\n\n<li><strong>trug ein Kopftuch<\/strong><\/li>\n\n\n\n<li><strong>vermutlich schwarze Haare<\/strong><\/li>\n\n\n\n<li><strong>trug einen wei\u00df-gelb-gemusterten Schal<\/strong><\/li>\n\n\n\n<li><strong>sprach gebrochen englisch<\/strong><\/li>\n<\/ul>\n\n\n\n<ul>\n<li><strong>Hinweise bitte unter der Telefonnummer 06235 \/ 495-0 oder per E-Mail (<a href=\"mailto:pischifferstadt@polizei.rlp.de\">pischifferstadt@polizei.rlp.de<\/a>) an die Polizeiinspektion in Schifferstadt.<\/strong><\/li>\n<\/ul>\n\n\n\n<h2 class=\"wp-block-heading\">(A 61 \/ Schifferstadt) &#8211; Drogenfund bei Verkehrskontrolle<\/h2>\n\n\n<div class=\"wp-block-image\">\n<figure class=\"aligncenter size-full\"><img decoding=\"async\" loading=\"lazy\" width=\"800\" height=\"533\" src=\"https:\/\/speyer24news.com\/wp-content\/uploads\/2020\/06\/Zelle.jpg\" alt=\"\" class=\"wp-image-28203\" srcset=\"https:\/\/speyer24news.com\/wp-content\/uploads\/2020\/06\/Zelle.jpg 800w, https:\/\/speyer24news.com\/wp-content\/uploads\/2020\/06\/Zelle-300x200.jpg 300w, https:\/\/speyer24news.com\/wp-content\/uploads\/2020\/06\/Zelle-768x512.jpg 768w\" sizes=\"(max-width: 800px) 100vw, 800px\" \/><figcaption class=\"wp-element-caption\">Beispielbild Zelle \/ Verhaftung, dient lediglich der Visualisierung<\/figcaption><\/figure><\/div>\n\n\n<p>Am Donnerstagnachmittag (23.02.2023), gegen 16:20 Uhr, kontrollierten Polizeibeamte der Zentralen Verkehrsdienste einen 50-j\u00e4hrigen Autofahrer auf dem Parkplatz Birkenschlag (BAB 61). Bei der Kontrolle konnten die Polizeikr\u00e4fte rund 1,5 kg Heroin und eine Schlagwaffe im Auto des Mannes sicherstellen. Der Fahrer wurde vorl\u00e4ufig festgenommen und am Freitag (24.02.2023) dem Haftrichter vorgef\u00fchrt. Dieser erlie\u00df auf Antrag der Staatsanwaltschaft Frankenthal Untersuchungshaftbefehl wegen des dringenden Verdachts der unerlaubten Einfuhr von Bet\u00e4ubungsmitteln in nicht geringer Menge und des unerlaubten Handeltreibens mit Bet\u00e4ubungsmitteln in nicht geringer Menge unter Mitf\u00fchrung einer Waffe. Der Tatverd\u00e4chtige kam anschlie\u00dfend in eine Justizvollzugsanstalt.<\/p>\n\n\n\n<h2 class=\"wp-block-heading\">(Schifferstadt) &#8211; Suche nach Unfallbeteiligtem<\/h2>\n\n\n\n<p>Beim Vorbeifahren an einem geparkten Fahrzeug streifte ein Verkehrsteilnehmer am Donnerstagmorgen einen in der Mutterstadter Stra\u00dfe geparkten Pkw. Hierdurch wurde der rechte Au\u00dfenspiegel der Verursacherin aus Schifferstadt besch\u00e4digt. Die Verursacherin konnte das besagte Fahrzeug, an dem die h\u00e4ngen blieb, nicht benennen, auch die eingesetzten Polizeibeamten konnten kein Fahrzeug mit einem korrelierenden Schaden am linken Au\u00dfenspiegel feststellen. Wer sein Fahrzeug gegen 08:40 Uhr im Bereich der Mutterstadter Stra\u00dfe, Hausnummer 40 geparkt hatte, und nun einen frischen Unfallschaden am linken Au\u00dfenspiegel aufzeigen kann wird gebeten, sich unter der Telefonnummer 06235 \/ 495-0 oder per E-Mail (<a href=\"mailto:pischifferstadt@polizei.rlp.de\">pischifferstadt@polizei.rlp.de<\/a>) bei der Polizeiinspektion in Schifferstadt zu melden.<\/p>\n\n\n\n<h2 class=\"wp-block-heading\">(Meckenheim \/ Hochdorf-Assenheim) &#8211; Pkw \u00fcberschl\u00e4gt sich <a href=\"https:\/\/www.facebook.com\/sharer.php?u=https%3A%2F%2Fwww.presseportal.de%2Fblaulicht%2Fpm%2F117688%2F5449779%2F%3Futm_source%3Dfacebook%26utm_medium%3Dsocial\"><\/a><a href=\"https:\/\/twitter.com\/intent\/tweet?text=POL-PDLU%3A%20Pkw%20%C3%BCberschl%C3%A4gt%20sich%20zwischen%20Meckenheim%20und%20Hochdorf-Assenheim&amp;url=https%3A%2F%2Fwww.presseportal.de%2Fblaulicht%2Fpm%2F117688%2F5449779%2F%3Futm_source%3Dtwitter%26utm_medium%3Dsocial&amp;hashtags=ots&amp;lang=de\"><\/a><a href=\"https:\/\/web.whatsapp.com\/send?text=POL-PDLU%3A%20Pkw%20%C3%BCberschl%C3%A4gt%20sich%20zwischen%20Meckenheim%20und%20Hochdorf-Assenheim%0A%0Ahttps%3A%2F%2Fwww.presseportal.de%2Fblaulicht%2Fpm%2F117688%2F5449779%2F%3Futm_source%3Dwhatsapp%26utm_medium%3Dsocial\"><\/a><a href=\"https:\/\/www.xing.com\/app\/user?op=share;url=https%3A%2F%2Fwww.presseportal.de%2Fblaulicht%2Fpm%2F117688%2F5449779%2F%3Futm_source%3Dxing%26utm_medium%3Dsocial\"><\/a><a href=\"http:\/\/www.linkedin.com\/shareArticle?mini=true&amp;url=https%3A%2F%2Fwww.presseportal.de%2Fblaulicht%2Fpm%2F117688%2F5449779%2F%3Futm_source%3Dlinkedin%26utm_medium%3Dsocial&amp;title=POL-PDLU%3A+Pkw+%C3%BCberschl%C3%A4gt+sich+zwischen+Meckenheim+und+Hochdorf-Assenheim\"><\/a><a href=\"mailto:?subject=POL-PDLU%3A%20Pkw%20%C3%BCberschl%C3%A4gt%20sich%20zwischen%20Meckenheim%20und%20Hochdorf-Assenheim&amp;body=https:\/\/www.presseportal.de\/blaulicht\/pm\/117688\/5449779\"><\/a><\/h2>\n\n\n\n<p>Am fr\u00fchen Freitagabend (24.02.2023, gegen 18:45 Uhr) gingen bei der Polizei mehrere Mitteilungen \u00fcber einen schweren Verkehrsunfall auf der Landstra\u00dfe L 530 zwischen Meckenheim und Hochdorf-Assenheim ein. Die vor Ort eintreffenden Rettungskr\u00e4fte von Rettungsdienst, Feuerwehr und Polizei stellten im angrenzenden Feld einen verunfallten VW Golf III fest, der sich offensichtlich mehrfach \u00fcberschlagen hatte. Die beiden Insassen, eine 23-j\u00e4hrige Frau und ein 23-j\u00e4hriger Mann, waren im Fahrzeugwrack eingeklemmt und mussten mit technischem Ger\u00e4t von der Feuerwehr befreit werden; sie wurden beide nach der Bergung in ein Krankenhaus verbracht. \u00dcber die Schwere der Verletzungen kann noch keine Aussage getroffen werden. Der Pkw wurde totalbesch\u00e4digt. Ersten Ermittlungen zufolge war der Golf von Meckenheim in Richtung Hochdorf-Assenheim unterwegs, als er aus bislang ungekl\u00e4rter Ursache von der Fahrbahn abkam. Es wird derzeit von einem Alleinunfall ausgegangen. Gegen die junge Frau wird als vermeintliche Fahrerin des Pkw ermittelt &#8211; bei ihr wurde au\u00dferdem im Laufe der Unfallaufnahme Atemalkohol festgestellt, eine Blutprobe entnommen und der F\u00fchrerschein beschlagnahmt.<\/p>\n\n\n\n<h2 class=\"wp-block-heading\">(Landau) &#8211; Versuchtes T\u00f6tungsdelikt \/ Tatverd\u00e4chtiger in Untersuchungshaft<\/h2>\n\n\n\n<h3 class=\"wp-block-heading\">Gemeinsame Pressemitteilung der Staatsanwaltschaft Landau\/Pfalz und des Polizeipr\u00e4sidiums Rheinpfalz<\/h3>\n\n\n<div class=\"wp-block-image\">\n<figure class=\"aligncenter size-full\"><img decoding=\"async\" loading=\"lazy\" width=\"800\" height=\"600\" src=\"https:\/\/speyer24news.com\/wp-content\/uploads\/2019\/06\/Ausn\u00fcchterungszelle.jpg\" alt=\"\" class=\"wp-image-15212\" srcset=\"https:\/\/speyer24news.com\/wp-content\/uploads\/2019\/06\/Ausn\u00fcchterungszelle.jpg 800w, https:\/\/speyer24news.com\/wp-content\/uploads\/2019\/06\/Ausn\u00fcchterungszelle-300x225.jpg 300w, https:\/\/speyer24news.com\/wp-content\/uploads\/2019\/06\/Ausn\u00fcchterungszelle-768x576.jpg 768w, https:\/\/speyer24news.com\/wp-content\/uploads\/2019\/06\/Ausn\u00fcchterungszelle-678x509.jpg 678w, https:\/\/speyer24news.com\/wp-content\/uploads\/2019\/06\/Ausn\u00fcchterungszelle-326x245.jpg 326w, https:\/\/speyer24news.com\/wp-content\/uploads\/2019\/06\/Ausn\u00fcchterungszelle-80x60.jpg 80w\" sizes=\"(max-width: 800px) 100vw, 800px\" \/><figcaption class=\"wp-element-caption\">Beispielbild Zelle \/ Verhaftung, dient lediglich der Visualisierung<\/figcaption><\/figure><\/div>\n\n\n<p>Am 23.02.2023, gegen 20:45 Uhr, griff ein 48-J\u00e4hriger einen 44-J\u00e4hrigen in einer Wohnung in Landau mit einem Hammer an. Der 44-J\u00e4hrige war bei dem 48-J\u00e4hrigen zu Besuch. Sie gerieten in Streit und der 48-J\u00e4hrige schlug den 44-J\u00e4hrigen mehrfach mit einem Hammer unter anderem auf den Kopf. Der 44-J\u00e4hrige wurde schwer, aber nicht lebensgef\u00e4hrlich, verletzt. Er wurde durch den Rettungsdienst in ein Krankenhaus eingeliefert.<\/p>\n\n\n\n<p>Der 48-j\u00e4hrige Angreifer wurde durch Polizeikr\u00e4fte vorl\u00e4ufig festgenommen. Er wurde heute dem Ermittlungsrichter vorgef\u00fchrt. Dieser erlie\u00df auf Antrag der Staatsanwaltschaft Landau Untersuchungshaftbefehl wegen des dringenden Verdachts des versuchten Totschlags und der gef\u00e4hrlichen K\u00f6rperverletzung.<\/p>\n\n\n\n<p>Der Tatverd\u00e4chtige wurde im Anschluss in eine Justizvollzugsanstalt gebracht.<\/p>\n\n\n\n<h2 class=\"wp-block-heading\">(Gro\u00dffischlingen) &#8211; Von der Stra\u00dfe abgekommen<\/h2>\n\n\n<div class=\"wp-block-image\">\n<figure class=\"aligncenter size-full\"><img decoding=\"async\" loading=\"lazy\" width=\"800\" height=\"597\" src=\"https:\/\/speyer24news.com\/wp-content\/uploads\/2023\/02\/VUL542.jpg\" alt=\"\" class=\"wp-image-51335\" srcset=\"https:\/\/speyer24news.com\/wp-content\/uploads\/2023\/02\/VUL542.jpg 800w, https:\/\/speyer24news.com\/wp-content\/uploads\/2023\/02\/VUL542-300x224.jpg 300w, https:\/\/speyer24news.com\/wp-content\/uploads\/2023\/02\/VUL542-768x573.jpg 768w, https:\/\/speyer24news.com\/wp-content\/uploads\/2023\/02\/VUL542-80x60.jpg 80w\" sizes=\"(max-width: 800px) 100vw, 800px\" \/><\/figure><\/div>\n\n\n<p>Eine 25 Jahre alte Autofahrerin wich Freitagmorgen (24.02.2023, 06.10 Uhr) auf der L 542 zwischen Gro\u00dffischlingen und Essingen einem Wildtier aus, verlor dabei die Kontrolle \u00fcber ihr Fahrzeug und kam nach links von der Fahrbahn ab. Im angrenzenden Kaltenbach kam ihr Fahrzeug zum Stehen. Mit Verletzungen wurde sie in ein Krankenhaus gebracht. An ihrem Opel Corsa entstand wirtschaftlicher Totalschaden. Durch die Feuerwehr und Abschleppdienst konnte das Auto aus dem Kaltenbach geborgen werden. Die Polizei appelliert: Bei pl\u00f6tzlichem Wildwechsel sollte kein Ausweichman\u00f6ver in den Gegenverkehr vollzogen werden, um die Gef\u00e4hrdung anderer Verkehrsteilnehmer auszuschlie\u00dfen. Trotz des Schockmoments sollte stark abgebremst und die Fahrspur gehalten werden.<\/p>\n\n\n\n<h2 class=\"wp-block-heading\">(Edenkoben) &#8211; Vorsicht beim Anruf aus Baden-Baden<\/h2>\n\n\n\n<p>Donnerstagmittag (23.02.2023, 15.30 Uhr) erhielt ein 70 Jahre alter Mann von seiner vermeintlichen Tochter einen Anruf aus Baden-Baden, weil sie dort einen schweren Verkehrsunfall verursacht h\u00e4tte. Um wieder auf freien Fu\u00df zu gelangen, w\u00fcrde die Polizei eine Kaution von mehreren tausend Euro verlangen. Der Angerufene reagierte richtig. Er beendete umgehend das Telefonat und erstattete Strafanzeige. Mit einem &#8222;Schockanruf&#8220; wollen Betr\u00fcger das Vertrauen der Opfer mit erfundenen Geschichten erschleichen und sie unter Duck setzen. Kriminelle, die sich als Polizeibeamte tarnen, wollen erreichen, dass die Angerufenen Bargeld, Schmuck oder andere Wertgegenst\u00e4nde herausgeben. Egal ob Geldforderungen, Datenweitergabe oder sonstige Informationsherausgabe &#8211; bevor Sie sich auf irgendwelche Forderungen von Unbekannten einlassen: Pr\u00fcfen Sie unbedingt, mit wem Sie es zu tun haben, und ob Ihr Gegen\u00fcber auch tats\u00e4chlich der ist, f\u00fcr den er sich ausgibt! Lieber einmal mehr nachfragen, als einmal zu viel bezahlen! Es geht schlie\u00dflich um Ihr Geld! Sch\u00fctzen Sie es!<\/p>\n\n\n\n<h2 class=\"wp-block-heading\">(Neustadt) &#8211; Fahrt ohne F\u00fchrerschein endet in der JVA<\/h2>\n\n\n<div class=\"wp-block-image\">\n<figure class=\"aligncenter size-full\"><img decoding=\"async\" loading=\"lazy\" width=\"800\" height=\"533\" src=\"https:\/\/speyer24news.com\/wp-content\/uploads\/2020\/06\/Zelle.jpg\" alt=\"\" class=\"wp-image-28203\" srcset=\"https:\/\/speyer24news.com\/wp-content\/uploads\/2020\/06\/Zelle.jpg 800w, https:\/\/speyer24news.com\/wp-content\/uploads\/2020\/06\/Zelle-300x200.jpg 300w, https:\/\/speyer24news.com\/wp-content\/uploads\/2020\/06\/Zelle-768x512.jpg 768w\" sizes=\"(max-width: 800px) 100vw, 800px\" \/><figcaption class=\"wp-element-caption\">Beispielbild Zelle \/ Verhaftung, dient lediglich der Visualisierung<\/figcaption><\/figure><\/div>\n\n\n<p>Am 23.02.2023 um 20:50 Uhr wurde ein 33-J\u00e4hriger aus dem Rhein-Pfalz-Kreis in der Branchweilerhofstra\u00dfe in 67433 Neustadt\/W. mit seinem Mercedes-Benz einer anlassunabh\u00e4ngigen Verkehrskontrolle unterzogen. Hierbei konnte festgestellt werden, dass der Fahrer nicht im Besitz eines F\u00fchrerscheines ist. Ferner bestand gegen diesen zwei offene Haftbefehle. Da dieser die offene Geldstrafe nicht begleichen konnte wurde er in die JVA verbracht. Der Mercedes-Fahrer muss sich nun in einem Strafverfahren wegen des Fahrens ohne Fahrerlaubnis verantworten. Des Weiteren muss sich der Halter des PKW&#8217;s ebenfalls strafrechtlich verantworten, da dieser das Fahrzeug dem 33-J\u00e4hrigen zur Nutzung \u00fcberlie\u00df.<\/p>\n\n\n\n<h2 class=\"wp-block-heading\">(Neustadt) &#8211; Unachtsamkeit beim Aussteigen f\u00fchrt zu Verkehrsunfall<\/h2>\n\n\n\n<p>Am 23.02.2023 um 18:05 Uhr stieg eine 30-J\u00e4hrige aus Neustadt\/W. aus einem haltenden PKW in der Karl-Helfferich-Stra\u00dfe in 67433 Neustadt\/W. auf der Beifahrerseite aus und \u00fcbersah hierbei einen vorbeifahrenden 46-j\u00e4hrigen Pedelec-Fahrer. Dieser st\u00fcrzte durch den Zusammensto\u00df zu Boden und erlitt dadurch Verletzungen am Handgelenk. Hiernach wurde dieser zur weiteren Abkl\u00e4rung und Behandlung in ein nahegelegenes Krankenhaus verbracht. An dem Pedelec entstand ein Sachschaden in H\u00f6he von 500 Euro.<\/p>\n\n\n\n<h2 class=\"wp-block-heading\">(Neustadt) &#8211; Zeugenaufruf nach Diebstahl aus PKW<\/h2>\n\n\n\n<p>Am 23.02.2023 um 09:20 Uhr schlug ein bislang unbekannter m\u00e4nnlicher T\u00e4ter die Seitenscheibe eines geparkten PKW&#8217;s auf dem Bayernplatz in 67433 Neustadt\/W. ein und entwendete eine Handtasche. Die Besitzerin der Handtasche konnte die Tat beobachten und informierte umgehend die Polizeidienststelle. Eine unmittelbar durchgef\u00fchrte Fahndung f\u00fchrte nicht zur Ergreifung des mit einem Cityroller fl\u00fcchtenden T\u00e4ters. Die Handtasche der Dame konnte circa zwei Stunden sp\u00e4ter durch eine Passantin im Stadtgebiet aufgefunden werden. Ob etwas hieraus letztlich entwendet wurde, ist Gegenstand der laufenden Ermittlungen.<\/p>\n\n\n\n<h4 class=\"wp-block-heading\">Der m\u00e4nnliche T\u00e4ter wird wie folgt beschrieben:<\/h4>\n\n\n\n<ul>\n<li><strong>ca. 25 Jahre alt<\/strong><\/li>\n\n\n\n<li><strong>ca. 175-180 cm gro\u00df<\/strong><\/li>\n\n\n\n<li><strong>bekleidet mit schwarzer Hose, schwarzer Jacke<\/strong><\/li>\n\n\n\n<li><strong>helle Haare<\/strong><\/li>\n<\/ul>\n\n\n\n<p>Die Polizei Neustadt\/W. bittet Personen, welche Hinweise zur Aufkl\u00e4rung der Tat geben k\u00f6nnen, sich mit dieser unter Tel. 006321\/854-0 oder per Mail an&nbsp;<a href=\"mailto:pineustadt@polizei.rlp.de\">pineustadt@polizei.rlp.de<\/a>&nbsp;in Verbindung zu setzen.<\/p>\n\n\n\n<h2 class=\"wp-block-heading\">(Bad D\u00fcrkheim) &#8211; Unter Drogeneinfluss am Stra\u00dfenverkehr teilgenommen<\/h2>\n\n\n\n<p>Am Freitagmorgen gegen 1.30 Uhr wurde ein 49 &#8211; j\u00e4hriger Autofahrer im Bereich der Weinstra\u00dfe Nord einer Verkehrskontrolle unterzogen. Im Rahmen der Kontrolle stellten die Beamten fest, dass der Fahrer unter dem Einfluss von Drogen stand. Zudem war er nicht mehr im Besitz einer Fahrerlaubnis. Dem Mann wurde bei der Dienststelle eine Blutprobe genommen. Ein Ermittlungsverfahren u.a. wegen Versto\u00df gegen das Bet\u00e4ubungsmittelgesetz sowie Fahren ohne Fahrerlaubnis wurde eingeleitet.<\/p>\n\n\n\n<h2 class=\"wp-block-heading\">(Gr\u00fcnstadt) &#8211; PKW unter Kokain-Einfluss gef\u00fchrt<\/h2>\n\n\n\n<p>Am 24.02.23 gegen 10:45 Uhr wurde am Luitpoldplatz in Gr\u00fcnstadt ein Seat kontrolliert, welcher von einem 22-J\u00e4hrigen aus dem Donnersbergkreis gef\u00fchrt wurde. Bei der \u00dcberpr\u00fcfung der Fahrt\u00fcchtigkeit des Fahrzeugf\u00fchrers wurden durch die Beamten drogentypische Auff\u00e4lligkeiten bemerkt. Ein anschlie\u00dfend durchgef\u00fchrter Drogenvortest best\u00e4tigte den Verdacht und schlug auf Kokain an. Dem 22-J\u00e4hrigen wurde in der Folge eine Blutprobe auf der Dienststelle entnommen und es erwartet ihn ein Ordnungswidrigkeitenverfahren.<\/p>\n\n\n\n<h2 class=\"wp-block-heading\">(Ludwigshafen) &#8211; Einbruch in Waschanlage<\/h2>\n\n\n\n<p>Unbekannten gelang es in der Nacht auf Freitag (24.02.2023, gegen 3 Uhr), sich Zutritt zu einer Waschanlage in der Bruchwiesenstra\u00dfe zu verschaffen. Innerhalb der Anlage gingen die Unbekannten einen B\u00fcrocontainer an und \u00f6ffneten diesen gewaltsam. Im Innern des Containers versuchten sie einen Tresor zu \u00f6ffnen, dies gelang ihnen jedoch nicht. Die H\u00f6he des entstandenen Sachschadens wird derzeit ermittelt.<\/p>\n\n\n\n<p>Sachdienliche Hinweise bitte an die Polizeiinspektion Ludwigshafen 1, Telefonnummer 0621 963-2122 oder per E-Mail&nbsp;<a href=\"mailto:piludwigshafen1@polizei.rlp.de\">piludwigshafen1@polizei.rlp.de<\/a>&nbsp;.<\/p>\n\n\n\n<h2 class=\"wp-block-heading\">(A 650 \/ Ludwigshafen) &#8211; Auffahrunfall<\/h2>\n\n\n\n<p>Zu einem Auffahrunfall kam es am 23.02.2023, 17:15 Uhr. Zwei Autofahrer hatten die A650 an der Ausfahrt Ludwigshafen-Oggersheim verlassen und wollten nun auf die K3 abbiegen. Es kam zum Zusammensto\u00df, durch den der 52-j\u00e4hrige Fahrer des vorderen Autos leicht verletzt wurde. An beiden Fahrzeugen entstand ein gesch\u00e4tzter Sachschaden von insgesamt 1300 Euro.<\/p>\n\n\n\n<h2 class=\"wp-block-heading\">(Ludwigshafen) &#8211; Verkehrsunfallflucht<\/h2>\n\n\n\n<p>Am 23.02.2023, 17:15 Uhr, kam es an der Kreuzung Wredestra\u00dfe\/Bismarckstra\u00dfe zu einem Autounfall, das meldet eine 29-J\u00e4hrige. Sie sei im Ampelbereich mit einer bislang unbekannten Autofahrerin kollidiert, welche trotz roter Lichtanzeige ebenfalls in den Ampelbereich eingefahren sei. Im Anschluss sei die Frau weggefahren ohne ihrer Pflicht als Verkehrsunfallbeteiligte nachzukommen. Am Fahrzeug der 29-J\u00e4hrigen entstand ein Sachschaden von etwa 3.000 Euro. Auch am Auto der unbekannten Frau, bei dem es sich um einen 4er-Golf handeln soll, d\u00fcrfte es zu einem Sachschaden gekommen sein.<\/p>\n\n\n\n<ul>\n<li><strong>Sie haben den Unfall beobachtet und k\u00f6nnen Hinweise zur unbekannten Fahrerin geben? Sachdienliche Hinweise bitte an die Polizeiinspektion Ludwigshafen 1, Telefonnummer 0621 963-2122 oder per E-Mail&nbsp;<a href=\"mailto:piludwigshafen1@polizei.rlp.de\">piludwigshafen1@polizei.rlp.de<\/a>&nbsp;.<\/strong><\/li>\n<\/ul>\n\n\n\n<h2 class=\"wp-block-heading\">(Ludwigshafen) &#8211; Sachbesch\u00e4digung an Fahrzeugen<\/h2>\n\n\n\n<p>In der Berliner Stra\u00dfe wurden am 23.02.2023 zwei Fahrzeuge besch\u00e4digt.<\/p>\n\n\n\n<p>Bei einem Quad wurden zwei Reifen zerstochen. Der Sachschaden wird auf 300 Euro gesch\u00e4tzt. Bei einem Auto wurde die Windschutzscheibe zerst\u00f6rt. Hier d\u00fcrfte sich der Sachschaden auf etwa 500 Euro belaufen.<\/p>\n\n\n\n<p>Ob es einen Zusammenhang zwischen den Taten und\/oder mit mehreren Sachbesch\u00e4digungen an Fahrzeugen der Stadtverwaltung gibt, wird derzeit ermittelt.<\/p>\n\n\n\n<p>Sachdienliche Hinweise bitte an die Polizeiinspektion Ludwigshafen 1, Telefonnummer 0621 963-2122 oder per E-Mail&nbsp;<a href=\"mailto:piludwigshafen1@polizei.rlp.de\">piludwigshafen1@polizei.rlp.de<\/a>&nbsp;.<\/p>\n\n\n\n<h2 class=\"wp-block-heading\">(Ludwigshafen) &#8211; Verkehrsunfallflucht in Rohrlachstra\u00dfe<\/h2>\n\n\n\n<p>An einer Ampel im Kreuzungsbereich Rohrlachstra\u00dfe\/ B\u00fcrgermeister-Gr\u00fcnzweig-Stra\u00dfe kam es am 23.02.2023, gegen 8 Uhr, zu einem Auffahrunfall zwischen zwei Autos, nachdem ein bislang unbekannter E-Roller-Fahrer bei Rot \u00fcber die Ampel gefahren sei. Das meldeten die beteiligten Autofahrenden. Beide gaben an, sie h\u00e4tten \u00fcber die gr\u00fcne Ampel nach links abbiegen wollen, als der Roller-Fahrer die Stra\u00dfe gekreuzt habe. Man habe daraufhin stark bremsen m\u00fcssen und es sei zum Auffahrunfall gekommen.<\/p>\n\n\n\n<p>Der E-Roller-Fahrer fuhr weiter und kam seiner Pflicht als Verkehrsunfallbeteiligter nicht nach. <\/p>\n\n\n\n<h4 class=\"wp-block-heading\">Der Mann wurde wie folgt beschrieben: <\/h4>\n\n\n\n<ul>\n<li><strong>zwischen 40 und 50 Jahre alt<\/strong><\/li>\n\n\n\n<li><strong>Glatze <\/strong><\/li>\n\n\n\n<li><strong>Drei-Tage-Bart<\/strong><\/li>\n\n\n\n<li><strong>Er habe dunkle Kleidung getragen.<\/strong><\/li>\n<\/ul>\n\n\n\n<p>Wir bitten Personen, die den Unfall beobachtet haben und etwas zum E-Roller-Fahrer sagen k\u00f6nnen, sich zu melden.<\/p>\n\n\n\n<p>Sachdienliche Hinweise bitte an die Polizeiinspektion Ludwigshafen 2, Telefonnummer 0621 963-2222 oder per E-Mail&nbsp;<a href=\"mailto:piludwigshafen2@polizei.rlp.de\">piludwigshafen2@polizei.rlp.de<\/a><\/p>\n\n\n\n<h2 class=\"wp-block-heading\">(Ludwigshafen) &#8211; Rollerfahrer und Sozius leicht verletzt<\/h2>\n\n\n\n<p>Ein 17-j\u00e4hriger Rollerfahrer und sein Sozius wurden am 23.02.2023, gegen 07:40 Uhr, leicht verletzt. Es war in der Christian-Wei\u00df-Stra\u00dfe zum Zusammensto\u00df mit einem Auto gekommen, als dessen Fahrer wendete, um in Richtung Bruchwiesenstra\u00dfe zu fahren. Der 17-J\u00e4hrige sah das Wendeman\u00f6ver zu sp\u00e4t und fuhr in die linke Fondt\u00fcr des Autos. Er und sein Sozius fielen durch den Zusammensto\u00df zu Boden. Der Sachschaden wird derzeit auf etwa 1.000 Euro gesch\u00e4tzt.<\/p>\n\n\n\n<h2 class=\"wp-block-heading\">(Ludwigshafen) &#8211; Fiese Masche &#8222;WhatsApp-Betrug&#8220;<\/h2>\n\n\n\n<p>Telefonbetrug hat viele Gesichter. Die T\u00e4ter rufen dabei nicht mehr nur an. Seit geraumer Zeit nutzen sie auch die M\u00f6glichkeit per SMS Kontakt zu ihren Opfern aufzunehmen. Erst gestern kam es erneut zu zwei Betrugsversuchen dieser Masche in Ludwigshafen. Beide Male lie\u00dfen sich die Empf\u00e4nger der Betrugs-SMS jedoch nicht t\u00e4uschen und reagierten vorbildlich.<\/p>\n\n\n\n<p>Die Masche ist immer \u00e4hnlich. Die T\u00e4ter geben sich als Verwandte oder Bekannte aus und behaupten, dass die angezeigte Rufnummer die neue Erreichbarkeit sei. Im Anschluss wird um die \u00dcberweisung von Geldbetr\u00e4gen gebeten, da man sich in einer Notlage befinde oder aktuell selbst keine \u00dcberweisungen vornehmen k\u00f6nne. So oder so \u00e4hnlich lauten die Textnachrichten der Betr\u00fcger: &#8222;Hallo Mama, mein Handy ist kaputt. Hier meine neue Nummer. Die alte Nummer kannst du l\u00f6schen.&#8220; &#8222;Ich muss heute noch Rechnungen \u00fcberweisen, komm aber nicht an meine Daten. Kannst du das f\u00fcr mich \u00fcbernehmen? Morgen kriegst du das Geld zur\u00fcck.&#8220; Doch das Geld, meist einige tausend Euro, landet auf einem Konto der Betr\u00fcger. Der Betrug f\u00e4llt oft erst nach einer \u00dcberweisung auf, wenn die echten Bekannten oder Verwandten angerufen werden oder sich selbst bei dem Opfer melden. <\/p>\n\n\n\n<h4 class=\"wp-block-heading\">Die Polizei r\u00e4t:<\/h4>\n\n\n\n<ul>\n<li><strong>Halten Sie in allen F\u00e4llen telefonische R\u00fccksprache zu Ihren Angeh\u00f6rigen oder kontaktieren Sie diese unter der &#8222;alten&#8220; Nummer. Sollten Sie Zweifel an der Identit\u00e4t haben, kontaktieren Sie die Polizei. Diese wird \u00fcberpr\u00fcfen, ob ein strafbares Handeln vorliegt und gegebenenfalls ein Anzeigenverfahren einleiten.<\/strong><\/li>\n\n\n\n<li><strong>T\u00e4tigen Sie keine \u00dcberweisung nur aufgrund eines Chatverlaufs.<\/strong><\/li>\n\n\n\n<li><strong>Sollten Sie auf diese Masche hereingefallen sein, informieren Sie zun\u00e4chst Ihre Bank. Ggf. kann die \u00dcberweisung noch gestoppt werden. Bereits wenige Stunden k\u00f6nnten jedoch zu lang sein.<\/strong><\/li>\n\n\n\n<li><strong>Sichern Sie gegebenenfalls den Chatverlauf durch Screenshots, da die entsprechenden Nachrichten in der Regel im Nachgang durch die unbekannten T\u00e4ter gel\u00f6scht werden und geben Sie keine weiteren pers\u00f6nlichen Daten preis. Die Screenshots k\u00f6nnen wichtige Beweismittel in einem Strafverfahren sein. <\/strong><\/li>\n\n\n\n<li><strong>Weitere Informationen finden Sie unter\u00a0<a href=\"https:\/\/www.polizei-beratung.de\/startseite-und-aktionen\/aktuelles\/detailansicht\/sicher-im-messenger-dienst-schuetzen-sie-sich-und-ihre-kontakte-vor-betrug\/\" target=\"_blank\" rel=\"noreferrer noopener\">https:\/\/www.polizei-beratung.de\/startseite-und-aktionen\/aktuelles\/detailansicht\/sicher-im-messenger-dienst-schuetzen-sie-sich-und-ihre-kontakte-vor-betrug\/<\/a>.<\/strong><\/li>\n<\/ul>\n\n\n\n<h2 class=\"wp-block-heading\">(Mannheim) &#8211; Brand im M\u00fchlauhafen<\/h2>\n\n\n\n<p>Am Donnerstag kam es gegen 15.00 Uhr zu einem Brand im Bereich der Neckarspitze. Hierbei stieg eine gro\u00dfe Rauchwolke auf, die f\u00fcr Aufruhr sorgte. Aus bislang unbekannter Ursache gerieten zwei Gartenh\u00e4uschen in Brand und griffen auf die Fassade eines angrenzenden Mehrfamilienhauses \u00fcber. Verletzt wurde durch den Brand niemand. Die Feuerwehr brachte den Brand schnell unter Kontrolle und die Wohnungen k\u00f6nnen weiterhin bewohnt werden. Der entstandene Sachschaden ist bislang noch unbekannt.<\/p>\n\n\n\n<p>Die Ermittlungen zur Brandursache laufen aktuell noch und werden durch die Kriminalpolizei gef\u00fchrt.<\/p>\n\n\n\n<h2 class=\"wp-block-heading\">(Mannheim-Innenstadt) &#8211; Einbruch in Handyshop \/ Polizei sucht Zeugen!<\/h2>\n\n\n\n<p>Eingebrochen wurde in der Nacht von Donnerstag auf Freitag zwischen 19 Uhr und 04 Uhr in einen Handyshop im Quadrat Q3. Bislang unbekannter T\u00e4ter drang gewaltsam in das Innere des Ladengesch\u00e4fts ein und entwendeten ein Smartphone aus der Auslage. Anschlie\u00dfend fl\u00fcchtete der T\u00e4ter in unbekannte Richtung. Der Diebstahlschaden betr\u00e4gt rund 1.000 Euro, der Sachschaden rund 1.500 Euro.<\/p>\n\n\n\n<p>Zeugen, die sachdienliche Hinweise geben k\u00f6nnen, werden gebeten sich beim Polizeirevier Mannheim-Innenstadt, unter der Telefonnummer 0621-12580, zu melden.<\/p>\n\n\n\n<h2 class=\"wp-block-heading\">(Mannheim-Innenstadt) &#8211; Auto aufgebrochen und Handy gestohlen \/ Zeugen gesucht!<\/h2>\n\n\n\n<p>Am Donnerstagabend zwischen 19 und 23 Uhr schlug ein derzeit noch unbekannter T\u00e4ter die Scheibe eines im Quadrat F5 geparkten Autos ein und entwendete hieraus ein IPhone im Wert von mehr als 900 Euro. Hinweise auf den T\u00e4ter gibt es keine. Zeugen, die verd\u00e4chtige Wahrnehmungen gemacht haben, werden gebeten, sich unter der Telefonnummer 0621\/1258-0 beim Polizeirevier Mannheim-Innenstadt zu melden.<\/p>\n\n\n\n<h2 class=\"wp-block-heading\">(Mannheim-Seckenheim) &#8211; Hoher Sachschaden \/ Unfallverursacher fl\u00fcchtig<\/h2>\n\n\n\n<p>In der Nacht von Donnerstag auf Freitag wurde ein geparkter BMW in der Rohrlacherstra\u00dfe nicht unerheblich von einem bislang unbekannten Verursacher besch\u00e4digt. Der Unfallfl\u00fcchtige muss demnach im Zeitraum von 20 Uhr am Abend bis 10 Uhr am Freitag nach rechts von der Fahrbahn abgekommen und dabei mit dem geparkten BMW zusammengesto\u00dfen sein. Es entstand ein Sachschaden von mindestens 8.000 Euro. Das Polizeirevier Ladenburg hat die Ermittlungen aufgenommen und sucht in diesem Zusammenhang nach Zeugen. Diese werden gebeten, sich unter Tel.: 06203 93050 zu melden.<\/p>\n\n\n\n<h2 class=\"wp-block-heading\">(Heidelberg-Emmertsgrund) &#8211; Einbruch in Gemischtwarenladen \/ Zeugen gesucht!<\/h2>\n\n\n\n<p>In der Nacht von Mittwoch auf Donnerstag verschafften sich bislang unbekannte T\u00e4ter gewaltsam Zutritt zu einem Gemischtwarenladen im Forum 5 und entwendeten mehr als 1.500 Euro Bargeld. Die T\u00e4ter hebelten die Eingangst\u00fcr des Ladens auf und besch\u00e4digten diese hierdurch. Der Schaden an der T\u00fcr bel\u00e4uft sich auf mehrere hundert Euro. Der Polizeiposten Heidelberg-Emmertsgrund hat die weiteren Ermittlungen aufgenommen und sucht Zeugen, welche verd\u00e4chtige Wahrnehmungen gemacht haben. Diese werden gebeten, sich unter der Telefonnummer 06221\/389942 zu melden.<\/p>\n\n\n\n<h2 class=\"wp-block-heading\">(Reilingen \/ Rhein-Neckar-Kreis) &#8211; Alkoholisiert auf Auto aufgefahren \/ Mehrere tausend Euro Sachschaden<\/h2>\n\n\n\n<p>Zu einem Verkehrsunfall kam es am Donnerstagabend gegen 18:40 Uhr auf der B39 bei Reilingen. Ein 80-J\u00e4hriger Mazda-Fahrer befuhr die B39 von Altlu\u00dfheim kommend und wollte an der Kreuzung zur L723 nach rechts in Richtung Neulu\u00dfheim abbiegen. Hierbei \u00fcbersah er beim Wechsel der Fahrspuren eine 44-J\u00e4hrige VW-Fahrerin und kollidierte mit dieser. Die hinzugerufenen Polizeibeamten stellten bei dem 80-J\u00e4hrigen Alkoholgeruch fest. Ein freiwillig durchgef\u00fchrter Atemalkoholtest ergab einen Wert von 0,4 Promille. Beide Autos waren nicht mehr fahrbereit und mussten abgeschleppt werden. Der Sachschaden betr\u00e4gt mehrere tausend Euro. Den Mann erwartet nun eine Anzeige wegen Gef\u00e4hrdung des Stra\u00dfenverkehrs sowie fahrerlaubnisrechtliche Konsequenzen.<\/p>\n\n\n\n<h2 class=\"wp-block-heading\">(Bammental \/ Rhein-Neckar-Kreis) &#8211; Geb\u00e4udebrand in der Schwimmbadstra\u00dfe \/ Nachtragsmeldung Nr. 3<\/h2>\n\n\n<div class=\"wp-block-image\">\n<figure class=\"aligncenter size-full\"><img decoding=\"async\" loading=\"lazy\" width=\"800\" height=\"533\" src=\"https:\/\/speyer24news.com\/wp-content\/uploads\/2021\/02\/candle-2038736_1920.jpg\" alt=\"\" class=\"wp-image-33582\" srcset=\"https:\/\/speyer24news.com\/wp-content\/uploads\/2021\/02\/candle-2038736_1920.jpg 800w, https:\/\/speyer24news.com\/wp-content\/uploads\/2021\/02\/candle-2038736_1920-300x200.jpg 300w, https:\/\/speyer24news.com\/wp-content\/uploads\/2021\/02\/candle-2038736_1920-768x512.jpg 768w\" sizes=\"(max-width: 800px) 100vw, 800px\" \/><\/figure><\/div>\n\n\n<p>Nach dem Brand eines Wohnhauses in der Schwimmbadstra\u00dfe am Sonntagmorgen, den 19.02.2023, gegen 02:10 Uhr dauern die Ermittlungen an.<\/p>\n\n\n\n<p>Den derzeitigen Ermittlungen zufolge war der Brand vermutlich in der im Erdgeschoss befindlichen K\u00fcche ausgebrochen. In der Folge breitete sich das Feuer \u00fcber das Treppenhaus in das Obergeschoss aus. Die Hintergr\u00fcnde, wie es dazu kommen konnte, sind derzeit noch unklar. Eine Brandstiftung wird nach aktuellem Kenntnisstand ausgeschlossen. Die kriminalpolizeilichen Ermittlungen und Untersuchungen durch die Experten der Spurensicherung der Kriminalpolizeidirektion Heidelberg, in die auch Sachverst\u00e4ndige des Landeskriminalamts Baden-W\u00fcrttemberg einbezogen sind, sowie der Staatsanwaltschaft Heidelberg dauern noch an.<\/p>\n\n\n\n<p>Der Brandort wurde wieder freigegeben. Durch die Brandeinwirkung entstand ein Gesamtschaden in gesch\u00e4tzter H\u00f6he von 400.000 Euro.<\/p>\n\n\n\n<p>Wie bereits berichtet, fanden die Erstangriffskr\u00e4fte der Feuerwehr nach Betreten des Wohnhauses im Obergeschoss eine leblose weibliche Person vor, bei der es sich um die 60-j\u00e4hrige Wohnungsinhaberin handelte. Sie verstarb aufgrund einer erlittenen Rauchgasintoxikation.<\/p>\n\n\n\n<p>Link zur urspr\u00fcnglichen Pressemitteilung vom 19.02.2023:&nbsp;<a target=\"_blank\" rel=\"noreferrer noopener\" href=\"http:\/\/presseportal.de\/blaulicht\/pm\/14915\/5444681\">http:\/\/presseportal.de\/blaulicht\/pm\/14915\/5444681<\/a><\/p>\n","protected":false},"excerpt":{"rendered":"<div class=\"mh-excerpt\"><p>Polizeimeldungen vom Freitag (24.02.2023) (Speyer) &#8211; Kontrollen nach B\u00fcrgerbeschwerden Am Morgen des 23.02.2023 zwischen halb acht und acht Uhr \u00fcberwachten Polizeibeamte einen Fu\u00dfweg im Bereich der Stra\u00dfen Am Woogbach und Conrad-Hist-Stra\u00dfe im Hinblick auf Personen, <a class=\"mh-excerpt-more\" href=\"https:\/\/speyer24news.com\/?p=51334\" title=\"Polizeimeldungen Freitag (24.02.2023)\">[&#8230;]<\/a><\/p>\n<\/div>","protected":false},"author":3,"featured_media":26162,"comment_status":"open","ping_status":"open","sticky":false,"template":"","format":"standard","meta":{"_monsterinsights_skip_tracking":false,"_monsterinsights_sitenote_active":false,"_monsterinsights_sitenote_note":"","_monsterinsights_sitenote_category":0,"footnotes":""},"categories":[15659],"tags":[7243,7244,3614,350,14537,15084,15267,14538,15361,15845,702,61,2555,6955,6986,6263,63,105,11150,6987,53,4854,13534,4683,1548,4905,11592,102,13626,213,14325,14324,13553,13541,55,8277,6368,5261,103,106,2803,2423,427,2625,380,62,104,979,1565],"aioseo_notices":[],"amp_enabled":true,"_links":{"self":[{"href":"https:\/\/speyer24news.com\/index.php?rest_route=\/wp\/v2\/posts\/51334"}],"collection":[{"href":"https:\/\/speyer24news.com\/index.php?rest_route=\/wp\/v2\/posts"}],"about":[{"href":"https:\/\/speyer24news.com\/index.php?rest_route=\/wp\/v2\/types\/post"}],"author":[{"embeddable":true,"href":"https:\/\/speyer24news.com\/index.php?rest_route=\/wp\/v2\/users\/3"}],"replies":[{"embeddable":true,"href":"https:\/\/speyer24news.com\/index.php?rest_route=%2Fwp%2Fv2%2Fcomments&post=51334"}],"version-history":[{"count":2,"href":"https:\/\/speyer24news.com\/index.php?rest_route=\/wp\/v2\/posts\/51334\/revisions"}],"predecessor-version":[{"id":51337,"href":"https:\/\/speyer24news.com\/index.php?rest_route=\/wp\/v2\/posts\/51334\/revisions\/51337"}],"wp:featuredmedia":[{"embeddable":true,"href":"https:\/\/speyer24news.com\/index.php?rest_route=\/wp\/v2\/media\/26162"}],"wp:attachment":[{"href":"https:\/\/speyer24news.com\/index.php?rest_route=%2Fwp%2Fv2%2Fmedia&parent=51334"}],"wp:term":[{"taxonomy":"category","embeddable":true,"href":"https:\/\/speyer24news.com\/index.php?rest_route=%2Fwp%2Fv2%2Fcategories&post=51334"},{"taxonomy":"post_tag","embeddable":true,"href":"https:\/\/speyer24news.com\/index.php?rest_route=%2Fwp%2Fv2%2Ftags&post=51334"}],"curies":[{"name":"wp","href":"https:\/\/api.w.org\/{rel}","templated":true}]}}