{"id":51349,"date":"2023-02-25T07:49:30","date_gmt":"2023-02-25T06:49:30","guid":{"rendered":"https:\/\/speyer24news.com\/?p=51349"},"modified":"2023-02-25T07:49:32","modified_gmt":"2023-02-25T06:49:32","slug":"speyer-sport-veranstaltung","status":"publish","type":"post","link":"https:\/\/speyer24news.com\/?p=51349","title":{"rendered":"Speyer \/ Sport \/ Veranstaltung"},"content":{"rendered":"<style type=\"text\/css\">\r\n\t.ads_top_disp{}\r\n\t.ads_top_corner_disp{ float:left; margin:0px 10px 10px 0px; }\r\n\t.ads_first_p_disp{}\r\n\t.ads_bottom_disp{}\r\n\t<\/style>\n<h2 class=\"wp-block-heading\">Ehrungen der Sportler*innen des Jahres 2022 beim \u201eBall des Sports\u201c<\/h2>\n\n\n<div class=\"wp-block-image\">\n<figure class=\"aligncenter size-full\"><img decoding=\"async\" loading=\"lazy\" width=\"662\" height=\"613\" src=\"https:\/\/speyer24news.com\/wp-content\/uploads\/2023\/02\/Ball-des-Sports-2023-Speyer.jpg\" alt=\"\" class=\"wp-image-51350\" srcset=\"https:\/\/speyer24news.com\/wp-content\/uploads\/2023\/02\/Ball-des-Sports-2023-Speyer.jpg 662w, https:\/\/speyer24news.com\/wp-content\/uploads\/2023\/02\/Ball-des-Sports-2023-Speyer-300x278.jpg 300w\" sizes=\"(max-width: 662px) 100vw, 662px\" \/><\/figure><\/div>\n\n\n<p>Der traditionsreiche \u201eBall des Sports\u201c, ausgerichtet vom Stadtsportverband, verspricht am <strong>Samstag, 4. M\u00e4rz 2023 <\/strong>wieder ein Gala-Abend mit einem unvergleichlichen Mix aus Sport und Show zu werden.<\/p>\n\n\n\n<p>\u201eNachdem wir bedingt durch die Pandemie zwei Jahre auf den beliebten Speyerer Ball des Sports verzichten mussten, freuen wir uns nun umso mehr auf einen unvergesslichen Abend ganz im Zeichen des Spitzensports\u201c, begeistert sich Oberb\u00fcrgermeisterin Stefanie Seiler angesichts des bevorstehenden Ballabends und ruft die B\u00fcrger*innen dazu auf, sich diesen nicht entgehen zu lassen.<\/p>\n\n\n\n<p>Die Veranstaltung beginnt um 19.30 Uhr, Einlass ist ab 18.30 Uhr. Die Ehrungen zur Sportlerin, zum Sportler und zur Mannschaft des Jahres 2022 werden von zwei Showeinlagen umrahmt. Im gro\u00dfen Saal spielt die Tanzband \u201eTop Tones\u201c und im kleinen Saal legt DJ Carmine Pignatelli auf. F\u00fcr Speisen und Getr\u00e4nke inklusive der beliebten Cocktailbar ist gesorgt.<\/p>\n\n\n\n<p>\u201eDieser Abend bedeutet f\u00fcr die Speyerer Athletinnen und Athleten eine besondere Wertsch\u00e4tzung ihrer Leistungen, mit denen sie sich selbst, ihrem Verein und der Stadt Speyer alle Ehre machen\u201c, unterstreicht B\u00fcrgermeisterin und Sportdezernentin Monika Kabs.<\/p>\n\n\n\n<p>Die Stadt Speyer hatte auch in diesem Jahr die Sportlerin, den Sportler, die Mannschaft und den Nachwuchspreis des Jahres gesucht.<\/p>\n\n\n\n<p>Insgesamt 23 Nominierungsvorschl\u00e4ge von Medien, Vereinen, dem Stadtsportverband und der Speyerer B\u00fcrgerschaft sind bei der st\u00e4dtischen Abteilung f\u00fcr Schule und Sport eingereicht worden. Eine Jury unter dem Vorsitz von Oberb\u00fcrgermeisterin Stefanie Seiler und unter Beteiligung der Stadtratsfraktionen, des Stadtsportverbands und weiterer Vertreter*innen wie lokaler Medien, erg\u00e4nzt durch eine&nbsp;Online-Abstimmung der RHEINPFALZ&nbsp;f\u00fcr die B\u00fcrgerschaft, hat \u00fcber die Ehrungen entschieden, welche schlie\u00dflich&nbsp;beim \u201eBall des Sports\u201c erfolgen.<\/p>\n\n\n\n<p>Platzkarten f\u00fcr die Veranstaltung sind per E-Mail an\u00a0<a href=\"mailto:karten@stadtsportverband-speyer.de\" target=\"_blank\" rel=\"noreferrer noopener\">karten@stadtsportverband-speyer.de<\/a>\u00a0und Flanierkarten \u00fcber die Vorverkaufsstellen Sakul Funktionsmode Speyer, Intersport Scheben Speyer und K\u00fcwe Weine Speyer erh\u00e4ltlich. Weitere Informationen k\u00f6nnen unter\u00a0<a href=\"https:\/\/deref-web.de\/mail\/client\/gaTlo4NwzIo\/dereferrer\/?redirectUrl=http%3A%2F%2Fwww.stadtsportverband-speyer.de\" target=\"_blank\" rel=\"noreferrer noopener\">www.stadtsportverband-speyer.de<\/a>\u00a0abgerufen werden.<\/p>\n\n\n\n<p><em>Stadtverwaltung Speyer<br>23.02.2023<\/em><\/p>\n","protected":false},"excerpt":{"rendered":"<div class=\"mh-excerpt\"><p>Ehrungen der Sportler*innen des Jahres 2022 beim \u201eBall des Sports\u201c Der traditionsreiche \u201eBall des Sports\u201c, ausgerichtet vom Stadtsportverband, verspricht am Samstag, 4. M\u00e4rz 2023 wieder ein Gala-Abend mit einem unvergleichlichen Mix aus Sport und Show <a class=\"mh-excerpt-more\" href=\"https:\/\/speyer24news.com\/?p=51349\" title=\"Speyer \/ Sport \/ Veranstaltung\">[&#8230;]<\/a><\/p>\n<\/div>","protected":false},"author":3,"featured_media":31941,"comment_status":"open","ping_status":"open","sticky":false,"template":"","format":"standard","meta":{"_monsterinsights_skip_tracking":false,"_monsterinsights_sitenote_active":false,"_monsterinsights_sitenote_note":"","_monsterinsights_sitenote_category":0,"footnotes":""},"categories":[9,339,13],"tags":[15881,6186,15882,6,15884,15885,15883],"aioseo_notices":[],"amp_enabled":true,"_links":{"self":[{"href":"https:\/\/speyer24news.com\/index.php?rest_route=\/wp\/v2\/posts\/51349"}],"collection":[{"href":"https:\/\/speyer24news.com\/index.php?rest_route=\/wp\/v2\/posts"}],"about":[{"href":"https:\/\/speyer24news.com\/index.php?rest_route=\/wp\/v2\/types\/post"}],"author":[{"embeddable":true,"href":"https:\/\/speyer24news.com\/index.php?rest_route=\/wp\/v2\/users\/3"}],"replies":[{"embeddable":true,"href":"https:\/\/speyer24news.com\/index.php?rest_route=%2Fwp%2Fv2%2Fcomments&post=51349"}],"version-history":[{"count":1,"href":"https:\/\/speyer24news.com\/index.php?rest_route=\/wp\/v2\/posts\/51349\/revisions"}],"predecessor-version":[{"id":51351,"href":"https:\/\/speyer24news.com\/index.php?rest_route=\/wp\/v2\/posts\/51349\/revisions\/51351"}],"wp:featuredmedia":[{"embeddable":true,"href":"https:\/\/speyer24news.com\/index.php?rest_route=\/wp\/v2\/media\/31941"}],"wp:attachment":[{"href":"https:\/\/speyer24news.com\/index.php?rest_route=%2Fwp%2Fv2%2Fmedia&parent=51349"}],"wp:term":[{"taxonomy":"category","embeddable":true,"href":"https:\/\/speyer24news.com\/index.php?rest_route=%2Fwp%2Fv2%2Fcategories&post=51349"},{"taxonomy":"post_tag","embeddable":true,"href":"https:\/\/speyer24news.com\/index.php?rest_route=%2Fwp%2Fv2%2Ftags&post=51349"}],"curies":[{"name":"wp","href":"https:\/\/api.w.org\/{rel}","templated":true}]}}