{"id":51388,"date":"2023-02-27T12:06:20","date_gmt":"2023-02-27T11:06:20","guid":{"rendered":"https:\/\/speyer24news.com\/?p=51388"},"modified":"2023-02-27T12:06:23","modified_gmt":"2023-02-27T11:06:23","slug":"polizeimeldungen-wochenende-25-02-26-02-2023","status":"publish","type":"post","link":"https:\/\/speyer24news.com\/?p=51388","title":{"rendered":"Polizeimeldungen Wochenende (25.02.-26.02.2023)"},"content":{"rendered":"<style type=\"text\/css\">\r\n\t.ads_top_disp{}\r\n\t.ads_top_corner_disp{ float:left; margin:0px 10px 10px 0px; }\r\n\t.ads_first_p_disp{}\r\n\t.ads_bottom_disp{}\r\n\t<\/style>\n<h2 class=\"wp-block-heading\">Polizeimeldungen vom Wochenende (25.02.-26.02.2023)<\/h2>\n\n\n<div class=\"wp-block-image\">\n<figure class=\"aligncenter size-full\"><img decoding=\"async\" loading=\"lazy\" width=\"375\" height=\"500\" src=\"https:\/\/speyer24news.com\/wp-content\/uploads\/2022\/03\/Aktuelles-Polizeilogo.jpg\" alt=\"\" class=\"wp-image-43591\" srcset=\"https:\/\/speyer24news.com\/wp-content\/uploads\/2022\/03\/Aktuelles-Polizeilogo.jpg 375w, https:\/\/speyer24news.com\/wp-content\/uploads\/2022\/03\/Aktuelles-Polizeilogo-225x300.jpg 225w\" sizes=\"(max-width: 375px) 100vw, 375px\" \/><\/figure><\/div>\n\n\n<h2 class=\"wp-block-heading\">(Speyer) &#8211; Verkehrsunfall unter Alkoholeinfluss<\/h2>\n\n\n\n<p>Am sp\u00e4ten Samstagnachmittag gegen 17.30 Uhr wurde die Polizei \u00fcber einen Verkehrsunfall auf dem Parkplatz eines Supermarktes in der Else-Krieg-Stra\u00dfe informiert. Ein 54-j\u00e4hriger LKW-Fahrer hatte beim R\u00fcckw\u00e4rtsfahren einen Pfosten touchiert, wodurch Sachschaden an diesem sowie am LKW entstand. Im Rahmen der Unfallaufnahme konnte Alkoholgeruch ausgehend von dem LKW-Fahrer wahrgenommen werden. Ein freiwilliger Atemalkoholtest ergab 0,58 Promille. Der Fahrzeugschl\u00fcssel wurde sichergestellt und ein Strafverfahren eingeleitet.<\/p>\n\n\n\n<h2 class=\"wp-block-heading\">(Schifferstadt) &#8211; Zeugen melden K\u00f6rperverletzung<\/h2>\n\n\n<div class=\"wp-block-image\">\n<figure class=\"aligncenter size-full\"><img decoding=\"async\" loading=\"lazy\" width=\"800\" height=\"533\" src=\"https:\/\/speyer24news.com\/wp-content\/uploads\/2021\/11\/Schlaegerei.jpg\" alt=\"\" class=\"wp-image-42366\" srcset=\"https:\/\/speyer24news.com\/wp-content\/uploads\/2021\/11\/Schlaegerei.jpg 800w, https:\/\/speyer24news.com\/wp-content\/uploads\/2021\/11\/Schlaegerei-300x200.jpg 300w, https:\/\/speyer24news.com\/wp-content\/uploads\/2021\/11\/Schlaegerei-768x512.jpg 768w\" sizes=\"(max-width: 800px) 100vw, 800px\" \/><figcaption class=\"wp-element-caption\">Beispielbild Schl\u00e4gerei \/ K\u00f6rperverletzung, dient lediglich der Visualisierung<\/figcaption><\/figure><\/div>\n\n\n<p>Am fr\u00fchen Samstagmorgen wurde die Polizeiinspektion Schifferstadt durch Zeugen informiert, dass in der Dannstadter Stra\u00dfe ein Mann von zwei weiteren geschlagen wird. Es stellte sich heraus, dass der 33-j\u00e4hrige Gesch\u00e4digte zun\u00e4chst im Fahrzeug hinter den 30- und 34-j\u00e4hrigen Tatverd\u00e4chtigen fuhr. Der 30-j\u00e4hrige Fahrer n\u00f6tigte den Gesch\u00e4digten zum Anhalten, wonach er mit seinem 34-j\u00e4hrigen Begleiter auf den Gesch\u00e4digten einschlug. Hiernach fuhren alle Beteiligten weiter. Anhand der mitgeteilten Kennzeichen konnten die Personen ermittelt und durch Beamte der Polizeiinspektion Schifferstadt angetroffen werden. Bei den Befragungen stellte sich heraus, dass der 30-j\u00e4hrige Tatverd\u00e4chtige sein Fahrzeug unter erheblichem Alkoholeinfluss (2,3 Promille) gef\u00fchrt hatte, ohne jedoch im Besitz einer Fahrerlaubnis zu sein. Ihm wurde im Anschluss eine Blutprobe entnommen. Entsprechende Strafverfahren wegen N\u00f6tigung im Stra\u00dfenverkehr, gef\u00e4hrlicher K\u00f6rperverletzung, Fahrens ohne Fahrerlaubnis sowie Trunkenheit im Verkehr wurden eingeleitet. Weshalb es zu dem Streit kam, ist nicht bekannt.<\/p>\n\n\n\n<h2 class=\"wp-block-heading\">(Mutterstadt \/ Schifferstadt) &#8211; Unfallverursacher verlassen Unfallstelle<\/h2>\n\n\n\n<p>Zwischen Freitagabend und Samstagnachmittag kam es auf dem Parkplatz in der Hauptstra\u00dfe Schifferstadt sowie in der Jahnstra\u00dfe in Mutterstadt zu zwei Verkehrsunf\u00e4llen, wobei die jeweiligen Verursacher ein geparktes Fahrzeug touchierten und sich anschlie\u00dfend unerlaubt von der Unfallstelle entfernten. Es entstand Sachschaden in H\u00f6he von insgesamt ca. 6.000,- EUR. Zeugen werden gebeten, sich unter der Telefonnummer 06235 \/ 495-0 oder per E-Mail (<a href=\"mailto:pischifferstadt@polizei.rlp.de\">pischifferstadt@polizei.rlp.de<\/a>) bei der Polizeiinspektion in Schifferstadt zu melden.<\/p>\n\n\n\n<h2 class=\"wp-block-heading\">(Dannstadt-Schauernheim) &#8211; VW-Fahrer ohne Fahrerlaubnis aus dem Verkehr gezogen<\/h2>\n\n\n\n<p>Am Freitag, den 24.02.23, gegen 11.20 Uhr, kontrollierten Zollbeamte an der Tank- und Rastanlage Dannstadt-West (A61) einen VW Golf. Da der 30j\u00e4hrige Fahrer seinen F\u00fchrerschein nicht dabei hatte, wurden Polizisten der Polizeiautobahnstation Ruchheim hinzugerufen. Bei der \u00dcberpr\u00fcfung der Daten wurde festgestellt, dass der 30j\u00e4hrige Fahrer gar keine Fahrerlaubnis hat und somit ohne Fahrerlaubnis fuhr. Au\u00dferdem wurden bei dem Fahrer Hinweise auf die Einnahme von Drogen festgestellt. Der 30j\u00e4hrige willigte in die Durchf\u00fchrung eines s.g. Urintestes ein. Das Testergebnis war positiv auf Kokain und best\u00e4tigte den Anfangsverdacht der Polizisten.<\/p>\n\n\n\n<p>Dem 30j\u00e4hrigen wurde zur Feststellung der genauen Drogenmenge im Blut eine Blutprobe entnommen. Au\u00dferdem wird gegen ihn nun wegen Fahrens ohne Fahrerlaubnis und des Versto\u00dfes gegen das Bet\u00e4ubungsmittelgesetztes ermittelt.<\/p>\n\n\n\n<h2 class=\"wp-block-heading\">(Germersheim) &#8211; Haftbefehl und Schlagring vorhanden, F\u00fchrerschein nicht<\/h2>\n\n\n\n<p>Aufgrund von Beleuchtungsm\u00e4ngeln kontrollierten Beamte der Polizeiinspektion Germersheim am Abend des 25.02.2022 ein Auto im Bereich des Trommelweges. Der 26-j\u00e4hrige Fahrer gab zun\u00e4chst an, dass er seinen F\u00fchrerschein zu Hause vergessen habe. Letztlich stellte sich jedoch heraus, dass der kontrollierte Germersheimer aktuell nicht im Besitz einer erforderlichen Fahrerlaubnis ist. Obendrein kam schnell heraus, dass gegen den Mann ein Haftbefehl vorlag. Und als w\u00e4re dies alles nicht genug f\u00fchrte der Mann einen verbotenen Schlagring mit sich. Strafverfahren wegen des Fahrens ohne Fahrerlaubnis sowie Versto\u00dfes gegen das Waffengesetz wurden eingeleitet. Immerhin konnte er dem Gef\u00e4ngnisaufenthalt nach Zahlung der im Haftbefehl festgeschriebenen Geldstrafe entgehen, sodass der Mann anschlie\u00dfend seiner Wege gehen konnte.<\/p>\n\n\n\n<h2 class=\"wp-block-heading\">(Germersheim) &#8211; Unfallflucht auf Supermarktparkplatz<\/h2>\n\n\n\n<p>Ein derzeit noch unbekannter Autofahrer besch\u00e4digte am 25.02.2023 zwischen 10:30 Uhr und 11:00 Uhr einen abgestellten Toyota auf dem Parkplatz eines Supermarktes in der Mainzer Stra\u00dfe. Anschlie\u00dfend entfernte sich der unbekannte Verursacher jedoch unerlaubt von der Unfallstelle. Am abgestellten Fahrzeug entstand ein Sachschaden in H\u00f6he von ca. 3000 Euro. Ein Ermittlungsverfahren wegen Verkehrsunfallflucht wurde eingeleitet. Zeugenhinweise nimmt die Polizei Germersheim unter der Telefonnummer 07274\/9580 oder per Mail an\u00a0<a href=\"mailto:pigermersheim@polizei.rlp.de\">pigermersheim@polizei.rlp.de<\/a>\u00a0entgegen.<\/p>\n\n\n\n<h2 class=\"wp-block-heading\">(Germersheim) &#8211; Dieseldiebstahl<\/h2>\n\n\n\n<p>In der Nacht von Donnerstag auf Freitag kam es zu einem Dieseldiebstahl in der Werftstra\u00dfe in Germersheim. Unbekannte entwendeten dabei mehrere hundert Liter Diesel aus einem abgestellten Bagger. Zeugenhinweise nimmt die Polizei Germersheim unter der Telefonnummer 07274\/9580 oder\u00a0<a href=\"mailto:pigermersheim@polizei.rlp.de\">pigermersheim@polizei.rlp.de<\/a>\u00a0entgegen.<\/p>\n\n\n\n<h2 class=\"wp-block-heading\">(Leimersheim) &#8211; Einbruch in Einfamilienhaus<\/h2>\n\n\n\n<p>Am Freitag kam es zwischen 18 Uhr und 23:45 Uhr zu einem Einbruch in ein Einfamilienhaus in der Leitmarstra\u00dfe in Leimersheim. Bislang unbekannte T\u00e4ter verschafften sich gewaltsam Zugang zum Haus und durchw\u00fchlten mehrere Schubladen. Die H\u00f6he des Sachschadens beziehungsweise des Diebesgutes kann noch nicht beziffert werden. Zeugenhinweise nimmt die Polizei Germersheim unter der Telefonnummer 07274\/9580 oder&nbsp;<a href=\"mailto:pigermersheim@polizei.rlp.de\">pigermersheim@polizei.rlp.de<\/a>&nbsp;entgegen.<\/p>\n\n\n\n<h2 class=\"wp-block-heading\">(Neupotz) &#8211; Unfall unter Alkoholeinfluss<\/h2>\n\n\n\n<p>Ganze 1,79 Promille zeigte das Atemalkoholmessger\u00e4t bei einer 49-j\u00e4hrigen Fahrzeugf\u00fchrerin Samstagabend gegen 20:30 Uhr in Neupotz an. Zuvor war die Frau mit ihrem Pkw bei einem Abbiegeman\u00f6ver auf die Gegenspur gekommen und mit einem anderen Pkw zusammengesto\u00dfen. Zu einem Personenschaden kam es nicht. Der Sachschaden betr\u00e4gt rund 3800 Euro. Der Fahrerin wurde eine Blutprobe entnommen und ihr F\u00fchrerschein einbehalten. Sie muss sich nun wegen Gef\u00e4hrdung des Stra\u00dfenverkehrs verantworten.<\/p>\n\n\n\n<h2 class=\"wp-block-heading\">(Neupotz) &#8211; Einbruch in Einfamilienhaus<\/h2>\n\n\n\n<p>Im Zeitraum vom 11.02 bis zum 25.02.23 verschafften sich unbekannte T\u00e4ter gewaltsam Zutritt zu einem Wohnhaus in Neupotz und durchw\u00fchlten diverse R\u00e4umlichkeiten. Die H\u00f6he des Sachschadens kann noch nicht beziffert werden. Auch nicht, ob durch die T\u00e4ter tats\u00e4chlich etwas entwendet wurde.<\/p>\n\n\n\n<p>Die Kriminalpolizei hat die Ermittlungen aufgenommen. Zeugenhinweise nimmt die Polizei W\u00f6rth unter der Rufnummer 07271-92210 oder unter\u00a0<a href=\"mailto:piwoerth@polizei.rlp.de\">piwoerth@polizei.rlp.de<\/a>\u00a0entgegen.<\/p>\n\n\n\n<h2 class=\"wp-block-heading\">(W\u00f6rth) &#8211; Fahrt unter Drogeneinfluss<\/h2>\n\n\n\n<p>Am Freitagnachmittag kontrollierten Beamte der Polizei W\u00f6rth einen 41-j\u00e4hrigen Pkw-Fahrer, weil dessen Fahrzeug eine nicht zul\u00e4ssige Beleuchtung aufwies. Bei der Gespr\u00e4chsf\u00fchrung konnten die Beamten dar\u00fcber hinaus diverse Anzeichen auf einen Drogenkonsum und eine aktuelle Beeinflussung durch diese feststellen. Aufgrund der deutlichen Auff\u00e4lligkeiten ergab sich der Verdacht der Trunkenheitsfahrt. Einen Urintest wollte der Mann nicht durchf\u00fchren. Um den Verdacht erh\u00e4rten oder widerlegen zu k\u00f6nnen, wurde eine Blutprobe beim Fahrer entnommen und ein Ermittlungsverfahren eingeleitet<\/p>\n\n\n\n<h2 class=\"wp-block-heading\">(W\u00f6rth) &#8211; Unfallflucht<\/h2>\n\n\n\n<p>In der Nacht vom 23.02 auf den 24.02.23 besch\u00e4digte ein unbekannter Fahrzeugf\u00fchrer vermutlich beim Ausparken oder Vorbeifahren einen in der Marktstra\u00dfe in W\u00f6rth geparkten silbernen Pkw. Im Anschluss entfernte sich der Verursacher unerlaubt von der \u00d6rtlichkeit. Der Sachschaden bel\u00e4uft sich auf ca. 200 Euro.<\/p>\n\n\n\n<p>Zeugenhinweise in der Angelegenheit werden von der Polizei W\u00f6rth unter der Rufnummer 07271-92210 oder unter\u00a0<a href=\"mailto:piwoerth@polizei.rlp.de\">piwoerth@polizei.rlp.de<\/a>\u00a0entgegen genommen.<\/p>\n\n\n\n<h2 class=\"wp-block-heading\">(Kandel) &#8211; Sachbesch\u00e4digung durch Graffiti<\/h2>\n\n\n\n<p>Im Zeitraum vom 20.02.23 bis zum 23.02.23 bespr\u00fchten unbekannte T\u00e4ter mehrere Gegenst\u00e4nde auf einem Spielplatz in Kandel mit Graffiti und verursachten so Sachschaden in H\u00f6he von etwa 1000 Euro. Zeugenhinweise in der Angelegenheit werden von der Polizei W\u00f6rth unter der Rufnummer 07271-92210 oder unter\u00a0<a href=\"mailto:piwoerth@polizei.rlp.de\">piwoerth@polizei.rlp.de<\/a>\u00a0entgegen genommen.<\/p>\n\n\n\n<h2 class=\"wp-block-heading\">(Bad Bergzabern) &#8211; Laterne umgeknickt und gefl\u00fcchtet<\/h2>\n\n\n<div class=\"wp-block-image\">\n<figure class=\"aligncenter size-full\"><img decoding=\"async\" loading=\"lazy\" width=\"800\" height=\"551\" src=\"https:\/\/speyer24news.com\/wp-content\/uploads\/2023\/02\/Laterne.jpg\" alt=\"\" class=\"wp-image-51390\" srcset=\"https:\/\/speyer24news.com\/wp-content\/uploads\/2023\/02\/Laterne.jpg 800w, https:\/\/speyer24news.com\/wp-content\/uploads\/2023\/02\/Laterne-300x207.jpg 300w, https:\/\/speyer24news.com\/wp-content\/uploads\/2023\/02\/Laterne-768x529.jpg 768w\" sizes=\"(max-width: 800px) 100vw, 800px\" \/><\/figure><\/div>\n\n\n<p>Im Zeitraum zwischen 24.02.2023, 18.00 Uhr und 25.02.2023, 08.14 Uhr besch\u00e4digte vermutlich ein Lkw beim Rangieren in der K\u00f6nigstra\u00dfe einen Laternenmast. Der gusseiserne Mast ist dabei abgebrochen und die 3 angebrachten Leuchten wurden zerst\u00f6rt. Anschlie\u00dfend setzte der Verursacher seine Fahrt fort, ohne sich um den entstandenen Sachschaden (ca. 2000 Euro) zu k\u00fcmmern. Hinweise auf den Verursacher nimmt die Polizeiinspektion Bad Bergzabern unter 06343-9334-0 oder&nbsp;<a href=\"mailto:piabadbergzabern@polizei.rlp.de\">piabadbergzabern@polizei.rlp.de<\/a>&nbsp;entgegen.<\/p>\n\n\n\n<h2 class=\"wp-block-heading\">(Vorderweidenthal) &#8211; Einbruch in der Lindelbrunnstra\u00dfe<\/h2>\n\n\n\n<p>Am fr\u00fchen Morgen des 25.02.2023 wurden Anwohner gegen 04.15 Uhr, durch laute Ger\u00e4usche wach und vermuteten einen Einbruch in das gegen\u00fcberliegende Haus. Zus\u00e4tzlich vernahmen sie Stimmger\u00e4usche. Durch die Polizei wurde wenig sp\u00e4ter das Objekt durchsucht. Die Einbrecher konnten jedoch nicht mehr festgestellt werden. Ob etwas entwendet wurde steht derzeit noch nicht fest. Ein Anwohner will in Zusammenhang mit dem Einbruch eine &#8222;st\u00e4mmige Person&#8220; mit Skateboard beobachtet haben.<\/p>\n\n\n\n<p>Tatrelevante Hinweise, insbesondere auf die st\u00e4mmige Person mit Skateboard, nimmt die Polizei Bad Bergzabern unter 06343-9334-0 oder\u00a0<a href=\"mailto:pibadbergzabern@polizei.rlp.de\">pibadbergzabern@polizei.rlp.de<\/a>\u00a0entgegen.<\/p>\n\n\n\n<h2 class=\"wp-block-heading\">(Landau) &#8211; Erst geklaut und dann Polizeibeamte bedroht<\/h2>\n\n\n\n<p>Am Samstagvormittag beging ein 34-j\u00e4hriger Mann einen Ladendiebstahl in einem Supermarkt in der Damm\u00fchlstra\u00dfe in Landau. Der 34-j\u00e4hrige Beschuldigte packte sich mehrere Artikel im Wert von etwa 65 Euro in seinen mitgef\u00fchrten Rucksack und bezahlte die Ware beim Passieren der Kasse nicht. Nachdem der Beschuldigte durch Mitarbeiter des Marktes angesprochen wurde, bedrohte und beleidigte er diese. W\u00e4hrend der anschlie\u00dfenden Anzeigenaufnahme bedrohte und beleidigte der Beschuldigte zudem die eingesetzten Polizeibeamte. Gegen den 34-J\u00e4hrigen wurden mehrere Strafverfahren eingeleitet und ein Hausverbot f\u00fcr den Supermarkt ausgesprochen.<\/p>\n\n\n\n<h2 class=\"wp-block-heading\">(Landau) &#8211; Alkoholisiert mit dem Fahrrad unterwegs<\/h2>\n\n\n\n<p>Am Freitagabend fiel der Polizei Landau ein Fahrradfahrer in der Ostbahnstra\u00dfe in Landau auf, der Schlangenlinien fuhr. Bei einer anschlie\u00dfenden Verkehrskontrolle best\u00e4tigte sich der Verdacht, denn der 37-j\u00e4hrige Fahrradfahrer war deutlich betrunken. Ein Atemalkoholtest ergab einen Wert von 2,25 Promille. Dem 37-j\u00e4hrigen Beschuldigten wurde eine Blutprobe entnommen und gegen ihn wurde ein Strafverfahren eingeleitet.<\/p>\n\n\n\n<h2 class=\"wp-block-heading\">(Landau) &#8211; Zwei Ladendiebinnen auf frischer Tat erwischt<\/h2>\n\n\n\n<p>Am Freitagnachmittag wurden eine 22-j\u00e4hrige und eine 24-j\u00e4hrige Frau aus dem Kreis Germersheim bei einem Ladendiebstahl in einem Modegesch\u00e4ft in der Landauer Innenstadt auf frischer Tat erwischt. Der Ladendetektiv konnte beobachten, wie die beiden Frauen Bekleidungsst\u00fccke im Wert von etwa 400 Euro mit in die Umkleidekabine nahmen und im Anschluss die Kasse passieren wollten, ohne die Ware zu bezahlen. Bei einer Nachschau konnte festgestellt werden, dass die beiden Beschuldigten die Preisetikette des Diebesguts mittels einer Schere entfernt hatten. Beide Frauen r\u00e4umten die Tat ein und begr\u00fcndeten ihre Tat aufgrund finanzieller Probleme. Gegen beide Frauen wurde ein Strafverfahren eingeleitet.<\/p>\n\n\n\n<h2 class=\"wp-block-heading\">(Annweiler am Trifels) &#8211; Zwei Radler zu viel&#8230;<\/h2>\n\n\n\n<p>&#8230; hatte am Samstagnachmittag ein 48-j\u00e4hriger Fiat-Fahrer aus dem Kreis S\u00fcdliche Weinstra\u00dfe getrunken. Der Fiat-Fahrer wurde gegen 17:30 Uhr mit seinem Fahrzeug in der Queichtalstra\u00dfe in Annweiler am Trifels einer Verkehrskontrolle unterzogen. Bei der Kontrolle gab der 48-j\u00e4hrige Fahrer an, dass er zwei Radler getrunken habe. Ein Atemalkoholtest ergab jedoch einen Wert von 1,91 Promille. Dem 48-J\u00e4hrigen wurde im Anschluss eine Blutprobe entnommen und sein F\u00fchrerschein wurde ebenfalls sichergestellt.<\/p>\n\n\n\n<h2 class=\"wp-block-heading\">(Kleinfischlingen) &#8211; Fl\u00fcchtiger Traktorfahrer gesucht<a href=\"https:\/\/www.facebook.com\/sharer.php?u=https%3A%2F%2Fwww.presseportal.de%2Fblaulicht%2Fpm%2F117686%2F5450010%2F%3Futm_source%3Dfacebook%26utm_medium%3Dsocial\"><\/a><a href=\"https:\/\/twitter.com\/intent\/tweet?text=POL-PDLD%3A%20Fl%C3%BCchtiger%20Traktorfahrer%20gesucht&amp;url=https%3A%2F%2Fwww.presseportal.de%2Fblaulicht%2Fpm%2F117686%2F5450010%2F%3Futm_source%3Dtwitter%26utm_medium%3Dsocial&amp;hashtags=ots&amp;lang=de\"><\/a><a href=\"https:\/\/web.whatsapp.com\/send?text=POL-PDLD%3A%20Fl%C3%BCchtiger%20Traktorfahrer%20gesucht%0A%0Ahttps%3A%2F%2Fwww.presseportal.de%2Fblaulicht%2Fpm%2F117686%2F5450010%2F%3Futm_source%3Dwhatsapp%26utm_medium%3Dsocial\"><\/a><a href=\"https:\/\/www.xing.com\/app\/user?op=share;url=https%3A%2F%2Fwww.presseportal.de%2Fblaulicht%2Fpm%2F117686%2F5450010%2F%3Futm_source%3Dxing%26utm_medium%3Dsocial\"><\/a><a href=\"http:\/\/www.linkedin.com\/shareArticle?mini=true&amp;url=https%3A%2F%2Fwww.presseportal.de%2Fblaulicht%2Fpm%2F117686%2F5450010%2F%3Futm_source%3Dlinkedin%26utm_medium%3Dsocial&amp;title=POL-PDLD%3A+Fl%C3%BCchtiger+Traktorfahrer+gesucht\"><\/a><a href=\"mailto:?subject=POL-PDLD%3A%20Fl%C3%BCchtiger%20Traktorfahrer%20gesucht&amp;body=https:\/\/www.presseportal.de\/blaulicht\/pm\/117686\/5450010\"><\/a><\/h2>\n\n\n<div class=\"wp-block-image\">\n<figure class=\"aligncenter size-full\"><img decoding=\"async\" loading=\"lazy\" width=\"800\" height=\"599\" src=\"https:\/\/speyer24news.com\/wp-content\/uploads\/2023\/02\/20230225_154728_copy_907x1612.jpg\" alt=\"\" class=\"wp-image-51391\" srcset=\"https:\/\/speyer24news.com\/wp-content\/uploads\/2023\/02\/20230225_154728_copy_907x1612.jpg 800w, https:\/\/speyer24news.com\/wp-content\/uploads\/2023\/02\/20230225_154728_copy_907x1612-300x225.jpg 300w, https:\/\/speyer24news.com\/wp-content\/uploads\/2023\/02\/20230225_154728_copy_907x1612-768x575.jpg 768w, https:\/\/speyer24news.com\/wp-content\/uploads\/2023\/02\/20230225_154728_copy_907x1612-678x509.jpg 678w, https:\/\/speyer24news.com\/wp-content\/uploads\/2023\/02\/20230225_154728_copy_907x1612-326x245.jpg 326w, https:\/\/speyer24news.com\/wp-content\/uploads\/2023\/02\/20230225_154728_copy_907x1612-80x60.jpg 80w\" sizes=\"(max-width: 800px) 100vw, 800px\" \/><\/figure><\/div>\n\n\n<p>Am Samstag, den 25.02.2023 um ca. 15:05 Uhr, befuhr eine 46-j\u00e4hrige PKW-F\u00fchrerin die L 507 zwischen Kleinfischlingen und der Kreuzung L 507 \/ L 542. Die PKW-F\u00fchrerin befuhr die Landstra\u00dfe in Fahrtrichtung Edesheim. Zu diesem Zeitpunkt war die Fahrbahn durch etliche Parker verengt, welche die &#8222;Rallye S\u00dcW&#8220; besuchten. Da der PKW-F\u00fchrerin ein gro\u00dfer Traktor samt Anh\u00e4nger entgegenkam, hielt diese m\u00f6glichst weit rechts am Fahrbahnrand an, um den Traktorfahrer die Durchfahrt zu erm\u00f6glichen. Als der Traktorfahrer den PKW der Gesch\u00e4digten passierte, touchierte vermutlich das hintere Rad des Anh\u00e4ngers den PKW an der Fahrerseite und besch\u00e4digte diesen. Der Fahrer des Traktors setzte seine Fahrt unbeirrt in Fahrtrichtung Kleinfischlingen fort. Der Schaden am PKW wird auf ca. 1000 Euro gesch\u00e4tzt.<\/p>\n\n\n\n<ul>\n<li><strong>Bez\u00fcglich der Beschreibung des Gespannes ist lediglich bekannt, dass es sich um einen gr\u00fcnen Traktor gehandelt haben soll. Auf dem Anh\u00e4nger soll sich ein Holzaufbau ohne Plane befunden haben.<\/strong><\/li>\n<\/ul>\n\n\n\n<p>Zeugen, welche Hinweise zu dem fl\u00fcchtigen Gespann geben k\u00f6nnen, m\u00f6gen sich bitte bei der Polizeiinspektion Edenkoben melden. Tel.: 06323 9550 E-Mail:\u00a0<a href=\"mailto:piedenkoben@polizei.rlp.de\">piedenkoben@polizei.rlp.de<\/a><\/p>\n\n\n\n<h2 class=\"wp-block-heading\">(Neustadt) &#8211; Verkehrsunfall unter dem Einfluss von berauschenden Mitteln<\/h2>\n\n\n\n<p>In der Nacht vom 25.02.2023 auf den 26.02.2023 gegen 04:40 Uhr wird der hiesigen Polizeiinspektion ein Verkehrsunfall in Neustadt\/W. OT Gimmeldingen gemeldet. Es stellte sich heraus, dass ein 18-j\u00e4hriger polnischer Staatsb\u00fcrger und dessen 21-j\u00e4hriger Freund einen PKW-Schl\u00fcssel an einem Hoftor steckend vorfanden und daraufhin das dazugeh\u00f6rige Fahrzeug. Der 18-J\u00e4hrige nutzte die Gelegenheit und setzte sich sodann unter dem Einfluss von Bet\u00e4ubungsmittel und mit 0,61 Promille an das Steuer des PKW und fuhr wenig sp\u00e4ter gegen eine Laterne. Der 18-J\u00e4hige, welcher keine entsprechende Fahrerlaubnis besitzt, fl\u00fcchtete hieraufhin mit seinem Freund und konnte im Rahmen von intensiven Fahndungsma\u00dfnahmen im Ortsbereich festgestellt werden. Beide Personen wurden f\u00fcr weitere Ma\u00dfnahmen mit zur Dienststelle genommen. Am unbefugt benutzten PKW entstand erheblicher Sachschaden. Ein Strafverfahren wegen Stra\u00dfenverkehrsgef\u00e4hrdung wurde er\u00f6ffnet<\/p>\n\n\n\n<h2 class=\"wp-block-heading\">(B 39 \/ Neustadt) &#8211; Erneute Trunkenheitsfahrt<\/h2>\n\n\n\n<p>Am Samstag den 25.02.2023 wurde der Polizeiinspektion Neustadt\/W. gegen 23:55 Uhr eine m\u00f6gliche Trunkenheitsfahrt zwischen Neustadt\/W. und Lambrecht auf der dortigen B 39 gemeldet. Das gemeldete Fahrzeug konnte durch eine Streifenwagenbesatzung in Weidenthal gestellt werden. Die 47-j\u00e4hrige Fahrzeugf\u00fchrerin aus dem Bereich Westpfalz hatte eine Atemalkoholkonzentration von 0,76 Promille. Aufgrund diverser Auffallerscheinungen in Bezug auf die Fahrweise wurde ein entsprechendes Ermittlungsverfahren er\u00f6ffnet und der F\u00fchrerschein sichergestellt, sowie die Fahrzeugf\u00fchrerin zum Zwecke der Blutentnahme mit zur Dienststelle genommen.<\/p>\n\n\n\n<p>Sollte es weitere Verkehrsteilnehmer geben, welche durch die Fahrerin gef\u00e4hrdet wurden, so k\u00f6nnen diese sich an die Polizeiinspektion Neustadt\/Wstr. unter der unten bezeichneten Adresse \/ Telefonnummer wenden.<\/p>\n\n\n\n<h2 class=\"wp-block-heading\">(B 39 \/ Neustadt) &#8211; Betrunken in den Gr\u00fcnstreifen gefahren&#8230;<\/h2>\n\n\n\n<p>&#8230;ist am Samstag den 25.02.2023 gegen 11:52 Uhr eine 49-J\u00e4hrige aus der Verbandsgemeinde Lambrecht. Die Fahrzeugf\u00fchrerin befuhr, ohne im Besitz einer g\u00fcltigen Fahrerlaubnis zu sein, mit einer Atemalkoholkonzentration von 1,47 Promille die B 39 aus Richtung Neustadt kommend in Fahrtrichtung Lambrecht. Auf H\u00f6he einer Bushaltestelle geriet die Fahrzeugf\u00fchrerin aufgrund der Alkoholisierung nach rechts von Fahrbahn in den dortigen Gr\u00fcnsteifen, stie\u00df gegen eine Betonmauer und brachte mehrere Verkehrszeichen zu Fall. Der PKW war danach nicht mehr fahrbereit und musste abgeschleppt werden, weshalb beide Richtungsfahrbahnen f\u00fcr circa 10 Minuten voll gesperrt werden mussten. Ein entsprechendes Strafverfahren wegen Stra\u00dfenverkehrsgef\u00e4hrdung wurde eingeleitet und eine Blutprobe zum Zwecke der Feststellung der Blutalkoholkonzentration entnommen.<\/p>\n\n\n\n<h2 class=\"wp-block-heading\">(Neustadt) &#8211; Mehrere Einbr\u00fcche in Gartenh\u00e4user&#8230;<\/h2>\n\n\n\n<p>&#8230;wurden am Samstag den 25.02.2023 im Bereich des Hambacher Wegs in Neustadt\/Wstr. festgestellt. Es wurden mehr als ein Dutzend Gartenh\u00e4user und mehrere Wohnw\u00e4gen aufgebrochen. Aus diesen wurden mehrere Gegenst\u00e4nde entwendet. Es konnten im Rahmen der polizeilichen Spurensicherung mehrere Spuren festgestellt und gesichert werden. Aufgrund des umfangreichen Tatortes sind noch nicht alle Gesch\u00e4digte namentlich bekannt. Sollte es weitere Gesch\u00e4digte in dieser Sache geben, so k\u00f6nnen diese sich an die Polizeiinspektion Neustadt\/Wstr. unter der unten bezeichneten Adresse \/ Telefonnummer wenden.<\/p>\n\n\n\n<h2 class=\"wp-block-heading\">(Neustadt) &#8211; Geschlagen, bedroht und beleidigt&#8230;<\/h2>\n\n\n<div class=\"wp-block-image\">\n<figure class=\"aligncenter size-full\"><img decoding=\"async\" loading=\"lazy\" width=\"800\" height=\"533\" src=\"https:\/\/speyer24news.com\/wp-content\/uploads\/2022\/06\/Blaulicht.jpg\" alt=\"\" class=\"wp-image-46705\" srcset=\"https:\/\/speyer24news.com\/wp-content\/uploads\/2022\/06\/Blaulicht.jpg 800w, https:\/\/speyer24news.com\/wp-content\/uploads\/2022\/06\/Blaulicht-300x200.jpg 300w, https:\/\/speyer24news.com\/wp-content\/uploads\/2022\/06\/Blaulicht-768x512.jpg 768w\" sizes=\"(max-width: 800px) 100vw, 800px\" \/><\/figure><\/div>\n\n\n<p>&#8230; wurde am 24.02.2023 gegen 20:10 Uhr eine 47-J\u00e4hrige aus Neustadt\/W. von ihrem ehemaligen 52-j\u00e4hrigen Freund, welcher alkoholisiert an der Wohnanschrift der Dame im Stadtgebiet Neustadt erschien. Dort schlug dieser seine EX-Partnerin mittels eines Schuhes, sowie mit der flachen Hand in deren Gesicht und beleidigte und bedrohte diese zudem noch. Nach Eintreffen der Polizei wurde der ebenfalls in Neustadt\/W. wohnhafte 52-J\u00e4hrige zum Zwecke der Entnahme einer Blutprobe in die hiesige Dienststelle verbracht und im Anschluss aus den polizeilichen Ma\u00dfnahmen entlassen. Dieser muss sich nun in mehreren Strafverfahren verantworten. Die Frau erlitt durch den Vorfall leichte Verletzungen im Gesichtsbereich.<\/p>\n\n\n\n<h2 class=\"wp-block-heading\">(Neustadt) &#8211; Eifersucht f\u00fchrt zur Strafanzeige<\/h2>\n\n\n\n<p>Am 24.02.2023 kurz nach 19:00 Uhr geriet ein 44-J\u00e4hriger aus Neustadt\/W. mit seiner 42-j\u00e4hrigen Ehefrau aufgrund einer Eifersuchtsproblematik zun\u00e4chst in einen verbalen Streit. Im Verlauf des Streites schlug der Mann seiner Frau mit der flachen Hand in das Gesicht, wodurch diese leichte Verletzungen erlitt. Aufgrund dieser Tatsache muss sich dieser nun in einem Strafverfahren wegen des begangenen K\u00f6rperverletzungsdelikt verantworten.<\/p>\n\n\n\n<h2 class=\"wp-block-heading\">(Neustadt) &#8211; Eine Verkehrsunfallflucht&#8230;<\/h2>\n\n\n\n<p>&#8230; konnte am 24.02.2023 um 10:30 Uhr auf dem Parkplatz eines Krankenhauses in der Stiftstra\u00dfe in 67434 Neustadt\/W. gekl\u00e4rt werden, da der unfallverursachende PKW unmittelbar neben dem besch\u00e4digten PKW stand. Die Beamten konnte vor Ort n\u00e4mlich feststellen, dass 74-J\u00e4hrige aus Neustadt\/W. mit ihrem Mazda beim Einparken einen ordnungsgem\u00e4\u00df geparkten VW Passat eines 31-J\u00e4hrigen aus Kaiserslautern streifte und sich hiernach von der Unfallstelle entfernte, ohne ihren Pflichten als Verkehrsunfallbeteiligte nachzukommen. Zudem konnten korrespondierende Sch\u00e4den an den PKW&#8217;s erkannt werden, weshalb sich nun die Mazda-Fahrerin in einem Strafverfahren wegen des Unerlaubten Entfernens vom Unfallort verantworten muss. Durch den Verkehrsunfall entstand ein Gesamtschaden in H\u00f6he von circa 2500 Euro.<\/p>\n\n\n\n<h2 class=\"wp-block-heading\">(Ha\u00dfloch) &#8211; Zeugenaufruf nach Besch\u00e4digung von 2 PKW auf DM Parkplatz<\/h2>\n\n\n<div class=\"wp-block-image\">\n<figure class=\"aligncenter size-full\"><img decoding=\"async\" loading=\"lazy\" width=\"800\" height=\"586\" src=\"https:\/\/speyer24news.com\/wp-content\/uploads\/2023\/02\/PKW.jpeg\" alt=\"\" class=\"wp-image-51392\" srcset=\"https:\/\/speyer24news.com\/wp-content\/uploads\/2023\/02\/PKW.jpeg 800w, https:\/\/speyer24news.com\/wp-content\/uploads\/2023\/02\/PKW-300x220.jpeg 300w, https:\/\/speyer24news.com\/wp-content\/uploads\/2023\/02\/PKW-768x563.jpeg 768w, https:\/\/speyer24news.com\/wp-content\/uploads\/2023\/02\/PKW-80x60.jpeg 80w\" sizes=\"(max-width: 800px) 100vw, 800px\" \/><\/figure><\/div>\n\n\n<p>Am 18.02.23 wurde der Polizeiinspektion Ha\u00dfloch ein Schaden an zwei geparkten PKW mitgeteilt. Die beiden PKW standen nebeneinander auf dem Parkplatz des DM Marktes in Ha\u00dfloch (Am Zwerchgraben 3). Bei beiden Fahrzeugen konnten in gleicher H\u00f6he Kratzer in L\u00e4ngsrichtung festgestellt werden. Das Schadensereignis kann eingegrenzt werden auf den 18.02.23, zwischen 14:50 und 15:10 Uhr. Auf Grund der Sch\u00e4den ist die Vermutung naheliegend, dass jemand mit einem Einkaufswagen die Sch\u00e4den an beiden Fahrzeugen verursacht hat. Wer Angaben zu dem Schadensereignis machen kann, meldet sich bitte bei der Polizeiinspektion Ha\u00dfloch unter Tel.: 06324\/9330 oder\u00a0<a href=\"mailto:pihassloch@polizei.rlp.de\">pihassloch@polizei.rlp.de<\/a><\/p>\n\n\n\n<h2 class=\"wp-block-heading\">(Carlsberg) &#8211; Pkw durch Brand besch\u00e4digt<\/h2>\n\n\n<div class=\"wp-block-image\">\n<figure class=\"aligncenter size-full\"><img decoding=\"async\" loading=\"lazy\" width=\"800\" height=\"600\" src=\"https:\/\/speyer24news.com\/wp-content\/uploads\/2023\/02\/Brand_PKW.jpeg\" alt=\"\" class=\"wp-image-51393\" srcset=\"https:\/\/speyer24news.com\/wp-content\/uploads\/2023\/02\/Brand_PKW.jpeg 800w, https:\/\/speyer24news.com\/wp-content\/uploads\/2023\/02\/Brand_PKW-300x225.jpeg 300w, https:\/\/speyer24news.com\/wp-content\/uploads\/2023\/02\/Brand_PKW-768x576.jpeg 768w, https:\/\/speyer24news.com\/wp-content\/uploads\/2023\/02\/Brand_PKW-678x509.jpeg 678w, https:\/\/speyer24news.com\/wp-content\/uploads\/2023\/02\/Brand_PKW-326x245.jpeg 326w, https:\/\/speyer24news.com\/wp-content\/uploads\/2023\/02\/Brand_PKW-80x60.jpeg 80w\" sizes=\"(max-width: 800px) 100vw, 800px\" \/><\/figure><\/div>\n\n\n<p>Am Sonntag, 26.02.2023 gegen 17:50 Uhr, kam es zu einem Brand eines in einer Garage stehenden PKWs in Carlsberg. Bei Eintreffen der Beamten war das Fahrzeug bereits durch die Feuerwehr gel\u00f6scht worden. Aufgrund der Rauchentwicklung wurden die Eigent\u00fcmer vorsorglich in ein nahegelegenes Krankenhaus verbracht. Ein Geb\u00e4udeschaden ist nicht entstanden. Der Gesamtschaden bel\u00e4uft sich auf ca. 10.000 EUR. Zum jetzigen Zeitpunkt d\u00fcrfte von einem technischen Defekt an dem abgebrannten Fahrzeug auszugehen sein. Weitere Ermittlungen bez\u00fcglich der genauen Brandursache erfolgen durch die Kriminalpolizei.<\/p>\n\n\n\n<h2 class=\"wp-block-heading\">(Wattenheim) &#8211; Einbruch in Pfarrheim<\/h2>\n\n\n\n<p>In der Nacht vom 24.02.2023 auf den 25.02.2023 wurde in das Pfarrheim der katholischen Kirche in Wattenheim eingebrochen. Die Polizei konnte im Rahmen der Tatortaufnahme ein aufgehebeltes Fenster im r\u00fcckw\u00e4rtigen Bereich des Geb\u00e4udes feststellen, durch welches die bislang unbekannte T\u00e4terschaft in das Objekt gelangte. Da der Raum u.a. f\u00fcr Seniorentreffen und andere Veranstaltungen genutzt wird, werden dort gl\u00fccklicherweise keine wertvollen Gegenst\u00e4nde gelagert. Es konnte lediglich ein einstelliger Betrag aus der Kaffeekasse entwendet werden. Der Sachschaden hingegen liegt laut Sch\u00e4tzungen der Polizei bei ca. 1500 Euro. Die Ermittlungen werden durch die Kriminalpolizei durchgef\u00fchrt und dauern noch an. Hinweise nimmt die Polizei Gr\u00fcnstadt unter der Telefonnummer: 06359 &#8211; 93120 oder per E-Mail:\u00a0<a href=\"mailto:pigruenstadt@polizei.rlp.de\">pigruenstadt@polizei.rlp.de<\/a>\u00a0entgegen.<\/p>\n\n\n\n<h2 class=\"wp-block-heading\">(A 6 \/ Wattenheim) &#8211; Bekifft und ohne Fahrerlaubnis unterwegs<\/h2>\n\n\n\n<p>Am Freitag, den 24.02.23, gegen 10.35 Uhr, fiel einer Zivilstreife der Polizeiautobahnstation Ruchheim auf der A6 in Richtung Saarbr\u00fccken zwischen Gr\u00fcnstadt und Wattenheim ein Renault Clio auf. Das Fahrzeug wurde anschlie\u00dfend an der Tank- und Rastanlage Pfalz in Wattenheim angehalten und einer Verkehrskontrolle unterzogen. Als der Fahrer das Fenster \u00f6ffnete, um mit den Polizisten zu sprechen, wehte den Polizeibeamten ein starker Marihuana-Geruch entgegen. Au\u00dferdem zeigte der Fahrer Auff\u00e4lligkeiten, die auf die Einnahme von Drogen hindeuteten. Der 39j\u00e4hrige Fahrer willigte in einen s.g. Urintest ein. Das Testergebnis war positiv auf THC und best\u00e4tigte den Anfangsverdacht der Polizisten.<\/p>\n\n\n\n<p>Da der 39j\u00e4hrige Fahrer bei der Kontrolle lediglich ein Foto seines irischen F\u00fchrerscheines vorweisen konnte, wurden die Polizisten misstrauisch. Bei der genaueren \u00dcberpr\u00fcfung kam dann schlie\u00dflich heraus, dass der Name auf dem vermeintlichen F\u00fchrerschein mit den Personalien des Fahrers gar nicht \u00fcbereinstimmte. Mit dem Vorwurf konfrontiert, r\u00e4umte der 39j\u00e4hige ein, dass der F\u00fchrerschein gef\u00e4lscht sei und er in Wahrheit gar keine Fahrerlaubnis besitze.<\/p>\n\n\n\n<p>Dem 39j\u00e4hrigen wurde zur Feststellung der genauen Drogenmenge im Blut eine Blutprobe entnommen. Au\u00dferdem wird gegen ihn nun wegen Fahrens ohne Fahrerlaubnis, sowie Urkundenf\u00e4lschung ermittelt.<\/p>\n\n\n\n<h2 class=\"wp-block-heading\">(Neuleiningen) &#8211; Unter Bet\u00e4ubungsmitteleinfluss Pkw gef\u00fchrt<\/h2>\n\n\n\n<p>Am Sonntag, 26.02.2023 gegen 16:45 Uhr wurde ein 26-j\u00e4hriger Opel-Fahrer in Neuleiningen einer Verkehrskontrolle unterzogen. W\u00e4hrend der Kontrolle stellten die Beamten drogentypische Auffallerscheinungen bei dem Fahrer fest. Ein anschlie\u00dfender Drogenschnelltest verlief positiv auf THC. Dem Mann wurde die Weiterfahrt untersagt und ihm wurde eine Blutprobe entnommen. Weiterhin wurden seine Fahrzeugschl\u00fcssel sichergestellt und die zust\u00e4ndige F\u00fchrerscheinstelle \u00fcber den Vorfall in Kenntnis gesetzt. Es wurden entsprechende Ermittlungsverfahren wegen Trunkenheit im Verkehr und des Versto\u00dfes gegen das Bet\u00e4ubungsmittelgesetz eingeleitet.<\/p>\n\n\n\n<h2 class=\"wp-block-heading\">(Kleinkarlbach) &#8211; Fl\u00fcchtige Fahrradfahrerin nach Verkehrsunfall<\/h2>\n\n\n\n<p>Am Freitag, den 24.02.2023, befuhr der 33-j\u00e4hrige Fahrer eines Mercedes-Benz die L520 von Neuleiningen-Tal in Fahrtrichtung Kleinkarlbach und bog nach links auf die L517 in Richtung Sausenheim bzw. Neuleingen ab. In dem Moment fuhr eine unbekannte Radfahrerin von Sausenheim bzw. Neuleiningen kommend trotz des dortigen &#8222;STOP&#8220; Schildes in den Einm\u00fcndungsbereich hinein und kollidiert mit der rechten Fahrzeugseite des Mercedes. Als der Fahrer des Mercedes die Polizei zwecks Verkehrsunfallaufnahme verst\u00e4ndigte, fuhr die unbekannte Radfahrerin in Richtung Kleinkarlbach davon. Die Radfahrerin habe laut dem PKW-Fahrer eine blaue Jeans, eine schwarze Jacke sowie einen schwarzen Rucksack getragen und sei zwischen 20 und 30 Jahre alt. Die Schadensh\u00f6he am PKW wird durch die Polizei auf 800 Euro gesch\u00e4tzt. Hinweise auf die Verursacherin nimmt die Polizeiinspektion Gr\u00fcnstadt unter der Telefonnummer: 06359 &#8211; 93120 oder per E-Mail:&nbsp;<a href=\"mailto:pigruenstadt@polizei.rlp.de\">pigruenstadt@polizei.rlp.de<\/a>&nbsp;entgegen.<\/p>\n\n\n\n<h2 class=\"wp-block-heading\">(Gr\u00fcnstadt) &#8211; Verkehrsunfall mit Flucht<a href=\"https:\/\/www.facebook.com\/sharer.php?u=https%3A%2F%2Fwww.presseportal.de%2Fblaulicht%2Fpm%2F117687%2F5450227%2F%3Futm_source%3Dfacebook%26utm_medium%3Dsocial\"><\/a><a href=\"https:\/\/twitter.com\/intent\/tweet?text=POL-PDNW%3A%20Gr%C3%BCnstadt%20-%20Verkehrsunfall%20mit%20Flucht&amp;url=https%3A%2F%2Fwww.presseportal.de%2Fblaulicht%2Fpm%2F117687%2F5450227%2F%3Futm_source%3Dtwitter%26utm_medium%3Dsocial&amp;hashtags=ots&amp;lang=de\"><\/a><a href=\"https:\/\/web.whatsapp.com\/send?text=POL-PDNW%3A%20Gr%C3%BCnstadt%20-%20Verkehrsunfall%20mit%20Flucht%0A%0Ahttps%3A%2F%2Fwww.presseportal.de%2Fblaulicht%2Fpm%2F117687%2F5450227%2F%3Futm_source%3Dwhatsapp%26utm_medium%3Dsocial\"><\/a><a href=\"https:\/\/www.xing.com\/app\/user?op=share;url=https%3A%2F%2Fwww.presseportal.de%2Fblaulicht%2Fpm%2F117687%2F5450227%2F%3Futm_source%3Dxing%26utm_medium%3Dsocial\"><\/a><a href=\"http:\/\/www.linkedin.com\/shareArticle?mini=true&amp;url=https%3A%2F%2Fwww.presseportal.de%2Fblaulicht%2Fpm%2F117687%2F5450227%2F%3Futm_source%3Dlinkedin%26utm_medium%3Dsocial&amp;title=POL-PDNW%3A+Gr%C3%BCnstadt+-+Verkehrsunfall+mit+Flucht\"><\/a><a href=\"mailto:?subject=POL-PDNW%3A%20Gr%C3%BCnstadt%20-%20Verkehrsunfall%20mit%20Flucht&amp;body=https:\/\/www.presseportal.de\/blaulicht\/pm\/117687\/5450227\"><\/a><\/h2>\n\n\n\n<p>Am Dienstag, den 21.02.2023 um 16:30 Uhr, befuhr eine 85-j\u00e4hrige Fahrerin eines VW Golfs die Obers\u00fclzer Stra\u00dfe von Obers\u00fclzen in Fahrtrichtung Gr\u00fcnstadt Zentrum. Auf der Obers\u00fclzer Br\u00fccke kam ihr ein blauer Kleinwagen entgegen, welcher im Kurvenbereich auf ihre Fahrbahn kam und das Fahrzeug der 85-j\u00e4hrigen Frau touchierte. Durch die Kollision l\u00f6ste sich u.a. die Hecksto\u00dfstange des VWs. Es entstand ein Sachschaden in H\u00f6he von ca. 3000 Euro an ihrem VW. Der blaue Kleinwagen fuhr ohne anzuhalten weiter in Richtung Obers\u00fclzen. Hinweise auf den Unfallverursacher nimmt die Polizeiinspektion Gr\u00fcnstadt unter der Telefonnummer: 06359 -93120 oder per E-Mai:&nbsp;<a href=\"mailto:pigruenstadt@polizei.rlp.de\">pigruenstadt@polizei.rlp.de<\/a>&nbsp;entgegen.<\/p>\n\n\n\n<h2 class=\"wp-block-heading\">(Gr\u00fcnstadt) &#8211; Verkehrsunfall mit anschlie\u00dfender Flucht II<\/h2>\n\n\n\n<p>Am Dienstag, den 21.02.2023, parkte ein 36-j\u00e4hriger seinen wei\u00dfen VW Touran gegen 13:00 Uhr in der Obers\u00fclzer Stra\u00dfe, im Einm\u00fcndungsbereich zur Stra\u00dfe &#8222;Verladeplatz&#8220;, in Gr\u00fcnstadt am Fahrbahnrand. Als der PKW-Fahrer gegen 22:00 Uhr wieder zu seinem PKW zur\u00fccklief, stellte er einen erheblichen Schaden auf der linken Fahrzeugseite fest. Aufgrund der Spurenlage geht die Polizei davon aus, dass der Schaden durch ein rotes, ausparkendes Fahrzeug der Stellpl\u00e4tze gegen\u00fcber verursacht wurde. Der Schaden am VW Touran wird auf ca. 1500 Euro gesch\u00e4tzt. Hinweise zum Unfallverursacher nimmt die Polizei Gr\u00fcnstadt unter der Telefonnummer: 06359 &#8211; 93120 oder per E-Mail:\u00a0<a href=\"mailto:pigruenstadt@polizei.rlp.de\">pigruenstadt@polizei.rlp.de<\/a>\u00a0entgegen.<\/p>\n\n\n\n<h2 class=\"wp-block-heading\">(Gr\u00fcnstadt-Asselheim) &#8211; Verkehrsunfall auf der Eistalstra\u00dfe \/ Verursacher fl\u00fcchtig<\/h2>\n\n\n\n<p>Am Freitag, den 24.02.2023, ereignete sich gegen 18:30 Uhr ein Verkehrsunfall mit anschlie\u00dfender Flucht auf der Eistalstra\u00dfe zwischen Asselheim und Mertesheim. Der unbekannte Fahrer eines silbernen\/grauen 1er BMWs mit &#8222;KIB&#8220;-Kennzeichen befuhr die Eistalstra\u00dfe und kam auf H\u00f6he des Ortsausgangs Asselheim nach links auf die Gegenfahrbahn. Dabei touchierte der BMW einen entgegenkommenden Audi A6 eines 27-J\u00e4hrigen am linken Au\u00dfenspiegel. Am Audi entstand ein Sachschaden in H\u00f6he von circa 500 Euro. Hinweise auf den Verursacher sowie zum Fahrzeug nimmt die Polizeiinspektion Gr\u00fcnstadt unter der Telefonnummer: 06359 &#8211; 93120 oder per E-Mail:\u00a0<a href=\"mailto:pigruenstadt@polizei.rlp.de\">pigruenstadt@polizei.rlp.de<\/a>\u00a0entgegen.<\/p>\n\n\n\n<h2 class=\"wp-block-heading\">(Frankenthal) &#8211; Versuchter Betrug durch falsche Polizeibeamte<\/h2>\n\n\n\n<p>Am 24.02.2023, in der Zeit von 14:30 Uhr bis 16:30 Uhr kam es vermehrt zu Telefonanrufen mit betr\u00fcgerischer Absicht. Die Anrufer, welche sich als Polizeibeamte ausgaben, teilten im Rahmen des Telefonates mit, dass ein naher Angeh\u00f6riger einen schweren Verkehrsunfall verursacht habe und nun eine Kaution f\u00e4llig sei. Die Geldforderungen der Anrufer lagen im 5-stelligen Bereich. In den der Polizeiinspektion Frankenthal gemeldeten F\u00e4lle kam es zu keinem Schaden, da die Betrugsmasche durch die Angerufenen rechtzeitig erkannt wurde.<\/p>\n\n\n\n<p>Immer wieder missbrauchen Betr\u00fcger den Namen der Polizei f\u00fcr kriminelle Zwecke. Dabei nutzen sie gef\u00e4lschte Dienstausweise, versenden raffiniert gef\u00e4lschte E-Mails oder geben sich am Telefon als Polizeibeamte aus.<\/p>\n\n\n\n<p>Lassen Sie sich nicht t\u00e4uschen und seien Sie misstrauisch. Wenn Ihnen der Anruf seltsam erscheint rufen Sie uns an. Wir sind unter der 110 oder der 06233\/313-0 f\u00fcr Sie da. Verwenden sie beim R\u00fcckruf, wenn m\u00f6glich, bitte auch ein anderes Telefon.<\/p>\n\n\n\n<p>Wir wollen, dass Sie sicher Leben &#8211; Ihre Polizei Frankenthal.<\/p>\n\n\n\n<h2 class=\"wp-block-heading\">(Ludwigshafen) &#8211; Mehrere PKW-Aufbr\u00fcche<\/h2>\n\n\n\n<p>In der Nacht auf Samstag, 25.02.2023, wurden mehrere PKW im Bereich Oppau aufgebrochen und daraus Wertsachen entwendet. Hierbei wurde jeweils eine Scheibe eingeschlagen, die Fahrzeuge durchsucht und aufgefundene Gegenst\u00e4nde gestohlen. Die T\u00e4ter konnten im Anschluss unerkannt fl\u00fcchten.<\/p>\n\n\n\n<p>M\u00f6gliche Zeugen, die Hinweise zu verd\u00e4chtigen Umst\u00e4nden\/ Personen oder andere sachdienliche Informationen geben k\u00f6nnen, werden gebeten sich telefonisch bei der Polizei Ludwigshafen 2 unter 0621 \/ 963-2222 zu melden.<\/p>\n\n\n\n<p>Ferner r\u00e4t die Polizei, Wertgegenst\u00e4nde oder Taschen nicht im Fahrzeug zu belassen.<\/p>\n\n\n\n<h2 class=\"wp-block-heading\">(Mannheim) &#8211; Unter Drogeneinfluss und mit Schlagstock im Auto unterwegs<\/h2>\n\n\n\n<p>Unter dem Einfluss von Bet\u00e4ubungsmitteln stand der 20-j\u00e4hrige Fahrer eines VW, der am Samstag gegen 23.05 Uhr von Beamten des Polizeireviers Mannheim-K\u00e4fertal in der Oberen Riedstra\u00dfe einer Verkehrskontrolle unterzogen wurde. Da der junge Mann drogenspezifische Ausfallerscheinungen aufwies und ein freiwilliger Drogenvortest positiv auf Marihuana verlief, musste er eine Blutprobe abgeben. In der Innentasche seiner Jacke fanden die Beamten dann auch noch einen griffbereiten Teleskopschlagstock, der im Anschluss beschlagnahmt wurde. Gegen den Mann wurde ein Ermittlungsverfahren wegen Fahrens unter Drogeneinfluss und eines Versto\u00dfes gegen das Waffengesetz eingeleitet.<\/p>\n\n\n\n<h2 class=\"wp-block-heading\">(Mannheim) &#8211; Fu\u00dfg\u00e4nger mit Pkw am Bein erfasst und weitergefahren<\/h2>\n\n\n\n<p>Am Samstag, dem 25.02.2023, gegen 13:20 Uhr kam es im Bereich der Mannheimer Innenstadt, in H\u00f6he des Quadrates E3, zu einem Verkehrsunfall mit Personenschaden, bei dem sich der Verursacher auch anschlie\u00dfend unerlaubt vom Unfallort entfernte. Zur vorgenannter Zeit querte ein 45-j\u00e4hriger Passant die Fahrbahn von F3 nach E3 und wurde von einem 65-j\u00e4hrigen VW-Fahrer, welcher zeitgleich von E2\/E3 nach F3 abbog, leicht im Bereich des Beines erfasst. Der Verursacher sprach noch kurz den Gesch\u00e4digten an, fuhr jedoch anschlie\u00dfend, ohne die erforderlichen Feststellungspflichten zu treffen, weiter. Der Unfallverursacher konnte im Rahmen der weiteren Ermittlungen angetroffen werden, sieht nun einer Strafanzeige entgegen und muss sich hinsichtlich dem Verkehrsdelikt verantworten.<\/p>\n\n\n\n<h2 class=\"wp-block-heading\">(Mannheim-Neckarau) &#8211; Betrunken, ohne Fahrerlaubnis und mit Messer unterwegs<\/h2>\n\n\n\n<p>Am fr\u00fchen Sonntagmorgen, gegen 00:54 Uhr f\u00fchrte eine Streife, in der Lerchenstra\u00dfe, im Bereich MA- Neckarau, eine Verkehrskontrolle durch. Bei der Kontrolle konnten die Beamten bei dem 32-j\u00e4hrigen Fahrer eines Pkw Ford fr\u00fchzeitig eine Alkoholbeeinflussung feststellen. Im weiteren Verlauf der Kontrollma\u00dfnahmen konnte auch noch in Erfahrung gebracht werden, dass der Fahrzeug-F\u00fchrer nicht im Besitz einer g\u00fcltigen Fahrerlaubnis ist. Zudem wurde bei dem Mann noch ein mitgef\u00fchrtes Butterfly-Messer festgestellt. Das gef\u00fchrte Fahrzeug wurde verkehrssicher abgestellt, bei dem verantwortlichen Fahrzeug-F\u00fchrer wurde eine Blutentnahme durchgef\u00fchrt und das mitgef\u00fchrte Messer wurde einbehalten. Der Fahrzeug-F\u00fchrer muss sich nun hinsichtlich der Trunkenheit im Verkehr, des Fahrens ohne Fahrerlaubnis und aufgrund eines Versto\u00dfes gegen das Waffengesetz verantworten.<\/p>\n\n\n\n<h2 class=\"wp-block-heading\">(Heidelberg-Weststadt) &#8211; Radfahrerin angefahren und einfach weitergefahren \/ Zeugen gesucht<\/h2>\n\n\n\n<p>Am Freitagmorgen, gegen 08.12 Uhr, befuhr eine 31-j\u00e4hrige Fahrradfahrerin die Lessingstra\u00dfe in Richtung Neckar. An der Kreuzung der Lessingstra\u00dfe zur Kurf\u00fcrsten-Anlage querte die Radfahrerin bei Gr\u00fcnlicht den Ampelbereich und wurde hierbei am Hinterrad durch einen silbergrauen Mercedes Benz Vito touchiert. Die Radfahrerin kam zu Fall wurde aber nicht verletzt. Der oder die Unfallverursacherin setzte seine Fahrt fort ohne sich weiter um die Radfahrerin zu k\u00fcmmern. Zwei namentlich nicht bekannte Zeugen sollen den Vorfall beobachtet haben. <\/p>\n\n\n\n<ul>\n<li><strong>Beschreibung des unfallverursachenden Fahrzeugs: silbergrauer Mercedes Benz Vito mit einem Aufdruck oder Firmenlogo auf der rechten Fahrzeugseite.<\/strong><\/li>\n<\/ul>\n\n\n\n<p>Zeugen die den Vorfall beobachtet haben werden gebeten sich unter 06221-18570 beim Polizeirevier HD-Mitte zu melden.<\/p>\n\n\n\n<h2 class=\"wp-block-heading\">(Heidelberg-S\u00fcdstadt) &#8211; Radfahrer mit 1,78 Promille am Stra\u00dfenverkehr teilgenommen<\/h2>\n\n\n\n<p>Am fr\u00fchen Samstagmorgen, gegen 03.30 Uhr, fiel einer Streife des Polizeireviers Heidelberg S\u00fcd ein 22-j\u00e4hriger Fahrradfahrer auf, der mit seinem Fahrrad und ohne eingeschaltete Beleuchtung die Rohrbacher Stra\u00dfe befuhr. Nachdem die Beamten den Radfahrer noch aus dem Streifenwagen heraus auf den Umstand ansprachen versuchte dieser zun\u00e4chst zu fliehen. Nach einer kurzen Hinterherfahrt konnten die Beamten den 22-J\u00e4hrigen stoppen und einer Kontrolle unterziehen. Schnell war die Motivation des Radfahrers klar. Im Verlauf der Kontrolle bemerkten diese bei ihm, dass dieser nach Alkohol roch. Ein Atemalkoholtest f\u00f6rderte einen Atemalkoholwert von 1,78 Promille zu Tage. Dem 42-J\u00e4hrigen wurde eine Blutprobe entnommen. Er muss sich nun wegen der Trunkenheit im Stra\u00dfenverkehr verantworten.<\/p>\n\n\n\n<h2 class=\"wp-block-heading\">(Walldorf \/ Rhein-Neckar-Kreis) &#8211; Beim Abbiegen rote Ampel \u00fcbersehen \/ Zusammensto\u00df zweier Pkw<\/h2>\n\n\n\n<p>Derzeit befinden sich Polizei und Rettungskr\u00e4fte im Bereich der Auffahrt der B 291 zur BAB5 im Einsatz. Hier \u00fcbersah ein Fahrzeuglenker beim Abbiegen eine rote Ampel und stie\u00df mit einem entgegenkommenden Pkw zusammen. \u00dcber die Anzahl der Verletzten und die Schadensh\u00f6he liegen noch keine Erkenntnisse vor.<\/p>\n\n\n\n<h3 class=\"has-text-align-center wp-block-heading\">Pressemitteilung Nr. 2<\/h3>\n\n\n\n<p>Am Samstagabend, gegen 22.00 Uhr, befuhr eine 25-j\u00e4hrige Dodge-Fahrerin die L723\/B291 aus Reilingen kommend in Richtung Walldorf. An der Abfahrt zur Anschlussstelle der BAB A5 bog die 25-J\u00e4hrige links ab und \u00fcbersah hierbei das Rotlicht der dortigen Ampelanlage. In der weiteren Folge kollidierte sie mit dem ihr entgegenkommenden Skoda einer 54-J\u00e4hrigen. Durch den Zusammensto\u00df wurden beide Fahrzeuglenkerinnen leicht verletzt und in umliegenden Krankenh\u00e4usern ambulant behandelt. An den am Unfall beteiligten Fahrzeugen entstand ein gesch\u00e4tzter Gesamtschaden in H\u00f6he von ca. 20 000,- Euro. Da diese nicht mehr fahrbereit waren mussten sie abgeschleppt werden.<\/p>\n\n\n\n<h2 class=\"wp-block-heading\">(Walldorf \/ Rhein-Neckar-Kreis) &#8211; Unbekannte sprengen Geldautomaten<\/h2>\n\n\n<div class=\"wp-block-image\">\n<figure class=\"aligncenter size-full\"><img decoding=\"async\" loading=\"lazy\" width=\"640\" height=\"427\" src=\"https:\/\/speyer24news.com\/wp-content\/uploads\/2021\/04\/Gesprengter-Geldautomat-Beispielfoto.jpg\" alt=\"\" class=\"wp-image-35942\" srcset=\"https:\/\/speyer24news.com\/wp-content\/uploads\/2021\/04\/Gesprengter-Geldautomat-Beispielfoto.jpg 640w, https:\/\/speyer24news.com\/wp-content\/uploads\/2021\/04\/Gesprengter-Geldautomat-Beispielfoto-300x200.jpg 300w\" sizes=\"(max-width: 640px) 100vw, 640px\" \/><figcaption class=\"wp-element-caption\">Symbolbild &#8222;gesprengter Geldautomat&#8220;, dient lediglich der Visualisierung<\/figcaption><\/figure><\/div>\n\n\n<p>Am fr\u00fchen Samstagmorgen sprengten bislang unbekannte T\u00e4ter einen Geldautomaten in einem Lebensmittelmarkt in der Bahnhofsstra\u00dfe. Demnach verschafften sich mehrere T\u00e4ter gegen 03.45 Uhr gewaltsam Zutritt zum Innern des Marktes. Hiernach sprengten diese den im Eingangsbereich befindlichen Geldautomaten. Eine sofort eingeleitete \u00fcberregionale Fahndung f\u00fchrte bislang nicht zum Aufgreifen der T\u00e4ter. Durch die Sprengung wurde neben dem Geldautomaten, der zerst\u00f6rt wurde, auch Teile der Innenausstattung im Geb\u00e4ude besch\u00e4digt. Die H\u00f6he des entstandenen Schadens sowie die H\u00f6he des Stehlguts sind bislang noch nicht bekannt. Die Zentrale Kriminaltechnik der Kriminalpolizeidirektion Heidelberg wurde mit der Spurensicherung am Tatort beauftragt. Sprengstoffexperten des Landeskriminalamts Stuttgart wurden ebenfalls in die weiteren Ermittlungen und Auswertung der Spuren mit eingebunden. Zeugen, die Verd\u00e4chtiges beobachtet haben oder Hinweise geben k\u00f6nnen, werden gebeten, sich an das kriminalpolizeiliche Hinweistelefon, Tel.: 0621 174 4444 zu wenden.<\/p>\n\n\n\n<h2 class=\"wp-block-heading\">(Reichartshausen \/ Rhein-Neckar-Kreis) &#8211; M\u00fclls\u00e4cke im Wald entsorgt<\/h2>\n\n\n\n<p>Am gestrigen Samstag, gegen ca. 12:20 Uhr konnte, durch einen aufmerksamen Mitteiler, eine illegale M\u00fcllentsorgung in Reichartshausen, im Bereich des alten Sportplatzes bei der L532, festgestellt werden. Im dortigen angrenzenden Waldgebiet wurden acht M\u00fclls\u00e4cke mit D\u00e4mmwolle unrechtm\u00e4\u00dfig entsorgt. Durch eine Streifenbesatzung konnten, bei der Pr\u00fcfung des Unrates und bei den anschlie\u00dfenden weitergehenden Ermittlungen, Hinweise auf m\u00f6gliche Verursacher erlangt werden. Die Ermittlungen dauern an.<\/p>\n\n\n\n<p>Zeugen, die weitere sachdienliche Hinweise geben k\u00f6nnen, werden gebeten, sich beim Polizeirevier Sinsheim, unter der Telefonnummer: 07261\/690-0, zu melden.<\/p>\n","protected":false},"excerpt":{"rendered":"<div class=\"mh-excerpt\"><p>Polizeimeldungen vom Wochenende (25.02.-26.02.2023) (Speyer) &#8211; Verkehrsunfall unter Alkoholeinfluss Am sp\u00e4ten Samstagnachmittag gegen 17.30 Uhr wurde die Polizei \u00fcber einen Verkehrsunfall auf dem Parkplatz eines Supermarktes in der Else-Krieg-Stra\u00dfe informiert. Ein 54-j\u00e4hriger LKW-Fahrer hatte beim <a class=\"mh-excerpt-more\" href=\"https:\/\/speyer24news.com\/?p=51388\" title=\"Polizeimeldungen Wochenende (25.02.-26.02.2023)\">[&#8230;]<\/a><\/p>\n<\/div>","protected":false},"author":3,"featured_media":26162,"comment_status":"open","ping_status":"open","sticky":false,"template":"","format":"standard","meta":{"_monsterinsights_skip_tracking":false,"_monsterinsights_sitenote_active":false,"_monsterinsights_sitenote_note":"","_monsterinsights_sitenote_category":0,"footnotes":""},"categories":[15659],"tags":[7243,7244,3614,350,14537,15084,15267,14538,15361,15845,702,61,2555,6955,6986,6263,63,105,11150,6987,53,4854,13534,4683,1548,4905,11592,102,13626,213,14325,14324,13553,13541,55,8277,6368,5261,103,106,2803,2423,427,2625,380,62,104,979,1565],"aioseo_notices":[],"amp_enabled":true,"_links":{"self":[{"href":"https:\/\/speyer24news.com\/index.php?rest_route=\/wp\/v2\/posts\/51388"}],"collection":[{"href":"https:\/\/speyer24news.com\/index.php?rest_route=\/wp\/v2\/posts"}],"about":[{"href":"https:\/\/speyer24news.com\/index.php?rest_route=\/wp\/v2\/types\/post"}],"author":[{"embeddable":true,"href":"https:\/\/speyer24news.com\/index.php?rest_route=\/wp\/v2\/users\/3"}],"replies":[{"embeddable":true,"href":"https:\/\/speyer24news.com\/index.php?rest_route=%2Fwp%2Fv2%2Fcomments&post=51388"}],"version-history":[{"count":1,"href":"https:\/\/speyer24news.com\/index.php?rest_route=\/wp\/v2\/posts\/51388\/revisions"}],"predecessor-version":[{"id":51394,"href":"https:\/\/speyer24news.com\/index.php?rest_route=\/wp\/v2\/posts\/51388\/revisions\/51394"}],"wp:featuredmedia":[{"embeddable":true,"href":"https:\/\/speyer24news.com\/index.php?rest_route=\/wp\/v2\/media\/26162"}],"wp:attachment":[{"href":"https:\/\/speyer24news.com\/index.php?rest_route=%2Fwp%2Fv2%2Fmedia&parent=51388"}],"wp:term":[{"taxonomy":"category","embeddable":true,"href":"https:\/\/speyer24news.com\/index.php?rest_route=%2Fwp%2Fv2%2Fcategories&post=51388"},{"taxonomy":"post_tag","embeddable":true,"href":"https:\/\/speyer24news.com\/index.php?rest_route=%2Fwp%2Fv2%2Ftags&post=51388"}],"curies":[{"name":"wp","href":"https:\/\/api.w.org\/{rel}","templated":true}]}}