{"id":51396,"date":"2023-02-28T09:24:55","date_gmt":"2023-02-28T08:24:55","guid":{"rendered":"https:\/\/speyer24news.com\/?p=51396"},"modified":"2023-02-28T09:24:58","modified_gmt":"2023-02-28T08:24:58","slug":"polizeimeldungen-montag-27-02-2023","status":"publish","type":"post","link":"https:\/\/speyer24news.com\/?p=51396","title":{"rendered":"Polizeimeldungen Montag (27.02.2023)"},"content":{"rendered":"<style type=\"text\/css\">\r\n\t.ads_top_disp{}\r\n\t.ads_top_corner_disp{ float:left; margin:0px 10px 10px 0px; }\r\n\t.ads_first_p_disp{}\r\n\t.ads_bottom_disp{}\r\n\t<\/style>\n<h2 class=\"wp-block-heading\">Polizeimeldungen vom Montag (27.02.2023)<\/h2>\n\n\n<div class=\"wp-block-image\">\n<figure class=\"aligncenter size-full\"><img decoding=\"async\" loading=\"lazy\" width=\"375\" height=\"500\" src=\"https:\/\/speyer24news.com\/wp-content\/uploads\/2022\/03\/Aktuelles-Polizeilogo.jpg\" alt=\"\" class=\"wp-image-43591\" srcset=\"https:\/\/speyer24news.com\/wp-content\/uploads\/2022\/03\/Aktuelles-Polizeilogo.jpg 375w, https:\/\/speyer24news.com\/wp-content\/uploads\/2022\/03\/Aktuelles-Polizeilogo-225x300.jpg 225w\" sizes=\"(max-width: 375px) 100vw, 375px\" \/><\/figure><\/div>\n\n\n<h2 class=\"wp-block-heading\">(Speyer) &#8211; Fahrzeugf\u00fchrer ohne F\u00fchrerschein aber mit Drogen und Luftdruckgewehr unterwegs<a href=\"https:\/\/www.facebook.com\/sharer.php?u=https%3A%2F%2Fwww.presseportal.de%2Fblaulicht%2Fpm%2F117688%2F5450882%2F%3Futm_source%3Dfacebook%26utm_medium%3Dsocial\"><\/a><a href=\"https:\/\/twitter.com\/intent\/tweet?text=POL-PDLU%3A%20Fahrzeugf%C3%BChrer%20ohne%20F%C3%BChrerschein%20aber%20mit%20Drogen%20und%20Luftdruckgewehr%20unterwegs&amp;url=https%3A%2F%2Fwww.presseportal.de%2Fblaulicht%2Fpm%2F117688%2F5450882%2F%3Futm_source%3Dtwitter%26utm_medium%3Dsocial&amp;hashtags=ots&amp;lang=de\"><\/a><a href=\"https:\/\/web.whatsapp.com\/send?text=POL-PDLU%3A%20Fahrzeugf%C3%BChrer%20ohne%20F%C3%BChrerschein%20aber%20mit%20Drogen%20und%20Luftdruckgewehr%20unterwegs%0A%0Ahttps%3A%2F%2Fwww.presseportal.de%2Fblaulicht%2Fpm%2F117688%2F5450882%2F%3Futm_source%3Dwhatsapp%26utm_medium%3Dsocial\"><\/a><a href=\"https:\/\/www.xing.com\/app\/user?op=share;url=https%3A%2F%2Fwww.presseportal.de%2Fblaulicht%2Fpm%2F117688%2F5450882%2F%3Futm_source%3Dxing%26utm_medium%3Dsocial\"><\/a><a href=\"http:\/\/www.linkedin.com\/shareArticle?mini=true&amp;url=https%3A%2F%2Fwww.presseportal.de%2Fblaulicht%2Fpm%2F117688%2F5450882%2F%3Futm_source%3Dlinkedin%26utm_medium%3Dsocial&amp;title=POL-PDLU%3A+Fahrzeugf%C3%BChrer+ohne+F%C3%BChrerschein+aber+mit+Drogen+und+Luftdruckgewehr+unterwegs\"><\/a><a href=\"mailto:?subject=POL-PDLU%3A%20Fahrzeugf%C3%BChrer%20ohne%20F%C3%BChrerschein%20aber%20mit%20Drogen%20und%20Luftdruckgewehr%20unterwegs&amp;body=https:\/\/www.presseportal.de\/blaulicht\/pm\/117688\/5450882\"><\/a><\/h2>\n\n\n\n<p>Am 26.02.2023 gegen 19:25 Uhr fiel den Beamten der PI Speyer in der Burgstra\u00dfe ein 32-J\u00e4hriger Fahrzeugf\u00fchrer aufgrund seiner ungew\u00f6hnlichen Fahrweise auf. Der Mann fuhr mit dem Pkw seiner Mutter ungew\u00f6hnlich weit links und bremste immer wieder ohne \u00e4u\u00dfere Veranlassung leicht ab. Bei der Kontrolle stellten die Beamten fest, dass der 32-J\u00e4hrige nie im Besitz einer Fahrerlaubnis war. Au\u00dferdem zeigte er drogentypische Auffallerscheinungen. Bei der Durchsuchung fanden die Beamten im Schuh ein T\u00fctchen Amphetamin. Im Kofferraum des Pkw konnte ein Luftdruckgewehr festgestellt werden. Das Fahrzeug hatte, laut eigenen Angaben, ohne Wissen seiner Mutter genutzt. Am Fahrzeug selbst war au\u00dferdem der T\u00dcV abgelaufen und der Mann f\u00fchrte auf der R\u00fcckbank einen ungesicherten Hund mit sich. Den Fahrzeugschl\u00fcssel stellten die Beamten sicher und dem Mann wurde auf der Dienststelle eine Blutprobe entnommen.<\/p>\n\n\n\n<h2 class=\"wp-block-heading\">(Speyer) &#8211; Einbruch in Friseur<\/h2>\n\n\n\n<p>Im Zeitraum vom 25.02.2023, 16:30 Uhr bis 26.02.2023, 07:20 Uhr hebelten bislang unbekannte T\u00e4ter ein Fenster zu einem Friseurgesch\u00e4ft in der St.-Georgen-Gasse auf. Im Innenbereich des Gesch\u00e4ftes entnahmen die unbekannten T\u00e4ter einen geringen zweistelligen Bargeldbetrag aus der Kasse. <\/p>\n\n\n\n<ul>\n<li><strong>Wer hat etwas beobachtet oder kann sachdienliche Hinweise geben? Zeugen werden gebeten, ihre Wahrnehmungen der Polizei Speyer telefonisch oder per E-Mail mitzuteilen (Tel. 06232 \/ 137-0, E-Mail an\u00a0<a href=\"mailto:pispeyer@polizei.rlp.de\">pispeyer@polizei.rlp.de<\/a><\/strong>.)<\/li>\n<\/ul>\n\n\n\n<h2 class=\"wp-block-heading\">(Speyer) &#8211; Kontrollstellen der Polizei<\/h2>\n\n\n\n<p>Am Samstag zwischen 11:30 Uhr und 12:00 Uhr betrieben Polizeibeamte eine Kontrollstelle in der Auestra\u00dfe. Au\u00dferdem eine Weitere zwischen 17:00 Uhr und 17:30 Uhr in der Wormser Landstra\u00dfe. Hierbei kontrollierten sie 25 Fahrzeuge mit dem Fokus auf einen ordnungsgem\u00e4\u00dfen Fahrzeugzustand, der Benutzung von einem Handy und fehlendem Sicherheitsgurt. Im Rahmen der Kontrollen konnten folgende Verst\u00f6\u00dfe festgestellt werden: 2x Sicherheitsgurte nicht angelegt, 1x fehlender Helm bei dem Sozius eines Rollerfahrers und f\u00fcnf M\u00e4ngelberichte.<\/p>\n\n\n\n<h2 class=\"wp-block-heading\">(Speyer) &#8211; K\u00f6rperverletzung, Beleidigung, Bedrohung und Sachbesch\u00e4digung durch einen 19-J\u00e4hrigen<\/h2>\n\n\n<div class=\"wp-block-image\">\n<figure class=\"aligncenter size-full\"><img decoding=\"async\" loading=\"lazy\" width=\"800\" height=\"600\" src=\"https:\/\/speyer24news.com\/wp-content\/uploads\/2019\/06\/Ausn\u00fcchterungszelle.jpg\" alt=\"\" class=\"wp-image-15212\" srcset=\"https:\/\/speyer24news.com\/wp-content\/uploads\/2019\/06\/Ausn\u00fcchterungszelle.jpg 800w, https:\/\/speyer24news.com\/wp-content\/uploads\/2019\/06\/Ausn\u00fcchterungszelle-300x225.jpg 300w, https:\/\/speyer24news.com\/wp-content\/uploads\/2019\/06\/Ausn\u00fcchterungszelle-768x576.jpg 768w, https:\/\/speyer24news.com\/wp-content\/uploads\/2019\/06\/Ausn\u00fcchterungszelle-678x509.jpg 678w, https:\/\/speyer24news.com\/wp-content\/uploads\/2019\/06\/Ausn\u00fcchterungszelle-326x245.jpg 326w, https:\/\/speyer24news.com\/wp-content\/uploads\/2019\/06\/Ausn\u00fcchterungszelle-80x60.jpg 80w\" sizes=\"(max-width: 800px) 100vw, 800px\" \/><figcaption class=\"wp-element-caption\">Beispielbild Zelle \/ Verhaftung, dient lediglich der Visualisierung<\/figcaption><\/figure><\/div>\n\n\n<p>Am 24.02.202 gegen 09:50 Uhr kam es zu einer lautstarken Auseinandersetzung zwischen einem 19-J\u00e4hrigen und einem 41-j\u00e4hrigen Mann in der Eichendorffstra\u00dfe. Der Streit begann schon in der Wohnung der Mutter des 19-J\u00e4hrigen und endete schlussendlich nach einer Verfolgung in einer k\u00f6rperlichen Auseinandersetzung auf der Stra\u00dfe. Bei der Verfolgung beleidigte und bedrohte der 19-J\u00e4hrige den 41-J\u00e4hrigen derart, dass dieser sich in einem Hauseingang versteckte. Der j\u00fcngere Mann konnte den 41-J\u00e4hrigen allerdings finden. Da der \u00c4ltere die T\u00fcr nicht \u00f6ffnete, schlug der 19-J\u00e4hrige mit der Faust die Glasfensterscheibe ein. Dabei zog er sich eine stark blutende Wunde an der Hand zu, welche durch den Rettungsdienst versorgt wurde. Aufgrund des stark alkoholisierten Zustandes des jungen Mannes wurde dieser letztlich auf dem Boden fixiert, da er immer wieder auf den 41-j\u00e4hrigen losgehen wollte. Der Mann wurde in Gewahrsam genommen und auf die Dienstelle gebracht. Im Verlauf des Einsatzes beleidigte er einen Gro\u00dfteil der eingesetzten Beamten. Ein Alkoholtest ergab einen Wert von 2,19 Promille.<\/p>\n\n\n\n<h2 class=\"wp-block-heading\">(Speyer) &#8211; Sachbesch\u00e4digungen durch Graffiti\/ Polizei ermittelt<\/h2>\n\n\n\n<p>Seit geraumer Zeit werden im Innenstadtbereich von Speyer eine Serie von Graffiti-Tags festgestellt. Die Polizei hat die Ermittlungen bereits aufgenommen und geht verschiedenen Hinweisen und Spuren nach. <\/p>\n\n\n\n<ul>\n<li><strong>Weitere Zeugen werden dennoch gebeten sich an die Polizei Speyer zu wenden: Wer hat etwas beobachtet oder kann sachdienliche Hinweise geben? Zeugen werden gebeten, ihre Wahrnehmungen der Polizei Speyer telefonisch oder per E-Mail mitzuteilen (Tel. 06232 \/ 137-0, E-Mail an\u00a0<a href=\"mailto:pispeyer@polizei.rlp.de\">pispeyer@polizei.rlp.de<\/a>.)<\/strong><\/li>\n<\/ul>\n\n\n\n<h2 class=\"wp-block-heading\">(R\u00f6merberg-Heiligenstein) &#8211; 16-J\u00e4hriger bei &#8222;Fahr\u00fcbungen&#8220; erwischt<\/h2>\n\n\n\n<p>Am 24.02.2023 gegen 15:15 Uhr kontrollierten Beamte einen 16-J\u00e4hrigen Mann in einem PKW auf einem Wirtschaftsweg parallel zur L507 im Bereich Heiligenstein. Eine 29-J\u00e4hige gew\u00e4hrte dem jungen Mann kostenlose Fahrstunden und \u00fcberlie\u00df ihm ihr Fahrzeug. Aufgrund der auff\u00e4lligen Fahrweise fiel den Beamten das Auto auf dem Feldweg auf und sie kontrollierten den viel zu jungen Fahrzeugf\u00fchrer. F\u00fcr seine &#8222;Fahrstunde&#8220; muss die 16-j\u00e4hrige nun mit einer Anzeige wegen Fahrens ohne Fahrerlaubnis rechnen. Auch die Halterin muss sich ebenfalls wegen Zulassen zum Fahren ohne Fahrerlaubnis verantworten.<\/p>\n\n\n\n<h2 class=\"wp-block-heading\">(Germersheim) &#8211; Diebstahl aus Garagen<\/h2>\n\n\n\n<p>Bislang unbekannte T\u00e4ter \u00f6ffneten am vergangenen Wochenende ein Garagentor in der Stra\u00dfe &#8222;An Fronte Karl&#8220;. Aus dem Inneren des Garagenkomplexes, der aus insgesamt f\u00fcnf Garagen besteht, entwendeten sie mehrere Gegenst\u00e4nde. Die genaue Schadensh\u00f6he ist noch nicht bekannt. Zeugenhinweise nimmt die Polizei Germersheim unter der Telefonnummer 07274\/9580 oder per Mail an\u00a0<a href=\"mailto:pigermersheim@polizei.rlp.de\">pigermersheim@polizei.rlp.de<\/a>\u00a0entgegen.<\/p>\n\n\n\n<h2 class=\"wp-block-heading\">(W\u00f6rth \/ Kandel) &#8211; Verkehrskontrollen im Dienstgebiet<\/h2>\n\n\n\n<p>Am Samstagnachmittag kontrollierte die Polizei in der Eisenbahnstra\u00dfe in Maximiliansau. Dabei stellte die Beamtinnen und Beamten sieben M\u00e4ngelberichte aus. Es ergaben sich ein Versto\u00df gegen die Helmpflicht und ein Versto\u00df gegen die Anschnallpflicht. Bei einem PKW wurde festgestellt, dass ein angebrachter Heckspoiler und die montierte Rad-\/ Reifenkombination nicht ordnungsgem\u00e4\u00df eingetragen war. Aufgrund des Erl\u00f6schens der Betriebserlaubnis wurde eine OWI-Verfahren eingeleitet und die Weiterfahrt untersagt. Bei einer weiteren Kontrolle in Kandel an der L542 zwischen 15 Uhr und 16 Uhr wurde schwerpunktm\u00e4\u00dfig die Vorfahrtsregelung \u00fcberwacht, insbesondere die Beachtung des Stopp Schildes. Dabei kam es zu zehn Verst\u00f6\u00dfen gegen das unbedingte Haltegebot. Zus\u00e4tzlich wurden noch drei M\u00e4ngelberichte ausgestellt.<\/p>\n\n\n\n<h2 class=\"wp-block-heading\">(Kandel) &#8211; Hochwertiges E-Bike entwendet<\/h2>\n\n\n\n<p>Aus einem Kellerraum eines Mehrfamilienhauses in der Raiffeisenstra\u00dfe in Kandel wurde in den zur\u00fcckliegenden Tagen ein hochwertiges E-Bike entwendet. Trotz Sicherung mittels einer Kette an einem Gegenstand gelang es dem T\u00e4ter, das Fahrrad unerkannt mitzunehmen. Es handelt sich um ein Pegasus Mountain Bike Strong Evo Lite 10 in der Farbe blau. Wer Hinweise bez\u00fcglich des E-Bikes geben kann oder verd\u00e4chtige Wahrnehmungen gemacht hat, kann sich mit der Polizei W\u00f6rth unter 07271 92210 oder\u00a0<a href=\"mailto:piwoerth@polizei.rlp.de\">piwoerth@polizei.rlp.de<\/a>\u00a0in Verbindung setzen.<\/p>\n\n\n\n<h2 class=\"wp-block-heading\">(Landau) &#8211; Unter Drogeneinfluss und ohne F\u00fchrerschein unterwegs<\/h2>\n\n\n\n<p>Am Sonntag, 26.02.23, gegen 18.25 Uhr, wurde der Fahrzeugf\u00fchrer eines Mercedes Sprinters im Stadtgebiet einer allgemeinen Verkehrskontrolle unterzogen. Im Rahmen der Kontrolle wurden Tests zur Fahrtauglichkeit durchgef\u00fchrt und hierbei diverse Auff\u00e4lligkeiten festgestellt. Ein freiwillig durchgef\u00fchrter Urintest verlief positiv auf Kokain. Dem Fahrzeugf\u00fchrer wurde eine Blutprobe entnommen. Da der Fahrzeugf\u00fchrer keinen F\u00fchrerschein vorlegen konnte, wurden weitere \u00dcberpr\u00fcfungen auf der Dienststelle durchgef\u00fchrt. Hierbei wurde festgestellt, dass seit 2019 eine Entziehung der Fahrerlaubnis besteht. Dem Beschuldigten wurde die Weiterfahrt untersagt und die Fahrzeugschl\u00fcssel sichergestellt. Au\u00dferdem erwartet ihn eine Anzeige. Da der Fahrzeugf\u00fchrer nicht der Halter ist, wird zudem eine Anzeige gegen den Halter wegen Zulassen des Fahrens ohne Fahrerlaubnis vorgelegt.<\/p>\n\n\n\n<h2 class=\"wp-block-heading\">(Landau) &#8211; Kletterunfall endet in der BG-Unfallklinik Ludwigshafen<\/h2>\n\n\n\n<p>Am Sonntag, 26.02.2023, gegen 11.45 Uhr, kam es zum Absturz eines 44-j\u00e4hrigen Mannes, der sich von einer 6 Meter hohen Kletterwand, in der Kletterhalle in Landau, mit leichten Spr\u00fcngen abseilte. Eine weitere Person sicherte diesen durch ein Seil mit halbautomatischem Sicherungsger\u00e4t. Den Angaben des Sichernden zufolge, habe diese halbautomatische Sicherung nicht mehr funktioniert, sodass es zum durchrutschten des Seiles durch seine H\u00e4nde kam und der sich Abseilende aus einer H\u00f6he von ca. 3-4 Metern zu Boden st\u00fcrzte. Das Ausma\u00df der Verletzungen ist derzeit nicht bekannt. Der Verletzte wurde mittels Rettungshubschrauber in die BG Unfallklinik nach Ludwigshafen verbracht. Das halbautomatische Sicherungsger\u00e4t wurde zur Pr\u00fcfung sichergestellt. Ob ein strafrechtliches Verhalten vorliegt, wird noch gepr\u00fcft.<\/p>\n\n\n\n<h2 class=\"wp-block-heading\">(A 65 \/ Edesheim) &#8211; Abfahrtskontrollen<\/h2>\n\n\n\n<p>Drei LKW-Fahrern wurde am Sonntagabend (26.02.2023, 20 &#8211; 21 Uhr) auf der Rastst\u00e4tte Pf\u00e4lzer Weinstra\u00dfe Ost und West die Weiterfahrt untersagt, weil sie mit 1,46, 1,89 und 2,29 Promille kontrolliert wurden. Die Fahrer wollten urspr\u00fcnglich nach Ende des Sonntagfahrverbots um 22 Uhr ihre Tour fortsetzen. Bis zur vollst\u00e4ndigen N\u00fcchternheit mussten sie Fahrzeugschl\u00fcssel sowie die Ladepapiere abgeben.<\/p>\n\n\n\n<h2 class=\"wp-block-heading\">(Edesheim) &#8211; Vier Fahrzeuge besch\u00e4digt<\/h2>\n\n\n<div class=\"wp-block-image\">\n<figure class=\"aligncenter size-full\"><img decoding=\"async\" loading=\"lazy\" width=\"800\" height=\"583\" src=\"https:\/\/speyer24news.com\/wp-content\/uploads\/2023\/02\/SachbeschaedigunginEdesheim.jpg\" alt=\"\" class=\"wp-image-51397\" srcset=\"https:\/\/speyer24news.com\/wp-content\/uploads\/2023\/02\/SachbeschaedigunginEdesheim.jpg 800w, https:\/\/speyer24news.com\/wp-content\/uploads\/2023\/02\/SachbeschaedigunginEdesheim-300x219.jpg 300w, https:\/\/speyer24news.com\/wp-content\/uploads\/2023\/02\/SachbeschaedigunginEdesheim-768x560.jpg 768w\" sizes=\"(max-width: 800px) 100vw, 800px\" \/><\/figure><\/div>\n\n\n<p>Unbekannte haben am Freitag (24.02.2023) in der Staatsstra\u00dfe zwischen 15 Uhr und 22 Uhr vier Fahrzeuge besch\u00e4digt. Mit einem spitzen Gegenstand wurde dabei mutwillig der Fahrzeuglack verkratzt. Hierbei entstand ersten Ermittlungen zufolge ein Gesamtschaden von mehreren tausend Euro. Hinweise zu den Unbekannten nimmt die Polizei in Edenkoben unter der Telefonnummer 06323 9550 entgegen.<\/p>\n\n\n\n<h2 class=\"wp-block-heading\">(Gr\u00fcnstadt) &#8211; Ohne F\u00fchrerschein und Versicherung unter Btm-Einfluss<\/h2>\n\n\n\n<p>Ein 48 Jahre alter Mann wurde am Sonntag gegen 12:40 Uhr mit seinem Pkw einer Verkehrskontrolle unterzogen. Im Verlauf der Kontrolle stellten die Polizeibeamten fest, dass der Mann nicht im Besitz der erforderlichen Fahrerlaubnis ist. Au\u00dferdem bestand kein Versicherungsschutz f\u00fcr den Pkw, weshalb die Kennzeichen entstempelt wurden. Im weiteren Verlauf zeigte der Fahrer Anzeichen f\u00fcr einen zur\u00fcckliegenden Bet\u00e4ubungsmittelkonsum. Ein Vortest reagierte positiv auf Amphetamin. Neben Strafanzeigen wegen Fahren ohne Fahrerlaubnis und Versto\u00dfes gegen das Pflichtversicherungsgesetz wurde ein Ordnungswidrigkeitsverfahren wegen Fahrens unter Bet\u00e4ubungsmitteleinfluss in die Wege geleitet.<\/p>\n\n\n\n<h2 class=\"wp-block-heading\">(Ludwigshafen) &#8211; Geldbeutel gestohlen<\/h2>\n\n\n<div class=\"wp-block-image\">\n<figure class=\"aligncenter size-full\"><img decoding=\"async\" loading=\"lazy\" width=\"640\" height=\"426\" src=\"https:\/\/speyer24news.com\/wp-content\/uploads\/2020\/12\/Taschendiebstahl.jpg\" alt=\"\" class=\"wp-image-31455\" srcset=\"https:\/\/speyer24news.com\/wp-content\/uploads\/2020\/12\/Taschendiebstahl.jpg 640w, https:\/\/speyer24news.com\/wp-content\/uploads\/2020\/12\/Taschendiebstahl-300x200.jpg 300w\" sizes=\"(max-width: 640px) 100vw, 640px\" \/><figcaption class=\"wp-element-caption\">Beispielbild Diebstahl, dient lediglich der Visualisierung.<\/figcaption><\/figure><\/div>\n\n\n<p>In der Fichtestra\u00dfe wurde am 27.02.2023, gegen 1 Uhr, der Geldbeutel eines 34-j\u00e4hrigen Lieferservice-Mitarbeiters von zwei unbekannten M\u00e4nnern gestohlen. Diese hatten unter Vort\u00e4uschen falscher Tatsachen bei dem 34-J\u00e4hrigen etwas bestellt. Als es zur \u00dcbergabe der Bestellung und zur Bezahlung kommen sollte, stahlen sie den Geldbeutel und fl\u00fcchteten. <\/p>\n\n\n\n<h4 class=\"wp-block-heading\">Die M\u00e4nner konnte der 34-J\u00e4hrige wie folgt beschreiben:<\/h4>\n\n\n\n<ol>\n<li><strong>Mann: etwa 30 Jahre alt, korpulent, mit Bart und Brille.<\/strong><\/li>\n\n\n\n<li><strong>Mann: etwa 25 Jahre alt, schlank, er trug einen schwarzen Hoodie.<\/strong><\/li>\n<\/ol>\n\n\n\n<p>Sie haben etwas beobachtet oder k\u00f6nnen Hinweise zu den T\u00e4tern geben? Sachdienliche Hinweise bitte an die Polizeiinspektion Ludwigshafen 2, Telefonnummer 0621 963-2222 oder per E-Mail&nbsp;<a href=\"mailto:piludwigshafen2@polizei.rlp.de\">piludwigshafen2@polizei.rlp.de<\/a>&nbsp;.<\/p>\n\n\n\n<h2 class=\"wp-block-heading\">(Ludwigshafen) &#8211; Unfallflucht dank Zeuge gekl\u00e4rt<\/h2>\n\n\n\n<p>Ein aufmerksamer 19-j\u00e4hriger Zeuge beobachtete am 26.02.2023, gegen 20:30 Uhr, wie ein 65-J\u00e4hriger beim Einparken in der Maxstra\u00dfe ein parkendes Auto mehrfach touchierte und hierdurch besch\u00e4digte. Der Zeuge sprach den Fahrer daraufhin an. Als dieser sich jedoch uneinsichtig zeigte und den Unfallort unerlaubt verlie\u00df, verst\u00e4ndigte der 19-J\u00e4hrige die Polizei.<\/p>\n\n\n\n<p>Der 65-J\u00e4hrige konnte kurz darauf von der Polizei angetroffen werden. Ob er zur Unfallzeit fahrt\u00fcchtig war oder ob Alkohol im Spiel gewesen sein k\u00f6nnte, wird derzeit ermittelt. In jedem Fall wird der Mann sich jedoch wegen des unerlaubten Entfernen vom Unfallort strafrechtlich verantworten m\u00fcssen.<\/p>\n\n\n\n<p>An beiden Fahrzeugen entstand Sachschaden in H\u00f6he von etwa 600 Euro.<\/p>\n\n\n\n<h2 class=\"wp-block-heading\">(Ludwigshafen) &#8211; Werkzeug aus Keller gestohlen<\/h2>\n\n\n\n<p>Aus einem Kellerabteil in der Budapester Stra\u00dfe wurde zwischen dem 16.02.2023, 18 Uhr, und dem 26.02.2023, 18 Uhr, Werkzeug gestohlen. Die H\u00f6he des entstandenen Sachschadens wird derzeit ermittelt.<\/p>\n\n\n\n<p>Sachdienliche Hinweise bitte an die Polizeiinspektion Ludwigshafen 2, Telefonnummer 0621 963-2222 oder per E-Mail\u00a0<a href=\"mailto:piludwigshafen2@polizei.rlp.de\">piludwigshafen2@polizei.rlp.de<\/a>\u00a0.<\/p>\n\n\n\n<h2 class=\"wp-block-heading\">(Ludwigshafen) &#8211; Kofferraum besch\u00e4digt<\/h2>\n\n\n\n<p>Ein 50-J\u00e4hriger parkte am 26.02.2023, gegen 14 Uhr, seinen wei\u00dfen Mercedes auf einem Parkplatz in der Frankenthaler Stra\u00dfe. Als er gegen 17 Uhr zur\u00fcckkehrte, stellte er fest, dass sein Kofferraumdeckel besch\u00e4digt wurde. Der entstandene Sachschaden d\u00fcrfte sich auf etwa 1.000 Euro belaufen. Die Polizeiinspektion Ludwigshafen 2 bittet um Ihre Mithilfe! Sie k\u00f6nnen Hinweise geben? Dann melden Sie sich unter Telefonnummer 0621 963-2222 oder per E-Mail\u00a0<a href=\"mailto:piludwigshafen2@polizei.rlp.de\">piludwigshafen2@polizei.rlp.de<\/a>\u00a0.<\/p>\n\n\n\n<h2 class=\"wp-block-heading\">(Ludwigshafen) &#8211; Unfall in der Saarlandstra\u00dfe<\/h2>\n\n\n\n<p>An der Kreuzung Saarland-Stra\u00dfe\/Von-Weber-Stra\u00dfe kam es am 26.02.2023, gegen 16 Uhr, zu einem Unfall zwischen einem 38-j\u00e4hrigen Citroen-Fahrer und einer 32-j\u00e4hrigen Mercedes-Fahrerin. Durch den Zusammensto\u00df geriet das Auto der 32-J\u00e4hrigen ins Schlingern und fuhr gegen einen Baum. Das Fahrzeug des 38-J\u00e4hrigen kam ebenfalls kurzzeitig von der Fahrbahn ab und kam schlie\u00dflich auf einem der Fahrstreifen mit auslaufendem Betriebsstoff zum Stehen. Die 32-J\u00e4hrige sowie der 38-J\u00e4hrige wurden schwer verletzt. Sie wurden in ein Krankenhaus gebracht.<\/p>\n\n\n\n<p>Insgesamt entstand an den Fahrzeugen ein Schaden, der auf 11.000 Euro gesch\u00e4tzt wird. Beide Autos mussten abgeschleppt werden.<\/p>\n\n\n\n<p>Bis zum Abschluss der polizeilichen Ma\u00dfnahme musste die Saarlandstra\u00dfe stadtausw\u00e4rts gesperrt werden. Auch der Schienenverkehr musste kurzzeitig gesperrt werden.<\/p>\n\n\n\n<h2 class=\"wp-block-heading\">(Ludwigshafen) &#8211; E-Scooter geklaut<\/h2>\n\n\n\n<p>Der E-Scooter einer 25-J\u00e4hrigen wurde zwischen dem 25.02.202023, 20 Uhr, und dem 26.02.2023, 10 Uhr, geklaut. Sie hatte das Fahrzeug im Treppenhaus eines Mehrparteienhauses in der Prinzregentenstra\u00dfe abgestellt.<\/p>\n\n\n\n<p>Da es bislang keine Hinweise darauf gibt, wer den E-Scooter gestohlen hat, bittet die Polizei um Ihre Mithilfe. Sachdienliche Hinweise bitte an die Polizeiinspektion Ludwigshafen 1, Telefonnummer 0621 963-2122 oder per E-Mail\u00a0<a href=\"mailto:piludwigshafen1@polizei.rlp.de\">piludwigshafen1@polizei.rlp.de<\/a>\u00a0.<\/p>\n\n\n\n<h2 class=\"wp-block-heading\">(Ludwigshafen) &#8211; Gegenst\u00e4nde aus Keller gestohlen<\/h2>\n\n\n\n<p>Als ein 45-J\u00e4hriger am 26.02.2023 ein Kellerabteil eines Mehrparteienhauses in der Schanzstra\u00dfe ausr\u00e4umen wollte, musste er feststellen, dass zahlreiche Gegenst\u00e4nde fehlten. Er bemerkte, dass das Schloss des Abteils besch\u00e4digt worden war. Daraufhin blickte er durch einen Spalt in das direkt danebenliegende Kellerabteil. Dort entdeckte er zahlreiche der entwendeten Gegenst\u00e4nde. Der Besitzer dieses Kellerabteils zeigte sich beim Eintreffen der Polizei kooperativ und gest\u00e4ndig. Er wird nun mit einer Anzeige wegen des besonders schweren Falls von Diebstahl rechnen m\u00fcssen.<\/p>\n\n\n\n<h2 class=\"wp-block-heading\">(Ludwigshafen) &#8211; Einbruch in Einfamilienhaus<\/h2>\n\n\n\n<p>Unbekannten gelang es, im Zeitraum vom 20.02.2023 bis zum 26.02.2023 gewaltsam in ein Einfamilienhaus in der Kopernikusstra\u00dfe einzudringen. Dabei verursachten die Unbekannten einen Sachschaden, der auf 1.500 Euro gesch\u00e4tzt wird. Im Innern des Hauses durchw\u00fchlten sie Zimmer. Ob es den T\u00e4tern dabei gelang etwas zu entwenden, wird aktuell ermittelt.<\/p>\n\n\n\n<p>Sachdienliche Hinweise nimmt die Kriminalpolizei Ludwigshafen unter der Telefonnummer 0621\/963-2773 oder per E-Mail\u00a0<a href=\"mailto:kiludwigshafen.k1.kdd@polizei.rlp.de\" target=\"_blank\" rel=\"noreferrer noopener\">kiludwigshafen.k1.kdd@polizei.rlp.de<\/a>\u00a0entgegen.<\/p>\n\n\n\n<h2 class=\"wp-block-heading\">(Ludwigshafen) &#8211; Pkw-Brand \/ 9500 Euro Schaden<\/h2>\n\n\n\n<p>Aus bislang unbekannter Ursache geriet am Sonntagmorgen (26.02.2023, 3.30 Uhr) ein Pkw im Bereich des Giulini-Parkplatz in Brand und brannte vollst\u00e4ndig aus. Durch das Feuer wurden ein weiteres Fahrzeug und ein Wohnwagen besch\u00e4digt. Der Schaden bel\u00e4uft sich derzeit auf 9500 Euro. Die Kriminalpolizei hat die Ermittlungen hinsichtlich der Brandursache aufgenommen. Sachdienliche Hinweise nimmt die Kriminalpolizei Ludwigshafen unter der Telefonnummer 0621\/963-2773 oder per E-Mail\u00a0<a href=\"mailto:kiludwigshafen.k1.kdd@polizei.rlp.de\">kiludwigshafen.k1.kdd@polizei.rlp.de<\/a>\u00a0entgegen.<\/p>\n\n\n\n<h2 class=\"wp-block-heading\">(Ludwigshafen) &#8211; Widerstand geleistet<\/h2>\n\n\n<div class=\"wp-block-image\">\n<figure class=\"aligncenter size-full\"><img decoding=\"async\" loading=\"lazy\" width=\"800\" height=\"533\" src=\"https:\/\/speyer24news.com\/wp-content\/uploads\/2021\/10\/Festnahme-Handschellen.jpg\" alt=\"\" class=\"wp-image-41224\" srcset=\"https:\/\/speyer24news.com\/wp-content\/uploads\/2021\/10\/Festnahme-Handschellen.jpg 800w, https:\/\/speyer24news.com\/wp-content\/uploads\/2021\/10\/Festnahme-Handschellen-300x200.jpg 300w, https:\/\/speyer24news.com\/wp-content\/uploads\/2021\/10\/Festnahme-Handschellen-768x512.jpg 768w\" sizes=\"(max-width: 800px) 100vw, 800px\" \/><figcaption class=\"wp-element-caption\">Beispielbild Handschelle \/ Verhaftung, dient lediglich der Visualisierung<\/figcaption><\/figure><\/div>\n\n\n<p>Bereits am Freitagabend (24.02.2023), gegen 18 Uhr, sollte ein 59-J\u00e4hriger in Ludwigshafen-Oggersheim aufgrund eines Haftbefehls verhaftet werden. Trotz mehrfacher Aufforderung der Polizeikr\u00e4fte diese zu begleiten, weigerte er sich. Er musste in der Wohnung zu Boden gebracht und gefesselt werden. Auf dem Weg zum Streifenwagen versuchte sich der Mann aus dem Griff der Polizeikr\u00e4fte zu l\u00f6sen. Er musste erneut zu Boden gebracht werden und konnte erst mit weiteren Polizeikr\u00e4ften unter Kontrolle gebracht und weggefahren werden. Der Mann bedrohte und beleidigte die Polizisten. Zwei Polizeibeamte wurden bei dem Einsatz leicht verletzt. Der 59-j\u00e4hrige wurde in eine Justizvollzugsanstalt gebracht.<\/p>\n\n\n\n<h2 class=\"wp-block-heading\">(Mannheim-Neckarau) &#8211; Verkehrsunfall mit schwer verletztem Fu\u00dfg\u00e4nger<\/h2>\n\n\n\n<p>Am Montagvormittag um kurz nach halb 11 kollidierte in der Morchfeldstra\u00dfe ein Autofahrer mit einem Fu\u00dfg\u00e4nger, wobei sich der Fu\u00dfg\u00e4nger lebensgef\u00e4hrliche Verletzungen zuzog. Er wurde mit einem Rettungswagen unter der Begleitung eines Notarztes in ein nahegelegenes Krankenhaus eingeliefert. Wie es zu dem Unfall kam, ist noch unklar. F\u00fcr den Zeitraum der Unfallaufnahme ist die Morchfeldstra\u00dfe zwischen der Donaustra\u00dfe sowie der Celluloidstra\u00dfe vollst\u00e4ndig gesperrt. Die Ermittlungen dauern an.<\/p>\n\n\n\n<h3 class=\"has-text-align-center wp-block-heading\">Pressemitteilung Nr. 2<\/h3>\n\n\n\n<p>Nachdem am Montagvormittag gegen 10.30 Uhr ein 83-j\u00e4hriger Toyota-Fahrer mit seinem SUV in der Morchfeldstra\u00dfe einen 42-j\u00e4hrigen Fu\u00dfg\u00e4nger erfasst und schwer verletzt hat, liegen der Unfallermittlerinnen und -ermittlern erste Erkenntnisse zur Unfallursache vor. Demnach soll der Autofahrer eine rote Ampel \u00fcberfahren und hierbei den bei Gr\u00fcn \u00fcber die Stra\u00dfe gehenden Fu\u00dfg\u00e4nger \u00fcbersehen haben. In der Folge des Unfalls zog sich der 42-J\u00e4hrige lebensgef\u00e4hrliche Verletzungen zu. Ein Sachverst\u00e4ndiger hat gemeinsam mit dem Verkehrsdienst Mannheim die weiteren Ermittlungen aufgenommen. Die Morchfeldstra\u00dfe war bis etwa 14 Uhr gesperrt.<\/p>\n\n\n\n<h2 class=\"wp-block-heading\">(Heidelberg) &#8211; LKW verliert Sattelauflieger \/ Aktuelle Verkehrsbehinderung<\/h2>\n\n\n\n<p>Seit Montagfr\u00fch 09:00 Uhr kommt es in Heidelberg im Bereich Emil-Maier-Str. \/ Vangerowstr. (B37) zu einer Verkehrsbeeintr\u00e4chtigung. Hintergrund ist ein LKW-Unfall,bei dem der LKW aus bislang ungekl\u00e4rter Ursache seinen Sattelauflieger verloren hat, der nun die Stra\u00dfe versperrt.<\/p>\n\n\n\n<p>Ortskundige werden gebeten das Gebiet weitr\u00e4umig zu umfahren. Der Verkehrsdienst Heidelberg begleitet die Bergung des Aufliegers und leitet den Verkehr ab.<\/p>\n\n\n\n<h3 class=\"has-text-align-center wp-block-heading\">Pressemitteilung Nr. 2<\/h3>\n\n\n\n<p>Am Montagmorgen 09:00Uhr kam es in Heidelberg im Bereich Emil-Maier-Str. \/ Vangerowstr. (B37) zu einer l\u00e4ngeren Verkehrsbeeintr\u00e4chtigung. Hintergrund war ein LKW-Unfall, bei dem der LKW aus bislang ungekl\u00e4rter Ursache seinen Sattelauflieger verloren hat, der die Stra\u00dfe versperrte.<\/p>\n\n\n\n<p>Die Unfallursache ist bislang nicht bekannt und Gegenstand der Ermittlungen des Verkehrsdiensts Heidelberg. Im Zuge dessen wurde das Zugfahrzeug sowie der Auflieger sichergestellt.<\/p>\n\n\n\n<p>Die Verkehrsbeeintr\u00e4chtigung besteht nicht mehr.<\/p>\n\n\n\n<h2 class=\"wp-block-heading\">(Heidelberg-Kirchheim) &#8211; Schaufensterscheibe eingeschlagen \/ Festnahme<\/h2>\n\n\n\n<p>Am Samstagabend trat ein 25-J\u00e4hriger mutwillig gegen die Fensterscheibe einer Fahrschule in der Schwetzinger Stra\u00dfe und fl\u00fcchtete anschlie\u00dfend. Ein aufmerksamer Zeuge, der das Geschehen gegen 20.40 Uhr beobachtete, alarmierte hierauf sofort die Polizei. Den Blutspuren am Tatort folgend nahmen die Uniformierten den fl\u00fcchtigen T\u00e4ter kurz darauf im Bereich des Graswegs fest. Durch den Tritt gegen die Scheibe zog sich der 25-J\u00e4hrige eine blutende Schnittwunde zu, die eine Behandlung im Krankenhaus n\u00f6tig machte. Gegen den gest\u00e4ndigen 25-J\u00e4hrigen ermittelt das Polizeirevier Heidelberg-S\u00fcd nun wegen Sachbesch\u00e4digung. Der entstandene Sachschaden kann derzeit nicht beziffert werden.<\/p>\n\n\n\n<h2 class=\"wp-block-heading\">(L 630 \/ Br\u00fchl \/ Rhein-Neckar-Kreis) &#8211; Schwerer Unfall auf Landstra\u00dfe<\/h2>\n\n\n\n<p>Aufgrund eines Verkehrsunfalls auf der Landstra\u00dfe 630 zwischen Br\u00fchl und Schwetzingen kommt es derzeit (27.02.2023 \u2013 15:55) zu Verkehrsbehinderungen. Kurz vor 15 Uhr ereignete sich im Kreuzungsbereich der L630 und der Auffahrt von L599 der Unfall bei dem nach jetzigem Stand vier Personen verletzt wurden. Beim Abbiegen in Fahrtrichtung Schwetzingen hatte der Unfallverursacher eine Autofahrerin \u00fcbersehen. Bei den verunfallten Fahrzeugen l\u00f6sten jeweils die Airbags aus. Die Pkw, ein Ford und ein Renault, m\u00fcssen nun angeschleppt werden. Die Beteiligten, darunter zwei Kinder, erlitten Verletzungen. \u00dcber die Schwere der Verletzungen k\u00f6nnen derzeit keine Ausk\u00fcnfte erteilt werden &#8211; lebensgef\u00e4hrliche Verletzungen sind jedoch auszuschlie\u00dfen. Das Polizeirevier Schwetzingen hat die Unfallermittlungen vor Ort aufgenommen.<\/p>\n\n\n\n<p>W\u00e4hrend der Unfallaufnahme, sowie der Rettungs- und Bergungsarbeiten wird der Verkehr abgeleitet.<\/p>\n\n\n\n<h2 class=\"wp-block-heading\">(Sinsheim \/ Rhein-Neckar-Kreis) &#8211; Einbruch in Bankfiliale \/ Zeugen gesucht<\/h2>\n\n\n\n<p>In den Morgenstunden des Montag, gegen 02:00 Uhr, verschaffte sich bislang unbekannte T\u00e4terschaft gewaltsam Zutritt zu einer Bankfiliale in Eschelbach in der Bierbachstra\u00dfe. Im Innenraum der Bankfiliale schafften es der oder die T\u00e4ter tats\u00e4chlich Bargeld zu entwenden.<\/p>\n\n\n\n<p>Die Zentrale Kriminaltechnik der Kriminalpolizei Heidelberg war vor Ort und hat die Spurensicherung \u00fcbernommen.<\/p>\n\n\n\n<p>Zeugen, die sachdienliche Hinweise geben k\u00f6nnen, werden gebeten, sich unter 07265\/ 911200 beim Polizeiposten Angelbachtal zu melden.<\/p>\n\n\n\n<h2 class=\"wp-block-heading\">(A 6 \/ Bad Rappenau \/ Sinsheim \/ Rhein-Neckar-Kreis) &#8211; LKW-Unfall \/ Teilsperrung der Fahrbahnen<\/h2>\n\n\n\n<p>Am Montag gegen 14.15 Uhr kam es auf der BAB 6 in Fahrtrichtung Mannheim zwischen Bad Rappenau und Sinsheim-S\u00fcd zu einem Verkehrsunfall mit einem LKW. Aktuell befinden sich die Rettungskr\u00e4fte vor Ort im Einsatz und es ist lediglich der linke Fahrstreifen befahrbar. Verletzt wurde nach ersten Erkenntnissen niemand. Die Ermittlungen zum Unfallhergang dauern noch an.<\/p>\n\n\n\n<h2 class=\"wp-block-heading\">(Dossenheim \/ Rhein-Neckar-Kreis) &#8211; 16-J\u00e4hriger wird von Unbekanntem an Haltestelle mit Messer bedroht \/ Zeugen gesucht!<\/h2>\n\n\n<div class=\"wp-block-image\">\n<figure class=\"aligncenter size-full\"><img decoding=\"async\" loading=\"lazy\" width=\"800\" height=\"621\" src=\"https:\/\/speyer24news.com\/wp-content\/uploads\/2021\/07\/Messer-Angriff-Bedrohung-2.jpg\" alt=\"\" class=\"wp-image-38504\" srcset=\"https:\/\/speyer24news.com\/wp-content\/uploads\/2021\/07\/Messer-Angriff-Bedrohung-2.jpg 800w, https:\/\/speyer24news.com\/wp-content\/uploads\/2021\/07\/Messer-Angriff-Bedrohung-2-300x233.jpg 300w, https:\/\/speyer24news.com\/wp-content\/uploads\/2021\/07\/Messer-Angriff-Bedrohung-2-768x596.jpg 768w\" sizes=\"(max-width: 800px) 100vw, 800px\" \/><figcaption class=\"wp-element-caption\">Symbolbild &#8222;\u00dcberfall Messer&#8220;, dient lediglich der Visualisierung<\/figcaption><\/figure><\/div>\n\n\n<p>Am Samstag gegen 21:45 Uhr bedrohte an der Bahnhaltestelle &#8222;Dossenheim-Nord&#8220; ein derzeit noch unbekannter T\u00e4ter einen 16-J\u00e4hrigen mit einem Messer und fl\u00fcchtete. Unvermittelt packte der sichtlich alkoholisierte Unbekannte den jungen Mann an der Jacke und hielt ihm ein ausgeklapptes Messer an den Hals. W\u00e4hrend der Tat redete der T\u00e4ter unverst\u00e4ndlich auf den 16-J\u00e4hrigen ein, lie\u00df schlie\u00dflich von ihm ab und fl\u00fcchtete zu Fu\u00df in Richtung Schriesheim. <\/p>\n\n\n\n<h4 class=\"wp-block-heading\">Er wird wie folgt beschrieben: <\/h4>\n\n\n\n<ul>\n<li><strong>etwa 35 Jahre alt<\/strong><\/li>\n\n\n\n<li><strong>war 180 &#8211; 185 cm gro\u00df<\/strong><\/li>\n\n\n\n<li><strong>kr\u00e4ftige Statur<\/strong><\/li>\n\n\n\n<li><strong>hatte leichten Bartwuchs im Gesicht<\/strong><\/li>\n\n\n\n<li><strong>sprach gebrochen Deutsch mit osteurop\u00e4ischem Akzent<\/strong><\/li>\n\n\n\n<li><strong>trug eine dunkle Kapuzenjacke<\/strong><\/li>\n<\/ul>\n\n\n\n<p>Da sich an der Bahnhaltestelle weitere wartende Fahrg\u00e4ste befanden, sucht der Polizeiposten Schriesheim Zeugen, welche Hinweise zu dem T\u00e4ter geben k\u00f6nnen und bittet diese, sich unter der Telefonnummer 06203\/61301 zu melden.<\/p>\n\n\n\n<h2 class=\"wp-block-heading\">(Hemsbach \/ Rhein-Neckar-Kreis) &#8211; Linienbus streift geparkte Fahrzeuge \/ Zeugen gesucht<\/h2>\n\n\n\n<p>Bereits am vergangenen Dienstag, den 21.02.2023, verursachte der Fahrer eines Linienbusses in der Stra\u00dfe am Bildst\u00f6ckel zwei Verkehrsunf\u00e4lle, setzte seine Fahrt allerdings fort. Der verursachte Schaden an den beiden geparkten Pkw, die der Unfallverursacher beim Vorbeifahren streifte, betr\u00e4gt \u00fcber 5.000 Euro. Obwohl der Fahrer von einer Zeugin auf den Unfall aufmerksam gemacht wurde, fuhr dieser weiter ohne sich um den Schaden zu k\u00fcmmern. Das Polizeirevier Weinheim hat die Ermittlungen wegen Unfallflucht aufgenommen und sucht in diesem Zusammenhang nach weiteren Zeugen des Geschehens. Hinweisgeber, die gegen 15 Uhr die Unf\u00e4lle beobachteten, werden gebeten, sich unter Tel.: 06201 10030 an die Ermittler zu wenden.<\/p>\n","protected":false},"excerpt":{"rendered":"<div class=\"mh-excerpt\"><p>Polizeimeldungen vom Montag (27.02.2023) (Speyer) &#8211; Fahrzeugf\u00fchrer ohne F\u00fchrerschein aber mit Drogen und Luftdruckgewehr unterwegs Am 26.02.2023 gegen 19:25 Uhr fiel den Beamten der PI Speyer in der Burgstra\u00dfe ein 32-J\u00e4hriger Fahrzeugf\u00fchrer aufgrund seiner ungew\u00f6hnlichen <a class=\"mh-excerpt-more\" href=\"https:\/\/speyer24news.com\/?p=51396\" title=\"Polizeimeldungen Montag (27.02.2023)\">[&#8230;]<\/a><\/p>\n<\/div>","protected":false},"author":3,"featured_media":26162,"comment_status":"open","ping_status":"open","sticky":false,"template":"","format":"standard","meta":{"_monsterinsights_skip_tracking":false,"_monsterinsights_sitenote_active":false,"_monsterinsights_sitenote_note":"","_monsterinsights_sitenote_category":0,"footnotes":""},"categories":[15659],"tags":[7243,7244,3614,350,14537,15084,15267,14538,15361,15845,702,61,2555,6955,6986,6263,63,105,11150,6987,53,4854,13534,4683,1548,4905,11592,102,13626,213,14325,14324,13553,13541,55,8277,6368,5261,103,106,2803,2423,427,2625,380,62,104,979,1565],"aioseo_notices":[],"amp_enabled":true,"_links":{"self":[{"href":"https:\/\/speyer24news.com\/index.php?rest_route=\/wp\/v2\/posts\/51396"}],"collection":[{"href":"https:\/\/speyer24news.com\/index.php?rest_route=\/wp\/v2\/posts"}],"about":[{"href":"https:\/\/speyer24news.com\/index.php?rest_route=\/wp\/v2\/types\/post"}],"author":[{"embeddable":true,"href":"https:\/\/speyer24news.com\/index.php?rest_route=\/wp\/v2\/users\/3"}],"replies":[{"embeddable":true,"href":"https:\/\/speyer24news.com\/index.php?rest_route=%2Fwp%2Fv2%2Fcomments&post=51396"}],"version-history":[{"count":1,"href":"https:\/\/speyer24news.com\/index.php?rest_route=\/wp\/v2\/posts\/51396\/revisions"}],"predecessor-version":[{"id":51398,"href":"https:\/\/speyer24news.com\/index.php?rest_route=\/wp\/v2\/posts\/51396\/revisions\/51398"}],"wp:featuredmedia":[{"embeddable":true,"href":"https:\/\/speyer24news.com\/index.php?rest_route=\/wp\/v2\/media\/26162"}],"wp:attachment":[{"href":"https:\/\/speyer24news.com\/index.php?rest_route=%2Fwp%2Fv2%2Fmedia&parent=51396"}],"wp:term":[{"taxonomy":"category","embeddable":true,"href":"https:\/\/speyer24news.com\/index.php?rest_route=%2Fwp%2Fv2%2Fcategories&post=51396"},{"taxonomy":"post_tag","embeddable":true,"href":"https:\/\/speyer24news.com\/index.php?rest_route=%2Fwp%2Fv2%2Ftags&post=51396"}],"curies":[{"name":"wp","href":"https:\/\/api.w.org\/{rel}","templated":true}]}}