{"id":51413,"date":"2023-03-03T10:16:19","date_gmt":"2023-03-03T09:16:19","guid":{"rendered":"https:\/\/speyer24news.com\/?p=51413"},"modified":"2023-03-03T10:17:26","modified_gmt":"2023-03-03T09:17:26","slug":"polizeimeldungen-donnerstag-02-03-2023","status":"publish","type":"post","link":"https:\/\/speyer24news.com\/?p=51413","title":{"rendered":"Polizeimeldungen Donnerstag (02.03.2023)"},"content":{"rendered":"<style type=\"text\/css\">\r\n\t.ads_top_disp{}\r\n\t.ads_top_corner_disp{ float:left; margin:0px 10px 10px 0px; }\r\n\t.ads_first_p_disp{}\r\n\t.ads_bottom_disp{}\r\n\t<\/style>\n<h2 class=\"wp-block-heading\">Polizeimeldungen vom Donnerstag (02.03.2023)<\/h2>\n\n\n<div class=\"wp-block-image\">\n<figure class=\"aligncenter size-full\"><img decoding=\"async\" loading=\"lazy\" width=\"375\" height=\"500\" src=\"https:\/\/speyer24news.com\/wp-content\/uploads\/2022\/03\/Aktuelles-Polizeilogo.jpg\" alt=\"\" class=\"wp-image-43591\" srcset=\"https:\/\/speyer24news.com\/wp-content\/uploads\/2022\/03\/Aktuelles-Polizeilogo.jpg 375w, https:\/\/speyer24news.com\/wp-content\/uploads\/2022\/03\/Aktuelles-Polizeilogo-225x300.jpg 225w\" sizes=\"(max-width: 375px) 100vw, 375px\" \/><\/figure><\/div>\n\n\n<h2 class=\"wp-block-heading\">(Speyer) &#8211; Ladendiebstahl von Mobiltelefonen<\/h2>\n\n\n\n<p>Am 01.03.2023 gegen 17:45 Uhr entnahmen eine 22-j\u00e4hrige Frau und ein 31-j\u00e4hriger Mann aus Baden-W\u00fcrttemberger aus der Auslage eines Elektronikmarktes in der Wormser Landstra\u00dfe zwei Mobiltelefone, entfernten die Diebstahlssicherungen und steckte diese in die Handtasche der Frau. Anschlie\u00dfend verlie\u00dfen die Beiden ohne Zahlung der Ware den Kassenbereich. Der Ladendetektiv beobachtete den Diebstahl und hielt das Paar bis zum Eintreffen der Polizei fest. Bei der Durchsuchung der Personen konnte kein weiteres Diebesgut festgestellt werden. Das Paar ist bereits mehrfach wegen \u00e4hnlich gelagerten Diebst\u00e4hlen in Baden-W\u00fcrttemberg in Erscheinung getreten. Nach der Durchf\u00fchrung einer erkennungsdienstlichen Behandlung wurden das Paar wieder entlassen. Entsprechende Strafverfahren wurden eingeleitet.<\/p>\n\n\n\n<h2 class=\"wp-block-heading\">(Schifferstadt) &#8211; Alkoholisiert mit Fahrrad gest\u00fcrzt<\/h2>\n\n\n\n<p>Vermutlich aufgrund \u00fcberm\u00e4\u00dfigen Alkoholgenusses verlor ein 56-j\u00e4hriger Fahrradfahrer aus Schifferstadt am sp\u00e4ten Mittwochabend die Kontrolle \u00fcber sein Gef\u00e4hrt und kam in der Max-Ernst-Stra\u00dfe zu Fall. Ein aufmerksamer Mitb\u00fcrger fand den Mann in seiner misslichen Lage und informierte die Rettungsleitstelle, die wiederum die Polizei verst\u00e4ndigte. Vor Ort konnte der sichtlich alkoholisierte Gest\u00fcrzte samt seinem unbesch\u00e4digten Fahrrad angetroffen werden. Ein durchgef\u00fchrter Atem-Alkoholtest ergab einen Wert von 1,99 Promille. Gegen\u00fcber einem Zeugen und auch gegen\u00fcber den Beamten gab der 56-j\u00e4hrige an, ausgerutscht zu sein. Den Mann, der \u00fcbrigens unverletzt blieb, erwartet nun ein Verfahren wegen Trunkenheit im Verkehr.<\/p>\n\n\n\n<h2 class=\"wp-block-heading\">(Limburgerhof) &#8211; Auf &#8222;Fake-Shop&#8220; reingefallen<\/h2>\n\n\n<div class=\"wp-block-image\">\n<figure class=\"aligncenter size-full\"><img decoding=\"async\" loading=\"lazy\" width=\"800\" height=\"580\" src=\"https:\/\/speyer24news.com\/wp-content\/uploads\/2021\/11\/Abzocke-Betrug-Wucher-hohe-Rechnung.jpg\" alt=\"\" class=\"wp-image-42488\" srcset=\"https:\/\/speyer24news.com\/wp-content\/uploads\/2021\/11\/Abzocke-Betrug-Wucher-hohe-Rechnung.jpg 800w, https:\/\/speyer24news.com\/wp-content\/uploads\/2021\/11\/Abzocke-Betrug-Wucher-hohe-Rechnung-300x218.jpg 300w, https:\/\/speyer24news.com\/wp-content\/uploads\/2021\/11\/Abzocke-Betrug-Wucher-hohe-Rechnung-768x557.jpg 768w\" sizes=\"(max-width: 800px) 100vw, 800px\" \/><\/figure><\/div>\n\n\n<p>Eine 24-j\u00e4hrige aus Limburgerhof bestellte bei einem &#8222;Fake-Shop&#8220; einen K\u00fchlschrank und \u00fcberwies den f\u00e4lligen Betrag in H\u00f6he von 403 Euro auf ein litauisches Bankkonto. Trotz Warnhinweisen \u00fcber die Firma im Internet wurde die Gesch\u00e4digte Opfer eines Betruges, denn den bezahlten K\u00fchlschrank erhielt sie nie.<\/p>\n\n\n\n<h2 class=\"wp-block-heading\">(Lingenfeld) &#8211; Kontrolle des Durchfahrtverbots<\/h2>\n\n\n\n<p>Am Mittwochvormittag wurde das Durchfahrtsverbot auf dem Feldweg &#8222;Am Hirschgraben&#8220; in Lingenfeld kontrolliert. Bei der Kontrolle wurden insgesamt f\u00fcnf Verst\u00f6\u00dfe geahndet. Immer noch sind einige Betroffene verwundert, dass sich das daf\u00fcr vorgesehene Bu\u00dfgeld seit der Einf\u00fchrung des neuen Bu\u00dfgeldkatalogs mehr als verdoppelt hat.<\/p>\n\n\n\n<h2 class=\"wp-block-heading\">(Germersheim) &#8211; Vorsicht Betrug<\/h2>\n\n\n<div class=\"wp-block-image\">\n<figure class=\"aligncenter size-full\"><img decoding=\"async\" loading=\"lazy\" width=\"800\" height=\"588\" src=\"https:\/\/speyer24news.com\/wp-content\/uploads\/2021\/01\/Telefonbetrug.jpg\" alt=\"\" class=\"wp-image-32080\" srcset=\"https:\/\/speyer24news.com\/wp-content\/uploads\/2021\/01\/Telefonbetrug.jpg 800w, https:\/\/speyer24news.com\/wp-content\/uploads\/2021\/01\/Telefonbetrug-300x221.jpg 300w, https:\/\/speyer24news.com\/wp-content\/uploads\/2021\/01\/Telefonbetrug-768x564.jpg 768w, https:\/\/speyer24news.com\/wp-content\/uploads\/2021\/01\/Telefonbetrug-80x60.jpg 80w\" sizes=\"(max-width: 800px) 100vw, 800px\" \/><figcaption class=\"wp-element-caption\">Symbolbild Telefonbetrug<\/figcaption><\/figure><\/div>\n\n\n<p>Erneut warnen wir vor einer Betrugsmasche \u00fcber Messenger Dienste. Immer wieder versuchen Betr\u00fcger insbesondere \u00e4ltere Menschen abzuzocken. So wurde gestern in Germersheim ein 69-j\u00e4hriger Mann von seiner vermeintlichen Tochter \u00fcber einen solchen Messanger Dienst angeschrieben. Hier t\u00e4uschen die Betr\u00fcger oftmals vor, eine neue Handynummer zu besitzen und in Geldnot zu sein. Durch eine geschickte Gespr\u00e4chsf\u00fchrung gelang es dem Betr\u00fcger an das Geld seines Opfers zu kommen. Dieser \u00fcberwies insgesamt \u00fcber 4000 EUR an die Betr\u00fcger. Erst als er seine &#8222;echte&#8220; Tochter kontaktierte, flog der Betrug auf. Die Polizei warnt vor diesen Gaunern. Angeh\u00f6rige oder nahestehende Personen sollten mit \u00e4lteren Menschen \u00fcber die Methoden der Trickbetr\u00fcger sprechen. Die Kriminellen nutzen bewusst die Einsamkeit, die Hilflosigkeit und die Gutgl\u00e4ubigkeit \u00e4lterer Menschen aus. Sie t\u00e4uschen einen finanziellen Engpass vor und bitten um hohe Bargeldbetr\u00e4ge, weil sie das Geld aufgrund einer Notlage sofort ben\u00f6tigen.<\/p>\n\n\n\n<h2 class=\"wp-block-heading\">(R\u00fclzheim \/ Lingenfeld) &#8211; Verkehrskontrollen<\/h2>\n\n\n\n<p>Am Mittwochmorgen f\u00fchrten Germersheimer Polizisten Verkehrskontrollen in der Stra\u00dfe Am Gaswerk in R\u00fclzheim und in der Germersheimer Stra\u00dfe in Lingenfeld durch. Insgesamt wurden f\u00fcnf &#8222;Gurtmuffel&#8220; verwarnt. An 10 Fahrzeugen wurden technische M\u00e4ngel festgestellt. In Lingenfeld ging den Beamten zudem ein 44-j\u00e4hriger ins Netz, der an seinem PKW gestohlene Kennzeichen montiert hatte und zudem nicht im Besitz einer Fahrerlaubnis war. Ein entsprechendes Strafverfahren wurde eingeleitet.<\/p>\n\n\n\n<h2 class=\"wp-block-heading\">(B 427 \/ Hergersweiler) &#8211; Unfall mit 5 beteiligten Fahrzeugen<\/h2>\n\n\n\n<p>Am 01.03.2023, gegen 14:50 Uhr, kam es auf der Bundesstra\u00dfe 427 zwischen Winden und Hergersweiler zu einem Auffahrunfall mit f\u00fcnf beteiligten Fahrzeugen. Kurz vor dem Ortseingang Hergersweiler musste der Fahrer eines Pkw Ford Transit verkehrsbedingt anhalten. Drei nachfolgende Fahrzeugf\u00fchrer kamen hinter dem Pkw zum Stehen. Der 57-j\u00e4hrige Fahrer eines weiteren nachfolgenden Pkw Mercedes Benz fuhr auf das letzte Fahrzeug der Schlange auf und schob alle weiteren Fahrzeuge zusammen. Bei dem Verkehrsunfall wurden insgesamt 4 Personen im Alter zwischen 43 und 60 Jahren leicht verletzt. An den Fahrzeugen entstand ein Sachschaden in H\u00f6he von 24.000.- Euro.<\/p>\n\n\n\n<h2 class=\"wp-block-heading\">(Edenkoben) &#8211; Pr\u00e4ventionsarbeit im Gymnasium Edenkoben<\/h2>\n\n\n<div class=\"wp-block-image\">\n<figure class=\"aligncenter size-full\"><img decoding=\"async\" loading=\"lazy\" width=\"800\" height=\"577\" src=\"https:\/\/speyer24news.com\/wp-content\/uploads\/2023\/03\/DrogenpraevGymEdk1.jpg\" alt=\"\" class=\"wp-image-51415\" srcset=\"https:\/\/speyer24news.com\/wp-content\/uploads\/2023\/03\/DrogenpraevGymEdk1.jpg 800w, https:\/\/speyer24news.com\/wp-content\/uploads\/2023\/03\/DrogenpraevGymEdk1-300x216.jpg 300w, https:\/\/speyer24news.com\/wp-content\/uploads\/2023\/03\/DrogenpraevGymEdk1-768x554.jpg 768w\" sizes=\"(max-width: 800px) 100vw, 800px\" \/><\/figure><\/div>\n\n\n<p>Im Rahmen der Methodentage des Gymnasiums Edenkoben zum Themenbereich &#8222;Sucht&#8220; wurden Beamte der Polizeiinspektion Edenkoben als Referenten eingeladen. An den beiden Veranstaltungstagen am 01.\/02.03.2022 wurden diverse Vortr\u00e4ge zu den Themenbereichen &#8222;Alkohol-\/Drogenpr\u00e4vention&#8220; und &#8222;Umgang mit den sozialen Medien&#8220; gehalten. Die Vortr\u00e4ge kamen sowohl bei den Sch\u00fclern als auch bei der beteiligten Lehrerschaft sehr gut an. Dies zeigte sich unter anderem durch die euphorische Mitarbeit der beteiligten Sch\u00fcler der 7. Klassen. Ein Feedback durch die Mittelstufenleitung gestaltete sich \u00e4u\u00dfert positiv und es sind weitere \u00e4hnliche Veranstaltungen mit dem o.g. Themenvortr\u00e4gen angedacht.<\/p>\n\n\n\n<h2 class=\"wp-block-heading\">(Edenkoben) &#8211; Ohne Versicherungsschutz<\/h2>\n\n\n<div class=\"wp-block-image\">\n<figure class=\"aligncenter size-full\"><img decoding=\"async\" loading=\"lazy\" width=\"800\" height=\"478\" src=\"https:\/\/speyer24news.com\/wp-content\/uploads\/2021\/03\/Versicherungskennzeichen_GDV_2020-2022_01gdv.jpg\" alt=\"\" class=\"wp-image-33795\" srcset=\"https:\/\/speyer24news.com\/wp-content\/uploads\/2021\/03\/Versicherungskennzeichen_GDV_2020-2022_01gdv.jpg 800w, https:\/\/speyer24news.com\/wp-content\/uploads\/2021\/03\/Versicherungskennzeichen_GDV_2020-2022_01gdv-300x179.jpg 300w, https:\/\/speyer24news.com\/wp-content\/uploads\/2021\/03\/Versicherungskennzeichen_GDV_2020-2022_01gdv-768x459.jpg 768w\" sizes=\"(max-width: 800px) 100vw, 800px\" \/><figcaption class=\"wp-element-caption\">Foto: www.gdv.de<\/figcaption><\/figure><\/div>\n\n\n<p>Seit Mittwoch (01. M\u00e4rz) muss an Mopeds, Rollern und E-Scootern das Versicherungskennzeichen gewechselt werden. Die gr\u00fcnen Versicherungskennzeichen verlieren ihre G\u00fcltigkeit. F\u00fcr das neue Versicherungsjahr 2023 m\u00fcssen nun schwarze Kennzeichen montiert werden. Fahren ohne g\u00fcltiges Versicherungskennzeichen hei\u00dft Fahren ohne Versicherungsschutz und stellt eine Straftat dar. So wurde gestern ein 34 Jahre alter Mann mit seinem E-Scooter in der Schantzstra\u00dfe angehalten, weil er mit dem alten Kennzeichen unterwegs war. Gegen ihn wurde eine Strafanzeige erstattet. Sein E-Scooter musste er im Anschluss nach Hause schieben.<\/p>\n\n\n\n<h2 class=\"wp-block-heading\">(St. Martin) &#8211; Bettler unterwegs<\/h2>\n\n\n\n<p>Am Ortseingang von St.Martin wurden der Polizei am Mittwochabend (01.03.2023, 18 Uhr) zwei Bettler gemeldet, welche die Autofahrer anhalten und um Geld betteln w\u00fcrden. Vor Ort konnte die beiden Personen nicht mehr angetroffen werden. Die Polizei bittet die B\u00fcrger um erh\u00f6hte Wachsamkeit. Bei Auff\u00e4lligkeiten sollte die Polizei umgehend verst\u00e4ndigt werden. Gem\u00e4\u00df der Gefahrenabwehrverordnung ist das Betteln verboten. Die zust\u00e4ndige Verbandsgemeinde wurde in Kenntnis gesetzt.<\/p>\n\n\n\n<h2 class=\"wp-block-heading\">(Kirrweiler) &#8211; PKW-Aufbruch<\/h2>\n\n\n\n<p>Von bislang mehreren unbekannten dunkel bekleideten Jugendlichen wurde Mittwochabend (01.03.2023, 18 Uhr) im Bereich des Schlossweihers an einem geparkten Auto die Heckscheibe eingeschlagen und eine auf der R\u00fcckbank abgelegte JBL-Lautsprecherbox im Wert von mehreren hundert Euro entwendet. Von den Jugendlichen fehlt bislang jede Spur. Hinweise nimmt die Polizei Edenkoben unter der Telefonnummer 06323 9550 entgegen.<\/p>\n\n\n\n<h2 class=\"wp-block-heading\">(Neustadt) &#8211; E-Scooter-Fahrer ohne g\u00fcltige Versicherung<\/h2>\n\n\n\n<p>Am Donnerstagmorgen (02.03.2023) f\u00fchrten Beamte der PI Neustadt\/W. Verkehrskontrollen hinsichtlich des abgelaufenen Pflichtversicherungsjahres durch. Hierbei konnten in der Hindenburgstra\u00dfe zwei E-Scooter-Fahrer kontrolliert werden, welche mit abgelaufenen Versicherungskennzeichen unterwegs waren. Bei einem der beiden Fahrer konnte eine Kleinmenge verschiedener Bet\u00e4ubungsmittel aufgefunden. Zudem stand dieser Fahrer bei der Fahrt unter dem Einfluss von THC, Kokain und Amphetamin, weshalb ihm eine Blutprobe entnommen wurde. Eine \u00dcberpr\u00fcfung des E-Scooters des berauschten Fahrers ergab, dass dieser gestohlen war, weshalb dieser sichergestellt wurde.<\/p>\n\n\n\n<p>Gegen beide Fahrer wurde jeweils eine Strafanzeige wegen des Versto\u00dfes gegen das PflichtVG eingeleitet. Der berauschte Fahrer muss sich noch wegen weiterer Delikte verantworten.<\/p>\n\n\n\n<p>In diesem Zusammenhang weist die Polizei daraufhin, dass das Pflichtversicherungsjahr jeweils mit Ablauf des Monats Februar endet und daher ab dem 01.03. neue Versicherungskennzeichen ben\u00f6tigt werden.<\/p>\n\n\n\n<h2 class=\"wp-block-heading\">(Ha\u00dfloch) &#8211; Verkehrsunfall mit verletztem Radfahrer<\/h2>\n\n\n\n<p>Am Mittwoch gegen 16:00 Uhr kam es im Kreisel Bismarckstra\u00dfe \/ Anilinstra\u00dfe zu einem Zusammensto\u00df zwischen einem PKW und einer Radfahrerin. Die 71-j\u00e4hrige Fahrerin des PKW aus B\u00f6hl-Iggelheim \u00fcbersah beim Einfahren in den Kreisverkehr die dort vorfahrtsberechtigte 59-j\u00e4hrige Radfahrerin und kollidierte leicht mit ihr. Beim anschlie\u00dfenden Sturz verletzte sich die Frau aus Neustadt leicht. Sowohl am Rad als auch am PKW entstand geringer Sachschaden.<\/p>\n\n\n\n<h2 class=\"wp-block-heading\">(Bad D\u00fcrkheim) &#8211; Diebstahl hochwertiger Strahler<\/h2>\n\n\n\n<p>Im Zeitraum von 01.03.2023 20:00 Uhr bis 02.03.2023, 09:00 Uhr wurden im Bereich der Weinstra\u00dfe zwischen Pfeffingen und Ungstein mehrere hochwertige Strahler entwendet. Entwendet wurden hochwertige sogenannte &#8222;Froschlampen&#8220;, kleinere Strahler, Diffuser und die verbaute Verkabelungen. Es entstand ein Sachschaden von 55 000 Euro. Die Strahler wurden f\u00fcr das anstehende &#8222;Weinbergleuchten&#8220; aufgebaut und durch bislang unbekannte T\u00e4ter entwendet. Zeugen, welche im genannten Zeitraum verd\u00e4chtigte Personen oder Fahrzeuge wahrgenommen haben, werden gebeten sich mit der Polizeiinspektion Bad D\u00fcrkheim unter der Tel. 06322\/963-0 oder per E-Mail&nbsp;<a href=\"mailto:pibadduerkheim@polizei.rlp.de\">pibadduerkheim@polizei.rlp.de<\/a>&nbsp;in Verbindung zu setzen<\/p>\n\n\n\n<h2 class=\"wp-block-heading\">(Bad D\u00fcrkheim) &#8211; Geschwindigkeitskontrollen im Dienstgebiet<\/h2>\n\n\n\n<p>Am 01.03.2023 wurden zwischen 09:00 Uhr und 13:00 Uhr mehrere Geschwindigkeitskontrollen durchgef\u00fchrt. Bei der ersten Kontrolle wurde in Erpolzheim, auf H\u00f6he des Rathauses der Verkehr aus Richtung Bad D\u00fcrkheim kommend gemessen. Es wurden 11 Geschwindigkeitsverst\u00f6\u00dfe und 2 Gurtverst\u00f6\u00dfe festgestellt. Der Spitzenreiter wurde bei erlaubten 30km\/h mit 49 km\/h gemessen. Die n\u00e4chste Kontrolle wurde in Friedelsheim, in der Bahnhofstra\u00dfe gemessen. Bei schwachem Verkehrsaufkommen wurden 5 Geschwindigkeitsverst\u00f6\u00dfe festgestellt. Der Spitzenreiter wurde bei erlaubten 50km\/h mit 69 km\/h gemessen.<\/p>\n\n\n\n<h2 class=\"wp-block-heading\">(Bad D\u00fcrkheim) &#8211; Einbruch in Einfamilienhaus und Fahrzeug gestohlen<\/h2>\n\n\n\n<p>Im Zeitraum vom 28.02.2023, 18:00 Uhr, bis 01.03.2023, 08:00 Uhr, kam es zu einem Einbruch in ein Einfamilienhaus in der Wasserhohl in Bad D\u00fcrkheim. Bislang unbekannte T\u00e4ter hebelten ein Kellerfenster auf und gelangten so ins Innere des Geb\u00e4udes. Auff\u00e4llig war, dass die T\u00e4ter das Haus nicht durchw\u00fchlten und nur den Fahrzeugschl\u00fcssel eines Citroen Berlingo an sich nahmen und damit den in der Hofeinfahrt abgestellten \u00e4lteren PKW entwendeten. Es entstand ein Schaden von 4000 Euro. Zeugen, welche im genannten Zeitraum verd\u00e4chtigte Personen oder Fahrzeuge wahrgenommen haben, werden gebeten sich mit der Polizeiinspektion Bad D\u00fcrkheim unter der Tel. 06322\/963-0 oder per E-Mail&nbsp;<a href=\"mailto:pibadduerkheim@polizei.rlp.de\">pibadduerkheim@polizei.rlp.de<\/a>&nbsp;in Verbindung zu setzen.<\/p>\n\n\n\n<h2 class=\"wp-block-heading\">(G\u00f6nnheim) &#8211; Fahrzeug besch\u00e4digt und gefl\u00fcchtet<\/h2>\n\n\n\n<p>Am 01.03.2023 gegen 19:00 Uhr wurde ein in der Bahnhofstrasse in G\u00f6nnheim abgestellter Kia Ceed besch\u00e4digt. Ein bislang unbekannter Verkehrsteilnehmer besch\u00e4digte vermutlich beim Vorbeifahren aufgrund ungen\u00fcgenden Abstandes den Kia und entfernte sich anschlie\u00dfend unerlaubt von der Unfallstelle. Es entstand ein Sachschaden in H\u00f6he von 500 Euro. Es liegen keinerlei Hinweise auf den Unfallverursacher vor. Die Polizei Bad D\u00fcrkheim bittet um Hinweise unter 06322 963 0 oder per E-Mail an&nbsp;<a href=\"mailto:pibadduerkheim@polizei.rlp.de\">pibadduerkheim@polizei.rlp.de<\/a><\/p>\n\n\n\n<h2 class=\"wp-block-heading\">(A 61 \/ Frankenthal) &#8211; Aktuell Vollsperrung auf der A61 nach schwerem Verkehrsunfall<\/h2>\n\n\n<div class=\"wp-block-image\">\n<figure class=\"aligncenter size-full\"><img decoding=\"async\" loading=\"lazy\" width=\"800\" height=\"445\" src=\"https:\/\/speyer24news.com\/wp-content\/uploads\/2023\/03\/A61.jpg\" alt=\"\" class=\"wp-image-51416\" srcset=\"https:\/\/speyer24news.com\/wp-content\/uploads\/2023\/03\/A61.jpg 800w, https:\/\/speyer24news.com\/wp-content\/uploads\/2023\/03\/A61-300x167.jpg 300w, https:\/\/speyer24news.com\/wp-content\/uploads\/2023\/03\/A61-768x427.jpg 768w\" sizes=\"(max-width: 800px) 100vw, 800px\" \/><\/figure><\/div>\n\n\n<p>Donnerstagmittag, 02.03.2023, gg. 12.45 Uhr, kam es zu einem schweren Verkehrsunfall auf der A61, Fahrtrichtung Koblenz, zwischen Autobahnkreuz Ludwigshafen und Autobahnkreuz Frankenthal, H\u00f6he Parkplatz auf dem Hahnen. Im stockenden Verkehr musste ein Sattelschlepper auf dem rechten Fahrsteifen sein Fahrzeug abbremsen. Der hinter ihm fahrende Sattelschlepper konnte noch rechtzeitig abbremsen, der hinter diesem fahrende Sattelschlepper jedoch nicht. Der dritte Lkw fuhr auf den zweiten Lkw auf, welcher dann noch auf den ersten Lkw geschoben wurde. An zwei Fahrzeugen wurden durch die Wucht des Aufpralls die Anh\u00e4nger abgerissen. Diese kamen quer auf der Fahrbahn und entgegen der Fahrtrichtung zum Stehen.<\/p>\n\n\n\n<p>Drei Insassen wurden bei dem Verkehrsunfall schwer verletzt und m\u00fcssen in nahegelegene Krankenh\u00e4user verbracht werden. Der Rettungsdienst, der Rettungshubschrauber, Feuerwehr und Polizei sind im Einsatz. Durch die Autobahnmeisterei wird der Verkehr aus Richtung S\u00fcden am Autobahnkreuz Ludwigshafen abgeleitet. Die Vollsperrung wird noch l\u00e4ngere Zeit andauern.<\/p>\n\n\n\n<h3 class=\"has-text-align-center wp-block-heading\">Sperrung A61 aufgehoben \/ Nachtrag zur Pressemitteilung<\/h3>\n\n\n\n<p>Die Unfallaufnahme und die Aufr\u00e4umarbeiten sind beendet. Die A61 Richtungsfahrbahn Koblenz ist wieder freigegeben. (02.03.2023 \u2013 19:39)<\/p>\n\n\n\n<h2 class=\"wp-block-heading\">(Frankenthal) &#8211; Einbruch in Ladengesch\u00e4ft<\/h2>\n\n\n\n<p>Am Mittwoch, den 01.03.2023, im Zeitraum von 03:55 Uhr &#8211; 04:30 Uhr, brach bislang unbekannte T\u00e4terschaft in ein Ladengesch\u00e4ft in der Speyerer Stra\u00dfe ein, in dem der Glaseinsatz der Eingangst\u00fcr eingeschlagen wurde. Hierbei wurde nach bisherigem Kenntnisstand Bargeld sowie Alkoholika entwendet. Der Gesamtschaden bel\u00e4uft sich auf einen niederen f\u00fcnfstelligen Betrag. Aufgrund der laufenden Ermittlungen sucht die Polizei nach Zeugen des Vorfalls.<\/p>\n\n\n\n<p>Zeugen werden gebeten sich an die Polizeiinspektion Frankenthal unter der Tel.-Nr.: 06233\/313-0 oder an die Polizeiwache Maxdorf unter der Tel.-Nr.: 06237\/934-1100 zu wenden. Gerne nehmen wir Ihre Hinweise auch per E-Mail unter&nbsp;<a href=\"mailto:pifrankenthal@polizei.rlp.de\">pifrankenthal@polizei.rlp.de<\/a>&nbsp;entgegen.<\/p>\n\n\n\n<h2 class=\"wp-block-heading\">(Ludwigshafen) &#8211; Mit Drogen und Schreckschusswaffe erwischt<\/h2>\n\n\n\n<p>Ein 21-J\u00e4hriger wurde am Donnerstag (02.03.2023), gegen 1.45 Uhr, vor einer Polizeistreife mit Bet\u00e4ubungsmittel und einer Schreckschusswaffe erwischt. Beim Erblicken der Polizeistreife in der Schanzstra\u00dfe versuchte der 21-J\u00e4hrige noch eine Schreckschusswaffe unter einem Auto zu verstecken. W\u00e4hrend der Personenkontrolle stellten die Polizeibeamten neben der Schreckschusswaffe noch eine geringe Menge an Bet\u00e4ubungsmittel in der Hosentasche des 21-J\u00e4hrigen fest. Er muss sich nun wegen des Versto\u00dfes gegen das Bet\u00e4ubungsmittel- und Waffengesetz verantworten.<\/p>\n\n\n\n<h2 class=\"wp-block-heading\">(Ludwigshafen) &#8211; E-Bike Diebstahl abgewendet<\/h2>\n\n\n<div class=\"wp-block-image\">\n<figure class=\"aligncenter size-full\"><img decoding=\"async\" loading=\"lazy\" width=\"800\" height=\"600\" src=\"https:\/\/speyer24news.com\/wp-content\/uploads\/2023\/03\/BildE-Bike.jpg\" alt=\"\" class=\"wp-image-51414\" srcset=\"https:\/\/speyer24news.com\/wp-content\/uploads\/2023\/03\/BildE-Bike.jpg 800w, https:\/\/speyer24news.com\/wp-content\/uploads\/2023\/03\/BildE-Bike-300x225.jpg 300w, https:\/\/speyer24news.com\/wp-content\/uploads\/2023\/03\/BildE-Bike-768x576.jpg 768w, https:\/\/speyer24news.com\/wp-content\/uploads\/2023\/03\/BildE-Bike-678x509.jpg 678w, https:\/\/speyer24news.com\/wp-content\/uploads\/2023\/03\/BildE-Bike-326x245.jpg 326w, https:\/\/speyer24news.com\/wp-content\/uploads\/2023\/03\/BildE-Bike-80x60.jpg 80w\" sizes=\"(max-width: 800px) 100vw, 800px\" \/><\/figure><\/div>\n\n\n<p>Ein aufmerksamer Zeuge beobachtete Donnerstagnacht (02.03.2023), gegen 0.10 Uhr, wie drei M\u00e4nner zwei E-Bikes im Bereich der Bremserstra\u00dfe trugen. Die beiden Fahrr\u00e4der waren noch mit einem Schloss gesichert. Der Zeuge sprach das Trio an. Daraufhin fl\u00fcchteten die M\u00e4nner. Die E-Bikes lie\u00dfen sie stehen. Die verst\u00e4ndigte Polizei stellte zwei der drei Diebe in der N\u00e4he fest. Der 31- und der 45-J\u00e4hrige wurden anschlie\u00dfend zu einer Polizeidienststelle gebracht. Beide f\u00fchrten eine geringe Menge an Bet\u00e4ubungsmittel mit. Der 45-J\u00e4hrige kam anschlie\u00dfend wieder auf freien Fu\u00df, w\u00e4hrend der 31-J\u00e4hrige, aufgrund eines Haftbefehls, in eine Justizvollzugsanstalt gebracht wurde. Die beiden gestohlenen E-Bikes der Marke Cube stellte die Polizei sicher. Die Polizei sucht nun die Besitzer der Fahrr\u00e4der.<\/p>\n\n\n\n<p>Sachdienliche Hinweise bitte an die Polizeiinspektion Ludwigshafen 2, Telefonnummer 0621 963-2222 oder per E-Mail&nbsp;<a href=\"mailto:piludwigshafen2@polizei.rlp.de\">piludwigshafen2@polizei.rlp.de<\/a>&nbsp;.<\/p>\n\n\n\n<h2 class=\"wp-block-heading\">(Heidelberg) &#8211; Schwerer Verkehrsunfall auf Speyererstra\u00dfe<\/h2>\n\n\n\n<p>Am Donnerstag gegen 11 Uhr ereignete sich auf der Speyererstra\u00dfe bei Heidelberg-Kirchheim im Bereich der Sportpl\u00e4tze \/ St\u00fcckerweg ein schwerer Verkehrsunfall. Die Fahrerin eines Skoda bog, ersten Ermittlungen des Polizeireviers Heidelberg-S\u00fcd zufolge, trotz roter Ampel vom Cuzaring kommend nach links ab und nahm einer in Richtung Schwetzingen fahrenden Smart-Fahrerin damit die Vorfahrt. Bei dem Zusammensto\u00df wurde die Smart-Fahrerin verletzt und kam zur weiteren Behandlung. Beide Pkw mussten abgeschleppt werden. W\u00e4hrend der Unfallaufnahme und der anschlie\u00dfenden Bergungs- und Reinigungsarbeiten war die Fahrbahn teilweise vollgesperrt. Alle Sperrma\u00dfnahmen wurden mittlerweile aufgehoben und die Unfallstelle ger\u00e4umt.<\/p>\n\n\n\n<h2 class=\"wp-block-heading\">(Heidelberg) &#8211; Betrunken Auffahrunfall verursacht<\/h2>\n\n\n\n<p>Am Mittwoch gegen 11.30 Uhr kam es in der Speyerer Stra\u00dfe zu einem Auffahrunfall. Der 27-j\u00e4hrige Fahrer eines Audi reagierte auf verkehrsbedingt bremsende Fahrzeuge zu sp\u00e4t und fuhr auf einen vor ihm befindlichen Volvo auf.<\/p>\n\n\n\n<p>Im Rahmen der Unfallaufnahme durch Polizeibeamte des Polizeireviers Heidelberg-Mitte konnte beim Unfallverursacher Alkoholgeruch in der Atemluft wahrgenommen werden. Ein freiwilliger Atemalkoholtest ergab noch an der Unfall\u00f6rtlichkeit einen Wert von 0,46 Promille. Der 27-J\u00e4hrige begleitete die Polizeibeamten f\u00fcr die weiteren strafprozessualen Ma\u00dfnahmen zur Dienststelle und musste eine Blutprobe abgeben.<\/p>\n\n\n\n<p>Es wird nun wegen Gef\u00e4hrdung des Stra\u00dfenverkehrs gegen ihn ermittelt. Des Weiteren erwarten ihn f\u00fchrerscheinrechtliche Konsequenzen.<\/p>\n\n\n\n<h2 class=\"wp-block-heading\">(Heidelberg) &#8211; Einbruch in Gartengrundst\u00fcck und versuchte Brandstiftung<\/h2>\n\n\n\n<p>Im Zeitraum zwischen Dienstagmorgen, 09.00 Uhr und Mittwochmorgen, 08.30 Uhr verschaffte sich ein bislang unbekannter T\u00e4ter oder eine unbekannte T\u00e4terin gewaltsam Zugang zu einem Gartengrundst\u00fcck in der Stra\u00dfe Untere Seegasse im Stadtteil Heidelberg-Kirchheim. Die unbekannte T\u00e4terschaft demontierte und entwendete ein neben einem Gartenhaus auf einem Gestell montiertes Solarpaneel. Auch die zu dem Paneel geh\u00f6rende Batterie, ein Wechselrichter und ein Laderegler, welche sich in dem Gartenhaus befanden, wurden entwendet sowie eine Holzbank, welche vor dem Gartenhaus stand. Zudem wurde ein in dem Gartenhaus befindliches Sitzpolster in Brand gesetzt.<\/p>\n\n\n\n<p>Es entstand ein Gesamtschaden von rund 1.000 EUR.<\/p>\n\n\n\n<p>Zeugen, die sachdienliche Angaben machen k\u00f6nnen, werden gebeten, sich beim Polizeirevier Heidelberg-S\u00fcd unter 06221 3418-0 zu melden.<\/p>\n\n\n\n<h2 class=\"wp-block-heading\">(Oftersheim \/ Rhein-Neckar-Kreis) &#8211; Nach Aufbruchserie weitere Betroffene gesucht!<\/h2>\n\n\n\n<p>Im Zeitraum von Donnerstag, den 23.02.2023, bis Freitag, den 24.02.2023, wurden im Bereich der Walldorfer Stra\u00dfe und dem Kohlwaldweg mehrere Bauwagen eines Waldkindergartens sowie Lauben angrenzender Kleing\u00e4rten aufgebrochen und Wertsache entwendet. Das Polizeirevier Schwetzingen hat die Ermittlungen gegen die bislang unbekannten T\u00e4ter aufgenommen. In diesem Zusammenhang werden Betroffene, die sich bislang nicht mit der Polizei in Verbindung gesetzt haben, gebeten, sich unter Tel.: 06202 288-0 zu melden.<\/p>\n\n\n\n<p>Der entstandene Sach- und Diebstahlsschaden kann bislang nicht beziffert werden.<\/p>\n\n\n\n<h2 class=\"wp-block-heading\">(Rauenberg \/ Rhein-Neckar-Kreis) &#8211; Nach Einbruch in Wohnung Zeugen gesucht<\/h2>\n\n\n\n<p>In der Zeit von 8 Uhr bis 19.50 Uhr am Mittwoch, verschafften sich ein oder mehrere Unbekannte gewaltsam Zutritt in eine Wohnung in der St-Michael-Stra\u00dfe und durchsuchten die R\u00e4umlichkeiten nach Wertgegenst\u00e4nden. W\u00e4hrend der Abwesenheit der Bewohner schlugen die Einbrecher eine Glasscheibe einer Terassent\u00fcr ein und gelangten so ins Innere. In allen R\u00e4umen wurden die Schr\u00e4nke durchsucht und letztlich Schmuck und Kleinelektronik im Wert von mindestens 1.000 Euro entwendet. Das Polizeirevier Wiesloch hat die Ermittlungen aufgenommen und sucht in diesem Zusammenhang nach Zeugen. Diese werden gebeten, sich unter Tel.: 06222 57090 zu melden.<\/p>\n\n\n\n<h2 class=\"wp-block-heading\">(Meckesheim \/ Rhein-Neckar-Kreis) &#8211; Nach Unfallflucht Zeugen gesucht<a href=\"https:\/\/www.facebook.com\/sharer.php?u=https%3A%2F%2Fwww.presseportal.de%2Fblaulicht%2Fpm%2F14915%2F5453689%2F%3Futm_source%3Dfacebook%26utm_medium%3Dsocial\"><\/a><a href=\"https:\/\/twitter.com\/intent\/tweet?text=POL-MA%3A%20Meckesheim%2C%20Rhein-Neckar-Kreis%3A%20Nach%20Unfallflucht%20Zeugen%20gesucht&amp;url=https%3A%2F%2Fwww.presseportal.de%2Fblaulicht%2Fpm%2F14915%2F5453689%2F%3Futm_source%3Dtwitter%26utm_medium%3Dsocial&amp;hashtags=ots&amp;lang=de\"><\/a><a href=\"https:\/\/web.whatsapp.com\/send?text=POL-MA%3A%20Meckesheim%2C%20Rhein-Neckar-Kreis%3A%20Nach%20Unfallflucht%20Zeugen%20gesucht%0A%0Ahttps%3A%2F%2Fwww.presseportal.de%2Fblaulicht%2Fpm%2F14915%2F5453689%2F%3Futm_source%3Dwhatsapp%26utm_medium%3Dsocial\"><\/a><a href=\"https:\/\/www.xing.com\/app\/user?op=share;url=https%3A%2F%2Fwww.presseportal.de%2Fblaulicht%2Fpm%2F14915%2F5453689%2F%3Futm_source%3Dxing%26utm_medium%3Dsocial\"><\/a><a href=\"http:\/\/www.linkedin.com\/shareArticle?mini=true&amp;url=https%3A%2F%2Fwww.presseportal.de%2Fblaulicht%2Fpm%2F14915%2F5453689%2F%3Futm_source%3Dlinkedin%26utm_medium%3Dsocial&amp;title=POL-MA%3A+Meckesheim%2C+Rhein-Neckar-Kreis%3A+Nach+Unfallflucht+Zeugen+gesucht\"><\/a><a href=\"mailto:?subject=POL-MA%3A%20Meckesheim%2C%20Rhein-Neckar-Kreis%3A%20Nach%20Unfallflucht%20Zeugen%20gesucht&amp;body=https:\/\/www.presseportal.de\/blaulicht\/pm\/14915\/5453689\"><\/a><\/h2>\n\n\n\n<p>Am Mittwochnachmittag kam es im Kreuzungsbereich der Zuzenh\u00e4user Stra\u00dfe und der Industriestra\u00dfe zu einem Unfall &#8211; der Verursacher fl\u00fcchtete trotz eines Schadens von 3.000 Euro. Eine 19-J\u00e4hrige musste gegen 16.50 Uhr an der Einm\u00fcndung mit ihrem VW halten, wobei zeitgleich ein blauer Omnibus an ihr vorbeifuhr und den Pkw dabei an Sto\u00dfstange und Kotfl\u00fcgel streifte. Der Unfallverursacher fuhr anschlie\u00dfend auf der Oberhofstra\u00dfe weiter \u00fcber die Zutzenh\u00e4user Stra\u00dfe in Fahrtrichtung Oberhof. Das Polizeirevier Neckargem\u00fcnd hat die Ermittlungen aufgenommen und sucht Zeugen des Geschehens oder Personen die Hinweise zum unbekannten Fahrer machen k\u00f6nnen. Diese werden gebeten, sich unter Tel.: 06223 92540 zu melden.<\/p>\n\n\n\n<h2 class=\"wp-block-heading\">(L 532 \/ Langezell \/ Rhein-Neckar-Kreis) &#8211; Unfall auf L532 \/ Fahrbahn gesperrt<\/h2>\n\n\n\n<p>Die Landstra\u00dfe 532 zwischen Wiesenbach und Langezell ist derzeit wegen eines Unfalls in beide Richtungen gesperrt. Verkehrsteilnehmer werden \u00f6rtlich umgeleitet.<\/p>\n\n\n\n<p>Nach bisherigem Kenntnisstand \u00fcberschlug sich ein BMW und blieb auf dem Dach liegen. Alle Insassen konnten das Fahrzeug verlassen, einer daonv wird derzeit vor Ort von den Rettungskr\u00e4ften behandelt. \u00dcber die Schwere der Verletzung kann derzeit keine Auskunft gegeben werden. Weshalb es zum Unfall kam, ist bislang unbekannt. Die Unfallaufnahme des Polizeireviers Neckargem\u00fcnd dauert derzeit an. (02.03.2023 \u2013 13:59)<\/p>\n\n\n\n<h3 class=\"has-text-align-center wp-block-heading\">Fahrbahn teilweise freigegeben \/ Pressemeldung Nr. 2<\/h3>\n\n\n\n<p>Die vollgesperrte Landstra\u00dfe L 532 wurde mittlerweile wieder teilweise freigegeben. Der Verkehr wird an der Unfallstelle vorbeigeleitet.<\/p>\n\n\n\n<p>Der verletzte Fahrer befindet sich in medizinischer Behandlung, Lebensgefahr ist auszuschlie\u00dfen.<\/p>\n\n\n\n<p>Die Bergungs- und Reinigungsarbeiten dauern weiter an.<\/p>\n\n\n\n<p>Nach bisherigen Ermittlungen war der Fahrer mit seinem BMW alleinbeteiligt und \u00fcberschlug sich aus bislang unbekannter Ursache. Weitere Insassen wurden nicht verletzt. Der Sachschaden kann bislang nicht beziffert werden. (02.03.2023 \u2013 15:30)<\/p>\n","protected":false},"excerpt":{"rendered":"<div class=\"mh-excerpt\"><p>Polizeimeldungen vom Donnerstag (02.03.2023) (Speyer) &#8211; Ladendiebstahl von Mobiltelefonen Am 01.03.2023 gegen 17:45 Uhr entnahmen eine 22-j\u00e4hrige Frau und ein 31-j\u00e4hriger Mann aus Baden-W\u00fcrttemberger aus der Auslage eines Elektronikmarktes in der Wormser Landstra\u00dfe zwei Mobiltelefone, <a class=\"mh-excerpt-more\" href=\"https:\/\/speyer24news.com\/?p=51413\" title=\"Polizeimeldungen Donnerstag (02.03.2023)\">[&#8230;]<\/a><\/p>\n<\/div>","protected":false},"author":3,"featured_media":26162,"comment_status":"open","ping_status":"open","sticky":false,"template":"","format":"standard","meta":{"_monsterinsights_skip_tracking":false,"_monsterinsights_sitenote_active":false,"_monsterinsights_sitenote_note":"","_monsterinsights_sitenote_category":0,"footnotes":""},"categories":[15659],"tags":[7243,7244,3614,350,14537,15084,15267,14538,15361,15845,702,2555,6955,6986,6263,63,105,6987,53,4854,13534,4683,1548,4905,11592,102,13626,213,14325,14324,13553,13541,55,8277,6368,5261,103,106,2803,2423,427,2625,380,62,104,979,1565],"aioseo_notices":[],"amp_enabled":true,"_links":{"self":[{"href":"https:\/\/speyer24news.com\/index.php?rest_route=\/wp\/v2\/posts\/51413"}],"collection":[{"href":"https:\/\/speyer24news.com\/index.php?rest_route=\/wp\/v2\/posts"}],"about":[{"href":"https:\/\/speyer24news.com\/index.php?rest_route=\/wp\/v2\/types\/post"}],"author":[{"embeddable":true,"href":"https:\/\/speyer24news.com\/index.php?rest_route=\/wp\/v2\/users\/3"}],"replies":[{"embeddable":true,"href":"https:\/\/speyer24news.com\/index.php?rest_route=%2Fwp%2Fv2%2Fcomments&post=51413"}],"version-history":[{"count":2,"href":"https:\/\/speyer24news.com\/index.php?rest_route=\/wp\/v2\/posts\/51413\/revisions"}],"predecessor-version":[{"id":51419,"href":"https:\/\/speyer24news.com\/index.php?rest_route=\/wp\/v2\/posts\/51413\/revisions\/51419"}],"wp:featuredmedia":[{"embeddable":true,"href":"https:\/\/speyer24news.com\/index.php?rest_route=\/wp\/v2\/media\/26162"}],"wp:attachment":[{"href":"https:\/\/speyer24news.com\/index.php?rest_route=%2Fwp%2Fv2%2Fmedia&parent=51413"}],"wp:term":[{"taxonomy":"category","embeddable":true,"href":"https:\/\/speyer24news.com\/index.php?rest_route=%2Fwp%2Fv2%2Fcategories&post=51413"},{"taxonomy":"post_tag","embeddable":true,"href":"https:\/\/speyer24news.com\/index.php?rest_route=%2Fwp%2Fv2%2Ftags&post=51413"}],"curies":[{"name":"wp","href":"https:\/\/api.w.org\/{rel}","templated":true}]}}