{"id":51421,"date":"2023-03-04T10:34:44","date_gmt":"2023-03-04T09:34:44","guid":{"rendered":"https:\/\/speyer24news.com\/?p=51421"},"modified":"2023-03-04T10:35:26","modified_gmt":"2023-03-04T09:35:26","slug":"geschwindigkeitskontrolle-blitzer-kw-10-06-03-12-03-23","status":"publish","type":"post","link":"https:\/\/speyer24news.com\/?p=51421","title":{"rendered":"Geschwindigkeitskontrolle \/ Blitzer KW 10 (06.03. \u2013 12.03.23)"},"content":{"rendered":"<style type=\"text\/css\">\r\n\t.ads_top_disp{}\r\n\t.ads_top_corner_disp{ float:left; margin:0px 10px 10px 0px; }\r\n\t.ads_first_p_disp{}\r\n\t.ads_bottom_disp{}\r\n\t<\/style>\n<h2 class=\"wp-block-heading\">(Mannheim) \u2013 Geschwindigkeitskontrollen&nbsp;vom 6. bis 10. M\u00e4rz<\/h2>\n\n\n<div class=\"wp-block-image\">\n<figure class=\"aligncenter\"><img decoding=\"async\" loading=\"lazy\" width=\"640\" height=\"497\" src=\"https:\/\/speyer24news.com\/wp-content\/uploads\/2020\/12\/Blitzer-2.jpg\" alt=\"\" class=\"wp-image-31937\" srcset=\"https:\/\/speyer24news.com\/wp-content\/uploads\/2020\/12\/Blitzer-2.jpg 640w, https:\/\/speyer24news.com\/wp-content\/uploads\/2020\/12\/Blitzer-2-300x233.jpg 300w\" sizes=\"(max-width: 640px) 100vw, 640px\" \/><\/figure><\/div>\n\n\n<h3 class=\"wp-block-heading\">Die Stadt Mannheim f\u00fchrt vom 6. bis 10. M\u00e4rz in folgenden Stra\u00dfen mobile Geschwindigkeitskontrollen durch:<\/h3>\n\n\n\n<ul>\n<li><strong>Alphornstra\u00dfe (Neckarschule)<\/strong><\/li>\n\n\n\n<li><strong>Belfortstra\u00dfe (Wilhelm-Wundt-Schule)<\/strong><\/li>\n\n\n\n<li><strong>Dammstra\u00dfe<\/strong><\/li>\n\n\n\n<li><strong>Elfenstra\u00dfe (verkehrsberuhigter Bereich)<\/strong><\/li>\n\n\n\n<li><strong>Ernst-Barlach-Allee (Johann-Peter-Hebel-Schule)<\/strong><\/li>\n\n\n\n<li><strong>Feldbergstra\u00dfe<\/strong><\/li>\n\n\n\n<li><strong>Gartenfeldstra\u00dfe (Humboldt Schule)<\/strong><\/li>\n\n\n\n<li><strong>Hans-Thoma-Stra\u00dfe<\/strong><\/li>\n\n\n\n<li><strong>Isoldestra\u00dfe<\/strong><\/li>\n\n\n\n<li><strong>Johannes-Hoffart-Stra\u00dfe<\/strong><\/li>\n\n\n\n<li><strong>Krefelder Stra\u00dfe<\/strong><\/li>\n\n\n\n<li><strong>Langstra\u00dfe<\/strong><\/li>\n\n\n\n<li><strong>Luisenstra\u00dfe (Schillerschule)<\/strong><\/li>\n\n\n\n<li><strong>Lutherstra\u00dfe (verkehrsberuhigter Bereich)<\/strong><\/li>\n\n\n\n<li><strong>Mittelstra\u00dfe<\/strong><\/li>\n\n\n\n<li><strong>Neueichwaldstra\u00dfe<\/strong><\/li>\n\n\n\n<li><strong>Sonnenschein<\/strong><\/li>\n\n\n\n<li><strong>Wasserwerkstra\u00dfe (Franklinschule)<\/strong><\/li>\n\n\n\n<li><strong>Wolframstra\u00dfe<\/strong><\/li>\n<\/ul>\n\n\n\n<p>Kurzfristige \u00c4nderungen oder zus\u00e4tzliche Messstellen sind aus aktuellem Anlass m\u00f6glich.<\/p>\n\n\n\n<p><em>Stadt Mannheim<br>02.03.2023<\/em><\/p>\n\n\n\n<h2 class=\"wp-block-heading\">(Ludwigshafen) \u2013 Radarkontrollen f\u00fcr die Woche vom 06.03. bis 12.03.2023<\/h2>\n\n\n<div class=\"wp-block-image\">\n<figure class=\"aligncenter\"><img decoding=\"async\" loading=\"lazy\" width=\"800\" height=\"600\" src=\"https:\/\/speyer24news.com\/wp-content\/uploads\/2020\/03\/Blitzer-1.jpg\" alt=\"\" class=\"wp-image-25724\" srcset=\"https:\/\/speyer24news.com\/wp-content\/uploads\/2020\/03\/Blitzer-1.jpg 800w, https:\/\/speyer24news.com\/wp-content\/uploads\/2020\/03\/Blitzer-1-300x225.jpg 300w, https:\/\/speyer24news.com\/wp-content\/uploads\/2020\/03\/Blitzer-1-768x576.jpg 768w, https:\/\/speyer24news.com\/wp-content\/uploads\/2020\/03\/Blitzer-1-678x509.jpg 678w, https:\/\/speyer24news.com\/wp-content\/uploads\/2020\/03\/Blitzer-1-326x245.jpg 326w, https:\/\/speyer24news.com\/wp-content\/uploads\/2020\/03\/Blitzer-1-80x60.jpg 80w\" sizes=\"(max-width: 800px) 100vw, 800px\" \/><\/figure><\/div>\n\n\n<h3 class=\"wp-block-heading\">Die Stadt Ludwigshafen nimmt in folgenden Stadtteilen Radarkontrollen vor:<\/h3>\n\n\n\n<ul>\n<li><strong>Montag, 6. M\u00e4rz: Rheing\u00f6nheim, Oppau und Pfingstweide<\/strong><\/li>\n\n\n\n<li><strong>Dienstag, 7. M\u00e4rz: Friesenheim, Nord und Gartenstadt<\/strong><\/li>\n\n\n\n<li><strong>Mittwoch, 8. M\u00e4rz: Oggersheim, S\u00fcd und Ruchheim<\/strong><\/li>\n\n\n\n<li><strong>Donnerstag, 9. M\u00e4rz: Edigheim, Friesenheim und West<\/strong><\/li>\n\n\n\n<li><strong>Freitag, 10. M\u00e4rz: Gartenstadt, Mundenheim und Maudach<\/strong><\/li>\n<\/ul>\n\n\n\n<p>Kurzfristige \u00c4nderungen beh\u00e4lt sich der Bereich Stra\u00dfenverkehr vor. Kontrollen k\u00f6nnen auch kurzfristig an anderen Stellen stattfinden.<\/p>\n\n\n\n<p><em>Stadt Ludwigshafen<br>02.03.2023<\/em><\/p>\n\n\n\n<h2 class=\"wp-block-heading\">(Pr\u00e4sidialbereich Rheinpfalz) \u2013 Geschwindigkeitskontrollen im M\u00e4rz 2023<\/h2>\n\n\n<div class=\"wp-block-image\">\n<figure class=\"aligncenter\"><img decoding=\"async\" loading=\"lazy\" width=\"800\" height=\"450\" src=\"https:\/\/speyer24news.com\/wp-content\/uploads\/2020\/12\/Blitzer-Logo.jpg\" alt=\"\" class=\"wp-image-31938\" srcset=\"https:\/\/speyer24news.com\/wp-content\/uploads\/2020\/12\/Blitzer-Logo.jpg 800w, https:\/\/speyer24news.com\/wp-content\/uploads\/2020\/12\/Blitzer-Logo-300x169.jpg 300w, https:\/\/speyer24news.com\/wp-content\/uploads\/2020\/12\/Blitzer-Logo-768x432.jpg 768w, https:\/\/speyer24news.com\/wp-content\/uploads\/2020\/12\/Blitzer-Logo-678x381.jpg 678w\" sizes=\"(max-width: 800px) 100vw, 800px\" \/><\/figure><\/div>\n\n\n<h4 class=\"wp-block-heading\">Im Bereich der&nbsp;<strong>Polizeidirektion Ludwigshafen<\/strong>&nbsp;finden wie folgt Kontrollen statt:<\/h4>\n\n\n\n<ul>\n<li><strong>14.03.2023 im Schifferstadt<\/strong><\/li>\n\n\n\n<li><strong>20.03.2023 im Bereich Dudenhofen<\/strong><\/li>\n\n\n\n<li><strong>31.03.2023 im Bereich Ludwigshafen<\/strong><\/li>\n<\/ul>\n\n\n\n<h4 class=\"wp-block-heading\">Im Bereich der&nbsp;<strong>Polizeidirektion Landau<\/strong>&nbsp;finden wie folgt Kontrollen statt:<\/h4>\n\n\n\n<ul>\n<li><strong>07.03.2023 im Bereich Lustadt<\/strong><\/li>\n\n\n\n<li><strong>15.03.2023 im Bereich Berg<\/strong><\/li>\n\n\n\n<li><strong>23.03.2023 im Bereich Steinfeld<\/strong><\/li>\n\n\n\n<li><strong>27.03.2023 im Bereich Annweiler<\/strong><\/li>\n<\/ul>\n\n\n\n<h4 class=\"wp-block-heading\">Im Bereich der&nbsp;<strong>Polizeidirektion Neustadt&nbsp;<\/strong>finden wie folgt Kontrollen statt:<\/h4>\n\n\n\n<ul>\n<li><strong>10.03.2023 im Bereich Wachenheim<\/strong><\/li>\n\n\n\n<li><strong>13.03.2023 im Bereich Elmstein<\/strong><\/li>\n\n\n\n<li><strong>22.03.2023 im Bereich Meckenheim<\/strong><\/li>\n\n\n\n<li><strong>30.03.2023 im Bereich Bockenheim<\/strong><\/li>\n<\/ul>\n\n\n\n<p>Die Polizei weist ausdr\u00fccklich darauf hin, dass Kontrollen auch au\u00dferhalb der genannten Zeiten und \u00d6rtlichkeiten stattfinden.<\/p>\n\n\n\n<p><em>Polizeipr\u00e4sidium Rheinpfalz<br>03.03.2023<\/em><\/p>\n","protected":false},"excerpt":{"rendered":"<div class=\"mh-excerpt\"><p>(Mannheim) \u2013 Geschwindigkeitskontrollen&nbsp;vom 6. bis 10. M\u00e4rz Die Stadt Mannheim f\u00fchrt vom 6. bis 10. M\u00e4rz in folgenden Stra\u00dfen mobile Geschwindigkeitskontrollen durch: Kurzfristige \u00c4nderungen oder zus\u00e4tzliche Messstellen sind aus aktuellem Anlass m\u00f6glich. Stadt Mannheim02.03.2023 (Ludwigshafen) <a class=\"mh-excerpt-more\" href=\"https:\/\/speyer24news.com\/?p=51421\" title=\"Geschwindigkeitskontrolle \/ Blitzer KW 10 (06.03. \u2013 12.03.23)\">[&#8230;]<\/a><\/p>\n<\/div>","protected":false},"author":3,"featured_media":33649,"comment_status":"open","ping_status":"open","sticky":false,"template":"","format":"standard","meta":{"_monsterinsights_skip_tracking":false,"_monsterinsights_sitenote_active":false,"_monsterinsights_sitenote_note":"","_monsterinsights_sitenote_category":0,"footnotes":""},"categories":[64],"tags":[18,7702,4819,4814,7703,15144,14960,19,5148,4822,4817,5149,4228,14750,947,5146,4820,4815,5147,779,5152,4821,4816,14749,227,17,7699,7068,7004,7700,949,5150,4818,4813,5151,1310,948,10894,10893],"aioseo_notices":[],"amp_enabled":true,"_links":{"self":[{"href":"https:\/\/speyer24news.com\/index.php?rest_route=\/wp\/v2\/posts\/51421"}],"collection":[{"href":"https:\/\/speyer24news.com\/index.php?rest_route=\/wp\/v2\/posts"}],"about":[{"href":"https:\/\/speyer24news.com\/index.php?rest_route=\/wp\/v2\/types\/post"}],"author":[{"embeddable":true,"href":"https:\/\/speyer24news.com\/index.php?rest_route=\/wp\/v2\/users\/3"}],"replies":[{"embeddable":true,"href":"https:\/\/speyer24news.com\/index.php?rest_route=%2Fwp%2Fv2%2Fcomments&post=51421"}],"version-history":[{"count":2,"href":"https:\/\/speyer24news.com\/index.php?rest_route=\/wp\/v2\/posts\/51421\/revisions"}],"predecessor-version":[{"id":51429,"href":"https:\/\/speyer24news.com\/index.php?rest_route=\/wp\/v2\/posts\/51421\/revisions\/51429"}],"wp:featuredmedia":[{"embeddable":true,"href":"https:\/\/speyer24news.com\/index.php?rest_route=\/wp\/v2\/media\/33649"}],"wp:attachment":[{"href":"https:\/\/speyer24news.com\/index.php?rest_route=%2Fwp%2Fv2%2Fmedia&parent=51421"}],"wp:term":[{"taxonomy":"category","embeddable":true,"href":"https:\/\/speyer24news.com\/index.php?rest_route=%2Fwp%2Fv2%2Fcategories&post=51421"},{"taxonomy":"post_tag","embeddable":true,"href":"https:\/\/speyer24news.com\/index.php?rest_route=%2Fwp%2Fv2%2Ftags&post=51421"}],"curies":[{"name":"wp","href":"https:\/\/api.w.org\/{rel}","templated":true}]}}