{"id":51458,"date":"2023-03-06T12:26:36","date_gmt":"2023-03-06T11:26:36","guid":{"rendered":"https:\/\/speyer24news.com\/?p=51458"},"modified":"2023-03-06T12:26:37","modified_gmt":"2023-03-06T11:26:37","slug":"kultur-veranstaltungen-senioren","status":"publish","type":"post","link":"https:\/\/speyer24news.com\/?p=51458","title":{"rendered":"Kultur \/ Veranstaltungen \/ Senioren"},"content":{"rendered":"<style type=\"text\/css\">\r\n\t.ads_top_disp{}\r\n\t.ads_top_corner_disp{ float:left; margin:0px 10px 10px 0px; }\r\n\t.ads_first_p_disp{}\r\n\t.ads_bottom_disp{}\r\n\t<\/style>\n<h2 class=\"wp-block-heading\">Konzert am Nachmittag 2023 mit Tatjana Worm-Sawosskaja, dem Duo Harfenzauber, Klezmers Techter sowie mit Miriam und Walter Ast<\/h2>\n\n\n<div class=\"wp-block-image\">\n<figure class=\"aligncenter size-full\"><img decoding=\"async\" loading=\"lazy\" width=\"500\" height=\"750\" src=\"https:\/\/speyer24news.com\/wp-content\/uploads\/2023\/03\/Tatjana-Worm-Sawosskaja-\u00a9-Tatjana-Worm-Sawosskaja-.jpg\" alt=\"\" class=\"wp-image-51459\" srcset=\"https:\/\/speyer24news.com\/wp-content\/uploads\/2023\/03\/Tatjana-Worm-Sawosskaja-\u00a9-Tatjana-Worm-Sawosskaja-.jpg 500w, https:\/\/speyer24news.com\/wp-content\/uploads\/2023\/03\/Tatjana-Worm-Sawosskaja-\u00a9-Tatjana-Worm-Sawosskaja--200x300.jpg 200w\" sizes=\"(max-width: 500px) 100vw, 500px\" \/><figcaption class=\"wp-element-caption\">Die international gefragte Konzertpianistin Tatjana Worm-Sawosskaja spielt am Mittwoch, 15. M\u00e4rz um 15 Uhr.<br><em>Foto: Tatjana Worm-Sawosskaja<\/em><\/figcaption><\/figure><\/div>\n\n\n<p>Insgesamt vier Veranstaltungen stehen dieses Jahr auf dem Programm der kostenfreien Konzertreihe im Historischen Ratssaal der Stadt Speyer. Zum Auftakt spielt die international gefragte <strong>Konzertpianistin Tatjana Worm-Sawosskaja am Mittwoch, 15. M\u00e4rz<\/strong> um 15 Uhr Werke von Fr\u00e9d\u00e9ric Chopin und Franz Liszt. Dabei setzt sie ihre Konzerte im dreidimensionalen Format in Szene und erz\u00e4hlt kurze unterhaltsame Geschichten \u00fcber Musen, Lebensgef\u00e4hrtinnen und F\u00f6rderinnen der beiden Komponisten.<\/p>\n\n\n<div class=\"wp-block-image\">\n<figure class=\"aligncenter size-full\"><img decoding=\"async\" loading=\"lazy\" width=\"800\" height=\"676\" src=\"https:\/\/speyer24news.com\/wp-content\/uploads\/2023\/03\/Duo-Harfenzauber-\u00a9-Duo-Harfenzauber.jpg\" alt=\"\" class=\"wp-image-51460\" srcset=\"https:\/\/speyer24news.com\/wp-content\/uploads\/2023\/03\/Duo-Harfenzauber-\u00a9-Duo-Harfenzauber.jpg 800w, https:\/\/speyer24news.com\/wp-content\/uploads\/2023\/03\/Duo-Harfenzauber-\u00a9-Duo-Harfenzauber-300x254.jpg 300w, https:\/\/speyer24news.com\/wp-content\/uploads\/2023\/03\/Duo-Harfenzauber-\u00a9-Duo-Harfenzauber-768x649.jpg 768w\" sizes=\"(max-width: 800px) 100vw, 800px\" \/><figcaption class=\"wp-element-caption\">Am Mittwoch, 10. Mai um 15 Uhr spielen Melanie und Ulrich Knopp alias das \u201eDuo Harfenzauber\u201c.<br><em>Foto: Duo Harfenzauber<\/em><\/figcaption><\/figure><\/div>\n\n\n<p>Am <strong>Mittwoch, 10. Mai<\/strong> um 15 Uhr entf\u00fchren <strong>Melanie und Ulrich Knopp alias das \u201eDuo Harfenzauber\u201c<\/strong> in die wunderbar vielseitige Klangwelt der Harfe. Zu Ihren\u00a0<em>Klangpralin\u00e9s verschiedenster Geschmacksrichtungen<\/em>\u00a0z\u00e4hlen neben knackigen Kreationen aus Irland und dem temperamentvollen Flamenco auch zarte Balladen sowie Filmmusik.<\/p>\n\n\n<div class=\"wp-block-image\">\n<figure class=\"aligncenter size-full\"><img decoding=\"async\" loading=\"lazy\" width=\"800\" height=\"606\" src=\"https:\/\/speyer24news.com\/wp-content\/uploads\/2023\/03\/Klezmers-Techter-\u00a9-Martina-Pipprich.jpg\" alt=\"\" class=\"wp-image-51461\" srcset=\"https:\/\/speyer24news.com\/wp-content\/uploads\/2023\/03\/Klezmers-Techter-\u00a9-Martina-Pipprich.jpg 800w, https:\/\/speyer24news.com\/wp-content\/uploads\/2023\/03\/Klezmers-Techter-\u00a9-Martina-Pipprich-300x227.jpg 300w, https:\/\/speyer24news.com\/wp-content\/uploads\/2023\/03\/Klezmers-Techter-\u00a9-Martina-Pipprich-768x582.jpg 768w, https:\/\/speyer24news.com\/wp-content\/uploads\/2023\/03\/Klezmers-Techter-\u00a9-Martina-Pipprich-80x60.jpg 80w\" sizes=\"(max-width: 800px) 100vw, 800px\" \/><figcaption class=\"wp-element-caption\">Die &#8222;Klezmers Techter&#8220; spielen am 25. Oktober<br><em>Foto: \u00a9 Martina Pipprich<\/em><\/figcaption><\/figure><\/div>\n\n\n<p>Nach der Sommerpause geht es am <strong>Mittwoch, 25. Oktober<\/strong> um 15 Uhr im Rahmen der SchUM-Kulturtage 2023 weiter mit den <strong>\u201eKlezmers Techter\u201c<\/strong>. Die drei Musikerinnen traten auf Einladung von Giora Feidman bereits mehrfach mit gro\u00dfem Erfolg in Israel auf. In Ihrem Programm \u201eAva Olam\u201c erklingen neben freien Improvisationen auch traditionelle Interpretationen jiddischer Musik \u2013 ein facettenreiches Mosaik aus wehm\u00fctiger Sehnsucht und unb\u00e4ndiger Lebensfreude.<\/p>\n\n\n<div class=\"wp-block-image\">\n<figure class=\"aligncenter size-full\"><img decoding=\"async\" loading=\"lazy\" width=\"800\" height=\"600\" src=\"https:\/\/speyer24news.com\/wp-content\/uploads\/2022\/12\/Walter-und-Miriam-Ast-\u00a9-E.-Paltz-Ast.jpg\" alt=\"\" class=\"wp-image-50185\" srcset=\"https:\/\/speyer24news.com\/wp-content\/uploads\/2022\/12\/Walter-und-Miriam-Ast-\u00a9-E.-Paltz-Ast.jpg 800w, https:\/\/speyer24news.com\/wp-content\/uploads\/2022\/12\/Walter-und-Miriam-Ast-\u00a9-E.-Paltz-Ast-300x225.jpg 300w, https:\/\/speyer24news.com\/wp-content\/uploads\/2022\/12\/Walter-und-Miriam-Ast-\u00a9-E.-Paltz-Ast-768x576.jpg 768w, https:\/\/speyer24news.com\/wp-content\/uploads\/2022\/12\/Walter-und-Miriam-Ast-\u00a9-E.-Paltz-Ast-678x509.jpg 678w, https:\/\/speyer24news.com\/wp-content\/uploads\/2022\/12\/Walter-und-Miriam-Ast-\u00a9-E.-Paltz-Ast-326x245.jpg 326w, https:\/\/speyer24news.com\/wp-content\/uploads\/2022\/12\/Walter-und-Miriam-Ast-\u00a9-E.-Paltz-Ast-80x60.jpg 80w\" sizes=\"(max-width: 800px) 100vw, 800px\" \/><figcaption class=\"wp-element-caption\">Walter und Miriam Ast bilden am 6. Dezember den Abschluss.<br><em>Foto: \u00a9 E. Paltz-Ast<\/em><\/figcaption><\/figure><\/div>\n\n\n<p>Zum Abschluss der Konzertreihe am <strong>Mittwoch, 6. Dezember<\/strong> um 15 Uhr lenken die gef\u00fchlvoll von <strong>Miriam und Walter Ast<\/strong> interpretierten Lieder den Blick hoffnungsvoll auf die Buntheit und Vielfalt der Welt. Die Jazzs\u00e4ngerin und der Pianist pr\u00e4sentieren neben Songs und Instrumentalst\u00fccken der popul\u00e4ren Musik auch jahreszeitliche und vorweihnachtliche Beitr\u00e4ge.<\/p>\n\n\n\n<h4 class=\"wp-block-heading\">Zum Hintergrund der Konzertreihe<\/h4>\n\n\n<div class=\"wp-block-image\">\n<figure class=\"aligncenter size-full\"><img decoding=\"async\" loading=\"lazy\" width=\"500\" height=\"968\" src=\"https:\/\/speyer24news.com\/wp-content\/uploads\/2023\/03\/Konzert-am-Nachmittag-Speyer-2023.jpg\" alt=\"\" class=\"wp-image-51462\" srcset=\"https:\/\/speyer24news.com\/wp-content\/uploads\/2023\/03\/Konzert-am-Nachmittag-Speyer-2023.jpg 500w, https:\/\/speyer24news.com\/wp-content\/uploads\/2023\/03\/Konzert-am-Nachmittag-Speyer-2023-155x300.jpg 155w\" sizes=\"(max-width: 500px) 100vw, 500px\" \/><\/figure><\/div>\n\n\n<p>Musik kann die Lebensqualit\u00e4t steigern. Sie kann ablenken, entspannen, aufmuntern und Menschen zusammenf\u00fchren. Viele der wunderbaren Konzerte finden allerdings am Abend statt, zu einer Zeit, zu der viele Senior*innen nicht mehr unterwegs sein m\u00f6chten oder k\u00f6nnen und deshalb auf die Veranstaltung verzichten. Dieser Verzicht aber steht f\u00fcr einen Verlust an Lebensqualit\u00e4t. Die Reihe \u201eKonzert am Nachmittag\u201c soll daher allen die M\u00f6glichkeit geben, Musik in ihrer Vielfalt zu genie\u00dfen.<\/p>\n\n\n\n<p>Der Historische Ratssaal im Obergeschoss des Historischen Rathauses ist mit einem Fahrstuhl \u00fcber die st\u00e4dtische Galerie im Kulturhof Flachsgasse zu erreichen. Personen, die diesen benutzen m\u00f6chten, melden sich bitte beim Kulturb\u00fcro, damit eine Begleitung organisiert werden kann.<\/p>\n\n\n\n<ul>\n<li><strong>Stadt Speyer | Kulturb\u00fcro (Kleine Pfaffengasse 6)<\/strong><\/li>\n\n\n\n<li><strong>Tel. : 06232\/142366 | E-Mail:\u00a0<a href=\"mailto:kulturbuero@stadt-speyer.de\" target=\"_blank\" rel=\"noreferrer noopener\">kulturbuero@stadt-speyer.de<\/a><\/strong><\/li>\n<\/ul>\n\n\n\n<p><em>Text: Stadtverwaltung Speyer Foto: siehe BUZ<br>03.03.2023<\/em><\/p>\n","protected":false},"excerpt":{"rendered":"<div class=\"mh-excerpt\"><p>Konzert am Nachmittag 2023 mit Tatjana Worm-Sawosskaja, dem Duo Harfenzauber, Klezmers Techter sowie mit Miriam und Walter Ast Insgesamt vier Veranstaltungen stehen dieses Jahr auf dem Programm der kostenfreien Konzertreihe im Historischen Ratssaal der Stadt <a class=\"mh-excerpt-more\" href=\"https:\/\/speyer24news.com\/?p=51458\" title=\"Kultur \/ Veranstaltungen \/ Senioren\">[&#8230;]<\/a><\/p>\n<\/div>","protected":false},"author":3,"featured_media":51463,"comment_status":"open","ping_status":"open","sticky":false,"template":"","format":"standard","meta":{"_monsterinsights_skip_tracking":false,"_monsterinsights_sitenote_active":false,"_monsterinsights_sitenote_note":"","_monsterinsights_sitenote_category":0,"footnotes":""},"categories":[14,15370,13],"tags":[15927,15928,15537,564,13664,15925,577,2200,15929,6,15926],"aioseo_notices":[],"amp_enabled":true,"_links":{"self":[{"href":"https:\/\/speyer24news.com\/index.php?rest_route=\/wp\/v2\/posts\/51458"}],"collection":[{"href":"https:\/\/speyer24news.com\/index.php?rest_route=\/wp\/v2\/posts"}],"about":[{"href":"https:\/\/speyer24news.com\/index.php?rest_route=\/wp\/v2\/types\/post"}],"author":[{"embeddable":true,"href":"https:\/\/speyer24news.com\/index.php?rest_route=\/wp\/v2\/users\/3"}],"replies":[{"embeddable":true,"href":"https:\/\/speyer24news.com\/index.php?rest_route=%2Fwp%2Fv2%2Fcomments&post=51458"}],"version-history":[{"count":1,"href":"https:\/\/speyer24news.com\/index.php?rest_route=\/wp\/v2\/posts\/51458\/revisions"}],"predecessor-version":[{"id":51464,"href":"https:\/\/speyer24news.com\/index.php?rest_route=\/wp\/v2\/posts\/51458\/revisions\/51464"}],"wp:featuredmedia":[{"embeddable":true,"href":"https:\/\/speyer24news.com\/index.php?rest_route=\/wp\/v2\/media\/51463"}],"wp:attachment":[{"href":"https:\/\/speyer24news.com\/index.php?rest_route=%2Fwp%2Fv2%2Fmedia&parent=51458"}],"wp:term":[{"taxonomy":"category","embeddable":true,"href":"https:\/\/speyer24news.com\/index.php?rest_route=%2Fwp%2Fv2%2Fcategories&post=51458"},{"taxonomy":"post_tag","embeddable":true,"href":"https:\/\/speyer24news.com\/index.php?rest_route=%2Fwp%2Fv2%2Ftags&post=51458"}],"curies":[{"name":"wp","href":"https:\/\/api.w.org\/{rel}","templated":true}]}}