{"id":51561,"date":"2023-03-27T10:50:18","date_gmt":"2023-03-27T09:50:18","guid":{"rendered":"https:\/\/speyer24news.com\/?p=51561"},"modified":"2023-03-27T10:50:20","modified_gmt":"2023-03-27T09:50:20","slug":"geschwindigkeitskontrolle-blitzer-kw-13-27-03-02-04-23","status":"publish","type":"post","link":"https:\/\/speyer24news.com\/?p=51561","title":{"rendered":"Geschwindigkeitskontrolle \/ Blitzer KW 13 (27.03. \u2013 02.04.23)"},"content":{"rendered":"<style type=\"text\/css\">\r\n\t.ads_top_disp{}\r\n\t.ads_top_corner_disp{ float:left; margin:0px 10px 10px 0px; }\r\n\t.ads_first_p_disp{}\r\n\t.ads_bottom_disp{}\r\n\t<\/style>\n<h2 class=\"wp-block-heading\">(Mannheim) \u2013 Geschwindigkeitskontrollen vom 13. bis 17. M\u00e4rz<\/h2>\n\n\n<div class=\"wp-block-image\">\n<figure class=\"aligncenter\"><img decoding=\"async\" loading=\"lazy\" width=\"640\" height=\"497\" src=\"https:\/\/speyer24news.com\/wp-content\/uploads\/2020\/12\/Blitzer-2.jpg\" alt=\"\" class=\"wp-image-31937\" srcset=\"https:\/\/speyer24news.com\/wp-content\/uploads\/2020\/12\/Blitzer-2.jpg 640w, https:\/\/speyer24news.com\/wp-content\/uploads\/2020\/12\/Blitzer-2-300x233.jpg 300w\" sizes=\"(max-width: 640px) 100vw, 640px\" \/><\/figure><\/div>\n\n\n<h3 class=\"wp-block-heading\">Die Stadt Mannheim f\u00fchrt\u00a0vom 27. bis 31. M\u00e4rz in folgenden Stra\u00dfen mobile Geschwindigkeitskontrollen durch:<\/h3>\n\n\n\n<ul>\n<li><strong>Am Aubuckel<\/strong><\/li>\n\n\n\n<li><strong>Diakonissenstra\u00dfe<\/strong><\/li>\n\n\n\n<li><strong>Eschenhof<\/strong><\/li>\n\n\n\n<li><strong>Hauptstra\u00dfe<\/strong><\/li>\n\n\n\n<li><strong>Ilvesheimer Stra\u00dfe<\/strong><\/li>\n\n\n\n<li><strong>Karlsternstra\u00dfe<\/strong><\/li>\n\n\n\n<li><strong>Kolpingstra\u00dfe<\/strong><\/li>\n\n\n\n<li><strong>Lange R\u00f6tterstra\u00dfe<\/strong><\/li>\n\n\n\n<li><strong>Meerfeldstra\u00dfe (Diesterwegschule)<\/strong><\/li>\n\n\n\n<li><strong>Oppauer Stra\u00dfe (Waldhofschule)<\/strong><\/li>\n\n\n\n<li><strong>Otto-Beck-Stra\u00dfe (Pestalozzischule)<\/strong><\/li>\n\n\n\n<li><strong>Reichskanzler-M\u00fcller-Stra\u00dfe<\/strong><\/li>\n\n\n\n<li><strong>Rennershofstra\u00dfe<\/strong><\/li>\n\n\n\n<li><strong>Schwetzinger Stra\u00dfe<\/strong><\/li>\n\n\n\n<li><strong>Spessartstra\u00dfe (Br\u00fcder-Grimm-Schule)<\/strong><\/li>\n\n\n\n<li><strong>Talstra\u00dfe<\/strong><\/li>\n\n\n\n<li><strong>Waldpforte (Alfred-Delp-Schule)<\/strong><\/li>\n\n\n\n<li><strong>Werderplatz (Oststadtschule)<\/strong><\/li>\n\n\n\n<li><strong>Wiesbadener Stra\u00dfe (Friedrich-Ebert-Schule)<\/strong><\/li>\n\n\n\n<li><strong>Waldparkdamm<\/strong><\/li>\n<\/ul>\n\n\n\n<p>Kurzfristige \u00c4nderungen oder zus\u00e4tzliche Messstellen sind aus aktuellem Anlass m\u00f6glich.<\/p>\n\n\n\n<p><em>Stadt Mannheim<br>09.03.202<\/em>23<\/p>\n\n\n\n<h2 class=\"wp-block-heading\">(Ludwigshafen) \u2013 Radarkontrollen f\u00fcr die Woche vom 27. M\u00e4rz 2023 bis 2. April 2023<\/h2>\n\n\n<div class=\"wp-block-image\">\n<figure class=\"aligncenter\"><img decoding=\"async\" loading=\"lazy\" width=\"800\" height=\"600\" src=\"https:\/\/speyer24news.com\/wp-content\/uploads\/2020\/03\/Blitzer-1.jpg\" alt=\"\" class=\"wp-image-25724\" srcset=\"https:\/\/speyer24news.com\/wp-content\/uploads\/2020\/03\/Blitzer-1.jpg 800w, https:\/\/speyer24news.com\/wp-content\/uploads\/2020\/03\/Blitzer-1-300x225.jpg 300w, https:\/\/speyer24news.com\/wp-content\/uploads\/2020\/03\/Blitzer-1-768x576.jpg 768w, https:\/\/speyer24news.com\/wp-content\/uploads\/2020\/03\/Blitzer-1-678x509.jpg 678w, https:\/\/speyer24news.com\/wp-content\/uploads\/2020\/03\/Blitzer-1-326x245.jpg 326w, https:\/\/speyer24news.com\/wp-content\/uploads\/2020\/03\/Blitzer-1-80x60.jpg 80w\" sizes=\"(max-width: 800px) 100vw, 800px\" \/><\/figure><\/div>\n\n\n<h3 class=\"wp-block-heading\">Die Stadt Ludwigshafen nimmt in folgenden Stadtteilen Radarkontrollen vor:<\/h3>\n\n\n\n<ul>\n<li><strong>Montag, 27. M\u00e4rz: Pfingstweide, Friesenheim und Oggersheim<\/strong><\/li>\n\n\n\n<li><strong>Dienstag, 28. M\u00e4rz: Rheing\u00f6nheim, Oppau und S\u00fcd<\/strong><\/li>\n\n\n\n<li><strong>Mittwoch, 29. M\u00e4rz: Mundenheim, Mitte und Nord<\/strong><\/li>\n\n\n\n<li><strong>Donnerstag, 30. M\u00e4rz: Edigheim, Friesenheim und West<\/strong><\/li>\n\n\n\n<li><strong>Freitag, 31. M\u00e4rz: Gartenstadt, Mundenheim und Maudach<\/strong><\/li>\n\n\n\n<li><strong>Samstag, 01. April: Oggersheim, Ruchheim und Oppau<\/strong><\/li>\n<\/ul>\n\n\n\n<p>Kurzfristige \u00c4nderungen beh\u00e4lt sich der Bereich Stra\u00dfenverkehr vor. Kontrollen k\u00f6nnen auch kurzfristig an anderen Stellen stattfinden.<\/p>\n\n\n\n<p><em>Stadt Ludwigshafen<br>23.03.2023<\/em><\/p>\n\n\n\n<h2 class=\"wp-block-heading\">(Pr\u00e4sidialbereich Rheinpfalz) \u2013 Geschwindigkeitskontrollen im M\u00e4rz 2023<\/h2>\n\n\n<div class=\"wp-block-image\">\n<figure class=\"aligncenter\"><img decoding=\"async\" loading=\"lazy\" width=\"800\" height=\"450\" src=\"https:\/\/speyer24news.com\/wp-content\/uploads\/2020\/12\/Blitzer-Logo.jpg\" alt=\"\" class=\"wp-image-31938\" srcset=\"https:\/\/speyer24news.com\/wp-content\/uploads\/2020\/12\/Blitzer-Logo.jpg 800w, https:\/\/speyer24news.com\/wp-content\/uploads\/2020\/12\/Blitzer-Logo-300x169.jpg 300w, https:\/\/speyer24news.com\/wp-content\/uploads\/2020\/12\/Blitzer-Logo-768x432.jpg 768w, https:\/\/speyer24news.com\/wp-content\/uploads\/2020\/12\/Blitzer-Logo-678x381.jpg 678w\" sizes=\"(max-width: 800px) 100vw, 800px\" \/><\/figure><\/div>\n\n\n<h4 class=\"wp-block-heading\">Im Bereich der&nbsp;<strong>Polizeidirektion Ludwigshafen<\/strong>&nbsp;finden wie folgt Kontrollen statt:<\/h4>\n\n\n\n<ul>\n<li><strong>31.03.2023 im Bereich Ludwigshafen<\/strong><\/li>\n<\/ul>\n\n\n\n<h4 class=\"wp-block-heading\">Im Bereich der&nbsp;<strong>Polizeidirektion Landau<\/strong>&nbsp;finden wie folgt Kontrollen statt:<\/h4>\n\n\n\n<ul>\n<li><strong>27.03.2023 im Bereich Annweiler<\/strong><\/li>\n<\/ul>\n\n\n\n<h4 class=\"wp-block-heading\">Im Bereich der\u00a0<strong>Polizeidirektion Neustadt\u00a0<\/strong>finden wie folgt Kontrollen statt:<\/h4>\n\n\n\n<ul>\n<li><strong>30.03.2023 im Bereich Bockenheim<\/strong><\/li>\n<\/ul>\n\n\n\n<p>Die Polizei weist ausdr\u00fccklich darauf hin, dass Kontrollen auch au\u00dferhalb der genannten Zeiten und \u00d6rtlichkeiten stattfinden.<\/p>\n\n\n\n<p><em>Polizeipr\u00e4sidium Rheinpfalz<br>03.03.2023<\/em><\/p>\n","protected":false},"excerpt":{"rendered":"<div class=\"mh-excerpt\"><p>(Mannheim) \u2013 Geschwindigkeitskontrollen vom 13. bis 17. M\u00e4rz Die Stadt Mannheim f\u00fchrt\u00a0vom 27. bis 31. M\u00e4rz in folgenden Stra\u00dfen mobile Geschwindigkeitskontrollen durch: Kurzfristige \u00c4nderungen oder zus\u00e4tzliche Messstellen sind aus aktuellem Anlass m\u00f6glich. Stadt Mannheim09.03.20223 (Ludwigshafen) <a class=\"mh-excerpt-more\" href=\"https:\/\/speyer24news.com\/?p=51561\" title=\"Geschwindigkeitskontrolle \/ Blitzer KW 13 (27.03. \u2013 02.04.23)\">[&#8230;]<\/a><\/p>\n<\/div>","protected":false},"author":3,"featured_media":33649,"comment_status":"open","ping_status":"open","sticky":false,"template":"","format":"standard","meta":{"_monsterinsights_skip_tracking":false,"_monsterinsights_sitenote_active":false,"_monsterinsights_sitenote_note":"","_monsterinsights_sitenote_category":0,"footnotes":""},"categories":[64],"tags":[18,7702,4819,4814,7703,15144,14960,19,5148,4822,4817,5149,4228,947,5146,4820,4815,5147,15145,779,5152,4821,4816,5153,14749,5985,227,17,7699,7068,7004,7700,949,5150,4818,4813,5151,15909,1310,948,10894,10893],"aioseo_notices":[],"amp_enabled":true,"_links":{"self":[{"href":"https:\/\/speyer24news.com\/index.php?rest_route=\/wp\/v2\/posts\/51561"}],"collection":[{"href":"https:\/\/speyer24news.com\/index.php?rest_route=\/wp\/v2\/posts"}],"about":[{"href":"https:\/\/speyer24news.com\/index.php?rest_route=\/wp\/v2\/types\/post"}],"author":[{"embeddable":true,"href":"https:\/\/speyer24news.com\/index.php?rest_route=\/wp\/v2\/users\/3"}],"replies":[{"embeddable":true,"href":"https:\/\/speyer24news.com\/index.php?rest_route=%2Fwp%2Fv2%2Fcomments&post=51561"}],"version-history":[{"count":1,"href":"https:\/\/speyer24news.com\/index.php?rest_route=\/wp\/v2\/posts\/51561\/revisions"}],"predecessor-version":[{"id":51562,"href":"https:\/\/speyer24news.com\/index.php?rest_route=\/wp\/v2\/posts\/51561\/revisions\/51562"}],"wp:featuredmedia":[{"embeddable":true,"href":"https:\/\/speyer24news.com\/index.php?rest_route=\/wp\/v2\/media\/33649"}],"wp:attachment":[{"href":"https:\/\/speyer24news.com\/index.php?rest_route=%2Fwp%2Fv2%2Fmedia&parent=51561"}],"wp:term":[{"taxonomy":"category","embeddable":true,"href":"https:\/\/speyer24news.com\/index.php?rest_route=%2Fwp%2Fv2%2Fcategories&post=51561"},{"taxonomy":"post_tag","embeddable":true,"href":"https:\/\/speyer24news.com\/index.php?rest_route=%2Fwp%2Fv2%2Ftags&post=51561"}],"curies":[{"name":"wp","href":"https:\/\/api.w.org\/{rel}","templated":true}]}}