{"id":51586,"date":"2023-03-29T10:06:10","date_gmt":"2023-03-29T09:06:10","guid":{"rendered":"https:\/\/speyer24news.com\/?p=51586"},"modified":"2023-03-29T10:06:13","modified_gmt":"2023-03-29T09:06:13","slug":"polizeimeldungen-montag-27-03-2023","status":"publish","type":"post","link":"https:\/\/speyer24news.com\/?p=51586","title":{"rendered":"Polizeimeldungen Montag (27.03.2023)"},"content":{"rendered":"<style type=\"text\/css\">\r\n\t.ads_top_disp{}\r\n\t.ads_top_corner_disp{ float:left; margin:0px 10px 10px 0px; }\r\n\t.ads_first_p_disp{}\r\n\t.ads_bottom_disp{}\r\n\t<\/style>\n<h2 class=\"wp-block-heading\">Polizeimeldungen vom Montag (27.03.2023)<\/h2>\n\n\n<div class=\"wp-block-image\">\n<figure class=\"aligncenter size-full\"><img decoding=\"async\" loading=\"lazy\" width=\"375\" height=\"500\" src=\"https:\/\/speyer24news.com\/wp-content\/uploads\/2022\/03\/Aktuelles-Polizeilogo.jpg\" alt=\"\" class=\"wp-image-43591\" srcset=\"https:\/\/speyer24news.com\/wp-content\/uploads\/2022\/03\/Aktuelles-Polizeilogo.jpg 375w, https:\/\/speyer24news.com\/wp-content\/uploads\/2022\/03\/Aktuelles-Polizeilogo-225x300.jpg 225w\" sizes=\"(max-width: 375px) 100vw, 375px\" \/><\/figure><\/div>\n\n\n<h2 class=\"wp-block-heading\">(Speyer) &#8211; Fu\u00dfg\u00e4ngerin wird mehrere Meter mitgeschleift<\/h2>\n\n\n\n<p>In der Kurt-Schumacher Stra\u00dfe wurde am sp\u00e4ten Sonntagnachmittag eine 57 -j\u00e4hrige Fu\u00dfg\u00e4ngerin, die an einer Fu\u00dfg\u00e4ngerampel die Fahrbahn \u00fcberquerte, von einem PKW Mercedes-Benz erfasst und mitgeschleift. Aktuell ist nicht klar, welcher Verkehrsteilnehmer den Versto\u00df gegen das Rotlicht begangen hat. Die Kl\u00e4rung dieser Frage ist Inhalt weiterer Ermittlungen. Die Frau war nur bedingt ansprechbar und wurde zwecks medizinischer Versorgung in ein Ludwigshafener Krankenhaus verbracht. Zur Schwere der Verletzungen k\u00f6nnen keine Angaben gemacht werden, mit einem Ableben sei aber nicht zu rechnen. Bei dem 59 -j\u00e4hrigen Fahrzeugf\u00fchrer wurden 0,64 Promille Atemalkohol festgestellt, weshalb ihm eine Blutprobe entnommen und der F\u00fchrerschein vorl\u00e4ufig sichergestellt wurde.<\/p>\n\n\n\n<h2 class=\"wp-block-heading\">(Speyer) &#8211; Geschwindigkeitskontrollen im Stadtgebiet Speyer<\/h2>\n\n\n\n<p>In der Fritz-Ober-Stra\u00dfe wurden am Sonntagnachmittag Geschwindigkeitsmessungen, den Fahrzeugverkehr aus Richtung Petschengasse betreffend, durchgef\u00fchrt. Im Rahmen dieser Kontrollstelle wurden 13 Fahrzeugf\u00fchrer wegen zu hohen Tempos sanktioniert. Den verantwortlichen Verkehrsteilnehmer*innen wurde von den kontrollierenden Beamten nahegebracht, dass \u00fcberh\u00f6hte Geschwindigkeit weiterhin eine der h\u00e4ufigsten Unfallursachen ist. In mehreren B\u00fcrgergespr\u00e4chen brachten Fu\u00dfg\u00e4nger*innen und Fahrzeugf\u00fchrer*innen ihr Wohlwollen hinsichtlich der Kontrollt\u00e4tigkeit der Polizei zum Ausdruck.<\/p>\n\n\n\n<h2 class=\"wp-block-heading\">(Waldsee) &#8211; T\u00fcrscheibe besch\u00e4digt<\/h2>\n\n\n\n<p>Zu einer Sachbesch\u00e4digung kam es am Sonntagmorgen in einem ehemaligen Hotel in der K\u00f6nigsberger Stra\u00dfe. Dort besch\u00e4digten ein 37- und 25-j\u00e4hriger mittels Fu\u00dftritten eine T\u00fcr. Als dann ein 27-j\u00e4hriger Mitbewohner die beiden damit konfrontierte, wurde dieser dann am Hals gepackt und nach hinten ger\u00fcckt. Die beiden M\u00e4nner, die die T\u00fcr besch\u00e4digt hatten, standen unter erheblichem Alkoholeinfluss. Dem 25-j\u00e4hrigen, der einen Atem-Alkoholwert von 3,71 Promille hatte, wurde zun\u00e4chst aufgrund seiner aggressiven Stimmung ein Platzverweis erteilt. Da er diesem nicht nachkam, wurde er in polizeilichen Gewahrsam genommen. Die beiden M\u00e4nner erwartet nun ein Verfahren wegen Sachbesch\u00e4digung und K\u00f6rperverletzung.<\/p>\n\n\n\n<h2 class=\"wp-block-heading\">(Schifferstadt) &#8211; Suche nach Unfallbeteiligten<\/h2>\n\n\n\n<p>Beim Vorbeifahren an geparkten Fahrzeugen touchierte eine 47-j\u00e4hrige Verkehrsteilnehmerin aus Schifferstadt in der Hauptstra\u00dfe 45 einen bisher unbekannten anderen Verkehrsteilnehmer. Als sie kurze Zweit sp\u00e4ter an den dort geparkten Fahrzeugen nachschaute, konnte sie an keinem einen korrespondierenden Schaden feststellen. Danach fuhr die Dame zur Polizei, um den Sachverhalt zu melden. <\/p>\n\n\n\n<ul>\n<li><strong>Der Verkehrsteilnehmer, der am vergangenen Freitag gegen 18:40 Uhr sein Fahrzeug in der Hauptstra\u00dfe, in H\u00f6he der Hausnummer 45 geparkt hatte und nun einen Schaden am linken Au\u00dfenspiegel hat wird gebeten, sich unter der Telefonnummer 06235 &#8211; 495-0 telefonisch oder per E-Mail (<a href=\"mailto:pischifferstadt@polizei.rlp.de\">pischifferstadt@polizei.rlp.de<\/a>) bei der Polizeiinspektion Schifferstadt zu melden.<\/strong><\/li>\n<\/ul>\n\n\n\n<h2 class=\"wp-block-heading\">(Neuhofen) &#8211; Alkoholisiert Auto gefahren<\/h2>\n\n\n\n<p>Am Sonntagabend meldete eine Zeugin bei der Polizei, dass eine Frau soeben in der Ludwigshafener Stra\u00dfe augenscheinlich betrunken in ein Fahrzeug gestiegen und davongefahren sei. Aufgrund des \u00fcbermittelten Kennzeichens konnte an der Halteranschrift eine 59-j\u00e4hrige Frau angetroffen werden, die offensichtlich unter starkem Alkoholeinfluss stand. Ein bei ihr durchgef\u00fchrter Atem-Alkoholtest ergab einen Wert von 2,68 Promille. Im Anschluss wurde der Frau eine Blutprobe entnommen und der F\u00fchrerschein beschlagnahmt. Sie erwartet nun ein Verfahren wegen Trunkenheit im Verkehr.<\/p>\n\n\n\n<h2 class=\"wp-block-heading\">(A 61 \/ Dannstadt-Schauernheim) &#8211; Unter Alkohol- und Drogeneinfluss im Stra\u00dfenverkehr unterwegs<\/h2>\n\n\n\n<p>Unter Alkohol- und Drogeneinfluss war am 27.03.2023, um 02.33 Uhr, ein 41-j\u00e4hriger Opel-Fahrer unterwegs. Der Wagen wurde auf der A61, Rastst\u00e4tte Dannstadt-West, einer Verkehrskontrolle unterzogen. Bei der Kontrolle stellten die Beamten Alkoholgeruch in der Atemluft des 41-J\u00e4hrigen fest. Ein Atemalkoholtest ergab eine Konzentration von 0,98 Promille. Bei der weiteren \u00dcberpr\u00fcfung des Fahrzeugf\u00fchrers wurden auch drogentypische Auffallerscheinungen festgestellt. Ein Drogenschnelltest ergab eine Beeinflussung von THC und Amphetamin.<\/p>\n\n\n\n<p>Dem 41-J\u00e4hrigen wurde eine Blutprobe entnommen. Gegen ihn wurde ein Strafverfahren wegen Trunkenheit im Stra\u00dfenverkehr und Versto\u00df gegen das Bet\u00e4ubungsmittelgesetz eingeleitet.<\/p>\n\n\n\n<h2 class=\"wp-block-heading\">(B 39 \/ Hanhofen) &#8211; Betrunken mit dem Fahrrad auf der B39 unterwegs<\/h2>\n\n\n\n<p>Ein Verkehrsteilnehmer meldet am Sonntagabend einen Fahrradfahrer auf der B39 zwischen Hanhofen und Dudenhofen, welcher Schlangenlinien fahre. Auf einer Verkehrsinsel in der Ausfahrt Hanhofen-Ost wird der 36 &#8211; j\u00e4hrige Fahrradfahrer festgestellt. Bei dem Mann, der die deutsche Sprache angeblich nicht verstand, wurde erheblicher Alkoholgeruch festgestellt. Nachdem er sich weigerte, Angaben zum Sachverhalt zu machen oder einen Atemalkoholtest durchzuf\u00fchren und er au\u00dferdem keine Ausweispapiere mitf\u00fchrte, wurde er zu hiesiger Dienststelle verbracht. Hier konnten nicht nur die vollst\u00e4ndigen Personalien ermittelt werden, ihm wurde au\u00dferdem eine Blutprobe entnommen und eine Sicherheitsleistung festgesetzt.<\/p>\n\n\n\n<h2 class=\"wp-block-heading\">(Herxheim) &#8211; Versuchter Einbruch in Imbissbude<\/h2>\n\n\n\n<p>Am vergangenen Wochenende wurde versucht, an einer Imbissbude Im G\u00e4xwald T\u00fcr und Fenster aufzuhebeln. Der oder die T\u00e4ter hatten keinen Erfolg und verlie\u00dfen die Tat\u00f6rtlichkeit ohne Beute. <\/p>\n\n\n\n<ul>\n<li><strong>Wer am Wochenende in diesem Bereich Verd\u00e4chtiges wahrnehmen konnte, meldet sich bitte bei der Polizeiinspektion Landau.<\/strong><\/li>\n<\/ul>\n\n\n\n<h2 class=\"wp-block-heading\">(Landau) &#8211; Verkehrsunfall mit verletzter Person in Queichheimer Hauptstra\u00dfe<\/h2>\n\n\n\n<p>Eine 87-j\u00e4hrige Frau \u00fcberschlug sich mit ihrem Auto in der Queichheimer Hauptstra\u00dfe von der Innenstadt kommend Montagvormittag mehrfach. Ein 51-J\u00e4hriger hatte ihr mit seinem Volvo von der Schneiderstra\u00dfe kommend die Vorfahrt genommen, weshalb es zum Zusammensto\u00df kam. Vermutlich dem angelegten Sicherheitsgurt ist es zu verdanken, dass die Frau lediglich leichtere Verletzungen davon trug. Zur Sicherheit wurde sie dennoch in ein Krankenhaus gebracht. Der Sachschaden wird auf circa 20.000 Euro gesch\u00e4tzt. Neben den beiden Fahrzeugen wurden noch ein Zaun und ein Verkehrszeichen besch\u00e4digt. Die Stra\u00dfe war f\u00fcr 30 Minuten gesperrt.<\/p>\n\n\n\n<h2 class=\"wp-block-heading\">(Landau) &#8211; Vermisste 87-J\u00e4hrige durch Polizei angetroffen<\/h2>\n\n\n\n<p>Am Sonntagabend war eine 87-j\u00e4hrige Frau aus einem Landauer Krankenhaus abg\u00e4ngig. Aufgrund ihrer Erkrankung wurde umgehend eine Suche eingeleitet. Dank intensiver polizeilicher Fahndungsma\u00dfnahmen konnte die Frau nach circa anderthalb Stunden im Stadtbereich Landau angetroffen werden.<\/p>\n\n\n\n<h2 class=\"wp-block-heading\">(Landau) &#8211; Beleidigenden Randalierer eingesperrt<\/h2>\n\n\n<div class=\"wp-block-image\">\n<figure class=\"aligncenter size-full\"><img decoding=\"async\" loading=\"lazy\" width=\"800\" height=\"600\" src=\"https:\/\/speyer24news.com\/wp-content\/uploads\/2019\/06\/Ausn\u00fcchterungszelle.jpg\" alt=\"\" class=\"wp-image-15212\" srcset=\"https:\/\/speyer24news.com\/wp-content\/uploads\/2019\/06\/Ausn\u00fcchterungszelle.jpg 800w, https:\/\/speyer24news.com\/wp-content\/uploads\/2019\/06\/Ausn\u00fcchterungszelle-300x225.jpg 300w, https:\/\/speyer24news.com\/wp-content\/uploads\/2019\/06\/Ausn\u00fcchterungszelle-768x576.jpg 768w, https:\/\/speyer24news.com\/wp-content\/uploads\/2019\/06\/Ausn\u00fcchterungszelle-678x509.jpg 678w, https:\/\/speyer24news.com\/wp-content\/uploads\/2019\/06\/Ausn\u00fcchterungszelle-326x245.jpg 326w, https:\/\/speyer24news.com\/wp-content\/uploads\/2019\/06\/Ausn\u00fcchterungszelle-80x60.jpg 80w\" sizes=\"(max-width: 800px) 100vw, 800px\" \/><figcaption class=\"wp-element-caption\">Beispielbild Zelle \/ Verhaftung, dient lediglich der Visualisierung<\/figcaption><\/figure><\/div>\n\n\n<p>In der Nacht von Samstag auf Sonntag wurde der Polizei Landau randalierende Personen im Bereich des Hauptbahnhofes gemeldet, welche auf einen Automaten eingetreten und eingeschlagen h\u00e4tten. Die Personen konnten im Nahbereich angetroffen werden, wobei sich insbesondere eine Person direkt aggressiv und uneinsichtig zeigte. Da er sich mehrfach der Kontrolle entziehen wollte, wurde er gefesselt. In der Folge beleidigte er einen der Polizisten, weshalb ihn neben einem Strafverfahren wegen versuchter Sachbesch\u00e4digung auch ein weiteres wegen Beleidigung erwartet. Weiter gab er an, dem erteilten Platzverweis nicht Folge leisten zu wollen. Zur Durchsetzung des Platzverweises und der Verhinderung weiterer Strafverfahren wurde der 20-J\u00e4hrige in Gewahrsam genommen.<\/p>\n\n\n\n<h2 class=\"wp-block-heading\">(Landau) &#8211; Betrunken in der Friedrich-Ebert-Stra\u00dfe unterwegs<\/h2>\n\n\n\n<p>Am Freitagabend gegen 20:30h wurde der Landauer Polizei eine randalierende Person in der Friedrich-Ebert-Stra\u00dfe gemeldet. Die Person h\u00e4tte gegen ein geparktes Auto geschlagen und w\u00fcrde umherschreien. Der 39-J\u00e4hrige aus Speyer konnte angetroffen, an dem Fahrzeug jedoch kein Schaden festgestellt werden. Dem alkoholisierten Mann wurde ein Platzverweis erteilt. Kurze Zeit sp\u00e4ter wurde der Mann Passanten anp\u00f6belnd an der gleichen \u00d6rtlichkeit gemeldet. Zur Verhinderung weiterer Straftaten wurde er in Gewahrsam genommen. <\/p>\n\n\n\n<ul>\n<li><strong>Hinweise auf eventuelle Besch\u00e4digungen im genannten Bereich nimmt die Polizei Landau entgegen.<\/strong><\/li>\n<\/ul>\n\n\n\n<h2 class=\"wp-block-heading\">(Landau) &#8211; Fahrradkontrollen<\/h2>\n\n\n\n<p>In der vergangenen Woche wurden neben zahlreichen Kfz. auch Fahrradfahrer in Landau kontrolliert. Hierbei ergaben sich 7 Verst\u00f6\u00dfe im Bereich Beleuchtung und 3 Verst\u00f6\u00dfe durch die Nutzung von Mobiltelefonen.<\/p>\n\n\n\n<h2 class=\"wp-block-heading\">(Edenkoben) &#8211; Dachhaie schlagen zu<\/h2>\n\n\n\n<p>Mit einem roten Fahrzeug fuhren bereits am vergangenen Mittwoch (22.03.2023) vier M\u00e4nner in der Dinkelsb\u00fchler Stra\u00dfe vor und klingelten an den Anwesen. Sie teilten den Anwohnern mit, dass man die angeblich defekte Regenablaufrinne reparieren wolle. Nach einer kurzen Begutachtung der Monteure mit einer vorausgegangenen Manipulation einigte man sich auf die Montage f\u00fcr zun\u00e4chst 800.- Euro. Nach Reparaturende bekam der Hauseigent\u00fcmer eine Rechnung von 1.200 Euro pr\u00e4sentiert. Ein Ermittlungsverfahren wegen Betrug wurde eingeleitet. Derzeit sucht die Polizei nach einem roten Fahrzeug, vermutlich Opel Meriva mit polnischer Zulassung. Die Polizei sucht Zeugen, die Hinweise zu dem Fahrzeug sowie den vier Insassen geben k\u00f6nnen. Diese sollen sich bitte mit der Polizei Edenkoben unter der Telefonnummer 06323 9550 in Verbindung setzen. Zudem warnt die Polizei die Bev\u00f6lkerung vor dieser Betrugsmasche. Niemals sollte man sich unter Druck setzen lassen und sich auf Haust\u00fcrgesch\u00e4fte einlassen. Reparaturen sollten von seri\u00f6sen und im Vorfeld beauftragten Handwerksbetrieben ausgef\u00fchrt werden. Verd\u00e4chtiges Auftreten unbekannter Handwerker sollten direkt der Polizei gemeldet werden.<\/p>\n\n\n\n<h2 class=\"wp-block-heading\">(Maikammer) &#8211; Polizei sucht nach einem Fahrer eines Daimler Benz<\/h2>\n\n\n<div class=\"wp-block-image\">\n<figure class=\"aligncenter size-full\"><img decoding=\"async\" loading=\"lazy\" width=\"800\" height=\"593\" src=\"https:\/\/speyer24news.com\/wp-content\/uploads\/2023\/03\/UnfallfluchtMaikammer.jpg\" alt=\"\" class=\"wp-image-51587\" srcset=\"https:\/\/speyer24news.com\/wp-content\/uploads\/2023\/03\/UnfallfluchtMaikammer.jpg 800w, https:\/\/speyer24news.com\/wp-content\/uploads\/2023\/03\/UnfallfluchtMaikammer-300x222.jpg 300w, https:\/\/speyer24news.com\/wp-content\/uploads\/2023\/03\/UnfallfluchtMaikammer-768x569.jpg 768w, https:\/\/speyer24news.com\/wp-content\/uploads\/2023\/03\/UnfallfluchtMaikammer-80x60.jpg 80w\" sizes=\"(max-width: 800px) 100vw, 800px\" \/><\/figure><\/div>\n\n\n<p>In der Nacht von Samstag auf Sonntag (Unfallzeit: 25.03.2023, 22.30 Uhr bis 26.03.2023, 10.45 Uhr) wurde in der Weinstra\u00dfe S\u00fcd ein geparkter VW Golf besch\u00e4digt. Ein unbekannter Fahrer eines Mercedes Benz kollidierte dabei mit dem am Stra\u00dfenrand abgestellten Fahrzeug und machte sich anschlie\u00dfend aus dem Staub. Vor Ort konnten Fragmente eines Mercedessterns aufgefunden werden. Zudem konnten Plastikteile sichergestellt werden, die in einem solchen Fabrikat verbaut werden. Der Gesamtunfallschaden liegt bei 5.000 Euro. <\/p>\n\n\n\n<ul>\n<li><strong>Die Polizei sucht Zeugen, die Hinweise auf den Unfallfl\u00fcchtigen liefern k\u00f6nnen. Diese sollen sich bitte mit der Polizei Edenkoben unter der Telefonnummer 06323 9550 in Verbindung setzen.<\/strong><\/li>\n<\/ul>\n\n\n\n<h2 class=\"wp-block-heading\">(Neustadt) &#8211; T\u00e4uschungsversuch aufgeflogen<\/h2>\n\n\n\n<p>Am 27.03.2023 um 02:40 Uhr wurde ein Mercedes-Benz in der Spitalbachstra\u00dfe in 67433 Neustadt\/W. einer anlassunabh\u00e4ngigen Verkehrskontrolle unterzogen. Als der PKW anhielt, konnte durch die eingesetzten Beamten erkannt werden, dass die Fahrerin des PKW versuchte mit dem Beifahrer die Sitzpositionen zu tauschen. Bevor dies geschehen konnte, wurden die Personen angesprochen und der weiteren Kontrolle unterzogen. Der Grund f\u00fcr den misslungenen T\u00e4uschungsversuch war schnell gefunden, da die Fahrerin nicht im Besitz eines F\u00fchrerscheines war. Der Beifahrer, welcher zugleich Halter des PKW&#8217;s war, war im Besitz eines F\u00fchrerscheines und konnte nach Abschluss der Kontrolle die Fahrt fortsetzen. Nun erwartet die 28-J\u00e4hrige ein Strafverfahren wegen des Fahrens ohne Fahrerlaubnis. Der 38-J\u00e4hrige Beifahrer und Halter muss sich ebenfalls strafrechtlich verantworten, da er zulie\u00df, dass seine Bekannte seinen PKW f\u00fchrte.<\/p>\n\n\n\n<h2 class=\"wp-block-heading\">(B 9 \/ Neustadt) &#8211; Wiederholt ohne F\u00fchrerschein unterwegs<\/h2>\n\n\n\n<p>Einen 46-J\u00e4hrigen kontrollieren Beamte der Polizeiautobahnstation Ruchheim am 26.03.2023, um 12 Uhr, in der B\u00fcrgermeister-Trupp-Stra\u00dfe in Ludwigshafen. Der Mann war zuvor mit seinem Mercedes Transporter auf der B9 unterwegs. Bei der Kontrolle r\u00e4umte der Mann ein, nicht im Besitz eines F\u00fchrerscheins zu sein, die Fahrerlaubnis war ihm entzogen worden. Gegen den 46-J\u00e4hrigen wurde ein Strafverfahren wegen Fahren ohne Fahrerlaubnis eingeleitet. Da er bereits zuvor wegen Fahren ohne Fahrerlaubnis beanzeigt worden war, wurde sein Auto zur Einziehung sichergestellt.<\/p>\n\n\n\n<h2 class=\"wp-block-heading\">(Lambrecht) &#8211; Aus Fehlern offensichtlich nichts gelernt&#8230;<\/h2>\n\n\n\n<p>&#8230; hat ein 43-J\u00e4hriger aus Neustadt\/W., welcher am 27.03.2023 um 00:30 Uhr mit seinem PKW in der Hauptstra\u00dfe in 67466 Lambrecht\/ Pfalz einer anlassunabh\u00e4ngigen Verkehrskontrolle unterzogen wurde. Im Rahmen der \u00dcberpr\u00fcfung der Verkehrst\u00fcchtigkeit des Mannes konnten n\u00e4mlich bei diesem mehrere Auff\u00e4lligkeiten festgestellt werden, welche auf eine aktuelle Bet\u00e4ubungsmittelbeeinflussung schlie\u00dfen lie\u00dfen. Ein durchgef\u00fchrter Vortest reagierte letztlich positiv auf die Stoffgruppe Amfetamin. Der 43-J\u00e4hrige hatte bereits vor ein paar Jahren wegen eines Drogenkonsum seinen F\u00fchrerschein abgeben m\u00fcssen. Diesen hatte der PKW-Fahrer jedoch wiedererlangt und konnte diesen am heutigen Tag vorlegen. Der Neustadter musste seinen PKW schlie\u00dflich stehen lassen und in der hiesigen Dienststelle eine Blutprobe abgeben. Der Fahrzeugschl\u00fcssel wurde abschlie\u00dfend sichergestellt. Den Mann erwarten nun ein Straf-, sowie ein Ordnungswidrigkeitenverfahren. Ferner wird die zust\u00e4ndige F\u00fchrerscheinstelle \u00fcber den Vorfall informiert.<\/p>\n\n\n\n<h2 class=\"wp-block-heading\">(Bad D\u00fcrkheim) &#8211; PKW besch\u00e4digt und gefl\u00fcchtet<\/h2>\n\n\n\n<p>Im Zeitraum von 25.03.2023 10:00 Uhr bis 26.03.2023, 09:00 Uhr wurde ein auf dem Schlossplatz in Bad D\u00fcrkheim abgestellter VW Multivan besch\u00e4digt. Ein bislang unbekannter Verkehrsteilnehmer besch\u00e4digte vermutlich beim Aus- bzw. Einparken den VW und entfernte sich anschlie\u00dfend unerlaubt von der Unfallstelle. Es entstand ein Sachschaden in H\u00f6he von 1000 Euro. Es liegen keinerlei Hinweise auf den Unfallverursacher vor. <\/p>\n\n\n\n<ul>\n<li><strong>Die Polizei Bad D\u00fcrkheim bittet um Hinweise unter 06322 963 0 oder per E-Mail an\u00a0<a href=\"mailto:pibadduerkheim@polizei.rlp.de\">pibadduerkheim@polizei.rlp.de<\/a><\/strong><\/li>\n<\/ul>\n\n\n\n<h2 class=\"wp-block-heading\">(A 6 \/ Gr\u00fcnstadt) &#8211; Zeugenaufruf nach Verkehrsunfall mit f\u00fcnf Fahrzeugen \/ Ein Unfallbeteiligter fl\u00fcchtig<\/h2>\n\n\n\n<p>Am Montag, den 27.03.2023, kam es gegen halb 8 morgens zu einem Verkehrsunfall mit mehreren beteiligten Fahrzeugen auf der A6, in Richtung Mannheim, auf H\u00f6he der Anschlussstelle Gr\u00fcnstadt.<\/p>\n\n\n\n<p>Nach aktuellem Stand der Ermittlungen fuhren 4 PKWs auf dem linken Fahrstreifen hintereinander, als der Vorderste, ein Audi Q2, aus ungekl\u00e4rter Ursache stark bremsen musste. Hieraufhin wich ein 34-j\u00e4hriger Mann aus dem Kreis Kirchheimbolanden dem Q2 aus, um einen Zusammensto\u00df auf dem linken Fahrstreifen zu vermeiden. Allerdings fuhr er ins Fahrzeugheck eines Fahrzeugs auf dem rechten Fahrstreifen, wodurch an seinem Fahrzeug ein massiver Frontschaden entstand. Der Fahrer stand unter Schock. Zu dem Fahrzeug, mit welchem er kollidiert ist, konnte er keinerlei Angaben machen. Das Fahrzeug entfernte sich im Anschluss unerlaubt von der Unfallstelle.<\/p>\n\n\n\n<p>W\u00e4hrenddessen kollidierten auf dem linken Fahrstreifen insgesamt drei PKWs, inklusive des erw\u00e4hnten Audis. Sie fuhren allesamt aufgrund von zu geringem Sicherheitsabstand in das Fahrzeugheck des jeweils vorausfahrenden Fahrzeugs. Hierbei wurde ein 48-j\u00e4hriger aus dem Landkreis Rockenhausen leicht verletzt. Er wurde in ein umliegendes Krankenhaus verbracht.<\/p>\n\n\n\n<p>Alle anderen Unfallbeteiligten blieben unverletzt. Der Sachschaden d\u00fcrfte sich auf etwa 30.000 Euro belaufen. F\u00fcr die Unfallaufnahme sowie die Bergung der Fahrzeuge mussten der linke Fahrstreifen und der Standstreifen f\u00fcr ca. eineinhalb Stunden gesperrt werden. Der Verkehr wurde \u00fcber den rechten Fahrstreifen an der Unfallstelle vorbeigef\u00fchrt.<\/p>\n\n\n\n<p>Neben Polizei waren ebenfalls Feuerwehr und Rettungsdienst im Einsatz.<\/p>\n\n\n\n<ul>\n<li><strong>Die Polizeiautobahnstation Ruchheim bittet Zeugen, welche Hinweise zu dem fl\u00fcchtigen Fahrzeug geben k\u00f6nnen, sich unter der Telefonnummer 06237-9330 oder per Mail bei\u00a0<a href=\"mailto:pastruchheim@polizei.rlp.de\">pastruchheim@polizei.rlp.de<\/a>\u00a0melden. Bisher ist zu diesem lediglich bekannt, dass es einen Heckschaden haben muss. Eine Fahndung nach dem Fahrzeug verlief negativ.<\/strong><\/li>\n<\/ul>\n\n\n\n<h2 class=\"wp-block-heading\">(Bockenheim an der Weinstra\u00dfe) &#8211; Verkehrsunfallflucht<\/h2>\n\n\n\n<p>Im Zeitraum vom 15.03.2023 bis 22.03.2023 kam es zu einem Verkehrsunfall in der Jakob-B\u00f6shenz-Stra\u00dfe in Bockenheim an der Weinstra\u00dfe. Hierbei touchierte ein Fahrzeug eine Hausfassade, welche hierdurch besch\u00e4digt wurde. Der Unfallverursacher entfernte sich anschlie\u00dfend von der Unfallstelle, ohne den Verkehrsunfall zu melden. Hinweise zu dem Fahrzeug liegen derzeit nicht vor. <\/p>\n\n\n\n<ul>\n<li><strong>M\u00f6gliche Unfallzeugen werden gebeten, sich mit der Polizeiinspektion Gr\u00fcnstadt (06359\/9312-0) in Verbindung zu setzen.<\/strong><\/li>\n<\/ul>\n\n\n\n<h2 class=\"wp-block-heading\">(A 61 \/ Worms) &#8211; Drogenfund bei Verkehrskontrolle<\/h2>\n\n\n\n<p>Am 26.03.2023 , um 20.30 Uhr, kontrollierten Beamte der Polizeiautobahnstation Ruchheim auf der BAB 61 in Fahrtrichtung Norden, Parkplatz &#8222;Wonnegau-West&#8220; einen Fiat. Bei der Kontrolle stellten die Beamten bei dem 19-j\u00e4hrigen Beifahrer Marihuanageruch fest. Der 19-J\u00e4hrige wurde daraufhin durchsucht. In seiner Umh\u00e4ngetasche wurden mehrere Gramm Marihuana und Haschisch aufgefunden.<\/p>\n\n\n\n<p>Gegen den 19-J\u00e4hrigen wurde ein Strafverfahren wegen Besitz von Bet\u00e4ubungsmitteln eingeleitet. Die Drogen wurden sichergestellt.<\/p>\n\n\n\n<h2 class=\"wp-block-heading\">(Ludwigshafen) &#8211; Einbruch verhindert<\/h2>\n\n\n\n<p>Ein aufmerksamer 58-j\u00e4hriger Zeuge meldete am 27.03.2023, 01:45 Uhr, dass zwei Personen in der Adolf-Kolping-Stra\u00dfe soeben versucht h\u00e4tten die Eingangst\u00fcr eines Mehrfamilienhauses aufzuhebeln. Als er die beiden angesprochen habe, seien sie gefl\u00fcchtet. <\/p>\n\n\n\n<h4 class=\"wp-block-heading\">Der 58-J\u00e4hrige konnte folgenden Personenbeschreibung abgeben: <\/h4>\n\n\n\n<ul>\n<li><strong>Beide zwischen 1,60 und 1,75m gro\u00df und dunkel gekleidet.<\/strong><\/li>\n\n\n\n<li><strong>Eine der Personen habe eine blaue Jeans getragen.<\/strong><\/li>\n<\/ul>\n\n\n\n<ul>\n<li><strong>Sachdienliche Hinweise bitte an die Polizeiinspektion Ludwigshafen 2, Telefonnummer 0621 963-2222 oder per E-Mail\u00a0<a href=\"mailto:piludwigshafen2@polizei.rlp.de\">piludwigshafen2@polizei.rlp.de<\/a>\u00a0.<\/strong><\/li>\n<\/ul>\n\n\n\n<h2 class=\"wp-block-heading\">(Ludwigshafen) &#8211; Zeugen gesucht \/ Sachbesch\u00e4digung an der Leichtathletikhalle<\/h2>\n\n\n\n<p>In der Leichtathletikhalle in der Erich-Reimann-Stra\u00dfe wurde in der Nacht von Sonntag, 26. M\u00e4rz, auf Montag, 27. M\u00e4rz, gegen 00:45 Uhr ein Fenster eingeschlagen. Der Sicherheitsdienst hatte keine Person finden k\u00f6nnen, die in das Geb\u00e4ude eingedrungen ist. Gestohlen wurde nichts, dementsprechend wird von einer Sachbesch\u00e4digung ausgegangen. Der Schaden bel\u00e4uft sich auf 400 Euro.<\/p>\n\n\n\n<ul>\n<li><strong>Haben Sie verd\u00e4chtige Personen an der Leichtathletikhalle in der Erich-Reimann-Stra\u00dfe 90 gesehen?<\/strong><\/li>\n\n\n\n<li><strong>Sachdienliche Hinweise bitte an die Polizeiinspektion Ludwigshafen 1, Telefonnummer 0621 963-2122 oder per E-Mail\u00a0<a href=\"mailto:piludwigshafen1@polizei.rlp.de\">piludwigshafen1@polizei.rlp.de<\/a>.<\/strong><\/li>\n<\/ul>\n\n\n\n<h2 class=\"wp-block-heading\">(Ludwigshafen) &#8211; In Garagen eingebrochen<\/h2>\n\n\n\n<p>In der Stefan-Zweig-Stra\u00dfe wurde in einer Tiefgarage mehrere Garagen gewaltsam ge\u00f6ffnet. Den Unbekannten gelang es aus einer Garage ein Quad zu stehlen. Ob auch aus weiteren Garagen etwas gestohlen wurde, wird derzeit ermittelt.<\/p>\n\n\n\n<ul>\n<li><strong>Sie haben etwas beobachtet oder k\u00f6nnen Hinweise geben? Wenden Sie sich bitte an die Polizeiinspektion Ludwigshafen 2, Telefonnummer 0621 963-2222 oder per E-Mail\u00a0<a href=\"mailto:piludwigshafen2@polizei.rlp.de\">piludwigshafen2@polizei.rlp.de<\/a>.<\/strong><\/li>\n<\/ul>\n\n\n\n<h2 class=\"wp-block-heading\">(Ludwigshafen) &#8211; Verkehrskontrolle eines E-Scooter-Fahrers<\/h2>\n\n\n\n<p>Ein 34-j\u00e4hriger E-Scooter-Fahrer wurde am 26.03.2023, gegen 19:15 Uhr, einer allgemeinen Verkehrskontrolle unterzogen. Nachdem bei ihm drogentypische Ausfallerscheinungen auffielen, wurde ihm ein freiwilliger Drogenschnelltest angeboten. Dieser reagierte positiv auf Amphetamin. Der 34-J\u00e4hrige wurde zur Dienststelle mitgenommen, um eine Blutprobe zu entnehmen.<\/p>\n\n\n\n<p>Auch E-Scooter sind Kraftfahrzeuge im Sinne des Stra\u00dfenverkehrsgesetzes, weshalb die gleichen Regeln in Bezug auf die Fahrt\u00fcchtigkeit gelten wie im Auto oder auf dem Motorrad. Wer unter dem Einfluss von Alkohol oder Drogen mit dem E-Scooter f\u00e4hrt, gef\u00e4hrdet sich und andere und muss mit Strafen rechnen. Diese reichen von Bu\u00dfgeldern bis hin zu Freiheitsstrafen.<\/p>\n\n\n\n<p>Zudem war das Versicherungskennzeichen des 34-J\u00e4hrigen abgelaufen. Aus gegebenem Anlass weisen wir noch einmal darauf hin: Auch f\u00fcr E-Scooter ist eine Haftpflichtversicherung zwingend vorgeschrieben. Diese wird durch ein entsprechendes Kennzeichen nachgewiesen. Bei einem Versto\u00df muss mit einer Strafanzeige gerechnet werden.<\/p>\n\n\n\n<h2 class=\"wp-block-heading\">(Ludwigshafen) &#8211; Zwei Autos aufgebrochen \/ Zeugen gesucht<\/h2>\n\n\n\n<p>Am Sonntag (26.03.2023) wurden bei der Polizei Ludwigshafen zwei Einbr\u00fcche in Autos gemeldet.<\/p>\n\n\n\n<p>In der Zeit vom 25.03., 15 Uhr bis zum 26.03.2023, 8:30 Uhr, brachen Unbekannte einen grauen VW Lupo auf. Das Auto war zu der Zeit auf einem Parkplatz in der Dammstra\u00dfe unterhalb der Hochstra\u00dfe geparkt. Aus dem Auto wurde ein Ersatzreifen gestohlen. Der Gesamtschaden wird auf rund EUR 200,- gesch\u00e4tzt.<\/p>\n\n\n\n<p>Einen Opel Astra Kombi brachen Unbekannte in der Zeit vom 25.03., 21:45 Uhr bis zum 26.03.2023, 9 Uhr, in der Paul-Klee-Stra\u00dfe auf. Das Auto war zu der Zeit in einer Tiefgarage geparkt. Aus dem Auto wurden eine Sonnenbrille und zwei Jacken gestohlen. Der Schaden bel\u00e4uft sich auf rund EUR 350,-.<\/p>\n\n\n\n<ul>\n<li><strong>Haben Sie verd\u00e4chtige Personen in der Dammstra\u00dfe oder in der Paul-Klee-Stra\u00dfe gesehen?<\/strong><\/li>\n\n\n\n<li><strong>Sachdienliche Hinweise bitte an die Polizeiinspektion Ludwigshafen 1, Telefonnummer 0621 963-2122 oder per E-Mail\u00a0<a href=\"mailto:piludwigshafen1@polizei.rlp.de\">piludwigshafen1@polizei.rlp.de<\/a>\u00a0.<\/strong><\/li>\n<\/ul>\n\n\n\n<p>Auto-Einbrecher haben es in der Regel besonders auf Navigationsger\u00e4te, Mobiltelefone, Notebooks sowie sonstige zur\u00fcckgelassene Wertsachen wie Handtaschen oder Kleidung mit Scheckkarten, Papieren und Bargeld abgesehen.<\/p>\n\n\n\n<p>Es ist davon auszugehen, dass die T\u00e4ter die Parkpl\u00e4tze beobachten und kurz nach Abstellen eines Pkw sofort agieren. Aus diesem Grund ist besonders in der dunklen Jahreszeit in den Abendstunden erh\u00f6hte Sorgfalt beim Abstellen und Verlassen des eigenen Fahrzeugs geboten. Verschlie\u00dfen Sie Ihr Fahrzeug auch bei kurzer Parkdauer und \u00fcberpr\u00fcfen Sie den Schlie\u00dfzustand. Achten Sie beim Verlassen des Fahrzeugs auf verd\u00e4chtige Personen in Ihrem Umkreis. Lassen Sie keine Wertgegenst\u00e4nde sichtbar im Fahrzeug zur\u00fcck. Selbst bei Kleinstgegenst\u00e4nden, ergibt sich ein Anreiz f\u00fcr den T\u00e4ter.<\/p>\n\n\n\n<p>Weiterf\u00fchrende Informationen zu diesem und auch anderen Themen finden Sie auf der Internetpr\u00e4senz der polizeilichen Kriminalpr\u00e4vention unter&nbsp;<a target=\"_blank\" rel=\"noreferrer noopener\" href=\"https:\/\/www.polizei-beratung.de\/\">www.polizei-beratung.de<\/a>.<\/p>\n\n\n\n<h2 class=\"wp-block-heading\">(A 650 \/ Ludwigshafen) &#8211; Polo-Fahrer unter Drogeneinfluss<\/h2>\n\n\n\n<p>Einen unter Drogeneinfluss stehenden Polo-Fahrer kontrollierten Beamte der Polizeiautobahnstation Ruchheim am 25.03.2023, um 08.45 Uhr, auf der A650, H\u00f6he Anschlussstelle Ruchheim. Beim 27-j\u00e4hrigen Fahrer stellten die Beamten drogentypische Auffallerscheinungen fest. Ein Drogenschnelltest best\u00e4tigte den Verdacht, der Mann stand unter dem Einfluss von THC. Bei der Durchsuchung des Mannes wurde au\u00dferdem ein Schlagring aufgefunden. Gegen den 27-J\u00e4hrigen wurde ein Ermittlungsverfahren wegen Trunkenheit im Stra\u00dfenverkehr, Versto\u00df gegen das Bet\u00e4ubungsmittelgesetz und Versto\u00df gegen das Waffengesetz eingeleitet. Ihm wurde eine Blutprobe entnommen.<\/p>\n\n\n\n<h2 class=\"wp-block-heading\">(A 656 \/ Mannheim) &#8211; Verkehrsunfall mit zwei beteiligten Autos<\/h2>\n\n\n\n<p>Am Montagmorgen kurz vor 08 Uhr kollidierten aus noch unbekannter Ursache in der Auffahrt von der A656 aus Heidelberg kommend auf die B38a in Richtung Feudenheim f\u00fchrend zwei Fahrzeuge miteinander. Hierbei wurde mindestens eine Person verletzt. Auch ein Rettungshubschrauber befindet sich im Einsatz. Der Unfallhergang sowie das Schadensausma\u00df sind derzeit Gegenstand der weiteren Ermittlungen. Aufgrund der aktuellen Verkehrssituation wird empfohlen, die Unfallstelle weitr\u00e4umig zu umfahren.<\/p>\n\n\n\n<h2 class=\"wp-block-heading\">(Mannheim) &#8211; Smartphone aus unverschlossenem PKW entwendet \/ Hinweisgeber gesucht!<\/h2>\n\n\n\n<p>Am Samstagabend gegen 19 Uhr entwendete ein bisher unbekannter T\u00e4ter aus einem PKW in der Luisenstra\u00dfe ein Smartphone. Der Unbekannte wird wie folgt beschrieben: 50-55 Jahre, \u00fcber 1,85m gro\u00df, st\u00e4mmige Figur, graue Haare, ungepflegte Erscheinung. Der Verd\u00e4chtige hatte eine dunkle Jacke, eine Schildm\u00fctze sowie eine dunkle Jacke. Er f\u00fchrte au\u00dferdem eine Plastikt\u00fcte mit Pfandflaschen und ein Skateboard mit sich. <\/p>\n\n\n\n<ul>\n<li><strong>Zeugen, welche den Mann beobachtet haben, werden gebeten, sich unter 0621\/83397-0 beim Polizeirevier Mannheim-Neckarau zu melden.<\/strong><\/li>\n<\/ul>\n\n\n\n<h2 class=\"wp-block-heading\">(Mannheim) &#8211; Autofahrer kollidiert mit Radfahrer und fl\u00fcchtet \/ Zeugen gesucht<\/h2>\n\n\n\n<p>Am sp\u00e4ten Samstagnachmittag gegen 17:15 Uhr bog ein bisher unbekannter Fahrzeugf\u00fchrer von der Lenaustra\u00dfe kommend nach links in die Friedrich-Ebert-Stra\u00dfe ab. Dabei kollidierte der unbekannte PKW-Fahrer mit einem 22-j\u00e4hrigen Radfahrer, welcher von der Friedrich-Ebert-Br\u00fccke in Richtung der Langen R\u00f6tterstra\u00dfe fuhr. Der Radfahrer st\u00fcrzte und zog sich leichte Verletzungen zu. Das Auto mit Heidelberger Kennzeichen fl\u00fcchtete von der Unfallstelle. Der Verkehrsdienst Heidelberg hat die Ermittlungen \u00fcbernommen. <\/p>\n\n\n\n<ul>\n<li><strong>Zeugen, welche Hinweise auf den Unfall oder den Fahrer geben k\u00f6nnen, werden gebeten, sich unter Tel.: 0621\/174-4111 zu melden.<\/strong><\/li>\n<\/ul>\n\n\n\n<h2 class=\"wp-block-heading\">(Mannheim) &#8211; Einbrecher auf frischer Tat ertappt \/ Zeugen gesucht<\/h2>\n\n\n\n<p>Am Samstag kurz nach 17 Uhr nutzte ein Einbrecher die Gelegenheit in der M\u00f6nchw\u00f6rthstra\u00dfe und betrat eine Wohnung durch eine unverschlossene Hintert\u00fcr. Die Bewohnerin, welche zu Hause war, bemerkte den Verd\u00e4chtigen, als dieser gerade in der K\u00fcche die Schr\u00e4nke durchw\u00fchlte. Als die Frau den Unbekannten ansprach, ergriff dieser sofort die Flucht. Einen bereitgestellten Rucksack mit einer hochwertigen Kamera und einer Spielekonsole lie\u00df er zur\u00fcck. <\/p>\n\n\n\n<h4 class=\"wp-block-heading\">Der T\u00e4ter wird wie folgt beschrieben: <\/h4>\n\n\n\n<ul>\n<li><strong>m\u00e4nnlich<\/strong><\/li>\n\n\n\n<li><strong>ca. 20 Jahre<\/strong><\/li>\n\n\n\n<li><strong>schwarze Haare ohne Bart<\/strong><\/li>\n\n\n\n<li><strong>Er trug eine schwarze Hose und eine schwarze Jacke. <\/strong><\/li>\n<\/ul>\n\n\n\n<ul>\n<li><strong>Zeugenhinweise nimmt das Polizeirevier Mannheim-Neckarau unter 0621\/83397-0 entgegen.<\/strong><\/li>\n<\/ul>\n\n\n\n<h2 class=\"wp-block-heading\">(Mannheim) &#8211; Sachbesch\u00e4digung an Parteib\u00fcro \/ Zeugen gesucht!<\/h2>\n\n\n\n<p>In dem Zeitraum von Freitagnachmittag gegen 16 Uhr bis Samstagvormittag gegen 10 Uhr beschmierte eine bislang unbekannte T\u00e4terschaft die Fensterscheiben eines in den T-Quadraten befindlichen Parteib\u00fcros mit verfassungswidrigen Symbolen sowie einem Schriftzug.<\/p>\n\n\n\n<p>Das Dezernat Staatsschutz der Kriminalpolizei Heidelberg hat die weiteren Ermittlungen aufgenommen. Die Spuren werden derzeit kriminaltechnisch ausgewertet. <\/p>\n\n\n\n<ul>\n<li><strong>Zeugen, die sachdienliche Hinweise geben k\u00f6nnen, werden gebeten, sich unter dem kriminalpolizeilichen Hinweistelefon, Tel.: 0621 174-4444, zu melden.<\/strong><\/li>\n<\/ul>\n\n\n\n<h2 class=\"wp-block-heading\">(Mannheim) &#8211; Schmuck und Notebooks nach Einbruch gestohlen \/ Zeugen gesucht<\/h2>\n\n\n\n<p>Am Freitag zwischen 10:30 Uhr und 16 Uhr entwendeten bisher unbekannte T\u00e4ter aus einem Einfamilienhaus in der Waldlichtung mehrere Notebooks, Schmuck und Mobiltelefone. Die H\u00f6he des Sachschadens kann derzeit noch nicht beziffert werden. Die Unbekannten gelangten \u00fcber den Garten auf das Grundst\u00fcck und hobelten schlie\u00dflich eine Balkont\u00fcr auf. Im Innern durchsuchte die T\u00e4terschaft s\u00e4mtliche R\u00e4umlichkeiten und fl\u00fcchtete im Anschluss durch die Hauseingangst\u00fcr. Die Spezialistinnen und Spezialisten f\u00fcr Eigentumsdelikte der Kriminalpolizei sowie die zentrale Kriminaltechnik haben die Ermittlungen aufgenommen. <\/p>\n\n\n\n<ul>\n<li><strong>Zeugen, welche verd\u00e4chtige Wahrnehmungen gemacht haben, werden gebeten, sich beim Polizeirevier Mannheim-Neckarau unter 0621\/83397-0 zu melden.<\/strong><\/li>\n<\/ul>\n\n\n\n<h2 class=\"wp-block-heading\">(B 37 \/ Mannheim-Oststadt) &#8211; Verkehrsunfall mit mehreren beteiligten Pkw auf der Wilhelm-Varnholt-Allee<\/h2>\n\n\n\n<p>Am 27.03.23 gegen 18:30 Uhr kam es auf der Wilhelm-Varnholt-Allee (B37), in H\u00f6he der Fahrlachstra\u00dfe, in Fahrtrichtung Heidelberg, zu einem Verkehrsunfall mit mehreren beteiligten Pkw. Die Polizei ist mit mehreren Fahrzeugen im Einsatz. \u00dcber den Unfallhergang sowie zu dem Verletzungsbild ist derzeit noch nichts bekannt. Durch die Unfallaufnahme kann es zu Verkehrsbehinderungen und zu kurzfristigen Fahrbahnsperrungen kommen. Ortskundige Verkehrsteilnehmer werden gebeten, die Strecke weitr\u00e4umig zu umfahren.<\/p>\n\n\n\n<h3 class=\"has-text-align-center wp-block-heading\">Pressemeldung Nr. 2<a href=\"https:\/\/www.facebook.com\/sharer.php?u=https%3A%2F%2Fwww.presseportal.de%2Fblaulicht%2Fpm%2F14915%2F5473526%2F%3Futm_source%3Dfacebook%26utm_medium%3Dsocial\"><\/a><a href=\"https:\/\/twitter.com\/intent\/tweet?text=POL-MA%3A%20Mannheim-Oststadt%3A%20Verkehrsunfall%20mit%20mehreren%20beteiligten%20Pkw%20auf%20der%20Wilhelm-Varnholt-Allee%20--%20Pressemeldung%202&amp;url=https%3A%2F%2Fwww.presseportal.de%2Fblaulicht%2Fpm%2F14915%2F5473526%2F%3Futm_source%3Dtwitter%26utm_medium%3Dsocial&amp;hashtags=ots&amp;lang=de\"><\/a><a href=\"https:\/\/web.whatsapp.com\/send?text=POL-MA%3A%20Mannheim-Oststadt%3A%20Verkehrsunfall%20mit%20mehreren%20beteiligten%20Pkw%20auf%20der%20Wilhelm-Varnholt-Allee%20--%20Pressemeldung%202%0A%0Ahttps%3A%2F%2Fwww.presseportal.de%2Fblaulicht%2Fpm%2F14915%2F5473526%2F%3Futm_source%3Dwhatsapp%26utm_medium%3Dsocial\"><\/a><a href=\"https:\/\/www.xing.com\/app\/user?op=share;url=https%3A%2F%2Fwww.presseportal.de%2Fblaulicht%2Fpm%2F14915%2F5473526%2F%3Futm_source%3Dxing%26utm_medium%3Dsocial\"><\/a><a href=\"http:\/\/www.linkedin.com\/shareArticle?mini=true&amp;url=https%3A%2F%2Fwww.presseportal.de%2Fblaulicht%2Fpm%2F14915%2F5473526%2F%3Futm_source%3Dlinkedin%26utm_medium%3Dsocial&amp;title=POL-MA%3A+Mannheim-Oststadt%3A+Verkehrsunfall+mit+mehreren+beteiligten+Pkw+auf+der+Wilhelm-Varnholt-Allee+--+Pressemeldung+2\"><\/a><a href=\"mailto:?subject=POL-MA%3A%20Mannheim-Oststadt%3A%20Verkehrsunfall%20mit%20mehreren%20beteiligten%20Pkw%20auf%20der%20Wilhelm-Varnholt-Allee%20--%20Pressemeldung%202&amp;body=https:\/\/www.presseportal.de\/blaulicht\/pm\/14915\/5473526\"><\/a><\/h3>\n\n\n\n<p>Gegen 18:30 Uhr kam es auf der Wilhelm-Varnholt-Allee (B37), in H\u00f6he der Fahrlachstra\u00dfe, in Fahrtrichtung Heidelberg, zu einem Verkehrsunfall mit mehreren beteiligten Pkw. Ein 24-j\u00e4hriger BMW-Fahrer fuhr hier, vermutlich aufgrund Unachtsamkeit, auf einen 27- j\u00e4hrigen Hyundai-Fahrer auf, jener wurde durch den Aufprall auf eine 32-j\u00e4hrige Opel-Fahrerin geschoben und diese wiederum auf einen 62-j\u00e4hrigen VW-Fahrer. Zu einem Personenschaden kam es bei dem Unfallgeschehen jedoch nicht. Im Rahmen der Verkehrsunfallaufnahme musste allerdings der PKW des Unfallverursachers von der Unfallstelle abgeschleppt werden, da dieser durch die Kollision nicht mehr fahrbereit war. Die Wilhelm-Varnholt-Allee musste kurzzeitig zur Unfallaufnahme gesperrt werden. Der aufgestaute Verkehr wurde in dieser Zeit \u00fcber die Fahrlachstra\u00dfe abgeleitet. Gegen 19:17 Uhr wurde die Fahrbahnsperrung wieder aufgehoben und alle Fahrbahnen waren wieder frei befahrbar. Der Gesamtschaden des Verkehrsunfalls bel\u00e4uft sich auf ca. 13.000 EUR.<\/p>\n\n\n\n<h2 class=\"wp-block-heading\">(B 44 \/ Mannheim-Sandhofen) &#8211; Schwerer Verkehrsunfall mit einer schwer verletzten Person \/ Polizei sucht Zeugen!<\/h2>\n\n\n\n<p>Zu einem schweren Verkehrsunfall kam es am Freitag gegen 21 Uhr auf der Frankenthaler Stra\u00dfe. Ein 63-J\u00e4hriger Smart-Fahrer befuhr den linken Fahrstreifen der B44 in Fahrtrichtung Lampertheim, als ihn auf dem rechten Fahrstreifen ein gro\u00dfer, wei\u00dfer Gel\u00e4ndewagen \u00fcberholte und vermutlich den Smart \u00fcbersah. Der 63-J\u00e4hrige Fahrer erschrak sich und versuchte nach links auszuweichen, woraufhin er den Mittelgr\u00fcnstreifen \u00fcberfuhr und mit einem entgegenkommenden Chevrolet kollidierte. Hierbei wurde er schwer verletzt und mit einem Rettungswagen in eine Klinik gefahren, der 33-J\u00e4hrige Fahrer des Chevrolets wurde leicht verletzt. Der Fahrer des Gel\u00e4ndewagens fl\u00fcchtete von der Unfallstelle. Der Gesamtsachschaden bel\u00e4uft sich auf rund 40.000 Euro. Beide Fahrzeuge waren nicht mehr Fahrbereit und mussten abgeschleppt werden. Die B44 in Fahrtrichtung Mannheim war w\u00e4hrend der Rettungs- und Bergungsma\u00dfnahmen zeitweise voll gesperrt.<\/p>\n\n\n\n<ul>\n<li><strong>Zeugen, die Hinweise zum Unfallhergang, im speziellen von dem gro\u00dfen, wei\u00dfen Gel\u00e4ndewagen geben k\u00f6nnen, werden gebeten sich beim Polizeirevier Mannheim-Sandhofen, unter der Telefonnummer 0621-777690, zu melden.<\/strong><\/li>\n<\/ul>\n\n\n\n<h2 class=\"wp-block-heading\">(Mannheim-K\u00e4fertal) &#8211; Streit unter Autofahrern eskaliert<\/h2>\n\n\n<div class=\"wp-block-image\">\n<figure class=\"aligncenter size-full\"><img decoding=\"async\" loading=\"lazy\" width=\"800\" height=\"533\" src=\"https:\/\/speyer24news.com\/wp-content\/uploads\/2021\/11\/Schlaegerei.jpg\" alt=\"\" class=\"wp-image-42366\" srcset=\"https:\/\/speyer24news.com\/wp-content\/uploads\/2021\/11\/Schlaegerei.jpg 800w, https:\/\/speyer24news.com\/wp-content\/uploads\/2021\/11\/Schlaegerei-300x200.jpg 300w, https:\/\/speyer24news.com\/wp-content\/uploads\/2021\/11\/Schlaegerei-768x512.jpg 768w\" sizes=\"(max-width: 800px) 100vw, 800px\" \/><figcaption class=\"wp-element-caption\">Beispielbild Schl\u00e4gerei \/ K\u00f6rperverletzung, dient lediglich der Visualisierung<\/figcaption><\/figure><\/div>\n\n\n<p>Am Samstag kam es gegen 16.30 Uhr im Bereich der Stra\u00dfe &#8218;Auf dem Sand&#8216; zu Streitigkeiten unter Autofahrern, die kurze Zeit sp\u00e4ter eskalierte. Da eine Autofahrerin augenscheinlich zu langsam fuhr, f\u00fchlte sich ein anderer Autofahrer in seinem z\u00fcgigen Fortkommen gen\u00f6tigt und versuchte sie mit diversen Lichtkonzerten seines Scheinwerfers von der Fahrbahn zu verdr\u00e4ngen. Als dies nicht funktionierte, stieg er an der n\u00e4chsten Ampel aus und beleidigte kurzerhand die Autofahrerin, die sich dies aber nicht gefallen lie\u00df und ebenfalls ausstieg, um ihren Kontrahenten, der mittlerweile wieder bei offenem Fenster im Fahrzeug sa\u00df, anzuspucken. Der Fahrer stieg daraufhin nochmals aus und begann die Autofahrerin zu w\u00fcrgen. Anschlie\u00dfend f\u00fchrten die beiden Streith\u00e4hne ihre Fahrt fort, bis zur n\u00e4chsten Haltem\u00f6glichkeit. Hier stiegen sie erneut aus. Ein Angeh\u00f6riger, der zuvor beleidigten und gew\u00fcrgten Autofahrerin, wartete bereits mit einer Holzlatte auf den dr\u00e4ngelnden Autofahrer und attackierte diesen damit. Hierbei verletzte sich der Autofahrer und sein Fahrzeug erlitt au\u00dferdem einen Sachschaden. Nicht genug, mischten sich nun noch zwei Zeugen ein, die sich ebenfalls k\u00f6rperlich beteiligten und es kam auch hier zu einem Schlagabtausch untereinander.<\/p>\n\n\n\n<p>Letzten Endes konnten alle Streith\u00e4hne durch mehrere Passanten getrennt und die Situation kurzzeitig, bis zum Eintreffen der Polizeistreifen, deeskaliert werden. Ob die beiden Autofahrer nun schneller an ihrem Ziel ankamen, ist fraglich.<\/p>\n\n\n\n<p>Alle Beteiligten m\u00fcssen nun mit einer Anzeige rechnen. Die Ermittlungen werden durch das Polizeirevier Mannheim-K\u00e4fertal gef\u00fchrt.<\/p>\n\n\n\n<h2 class=\"wp-block-heading\">(Heidelberg) &#8211; Super-Recogniser stellt gleich zweimal kurz hintereinander sein Talent unter Beweis<\/h2>\n\n\n\n<p>In der vergangenen Woche bewies einer der Super-Recogniser des Polizeipr\u00e4sidiums Mannheim gleich zweimal, kurz hintereinander seine besonders guten Augen und sein Personenged\u00e4chtnis (zum Projekt der Super-Recogniser beim Polizeipr\u00e4sidium Mannheim siehe PM vom 21.04.2022&nbsp;<a target=\"_blank\" rel=\"noreferrer noopener\" href=\"https:\/\/www.presseportal.de\/blaulicht\/pm\/14915\/5201699\">https:\/\/www.presseportal.de\/blaulicht\/pm\/14915\/5201699<\/a>).<\/p>\n\n\n\n<p>Am Mittwoch, 22.03.2023, war der Kollege aus dem Super-Recogniser-Team im Rahmen einer Fahndungsstreife in Heidelberg unterwegs, als ihm ein eine m\u00e4nnliche Person auffiel, die auff\u00e4llige \u00c4hnlichkeiten zu einem bislang unbekannten T\u00e4ter eines Betrugsdelikts aus dem Jahr 2021 aufwies. Der Beschuldigte nutzte damals den Umstand einer Verwechslung aus, t\u00e4uschte dem Gesch\u00e4digten im Weiteren finanzielle Probleme vor und ergaunerte so einen mittleren dreistelligen Betrag. Nun vom Polizisten auf die Tat angesprochen, gab er diese sofort zu. Er wurde zur Personalienaufnahme zur Sonderwache des Polizeireviers Heidelberg-Mitte am Bismarckplatz gebracht. Ein sp\u00e4terer Abgleich mit den damaligen Videoaufzeichnungen untermauerte au\u00dferdem seine Tatbeteiligung.<\/p>\n\n\n\n<p>Derselbe Super-Recogniser war am darauffolgenden Tag (Donnerstag, 23.03.2023) erneut in Heidelberg im Einsatz, als ihm wiederum eine m\u00e4nnliche Person auffiel. Bei nachfolgenden Recherchen in polizeiinternen Systemen erh\u00e4rtete sich der Verdacht, dass es sich um den T\u00e4ter eines Ladendiebstahls Anfang M\u00e4rz 2023 in der Heidelberger Altstadt handeln k\u00f6nnte, bei dem er von einer \u00dcberwachungskamera aufgenommen worden war. Die weiteren, noch andauernden Ermittlungen in diesem Fall f\u00fchrt ebenfalls das Polizeirevier Heidelberg-Mitte.<\/p>\n\n\n\n<h2 class=\"wp-block-heading\">(Leimen \/ Rhein-Neckar-Kreis) &#8211; Mann fl\u00fcchtet nach Auffahrunfall \/ Zeugen gesucht!<\/h2>\n\n\n\n<p>Zu einem Verkehrsunfall kam es am Sonntag gegen 21 Uhr in der Stra\u00dfe &#8222;Lingentalerhof&#8220;\/L600. Eine 39-J\u00e4hrige Mercedes-Fahrerin befuhr die L600 in Fahrtrichtung Leimen als ungef\u00e4hr auf H\u00f6he der Einm\u00fcndung zum Kastanienweg eine Katze die Stra\u00dfe kreuzte. Daraufhin verringerte die Frau ihre Geschwindigkeit leicht, woraufhin ein hinter ihr fahrender Ford-Fahrer auffuhr. Als alle beteiligten ausgestiegen waren, nutzte der Ford-Fahrer einen unbeobachteten Moment und entfernte sich von der Unfallstelle. Die Mercedes-Fahrerin, sowie ihr sich im Auto befindliches Kind wurden beide leicht verletzt. Der entstandene Sachschaden betr\u00e4gt rund 2.000 Euro.<\/p>\n\n\n\n<h4 class=\"wp-block-heading\">Der fl\u00fcchtige Fahrer kann wie folgt beschrieben werden: <\/h4>\n\n\n\n<ul>\n<li><strong>m\u00e4nnlich<\/strong><\/li>\n\n\n\n<li><strong>ca. 40 Jahre<\/strong><\/li>\n\n\n\n<li><strong>schlank<\/strong><\/li>\n\n\n\n<li><strong>rund 1,85m gro\u00df<\/strong><\/li>\n\n\n\n<li><strong>kurzes, dunkelbraunes, welliges Haar<\/strong><\/li>\n\n\n\n<li><strong>Der Mann fuhr einen dunklen Ford mit Heidelberger Kennzeichen.<\/strong><\/li>\n<\/ul>\n\n\n\n<ul>\n<li><strong>Zeugen, die sachdienliche Hinweise geben k\u00f6nnen, werden gebeten sich beim Polizeirevier Wiesloch, unter der Telefonnummer 06222-57090, zu melden.<\/strong><\/li>\n<\/ul>\n\n\n\n<h2 class=\"wp-block-heading\">(Hockenheim \/ Rhein-Neckar-Kreis) &#8211; Fahrzeug kracht in Geb\u00e4ude, Sachschaden von mehreren Tausend Euro<\/h2>\n\n\n\n<p>Ein 22-j\u00e4hriger Mann steht im Verdacht, am sp\u00e4ten Sonntagabend unter Drogeneinfluss in die Fassade eines Wohngeb\u00e4udes in der Unteren Hauptstra\u00dfe gefahren zu sein. Der Unfall soll sich gegen 23:15 Uhr ereignet haben. Kurz nach dem Unfall sollen mehrere Personen Fahrzeugteile eingesammelt und von der Unfallstelle gefl\u00fcchtet sein. Ein aufmerksamer Zeuge verst\u00e4ndigte die Polizei, welche den 22-J\u00e4hrigen leicht verletzten Fahrer im Rahmen der Fahndung ausfindig machen konnte. Dieser r\u00e4umte ein, die Kontrolle \u00fcber sein Fahrzeug im Kurvenbereich verloren zu haben und danach gegen das Geb\u00e4ude gefahren zu sein. Da die Beamtinnen und Beamten des Polizeireviers Hockenheim bei dem Verd\u00e4chtigen Anzeichen auf eine Drogenbeeinflussung feststellten, musste der Mann neben einer Blutprobe auch gleich seinen F\u00fchrerschein auf der Dienststelle abgeben. Gegen ihn wird nun wegen Stra\u00dfenverkehrsgef\u00e4hrdung ermittelt. Der Schaden am Geb\u00e4ude d\u00fcrfte im mittleren bis hohen vierstelligen Bereich liegen.<\/p>\n\n\n\n<h2 class=\"wp-block-heading\">(Hockenheim \/ Rhein-Neckar-Kreis) &#8211; Unbekannter schl\u00e4gt Fahrzeugscheibe ein<\/h2>\n\n\n\n<p>Am Sonntag schlug ein bislang unbekannter T\u00e4ter zwischen 16.30 Uhr und 19.30 Uhr auf dem Parkplatz Jahnhalle die Seitenscheibe der Fahrert\u00fcr eines VW Golf ein. Aus dem Fahrzeuginneren entwendete er einen Geldbeutel, in welchem sich jedoch nicht viel Bargeld befand.<\/p>\n\n\n\n<p>Zeugen, die etwas beobachtet haben oder T\u00e4terhinweise geben k\u00f6nnen, werden gebeten sich bei dem Polizeirevier in Hockenheim zu melden, unter: 06205-28600.<\/p>\n","protected":false},"excerpt":{"rendered":"<div class=\"mh-excerpt\"><p>Polizeimeldungen vom Montag (27.03.2023) (Speyer) &#8211; Fu\u00dfg\u00e4ngerin wird mehrere Meter mitgeschleift In der Kurt-Schumacher Stra\u00dfe wurde am sp\u00e4ten Sonntagnachmittag eine 57 -j\u00e4hrige Fu\u00dfg\u00e4ngerin, die an einer Fu\u00dfg\u00e4ngerampel die Fahrbahn \u00fcberquerte, von einem PKW Mercedes-Benz erfasst <a class=\"mh-excerpt-more\" href=\"https:\/\/speyer24news.com\/?p=51586\" title=\"Polizeimeldungen Montag (27.03.2023)\">[&#8230;]<\/a><\/p>\n<\/div>","protected":false},"author":3,"featured_media":26162,"comment_status":"open","ping_status":"open","sticky":false,"template":"","format":"standard","meta":{"_monsterinsights_skip_tracking":false,"_monsterinsights_sitenote_active":false,"_monsterinsights_sitenote_note":"","_monsterinsights_sitenote_category":0,"footnotes":""},"categories":[15659],"tags":[7243,7244,3614,350,14537,15084,15267,14538,15361,15845,702,61,2555,6955,6986,6263,63,105,11150,6987,53,4854,13534,4683,1548,4905,11592,102,13626,213,14325,14324,13553,13541,55,8277,6368,5261,103,106,2803,2423,427,2625,380,62,104,979,1565],"aioseo_notices":[],"amp_enabled":true,"_links":{"self":[{"href":"https:\/\/speyer24news.com\/index.php?rest_route=\/wp\/v2\/posts\/51586"}],"collection":[{"href":"https:\/\/speyer24news.com\/index.php?rest_route=\/wp\/v2\/posts"}],"about":[{"href":"https:\/\/speyer24news.com\/index.php?rest_route=\/wp\/v2\/types\/post"}],"author":[{"embeddable":true,"href":"https:\/\/speyer24news.com\/index.php?rest_route=\/wp\/v2\/users\/3"}],"replies":[{"embeddable":true,"href":"https:\/\/speyer24news.com\/index.php?rest_route=%2Fwp%2Fv2%2Fcomments&post=51586"}],"version-history":[{"count":1,"href":"https:\/\/speyer24news.com\/index.php?rest_route=\/wp\/v2\/posts\/51586\/revisions"}],"predecessor-version":[{"id":51588,"href":"https:\/\/speyer24news.com\/index.php?rest_route=\/wp\/v2\/posts\/51586\/revisions\/51588"}],"wp:featuredmedia":[{"embeddable":true,"href":"https:\/\/speyer24news.com\/index.php?rest_route=\/wp\/v2\/media\/26162"}],"wp:attachment":[{"href":"https:\/\/speyer24news.com\/index.php?rest_route=%2Fwp%2Fv2%2Fmedia&parent=51586"}],"wp:term":[{"taxonomy":"category","embeddable":true,"href":"https:\/\/speyer24news.com\/index.php?rest_route=%2Fwp%2Fv2%2Fcategories&post=51586"},{"taxonomy":"post_tag","embeddable":true,"href":"https:\/\/speyer24news.com\/index.php?rest_route=%2Fwp%2Fv2%2Ftags&post=51586"}],"curies":[{"name":"wp","href":"https:\/\/api.w.org\/{rel}","templated":true}]}}