{"id":51600,"date":"2023-04-16T19:42:51","date_gmt":"2023-04-16T18:42:51","guid":{"rendered":"https:\/\/speyer24news.com\/?p=51600"},"modified":"2023-04-16T19:42:53","modified_gmt":"2023-04-16T18:42:53","slug":"geschwindigkeitskontrolle-blitzer-kw-17-17-04-21-04-23","status":"publish","type":"post","link":"https:\/\/speyer24news.com\/?p=51600","title":{"rendered":"Geschwindigkeitskontrolle \/ Blitzer KW 17 (17.04. \u2013 21.04.23)"},"content":{"rendered":"<style type=\"text\/css\">\r\n\t.ads_top_disp{}\r\n\t.ads_top_corner_disp{ float:left; margin:0px 10px 10px 0px; }\r\n\t.ads_first_p_disp{}\r\n\t.ads_bottom_disp{}\r\n\t<\/style>\n<h2 class=\"wp-block-heading\">(Mannheim) \u2013 Geschwindigkeitskontrollen vom 17. bis 21. April<\/h2>\n\n\n<div class=\"wp-block-image\">\n<figure class=\"aligncenter\"><img decoding=\"async\" loading=\"lazy\" width=\"640\" height=\"497\" src=\"https:\/\/speyer24news.com\/wp-content\/uploads\/2020\/12\/Blitzer-2.jpg\" alt=\"\" class=\"wp-image-31937\" srcset=\"https:\/\/speyer24news.com\/wp-content\/uploads\/2020\/12\/Blitzer-2.jpg 640w, https:\/\/speyer24news.com\/wp-content\/uploads\/2020\/12\/Blitzer-2-300x233.jpg 300w\" sizes=\"(max-width: 640px) 100vw, 640px\" \/><\/figure><\/div>\n\n\n<h3 class=\"wp-block-heading\">Die Stadt Mannheim f\u00fchrt&nbsp;vom 17. bis 21. April in folgenden Stra\u00dfen mobile Geschwindigkeitskontrollen durch:<\/h3>\n\n\n\n<ul>\n<li><strong>Badenweilerstra\u00dfe (Spielstra\u00dfe)<\/strong><\/li>\n\n\n\n<li><strong>Beim Bauerspfad<\/strong><\/li>\n\n\n\n<li><strong>Eisenacher Weg (Vogelstangschule)<\/strong><\/li>\n\n\n\n<li><strong>Gutenbergstra\u00dfe<\/strong><\/li>\n\n\n\n<li><strong>James-Monroe-Ring<\/strong><\/li>\n\n\n\n<li><strong>J\u00e4gerstra\u00dfe<\/strong><\/li>\n\n\n\n<li><strong>Mannheimer Stra\u00dfe<\/strong><\/li>\n\n\n\n<li><strong>M\u00fclhauser Stra\u00dfe (Friedrichsfeldschule)<\/strong><\/li>\n\n\n\n<li><strong>Neckarhauser Stra\u00dfe<\/strong><\/li>\n\n\n\n<li><strong>Neudorfstra\u00dfe<\/strong><\/li>\n\n\n\n<li><strong>Neustadter Stra\u00dfe<\/strong><\/li>\n\n\n\n<li><strong>Offenburger Stra\u00dfe<\/strong><\/li>\n\n\n\n<li><strong>Rastatter Stra\u00dfe<\/strong><\/li>\n\n\n\n<li><strong>R\u00fcdesheimer Stra\u00dfe<\/strong><\/li>\n\n\n\n<li><strong>Sachsenstra\u00dfe<\/strong><\/li>\n\n\n\n<li><strong>Sonnenschein<\/strong><\/li>\n\n\n\n<li><strong>Stra\u00dfburger Ring<\/strong><\/li>\n\n\n\n<li><strong>Thomas-Jefferson-Stra\u00dfe (Spielstra\u00dfe)<\/strong><\/li>\n\n\n\n<li><strong>Th\u00fcringer Stra\u00dfe<\/strong><\/li>\n\n\n\n<li><strong>Wallonenstra\u00dfe<\/strong><\/li>\n\n\n\n<li><strong>Wormser Stra\u00dfe (K\u00e4fertalschule)<\/strong><\/li>\n\n\n\n<li><strong>Z\u00e4hringerstra\u00dfe (Seckenheimschule)<\/strong><\/li>\n<\/ul>\n\n\n\n<p>Kurzfristige \u00c4nderungen oder zus\u00e4tzliche Messstellen sind aus aktuellem Anlass m\u00f6glich.<\/p>\n\n\n\n<p><em>Stadt Mannheim<br>13.04.2023<\/em><\/p>\n\n\n\n<h2 class=\"wp-block-heading\">(Ludwigshafen) \u2013 Radarkontrollen f\u00fcr die Woche vom 17. April 2023 bis 23. April 2023<\/h2>\n\n\n<div class=\"wp-block-image\">\n<figure class=\"aligncenter\"><img decoding=\"async\" loading=\"lazy\" width=\"800\" height=\"600\" src=\"https:\/\/speyer24news.com\/wp-content\/uploads\/2020\/03\/Blitzer-1.jpg\" alt=\"\" class=\"wp-image-25724\" srcset=\"https:\/\/speyer24news.com\/wp-content\/uploads\/2020\/03\/Blitzer-1.jpg 800w, https:\/\/speyer24news.com\/wp-content\/uploads\/2020\/03\/Blitzer-1-300x225.jpg 300w, https:\/\/speyer24news.com\/wp-content\/uploads\/2020\/03\/Blitzer-1-768x576.jpg 768w, https:\/\/speyer24news.com\/wp-content\/uploads\/2020\/03\/Blitzer-1-678x509.jpg 678w, https:\/\/speyer24news.com\/wp-content\/uploads\/2020\/03\/Blitzer-1-326x245.jpg 326w, https:\/\/speyer24news.com\/wp-content\/uploads\/2020\/03\/Blitzer-1-80x60.jpg 80w\" sizes=\"(max-width: 800px) 100vw, 800px\" \/><\/figure><\/div>\n\n\n<h3 class=\"wp-block-heading\">Die Stadt Ludwigshafen nimmt in folgenden Stadtteilen Radarkontrollen vor:<\/h3>\n\n\n\n<ul>\n<li><strong>Montag, 17. April: Pfingstweide, Friesenheim und Oggersheim<\/strong><\/li>\n\n\n\n<li><strong>Dienstag, 18. April: Rheing\u00f6nheim, Oppau und S\u00fcd<\/strong><\/li>\n\n\n\n<li><strong>Mittwoch, 19. April: Mundenheim, Mitte und Nord<\/strong><\/li>\n\n\n\n<li><strong>Donnerstag, 20. April: Friesenheim, Edigheim und West<\/strong><\/li>\n\n\n\n<li><strong>Freitag, 21. April: Mundenheim, Gartenstadt und Maudach<\/strong><\/li>\n<\/ul>\n\n\n\n<p>Kurzfristige \u00c4nderungen beh\u00e4lt sich der Bereich Stra\u00dfenverkehr vor. Kontrollen k\u00f6nnen auch kurzfristig an anderen Stellen stattfinden.<\/p>\n\n\n\n<p><em>Stadt Ludwigshafen<br>14.04.2023<\/em><\/p>\n\n\n\n<h2 class=\"wp-block-heading\">(Pr\u00e4sidialbereich Rheinpfalz) \u2013 Radarkontrollen des Polizeipr\u00e4sidiums Rheinpfalz f\u00fcr April 2023<\/h2>\n\n\n<div class=\"wp-block-image\">\n<figure class=\"aligncenter size-full\"><img decoding=\"async\" loading=\"lazy\" width=\"800\" height=\"450\" src=\"https:\/\/speyer24news.com\/wp-content\/uploads\/2020\/12\/Blitzer-Logo.jpg\" alt=\"\" class=\"wp-image-31938\" srcset=\"https:\/\/speyer24news.com\/wp-content\/uploads\/2020\/12\/Blitzer-Logo.jpg 800w, https:\/\/speyer24news.com\/wp-content\/uploads\/2020\/12\/Blitzer-Logo-300x169.jpg 300w, https:\/\/speyer24news.com\/wp-content\/uploads\/2020\/12\/Blitzer-Logo-768x432.jpg 768w, https:\/\/speyer24news.com\/wp-content\/uploads\/2020\/12\/Blitzer-Logo-678x381.jpg 678w\" sizes=\"(max-width: 800px) 100vw, 800px\" \/><\/figure><\/div>\n\n\n<h4 class=\"wp-block-heading\">Im Bereich der <strong>Polizeidirektion Ludwigshafen<\/strong> finden wie folgt Kontrollen statt: <\/h4>\n\n\n\n<ul>\n<li><strong>Dienstag 25.04.2023 im Bereich Hanhofen<\/strong><\/li>\n\n\n\n<li><strong>Freitag 28.04.2023 im Bereich Limburgerhof<\/strong><\/li>\n<\/ul>\n\n\n\n<h4 class=\"wp-block-heading\">Im Bereich der <strong>Polizeidirektion Landau<\/strong> finden wie folgt Kontrollen statt: <\/h4>\n\n\n\n<ul>\n<li><strong>Mittwoch 26.04.2023 im Bereich Landau<\/strong><\/li>\n<\/ul>\n\n\n\n<h4 class=\"wp-block-heading\">Im Bereich der <strong>Polizeidirektion Neustadt<\/strong> finden wie folgt Kontrollen statt: <\/h4>\n\n\n\n<ul>\n<li><strong>Donnerstag 27.04.2023 im Bereich Gr\u00fcnstadt<\/strong><\/li>\n<\/ul>\n\n\n\n<p>Die Polizei weist ausdr\u00fccklich darauf hin, dass Kontrollen auch au\u00dferhalb der genannten Zeiten und \u00d6rtlichkeiten stattfinden.<\/p>\n\n\n\n<p><em>Polizeipr\u00e4sidium Rheinpfalz<br>03.04.2023<\/em><\/p>\n\n\n\n<h2 class=\"wp-block-heading\">(Pr\u00e4sidialbereich&nbsp;Rheinpfalz) \u2013 ROADPOL-Kontrollwoche Geschwindigkeit 17. April \u2013 23. April 2023 und \u201eSpeedmarathon\u201c am 21. April 2023<\/h2>\n\n\n<div class=\"wp-block-image\">\n<figure class=\"aligncenter\"><img decoding=\"async\" loading=\"lazy\" width=\"800\" height=\"450\" src=\"https:\/\/speyer24news.com\/wp-content\/uploads\/2023\/04\/GeschwidigkeitskontrollwocheSocialcard.jpg\" alt=\"\" class=\"wp-image-51694\" srcset=\"https:\/\/speyer24news.com\/wp-content\/uploads\/2023\/04\/GeschwidigkeitskontrollwocheSocialcard.jpg 800w, https:\/\/speyer24news.com\/wp-content\/uploads\/2023\/04\/GeschwidigkeitskontrollwocheSocialcard-300x169.jpg 300w, https:\/\/speyer24news.com\/wp-content\/uploads\/2023\/04\/GeschwidigkeitskontrollwocheSocialcard-768x432.jpg 768w, https:\/\/speyer24news.com\/wp-content\/uploads\/2023\/04\/GeschwidigkeitskontrollwocheSocialcard-678x381.jpg 678w\" sizes=\"(max-width: 800px) 100vw, 800px\" \/><\/figure><\/div>\n\n\n<p>Im Zeitraum vom 17. April 2023 bis zum 23. April 2023 findet die europaweite Kontrollwoche \u201eGeschwindigkeit\u201c statt, inklusive eines \u201eSpeedmarathons\u201c am 21. April 2023. Auch das Polizeipr\u00e4sidium Rheinpfalz beteiligt sich an der Kontrollaktion. Ziel dieser Aktion ist es, Geschwindigkeits\u00fcberschreitungen im Stra\u00dfenverkehr zu bek\u00e4mpfen und zu verhindern. Besonders beim sogenannten \u201eSpeedmarathon\u201c ist geplant, deutlich mehr Geschwindigkeitskontrollen durchzuf\u00fchren.<\/p>\n\n\n\n<p>Die Verkehrskontrollen sollen die Unfallzahlen und insbesondere die Zahl der Verkehrstoten senken. Durch die Verkehrskontrollen sollen auch die Risiken von \u00fcberh\u00f6hter Geschwindigkeit im Stra\u00dfenverkehr verst\u00e4rkt ins \u00f6ffentliche Bewusstsein r\u00fccken. Bei den Kontrollen wollen die Polizeikr\u00e4fte deshalb auch an die Einsicht der Verkehrsteilnehmenden appellieren, niemals die zul\u00e4ssige H\u00f6chstgeschwindigkeit zu \u00fcberschreiten und die Geschwindigkeit der jeweiligen Situation anzupassen.<\/p>\n\n\n\n<p>\u00dcberh\u00f6hte Geschwindigkeit bleibt weiter eine Hauptunfallursache: 2022 wurden im Zust\u00e4ndigkeitsbereich des Polizeipr\u00e4sidiums Rheinpfalz wegen nicht angepasster oder \u00fcberh\u00f6hter Geschwindigkeit 1.896 Verkehrsunf\u00e4lle registriert. Im Jahr 2021 waren dies noch 1.792 Verkehrsunf\u00e4lle.<\/p>\n\n\n\n<p>Die Verkehrs\u00fcberwachung mit Hilfe von Verkehrskontrollen geh\u00f6rt zu den zentralen Aufgaben der Polizei. Die Kontrollen sind f\u00fcr die Sicherheit im Stra\u00dfenverkehr von gro\u00dfer Bedeutung und finden deshalb das ganze Jahr \u00fcber statt.<\/p>\n\n\n\n<p>\u201eGrenzen \u00fcberschreiten, um Leben zu retten!\u201c \u2013 das ist der Slogan von ROADPOL, dem europaweiten Polizeinetzwerk, welches das Ziel hat, die Zahl der Verkehrsunfallopfer zu senken. Dabei koordiniert es europaweit nationale Aktionen, die die Vorschriften im Verkehrssektor durchsetzen sollen. Innerhalb dieses Kontrollverbundes finden \u00fcber das Jahr verteilt verkehrspolizeiliche Schwerpunktkontrollen statt. Weitere Informationen gibt es unter\u00a0<a href=\"https:\/\/www.roadpol.eu\/\">www.roadpol.eu<\/a>.<\/p>\n\n\n\n<p><em>Polizeipr\u00e4sidium Rheinpfalz<br>16.04.2023<\/em><\/p>\n","protected":false},"excerpt":{"rendered":"<div class=\"mh-excerpt\"><p>(Mannheim) \u2013 Geschwindigkeitskontrollen vom 17. bis 21. April Die Stadt Mannheim f\u00fchrt&nbsp;vom 17. bis 21. April in folgenden Stra\u00dfen mobile Geschwindigkeitskontrollen durch: Kurzfristige \u00c4nderungen oder zus\u00e4tzliche Messstellen sind aus aktuellem Anlass m\u00f6glich. Stadt Mannheim13.04.2023 (Ludwigshafen) <a class=\"mh-excerpt-more\" href=\"https:\/\/speyer24news.com\/?p=51600\" title=\"Geschwindigkeitskontrolle \/ Blitzer KW 17 (17.04. \u2013 21.04.23)\">[&#8230;]<\/a><\/p>\n<\/div>","protected":false},"author":3,"featured_media":33649,"comment_status":"open","ping_status":"open","sticky":false,"template":"","format":"standard","meta":{"_monsterinsights_skip_tracking":false,"_monsterinsights_sitenote_active":false,"_monsterinsights_sitenote_note":"","_monsterinsights_sitenote_category":0,"footnotes":""},"categories":[64],"tags":[18,7702,4819,4814,7703,15144,14960,19,5148,4822,4817,5149,4228,947,5146,4820,4815,5147,15145,779,5152,4821,4816,5153,14749,227,17,7699,7068,7004,7700,949,5150,4818,4813,5151,1310,948,10894,10893,15985],"aioseo_notices":[],"amp_enabled":true,"_links":{"self":[{"href":"https:\/\/speyer24news.com\/index.php?rest_route=\/wp\/v2\/posts\/51600"}],"collection":[{"href":"https:\/\/speyer24news.com\/index.php?rest_route=\/wp\/v2\/posts"}],"about":[{"href":"https:\/\/speyer24news.com\/index.php?rest_route=\/wp\/v2\/types\/post"}],"author":[{"embeddable":true,"href":"https:\/\/speyer24news.com\/index.php?rest_route=\/wp\/v2\/users\/3"}],"replies":[{"embeddable":true,"href":"https:\/\/speyer24news.com\/index.php?rest_route=%2Fwp%2Fv2%2Fcomments&post=51600"}],"version-history":[{"count":3,"href":"https:\/\/speyer24news.com\/index.php?rest_route=\/wp\/v2\/posts\/51600\/revisions"}],"predecessor-version":[{"id":51708,"href":"https:\/\/speyer24news.com\/index.php?rest_route=\/wp\/v2\/posts\/51600\/revisions\/51708"}],"wp:featuredmedia":[{"embeddable":true,"href":"https:\/\/speyer24news.com\/index.php?rest_route=\/wp\/v2\/media\/33649"}],"wp:attachment":[{"href":"https:\/\/speyer24news.com\/index.php?rest_route=%2Fwp%2Fv2%2Fmedia&parent=51600"}],"wp:term":[{"taxonomy":"category","embeddable":true,"href":"https:\/\/speyer24news.com\/index.php?rest_route=%2Fwp%2Fv2%2Fcategories&post=51600"},{"taxonomy":"post_tag","embeddable":true,"href":"https:\/\/speyer24news.com\/index.php?rest_route=%2Fwp%2Fv2%2Ftags&post=51600"}],"curies":[{"name":"wp","href":"https:\/\/api.w.org\/{rel}","templated":true}]}}