{"id":51718,"date":"2023-04-18T06:28:41","date_gmt":"2023-04-18T05:28:41","guid":{"rendered":"https:\/\/speyer24news.com\/?p=51718"},"modified":"2023-04-18T06:33:59","modified_gmt":"2023-04-18T05:33:59","slug":"polizeimeldungen-montag-17-04-2023","status":"publish","type":"post","link":"https:\/\/speyer24news.com\/?p=51718","title":{"rendered":"Polizeimeldungen Montag (17.04.2023)"},"content":{"rendered":"<style type=\"text\/css\">\r\n\t.ads_top_disp{}\r\n\t.ads_top_corner_disp{ float:left; margin:0px 10px 10px 0px; }\r\n\t.ads_first_p_disp{}\r\n\t.ads_bottom_disp{}\r\n\t<\/style>\n<h2 class=\"wp-block-heading\">Polizeimeldungen vom Montag (17.04.2023)<\/h2>\n\n\n<div class=\"wp-block-image\">\n<figure class=\"aligncenter size-full\"><img decoding=\"async\" loading=\"lazy\" width=\"375\" height=\"500\" src=\"https:\/\/speyer24news.com\/wp-content\/uploads\/2022\/03\/Aktuelles-Polizeilogo.jpg\" alt=\"\" class=\"wp-image-43591\" srcset=\"https:\/\/speyer24news.com\/wp-content\/uploads\/2022\/03\/Aktuelles-Polizeilogo.jpg 375w, https:\/\/speyer24news.com\/wp-content\/uploads\/2022\/03\/Aktuelles-Polizeilogo-225x300.jpg 225w\" sizes=\"(max-width: 375px) 100vw, 375px\" \/><\/figure><\/div>\n\n\n<h2 class=\"wp-block-heading\">(Otterstadt) &#8211; Katalysatoren entwendet \/ Tatverd\u00e4chtige ermittelt<\/h2>\n\n\n\n<p>Am fr\u00fchen Sonntagmorgen konnten drei mutma\u00dfliche T\u00e4ter nach einem Diebstahl von Katalysatoren in Otterstadt durch die Polizei festgestellt werden. Gegen 05:35 Uhr verst\u00e4ndigte ein aufmerksamer Zeuge die Polizei in Speyer, da er auf einem Parkplatz in der Kollerstra\u00dfe zwei bis drei Personen beobachtet hatte, die sich an einem dort geparkten Fahrzeug zu schaffen machten. Die Beamten stellten fest, dass der Katalysator am besagten Fahrzeug entfernt wurde. Im Zuge der Nahbereichsfahndung konnte im Bereich Speyerer Stra\u00dfe ein PKW mit drei Insassen kontrolliert werden. Im Fahrzeug befanden sich zwei M\u00e4nner im Alter von 32 und 33 Jahren. Am Steuer sa\u00df eine 37-j\u00e4hrige Frau. Bei der Durchsuchung des PKW fanden die Beamten unter anderem einen Industriewagenheber und eine Metalls\u00e4ge. Der 33-J\u00e4hrige Mann wies eine mit \u00d6l verschmutzte Kleidung auf. Bei \u00dcberpr\u00fcfung der Fahrt\u00fcchtigkeit konnte bei der Fahrerin Alkoholgeruch wahrgenommen werden. Ein freiwilliger Atemalkoholwert ergab einen Wert von 0,7 Promille. Die Tatverd\u00e4chtigen wurden alle zur Dienststelle gebracht. Ein auf der Dienststelle durchgef\u00fchrter gerichtsverwertbarere Alkoholtest bei der Fahrerin ergab einen Wer 0,46 Promille. Nach Beendigung einer Wohnungsdurchsuchung und weiterer polizeilicher Ma\u00dfnahmen wurden alle wieder auf freien Fu\u00df gesetzt.<\/p>\n\n\n\n<h2 class=\"wp-block-heading\">(Schifferstadt) &#8211; Komm ins Team \/ Nachwuchswerbung bei der Polizei<\/h2>\n\n\n\n<p>Am <strong>Donnerstag, 20.04.2023, um 18:00 Uhr<\/strong>, gibt die Polizei Schifferstadt, im Waldspitzweg 2, einen Einblick in den spannenden und abwechslungsreichen Job der Polizei. Hierbei geht es unter anderem um die Aufgaben der Polizei, wie der Tagesablauf aussehen kann und welche Einstellungsvoraussetzungen bestehen. Interessierte ab 14 Jahren k\u00f6nnen sich per E-Mail,&nbsp;<a href=\"mailto:pischifferstadt.einstellungen@polizei.rlp.de\">pischifferstadt.einstellungen@polizei.rlp.de<\/a>, oder telefonisch unter 06235 \/ 495-0 anmelden.<\/p>\n\n\n\n<h2 class=\"wp-block-heading\">(Neuhofen) &#8211; Leichte Verletzungen nach Auffahrunfall<\/h2>\n\n\n\n<p>Wohl aufgrund einer Unachtsamkeit fuhr ein 22-j\u00e4hriger Pkw-Fahrer aus Frankenthal am Sonntagabend in der Jahnstra\u00dfe einem verkehrsbedingt wartenden 36-j\u00e4hrigen aus Friedelsheim von hinten auf. Eine 13-j\u00e4hrige Insassin im Fahrzeug des 36-j\u00e4hrigen erlitt hierdurch leichte Verletzungen in Form von Prellungen und Kopfschmerzen. Aufgrund des Zusammensto\u00dfes war das Fahrzeug des Unfallverursachers nicht mehr fahrbereit und musste abgeschleppt werden.<\/p>\n\n\n\n<h2 class=\"wp-block-heading\">(R\u00f6merberg) &#8211; Einbruch in Vereinsheim<\/h2>\n\n\n\n<p>Am 16.04.2023 gegen 06:12 Uhr stellten Berechtigte eines Vereinsheims in der Gro\u00dfe Hohl fest, dass bislang unbekannte T\u00e4ter die Eingangst\u00fcr zum Vereinsheim aufgebrochen haben. Im Innern wurden Spenden im mittleren zweistelligen Bargeldbetrag entwendet und Automaten aufgebrochen. Der Wert des entstandenen Sachschadens liegt ca. im mittelern dreistelligen Eurobereich.<\/p>\n\n\n\n<ul>\n<li><strong>Wer kann Hinweise zu verd\u00e4chtigen Fahrzeugen, Personen machen? Zeugen werden gebeten, sich bei der Polizei Speyer unter Tel. 06232 \/ 137 &#8211; 0 oder per E-Mail an&nbsp;<a href=\"mailto:pispeyer@polizei.rlp.de\">pispeyer@polizei.rlp.de<\/a>&nbsp;zu melden.<\/strong><\/li>\n<\/ul>\n\n\n\n<h2 class=\"wp-block-heading\">(Lingenfeld) &#8211; Auseinandersetzung zwischen mehreren Personen<\/h2>\n\n\n\n<p>Am Sonntagabend wurde die Polizei Germersheim aufgrund einer Auseinandersetzung zwischen mehreren Personen in der Altspeyerer Stra\u00dfe in Lingenfeld alarmiert. Vor Ort stellte sich heraus, dass es innerhalb einer Familie zu handfesten Streitigkeiten kam, in dessen Verlauf zwei Personen leicht verletzt wurden. Zudem wurde ein PKW besch\u00e4digt. Die Polizei hat die entsprechenden Ermittlungen aufgenommen.<\/p>\n\n\n\n<h2 class=\"wp-block-heading\">(Landau) &#8211; Unter Drogeneinfluss mit dem E-Scooter unterwegs<\/h2>\n\n\n\n<p>Weil er mit seinem E-Scooter auf dem Gehweg unterwegs war, wurde am heutigen Morgen ein 50-J\u00e4hriger im S\u00fcdring kontrolliert. W\u00e4hrend der Kontrolle ergaben sich Hinweise auf eine Drogenbeeinflussung. Diese konnten im Anschluss mittels Urintest best\u00e4tigt werden (Amphetamin). Eine Blutprobe wurde entnommen und die Weiterfahrt untersagt. Den Mann erwartet ein Strafverfahren.<\/p>\n\n\n\n<h2 class=\"wp-block-heading\">(Kapsweyer) &#8211; Versuchter Diebstahl eines Wohnmobils<\/h2>\n\n\n\n<p>Im Zeitraum vom 04.04. bis 08.04.23, wurde versucht, ein in der Vogesenstra\u00dfe abgestelltes rotes Wohnmobil der Marke Ford zu entwenden. <\/p>\n\n\n\n<ul>\n<li><strong>Hinweise zu dem\/den T\u00e4tern nimmt die Polizeiinspektion Bad Bergzabern unter 06343\/93340 oder per Email unter&nbsp;<a href=\"mailto:pibadbergzabern@polizei.rlp.de\">pibadbergzabern@polizei.rlp.de<\/a>&nbsp;entgegen.<\/strong><\/li>\n<\/ul>\n\n\n\n<h2 class=\"wp-block-heading\">(Edenkoben) &#8211; Kosmetikartikel auf dem Gartenmarkt gestohlen<\/h2>\n\n\n\n<p>Unbekannte haben in der Nacht von Samstag auf Sonntag (TZ 15.04.2023, 19 Uhr bis 16.04.2023, 8 Uhr) auf dem Ludwigsplatz aus einem Pavillon einen Karton Kosmetikartikel im Wert von \u00fcber 1.000 Euro entwendet. Zur Tatzeit fand der allj\u00e4hrliche Garten- und Pflanzenmarkt statt. Von den T\u00e4tern fehlt jede Spur. <\/p>\n\n\n\n<ul>\n<li><strong>Hinweise nimmt die Polizei Edenkoben unter der Telefonnummer 06323 9550 entgegen.<\/strong><\/li>\n<\/ul>\n\n\n\n<h2 class=\"wp-block-heading\">(Lambrecht) &#8211; Unter Einfluss von Cannabis&#8230;<\/h2>\n\n\n\n<p>&#8230; befuhr ein 19-J\u00e4hriger aus Kaiserslautern am 17.04.2023 um 11:30 Uhr mit seinem PKW die Hauptstra\u00dfe in 67466 Lambrecht\/Pfalz, als er einer Verkehrskontrolle unterzogen wurde. Bei dem Mann konnten im Verlauf der Kontrolle n\u00e4mlich Auff\u00e4lligkeiten festgestellt werden, welche auf eine aktuelle Bet\u00e4ubungsmittelbeeinflussung schlie\u00dfen lie\u00dfen. Ein durchgef\u00fchrter Vortest reagierte letztlich positiv auf die Stoffgruppe THC, weshalb dem Fahrer in der hiesigen Dienststelle eine Blutprobe entnommen wurde. Der Fahrzeugschl\u00fcssel wurde zuvor einem Bekannten \u00fcbergeben. Nun muss sich der junge Mann aus Kaiserslautern in einem Straf-, sowie in einem Ordnungswidrigkeitenverfahren verantworten. Des Weiteren wird die zust\u00e4ndige F\u00fchrerscheinstelle \u00fcber den Vorfall in Kenntnis gesetzt.<\/p>\n\n\n\n<h2 class=\"wp-block-heading\">(Neustadt) &#8211; Versuchter Raub auf Wettb\u00fcro<\/h2>\n\n\n<div class=\"wp-block-image\">\n<figure class=\"aligncenter size-full\"><img decoding=\"async\" loading=\"lazy\" width=\"801\" height=\"600\" src=\"https:\/\/speyer24news.com\/wp-content\/uploads\/2020\/05\/Zeugen-gesucht-Neutral.jpg\" alt=\"\" class=\"wp-image-26598\" srcset=\"https:\/\/speyer24news.com\/wp-content\/uploads\/2020\/05\/Zeugen-gesucht-Neutral.jpg 801w, https:\/\/speyer24news.com\/wp-content\/uploads\/2020\/05\/Zeugen-gesucht-Neutral-300x225.jpg 300w, https:\/\/speyer24news.com\/wp-content\/uploads\/2020\/05\/Zeugen-gesucht-Neutral-768x575.jpg 768w, https:\/\/speyer24news.com\/wp-content\/uploads\/2020\/05\/Zeugen-gesucht-Neutral-678x509.jpg 678w, https:\/\/speyer24news.com\/wp-content\/uploads\/2020\/05\/Zeugen-gesucht-Neutral-326x245.jpg 326w, https:\/\/speyer24news.com\/wp-content\/uploads\/2020\/05\/Zeugen-gesucht-Neutral-80x60.jpg 80w\" sizes=\"(max-width: 801px) 100vw, 801px\" \/><\/figure><\/div>\n\n\n<p>Am Sonntag, den 16.04.2023, kam es gegen 23:45 Uhr zu einem versuchten Raub auf ein Neustadter Wettb\u00fcro in der Fr\u00f6belstra\u00dfe. Als ein Mitarbeiter die Filiale nach Ladenschluss verlie\u00df, erwartete ihn ein bewaffneter T\u00e4ter und versuchte diesen in den Laden zur\u00fcckzudr\u00e4ngen. Da sich der Angegriffene erfolgreich zu Wehr setzen konnte, lie\u00df der T\u00e4ter von ihm ab und fl\u00fcchtete mit einem weiteren Komplizen in Richtung Talstra\u00dfe. <\/p>\n\n\n\n<h4 class=\"wp-block-heading\">Die T\u00e4ter konnten durch den Mitarbeiter des Wettb\u00fcros wie folgt beschrieben werden:<\/h4>\n\n\n\n<ol>\n<li><strong>T\u00e4ter: m\u00e4nnlich, afrikanischer Ph\u00e4notyp, 1,90m, kr\u00e4ftig, dunkle Kleidung, schwarze COVID-Maske<\/strong><\/li>\n\n\n\n<li><strong>T\u00e4ter: m\u00e4nnlich, afrikanischer Ph\u00e4notyp, schlank, schwarze COVID-Maske<\/strong><\/li>\n<\/ol>\n\n\n\n<ul>\n<li><strong>Sachdienliche Hinweise nimmt die Polizei Neustadt unter der Telefonnummer 06321\/854-0 oder per Email&nbsp;<a href=\"mailto:kineustadt@polizei.rlp.de\">kineustadt@polizei.rlp.de<\/a>, so wie auch jede andere Polizeidienststelle entgegen.<\/strong><\/li>\n<\/ul>\n\n\n\n<h2 class=\"wp-block-heading\">(Bad D\u00fcrkheim) &#8211; Zeugensuche nach Verkehrsunfallflucht mit verletzter Fu\u00dfg\u00e4ngerin<\/h2>\n\n\n\n<p>Am Montag, den 17.04.2023, gegen 17:00 war eine 45-j\u00e4hrige Bad D\u00fcrkheimerin fu\u00dfl\u00e4ufig in der &#8222;Schillerstra\u00dfe&#8220; in Richtung &#8222;Gaustra\u00dfe&#8220; unterwegs. Im unteren Bereich der Schillerstra\u00dfe wurde sie pl\u00f6tzlich und unvermittelt von einem bronzefarbenen SUV am rechten Arm touchiert. Der Fahrer des SUV ist ohne Anzuhalten einfach weitergefahren. Die Fu\u00dfg\u00e4ngerin erlitt durch den Zusammensto\u00df starke Schmerzen am rechten Arm, weshalb sie im Krankenhaus medizinisch versorgt werden musste.<\/p>\n\n\n\n<p>Der Fahrer des unfallverursachenden PKW wird gebeten sich bei der Polizei in Bad D\u00fcrkheim zu melden.<\/p>\n\n\n\n<ul>\n<li><strong>Zeugenhinweise nimmt die Polizei Bad D\u00fcrkheim unter der 06322 963-0 oder per Mail an&nbsp;<a href=\"mailto:pibadduerkheim@polizei.rlp.de\">pibadduerkheim@polizei.rlp.de<\/a>&nbsp;entgegen.<\/strong><\/li>\n<\/ul>\n\n\n\n<h2 class=\"wp-block-heading\">(Wattenheim) &#8211; Unter Drogeneinfluss auf gestohlenem Kraftrad unterwegs<\/h2>\n\n\n\n<h3 class=\"wp-block-heading\">Gemeinsame Pressemitteilung der Staatsanwaltschaft Frankenthal (Pfalz) und der Polizeiautobahnstation Ruchheim<\/h3>\n\n\n<div class=\"wp-block-image\">\n<figure class=\"aligncenter size-full\"><img decoding=\"async\" loading=\"lazy\" width=\"800\" height=\"533\" src=\"https:\/\/speyer24news.com\/wp-content\/uploads\/2020\/06\/Zelle.jpg\" alt=\"\" class=\"wp-image-28203\" srcset=\"https:\/\/speyer24news.com\/wp-content\/uploads\/2020\/06\/Zelle.jpg 800w, https:\/\/speyer24news.com\/wp-content\/uploads\/2020\/06\/Zelle-300x200.jpg 300w, https:\/\/speyer24news.com\/wp-content\/uploads\/2020\/06\/Zelle-768x512.jpg 768w\" sizes=\"(max-width: 800px) 100vw, 800px\" \/><figcaption class=\"wp-element-caption\">Beispielbild Zelle \/ Verhaftung, dient lediglich der Visualisierung<\/figcaption><\/figure><\/div>\n\n\n<p>Am 15.04.2023, um 23:55 Uhr, hat ein aufmerksamer Verkehrsteilnehmer einen unsicher fahrenden Kraftradfahrer auf der A6 in Fahrtrichtung Mannheim, kurz nach der Auffahrt Wattenheim, gemeldet. Eine Streife der Polizeiautobahnstation Ruchheim hat den Kraftradfahrer anschlie\u00dfend auf H\u00f6he KM 589,5 festgestellt und einer Verkehrskontrolle unterzogen. Zu Beginn der Kontrolle haben die Beamten bei dem 38-j\u00e4hrigen Fahrzeugf\u00fchrer Anzeichen auf eine aktuelle Drogenbeeinflussung festgestellt. Ein daraufhin durchgef\u00fchrter Urintest reagierte positiv auf Amphetamin, Methamphetamin, Opiate, Kokain sowie Cannabis. Des Weiteren wurde festgestellt, dass das genutzte nicht zugelassene Kraftrad in derselben Nacht vom Eigent\u00fcmer als gestohlen gemeldet wurde. Eine weitere \u00dcberpr\u00fcfung der Person in den polizeilichen Systemen ergab, dass der Fahrer keine Fahrerlaubnis besitzt und ohne festen Wohnsitz ist. Dem Fahrer wurde aufgrund des Verdachts einer Trunkenheitsfahrt auf der Dienststelle eine Blutprobe entnommen. Der Beschuldigte wurde auf Anordnung der Staatsanwaltschaft Frankenthal bis zur Vorf\u00fchrung beim Haftrichter des Amtsgerichts Frankenthal in Gewahrsam genommen. Dieser erlie\u00df am Sonntag, 16.04.2023 auf Antrag der Staatsanwaltschaft Frankenthal Untersuchungshaftbefehl aufgrund Flucht- sowie Wiederholungsgefahr. Der Beschuldigte kam in eine Justizvollzugsanstalt.<\/p>\n\n\n\n<h2 class=\"wp-block-heading\">(Gro\u00dfniedesheim) &#8211; Bedrohungslage<\/h2>\n\n\n<div class=\"wp-block-image\">\n<figure class=\"aligncenter size-full\"><img decoding=\"async\" loading=\"lazy\" width=\"800\" height=\"600\" src=\"https:\/\/speyer24news.com\/wp-content\/uploads\/2021\/04\/SEK-Beispielbild.jpg\" alt=\"\" class=\"wp-image-35457\" srcset=\"https:\/\/speyer24news.com\/wp-content\/uploads\/2021\/04\/SEK-Beispielbild.jpg 800w, https:\/\/speyer24news.com\/wp-content\/uploads\/2021\/04\/SEK-Beispielbild-300x225.jpg 300w, https:\/\/speyer24news.com\/wp-content\/uploads\/2021\/04\/SEK-Beispielbild-768x576.jpg 768w, https:\/\/speyer24news.com\/wp-content\/uploads\/2021\/04\/SEK-Beispielbild-678x509.jpg 678w, https:\/\/speyer24news.com\/wp-content\/uploads\/2021\/04\/SEK-Beispielbild-326x245.jpg 326w, https:\/\/speyer24news.com\/wp-content\/uploads\/2021\/04\/SEK-Beispielbild-80x60.jpg 80w\" sizes=\"(max-width: 800px) 100vw, 800px\" \/><figcaption class=\"wp-element-caption\">Beispielbild eines Sondereinsatzkommandos (SEK) &#8211; Bild dient lediglich der Visualisierung<\/figcaption><\/figure><\/div>\n\n\n<p>Am 16.04.2023, gegen 19.00 Uhr, wurde, nachdem durch die Zeugin und Mutter des Beschuldigten eine Anzeige in Mannheim erstattet hatte, durch die Dienststelle in Mannheim mitgeteilt, dass der Beschuldigte, ein 35-j\u00e4hriger Mann aus Gro\u00dfniedesheim, diese, nach einem verbalen Streit, im Auto, vor dessen derzeitigem Aufenthaltsort in der Hauptstra\u00dfe in Gro\u00dfniedesheim, mit einer Schusswaffe bedroht habe. Nach Entgegennahme des Sachverhaltes und Hinzuziehung von Spezialkr\u00e4ften, wurde der Aufenthaltsort des Beschuldigten mit starken Kr\u00e4ften aufgesucht und er konnte dort widerstandslos festgenommen werden. Die Tatwaffe, eine Schreckschusspistole, konnte ebenfalls bei dem Beschuldigten sichergestellt werden. Nach einer Gef\u00e4hrderansprache und R\u00fccksprache mit der zust\u00e4ndigen Staatsanwaltschaft Frankenthal wurde der Beschuldigte nach Abschluss der polizeilichen Ma\u00dfnahmen wieder auf freien Fu\u00df gesetzt. Bei dem Einsatz wurden der Beschuldigte und ein Polizeibeamter leicht verletzt in Form von Sch\u00fcrfwunden. Gegen den Beschuldigten wurden Verfahren wegen Bedrohung und wegen Versto\u00dfes gegen das Waffengesetzt eingeleitet.<\/p>\n\n\n\n<h2 class=\"wp-block-heading\">(Ludwigshafen) &#8211; Mit Einkaufswagen Pkw besch\u00e4digt<\/h2>\n\n\n\n<p>Ein Unbekannter stie\u00df am Sonntag (16.04.2023), gegen 6.45 Uhr, mit einem Einkaufswagen gegen ein geparktes Auto vor einer B\u00e4ckerei in der Mundenheimer Stra\u00dfe. Im Einkaufswagen sa\u00df noch eine weitere Person. Eine Angestellte der B\u00e4ckerei beobachtete Vorfall und sprach die beiden Personen an. Diese fl\u00fcchteten daraufhin zu Fu\u00df in Richtung Berliner Platz. Am Pkw entstand ein Sachschaden von mindestens 200 Euro. <\/p>\n\n\n\n<ul>\n<li><strong>Beide Personen waren zwischen 18 und 25 Jahre alt. <\/strong><\/li>\n\n\n\n<li><strong>Der Unbekannte, der den Einkaufswagen schob, trug eine beigen Kapuzenpullover und eine schwarze Jogginghose. <\/strong><\/li>\n\n\n\n<li><strong>Die Person im Einkaufswagen war m\u00e4nnlich und komplett dunkel gekleidet <\/strong><\/li>\n<\/ul>\n\n\n\n<ul>\n<li><strong>Sachdienliche Hinweise bitte an die Polizeiinspektion Ludwigshafen 1, Telefonnummer 0621 963-2122 oder per E-Mail&nbsp;<a href=\"mailto:piludwigshafen1@polizei.rlp.de\">piludwigshafen1@polizei.rlp.de<\/a>&nbsp;.<\/strong><\/li>\n<\/ul>\n\n\n\n<h2 class=\"wp-block-heading\">(Mannheim) &#8211; Feuerwerksk\u00f6rper in Turnhalle gez\u00fcndet \/ Zeugen gesucht!<\/h2>\n\n\n\n<p>Am Sonntagnachmittag gegen 18:30 Uhr drangen Unbekannte in die Turnhalle einer Schule in der Mecklenburger Stra\u00dfe ein. Nach derzeitigen Ermittlungen verschafften sich die Unbekannte Zutritt, indem diese die provisorische Holzverkleidung eintraten und somit in die Turnhalle gelangten. Mit einem Werkzeug brachen diese anschlie\u00dfend die Schr\u00e4nke f\u00fcr Sportger\u00e4te auf und z\u00fcndeten einen Feuerwerksk\u00f6rper im Inneren der Turnhalle. Ob es sich hierbei um Jugendliche gehandelt hat, ist derzeit Gegenstand der aktuellen Ermittlungen. Die H\u00f6he des Gesamtschadens kann derzeit noch nicht beziffert werden. Weiterhin wird durch die Ermittler und Ermittlerinnen gepr\u00fcft, ob Gegenst\u00e4nde entwendet wurden. <\/p>\n\n\n\n<ul>\n<li><strong>Das Polizeirevier K\u00e4fertal nimmt Zeugenhinweise, unter der Telefonnummer: 0621 \/ 71849-0, entgegen.<\/strong><\/li>\n<\/ul>\n\n\n\n<h2 class=\"wp-block-heading\">(Mannheim) &#8211; Goldschmuck und mehrere Tausend Euro aus einer Wohnung entwendet. Zeugen gesucht!<\/h2>\n\n\n\n<p>Durch eine bisher unbekannte T\u00e4terschaft wurde in der Zeit zwischen Sonntagmorgen, den 02.04.2023, 05:30 Uhr und Sonntagmittag, 13 Uhr, in eine Wohnung in der Lortzingstra\u00dfe eingebrochen. Auf bislang ungekl\u00e4rtem Wege verschaffte sich eine unbekannte T\u00e4terschaft Zutritt in die Wohnung und entwendete Goldschmuck im Wert von rund 3.000 Euro. Au\u00dferdem nahmen die Unbekannten einen f\u00fcnfstelligen Geldbetrag an sich und fl\u00fcchteten danach in unbekannte Richtung. Durch die Spezialisten und Spezialistinnen f\u00fcr Eigentumsdelikte der Kriminalpolizeidirektion Heidelberg wurden die Ermittlungen wegen Einbruchsdiebstahl aufgenommen.<\/p>\n\n\n\n<ul>\n<li><strong> Zeugen, die das Geschehen beobachten konnten bzw. denen verd\u00e4chtige Personen in der N\u00e4he des Tatorts aufgefallen sind, werden gebeten, sich mit dem Polizeirevier Neckarstadt (Tel: 0621 \/ 3301 &#8211; 0) in Verbindung zu setzen.<\/strong><\/li>\n<\/ul>\n\n\n\n<h2 class=\"wp-block-heading\">(Mannheim) &#8211; Unbekannte T\u00e4ter brechen in Friedrichsfelder Schule ein \/ Zeugen gesucht<\/h2>\n\n\n\n<p>Durch eine bisher unbekannte T\u00e4terschaft wurde zwischen Samstagnachmittag, gegen 15:30 Uhr, und Sonntagmorgen, gegen 9 Uhr in eine Friedrichsfelder Schule in der Neudorfstra\u00dfe eingebrochen. \u00dcber ein Bauger\u00fcst gelangten die Unbekannten an ein offenes Fenster im 1. OG, wodurch sich diese nach derzeitigem Ermittlungsstand Zutritt in das Schulgeb\u00e4ude verschafften. Nachdem die Unbekannten in das Geb\u00e4ude gelangt waren, betraten sie mehrere R\u00e4umlichkeiten, worin sie gewaltsam diverse Schr\u00e4nke aufbrachen und durchw\u00fchlten. Aus einem unverschlossenen Schrank entwendete die T\u00e4terschaft mehrere Elektroger\u00e4te. Bargeld im niedrigen zweistelligen Bereich nahmen die Unbekannten ebenfalls an sich und entfernte sich in unbekannte Richtung. Der Gesamtschaden kann derzeit noch nicht beziffert werden und ist Gegenstand der aktuellen Ermittlungen. <\/p>\n\n\n\n<ul>\n<li><strong>Zeugenhinweise nimmt das Polizeirevier Ladenburg, unter der Tel.: 06203 9305-0 entgegen.<\/strong><\/li>\n<\/ul>\n\n\n\n<h2 class=\"wp-block-heading\">(Mannheim) &#8211; Einbruch in eine Ferienwohnung \/ Diebstahlschaden von \u00fcber 5.000 Euro. Polizei sucht Zeugen!<\/h2>\n\n\n\n<p>Auf noch ungekl\u00e4rte Weise verschaffte sich eine unbekannte T\u00e4terschaft zwischen Samstagabend, um 21:30 Uhr und Sonntagmorgen, gegen 02:15 Uhr, Zutritt in eine Ferienwohnung in der Seckenheimer Hauptstra\u00dfe. In den Wohnr\u00e4umlichkeiten durchw\u00fchlten die Unbekannten s\u00e4mtliche Schr\u00e4nke sowie die Koffer der G\u00e4ste. Folglich nahmen die Unbekannten diverse Elektroger\u00e4te sowie Schmuck der Ferienbewohner an sich und fl\u00fcchteten anschlie\u00dfend in unbekannte Richtung. Der Diebstahlschaden liegt im mittleren vierstelligen Bereich. Durch die Spezialisten und Spezialistinnen f\u00fcr Eigentumsdelikte der Kriminalpolizeidirektion Heidelberg wurden die Ermittlungen wegen Einbruchsdiebstahl aufgenommen. <\/p>\n\n\n\n<ul>\n<li><strong>Zeugen, die das Geschehen beobachten konnten bzw. denen verd\u00e4chtige Personen in der N\u00e4he des Tatorts aufgefallen sind, werden gebeten, sich mit dem Polizeirevier Ladenburg (Tel: 06203 \/ 9305 &#8211; 0) in Verbindung zu setzen.<\/strong><\/li>\n<\/ul>\n\n\n\n<h2 class=\"wp-block-heading\">(Mannheim) &#8211; Golf-Fahrer rast durch Mannheim<\/h2>\n\n\n\n<p>Ein 26-j\u00e4hriger Golf-Fahrer verwechselte offensichtlich am Sonntag, gegen 1 Uhr nachts, die Stra\u00dfe mit einer Rennstrecke. Zun\u00e4chst hielt das Auto an der B44 auf H\u00f6he der Kreuzung Viernheimer Weg an einer roten Ampel. Eine Polizeistreife befand sich zuf\u00e4llig hinter dem PKW. Als die Ampel gr\u00fcn zeigte, beschleunigte der Golf stark und raste in Richtung Luzenberg davon. Trotz eines Tempolimits von 70, \u00fcberholte der Fahrer mehrere Fahrzeuge mit \u00fcber 110 km\/h. Selbst nachdem innerst\u00e4dtisch nur noch 50 km\/h erlaubt waren, drosselte der Golf seine Geschwindigkeit nicht. Auf H\u00f6he der Haltestelle Waldhof-Nord gelang es dann der Polizei das Fahrzeug zu stoppen. \u00dcberzeugende Gr\u00fcnde f\u00fcr seine halsbrecherische und riskante Fahrt, konnte der 26-j\u00e4hrige Fahrer nicht vorbringen.<\/p>\n\n\n\n<p>Ihn erwartet nun wegen der Rennfahrt eine Strafanzeige. Den F\u00fchrerschein ist er zun\u00e4chst auch los.<\/p>\n\n\n\n<ul>\n<li><strong>Personen, die durch die Fahrman\u00f6ver gef\u00e4hrdet oder gen\u00f6tigt wurden, werden gebeten sich beim Polizeirevier Mannheim-Sandhofen, unter der Telefonnummer 0621\/77769-0, zu melden.<\/strong><\/li>\n<\/ul>\n\n\n\n<h2 class=\"wp-block-heading\">(Mannheim-Innenstadt) &#8211; Brand in einem Parkhaus \/ Rettungskr\u00e4fte und Polizei im Einsatz<\/h2>\n\n\n\n<p>Im Moment ist die Feuerwehr und die Polizei aufgrund eines Brandes in einem Parkhaus in der Mannheimer Innenstadt im Quadrat C 2 im Einsatz. N\u00e4here Einzelheiten sind momentan noch nicht bekannt.<\/p>\n\n\n\n<h3 class=\"wp-block-heading has-text-align-center\">Pressemeldung Nr. 2<\/h3>\n\n\n\n<p>Wie bereits berichtet&nbsp;<a href=\"https:\/\/www.presseportal.de\/blaulicht\/pm\/14915\/5487879\" target=\"_blank\" rel=\"noreferrer noopener\">www.presseportal.de\/blaulicht\/pm\/14915\/5487879<\/a>&nbsp;wurde am Montagnachmittag gegen 17:40 Uhr ein Brand in einem Parkhaus in C 2 gemeldet. Noch vor dem Eintreffen der Feuerwehr und der Polizei, konnte der Brandherd (diverser Unrat und Bekleidung) durch drei Zeugen fast vollst\u00e4ndig gel\u00f6scht werden. Die Feuerwehr \u00fcbernahm im Anschluss die endg\u00fcltigen L\u00f6scharbeiten. Um eine gesundheitliche Sch\u00e4digung der drei Personen auszuschlie\u00dfen, wurden sie durch den Rettungsdienst untersucht. Letztendlich entstand gl\u00fccklicherweise lediglich ein Brandschaden von ca. 10.000 Euro am Parkhaus. Es kam zu keinen nennenswerten Beeintr\u00e4chtigungen f\u00fcr den Verkehr. Die Ermittlungen wurden durch das Polizeirevier Mannheim-Innenstadt aufgenommen. Zeugen, die sachdienliche Hinweise zum Brand geben k\u00f6nnen, werden gebeten sich mit dem Revier Mannheim-Innenstadt, Tel.: 0621-12580, in Verbindung zu setzen.<\/p>\n\n\n\n<h2 class=\"wp-block-heading\">(Mannheim-Oststadt) &#8211; Einbruch in Behandlungsr\u00e4ume \/ Zeugenaufruf<\/h2>\n\n\n\n<p>Am Samstag, in der Zeit von 16.50 Uhr auf Sonntag, 17.20 Uhr, hebelten ein oder mehrere unbekannte T\u00e4ter die B\u00fcros und Behandlungszimmer im 1. Stock eines Krankenhauses auf. Hierbei wurden mehrere T\u00fcren aufgehebelt, die dahinter befindlichen R\u00e4ume durchw\u00fchlt. Der Diebstahlschaden ist bislang noch nicht bekannt. Die Spezialisten der Kriminalpolizei wurden zur Spurensicherung herangezogen. Das Polizeirevier Mannheim Oststadt hat die Ermittlungen aufgenommen. <\/p>\n\n\n\n<ul>\n<li><strong>Zeugen, die Angaben zur Tat, dem oder den T\u00e4tern geben k\u00f6nnen, werden gebeten, sich unter Tel.: 0621\/ 174-3310 beim Polizeirevier MA-Oststadt zu melden.<\/strong><\/li>\n<\/ul>\n\n\n\n<h2 class=\"wp-block-heading\">(Heidelberg) &#8211; Pl\u00f6tzlicher Spurwechsel verursacht Unfall \/ Die Polizei sucht Zeugen<\/h2>\n\n\n\n<p>Am Montagmorgen, kurz vor 7 Uhr, fuhr eine 65-J\u00e4hrige mit ihrem Renault auf der Lessingstra\u00dfe in Richtung Hauptbahnhof. Neben ihr, auf der rechten Spur, war ein brauner PKW in gleicher Richtung unterwegs. Urpl\u00f6tzlich zog dieser nach links, so dass die 65-J\u00e4hrige nur durch eine Gefahrenbremsung einen Zusammensto\u00df verhindern konnte. Ein hinter ihr fahrender Skoda kam nicht mehr rechtzeitig zum Stehen und stie\u00df mit dem Renault zusammen. An beiden Fahrzeugen entstand lediglich geringf\u00fcgiger Sachschaden.<\/p>\n\n\n\n<p>Das braune unfallverursachende Auto fuhr nach der Kollision der anderen beiden Fahrzeuge einfach weiter. Die Polizei ermittelt daher wegen Unfallflucht. Marke und Modell des braunen Kombis sind nicht bekannt.<\/p>\n\n\n\n<ul>\n<li><strong>Zeugen, die sachdienliche Hinweise geben k\u00f6nnen, werden gebeten sich beim Polizeirevier Heidelberg-Mitte, unter der Telefonnummer 06221\/1857-0, zu melden.<\/strong><\/li>\n<\/ul>\n\n\n\n<h2 class=\"wp-block-heading\">(Heidelberg) &#8211; Sachbesch\u00e4digung durch mehrere Schmierereien \/ Zeugenaufruf<\/h2>\n\n\n\n<p>Die Mensa sowie die Sporthalle einer Schule in der Stra\u00dfe &#8222;Am Waldrand&#8220; wurden zwischen Freitagmittag, 14 Uhr und Montagmorgen, 7 Uhr durch eine bisher unbekannte T\u00e4terschaft durch diverse Graffitis beschmiert. Der hierbei entstandene Sachschaden wird auf einen Betrag in vierstelliger H\u00f6he gesch\u00e4tzt. <\/p>\n\n\n\n<ul>\n<li><strong>Zeugen, die sachdienliche Hinweise geben k\u00f6nnen, werden gebeten sich bei dem Polizeirevier Heidelberg- S\u00fcd, Tel.: 06221 \/ 3418 -0, zu melden.<\/strong><\/li>\n<\/ul>\n\n\n\n<h2 class=\"wp-block-heading\">(Heidelberg-Schlierbach) &#8211; Verkehrsunfall mit mehreren Fahrzeugen, Lkw umgekippt, drei verletzte Personen<\/h2>\n\n\n\n<p>Am Montag kurz vor 18:30 Uhr wurde der Polizeinotruf \u00fcber einen Verkehrsunfall auf der Schlierbacher Landstra\u00dfe in Heidelberg informiert. Ersten Informationen nach sind drei Fahrzeuge bei dem Verkehrsunfall beteiligt. Ein beteiligter Lkw ist hierbei umgekippt. Feuerwehr, Rettungsdienst und Polizei sind im Einsatz. Momentan ist die Schlierbacher Landstra\u00dfe in Richtung Neckargem\u00fcnd blockiert.<\/p>\n\n\n\n<h3 class=\"wp-block-heading has-text-align-center\">Pressemeldung Nr. 2<\/h3>\n\n\n\n<p>Nach derzeitigem Stand der Ermittlungen fuhr der 22-J\u00e4hrige Klein-LKW Fahrer am 17.04.2023 gegen 18:25 Uhr die Schlierbacher Landstra\u00dfe\/B37 in Richtung Heidelberg. Aus bislang ungekl\u00e4rter Ursache kam er auf gerader Strecke nach rechts von der Fahrbahn ab, prallte auf einer L\u00e4nge von ca. acht Metern auf dort befindlichen Begrenzungssteine und geriet im weiteren Verlauf auf den Radweg. Hier kollidierte er mit einem entgegenkommenden 40-J\u00e4hrigen Radfahrer, der auf dem Kindersitz ein 5-j\u00e4hriges M\u00e4dchen transportierte und durch den Aufprall auf den Asphalt geschleudert wurden. Der LKW selbst blieb auf der rechten Fahrzeugseite zum Liegen. Durch den Rettungsdienst wurden alle drei Personen not\u00e4rztlich erstversorgt und zur weiteren Versorgung in umliegende Krankenh\u00e4user eingeliefert. Der Sachschaden bel\u00e4uft sich auf ca. 40.000 Euro.<\/p>\n\n\n\n<p>Die Fahrbahn musste Zeitweise zur R\u00e4umung der Unfallstelle und Fahrbahnreinigung teilweise vollgesperrt werden und ist nun seit 22:00 Uhr wieder komplett frei. Eine \u00f6rtliche Umleitung wurde betrieben. Trotzdem kam es aufgrund des &#8222;Feierabendverkehrs&#8220; zu gr\u00f6\u00dferen Verkehrsbehinderungen, die sich nach der Freigabe der Fahrbahnen schnell aufl\u00f6ste. Die weiteren Ermittlungen werden durch den Verkehrsdienst Heidelberg durchgef\u00fchrt.<\/p>\n\n\n\n<h2 class=\"wp-block-heading\">(Schwetzingen \/ Rhein-Neckar-Kreis) &#8211; Frontalzusammensto\u00df mit zwei leicht verletzten Personen<\/h2>\n\n\n\n<p>Am Montag kurz nach 16 Uhr kam es aus bislang unbekannter Ursache zu einem Frontalzusammensto\u00df von zwei Fahrzeugen auf der Friedrichsfelder Landstra\u00dfe. Dabei wurden zwei Personen leicht verletzt und vor Ort medizinisch versorgt. Die Polizei sperrte die Unfallstelle zwischen Friedrichsfeld und Schwetzingen auf H\u00f6he der Kleingartenanlage in beide Fahrtrichtungen.<\/p>\n\n\n\n<h3 class=\"wp-block-heading has-text-align-center\">Pressemeldung Nr. 2<\/h3>\n\n\n\n<p>Nach derzeitigem Ermittlungsstand geriet ein 54-J\u00e4hriger Fahrzeugf\u00fchrer eines PKW, VW in einer Rechtskurve auf der Friedrichsfelder Landstra\u00dfe in den Gegenverkehr und stie\u00df hier frontal mit dem PKW, VW der 32-J\u00e4hrigen Unfallgegnerin zusammen. Beide Fahrzeuge kamen neben der Fahrbahn in der dortigen Gr\u00fcnfl\u00e4che zum Stehen. Beide Unfallbeteiligte wurden leicht verletzt und wurden durch den Rettungsdienst in nahe gelegene Krankenh\u00e4user verbracht. Hier wurden sie weiter \u00e4rztlich versorgt. Durch den Zusammensto\u00df entstand Sachschaden an beiden Fahrzeugen von insgesamt ca. 20.000 Euro. Die L597 zwischen Schwetzingen, Friedrichsfelder Stra\u00dfe und Parkplatz &#8222;Dossenwald&#8220; musste im Zeitraum von 16:22 bis 18:25 Uhr vollgesperrt werden. Beide Fahrzeuge waren nicht mehr fahrbereit und mussten abgeschleppt werden. Die weiteren Ermittlungen werden durch den Verkehrsdienst Mannheim durchgef\u00fchrt.<\/p>\n\n\n\n<h2 class=\"wp-block-heading\">(Sandhausen \/ Rhein-Neckar-Kreis) &#8211; Fahrrad aus Garage gestohlen \/ Zeugenaufruf<\/h2>\n\n\n\n<p>Bereits am Freitagabend, gegen 22.30 Uhr, h\u00f6rte ein Hausbesitzer in der Stra\u00dfe &#8222;Am Galgenbuckel&#8220;, dass sein Garagentor aufgeschoben wurde. Er begab sich sofort zu seiner Garage und stellte einen Mann fest, welcher gerade ein Fahrrad aus der Garage entwenden wollte. Der Hausbesitzer forderte den unbekannten Mann auf, das Fahrrad stehen zu lassen. Dies tat der Mann auch und verlie\u00df im Anschluss das Grundst\u00fcck. Als der Hausbesitzer nach einem zweiten, in der Garage abgestellten Fahrrad schauen wollte, stellte er fest, dass dieses entwendet worden war. Der Wert des entwendeten Rades ist bislang nicht bekannt.<\/p>\n\n\n\n<h4 class=\"wp-block-heading\">Der Unbekannte wird folgenderma\u00dfen beschrieben: <\/h4>\n\n\n\n<ul>\n<li><strong>ca. 180 &#8211; 185 cm gro\u00df<\/strong><\/li>\n\n\n\n<li><strong>43-48 Jahre alt<\/strong><\/li>\n\n\n\n<li><strong>osteurop\u00e4isches Erscheinungsbild<\/strong><\/li>\n\n\n\n<li><strong>lange Hose<\/strong><\/li>\n\n\n\n<li><strong>Pullover bzw. Jacke<\/strong><\/li>\n<\/ul>\n\n\n\n<ul>\n<li><strong>Der Polizeiposten Sandhausen hat die Ermittlungen aufgenommen und bittet nun, Zeugen, welche Angaben zu dem unbekannten Mann oder zu der Tathandlung machen k\u00f6nnen, sich beim Polizeiposten Sandhausen zu melden, unter Tel.: 06224\/ 2481<\/strong><\/li>\n<\/ul>\n\n\n\n<h2 class=\"wp-block-heading\">(Hockenheim \/ Rhein-Neckar-Kreis) &#8211; LKW-Fahrer mit 1,08 Promille am Stra\u00dfenverkehr teilgenommen<\/h2>\n\n\n\n<p>Am Sonntagabend gegen 22 Uhr bemerkte ein Verkehrsteilnehmer auf der A 61 in Fahrtrichtung Speyer, einen \u00e4u\u00dferst langsam fahrenden LKW. Au\u00dferdem fuhr der Fahrer des LKW in extremen Schlangenlinien, sodass dieser schlussendlich von der Fahrbahn abkam und schlie\u00dflich am Fahrbahnrand der L722 zum Stehen kam. Die hinzugezogenen Beamten des Polizeireviers Hockenheim konnten bereits bei der Kontaktaufnahme mit dem 48-J\u00e4hrigen starken Alkoholgeruch wahrnehmen. Ein Atemalkoholtest ergab ein Ergebnis von 1,08 Promille, weshalb dem LKW-Fahrer auf dem Polizeirevier eine Blutprobe entnommen wurde. Da der 48-J\u00e4hrige LKW-Fahrer in seinem alkoholisierten Zustand zunehmend aggressiver wurde, musste dieser die Nacht im Polizeigewahrsam verbringen, um dort auszun\u00fcchtern. Der Fahrzeugschl\u00fcssel sowie die Fahrzeugpapiere wurden sichergestellt. Da der Sattelzug am Fahrbahnrad in Schr\u00e4glage geraten war und somit eine Gefahr f\u00fcr den Stra\u00dfenverkehr bedeutete, wurde dieser durch ein Abschleppunternehmen abtransportiert. Der 48-j\u00e4hrige Fahrer muss sich wegen Trunkenheit im Stra\u00dfenverkehr verantworten.<\/p>\n\n\n\n<h2 class=\"wp-block-heading\">(A 6 \/ Gem. Ketsch \/ Rhein-Neckar-Kreis) &#8211; Unfall mit zwei Pkw \/ ein Fahrzeug \u00fcberschl\u00e4gt sich<\/h2>\n\n\n\n<h3 class=\"wp-block-heading has-text-align-center\">Pressemeldung Nr. 2<\/h3>\n\n\n\n<p>Nach bisherigem Ermittlungsstand geriet Sonntagnachmittag ein 18-j\u00e4hriger Fahrer eines PKW aus bisher ungekl\u00e4rter Ursache von seiner Fahrspur ab. Der 18-j\u00e4hrige der auf der Autobahn auf der rechten Fahrspur unterwegs war, geriet zu weit nach links auf die andere Fahrspur und kollidierte dort mit einem anderen Fahrzeug einer 72-j\u00e4hrigen Frau. Beide Fahrzeuge gerieten durch den Zusammensto\u00df ins Schleudern. Der Wagen des 18-j\u00e4hrigen kippte schlie\u00dflich auf die Seite und rutschte letztendlich ca. 100 Meter auf dem Dach bevor der Wagen zum Stillstand kam. Beide Fahrzeugf\u00fchrer wurden nur leicht verletzt, wurden aber zur Sicherheit in ein Krankenhaus zur eingehenden \u00dcberpr\u00fcfung gebracht. Es entstand ein Sachschaden von ca. 18.000 Euro. Die Autobahn musste f\u00fcr dir Dauer von zwei Stunden auf zwei Fahrspuren gesperrt werden. Der Verkehr wurde \u00fcber den Standstreifen am Unfallort vorbeigeleitet.<\/p>\n\n\n\n<h2 class=\"wp-block-heading\">(Wiesloch \/ Rhein-Neckar-Kreis) &#8211; Zahlreiche Farbschmierereien in der Wieslocher Innenstadt<\/h2>\n\n\n\n<p>Ein Zeuge beobachtete am Samstag, kurz nach Mitternacht, wie f\u00fcnf dunkel gekleidete und vermummte Jugendliche die Baiertaler Stra\u00dfe entlang zogen und Grafftis spr\u00fchten. An Fassaden und Verkehrszeichen sowie einem M\u00fclleimer und einem Stromverteilerkasten, konnten Schmierereien in den Farben lila, schwarz, wei\u00df und gr\u00fcn festgestellt werden. Die vom Zeugen alarmierte Polizei fahndete sofort nach den T\u00e4tern. Ein 17-j\u00e4hriger Tatverd\u00e4chtiger wurde vorl\u00e4ufig festgenommen. Bei ihm fanden die Ermittlerinnen und Ermittler zahlreiche Graffiti-Utensilien. Anschlie\u00dfend informierten die Beamtinnen und Beamten des Polizeireviers Wiesloch die Mutter, die ihren Sohn schlie\u00dflich abholte.<\/p>\n\n\n\n<p>Die Polizei ermittelt nun gegen den 17-J\u00e4hrigen und seinen bislang unbekannten Mitt\u00e4tern wegen gemeinsch\u00e4dlicher Sachbesch\u00e4digung.<\/p>\n\n\n\n<ul>\n<li><strong>Zeugen, die sachdienliche Hinweise geben k\u00f6nnen, oder Gesch\u00e4digte der Farbschmierereien, werden gebeten sich beim Polizeirevier Wiesloch, unter der Telefonnummer 06222\/5709-0, zu melden.<\/strong><\/li>\n<\/ul>\n\n\n\n<h2 class=\"wp-block-heading\">(Dielheim \/ Rhein-Neckar-Kreis) &#8211; Br\u00fcckenwerfer auf A6 \/ Drei Autos besch\u00e4digt.<\/h2>\n\n\n\n<p>Gro\u00dfes Gl\u00fcck hatte ein 56-j\u00e4hriger BMW-Fahrer, der am Sonntag, gegen 15 Uhr, auf der A6 von Rauenberg in Richtung Sinsheim unterwegs gewesen war. Eine unbekannte T\u00e4terschaft warf einen nicht mehr bestimmbaren Gegenstand von der Br\u00fccke der K4271 zwischen Tairnbach und Horrenberg auf die Autobahn. Das Wurfgeschoss traf den BMW und zerst\u00f6rte den r\u00fcckw\u00e4rtigen Bereich des Panoramadachs. Die Splitter wurden nach hinten auf einen BMW und einen Mercedes geschleudert. An beiden Fahrzeugen entstand gro\u00dffl\u00e4chiger Lackschaden. Zum Gl\u00fcck wurde niemand verletzt, aber der erhebliche Schaden wird mit knapp 17.000 Euro beziffert.<\/p>\n\n\n\n<p>Die Polizei hat die Ermittlungen wegen des gef\u00e4hrlichen Eingriffs in den Stra\u00dfenverkehr aufgenommen.<\/p>\n\n\n\n<ul>\n<li><strong>Zeugen, die sachdienliche Hinweise geben k\u00f6nnen, werden gebeten sich beim Verkehrsdienst Walldorf, unter der Telefonnummer 06227\/35826-0, zu melden.<\/strong><\/li>\n<\/ul>\n\n\n\n<h2 class=\"wp-block-heading\">(Dielheim \/ Rhein-Neckar-Kreis) &#8211; Farbschmierereien<\/h2>\n\n\n\n<p>Eine Spur der Verw\u00fcstung hinterlie\u00dfen Vandalen in der Nacht von Samstag auf Sonntag in Dielheim. Von der Z\u00e4hringer Stra\u00dfe \u00fcber die Panoramastra\u00dfe bis hin zur Schillerstra\u00dfe wurden Hausfassaden, Stromk\u00e4sten und Verkehrszeichen mit zahlreichen lilafarbenen Graffitis verunstaltet.<\/p>\n\n\n\n<p>Auch am Sportplatz fanden sich an einem Wohnwagen Schmierereien in lila. Zeugen hatten dort gegen 4 Uhr eine Gruppe gr\u00f6hlender Jugendlicher beobachtet.<\/p>\n\n\n\n<p>Ob diese als Verursacher der Graffitis in Frage kommen und ob die Taten im Zusammenhang mit den Farbschmierereien in Wiesloch stehen, ist Gegenstand der polizeilichen Ermittlungen. (siehe:&nbsp;<a target=\"_blank\" rel=\"noreferrer noopener\" href=\"https:\/\/www.presseportal.de\/blaulicht\/pm\/14915\/5487722\">https:\/\/www.presseportal.de\/blaulicht\/pm\/14915\/5487722<\/a>)<\/p>\n\n\n\n<ul>\n<li><strong>Zeugen, die sachdienliche Hinweise geben k\u00f6nnen, oder Gesch\u00e4digte der Farbschmierereien, werden gebeten sich beim Polizeirevier Wiesloch, unter der Telefonnummer 06222\/5709-0, zu melden.<\/strong><\/li>\n<\/ul>\n\n\n\n<h2 class=\"wp-block-heading\">(Sinsheim \/ Rhein-Neckar-Kreis) &#8211; Schwei\u00dfroboter und Schwei\u00dfanlage aus einer Lagerhalle entwendet \/ Gesamtschaden von \u00fcber 140.000 Euro- Zeugen gesucht!<\/h2>\n\n\n<div class=\"wp-block-image\">\n<figure class=\"aligncenter size-full\"><img decoding=\"async\" loading=\"lazy\" width=\"640\" height=\"427\" src=\"https:\/\/speyer24news.com\/wp-content\/uploads\/2019\/10\/Einbruch.jpg\" alt=\"\" class=\"wp-image-20518\" srcset=\"https:\/\/speyer24news.com\/wp-content\/uploads\/2019\/10\/Einbruch.jpg 640w, https:\/\/speyer24news.com\/wp-content\/uploads\/2019\/10\/Einbruch-300x200.jpg 300w\" sizes=\"(max-width: 640px) 100vw, 640px\" \/><\/figure><\/div>\n\n\n<p>Eine bisher noch unbekannte T\u00e4terschaft suchte in der Zeit von Samstagmittag, 12:30 Uhr und Montagmorgen, 05:45 Uhr ein Firmengesch\u00e4ft in der Stra\u00dfe &#8222;Am Leitzelbach&#8220; auf. Die Unbekannten verschafften sich \u00fcber die r\u00fcckw\u00e4rtigen Geb\u00e4udeseite Zutritt und schlugen dort mit einem unbekannten Gegenstand die Fensterscheibe ein. Nachdem es die T\u00e4terschaft in die B\u00fcror\u00e4umlichkeit geschafft hatten durchw\u00fchlten diese mehrere Schubladen. Neben einem Aktenvernichter nahmen die Unbekannten zwei Schwei\u00dfroboter sowie die dazugeh\u00f6rigen Schwei\u00dfanlagen an sich und entfernten sich in unbekannte Richtung. Da es sich bei den Ger\u00e4tschaften um massive Anlagen handelte, wird nach derzeitigem Ermittlungsstand von mehreren T\u00e4tern ausgegangen. Vermutlich wurde das Diebesgut zudem mit einem Fahrzeug abtransportiert.<\/p>\n\n\n\n<p>Der Diebstahlschaden bel\u00e4uft sich auf \u00fcber 140.000 Euro. Der hierbei entstandene Sachschaden kann derzeit noch nicht beziffert werden.<\/p>\n\n\n\n<p>Die Spezialisten und Spezialistinnen f\u00fcr Eigentumsdelikte sowie die zentrale Kriminaltechnik der Kriminalpolizeidirektion Heidelberg haben die Ermittlungen \u00fcbernommen. <\/p>\n\n\n\n<ul>\n<li><strong>Sollten Zeugen verd\u00e4chtige Personen oder Fahrzeuge in Tatortn\u00e4he aufgefallen sein, so werden diese gebeten sich bei dem Polizeirevier Sinsheim, unter der Rufnummer 07261 \/ 690-0, zu melden.<\/strong><\/li>\n<\/ul>\n\n\n\n<p><\/p>\n","protected":false},"excerpt":{"rendered":"<div class=\"mh-excerpt\"><p>Polizeimeldungen vom Montag (17.04.2023) (Otterstadt) &#8211; Katalysatoren entwendet \/ Tatverd\u00e4chtige ermittelt Am fr\u00fchen Sonntagmorgen konnten drei mutma\u00dfliche T\u00e4ter nach einem Diebstahl von Katalysatoren in Otterstadt durch die Polizei festgestellt werden. Gegen 05:35 Uhr verst\u00e4ndigte ein <a class=\"mh-excerpt-more\" href=\"https:\/\/speyer24news.com\/?p=51718\" title=\"Polizeimeldungen Montag (17.04.2023)\">[&#8230;]<\/a><\/p>\n<\/div>","protected":false},"author":3,"featured_media":26162,"comment_status":"open","ping_status":"open","sticky":false,"template":"","format":"standard","meta":{"_monsterinsights_skip_tracking":false,"_monsterinsights_sitenote_active":false,"_monsterinsights_sitenote_note":"","_monsterinsights_sitenote_category":0,"footnotes":""},"categories":[15659],"tags":[7243,7244,3614,350,14537,15084,15267,14538,15361,15845,702,61,2555,6955,6986,6263,63,105,11150,6987,53,4854,13534,4683,1548,4905,11592,102,13626,213,14325,14324,13553,13541,55,8277,6368,5261,103,106,2803,2423,427,2625,380,62,104,979,1565],"aioseo_notices":[],"amp_enabled":true,"_links":{"self":[{"href":"https:\/\/speyer24news.com\/index.php?rest_route=\/wp\/v2\/posts\/51718"}],"collection":[{"href":"https:\/\/speyer24news.com\/index.php?rest_route=\/wp\/v2\/posts"}],"about":[{"href":"https:\/\/speyer24news.com\/index.php?rest_route=\/wp\/v2\/types\/post"}],"author":[{"embeddable":true,"href":"https:\/\/speyer24news.com\/index.php?rest_route=\/wp\/v2\/users\/3"}],"replies":[{"embeddable":true,"href":"https:\/\/speyer24news.com\/index.php?rest_route=%2Fwp%2Fv2%2Fcomments&post=51718"}],"version-history":[{"count":2,"href":"https:\/\/speyer24news.com\/index.php?rest_route=\/wp\/v2\/posts\/51718\/revisions"}],"predecessor-version":[{"id":51721,"href":"https:\/\/speyer24news.com\/index.php?rest_route=\/wp\/v2\/posts\/51718\/revisions\/51721"}],"wp:featuredmedia":[{"embeddable":true,"href":"https:\/\/speyer24news.com\/index.php?rest_route=\/wp\/v2\/media\/26162"}],"wp:attachment":[{"href":"https:\/\/speyer24news.com\/index.php?rest_route=%2Fwp%2Fv2%2Fmedia&parent=51718"}],"wp:term":[{"taxonomy":"category","embeddable":true,"href":"https:\/\/speyer24news.com\/index.php?rest_route=%2Fwp%2Fv2%2Fcategories&post=51718"},{"taxonomy":"post_tag","embeddable":true,"href":"https:\/\/speyer24news.com\/index.php?rest_route=%2Fwp%2Fv2%2Ftags&post=51718"}],"curies":[{"name":"wp","href":"https:\/\/api.w.org\/{rel}","templated":true}]}}