{"id":51728,"date":"2023-04-19T07:37:13","date_gmt":"2023-04-19T06:37:13","guid":{"rendered":"https:\/\/speyer24news.com\/?p=51728"},"modified":"2023-04-19T13:59:52","modified_gmt":"2023-04-19T12:59:52","slug":"speyer-neues-corporate-design-und-fanlogo","status":"publish","type":"post","link":"https:\/\/speyer24news.com\/?p=51728","title":{"rendered":"Speyer \/ Neues Corporate Design und Fanlogo"},"content":{"rendered":"<style type=\"text\/css\">\r\n\t.ads_top_disp{}\r\n\t.ads_top_corner_disp{ float:left; margin:0px 10px 10px 0px; }\r\n\t.ads_first_p_disp{}\r\n\t.ads_bottom_disp{}\r\n\t<\/style>\n<h2 class=\"wp-block-heading\">Speyer liegt uns am Herzen: Neues Design f\u00fcr Verwaltung, B\u00fcrgerschaft und G\u00e4ste<\/h2>\n\n\n<div class=\"wp-block-image\">\n<figure class=\"aligncenter size-full\"><img decoding=\"async\" loading=\"lazy\" width=\"800\" height=\"533\" src=\"https:\/\/speyer24news.com\/wp-content\/uploads\/2023\/04\/CD_Stadt-Speyer_Praesentation.jpg\" alt=\"\" class=\"wp-image-51729\" srcset=\"https:\/\/speyer24news.com\/wp-content\/uploads\/2023\/04\/CD_Stadt-Speyer_Praesentation.jpg 800w, https:\/\/speyer24news.com\/wp-content\/uploads\/2023\/04\/CD_Stadt-Speyer_Praesentation-300x200.jpg 300w, https:\/\/speyer24news.com\/wp-content\/uploads\/2023\/04\/CD_Stadt-Speyer_Praesentation-768x512.jpg 768w\" sizes=\"(max-width: 800px) 100vw, 800px\" \/><\/figure><\/div>\n\n\n<p>Die Stadtverwaltung Speyer darf sich \u00fcber ein neues Corporate Design freuen! K\u00fcnftig wird mit einem einheitlichen, zeitgem\u00e4\u00dfen Erscheinungsbild kommuniziert, das die Stadt sowie ihre B\u00fcrgerschaft widerspiegelt und f\u00fcr G\u00e4ste einen hohen Wiedererkennungswert stiftet.<\/p>\n\n\n\n<p>Ein Corporate Design fungiert als Visitenkarte eines Unternehmens beziehungsweise einer Beh\u00f6rde f\u00fcr die Kommunikation von innen nach au\u00dfen. Die bisherigen Gestaltungsgrundlagen der Kommunikationsmittel der Stadtverwaltung Speyer stammen aus den 1990er Jahren und entsprechen aufgrund der rasanten Entwicklung neuer Medienformate nicht mehr den heutigen Anforderungen.<\/p>\n\n\n\n<p>Dieses wurde gemeinsam mit der renommierten Trierer Agentur markenmut. AG entwickelt, welche sich bei einem im Jahr 2022 gestarteten Ausschreibungsprozess gegen 17 Agenturen aus der ganzen Bundesrepublik durchsetzen konnte und die besten Entw\u00fcrfe ausgearbeitet hatte.<\/p>\n\n\n\n<p>Ab sofort sind bei Neuauflagen Flyer, Brosch\u00fcren, Plakate sowie Briefe und Bescheide, kurz: s\u00e4mtliche Kommunikationsmittel aus den verschiedenen Fachabteilungen der Verwaltung in sich geschlossen, sodass auf einen Blick erkennbar ist: Hier spricht die Stadtverwaltung Speyer.<\/p>\n\n\n\n<p>Die Formensprache der nachhaltig produzierten Kommunikationsmittel ist dabei in ihren geometrischen Grundelementen an die Komponenten des vielf\u00e4ltigen und zugleich einzigartigen Stadtlebens mit zwei Weltkulturerbest\u00e4tten angelehnt. So findet sich neben Elementen aus der Architektur des Speyerer Domes, dem Wahrzeichen unserer Stadt, ebenso die Menora, als Sinnbild f\u00fcr das bedeutende j\u00fcdische Erbe. Dar\u00fcber hinaus darf das Speyerer Lieblingsgeb\u00e4ck, die Brezel, selbstverst\u00e4ndlich nicht fehlen.<\/p>\n\n\n\n<h3 class=\"wp-block-heading\">Optimierung des bestehenden Stadt-Logos<\/h3>\n\n\n<div class=\"wp-block-image\">\n<figure class=\"aligncenter size-full\"><img decoding=\"async\" loading=\"lazy\" width=\"754\" height=\"277\" src=\"https:\/\/speyer24news.com\/wp-content\/uploads\/2023\/04\/Speyer-Logo-neu-alt.jpg\" alt=\"\" class=\"wp-image-51730\" srcset=\"https:\/\/speyer24news.com\/wp-content\/uploads\/2023\/04\/Speyer-Logo-neu-alt.jpg 754w, https:\/\/speyer24news.com\/wp-content\/uploads\/2023\/04\/Speyer-Logo-neu-alt-300x110.jpg 300w\" sizes=\"(max-width: 754px) 100vw, 754px\" \/><figcaption class=\"wp-element-caption\">Links das neue Corporate Design Logo und rechts das Logo aus dem Jahr 1990.<\/figcaption><\/figure><\/div>\n\n\n<p>Im Zuge der Design-Optimierung wurde als wesentliches Element einer Corporate Identity auch das Speyerer Stadt-Logo leicht angepasst, sodass dieses eine stimmige Komponente im Design darstellt, zugleich aber im Vergleich zu Logos anderer Verwaltungen an Pr\u00e4gnanz gewinnt. Ohne dass der Grundcharakter des bisherigen Stadt-Logos ver\u00e4ndert wurde, f\u00fchrt das modernere und luftigere Erscheinungsbild des weiterentwickelten Logos dazu, dass es leichter als die filigrane Strichzeichnung aus den 1990er Jahren f\u00fcr alle Anwendungen der Print- und Digitalkommunikation einsetzbar ist und an Sichtbarkeit gewinnt. Dazu tr\u00e4gt auch eine reduzierte Farbigkeit bei, wobei das \u201eSpeyer Blau\u201c als Konstante zum bisher verwendeten Blauton bestehen bleibt und mit warmen Farben wie dem \u201eVita Rot\u201c, bekannt aus dem Speyerer Stadtbild, sowie dem \u201eDom Gold\u201c kombiniert ist. Der eindr\u00fcckliche Schriftzug harmoniert dabei mit der Bildmarke und setzt den Stadtnamen selbstbewusst in Szene.<\/p>\n\n\n\n<h3 class=\"wp-block-heading\">Neuentwicklung eines Fan-Logos der Stadt Speyer<\/h3>\n\n\n<div class=\"wp-block-image\">\n<figure class=\"aligncenter size-full\"><img decoding=\"async\" loading=\"lazy\" width=\"525\" height=\"525\" src=\"https:\/\/speyer24news.com\/wp-content\/uploads\/2023\/04\/337713637_927149638487054_7989739862034725469_n.png\" alt=\"\" class=\"wp-image-51731\" srcset=\"https:\/\/speyer24news.com\/wp-content\/uploads\/2023\/04\/337713637_927149638487054_7989739862034725469_n.png 525w, https:\/\/speyer24news.com\/wp-content\/uploads\/2023\/04\/337713637_927149638487054_7989739862034725469_n-300x300.png 300w, https:\/\/speyer24news.com\/wp-content\/uploads\/2023\/04\/337713637_927149638487054_7989739862034725469_n-150x150.png 150w\" sizes=\"(max-width: 525px) 100vw, 525px\" \/><\/figure><\/div>\n\n\n<p>F\u00fcr die B\u00fcrgerschaft, Vereine und Institutionen, die sich mit ihrer Stadt identifizieren und dies \u00fcber das Tragen eines Speyerer Logos ausdr\u00fccken m\u00f6chten, wurde eigens ein Fan-Logo entwickelt, welches das offizielle Stadt-Logo auch gestalterisch erg\u00e4nzt. Dieses spricht die Menschen emotional an und stellt eine gelebte Verbindung zur Stadt Speyer her. Die Bildmarke \u2013 eine Herzbrezel \u2013 erhebt sich aus dem Schriftzug des St\u00e4dtenamens, sodass hier das Geb\u00e4ck der Speyerer Herzen spricht.<\/p>\n\n\n\n<p>\u201eMit dem Fan-Logo kann jede und jeder zeigen, dass die Stadt ihr oder ihm am Herzen liegt. Dieses dr\u00fcckt wie das gesamte Design pure Lebensfreude aus und passt somit hervorragend zu unserer Stadt. In Verbindung mit dem Stadt-Logo der Verwaltung wird so das Wir-Gef\u00fchl hier in Speyer noch weiter gest\u00e4rkt\u201c, freut sich Oberb\u00fcrgermeisterin Stefanie Seiler.<\/p>\n\n\n\n<p>Ab dem 30. Juni 2023 k\u00f6nnen Privatpersonen, Speyerer Vereine, Institutionen oder Unternehmen das Fan-Logo zu nicht-kommerziellen Zwecken auf der Speyerer Homepage unter&nbsp;<a href=\"https:\/\/deref-web.de\/mail\/client\/h490SJX_NBE\/dereferrer\/?redirectUrl=http%3A%2F%2Fwww.speyer.de%2Ffanlogo\" target=\"_blank\" rel=\"noreferrer noopener\">www.speyer.de\/fanlogo<\/a>&nbsp;herunterladen und so ihre Verbundenheit zur Stadt zum Ausdruck bringen. Im Gegensatz zum Fan-Logo signalisiert das Stadt-Logo, welches nur von der Verwaltung genutzt werden darf, dass hier ein Amt der Stadt Speyer aktiv ist. Somit ist das Stadt-Logo zur Nutzung f\u00fcr andere Zwecke untersagt und einzig der Verwaltung vorbehalten.<\/p>\n\n\n\n<h3 class=\"wp-block-heading\">Claim-Wettbewerb: Stadt sucht Spruch zum Fan-Logo und ruft zum Mitmachen auf<\/h3>\n\n\n<div class=\"wp-block-image\">\n<figure class=\"aligncenter size-full\"><img decoding=\"async\" loading=\"lazy\" width=\"800\" height=\"592\" src=\"https:\/\/speyer24news.com\/wp-content\/uploads\/2023\/04\/CD_Stadt-Speyer_Praesentation-Kopie.jpg\" alt=\"\" class=\"wp-image-51732\" srcset=\"https:\/\/speyer24news.com\/wp-content\/uploads\/2023\/04\/CD_Stadt-Speyer_Praesentation-Kopie.jpg 800w, https:\/\/speyer24news.com\/wp-content\/uploads\/2023\/04\/CD_Stadt-Speyer_Praesentation-Kopie-300x222.jpg 300w, https:\/\/speyer24news.com\/wp-content\/uploads\/2023\/04\/CD_Stadt-Speyer_Praesentation-Kopie-768x568.jpg 768w, https:\/\/speyer24news.com\/wp-content\/uploads\/2023\/04\/CD_Stadt-Speyer_Praesentation-Kopie-80x60.jpg 80w\" sizes=\"(max-width: 800px) 100vw, 800px\" \/><\/figure><\/div>\n\n\n<p>Das Fan-Logo lebt von der Begeisterung der Menschen, die es tragen. In einem Wettbewerb sucht die Stadt daher nach einem Spruch, der das Fan-Logo k\u00fcnftig erg\u00e4nzen kann. Vorschl\u00e4ge aus der B\u00fcrgerschaft f\u00fcr einen Spruch zum neuen Fan-Logo k\u00f6nnen unter&nbsp;<a href=\"https:\/\/deref-web.de\/mail\/client\/h490SJX_NBE\/dereferrer\/?redirectUrl=http%3A%2F%2Fwww.speyer.de%2Ffanlogo\" target=\"_blank\" rel=\"noreferrer noopener\">www.speyer.de\/fanlogo<\/a>&nbsp;eingereicht werden.<\/p>\n\n\n\n<p>Im Rahmen der B\u00fcrgerbeteiligung zur Claim-Suche werden zudem Postkarten im Stadtgebiet verteilt, auf deren R\u00fcckseite Ideen f\u00fcr einen Logo-begleitenden Spruch eingetragen werden k\u00f6nnen.<\/p>\n\n\n\n<p>Die Teilnahme online oder per Postkarte ist m\u00f6glich bis zum 16. Mai 2023. Unter allen Einsendungen w\u00e4hlt eine Jury die drei besten Vorschl\u00e4ge aus. Aus diesen wiederum k\u00f6nnen alle Interessierten ab dem 30. Mai 2023 unter&nbsp;<a href=\"https:\/\/deref-web.de\/mail\/client\/h490SJX_NBE\/dereferrer\/?redirectUrl=http%3A%2F%2Fwww.speyer.de%2Ffanlogo\" target=\"_blank\" rel=\"noreferrer noopener\">www.speyer.de\/fanlogo<\/a>&nbsp;ihren Favoriten w\u00e4hlen. &nbsp;&nbsp;&nbsp;&nbsp;<\/p>\n\n\n\n<p>Der Siegerspruch wird am 30. Juni 2023 im Rahmen des B\u00fcrgerschaftsempfangs im Au\u00dfenbereich der Stadthalle bekannt gegeben. &nbsp;&nbsp;&nbsp;&nbsp;&nbsp;&nbsp;&nbsp;&nbsp;&nbsp;&nbsp;&nbsp;<\/p>\n\n\n\n<p>Zudem werden die drei besten Vorschl\u00e4ge mit einem Preis ausgezeichnet, die von der Stabstelle Wirtschaftsf\u00f6rderung \/ Messen &amp; M\u00e4rkte, den Stadtwerken Speyer sowie dem Caf\u00e9 Schlosser zur Verf\u00fcgung gestellt werden.<\/p>\n\n\n\n<p>Weitere Informationen sind unter&nbsp;<a href=\"https:\/\/deref-web.de\/mail\/client\/kB_uTNLqEjk\/dereferrer\/?redirectUrl=http%3A%2F%2Fwww.speyer.de%2Fcorporate-design\" target=\"_blank\" rel=\"noreferrer noopener\">www.speyer.de\/corporate-design<\/a>&nbsp;abrufbar.<\/p>\n\n\n\n<p><em>Text: Stadtverwaltung Speyer Foto: \u00a9 Stadt Speyer<br>18.04.2023<\/em><\/p>\n\n\n\n<h2 class=\"wp-block-heading\">Alles Neu macht der Mai oder versp\u00e4teter Aprilscherz?<\/h2>\n\n\n\n<h3 class=\"wp-block-heading\">Ein Kommentar von Daniel Kemmerich zum neuen Corporate Design und dessen damit verbundenen Kosten<\/h3>\n\n\n<div class=\"wp-block-image\">\n<figure class=\"aligncenter size-full\"><img decoding=\"async\" loading=\"lazy\" width=\"800\" height=\"590\" src=\"https:\/\/speyer24news.com\/wp-content\/uploads\/2022\/05\/Speyer-Logo.jpeg\" alt=\"\" class=\"wp-image-46477\" srcset=\"https:\/\/speyer24news.com\/wp-content\/uploads\/2022\/05\/Speyer-Logo.jpeg 800w, https:\/\/speyer24news.com\/wp-content\/uploads\/2022\/05\/Speyer-Logo-300x221.jpeg 300w, https:\/\/speyer24news.com\/wp-content\/uploads\/2022\/05\/Speyer-Logo-768x566.jpeg 768w, https:\/\/speyer24news.com\/wp-content\/uploads\/2022\/05\/Speyer-Logo-80x60.jpeg 80w\" sizes=\"(max-width: 800px) 100vw, 800px\" \/><\/figure><\/div>\n\n\n<p>Nun hat die Stadt Speyer also doch noch ihr neues Logo bekommen. Hatte seinerzeit ja Oberb\u00fcrgermeister Hans-J\u00f6rg Eger bereits vorgehabt, das beliebte Logo zu \u00e4ndern und war daran, nicht nur am massiven Widerstand der Bev\u00f6lkerung, gescheitert&#8230; hat es nun die Stadtverwaltung geschafft, quasi unbemerkt und durch die Hintert\u00fcr, ein neues Logo zu etablieren.<\/p>\n\n\n\n<p>Dieses hat die Trierer Agentur markenmut AG konzipiert und entworfen. F\u00fcr diese Arbeit stehen alleine 45.000.- \u20ac auf der Ausgabenseite&#8230; betrachtet man die \u00c4nderungen, wundert man sich, warum nicht eine\/r der \u00fcber 1.000 st\u00e4dtischen Mitarbeiter\/innen zu dieser \u00c4nderung imstande war, sondern dass eine externe Agentur hierf\u00fcr Geld erh\u00e4lt.<\/p>\n\n\n\n<p>Eine wirkliche Neuerung stellt das leicht ver\u00e4nderte Logo ja nun (zum Gl\u00fcck) wirklich nicht dar&#8230; und das Fanlogo&#8230; ,eine stilisierte Brezel, erinnert stark an das Herzlogo eines gro\u00dfen Eisproduzenten aus Heppenheim.<\/p>\n\n\n\n<p>Die Kosten f\u00fcr den Designentwurf sollen sich aber angeblich schnell wieder amortisieren, so eine Aussage der Stadt Speyer, da nun Druckauftr\u00e4ge nicht mehr unbedingt extern vergeben werden m\u00fcssen, sondern intern, von jemanden der \u00fcber 1.000 st\u00e4dtischen Angestellten, erledigt werden kann. Im \u00dcbrigen etwas, wo wir uns schon immer gewundert haben, warum dies bei St\u00e4dten wie bspw. Landau (im \u00fcbrigen mit deutlich weniger Angestellten) schon lange intern erledigt wird, w\u00e4hrend wir hierf\u00fcr teure externe Dienstleister nutzen.<\/p>\n\n\n\n<p><strong><em>\u201eNaja, wir sparen mit dem neuen Corporate Design mittelfristig sogar recht viel Geld. Durch Vorlagen f\u00fcr die Mitarbeiterschaft m\u00fcssen n\u00e4mlich nicht mehr so viele Grafikauftr\u00e4ge f\u00fcr Flyer, etc. an externe Agenturen vergeben werden. Die 45.000 Euro werden wir also schnell wieder drin haben. Gr\u00fc\u00dfe Ihr speyer.de-Team\u201c<\/em><\/strong><\/p>\n\n\n\n<p>In jedem Fall hat unsere Oberb\u00fcrgermeisterin geschafft, woran ihr Vorg\u00e4nger gescheitert ist&#8230; sich ein weiteres Zeichen setzen zu k\u00f6nnen. Mit dem im Text ja bereits beschriebenen B\u00fcrgerempfang, welcher den beliebten Neujahrsempfang ersetzt, ist ja ein weiterer Punkt auf ihrer Habenseite zu verbuchen. Und die neue Br\u00fccke, unweit der bestehenden Fu\u00dfg\u00e4ngerunterf\u00fchrung, zum neuen Wohngebiet Priesterseminar \/ Lidl&#8230; in Speyer ja bereits gerne \u201eSeilerbr\u00fccke\u201c genannt, ist auch in absehbarer Zeit fertiggestellt.<\/p>\n\n\n\n<p>Sein wir mal gespannt, welche neue Schildb\u00fcrgeraktionen uns noch k\u00fcnftig \u00fcberraschen werden&#8230;<\/p>\n\n\n\n<p><em>19.04.2023<\/em><\/p>\n","protected":false},"excerpt":{"rendered":"<div class=\"mh-excerpt\"><p>Speyer liegt uns am Herzen: Neues Design f\u00fcr Verwaltung, B\u00fcrgerschaft und G\u00e4ste Die Stadtverwaltung Speyer darf sich \u00fcber ein neues Corporate Design freuen! K\u00fcnftig wird mit einem einheitlichen, zeitgem\u00e4\u00dfen Erscheinungsbild kommuniziert, das die Stadt sowie <a class=\"mh-excerpt-more\" href=\"https:\/\/speyer24news.com\/?p=51728\" title=\"Speyer \/ Neues Corporate Design und Fanlogo\">[&#8230;]<\/a><\/p>\n<\/div>","protected":false},"author":3,"featured_media":46477,"comment_status":"open","ping_status":"open","sticky":false,"template":"","format":"standard","meta":{"_monsterinsights_skip_tracking":false,"_monsterinsights_sitenote_active":false,"_monsterinsights_sitenote_note":"","_monsterinsights_sitenote_category":0,"footnotes":""},"categories":[9],"tags":[14858,15988,15989,699,6,15986,15987],"aioseo_notices":[],"amp_enabled":true,"_links":{"self":[{"href":"https:\/\/speyer24news.com\/index.php?rest_route=\/wp\/v2\/posts\/51728"}],"collection":[{"href":"https:\/\/speyer24news.com\/index.php?rest_route=\/wp\/v2\/posts"}],"about":[{"href":"https:\/\/speyer24news.com\/index.php?rest_route=\/wp\/v2\/types\/post"}],"author":[{"embeddable":true,"href":"https:\/\/speyer24news.com\/index.php?rest_route=\/wp\/v2\/users\/3"}],"replies":[{"embeddable":true,"href":"https:\/\/speyer24news.com\/index.php?rest_route=%2Fwp%2Fv2%2Fcomments&post=51728"}],"version-history":[{"count":3,"href":"https:\/\/speyer24news.com\/index.php?rest_route=\/wp\/v2\/posts\/51728\/revisions"}],"predecessor-version":[{"id":51758,"href":"https:\/\/speyer24news.com\/index.php?rest_route=\/wp\/v2\/posts\/51728\/revisions\/51758"}],"wp:featuredmedia":[{"embeddable":true,"href":"https:\/\/speyer24news.com\/index.php?rest_route=\/wp\/v2\/media\/46477"}],"wp:attachment":[{"href":"https:\/\/speyer24news.com\/index.php?rest_route=%2Fwp%2Fv2%2Fmedia&parent=51728"}],"wp:term":[{"taxonomy":"category","embeddable":true,"href":"https:\/\/speyer24news.com\/index.php?rest_route=%2Fwp%2Fv2%2Fcategories&post=51728"},{"taxonomy":"post_tag","embeddable":true,"href":"https:\/\/speyer24news.com\/index.php?rest_route=%2Fwp%2Fv2%2Ftags&post=51728"}],"curies":[{"name":"wp","href":"https:\/\/api.w.org\/{rel}","templated":true}]}}