{"id":51741,"date":"2023-04-19T08:11:50","date_gmt":"2023-04-19T07:11:50","guid":{"rendered":"https:\/\/speyer24news.com\/?p=51741"},"modified":"2023-04-19T08:11:51","modified_gmt":"2023-04-19T07:11:51","slug":"speyer-aktuell-63","status":"publish","type":"post","link":"https:\/\/speyer24news.com\/?p=51741","title":{"rendered":"Speyer \/ Aktuell"},"content":{"rendered":"<style type=\"text\/css\">\r\n\t.ads_top_disp{}\r\n\t.ads_top_corner_disp{ float:left; margin:0px 10px 10px 0px; }\r\n\t.ads_first_p_disp{}\r\n\t.ads_bottom_disp{}\r\n\t<\/style>\n<h2 class=\"wp-block-heading\">Kapelle im Adenauerpark f\u00fcr Eheschlie\u00dfungen wieder ge\u00f6ffnet \u2013 Tag der Traukapelle am 19. April 2023<\/h2>\n\n\n<div class=\"wp-block-image\">\n<figure class=\"aligncenter size-full\"><img decoding=\"async\" loading=\"lazy\" width=\"800\" height=\"532\" src=\"https:\/\/speyer24news.com\/wp-content\/uploads\/2023\/04\/2017-Adenauerpark-AlbersGepting01-Klaus-Venus.jpg\" alt=\"\" class=\"wp-image-51742\" srcset=\"https:\/\/speyer24news.com\/wp-content\/uploads\/2023\/04\/2017-Adenauerpark-AlbersGepting01-Klaus-Venus.jpg 800w, https:\/\/speyer24news.com\/wp-content\/uploads\/2023\/04\/2017-Adenauerpark-AlbersGepting01-Klaus-Venus-300x200.jpg 300w, https:\/\/speyer24news.com\/wp-content\/uploads\/2023\/04\/2017-Adenauerpark-AlbersGepting01-Klaus-Venus-768x511.jpg 768w\" sizes=\"(max-width: 800px) 100vw, 800px\" \/><figcaption class=\"wp-element-caption\">Au\u00dfenansicht der Traukapelle im Adenauerpark.<br><em>Foto: Klaus Venus<\/em><\/figcaption><\/figure><\/div>\n\n\n<p>Nach einer pandemiebedingten Pause von \u00fcber drei Jahre freut sich das Standesamt der Stadt Speyer in diesem Jahr in der gotischen Kapelle im Adenauerpark wieder standesamtliche Trauungen anbieten zu k\u00f6nnen. An drei Samstagen im Mai, Juni und Juli\u00a0 werden in der Traukapelle je vier Brautpaare heiraten. Die Termine hierf\u00fcr waren aufgrund der hohen Nachfrage bereits fr\u00fchzeitig vergeben. Zur Vorbereitung auf die Hochzeitssaison 2024 k\u00f6nnen sich interessierte Brautpaare aber am<strong> \u201eTag der offenen Traukapelle\u201c am Mittwoch, 19. April 2023, von 13.00 bis 17.00 Uhr <\/strong>beim Team des Standesamtes \u00fcber die mit rund 100 Sitzpl\u00e4tzen best\u00fcckte, besondere Trau\u00f6rtlichkeit informieren.<\/p>\n\n\n\n<p>Bei Brezeln und Getr\u00e4nken sind Paare, die im kommenden Jahr im Adenauerpark heiraten m\u00f6chten, sowie alle interessierten G\u00e4ste herzlich eingeladen, eine Blick, in die \u00e4lteste gotische Kapelle in Speyer aus dem Jahr 1516 zu werfen und sich von der ganz besonderen Atmosph\u00e4re verzaubern zu lassen. Die drei Standesbeamtinnen G\u00fcl Cil, Julia Slouma und Siri H\u00e4u\u00dfler sowie der Leiter des Standesamtes, Hartmut Joss\u00e9, die in der Traukapelle das Ehegel\u00fcbde abnehmen, sind vor Ort und stehen f\u00fcr Fragen, Tipps und Infos zur Verf\u00fcgung.<\/p>\n\n\n<div class=\"wp-block-image\">\n<figure class=\"aligncenter size-full\"><img decoding=\"async\" loading=\"lazy\" width=\"800\" height=\"489\" src=\"https:\/\/speyer24news.com\/wp-content\/uploads\/2023\/04\/2019-Traukapelle-Adenauerpark-Peter-Wilking.jpg\" alt=\"\" class=\"wp-image-51743\" srcset=\"https:\/\/speyer24news.com\/wp-content\/uploads\/2023\/04\/2019-Traukapelle-Adenauerpark-Peter-Wilking.jpg 800w, https:\/\/speyer24news.com\/wp-content\/uploads\/2023\/04\/2019-Traukapelle-Adenauerpark-Peter-Wilking-300x183.jpg 300w, https:\/\/speyer24news.com\/wp-content\/uploads\/2023\/04\/2019-Traukapelle-Adenauerpark-Peter-Wilking-768x469.jpg 768w\" sizes=\"(max-width: 800px) 100vw, 800px\" \/><figcaption class=\"wp-element-caption\">Blick in die Traukapelle im Adenauerpark. <br><em>Foto: Peter Wilking<\/em><\/figcaption><\/figure><\/div>\n\n\n<p>Das Standesamt der Stadt Speyer bietet seit elf Jahren Trauungen in der Traukapelle im Adenauerpark an und hat seit 2009 in der Kapelle \u00fcber 300 Paaren ins Ehegl\u00fcck verholfen. Weitere Informationen zum Thema Heiraten in Speyer gibt es unter&nbsp;<a href=\"https:\/\/deref-web.de\/mail\/client\/5saIH8yg8W4\/dereferrer\/?redirectUrl=http%3A%2F%2Fwww.speyer.de%2Fheiraten\" target=\"_blank\" rel=\"noreferrer noopener\">www.speyer.de\/heiraten<\/a>. Termine f\u00fcr Trauungen k\u00f6nnen im Online-Traukalender bis zu 12 Monaten im Voraus reserviert werden.<\/p>\n\n\n\n<p><em>Text: Stadtverwaltung Speyer Foto: (1) Klaus Venus; (2) Peter Wilking<br>19.04.2023<\/em><\/p>\n","protected":false},"excerpt":{"rendered":"<div class=\"mh-excerpt\"><p>Kapelle im Adenauerpark f\u00fcr Eheschlie\u00dfungen wieder ge\u00f6ffnet \u2013 Tag der Traukapelle am 19. April 2023 Nach einer pandemiebedingten Pause von \u00fcber drei Jahre freut sich das Standesamt der Stadt Speyer in diesem Jahr in der <a class=\"mh-excerpt-more\" href=\"https:\/\/speyer24news.com\/?p=51741\" title=\"Speyer \/ Aktuell\">[&#8230;]<\/a><\/p>\n<\/div>","protected":false},"author":3,"featured_media":46477,"comment_status":"open","ping_status":"open","sticky":false,"template":"","format":"standard","meta":{"_monsterinsights_skip_tracking":false,"_monsterinsights_sitenote_active":false,"_monsterinsights_sitenote_note":"","_monsterinsights_sitenote_category":0,"footnotes":""},"categories":[9],"tags":[6044,15992,15993,6,15994,15991,15990],"aioseo_notices":[],"amp_enabled":true,"_links":{"self":[{"href":"https:\/\/speyer24news.com\/index.php?rest_route=\/wp\/v2\/posts\/51741"}],"collection":[{"href":"https:\/\/speyer24news.com\/index.php?rest_route=\/wp\/v2\/posts"}],"about":[{"href":"https:\/\/speyer24news.com\/index.php?rest_route=\/wp\/v2\/types\/post"}],"author":[{"embeddable":true,"href":"https:\/\/speyer24news.com\/index.php?rest_route=\/wp\/v2\/users\/3"}],"replies":[{"embeddable":true,"href":"https:\/\/speyer24news.com\/index.php?rest_route=%2Fwp%2Fv2%2Fcomments&post=51741"}],"version-history":[{"count":1,"href":"https:\/\/speyer24news.com\/index.php?rest_route=\/wp\/v2\/posts\/51741\/revisions"}],"predecessor-version":[{"id":51744,"href":"https:\/\/speyer24news.com\/index.php?rest_route=\/wp\/v2\/posts\/51741\/revisions\/51744"}],"wp:featuredmedia":[{"embeddable":true,"href":"https:\/\/speyer24news.com\/index.php?rest_route=\/wp\/v2\/media\/46477"}],"wp:attachment":[{"href":"https:\/\/speyer24news.com\/index.php?rest_route=%2Fwp%2Fv2%2Fmedia&parent=51741"}],"wp:term":[{"taxonomy":"category","embeddable":true,"href":"https:\/\/speyer24news.com\/index.php?rest_route=%2Fwp%2Fv2%2Fcategories&post=51741"},{"taxonomy":"post_tag","embeddable":true,"href":"https:\/\/speyer24news.com\/index.php?rest_route=%2Fwp%2Fv2%2Ftags&post=51741"}],"curies":[{"name":"wp","href":"https:\/\/api.w.org\/{rel}","templated":true}]}}