{"id":51869,"date":"2023-04-20T08:56:39","date_gmt":"2023-04-20T07:56:39","guid":{"rendered":"https:\/\/speyer24news.com\/?p=51869"},"modified":"2023-04-20T08:56:40","modified_gmt":"2023-04-20T07:56:40","slug":"mannheim-freizeit-2","status":"publish","type":"post","link":"https:\/\/speyer24news.com\/?p=51869","title":{"rendered":"Mannheim \/ Freizeit"},"content":{"rendered":"<style type=\"text\/css\">\r\n\t.ads_top_disp{}\r\n\t.ads_top_corner_disp{ float:left; margin:0px 10px 10px 0px; }\r\n\t.ads_first_p_disp{}\r\n\t.ads_bottom_disp{}\r\n\t<\/style>\n<h2 class=\"wp-block-heading\">Maimarkt Mannheim: Volles Programm!<\/h2>\n\n\n\n<h3 class=\"wp-block-heading\">Vom 29. April bis 9. Mai bietet Deutschlands gr\u00f6\u00dfte Regionalmesse ein vielseitiges, informatives und unterhaltsames Programm f\u00fcr die ganze Familie: Spitzen-Reitsport, Politiker und Medienstars hautnah, Wissenswertes aus Medizin und Handwerk verst\u00e4ndlich erkl\u00e4rt \u2013 und viel zum Mitmachen!<\/h3>\n\n\n<div class=\"wp-block-image\">\n<figure class=\"aligncenter size-full\"><img decoding=\"async\" loading=\"lazy\" width=\"640\" height=\"480\" src=\"https:\/\/speyer24news.com\/wp-content\/uploads\/2019\/03\/Maimarkt-Eingang.jpg\" alt=\"\" class=\"wp-image-10700\" srcset=\"https:\/\/speyer24news.com\/wp-content\/uploads\/2019\/03\/Maimarkt-Eingang.jpg 640w, https:\/\/speyer24news.com\/wp-content\/uploads\/2019\/03\/Maimarkt-Eingang-300x225.jpg 300w, https:\/\/speyer24news.com\/wp-content\/uploads\/2019\/03\/Maimarkt-Eingang-326x245.jpg 326w, https:\/\/speyer24news.com\/wp-content\/uploads\/2019\/03\/Maimarkt-Eingang-80x60.jpg 80w\" sizes=\"(max-width: 640px) 100vw, 640px\" \/><\/figure><\/div>\n\n\n<p>Was gibt es Neues \u2013 zu kaufen, zu sehen, zu erfahren und zu erleben? Nicht nur die gro\u00dfe Produktvielfalt auf dem Mannheimer Maimarkt begeistert die BesucherInnen, sondern auch die vielen Informationen, die den Alltag bequemer, ges\u00fcnder und nachhaltiger machen. In pers\u00f6nlichen Gespr\u00e4chen, beim Ausprobieren und in zahlreichen Mitmachaktionen lernt man oft spielerisch, die Steuererkl\u00e4rung zu machen, die Wohnung gegen Einbruch zu sichern oder gesunde, abwechslungsreiche Pausensnacks in die Vesperbox zu packen. Der Maimarkt Mannheim ist vom 29. April bis 9. Mai t\u00e4glich von 9 bis 18 Uhr ge\u00f6ffnet. Das tagesaktuelle Maimarkt-Programm ist unter\u00a0<a href=\"https:\/\/deref-web.de\/mail\/client\/j4t_bYAMK3g\/dereferrer\/?redirectUrl=http%3A%2F%2Fwww.maimarkt.de\" target=\"_blank\" rel=\"noreferrer noopener\">www.maimarkt.de<\/a>\u00a0abrufbar.<\/p>\n\n\n\n<p><strong>Politik.<\/strong>\u00a0Volksvertreter aus der N\u00e4he erlebt man am 29. April um 10 Uhr im Festzelt, wenn Festredner Peter Hauk, Minister f\u00fcr Ern\u00e4hrung, L\u00e4ndlichen Raum und Verbraucherschutz Baden-W\u00fcrttemberg, Mannheims Oberb\u00fcrgermeister Dr. Peter Kurz und Landesvizebauernpr\u00e4sident J\u00fcrgen Maurer den Maimarkt offiziell er\u00f6ffnen. Beim Fr\u00fchschoppen des Kurpf\u00e4lzer Mittelstandes am Sonntag, 7. Mai, 10.30 Uhr, spricht Baden-W\u00fcrttembergs Innenminister Thomas Strobl \u00fcber das Thema \u201eStarker Mittelstand \u2013 Starkes Land\u201c. Vier Mannheimer OB-Kandidaten stellen sich am 1. Mai am RNF Action Truck im Talk vor, und in Halle 26 l\u00e4dt die FDP Kurpfalz an mehreren Tagen zum B\u00fcrgerdialog mit Abgeordneten.<\/p>\n\n\n<div class=\"wp-block-image\">\n<figure class=\"aligncenter size-full\"><img decoding=\"async\" loading=\"lazy\" width=\"800\" height=\"554\" src=\"https:\/\/speyer24news.com\/wp-content\/uploads\/2023\/04\/DSC02231.jpg\" alt=\"\" class=\"wp-image-51870\" srcset=\"https:\/\/speyer24news.com\/wp-content\/uploads\/2023\/04\/DSC02231.jpg 800w, https:\/\/speyer24news.com\/wp-content\/uploads\/2023\/04\/DSC02231-300x208.jpg 300w, https:\/\/speyer24news.com\/wp-content\/uploads\/2023\/04\/DSC02231-768x532.jpg 768w\" sizes=\"(max-width: 800px) 100vw, 800px\" \/><\/figure><\/div>\n\n\n<p><strong>Show im Festzelt.&nbsp;<\/strong>Gleichgesinnte treffen und sich gemeinsam unterhalten lassen: Beim Tag der LandFrau am 2. Mai ab 10 Uhr bringt der Kurpf\u00e4lzer MundArtist Christian Chako Habekost das Publikum mit einem Beschd-Of-Programm seiner bekanntesten Nummern von Dutt bis Dubbeglas und einem Ausschnitt aus seinem aktuellen Programm \u201eLive Is \u00c4 Comedy\u201c zum Lachen. Bei der Maimarkt-Matinee \u201eFroh und Heiter\u201c ist S\u00e4ngerin Jeanette Friedrich zu Gast, die in dem Mannheimer Musical \u201eEin Lied kann eine Br\u00fccke sein\u201c die Hauptrolle spielt. Ebenfalls auf der B\u00fchne sind die Rheinauer Seeb\u00e4ren mit ihren Seemannsliedern und der Entertainer Alois Wiehl.<\/p>\n\n\n<div class=\"wp-block-image\">\n<figure class=\"alignright size-full\"><img decoding=\"async\" loading=\"lazy\" width=\"535\" height=\"550\" src=\"https:\/\/speyer24news.com\/wp-content\/uploads\/2023\/04\/Chako_Habekost_Portrait.jpg\" alt=\"\" class=\"wp-image-51871\" srcset=\"https:\/\/speyer24news.com\/wp-content\/uploads\/2023\/04\/Chako_Habekost_Portrait.jpg 535w, https:\/\/speyer24news.com\/wp-content\/uploads\/2023\/04\/Chako_Habekost_Portrait-292x300.jpg 292w\" sizes=\"(max-width: 535px) 100vw, 535px\" \/><\/figure><\/div>\n\n\n<p><strong>Mikro, Kamera, B\u00fchne.<\/strong>\u00a0Auch Promis aus den Medien tummeln sich auf dem Maimarkt. Im Gl\u00e4sernen Studio des SWR kann man die Lieblings-ModeratorInnen mit ihren G\u00e4sten aus Musik und Kultur treffen. Die beliebte SWR1-Leute-Sendung mit Moderator Nabil Atassi wird am 3. Mai live vom Maimarkt gesendet.\u00a0\u201eAb vor die Kamera!\u201c hei\u00dft es im RNF-Maimarkt-Studio: Hier d\u00fcrfen die BesucherInnen ihre Fernsehtauglichkeit vor einer Greenbox und auf der Moderationscouch testen. AutorInnen und B\u00fchnenstars aus der Region kann man auf der Kulturb\u00fchne in Halle 16 zuschauen und lauschen, zum Beispiel dem Kinderchor des Nationaltheaters Mannheim am 29. April. An den St\u00e4nden von SAP Arena und TSG 1899 Hoffenheim gibt es Autogramme von Eishockey- und Fu\u00dfballprofis.<\/p>\n\n\n<div class=\"wp-block-image\">\n<figure class=\"alignleft size-full\"><img decoding=\"async\" loading=\"lazy\" width=\"375\" height=\"500\" src=\"https:\/\/speyer24news.com\/wp-content\/uploads\/2023\/04\/Maimarkt_2017_Rettungsdienste_Hundestaffel_CB_5D2A7313-2.jpg\" alt=\"\" class=\"wp-image-51872\" srcset=\"https:\/\/speyer24news.com\/wp-content\/uploads\/2023\/04\/Maimarkt_2017_Rettungsdienste_Hundestaffel_CB_5D2A7313-2.jpg 375w, https:\/\/speyer24news.com\/wp-content\/uploads\/2023\/04\/Maimarkt_2017_Rettungsdienste_Hundestaffel_CB_5D2A7313-2-225x300.jpg 225w\" sizes=\"(max-width: 375px) 100vw, 375px\" \/><\/figure><\/div>\n\n\n<p><strong>Medizin hautnah.&nbsp;<\/strong>Schon mal ein Auge von innen betrachtet? Das begehbare Auge steht bis 4. Mai in Halle 26. Schilddr\u00fcse, Bluthochdruck, Arthrose und vieles mehr: Vom 5. bis 9. Mai geben dort \u00fcber 40 hochkar\u00e4tige MedizinerInnen in kurzen, verst\u00e4ndlichen Vortr\u00e4gen Auskunft \u00fcber Pr\u00e4vention, Diagnose und Therapie von Volkskrankheiten und stehen f\u00fcr Fragen zur Verf\u00fcgung. Am Stand des Uniklinikums Mannheim in Halle 10 k\u00f6nnen die BesucherInnen unter anderem ihre Standfestigkeit im Balance-Check \u00fcberpr\u00fcfen, Gewebeproben im Mikroskop betrachten und Reanimation an einer \u00dcbungspuppe ausprobieren.<\/p>\n\n\n\n<p><strong>Stars auf vier Beinen.\u00a0<\/strong>Ziegen, Pferde, K\u00fche: Die Vielfalt der Rassen und ihre Eigenschaften werden bei den Vorf\u00fchrungen auf dem Turnierplatz gezeigt und erkl\u00e4rt. S\u00fc\u00df: Kinder pr\u00e4sentieren ihre K\u00e4lber beim Vorf\u00fchrwettbewerb am 30. April. Wundersch\u00f6n anzusehen sind die eleganten Vollblut-Araber vom Haupt- und Landgest\u00fct Marbach, die mit wallenden M\u00e4hnen \u00fcber den Turnierplatz galoppieren. Ein besonderes Highlight erwartet die BesucherInnen am 30. April (10.30 bis 12 Uhr und 15 bis 16.30 Uhr) sowie am 2. Mai von 12.30 bis 14 Uhr: In einer beeindruckenden Vorf\u00fchrung zeigen die Polizeireiterstaffel und die Polizeihundef\u00fchrerstaffel mit Ausz\u00fcgen aus ihrem Ausbildungsprogramm, wie Mensch und Tier in Gefahrensituationen zusammenarbeiten. Rettungshunde und ihre AusbilderInnen zeigen am 29. und 30. April sowie am 6. Mai im Freigel\u00e4nde 07 ihr K\u00f6nnen. Wer den eigenen Hund mit zum Maimarkt bringt, darf mit ihm in der Sonderschau \u201eUnser Hund\u201c durch den Hindernisparcours laufen.<\/p>\n\n\n\n<figure class=\"wp-block-image size-full\"><img decoding=\"async\" loading=\"lazy\" width=\"800\" height=\"600\" src=\"https:\/\/speyer24news.com\/wp-content\/uploads\/2023\/04\/DSC02407.jpg\" alt=\"\" class=\"wp-image-51874\" srcset=\"https:\/\/speyer24news.com\/wp-content\/uploads\/2023\/04\/DSC02407.jpg 800w, https:\/\/speyer24news.com\/wp-content\/uploads\/2023\/04\/DSC02407-300x225.jpg 300w, https:\/\/speyer24news.com\/wp-content\/uploads\/2023\/04\/DSC02407-768x576.jpg 768w, https:\/\/speyer24news.com\/wp-content\/uploads\/2023\/04\/DSC02407-678x509.jpg 678w, https:\/\/speyer24news.com\/wp-content\/uploads\/2023\/04\/DSC02407-326x245.jpg 326w, https:\/\/speyer24news.com\/wp-content\/uploads\/2023\/04\/DSC02407-80x60.jpg 80w\" sizes=\"(max-width: 800px) 100vw, 800px\" \/><\/figure>\n\n\n\n<p><strong>Mitmachen.&nbsp;<\/strong>Wie f\u00fchlt es sich an, mit der Spritzpistole zu hantierenoder auf einer Werkstattstra\u00dfe das Elektrohandwerk zu \u201ebe-greifen\u201c? Das erfahren Sch\u00fclerInnen bei der Beruferallye in der Halle des Handwerks. Zum Kerzengie\u00dfen laden die Imker in Halle 44 an den Wochenenden ein. Beim Handwerkerdreikampf in Halle 40 kann man mit etwas Gl\u00fcck praktische Ger\u00e4te f\u00fcr die Heimwerkstatt gewinnen. Die Kriminaltechnik der Polizei l\u00e4sst an ihrem Stand Kinder und Jugendliche selbst Spuren sichern und bereitet dazu einen kleinen Tatort vor. Fu\u00dfballgolf, Bubble-Fu\u00dfball, Outdoorgames: Auf dem Aktionsfeld im Freigel\u00e4nde 11 k\u00f6nnen Kinder und Jugendliche unter Anleitung der Profis neue Sportarten ausprobieren. Das Programm dort umfasst auch Kinderschminken und Jugendworkshops z.B. zum Thema Streetwork. Und wer gerne mal richtig auf die Pauke, besser gesagt, Djembe hauen m\u00f6chte, hat bei den Trommelworkshops im Afrikanischen Dorf t\u00e4glich dazu Gelegenheit.<\/p>\n\n\n<div class=\"wp-block-image\">\n<figure class=\"aligncenter size-full\"><img decoding=\"async\" loading=\"lazy\" width=\"640\" height=\"427\" src=\"https:\/\/speyer24news.com\/wp-content\/uploads\/2023\/04\/Maimarkt_2017_Reitturnier_CB_5D2A8478.jpg\" alt=\"\" class=\"wp-image-51873\" srcset=\"https:\/\/speyer24news.com\/wp-content\/uploads\/2023\/04\/Maimarkt_2017_Reitturnier_CB_5D2A8478.jpg 640w, https:\/\/speyer24news.com\/wp-content\/uploads\/2023\/04\/Maimarkt_2017_Reitturnier_CB_5D2A8478-300x200.jpg 300w\" sizes=\"(max-width: 640px) 100vw, 640px\" \/><\/figure><\/div>\n\n\n<p><strong>Spitzen-Reitsport<\/strong>.\u00a0Das 59. Maimarkt-Turnier bringt Springen, Dressur und Para-Dressur der Spitzenklasse. Highlights sind das Maimarkt-Championat am 6. Mai, der Longines EEF Nationenpreis mit internationalen Springreiter-Teams am 7. Mai sowie Die Badenia \u2013 Gro\u00dfer Preis der MVV am abschlie\u00dfenden Maimarkt-Dienstag. Die Dressurpr\u00fcfungen finden an drei Tagen statt. Perfekte Harmonie zeigen auch die behinderten SportreiterInnen bei der Para-Dressur vom 4. bis 6. Mai.<\/p>\n\n\n\n<h3 class=\"wp-block-heading\">info:<\/h3>\n\n\n\n<p><strong>Maimarkt Mannheim<\/strong><\/p>\n\n\n\n<p>29. April bis 9. Mai, t\u00e4glich von 9 bis 18 Uhr ge\u00f6ffnet<\/p>\n\n\n\n<p>Weitere Infos, das aktuelle Tagesprogramm sowie Tipps f\u00fcr Kinder unter\u00a0<a href=\"https:\/\/deref-web.de\/mail\/client\/j4t_bYAMK3g\/dereferrer\/?redirectUrl=http%3A%2F%2Fwww.maimarkt.de\" target=\"_blank\" rel=\"noreferrer noopener\">www.maimarkt.de<\/a><\/p>\n\n\n\n<p><em>MAG Mannheimer Ausstellungs-GmbH<br>20.04.2023<\/em><\/p>\n","protected":false},"excerpt":{"rendered":"<div class=\"mh-excerpt\"><p>Maimarkt Mannheim: Volles Programm! Vom 29. April bis 9. Mai bietet Deutschlands gr\u00f6\u00dfte Regionalmesse ein vielseitiges, informatives und unterhaltsames Programm f\u00fcr die ganze Familie: Spitzen-Reitsport, Politiker und Medienstars hautnah, Wissenswertes aus Medizin und Handwerk verst\u00e4ndlich <a class=\"mh-excerpt-more\" href=\"https:\/\/speyer24news.com\/?p=51869\" title=\"Mannheim \/ Freizeit\">[&#8230;]<\/a><\/p>\n<\/div>","protected":false},"author":3,"featured_media":25881,"comment_status":"open","ping_status":"open","sticky":false,"template":"","format":"standard","meta":{"_monsterinsights_skip_tracking":false,"_monsterinsights_sitenote_active":false,"_monsterinsights_sitenote_note":"","_monsterinsights_sitenote_category":0,"footnotes":""},"categories":[11,6753],"tags":[578,16027,16025,16026,589,590,16022,56,13723,664,16028,16023,16024],"aioseo_notices":[],"amp_enabled":true,"_links":{"self":[{"href":"https:\/\/speyer24news.com\/index.php?rest_route=\/wp\/v2\/posts\/51869"}],"collection":[{"href":"https:\/\/speyer24news.com\/index.php?rest_route=\/wp\/v2\/posts"}],"about":[{"href":"https:\/\/speyer24news.com\/index.php?rest_route=\/wp\/v2\/types\/post"}],"author":[{"embeddable":true,"href":"https:\/\/speyer24news.com\/index.php?rest_route=\/wp\/v2\/users\/3"}],"replies":[{"embeddable":true,"href":"https:\/\/speyer24news.com\/index.php?rest_route=%2Fwp%2Fv2%2Fcomments&post=51869"}],"version-history":[{"count":1,"href":"https:\/\/speyer24news.com\/index.php?rest_route=\/wp\/v2\/posts\/51869\/revisions"}],"predecessor-version":[{"id":51875,"href":"https:\/\/speyer24news.com\/index.php?rest_route=\/wp\/v2\/posts\/51869\/revisions\/51875"}],"wp:featuredmedia":[{"embeddable":true,"href":"https:\/\/speyer24news.com\/index.php?rest_route=\/wp\/v2\/media\/25881"}],"wp:attachment":[{"href":"https:\/\/speyer24news.com\/index.php?rest_route=%2Fwp%2Fv2%2Fmedia&parent=51869"}],"wp:term":[{"taxonomy":"category","embeddable":true,"href":"https:\/\/speyer24news.com\/index.php?rest_route=%2Fwp%2Fv2%2Fcategories&post=51869"},{"taxonomy":"post_tag","embeddable":true,"href":"https:\/\/speyer24news.com\/index.php?rest_route=%2Fwp%2Fv2%2Ftags&post=51869"}],"curies":[{"name":"wp","href":"https:\/\/api.w.org\/{rel}","templated":true}]}}