{"id":51886,"date":"2023-04-22T07:38:44","date_gmt":"2023-04-22T06:38:44","guid":{"rendered":"https:\/\/speyer24news.com\/?p=51886"},"modified":"2023-04-23T07:47:06","modified_gmt":"2023-04-23T06:47:06","slug":"spargelstich-dudenhofen-mit-prominenz","status":"publish","type":"post","link":"https:\/\/speyer24news.com\/?p=51886","title":{"rendered":"Spargelstich Dudenhofen mit Prominenz"},"content":{"rendered":"<style type=\"text\/css\">\r\n\t.ads_top_disp{}\r\n\t.ads_top_corner_disp{ float:left; margin:0px 10px 10px 0px; }\r\n\t.ads_first_p_disp{}\r\n\t.ads_bottom_disp{}\r\n\t<\/style>\n<h2 class=\"wp-block-heading\">Jubil\u00e4ums-Spargelstich an zwei Orten<\/h2>\n\n\n\n<h3 class=\"wp-block-heading\">Pfalz.Marketing zeichnet Spitzenkoch Martin Scharff aus \/ Preisverleihung auf der Bundesgartenschau in Mannheim<\/h3>\n\n\n<div class=\"wp-block-image\">\n<figure class=\"aligncenter size-full\"><img decoding=\"async\" loading=\"lazy\" width=\"800\" height=\"600\" src=\"https:\/\/speyer24news.com\/wp-content\/uploads\/2023\/04\/Spargelanstich-Dudenhofen-30.jpg\" alt=\"\" class=\"wp-image-51916\" srcset=\"https:\/\/speyer24news.com\/wp-content\/uploads\/2023\/04\/Spargelanstich-Dudenhofen-30.jpg 800w, https:\/\/speyer24news.com\/wp-content\/uploads\/2023\/04\/Spargelanstich-Dudenhofen-30-300x225.jpg 300w, https:\/\/speyer24news.com\/wp-content\/uploads\/2023\/04\/Spargelanstich-Dudenhofen-30-768x576.jpg 768w, https:\/\/speyer24news.com\/wp-content\/uploads\/2023\/04\/Spargelanstich-Dudenhofen-30-678x509.jpg 678w, https:\/\/speyer24news.com\/wp-content\/uploads\/2023\/04\/Spargelanstich-Dudenhofen-30-326x245.jpg 326w, https:\/\/speyer24news.com\/wp-content\/uploads\/2023\/04\/Spargelanstich-Dudenhofen-30-80x60.jpg 80w\" sizes=\"(max-width: 800px) 100vw, 800px\" \/><\/figure><\/div>\n\n\n<p><strong>DUDENHOFEN\/MANNHEIM <em>(pm.) <\/em><\/strong>Zum zwanzigsten Mal feiert die Pfalz in diesem Jahr mit dem \u201ePf\u00e4lzer Spargelstich\u201c den Beginn der Spargelsaison \u2013 und dieses Jubil\u00e4um wird in besonderer Weise begangen: Der Spargelstich hat eine kurpf\u00e4lzische Note, denn er findet erstens in Dudenhofen und zweitens in Mannheim statt. <\/p>\n\n\n\n<p>Anlass f\u00fcr den Ausflug \u00fcber den Rhein ist die Bundesgartenschau in Mannheim, wo der<br>Rhein-Pfalz-Kreis im Pavillon der Metropolregion vertreten ist. Passend dazu ist auch der Preistr\u00e4ger sowohl links als auch rechts des Rheins f\u00fcr seine Kochkunst ausgezeichnet worden: Es ist Martin Scharff, der heute die Feinschmecker auf dem Heidelberger Schloss begeistert, nachdem er zuvor viele Jahre in der \u201eWartenberger M\u00fchle\u201c nahe Kaiserslautern f\u00fcr Gaumenfreuden gesorgt hat. Scharff bewies erst auf einem Feld des Spargelhofs Reeb im pf\u00e4lzischen Dudenhofen sein K\u00f6nnen im Spargelstechen, einige Stunden sp\u00e4ter erhielt er auf dem Gel\u00e4nde der Bundesgartenschau in Mannheim einen Scheck \u00fcber 2500 Euro f\u00fcr einen guten Zweck. Scharff wird das Preisgeld f\u00fcr die Aktion \u201eHerzensmensch Rhein-Neckar\u201c spenden, die sich zum Ziel gesetzt hat, unheilbar kranken Kindern oder Jugendlichen und ihren Familien ein St\u00fcck Lebensgl\u00fcck zu schenken.<\/p>\n\n\n<div class=\"wp-block-image\">\n<figure class=\"aligncenter size-full\"><img decoding=\"async\" loading=\"lazy\" width=\"800\" height=\"605\" src=\"https:\/\/speyer24news.com\/wp-content\/uploads\/2023\/04\/Spargelanstich-Dudenhofen-36.jpg\" alt=\"\" class=\"wp-image-51925\" srcset=\"https:\/\/speyer24news.com\/wp-content\/uploads\/2023\/04\/Spargelanstich-Dudenhofen-36.jpg 800w, https:\/\/speyer24news.com\/wp-content\/uploads\/2023\/04\/Spargelanstich-Dudenhofen-36-300x227.jpg 300w, https:\/\/speyer24news.com\/wp-content\/uploads\/2023\/04\/Spargelanstich-Dudenhofen-36-768x581.jpg 768w, https:\/\/speyer24news.com\/wp-content\/uploads\/2023\/04\/Spargelanstich-Dudenhofen-36-80x60.jpg 80w\" sizes=\"(max-width: 800px) 100vw, 800px\" \/><\/figure><\/div>\n\n\n<p>Der in Dinkelsb\u00fchl geborene Scharff genoss eine pr\u00e4gende Zeit unter anderem bei Harald Wohlfahrt und erhielt mit 26 Jahren bereits einen Michelin-Stern, mit welchem er mehr als 30 Jahre konstant ausgezeichnet wurde. Sein K\u00f6nnen stellte er 16 Jahre lang als Chefkoch der \u201eBerlinale\u201c unter Beweis, au\u00dferdem ist er Gr\u00fcndungsmitglied der Vereinigung Jeunes Restaurateurs d \u0301 Europe. Seit mehr als zehn Jahren ist Heidelberg die Heimat des heute 59j\u00e4hrigen Spitzenkochs, er verantwortet mit seinem Unternehmen das gesamte kulinarische Angebot im Schloss hoch \u00fcber der Heidelberger Altstadt. Zwar bezeichnet er sich als \u201ekulinarischen Globetrotter\u201c, er ist aber zugleich verwurzelt mit der Region. Daher liebt er es, beides auf Grundlage der klassischen, franz\u00f6sischen Kochkunst kreativ zu verbinden.<br>Spargel kommt dabei nat\u00fcrlich auch auf den Tisch, Scharff hat sogar ein Buch \u00fcber das Edelgem\u00fcse geschrieben. \u201eEinfach Spitze\u201c hei\u00dft es und macht Mut, mit dem k\u00f6niglichen Gem\u00fcse kulinarische Wege<br>abseits von den bew\u00e4hrten Kombinationen zu erkunden: Die Rezeptideen des Heidelberger Spitzenkochs reichen von Spargel-Auberginen-Lasagne bis zu Spargel Panna Cotta.<\/p>\n\n\n<div class=\"wp-block-image\">\n<figure class=\"aligncenter size-full\"><img decoding=\"async\" loading=\"lazy\" width=\"800\" height=\"600\" src=\"https:\/\/speyer24news.com\/wp-content\/uploads\/2023\/04\/Spargelanstich-Dudenhofen-30.jpg\" alt=\"\" class=\"wp-image-51916\" srcset=\"https:\/\/speyer24news.com\/wp-content\/uploads\/2023\/04\/Spargelanstich-Dudenhofen-30.jpg 800w, https:\/\/speyer24news.com\/wp-content\/uploads\/2023\/04\/Spargelanstich-Dudenhofen-30-300x225.jpg 300w, https:\/\/speyer24news.com\/wp-content\/uploads\/2023\/04\/Spargelanstich-Dudenhofen-30-768x576.jpg 768w, https:\/\/speyer24news.com\/wp-content\/uploads\/2023\/04\/Spargelanstich-Dudenhofen-30-678x509.jpg 678w, https:\/\/speyer24news.com\/wp-content\/uploads\/2023\/04\/Spargelanstich-Dudenhofen-30-326x245.jpg 326w, https:\/\/speyer24news.com\/wp-content\/uploads\/2023\/04\/Spargelanstich-Dudenhofen-30-80x60.jpg 80w\" sizes=\"(max-width: 800px) 100vw, 800px\" \/><\/figure><\/div>\n\n\n<p>Zum Spargelstechen kam der Preistr\u00e4ger nach Dudenhofen, wo die Aktion vor 20 Jahren erstmals stattgefunden hatte. Beim Ernteeinsatz auf dem Acker des Spargelhofs Reeb standen Martin Scharff die Pf\u00e4lzer Weinprinzessin Lea Lechner und der stellvertretende Vorsitzende von Pfalz.Marketing, Edwin Schrank, zur Seite. Der Rhein-Pfalz-Kreis ist gemeinsam mit den Verbandsgemeinde Dudenhofen-R\u00f6merberg und der Ortsgemeinde Dudenhofen in diesem Jahr Partner der Aktion von Pfalz.Marketing, die seit vielen Jahren auch vom Pfalzmarkt in Mutterstadt unterst\u00fctzt wird.<\/p>\n\n\n\n<p>Dessen Vorstand Hans-J\u00f6rg Friedrich hofft auf ein gutes Spargeljahr ohne Wetterkapriolen. Er geht allerdings von einem geringen R\u00fcckgang der Erntemenge aus, weil einige Erzeuger Fl\u00e4chen stillgelegt<br>haben. Der Pfalzmarkt vermarktet mehr als ein F\u00fcnftel der etwa 5000 Tonnen Spargel, die j\u00e4hrlich in der Pfalz geerntet werden. Auf etwa 800 Hektar w\u00e4chst in der Pfalz Spargel, der herausragende Vorteil der Region besteht darin, dass das Gem\u00fcse aufgrund des milden Klimas besonders fr\u00fch geerntet werden kann. <\/p>\n\n\n<div class=\"wp-block-image\">\n<figure class=\"aligncenter size-full\"><img decoding=\"async\" loading=\"lazy\" width=\"800\" height=\"600\" src=\"https:\/\/speyer24news.com\/wp-content\/uploads\/2023\/04\/Spargelanstich-Dudenhofen-7.jpg\" alt=\"\" class=\"wp-image-51917\" srcset=\"https:\/\/speyer24news.com\/wp-content\/uploads\/2023\/04\/Spargelanstich-Dudenhofen-7.jpg 800w, https:\/\/speyer24news.com\/wp-content\/uploads\/2023\/04\/Spargelanstich-Dudenhofen-7-300x225.jpg 300w, https:\/\/speyer24news.com\/wp-content\/uploads\/2023\/04\/Spargelanstich-Dudenhofen-7-768x576.jpg 768w, https:\/\/speyer24news.com\/wp-content\/uploads\/2023\/04\/Spargelanstich-Dudenhofen-7-678x509.jpg 678w, https:\/\/speyer24news.com\/wp-content\/uploads\/2023\/04\/Spargelanstich-Dudenhofen-7-326x245.jpg 326w, https:\/\/speyer24news.com\/wp-content\/uploads\/2023\/04\/Spargelanstich-Dudenhofen-7-80x60.jpg 80w\" sizes=\"(max-width: 800px) 100vw, 800px\" \/><\/figure><\/div>\n\n\n<p>Der Spargelhof von Thomas Reeb, auf dessen Feld die Aktion stattfand, ist einer von aktuell 120 Erzeugerbetrieben des Pfalzmarkts. Reeb bewirtschaftet 60 Hektar rund um seinen Heimatort<br>Dudenhofen. Auf einem Sechstel der Fl\u00e4che wird Spargel angebaut, au\u00dferdem kultiviert Reeb Gem\u00fcse wie Mangold und Romanesco sowie verschiedene Obstsorten. Ein Teil der Erzeugnisse wird \u00fcber den Hofladen im Ort verkauft.<\/p>\n\n\n<div class=\"wp-block-image\">\n<figure class=\"aligncenter size-full\"><img decoding=\"async\" loading=\"lazy\" width=\"500\" height=\"667\" src=\"https:\/\/speyer24news.com\/wp-content\/uploads\/2023\/04\/Spargelanstich-Dudenhofen-34.jpg\" alt=\"\" class=\"wp-image-51920\" srcset=\"https:\/\/speyer24news.com\/wp-content\/uploads\/2023\/04\/Spargelanstich-Dudenhofen-34.jpg 500w, https:\/\/speyer24news.com\/wp-content\/uploads\/2023\/04\/Spargelanstich-Dudenhofen-34-225x300.jpg 225w\" sizes=\"(max-width: 500px) 100vw, 500px\" \/><\/figure><\/div>\n\n\n<p>Pfalz.Marketing wirbt seit 2004 mit dem \u201ePf\u00e4lzer Spargelstich\u201c f\u00fcr den Spargel als herausragende Spezialit\u00e4t der Region. Ausgezeichnet werden jeweils Pers\u00f6nlichkeiten, die f\u00fcr Genuss und Esskultur stehen, darunter vor allem bekannte Spitzenk\u00f6che. So erhielten unter anderen bereits Harald Wohlfahrt, Tim M\u00e4lzer, Johann Lafer, Kolja Kleeberg, Sarah Wiener und Lea Linster den Preis. 2020 wurde mit Saliha \u201eSally\u201c \u00d6zcan, bekannt durch ihren You Tube-Kanal \u201eSallys Welt\u201c, erstmals eine Influencerin geehrt. Im vergangenen Jahr ging der Preis an Marie Wolgast und Chris Ackermann f\u00fcr ihren viel beachteten Youtube-Kanal \u201eeinfachgeschmack\u201c.<\/p>\n\n\n<div class=\"wp-block-image\">\n<figure class=\"aligncenter size-full\"><img decoding=\"async\" loading=\"lazy\" width=\"500\" height=\"667\" src=\"https:\/\/speyer24news.com\/wp-content\/uploads\/2023\/04\/20230421_135418.jpg\" alt=\"\" class=\"wp-image-51957\" srcset=\"https:\/\/speyer24news.com\/wp-content\/uploads\/2023\/04\/20230421_135418.jpg 500w, https:\/\/speyer24news.com\/wp-content\/uploads\/2023\/04\/20230421_135418-225x300.jpg 225w\" sizes=\"(max-width: 500px) 100vw, 500px\" \/><\/figure><\/div>\n\n\n<h3 class=\"wp-block-heading\">Sehen Sie hier das Video zum Event:<\/h3>\n\n\n\n<figure class=\"wp-block-embed aligncenter is-type-video is-provider-youtube wp-block-embed-youtube wp-embed-aspect-16-9 wp-has-aspect-ratio\"><div class=\"wp-block-embed__wrapper\">\n<iframe loading=\"lazy\" title=\"Spargelstich Dudenhofen &amp; Stand Up Preformance   Komplett\" width=\"500\" height=\"281\" src=\"https:\/\/www.youtube.com\/embed\/mjl6iceEBFg?feature=oembed\" frameborder=\"0\" allow=\"accelerometer; autoplay; clipboard-write; encrypted-media; gyroscope; picture-in-picture; web-share\" allowfullscreen><\/iframe>\n<\/div><\/figure>\n\n\n\n<h3 class=\"wp-block-heading\">Sehen Sie hier das Fotoalbum zum Event:<\/h3>\n\n\n\n<figure class=\"wp-block-gallery has-nested-images columns-2 is-cropped wp-block-gallery-1 is-layout-flex wp-block-gallery-is-layout-flex\">\n<figure class=\"wp-block-image size-large\"><img decoding=\"async\" loading=\"lazy\" width=\"800\" height=\"600\" data-id=\"51899\" src=\"https:\/\/speyer24news.com\/wp-content\/uploads\/2023\/04\/Spargelanstich-Dudenhofen-1.jpg\" alt=\"\" class=\"wp-image-51899\" srcset=\"https:\/\/speyer24news.com\/wp-content\/uploads\/2023\/04\/Spargelanstich-Dudenhofen-1.jpg 800w, https:\/\/speyer24news.com\/wp-content\/uploads\/2023\/04\/Spargelanstich-Dudenhofen-1-300x225.jpg 300w, https:\/\/speyer24news.com\/wp-content\/uploads\/2023\/04\/Spargelanstich-Dudenhofen-1-768x576.jpg 768w, https:\/\/speyer24news.com\/wp-content\/uploads\/2023\/04\/Spargelanstich-Dudenhofen-1-678x509.jpg 678w, https:\/\/speyer24news.com\/wp-content\/uploads\/2023\/04\/Spargelanstich-Dudenhofen-1-326x245.jpg 326w, https:\/\/speyer24news.com\/wp-content\/uploads\/2023\/04\/Spargelanstich-Dudenhofen-1-80x60.jpg 80w\" sizes=\"(max-width: 800px) 100vw, 800px\" \/><\/figure>\n\n\n\n<figure class=\"wp-block-image size-large\"><img decoding=\"async\" loading=\"lazy\" width=\"800\" height=\"600\" data-id=\"51923\" src=\"https:\/\/speyer24news.com\/wp-content\/uploads\/2023\/04\/Spargelanstich-Dudenhofen-2.jpg\" alt=\"\" class=\"wp-image-51923\" srcset=\"https:\/\/speyer24news.com\/wp-content\/uploads\/2023\/04\/Spargelanstich-Dudenhofen-2.jpg 800w, https:\/\/speyer24news.com\/wp-content\/uploads\/2023\/04\/Spargelanstich-Dudenhofen-2-300x225.jpg 300w, https:\/\/speyer24news.com\/wp-content\/uploads\/2023\/04\/Spargelanstich-Dudenhofen-2-768x576.jpg 768w, https:\/\/speyer24news.com\/wp-content\/uploads\/2023\/04\/Spargelanstich-Dudenhofen-2-678x509.jpg 678w, https:\/\/speyer24news.com\/wp-content\/uploads\/2023\/04\/Spargelanstich-Dudenhofen-2-326x245.jpg 326w, https:\/\/speyer24news.com\/wp-content\/uploads\/2023\/04\/Spargelanstich-Dudenhofen-2-80x60.jpg 80w\" sizes=\"(max-width: 800px) 100vw, 800px\" \/><\/figure>\n\n\n\n<figure class=\"wp-block-image size-large\"><img decoding=\"async\" loading=\"lazy\" width=\"800\" height=\"600\" data-id=\"51903\" src=\"https:\/\/speyer24news.com\/wp-content\/uploads\/2023\/04\/Spargelanstich-Dudenhofen-3.jpg\" alt=\"\" class=\"wp-image-51903\" srcset=\"https:\/\/speyer24news.com\/wp-content\/uploads\/2023\/04\/Spargelanstich-Dudenhofen-3.jpg 800w, https:\/\/speyer24news.com\/wp-content\/uploads\/2023\/04\/Spargelanstich-Dudenhofen-3-300x225.jpg 300w, https:\/\/speyer24news.com\/wp-content\/uploads\/2023\/04\/Spargelanstich-Dudenhofen-3-768x576.jpg 768w, https:\/\/speyer24news.com\/wp-content\/uploads\/2023\/04\/Spargelanstich-Dudenhofen-3-678x509.jpg 678w, https:\/\/speyer24news.com\/wp-content\/uploads\/2023\/04\/Spargelanstich-Dudenhofen-3-326x245.jpg 326w, https:\/\/speyer24news.com\/wp-content\/uploads\/2023\/04\/Spargelanstich-Dudenhofen-3-80x60.jpg 80w\" sizes=\"(max-width: 800px) 100vw, 800px\" \/><\/figure>\n\n\n\n<figure class=\"wp-block-image size-large\"><img decoding=\"async\" loading=\"lazy\" width=\"800\" height=\"600\" data-id=\"51922\" src=\"https:\/\/speyer24news.com\/wp-content\/uploads\/2023\/04\/Spargelanstich-Dudenhofen-4.jpg\" alt=\"\" class=\"wp-image-51922\" srcset=\"https:\/\/speyer24news.com\/wp-content\/uploads\/2023\/04\/Spargelanstich-Dudenhofen-4.jpg 800w, https:\/\/speyer24news.com\/wp-content\/uploads\/2023\/04\/Spargelanstich-Dudenhofen-4-300x225.jpg 300w, https:\/\/speyer24news.com\/wp-content\/uploads\/2023\/04\/Spargelanstich-Dudenhofen-4-768x576.jpg 768w, https:\/\/speyer24news.com\/wp-content\/uploads\/2023\/04\/Spargelanstich-Dudenhofen-4-678x509.jpg 678w, https:\/\/speyer24news.com\/wp-content\/uploads\/2023\/04\/Spargelanstich-Dudenhofen-4-326x245.jpg 326w, https:\/\/speyer24news.com\/wp-content\/uploads\/2023\/04\/Spargelanstich-Dudenhofen-4-80x60.jpg 80w\" sizes=\"(max-width: 800px) 100vw, 800px\" \/><\/figure>\n\n\n\n<figure class=\"wp-block-image size-large\"><img decoding=\"async\" loading=\"lazy\" width=\"800\" height=\"600\" data-id=\"51915\" src=\"https:\/\/speyer24news.com\/wp-content\/uploads\/2023\/04\/Spargelanstich-Dudenhofen-5.jpg\" alt=\"\" class=\"wp-image-51915\" srcset=\"https:\/\/speyer24news.com\/wp-content\/uploads\/2023\/04\/Spargelanstich-Dudenhofen-5.jpg 800w, https:\/\/speyer24news.com\/wp-content\/uploads\/2023\/04\/Spargelanstich-Dudenhofen-5-300x225.jpg 300w, https:\/\/speyer24news.com\/wp-content\/uploads\/2023\/04\/Spargelanstich-Dudenhofen-5-768x576.jpg 768w, https:\/\/speyer24news.com\/wp-content\/uploads\/2023\/04\/Spargelanstich-Dudenhofen-5-678x509.jpg 678w, https:\/\/speyer24news.com\/wp-content\/uploads\/2023\/04\/Spargelanstich-Dudenhofen-5-326x245.jpg 326w, https:\/\/speyer24news.com\/wp-content\/uploads\/2023\/04\/Spargelanstich-Dudenhofen-5-80x60.jpg 80w\" sizes=\"(max-width: 800px) 100vw, 800px\" \/><\/figure>\n\n\n\n<figure class=\"wp-block-image size-large\"><img decoding=\"async\" loading=\"lazy\" width=\"800\" height=\"600\" data-id=\"51906\" src=\"https:\/\/speyer24news.com\/wp-content\/uploads\/2023\/04\/Spargelanstich-Dudenhofen-6.jpg\" alt=\"\" class=\"wp-image-51906\" srcset=\"https:\/\/speyer24news.com\/wp-content\/uploads\/2023\/04\/Spargelanstich-Dudenhofen-6.jpg 800w, https:\/\/speyer24news.com\/wp-content\/uploads\/2023\/04\/Spargelanstich-Dudenhofen-6-300x225.jpg 300w, https:\/\/speyer24news.com\/wp-content\/uploads\/2023\/04\/Spargelanstich-Dudenhofen-6-768x576.jpg 768w, https:\/\/speyer24news.com\/wp-content\/uploads\/2023\/04\/Spargelanstich-Dudenhofen-6-678x509.jpg 678w, https:\/\/speyer24news.com\/wp-content\/uploads\/2023\/04\/Spargelanstich-Dudenhofen-6-326x245.jpg 326w, https:\/\/speyer24news.com\/wp-content\/uploads\/2023\/04\/Spargelanstich-Dudenhofen-6-80x60.jpg 80w\" sizes=\"(max-width: 800px) 100vw, 800px\" \/><\/figure>\n\n\n\n<figure class=\"wp-block-image size-large\"><img decoding=\"async\" loading=\"lazy\" width=\"800\" height=\"600\" data-id=\"51917\" src=\"https:\/\/speyer24news.com\/wp-content\/uploads\/2023\/04\/Spargelanstich-Dudenhofen-7.jpg\" alt=\"\" class=\"wp-image-51917\" srcset=\"https:\/\/speyer24news.com\/wp-content\/uploads\/2023\/04\/Spargelanstich-Dudenhofen-7.jpg 800w, https:\/\/speyer24news.com\/wp-content\/uploads\/2023\/04\/Spargelanstich-Dudenhofen-7-300x225.jpg 300w, https:\/\/speyer24news.com\/wp-content\/uploads\/2023\/04\/Spargelanstich-Dudenhofen-7-768x576.jpg 768w, https:\/\/speyer24news.com\/wp-content\/uploads\/2023\/04\/Spargelanstich-Dudenhofen-7-678x509.jpg 678w, https:\/\/speyer24news.com\/wp-content\/uploads\/2023\/04\/Spargelanstich-Dudenhofen-7-326x245.jpg 326w, https:\/\/speyer24news.com\/wp-content\/uploads\/2023\/04\/Spargelanstich-Dudenhofen-7-80x60.jpg 80w\" sizes=\"(max-width: 800px) 100vw, 800px\" \/><\/figure>\n\n\n\n<figure class=\"wp-block-image size-large\"><img decoding=\"async\" loading=\"lazy\" width=\"800\" height=\"600\" data-id=\"51905\" src=\"https:\/\/speyer24news.com\/wp-content\/uploads\/2023\/04\/Spargelanstich-Dudenhofen-8.jpg\" alt=\"\" class=\"wp-image-51905\" srcset=\"https:\/\/speyer24news.com\/wp-content\/uploads\/2023\/04\/Spargelanstich-Dudenhofen-8.jpg 800w, https:\/\/speyer24news.com\/wp-content\/uploads\/2023\/04\/Spargelanstich-Dudenhofen-8-300x225.jpg 300w, https:\/\/speyer24news.com\/wp-content\/uploads\/2023\/04\/Spargelanstich-Dudenhofen-8-768x576.jpg 768w, https:\/\/speyer24news.com\/wp-content\/uploads\/2023\/04\/Spargelanstich-Dudenhofen-8-678x509.jpg 678w, https:\/\/speyer24news.com\/wp-content\/uploads\/2023\/04\/Spargelanstich-Dudenhofen-8-326x245.jpg 326w, https:\/\/speyer24news.com\/wp-content\/uploads\/2023\/04\/Spargelanstich-Dudenhofen-8-80x60.jpg 80w\" sizes=\"(max-width: 800px) 100vw, 800px\" \/><\/figure>\n\n\n\n<figure class=\"wp-block-image size-large\"><img decoding=\"async\" loading=\"lazy\" width=\"800\" height=\"600\" data-id=\"51902\" src=\"https:\/\/speyer24news.com\/wp-content\/uploads\/2023\/04\/Spargelanstich-Dudenhofen-9.jpg\" alt=\"\" class=\"wp-image-51902\" srcset=\"https:\/\/speyer24news.com\/wp-content\/uploads\/2023\/04\/Spargelanstich-Dudenhofen-9.jpg 800w, https:\/\/speyer24news.com\/wp-content\/uploads\/2023\/04\/Spargelanstich-Dudenhofen-9-300x225.jpg 300w, https:\/\/speyer24news.com\/wp-content\/uploads\/2023\/04\/Spargelanstich-Dudenhofen-9-768x576.jpg 768w, https:\/\/speyer24news.com\/wp-content\/uploads\/2023\/04\/Spargelanstich-Dudenhofen-9-678x509.jpg 678w, https:\/\/speyer24news.com\/wp-content\/uploads\/2023\/04\/Spargelanstich-Dudenhofen-9-326x245.jpg 326w, https:\/\/speyer24news.com\/wp-content\/uploads\/2023\/04\/Spargelanstich-Dudenhofen-9-80x60.jpg 80w\" sizes=\"(max-width: 800px) 100vw, 800px\" \/><\/figure>\n\n\n\n<figure class=\"wp-block-image size-full\"><img decoding=\"async\" loading=\"lazy\" width=\"800\" height=\"600\" data-id=\"51944\" src=\"https:\/\/speyer24news.com\/wp-content\/uploads\/2023\/04\/Spargelanstich-Dudenhofen-10-1.jpg\" alt=\"\" class=\"wp-image-51944\" srcset=\"https:\/\/speyer24news.com\/wp-content\/uploads\/2023\/04\/Spargelanstich-Dudenhofen-10-1.jpg 800w, https:\/\/speyer24news.com\/wp-content\/uploads\/2023\/04\/Spargelanstich-Dudenhofen-10-1-300x225.jpg 300w, https:\/\/speyer24news.com\/wp-content\/uploads\/2023\/04\/Spargelanstich-Dudenhofen-10-1-768x576.jpg 768w, https:\/\/speyer24news.com\/wp-content\/uploads\/2023\/04\/Spargelanstich-Dudenhofen-10-1-678x509.jpg 678w, https:\/\/speyer24news.com\/wp-content\/uploads\/2023\/04\/Spargelanstich-Dudenhofen-10-1-326x245.jpg 326w, https:\/\/speyer24news.com\/wp-content\/uploads\/2023\/04\/Spargelanstich-Dudenhofen-10-1-80x60.jpg 80w\" sizes=\"(max-width: 800px) 100vw, 800px\" \/><\/figure>\n\n\n\n<figure class=\"wp-block-image size-large\"><img decoding=\"async\" loading=\"lazy\" width=\"800\" height=\"576\" data-id=\"51933\" src=\"https:\/\/speyer24news.com\/wp-content\/uploads\/2023\/04\/Spargelanstich-Dudenhofen-11.jpg\" alt=\"\" class=\"wp-image-51933\" srcset=\"https:\/\/speyer24news.com\/wp-content\/uploads\/2023\/04\/Spargelanstich-Dudenhofen-11.jpg 800w, https:\/\/speyer24news.com\/wp-content\/uploads\/2023\/04\/Spargelanstich-Dudenhofen-11-300x216.jpg 300w, https:\/\/speyer24news.com\/wp-content\/uploads\/2023\/04\/Spargelanstich-Dudenhofen-11-768x553.jpg 768w\" sizes=\"(max-width: 800px) 100vw, 800px\" \/><\/figure>\n\n\n\n<figure class=\"wp-block-image size-large\"><img decoding=\"async\" loading=\"lazy\" width=\"800\" height=\"600\" data-id=\"51900\" src=\"https:\/\/speyer24news.com\/wp-content\/uploads\/2023\/04\/Spargelanstich-Dudenhofen-12.jpg\" alt=\"\" class=\"wp-image-51900\" srcset=\"https:\/\/speyer24news.com\/wp-content\/uploads\/2023\/04\/Spargelanstich-Dudenhofen-12.jpg 800w, https:\/\/speyer24news.com\/wp-content\/uploads\/2023\/04\/Spargelanstich-Dudenhofen-12-300x225.jpg 300w, https:\/\/speyer24news.com\/wp-content\/uploads\/2023\/04\/Spargelanstich-Dudenhofen-12-768x576.jpg 768w, https:\/\/speyer24news.com\/wp-content\/uploads\/2023\/04\/Spargelanstich-Dudenhofen-12-678x509.jpg 678w, https:\/\/speyer24news.com\/wp-content\/uploads\/2023\/04\/Spargelanstich-Dudenhofen-12-326x245.jpg 326w, https:\/\/speyer24news.com\/wp-content\/uploads\/2023\/04\/Spargelanstich-Dudenhofen-12-80x60.jpg 80w\" sizes=\"(max-width: 800px) 100vw, 800px\" \/><\/figure>\n\n\n\n<figure class=\"wp-block-image size-large\"><img decoding=\"async\" loading=\"lazy\" width=\"800\" height=\"600\" data-id=\"51904\" src=\"https:\/\/speyer24news.com\/wp-content\/uploads\/2023\/04\/Spargelanstich-Dudenhofen-13.jpg\" alt=\"\" class=\"wp-image-51904\" srcset=\"https:\/\/speyer24news.com\/wp-content\/uploads\/2023\/04\/Spargelanstich-Dudenhofen-13.jpg 800w, https:\/\/speyer24news.com\/wp-content\/uploads\/2023\/04\/Spargelanstich-Dudenhofen-13-300x225.jpg 300w, https:\/\/speyer24news.com\/wp-content\/uploads\/2023\/04\/Spargelanstich-Dudenhofen-13-768x576.jpg 768w, https:\/\/speyer24news.com\/wp-content\/uploads\/2023\/04\/Spargelanstich-Dudenhofen-13-678x509.jpg 678w, https:\/\/speyer24news.com\/wp-content\/uploads\/2023\/04\/Spargelanstich-Dudenhofen-13-326x245.jpg 326w, https:\/\/speyer24news.com\/wp-content\/uploads\/2023\/04\/Spargelanstich-Dudenhofen-13-80x60.jpg 80w\" sizes=\"(max-width: 800px) 100vw, 800px\" \/><\/figure>\n\n\n\n<figure class=\"wp-block-image size-large\"><img decoding=\"async\" loading=\"lazy\" width=\"800\" height=\"600\" data-id=\"51907\" src=\"https:\/\/speyer24news.com\/wp-content\/uploads\/2023\/04\/Spargelanstich-Dudenhofen-14.jpg\" alt=\"\" class=\"wp-image-51907\" srcset=\"https:\/\/speyer24news.com\/wp-content\/uploads\/2023\/04\/Spargelanstich-Dudenhofen-14.jpg 800w, https:\/\/speyer24news.com\/wp-content\/uploads\/2023\/04\/Spargelanstich-Dudenhofen-14-300x225.jpg 300w, https:\/\/speyer24news.com\/wp-content\/uploads\/2023\/04\/Spargelanstich-Dudenhofen-14-768x576.jpg 768w, https:\/\/speyer24news.com\/wp-content\/uploads\/2023\/04\/Spargelanstich-Dudenhofen-14-678x509.jpg 678w, https:\/\/speyer24news.com\/wp-content\/uploads\/2023\/04\/Spargelanstich-Dudenhofen-14-326x245.jpg 326w, https:\/\/speyer24news.com\/wp-content\/uploads\/2023\/04\/Spargelanstich-Dudenhofen-14-80x60.jpg 80w\" sizes=\"(max-width: 800px) 100vw, 800px\" \/><\/figure>\n\n\n\n<figure class=\"wp-block-image size-large\"><img decoding=\"async\" loading=\"lazy\" width=\"800\" height=\"600\" data-id=\"51913\" src=\"https:\/\/speyer24news.com\/wp-content\/uploads\/2023\/04\/Spargelanstich-Dudenhofen-15.jpg\" alt=\"\" class=\"wp-image-51913\" srcset=\"https:\/\/speyer24news.com\/wp-content\/uploads\/2023\/04\/Spargelanstich-Dudenhofen-15.jpg 800w, https:\/\/speyer24news.com\/wp-content\/uploads\/2023\/04\/Spargelanstich-Dudenhofen-15-300x225.jpg 300w, https:\/\/speyer24news.com\/wp-content\/uploads\/2023\/04\/Spargelanstich-Dudenhofen-15-768x576.jpg 768w, https:\/\/speyer24news.com\/wp-content\/uploads\/2023\/04\/Spargelanstich-Dudenhofen-15-678x509.jpg 678w, https:\/\/speyer24news.com\/wp-content\/uploads\/2023\/04\/Spargelanstich-Dudenhofen-15-326x245.jpg 326w, https:\/\/speyer24news.com\/wp-content\/uploads\/2023\/04\/Spargelanstich-Dudenhofen-15-80x60.jpg 80w\" sizes=\"(max-width: 800px) 100vw, 800px\" \/><\/figure>\n\n\n\n<figure class=\"wp-block-image size-large\"><img decoding=\"async\" loading=\"lazy\" width=\"800\" height=\"600\" data-id=\"51927\" src=\"https:\/\/speyer24news.com\/wp-content\/uploads\/2023\/04\/Spargelanstich-Dudenhofen-16.jpg\" alt=\"\" class=\"wp-image-51927\" srcset=\"https:\/\/speyer24news.com\/wp-content\/uploads\/2023\/04\/Spargelanstich-Dudenhofen-16.jpg 800w, https:\/\/speyer24news.com\/wp-content\/uploads\/2023\/04\/Spargelanstich-Dudenhofen-16-300x225.jpg 300w, https:\/\/speyer24news.com\/wp-content\/uploads\/2023\/04\/Spargelanstich-Dudenhofen-16-768x576.jpg 768w, https:\/\/speyer24news.com\/wp-content\/uploads\/2023\/04\/Spargelanstich-Dudenhofen-16-678x509.jpg 678w, https:\/\/speyer24news.com\/wp-content\/uploads\/2023\/04\/Spargelanstich-Dudenhofen-16-326x245.jpg 326w, https:\/\/speyer24news.com\/wp-content\/uploads\/2023\/04\/Spargelanstich-Dudenhofen-16-80x60.jpg 80w\" sizes=\"(max-width: 800px) 100vw, 800px\" \/><\/figure>\n\n\n\n<figure class=\"wp-block-image size-large\"><img decoding=\"async\" loading=\"lazy\" width=\"800\" height=\"600\" data-id=\"51912\" src=\"https:\/\/speyer24news.com\/wp-content\/uploads\/2023\/04\/Spargelanstich-Dudenhofen-17.jpg\" alt=\"\" class=\"wp-image-51912\" srcset=\"https:\/\/speyer24news.com\/wp-content\/uploads\/2023\/04\/Spargelanstich-Dudenhofen-17.jpg 800w, https:\/\/speyer24news.com\/wp-content\/uploads\/2023\/04\/Spargelanstich-Dudenhofen-17-300x225.jpg 300w, https:\/\/speyer24news.com\/wp-content\/uploads\/2023\/04\/Spargelanstich-Dudenhofen-17-768x576.jpg 768w, https:\/\/speyer24news.com\/wp-content\/uploads\/2023\/04\/Spargelanstich-Dudenhofen-17-678x509.jpg 678w, https:\/\/speyer24news.com\/wp-content\/uploads\/2023\/04\/Spargelanstich-Dudenhofen-17-326x245.jpg 326w, https:\/\/speyer24news.com\/wp-content\/uploads\/2023\/04\/Spargelanstich-Dudenhofen-17-80x60.jpg 80w\" sizes=\"(max-width: 800px) 100vw, 800px\" \/><\/figure>\n\n\n\n<figure class=\"wp-block-image size-large\"><img decoding=\"async\" loading=\"lazy\" width=\"800\" height=\"600\" data-id=\"51898\" src=\"https:\/\/speyer24news.com\/wp-content\/uploads\/2023\/04\/Spargelanstich-Dudenhofen-18.jpg\" alt=\"\" class=\"wp-image-51898\" srcset=\"https:\/\/speyer24news.com\/wp-content\/uploads\/2023\/04\/Spargelanstich-Dudenhofen-18.jpg 800w, https:\/\/speyer24news.com\/wp-content\/uploads\/2023\/04\/Spargelanstich-Dudenhofen-18-300x225.jpg 300w, https:\/\/speyer24news.com\/wp-content\/uploads\/2023\/04\/Spargelanstich-Dudenhofen-18-768x576.jpg 768w, https:\/\/speyer24news.com\/wp-content\/uploads\/2023\/04\/Spargelanstich-Dudenhofen-18-678x509.jpg 678w, https:\/\/speyer24news.com\/wp-content\/uploads\/2023\/04\/Spargelanstich-Dudenhofen-18-326x245.jpg 326w, https:\/\/speyer24news.com\/wp-content\/uploads\/2023\/04\/Spargelanstich-Dudenhofen-18-80x60.jpg 80w\" sizes=\"(max-width: 800px) 100vw, 800px\" \/><\/figure>\n\n\n\n<figure class=\"wp-block-image size-large\"><img decoding=\"async\" loading=\"lazy\" width=\"800\" height=\"600\" data-id=\"51910\" src=\"https:\/\/speyer24news.com\/wp-content\/uploads\/2023\/04\/Spargelanstich-Dudenhofen-19.jpg\" alt=\"\" class=\"wp-image-51910\" srcset=\"https:\/\/speyer24news.com\/wp-content\/uploads\/2023\/04\/Spargelanstich-Dudenhofen-19.jpg 800w, https:\/\/speyer24news.com\/wp-content\/uploads\/2023\/04\/Spargelanstich-Dudenhofen-19-300x225.jpg 300w, https:\/\/speyer24news.com\/wp-content\/uploads\/2023\/04\/Spargelanstich-Dudenhofen-19-768x576.jpg 768w, https:\/\/speyer24news.com\/wp-content\/uploads\/2023\/04\/Spargelanstich-Dudenhofen-19-678x509.jpg 678w, https:\/\/speyer24news.com\/wp-content\/uploads\/2023\/04\/Spargelanstich-Dudenhofen-19-326x245.jpg 326w, https:\/\/speyer24news.com\/wp-content\/uploads\/2023\/04\/Spargelanstich-Dudenhofen-19-80x60.jpg 80w\" sizes=\"(max-width: 800px) 100vw, 800px\" \/><\/figure>\n\n\n\n<figure class=\"wp-block-image size-large\"><img decoding=\"async\" loading=\"lazy\" width=\"800\" height=\"601\" data-id=\"51911\" src=\"https:\/\/speyer24news.com\/wp-content\/uploads\/2023\/04\/Spargelanstich-Dudenhofen-20.jpg\" alt=\"\" class=\"wp-image-51911\" srcset=\"https:\/\/speyer24news.com\/wp-content\/uploads\/2023\/04\/Spargelanstich-Dudenhofen-20.jpg 800w, https:\/\/speyer24news.com\/wp-content\/uploads\/2023\/04\/Spargelanstich-Dudenhofen-20-300x225.jpg 300w, https:\/\/speyer24news.com\/wp-content\/uploads\/2023\/04\/Spargelanstich-Dudenhofen-20-768x577.jpg 768w, https:\/\/speyer24news.com\/wp-content\/uploads\/2023\/04\/Spargelanstich-Dudenhofen-20-678x509.jpg 678w, https:\/\/speyer24news.com\/wp-content\/uploads\/2023\/04\/Spargelanstich-Dudenhofen-20-326x245.jpg 326w, https:\/\/speyer24news.com\/wp-content\/uploads\/2023\/04\/Spargelanstich-Dudenhofen-20-80x60.jpg 80w\" sizes=\"(max-width: 800px) 100vw, 800px\" \/><\/figure>\n\n\n\n<figure class=\"wp-block-image size-large\"><img decoding=\"async\" loading=\"lazy\" width=\"800\" height=\"600\" data-id=\"51914\" src=\"https:\/\/speyer24news.com\/wp-content\/uploads\/2023\/04\/Spargelanstich-Dudenhofen-21.jpg\" alt=\"\" class=\"wp-image-51914\" srcset=\"https:\/\/speyer24news.com\/wp-content\/uploads\/2023\/04\/Spargelanstich-Dudenhofen-21.jpg 800w, https:\/\/speyer24news.com\/wp-content\/uploads\/2023\/04\/Spargelanstich-Dudenhofen-21-300x225.jpg 300w, https:\/\/speyer24news.com\/wp-content\/uploads\/2023\/04\/Spargelanstich-Dudenhofen-21-768x576.jpg 768w, https:\/\/speyer24news.com\/wp-content\/uploads\/2023\/04\/Spargelanstich-Dudenhofen-21-678x509.jpg 678w, https:\/\/speyer24news.com\/wp-content\/uploads\/2023\/04\/Spargelanstich-Dudenhofen-21-326x245.jpg 326w, https:\/\/speyer24news.com\/wp-content\/uploads\/2023\/04\/Spargelanstich-Dudenhofen-21-80x60.jpg 80w\" sizes=\"(max-width: 800px) 100vw, 800px\" \/><\/figure>\n\n\n\n<figure class=\"wp-block-image size-large\"><img decoding=\"async\" loading=\"lazy\" width=\"800\" height=\"600\" data-id=\"51908\" src=\"https:\/\/speyer24news.com\/wp-content\/uploads\/2023\/04\/Spargelanstich-Dudenhofen-22.jpg\" alt=\"\" class=\"wp-image-51908\" srcset=\"https:\/\/speyer24news.com\/wp-content\/uploads\/2023\/04\/Spargelanstich-Dudenhofen-22.jpg 800w, https:\/\/speyer24news.com\/wp-content\/uploads\/2023\/04\/Spargelanstich-Dudenhofen-22-300x225.jpg 300w, https:\/\/speyer24news.com\/wp-content\/uploads\/2023\/04\/Spargelanstich-Dudenhofen-22-768x576.jpg 768w, https:\/\/speyer24news.com\/wp-content\/uploads\/2023\/04\/Spargelanstich-Dudenhofen-22-678x509.jpg 678w, https:\/\/speyer24news.com\/wp-content\/uploads\/2023\/04\/Spargelanstich-Dudenhofen-22-326x245.jpg 326w, https:\/\/speyer24news.com\/wp-content\/uploads\/2023\/04\/Spargelanstich-Dudenhofen-22-80x60.jpg 80w\" sizes=\"(max-width: 800px) 100vw, 800px\" \/><\/figure>\n\n\n\n<figure class=\"wp-block-image size-large\"><img decoding=\"async\" loading=\"lazy\" width=\"800\" height=\"600\" data-id=\"51909\" src=\"https:\/\/speyer24news.com\/wp-content\/uploads\/2023\/04\/Spargelanstich-Dudenhofen-23.jpg\" alt=\"\" class=\"wp-image-51909\" srcset=\"https:\/\/speyer24news.com\/wp-content\/uploads\/2023\/04\/Spargelanstich-Dudenhofen-23.jpg 800w, https:\/\/speyer24news.com\/wp-content\/uploads\/2023\/04\/Spargelanstich-Dudenhofen-23-300x225.jpg 300w, https:\/\/speyer24news.com\/wp-content\/uploads\/2023\/04\/Spargelanstich-Dudenhofen-23-768x576.jpg 768w, https:\/\/speyer24news.com\/wp-content\/uploads\/2023\/04\/Spargelanstich-Dudenhofen-23-678x509.jpg 678w, https:\/\/speyer24news.com\/wp-content\/uploads\/2023\/04\/Spargelanstich-Dudenhofen-23-326x245.jpg 326w, https:\/\/speyer24news.com\/wp-content\/uploads\/2023\/04\/Spargelanstich-Dudenhofen-23-80x60.jpg 80w\" sizes=\"(max-width: 800px) 100vw, 800px\" \/><\/figure>\n\n\n\n<figure class=\"wp-block-image size-large\"><img decoding=\"async\" loading=\"lazy\" width=\"800\" height=\"600\" data-id=\"51901\" src=\"https:\/\/speyer24news.com\/wp-content\/uploads\/2023\/04\/Spargelanstich-Dudenhofen-24.jpg\" alt=\"\" class=\"wp-image-51901\" srcset=\"https:\/\/speyer24news.com\/wp-content\/uploads\/2023\/04\/Spargelanstich-Dudenhofen-24.jpg 800w, https:\/\/speyer24news.com\/wp-content\/uploads\/2023\/04\/Spargelanstich-Dudenhofen-24-300x225.jpg 300w, https:\/\/speyer24news.com\/wp-content\/uploads\/2023\/04\/Spargelanstich-Dudenhofen-24-768x576.jpg 768w, https:\/\/speyer24news.com\/wp-content\/uploads\/2023\/04\/Spargelanstich-Dudenhofen-24-678x509.jpg 678w, https:\/\/speyer24news.com\/wp-content\/uploads\/2023\/04\/Spargelanstich-Dudenhofen-24-326x245.jpg 326w, https:\/\/speyer24news.com\/wp-content\/uploads\/2023\/04\/Spargelanstich-Dudenhofen-24-80x60.jpg 80w\" sizes=\"(max-width: 800px) 100vw, 800px\" \/><\/figure>\n\n\n\n<figure class=\"wp-block-image size-large\"><img decoding=\"async\" loading=\"lazy\" width=\"800\" height=\"600\" data-id=\"51928\" src=\"https:\/\/speyer24news.com\/wp-content\/uploads\/2023\/04\/Spargelanstich-Dudenhofen-25.jpg\" alt=\"\" class=\"wp-image-51928\" srcset=\"https:\/\/speyer24news.com\/wp-content\/uploads\/2023\/04\/Spargelanstich-Dudenhofen-25.jpg 800w, https:\/\/speyer24news.com\/wp-content\/uploads\/2023\/04\/Spargelanstich-Dudenhofen-25-300x225.jpg 300w, https:\/\/speyer24news.com\/wp-content\/uploads\/2023\/04\/Spargelanstich-Dudenhofen-25-768x576.jpg 768w, https:\/\/speyer24news.com\/wp-content\/uploads\/2023\/04\/Spargelanstich-Dudenhofen-25-678x509.jpg 678w, https:\/\/speyer24news.com\/wp-content\/uploads\/2023\/04\/Spargelanstich-Dudenhofen-25-326x245.jpg 326w, https:\/\/speyer24news.com\/wp-content\/uploads\/2023\/04\/Spargelanstich-Dudenhofen-25-80x60.jpg 80w\" sizes=\"(max-width: 800px) 100vw, 800px\" \/><\/figure>\n\n\n\n<figure class=\"wp-block-image size-large\"><img decoding=\"async\" loading=\"lazy\" width=\"800\" height=\"600\" data-id=\"51929\" src=\"https:\/\/speyer24news.com\/wp-content\/uploads\/2023\/04\/Spargelanstich-Dudenhofen-26.jpg\" alt=\"\" class=\"wp-image-51929\" srcset=\"https:\/\/speyer24news.com\/wp-content\/uploads\/2023\/04\/Spargelanstich-Dudenhofen-26.jpg 800w, https:\/\/speyer24news.com\/wp-content\/uploads\/2023\/04\/Spargelanstich-Dudenhofen-26-300x225.jpg 300w, https:\/\/speyer24news.com\/wp-content\/uploads\/2023\/04\/Spargelanstich-Dudenhofen-26-768x576.jpg 768w, https:\/\/speyer24news.com\/wp-content\/uploads\/2023\/04\/Spargelanstich-Dudenhofen-26-678x509.jpg 678w, https:\/\/speyer24news.com\/wp-content\/uploads\/2023\/04\/Spargelanstich-Dudenhofen-26-326x245.jpg 326w, https:\/\/speyer24news.com\/wp-content\/uploads\/2023\/04\/Spargelanstich-Dudenhofen-26-80x60.jpg 80w\" sizes=\"(max-width: 800px) 100vw, 800px\" \/><\/figure>\n\n\n\n<figure class=\"wp-block-image size-large\"><img decoding=\"async\" loading=\"lazy\" width=\"800\" height=\"600\" data-id=\"51932\" src=\"https:\/\/speyer24news.com\/wp-content\/uploads\/2023\/04\/Spargelanstich-Dudenhofen-27.jpg\" alt=\"\" class=\"wp-image-51932\" srcset=\"https:\/\/speyer24news.com\/wp-content\/uploads\/2023\/04\/Spargelanstich-Dudenhofen-27.jpg 800w, https:\/\/speyer24news.com\/wp-content\/uploads\/2023\/04\/Spargelanstich-Dudenhofen-27-300x225.jpg 300w, https:\/\/speyer24news.com\/wp-content\/uploads\/2023\/04\/Spargelanstich-Dudenhofen-27-768x576.jpg 768w, https:\/\/speyer24news.com\/wp-content\/uploads\/2023\/04\/Spargelanstich-Dudenhofen-27-678x509.jpg 678w, https:\/\/speyer24news.com\/wp-content\/uploads\/2023\/04\/Spargelanstich-Dudenhofen-27-326x245.jpg 326w, https:\/\/speyer24news.com\/wp-content\/uploads\/2023\/04\/Spargelanstich-Dudenhofen-27-80x60.jpg 80w\" sizes=\"(max-width: 800px) 100vw, 800px\" \/><\/figure>\n\n\n\n<figure class=\"wp-block-image size-large\"><img decoding=\"async\" loading=\"lazy\" width=\"800\" height=\"600\" data-id=\"51931\" src=\"https:\/\/speyer24news.com\/wp-content\/uploads\/2023\/04\/Spargelanstich-Dudenhofen-28.jpg\" alt=\"\" class=\"wp-image-51931\" srcset=\"https:\/\/speyer24news.com\/wp-content\/uploads\/2023\/04\/Spargelanstich-Dudenhofen-28.jpg 800w, https:\/\/speyer24news.com\/wp-content\/uploads\/2023\/04\/Spargelanstich-Dudenhofen-28-300x225.jpg 300w, https:\/\/speyer24news.com\/wp-content\/uploads\/2023\/04\/Spargelanstich-Dudenhofen-28-768x576.jpg 768w, https:\/\/speyer24news.com\/wp-content\/uploads\/2023\/04\/Spargelanstich-Dudenhofen-28-678x509.jpg 678w, https:\/\/speyer24news.com\/wp-content\/uploads\/2023\/04\/Spargelanstich-Dudenhofen-28-326x245.jpg 326w, https:\/\/speyer24news.com\/wp-content\/uploads\/2023\/04\/Spargelanstich-Dudenhofen-28-80x60.jpg 80w\" sizes=\"(max-width: 800px) 100vw, 800px\" \/><\/figure>\n\n\n\n<figure class=\"wp-block-image size-large\"><img decoding=\"async\" loading=\"lazy\" width=\"800\" height=\"600\" data-id=\"51921\" src=\"https:\/\/speyer24news.com\/wp-content\/uploads\/2023\/04\/Spargelanstich-Dudenhofen-29.jpg\" alt=\"\" class=\"wp-image-51921\" srcset=\"https:\/\/speyer24news.com\/wp-content\/uploads\/2023\/04\/Spargelanstich-Dudenhofen-29.jpg 800w, https:\/\/speyer24news.com\/wp-content\/uploads\/2023\/04\/Spargelanstich-Dudenhofen-29-300x225.jpg 300w, https:\/\/speyer24news.com\/wp-content\/uploads\/2023\/04\/Spargelanstich-Dudenhofen-29-768x576.jpg 768w, https:\/\/speyer24news.com\/wp-content\/uploads\/2023\/04\/Spargelanstich-Dudenhofen-29-678x509.jpg 678w, https:\/\/speyer24news.com\/wp-content\/uploads\/2023\/04\/Spargelanstich-Dudenhofen-29-326x245.jpg 326w, https:\/\/speyer24news.com\/wp-content\/uploads\/2023\/04\/Spargelanstich-Dudenhofen-29-80x60.jpg 80w\" sizes=\"(max-width: 800px) 100vw, 800px\" \/><\/figure>\n\n\n\n<figure class=\"wp-block-image size-large\"><img decoding=\"async\" loading=\"lazy\" width=\"800\" height=\"600\" data-id=\"51916\" src=\"https:\/\/speyer24news.com\/wp-content\/uploads\/2023\/04\/Spargelanstich-Dudenhofen-30.jpg\" alt=\"\" class=\"wp-image-51916\" srcset=\"https:\/\/speyer24news.com\/wp-content\/uploads\/2023\/04\/Spargelanstich-Dudenhofen-30.jpg 800w, https:\/\/speyer24news.com\/wp-content\/uploads\/2023\/04\/Spargelanstich-Dudenhofen-30-300x225.jpg 300w, https:\/\/speyer24news.com\/wp-content\/uploads\/2023\/04\/Spargelanstich-Dudenhofen-30-768x576.jpg 768w, https:\/\/speyer24news.com\/wp-content\/uploads\/2023\/04\/Spargelanstich-Dudenhofen-30-678x509.jpg 678w, https:\/\/speyer24news.com\/wp-content\/uploads\/2023\/04\/Spargelanstich-Dudenhofen-30-326x245.jpg 326w, https:\/\/speyer24news.com\/wp-content\/uploads\/2023\/04\/Spargelanstich-Dudenhofen-30-80x60.jpg 80w\" sizes=\"(max-width: 800px) 100vw, 800px\" \/><\/figure>\n\n\n\n<figure class=\"wp-block-image size-large\"><img decoding=\"async\" loading=\"lazy\" width=\"800\" height=\"600\" data-id=\"51930\" src=\"https:\/\/speyer24news.com\/wp-content\/uploads\/2023\/04\/Spargelanstich-Dudenhofen-31.jpg\" alt=\"\" class=\"wp-image-51930\" srcset=\"https:\/\/speyer24news.com\/wp-content\/uploads\/2023\/04\/Spargelanstich-Dudenhofen-31.jpg 800w, https:\/\/speyer24news.com\/wp-content\/uploads\/2023\/04\/Spargelanstich-Dudenhofen-31-300x225.jpg 300w, https:\/\/speyer24news.com\/wp-content\/uploads\/2023\/04\/Spargelanstich-Dudenhofen-31-768x576.jpg 768w, https:\/\/speyer24news.com\/wp-content\/uploads\/2023\/04\/Spargelanstich-Dudenhofen-31-678x509.jpg 678w, https:\/\/speyer24news.com\/wp-content\/uploads\/2023\/04\/Spargelanstich-Dudenhofen-31-326x245.jpg 326w, https:\/\/speyer24news.com\/wp-content\/uploads\/2023\/04\/Spargelanstich-Dudenhofen-31-80x60.jpg 80w\" sizes=\"(max-width: 800px) 100vw, 800px\" \/><\/figure>\n\n\n\n<figure class=\"wp-block-image size-large\"><img decoding=\"async\" loading=\"lazy\" width=\"800\" height=\"600\" data-id=\"51918\" src=\"https:\/\/speyer24news.com\/wp-content\/uploads\/2023\/04\/Spargelanstich-Dudenhofen-32.jpg\" alt=\"\" class=\"wp-image-51918\" srcset=\"https:\/\/speyer24news.com\/wp-content\/uploads\/2023\/04\/Spargelanstich-Dudenhofen-32.jpg 800w, https:\/\/speyer24news.com\/wp-content\/uploads\/2023\/04\/Spargelanstich-Dudenhofen-32-300x225.jpg 300w, https:\/\/speyer24news.com\/wp-content\/uploads\/2023\/04\/Spargelanstich-Dudenhofen-32-768x576.jpg 768w, https:\/\/speyer24news.com\/wp-content\/uploads\/2023\/04\/Spargelanstich-Dudenhofen-32-678x509.jpg 678w, https:\/\/speyer24news.com\/wp-content\/uploads\/2023\/04\/Spargelanstich-Dudenhofen-32-326x245.jpg 326w, https:\/\/speyer24news.com\/wp-content\/uploads\/2023\/04\/Spargelanstich-Dudenhofen-32-80x60.jpg 80w\" sizes=\"(max-width: 800px) 100vw, 800px\" \/><\/figure>\n\n\n\n<figure class=\"wp-block-image size-large\"><img decoding=\"async\" loading=\"lazy\" width=\"500\" height=\"667\" data-id=\"51919\" src=\"https:\/\/speyer24news.com\/wp-content\/uploads\/2023\/04\/Spargelanstich-Dudenhofen-33.jpg\" alt=\"\" class=\"wp-image-51919\" srcset=\"https:\/\/speyer24news.com\/wp-content\/uploads\/2023\/04\/Spargelanstich-Dudenhofen-33.jpg 500w, https:\/\/speyer24news.com\/wp-content\/uploads\/2023\/04\/Spargelanstich-Dudenhofen-33-225x300.jpg 225w\" sizes=\"(max-width: 500px) 100vw, 500px\" \/><\/figure>\n\n\n\n<figure class=\"wp-block-image size-large\"><img decoding=\"async\" loading=\"lazy\" width=\"500\" height=\"667\" data-id=\"51920\" src=\"https:\/\/speyer24news.com\/wp-content\/uploads\/2023\/04\/Spargelanstich-Dudenhofen-34.jpg\" alt=\"\" class=\"wp-image-51920\" srcset=\"https:\/\/speyer24news.com\/wp-content\/uploads\/2023\/04\/Spargelanstich-Dudenhofen-34.jpg 500w, https:\/\/speyer24news.com\/wp-content\/uploads\/2023\/04\/Spargelanstich-Dudenhofen-34-225x300.jpg 225w\" sizes=\"(max-width: 500px) 100vw, 500px\" \/><\/figure>\n\n\n\n<figure class=\"wp-block-image size-large\"><img decoding=\"async\" loading=\"lazy\" width=\"500\" height=\"667\" data-id=\"51924\" src=\"https:\/\/speyer24news.com\/wp-content\/uploads\/2023\/04\/Spargelanstich-Dudenhofen-35.jpg\" alt=\"\" class=\"wp-image-51924\" srcset=\"https:\/\/speyer24news.com\/wp-content\/uploads\/2023\/04\/Spargelanstich-Dudenhofen-35.jpg 500w, https:\/\/speyer24news.com\/wp-content\/uploads\/2023\/04\/Spargelanstich-Dudenhofen-35-225x300.jpg 225w\" sizes=\"(max-width: 500px) 100vw, 500px\" \/><\/figure>\n\n\n\n<figure class=\"wp-block-image size-large\"><img decoding=\"async\" loading=\"lazy\" width=\"800\" height=\"605\" data-id=\"51925\" src=\"https:\/\/speyer24news.com\/wp-content\/uploads\/2023\/04\/Spargelanstich-Dudenhofen-36.jpg\" alt=\"\" class=\"wp-image-51925\" srcset=\"https:\/\/speyer24news.com\/wp-content\/uploads\/2023\/04\/Spargelanstich-Dudenhofen-36.jpg 800w, https:\/\/speyer24news.com\/wp-content\/uploads\/2023\/04\/Spargelanstich-Dudenhofen-36-300x227.jpg 300w, https:\/\/speyer24news.com\/wp-content\/uploads\/2023\/04\/Spargelanstich-Dudenhofen-36-768x581.jpg 768w, https:\/\/speyer24news.com\/wp-content\/uploads\/2023\/04\/Spargelanstich-Dudenhofen-36-80x60.jpg 80w\" sizes=\"(max-width: 800px) 100vw, 800px\" \/><\/figure>\n\n\n\n<figure class=\"wp-block-image size-large\"><img decoding=\"async\" loading=\"lazy\" width=\"800\" height=\"602\" data-id=\"51926\" src=\"https:\/\/speyer24news.com\/wp-content\/uploads\/2023\/04\/Spargelanstich-Dudenhofen-37.jpg\" alt=\"\" class=\"wp-image-51926\" srcset=\"https:\/\/speyer24news.com\/wp-content\/uploads\/2023\/04\/Spargelanstich-Dudenhofen-37.jpg 800w, https:\/\/speyer24news.com\/wp-content\/uploads\/2023\/04\/Spargelanstich-Dudenhofen-37-300x226.jpg 300w, https:\/\/speyer24news.com\/wp-content\/uploads\/2023\/04\/Spargelanstich-Dudenhofen-37-768x578.jpg 768w, https:\/\/speyer24news.com\/wp-content\/uploads\/2023\/04\/Spargelanstich-Dudenhofen-37-678x509.jpg 678w, https:\/\/speyer24news.com\/wp-content\/uploads\/2023\/04\/Spargelanstich-Dudenhofen-37-326x245.jpg 326w, https:\/\/speyer24news.com\/wp-content\/uploads\/2023\/04\/Spargelanstich-Dudenhofen-37-80x60.jpg 80w\" sizes=\"(max-width: 800px) 100vw, 800px\" \/><\/figure>\n\n\n\n<figure class=\"wp-block-image size-large\"><img decoding=\"async\" loading=\"lazy\" width=\"800\" height=\"600\" data-id=\"51936\" src=\"https:\/\/speyer24news.com\/wp-content\/uploads\/2023\/04\/Spargelanstich-Dudenhofen-38.jpg\" alt=\"\" class=\"wp-image-51936\" srcset=\"https:\/\/speyer24news.com\/wp-content\/uploads\/2023\/04\/Spargelanstich-Dudenhofen-38.jpg 800w, https:\/\/speyer24news.com\/wp-content\/uploads\/2023\/04\/Spargelanstich-Dudenhofen-38-300x225.jpg 300w, https:\/\/speyer24news.com\/wp-content\/uploads\/2023\/04\/Spargelanstich-Dudenhofen-38-768x576.jpg 768w, https:\/\/speyer24news.com\/wp-content\/uploads\/2023\/04\/Spargelanstich-Dudenhofen-38-678x509.jpg 678w, https:\/\/speyer24news.com\/wp-content\/uploads\/2023\/04\/Spargelanstich-Dudenhofen-38-326x245.jpg 326w, https:\/\/speyer24news.com\/wp-content\/uploads\/2023\/04\/Spargelanstich-Dudenhofen-38-80x60.jpg 80w\" sizes=\"(max-width: 800px) 100vw, 800px\" \/><\/figure>\n\n\n\n<figure class=\"wp-block-image size-large\"><img decoding=\"async\" loading=\"lazy\" width=\"800\" height=\"600\" data-id=\"51934\" src=\"https:\/\/speyer24news.com\/wp-content\/uploads\/2023\/04\/Spargelanstich-Dudenhofen-39.jpg\" alt=\"\" class=\"wp-image-51934\" srcset=\"https:\/\/speyer24news.com\/wp-content\/uploads\/2023\/04\/Spargelanstich-Dudenhofen-39.jpg 800w, https:\/\/speyer24news.com\/wp-content\/uploads\/2023\/04\/Spargelanstich-Dudenhofen-39-300x225.jpg 300w, https:\/\/speyer24news.com\/wp-content\/uploads\/2023\/04\/Spargelanstich-Dudenhofen-39-768x576.jpg 768w, https:\/\/speyer24news.com\/wp-content\/uploads\/2023\/04\/Spargelanstich-Dudenhofen-39-678x509.jpg 678w, https:\/\/speyer24news.com\/wp-content\/uploads\/2023\/04\/Spargelanstich-Dudenhofen-39-326x245.jpg 326w, https:\/\/speyer24news.com\/wp-content\/uploads\/2023\/04\/Spargelanstich-Dudenhofen-39-80x60.jpg 80w\" sizes=\"(max-width: 800px) 100vw, 800px\" \/><\/figure>\n\n\n\n<figure class=\"wp-block-image size-large\"><img decoding=\"async\" loading=\"lazy\" width=\"800\" height=\"594\" data-id=\"51937\" src=\"https:\/\/speyer24news.com\/wp-content\/uploads\/2023\/04\/Spargelanstich-Dudenhofen-40.jpg\" alt=\"\" class=\"wp-image-51937\" srcset=\"https:\/\/speyer24news.com\/wp-content\/uploads\/2023\/04\/Spargelanstich-Dudenhofen-40.jpg 800w, https:\/\/speyer24news.com\/wp-content\/uploads\/2023\/04\/Spargelanstich-Dudenhofen-40-300x223.jpg 300w, https:\/\/speyer24news.com\/wp-content\/uploads\/2023\/04\/Spargelanstich-Dudenhofen-40-768x570.jpg 768w, https:\/\/speyer24news.com\/wp-content\/uploads\/2023\/04\/Spargelanstich-Dudenhofen-40-80x60.jpg 80w\" sizes=\"(max-width: 800px) 100vw, 800px\" \/><\/figure>\n\n\n\n<figure class=\"wp-block-image size-large\"><img decoding=\"async\" loading=\"lazy\" width=\"800\" height=\"600\" data-id=\"51940\" src=\"https:\/\/speyer24news.com\/wp-content\/uploads\/2023\/04\/Spargelanstich-Dudenhofen-41.jpg\" alt=\"\" class=\"wp-image-51940\" srcset=\"https:\/\/speyer24news.com\/wp-content\/uploads\/2023\/04\/Spargelanstich-Dudenhofen-41.jpg 800w, https:\/\/speyer24news.com\/wp-content\/uploads\/2023\/04\/Spargelanstich-Dudenhofen-41-300x225.jpg 300w, https:\/\/speyer24news.com\/wp-content\/uploads\/2023\/04\/Spargelanstich-Dudenhofen-41-768x576.jpg 768w, https:\/\/speyer24news.com\/wp-content\/uploads\/2023\/04\/Spargelanstich-Dudenhofen-41-678x509.jpg 678w, https:\/\/speyer24news.com\/wp-content\/uploads\/2023\/04\/Spargelanstich-Dudenhofen-41-326x245.jpg 326w, https:\/\/speyer24news.com\/wp-content\/uploads\/2023\/04\/Spargelanstich-Dudenhofen-41-80x60.jpg 80w\" sizes=\"(max-width: 800px) 100vw, 800px\" \/><\/figure>\n\n\n\n<figure class=\"wp-block-image size-large\"><img decoding=\"async\" loading=\"lazy\" width=\"800\" height=\"600\" data-id=\"51939\" src=\"https:\/\/speyer24news.com\/wp-content\/uploads\/2023\/04\/Spargelanstich-Dudenhofen-42.jpg\" alt=\"\" class=\"wp-image-51939\" srcset=\"https:\/\/speyer24news.com\/wp-content\/uploads\/2023\/04\/Spargelanstich-Dudenhofen-42.jpg 800w, https:\/\/speyer24news.com\/wp-content\/uploads\/2023\/04\/Spargelanstich-Dudenhofen-42-300x225.jpg 300w, https:\/\/speyer24news.com\/wp-content\/uploads\/2023\/04\/Spargelanstich-Dudenhofen-42-768x576.jpg 768w, https:\/\/speyer24news.com\/wp-content\/uploads\/2023\/04\/Spargelanstich-Dudenhofen-42-678x509.jpg 678w, https:\/\/speyer24news.com\/wp-content\/uploads\/2023\/04\/Spargelanstich-Dudenhofen-42-326x245.jpg 326w, https:\/\/speyer24news.com\/wp-content\/uploads\/2023\/04\/Spargelanstich-Dudenhofen-42-80x60.jpg 80w\" sizes=\"(max-width: 800px) 100vw, 800px\" \/><\/figure>\n\n\n\n<figure class=\"wp-block-image size-large\"><img decoding=\"async\" loading=\"lazy\" width=\"800\" height=\"587\" data-id=\"51938\" src=\"https:\/\/speyer24news.com\/wp-content\/uploads\/2023\/04\/Spargelanstich-Dudenhofen-43.jpg\" alt=\"\" class=\"wp-image-51938\" srcset=\"https:\/\/speyer24news.com\/wp-content\/uploads\/2023\/04\/Spargelanstich-Dudenhofen-43.jpg 800w, https:\/\/speyer24news.com\/wp-content\/uploads\/2023\/04\/Spargelanstich-Dudenhofen-43-300x220.jpg 300w, https:\/\/speyer24news.com\/wp-content\/uploads\/2023\/04\/Spargelanstich-Dudenhofen-43-768x564.jpg 768w, https:\/\/speyer24news.com\/wp-content\/uploads\/2023\/04\/Spargelanstich-Dudenhofen-43-80x60.jpg 80w\" sizes=\"(max-width: 800px) 100vw, 800px\" \/><\/figure>\n\n\n\n<figure class=\"wp-block-image size-large\"><img decoding=\"async\" loading=\"lazy\" width=\"800\" height=\"600\" data-id=\"51941\" src=\"https:\/\/speyer24news.com\/wp-content\/uploads\/2023\/04\/Spargelanstich-Dudenhofen-44.jpg\" alt=\"\" class=\"wp-image-51941\" srcset=\"https:\/\/speyer24news.com\/wp-content\/uploads\/2023\/04\/Spargelanstich-Dudenhofen-44.jpg 800w, https:\/\/speyer24news.com\/wp-content\/uploads\/2023\/04\/Spargelanstich-Dudenhofen-44-300x225.jpg 300w, https:\/\/speyer24news.com\/wp-content\/uploads\/2023\/04\/Spargelanstich-Dudenhofen-44-768x576.jpg 768w, https:\/\/speyer24news.com\/wp-content\/uploads\/2023\/04\/Spargelanstich-Dudenhofen-44-678x509.jpg 678w, https:\/\/speyer24news.com\/wp-content\/uploads\/2023\/04\/Spargelanstich-Dudenhofen-44-326x245.jpg 326w, https:\/\/speyer24news.com\/wp-content\/uploads\/2023\/04\/Spargelanstich-Dudenhofen-44-80x60.jpg 80w\" sizes=\"(max-width: 800px) 100vw, 800px\" \/><\/figure>\n\n\n\n<figure class=\"wp-block-image size-large\"><img decoding=\"async\" loading=\"lazy\" width=\"800\" height=\"600\" data-id=\"51942\" src=\"https:\/\/speyer24news.com\/wp-content\/uploads\/2023\/04\/Spargelanstich-Dudenhofen-45.jpg\" alt=\"\" class=\"wp-image-51942\" srcset=\"https:\/\/speyer24news.com\/wp-content\/uploads\/2023\/04\/Spargelanstich-Dudenhofen-45.jpg 800w, https:\/\/speyer24news.com\/wp-content\/uploads\/2023\/04\/Spargelanstich-Dudenhofen-45-300x225.jpg 300w, https:\/\/speyer24news.com\/wp-content\/uploads\/2023\/04\/Spargelanstich-Dudenhofen-45-768x576.jpg 768w, https:\/\/speyer24news.com\/wp-content\/uploads\/2023\/04\/Spargelanstich-Dudenhofen-45-678x509.jpg 678w, https:\/\/speyer24news.com\/wp-content\/uploads\/2023\/04\/Spargelanstich-Dudenhofen-45-326x245.jpg 326w, https:\/\/speyer24news.com\/wp-content\/uploads\/2023\/04\/Spargelanstich-Dudenhofen-45-80x60.jpg 80w\" sizes=\"(max-width: 800px) 100vw, 800px\" \/><\/figure>\n\n\n\n<figure class=\"wp-block-image size-large\"><img decoding=\"async\" loading=\"lazy\" width=\"500\" height=\"666\" data-id=\"51935\" src=\"https:\/\/speyer24news.com\/wp-content\/uploads\/2023\/04\/Spargelanstich-Dudenhofen-46.jpg\" alt=\"\" class=\"wp-image-51935\" srcset=\"https:\/\/speyer24news.com\/wp-content\/uploads\/2023\/04\/Spargelanstich-Dudenhofen-46.jpg 500w, https:\/\/speyer24news.com\/wp-content\/uploads\/2023\/04\/Spargelanstich-Dudenhofen-46-225x300.jpg 225w\" sizes=\"(max-width: 500px) 100vw, 500px\" \/><\/figure>\n\n\n\n<figure class=\"wp-block-image size-large\"><img decoding=\"async\" loading=\"lazy\" width=\"800\" height=\"600\" data-id=\"51959\" src=\"https:\/\/speyer24news.com\/wp-content\/uploads\/2023\/04\/20230421_133741.jpg\" alt=\"\" class=\"wp-image-51959\" srcset=\"https:\/\/speyer24news.com\/wp-content\/uploads\/2023\/04\/20230421_133741.jpg 800w, https:\/\/speyer24news.com\/wp-content\/uploads\/2023\/04\/20230421_133741-300x225.jpg 300w, https:\/\/speyer24news.com\/wp-content\/uploads\/2023\/04\/20230421_133741-768x576.jpg 768w, https:\/\/speyer24news.com\/wp-content\/uploads\/2023\/04\/20230421_133741-678x509.jpg 678w, https:\/\/speyer24news.com\/wp-content\/uploads\/2023\/04\/20230421_133741-326x245.jpg 326w, https:\/\/speyer24news.com\/wp-content\/uploads\/2023\/04\/20230421_133741-80x60.jpg 80w\" sizes=\"(max-width: 800px) 100vw, 800px\" \/><\/figure>\n\n\n\n<figure class=\"wp-block-image size-large\"><img decoding=\"async\" loading=\"lazy\" width=\"800\" height=\"600\" data-id=\"51958\" src=\"https:\/\/speyer24news.com\/wp-content\/uploads\/2023\/04\/20230421_134057.jpg\" alt=\"\" class=\"wp-image-51958\" srcset=\"https:\/\/speyer24news.com\/wp-content\/uploads\/2023\/04\/20230421_134057.jpg 800w, https:\/\/speyer24news.com\/wp-content\/uploads\/2023\/04\/20230421_134057-300x225.jpg 300w, https:\/\/speyer24news.com\/wp-content\/uploads\/2023\/04\/20230421_134057-768x576.jpg 768w, https:\/\/speyer24news.com\/wp-content\/uploads\/2023\/04\/20230421_134057-678x509.jpg 678w, https:\/\/speyer24news.com\/wp-content\/uploads\/2023\/04\/20230421_134057-326x245.jpg 326w, https:\/\/speyer24news.com\/wp-content\/uploads\/2023\/04\/20230421_134057-80x60.jpg 80w\" sizes=\"(max-width: 800px) 100vw, 800px\" \/><\/figure>\n\n\n\n<figure class=\"wp-block-image size-large\"><img decoding=\"async\" loading=\"lazy\" width=\"800\" height=\"600\" data-id=\"51961\" src=\"https:\/\/speyer24news.com\/wp-content\/uploads\/2023\/04\/20230421_135244.jpg\" alt=\"\" class=\"wp-image-51961\" srcset=\"https:\/\/speyer24news.com\/wp-content\/uploads\/2023\/04\/20230421_135244.jpg 800w, https:\/\/speyer24news.com\/wp-content\/uploads\/2023\/04\/20230421_135244-300x225.jpg 300w, https:\/\/speyer24news.com\/wp-content\/uploads\/2023\/04\/20230421_135244-768x576.jpg 768w, https:\/\/speyer24news.com\/wp-content\/uploads\/2023\/04\/20230421_135244-678x509.jpg 678w, https:\/\/speyer24news.com\/wp-content\/uploads\/2023\/04\/20230421_135244-326x245.jpg 326w, https:\/\/speyer24news.com\/wp-content\/uploads\/2023\/04\/20230421_135244-80x60.jpg 80w\" sizes=\"(max-width: 800px) 100vw, 800px\" \/><\/figure>\n\n\n\n<figure class=\"wp-block-image size-large\"><img decoding=\"async\" loading=\"lazy\" width=\"800\" height=\"606\" data-id=\"51960\" src=\"https:\/\/speyer24news.com\/wp-content\/uploads\/2023\/04\/20230421_135315.jpg\" alt=\"\" class=\"wp-image-51960\" srcset=\"https:\/\/speyer24news.com\/wp-content\/uploads\/2023\/04\/20230421_135315.jpg 800w, https:\/\/speyer24news.com\/wp-content\/uploads\/2023\/04\/20230421_135315-300x227.jpg 300w, https:\/\/speyer24news.com\/wp-content\/uploads\/2023\/04\/20230421_135315-768x582.jpg 768w, https:\/\/speyer24news.com\/wp-content\/uploads\/2023\/04\/20230421_135315-80x60.jpg 80w\" sizes=\"(max-width: 800px) 100vw, 800px\" \/><\/figure>\n\n\n\n<figure class=\"wp-block-image size-large\"><img decoding=\"async\" loading=\"lazy\" width=\"500\" height=\"667\" data-id=\"51957\" src=\"https:\/\/speyer24news.com\/wp-content\/uploads\/2023\/04\/20230421_135418.jpg\" alt=\"\" class=\"wp-image-51957\" srcset=\"https:\/\/speyer24news.com\/wp-content\/uploads\/2023\/04\/20230421_135418.jpg 500w, https:\/\/speyer24news.com\/wp-content\/uploads\/2023\/04\/20230421_135418-225x300.jpg 225w\" sizes=\"(max-width: 500px) 100vw, 500px\" \/><\/figure>\n<\/figure>\n\n\n\n<p><em>Text: Pfalz.Marketing e.V. Foto &amp; Video: Speyer 24 (NEWS), dak Fotos: Preisverleihung @ Bettina Schubert<br>21.04.2023<\/em><\/p>\n","protected":false},"excerpt":{"rendered":"<div class=\"mh-excerpt\"><p>Jubil\u00e4ums-Spargelstich an zwei Orten Pfalz.Marketing zeichnet Spitzenkoch Martin Scharff aus \/ Preisverleihung auf der Bundesgartenschau in Mannheim DUDENHOFEN\/MANNHEIM (pm.) Zum zwanzigsten Mal feiert die Pfalz in diesem Jahr mit dem \u201ePf\u00e4lzer Spargelstich\u201c den Beginn der <a class=\"mh-excerpt-more\" href=\"https:\/\/speyer24news.com\/?p=51886\" title=\"Spargelstich Dudenhofen mit Prominenz\">[&#8230;]<\/a><\/p>\n<\/div>","protected":false},"author":3,"featured_media":51947,"comment_status":"open","ping_status":"open","sticky":false,"template":"","format":"standard","meta":{"_monsterinsights_skip_tracking":false,"_monsterinsights_sitenote_active":false,"_monsterinsights_sitenote_note":"","_monsterinsights_sitenote_category":0,"footnotes":""},"categories":[11745],"tags":[14337,1032,16034,16038,16041,14336,16036,16035,3770,3764,16029,16037,16042,7499,726,16031,16032,16033,16030,16040,16039,16043],"aioseo_notices":[],"amp_enabled":true,"_links":{"self":[{"href":"https:\/\/speyer24news.com\/index.php?rest_route=\/wp\/v2\/posts\/51886"}],"collection":[{"href":"https:\/\/speyer24news.com\/index.php?rest_route=\/wp\/v2\/posts"}],"about":[{"href":"https:\/\/speyer24news.com\/index.php?rest_route=\/wp\/v2\/types\/post"}],"author":[{"embeddable":true,"href":"https:\/\/speyer24news.com\/index.php?rest_route=\/wp\/v2\/users\/3"}],"replies":[{"embeddable":true,"href":"https:\/\/speyer24news.com\/index.php?rest_route=%2Fwp%2Fv2%2Fcomments&post=51886"}],"version-history":[{"count":3,"href":"https:\/\/speyer24news.com\/index.php?rest_route=\/wp\/v2\/posts\/51886\/revisions"}],"predecessor-version":[{"id":51962,"href":"https:\/\/speyer24news.com\/index.php?rest_route=\/wp\/v2\/posts\/51886\/revisions\/51962"}],"wp:featuredmedia":[{"embeddable":true,"href":"https:\/\/speyer24news.com\/index.php?rest_route=\/wp\/v2\/media\/51947"}],"wp:attachment":[{"href":"https:\/\/speyer24news.com\/index.php?rest_route=%2Fwp%2Fv2%2Fmedia&parent=51886"}],"wp:term":[{"taxonomy":"category","embeddable":true,"href":"https:\/\/speyer24news.com\/index.php?rest_route=%2Fwp%2Fv2%2Fcategories&post=51886"},{"taxonomy":"post_tag","embeddable":true,"href":"https:\/\/speyer24news.com\/index.php?rest_route=%2Fwp%2Fv2%2Ftags&post=51886"}],"curies":[{"name":"wp","href":"https:\/\/api.w.org\/{rel}","templated":true}]}}