{"id":51950,"date":"2023-04-23T06:55:31","date_gmt":"2023-04-23T05:55:31","guid":{"rendered":"https:\/\/speyer24news.com\/?p=51950"},"modified":"2023-04-23T06:55:33","modified_gmt":"2023-04-23T05:55:33","slug":"polizeimeldungen-samstag-22-04-2023","status":"publish","type":"post","link":"https:\/\/speyer24news.com\/?p=51950","title":{"rendered":"Polizeimeldungen Samstag (22.04.2023)"},"content":{"rendered":"<style type=\"text\/css\">\r\n\t.ads_top_disp{}\r\n\t.ads_top_corner_disp{ float:left; margin:0px 10px 10px 0px; }\r\n\t.ads_first_p_disp{}\r\n\t.ads_bottom_disp{}\r\n\t<\/style>\n<h2 class=\"wp-block-heading\">Polizeimeldungen vom Samstag (22.04.2023)<\/h2>\n\n\n<div class=\"wp-block-image\">\n<figure class=\"aligncenter size-full\"><img decoding=\"async\" loading=\"lazy\" width=\"375\" height=\"500\" src=\"https:\/\/speyer24news.com\/wp-content\/uploads\/2022\/03\/Aktuelles-Polizeilogo.jpg\" alt=\"\" class=\"wp-image-43591\" srcset=\"https:\/\/speyer24news.com\/wp-content\/uploads\/2022\/03\/Aktuelles-Polizeilogo.jpg 375w, https:\/\/speyer24news.com\/wp-content\/uploads\/2022\/03\/Aktuelles-Polizeilogo-225x300.jpg 225w\" sizes=\"(max-width: 375px) 100vw, 375px\" \/><\/figure><\/div>\n\n\n<h2 class=\"wp-block-heading\">(Speyer) &#8211; Einbruch in Kindertagesst\u00e4tte<\/h2>\n\n\n\n<p>In der Nacht zum 22.04.2023, um 01:35 Uhr, konnte durch zwei aufmerksame Zeugen aus dem Fenster beobachtet werden, wie zwei dunkel gekleidete Personen in die Kindertagesst\u00e4tte L\u00f6wenzahn im Carl-von-Ossietzky-Weg einzubrechen versuchten.<br>Ein T\u00e4ter hatte ein Brecheisen in der Hand und setzte dieses an einer T\u00fcr im hinteren Bereich der Kindertagesst\u00e4tte an. Als die T\u00e4ter aber die beiden Zeugen am Fenster sahen, ergriffen sie die Flucht. Die unmittelbar eingeleiteten Fahndungsma\u00dfnahmen f\u00fchrten nicht zum Erfolg, die T\u00e4ter konnten nicht mehr festgestellt werden. <br><br>Der Sachschaden d\u00fcrfte bei ca. 1000EUR liegen.<\/p>\n\n\n\n<h2 class=\"wp-block-heading\">(Speyer) &#8211; Jugendschutzkontrollen auf der Fr\u00fchjahrsmesse<\/h2>\n\n\n<div class=\"wp-block-image\">\n<figure class=\"aligncenter size-full\"><img decoding=\"async\" loading=\"lazy\" width=\"640\" height=\"480\" src=\"https:\/\/speyer24news.com\/wp-content\/uploads\/2021\/04\/Alkohol.jpg\" alt=\"\" class=\"wp-image-35158\" srcset=\"https:\/\/speyer24news.com\/wp-content\/uploads\/2021\/04\/Alkohol.jpg 640w, https:\/\/speyer24news.com\/wp-content\/uploads\/2021\/04\/Alkohol-300x225.jpg 300w, https:\/\/speyer24news.com\/wp-content\/uploads\/2021\/04\/Alkohol-326x245.jpg 326w, https:\/\/speyer24news.com\/wp-content\/uploads\/2021\/04\/Alkohol-80x60.jpg 80w\" sizes=\"(max-width: 640px) 100vw, 640px\" \/><\/figure><\/div>\n\n\n<p>Am 21.04.2023 im Zeitraum von 18.00 Uhr bis 23.00 Uhr wurden anl\u00e4sslich der Fr\u00fchjahrsmesse Jugendschutzkontrollen durchgef\u00fchrt. <br>Hierbei konnten mehrere Verst\u00f6\u00dfe festgestellt werden. <br>So f\u00fchrten einige Kinder und Jugendliche unerlaubterweise Tabakerzeugnisse oder &#8211; entgegen der Allgemeinverf\u00fcgung der Stadt Speyer &#8211; alkoholische Getr\u00e4nke mit sich.<br>Ein weiterer 16-j\u00e4hriger wurde festgestellt, als dieser &#8211; offensichtlich erheblich alkoholisiert &#8211; mit seinem Fahrrad nach Hause fahren wollte. Da ein sicheres Nachhausekommen nicht gew\u00e4hrleistet war, wurde er nach Hause gefahren und den Eltern \u00fcbergeben.<br>Auch in allen anderen F\u00e4llen wurden die Erziehungsberechtigten \u00fcber die Vorf\u00e4lle in Kenntnis gesetzt.<\/p>\n\n\n\n<h2 class=\"wp-block-heading\">(Speyer) &#8211; PKW-Aufbruch<\/h2>\n\n\n\n<p><a href=\"https:\/\/www.facebook.com\/sharer.php?u=https%3A%2F%2Fwww.presseportal.de%2Fblaulicht%2Fpm%2F117688%2F5491834%2F%3Futm_source%3Dfacebook%26utm_medium%3Dsocial\"><\/a><a href=\"https:\/\/twitter.com\/intent\/tweet?text=POL-PDLU%3A%20PKW-Aufbruch&amp;url=https%3A%2F%2Fwww.presseportal.de%2Fblaulicht%2Fpm%2F117688%2F5491834%2F%3Futm_source%3Dtwitter%26utm_medium%3Dsocial&amp;hashtags=ots&amp;lang=de\"><\/a><a href=\"https:\/\/web.whatsapp.com\/send?text=POL-PDLU%3A%20PKW-Aufbruch%0A%0Ahttps%3A%2F%2Fwww.presseportal.de%2Fblaulicht%2Fpm%2F117688%2F5491834%2F%3Futm_source%3Dwhatsapp%26utm_medium%3Dsocial\"><\/a><a href=\"https:\/\/www.xing.com\/app\/user?op=share;url=https%3A%2F%2Fwww.presseportal.de%2Fblaulicht%2Fpm%2F117688%2F5491834%2F%3Futm_source%3Dxing%26utm_medium%3Dsocial\"><\/a><a href=\"http:\/\/www.linkedin.com\/shareArticle?mini=true&amp;url=https%3A%2F%2Fwww.presseportal.de%2Fblaulicht%2Fpm%2F117688%2F5491834%2F%3Futm_source%3Dlinkedin%26utm_medium%3Dsocial&amp;title=POL-PDLU%3A+PKW-Aufbruch\"><\/a><a href=\"mailto:?subject=POL-PDLU%3A%20PKW-Aufbruch&amp;body=https:\/\/www.presseportal.de\/blaulicht\/pm\/117688\/5491834\"><\/a>Am 21.04.2023 im Zeitraum von ca. 20:15 Uhr bis 21:30 Uhr schlugen unbekannte T\u00e4ter die hintere Heckscheibe des Autos eines 48-J\u00e4hrigen Gesch\u00e4digten ein. Dieser parkte sein Auto auf einem Waldparkplatz neben der L528 in Richtung Iggelheim.<br>\u00dcber die Notentriegelung konnte der T\u00e4ter vermutlich die Kofferraumklappe \u00f6ffnen und mehrere Gegenst\u00e4nde aus dem Auto entwenden. Der Schaden d\u00fcrfte bei ca. 5000EUR liegen.<\/p>\n\n\n\n<h2 class=\"wp-block-heading\">(Speyer) &#8211; Verkehrsgef\u00e4hrdung<\/h2>\n\n\n\n<p>Am fr\u00fchen Freitagabend befuhren ein 47-j\u00e4hriger und ein 21-j\u00e4hriger Mann in dieser Reihenfolge mit ihren Autos die Gilgenstra\u00dfe aus Richtung des Bartholom\u00e4us-Weltz-Platzes kommend. Ein 51-j\u00e4hriger Autofahrer kam ihnen auf der Gilgenstra\u00dfe entgegen und wollte auf den Bartholom\u00e4us-Weltz-Platz abbiegen. <br>Da die weiteren Verkehrsteilnehmer vor dem 51-J\u00e4hrigen aber aufgrund der Verkehrslage halten mussten, fuhr dieser einfach an diesen vorbei und nutzte hierbei die Stra\u00dfe des Gegenverkehrs, auf der sich die entgegenkommenden beiden Autofahrer befanden.<\/p>\n\n\n\n<p>Der 47-j\u00e4hrige Autofahrer musste dadurch eine Vollbremsung vollziehen, um nicht mit dem 51-J\u00e4hrigen zusammenzusto\u00dfen. Da der 21-J\u00e4hrige hinter ihm keinen ausreichenden Sicherheitsabstand hielt, fuhr dieser seinem Vordermann auf. <br>An beiden Fahrzeugen entstand ein Sachschaden von insgesamt ca. 3000EUR.<br>Der 51-j\u00e4hrige muss sich nun wegen seinem r\u00fccksichtslosen \u00dcberholvorgang aufgrund des Verdachts der Stra\u00dfenverkehrsgef\u00e4hrdung verantworten.<\/p>\n\n\n\n<h2 class=\"wp-block-heading\">(Impflingen) &#8211; Mit 30 km\/h in Schlangenlinien \u00fcber die B38<\/h2>\n\n\n\n<p>Am 21.04.2023 wurde der Polizei Landau gegen 22:35 Uhr ein BMW-Fahrer gemeldet, welcher in Schlangenlinien die B38 in Richtung Bad Bergzabern befahren w\u00fcrde. Auch w\u00fcrde der PKW BMW auffallend langsam fahren, stellenweise lediglich mit 30 km\/h. Der BMW konnte bei Impflingen einer Kontrolle unterzogen werden. Der Grund f\u00fcr die auff\u00e4llige Fahrweise konnte schnell ermittelt werden. Ein durchgef\u00fchrter Alco-Test ergab einen Wert von 1,63 Promille. Der 56-J\u00e4hrige wurde sodann zur Dienststelle verbracht, wo ihm eine Blutprobe entnommen wurde. Sein F\u00fchrerschein wurde sichergestellt Er wird sich nun in einem Strafverfahren wegen Trunkenheit im Verkehr verantworten m\u00fcssen. Auch die F\u00fchrerschelle wurde hier\u00fcber informiert.<\/p>\n\n\n\n<h2 class=\"wp-block-heading\">(Landau) &#8211; Polizei Landau bei der Ausbildungs- und Hochschulmesse<\/h2>\n\n\n\n<p>Die Polizeiinspektion Landau war am 22.04.2023, auf der Ausbildungs- und Hochschulmesse in der Landauer Festhalle. Von 09:30 bis 14:30 Uhr informierten Euch die Einstellungsberater der Landauer Polizei \u00fcber das Studium zur Polizeikommissarin \/ zum Polizeikommissar. <\/p>\n\n\n\n<p>Ihr hattet heute keine Zeit und wollt dennoch Informationen oder ein Praktikum bei uns machen? Unter\u00a0<a href=\"mailto:pilandau.einstellungen@polizei.rlp.de\">pilandau.einstellungen@polizei.rlp.de<\/a>\u00a0sind wir f\u00fcr Euch erreichbar.<\/p>\n\n\n\n<p>Mit Einsatz. Im Einsatz. F\u00fcr Rheinland-Pfalz<\/p>\n\n\n\n<h2 class=\"wp-block-heading\">(Landau) &#8211; Aus dem Kreisverkehr geflogen<\/h2>\n\n\n\n<p>Am 21.04.2023 befuhr gegen 16:35 Uhr ein 30-j\u00e4hriger Subaru-Fahrer den Kreisverkehr in der Haardtstra\u00dfe in Landau. Aufgrund nicht angepasster Geschwindigkeit kam der Subaru-Fahrer beim Verlassen des Kreisverkehrs in Richtung Nordring nach rechts von der Fahrbahn ab und kollidierte dort mit Findlingen, einem Verkehrsschild, zwei Pollern und einem Mast. Am PKW Subaru entstand Totalschaden. Die Gesamtschadensh\u00f6he betr\u00e4gt circa 4000 Euro. Sowohl der Subaru-Fahrer als auch seine drei Mitfahrer blieben gl\u00fccklicherweise allesamt unverletzt. Nicht nur die nicht angepasste Geschwindigkeit d\u00fcrfte hierbei jedoch unfallurs\u00e4chlich gewesen sein. Bei der \u00dcberpr\u00fcfung der Fahrtauglichkeit konnten beim 30-J\u00e4hrigen Auffallerscheinungen festgestellt werden, die auf den Konsum von Bet\u00e4ubungsmitteln hindeuteten. Da ein Vortest verweigert wurde, wurde er zwecks Blutentnahme mit zur Dienststelle genommen. Der F\u00fchrerschein wurde sichergestellt. Der Subaru-Fahrer wird sich nun in einem Strafverfahren wegen Stra\u00dfenverkehrsgef\u00e4hrdung verantworten m\u00fcssen. Auch die F\u00fchrerscheinstelle wurde \u00fcber den Vorfall informiert.<\/p>\n\n\n\n<h2 class=\"wp-block-heading\">(Freimersheim) &#8211; Verkehrsunfall im Weinberg<\/h2>\n\n\n<div class=\"wp-block-image\">\n<figure class=\"aligncenter size-full\"><img decoding=\"async\" loading=\"lazy\" width=\"800\" height=\"600\" src=\"https:\/\/speyer24news.com\/wp-content\/uploads\/2023\/04\/9.jpg\" alt=\"\" class=\"wp-image-51951\" srcset=\"https:\/\/speyer24news.com\/wp-content\/uploads\/2023\/04\/9.jpg 800w, https:\/\/speyer24news.com\/wp-content\/uploads\/2023\/04\/9-300x225.jpg 300w, https:\/\/speyer24news.com\/wp-content\/uploads\/2023\/04\/9-768x576.jpg 768w, https:\/\/speyer24news.com\/wp-content\/uploads\/2023\/04\/9-678x509.jpg 678w, https:\/\/speyer24news.com\/wp-content\/uploads\/2023\/04\/9-326x245.jpg 326w, https:\/\/speyer24news.com\/wp-content\/uploads\/2023\/04\/9-80x60.jpg 80w\" sizes=\"(max-width: 800px) 100vw, 800px\" \/><\/figure><\/div>\n\n\n<p>Ein 64-j\u00e4hriger Fahrzeugf\u00fchrer befuhr am Freitagnachmittag (21.04.2023, gegen 16:45 Uhr) die L507 von Freimersheim in Richtung Gro\u00dffischlingen. Im Bereich der Kreuzung mit der L540 hatte der Fahrer nach eigenen Angaben einen &#8222;Blackout&#8220; und fuhr ungebremst geradeaus \u00fcber die Kreuzung in den dortigen Weinberg. Erst nach etwa 300 Meter kam das Fahrzeug zum Stillstand.<\/p>\n\n\n<div class=\"wp-block-image\">\n<figure class=\"aligncenter size-full\"><img decoding=\"async\" loading=\"lazy\" width=\"800\" height=\"600\" src=\"https:\/\/speyer24news.com\/wp-content\/uploads\/2023\/04\/4.jpg\" alt=\"\" class=\"wp-image-51952\" srcset=\"https:\/\/speyer24news.com\/wp-content\/uploads\/2023\/04\/4.jpg 800w, https:\/\/speyer24news.com\/wp-content\/uploads\/2023\/04\/4-300x225.jpg 300w, https:\/\/speyer24news.com\/wp-content\/uploads\/2023\/04\/4-768x576.jpg 768w, https:\/\/speyer24news.com\/wp-content\/uploads\/2023\/04\/4-678x509.jpg 678w, https:\/\/speyer24news.com\/wp-content\/uploads\/2023\/04\/4-326x245.jpg 326w, https:\/\/speyer24news.com\/wp-content\/uploads\/2023\/04\/4-80x60.jpg 80w\" sizes=\"(max-width: 800px) 100vw, 800px\" \/><\/figure><\/div>\n\n\n<p>Gl\u00fccklicherweise wurde der Fahrer bei dem Unfall nicht verletzt und es kam auch zu keinen Gef\u00e4hrdungen anderer Verkehrsteilnehmer. Am Fahrzeug, sowie an einzelnen Reben des Weinbergs entstand jedoch ein nicht geringer Sachschaden.<\/p>\n\n\n\n<h2 class=\"wp-block-heading\">(Ebertsheim) &#8211; Geschwindigkeitskontrollen<\/h2>\n\n\n\n<p>Am Freitag, 21.04.2023 zwischen 14:15 Uhr und 16:00 Uhr wurden durch Einsatzkr\u00e4fte der Polizeiinspektion Gr\u00fcnstadt Geschwindigkeitskontrollen in der Eisenberger Stra\u00dfe in Ebertsheim durchgef\u00fchrt. Es wurden 400 Fahrzeuge gemessen. Bei erlaubten 30km\/h wurden 20 Geschwindigkeitsverst\u00f6\u00dfe festgestellt und geahndet. Die h\u00f6chste gemessene Geschwindigkeit betrug 69km\/h.<\/p>\n\n\n\n<h2 class=\"wp-block-heading\">(Bockenheim) &#8211; Einbruchsdiebstahl in Rohbaugeb\u00e4ude<\/h2>\n\n\n\n<p>Bislang unbekannte T\u00e4ter verschafften sich im Tatzeitraum von Mittwoch, dem 19.04.2023 bis zum Samstag, dem 22.04.2023, Zugang zu einem leerstehenden Rohbaugeb\u00e4ude in der Ortsmitte Bockenheims. Der\/die T\u00e4ter hebelte hierzu ein Fenster im r\u00fcckw\u00e4rtigen Bereich des Anwesens auf und gelangten so in das Geb\u00e4udeinnere. Entwendet wurden nach aktuellem Ermittlungsstand diverse Werkzeuge und Bauger\u00e4te. Der entstandene Sachschaden wird auf eine hohe vierstellige Summe gesch\u00e4tzt.<\/p>\n\n\n\n<ul>\n<li><strong>Sachdienstliche Hinweise und verd\u00e4chtige Wahrnehmungen welche in dem Tatzeitraum festgestellt wurden nimmt die Polizeiinspektion Gr\u00fcnstadt unter der 06359-9312 5020 entgegen.<\/strong><\/li>\n<\/ul>\n\n\n\n<h2 class=\"wp-block-heading\">(Gr\u00fcnstadt) &#8211; Geschwindigkeits\u00fcberwachung<a href=\"https:\/\/www.facebook.com\/sharer.php?u=https%3A%2F%2Fwww.presseportal.de%2Fblaulicht%2Fpm%2F117687%2F5491705%2F%3Futm_source%3Dfacebook%26utm_medium%3Dsocial\"><\/a><a href=\"https:\/\/twitter.com\/intent\/tweet?text=POL-PDNW%3A%20Geschwindigkeits%C3%BCberwachung%20in%20Gr%C3%BCnstadt&amp;url=https%3A%2F%2Fwww.presseportal.de%2Fblaulicht%2Fpm%2F117687%2F5491705%2F%3Futm_source%3Dtwitter%26utm_medium%3Dsocial&amp;hashtags=ots&amp;lang=de\"><\/a><a href=\"https:\/\/web.whatsapp.com\/send?text=POL-PDNW%3A%20Geschwindigkeits%C3%BCberwachung%20in%20Gr%C3%BCnstadt%0A%0Ahttps%3A%2F%2Fwww.presseportal.de%2Fblaulicht%2Fpm%2F117687%2F5491705%2F%3Futm_source%3Dwhatsapp%26utm_medium%3Dsocial\"><\/a><a href=\"https:\/\/www.xing.com\/app\/user?op=share;url=https%3A%2F%2Fwww.presseportal.de%2Fblaulicht%2Fpm%2F117687%2F5491705%2F%3Futm_source%3Dxing%26utm_medium%3Dsocial\"><\/a><a href=\"http:\/\/www.linkedin.com\/shareArticle?mini=true&amp;url=https%3A%2F%2Fwww.presseportal.de%2Fblaulicht%2Fpm%2F117687%2F5491705%2F%3Futm_source%3Dlinkedin%26utm_medium%3Dsocial&amp;title=POL-PDNW%3A+Geschwindigkeits%C3%BCberwachung+in+Gr%C3%BCnstadt\"><\/a><a href=\"mailto:?subject=POL-PDNW%3A%20Geschwindigkeits%C3%BCberwachung%20in%20Gr%C3%BCnstadt&amp;body=https:\/\/www.presseportal.de\/blaulicht\/pm\/117687\/5491705\"><\/a><\/h2>\n\n\n\n<p>In der Nacht vom 21.04.23 zum 22.04.23 wurde eine Kontrollstelle zur Geschwindigkeits\u00fcberwachung in der Asselheimer Stra\u00dfe in Gr\u00fcnstadt eingerichtet.<\/p>\n\n\n\n<p>Hierbei wurde die Geschwindigkeit von insgesamt 39 Fahrzeugen gemessen. Bei zwei Autofahrern konnte eine \u00fcberh\u00f6hte Geschwindigkeit festgestellt werden. Die Fahrzeuge wurden aufgrund des Geschwindigkeitsversto\u00dfes in die Kontrollstelle geleitet und einer Verkehrskontrolle unterzogen. Bei einem Autofahrer konnte zu dem Geschwindigkeitsversto\u00df eine Alkoholisierung im Ordnungswidrigkeitsbereich festgestellt werden.<\/p>\n\n\n\n<p>Gegen die betroffenen Autofahrer wurde ein Ordnungswidrigkeitsverfahren eingeleitet. Dem alkoholisierten Autofahrer wurde zudem die Weiterfahrt untersagt.<\/p>\n\n\n\n<h2 class=\"wp-block-heading\">(Gerolsheim) &#8211; Pkw-Diebstahl auf Hofgel\u00e4nde<\/h2>\n\n\n\n<p>Am Donnerstag, dem 20.04.2023, ist es zwischen 21:00 Uhr und 23:00 Uhr auf einem Hofgel\u00e4nde in Gerolsheim zu einer Komplettentwendung eines PKW gekommen. Das Fahrzeug, ein grauer VW Golf \u00e4lteren Baujahres, wurde in diesem Zeitraum durch einen Mitarbeiter des landwirtschaftlichen Betriebes auf dem Hofgel\u00e4nde abgestellt und anschlie\u00dfend durch bislang unbekannte\/-n T\u00e4ter entwendet. Es wird von einer Schadensh\u00f6he im niedrigen vierstelligen Bereich ausgegangen.<\/p>\n\n\n\n<ul>\n<li><strong>Es wird darum gebeten, dass Zeugen, die sachdienliche Hinweise oder verd\u00e4chtige Wahrnehmungen gemacht haben, sich unter der 06359\/9312-5020 mit der Polizeiinspektion Gr\u00fcnstadt telefonisch in Verbindung setzen.<\/strong><\/li>\n<\/ul>\n\n\n\n<h2 class=\"wp-block-heading\">(Frankenthal) &#8211; Mit 1,38 Promille auf Polizeibeamten zugefahren<\/h2>\n\n\n\n<p>Wegen seiner besonders auff\u00e4lligen Fahrweise ist ein 55-j\u00e4hriger Mann aus der Verbandsgemeinde Lambsheim-He\u00dfheim in der Freitagnacht einer Verkehrskontrolle unterzogen worden. Durch die Polizei Frankenthal wurden im Zeitraum zwischen 01:00 und 02:00 Uhr Geschwindigkeitskontrollen in der Stra\u00dfe &#8222;Am Kanal&#8220; durchgef\u00fchrt. Der 55-J\u00e4hrige fuhr jedoch trotz deutlicher Anhaltesignale mit unver\u00e4nderter Geschwindigkeit auf den Polizeibeamten zu. Etwa 20-30 Meter vor diesem f\u00fchrte der 55-J\u00e4hrige eine Gefahrenbremsung durch, sodass dessen PKW nur wenige Meter vor dem Polizeibeamten zum Stehen kam. Im Verlauf der anschlie\u00dfenden Kontrolle stellten die Beamten bei dem 55-J\u00e4hrigen eine deutliche Alkoholisierung fest: Der durchgef\u00fchrte Atemalkoholtest ergab einen Wert von 1,38 Promille. Ihm wurde daher eine Blutprobe entnommen und sein F\u00fchrerschein wurde beschlagnahmt. W\u00e4hrend der gesamten Kontrolle zeigte der 55-J\u00e4hrige keinerlei Einsicht.<\/p>\n\n\n\n<h2 class=\"wp-block-heading\">(Frankenthal) &#8211; Polizeibeamten bedroht und \u00c4rztin getreten<\/h2>\n\n\n\n<p>Am gestrigen Freitagabend gegen 20:30 Uhr hat ein 18-j\u00e4hriger Frankenthaler einen Polizeibeamten bedroht und im Anschluss eine \u00c4rztin getreten. Die Polizeibeamten wurden zun\u00e4chst in die Fontanesiestra\u00dfe gerufen, da dort ein Mann &#8211; der 18-J\u00e4hrige &#8211; eine Autoscheibe eingeschlagen habe. Im Zuge der Personenkontrolle wurde ein 27-j\u00e4hriger Polizeibeamter von dem 18-J\u00e4hrigen bedroht. Dieser verhielt sich w\u00e4hrend des gesamten Einsatzes aggressiv und sprunghaft und wurde daher in einem nahegelegenen Krankenhaus einer \u00c4rztin vorgestellt. Hier trat der Beschuldigte w\u00e4hrend des Gespr\u00e4chs mit der \u00c4rztin dieser gegen den Oberschenkel. Den 18-J\u00e4hrigen erwarten nun mehrere Strafverfahren.<\/p>\n\n\n\n<h2 class=\"wp-block-heading\">(Bobenheim-Roxheim) &#8211; 2.500 Euro Schaden durch Sachbesch\u00e4digung<\/h2>\n\n\n\n<p>Durch einen bislang unbekannten T\u00e4ter wurde am Donnerstag, dem 20.04.2023 im Tatzeitraum zwischen 13:00 und 15:30 Uhr, der PKW der Gesch\u00e4digten zerkratzt. Der hellblaue Nissan war in der Roxheimer Stra\u00dfe in H\u00f6he des Vogelparks bzw. des dortigen Spielplatzes geparkt.<\/p>\n\n\n\n<ul>\n<li><strong>Zeugen werden gebeten sich an die Polizeiinspektion Frankenthal unter der Tel.-Nr.: 06233\/313-0 oder an die Polizeiwache Maxdorf unter der Tel.-Nr.: 06237\/934-1100 zu wenden. Gerne nehmen wir Ihre Hinweise auch per E-Mail unter\u00a0<a href=\"mailto:pifrankenthal@polizei.rlp.de\">pifrankenthal@polizei.rlp.de<\/a>\u00a0entgegen.<\/strong><\/li>\n<\/ul>\n\n\n\n<h2 class=\"wp-block-heading\">(Ludwigshafen) &#8211; Versuchter Diebstahl unter Drogeneinfluss<\/h2>\n\n\n<div class=\"wp-block-image\">\n<figure class=\"aligncenter size-full\"><img decoding=\"async\" loading=\"lazy\" width=\"800\" height=\"600\" src=\"https:\/\/speyer24news.com\/wp-content\/uploads\/2019\/06\/Ausn\u00fcchterungszelle.jpg\" alt=\"\" class=\"wp-image-15212\" srcset=\"https:\/\/speyer24news.com\/wp-content\/uploads\/2019\/06\/Ausn\u00fcchterungszelle.jpg 800w, https:\/\/speyer24news.com\/wp-content\/uploads\/2019\/06\/Ausn\u00fcchterungszelle-300x225.jpg 300w, https:\/\/speyer24news.com\/wp-content\/uploads\/2019\/06\/Ausn\u00fcchterungszelle-768x576.jpg 768w, https:\/\/speyer24news.com\/wp-content\/uploads\/2019\/06\/Ausn\u00fcchterungszelle-678x509.jpg 678w, https:\/\/speyer24news.com\/wp-content\/uploads\/2019\/06\/Ausn\u00fcchterungszelle-326x245.jpg 326w, https:\/\/speyer24news.com\/wp-content\/uploads\/2019\/06\/Ausn\u00fcchterungszelle-80x60.jpg 80w\" sizes=\"(max-width: 800px) 100vw, 800px\" \/><figcaption class=\"wp-element-caption\">Beispielbild Zelle \/ Verhaftung, dient lediglich der Visualisierung<\/figcaption><\/figure><\/div>\n\n\n<p>In der Nacht von Freitag auf Samstag, gegen 02:20 Uhr verschaffte sich ein 35-j\u00e4hriger Mann Zutritt zu einem am Stra\u00dfenrand in der Ludwigstra\u00dfe geparkten PKW und setzte sich auf den Fahrersitz. Der Eigent\u00fcmer des PKW konnte den Mann noch rechtzeitig daran hindern wegzufahren und verst\u00e4ndigte die Polizei. Bei Eintreffen der Polizei wollte der Mann den PKW nicht verlassen und verhielt sich verbal aggressiv gegen\u00fcber den Polizisten. Nur unter erheblichem Kraftaufwand konnte der augenscheinlich unter Drogen stehende Mann aus dem Auto gebracht werden. Auf der Dienststelle wurde ihm eine Blutprobe entnommen und die restliche Nacht verbrachte er aufgrund seines zuvor gezeigten Verhaltens im polizeilichen Gewahrsam. Ihn erwartet eine Strafanzeige wegen versuchtem Diebstahl und Widerstand gegen die Polizei.<\/p>\n\n\n\n<h2 class=\"wp-block-heading\">(Ludwigshafen) &#8211; Stra\u00dfenverkehrsgef\u00e4hrdung und Verkehrsunfallflucht im Stadtteil West<\/h2>\n\n\n\n<p>Durch einen Zeugen konnte am 21.04.2023, gegen 17 Uhr der Fahrer eines LKW MAN in der Valentin-Bauer-Stra\u00dfe beobachtet werden, welcher in Schlangenlinien fuhr. Hierbei touchierte der Fahrer auf H\u00f6he der Nummer 19 einen Audi A6, welcher am linken Fahrbahnrand ordnungsgem\u00e4\u00df geparkt stand. Es entstand Sachschaden von ca. 5000 Euro. Ohne sich um den entstandenen Schaden zu k\u00fcmmern, fuhr der Fahrer weiter. Schlie\u00dflich konnte der 59-j\u00e4hrige Fahrer aus Ludwigshafen in der Bruchwiesenstra\u00dfe festgestellt und kontrolliert werden. Ersten Ermittlungen nach k\u00f6nnte es sich um ein medizinisches Problem gehandelt haben. Der Fahrer wurde mit dem Rettungsdienst in ein Krankenhaus verbracht. Am LKW entstand ein Sachschaden von ca. 2000 Euro.<\/p>\n\n\n\n<h2 class=\"wp-block-heading\">(Ludwigshafen) &#8211; Verkehrsunfallflucht im Stadtteil Mitte<\/h2>\n\n\n\n<p>Im Zeitraum 21.04.2023. 05:30 Uhr bis 21.04.2023, 11:15 Uhr touchierte in der Bgm.-Kutterer-Stra\u00dfe, H\u00f6he der Nummer 14 ein bislang unbekannter Verkehrsteilnehmer mit seinem Fahrzeug vermutlich beim Ausparken einen daneben geparkten KIA Niro. Es entstand ein Sachschaden von ca. 1000 Euro.<\/p>\n\n\n\n<p>Der Unfallverursacher fl\u00fcchtete von der Unfallstelle, ohne sich um den entstandenen Schaden zu k\u00fcmmern.<\/p>\n\n\n\n<ul>\n<li><strong>Zeugen des Verkehrsunfalls werden gebeten sich bei der Polizeiinspektion Ludwigshafen 2 unter der Telefonnummer 0621 963-2222 oder unter der E-Mail Adresse\u00a0<a href=\"mailto:piludwigshafen2@polizei.rlp.de\">piludwigshafen2@polizei.rlp.de<\/a>\u00a0zu melden.<\/strong><\/li>\n<\/ul>\n\n\n\n<h2 class=\"wp-block-heading\">(Ludwigshafen) &#8211; Verkehrsunfallflucht im Stadtteil Edigheim<\/h2>\n\n\n\n<p>Im Zeitraum 20.04.2023, 16 Uhr bis 21.04.2023, 06:15 Uhr besch\u00e4digte ein bislang unbekannter Fahrzeugf\u00fchrer vermutlich beim Vorbeifahren einen geparkten Ford Focus in der Friesenheimer Stra\u00dfe, H\u00f6he der Nummer 33, welcher am rechten Fahrbahnrand geparkt war. Es entstand ein Sachschaden von ca. 3000 Euro.<\/p>\n\n\n\n<p>Der Unfallverursacher fl\u00fcchtete von der Unfallstelle, ohne sich um den entstandenen Schaden zu k\u00fcmmern.<\/p>\n\n\n\n<ul>\n<li><strong>Zeugen des Verkehrsunfalls werden gebeten sich bei der Polizeiinspektion Ludwigshafen 2 unter der Telefonnummer 0621 963-2222 oder unter der E-Mail Adresse\u00a0<a href=\"mailto:piludwigshafen2@polizei.rlp.de\">piludwigshafen2@polizei.rlp.de<\/a>\u00a0zu melden.<\/strong><\/li>\n<\/ul>\n\n\n\n<h2 class=\"wp-block-heading\">(Mannheim-Neckarstadt) &#8211; Besuch auf Flohmarkt endet mit Platzverweis<\/h2>\n\n\n\n<p>Am Freitag, den 21.04.2023, fand in der Dudenstra\u00dfe ein Floh &amp; Tr\u00f6delmarkt statt. Ein Besucher spielte unbefugt an einem der dortigen St\u00e4nde Schlagzeug und st\u00f6rte damit die anderen Besucher. Durch die Bitte aufzuh\u00f6ren f\u00fchlte er sich provoziert und wurde beleidigend. Gegen 14.00 Uhr sah der Veranstalter keine andere M\u00f6glichkeit mehr als die Polizei zu rufen, da der uneinsichtige Besucher begann andere G\u00e4ste anzup\u00f6beln und sich \u00e4u\u00dferst auff\u00e4llig verhielt. Auch als die Beamten vor Ort waren, zeigte er sich wenig einsichtig und beleidigte den Veranstalter weiter mit Worten der Gossensprache. Letztendlich hat er sich damit einen Platzverweis bis zum n\u00e4chsten Tag und eine Strafanzeige wegen Beleidigung eingehandelt.<\/p>\n\n\n\n<h2 class=\"wp-block-heading\">(Mannheim-Schwetzingerstadt) &#8211; Von der Fahrbahn abgekommen und frontal mit Stra\u00dfenlaterne zusammengesto\u00dfen \/ Zwei Personen leicht verletzt<\/h2>\n\n\n\n<p>Am fr\u00fchen Sonntagmorgen r\u00fcckten gegen 02:30 Uhr die Berufsfeuerwehr Mannheim, der Rettungsdienst samt Notarzt sowie die Polizei zu einem gemeldeten Verkehrsunfall im Bereich der Reichskanzler-M\u00fcller-Stra\u00dfe aus. Hierbei kam ein 18-j\u00e4hriger Fahranf\u00e4nger in den mittig der Fahrbahn gelegenen Gr\u00fcnstreifen und kollidierte im Anschluss mit einer darauf befindlichen Stra\u00dfenlaterne. Durch die Wucht des Aufpralls wurde der Mazda Kleinwagen nach rechts abgewiesen und kam quer auf der Fahrbahn zum Stehen. Am verunfallten PKW entstand ein Totalschaden. Der Laternenmast wurde ebenfalls erheblich besch\u00e4digt und musste durch den Bereitschaftsdienst der MVV gesichert werden.<\/p>\n\n\n\n<p>Der verunfallte PKW-Lenker sowie dessen Beifahrerin kamen mit leichten Verletzungen in ein nahegelegenes Krankenhaus. Es entstand ein Gesamtschaden von ca. 40.000 EUR. Weitere Ermittlungen zum Unfallhergang sowie zu der Verkehrst\u00fcchtigkeit des PKW-F\u00fchrers dauern an und werden durch das Polizeirevier Mannheim-Oststadt gef\u00fchrt. Aufgrund des regen Verkehrsgeschehens, kam es zu keinen Verkehrsbehinderungen durch die Verkehrsunfallaufnahme.<\/p>\n\n\n\n<h2 class=\"wp-block-heading\">(Mannheim-Rheinau) &#8211; Einbruch in Mehrfamilienhaus \/ Zeugen gesucht<\/h2>\n\n\n\n<p>Am Freitagabend, in der Zeit zwischen 21:00 Uhr und 22:30 Uhr, kam es zu einem Einbruch in einem Mehrfamilienhaus in der Halmhuberstra\u00dfe. Der oder die bislang unbekannten T\u00e4ter hebelten mutma\u00dflich eine T\u00fcr auf und durchsuchte eine Wohnung nach Wertgegenst\u00e4nden. Ob etwas aus der Wohnung entwendet wurde, konnte bislang noch nicht abschlie\u00dfend gekl\u00e4rt werden. <\/p>\n\n\n\n<ul>\n<li><strong>Zeugen, die Angaben zur Tat, dem oder den T\u00e4tern geben k\u00f6nnen, werden gebeten, sich unter Tel.: 0621 \/ 833970 beim Polizeirevier Mannheim-Neckarau zu melden.<\/strong><\/li>\n<\/ul>\n\n\n\n<h2 class=\"wp-block-heading\">(Mannheim-K\u00e4fertal) &#8211; Mit Drogen am Steuer \/ Beifahrer polizeilich gesucht<\/h2>\n\n\n<div class=\"wp-block-image\">\n<figure class=\"aligncenter size-full\"><img decoding=\"async\" loading=\"lazy\" width=\"800\" height=\"533\" src=\"https:\/\/speyer24news.com\/wp-content\/uploads\/2020\/06\/Zelle.jpg\" alt=\"\" class=\"wp-image-28203\" srcset=\"https:\/\/speyer24news.com\/wp-content\/uploads\/2020\/06\/Zelle.jpg 800w, https:\/\/speyer24news.com\/wp-content\/uploads\/2020\/06\/Zelle-300x200.jpg 300w, https:\/\/speyer24news.com\/wp-content\/uploads\/2020\/06\/Zelle-768x512.jpg 768w\" sizes=\"(max-width: 800px) 100vw, 800px\" \/><figcaption class=\"wp-element-caption\">Beispielbild Zelle \/ Verhaftung, dient lediglich der Visualisierung<\/figcaption><\/figure><\/div>\n\n\n<p>Am fr\u00fchen Samstagmorgen, gegen 02:30 Uhr, f\u00fchrte eine Streife in der Rollb\u00fchlstra\u00dfe eine allgemeine Verkehrskontrolle durch. Bei der Kontrolle konnten bei dem 32-j\u00e4hrigen Fahrer stark geweitete Pupillen und ein unsicherer Gang festgestellt werden. Daraufhin wurde ein Drogenschnelltest durchgef\u00fchrt, welcher positiv auf Amphetamin ausfiel. Auf Grund dieses Ergebnisses wurde der Fahrer zum Polizeirevier mitgenommen, um dort eine Blutprobe durchzuf\u00fchren. Der 32-J\u00e4hrige muss nun mit f\u00fchrerscheinrechtlichen Konsequenzen rechnen. Dar\u00fcber hinaus ergab sich bei der \u00dcberpr\u00fcfung des Beifahrers, dass dieser mittels Haftbefehl gesucht wird. Der Mann wurde im Anschluss den Beamten der Justizvollzugsanstalt Mannheim \u00fcbergeben.<\/p>\n\n\n\n<h2 class=\"wp-block-heading\">(Heidelberg) &#8211; 25j\u00e4hriger wird Opfer eines Angriffs \/ Zeugenaufruf<\/h2>\n\n\n<div class=\"wp-block-image\">\n<figure class=\"aligncenter size-full\"><img decoding=\"async\" loading=\"lazy\" width=\"800\" height=\"533\" src=\"https:\/\/speyer24news.com\/wp-content\/uploads\/2021\/11\/Schlaegerei.jpg\" alt=\"\" class=\"wp-image-42366\" srcset=\"https:\/\/speyer24news.com\/wp-content\/uploads\/2021\/11\/Schlaegerei.jpg 800w, https:\/\/speyer24news.com\/wp-content\/uploads\/2021\/11\/Schlaegerei-300x200.jpg 300w, https:\/\/speyer24news.com\/wp-content\/uploads\/2021\/11\/Schlaegerei-768x512.jpg 768w\" sizes=\"(max-width: 800px) 100vw, 800px\" \/><figcaption class=\"wp-element-caption\">Beispielbild Schl\u00e4gerei \/ K\u00f6rperverletzung, dient lediglich der Visualisierung<\/figcaption><\/figure><\/div>\n\n\n<p>Am Freitag, gegen 20.20 Uhr, kam es in Heidelberg in der Parkanlage der Kurf\u00fcrsten-Anlage zu einem k\u00f6rperlichen \u00dcbergriff, weshalb die Polizei verst\u00e4ndigt wurde. Beim Eintreffen der Polizeibeamten kam ihnen ein wankender junger Mann entgegen. Durch diesen wurde bekannt, dass der von einer unbekannten Person im Verlauf eines Streites eine Flasche in das Gesicht geschlagen bekommen hat. Der T\u00e4ter ging im Anschluss zu Fu\u00df fl\u00fcchtig. Der Verletzte kam mit Verdacht eines Kieferbruchs in die Kopfklinik Heidelberg. Hintergr\u00fcnde des Streit oder eine Beschreibung des T\u00e4ters konnten bislang nicht ermittelt werden. <\/p>\n\n\n\n<ul>\n<li><strong>Zeugen, die sachdienliche Hinweise geben k\u00f6nnen, werden gebeten, sich beim Polizeirevier Heidelberg Mitte, unter Tel.: 06221 18570, zu melden.<\/strong><\/li>\n<\/ul>\n\n\n\n<h2 class=\"wp-block-heading\">(Meckesheim-M\u00f6nchzell \/ Rhein-Neckar-Kreis) &#8211; Brand einer K\u00fcche<\/h2>\n\n\n\n<p>Am Samstagnachmittag, kurz nach 14:30 Uhr, kam es in Meckesheim Ortsteil M\u00f6nchzell in der Lobbachstra\u00dfe zu einem Brand. Ersten Ermittlungen zu Folge fing ein Topf auf dem Herd Feuer und sch\u00e4digte in der Folge Teile der K\u00fccheneinrichtung. Die Feuerwehr l\u00f6schte den Brand schnell und verhinderte so eine weitere Ausbreitung. Ein nebenliegendes Wohnzimmer wurde durch die Rauchentwicklung ebenfalls in Mitleidenschaft gezogen. Durch das Einatmen von Rauch verletzten sich zwei Bewohner leicht. Sie wurden mit einem Rettungswagen in eine nahegelegene Klinik gebracht werden, konnten diese aber nach ambulanter Behandlung wieder verlassen.<\/p>\n\n\n\n<p>Im Haus entstand gesch\u00e4tzter Sachschaden in H\u00f6he von 20.000 EUR, es bleibt aber weiterhin bewohnbar.<\/p>\n\n\n\n<h2 class=\"wp-block-heading\">(L 532 zw. Wiesenbach und Langenzell) &#8211; Verkehrsunfall mit verletzter Person<\/h2>\n\n\n<div class=\"wp-block-image\">\n<figure class=\"aligncenter size-full\"><img decoding=\"async\" loading=\"lazy\" width=\"640\" height=\"472\" src=\"https:\/\/speyer24news.com\/wp-content\/uploads\/2020\/07\/ADAC-Rettungshubschrauber.jpg\" alt=\"\" class=\"wp-image-29359\" srcset=\"https:\/\/speyer24news.com\/wp-content\/uploads\/2020\/07\/ADAC-Rettungshubschrauber.jpg 640w, https:\/\/speyer24news.com\/wp-content\/uploads\/2020\/07\/ADAC-Rettungshubschrauber-300x221.jpg 300w, https:\/\/speyer24news.com\/wp-content\/uploads\/2020\/07\/ADAC-Rettungshubschrauber-80x60.jpg 80w\" sizes=\"(max-width: 640px) 100vw, 640px\" \/><figcaption class=\"wp-element-caption\">Beispielbild Rettungshubschrauber, dient lediglich der Visualisierung<\/figcaption><\/figure><\/div>\n\n\n<p>Auf der L 532 von Wiesenbach in Fahrtrichtung Langenzell kam es am Samstagnachmittag um kurz nach 15:30 Uhr zu einem Verkehrsunfall, bei welchem sich ein Radfahrer verletzte. Der Rettungsdienst und die Polizei sind vor Ort im Einsatz. Aufgrund des Einsatzes eines Rettungshubschraubers kann es zu Verkehrsbehinderungen kommen.<\/p>\n\n\n\n<h3 class=\"wp-block-heading has-text-align-center\">Pressemeldung Nr. 2<\/h3>\n\n\n\n<p>Am 22.04.2023 gegen 14:30 Uhr ereignete sich im Bereich Wiesenbach auf der L 532 ein Verkehrsunfall, der wie berichtet zun\u00e4chst als Unfall mit Radfahrer gemeldet wurde.&nbsp;<a target=\"_blank\" rel=\"noreferrer noopener\" href=\"https:\/\/www.presseportal.de\/blaulicht\/pm\/14915\/5491862\">www.presseportal.de\/blaulicht\/pm\/14915\/5491862<\/a>&nbsp;Im Rahmen der Unfallaufnahme wurde durch Augenzeugen bekannt, dass der alleinbeteiligte 37-J\u00e4hrige Verkehrsteilnehmer aus bislang unbekannter Ursache mit seinem nicht f\u00fcr den \u00f6ffentlichen Verkehr zugelassenen Elektro-Skateboard gest\u00fcrzt sei. Hierbei verletzte er sich so schwer, dass er zur weiteren \u00e4rztlichen Versorgung mit einem Rettungshubschrauber in ein Krankenhaus verbracht werden musste. Hier wurde er station\u00e4r aufgenommen. Eine Lebensgefahr bestand nicht. F\u00fcr einen kurzen Zeitraum, indem der Helikopter in diesem Bereich landete und startete, wurde die Stra\u00dfe vollgesperrt. Hierbei kam es zu keinen Verkehrsbeeintr\u00e4chtigungen.<\/p>\n\n\n\n<ul>\n<li><strong>Die Unfallermittlungen wurden durch das Polizeirevier Sinsheim aufgenommen. Personen, die sachdienliche Angaben zu dem Unfall machen k\u00f6nnen, werden gebeten sich mit dem Revier Sinsheim, Tel: 07261-690, in Verbindung zu setzen.<\/strong><\/li>\n<\/ul>\n\n\n\n<h2 class=\"wp-block-heading\">(Sinsheim \/ Rhein-Neckar-Kreis) &#8211; Fanauseinandersetzung nach Bundesligaspiel in Sinsheim<\/h2>\n\n\n\n<p>Im Rahmen der Fanabreise nach dem Bundesligaspiel zwischen der TSG Hoffenheim und dem 1.FC K\u00f6ln, kam es gegen 18:15 Uhr am Hauptbahnhof Sinsheim zu einer k\u00f6rperlichen Auseinandersetzung beider Fanlager. Aus einem einfahrenden Zug mit G\u00e4stefans verlie\u00df diesen pl\u00f6tzlich ein Gro\u00dfteil der K\u00f6lner Fans und es kam zur Auseinandersetzung mit gegnerischen Fans am Bahnsteig.<\/p>\n\n\n\n<p>Die k\u00f6rperliche Auseinandersetzung konnte durch umgehend einschreitende Polizeibeamtinnen und -beamte z\u00fcgig unterbunden werden. Die K\u00f6lner Fans wurden durch die Polizeibeamtinnen und &#8211; beamte in den Zug zur\u00fcckgedr\u00e4ngt und setzten ihre Abreise in der Folge fort.<\/p>\n\n\n\n<p>Es wurden u.a. Strafverfahren wegen Landfriedensbruch eingeleitet. Nach derzeitigem Kenntnisstand wurde bei der Auseinandersetzung niemand verletzt.<\/p>\n","protected":false},"excerpt":{"rendered":"<div class=\"mh-excerpt\"><p>Polizeimeldungen vom Samstag (22.04.2023) (Speyer) &#8211; Einbruch in Kindertagesst\u00e4tte In der Nacht zum 22.04.2023, um 01:35 Uhr, konnte durch zwei aufmerksame Zeugen aus dem Fenster beobachtet werden, wie zwei dunkel gekleidete Personen in die Kindertagesst\u00e4tte <a class=\"mh-excerpt-more\" href=\"https:\/\/speyer24news.com\/?p=51950\" title=\"Polizeimeldungen Samstag (22.04.2023)\">[&#8230;]<\/a><\/p>\n<\/div>","protected":false},"author":3,"featured_media":26162,"comment_status":"open","ping_status":"open","sticky":false,"template":"","format":"standard","meta":{"_monsterinsights_skip_tracking":false,"_monsterinsights_sitenote_active":false,"_monsterinsights_sitenote_note":"","_monsterinsights_sitenote_category":0,"footnotes":""},"categories":[15659],"tags":[7243,7244,3614,350,14537,15084,15267,14538,15361,15845,702,61,2555,6955,6986,6263,63,105,11150,6987,53,4854,13534,4683,1548,4905,11592,102,13626,213,14325,14324,13553,13541,55,8277,6368,5261,103,106,2803,2423,427,2625,380,62,104,979,1565],"aioseo_notices":[],"amp_enabled":true,"_links":{"self":[{"href":"https:\/\/speyer24news.com\/index.php?rest_route=\/wp\/v2\/posts\/51950"}],"collection":[{"href":"https:\/\/speyer24news.com\/index.php?rest_route=\/wp\/v2\/posts"}],"about":[{"href":"https:\/\/speyer24news.com\/index.php?rest_route=\/wp\/v2\/types\/post"}],"author":[{"embeddable":true,"href":"https:\/\/speyer24news.com\/index.php?rest_route=\/wp\/v2\/users\/3"}],"replies":[{"embeddable":true,"href":"https:\/\/speyer24news.com\/index.php?rest_route=%2Fwp%2Fv2%2Fcomments&post=51950"}],"version-history":[{"count":1,"href":"https:\/\/speyer24news.com\/index.php?rest_route=\/wp\/v2\/posts\/51950\/revisions"}],"predecessor-version":[{"id":51953,"href":"https:\/\/speyer24news.com\/index.php?rest_route=\/wp\/v2\/posts\/51950\/revisions\/51953"}],"wp:featuredmedia":[{"embeddable":true,"href":"https:\/\/speyer24news.com\/index.php?rest_route=\/wp\/v2\/media\/26162"}],"wp:attachment":[{"href":"https:\/\/speyer24news.com\/index.php?rest_route=%2Fwp%2Fv2%2Fmedia&parent=51950"}],"wp:term":[{"taxonomy":"category","embeddable":true,"href":"https:\/\/speyer24news.com\/index.php?rest_route=%2Fwp%2Fv2%2Fcategories&post=51950"},{"taxonomy":"post_tag","embeddable":true,"href":"https:\/\/speyer24news.com\/index.php?rest_route=%2Fwp%2Fv2%2Ftags&post=51950"}],"curies":[{"name":"wp","href":"https:\/\/api.w.org\/{rel}","templated":true}]}}