{"id":52017,"date":"2023-04-26T06:41:59","date_gmt":"2023-04-26T05:41:59","guid":{"rendered":"https:\/\/speyer24news.com\/?p=52017"},"modified":"2023-04-26T06:42:02","modified_gmt":"2023-04-26T05:42:02","slug":"polizeimeldungen-dienstag-25-04-2023","status":"publish","type":"post","link":"https:\/\/speyer24news.com\/?p=52017","title":{"rendered":"Polizeimeldungen Dienstag (25.04.2023)"},"content":{"rendered":"<style type=\"text\/css\">\r\n\t.ads_top_disp{}\r\n\t.ads_top_corner_disp{ float:left; margin:0px 10px 10px 0px; }\r\n\t.ads_first_p_disp{}\r\n\t.ads_bottom_disp{}\r\n\t<\/style>\n<h2 class=\"wp-block-heading\">Polizeimeldungen vom Dienstag (25.04.2023)<\/h2>\n\n\n<div class=\"wp-block-image\">\n<figure class=\"aligncenter size-full\"><img decoding=\"async\" loading=\"lazy\" width=\"375\" height=\"500\" src=\"https:\/\/speyer24news.com\/wp-content\/uploads\/2022\/03\/Aktuelles-Polizeilogo.jpg\" alt=\"\" class=\"wp-image-43591\" srcset=\"https:\/\/speyer24news.com\/wp-content\/uploads\/2022\/03\/Aktuelles-Polizeilogo.jpg 375w, https:\/\/speyer24news.com\/wp-content\/uploads\/2022\/03\/Aktuelles-Polizeilogo-225x300.jpg 225w\" sizes=\"(max-width: 375px) 100vw, 375px\" \/><\/figure><\/div>\n\n\n<h2 class=\"wp-block-heading\">(Speyer) &#8211; Verkehrsunfall am Doppelgymnasium \/ Beteiligter Junge auf Fahrrad und Zeuge gesucht!<\/h2>\n\n\n\n<p>Eine 18-J\u00e4hrige befuhr mit ihrem PKW am 24.04.2023 gegen 13:15 Uhr die Otto-Mayer-Stra\u00dfe in Richtung Doppelgymnasium. Rechtsseitig von ihr im Kurvenbereich befand sich ein ca. 12-14-j\u00e4hriger Junge mit schwarzen Haaren auf ein Fahrrad auf dem Sattel sitzend und schien zu warten. Als sich die 18-j\u00e4hrige in H\u00f6he des Jungen befand, fuhr er pl\u00f6tzlich auf die Fahrbahn und kollidierte seitlich mit dem PKW. Er st\u00fcrzte zu Boden. Als die PKW-Fahrerin sich nach dessen Befinden erkundigte, habe der Junge geantwortet &#8222;Alles okay&#8220;. Anschlie\u00dfend habe ein bislang unbekannter m\u00e4nnlicher Zeuge die 18-J\u00e4hrige in ein Streitgespr\u00e4ch verwickelt und der Junge entfernte sich unbemerkt vom Unfallort. Auch der Zeuge ging ohne seine Personalien zu hinterlassen. Am Fahrzeug entstanden Kratzer auf der Motorhaube und im Bereich des Kotfl\u00fcgels. Bei dem Fahrrad des Jungen soll es sich um ein schwarzes Jugendbike gehandelt haben. Ein Schutzhelm soll \u00fcber dem Fahrradlenker gehangen haben. Es ist nicht bekannt ob der Junge verletzt ist oder einen Sachschaden erlitten hat.<\/p>\n\n\n\n<ul>\n<li><strong>Wer konnte den Unfall beobachten oder kann Hinweise zu dem Jungen geben? Hinweis bitte an die Polizei Speyer telefonisch (Tel. 06232 \/ 137-0) oder per E-Mail an\u00a0<a href=\"mailto:%20pispeyer@polizei.rlp.de\">pispeyer@polizei.rlp.de<\/a>.<\/strong><\/li>\n<\/ul>\n\n\n\n<h2 class=\"wp-block-heading\">(Speyer) &#8211; Kontrollen der Polizei<\/h2>\n\n\n\n<p>Am Montag zwischen 09:00 Uhr und 13:00 Uhr kam es zu mehreren Kontrollstellen durch die Polizei. Die Verkehrskontrollen wurden in der Wormser Landstra\u00dfe, der Spaldinger Stra\u00dfe, der Bahnhofstra\u00dfe und in der Wormser Stra\u00dfe durchgef\u00fchrt. Es wurden 19 Kraftfahrzeuge einer Verkehrskontrolle unterzogen und 26 Fahrr\u00e4der kontrolliert. Dabei stellten die Beamten eine Gurtversto\u00df fest und vier Fahrradfahrer und ein E-Scooter befuhren die falsche Fahrbahnrichtung und acht Fahrradfahrer verstie\u00dfen gegen das Verbot der Einfahrt in die Einbahnstra\u00dfe. F\u00fcr die Fahrerin des E-Scooters wurde auf Grund eines fehlenden Versicherungsschutzes eine Anzeige wegen des Versto\u00dfes gegen das Pflichtversicherungsgesetz erfasst. Bei den Fahrradkontrollen wurde der Fokus auf die ordnungsgem\u00e4\u00dfe Benutzung der Fahrbahn und die \u00dcberpr\u00fcfung, ob es sich bei dem Fahrrad um m\u00f6gliches Diebesgut handeln k\u00f6nnte gelegt. Da die ordnungsgem\u00e4\u00dfe Benutzung mit eine der Hauptunfallursachen zwischen Radfahrern, Fu\u00dfg\u00e4ngern und Autofahrern ist, wird die Polizei Speyer weiter ein Auge auf diese Problematik haben, um brenzlige Situationen und Verkehrsunf\u00e4lle weiter minimieren zu k\u00f6nnen.<\/p>\n\n\n\n<h2 class=\"wp-block-heading\">(Speyer) &#8211; Einbruch in Kindergarten<\/h2>\n\n\n\n<p>Im Zeitraum vom 21.04.2023, 16:15 Uhr bis 24.04.2023, 07:00 Uhr hebelten bislang unbekannte T\u00e4ter eine Notfallt\u00fcr auf der Geb\u00e4uder\u00fcckseite eines Kindergartens in der Wittelsbacherstra\u00dfe auf. Im Innern brachen Sie die T\u00fcr zum B\u00fcro auf entwendeten einen M\u00f6beltresor mit einem niedrigen dreistelligen Bargeldbetrag. Au\u00dferdem wurden zwei Digitalkameras entwendet. Der Gesamtschaden d\u00fcrfte sich auf 2000 Euro belaufen.<\/p>\n\n\n\n<ul>\n<li><strong>Wer hat etwas beobachtet oder kann sachdienliche Hinweise geben? Zeugen werden gebeten, ihre Wahrnehmungen der Polizei Speyer telefonisch oder per E-Mail mitzuteilen (Tel. 06232 \/ 137-0, E-Mail an\u00a0<a href=\"mailto:%20pispeyer@polizei.rlp.de\">pispeyer@polizei.rlp.de<\/a>.)<\/strong><\/li>\n<\/ul>\n\n\n\n<h2 class=\"wp-block-heading\">(Speyer) &#8211; Polizeiliche Bilanz der Fr\u00fchjahrsmesse 2023<\/h2>\n\n\n\n<figure class=\"wp-block-image size-full\"><img decoding=\"async\" loading=\"lazy\" width=\"800\" height=\"743\" src=\"https:\/\/speyer24news.com\/wp-content\/uploads\/2023\/04\/20230411_193040.jpg\" alt=\"\" class=\"wp-image-51839\" srcset=\"https:\/\/speyer24news.com\/wp-content\/uploads\/2023\/04\/20230411_193040.jpg 800w, https:\/\/speyer24news.com\/wp-content\/uploads\/2023\/04\/20230411_193040-300x279.jpg 300w, https:\/\/speyer24news.com\/wp-content\/uploads\/2023\/04\/20230411_193040-768x713.jpg 768w\" sizes=\"(max-width: 800px) 100vw, 800px\" \/><\/figure>\n\n\n\n<p>Im Zeitraum von Freitag, den 06.04.2023, bis Montag, den 23.04.2023, fand die Speyerer Fr\u00fchjahrsmesse statt. Die Polizei Speyer begleitete das Fest im Rahmen umfangreicher Pr\u00e4senzma\u00dfnahmen und f\u00fchrte Jugendschutzkontrollen durch.<\/p>\n\n\n\n<p>Aus polizeilicher Sicht ist eine positive Bilanz der Herbstmesse zu ziehen. Bei wetterbedingt schwankendem Besucheraufkommen kann insgesamt ein ruhiger Festverlauf attestiert werden. Das polizeiliche Einsatzaufkommen war mit insgesamt 16 Eins\u00e4tzen, Jugendschutzkontrollen ausgenommen, deutlich geringer als bei der Fr\u00fchjahrsmesse im Vorjahr, in welchem es noch 39 Eins\u00e4tze waren.<\/p>\n\n\n\n<p>Erfreulicherweise gingen mit der Fr\u00fchjahrsmesse nach bisherigen Erkenntnissen keine Diebst\u00e4hle einher.<\/p>\n\n\n\n<p>Im Festverlauf waren insgesamt vier K\u00f6rperverletzungen zu verzeichnen, die sich ausnahmslos an Freitagen und Samstagen in den Abendstunden ereigneten. Ganz \u00fcberwiegend handelte es sich bei den Beteiligten um Jugendliche und Heranwachsende. In mindestens drei von vier F\u00e4llen lag bei den Beschuldigten oder Gesch\u00e4digten Alkoholeinfluss vor. In einem Fall setzten bislang unbekannte T\u00e4ter aus einer vierk\u00f6pfigen Gruppe heraus unvermittelt ein Tierabwehrspray gegen einen 16-J\u00e4hrigen ein.<\/p>\n\n\n\n<p>In einem Fall schritt die Polizei bei einem Streit ein und nahm sich in weiteren zwei F\u00e4llen Randalierern an, sodass Auseinandersetzungen fr\u00fchzeitig verhindert wurden. Im Festverlauf erteilten Polizeibeamte f\u00fcnf Platzverweise und mussten einen 19-J\u00e4hrigen an zwei Tagen in Gewahrsam nehmen, da er, jeweils stark alkoholisiert, K\u00f6rperverletzungen beging und Gegenst\u00e4nde umherwarf.<\/p>\n\n\n\n<p>Die Beamten leiteten au\u00dferdem drei Strafverfahren nach dem Bet\u00e4ubungsmittelgesetz ein, da sie bei verschiedenen Personen geringe Mengen Cannabis, Kokain und MDMA sicherstellten. Au\u00dferdem brachten sie ein vermisstes Kind zur\u00fcck und entnahmen einem drogenbeeinflussten Autofahrer, der von der Messe kam, eine Blutprobe.<\/p>\n\n\n\n<h2 class=\"wp-block-heading\">(Schifferstadt) &#8211; Verkehrskontrollen bringen Verst\u00f6\u00dfe ans Tageslicht<\/h2>\n\n\n\n<p>Im Rahmen mehrerer Verkehrskontrollen am Montagmittag im Dienstgebiet der Polizeiinspektion Schifferstadt konnten mehrere Verkehrsverst\u00f6\u00dfe festgestellt und geahndet werden, unter anderem f\u00fcnf Handyverst\u00f6\u00dfe und acht Gurtverst\u00f6\u00dfe. Bei dem Fahrzeug eines 20-j\u00e4hrigen aus Ludwigshafen konnten technische Ver\u00e4nderungen festgestellt werden, die zum Erl\u00f6schen der Betriebserlaubnis f\u00fchrten. Ihn erwartet nun ein Bu\u00dfgeldverfahren.<\/p>\n\n\n\n<h2 class=\"wp-block-heading\">(Mutterstadt) &#8211; Einbruch auf Firmengel\u00e4nde<\/h2>\n\n\n\n<p>Unbekannte T\u00e4ter gelangten am Samstagabend auf ein Firmengel\u00e4nde einer Entsorgungsfirma in der Stra\u00dfe &#8222;In der Schlicht&#8220; zwischen Schifferstadt und Mutterstadt. Aus dort abgestellten Fahrzeugen und Containern wurden im Anschluss Werkzeuge und Elektroschrott entwendet. Aus einem Fahrzeug wurden Kompletts\u00e4tze von Schraubenziehern, Gabelschl\u00fcsseln und Ratschen entwendet. Aus einem B\u00fcro der Firma wurde ein Kaffeevollautomat entwendet, aus einem Firmen-Lkw zudem noch Dieselkraftstoff. Der Gesamtschaden d\u00fcrfte bei circa 1.300 Euro liegen.<\/p>\n\n\n\n<h2 class=\"wp-block-heading\">(Dannstadt-Schauernheim) &#8211; Zuchttauben entwendet<\/h2>\n\n\n<div class=\"wp-block-image\">\n<figure class=\"aligncenter size-full\"><img decoding=\"async\" loading=\"lazy\" width=\"800\" height=\"602\" src=\"https:\/\/speyer24news.com\/wp-content\/uploads\/2023\/04\/tuerkische-Rollertauben.jpg\" alt=\"\" class=\"wp-image-52018\" srcset=\"https:\/\/speyer24news.com\/wp-content\/uploads\/2023\/04\/tuerkische-Rollertauben.jpg 800w, https:\/\/speyer24news.com\/wp-content\/uploads\/2023\/04\/tuerkische-Rollertauben-300x226.jpg 300w, https:\/\/speyer24news.com\/wp-content\/uploads\/2023\/04\/tuerkische-Rollertauben-768x578.jpg 768w, https:\/\/speyer24news.com\/wp-content\/uploads\/2023\/04\/tuerkische-Rollertauben-678x509.jpg 678w, https:\/\/speyer24news.com\/wp-content\/uploads\/2023\/04\/tuerkische-Rollertauben-326x245.jpg 326w, https:\/\/speyer24news.com\/wp-content\/uploads\/2023\/04\/tuerkische-Rollertauben-80x60.jpg 80w\" sizes=\"(max-width: 800px) 100vw, 800px\" \/><\/figure><\/div>\n\n\n<p>Vermutlich durch Herunterbiegen eines Maschendrahtzauns erlangten unbekannte T\u00e4ter in der Nacht von Sonntag auf Montag in der &#8222;Obere Weide&#8220; Zutritt auf ein dortiges Gartengrundst\u00fcck. Ein dort befindliches Gehege wurde ebenfalls aufgebrochen und daraus insgesamt f\u00fcnfzehn Tauben der Rasse &#8222;t\u00fcrkische Rollertauben&#8220; entwendet. Der Gesamtschaden liegt nach Angaben des Besitzers bei circa 15.000 Euro. <\/p>\n\n\n\n<ul>\n<li><strong>Hinweise bitte telefonisch unter 06235 &#8211; 495-0 oder per E-Mail (<a href=\"mailto:pischifferstadt@polizei.rlp.de\">pischifferstadt@polizei.rlp.de<\/a>) an die Polizeiinspektion Schifferstadt.<\/strong><\/li>\n<\/ul>\n\n\n\n<h2 class=\"wp-block-heading\">(Knittelsheim \/ Bellheim) &#8211; Geschwindigkeitskontrollen<\/h2>\n\n\n\n<p>Montagvormittag f\u00fchrten Germersheimer Polizisten gleich zwei Geschwindigkeitskontrollen durch. In der Hauptstra\u00dfe in Knittelsheim waren insgesamt 11 Autofahrer zu schnell unterwegs. Bei einer weiteren Kontrolle in der Postgrabenstra\u00dfe in Bellheim hielten sich f\u00fcnf Autofahrer nicht an die erlaubten 30 km\/h. Der &#8222;Spitzenreiter&#8220; wurde mit 62 km\/h gemessen. Zudem hatten weitere f\u00fcnf Autofahrer ihren Sicherheitsgurt nicht angelegt. Ein Handys\u00fcnder ging den Beamten schlie\u00dflich auch noch ins Netz.<\/p>\n\n\n\n<h2 class=\"wp-block-heading\">(Jockgrim) &#8211; Aktuelle Warnmeldung der Polizeidirektion Landau<\/h2>\n\n\n\n<p>Aktuelle Warnmeldung der Polizeidirektion Landau Die Polizeidirektion Landau m\u00f6chte Sie darauf hinweisen, dass es aktuell im Bereich Verbandsgemeinde Jockgrim vermehrt zu Anrufen bei \u00e4lteren Menschen kommt, bei denen es sich um Betrugsversuche im Bereich falscher Polizeibeamter handeln k\u00f6nnte. <\/p>\n\n\n\n<ul>\n<li><strong>Geben Sie am Telefon keine Auskunft \u00fcber Ihre pers\u00f6nlichen und finanziellen Verh\u00e4ltnisse oder andere sensible Daten.<\/strong><\/li>\n\n\n\n<li><strong>\u00d6ffnen Sie unbekannten Personen nicht die T\u00fcr. Ziehen Sie gegebenenfalls eine Vertrauensperson hinzu, z. B. Nachbarn oder nahe Verwandte.<\/strong><\/li>\n\n\n\n<li><strong>\u00dcbergeben Sie unbekannten Personen kein Geld oder Wertsachen.<\/strong><\/li>\n<\/ul>\n\n\n\n<p>Wenden Sie sich an das \u00f6rtliche Polizeirevier. Erz\u00e4hlen Sie der Polizei von den Anrufen. Die Polizeidirektion Landau ist f\u00fcr Sie da! Telefonnummer: 06341-287-0.<\/p>\n\n\n\n<h2 class=\"wp-block-heading\">(Berg) &#8211; &#8222;Dachhaie&#8220; unterwegs<\/h2>\n\n\n\n<p>Am Montagmorgen, 24.04.2023 kam es in Berg gegen 09:45 Uhr zu einem Vorfall mit sogenannten &#8222;Dachhaien&#8220;. Diese bieten ihre Arbeiten, unter anderem die Reinigung der Dachrinne, an. Nachdem die Arbeiten beendet sind wird allerdings ein weitaus h\u00f6herer Betrag, wie zuvor ausgemacht, verlangt. Die Polizei warnt vor solchen Angeboten und ruft dazu auf misstrauisch zu bleiben. Bei Fragen oder Problemen im Zusammenhang solcher Angebote wenden sie sich an ihre zust\u00e4ndige Polizeidienstelle.<\/p>\n\n\n\n<h2 class=\"wp-block-heading\">(Bad Bergzabern) &#8211; Unfallverursacher steht unter Alkoholeinfluss<\/h2>\n\n\n<div class=\"wp-block-image\">\n<figure class=\"aligncenter size-full\"><img decoding=\"async\" loading=\"lazy\" width=\"800\" height=\"544\" src=\"https:\/\/speyer24news.com\/wp-content\/uploads\/2023\/04\/UnfallMaxburgring.jpg\" alt=\"\" class=\"wp-image-52019\" srcset=\"https:\/\/speyer24news.com\/wp-content\/uploads\/2023\/04\/UnfallMaxburgring.jpg 800w, https:\/\/speyer24news.com\/wp-content\/uploads\/2023\/04\/UnfallMaxburgring-300x204.jpg 300w, https:\/\/speyer24news.com\/wp-content\/uploads\/2023\/04\/UnfallMaxburgring-768x522.jpg 768w\" sizes=\"(max-width: 800px) 100vw, 800px\" \/><\/figure><\/div>\n\n\n<p>Am 24.04.23, gegen 21:50, kam es im Maxburgring zu einem Verkehrsunfall. Ein 66-j\u00e4hrige Fahrer eines Pkw Hyundai stie\u00df aufgrund seiner starken Alkoholisierung gegen einen am rechten Fahrbahnrand geparkten PKW Peugeot. Durch den Zusammensto\u00df wurden beide Fahrzeuge erheblich besch\u00e4digt. Ein Alkoholtest beim Verursacher ergab einen Wert von 2,5 Promille. Der F\u00fchrerschein des Mannes wurde sichergestellt, eine Blutprobe entnommen und ein Verfahren wegen Stra\u00dfenverkehrsgef\u00e4hrdung eingeleitet.<\/p>\n\n\n\n<h2 class=\"wp-block-heading\">(Bad Bergzabern) &#8211; Unfallfl\u00fcchtiger gesucht<\/h2>\n\n\n\n<p>Am 24.04.23, zwischen 11:15 und 15:20 Uhr, wurde auf dem Parkplatz vor der Sparkasse, ein geparkter Pkw Mercedes Benz, E 350 mit S\u00dcW-Zulassung, besch\u00e4digt. Beim Ein- oder Ausparken streifte ein noch unbekannter Fahrzeugf\u00fchrer den Pkw und richtete einen Sachschaden in H\u00f6he von 1000.- Euro an. Anschlie\u00dfend entfernte sich der Verursacher unerlaubt von der Unfallstelle.<\/p>\n\n\n\n<ul>\n<li><strong>Hinweise zu dem Verursacher nimmt die Polizeiinspektion Bad Bergzabern unter 06343\/93340 oder per Email unter\u00a0<a href=\"mailto:%20pibadbergzabern@polizei.rlp.de\">pibadbergzabern@polizei.rlp.de<\/a>\u00a0entgegen.<\/strong><\/li>\n<\/ul>\n\n\n\n<h2 class=\"wp-block-heading\">(Landau) &#8211; Bei Rot mit Bierflasche in der Hand Unfall verursacht und abgehauen \/ Zeugen gesucht<\/h2>\n\n\n\n<p>An der Kreuzung der L509 zur Johannes-Kopp-Stra\u00dfe beging am Montag, 15:15h ein ca. 25-30-j\u00e4hriger Radfahrer eine Verkehrsunfallflucht. Trotz roter Ampel fuhr er in den Kreuzungsbereich ein und einer aus Richtung Offenbach bevorrechtigten Pkw-Fahrerin in die Seite, wodurch Sachschaden entstand. Hierbei fiel ihm eine Bierflasche zu Boden, er selbst setzte seine Fahrt aber unberechtigterweise in Richtung Arbeitsamt fort. Der Unfallfl\u00fcchtige habe eine auff\u00e4llige, rot\/gelbe Oberbekleidung getragen.<\/p>\n\n\n\n<ul>\n<li><strong>Wer Hinweise zum Unfallverursacher geben kann, meldet sich bitte bei der Polizeiinspektion Landau.<\/strong><\/li>\n<\/ul>\n\n\n\n<h2 class=\"wp-block-heading\">(Landau) &#8211; Beim Rangieren in der Godramsteiner Stra\u00dfe blauen Ford besch\u00e4digt und gefl\u00fcchtet<\/h2>\n\n\n\n<p>Am Montag zwischen 13:45h und 15:25h hat ein noch unbekannter Fahrzeugf\u00fchrer vermutlich beim Rangieren einen am rechten Fahrbahnrand in Richtung Godramstein geparkten Ford besch\u00e4digt. Anschlie\u00dfend ist der T\u00e4ter davongefahren, ohne sich um die Schadensregulierung zu k\u00fcmmern. An dem blauen Ford, welcher circa zehn Meter vor der Einfahrt in die Bodelschwinghstra\u00dfe geparkt war, entstand Sachschaden am linken, vorderen Radkasten. <\/p>\n\n\n\n<ul>\n<li><strong>Hinweise erbittet die Polizeiinspektion Landau.<\/strong><\/li>\n<\/ul>\n\n\n\n<h2 class=\"wp-block-heading\">(Annweiler) &#8211; Kriminalstatistik 2022<\/h2>\n\n\n\n<ul>\n<li><a href=\"https:\/\/www.presseportal.de\/download\/document\/6447bd95270000fd2c145fdb-230405pw-kriminalstatistik-coporate-design-barrierefrei.pdf\"><strong>230405PW_Kriminalstatistik_coporate_design_barrierefrei.pdf<\/strong><br>PDF &#8211; 575 kB<\/a><\/li>\n<\/ul>\n\n\n\n<p>Im Dienstbezirk der Polizeiwache Annweiler wurden insgesamt 617 Straftaten statistisch erfasst. Im Vergleich zum Vorjahr ereigneten sich 133 Straftaten weniger. Die Stra\u00dfenkriminalit\u00e4t sank ebenfalls von 104 Straftaten in 2021 auf 79 Straftaten in 2022.<\/p>\n\n\n\n<h2 class=\"wp-block-heading\">(Weyher) &#8211; Gestritten<\/h2>\n\n\n\n<p>In einem Strafverfahren sucht die Polizei Zeugen, die einen Vorfall Montagnachmittag (24.04.2023, 16.40 Uhr) auf der L 506\/Modenbachstra\u00dfe beobachtet haben. Demnach soll ein 51 Jahre alter Fu\u00dfg\u00e4nger auf die Motorhaube eines vorbeifahrenden Fahrzeugs geschlagen haben, w\u00e4hrend der 32 Jahre alte Autofahrer zu nah und hupend an dem Fu\u00dfg\u00e4nger vorbeifuhr. Im Verlauf des anschlie\u00dfenden Streitgespr\u00e4chs kam es zu lautstarken Beleidigungen. In der Folge erstattete der Autofahrer gegen den Fu\u00dfg\u00e4nger und der Fu\u00dfg\u00e4nger gegen den Autofahrer jeweils eine Strafanzeige. Die Ermittlungen laufen.<\/p>\n\n\n\n<ul>\n<li><strong>Hinweise nimmt die Polizei Edenkoben unter der Telefonnummer 06323 9550 entgegen.<\/strong><\/li>\n<\/ul>\n\n\n\n<h2 class=\"wp-block-heading\">(A 65 \/ Edesheim) &#8211; Gefl\u00fcchtet<\/h2>\n\n\n<div class=\"wp-block-image\">\n<figure class=\"aligncenter size-full\"><img decoding=\"async\" loading=\"lazy\" width=\"800\" height=\"519\" src=\"https:\/\/speyer24news.com\/wp-content\/uploads\/2023\/04\/142RuTPfaelzerWeinstrasseBild2.jpg\" alt=\"\" class=\"wp-image-52020\" srcset=\"https:\/\/speyer24news.com\/wp-content\/uploads\/2023\/04\/142RuTPfaelzerWeinstrasseBild2.jpg 800w, https:\/\/speyer24news.com\/wp-content\/uploads\/2023\/04\/142RuTPfaelzerWeinstrasseBild2-300x195.jpg 300w, https:\/\/speyer24news.com\/wp-content\/uploads\/2023\/04\/142RuTPfaelzerWeinstrasseBild2-768x498.jpg 768w\" sizes=\"(max-width: 800px) 100vw, 800px\" \/><\/figure><\/div>\n\n\n<p>Die Polizei sucht ein Fahrer eines Sattelzugs, der am fr\u00fchen Montagmorgen (24.04.2023, 04.24 Uhr) beim Rangieren gegen eine Zapfs\u00e4ule der Rast- und Tankanlage Pf\u00e4lzer Weinstra\u00dfe West gefahren ist. Hierbei entstand ein Sachschaden von mehreren tausend Euro. Ohne sich um den Schaden zu k\u00fcmmern, machte sich der Unfallverursacher aus dem Staub. <\/p>\n\n\n\n<ul>\n<li><strong>Hinweise nimmt die Polizei Edenkoben unter der Telefonnummer 06323 9550 entgegen.<\/strong><\/li>\n<\/ul>\n\n\n\n<h2 class=\"wp-block-heading\">(Edenkoben) &#8211; Alkoholisiert<\/h2>\n\n\n\n<p>Mit 1,2 Promille fuhr Montagabend (24.04.2023, 23 Uhr) ein 73 Jahre alter Autofahrer an der Dienststelle in der Luitpoldstra\u00dfe vorbei. Den Beamten, die zum gleichen Zeitpunkt eine Standkontrolle vor dem Dienstgeb\u00e4ude durchf\u00fchrten und ihn kontrollierten, schlug eine heftige Alkoholfahne entgegen, weshalb sie ihm ein Test anboten. Mit einem Ergebnis von 1,2 Promille qualifizierte sich der Mann f\u00fcr die Blutprobe. Seinen Angaben zufolge hatte er lediglich ein Bier konsumiert. F\u00fchrerschein und Fahrzeugschl\u00fcssel wurden einkassiert. Ein Strafverfahren wurde eingeleitet.<\/p>\n\n\n\n<h2 class=\"wp-block-heading\">(Ha\u00dfloch) &#8211; Unter Drogeneinfluss in den Graben gefahren<\/h2>\n\n\n\n<p>Eine 42-J\u00e4hrige aus Ha\u00dfloch kam am Montagabend, gegen 17:28 Uhr, mit ihrem Auto in der Stra\u00dfe &#8222;An der Fohlenweide&#8220; in 67454 Ha\u00dfloch von der Fahrbahn ab. Der Pkw kam im 1,5m tiefen Graben zum Stehen. Die Fahrerin war alleine im Fahrzeug und blieb gl\u00fccklicherweise unverletzt. Am Unfallfahrzeug entstand ein Sachschaden in H\u00f6he von ca. 1000 Euro. Bei der Unfallaufnahme stellten die Polizeibeamten bei der Pkw-Fahrerin Anzeichen f\u00fcr eine Beeinflussung durch Bet\u00e4ubungsmittel fest, weshalb ihr eine Blutprobe entnommen wurde.<\/p>\n\n\n\n<h2 class=\"wp-block-heading\">(Meckenheim) &#8211; Auto gegen Gartenmauer gefahren<\/h2>\n\n\n\n<p>Ein 32-j\u00e4hriger Dortmunder fuhr am Montagvormittag, gegen 11:30 Uhr, mit seinem Pkw gegen die Gartenmauer eines Wohnhauses. Das Fahrzeug kam aus derzeit ungekl\u00e4rter Ursache in der Silcherstra\u00dfe in 67149 Meckenheim von der Fahrbahn ab. In Folge des Unfalls wurde der Pkw-Fahrer leicht verletzt und zur weiteren Untersuchung durch den Rettungsdienst in ein Krankenhaus verbracht. Die Gartenmauer und das Auto wurden nicht unerheblich besch\u00e4digt.<\/p>\n\n\n\n<h2 class=\"wp-block-heading\">(Bad D\u00fcrkheim) &#8211; Durchsuchungsma\u00dfnahmen der Kriminalinspektion Neustadt<\/h2>\n\n\n<div class=\"wp-block-image\">\n<figure class=\"aligncenter size-full\"><img decoding=\"async\" loading=\"lazy\" width=\"800\" height=\"600\" src=\"https:\/\/speyer24news.com\/wp-content\/uploads\/2021\/04\/SEK-Beispielbild.jpg\" alt=\"\" class=\"wp-image-35457\" srcset=\"https:\/\/speyer24news.com\/wp-content\/uploads\/2021\/04\/SEK-Beispielbild.jpg 800w, https:\/\/speyer24news.com\/wp-content\/uploads\/2021\/04\/SEK-Beispielbild-300x225.jpg 300w, https:\/\/speyer24news.com\/wp-content\/uploads\/2021\/04\/SEK-Beispielbild-768x576.jpg 768w, https:\/\/speyer24news.com\/wp-content\/uploads\/2021\/04\/SEK-Beispielbild-678x509.jpg 678w, https:\/\/speyer24news.com\/wp-content\/uploads\/2021\/04\/SEK-Beispielbild-326x245.jpg 326w, https:\/\/speyer24news.com\/wp-content\/uploads\/2021\/04\/SEK-Beispielbild-80x60.jpg 80w\" sizes=\"(max-width: 800px) 100vw, 800px\" \/><figcaption class=\"wp-element-caption\">Beispielbild eines Sondereinsatzkommandos (SEK) &#8211; Bild dient lediglich der Visualisierung<\/figcaption><\/figure><\/div>\n\n\n<p>Die Kriminalinspektion Neustadt hat heute einen Durchsuchungsbeschluss der Staatsanwaltschaft Frankenthal\/Pfalz wegen des Verdachts des illegalen Waffen- und Bet\u00e4ubungsmittelbesitzes in Bad D\u00fcrkheim vollstreckt. Die Einsatzkr\u00e4fte konnten vor Ort Beweismittel sicherstellen, die der weiteren Begutachtung und Bewertung zugef\u00fchrt werden m\u00fcssen. Bei dem Einsatz wurden keine Personen verletzt.<\/p>\n\n\n\n<h2 class=\"wp-block-heading\">(Kirchheim) &#8211; Zeugen gesucht \/ Verkehrsunfall mit mehreren Beteiligten auf der B 271<\/h2>\n\n\n\n<p>Am Dienstag, dem 25.04.2023, kam es gegen 09:00 Uhr zu einem Verkehrsunfall auf der Ortsumgehung B 271 bei Kirchheim an der Weinstra\u00dfe.<\/p>\n\n\n\n<p>Urs\u00e4chlich f\u00fcr den Verkehrsunfall war ein Auto, welches in Fahrtrichtung Bad D\u00fcrkheim unterwegs war und im Kurvenbereich \u00fcber die Gegenfahrbahn einen Lkw \u00fcberholte. Die Fahrzeuge im Gegenverkehr mussten dem Auto ausweichen und stark abbremsen, um eine Kollision zu vermeiden. Durch das Abbremsen kam es zur einem Auffahrunfall. Hierbei wurde eine Autofahrerin leicht verletzt.<\/p>\n\n\n\n<p>Die Unfallverursacherin entfernte sich nach dem Verkehrsunfall unerlaubt von der Unfall\u00f6rtlichkeit. Gegen sie wird wegen Gef\u00e4hrdung des Stra\u00dfenverkehrs sowie Verkehrsunfallflucht ermittelt. Bei der Unfallverursacherin soll es sich um eine ca. 40 bis 50 Jahre alte Frau handeln, welche zum Tatzeitpunkt einen wei\u00dfen Pkw fuhr.<\/p>\n\n\n\n<p>Gegen den f\u00fcr den Auffahrunfall verantwortlichen Autofahrer wird wegen fahrl\u00e4ssiger K\u00f6rperverletzung ermittelt.<\/p>\n\n\n\n<ul>\n<li><strong>Zeugen, die Angaben zu dem fl\u00fcchtigen Fahrzeug oder der Fahrerin machen k\u00f6nnen, werden gebeten, sich bei der Polizeiinspektion Gr\u00fcnstadt unter 06321-9312-0 zu melden.<\/strong><\/li>\n<\/ul>\n\n\n\n<h2 class=\"wp-block-heading\">(Pr\u00e4sidialbereich Rheinpfalz) &#8211; Radarkontrollen des Polizeipr\u00e4sidiums Rheinpfalz f\u00fcr Mai 2023<\/h2>\n\n\n<div class=\"wp-block-image\">\n<figure class=\"aligncenter size-full\"><img decoding=\"async\" loading=\"lazy\" width=\"800\" height=\"450\" src=\"https:\/\/speyer24news.com\/wp-content\/uploads\/2020\/12\/Blitzer-Logo.jpg\" alt=\"\" class=\"wp-image-31938\" srcset=\"https:\/\/speyer24news.com\/wp-content\/uploads\/2020\/12\/Blitzer-Logo.jpg 800w, https:\/\/speyer24news.com\/wp-content\/uploads\/2020\/12\/Blitzer-Logo-300x169.jpg 300w, https:\/\/speyer24news.com\/wp-content\/uploads\/2020\/12\/Blitzer-Logo-768x432.jpg 768w, https:\/\/speyer24news.com\/wp-content\/uploads\/2020\/12\/Blitzer-Logo-678x381.jpg 678w\" sizes=\"(max-width: 800px) 100vw, 800px\" \/><\/figure><\/div>\n\n\n<h4 class=\"wp-block-heading\">Im Bereich der <strong>Polizeidirektion Ludwigshafen<\/strong> finden wie folgt Kontrollen statt:<\/h4>\n\n\n\n<ul>\n<li><strong>04.05.2023 im Bereich Speyer<\/strong><\/li>\n\n\n\n<li><strong>09.05.2023 im Bereich Ludwigshafen<\/strong><\/li>\n\n\n\n<li><strong>19.05.2023 im Bereich Maxdorf<\/strong><\/li>\n\n\n\n<li><strong>29.05.2023 im Bereich Frankenthal<\/strong><\/li>\n<\/ul>\n\n\n\n<h4 class=\"wp-block-heading\">Im Bereich der <strong>Polizeidirektion Landau<\/strong> finden wie folgt Kontrollen statt: <\/h4>\n\n\n\n<ul>\n<li><strong>02.05.2023 im Bereich Kandel<\/strong><\/li>\n\n\n\n<li><strong>11.05.2023 im Bereich Eschbach<\/strong><\/li>\n\n\n\n<li><strong>17.05.2023 im Bereich Kandel<\/strong><\/li>\n\n\n\n<li><strong>23.05.2023 im Bereich Eschbach<\/strong><\/li>\n<\/ul>\n\n\n\n<h4 class=\"wp-block-heading\">Im Bereich der <strong>Polizeidirektion Neustadt <\/strong>finden wie folgt Kontrollen statt: <\/h4>\n\n\n\n<ul>\n<li><strong>12.05.2023 im Bereich Gr\u00fcnstadt<\/strong><\/li>\n\n\n\n<li><strong>15.05.2023 im Bereich Bockenheim<\/strong><\/li>\n\n\n\n<li><strong>24.05.2023 im Bereich Bad D\u00fcrkheim<\/strong><\/li>\n\n\n\n<li><strong>30.05.2023 im Bereich Ha\u00dfloch<\/strong><\/li>\n<\/ul>\n\n\n\n<p>Die Polizei weist ausdr\u00fccklich darauf hin, dass Kontrollen auch au\u00dferhalb der genannten Zeiten und \u00d6rtlichkeiten stattfinden.<\/p>\n\n\n\n<h2 class=\"wp-block-heading\">(Ludwigshafen) &#8211; M\u00e4nner pr\u00fcgeln auf 19-J\u00e4hrigen ein<\/h2>\n\n\n<div class=\"wp-block-image\">\n<figure class=\"aligncenter size-full\"><img decoding=\"async\" loading=\"lazy\" width=\"801\" height=\"600\" src=\"https:\/\/speyer24news.com\/wp-content\/uploads\/2020\/05\/Zeugen-gesucht-Neutral.jpg\" alt=\"\" class=\"wp-image-26598\" srcset=\"https:\/\/speyer24news.com\/wp-content\/uploads\/2020\/05\/Zeugen-gesucht-Neutral.jpg 801w, https:\/\/speyer24news.com\/wp-content\/uploads\/2020\/05\/Zeugen-gesucht-Neutral-300x225.jpg 300w, https:\/\/speyer24news.com\/wp-content\/uploads\/2020\/05\/Zeugen-gesucht-Neutral-768x575.jpg 768w, https:\/\/speyer24news.com\/wp-content\/uploads\/2020\/05\/Zeugen-gesucht-Neutral-678x509.jpg 678w, https:\/\/speyer24news.com\/wp-content\/uploads\/2020\/05\/Zeugen-gesucht-Neutral-326x245.jpg 326w, https:\/\/speyer24news.com\/wp-content\/uploads\/2020\/05\/Zeugen-gesucht-Neutral-80x60.jpg 80w\" sizes=\"(max-width: 801px) 100vw, 801px\" \/><\/figure><\/div>\n\n\n<p>Am Montagabend (24.04.2023) wurde ein 19-J\u00e4hriger von drei bislang unbekannten M\u00e4nnern abgepasst und niedergeschlagen. Der junge Mann befand sich gegen 19 Uhr in der Mundenheimer Stra\u00dfe, als ein PKW anhielt und drei M\u00e4nner ausstiegen. Einer der M\u00e4nner hielt den 19-J\u00e4hrigen fest, w\u00e4hrend die anderen auf ihn einschlugen. Als er bereits auf dem Boden lag, traten die M\u00e4nner auf ihn ein. Ein 19-j\u00e4hriger Zeuge kam dem jungen Mann zu Hilfe und schritt ein. Die M\u00e4nner fl\u00fcchteten anschlie\u00dfend mit dem PKW. Der Zeuge notierte sich das Kennzeichen. Die Polizei ermittelt nun den Halter des Fahrzeugs. <\/p>\n\n\n\n<h4 class=\"wp-block-heading\">Die T\u00e4ter waren:<\/h4>\n\n\n\n<ul>\n<li><strong>zwischen 1,65m und 1,80m gro\u00df <\/strong><\/li>\n\n\n\n<li><strong>zwischen 25 und 30 Jahre alt<\/strong><\/li>\n\n\n\n<li><strong>Alle trugen einen Bart und hatten schwarze Haare. <\/strong><\/li>\n\n\n\n<li><strong>Eine Person trug eine gr\u00fcne Jacke, eine blaue Hose und wei\u00dfe Schuhe. <\/strong><\/li>\n\n\n\n<li><strong>Die zweite Person trug eine Kappe und war komplett dunkel bekleidet. <\/strong><\/li>\n\n\n\n<li><strong>Der dritte T\u00e4ter trug ein schwarzes T-Shirt und Jeans. <\/strong><\/li>\n<\/ul>\n\n\n\n<ul>\n<li><strong>Sachdienliche Hinweise bitte an die Polizeiinspektion Ludwigshafen 1, Telefonnummer 0621 963-2122 oder per E-Mail\u00a0<a href=\"mailto:%20piludwigshafen1@polizei.rlp.de\">piludwigshafen1@polizei.rlp.de<\/a>\u00a0.<\/strong><\/li>\n<\/ul>\n\n\n\n<h2 class=\"wp-block-heading\">(Ludwigshafen) &#8211; Pfefferspray in Bus verspr\u00fcht<\/h2>\n\n\n\n<p>Drei Jugendliche verspr\u00fchten am Montag (24.04.2023), gegen 21.30 Uhr, in einem Bus in der Sternstra\u00dfe Pfefferspray. Als der Busfahrer die T\u00fcr \u00f6ffnete, um den Bus zu l\u00fcften, fl\u00fcchteten die Jugendlichen. Eine 22-J\u00e4hrige erlitt dadurch Atemwegsreizungen. Die Polizei wertet nun die Videoaufzeichnungen aus und sucht weitere Zeugen. <\/p>\n\n\n\n<ul>\n<li><strong>Sachdienliche Hinweise bitte an die Polizeiinspektion Ludwigshafen 2, Telefonnummer 0621 963-2222 oder per E-Mail\u00a0<a href=\"mailto:%20piludwigshafen2@polizei.rlp.de\">piludwigshafen2@polizei.rlp.de<\/a>\u00a0.<\/strong><\/li>\n<\/ul>\n\n\n\n<h2 class=\"wp-block-heading\">(Ludwigshafen) &#8211; Rennradfahrerin nach Unfall verletzt<\/h2>\n\n\n\n<p>Eine 26-j\u00e4hrige Rennradfahrerin \u00fcbersah am Montagabend (24.04.2023) einen anhaltenden PKW in der Mundenheimer Stra\u00dfe und fuhr auf diesen auf. Hierbei st\u00fcrzte die 26-J\u00e4hrige und verletzte sich. Die Frau kam anschlie\u00dfend in eine Krankennhaus, wo sie medizinisch behandelt wurde. An PKW und Fahrrad entstand ein Gesamtsachschaden in H\u00f6he von 500 Euro.<\/p>\n\n\n\n<h2 class=\"wp-block-heading\">(Ludwigshafen) &#8211; Pedelec aus Treppenhaus gestohlen<\/h2>\n\n\n\n<p>Unbekannte entwendeten im Zeitraum vom 23.04.2023 bis 24.04.2023 ein Pedelec aus einem Hausflur eines Mehrfamilienhauses in der Ostpreu\u00dfenstra\u00dfe. Das blaue Pedelec war ordnungsgem\u00e4\u00df angeschlossen und hatte einen Wert von 4000 Euro. <\/p>\n\n\n\n<ul>\n<li><strong>Sachdienliche Hinweise bitte an die Polizeiinspektion Ludwigshafen 1, Telefonnummer 0621 963-2122 oder per E-Mail\u00a0<a href=\"mailto:%20piludwigshafen1@polizei.rlp.de\">piludwigshafen1@polizei.rlp.de<\/a>\u00a0.<\/strong><\/li>\n<\/ul>\n\n\n\n<h2 class=\"wp-block-heading\">(Mannheim) &#8211; Autoreifen abmontiert und entwendet \/ Zeugen gesucht!<\/h2>\n\n\n\n<p>Unbemerkt montierte eine bislang unbekannte T\u00e4terschaft in der Zeit zwischen Montagnachmittag, 17 Uhr und Dienstagnacht, 2 Uhr, alle vier Reifen eines in der Rhenaniastra\u00dfe geparkten Pkw ab und entfernte sich in unbekannte Richtung. Die H\u00f6he des Diebstahlschadens l\u00e4sst sich nach derzeitigem Ermittlungsstand noch nicht genau beziffern. <\/p>\n\n\n\n<ul>\n<li><strong>Zeugen, die Verd\u00e4chtiges beobachtet haben, werden gebeten, sich bei dem Polizeirevier Neckarau unter der Tel.:0621 \/ 83397-0 zu melden.<\/strong><\/li>\n<\/ul>\n\n\n\n<h2 class=\"wp-block-heading\">(Mannheim) &#8211; LKW-Fahrer fl\u00fcchtet nach Unfall \/ Zeugen gesucht!<\/h2>\n\n\n\n<p>Ein bisher unbekannter Fahrer eines LKW besch\u00e4digte am Montagmittag, gegen 13 Uhr in der Kasseler Stra\u00dfe einen am Stra\u00dfenrand geparkten Audi. Durch eine Zeugin konnte beobachtet werden, wie der LKW-Fahrer mitsamt seinem Gespann die Baldurstra\u00dfe entlangfuhr. Als der unbekannte Fahrer daraufhin in die Kasseler Stra\u00dfe eingebogen ist, besch\u00e4digte dieser einen am Stra\u00dfenrand abgestellten Audi. Der Schaden befindet sich im mittleren vierstelligen Bereich. Nach derzeitigen Ermittlungen handelte es sich bei dem LKW-Gespann um einen Autotransporter. Die auf dem LKW beladenen Pkw waren zudem mit einer netzartigen Plane bedeckt. An dem Heck des Fahrzeugs war ein gelbes Schild befestigt. <\/p>\n\n\n\n<ul>\n<li><strong>Zeugen, die Angaben zum Fluchtfahrzeug, dem Unfallhergang oder dem Fahrzeugf\u00fchrer machen k\u00f6nnen, werden gebeten, sich beim Polizeirevier Sandhofen, unter Tel.: 0621 \/ 77769-0, zu melden.<\/strong><\/li>\n<\/ul>\n\n\n\n<h2 class=\"wp-block-heading\">(Mannheim) &#8211; Einbruch in Firmengel\u00e4nde \/ 16 Autoreifen samt Alufelgen entwendet &#8211; Zeugen gesucht!<\/h2>\n\n\n\n<p>In der Zeit zwischen Freitagmittag, 13:30 Uhr und Montagmorgen, 06:30 Uhr, gelangte eine bisher unbekannte T\u00e4terschaft auf das Gel\u00e4nde einer Firma in der Memeler Stra\u00dfe, indem diese zun\u00e4chst \u00fcber einen Zaun kletterten. Nachdem die T\u00e4ter auf das Firmengel\u00e4nde gelangt waren, nahmen diese sechszehn Autoreifen sowie die dazugeh\u00f6rigen Alufelgen im Wert von 1.600 Euro an sich und fl\u00fcchteten. Aufgrund der Menge des Diebesgutes, wird davon ausgegangen, dass die T\u00e4ter die Autoreifen mit einem Fahrzeug abtransportiert haben. <\/p>\n\n\n\n<ul>\n<li><strong>Zeugen, denen verd\u00e4chtige Personen und\/oder Fahrzeuge in Tatortn\u00e4he aufgefallen sind, werden gebeten, sich bei dem Polizeirevier Sandhofen, Tel.: 0621 \/ 77769 &#8211; 0, in Verbindung zu setzen.<\/strong><\/li>\n<\/ul>\n\n\n\n<h2 class=\"wp-block-heading\">(Mannheim-Neckarstadt) &#8211; Unfall mit Stra\u00dfenbahn<a href=\"https:\/\/www.facebook.com\/sharer.php?u=https%3A%2F%2Fwww.presseportal.de%2Fblaulicht%2Fpm%2F14915%2F5494264%2F%3Futm_source%3Dfacebook%26utm_medium%3Dsocial\"><\/a><a href=\"https:\/\/twitter.com\/intent\/tweet?text=POL-MA%3A%20Mannheim%2C%20Neckarstadt%3A%20Unfall%20mit%20Stra%C3%9Fenbahn%20-%20PM%201&amp;url=https%3A%2F%2Fwww.presseportal.de%2Fblaulicht%2Fpm%2F14915%2F5494264%2F%3Futm_source%3Dtwitter%26utm_medium%3Dsocial&amp;hashtags=ots&amp;lang=de\"><\/a><a href=\"https:\/\/web.whatsapp.com\/send?text=POL-MA%3A%20Mannheim%2C%20Neckarstadt%3A%20Unfall%20mit%20Stra%C3%9Fenbahn%20-%20PM%201%0A%0Ahttps%3A%2F%2Fwww.presseportal.de%2Fblaulicht%2Fpm%2F14915%2F5494264%2F%3Futm_source%3Dwhatsapp%26utm_medium%3Dsocial\"><\/a><a href=\"https:\/\/www.xing.com\/app\/user?op=share;url=https%3A%2F%2Fwww.presseportal.de%2Fblaulicht%2Fpm%2F14915%2F5494264%2F%3Futm_source%3Dxing%26utm_medium%3Dsocial\"><\/a><a href=\"http:\/\/www.linkedin.com\/shareArticle?mini=true&amp;url=https%3A%2F%2Fwww.presseportal.de%2Fblaulicht%2Fpm%2F14915%2F5494264%2F%3Futm_source%3Dlinkedin%26utm_medium%3Dsocial&amp;title=POL-MA%3A+Mannheim%2C+Neckarstadt%3A+Unfall+mit+Stra%C3%9Fenbahn+-+PM+1\"><\/a><a href=\"mailto:?subject=POL-MA%3A%20Mannheim%2C%20Neckarstadt%3A%20Unfall%20mit%20Stra%C3%9Fenbahn%20-%20PM%201&amp;body=https:\/\/www.presseportal.de\/blaulicht\/pm\/14915\/5494264\"><\/a><\/h2>\n\n\n\n<p>Auf der Waldhofstra\u00dfe in H\u00f6he B\u00fcrgermeister-Fuchs-Stra\u00dfe kam es Montagnachmittag zu einem Verkehrsunfall, bei dem ein Auto mit einer Stra\u00dfenbahn zusammenstie\u00df. Derzeit muss die Waldhofstra\u00dfe in Richtung Luzenberg aufgrund des Einsatzes der Rettungskr\u00e4fte gesperrt werden. Es kann zu Verkehrsbeeintr\u00e4chtigungen kommen.<\/p>\n\n\n\n<h3 class=\"wp-block-heading has-text-align-center\">Pressemeldung Nr. 2<\/h3>\n\n\n\n<p>Bei dem Unfall auf der Waldhofstra\u00dfe kam es zum Zusammensto\u00df zwischen einem Pkw und einer Stra\u00dfenbahn. Hierbei wurde der Fahrer des Autos leicht verletzt. Die Waldhofstra\u00dfe in Fahrtrichtung Luzenberg musste w\u00e4hrend der Unfallaufnahme gesperrt werden, stellenweise musste der Verkehr umgeleitet werden. Das Auto wurde abgeschleppt, die Stra\u00dfenbahn konnte ihre Fahrt fortsetzen. Der leicht verletzte Autofahrer wurde in ein nahe liegendes Krankenhaus gebracht. Die Schadensh\u00f6he ist noch nicht bekannt. Die Unfallursache ist Gegenstand der Ermittlungen, welche durch den Verkehrsdienst des Polizeipr\u00e4sidium Mannheim gef\u00fchrt werden.<\/p>\n\n\n\n<h2 class=\"wp-block-heading\">(Heidelberg) &#8211; Auf Drogen mit gestohlenem E-Scooter unterwegs<\/h2>\n\n\n\n<p>Am Montag, gegen 14 Uhr, fiel einer Polizeistreife ein E-Scooter-Fahrer mit abgelaufenem Versicherungskennzeichen auf, der auf der Alten Eppelheimer Stra\u00dfe unterwegs war. Als der Fahrer deswegen angehalten werden sollte, fl\u00fcchtete er zun\u00e4chst. Nach einer kurzen Verfolgung konnte er dann aber vorl\u00e4ufig festgenommen werden. Es zeigte sich, dass der E-Scooter nicht nur keinen g\u00fcltigen Versicherungsschutz mehr hatte, sondern auch gestohlen war. Damit aber nicht genug. Der Fahrer lenkte das Gef\u00e4hrt unter dem Einfluss von Amphetaminen und hatte von der Droge auch noch eine kleine Menge einstecken.<\/p>\n\n\n\n<p>Gegen den 42-j\u00e4hrige Mann wird nun wegen des Diebstahls des Rollers ermittelt. Zudem muss er sich wegen des Fahrens ohne Versicherungsschutz, der Teilnahme am Stra\u00dfenverkehr unter Drogeneinwirkung sowie wegen des Versto\u00dfes gegen das Bet\u00e4ubungsmittelgesetz verantworten.<\/p>\n\n\n\n<h2 class=\"wp-block-heading\">(Heidelberg) &#8211; Radfahrerin mit PKW angefahren und anschlie\u00dfend gefl\u00fcchtet \/ Polizei sucht Zeugen!<\/h2>\n\n\n\n<p>Am Montag, gegen 10 Uhr, streifte eine Radfahrerin im Vorbeifahren einen in der Ziegelh\u00e4user Landstra\u00dfe geparkten VW. Als die 44-J\u00e4hrige abbremste, um sich den Schaden anzusehen, wurde ihr Fahrrad von einem hinter ihr fahrenden schwarzen BMW touchiert. Dadurch st\u00fcrzte die Frau und zog sich dabei leichte Verletzungen zu. Der Autofahrer lie\u00df die auf dem Gehweg liegende Verunfallte zur\u00fcck und fl\u00fcchtete.<\/p>\n\n\n\n<p>Die polizeilichen Ermittlungen richten sich nun gegen den Fahrer eines schwarzen BMW Gran Turismo, entweder aus der 3er oder der 5er Reihe, wegen Unfallflucht. <\/p>\n\n\n\n<ul>\n<li><strong>Zeugen, die sachdienliche Hinweise geben k\u00f6nnen, werden gebeten sich beim Polizeirevier Heidelberg-Nord, unter der Telefonnummer 06221\/4569-0, zu melden.<\/strong><\/li>\n<\/ul>\n\n\n\n<h2 class=\"wp-block-heading\">(Heidelberg) &#8211; Diebstahlschaden in H\u00f6he von 125.000 Euro \/ Kupferkabel von Firmengel\u00e4nde entwendet. Zeugen gesucht!<\/h2>\n\n\n<div class=\"wp-block-image\">\n<figure class=\"aligncenter size-full\"><img decoding=\"async\" loading=\"lazy\" width=\"800\" height=\"532\" src=\"https:\/\/speyer24news.com\/wp-content\/uploads\/2021\/05\/Kupfer.jpg\" alt=\"\" class=\"wp-image-36529\" srcset=\"https:\/\/speyer24news.com\/wp-content\/uploads\/2021\/05\/Kupfer.jpg 800w, https:\/\/speyer24news.com\/wp-content\/uploads\/2021\/05\/Kupfer-300x200.jpg 300w, https:\/\/speyer24news.com\/wp-content\/uploads\/2021\/05\/Kupfer-768x511.jpg 768w\" sizes=\"(max-width: 800px) 100vw, 800px\" \/><\/figure><\/div>\n\n\n<p>\u00dcber den Zaun eines Firmengesch\u00e4fts verschaffte sich in der Zeit zwischen Sonntagnachmittag, 15 Uhr und Montagmorgen, 7 Uhr, eine unbekannte T\u00e4terschaft Zutritt in ein Firmengel\u00e4nde in der Sandh\u00e4user Stra\u00dfe und entwendete Kupferkabel im Wert von mindestens 125.000 Euro. Nach derzeitigem Stand der Ermittlungen schnitten die Unbekannten ein Loch in den Zaun und begaben sich schlie\u00dflich auf das Firmengel\u00e4nde. Im Anschluss zogen die T\u00e4ter bzw. T\u00e4terinnen die auf Kabeltrommeln aufgezogenen Kupferkabel ab und nahmen weitere Kupferkabel, welche in einem Kabelschacht gelagert wurden, an sich. Aufgrund der hohen Menge an Diebesgut, wird nach derzeitigen Ermittlungen davon ausgegangen, dass die Kupferkabel mit einem Fahrzeug \u00fcber das Haupteingangstor abtransportierten wurden. <\/p>\n\n\n\n<ul>\n<li><strong>Zeugen, denen ein Fahrzeug in Tatortn\u00e4he aufgefallen ist bzw. die sachdienliche Hinweise zum Ermittlungsverfahren geben k\u00f6nnen, werden gebeten sich bei dem Polizeirevier Heidelberg-S\u00fcd, Tel.: 06221 \/ 3418-0, zu melden.<\/strong><\/li>\n<\/ul>\n\n\n\n<h2 class=\"wp-block-heading\">(Heidelberg-Bergheim) &#8211; Polizeirevier Heidelberg Mitte zieht um<\/h2>\n\n\n\n<p>Das Polizeirevier Heidelberg Mitte zieht in der Zeit vom 26.04.-28.04. in neue R\u00e4umlichkeiten um. Der neue Standort ist ab Samstag, den 29.04.2023, in der Rohrbacher Stra\u00dfe 11, in 69115 Heidelberg. Die Telefonnummer bleibt bestehen, sollten Sie Anliegen haben, steht Ihnen w\u00e4hrend des Umzugs der Ermittlungsdienst des Polizeireviers Heidelberg Mitte im Schlo\u00dfberg 1, Telefonnummer: 06221\/ 1857-1770, jeweils von 07.30 Uhr &#8211; 19.00 Uhr oder jedes andere Polizeirevier zur Verf\u00fcgung.<\/p>\n\n\n\n<p>In Notf\u00e4llen erreichen Sie Ihre Polizei nat\u00fcrlich zu jeder Tages- und Nachtzeit unter der bekannten Notrufnummer 110.<\/p>\n\n\n\n<h2 class=\"wp-block-heading\">(Oftersheim \/ Rhein-Neckar-Kreis) &#8211; Pfeffersprayangriff auf zwei Fu\u00dfg\u00e4nger \/ Zeugenaufruf!<\/h2>\n\n\n<div class=\"wp-block-image\">\n<figure class=\"aligncenter size-full\"><img decoding=\"async\" loading=\"lazy\" width=\"801\" height=\"600\" src=\"https:\/\/speyer24news.com\/wp-content\/uploads\/2020\/05\/Zeugen-gesucht-Neutral.jpg\" alt=\"\" class=\"wp-image-26598\" srcset=\"https:\/\/speyer24news.com\/wp-content\/uploads\/2020\/05\/Zeugen-gesucht-Neutral.jpg 801w, https:\/\/speyer24news.com\/wp-content\/uploads\/2020\/05\/Zeugen-gesucht-Neutral-300x225.jpg 300w, https:\/\/speyer24news.com\/wp-content\/uploads\/2020\/05\/Zeugen-gesucht-Neutral-768x575.jpg 768w, https:\/\/speyer24news.com\/wp-content\/uploads\/2020\/05\/Zeugen-gesucht-Neutral-678x509.jpg 678w, https:\/\/speyer24news.com\/wp-content\/uploads\/2020\/05\/Zeugen-gesucht-Neutral-326x245.jpg 326w, https:\/\/speyer24news.com\/wp-content\/uploads\/2020\/05\/Zeugen-gesucht-Neutral-80x60.jpg 80w\" sizes=\"(max-width: 801px) 100vw, 801px\" \/><\/figure><\/div>\n\n\n<p>Am Dienstagnachmittag um 16:30 Uhr attackierte ein bisher unbekannter Fahrradfahrer zwei Fu\u00dfg\u00e4nger mit einem Pfefferspray. Aus bislang ungekl\u00e4rten Gr\u00fcnden gerieten die Fu\u00dfg\u00e4nger mit einem Fahrradfahrer in der Saarstra\u00dfe in ein Streitgespr\u00e4ch, in dessen Folge der Radfahrer ein Pfefferspray aus der Tasche zog und dieses in Richtung der beiden Fu\u00dfg\u00e4nger spr\u00fchte. Nach dem Angriff gelang es dem Mann unerkannt zu fl\u00fcchten. Durch einen Zeugen konnte der Vorfall beobachtet werden, wonach er die Verfolgung aufnahm. Der T\u00e4ter fuhr zun\u00e4chst in Richtung Hockenheimer Landstra\u00dfe und bog anschlie\u00dfend, auf H\u00f6he der dortigen Tankstelle, in Richtung einer Grillh\u00fctte in den Wald ab. Nach bisherigen Ermittlungen wurde einer der beteiligten Fu\u00dfg\u00e4nger, ein 52-j\u00e4hriger Mann, leicht verletzt. Dieser begab sich eigenst\u00e4ndig in ein umliegendes Krankenhaus und erstattete nach erfolgter medizinischer Versorgung Anzeige bei der Polizei. Ob der weitere beteiligte Fu\u00dfg\u00e4nger \/ die beteiligte Fu\u00dfg\u00e4ngerin durch den Pfeffereinsatz verletzt wurde, ist bisher noch unklar.<\/p>\n\n\n\n<h4 class=\"wp-block-heading\">Der T\u00e4ter wird wie folgt beschrieben:<\/h4>\n\n\n\n<ul>\n<li><strong>M\u00e4nnlich<\/strong><\/li>\n\n\n\n<li><strong>glatzk\u00f6pfig<\/strong><\/li>\n\n\n\n<li><strong>ca. 30-40 Jahre alt<\/strong><\/li>\n\n\n\n<li><strong>Er trug eine braune Jacke und einen gro\u00dfen Rucksack. <\/strong><\/li>\n\n\n\n<li><strong>Er war mit einem Mountainbike unterwegs.<\/strong><\/li>\n<\/ul>\n\n\n\n<ul>\n<li><strong>Das Polizeirevier Schwetzingen hat die weiteren Ermittlungen wegen gef\u00e4hrlicher K\u00f6rperverletzung aufgenommen. Zeugen, die sachdienliche Hinweise geben k\u00f6nnen, werden gebeten, sich unter der Tel.: 06202 \/ 288-0 zu melden. Ebenso bittet die Polizei den zweiten Fu\u00dfg\u00e4nger \/ die Fu\u00dfg\u00e4ngerin darum, sich ebenfalls beim Polizeirevier Schwetzingen zu melden.<\/strong><\/li>\n<\/ul>\n\n\n\n<h2 class=\"wp-block-heading\">(Eppelheim \/ Rhein-Neckar-Kreis) &#8211; Zwei Autos gerammt und dann gefl\u00fcchtet \/ Polizei sucht Zeugen!<\/h2>\n\n\n\n<p>Eine b\u00f6se \u00dcberraschung erlebte ein 44-j\u00e4hriger Autobesitzer aus Eppelheim, als er am Morgen zu seinem in der Rathenaustra\u00dfe abgestellten Fahrzeug kam. Irgendwann in der Nacht von Sonntag auf Montag stie\u00df eine bislang noch unbekannte T\u00e4terschaft mit einem Fahrzeug gegen die Hecksto\u00dfstange seines geparkten Mercedes und fl\u00fcchtete anschlie\u00dfend. Es entstand ein Sachschaden von knapp 1000 Euro. Im Rahmen der Unfallaufnahme stellte die Polizei fest, dass an der \u00d6rtlichkeit noch ein weiteres Auto besch\u00e4digt worden war. Der Kia wies lange Streifsch\u00e4den an der Seite auf. Der Schaden wird auf 5000 Euro gesch\u00e4tzt.<\/p>\n\n\n\n<p>Gegen den oder die Unbekannte wird nun wegen Unfallflucht ermittelt.<\/p>\n\n\n\n<ul>\n<li><strong>Zeugen, die sachdienliche Hinweise geben k\u00f6nnen, werden gebeten sich beim Polizeirevier Heidelberg-S\u00fcd, unter der Telefonnummer 06221\/3418-0, zu melden.<\/strong><\/li>\n<\/ul>\n\n\n\n<h2 class=\"wp-block-heading\">(A 5 \/ Schriesheim \/ Rhein-Neckar-Kreis) &#8211; Verkehrsunfall auf der BAB 5 bei Schriesheim \/ Sperrung aufgrund Unfallaufnahme<\/h2>\n\n\n\n<p>Aus bislang unbekannter Ursache fuhr die Fahrerin eines BMW einem LKW auf der BAB 5 Heidelberg in Richtung Darmstadt, kurz vor der Anschlussstelle Ladenburg, am Montag gegen 13:00 Uhr auf, drehte sich in der Folge mehrfach und kam auf der linken Fahrspur zum Stehen. Zuvor war sie nach ersten Erkenntnissen ohne erkennbaren Grund von der linken auf die rechte Fahrspur gefahren und dann mit dem LKW kollidiert.<\/p>\n\n\n\n<p>Die Fahrerin des BMW ist aktuell noch in ihrem Fahrzeug eingeklemmt und muss geborgen werden.<\/p>\n\n\n\n<p>Der Verkehr flie\u00dft derzeit \u00fcber den Standstreifen an der Unfall\u00f6rtlichkeit vorbei. Durch den Unfall kommt es zu einer Staubildung zwischen der Anschlussstelle Ladenburg und der Ausfahrt Dossenheim.<\/p>\n\n\n\n<h3 class=\"wp-block-heading has-text-align-center\">Pressemeldung Nr.2<\/h3>\n\n\n\n<p>Wie bereits berichtet ereignete sich gegen 13:00 Uhr auf der BAB 5 Heidelberg in Richtung Darmstadt, kurz vor der Anschlussstelle Ladenburg, ein Auffahrunfall.<\/p>\n\n\n\n<p>Entgegen der PM Nr.1 handelte es sich, bei dem verunfallten BMW, nicht um eine Dame am Steuer. Diese war lediglich Beifahrerin. Sie und der Fahrer des BMW konnten das Fahrzeug leichtverletzt \u00fcber die Beifahrerseite verlassen. Dem Fahrer war der Ausstieg auf dessen Seite aufgrund der Deformierung des PKW nicht m\u00f6glich. Beide Fahrzeuginsassen kamen vorsorglich in ein umliegendes Krankenhaus.<\/p>\n\n\n\n<p>Der BMW musste an der Unfallstelle abgeschleppt werden. Die H\u00f6he des Sachschadens ist aktuell noch nicht bekannt.<\/p>\n\n\n\n<p>Der Verkehr flie\u00dft weiterhin \u00fcber den Standstreifen an der Unfallstelle vorbei. Zwischen der Unfallstelle und der Ausfahrt Dossenheim kommt es zu Staubildung.<\/p>\n\n\n\n<h3 class=\"wp-block-heading has-text-align-center\">Sperrung aufgehoben &#8211; Pressemeldung Nr.3<\/h3>\n\n\n\n<p>Die nach einem Verkehrsunfall, auf der BAB 5 Heidelberg in Richtung Darmstadt, kurz vor der Anschlussstelle Ladenburg, gesperrten Fahrstreifen sind wieder freigegeben.<\/p>\n","protected":false},"excerpt":{"rendered":"<div class=\"mh-excerpt\"><p>Polizeimeldungen vom Dienstag (25.04.2023) (Speyer) &#8211; Verkehrsunfall am Doppelgymnasium \/ Beteiligter Junge auf Fahrrad und Zeuge gesucht! Eine 18-J\u00e4hrige befuhr mit ihrem PKW am 24.04.2023 gegen 13:15 Uhr die Otto-Mayer-Stra\u00dfe in Richtung Doppelgymnasium. Rechtsseitig von <a class=\"mh-excerpt-more\" href=\"https:\/\/speyer24news.com\/?p=52017\" title=\"Polizeimeldungen Dienstag (25.04.2023)\">[&#8230;]<\/a><\/p>\n<\/div>","protected":false},"author":3,"featured_media":26162,"comment_status":"open","ping_status":"open","sticky":false,"template":"","format":"standard","meta":{"_monsterinsights_skip_tracking":false,"_monsterinsights_sitenote_active":false,"_monsterinsights_sitenote_note":"","_monsterinsights_sitenote_category":0,"footnotes":""},"categories":[15659],"tags":[7243,7244,3614,350,14537,15084,15267,14538,15361,702,61,2555,6955,6986,6263,63,105,11150,6987,53,4854,13534,4683,1548,4905,11592,102,13626,213,14325,14324,13553,13541,55,8277,6368,5261,103,106,2803,2423,427,2625,380,62,104,979,1565],"aioseo_notices":[],"amp_enabled":true,"_links":{"self":[{"href":"https:\/\/speyer24news.com\/index.php?rest_route=\/wp\/v2\/posts\/52017"}],"collection":[{"href":"https:\/\/speyer24news.com\/index.php?rest_route=\/wp\/v2\/posts"}],"about":[{"href":"https:\/\/speyer24news.com\/index.php?rest_route=\/wp\/v2\/types\/post"}],"author":[{"embeddable":true,"href":"https:\/\/speyer24news.com\/index.php?rest_route=\/wp\/v2\/users\/3"}],"replies":[{"embeddable":true,"href":"https:\/\/speyer24news.com\/index.php?rest_route=%2Fwp%2Fv2%2Fcomments&post=52017"}],"version-history":[{"count":1,"href":"https:\/\/speyer24news.com\/index.php?rest_route=\/wp\/v2\/posts\/52017\/revisions"}],"predecessor-version":[{"id":52021,"href":"https:\/\/speyer24news.com\/index.php?rest_route=\/wp\/v2\/posts\/52017\/revisions\/52021"}],"wp:featuredmedia":[{"embeddable":true,"href":"https:\/\/speyer24news.com\/index.php?rest_route=\/wp\/v2\/media\/26162"}],"wp:attachment":[{"href":"https:\/\/speyer24news.com\/index.php?rest_route=%2Fwp%2Fv2%2Fmedia&parent=52017"}],"wp:term":[{"taxonomy":"category","embeddable":true,"href":"https:\/\/speyer24news.com\/index.php?rest_route=%2Fwp%2Fv2%2Fcategories&post=52017"},{"taxonomy":"post_tag","embeddable":true,"href":"https:\/\/speyer24news.com\/index.php?rest_route=%2Fwp%2Fv2%2Ftags&post=52017"}],"curies":[{"name":"wp","href":"https:\/\/api.w.org\/{rel}","templated":true}]}}