{"id":52025,"date":"2023-04-27T14:02:54","date_gmt":"2023-04-27T13:02:54","guid":{"rendered":"https:\/\/speyer24news.com\/?p=52025"},"modified":"2023-04-27T14:12:39","modified_gmt":"2023-04-27T13:12:39","slug":"polizeimeldungen-mittwoch-26-04-2023","status":"publish","type":"post","link":"https:\/\/speyer24news.com\/?p=52025","title":{"rendered":"Polizeimeldungen Mittwoch (26.04.2023)"},"content":{"rendered":"<style type=\"text\/css\">\r\n\t.ads_top_disp{}\r\n\t.ads_top_corner_disp{ float:left; margin:0px 10px 10px 0px; }\r\n\t.ads_first_p_disp{}\r\n\t.ads_bottom_disp{}\r\n\t<\/style>\n<h2 class=\"wp-block-heading\">Polizeimeldungen vom Mittwoch (26.04.2023)<\/h2>\n\n\n<div class=\"wp-block-image\">\n<figure class=\"aligncenter size-full\"><img decoding=\"async\" loading=\"lazy\" width=\"375\" height=\"500\" src=\"https:\/\/speyer24news.com\/wp-content\/uploads\/2022\/03\/Aktuelles-Polizeilogo.jpg\" alt=\"\" class=\"wp-image-43591\" srcset=\"https:\/\/speyer24news.com\/wp-content\/uploads\/2022\/03\/Aktuelles-Polizeilogo.jpg 375w, https:\/\/speyer24news.com\/wp-content\/uploads\/2022\/03\/Aktuelles-Polizeilogo-225x300.jpg 225w\" sizes=\"(max-width: 375px) 100vw, 375px\" \/><\/figure><\/div>\n\n\n<h2 class=\"wp-block-heading\">(Speyer) &#8211; Unter Einfluss von Alkohol und Drogen im PKW unterwegs<\/h2>\n\n\n\n<p>Am 25.04.2023 gegen 23:35 Uhr fiel Beamten der PI Speyer ein auff\u00e4llig fahrender PKW in der Ludwigstra\u00dfe auf. Dieser konnte durch die Beamten in der Herdstra\u00dfe einer Kontrolle unterzogen werden. Die 41-j\u00e4hrige Fahrerin, teilte den Beamten sofort mit, dass sie keine Fahrerlaubnis besitzt. Au\u00dferdem konnte ein deutlicher Atemalkoholgeruch von der Frau ausgehend festgestellt werden. Ein freiwilliger Atemalkoholtest ergab einen Wert von 2,63 Promille. Die Dame wurde zu hiesiger Dienststelle gebracht und dort eine Blutprobe entnommen. Da die 41- j\u00e4hrige bereits im Jahr 2022 durch eine Trunkenheitsfahrt aufgefallen war, wurde ihr Fahrzeug pr\u00e4ventiv sichergestellt, um weitere Fahrten zu unterbinden.<\/p>\n\n\n\n<p>Des Weiteren kontrollierten Beamte der Polizei in Speyer am 25.04.2023 gegen 00:55 Uhr eine 55-J\u00e4hrige PKW-Fahrerin in der Landwehrstra\u00dfe. Diese konnte auf Aufforderung keinen F\u00fchrerschein vorzeigen und gab an, dass dieser zu Hause sei. Schlussendlich ermittelten die Beamten, dass die Frau schon mehrfach den F\u00fchrerschein entzogen bekommen hatte. Die 55-J\u00e4hrige zeigte bei der Kontrolle drogentypische Auffallerscheinungen. Ein Urinschnellfest verlief positiv auf Amphetamin. Im Anschluss an die Blutentnahme wurde der Fahrzeugschl\u00fcssel zum PKW sichergestellt. Da die Frau auch zu Hause keinen g\u00fcltigen F\u00fchrerschein vorlegen konnte, wird wegen des Verdachts des Fahrens ohne Fahrerlaubnis ermittelt.<\/p>\n\n\n\n<h2 class=\"wp-block-heading\">(Speyer) &#8211; Wohnungseinbruch<\/h2>\n\n\n\n<p>Am Dienstag zwischen 07:45 Uhr und 10:30 Uhr verschafften sich bislang unbekannte T\u00e4ter Zutritt zu einem Mehrparteienhaus in der Sch\u00fctzensta\u00dfe. Dort hebelte die T\u00e4ter eine Wohnungst\u00fcr auf und durchw\u00fchlte mehrere Schr\u00e4nke in der Wohnung. Ein Tresor mit Schmuck und Bargeld wurde komplett entwendet. Der Gesamtschaden bel\u00e4uft sich auf eine mittleren f\u00fcnfstelligen Wert. Wer hat im Bereich der Sch\u00fctzenstra\u00dfe etwas beobachtet oder kann sachdienliche Hinweise geben? <\/p>\n\n\n\n<ul>\n<li><strong>Zeugen werden gebeten, ihre Wahrnehmungen der Polizei Speyer telefonisch oder per E-Mail mitzuteilen (Tel. 06232 \/ 137-0, E-Mail an&nbsp;<a href=\"mailto:%20pispeyer@polizei.rlp.de\">pispeyer@polizei.rlp.de<\/a>. )<\/strong><\/li>\n<\/ul>\n\n\n\n<h2 class=\"wp-block-heading\">(Speyer) &#8211; Einbruch in Gesch\u00e4ft<\/h2>\n\n\n\n<p>Im Zeitraum zwischen 24.04.2023, 19:37 Uhr und 25.04.2023, 08:15 Uhr gelangten bislang unbekannte T\u00e4ter durch Aufhebeln einer Hintert\u00fcr in das Innere des Gesch\u00e4ftes in der Maximilianstra\u00dfe. Aus dem Innenraum entwendeten sie einzelne Zigarettenpackungen, Zigarettenstangen und Bargeld in bislang unbekannter H\u00f6he. Gesch\u00e4tzte Schadensh\u00f6he 3000 Euro. <\/p>\n\n\n\n<ul>\n<li><strong>Wer hat etwas beobachtet oder kann sachdienliche Hinweise geben? Zeugen werden gebeten, ihre Wahrnehmungen der Polizei Speyer telefonisch oder per E-Mail mitzuteilen (Tel. 06232 \/ 137-0, E-Mail an&nbsp;<a href=\"mailto:%20pispeyer@polizei.rlp.de\">pispeyer@polizei.rlp.de<\/a>.)<\/strong><\/li>\n<\/ul>\n\n\n\n<h2 class=\"wp-block-heading\">(R\u00f6merberg) &#8211; Einbruch Vereinsheim<\/h2>\n\n\n\n<p>Im Zeitraum vom 24.04.2023, 21:00 Uhr bis 25.04.2023, 06:00 Uhr brachen bislang unbekannte T\u00e4ter eine Hintert\u00fcr eines Vereinsheimes in der gro\u00dfen Hohl mittels brachialer Gewalt auf und drangen in das Geb\u00e4ude ein. Innerhalb des Geb\u00e4udes wurde eine schwere Zwischent\u00fcr aufgebrochen und aus den Angeln gehoben. Aus dort befindlichen Automaten und einem Spendenball entwendeten die unbekannten T\u00e4ter Bargeld im mittleren zweistelligen Bereich. Der Gesamtschaden bel\u00e4uft sich ca. 2000EUR.<\/p>\n\n\n\n<ul>\n<li><strong>Wer hat etwas beobachtet oder kann sachdienliche Hinweise geben? Zeugen werden gebeten, ihre Wahrnehmungen der Polizei Speyer telefonisch oder per E-Mail mitzuteilen (Tel. 06232 \/ 137-0, E-Mail an&nbsp;<a href=\"mailto:%20pispeyer@polizei.rlp.de\">pispeyer@polizei.rlp.de<\/a>.)<\/strong><\/li>\n<\/ul>\n\n\n\n<h2 class=\"wp-block-heading\">(Freisbach) &#8211; Einbruch in Kindergarten<\/h2>\n\n\n\n<p>In der Nacht von Montag auf Dienstag brachen bislang unbekannte T\u00e4ter in den Kindergarten in Freisbach ein. Der Sachschaden bel\u00e4uft sich auf ca. 500 Euro. Die Polizei hat die entsprechenden Ermittlungen aufgenommen. <\/p>\n\n\n\n<ul>\n<li><strong>Zeugenhinweise zu den Taten nimmt die Polizei Germersheim unter 07274-9580 oder unter E-Mail&nbsp;<a href=\"mailto:%20pigermersheim@polizei.rlp.de\">pigermersheim@polizei.rlp.de<\/a>&nbsp;entgegen.<\/strong><\/li>\n<\/ul>\n\n\n\n<h2 class=\"wp-block-heading\">(Germersheim) &#8211; Vermisste 47-J\u00e4hrige aus Germersheim \/ \u00d6ffentlichkeitsfahndung<\/h2>\n\n\n<div class=\"wp-block-image\">\n<figure class=\"aligncenter size-full\"><img decoding=\"async\" src=\"https:\/\/speyer24news.com\/wp-content\/uploads\/2023\/04\/csm_Lichtbild_4013ef7009.jpeg\" alt=\"\" class=\"wp-image-52031\"\/><\/figure><\/div>\n\n\n<p>Seit Samstag, 22.04.2023, wird die in Germersheim wohnende 47-j\u00e4hrige Achwak A.-O. vermisst. Sie besuchte in den Abendstunden noch eine Verwandte in M\u00fcnchen und wurde seitdem nicht mehr gesehen. Sie nutzte vermutlich die \u00f6ffentlichen Verkehrsmittel. Ihr Aufenthaltsort ist derzeit unbekannt. Durch die bisherigen polizeilichen Ma\u00dfnahmen konnte sie nicht aufgefunden werden, so dass wir die \u00d6ffentlichkeit um Mithilfe bitten.<\/p>\n\n\n\n<h4 class=\"wp-block-heading\">Sie wird wie folgt beschrieben:<\/h4>\n\n\n\n<ul>\n<li><strong>ca. 170-175 cm gro\u00df<\/strong><\/li>\n\n\n\n<li><strong>kr\u00e4ftig<\/strong><\/li>\n\n\n\n<li><strong>braune bis schwarze Haare (je nach F\u00e4rbung)<\/strong><\/li>\n\n\n\n<li><strong>Frisur ist unbekannt<\/strong><\/li>\n\n\n\n<li><strong>braune Augen<\/strong><\/li>\n\n\n\n<li><strong>wei\u00dfes Kopftuch<\/strong><\/li>\n\n\n\n<li><strong>schwarze, knielange Jacke<\/strong><\/li>\n\n\n\n<li><strong>blaue Jeans<\/strong><\/li>\n<\/ul>\n\n\n\n<ul>\n<li><strong>Wer hat Achwak A.-O. seit Samstag gesehen? <\/strong><\/li>\n\n\n\n<li><strong>Wer kann Hinweise zu ihrem derzeitigen Aufenthaltsort geben?<\/strong><\/li>\n<\/ul>\n\n\n\n<ul>\n<li><strong>Hinweise nimmt die Polizei Landau unter der Telefonnummer 06341-287-0, der E-Mail-Adresse:&nbsp;<a href=\"mailto:%20kilandau.k1@polizei.rlp.de\">kilandau.k1@polizei.rlp.de<\/a>, oder jede andere Polizeidienststelle entgegen.<\/strong><\/li>\n<\/ul>\n\n\n\n<h2 class=\"wp-block-heading\">(Bad Bergzabern) &#8211; Aktuelle Warnmeldung der Polizeidirektion Landau<\/h2>\n\n\n\n<p>Die Polizeidirektion Landau m\u00f6chte Sie darauf hinweisen, dass es aktuell im Bereich Bad Bergzabern vermehrt zu Anrufen bei \u00e4lteren Menschen kommt, bei denen es sich um Betrugsversuche im Bereich der falschen Polizeibeamten handeln k\u00f6nnte.<\/p>\n\n\n\n<ul>\n<li><strong>Geben Sie am Telefon keine Auskunft \u00fcber Ihre pers\u00f6nlichen und finanziellen Verh\u00e4ltnisse oder andere sensible Daten.<\/strong><\/li>\n\n\n\n<li><strong>\u00d6ffnen Sie unbekannten Personen nicht die T\u00fcr. Ziehen Sie gegebenenfalls eine Vertrauensperson hinzu, z. B. Nachbarn oder nahe Verwandte.<\/strong><\/li>\n\n\n\n<li><strong>\u00dcbergeben Sie unbekannten Personen kein Geld oder Wertsachen.<\/strong><\/li>\n<\/ul>\n\n\n\n<ul>\n<li><strong>Wenden Sie sich an das \u00f6rtliche Polizeirevier. Erz\u00e4hlen Sie der Polizei von den Anrufen. Die Polizeidirektion Landau ist f\u00fcr Sie da! Telefonnummer: 06341-287-0<\/strong><\/li>\n<\/ul>\n\n\n\n<h2 class=\"wp-block-heading\">(B 48 \/ Klingenm\u00fcnster) &#8211; Unfallverursacher steht unter Alkoholeinfluss<a href=\"https:\/\/www.facebook.com\/sharer.php?u=https%3A%2F%2Fwww.presseportal.de%2Fblaulicht%2Fpm%2F117686%2F5494529%2F%3Futm_source%3Dfacebook%26utm_medium%3Dsocial\"><\/a><a href=\"https:\/\/twitter.com\/intent\/tweet?text=POL-PDLD%3A%20Klingenm%C3%BCnster%20B48%20Unfallverursacher%20steht%20unter%20Alkoholeinfluss&amp;url=https%3A%2F%2Fwww.presseportal.de%2Fblaulicht%2Fpm%2F117686%2F5494529%2F%3Futm_source%3Dtwitter%26utm_medium%3Dsocial&amp;hashtags=ots&amp;lang=de\"><\/a><a href=\"https:\/\/web.whatsapp.com\/send?text=POL-PDLD%3A%20Klingenm%C3%BCnster%20B48%20Unfallverursacher%20steht%20unter%20Alkoholeinfluss%0A%0Ahttps%3A%2F%2Fwww.presseportal.de%2Fblaulicht%2Fpm%2F117686%2F5494529%2F%3Futm_source%3Dwhatsapp%26utm_medium%3Dsocial\"><\/a><a href=\"https:\/\/www.xing.com\/app\/user?op=share;url=https%3A%2F%2Fwww.presseportal.de%2Fblaulicht%2Fpm%2F117686%2F5494529%2F%3Futm_source%3Dxing%26utm_medium%3Dsocial\"><\/a><a href=\"http:\/\/www.linkedin.com\/shareArticle?mini=true&amp;url=https%3A%2F%2Fwww.presseportal.de%2Fblaulicht%2Fpm%2F117686%2F5494529%2F%3Futm_source%3Dlinkedin%26utm_medium%3Dsocial&amp;title=POL-PDLD%3A+Klingenm%C3%BCnster+B48+Unfallverursacher+steht+unter+Alkoholeinfluss\"><\/a><a href=\"mailto:?subject=POL-PDLD%3A%20Klingenm%C3%BCnster%20B48%20Unfallverursacher%20steht%20unter%20Alkoholeinfluss&amp;body=https:\/\/www.presseportal.de\/blaulicht\/pm\/117686\/5494529\"><\/a><\/h2>\n\n\n<div class=\"wp-block-image\">\n<figure class=\"aligncenter size-full\"><img decoding=\"async\" loading=\"lazy\" width=\"800\" height=\"601\" src=\"https:\/\/speyer24news.com\/wp-content\/uploads\/2023\/04\/UnfallbildB48.jpg\" alt=\"\" class=\"wp-image-52026\" srcset=\"https:\/\/speyer24news.com\/wp-content\/uploads\/2023\/04\/UnfallbildB48.jpg 800w, https:\/\/speyer24news.com\/wp-content\/uploads\/2023\/04\/UnfallbildB48-300x225.jpg 300w, https:\/\/speyer24news.com\/wp-content\/uploads\/2023\/04\/UnfallbildB48-768x577.jpg 768w, https:\/\/speyer24news.com\/wp-content\/uploads\/2023\/04\/UnfallbildB48-678x509.jpg 678w, https:\/\/speyer24news.com\/wp-content\/uploads\/2023\/04\/UnfallbildB48-326x245.jpg 326w, https:\/\/speyer24news.com\/wp-content\/uploads\/2023\/04\/UnfallbildB48-80x60.jpg 80w\" sizes=\"(max-width: 800px) 100vw, 800px\" \/><\/figure><\/div>\n\n\n<p>Am 25.04.23, gegen 16:35, kam es an der Einm\u00fcndung B48 \/ L508 zu einem Verkehrsunfall. Ein 58-j\u00e4hrige Fahrer eines Pkw Opel missachtete beim Linksabbiegen von der B48 aus Richtung Klingenm\u00fcnster den Vorrang eines aus Richtung Eschbach entgegenkommenden 58-j\u00e4hrigen Skoda-Fahrers. Der Unfallverursacher stand mit 0,65 Promille unter Alkoholeinfluss. Beide Fahrzeugf\u00fchrer wurden leicht verletzt. Die Fahrzeuge mussten abgeschleppt werden. Der Sachschaden wird auf 20.000.- Euro gesch\u00e4tzt. Der F\u00fchrerschein des Verursachers wurde sichergestellt und ein Verfahren wegen Stra\u00dfenverkehrsgef\u00e4hrdung eingeleitet.<\/p>\n\n\n\n<h2 class=\"wp-block-heading\">(A 65 \/ Landau-Nord) &#8211; Unangepasste Geschwindigkeit<\/h2>\n\n\n<div class=\"wp-block-image\">\n<figure class=\"aligncenter size-full\"><img decoding=\"async\" loading=\"lazy\" width=\"800\" height=\"548\" src=\"https:\/\/speyer24news.com\/wp-content\/uploads\/2023\/04\/UnfallA65.jpg\" alt=\"\" class=\"wp-image-52027\" srcset=\"https:\/\/speyer24news.com\/wp-content\/uploads\/2023\/04\/UnfallA65.jpg 800w, https:\/\/speyer24news.com\/wp-content\/uploads\/2023\/04\/UnfallA65-300x206.jpg 300w, https:\/\/speyer24news.com\/wp-content\/uploads\/2023\/04\/UnfallA65-768x526.jpg 768w\" sizes=\"(max-width: 800px) 100vw, 800px\" \/><\/figure><\/div>\n\n\n<p>Ein 22 Jahre alter Autofahrer verlor am Dienstagmorgen (25.04.2023, 9 Uhr) auf der A65, AS LD-Nord, wegen schlechten Wetterverh\u00e4ltnissen und unangepasster Geschwindigkeit die Kontrolle \u00fcber sein Fahrzeug und kollidierte mit der Mittelschutzplanke. Sein Fahrzeug war nicht mehr fahrbereit und musste abgeschleppt werden. Bei der Unfallaufnahme sowie der Bergung des Unfallfahrzeugs kam es zu Verkehrsbehinderungen. Der Gesamtschaden liegt bei 2.000 Euro.<\/p>\n\n\n\n<h2 class=\"wp-block-heading\">(Edenkoben) &#8211; Verkehrs- und Geschwindigkeits\u00fcberwachung<\/h2>\n\n\n<div class=\"wp-block-image\">\n<figure class=\"aligncenter size-full\"><img decoding=\"async\" loading=\"lazy\" width=\"800\" height=\"564\" src=\"https:\/\/speyer24news.com\/wp-content\/uploads\/2023\/04\/20230426_103836.jpg\" alt=\"\" class=\"wp-image-52028\" srcset=\"https:\/\/speyer24news.com\/wp-content\/uploads\/2023\/04\/20230426_103836.jpg 800w, https:\/\/speyer24news.com\/wp-content\/uploads\/2023\/04\/20230426_103836-300x212.jpg 300w, https:\/\/speyer24news.com\/wp-content\/uploads\/2023\/04\/20230426_103836-768x541.jpg 768w\" sizes=\"(max-width: 800px) 100vw, 800px\" \/><\/figure><\/div>\n\n\n<p>Am 26.04.2023, im Zeitraum von 07:45 Uhr bis 13:00 Uhr, wurden im Dienstgebiet der Polizei Edenkoben durch hiesige Beamte Verkehrskontrollen mit dem Schwerpunkt Geschwindigkeit durchgef\u00fchrt. Kontroll\u00f6rtlichkeiten waren unter anderem die Staatsstra\u00dfe in Edesheim, die L 516 in Bereich Walsheim sowie die Weinstra\u00dfe in Edenkoben im dortigen Schulbereich. Im Rahmen der Kontrollen kam es zu insgesamt 20 Geschwindigkeits\u00fcberschreitungen, welche vor Ort verwarnt oder dementsprechende Ordnungswidrigkeitsverfahren eingeleitet wurden. Unter anderem wurde ein Versto\u00df gegen das Pflichtversicherungsgesetz mit einem E-Scooter festgestellt. Das nicht versicherte Fahrzeug wurde sichergestellt und gegen den Fahrzeugf\u00fchrer wurde ein Strafverfahren eingeleitet.<\/p>\n\n\n\n<h2 class=\"wp-block-heading\">(Neustadt) &#8211; Berauscht zur Arbeit<\/h2>\n\n\n\n<p>Am 26.04.23 um 07:15 Uhr wurde ein 57-J\u00e4hriger aus Neustadt\/W. mit seinem E-Scooter in der Lilienthalstra\u00dfe in 67435 Neustadt einer anlassunabh\u00e4ngigen Verkehrskontrolle unterzogen. Der Mann befand sich zu diesem Zeitpunkt auf dem Weg zu seiner Arbeitsstelle. Im Rahmen der \u00dcberpr\u00fcfung der Verkehrst\u00fcchtigkeit konnten bei diesem Auff\u00e4lligkeiten festgestellt werden, welche auf eine aktuelle Bet\u00e4ubungsmittelbeeinflussung schlie\u00dfen lie\u00dfen. Ein Vortest reagierte letztlich positiv auf die Stoffgruppen Amfetamin und Metamfetamin, weshalb dem E-Scooter-Fahrer eine Blutprobe entnommen wurde. Der E-Scooter des Neustadters wurde einem Bekannten \u00fcbergeben. Nun muss sich der 57-J\u00e4hrige in einem Straf-, sowie einem Ordnungswidrigkeitenverfahren verantworten. Des Weiteren wird die zust\u00e4ndige F\u00fchrerscheinstelle \u00fcber den Vorfall in Kenntnis gesetzt.<\/p>\n\n\n\n<h2 class=\"wp-block-heading\">(Lambrecht) &#8211; In der Mittagspause Anzeigen eingehandelt&#8230;<\/h2>\n\n\n\n<p>&#8230; hat sich ein 46-J\u00e4hriger aus Lambrecht, welcher am 26.04.2023 um 12:15 Uhr mit einem E-Scooter ohne Versicherungsplakette, in der Wiesenstra\u00dfe in 67466 Lambrecht einer anlassabh\u00e4ngigen Verkehrskontrolle unterzogen wurde. Dieser befand sich zu diesem Zeitpunkt in seiner Mittagspause. Im Verlauf der Kontrolle konnte festgestellt werden, dass der Mann gegen\u00fcber den eingesetzten Beamten falsche Personalien angab und unter dem Einfluss von THC stand. Der E-Scooter wurde sodann dem rechtm\u00e4\u00dfigen Eigent\u00fcmer \u00fcbergeben. Dem Lambrechter wurde letztlich eine Blutprobe in hiesiger Dienststelle entnommen. Diesen erwartet nun ein Straf-, sowie zwei Ordnungswidrigkeitenverfahren. Au\u00dferdem muss sich der Eigent\u00fcmer des E-Scooters strafrechtlich verantworten, da dieser zulie\u00df, dass dessen Bekannter den E-Scooter ohne Versicherungsschutz nutzte.<\/p>\n\n\n\n<h2 class=\"wp-block-heading\">(Bad D\u00fcrkheim) &#8211; Durchsuchungsma\u00dfnahmen der Kriminalinspektion Neustadt<\/h2>\n\n\n\n<h3 class=\"wp-block-heading\">Gemeinsame Pressemitteilung von Staatsanwaltschaft Frankenthal\/Pfalz und Polizeipr\u00e4sidium Rheinpfalz<\/h3>\n\n\n\n<h3 class=\"wp-block-heading has-text-align-center\">Nachtrag zu&nbsp;<a target=\"_blank\" rel=\"noreferrer noopener\" href=\"https:\/\/www.presseportal.de\/blaulicht\/pm\/117687\/5494342\">https:\/\/www.presseportal.de\/blaulicht\/pm\/117687\/5494342<\/a><\/h3>\n\n\n\n<p>Aufgrund eines Ermittlungsverfahrens wegen des Verdachtes des Versto\u00dfes gegen das Waffen- und das Bet\u00e4ubungsmittelgesetz, vollstreckten am Dienstag (25.04.2023) Polizeikr\u00e4fte im Auftrag der Staatsanwaltschaft Frankenthal Durchsuchungsbeschl\u00fcsse f\u00fcr das Anwesen eines 61-J\u00e4hrigen in Bad D\u00fcrkheim. Bei den Durchsuchungen wurden mehrere Schusswaffen (6 Kurz- und 4 Langwaffen) und Munition sowie Bet\u00e4ubungsmittel (ca. 490 Gramm Marihuana) sichergestellt. Die Ermittlungen der Staatsanwaltschaft Frankenthal und der Kriminalpolizei Neustadt dauern weiter an.<\/p>\n\n\n\n<h2 class=\"wp-block-heading\">(Bad D\u00fcrkheim) &#8211; E-Bike gestohlen<\/h2>\n\n\n\n<p>Im Zeitraum von 24.04.2023 07:30 Uhr bis 16:00 Uhr wurde ein, im Parkhaus der Klinik Sonnenwende, abgestelltes E-Bike entwendet. Die bislang unbekannten T\u00e4ter durchtrennten mit einem bislang nicht bekannten Werkzeug das Kettenschlo\u00df. Bei dem Damenrad handelte sich um ein Pedelec der Marke Cube, Modell Katmandu, 26 Zoll, Farbe Grau, 12 Gang Schaltung, mit Beleuchtung und einer grau orangenen Satteltasche. Es entstand Sachschaden in H\u00f6he von 3600 Euro. <\/p>\n\n\n\n<ul>\n<li><strong>Die Polizei Bad D\u00fcrkheim bittet um Hinweise unter 06322 963 0 oder per E-Mail an&nbsp;<a href=\"mailto:%20pibadduerkheim@polizei.rlp.de\">pibadduerkheim@polizei.rlp.de<\/a><\/strong><\/li>\n\n\n\n<li><\/li>\n<\/ul>\n\n\n\n<h2 class=\"wp-block-heading\">(Bad D\u00fcrkheim) &#8211; Einbruch in Baustellencontainer<\/h2>\n\n\n\n<p>Im Zeitraum vom 21.04.2023, 17:00 Uhr, bis 24.04.2023, 07:00 Uhr, kam es zu einem Einbruch in zwei Baustellencontainer in der Fronhofallee in Bad D\u00fcrkheim. Bislang unbekannte T\u00e4ter hebelten die Vorh\u00e4ngeschl\u00f6sser mit einem bislang unbekannten Gegenstand auf. Konkrete Angaben \u00fcber das Stehlgut liegen noch nicht vor. Es ist bislang bekannt, dass eine Stihl Kettens\u00e4ge und 2 Stihl Trennschleifer im Gesamtwert von 3500 Euro entwendet wurden. <\/p>\n\n\n\n<ul>\n<li><strong>Zeugen, welche im genannten Zeitraum verd\u00e4chtigte Personen oder Fahrzeuge wahrgenommen haben, werden gebeten sich mit der Polizeiinspektion Bad D\u00fcrkheim unter der Tel. 06322\/963-0 oder per E-Mail&nbsp;<a href=\"mailto:%20pibadduerkheim@polizei.rlp.de\">pibadduerkheim@polizei.rlp.de<\/a>&nbsp;in Verbindung zu setzen.<\/strong><\/li>\n<\/ul>\n\n\n\n<h2 class=\"wp-block-heading\">(Kallstadt) &#8211; Ampel besch\u00e4digt und gefl\u00fcchtet<\/h2>\n\n\n\n<p>Am 24.04.2023 gegen 11:30 Uhr wurde eine Fu\u00dfg\u00e4ngerampel in der Weinstra\u00dfe in Kallstadt besch\u00e4digt. Ein bislang unbekannter Fahrer eines LKW wollte von der Freinsheimer Stra\u00dfe, nach rechts in die Weinstra\u00dfe (B271) einfahren, besch\u00e4digte im Vorbeifahren die Fu\u00dfg\u00e4ngerampel und entfernte sich anschlie\u00dfend unerlaubt von der Unfallstelle. An der Ampel entstand ein Sachschaden in H\u00f6he von 500EUR. Der Verkehrsunfall konnte durch einen aufmerksamen Zeugen beobachtet werden. Er informierte unverz\u00fcglich die Polizei und konnte sowohl das Kennzeichen des LKW als auch eine gute Beschreibung des Fahrers abgeben. Da es sich um eine Firma mit Sitz im Ausland handelt, laufen aktuell die Ermittlungen hinsichtlich des Fahrers zum Unfallzeitpunkt. Gegen ihn wird nun wegen Verkehrsunfallflucht ermittelt.<\/p>\n\n\n\n<h2 class=\"wp-block-heading\">(Frankenthal) &#8211; Brand in Supermarkt<\/h2>\n\n\n\n<p>Am 26.04.2023, gegen 08.00 Uhr, wurde hiesiger Dienststelle ein Brand in einem Supermarkt am Jakobsplatz gemeldet. Bei Eintreffen der Streife war der Markt bereits durch Mitarbeiter evakuiert worden. Nach derzeitigem Ermittlungsstand kam es an einer K\u00fchltheke zu einem technischen Defekt, welche in dem dortigen Bereich einen Brand ausl\u00f6ste. Dieser konnte z\u00fcgig durch die Feuerwehr gel\u00f6scht werden. Personen wurden hierbei nicht verletzt. Die Schadensh\u00f6he ist noch nicht bekannt.<\/p>\n\n\n\n<ul>\n<li><strong>Zeugen werden gebeten sich an die Polizeiinspektion Frankenthal unter der Tel.-Nr.: 06233\/313-0 oder an die Polizeiwache Maxdorf unter der Tel.-Nr.: 06237\/934-1100 zu wenden. Gerne nehmen wir Ihre Hinweise auch per E-Mail unter&nbsp;<a href=\"mailto:%20pifrankenthal@polizei.rlp.de\">pifrankenthal@polizei.rlp.de<\/a>&nbsp;entgegen.<\/strong><\/li>\n<\/ul>\n\n\n\n<h2 class=\"wp-block-heading\">(Frankenthal) &#8211; Verkehrsunfall unter Alkoholeinfluss<\/h2>\n\n\n\n<p>Am 25.04.2023, gegen 17.20 Uhr, befuhr eine 41-j\u00e4hrige Frau aus Frankenthal mit ihrem Pkw die Hammstra\u00dfe in Richtung Daniel-Bechtel-Stra\u00dfe. In einer leichten Linkskurve streifte sie zun\u00e4chst zwei am Fahrbahnrand geparkte Pkw und kollidierte sodann mit der Geb\u00e4udewand eines dortigen Supermarktes. Durch die eingesetzten Kr\u00e4fte konnte bei der Frau starker Alkoholgeruch wahrgenommen werden. Ein freiwilliger Alkoholtest wurde durch sie verweigert. Durch den Rettungsdienst wurde sie zur \u00dcberpr\u00fcfung ihrer Verletzungen in ein Krankenhaus gebracht, dort wurde ihr auch eine Blutprobe entnommen. Weiterhin war sie nicht im Besitz einer Fahrerlaubnis. Gegen die Frau wurde ein Strafverfahren eingeleitet. Der Gesamtschaden wird auf etwa 8.000 Euro gesch\u00e4tzt.<\/p>\n\n\n\n<ul>\n<li><strong>Zeugen werden gebeten sich an die Polizeiinspektion Frankenthal unter der Tel.-Nr.: 06233\/313-0 oder an die Polizeiwache Maxdorf unter der Tel.-Nr.: 06237\/934-1100 zu wenden. Gerne nehmen wir Ihre Hinweise auch per E-Mail unter&nbsp;<a href=\"mailto:%20pifrankenthal@polizei.rlp.de\">pifrankenthal@polizei.rlp.de<\/a>&nbsp;entgegen.<\/strong><\/li>\n<\/ul>\n\n\n\n<h2 class=\"wp-block-heading\">(Ludwigshafen) &#8211; Hoher Sachschaden nach M\u00fclleimerbrand<\/h2>\n\n\n\n<p>Zu einem Sachschaden von gesch\u00e4tzten 10.000 Euro kam es am 25.04.2023, gegen 23:45 Uhr, durch mehrere brennende M\u00fclleimer. Diese standen auf dem Parkplatz eines Bekleidungsdiscounters in der Bachgasse. Durch das Feuer brannten die M\u00fcllbeh\u00e4lter vollst\u00e4ndig aus. Au\u00dferdem wurden ein angrenzendes Mauerwerk, die Fassade des Gesch\u00e4fts sowie ein parkendes Auto besch\u00e4digt. Die Ermittlungen zur Brandursache wurden aufgenommen. <\/p>\n\n\n\n<ul>\n<li><strong>Sachdienliche Hinweise bitte an die Polizeiinspektion Ludwigshafen 2, Telefonnummer 0621 963-2222 oder per E-Mail&nbsp;<a href=\"mailto:%20piludwigshafen2@polizei.rlp.de\">piludwigshafen2@polizei.rlp.de<\/a>&nbsp;.<\/strong><\/li>\n<\/ul>\n\n\n\n<h2 class=\"wp-block-heading\">(Ludwigshafen) &#8211; Passanten angespuckt und bedroht<\/h2>\n\n\n<div class=\"wp-block-image\">\n<figure class=\"aligncenter size-full\"><img decoding=\"async\" loading=\"lazy\" width=\"800\" height=\"600\" src=\"https:\/\/speyer24news.com\/wp-content\/uploads\/2019\/06\/Ausn\u00fcchterungszelle.jpg\" alt=\"\" class=\"wp-image-15212\" srcset=\"https:\/\/speyer24news.com\/wp-content\/uploads\/2019\/06\/Ausn\u00fcchterungszelle.jpg 800w, https:\/\/speyer24news.com\/wp-content\/uploads\/2019\/06\/Ausn\u00fcchterungszelle-300x225.jpg 300w, https:\/\/speyer24news.com\/wp-content\/uploads\/2019\/06\/Ausn\u00fcchterungszelle-768x576.jpg 768w, https:\/\/speyer24news.com\/wp-content\/uploads\/2019\/06\/Ausn\u00fcchterungszelle-678x509.jpg 678w, https:\/\/speyer24news.com\/wp-content\/uploads\/2019\/06\/Ausn\u00fcchterungszelle-326x245.jpg 326w, https:\/\/speyer24news.com\/wp-content\/uploads\/2019\/06\/Ausn\u00fcchterungszelle-80x60.jpg 80w\" sizes=\"(max-width: 800px) 100vw, 800px\" \/><figcaption class=\"wp-element-caption\">Beispielbild Zelle \/ Verhaftung, dient lediglich der Visualisierung<\/figcaption><\/figure><\/div>\n\n\n<p>Am Dienstag (25.04.2023, 17:30 Uhr) p\u00f6belte ein 34-J\u00e4hriger zwei Betreiber eines Infostands auf dem Berliner Platz an und bespuckte diese. Kurze Zeit sp\u00e4ter p\u00f6belte der Mann weitere Personen in der Sch\u00fctzenstra\u00dfe an und bedrohte diese. Durch die sofort eingesetzten Polizeikr\u00e4fte konnte der Mann kurze darauf in der Dammstra\u00dfe kontrolliert werden. Da der alkoholisierte 34-J\u00e4hrige sich auch den eingesetzten Beamten gegen\u00fcber h\u00f6chst aggressiv verhielt und nicht zu beruhigen war, wurde er zu Boden gebracht und gefesselt. Anschlie\u00dfend wurde er in Gewahrsam genommen. Ihn erwartet nun ein Strafverfahren wegen K\u00f6rperverletzung und Bedrohung.<\/p>\n\n\n\n<ul>\n<li><strong>Sachdienliche Hinweise bitte an die Polizeiinspektion Ludwigshafen 1, Telefonnummer 0621 963-2122 oder per E-Mail&nbsp;<a href=\"mailto:%20piludwigshafen1@polizei.rlp.de\">piludwigshafen1@polizei.rlp.de<\/a>&nbsp;.<\/strong><\/li>\n<\/ul>\n\n\n\n<h2 class=\"wp-block-heading\">(Ludwigshafen) &#8211; Zeugen gesucht<\/h2>\n\n\n<div class=\"wp-block-image\">\n<figure class=\"aligncenter size-full\"><img decoding=\"async\" loading=\"lazy\" width=\"801\" height=\"600\" src=\"https:\/\/speyer24news.com\/wp-content\/uploads\/2020\/05\/Zeugen-gesucht-Neutral.jpg\" alt=\"\" class=\"wp-image-26598\" srcset=\"https:\/\/speyer24news.com\/wp-content\/uploads\/2020\/05\/Zeugen-gesucht-Neutral.jpg 801w, https:\/\/speyer24news.com\/wp-content\/uploads\/2020\/05\/Zeugen-gesucht-Neutral-300x225.jpg 300w, https:\/\/speyer24news.com\/wp-content\/uploads\/2020\/05\/Zeugen-gesucht-Neutral-768x575.jpg 768w, https:\/\/speyer24news.com\/wp-content\/uploads\/2020\/05\/Zeugen-gesucht-Neutral-678x509.jpg 678w, https:\/\/speyer24news.com\/wp-content\/uploads\/2020\/05\/Zeugen-gesucht-Neutral-326x245.jpg 326w, https:\/\/speyer24news.com\/wp-content\/uploads\/2020\/05\/Zeugen-gesucht-Neutral-80x60.jpg 80w\" sizes=\"(max-width: 801px) 100vw, 801px\" \/><\/figure><\/div>\n\n\n<p>Am Dienstagnachmittag (25.04.2023, gegen 16:15 Uhr) wurde der Polizei eine K\u00f6rperverletzung in der B\u00fcrgermeister-Gr\u00fcnzweig-Stra\u00dfe gemeldet. Beim Eintreffen der Polizeikr\u00e4fte war nur noch ein 21-J\u00e4hriger vor Ort. Dieser gab an, ein Unbekannter habe ihn an der Ecke zur Kanalstra\u00dfe aus ihm unersichtlichen Gr\u00fcnden zun\u00e4chst pl\u00f6tzlich angeschrien und schlie\u00dflich mit einer T\u00fcte samt Inhalt gegen sein Gesicht geschlagen. Der 21-J\u00e4hrige sei dann aus Angst gefl\u00fcchtet.<\/p>\n\n\n\n<h4 class=\"wp-block-heading\">Den Unbekannten beschrieb er wie folgt: <\/h4>\n\n\n\n<ul>\n<li><strong>Zwischen 20 Jahren und 30 Jahren<\/strong><\/li>\n\n\n\n<li><strong>etwa 1,80m gro\u00df<\/strong><\/li>\n\n\n\n<li><strong>schlank<\/strong><\/li>\n\n\n\n<li><strong>dunkle Haare<\/strong><\/li>\n\n\n\n<li><strong>trug Bart<\/strong><\/li>\n<\/ul>\n\n\n\n<ul>\n<li><strong>Sie haben den Vorfall beobachtet? Sachdienliche Hinweise bitte an die Polizeiinspektion Ludwigshafen 2, Telefonnummer 0621 963-2222 oder per E-Mail&nbsp;<a href=\"mailto:%20piludwigshafen2@polizei.rlp.de\">piludwigshafen2@polizei.rlp.de<\/a>&nbsp;.<\/strong><\/li>\n<\/ul>\n\n\n\n<h2 class=\"wp-block-heading\">(Ludwigshafen) &#8211; Einbruch auf Bahngel\u00e4nde<\/h2>\n\n\n\n<p>Zwischen Donnerstag (20.04.2023, 17:00 Uhr) und Dienstag (25.04.2023, 13:00 Uhr) brachen unbekannte T\u00e4ter in zwei Container auf dem Bahngel\u00e4nde an der Oskar-Vongerichten-Stra\u00dfe ein und stahlen Werkzeuge sowie Kupferdraht.<\/p>\n\n\n\n<ul>\n<li><strong>Sachdienliche Hinweise bitte an die Polizeiinspektion Ludwigshafen 1, Telefonnummer 0621 963-2122 oder per E-Mail&nbsp;<a href=\"mailto:%20piludwigshafen1@polizei.rlp.de\">piludwigshafen1@polizei.rlp.de<\/a>&nbsp;.<\/strong><\/li>\n<\/ul>\n\n\n\n<h2 class=\"wp-block-heading\">(Ludwigshafen) &#8211; Unfall verursacht und gefl\u00fcchtet<\/h2>\n\n\n\n<p>Am Montagabend (24.04.2023, 22:00 Uhr) parkte eine 60-J\u00e4hrige ihren PKW (Mitsubishi Space Star) Stra\u00dfenrand in der Pranckhstra\u00dfe. Am n\u00e4chsten Morgen (25.04.2023, 08:30 Uhr) befand sich ein tiefer Kratzer sowie weitere Besch\u00e4digungen an der Beifahrerseite. Vermutlich stie\u00df ein auf dem Gehweg fahrender Radfahrer gegen das ordnungsgem\u00e4\u00df geparkte Auto und entfernte sich unerlaubt vom Unfallort. Es entstand Sachschaden in H\u00f6he von ca. 2000EUR. Die Polizei sucht nach Zeugen.<\/p>\n\n\n\n<ul>\n<li><strong>Sachdienliche Hinweise bitte an die Polizeiinspektion Ludwigshafen 1, Telefonnummer 0621 963-2122 oder per E-Mail&nbsp;<a href=\"mailto:%20piludwigshafen1@polizei.rlp.de\">piludwigshafen1@polizei.rlp.de<\/a>&nbsp;.<\/strong><\/li>\n<\/ul>\n\n\n\n<p>Die Polizei weist daraufhin, dass Unerlaubtes Entfernen von Unfallort kein Kavaliersdelikt ist! Der fl\u00fcchtige Fahrer muss mit einer Geld- oder Freiheitsstrafe bis zu 3 Jahren und evtl. mit einem F\u00fchrerscheinentzug rechnen. Au\u00dferdem kann der Fl\u00fcchtige den Kaskoschutz seiner Kfz-Versicherung verlieren und von seiner Versicherung an der Beteiligung des Fremdschadens beteiligt werden. Die Polizei r\u00e4t deshalb, jeden Unfall bei der Polizei zu melden.<\/p>\n\n\n\n<h2 class=\"wp-block-heading\">(Ludwigshafen) &#8211; Verkehrsunfall mit Flucht \/ Zeugen gesucht<\/h2>\n\n\n\n<p>Am Montagmorgen (24.04.2023) konnten aufmerksame Zeugen beobachten, wie gegen 07:30 Uhr ein Autofahrer mit seinem Auto beim r\u00fcckw\u00e4rts Einparken in eine Parkl\u00fccke in der Ludwig-Reichling-Stra\u00dfe an einen daneben geparkten PKW stie\u00df. Der Fahrer habe im Anschluss versucht, den Schaden wegzuwischen, bevor er sich unerlaubt von der Unfallstelle entfernte. Die Zeugen teilten den Polizeikr\u00e4ften das Kennzeichen mit und gaben eine sehr genaue Personenbeschreibung ab. Die Ermittlungen zum Fahrer dauern derzeit an.<\/p>\n\n\n\n<ul>\n<li><strong>Sachdienliche Hinweise bitte an die Polizeiinspektion Ludwigshafen 1, Telefonnummer 0621 963-2122 oder per E-Mail&nbsp;<a href=\"mailto:%20piludwigshafen1@polizei.rlp.de\">piludwigshafen1@polizei.rlp.de<\/a>&nbsp;.<\/strong><\/li>\n<\/ul>\n\n\n\n<h2 class=\"wp-block-heading\">(Ludwigshafen) &#8211; Unter Drogeneinfluss gefahren<\/h2>\n\n\n\n<p>Bei einer am Montagmorgen (24.04.2023, 07:30 Uhr) durchgef\u00fchrten Verkehrskontrolle in der Bruchwiesenstra\u00dfe konnten bei einem 36-j\u00e4hrigen Autofahrer aus Viernheim drogentypische Auffallerscheinungen festgestellt werden. Ein durchgef\u00fchrter Urintest best\u00e4tigte den Konsum von Kokain. Dem Mann wurde eine Blutprobe entnommen. Ihn erwartet ein Ermittlungsverfahren wegen Trunkenheit im Verkehr sowie des Versto\u00dfes gegen das Bet\u00e4ubungsmittelgesetz. Au\u00dferdem wird die F\u00fchrerscheinstelle informiert, die die Geeignetheit des Fahrers \u00fcberpr\u00fcft.<\/p>\n\n\n\n<h2 class=\"wp-block-heading\">(Mannheim) &#8211; Unbekannte brechen in ein Einfamilienhaus ein \/ Zeugen gesucht!<\/h2>\n\n\n\n<p>Zwischen Sonntagabend, 22 Uhr und Dienstagabend, 22:30 Uhr brach eine unbekannte T\u00e4terschaft unbemerkt in ein Einfamilienhaus in der Fron\u00e4ckerstra\u00dfe ein. Nach bisherigen Ermittlungen gelang es den T\u00e4tern eine verschlossene Kellert\u00fcr mit einem unbekanntem Werkzeug gewaltsam aufzuhebeln. In der Folge nahmen die T\u00e4ter Bohrmaschinen sowie diverse Ladeger\u00e4te an sich und fl\u00fcchteten in unbekannte Richtung. Die H\u00f6he des Sach -sowie Diebstahlschadens kann derzeit noch nicht beziffert werden.<\/p>\n\n\n\n<p>Die Spezialisten und Spezialistinnen f\u00fcr Eigentumsdelikte der Kriminalpolizeidirektion Heidelberg haben die Ermittlungen wegen Einbruchsdiebstahl \u00fcbernommen. <\/p>\n\n\n\n<ul>\n<li><strong>Zeugen, die das Geschehen beobachten konnten bzw. denen verd\u00e4chtige Personen in der N\u00e4he des Tatorts aufgefallen sind, werden gebeten, sich mit dem Polizeirevier Mannheim-Neckarau (Tel: 0621 \/ 833397 &#8211; 0) in Verbindung zu setzen.<\/strong><\/li>\n<\/ul>\n\n\n\n<h2 class=\"wp-block-heading\">(Mannheim) &#8211; Streit endet in k\u00f6rperlicher Auseinandersetzung \/ Zeugen gesucht!<\/h2>\n\n\n<div class=\"wp-block-image\">\n<figure class=\"aligncenter size-full\"><img decoding=\"async\" loading=\"lazy\" width=\"800\" height=\"533\" src=\"https:\/\/speyer24news.com\/wp-content\/uploads\/2021\/11\/Schlaegerei.jpg\" alt=\"\" class=\"wp-image-42366\" srcset=\"https:\/\/speyer24news.com\/wp-content\/uploads\/2021\/11\/Schlaegerei.jpg 800w, https:\/\/speyer24news.com\/wp-content\/uploads\/2021\/11\/Schlaegerei-300x200.jpg 300w, https:\/\/speyer24news.com\/wp-content\/uploads\/2021\/11\/Schlaegerei-768x512.jpg 768w\" sizes=\"(max-width: 800px) 100vw, 800px\" \/><figcaption class=\"wp-element-caption\">Beispielbild Schl\u00e4gerei \/ K\u00f6rperverletzung, dient lediglich der Visualisierung<\/figcaption><\/figure><\/div>\n\n\n<p>Aus bisher ungekl\u00e4rten Gr\u00fcnden gerieten am Dienstagnachmittag, gegen 18:30 Uhr, ein 36-J\u00e4hriger und ein bislang unbekannter Mann in einer Gastst\u00e4tte in der Heinrich-Lanz-Stra\u00dfe in Streit. Den anwesenden G\u00e4sten der Gastst\u00e4tte gelang es zun\u00e4chst die Streitenden voneinander zu trennen, woraufhin sich die Auseinandersetzung jedoch vor das Lokal verlagerte. Im Folgenden soll nun ein 34-j\u00e4hriger Mann, welcher zuvor schlichtend eingeschritten ist, den Kopf des 36-J\u00e4hrigen gegen einen geparkten VW geschlagen haben, wodurch der 36-J\u00e4hrige leichte Verletzungen davontrug. Inwieweit bei der Auseinandersetzung weitere Personen\/Beteiligte verletzt wurden, ist noch unbekannt und Gegenstand der aktuellen Ermittlungen. An dem geparkten VW entstand ein Sachschaden von \u00fcber 2.000 Euro. Das gesicherte Videomaterial wird durch die Ermittler und Ermittlerinnen ausgewertet. Ob es bereits innerhalb der Gastst\u00e4tte zu einer k\u00f6rperlichen Auseinandersetzung gekommen ist, wird derzeit durch die Beamten und Beamtinnen des Polizeireviers Mannheim-Oststadt ermittelt. Ebenso wird gepr\u00fcft, inwiefern ein Zusammenhang zwischen den Besch\u00e4digungen am geparkten Pkw und der Auseinandersetzung besteht.<\/p>\n\n\n\n<ul>\n<li><strong>Zeugen, die das Geschehen beobachten konnten und sachdienliche Hinweise geben k\u00f6nnen, werden gebeten, sich mit dem Polizeirevier Mannheim-Oststadt, Tel.: 0621 \/ 174-3310, in Verbindung zu setzen.<\/strong><\/li>\n<\/ul>\n\n\n\n<h2 class=\"wp-block-heading\">(Mannheim) &#8211; Bargeld aus einer Spendenbox entwendet \/ Zeugenaufruf!<\/h2>\n\n\n\n<p>Aus einer Spendenbox in einem Kiosk in der Stra\u00dfe &#8222;Am Me\u00dfplatz&#8220; entwendete ein bisher unbekannter T\u00e4ter am Dienstagnachmittag, gegen 16 Uhr einen bislang unbekannten Bargeldbetrag und fl\u00fcchtete anschlie\u00dfend in unbekannte Richtung. Die Videoaufzeichnungen des Kiosks werden derzeit durch die Ermittlerinnen und Ermittler des Polizeirevier Mannheim-Neckarstadt ausgewertet. <\/p>\n\n\n\n<ul>\n<li><strong>Weitere Hinweise werden durch das Polizeirevier Mannheim-Neckarstadt, Tel.: 0621 \/ 3301-0, entgegengenommen.<\/strong><\/li>\n<\/ul>\n\n\n\n<h2 class=\"wp-block-heading\">(A 5 \/ Heidelberger Kreuz) &#8211; Einst\u00fcndige Vollsperrung nach Auffahrunfall<\/h2>\n\n\n\n<p>Nach einem Auffahrunfall zwischen zwei Fahrzeugen am Heidelberger Kreuz, Fahrtrichtung Darmstadt, gegen 15:20 Uhr, stie\u00df eines der beteiligten Fahrzeuge gege die linke Betonbegrenzung und kam in der Folge auf dem Dach zum Liegen. Die Fahrerin wurde hierbei leicht verletzt und kam zur weiteren Behandlung in ein Krankenhaus. Die Fahrbahn war ca. eine Stunde gesperrt und konnte nach Aufnahme des Unfalls und den folgenden Aufr\u00e4umarbeiten wieder freigegeben werden.<\/p>\n\n\n\n<h2 class=\"wp-block-heading\">(Heidelberg) &#8211; Kellereinbruch \/ Unbekannte entwenden Gegenst\u00e4nde im Wert von 1.000 Euro. Zeugen gesucht!<\/h2>\n\n\n\n<p>Eine unbekannte T\u00e4terschaft suchte in der Zeit zwischen Sonntagnacht, 0 Uhr und Dienstagnachmittag, 16:30 Uhr unbemerkt ein Kellerabteil eines Mehrfamilienhauses in der Hans-Thoma-Stra\u00dfe auf und entwendete hieraus mehrere Gegenst\u00e4nde. Auf bisher ungekl\u00e4rte Weise gelangten die Unbekannten in das Wohnanwesen und verschafften sich durch eine angelehnte T\u00fcr Zutritt in die Kellerabteile. Mit einem unbekannten Werkzeug beseitigten die Unbekannten das an einer Kellert\u00fcr angebrachte Zahlenschloss und nahmen diverse Gegenst\u00e4nde im Wert von rund 1.000 Euro an sich. Anschlie\u00dfend fl\u00fcchteten die T\u00e4ter mitsamt dem Diebesgut in unbekannte Richtung. <\/p>\n\n\n\n<ul>\n<li><strong>Zeugen, denen verd\u00e4chtige Personen in Tatortn\u00e4he aufgefallen sind, werden gebeten, sich mit dem Polizeirevier Heidelberg-Nord, Tel.: 06221 \/ 4569-0, in Verbindung zu setzen.<\/strong><\/li>\n<\/ul>\n\n\n\n<h2 class=\"wp-block-heading\">(Heidelberg) &#8211; Unbekannte besch\u00e4digen Wanderh\u00fctte \/ 2.000 Euro Sachschaden. Zeugen gesucht!<\/h2>\n\n\n\n<p>Durch eine unbekannte T\u00e4terschaft wurde am Wochenende (21.04.2023 &#8211; 23.04.2023) eine H\u00fctte im K\u00f6nigsstuhlweg\/Schaisenweg besch\u00e4digt. Mit roher Gewalt rissen die Unbekannten diverse Schilder und M\u00fclleimer aus der Verankerung. Weiterhin zerst\u00f6rten die T\u00e4ter einen Teil der Au\u00dfenverkleidung sowie der St\u00fctzpfeiler der H\u00fctte. Der Sachschaden liegt im niedrigen vierstelligen Bereich. <\/p>\n\n\n\n<ul>\n<li><strong>Das Polizeirevier Heidelberg-Mitte hat die Ermittlungen aufgenommen und bittet Zeugen, die sachdienliche Hinweise geben k\u00f6nnen, sich unter der Telefonnummer: 06221 \/ 18570, zu melden.<\/strong><\/li>\n<\/ul>\n\n\n\n<p><\/p>\n","protected":false},"excerpt":{"rendered":"<div class=\"mh-excerpt\"><p>Polizeimeldungen vom Mittwoch (26.04.2023) (Speyer) &#8211; Unter Einfluss von Alkohol und Drogen im PKW unterwegs Am 25.04.2023 gegen 23:35 Uhr fiel Beamten der PI Speyer ein auff\u00e4llig fahrender PKW in der Ludwigstra\u00dfe auf. Dieser konnte <a class=\"mh-excerpt-more\" href=\"https:\/\/speyer24news.com\/?p=52025\" title=\"Polizeimeldungen Mittwoch (26.04.2023)\">[&#8230;]<\/a><\/p>\n<\/div>","protected":false},"author":3,"featured_media":26162,"comment_status":"open","ping_status":"open","sticky":false,"template":"","format":"standard","meta":{"_monsterinsights_skip_tracking":false,"_monsterinsights_sitenote_active":false,"_monsterinsights_sitenote_note":"","_monsterinsights_sitenote_category":0,"footnotes":""},"categories":[15659],"tags":[350,14537,15084,15267,14538,15361,15845,702,61,2555,6955,6986,6263,63,105,11150,6987,53,4854,13534,4683,1548,4905,11592,102,13626,213,14325,14324,13553,13541,55,8277,6368,5261,103,106,2803,2423,427,2625,380,62,104,979,1565],"aioseo_notices":[],"amp_enabled":true,"_links":{"self":[{"href":"https:\/\/speyer24news.com\/index.php?rest_route=\/wp\/v2\/posts\/52025"}],"collection":[{"href":"https:\/\/speyer24news.com\/index.php?rest_route=\/wp\/v2\/posts"}],"about":[{"href":"https:\/\/speyer24news.com\/index.php?rest_route=\/wp\/v2\/types\/post"}],"author":[{"embeddable":true,"href":"https:\/\/speyer24news.com\/index.php?rest_route=\/wp\/v2\/users\/3"}],"replies":[{"embeddable":true,"href":"https:\/\/speyer24news.com\/index.php?rest_route=%2Fwp%2Fv2%2Fcomments&post=52025"}],"version-history":[{"count":2,"href":"https:\/\/speyer24news.com\/index.php?rest_route=\/wp\/v2\/posts\/52025\/revisions"}],"predecessor-version":[{"id":52032,"href":"https:\/\/speyer24news.com\/index.php?rest_route=\/wp\/v2\/posts\/52025\/revisions\/52032"}],"wp:featuredmedia":[{"embeddable":true,"href":"https:\/\/speyer24news.com\/index.php?rest_route=\/wp\/v2\/media\/26162"}],"wp:attachment":[{"href":"https:\/\/speyer24news.com\/index.php?rest_route=%2Fwp%2Fv2%2Fmedia&parent=52025"}],"wp:term":[{"taxonomy":"category","embeddable":true,"href":"https:\/\/speyer24news.com\/index.php?rest_route=%2Fwp%2Fv2%2Fcategories&post=52025"},{"taxonomy":"post_tag","embeddable":true,"href":"https:\/\/speyer24news.com\/index.php?rest_route=%2Fwp%2Fv2%2Ftags&post=52025"}],"curies":[{"name":"wp","href":"https:\/\/api.w.org\/{rel}","templated":true}]}}