{"id":52039,"date":"2023-04-28T06:15:00","date_gmt":"2023-04-28T05:15:00","guid":{"rendered":"https:\/\/speyer24news.com\/?p=52039"},"modified":"2023-04-29T10:11:43","modified_gmt":"2023-04-29T09:11:43","slug":"geschwindigkeitskontrolle-blitzer-kw-18-01-05-07-05-23","status":"publish","type":"post","link":"https:\/\/speyer24news.com\/?p=52039","title":{"rendered":"Geschwindigkeitskontrolle \/ Blitzer KW 18 (01.05. \u2013 07.05.23)"},"content":{"rendered":"<style type=\"text\/css\">\r\n\t.ads_top_disp{}\r\n\t.ads_top_corner_disp{ float:left; margin:0px 10px 10px 0px; }\r\n\t.ads_first_p_disp{}\r\n\t.ads_bottom_disp{}\r\n\t<\/style>\n<h2 class=\"wp-block-heading\">(Mannheim) \u2013 Geschwindigkeitskontrollen vom 2. bis 5. Mai<\/h2>\n\n\n<div class=\"wp-block-image\">\n<figure class=\"aligncenter\"><img decoding=\"async\" loading=\"lazy\" width=\"640\" height=\"497\" src=\"https:\/\/speyer24news.com\/wp-content\/uploads\/2020\/12\/Blitzer-2.jpg\" alt=\"\" class=\"wp-image-31937\" srcset=\"https:\/\/speyer24news.com\/wp-content\/uploads\/2020\/12\/Blitzer-2.jpg 640w, https:\/\/speyer24news.com\/wp-content\/uploads\/2020\/12\/Blitzer-2-300x233.jpg 300w\" sizes=\"(max-width: 640px) 100vw, 640px\" \/><\/figure><\/div>\n\n\n<h3 class=\"wp-block-heading\">Die Stadt Mannheim f\u00fchrt&nbsp;vom 2. bis 5. Mai in folgenden Stra\u00dfen mobile Geschwindigkeitskontrollen durch:<\/h3>\n\n\n\n<ul>\n<li><strong>Am Aubuckel<\/strong><\/li>\n\n\n\n<li><strong>Diakonissenstra\u00dfe<\/strong><\/li>\n\n\n\n<li><strong>Eschenhof<\/strong><\/li>\n\n\n\n<li><strong>Ilvesheimer Stra\u00dfe<\/strong><\/li>\n\n\n\n<li><strong>Karlsternstra\u00dfe<\/strong><\/li>\n\n\n\n<li><strong>Kolpingstra\u00dfe<\/strong><\/li>\n\n\n\n<li><strong>Lange R\u00f6tterstra\u00dfe<\/strong><\/li>\n\n\n\n<li><strong>Meerfeldstra\u00dfe (Diesterwegschule)<\/strong><\/li>\n\n\n\n<li><strong>Oppauer Stra\u00dfe (Waldhofschule)<\/strong><\/li>\n\n\n\n<li><strong>Otto-Beck-Stra\u00dfe (Pestalozzischule)<\/strong><\/li>\n\n\n\n<li><strong>Rennershofstra\u00dfe<\/strong><\/li>\n\n\n\n<li><strong>Schwetzinger Stra\u00dfe<\/strong><\/li>\n\n\n\n<li><strong>Seckenheimer Stra\u00dfe<\/strong><\/li>\n\n\n\n<li><strong>Spessartstra\u00dfe (Br\u00fcder-Grimm-Schule)<\/strong><\/li>\n\n\n\n<li><strong>Talstra\u00dfe<\/strong><\/li>\n\n\n\n<li><strong>Waldpforte (Alfred-Delp-Schule)<\/strong><\/li>\n\n\n\n<li><strong>Werderplatz (Oststadtschule)<\/strong><\/li>\n\n\n\n<li><strong>Wiesbadener Stra\u00dfe (Friedrich-Ebert-Schule)<\/strong><\/li>\n\n\n\n<li><strong>Waldparkdamm<\/strong><\/li>\n<\/ul>\n\n\n\n<p>Kurzfristige \u00c4nderungen oder zus\u00e4tzliche Messstellen sind aus aktuellem Anlass m\u00f6glich.<\/p>\n\n\n\n<p><em>Stadt Mannheim<br>27.04.2023<\/em><\/p>\n\n\n\n<h2 class=\"wp-block-heading\">(Ludwigshafen) &#8211; Radarkontrollen f\u00fcr die Woche vom 1. Mai bis 7. Mai 2023<\/h2>\n\n\n<div class=\"wp-block-image\">\n<figure class=\"aligncenter size-full\"><img decoding=\"async\" loading=\"lazy\" width=\"800\" height=\"600\" src=\"https:\/\/speyer24news.com\/wp-content\/uploads\/2020\/03\/Blitzer-1.jpg\" alt=\"\" class=\"wp-image-25724\" srcset=\"https:\/\/speyer24news.com\/wp-content\/uploads\/2020\/03\/Blitzer-1.jpg 800w, https:\/\/speyer24news.com\/wp-content\/uploads\/2020\/03\/Blitzer-1-300x225.jpg 300w, https:\/\/speyer24news.com\/wp-content\/uploads\/2020\/03\/Blitzer-1-768x576.jpg 768w, https:\/\/speyer24news.com\/wp-content\/uploads\/2020\/03\/Blitzer-1-678x509.jpg 678w, https:\/\/speyer24news.com\/wp-content\/uploads\/2020\/03\/Blitzer-1-326x245.jpg 326w, https:\/\/speyer24news.com\/wp-content\/uploads\/2020\/03\/Blitzer-1-80x60.jpg 80w\" sizes=\"(max-width: 800px) 100vw, 800px\" \/><\/figure><\/div>\n\n\n<h4 class=\"wp-block-heading\">Die Stadt Ludwigshafen nimmt in folgenden Stadtteilen Radarkontrollen vor:<\/h4>\n\n\n\n<ul>\n<li><strong>Montag, 1. Mai: Gartenstadt, Edigheim und Friesenheim<\/strong><\/li>\n\n\n\n<li><strong>Dienstag, 2. Mai: Maudach, Mitte und Mundenheim<\/strong><\/li>\n\n\n\n<li><strong>Mittwoch, 3.<\/strong> <strong>Mai: Nord, Oppau und Oggersheim<\/strong><\/li>\n\n\n\n<li><strong>Donnerstag, 4. Mai:<\/strong> <strong>Pfingstweide, Rheing\u00f6nheim und S\u00fcd<\/strong><\/li>\n\n\n\n<li><strong>Freitag, 5. Mai:<\/strong> <strong>Ruchheim, West und Edigheim<\/strong><\/li>\n\n\n\n<li><strong>Samstag, 6. Mai: Friesenheim, Oggersheim und Gartenstadt<\/strong><\/li>\n<\/ul>\n\n\n\n<p>Kurzfristige \u00c4nderungen beh\u00e4lt sich der Bereich Stra\u00dfenverkehr vor. Kontrollen k\u00f6nnen auch kurzfristig an anderen Stellen stattfinden.<\/p>\n\n\n\n<p><em>Stadt Ludwigshafen am Rhein<br>28.04.2023<\/em><\/p>\n\n\n\n<h2 class=\"wp-block-heading\">(Pr\u00e4sidialbereich Rheinpfalz) \u2013 Radarkontrollen des Polizeipr\u00e4sidiums Rheinpfalz f\u00fcr Mai 2023<\/h2>\n\n\n<div class=\"wp-block-image\">\n<figure class=\"aligncenter\"><img decoding=\"async\" loading=\"lazy\" width=\"800\" height=\"450\" src=\"https:\/\/speyer24news.com\/wp-content\/uploads\/2020\/12\/Blitzer-Logo.jpg\" alt=\"\" class=\"wp-image-31938\" srcset=\"https:\/\/speyer24news.com\/wp-content\/uploads\/2020\/12\/Blitzer-Logo.jpg 800w, https:\/\/speyer24news.com\/wp-content\/uploads\/2020\/12\/Blitzer-Logo-300x169.jpg 300w, https:\/\/speyer24news.com\/wp-content\/uploads\/2020\/12\/Blitzer-Logo-768x432.jpg 768w, https:\/\/speyer24news.com\/wp-content\/uploads\/2020\/12\/Blitzer-Logo-678x381.jpg 678w\" sizes=\"(max-width: 800px) 100vw, 800px\" \/><\/figure><\/div>\n\n\n<h4 class=\"wp-block-heading\">Im Bereich der&nbsp;<strong>Polizeidirektion Ludwigshafen<\/strong>&nbsp;finden wie folgt Kontrollen statt:<\/h4>\n\n\n\n<ul>\n<li><strong>04.05.2023 im Bereich Speyer<\/strong><\/li>\n\n\n\n<li><strong>09.05.2023 im Bereich Ludwigshafen<\/strong><\/li>\n\n\n\n<li><strong>19.05.2023 im Bereich Maxdorf<\/strong><\/li>\n\n\n\n<li><strong>29.05.2023 im Bereich Frankenthal<\/strong><\/li>\n<\/ul>\n\n\n\n<h4 class=\"wp-block-heading\">Im Bereich der&nbsp;<strong>Polizeidirektion Landau<\/strong>&nbsp;finden wie folgt Kontrollen statt:<\/h4>\n\n\n\n<ul>\n<li><strong>02.05.2023 im Bereich Kandel<\/strong><\/li>\n\n\n\n<li><strong>11.05.2023 im Bereich Eschbach<\/strong><\/li>\n\n\n\n<li><strong>17.05.2023 im Bereich Kandel<\/strong><\/li>\n\n\n\n<li><strong>23.05.2023 im Bereich Eschbach<\/strong><\/li>\n<\/ul>\n\n\n\n<h4 class=\"wp-block-heading\">Im Bereich der&nbsp;<strong>Polizeidirektion Neustadt&nbsp;<\/strong>finden wie folgt Kontrollen statt:<\/h4>\n\n\n\n<ul>\n<li><strong>12.05.2023 im Bereich Gr\u00fcnstadt<\/strong><\/li>\n\n\n\n<li><strong>15.05.2023 im Bereich Bockenheim<\/strong><\/li>\n\n\n\n<li><strong>24.05.2023 im Bereich Bad D\u00fcrkheim<\/strong><\/li>\n\n\n\n<li><strong>30.05.2023 im Bereich Ha\u00dfloch<\/strong><\/li>\n<\/ul>\n\n\n\n<p>Die Polizei weist ausdr\u00fccklich darauf hin, dass Kontrollen auch au\u00dferhalb der genannten Zeiten und \u00d6rtlichkeiten stattfinden.<\/p>\n\n\n\n<p><em>Polizeipr\u00e4sidium Rheinpfalz<br>25.04.2023<\/em><\/p>\n","protected":false},"excerpt":{"rendered":"<div class=\"mh-excerpt\"><p>(Mannheim) \u2013 Geschwindigkeitskontrollen vom 2. bis 5. Mai Die Stadt Mannheim f\u00fchrt&nbsp;vom 2. bis 5. Mai in folgenden Stra\u00dfen mobile Geschwindigkeitskontrollen durch: Kurzfristige \u00c4nderungen oder zus\u00e4tzliche Messstellen sind aus aktuellem Anlass m\u00f6glich. Stadt Mannheim27.04.2023 (Ludwigshafen) <a class=\"mh-excerpt-more\" href=\"https:\/\/speyer24news.com\/?p=52039\" title=\"Geschwindigkeitskontrolle \/ Blitzer KW 18 (01.05. \u2013 07.05.23)\">[&#8230;]<\/a><\/p>\n<\/div>","protected":false},"author":3,"featured_media":33649,"comment_status":"open","ping_status":"open","sticky":false,"template":"","format":"standard","meta":{"_monsterinsights_skip_tracking":false,"_monsterinsights_sitenote_active":false,"_monsterinsights_sitenote_note":"","_monsterinsights_sitenote_category":0,"footnotes":""},"categories":[64],"tags":[18,7702,4819,4814,7703,15144,14960,19,5148,4822,4817,5149,4228,947,5146,4820,4815,5147,28,779,5152,4821,4816,5153,15146,14749,227,17,7699,7068,7004,7700,949,5150,4818,4813,5151,1310,948,10894,10893],"aioseo_notices":[],"amp_enabled":true,"_links":{"self":[{"href":"https:\/\/speyer24news.com\/index.php?rest_route=\/wp\/v2\/posts\/52039"}],"collection":[{"href":"https:\/\/speyer24news.com\/index.php?rest_route=\/wp\/v2\/posts"}],"about":[{"href":"https:\/\/speyer24news.com\/index.php?rest_route=\/wp\/v2\/types\/post"}],"author":[{"embeddable":true,"href":"https:\/\/speyer24news.com\/index.php?rest_route=\/wp\/v2\/users\/3"}],"replies":[{"embeddable":true,"href":"https:\/\/speyer24news.com\/index.php?rest_route=%2Fwp%2Fv2%2Fcomments&post=52039"}],"version-history":[{"count":2,"href":"https:\/\/speyer24news.com\/index.php?rest_route=\/wp\/v2\/posts\/52039\/revisions"}],"predecessor-version":[{"id":52045,"href":"https:\/\/speyer24news.com\/index.php?rest_route=\/wp\/v2\/posts\/52039\/revisions\/52045"}],"wp:featuredmedia":[{"embeddable":true,"href":"https:\/\/speyer24news.com\/index.php?rest_route=\/wp\/v2\/media\/33649"}],"wp:attachment":[{"href":"https:\/\/speyer24news.com\/index.php?rest_route=%2Fwp%2Fv2%2Fmedia&parent=52039"}],"wp:term":[{"taxonomy":"category","embeddable":true,"href":"https:\/\/speyer24news.com\/index.php?rest_route=%2Fwp%2Fv2%2Fcategories&post=52039"},{"taxonomy":"post_tag","embeddable":true,"href":"https:\/\/speyer24news.com\/index.php?rest_route=%2Fwp%2Fv2%2Ftags&post=52039"}],"curies":[{"name":"wp","href":"https:\/\/api.w.org\/{rel}","templated":true}]}}