{"id":52083,"date":"2023-05-15T11:14:51","date_gmt":"2023-05-15T10:14:51","guid":{"rendered":"https:\/\/speyer24news.com\/?p=52083"},"modified":"2023-05-16T07:34:40","modified_gmt":"2023-05-16T06:34:40","slug":"polizeimeldungen-wochenende-12-5-14-05-2023","status":"publish","type":"post","link":"https:\/\/speyer24news.com\/?p=52083","title":{"rendered":"Polizeimeldungen Wochenende (12.5.-14.05.2023)"},"content":{"rendered":"<style type=\"text\/css\">\r\n\t.ads_top_disp{}\r\n\t.ads_top_corner_disp{ float:left; margin:0px 10px 10px 0px; }\r\n\t.ads_first_p_disp{}\r\n\t.ads_bottom_disp{}\r\n\t<\/style>\n<h2 class=\"wp-block-heading\">Polizeimeldungen vom Wochenende (12.5. &#8211; 14.05.2023)<\/h2>\n\n\n<div class=\"wp-block-image\">\n<figure class=\"aligncenter size-full\"><img decoding=\"async\" loading=\"lazy\" width=\"375\" height=\"500\" src=\"https:\/\/speyer24news.com\/wp-content\/uploads\/2022\/03\/Aktuelles-Polizeilogo.jpg\" alt=\"\" class=\"wp-image-43591\" srcset=\"https:\/\/speyer24news.com\/wp-content\/uploads\/2022\/03\/Aktuelles-Polizeilogo.jpg 375w, https:\/\/speyer24news.com\/wp-content\/uploads\/2022\/03\/Aktuelles-Polizeilogo-225x300.jpg 225w\" sizes=\"(max-width: 375px) 100vw, 375px\" \/><\/figure><\/div>\n\n\n<h2 class=\"wp-block-heading\">(Speyer) &#8211; Verkehrsunfallflucht<\/h2>\n\n\n\n<p>Am Samstag, den 13.05.2023, ereignete sich gegen 17:45 Uhr eine Verkehrsunfallflucht auf dem Parkplatz des Bademaxx in Speyer. Dort habe ersten Erkenntnissen zufolge ein PKW, vermutlich des Herstellers Kia, mit einem franz\u00f6sischen Kennzeichen, beim Ausparken aus einer Parkl\u00fccke einen PKW besch\u00e4digt. Anschlie\u00dfend entfernte sich der PKW unerlaubt um Unfallort.<\/p>\n\n\n\n<ul>\n<li><strong>Zeugen, die im genannten Zeitraum Angaben zum Unfallhergang oder dem PKW machen k\u00f6nnen, werden gebeten, sich unter der Rufnummer 06232\/137-0 oder per Email (<a href=\"mailto:pispeyer@polizei.rlp.de\">pispeyer@polizei.rlp.de<\/a>) bei der Polizei Speyer zu melden.<\/strong><\/li>\n<\/ul>\n\n\n\n<h2 class=\"wp-block-heading\">(Speyer) &#8211; Fahrt unter dem Einfluss von Bet\u00e4ubungsmittel<\/h2>\n\n\n\n<p>Am Samstagmittag kontrollierten Beamte der Polizeiinspektion Speyer in der Industriestra\u00dfe einen 47-j\u00e4hrigen Speyrer, der mit seinem PKW unterwegs war. W\u00e4hrend der Verkehrskontrolle konnten Anhaltspunkte erlangt werden, die auf eine aktuelle Beeinflussung von Bet\u00e4ubungsmittel sprechen. Dem Fahrer wurde eine Blutprobe entnommen und die Weiterfahrt untersagt. Ihn erwartet nun eine Ordnungswidrigkeitenanzeige.<\/p>\n\n\n\n<h2 class=\"wp-block-heading\">(Speyer) &#8211; Wohnungseinbruch<\/h2>\n\n\n\n<p>Im Zeitraum vom 13.05.2023 von 03:00 Uhr bis 13.05.2023 09:00 Uhr \u00f6ffneten bislang unbekannte T\u00e4ter die Kellert\u00fcr eines Mehrfamilienhauses in der Gerhart-Hauptmann-Stra\u00dfe in Speyer. Im Keller \u00f6ffneten die T\u00e4ter mehrere Kellerabteile und entwendeten Werkzeuge und technische Ger\u00e4te. Der Gesamtschaden liegt im niedrigen vierstelligen Bereich. <\/p>\n\n\n\n<h4 class=\"wp-block-heading\">Gegen 04:10 Uhr konnte durch einen Zeugen auf dem Gel\u00e4nde des Mehrfamilienhauses eine verd\u00e4chtige m\u00e4nnliche Person wahrgenommen werden, die wie folgt beschrieben werden kann: <\/h4>\n\n\n\n<ul>\n<li><strong>graue Jogginghose<\/strong><\/li>\n\n\n\n<li><strong>schwarzer Hoodie<\/strong><\/li>\n<\/ul>\n\n\n\n<ul>\n<li><strong>Ob diese Person in direktem Zusammenhang mit der Tat steht, ist Gegenstand der Ermittlungen.<\/strong><\/li>\n<\/ul>\n\n\n\n<ul>\n<li><strong>Zeugen, die im genannten Zeitraum verd\u00e4chtige Personen oder Fahrzeuge im Bereich der Gerhart-Hauptmann-Stra\u00dfe gesehen haben oder Angaben zu der verd\u00e4chtigen Person mit der vagen Beschreibung geben k\u00f6nnen, werden gebeten, sich unter der Rufnummer 06232\/137-0 oder per Email (<a href=\"mailto:pispeyer@polizei.rlp.de\">pispeyer@polizei.rlp.de<\/a>) bei der Polizei Speyer zu melden.<\/strong><\/li>\n<\/ul>\n\n\n\n<h2 class=\"wp-block-heading\">(Speyer) &#8211; Wohnungseinbruch II<\/h2>\n\n\n\n<p>Am Freitagabend zwischen 19:30 Uhr und 22:30 Uhr kam es zu einem Einbruch in ein Wohnanwesen in der Stra\u00dfe Hinterm Esel. Bislang unbekannte T\u00e4ter hebelten das geschlossene Hoftor auf und gelangten durch die Wohnungst\u00fcr in das Anwesen. Die T\u00e4ter durchsuchten anschlie\u00dfend das Haus und entwendeten Bargeld im mittleren vierstelligen Bereich.<\/p>\n\n\n\n<ul>\n<li><strong>Wer Hinweise zu verd\u00e4chtigen Personen oder Fahrzeugen im Bereich der Stra\u00dfe Hinterm Esel geben kann, wird gebeten, sich unter der Rufnummer 06232\/137-0 oder per Email (<a href=\"mailto:pispeyer@polizei.rlp.de\">pispeyer@polizei.rlp.de<\/a>) bei der Polizei Speyer zu melden.<\/strong><\/li>\n<\/ul>\n\n\n\n<h2 class=\"wp-block-heading\">(Speyer) &#8211; Entstempeltes Fahrzeug<\/h2>\n\n\n\n<p>Am 12.05.2023 gegen 16:10 Uhr kontrollierten eingesetzte Beamte der Polizei ein Auto auf der B39 aufgrund fehlender Zulassungsplakette und einer abgelaufenen HU vom September 2021.<\/p>\n\n\n\n<p>Das Fahrzeug wurde durch einen Abschleppdienst abgeschleppt und die Kennzeichen sichergestellt bis der 58-J\u00e4hrige einen g\u00fcltigen Versicherungsnachweis erbringt.<\/p>\n\n\n\n<p>Weiterhin konnte im Rahmen der Verkehrskontrolle beim 58-J\u00e4hrigen Autofahrer Alkoholgeruch wahrgenommen werden. Ein Atemalkoholtest ergab einen Wert von 0,64 Promille. Dem Beschuldigten wurde die Weiterfahrt untersagt. Ihn erwartet nun eine Strafanzeige wegen Versto\u00df gegen das Pflichtversicherungsgesetz und eine Ordnungswidrigkeitenanzeige wegen Trunkenheit im Verkehr.<\/p>\n\n\n\n<h2 class=\"wp-block-heading\">(Speyer) &#8211; Verkehrsunfall mit leichtverletzter Person<\/h2>\n\n\n\n<p>Am Freitagvormittag kam es zu einem Verkehrsunfall mit einer leichtverletzten Person in der Holzstra\u00dfe. Eine 18-j\u00e4hrige Frau befuhr mit ihrem Motorroller die Kreuzung Holzstra\u00dfe\/Geisselstra\u00dfe. Ein 50-J\u00e4hriger befuhr mit seinem Auto ebenfalls den Kreuzungsbereich.<\/p>\n\n\n\n<p>Die Motorrollerfahrerin missachtete mutma\u00dflich aus Unachtsamkeit, den Vorrang des von rechts kommenden Autofahrers, sodass es zum Zusammensto\u00df kam. Die 18-J\u00e4hrige verletzte sich leicht und wurde durch den Rettungsdienst in ein Krankenhaus verbracht. Es entstand an beiden Fahrzeugen ein Sachschaden in H\u00f6he von insgesamt ca. 3500 Euro.<\/p>\n\n\n\n<h2 class=\"wp-block-heading\">(Speyer) &#8211; Unfall zwischen Fahrradfahrern<\/h2>\n\n\n\n<p>Am 11.05.2023 gegen 15:58 Uhr befuhr eine 26-j\u00e4hrige Frau mit ihrem Fahrrad den Radweg in der Wormser Landstra\u00dfe in Richtung Speyer Nord. Auf H\u00f6he eines Einkaufmarktes kam ihr eine 35-J\u00e4hrige mit dem Fahrrad entgegengefahren. Die 26-J\u00e4hrige fuhr auf den Gehweg um einen Zusammensto\u00df zu vermeiden. Die gleiche Idee hatte die entgegenkommende 35-j\u00e4rhige Radfahrerin und es kam zum Zusammensto\u00df. Die 35-J\u00e4hrige verletzte sich leicht, lehnt aber die Hinzuziehung eines Rettungsdienstes ab. Die 26- J\u00e4hrige blieb unverletzt, ihr Fahrrad war allerdings nicht mehr fahrbereit.<\/p>\n\n\n\n<h2 class=\"wp-block-heading\">(Schifferstadt) &#8211; Verkehrsunfallflucht mit Alkoholgeruch<\/h2>\n\n\n\n<p>Am Samstag, dem 13.05., gegen 14:00 Uhr, kam es in der Keltenstra\u00dfe in Schifferstadt zu einem Verkehrsunfall. Der Verursacher, der zuvor ein ordnungsgem\u00e4\u00df geparktes Fahrzeug gestreift hatte, entfernte sich von der Unfallstelle ohne weitere Ma\u00dfnahmen zu treffen. Nach Zeugenhinweisen konnte der Fahrer, welcher eindeutig unter Alkoholeinfluss stand, ermittelt werden. Dieser gab gegen\u00fcber den Beamten an, erst nach der Fahrt Alkohol getrunken zu haben. Dies wird jetzt durch die Analyse der Blutprobe durch die Rechtmedizin gekl\u00e4rt. Der zuvor durchgef\u00fchrte Atemalkoholtest ergab einen Wert von 2,14 Promille.<\/p>\n\n\n\n<h2 class=\"wp-block-heading\">(Schifferstadt) &#8211; Verkehrsunfallflucht<\/h2>\n\n\n\n<p>Am Freitag, dem 12.05., gegen 13:00 Uhr, kam es in Schifferstadt zu einem Verkehrsunfall mit anschlie\u00dfender &#8222;Flucht&#8220;. Laut Zeugin blieb ein Pkw, in der Mannheimer Stra\u00dfe an einem geparkten Pkw h\u00e4ngen und besch\u00e4digte dessen Au\u00dfenspiegel. Der Unfallverursacher setzte seine Fahrt fort, ohne weitere Ma\u00dfnahmen zu treffen. <\/p>\n\n\n\n<ul>\n<li><strong>Hinweise auf einen m\u00f6glichen Verursacher nimmt die Polizei Schifferstadt unter der Telefonnummer 06235 \/ 495-0 oder per E-Mail (<a href=\"mailto:pischifferstadt@polizei.rlp.de\">pischifferstadt@polizei.rlp.de<\/a>) entgegen.<\/strong><\/li>\n<\/ul>\n\n\n\n<h2 class=\"wp-block-heading\">(Schifferstadt) &#8211; Zwei Betrugsversuche<\/h2>\n\n\n\n<p>Zu zwei Betrugsversuchen zum Nachteil von Vereinen kam es am Donnerstag. Zun\u00e4chst wurde ein Vereinsmitglied eines Turnvereins in Schifferstadt per E-Mail kontaktiert. Der Absender dieser Mail, der sich als Vereinsvorsitzender ausgab, forderte die \u00dcberweisung von 2.000 Euro auf ein fremdes Konto zu veranlassen. Dieser Aufforderung folgte der Angeschriebene nicht, so dass es zu keinem Schaden kam. Fast zeitgleich wurde der Vorsitzende eines Ludwigshafener Vereins angeschrieben, in dem die gleiche Forderung ge\u00e4u\u00dfert wurde. Auch hier kam es zu keinem Schaden, da keine \u00dcberweisung erfolgte.<\/p>\n\n\n\n<h2 class=\"wp-block-heading\">(A 61 \/ Dannstadt) &#8211; Eigentor geschossen \/ Unternehmer erwarten mehrere Strafanzeigen<\/h2>\n\n\n\n<p>Kr\u00e4fte der ZVD Rheinpfalz (Polizeidirektion Neustadt) kontrollierten am Donnerstagmittag, den 11.05.2023 einen Sattelschlepper an der Tank- und Rastanlage Dannstadt auf der Bundesautobahn 61. Bei der Kontrolle des F\u00fchrerscheins des Fahrers fiel auf, dass es sich hierbei um eine Totalf\u00e4lschung handelte. Auch der vom Fahrer mitgef\u00fchrte kroatische Reisepass erwies sich als F\u00e4lschung. Tats\u00e4chlich handelte es sich bei dem Fahrer um einen bosnischen Staatsangeh\u00f6rigen, der sich ohne Arbeitserlaubnis und bei unerlaubtem Aufenthalt unter falschen Personalien als Berufskraftfahrer bei einer Spedition anstellen lie\u00df. Wie die Kollegen bei ihren weiteren Ermittlungen feststellten, war der Fahrer des 40-Tonners bereits seit einem halben Jahr nicht mehr im Besitz einer g\u00fcltigen Fahrerlaubnis zum F\u00fchren seines Fahrzeugs. 59 Fahrten ohne g\u00fcltige Fahrerlaubnis konnten dem Mann nachgewiesen werden. Ihm drohen nun mehrere Strafverfahren, unter anderem wegen Urkundenf\u00e4lschung, Fahren ohne Fahrerlaubnis in mehreren F\u00e4llen sowie unerlaubtem Aufenthalt. Aufenthaltsbeendende Ma\u00dfnahmen wurden eingeleitet. Weil der Mann die Fahrt nicht fortsetzen durfte, wurde sein Chef zwecks Organisation der Abholung des Sattelschleppers kontaktiert. Als der Unternehmer pers\u00f6nlich vor Ort erschien, um die Fahrt fortzusetzen, kontrollierten die Beamten vor Abfahrt auch seinen F\u00fchrerschein. Sie stellten fest, dass die erforderliche Fahrerlaubnisklasse zum F\u00fchren des Sattelzuges auch beim Chef bereits seit August 2022 abgelaufen war. Zwar wurde ihm der Fahrtantritt daraufhin noch rechtzeitig untersagt, doch konnten die Beamten nach einer Fahrerdatenauswertung dem Spediteur selbst nun mindestens 65 Fahrten ohne g\u00fcltige Fahrerlaubnis nachweisen. Durch das pers\u00f6nliche Abholen des Sattelzugs hat sich der Unternehmer letztendlich ein Eigentor geschossen. Denn auch gegen ihn werden jetzt mehrere Ermittlungsverfahren eingeleitet.<\/p>\n\n\n\n<h2 class=\"wp-block-heading\">(Dudenhofen) &#8211; Wohnungseinbruch<\/h2>\n\n\n\n<p>Im Zeitraum vom 11.05.2023 von 22:00 Uhr bis 12.05.2023 16:10 Uhr \u00f6ffneten bislang unbekannte T\u00e4ter das Kellerfenster eines Wohnanwesens in der Hermann-L\u00f6ns-Stra\u00dfe. Im Keller versuchten die T\u00e4ter vergeblich Werkzeugschr\u00e4nke aufzuhebeln. Weiterhin entwendeten sie Bargeld im niedrigen vierstelligen Bereich.<\/p>\n\n\n\n<ul>\n<li><strong>Zeugen, die im genannten Zeitraum verd\u00e4chtige Personen oder Fahrzeuge im Bereich an der Hermann-L\u00f6ns-Stra\u00dfe gesehen haben, werden gebeten, sich unter der Rufnummer 06232\/137-0 oder per Email (<a href=\"mailto:pispeyer@polizei.rlp.de\">pispeyer@polizei.rlp.de<\/a>) bei der Polizei Speyer zu melden.<\/strong><\/li>\n<\/ul>\n\n\n\n<h2 class=\"wp-block-heading\">(Gommersheim) &#8211; Von der Stra\u00dfe abgekommen&#8230;<\/h2>\n\n\n<div class=\"wp-block-image\">\n<figure class=\"aligncenter size-full\"><img decoding=\"async\" loading=\"lazy\" width=\"800\" height=\"502\" src=\"https:\/\/speyer24news.com\/wp-content\/uploads\/2023\/05\/UnfallGommersheim.jpg\" alt=\"\" class=\"wp-image-52085\" srcset=\"https:\/\/speyer24news.com\/wp-content\/uploads\/2023\/05\/UnfallGommersheim.jpg 800w, https:\/\/speyer24news.com\/wp-content\/uploads\/2023\/05\/UnfallGommersheim-300x188.jpg 300w, https:\/\/speyer24news.com\/wp-content\/uploads\/2023\/05\/UnfallGommersheim-768x482.jpg 768w\" sizes=\"(max-width: 800px) 100vw, 800px\" \/><\/figure><\/div>\n\n\n<p>&#8230;ist der 69 Jahre alte Fahrer eines Sportwagens am Samstag, 13.05.2023 gegen 13:00 Uhr. Er befuhr die K 6 aus Richtung Altdorf kommend in Fahrtrichtung L530. An der Einm\u00fcndung verwechselte der Fahrer Gas und Bremse, verlor die Kontrolle \u00fcber sein Fahrzeug, durchbrach einen Zaun neben der Fahrbahn und versenkte das Auto im Acker. Bei der Unfallaufnahme ergaben sich keine Hinweise auf eine akute Fahruntauglichkeit. An dem PKW entstand Sachschaden in einer H\u00f6he von ca. 7500 Euro, der Fremdschaden an Zaun, einem Mandelbaum und der Gr\u00fcnfl\u00e4che bel\u00e4uft sich auf ca. 1000 Euro. Das Fahrzeug war nicht mehr fahrbereit und musste abgeschleppt werden.<\/p>\n\n\n\n<h2 class=\"wp-block-heading\">(Schwegenheim) &#8211; Diesel entwendet<\/h2>\n\n\n\n<p>In der Nacht von Freitag (12.05.2023) auf Samstag (13.05.2023) entwendete ein bislang unbekannter T\u00e4ter ca. 400 Liter Diesel aus einem am Tankhof in Schwegenheim abgestellten Sattelzug. <\/p>\n\n\n\n<ul>\n<li><strong>Zeugenhinweise nimmt die Polizei Germersheim unter der Telefonnummer 07274\/9580 oder per Mail an&nbsp;<a href=\"mailto:%20pigermersheim@polizei.rlp.de\">pigermersheim@polizei.rlp.de<\/a>&nbsp;entgegen.<\/strong><\/li>\n<\/ul>\n\n\n\n<h2 class=\"wp-block-heading\">(Lingenfeld \/ Germersheim) &#8211; Verkehrskontrollen<\/h2>\n\n\n\n<p>Am 11.05. f\u00fchrten Germersheimer Polizisten mehrere Verkehrskontrollen durch. Von 09-10 Uhr wurde das Durchfahrtsverbot &#8222;Am Hirschgraben&#8220; zwischen Lingenfeld und Westheim \u00fcberwacht. Hierbei wurden insgesamt sieben Verst\u00f6\u00dfe festgestellt. Im Anschluss wurden bei weiteren Kontrollen im Dienstgebiet zwei Handys\u00fcnder und zwei &#8222;Gurtmuffel&#8220; verwarnt. Zudem gingen den Beamten vier Fahrzeuge mit technischen M\u00e4ngeln oder nicht erlaubten technischen \u00c4nderungen ins Netz.<\/p>\n\n\n\n<h2 class=\"wp-block-heading\">(Germersheim) &#8211; Ohne Versicherungsschutz mit umgebautem Roller unterwegs<\/h2>\n\n\n\n<p>Am Samstagnachmittag fuhr ein 15-J\u00e4hriger mit seinem Roller, ohne Kennzeichen und mit deutlich \u00fcberh\u00f6hter Geschwindigkeit, die K31 zwischen Lingenfeld und Germersheim entlang. Der Fahrzeugf\u00fchrer wurde durch Polizeibeamte gestoppt und kontrolliert. Am Roller waren Umbauten vorgenommen worden, sodass dieser Geschwindigkeiten bis zu 100km\/h erreichen konnte. Einen g\u00fcltigen Versicherungsschutz konnte der 15-J\u00e4hrige nicht vorweisen. Zudem besa\u00df dieser lediglich ein Mofa-Pr\u00fcfbescheinigung.<\/p>\n\n\n\n<h2 class=\"wp-block-heading\">(Germersheim) &#8211; Nach Unfall mit Pferd gefl\u00fcchtet<\/h2>\n\n\n\n<p>Donnerstagabend f\u00fchrte eine 19-J\u00e4hrige gegen 18:45 Uhr ein Pferd auf der Kirchstra\u00dfe in Germersheim. Ein hinter ihr fahrender Autofahrer hupte, wodurch das Pferd sich losriss und allein zu seinem Stall rannte. Die junge Frau st\u00fcrzte dabei zu Boden und verletzte sich leicht. Zudem ging ihr Mobiltelefon bei dem Sturz zu Bruch. Der Autofahrer fl\u00fcchtete unerlaubt vom Unfallort.<\/p>\n\n\n\n<ul>\n<li><strong>Zeugenhinweise nimmt die Polizei Germersheim unter der Telefonnummer 07274\/9580 oder per Mail an&nbsp;<a href=\"mailto:%20pigermersheim@polizei.rlp.de\">pigermersheim@polizei.rlp.de<\/a>&nbsp;entgegen.<\/strong><\/li>\n<\/ul>\n\n\n\n<h2 class=\"wp-block-heading\">(Rheinzabern) &#8211; Einbruch in Kl\u00e4ranlage<\/h2>\n\n\n\n<p>In der Nacht von Mittwoch, 10.05.2023 auf Donnerstag, 11.05.2023 brachen bislang unbekannte T\u00e4ter in die Werkstatt der Kl\u00e4ranlage in Rheinzabern ein. Es wurden drei Kabeltrommeln im Wert von jeweils 150EUR entwendet. Die Polizei sucht Zeugen. <\/p>\n\n\n\n<ul>\n<li><strong>Wer hat in der Nacht auff\u00e4llige Personen oder Fahrzeuge im Bereich Kl\u00e4ranlage Rheinzabern gesehen.<\/strong> <\/li>\n\n\n\n<li><strong>Hinweise bitte an die Polizeiinspektion W\u00f6rth unter der Telefonnummer 07271-9221-0 oder per Mail an&nbsp;<a href=\"mailto:%20piwoerth@polizei.rlp.de\">piwoerth@polizei.rlp.de<\/a><\/strong><\/li>\n<\/ul>\n\n\n\n<h2 class=\"wp-block-heading\">(Neulauterburg) &#8211; Verkehrsunfallflucht<\/h2>\n\n\n\n<p>Zu einer Verkehrsunfallflucht mit Sachschaden kam es am gestrigen Samstag, den 13.05.2023, gegen 10:00 Uhr in der Kandeler Stra\u00dfe in Neulauterburg. Demnach parkte die Fahrerin eines silbernen Pkw r\u00fcckw\u00e4rts aus und kollidierte mit dem am gegen\u00fcberliegendem Fahrbahnrand abgestellten Pkw der Gesch\u00e4digten. Trotz eines lauten Knallger\u00e4usches entfernte sich die Unfallverursacherin in Richtung Scheibenhardt. <\/p>\n\n\n\n<ul>\n<li><strong>Der fl\u00fcchtige Pkw soll ein franz\u00f6sisches Kennzeichen haben und die Fahrerin wird als klein, schlank, etwa 35-j\u00e4hrig mit auffallender roter Brille beschrieben. <\/strong><\/li>\n\n\n\n<li><strong>Unfallzeugen melden sich bitte bei der Polizeiinspektion W\u00f6rth unter der Telefonnummer 07271-9221-0 oder per Mail an&nbsp;<a href=\"mailto:%20piwoerth@polizei.rlp.de\">piwoerth@polizei.rlp.de<\/a><\/strong><\/li>\n<\/ul>\n\n\n\n<h2 class=\"wp-block-heading\">(Bad Bergzabern) &#8211; Versuchter PKW Aufbruch<\/h2>\n\n\n\n<p>In der Nacht vom 12. auf den 13.05. wurde versucht einen auf einem frei zug\u00e4nglichen Parkplatz im Maxburgring abgestellten PKW, Opel Zafira, grau, mit S\u00dcW-Kennzeichen, aufzubrechen. Der T\u00e4ter versuchte hierbei erfolglos, dass Schloss der Fahrert\u00fcr durch Einstechen\/Hebel zu \u00fcberwinden. Dies gelang aber nicht. Als &#8222;Dank&#8220; wurde anschlie\u00dfend die Beifahrerseite zerkratzt. Der Schaden an dem \u00e4lteren PKW d\u00fcrfte bei ca. 250.- EUR liegen.<\/p>\n\n\n\n<ul>\n<li><strong>Hinweise bitte an die PI Bad Bergzabern, Tel.: 0634393340<\/strong><\/li>\n<\/ul>\n\n\n\n<h2 class=\"wp-block-heading\">(Bad Bergzabern) &#8211; Auf Drogen<\/h2>\n\n\n\n<p>Am 12.05.23, gg. 22:30 Uhr wurde in der Kurtalstra\u00dfe ein 16 Jahre alter Jugendlicher mit seinem Mofa kontrolliert. Hierbei ergaben sich Hinweise auf eine Drogenbeeinflussung. Schlie\u00dflich wurde auch der Konsum von Amphetamin und Marihuana einger\u00e4umt. Es wurde eine Blutprobe entnommen und ein Strafverfahren eingeleitet<\/p>\n\n\n\n<h2 class=\"wp-block-heading\">(Ingenheim) &#8211; Trunkenheitsfahrt<\/h2>\n\n\n\n<p>Am Abend des 14.05.2023, wurde der Polizeiinspektion Landau ein stark Schlangenlinien fahrender PKW gemeldet, welcher mehrfach in den Gr\u00fcnstreifen der B38 gemeldet. Das Fahrzeug konnte einer Kontrolle unterzogen werden. Der 60-j\u00e4hrige Fahrer war derart betrunken, dass er sich beim Aussteigen am Fahrzeug festhalten musste und Probleme mit dem Stehen und Sprechen hatte. Ein Alkoholtest ergab einen Wert von 2.04 Promille. Dem Fahrer wurde im Anschluss eine Blutprobe entnommen und der F\u00fchrerschein mit dem Ziel der Einziehung sichergestellt. Ihn erwartet nun ein Strafverfahren wegen Trunkenheit im Verkehr.<\/p>\n\n\n\n<h2 class=\"wp-block-heading\">(Landau) &#8211; Gasgeruch in der Innenstadt<\/h2>\n\n\n\n<p>Am sp\u00e4ten Abend des 14.05.2023, meldete ein aufmerksamer Passant Gasgeruch in der Wei\u00dfquartierstra\u00dfe. Als Quelle des Geruchs konnte ein gr\u00f6\u00dferes Mehrfamilienhaus ausgemacht werden, wessen Bewohner vorsorglich evakuiert werden mussten. Die Feuerwehr konnte einen kleineren technischen Defekt ausmachen und reparieren. Nach etwa 20 Minuten konnte der Einsatz beendet werden. Eine Gefahr f\u00fcr die Anwohner habe nicht bestanden.<\/p>\n\n\n\n<h2 class=\"wp-block-heading\">(Edesheim) &#8211; Pedelecfahrer verletzt<\/h2>\n\n\n\n<p>Sch\u00fcrfwunden sowie Verletzungen am Kopf erlitt Donnerstagabend (11.05.2023, 17.50 Uhr) ein 58 Jahre alter Pedelecfahrer bei einem Verkehrsunfall in den Elfmorgen. Eine 24-j\u00e4hrige Autofahrerin kollidierte mit dem Radfahrer, als dieser den Einm\u00fcndungsbereich querte. Ob die Autofahrerin den Mann \u00fcbersah oder der Radfahrer das herannahende Fahrzeug nicht wahrgenommen hatte, ist derzeit Gegenstand der polizeilichen Ermittlungen. Der Mann kam in ein Krankenhaus. Einen Helm trug er nicht. <\/p>\n\n\n\n<ul>\n<li><strong>Die Polizei appelliert: Tragen Sie beim Radfahren stets einen Helm. Denn bei einem schweren Sturz kann ein Fahrradhelm die Gesundheit oder gar das Leben retten.<\/strong><\/li>\n<\/ul>\n\n\n\n<h2 class=\"wp-block-heading\">(Edenkoben) &#8211; Scheiben an drei PKW&#8217;s eingeschlagen<\/h2>\n\n\n\n<p>In der Nacht von Freitag auf Samstag wurden an drei PKW&#8217;s, die in den Semmel\u00e4ckern und in der Rhodter Stra\u00dfe in Edenkoben geparkt waren, die Seitenscheiben eingeschlagen. In einem Fall wurde auch tats\u00e4chlich ein Geldbeutel gefunden und entwendet, in den anderen F\u00e4llen blieb es bei dem verursachten Schaden. Von den Unbekannten fehlt jede Spur. <\/p>\n\n\n\n<ul>\n<li><strong>Zeugen, die den Vorfall beobachtet haben, werden gebeten, sich mit der Polizei Edenkoben unter der Telefonnummer 06323 9550 oder per Mail an&nbsp;<a href=\"mailto:%20piedenkoben@polizei.rlp.de\">piedenkoben@polizei.rlp.de<\/a>&nbsp;in Verbindung zu setzen.<\/strong><\/li>\n<\/ul>\n\n\n\n<h2 class=\"wp-block-heading\">(Edenkoben) &#8211; Verkehrsunfall mit leicht verletzter Fahrradfahrerin<\/h2>\n\n\n\n<p>Leicht verletzt wurde eine Fahrradfahrerin mit einem Pedelec, die am Freitag, 12.05.2023, gegen 15:30 Uhr die Staatsstra\u00dfe in Edenkoben in Richtung Edesheim fuhr. In H\u00f6he der Zufahrt zum Parkplatz der Einkaufsm\u00e4rkte wollte ein in gleicher Richtung fahrender Autofahrer abbiegen. Dabei \u00fcbersah er die Fahrradfahrerin, es kam zum Zusammensto\u00df. Die Fahrradfahrerin erlitt eine Schulterprellung.<\/p>\n\n\n\n<h2 class=\"wp-block-heading\">(Edenkoben) &#8211; Beim Ausparken Fahrzeug besch\u00e4digt und weggefahren<\/h2>\n\n\n\n<p>Am 12.05.2023 im Zeitraum von 12:00 bis 13:00 parkte ein wei\u00dfer PKW auf dem gro\u00dfen Parkplatz\/ Ludwigsplatz vor der Kirche. Als der Fahrer wieder zu seinem PKW kam, stellte er fest, dass bei ihm ein Schaden auf der Beifahrerseite an der vorderen Sto\u00dfstangenecke verursacht worden war. Leider hat sich der Verursacher nicht gemeldet. Der Schaden bel\u00e4uft sich auf etwa 500 Euro. <\/p>\n\n\n\n<ul>\n<li><strong>Zeugen, die den Vorfall beobachtet haben, werden gebeten, sich mit der Polizei Edenkoben unter der Telefonnummer 06323 9550 oder per Mail an&nbsp;<a href=\"mailto:%20piedenkoben@polizei.rlp.de\">piedenkoben@polizei.rlp.de<\/a>&nbsp;in Verbindung zu setzen.<\/strong><\/li>\n<\/ul>\n\n\n\n<h2 class=\"wp-block-heading\">(Edenkoben) &#8211; Zwei T\u00e4ter fl\u00fcchtig<\/h2>\n\n\n\n<p>Zwei bislang unbekannte T\u00e4ter wurden am fr\u00fchen Freitagmorgen gegen 4 Uhr beobachtet, wie sie auf dem Parkplatz am Kirchberg an zwei geparkten Fahrzeugen die Seitenscheibe einschlugen und den Geb\u00fchrenautomaten f\u00fcr die Wasserausgabe f\u00fcr Camper aufbrachen. Was genau entwendet wurde, ist derzeit Gegenstand der polizeilichen Ermittlungen. <\/p>\n\n\n\n<ul>\n<li><strong>Die beiden Unbekannten konnten mit ihren Fahrr\u00e4dern beim Eintreffen der Streife \u00fcber einen Fu\u00dfweg fl\u00fcchten. <\/strong><\/li>\n\n\n\n<li><strong>Sie waren bei der Tatausf\u00fchrung dunkel gekleidet. <\/strong><\/li>\n\n\n\n<li><strong>Hinweise nimmt die Polizei Edenkoben unter der Telefonnummer 06323 9550 entgegen.<\/strong><\/li>\n<\/ul>\n\n\n\n<h2 class=\"wp-block-heading\">(Maikammer) &#8211; Sch\u00fcsse im Wingert<\/h2>\n\n\n\n<p>Am Freitag, 12.05.2023 gegen 18:45 Uhr, meldete eine Spazierg\u00e4ngerin Sch\u00fcsse im Wingert in Maikammer, An der Steinm\u00fchle. Die eingesetzte Streife konnte in dem Bereich zwei Personen antreffen. Einer der beiden, ein 18-J\u00e4hriger Heranwachsender, f\u00fchrte eine Schreckschusspistole mit einem Schalld\u00e4mpfer, sowie Platzpatronen mit sich. Er hatte die Waffe am Tag zuvor legal gekauft und wollte sie ausprobieren, weswegen er im Wingert mehrmals in die Luft geschossen hatte. Die Waffe, sowie das Zubeh\u00f6r wurden ihm abgenommen, gegen ihn wird nun wegen mehreren Verst\u00f6\u00dfen gegen das Waffengesetz ermittelt.<\/p>\n\n\n\n<h2 class=\"wp-block-heading\">(Neustadt) &#8211; Mehrere Fahrzeuge mutwillig besch\u00e4digt \/ Zeugen gesucht<\/h2>\n\n\n\n<p>In der Nacht vom 13.05.2023 auf den 14.05.2023 wurden in der Probstgasse mehrere Pkw teils erheblich besch\u00e4digt. Die Fahrzeuge wurden zerkratzt. Antennen, Kennzeichen oder Spiegel wurden abgerissen. Bisher sind vier Gesch\u00e4digte bekannt. Die Schadensh\u00f6he ist noch nicht bekannt. <\/p>\n\n\n\n<ul>\n<li><strong>Zeugen werden gebeten, sich bei der Polizeiinspektion Neustadt zu melden (06321 8540;&nbsp;<a href=\"mailto:%20pineustadt@polizei.rlp.de\">pineustadt@polizei.rlp.de<\/a>)<\/strong><\/li>\n<\/ul>\n\n\n\n<h2 class=\"wp-block-heading\">(Neustadt an der Weinstra\u00dfe) &#8211; Beim Ladendiebstahl einen Teleskopschlagstock mitgef\u00fchrt&#8230;<\/h2>\n\n\n\n<p>&#8230; hat ein 19-J\u00e4hriger aus Neustadt\/W. am 13.05.2023 um 14:00 Uhr in einem Baumarkt im Stadtgebiet von 67433 Neustadt\/W.. Der junge Mann konnte durch einen Mitarbeiter beobachtet werden, wie er mit Waren im Wert von 85 Euro den Kassenbereich passierte, ohne diese zu bezahlen. Im Rahmen der anschlie\u00dfenden Durchsuchung konnte bei dem Neustadter in dessen Bauchtasche ein Teleskopschlagstock aufgefunden werden. Dieser wurde anschlie\u00dfend sichergestellt. Nun muss sich der 19-J\u00e4hrige in einem Strafverfahren wegen des Diebstahls mit Waffen verantworten. Au\u00dferdem kommt auf diesen ein Ordnungswidrigkeitenverfahren wegen des mitgef\u00fchrten Schlagstockes zu.<\/p>\n\n\n\n<h2 class=\"wp-block-heading\">(Neustadt an der Weinstra\u00dfe) &#8211; Fahr\u00fcbung f\u00fchrt zu Strafanzeigen<\/h2>\n\n\n\n<p>Bereits am 12.05.2023 um kurz vor 21:00 Uhr wurde hiesiger Dienststelle ein verd\u00e4chtig langsam fahrender Audi in der Schlo\u00dfstra\u00dfe in 67434 Neustadt\/W. mitgeteilt. Im Rahmen der sich anschlie\u00dfenden Kontrolle konnte festgestellt werden, dass der PKW durch eine 22-J\u00e4hrige gef\u00fchrt wurde, welche nicht im Besitz der erforderlichen Fahrerlaubnis war. Diese nutzte den PKW zu Fahr\u00fcbungen. Nun erwartet auch den 41-j\u00e4hrigen Halter eine Strafanzeige, da dieser es zulie\u00df, dass die Dame den Audi f\u00fchrte. Au\u00dferdem wird die zust\u00e4ndige F\u00fchrerscheinstelle \u00fcber den Vorfall informiert.<\/p>\n\n\n\n<h2 class=\"wp-block-heading\">(Neustadt an der Weinstra\u00dfe) &#8211; Verkehrsunfall mit unbekanntem verletzten Fahrradfahrer<\/h2>\n\n\n\n<p>In den Nachmittagsstunden des 12.05.2023, gegen 16:00 Uhr, kam es an der Kreuzung Gartenstra\u00dfe \/ Bismarckstra\u00dfe in 67433 Neustadt an der Weinstra\u00dfe zu einem Verkehrsunfall. Hier stie\u00dfen der Fahrer eines wei\u00dfen Citroen C1 und der Fahrer eines Rennrades zusammen. Dabei soll sich der Fahrer des Rennrades leicht verletzt haben. Die beiden Fahrzeugf\u00fchrer einigten sich vor Ort, tauschten jedoch keine Personalien aus. Nun sucht die Polizei nach dem verletzten Fahrer des Rennrades. <\/p>\n\n\n\n<ul>\n<li><strong>Zeugen des Vorfalls werden gebeten, sich telefonisch (Tel: 06321 8540) oder via E-Mail (<a href=\"mailto:pineustadt@polizei.rlp.de\">pineustadt@polizei.rlp.de<\/a>) mit hiesiger Polizeiinspektion Neustadt an der Weinstra\u00dfe in Verbindung zu setzen.<\/strong><\/li>\n<\/ul>\n\n\n\n<h2 class=\"wp-block-heading\">(Neustadt an der Weinstra\u00dfe \/ Bad D\u00fcrkheim) &#8211; Motorradkontrollen im Bereich der PD Neustadt<\/h2>\n\n\n\n<p>Am Freitag-Nachmittag wurden als saisonale Auftaktveranstaltung der Polizeidirektion Neustadt Zweiradkontrollen auf den beliebten Motorradstrecken im Dienstgebiet durchgef\u00fchrt. Leider f\u00fchrten immer wieder einsetzende Regenschauer dazu, dass nur wenig Biker eine Ausfahrt mit ihrem motorisierten Zweirad wagten. Es wurde an 3 verschiedenen \u00d6rtlichkeiten kontrolliert, B39, Gemarkung Neidenfels, B37, Gem. D\u00dcW-Grethen sowie L517, Gem. Leistadt (alle Kreis Bad D\u00fcrkheim). Lediglich 5 Verkehrsordnungswidrigkeiten (alle im Verwarnungsgeldbereich) mussten zur Anzeige gebracht werden, 2x wurde eine Kontrollaufforderung zum Beheben kleinerer Fahrzeugm\u00e4ngel und nicht mitgef\u00fchrter Dokumente ausgestellt. Polizeihauptkommissar J\u00f6rg Ulrich vom Motorradkontrolltrupp der PD Neustadt zieht eine positive Bilanz: die wenigen Biker waren alle mit verkehrssicheren Motorr\u00e4dern unterwegs, es wurden keine unzul\u00e4ssigen technischen Ver\u00e4nderungen festgestellt, welche zum Erl\u00f6schen der Betriebserlaubnis gef\u00fchrt h\u00e4tten. Auch l\u00e4rmende Bikes, die immer wieder Anwohner unzumutbar in ihrer Ruhe st\u00f6ren waren heute nicht unterwegs, auch wenn man seitens der Polizei mit technischen Messger\u00e4ten zur Feststellung und beweissicheren Verfolgung daf\u00fcr ger\u00fcstet gewesen w\u00e4re. Laut PD Neustadt wird es bis zum Ende der Motorradsaison an den Wochenenden weitere Schwerpunktkontrollen an wechselnden \u00d6rtlichkeiten geben. Auch die \u00dcberwachung des Durchfahrtsverbots f\u00fcr Motorr\u00e4der auf der L499 zwischen Elmsteiner Tal und Johanniskreuz wird dabei einen Schwerpunkt bilden. Die \u00fcberregional bekannte und beliebte Biker-Strecke ist von April bis Oktober an Wochenend- und Feiertagen f\u00fcr Motorr\u00e4der gesperrt.<\/p>\n\n\n\n<h2 class=\"wp-block-heading\">(Lambrecht) &#8211; Mit Drogen und unter Drogeneinfluss auf dem Beifahrersitz<\/h2>\n\n\n\n<p>Am 14.05.2023 um 11:00 Uhr wurde ein VW Sharan in der Hauptstra\u00dfe in 67466 Lambrecht\/ Pfalz einer anlassunabh\u00e4ngigen Verkehrskontrolle unterzogen. Im Rahmen der Kontrolle konnte festgestellt werden, dass der 47-j\u00e4hrige Beifahrer des PKW&#8217;s unter dem Einfluss von Kokain und Cannabis stand. Da dem Mann aufgrund seiner Vergangenheit der Konsum von Bet\u00e4ubungsmittel untersagt ist, muss dieser sich nun in einem Strafverfahren verantworten. Ferner wurde bei diesem im weiteren Verlauf eine geringen Menge Kokain und Cannabis aufgefunden und sichergestellt. Auch wegen dieser Sache kommt auf diesen nun ein Strafverfahren zu. Bei der Fahrerin des VW&#8217;s konnten keine Anhaltspunkte auf eine Bet\u00e4ubungsmittelbeeinflussung festgestellt werden. Wegen des Vorfalls wird zudem die zust\u00e4ndige F\u00fchrerscheinstelle in Kenntnis gesetzt.<\/p>\n\n\n\n<h2 class=\"wp-block-heading\">(Neidenfels) &#8211; Verkehrsunfall unter Alkoholeinfluss<\/h2>\n\n\n\n<p>Am 13.05.2023 um 23:30 Uhr befuhr ein 51-J\u00e4hriger aus Kaiserslautern mit seinem Nissan die Staatsstra\u00dfe in 67468 Neidenfels. Im Verlauf der Fahrt verlor der Mann die Kontrolle \u00fcber seinen PKW und kollidierte mit einem dort aufgestellten Baustellenschild. Im Rahmen der Unfallaufnahme kontne bei dem Fahrer starker Atemalkoholgeruch festgestellt werden. Da ein Vortest durch den Mann nicht durchgef\u00fchrt werden konnte, wurde diesem eine Blutprobe entnommen und dessen F\u00fchrerschein sichergestellt. Au\u00dferdem wurden die Fahrzeugschl\u00fcssel zur Verhinderung der Weiterfahrt einbehalten. Durch den Vorfall entstand ein Gesamtschaden in H\u00f6he von 3200 Euro. Nun kommt auf den 51-J\u00e4hrigen ein Strafverfahren wegen Gef\u00e4hrdung des Stra\u00dfenverkehrs zu. Zudem wird die zust\u00e4ndige F\u00fchrerscheinstelle \u00fcber den Sachverhalt informiert.<\/p>\n\n\n\n<h2 class=\"wp-block-heading\">(Ha\u00dfloch) &#8211; Mit Monowheel vor Polizeikontrolle gefl\u00fcchtet<\/h2>\n\n\n<div class=\"wp-block-image\">\n<figure class=\"aligncenter size-full\"><img decoding=\"async\" loading=\"lazy\" width=\"500\" height=\"594\" src=\"https:\/\/speyer24news.com\/wp-content\/uploads\/2023\/05\/R.jpg\" alt=\"\" class=\"wp-image-52086\" srcset=\"https:\/\/speyer24news.com\/wp-content\/uploads\/2023\/05\/R.jpg 500w, https:\/\/speyer24news.com\/wp-content\/uploads\/2023\/05\/R-253x300.jpg 253w\" sizes=\"(max-width: 500px) 100vw, 500px\" \/><\/figure><\/div>\n\n\n<p>Am Donnerstag, den 11.05.2023 um 17:45 Uhr, stellte eine Streifenwagenbesatzung der Polizeiinspektion Ha\u00dfloch einen 25-J\u00e4hrigen aus Essingen, auf einem elektrisch angetriebenen Einrad (sog. Monowheel) auf dem Radweg entlang der L530 in Fahrtrichtung Fronm\u00fchle fahrend fest. Da das Kraftfahrzeug nicht zugelassen war und auch generell nicht zulassungsf\u00e4hig ist, sollte dies einer Kontrolle unterzogen werden. Beim Erblicken des Funkstreifenwagens bog der Fahrer vom Radweg in einen Waldweg ab. Nach einer kurzen Verfolgung konnte der 25-J\u00e4hrige zum Anhalten bewegt und durch die Beamten einer Kontrolle unterzogen werden. Sein &#8222;Monowheel&#8220; wurde durch die Polizei sichergestellt und ein entsprechendes Strafverfahren eingeleitet.<\/p>\n\n\n\n<p>Ein &#8222;Monowheel&#8220; ist ein einr\u00e4driges motorisiertes Fahrzeug, das eine H\u00f6chstgeschwindigkeit von 90km\/h erreichen kann. Im Stra\u00dfenverkehr in Deutschland sind diese Fahrzeuge jedoch nicht erlaubt, da sie den allgemeinen verkehrsrechtlichen Bestimmungen nicht entsprechen. Wer dennoch damit im \u00f6ffentlichen Verkehrsraum unterwegs ist, macht sich strafbar.<\/p>\n\n\n\n<h2 class=\"wp-block-heading\">(Ha\u00dfloch) &#8211; Unfallflucht \/ Gesch\u00e4digtes Fahrzeug gesucht<\/h2>\n\n\n\n<p>Eine Zeugin beobachtete am Montag, 08.05.2023, gegen 07:00 Uhr, einen Klein-LKW mit offener Ladefl\u00e4che, welcher im Bereich Rotkreuzstra\u00dfe \/ Schubertstra\u00dfe beim Vorbeifahren den Au\u00dfenspiegel eines dort geparkten Fahrzeugs besch\u00e4digte und anschlie\u00dfend unerlaubt weiter fuhr. Sie meldete den Vorfall nachtr\u00e4glich bei der Polizei Ha\u00dfloch, konnte jedoch keine n\u00e4heren Angaben zum gesch\u00e4digten Fahrzeug machen, welches bislang auch noch nicht nachermittelt werden konnte. <\/p>\n\n\n\n<ul>\n<li><strong>Der\/die Gesch\u00e4digte wird daher gebeten, sich mit der Polizeiinspektion Ha\u00dfloch in Verbindung zu setzen!<\/strong><\/li>\n<\/ul>\n\n\n\n<h2 class=\"wp-block-heading\">(Meckenheim) &#8211; Vandalismus auf Grillplatz<\/h2>\n\n\n\n<p>In den Abend- oder Nachtstunden vom 11.05.2023 auf den 12.05.2023 kam es auf dem Grillplatz &#8222;H\u00e4mmerlesberg&#8220; in Gemarkung Meckenheim zu Sachbesch\u00e4digungen. Unter anderem wurde durch die unbekannte T\u00e4terschaft eine Holzbank aus der Bodenverankerung gerissen. Des weiteren wurden Vorh\u00e4ngeschl\u00f6sser der Grillgitter angeschmort und auch an anderen Stellen gez\u00fcndelt. Der entstandene Sachschaden wird auf ca. 550,- Euro gesch\u00e4tzt. <\/p>\n\n\n\n<ul>\n<li><strong>Eventuelle Zeugen\/-innen werden gebeten, sich bei der Polizeiinspektion Ha\u00dfloch zu melden.<\/strong><\/li>\n<\/ul>\n\n\n\n<h2 class=\"wp-block-heading\">(Forst) &#8211; Zeugenaufruf nach Unfallflucht<\/h2>\n\n\n\n<p>Bislang unbekannte(r) Fahrer\/-in eines LKW besch\u00e4digte im Zeitraum vom 11.05.23, 08:00 Uhr bis 12.05.2023, 10:00 Uhr, beim Vorbeifahren an einem Gutshof in der Weinstra\u00dfe in Forst, insgesamt 5 Klappl\u00e4den (Holz) und fuhr anschlie\u00dfend unerlaubt weiter. Es entstand Sachschaden in H\u00f6he von ca. 1000,- Euro. <\/p>\n\n\n\n<ul>\n<li><strong>Eventuelle Zeugen\/-innen werden gebeten, sich mit der Polizeiinspektion Ha\u00dfloch in Verbindung zu setzen.<\/strong><\/li>\n<\/ul>\n\n\n\n<h2 class=\"wp-block-heading\">(Bad D\u00fcrkheim) &#8211; Kriminalit\u00e4tsstatistik 2022<\/h2>\n\n\n\n<ul>\n<li><a href=\"https:\/\/www.presseportal.de\/download\/document\/645e29b6270000fd2c481393-230214-ppt-kriminalit-tsstatistik-2022.pdf\"><strong>230214 PPT Kriminalit\u00e4tsstatistik 2022.pdf<\/strong><br>PDF &#8211; 226 kB<\/a><\/li>\n<\/ul>\n\n\n\n<p>Mit 2660 erfassten Straftaten im Jahr 2022 registrierte die Polizeiinspektion Bad D\u00fcrkheim, einen deutlichen Anstieg der Fallzahlen. Das geht aus der neuen Kriminalit\u00e4tsstatistik 2022 hervor, die sie ab heute \u00fcber die Internetseite der PI Bad D\u00fcrkheim abrufen k\u00f6nnen:&nbsp;<a target=\"_blank\" rel=\"noreferrer noopener\" href=\"https:\/\/s.rlp.de\/Oo-1P\">https:\/\/s.rlp.de\/Oo-1P<\/a><\/p>\n\n\n\n<h4 class=\"wp-block-heading\">Kerns\u00e4tze:<\/h4>\n\n\n\n<ul>\n<li><strong>Gesamtzahl der Straftaten um 483 F\u00e4lle angestiegen<\/strong><\/li>\n\n\n\n<li><strong>Aufkl\u00e4rungsquote mit 59 % leicht gesunken<\/strong><\/li>\n\n\n\n<li><strong>Anstieg der Diebst\u00e4hle unter erschwerenden Umst\u00e4nden um 31 %<\/strong><\/li>\n\n\n\n<li><strong>Anstieg der Wohnungseinbruchsdiebst\u00e4hle um 10 %<\/strong><\/li>\n\n\n\n<li><strong>Anstieg der Verm\u00f6gens- und F\u00e4lschungsdelikte 52 %<\/strong><\/li>\n\n\n\n<li><strong>Anstieg der K\u00f6rperverletzungsdelikte um 23 %<\/strong><\/li>\n\n\n\n<li><strong>Leichter Anstieg der Rauschgiftkriminalit\u00e4t 4 %<\/strong><\/li>\n\n\n\n<li><strong>R\u00fcckgang der Sachbesch\u00e4digungen um 30 %<\/strong><\/li>\n<\/ul>\n\n\n\n<h4 class=\"wp-block-heading\">Auswirkungen der Corona-Pandemie<\/h4>\n\n\n\n<p>Insgesamt wurde die Entwicklung der Fallzahlen in vielen Deliktsbereichen sehr stark durch die schrittweisen Aufhebungen der Einschr\u00e4nkungen im Rahmen der Corona-Pandemie beeinflusst.<\/p>\n\n\n\n<h4 class=\"wp-block-heading\">Einbr\u00fcche zugenommen<\/h4>\n\n\n\n<p>Das Sicherheitsbed\u00fcrfnis unser B\u00fcrger*innen ist uns wichtig. Daher haben wir im Blick, dass die Zahl der Einbr\u00fcche sich in 2022 um 10 % erh\u00f6ht haben. Wahrscheinlich hat sich hier die Reduzierung des Homeoffice bzw. der R\u00fcckgang der Anwesenheit in den Wohnr\u00e4umen negativ niedergeschlagen.<\/p>\n\n\n\n<h4 class=\"wp-block-heading\">H\u00e4usliche Gewalt bleibt ein aktuelles Thema<\/h4>\n\n\n\n<p>Auf gleichen Niveau hat sich die Zahl der Straftaten im Bereich der h\u00e4uslichen Gewalt oder der &#8222;Gewalt in engen sozialen Beziehungen&#8220; eingependelt. 93 solcher Delikte wurden im abgelaufenen Jahr zur Anzeige gebracht.<\/p>\n\n\n\n<p>Alles in allem gilt aber nach wie vor, dass es sich hier in der Region sicher und gut leben l\u00e4sst. Unsere Kolleginnen und Kollegen werden ihr Bestes geben, dass das auch in Zukunft so bleibt. Dabei k\u00f6nnen uns alle B\u00fcrgerinnen und B\u00fcrger ein St\u00fcck weit unterst\u00fctzen, indem sie verd\u00e4chtige Wahrnehmungen bei uns melden und Straftaten zur Anzeige bringen. Anzeigen k\u00f6nnen auch bequem \u00fcber die Online-Wache der Polizei \u00fcber das Internet gestellt werden:&nbsp;<a target=\"_blank\" rel=\"noreferrer noopener\" href=\"https:\/\/www.polizei.rlp.de\/de\/onlinewache\/\">https:\/\/www.polizei.rlp.de\/de\/onlinewache\/<\/a><\/p>\n\n\n\n<h2 class=\"wp-block-heading\">(Freinsheim) &#8211; K\u00f6rperverletzung und sexuelle Bel\u00e4stigung am Geldautomaten<\/h2>\n\n\n<div class=\"wp-block-image\">\n<figure class=\"aligncenter size-full\"><img decoding=\"async\" loading=\"lazy\" width=\"801\" height=\"600\" src=\"https:\/\/speyer24news.com\/wp-content\/uploads\/2020\/05\/Zeugen-gesucht-Neutral.jpg\" alt=\"\" class=\"wp-image-26598\" srcset=\"https:\/\/speyer24news.com\/wp-content\/uploads\/2020\/05\/Zeugen-gesucht-Neutral.jpg 801w, https:\/\/speyer24news.com\/wp-content\/uploads\/2020\/05\/Zeugen-gesucht-Neutral-300x225.jpg 300w, https:\/\/speyer24news.com\/wp-content\/uploads\/2020\/05\/Zeugen-gesucht-Neutral-768x575.jpg 768w, https:\/\/speyer24news.com\/wp-content\/uploads\/2020\/05\/Zeugen-gesucht-Neutral-678x509.jpg 678w, https:\/\/speyer24news.com\/wp-content\/uploads\/2020\/05\/Zeugen-gesucht-Neutral-326x245.jpg 326w, https:\/\/speyer24news.com\/wp-content\/uploads\/2020\/05\/Zeugen-gesucht-Neutral-80x60.jpg 80w\" sizes=\"(max-width: 801px) 100vw, 801px\" \/><\/figure><\/div>\n\n\n<p>Am Samstag, den 13.05.2023 gegen 16:50 Uhr kam es zu einer K\u00f6rperverletzung und sexuellen Bel\u00e4stigung an einem Bankschalter in der Volksbank in Freinsheim. Die 65-j\u00e4hrige gesch\u00e4digte Freinsheimerin befand sich am Bankschalter, da sie Geld abheben wollte. In diesem Moment betrat eine unbekannte m\u00e4nnliche Person ebenfalls den Schalterraum der Volksbank. Der unbekannte Beschuldigte stellte sich pl\u00f6tzlich nah hinter die Gesch\u00e4digte. Als sich die Gesch\u00e4digte umdrehte, um zu schauen wer hinter ihr steht, packte der Beschuldigte die Gesch\u00e4digte pl\u00f6tzlich und unvermittelt fest an den Oberarmen. Zus\u00e4tzlich packte er der Gesch\u00e4digten fest an die Br\u00fcste. Als die Freinsheimerin anfing laut zu schreien lie\u00df er von ihr ab und verlie\u00df sofort den Schalterraum fu\u00dfl\u00e4ufig in unbekannte Richtung.<\/p>\n\n\n\n<p>Die 65-j\u00e4hrige Gesch\u00e4digte wurde hierbei leicht verletzt.<\/p>\n\n\n\n<h4 class=\"wp-block-heading\">Bei dem unbekannten Beschuldigten soll es sich um eine:<\/h4>\n\n\n\n<ul>\n<li><strong>m\u00e4nnliche Person<\/strong><\/li>\n\n\n\n<li><strong>ca. 30-40 Jahre alt<\/strong><\/li>\n\n\n\n<li><strong>dunkelblondes mittellanges Haar<\/strong><\/li>\n\n\n\n<li><strong>starrer Blick<\/strong><\/li>\n\n\n\n<li><strong>dunkle Oberbekleidung<\/strong><\/li>\n\n\n\n<li><strong>dunkler Rucksack gehandelt haben. <\/strong><\/li>\n\n\n\n<li><strong>Ebenfalls habe die unbekannte m\u00e4nnliche Person nach Alkohol gerochen und ein aufgedunsenes Gesicht gehabt.<\/strong><\/li>\n<\/ul>\n\n\n\n<h4 class=\"wp-block-heading\">Zeugen, welche die Tat beobachtet haben oder Hinweise geben k\u00f6nnen werden gebeten sich bei der Polizei in Bad D\u00fcrkheim zu melden.<\/h4>\n\n\n\n<h2 class=\"wp-block-heading\">(Kirchheim) &#8211; Zeugen nach Verkehrsunfallflucht gesucht<\/h2>\n\n\n\n<p>Am Sonntag, den 14.05.2023, kam es zwischen 18:00 und 19:00 Uhr zu einer Verkehrsunfallflucht auf H\u00f6he der Einm\u00fcndung L516\/B271.<\/p>\n\n\n\n<p>Zuvor befuhr ein 23-j\u00e4hriger Fahrzeugf\u00fchrer die L516 aus Kirchheim-S\u00fcd kommend in Fahrtrichtung B271. Aufgrund nicht angepasster Geschwindigkeit verlor der Fahrer in einer Rechtskurve die Kontrolle \u00fcber sein Fahrzeug und wurde nach links \u00fcber eine Verkehrsinsel geschleudert. Er \u00fcberfuhr ein dort befestigtes Verkehrsschild und rutschte schlie\u00dflich auf eine weitere Verkehrsinsel der B271, auf der er schlie\u00dflich zum Stehen kam. Durch den Verkehrsunfall kam es zum wirtschaftlichen Totalschaden am Fahrzeug.<\/p>\n\n\n\n<p>Der Fahrer informierte einen Angeh\u00f6rigen, um das verunfallte Fahrzeug abschleppen zu lassen und fl\u00fcchtete anschlie\u00dfend in unbekannte Richtung.<\/p>\n\n\n\n<p>Durch den Verkehrsunfall riss die \u00d6lwanne des Fahrzeugs, wodurch gro\u00dfe Mengen an Betriebsstoffen auf die Fahrbahn liefen.<\/p>\n\n\n\n<p>F\u00fcr die Dauer der Unfallaufnahme und der Stra\u00dfenreinigung musste die B271 zwischen 19:00-20:30 Uhr voll gesperrt werden.<\/p>\n\n\n\n<ul>\n<li><strong>Wer hat den Unfall beobachtet oder kann weitere Hinweise zum dem Fahrer oder dem Unfallgeschehen machen? Sachdienliche Hinweise bitte an die Polizeiinspektion Gr\u00fcnstadt, Telefonnummer 06359 93120 oder per E-Mail&nbsp;<a href=\"mailto:%20pigruenstadt@polizei.rlp.de\">pigruenstadt@polizei.rlp.de<\/a><\/strong><\/li>\n<\/ul>\n\n\n\n<h2 class=\"wp-block-heading\">(Gr\u00fcnstadt) &#8211; Notlandung eines Segelflugzeugs im Wingert<\/h2>\n\n\n<div class=\"wp-block-image\">\n<figure class=\"aligncenter size-full\"><img decoding=\"async\" loading=\"lazy\" width=\"800\" height=\"600\" src=\"https:\/\/speyer24news.com\/wp-content\/uploads\/2023\/05\/poMMes_2023-05-14_14-42-46_27.jpeg\" alt=\"\" class=\"wp-image-52087\" srcset=\"https:\/\/speyer24news.com\/wp-content\/uploads\/2023\/05\/poMMes_2023-05-14_14-42-46_27.jpeg 800w, https:\/\/speyer24news.com\/wp-content\/uploads\/2023\/05\/poMMes_2023-05-14_14-42-46_27-300x225.jpeg 300w, https:\/\/speyer24news.com\/wp-content\/uploads\/2023\/05\/poMMes_2023-05-14_14-42-46_27-768x576.jpeg 768w, https:\/\/speyer24news.com\/wp-content\/uploads\/2023\/05\/poMMes_2023-05-14_14-42-46_27-678x509.jpeg 678w, https:\/\/speyer24news.com\/wp-content\/uploads\/2023\/05\/poMMes_2023-05-14_14-42-46_27-326x245.jpeg 326w, https:\/\/speyer24news.com\/wp-content\/uploads\/2023\/05\/poMMes_2023-05-14_14-42-46_27-80x60.jpeg 80w\" sizes=\"(max-width: 800px) 100vw, 800px\" \/><\/figure><\/div>\n\n\n<p>Am Sonntag, dem 14.05.2023 gegen 13:50 Uhr, erreichten die Polizeiinspektion Gr\u00fcnstadt mehrere Notrufe \u00fcber ein Segelflugzeug, welches eine Notlandung durchf\u00fchrte. Der 35-j\u00e4hrige Pilot und einzige Insasse des Flugzeugs war auf einem lokalen Rundflug unterwegs und steuerte den Flugplatz Quirnheim an. Aufgrund von fehlender Thermik entschied sich der Pilot dazu, eine Notlandung zwischen der Autobahn A6 und des Ortsteils Gr\u00fcnstadt-Sausenheim einzuleiten. Bei der sog. Au\u00dfenlandung, welche auf einem Feldweg durchgef\u00fchrt werden sollte, ber\u00fchrte das Segelflugzeug mit den Fl\u00fcgeln in den Wingerten aufgestellte metallene Weinbergpf\u00e4hle samt Weinst\u00f6cken. Durch die Ber\u00fchrung wurde der Segelflieger gedreht und blieb schlie\u00dflich in einen zum Feldweg angrenzenden Wingert liegen. Der Pilot konnte sich aus dem Cockpit befreien und blieb gl\u00fccklicherweise unverletzt. Er wurde dennoch zur weiteren Abkl\u00e4rung in eine Unfallklinik verbracht. Am Segelflugzeug entstand Sachschaden im f\u00fcnfstelligen Bereich und es musste durch einen Kran geborgen werden. An den Wingerten entstand Flurschaden, welcher sich auf ca. 2000EUR bel\u00e4uft.<\/p>\n\n\n\n<h2 class=\"wp-block-heading\">(Gr\u00fcnstadt) &#8211; In fremdem Auto eingeschlafen<\/h2>\n\n\n\n<p>In der Nacht von Samstag auf Sonntag meldete sich ein Taxifahrer bei der Polizei Gr\u00fcnstadt, dass er soeben einen schlafenden Mann in seinem Privat-PKW vorgefunden habe, als er gerade Feierabend machen wollte. Durch die Streife konnte der alkoholisierte Mann kurz darauf im Fahrzeug geweckt werden. Er hatte sich offenbar auf dem Heimweg in den PKW gelegt, um sich kurz mit einem Nickerchen auszuruhen. Den PKW hatte er mit bereits offener T\u00fcr vorgefunden, weil diese sich, laut Angaben des Besitzers, aufgrund eines technischen Defekts nicht mehr richtig schlie\u00dfen l\u00e4sst. F\u00fcr den restlichen Heimweg wurde er von Angeh\u00f6rigen abgeholt.<\/p>\n\n\n\n<h2 class=\"wp-block-heading\">(Gr\u00fcnstadt) &#8211; Schwerer Verkehrsunfall auf der B271 mit 2 verletzten Beteiligten<\/h2>\n\n\n\n<p>Am Freitag kam es am sp\u00e4ten Nachmittag bei Gr\u00fcnstadt zu einem Verkehrsunfall auf der Umgehungsstra\u00dfe B271, bei dem die beiden Unfallbeteiligten verletzt wurden. Eine 26-j\u00e4hrige Frau aus Gr\u00fcnstadt befuhr mit ihrem PKW die B271 in Richtung Bockenheim und wollte an der Anschlussstelle Obers\u00fclzen nach links in Richtung L453 abbiegen. Hierbei \u00fcbersah sie den PKW eines 55-j\u00e4hrigen aus Ha\u00dfloch, der die Bundesstra\u00dfe in entgegengesetzter Richtung befuhr. Beide Fahrzeuge stie\u00dfen beim Abbiegevorgang frontal zusammen und wurden durch die Wucht des Aufpralls gegen einen weiteren PKW geschleudert, der an der Einm\u00fcndung wartete. Fahrerin und Fahrer der Unfallfahrzeuge wurden durch den Aufprall verletzt und nach Erstversorgung vor Ort vom Rettungsdienst zur Versorgung in ein nahegelegenes Krankenhaus gebracht. Beide Fahrzeuge wurden massiv besch\u00e4digt und mit jeweiligem Totalschaden abgeschleppt. F\u00fcr die Dauer der Unfallaufnahme und Bergungsarbeiten musste der Einm\u00fcndungsbereich bis ca. 19 Uhr voll gesperrt werden. Neben Polizei und Rettungsdienst war auch die Feuerwehr Gr\u00fcnstadt im Einsatz um bei den Bergungsma\u00dfnahmen zu unterst\u00fctzen und ausgelaufene Betriebsstoffe zu binden.<\/p>\n\n\n\n<h2 class=\"wp-block-heading\">(Gr\u00fcnstadt) &#8211; Geschwindigkeitskontrollen<\/h2>\n\n\n\n<p>Am Donnerstag, 11.05.2023 zwischen 21:40 Uhr und 23:30 Uhr, wurden in der Weinstra\u00dfe in Gr\u00fcnstadt Geschwindigkeitskontrollen durchgef\u00fchrt. Es passierten ca. 50 Fahrzeuge die Kontrollstelle. Davon konnten sechs Geschwindigkeitsverst\u00f6\u00dfe festgestellt und geahndet werden. Die gemessene H\u00f6chstgeschwindigkeit betrug 67 km\/h.<\/p>\n\n\n\n<h2 class=\"wp-block-heading\">(Wattenheim) &#8211; Zuerst randaliert, dann inhaftiert<\/h2>\n\n\n\n<p>Am Samstag, den 13.05.2023, gegen 14:30 Uhr, teilen Mitarbeiter der Tank und Rastanlage Pfalz in Wattenheim mit, dass ein Gast randalieren und G\u00e4ste bel\u00e4stigen w\u00fcrde. Eine Streife der Autobahnpolizei Ruchheim konnte den Randalierer im Bereich der Tankstelle feststellen. Bei der anschlie\u00dfenden Kontrolle wurde festgestellt, dass gegen den stark alkoholisierten 30-j\u00e4hrigen Mann mehrere Haftbefehle offen waren. Die Person konnte widerstandslos festgenommen werden und wurde in die Justizvollzugsanstalt Frankenthal verbracht.<\/p>\n\n\n\n<h2 class=\"wp-block-heading\">(Altleiningen) &#8211; Zwei Verkehrsunfallfluchten \/ Zeugen gesucht<\/h2>\n\n\n\n<p>In der Zeit von Mittwoch, 10.05.2023 17:00 Uhr bis Donnerstag, 11.05.2023 15:00 Uhr, kam es in der Hauptstra\u00dfe in Altleiningen zu einem Verkehrsunfall. Ein bislang unbekannter Fahrer touchierte beim Vorbeifahren einen am rechten Fahrbahnrand geparkten blauen Peugeot und entfernte sich anschlie\u00dfend von der Unfallstelle, ohne sich um die Schadensregulierung zu k\u00fcmmern.<\/p>\n\n\n\n<p>Am Donnerstag, 11.05.2023 zwischen 16:00 Uhr und 17:00 Uhr, kam es erneut in der Hauptstra\u00dfe in Altleiningen zu einer Verkehrsunfallflucht durch einen unbekannten Unfallverursacher. Hierbei wurde ein wei\u00dfer Land Rover besch\u00e4digt.<\/p>\n\n\n\n<ul>\n<li><strong>Wer hat die Unf\u00e4lle beobachtet oder kann Hinweise zu den gesuchten Autos geben? Sachdienliche Hinweise bitte an die Polizeiinspektion Gr\u00fcnstadt, Telefonnummer 06359 93120 oder per E-Mail&nbsp;<a href=\"mailto:%20pigruenstadt@polizei.rlp.de\">pigruenstadt@polizei.rlp.de<\/a>&nbsp;.<\/strong><\/li>\n<\/ul>\n\n\n\n<h2 class=\"wp-block-heading\">(Hettenleidelheim) &#8211; Gesch\u00e4digter nach Verkehrsunfall gesucht<\/h2>\n\n\n\n<p>Am Donnerstag, 11.05.2023 um 19:20 Uhr, touchierte der Unfallverursacher beim Vorbeifahren einen am rechten Fahrbahnrand geparkten Transporter in der Bahnhofstra\u00dfe in Hettenleidelheim. Aufgrund der \u00d6rtlichkeit musste der Fahrer wenden. Als dieser wieder an der Unfall\u00f6rtlichkeit eintraf, war der Transporter bereits weitergefahren.<\/p>\n\n\n\n<ul>\n<li><strong>Wer hat den Unfall beobachtet oder kann Hinweise zu dem gesuchten Transporter geben? Sachdienliche Hinweise bitte an die Polizeiinspektion Gr\u00fcnstadt, Telefonnummer 06359 93120 oder per E-Mail&nbsp;<a href=\"mailto:%20pigruenstadt@polizei.rlp.de\">pigruenstadt@polizei.rlp.de<\/a>&nbsp;.<\/strong><\/li>\n<\/ul>\n\n\n\n<h2 class=\"wp-block-heading\">(Frankenthal) &#8211; Verkehrsunfall: Mutter und Kind leicht verletzt<a href=\"https:\/\/www.facebook.com\/sharer.php?u=https%3A%2F%2Fwww.presseportal.de%2Fblaulicht%2Fpm%2F117688%2F5507599%2F%3Futm_source%3Dfacebook%26utm_medium%3Dsocial\"><\/a><a href=\"https:\/\/twitter.com\/intent\/tweet?text=POL-PDLU%3A%20Verkehrsunfall%3A%20Mutter%20und%20Kind%20leicht%20verletzt&amp;url=https%3A%2F%2Fwww.presseportal.de%2Fblaulicht%2Fpm%2F117688%2F5507599%2F%3Futm_source%3Dtwitter%26utm_medium%3Dsocial&amp;hashtags=ots&amp;lang=de\"><\/a><a href=\"https:\/\/web.whatsapp.com\/send?text=POL-PDLU%3A%20Verkehrsunfall%3A%20Mutter%20und%20Kind%20leicht%20verletzt%0A%0Ahttps%3A%2F%2Fwww.presseportal.de%2Fblaulicht%2Fpm%2F117688%2F5507599%2F%3Futm_source%3Dwhatsapp%26utm_medium%3Dsocial\"><\/a><a href=\"https:\/\/www.xing.com\/app\/user?op=share;url=https%3A%2F%2Fwww.presseportal.de%2Fblaulicht%2Fpm%2F117688%2F5507599%2F%3Futm_source%3Dxing%26utm_medium%3Dsocial\"><\/a><a href=\"http:\/\/www.linkedin.com\/shareArticle?mini=true&amp;url=https%3A%2F%2Fwww.presseportal.de%2Fblaulicht%2Fpm%2F117688%2F5507599%2F%3Futm_source%3Dlinkedin%26utm_medium%3Dsocial&amp;title=POL-PDLU%3A+Verkehrsunfall%3A+Mutter+und+Kind+leicht+verletzt\"><\/a><a href=\"mailto:?subject=POL-PDLU%3A%20Verkehrsunfall%3A%20Mutter%20und%20Kind%20leicht%20verletzt&amp;body=https:\/\/www.presseportal.de\/blaulicht\/pm\/117688\/5507599\"><\/a><\/h2>\n\n\n\n<p>Am 11.05.2023 kam es gegen 16:00 Uhr in der Karolinenstra\u00dfe in Frankenthal beim r\u00fcckw\u00e4rts Ausparken aus einer Parkl\u00fccke zu einem Verkehrsunfall, bei welchem ein 3-j\u00e4hriges Kind und eine 27-j\u00e4hrige Frau leicht verletzt wurden. Die 73-j\u00e4hrige Fahrerin nahm die Fu\u00dfg\u00e4nger im R\u00fcckspiegel wahr, wollte abbremsen, verwechselte nach eigenen Angaben allerdings das Bremspedal mit dem Gaspedal. Die 27-j\u00e4hrige Frau und ihr Kind wurden vorsorglich in ein Krankenhaus verbracht. Am Fahrzeug der 73-j\u00e4hrigen Fahrerin entstand ein Sachschaden in H\u00f6he von etwa 600 Euro.<\/p>\n\n\n\n<ul>\n<li><strong>Zeugen werden gebeten sich an die Polizeiinspektion Frankenthal unter der Tel.-Nr.: 06233\/313-0 oder an die Polizeiwache Maxdorf unter der Tel.-Nr.: 06237\/934-1100 zu wenden. Gerne nehmen wir Ihre Hinweise auch per E-Mail unter\u00a0<a href=\"mailto:%20pifrankenthal@polizei.rlp.de\">pifrankenthal@polizei.rlp.de<\/a>\u00a0entgegen.<\/strong><\/li>\n<\/ul>\n\n\n\n<h2 class=\"wp-block-heading\">(Ludwigshafen) &#8211; Alkoholisiert auf E-Scooter unterwegs<\/h2>\n\n\n\n<p>Am Sonntag, 14.05.2023, wurde gegen 04:20 Uhr auf dem Berliner Platz in Ludwigshafen ein 23-j\u00e4hriger Fahrer eines E-Scooters einer allgemeinen Verkehrskontrolle unterzogen. Im Rahmen der Verkehrskontrolle konnte bei dem Fahrer deutlicher Atemalkoholgeruch festgestellt werden. Ein freiwilliger Atemalkoholtest ergab einen Wert von 1,23 Promille. Daher wurde dem Mann in der Folge eine Blutprobe entnommen. Ihn erwartet nun ein Strafverfahren wegen Trunkenheit im Stra\u00dfenverkehr. Da der Mann nicht mehr im Besitz einer Fahrerlaubnis ist, musste ihm der F\u00fchrerschein nicht mehr abgenommen werden. Die Polizei weist in diesem Zusammenhang nochmal daraufhin, dass f\u00fcr das F\u00fchren eines E-Scooters, in Bezug auf Alkohol und andere Bet\u00e4ubungsmittel, dieselben Vorschriften und Grenzwerte gelten wie f\u00fcr Fahrer andere Kraftfahrzeuge.<\/p>\n\n\n\n<h2 class=\"wp-block-heading\">(Ludwigshafen) &#8211; Unter BTM-Einfluss auf E-Scooter unterwegs<\/h2>\n\n\n\n<p>Weil die Versicherungsplakette seines E-Scooters abgelaufen war, wurde am Samstag, 13.05.2023, gegen 19:45 Uhr, der 36-j\u00e4hrige Fahrer eines E-Scooters in der Hochfeldstra\u00dfe in Ludwigshafen einer Verkehrskontrolle unterzogen. Im Laufe der Kontrolle konnten bei dem Fahrer drogentypische Auffallerscheinungen festgestellt werden, weshalb dem Mann letztendlich eine Blutprobe entnommen wurde. Ihn erwartet nun eine Ordnungswidrigkeitenanzeige wegen Fahren unter Bet\u00e4ubungsmitteleinfluss. Den fehlenden Versicherungsschutz konnte der Mann nachweisen, er hatte lediglich vergessen, die aktuelle Plakette aufzukleben.<\/p>\n\n\n\n<h2 class=\"wp-block-heading\">(Ludwigshafen) &#8211; R\u00e4uberischer Diebstahl \/ Ladendetektiv mit Getr\u00e4nkedose beworfen<\/h2>\n\n\n\n<p>Am Samstag, den 13.05.2023, gegen 18:00 Uhr, konnte durch den Ladendetektiv eines Supermarktes in der Flomersheimer Stra\u00dfe ein 25-j\u00e4hriger Ladendieb beobachtet werden. Der Beschuldigte bezahlte an der Kasse lediglich einen Teil seines Einkaufes und fl\u00fcchtete zun\u00e4chst von der Tat\u00f6rtlichkeit. Bei seiner Flucht aus dem Supermarkt bewarf der Beschuldigte den Ladendetektiv mit einer Getr\u00e4nkedose und traf diesen hierbei im Bereich des Kopfes. Der Beschuldigte konnte in unmittelbarer N\u00e4he der Tat\u00f6rtlichkeit durch den hinterhereilenden und nur leicht verletzten Detektiv gestellt werden. Bei dem Diebesgut handelt es sich um Lebensmittel im Wert von 20 Euro.<\/p>\n\n\n\n<h2 class=\"wp-block-heading\">(Ludwigshafen) &#8211; Sachbesch\u00e4digung \/ Funkstreifenwagen besch\u00e4digt<\/h2>\n\n\n\n<p>Im Rahmen eines Einsatzes in der Yorckstra\u00dfe wurde am Samstag, den 13.05.2023 zwischen 16:30 Uhr und 18:00 Uhr, durch einen bislang Unbekannten die Windschutzscheibe des Funkstreifenwagens mutwillig besch\u00e4digt. Die Schadensh\u00f6he bel\u00e4uft sich auf ca. 500 Euro.<\/p>\n\n\n\n<ul>\n<li><strong>Zeugen, welche Angaben zum Sachverhalt t\u00e4tigen k\u00f6nnen, werden gebeten sich mit der Polizeiinspektion Ludwigshafen 2 unter der 0621\/9632222 in Verbindung zu setzen.<\/strong><\/li>\n<\/ul>\n\n\n\n<h2 class=\"wp-block-heading\">(Ludwigshafen) &#8211; Exhibitionistische Handlungen im Ebertpark<\/h2>\n\n\n<div class=\"wp-block-image\">\n<figure class=\"aligncenter size-full\"><img decoding=\"async\" loading=\"lazy\" width=\"500\" height=\"1000\" src=\"https:\/\/speyer24news.com\/wp-content\/uploads\/2022\/10\/Exhibitionist.png\" alt=\"\" class=\"wp-image-49838\" srcset=\"https:\/\/speyer24news.com\/wp-content\/uploads\/2022\/10\/Exhibitionist.png 500w, https:\/\/speyer24news.com\/wp-content\/uploads\/2022\/10\/Exhibitionist-150x300.png 150w\" sizes=\"(max-width: 500px) 100vw, 500px\" \/><\/figure><\/div>\n\n\n<p>Durch eine Spazierg\u00e4ngerin konnte am Samstagmorgen gegen 10:30 Uhr ein Exhibitionist im Bereich des Rosengartens des Ludwigshafener Ebertparks festgestellt werden. Noch vor Eintreffen der Polizei entfernte sich die m\u00e4nnliche Person aus dem Ebertpark.<\/p>\n\n\n\n<ul>\n<li><strong>Die Polizei bittet Zeugen, die zur Tataufkl\u00e4rung beitragen k\u00f6nnen, sich bei der Polizeiinspektion Ludwigshafen 2 unter der Tel.: 0621-9632222 oder per E-Mail:&nbsp;<a href=\"mailto:%20piludwigshafen2@polizei.rlp.de\">piludwigshafen2@polizei.rlp.de<\/a>&nbsp;in Verbindung zu setzen.<\/strong><\/li>\n<\/ul>\n\n\n\n<h2 class=\"wp-block-heading\">(Ludwigshafen) &#8211; Verkehrsunfallflucht unter Alkoholeinfluss<\/h2>\n\n\n\n<p>Am Samstag, den 13.05.2023, gegen 03:16 Uhr, befuhr ein 31-J\u00e4hriger Mann mit seinem PKW die Rheinfeldstra\u00dfe in Fahrtrichtung Brunckstra\u00dfe. Hierbei verlor er die Kontrolle \u00fcber sein Fahrzeug und kollidierte mit einem ordnungsgem\u00e4\u00df abgestellten PKW am Fahrbahnrand. Auf Grund der Wucht des Aufpralls wurden mehrere dort abgestellte Fahrzeuge aufeinander geschoben. Im Anschluss setzte der Mann seine Fahrt zun\u00e4chst unbeirrt fort, bevor er seinen schwer besch\u00e4digten PKW abstellte und sich fu\u00dfl\u00e4ufig von der \u00d6rtlichkeit entfernte. Letztlich konnte der Fahrer durch die eingesetzten Beamten im Nahbereich angetroffen und kontrolliert werden. Bei ihm konnte eine Atemalkoholkonzentration von 1,39 Promille festgestellt werden. Weiterhin ist der Mann nicht in Besitz einer g\u00fcltigen Fahrerlaubnis. Dem Mann wurde eine Blutprobe entnommen und die Fahrzeugschl\u00fcssel wurden sichergestellt. Ihn erwarten mehrere Strafanzeigen. Der entstandene Gesamtschaden wird aktuell auf ca. 40.000 Euro gesch\u00e4tzt. Verletzt wurde hierbei niemand.<\/p>\n\n\n\n<h2 class=\"wp-block-heading\">(Ludwigshafen) &#8211; Verkehrsunfall unter Alkoholeinfluss II<\/h2>\n\n\n\n<p>Am Samstag, 13.05.2023, wurde durch eine Funkstreife der Polizeiinspektion 1, gegen 02:05 Uhr, in der Mundenheimer Stra\u00dfe in Ludwigshafen ein auf der Seite liegender PKW festgestellt. Der Fahrer, ein 21-j\u00e4hriger Ludwigshafener, konnte an seinem PKW festgestellt werden. Bei ihm konnte deutlicher Atemalkoholgeruch festgestellt werden. Vermutlich kam es aufgrund der Alkoholisierung des Fahrers zum Zusammensto\u00df mit einem am rechten Fahrbahnrand geparkten PKW, woraufhin der PKW des 21-J\u00e4hrigen auf die Seite gedreht wurde. Der geparkte PKW wurde wiederum auf einen weiteren geparkten PKW geschoben. Dem Fahrer wurde eine Blutprobe entnommen. Sein F\u00fchrerschein wurde sichergestellt. Zwei der drei beteiligten Fahrzeuge waren derart besch\u00e4digt, dass sie abgeschleppt werden mussten. Da zudem Betriebsstoffe ausgelaufen waren, musste die Fahrbahn durch eine Spezialfirma gereinigt werden.<\/p>\n\n\n\n<ul>\n<li><strong>Zeugen des Verkehrsunfalles werden gebeten mit der Polizeiinspektion Ludwigshafen 1 Kontakt aufzunehmen, Tel. 0621 963-2122 oder per E-Mail&nbsp;<a href=\"mailto:%20piludwigshafen1@polizei.rlp.de\">piludwigshafen1@polizei.rlp.de<\/a><\/strong><\/li>\n<\/ul>\n\n\n\n<h2 class=\"wp-block-heading\">(Ludwigshafen) &#8211; Einbruch in Schule<\/h2>\n\n\n\n<p>In der Nacht von Freitag, 12.05.2023 auf Samstag, 13.05.2023 kam es zu einem Einbruch in das Berufsbildungszentrum in der Karlsbader Stra\u00dfe in Ludwigshafen. Bislang unbekannte T\u00e4ter gelangten vermutlich durch das Aufhebeln einer T\u00fcr in das Geb\u00e4ude und durchsuchten dort mehrere R\u00e4umlichkeiten. Was genau alles entwendet wurde steht noch nicht abschlie\u00dfend fest.<\/p>\n\n\n\n<ul>\n<li><strong>Zeugen werden gebeten mit der Polizeiinspektion Ludwigshafen 1 Kontakt aufzunehmen, Tel. 0621 963-2122 oder per E-Mail&nbsp;<a href=\"mailto:%20piludwigshafen1@polizei.rlp.de\">piludwigshafen1@polizei.rlp.de<\/a><\/strong><\/li>\n<\/ul>\n\n\n\n<h2 class=\"wp-block-heading\">(Ludwigshafen) &#8211; M\u00f6gliche Stra\u00dfenverkehrsgef\u00e4hrdung<\/h2>\n\n\n\n<p>Am Freitag, dem 12.05.2023, gegen 16:30 Uhr, wurde auf dem Parkplatz der Eberthalle in der Erzbergerstra\u00dfe ein PKW der Marke Ford gemeldet, welcher mehrfach in gef\u00e4hrdender Art und Weise an Passanten vorbeigefahren sei. Hierbei habe der PKW auch eine \u00e4ltere Dame, welche mit einem Rollator vor Ort unterwegs gewesen sei, \u00e4u\u00dferst knapp passiert. Das Fahrzeug sei abwechselnd durch vier verschiedene Personen genutzt worden, welche nach Eindruck der Mitteilenden das Fahren \u00fcben w\u00fcrden.<\/p>\n\n\n\n<ul>\n<li><strong>Zeugen, welche Angaben zum Sachverhalt, insbesondere bez\u00fcglich der Fahrzeugnutzer und der \u00e4lteren Dame t\u00e4tigen k\u00f6nnen, werden gebeten sich mit der Polizeiinspektion Ludwigshafen 2 unter der 0621\/9632222 in Verbindung zu setzen.<\/strong><\/li>\n<\/ul>\n\n\n\n<h2 class=\"wp-block-heading\">(Ludwigshafen) &#8211; Nachbarn vereiteln Betrugsversuch<\/h2>\n\n\n\n<p>Nachdem ein Ehepaar aus Ludwigshafen am Donnerstagabend (11.05.2023) einen Anruf einer falschen Polizeibeamtin erhielt, wurde ihnen mitgeteilt, dass ihre Tochter bei einem Verkehrsunfall einen Menschen get\u00f6tet habe. Aus diesem Grund solle man nun 18.000 Euro bezahlen, um eine Haftstrafe f\u00fcr die Tochter abzuwenden. Da das Ehepaar nicht genug Bargeld zuhause hatte, wandte sich die 78-j\u00e4hrige Ehefrau an die Nachbarn. Gl\u00fccklicherweise erkannten diese den Betrugsversuch und informierten die Polizei.<\/p>\n\n\n\n<h2 class=\"wp-block-heading\">(Ludwigshafen) &#8211; Vorfahrt missachtet \/ Motorradfahrerin verletzt<\/h2>\n\n\n\n<p>Am Donnerstagnachmittag (11.05.2023), gegen 15:30 Uhr, fuhr ein 78-j\u00e4hriger Autofahrer von dem Parkplatz eines Gesch\u00e4ftes auf die Oderstra\u00dfe auf und missachtete hierbei die Vorfahrt einer auf der Oderstra\u00dfe in Richtung Ruchheimer Stra\u00dfe fahrenden Motorradfahrerin. Die 31-J\u00e4hrige kollidierte mit dem Auto, st\u00fcrzte und verletzte sich leicht. Beide Fahrzeuge waren nicht mehr fahrbereit.<\/p>\n\n\n\n<h2 class=\"wp-block-heading\">(Mannheim) &#8211; Unbekannte besch\u00e4digen Taxi an Haltestelle<\/h2>\n\n\n\n<p>Bislang unbekannte T\u00e4ter warfen in einem noch nicht n\u00e4her verifizierten Zeitraum einen E-Scooter auf die Windschutzscheibe eines geparkten Taxi. An dem VW Touran, welcher am Taxistand des Mannheimer Nationaltheaters geparkt war, entstand Sachschaden in H\u00f6he von ca. 500.- Euro. <\/p>\n\n\n\n<ul>\n<li><strong>Zeugen, welche sachdienliche Hinweise zum Vorfall geben k\u00f6nnen, werden gebeten sich mit dem Polizeirevier Mannheim-Oststadt (Tel. 0621 \/ 3310) in Verbindung zu setzen.<\/strong><\/li>\n<\/ul>\n\n\n\n<h2 class=\"wp-block-heading\">(Mannheim-Neckarstadt) &#8211; 37 Jahre alter Mann wegen des Verdachts des versuchten Totschlags und der gef\u00e4hrlichen K\u00f6rperverletzung in Untersuchungshaft<\/h2>\n\n\n\n<h3 class=\"wp-block-heading\">Gemeinsame Presseerkl\u00e4rung der Staatsanwaltschaft Mannheim und des Polizeipr\u00e4sidiums Mannheim<\/h3>\n\n\n<div class=\"wp-block-image\">\n<figure class=\"aligncenter size-full\"><img decoding=\"async\" loading=\"lazy\" width=\"800\" height=\"533\" src=\"https:\/\/speyer24news.com\/wp-content\/uploads\/2020\/06\/Zelle.jpg\" alt=\"\" class=\"wp-image-28203\" srcset=\"https:\/\/speyer24news.com\/wp-content\/uploads\/2020\/06\/Zelle.jpg 800w, https:\/\/speyer24news.com\/wp-content\/uploads\/2020\/06\/Zelle-300x200.jpg 300w, https:\/\/speyer24news.com\/wp-content\/uploads\/2020\/06\/Zelle-768x512.jpg 768w\" sizes=\"(max-width: 800px) 100vw, 800px\" \/><figcaption class=\"wp-element-caption\">Beispielbild Zelle \/ Verhaftung, dient lediglich der Visualisierung<\/figcaption><\/figure><\/div>\n\n\n<p>Ein 37-j\u00e4hriger kubanischer Staatsangeh\u00f6riger steht im dringenden Verdacht, am Donnerstag, dem 11.05.2023, auf eine 45-j\u00e4hrige Frau mit einem Messer eingestochen zu haben.<\/p>\n\n\n\n<p>Der Tatverd\u00e4chtige geriet zun\u00e4chst mit der Frau, die er nach bisherigen Erkenntnissen fl\u00fcchtig kannte, in einem Caf\u00e9 in der Mittelstra\u00dfe in Streit. Nachdem man das Caf\u00e9 zun\u00e4chst gemeinsam verlassen hatte, begab sich die Frau nach wenigen Minuten erneut in das Lokal, um sich vor dem Tatverd\u00e4chtigen in Sicherheit zu bringen. Dieser soll sie verfolgt und ihr mit einem rund 20 cm langen Messer unvermittelt kr\u00e4ftig in den Bauch gestochen haben. Zudem soll er sie an der Hand verletzt haben. Der verletzten Frau gelang es, sich durch das Hinterhaus auf die Stra\u00dfe zu fl\u00fcchten und bei Passanten um Hilfe zu bitten. Der Tatverd\u00e4chtige, der sich durch das Zustechen selbst schwer an der Hand verletzt hatte, stellte sich in der Folge bei der Polizei auf dem Polizeirevier Mannheim-Neckarstadt.<\/p>\n\n\n\n<p>Die Frau wurde durch den Stich lebensgef\u00e4hrlich verletzt. Sie musste notoperiert werden.<\/p>\n\n\n\n<p>Der Tatverd\u00e4chtige musste aufgrund seiner Verletzung an der Hand ebenfalls operiert werden.<\/p>\n\n\n\n<p>Durch die Staatsanwaltschaft Mannheim wurde daraufhin beim Amtsgericht Mannheim Haftbefehl gegen den 37-J\u00e4hrigen erwirkt. Der Haft- und Ermittlungsrichter des Amtsgerichts Mannheim setzte am Freitag, den 12.05.2023, den Haftbefehl wegen des dringenden Verdachts des versuchten Totschlags in Tateinheit mit gef\u00e4hrlicher K\u00f6rperverletzung antragsgem\u00e4\u00df in Vollzug.<\/p>\n\n\n\n<p>Die Ermittlungen der Staatsanwaltschaft Mannheim und des Kriminalkommissariats Mannheim dauern an.<\/p>\n\n\n\n<h2 class=\"wp-block-heading\">(Mannheim-Jungbusch) &#8211; Brand eines Arbeitskranes<a href=\"https:\/\/www.facebook.com\/sharer.php?u=https%3A%2F%2Fwww.presseportal.de%2Fblaulicht%2Fpm%2F14915%2F5508192%2F%3Futm_source%3Dfacebook%26utm_medium%3Dsocial\"><\/a><a href=\"https:\/\/twitter.com\/intent\/tweet?text=POL-MA%3A%20Mannheim-Jungbusch%3A%20Brand%20eines%20Arbeitskranes%20-%20PM%20Nr.%201&amp;url=https%3A%2F%2Fwww.presseportal.de%2Fblaulicht%2Fpm%2F14915%2F5508192%2F%3Futm_source%3Dtwitter%26utm_medium%3Dsocial&amp;hashtags=ots&amp;lang=de\"><\/a><a href=\"https:\/\/web.whatsapp.com\/send?text=POL-MA%3A%20Mannheim-Jungbusch%3A%20Brand%20eines%20Arbeitskranes%20-%20PM%20Nr.%201%0A%0Ahttps%3A%2F%2Fwww.presseportal.de%2Fblaulicht%2Fpm%2F14915%2F5508192%2F%3Futm_source%3Dwhatsapp%26utm_medium%3Dsocial\"><\/a><a href=\"https:\/\/www.xing.com\/app\/user?op=share;url=https%3A%2F%2Fwww.presseportal.de%2Fblaulicht%2Fpm%2F14915%2F5508192%2F%3Futm_source%3Dxing%26utm_medium%3Dsocial\"><\/a><a href=\"http:\/\/www.linkedin.com\/shareArticle?mini=true&amp;url=https%3A%2F%2Fwww.presseportal.de%2Fblaulicht%2Fpm%2F14915%2F5508192%2F%3Futm_source%3Dlinkedin%26utm_medium%3Dsocial&amp;title=POL-MA%3A+Mannheim-Jungbusch%3A+Brand+eines+Arbeitskranes+-+PM+Nr.+1\"><\/a><a href=\"mailto:?subject=POL-MA%3A%20Mannheim-Jungbusch%3A%20Brand%20eines%20Arbeitskranes%20-%20PM%20Nr.%201&amp;body=https:\/\/www.presseportal.de\/blaulicht\/pm\/14915\/5508192\"><\/a><\/h2>\n\n\n\n<p>Aktuell (13.05.2023 \u2013 01:02) kommt es im Mannheimer Stadtteil Jungbusch im \u00dcbergang von der Hafenstra\u00dfe zum Parkring zu einem Brand eines Arbeitskranes. Polizei, Feuerwehr und Rettungsdienst sind im Einsatz. Die Einsatzstelle ist im Bereich Hafenstra\u00dfe \/ Parkring gesperrt. Es wird nachberichtet.<\/p>\n\n\n\n<h3 class=\"wp-block-heading has-text-align-center\">Pressemeldung Nr. 2<\/h3>\n\n\n\n<p>Nachdem ein alter Arbeitskran auf einem Betriebsgel\u00e4nde im Mannheimer Hafen im Bereich der Hafenstra\u00dfe \/ des Parkringes in Brand geraten ist, sind die L\u00f6scharbeiten der Feuerwehr Mannheim abgeschlossen, die Fahrbahnsperrungen sind wieder aufgehoben. Die Schadensh\u00f6he kann aktuell noch nicht beziffert werden. Die Brandursache ist aktuell Gegenstand der Ermittlungen der Wasserschutzpolizei Mannheim sowie des Kriminaldauerdienstes.<\/p>\n\n\n\n<h2 class=\"wp-block-heading\">(Mannheim-Vogelstang) &#8211; Mehrere Keller eines Mehrfamilienhauses aufgebrochen \/ Zeugen gesucht<\/h2>\n\n\n\n<p>Bislang unbekannte T\u00e4ter brachen im Zeitraum zwischen Donnerstag den 11.05.2023 bis Freitag den 12.05.2023 mehrere Kellerverschl\u00e4ge eines Mehrfamilienhauses im Rostocker Weg auf. Hierzu gelangten die Unbekannten auf bislang unbekannte Art und Weise in das Kellergeschoss des Anwesens. Nach derzeitigem Ermittlungsstand wurden f\u00fcnf aufgebrochene Kellerverschl\u00e4ge festgestellt. Die H\u00f6he des Schadens kann bislang noch nicht beziffert werden. Das Polizeirevier K\u00e4fertal hat die Ermittlungen aufgenommen. <\/p>\n\n\n\n<ul>\n<li><strong>Zeugen und\/oder Anwohner, die im fraglichen Zeitraum verd\u00e4chtige Wahrnehmungen gemacht haben, werden gebeten, Kontakt mit diesem, Tel.: 0621\/71849-0, aufzunehmen.<\/strong><\/li>\n<\/ul>\n\n\n\n<h2 class=\"wp-block-heading\">(Heidelberg) &#8211; Versammlung durch die Heidelberger Innenstadt<\/h2>\n\n\n\n<p>Am fr\u00fchen Freitagabend kam es aufgrund einer Versammlung durch die Heidelberger Innenstadt zu kurzzeitigen Verkehrsbehinderungen im Bereich der Bergheimer Stra\u00dfe in Richtung Bismarckplatz. Hierbei liefen bis zu 20 Versammlungsteilnehmer in der Zeit von 16.40 bis kurz nach 18.00 Uhr teilweise auf der Fahrbahn der Bergheimer Stra\u00dfe. Bis zum Erreichen des Bismarckplatzes wurde die Versammlung polizeilich begleitet und der Verkehr umgeleitet. Die Versammlung wurde kurz nach 18.30 Uhr auf dem Bismarckplatz beendet und die Verkehrssituation normalisierte sich.<\/p>\n\n\n\n<h2 class=\"wp-block-heading\">(Heidelberg-Altstadt) &#8211; K\u00f6rperliche Auseinandersetzung \/ Radfahrer zeigt Zivilcourage<\/h2>\n\n\n\n<p>K\u00f6rperlich angegangen wurde eine 25-J\u00e4hrige Frau bereits am Montag gegen 16 Uhr in der Friedrich-Ebert-Anlage. Die 25-J\u00e4hrige war gemeinsam mit einer Freundin in der Friedrich-Ebert-Anlage unterwegs, als sie auf H\u00f6he der Schie\u00dftorstra\u00dfe auf eine 31-J\u00e4hrige Frau und deren 21-J\u00e4hrigen Begleiter, welche der jungen Frau bekannt sind, trafen. Unvermittelt schlug die 31-J\u00e4hrge die 25-J\u00e4hrige mit der Faust ins Gesicht und ging sie anschlie\u00dfend weiter k\u00f6rperlich an. Der 21-J\u00e4hrige Begleiter verhinderte, dass der Frau von ihrer Freundin geholfen werden konnte. Erst durch das Einschreiten eines bislang unbekannten Fahrradfahrers wurde die Auseinandersetzung unterbunden, die beiden Beschuldigten fl\u00fcchteten anschlie\u00dfend mit dem Auto. Die 25-J\u00e4hrige trug leichte Verletzung davon.<\/p>\n\n\n\n<ul>\n<li><strong>Zeugen, insbesondere der Radfahrer, welcher die Situation entsch\u00e4rfen konnte, werden gebeten sich beim Polizeirevier Heidelberg-Mitte, unter der Telefonnummer 06221-18570, zu melden.<\/strong><\/li>\n<\/ul>\n\n\n\n<h2 class=\"wp-block-heading\">(Heidelberg-Weststadt) &#8211; Betrunkene Ford Fahrerin mit 1,74 Promille unterwegs<\/h2>\n\n\n\n<p>Am fr\u00fchen Samstagmorgen, gegen 03.25 Uhr, unterzog eine Streife des Polizeireviers Heidelberg-Mitte eine 21-j\u00e4hrigen Fahrerin eines Ford, die die Kurf\u00fcrstenanlage befuhr, einer Verkehrskontrolle. Im Verlauf der Kontrolle bemerkten die Beamten bei der Frau, dass diese erheblich nach Alkohol roch. Ein Atemalkoholtest f\u00f6rderte einen Atemalkoholwert von 1,74 Promille zu Tage. Der 21-J\u00e4hrigen wurde eine Blutprobe entnommen. Ihr F\u00fchrerschein blieb bei den Akten und sie muss sich nun wegen der Trunkenheit im Verkehr verantworten.<\/p>\n\n\n\n<h2 class=\"wp-block-heading\">(Plankstadt \/ Rhein-Neckar-Kreis) &#8211; T\u00f6dlicher Verkehrsunfall auf der Kreisstra\u00dfe 4147<\/h2>\n\n\n<div class=\"wp-block-image\">\n<figure class=\"aligncenter size-full\"><img decoding=\"async\" loading=\"lazy\" width=\"800\" height=\"533\" src=\"https:\/\/speyer24news.com\/wp-content\/uploads\/2021\/01\/Ruhe-in-Frieden.jpg\" alt=\"\" class=\"wp-image-32361\" srcset=\"https:\/\/speyer24news.com\/wp-content\/uploads\/2021\/01\/Ruhe-in-Frieden.jpg 800w, https:\/\/speyer24news.com\/wp-content\/uploads\/2021\/01\/Ruhe-in-Frieden-300x200.jpg 300w, https:\/\/speyer24news.com\/wp-content\/uploads\/2021\/01\/Ruhe-in-Frieden-768x512.jpg 768w\" sizes=\"(max-width: 800px) 100vw, 800px\" \/><\/figure><\/div>\n\n\n<p>Am Sonntagmorgen kam es gegen 09.40 Uhr auf der Kreisstra\u00dfe 4147 zwischen Plankstadt und Wieblingen zu einem Unfall zwischen einem PKW und einem Radfahrer. Nach derzeitigem Stand der Ermittlungen \u00fcbersah der 81-j\u00e4hrige Radfahrer beim Queren der Kreisstra\u00dfe bzw. beim Einbiegen in selbige den von Plankstadt in Richtung Eppelheim fahrenden und mit zwei Personen besetzten VW Golf eines 41-J\u00e4hrigen, wurde von ihm erfasst und zu Boden geschleudert. Trotz sofort eingeleiteter Rettungsma\u00dfnahmen verstarb der Radfahrer noch an der Unfallstelle. Die K 4147 war w\u00e4hrend der Unfallaufnahme bis 13.10 Uhr voll gesperrt. Der Verkehr wurde \u00f6rtlich abgeleitet. Der Verkehrsdienst Mannheim hat die Ermittlungen zur Unfallursache aufgenommen. Nach Einbindung der Staatsanwaltschaft Mannheim wurde zudem ein Sachverst\u00e4ndiger hinzugezogen.<\/p>\n\n\n\n<h2 class=\"wp-block-heading\">(A 5 \/ Walldorf \/ Rhein-Neckar-Kreis) &#8211; Verkehrsrowdy auf zwei R\u00e4dern \/ Polizei sucht Zeugen<\/h2>\n\n\n\n<p>Am Samstag, gegen 11:15 Uhr, befuhr ein 40-J\u00e4hriger mit seinem Mercedes die BAB 5 in Fahrtrichtung Heidelberg. Nach der Anschlussstelle Walldorf\/Wiesloch wollte er ein anderes Fahrzeug \u00fcberholen und befuhr hierf\u00fcr den linken Fahrstreifen. Ein mit hoher Geschwindigkeit heranfahrendes schwarzes Motorrad versuchte den 40-J\u00e4hrigen zun\u00e4chst rechts zu \u00fcberholen, was aufgrund der gegebenen Verkehrslage allerdings nicht m\u00f6glich war. Daraufhin ordnete sich der Motorradfahrer hinter den Pkw-Fahrer ein und bet\u00e4tigte mehrfach die Lichthupe. Im weiteren Verlauf setzte sich der Motorradfahrer auf dem rechten Fahrstreifen neben den Mercedes und zeigte dem Fahrer den Mittelfinger. Danach verringerte er den Abstand zu dem Gesch\u00e4digten und schlug mit der Faust gegen dessen Au\u00dfenspiegel. Dieser klappte dadurch ein und das Spiegelglas sprang. Von dem Motorrad ist ein Teilkennzeichen mit Heidelberger Zulassung bekannt. <\/p>\n\n\n\n<ul>\n<li><strong>Der Fahrer trug einen schwarzen Motorradhelm mit Applikationen, eine olivgr\u00fcne Blouson-Jacke sowie eine schwarze Hose mit Tarnmuster. <\/strong><\/li>\n\n\n\n<li><strong>Er war ca. 170cm gro\u00df, hatte eine sportliche Figur und auff\u00e4llige T\u00e4towierungen am Hals.<\/strong><\/li>\n<\/ul>\n\n\n\n<ul>\n<li><strong>Zeugen, die sachdienliche Hinweise geben k\u00f6nnen, werden gebeten sich beim Verkehrsdienst Walldorf, unter der Telefonnummer 06227\/35826-0, zu melden.<\/strong><\/li>\n<\/ul>\n\n\n\n<h2 class=\"wp-block-heading\">(A 6 \/ Walldorf \/ Rhein-Neckar-Kreis) &#8211; Ohne F\u00fchrerschein auf der Autobahn unterwegs<\/h2>\n\n\n\n<p>Am Donnerstag kontrollierte kurz nach 11 Uhr eine Fahndungsstreife der Verkehrspolizei einen 37-j\u00e4hrigen Mann, der mit seinem VW auf der A6 in Richtung Heilbronn unterwegs war. Als er nach seinen Papieren gefragt wurde, konnte er keinen F\u00fchrerschein vorzeigen. Angeblich, weil das Dokument verloren gegangen sei. Zudem habe er diesen im Ausland erworben, weswegen die Wiederbeschaffung l\u00e4nger dauere. Es zeigte sich aber, dass die ganze Geschichte erfunden war. Der 37-J\u00e4hrige hatte seine deutsche Fahrerlaubnis schon vor Jahren entzogen bekommen und besitzt auch keine andere.<\/p>\n\n\n\n<p>Der Mann muss nun mit einer Anzeige wegen Fahren ohne Fahrerlaubnis rechnen. Weiterfahren durfte er nat\u00fcrlich auch nicht.<\/p>\n\n\n\n<h2 class=\"wp-block-heading\">(Hockenheim \/ Rhein-Neckar-Kreis) &#8211; Autofahrerin verursacht Unfall mit 85.000 EUR Sachschaden<\/h2>\n\n\n\n<p>Bei einem Verkehrsunfall am Mittwoch gegen 15:00 Uhr kam es auf der L722 zum frontalen Zusammensto\u00df zwischen zwei Pkw. Aus ungekl\u00e4rter Ursache \u00fcbersah die Linksabbiegerin das geradeausfahrende Fahrzeug. Die Fahrzeuge wurden massiv besch\u00e4digt. Es entstand ein Sachschaden in H\u00f6he von 85.000 Euro. Vor Ort waren zun\u00e4chst keine Verletzungen bekannt. Nachdem die Unfallstelle ger\u00e4umt war, konnte diese nach vier Stunden wieder freigegeben werden.<\/p>\n\n\n\n<h2 class=\"wp-block-heading\">(Neulu\u00dfheim \/ Rhein-Neckar-Kreis) &#8211; Einbruch in zwei Wohnungen \/ Zeugen gesucht!<\/h2>\n\n\n\n<p>In der Albert-Schweitzer-Stra\u00dfe in Neulu\u00dfheim verschaffte sich eine bislang unbekannte T\u00e4terschaft am Donnerstag zwischen 14:20 Uhr und 18:05 Uhr Zutritt in zwei Wohnungen und entwendete nach jetzigem Kenntnisstand Schmuck und mehrere M\u00fcnzen. Die Schadensh\u00f6he ist derzeit unbekannt.<\/p>\n\n\n\n<p>Ersten Ermittlungen zufolge gelangte die unbekannte T\u00e4terschaft \u00fcber unverschlossene (nur zugezogene) Wohnungst\u00fcren in die R\u00e4umlichkeiten. Innerhalb der R\u00e4umlichkeiten konnten Spuren gesichert werden. Die Spuren werden derzeit kriminaltechnisch ausgewertet.<\/p>\n\n\n\n<ul>\n<li><strong>Zeugen, die verd\u00e4chtige Beobachtungen gemacht haben, werden gebeten, sich telefonisch unter der Nummer 06205 31129 zu melden.<\/strong><\/li>\n<\/ul>\n\n\n\n<h2 class=\"wp-block-heading\">(A 6 \/ Dielheim \/ Rhein-Neckar-Kreis) &#8211; Schwerer Unfall auf der A6 mit drei beteiligten Fahrzeugen<\/h2>\n\n\n\n<p>In der Nacht von Donnerstag auf Freitag kam es um kurz vor 1 Uhr zu einem Unfall mit einem Schwerverletzten. Aus bislang unbekannter Ursache verlor der 18-j\u00e4hrige Fahrer eines Alfa-Romeo, der auf der linken Spur in Richtung Heilbronn unterwegs gewesen war, die Kontrolle \u00fcber sein Fahrzeug. Auf regennasser Fahrbahn geriet er ins Schleudern und f\u00e4hrt zun\u00e4chst links gegen die Betonleitwand. Von dieser wurde er nach rechts abgewiesen und prallt so auf das Heck eines Kleinlasters, welcher auf der mittleren Spur fuhr. Dann kollidierte der Alf-Romeo mit der Leitplanke auf der rechten Fahrbahnseite, kippte auf das Dach und rutscht \u00fcber alle drei Fahrstreifen hinweg bis er nach knapp 100 m zum Stehen kommt. Der Kleinlaster wiederum ger\u00e4t durch die Wucht des Zusammensto\u00dfes ebenfalls ins Schleudern. Er prallt zun\u00e4chst links gegen die Betonleitwand um dann auf der rechten Spur einen Sattelzug zu touchieren. Durch die mehrfachen Kollisionen entstand ein gro\u00dfes Tr\u00fcmmerfeld, das alle drei Fahrspuren umfasste und eine mehrst\u00fcndige Vollsperrung der Autobahn nach sich zog. Der 18-J\u00e4hrige wurde schwer verletzt in eine Klinik gebracht. Der Fahrer des Kleinlasters blieb wie durch ein Wunder unverletzt. Der Gesamtschaden des Unfalls wird auf knapp 60.000 Euro gesch\u00e4tzt.<\/p>\n\n\n\n<p>Die Polizei nahm die Ermittlung hinsichtlich der genauen Unfallursache auf.<\/p>\n\n\n\n<h2 class=\"wp-block-heading\">(Sinsheim \/ Rhein-Neckar-Kreis) &#8211; Pkw kommt von Fahrbahn ab und verletzt sich schwer<a href=\"https:\/\/www.facebook.com\/sharer.php?u=https%3A%2F%2Fwww.presseportal.de%2Fblaulicht%2Fpm%2F14915%2F5508263%2F%3Futm_source%3Dfacebook%26utm_medium%3Dsocial\"><\/a><a href=\"https:\/\/twitter.com\/intent\/tweet?text=POL-MA%3A%20Sinsheim%20%2F%20Rhein-Neckar-Kreis%3A%20Pkw%20kommt%20von%20Fahrbahn%20ab%20-%20PM%20Nr.1&amp;url=https%3A%2F%2Fwww.presseportal.de%2Fblaulicht%2Fpm%2F14915%2F5508263%2F%3Futm_source%3Dtwitter%26utm_medium%3Dsocial&amp;hashtags=ots&amp;lang=de\"><\/a><a href=\"https:\/\/web.whatsapp.com\/send?text=POL-MA%3A%20Sinsheim%20%2F%20Rhein-Neckar-Kreis%3A%20Pkw%20kommt%20von%20Fahrbahn%20ab%20-%20PM%20Nr.1%0A%0Ahttps%3A%2F%2Fwww.presseportal.de%2Fblaulicht%2Fpm%2F14915%2F5508263%2F%3Futm_source%3Dwhatsapp%26utm_medium%3Dsocial\"><\/a><a href=\"https:\/\/www.xing.com\/app\/user?op=share;url=https%3A%2F%2Fwww.presseportal.de%2Fblaulicht%2Fpm%2F14915%2F5508263%2F%3Futm_source%3Dxing%26utm_medium%3Dsocial\"><\/a><a href=\"http:\/\/www.linkedin.com\/shareArticle?mini=true&amp;url=https%3A%2F%2Fwww.presseportal.de%2Fblaulicht%2Fpm%2F14915%2F5508263%2F%3Futm_source%3Dlinkedin%26utm_medium%3Dsocial&amp;title=POL-MA%3A+Sinsheim+%2F+Rhein-Neckar-Kreis%3A+Pkw+kommt+von+Fahrbahn+ab+-+PM+Nr.1\"><\/a><a href=\"mailto:?subject=POL-MA%3A%20Sinsheim%20%2F%20Rhein-Neckar-Kreis%3A%20Pkw%20kommt%20von%20Fahrbahn%20ab%20-%20PM%20Nr.1&amp;body=https:\/\/www.presseportal.de\/blaulicht\/pm\/14915\/5508263\"><\/a><\/h2>\n\n\n\n<p>Am 13.05.23 gegen 08.25 Uhr kam es auf der K4176 zwischen Eschelbach und Hoffenheim zu einem Verkehrsunfall. Nach derzeitigen Erkenntnissen kam ein Pkw alleinbeteiligt von der Fahrbahn ab und kollidierte mit einem Baum. Feuerwehr, Polizei und Rettungsdienst befinden sich derzeit auf Anfahrt zum Unfallort. Es wird nachberichtet.<\/p>\n\n\n\n<h3 class=\"wp-block-heading has-text-align-center\">Pressemeldung Nr. 2<\/h3>\n\n\n\n<p>Wie bereits berichtet kam es Samstagmorgen, gegen 08:25 Uhr, auf der K4176 zwischen Eschelbach und Hoffenheim zu einem schweren Verkehrsunfall.<\/p>\n\n\n\n<p>Nach derzeitigem Ermittlungsstand kam ein 69-j\u00e4hriger Peugeot-Fahrer aus unbekannten Gr\u00fcnden alleinbeteiligt nach rechts von der Fahrbahn ab und kollidierte frontal mit einem Baum. Durch die Wucht der Kollision wurde er im Fahrzeug eingeklemmt und musste durch die Freiwillige Feuerwehr Eschelbach, welche mit 15 Einsatzkr\u00e4fte vor Ort war, aus dem Auto geborgen werden. Er wurde mit schweren Verletzungen in ein Krankenhaus gebracht.<\/p>\n\n\n\n<p>F\u00fcr die Dauer der Verkehrsunfallaufnahme musste die K 4176 f\u00fcr die Dauer von ca. einer Stunde in beiden Fahrtrichtungen gesperrt werden. Gr\u00f6\u00dfere Verkehrsbeeintr\u00e4chtigungen blieben aus.<\/p>\n\n\n\n<p>Der entstandene Schaden wird auf ca. 7.000 Euro gesch\u00e4tzt.<\/p>\n\n\n\n<p>Die Ermittlungen zur genauen Unfallursache hat der Verkehrsdienst Heidelberg, Au\u00dfenstelle Walldorf, \u00fcbernommen.<\/p>\n\n\n\n<h2 class=\"wp-block-heading\">(Sinsheim \/ Rhein-Neckar-Kreis) &#8211; Diebstahl auf Friedhof \/ Polizei sucht Zeugen<\/h2>\n\n\n\n<p>Ein bislang unbekannter T\u00e4ter entwendete auf dem Friedhof in Sinsheim-Ehrst\u00e4dt in der Zeit vom 07.05.2023 bis 12.05.2023 zwei goldene Eheringe, welche in einen Grabstein eingelassen waren. Mit einem unbekannten Werkzeug wurden die Ringe herausgebrochen und der Grabstein besch\u00e4digt. In die Ringe war das Hochzeitsdatum der Verstorbenen eingraviert. Die H\u00f6he des Sachschadens konnte bisher nicht genauer beziffert werden. <\/p>\n\n\n\n<ul>\n<li><strong>Zeugen, welche sachdienliche Hinweise zum Vorfall geben k\u00f6nnen, werden gebeten sich mit dem Polizeirevier Sinsheim (Tel. 07261 \/ 6900) in Verbindung zu setzen.<\/strong><\/li>\n<\/ul>\n\n\n\n<h2 class=\"wp-block-heading\">(Neidenstein \/ Rhein-Neckar-Kreis) &#8211; Vorfahrt missachtet \/ zwei Leichtverletzte<\/h2>\n\n\n\n<p>An der Einm\u00fcndung der K 4281 zur L 549 kam es am Samstagmittag, gegen 14:00 Uhr, zu einem Verkehrsunfall zwischen einem Pkw und einem Motorrad. Die 18-j\u00e4hrige Fahrerin eines VWs befuhr die K 4281 von Daisbach kommend in Richtung L 549. An der Einm\u00fcndung auf die L 549 bog sie in Richtung Neidenstein ab und missachtete die Vorfahrt des 20-j\u00e4hrigen Motorradfahrers der in Richtung Waibstadt unterwegs war. Es kam zur Kollision, wobei der 20-J\u00e4hrige \u00fcber das Fahrzeugdach des VWs geschleudert wurde. Er wurde dadurch leicht verletzt und noch vor Ort durch einen Rettungsdienst versorgt und anschlie\u00dfend in eine Klinik eingeliefert. Die Unfallverursacherin erlitt ebenfalls leichte Verletzungen, verzichtete aber auf einen Transport in ein Krankenhaus. Beide Fahrzeuge waren nicht mehr fahrbereit und mussten abgeschleppt werden. Im Einsatz befanden sich die Freiwillige Feuerwehr Neidenstein, der Rettungsdienst sowie eine Streife des Polizeireviers Wiesloch. Gegen die 20-J\u00e4hrige wird nun wegen fahrl\u00e4ssiger K\u00f6rperverletzung ermittelt.<\/p>\n\n\n\n<h2 class=\"wp-block-heading\">(K 4200 \/ Neckargem\u00fcnd \/ Rhein-Neckar-Kreis) &#8211; Verunfalltes Motorrad ger\u00e4t in Brand<\/h2>\n\n\n\n<p>Am Freitagmorgen, gegen 07:45 Uhr verlor ein Motorradfahrer aus bislang ungekl\u00e4rter Ursache in der Neckargem\u00fcnder Stra\u00dfe (K4200) zwischen Rainbach und Dilsberg die Kontrolle \u00fcber sein Motorrad und st\u00fcrzte in Folge. Unmittelbar danach fing das Motorrad Feuer. Aufgrund der L\u00f6scharbeiten der Feuerwehr wurde die Stra\u00dfe f\u00fcr kurze Zeit voll gesperrt. Nach den Bergungs- und Reinigungsarbeiten konnte die Stra\u00dfe um 08:20 Uhr wieder freigegeben werden. Bei dem Sturz zog sich der Motorradfahrer leichte Verletzungen zu und wurde durch einen Rettungsdienst medizinisch versorgt. \u00dcber das Schadensbild kann derzeit noch keine Auskunft gegeben werden.<\/p>\n\n\n\n<h2 class=\"wp-block-heading\">(Sch\u00f6nau \/ Rhein-Neckar-Kreis) &#8211; Mit Auto gegen Hauswand \/ Fahrerin leicht verletzt<\/h2>\n\n\n\n<p>Aus bislang noch unbekannter Ursache kam am Donnerstag, kurz nach 14:30 Uhr, eine 58-j\u00e4hrige Fiat-Fahrerin in der Altneudorfer Stra\u00dfe nach links von der Fahrbahn ab und kollidiert seitlich mit einer Hauswand. An der Fassade entstand ein langer Streifschaden, am Fiat ein Totalschaden. Das Auto musste abgeschleppt werden. Die 58-J\u00e4hrige wurde zum Gl\u00fcck nur leicht verletzt.<\/p>\n\n\n\n<p>Die Polizei leitete die Ermittlungen hinsichtlich der Unfallursache ein. Der F\u00fchrerschein der Frau wurde beschlagnahmt.<\/p>\n\n\n\n<h2 class=\"wp-block-heading\">(Eppelheim \/ Rhein-Neckar-Kreis) &#8211; Pkw-Aufbruchserie \/ Zeugen gesucht!<\/h2>\n\n\n\n<p>In der Nacht von Mittwoch auf Donnerstag wurden von vier Pkws in der Hauptstra\u00dfe die Seitenscheiben eingeschlagen. Der bisher unbekannte T\u00e4ter erbeutete lediglich 20 Euro Bargeld. Der genaue Sachschaden an den Fahrzeugen ist derzeit nicht bekannt. Das Polizeirevier Heidelberg-S\u00fcd hat die Ermittlungen wegen besonders schweren Falls des Diebstahls aufgenommen.<\/p>\n\n\n\n<ul>\n<li><strong>Zeugen, welche sachdienliche Hinweise zur Tat machen k\u00f6nnen, werden gebeten, die Polizei unter 06221 34180 zu informieren.<\/strong><\/li>\n<\/ul>\n\n\n\n<h2 class=\"wp-block-heading\">(Ladenburg \/ Rhein-Neckar-Kreis) &#8211; Verkehrsunfall auf der L597 mit verletztem Motorradfahrer<\/h2>\n\n\n\n<p>Aufgrund eines Verkehrsunfalles ist die L597 zwischen Wallstadt und Ladenburg aktuell gesperrt. Polizei und Rettungsdienst befinden sich im Einsatz. Es wird nachberichtet.<\/p>\n\n\n\n<h3 class=\"wp-block-heading has-text-align-center\">Pressemeldung Nr. 2<\/h3>\n\n\n\n<p>Nach dem Verkehrsunfall auf der L 597 zwischen Mannheim-Wallstadt und Ladenburg ist die Verkehrssperrung mittlerweile aufgehoben, die Unfallaufnahme vor Ort beendet, die Fahrbahn ist somit wieder frei. Das Motorrad des Verletzten musste durch eine Fachfirma abgeschleppt werden. Der Motorradfahrer wurde in ein umliegendes Krankenhaus eingeliefert. Die Unfallursache ist bislang nicht bekannt, ebenso die Schadensh\u00f6he oder das Verletzungsbild des Verletzten. Der Verkehrsdienst Mannheim hat die Ermittlungen \u00fcbernommen.<\/p>\n\n\n\n<h2 class=\"wp-block-heading\">(Ladenburg \/ Rhein-Neckar-Kreis) &#8211; Radfahrer st\u00f6\u00dft mit LKW zusammen und verletzt sich schwer<a href=\"https:\/\/www.facebook.com\/sharer.php?u=https%3A%2F%2Fwww.presseportal.de%2Fblaulicht%2Fpm%2F14915%2F5507318%2F%3Futm_source%3Dfacebook%26utm_medium%3Dsocial\"><\/a><a href=\"https:\/\/twitter.com\/intent\/tweet?text=POL-MA%3A%20Ladenburg%2F%20Rhein-Neckar-Kreis%3A%20Radfahrer%20st%C3%B6%C3%9Ft%20mit%20LKW%20zusammen%20und%20verletzt%20sich%20schwer.%20PM%201&amp;url=https%3A%2F%2Fwww.presseportal.de%2Fblaulicht%2Fpm%2F14915%2F5507318%2F%3Futm_source%3Dtwitter%26utm_medium%3Dsocial&amp;hashtags=ots&amp;lang=de\"><\/a><a href=\"https:\/\/web.whatsapp.com\/send?text=POL-MA%3A%20Ladenburg%2F%20Rhein-Neckar-Kreis%3A%20Radfahrer%20st%C3%B6%C3%9Ft%20mit%20LKW%20zusammen%20und%20verletzt%20sich%20schwer.%20PM%201%0A%0Ahttps%3A%2F%2Fwww.presseportal.de%2Fblaulicht%2Fpm%2F14915%2F5507318%2F%3Futm_source%3Dwhatsapp%26utm_medium%3Dsocial\"><\/a><a href=\"https:\/\/www.xing.com\/app\/user?op=share;url=https%3A%2F%2Fwww.presseportal.de%2Fblaulicht%2Fpm%2F14915%2F5507318%2F%3Futm_source%3Dxing%26utm_medium%3Dsocial\"><\/a><a href=\"http:\/\/www.linkedin.com\/shareArticle?mini=true&amp;url=https%3A%2F%2Fwww.presseportal.de%2Fblaulicht%2Fpm%2F14915%2F5507318%2F%3Futm_source%3Dlinkedin%26utm_medium%3Dsocial&amp;title=POL-MA%3A+Ladenburg%2F+Rhein-Neckar-Kreis%3A+Radfahrer+st%C3%B6%C3%9Ft+mit+LKW+zusammen+und+verletzt+sich+schwer.+PM+1\"><\/a><a href=\"mailto:?subject=POL-MA%3A%20Ladenburg%2F%20Rhein-Neckar-Kreis%3A%20Radfahrer%20st%C3%B6%C3%9Ft%20mit%20LKW%20zusammen%20und%20verletzt%20sich%20schwer.%20PM%201&amp;body=https:\/\/www.presseportal.de\/blaulicht\/pm\/14915\/5507318\"><\/a><\/h2>\n\n\n\n<p>Am Freitag kam es gegen 07:30 Uhr in der Industriestra\u00dfe zu einem Unfall zwischen einem Radfahrer und einem LKW. Nach ersten Erkenntnissen \u00f6ffnete der LKW-Fahrer die Fahrert\u00fcr und der Radfahrer fuhr ungebremst dagegen. Dabei wurde dieser schwer verletzt. Ein Notarzt und ein Rettungshubschrauber wurden angefordert.<\/p>\n\n\n\n<h2 class=\"wp-block-heading\">(A 659 \/ Weinheim \/ Rhein-Neckar-Kreis) &#8211; Verkehrsunfall mit verletztem Motorradfahrer<\/h2>\n\n\n\n<p>Aktuell (12.05.2023 \u2013 19:18) befinden sich Einsatzkr\u00e4fte von Rettungsdienst, Feuerwehr und Polizei auf der BAB 659, Viernheim Richtung Weinheim, am AK Weinheim, bei einem Verkehrsunfall mit Personenschaden im Einsatz. Nach ersten Feststellungen ist ein Motorradfahrer am Verkehrsunfall beteiligt, der verletzt wurde. Der Verkehr kann derzeit an der Unfallstelle vorbeigef\u00fchrt werden. Weitere Informationen liegen aktuell nicht vor. Es wird nachberichtet.<\/p>\n\n\n\n<h3 class=\"wp-block-heading has-text-align-center\">Pressemeldung Nr. 2<\/h3>\n\n\n\n<p>Wie bereits berichtet, ereignete sich am Freitagabend, kurz nach 18.30 Uhr, ein Verkehrsunfall mit Personenschaden auf der BAB 659. Hierbei geriet ein 26-j\u00e4hriger Motorradfahrer alleinbeteiligt aus noch unbekannter Ursache nach links von der Fahrbahn ab und kollidierte mit der Betongleitwand. Bei der Kollision und dem anschlie\u00dfenden Sturz wurde der 26-J\u00e4hrige schwer, aber nicht lebensgef\u00e4hrlich verletzt. Er wurde zur Behandlung in ein Krankenhaus eingeliefert. F\u00fcr die Dauer der Unfallaufnahme wurde der Verkehr an der Unfallstelle vorbeigef\u00fchrt. Es kam zu geringf\u00fcgigen Verkehrsbehinderungen. Der entstandene Sachschaden wird auf 2000EUR gesch\u00e4tzt.<\/p>\n\n\n\n<h2 class=\"wp-block-heading\">(Hemsbach \/ Rhein-Neckar-Kreis) &#8211; Betr\u00fcger erbeuten rund 80.000 Euro nach Schockanruf<\/h2>\n\n\n<div class=\"wp-block-image\">\n<figure class=\"aligncenter size-full\"><img decoding=\"async\" loading=\"lazy\" width=\"800\" height=\"577\" src=\"https:\/\/speyer24news.com\/wp-content\/uploads\/2022\/07\/pressebild-senioren-frau-telefon.jpg\" alt=\"\" class=\"wp-image-47724\" srcset=\"https:\/\/speyer24news.com\/wp-content\/uploads\/2022\/07\/pressebild-senioren-frau-telefon.jpg 800w, https:\/\/speyer24news.com\/wp-content\/uploads\/2022\/07\/pressebild-senioren-frau-telefon-300x216.jpg 300w, https:\/\/speyer24news.com\/wp-content\/uploads\/2022\/07\/pressebild-senioren-frau-telefon-768x554.jpg 768w\" sizes=\"(max-width: 800px) 100vw, 800px\" \/><\/figure><\/div>\n\n\n<p>Am Donnerstagmittag, gegen 14 Uhr kontaktierte eine bisher unbekannte T\u00e4terin eine Seniorin per Telefon und gab an, dass ein Familienmitglied einen t\u00f6dlichen Verkehrsunfall verursacht h\u00e4tte. Um eine Haftstra\u00dfe zu verhindern, m\u00fcsse die Frau eine Kaution von 100.000 Euro bezahlen, woraufhin die Seniorin Bargeld im mittleren f\u00fcnfstelligen Bereich bei ihrer Bank abhob. Als die Frau mitsamt dem Bargeld an ihre Wohnung zur\u00fcckkehrte, wurde sie bereits von einem unbekannten Mann erwartet, der das Bargeld anschlie\u00dfend in Empfang nahm. Zu einem sp\u00e4teren Zeitpunkt rief die unbekannte T\u00e4terin erneut bei der Seniorin an und verlangte eine weitere Bargeldsumme. Die Seniorin suchte abermals die Bankfiliale auf, um das geforderte Bargeld abzuheben und demselben Mann zu \u00fcberreichen. Durch einen Zeugen wurde die verunsicherte Seniorin auf den Schwindel aufmerksam gemacht, weshalb sie Anzeige bei der Polizei erstattete.<\/p>\n\n\n\n<h4 class=\"wp-block-heading\">Der unbekannte Mitt\u00e4ter wird wie folgt beschrieben:<\/h4>\n\n\n\n<ul>\n<li><strong>ca. 30 Jahre alt<\/strong><\/li>\n\n\n\n<li><strong>175 cm gro\u00df<\/strong><\/li>\n\n\n\n<li><strong>kr\u00e4ftige Statur<\/strong><\/li>\n\n\n\n<li><strong>s\u00fcdeurop\u00e4isches Erscheinungsbild<\/strong><\/li>\n\n\n\n<li><strong>kurze dunkle Haare <\/strong><\/li>\n\n\n\n<li><strong>mit einer wei\u00dfen Jacke und wei\u00dfen Hose bekleidet<\/strong><\/li>\n<\/ul>\n\n\n\n<p>Die Spezialistinnen und Spezialisten f\u00fcr Betrugsdelikte der Kriminalpolizeidirektion Heidelberg haben die weiteren Ermittlungen \u00fcbernommen.<\/p>\n\n\n\n<ul>\n<li><strong>Zeugen, denen verd\u00e4chtigte Personen in Tatortn\u00e4he aufgefallen sind, werden gebeten sich mit dem Polizeirevier Weinheim, Tel: 06021 \/ 1003-0, in Verdingung zu setzen.<\/strong><\/li>\n<\/ul>\n\n\n\n<p><\/p>\n","protected":false},"excerpt":{"rendered":"<div class=\"mh-excerpt\"><p>Polizeimeldungen vom Wochenende (12.5. &#8211; 14.05.2023) (Speyer) &#8211; Verkehrsunfallflucht Am Samstag, den 13.05.2023, ereignete sich gegen 17:45 Uhr eine Verkehrsunfallflucht auf dem Parkplatz des Bademaxx in Speyer. Dort habe ersten Erkenntnissen zufolge ein PKW, vermutlich <a class=\"mh-excerpt-more\" href=\"https:\/\/speyer24news.com\/?p=52083\" title=\"Polizeimeldungen Wochenende (12.5.-14.05.2023)\">[&#8230;]<\/a><\/p>\n<\/div>","protected":false},"author":3,"featured_media":26162,"comment_status":"open","ping_status":"open","sticky":false,"template":"","format":"standard","meta":{"_monsterinsights_skip_tracking":false,"_monsterinsights_sitenote_active":false,"_monsterinsights_sitenote_note":"","_monsterinsights_sitenote_category":0,"footnotes":""},"categories":[15659],"tags":[7243,7244,3614,350,14537,15084,15267,14538,15361,15845,702,61,2555,6955,6986,6263,63,105,11150,6987,53,4854,13534,4683,1548,4905,11592,102,13626,213,14325,14324,13553,13541,55,8277,6368,103,106,2803,427,2625,380,104],"aioseo_notices":[],"amp_enabled":true,"_links":{"self":[{"href":"https:\/\/speyer24news.com\/index.php?rest_route=\/wp\/v2\/posts\/52083"}],"collection":[{"href":"https:\/\/speyer24news.com\/index.php?rest_route=\/wp\/v2\/posts"}],"about":[{"href":"https:\/\/speyer24news.com\/index.php?rest_route=\/wp\/v2\/types\/post"}],"author":[{"embeddable":true,"href":"https:\/\/speyer24news.com\/index.php?rest_route=\/wp\/v2\/users\/3"}],"replies":[{"embeddable":true,"href":"https:\/\/speyer24news.com\/index.php?rest_route=%2Fwp%2Fv2%2Fcomments&post=52083"}],"version-history":[{"count":4,"href":"https:\/\/speyer24news.com\/index.php?rest_route=\/wp\/v2\/posts\/52083\/revisions"}],"predecessor-version":[{"id":52097,"href":"https:\/\/speyer24news.com\/index.php?rest_route=\/wp\/v2\/posts\/52083\/revisions\/52097"}],"wp:featuredmedia":[{"embeddable":true,"href":"https:\/\/speyer24news.com\/index.php?rest_route=\/wp\/v2\/media\/26162"}],"wp:attachment":[{"href":"https:\/\/speyer24news.com\/index.php?rest_route=%2Fwp%2Fv2%2Fmedia&parent=52083"}],"wp:term":[{"taxonomy":"category","embeddable":true,"href":"https:\/\/speyer24news.com\/index.php?rest_route=%2Fwp%2Fv2%2Fcategories&post=52083"},{"taxonomy":"post_tag","embeddable":true,"href":"https:\/\/speyer24news.com\/index.php?rest_route=%2Fwp%2Fv2%2Ftags&post=52083"}],"curies":[{"name":"wp","href":"https:\/\/api.w.org\/{rel}","templated":true}]}}