{"id":52109,"date":"2023-05-17T08:13:28","date_gmt":"2023-05-17T07:13:28","guid":{"rendered":"https:\/\/speyer24news.com\/?p=52109"},"modified":"2023-05-17T08:13:30","modified_gmt":"2023-05-17T07:13:30","slug":"polizeimeldungen-dienstag-16-05-2023","status":"publish","type":"post","link":"https:\/\/speyer24news.com\/?p=52109","title":{"rendered":"Polizeimeldungen Dienstag (16.05.2023)"},"content":{"rendered":"<style type=\"text\/css\">\r\n\t.ads_top_disp{}\r\n\t.ads_top_corner_disp{ float:left; margin:0px 10px 10px 0px; }\r\n\t.ads_first_p_disp{}\r\n\t.ads_bottom_disp{}\r\n\t<\/style>\n<h2 class=\"wp-block-heading\">Polizeimeldungen vom Dienstag (16.05.2023)<\/h2>\n\n\n<div class=\"wp-block-image\">\n<figure class=\"aligncenter size-full\"><img decoding=\"async\" loading=\"lazy\" width=\"375\" height=\"500\" src=\"https:\/\/speyer24news.com\/wp-content\/uploads\/2022\/03\/Aktuelles-Polizeilogo.jpg\" alt=\"\" class=\"wp-image-43591\" srcset=\"https:\/\/speyer24news.com\/wp-content\/uploads\/2022\/03\/Aktuelles-Polizeilogo.jpg 375w, https:\/\/speyer24news.com\/wp-content\/uploads\/2022\/03\/Aktuelles-Polizeilogo-225x300.jpg 225w\" sizes=\"(max-width: 375px) 100vw, 375px\" \/><\/figure><\/div>\n\n\n<h2 class=\"wp-block-heading\">(Speyer) &#8211; Geldbeutel aus Rucksack entwendet<\/h2>\n\n\n<div class=\"wp-block-image\">\n<figure class=\"aligncenter size-full\"><img decoding=\"async\" loading=\"lazy\" width=\"800\" height=\"490\" src=\"https:\/\/speyer24news.com\/wp-content\/uploads\/2022\/12\/SymbolfotoSpruehkreideTaschendiebstahl.jpg\" alt=\"\" class=\"wp-image-50249\" srcset=\"https:\/\/speyer24news.com\/wp-content\/uploads\/2022\/12\/SymbolfotoSpruehkreideTaschendiebstahl.jpg 800w, https:\/\/speyer24news.com\/wp-content\/uploads\/2022\/12\/SymbolfotoSpruehkreideTaschendiebstahl-300x184.jpg 300w, https:\/\/speyer24news.com\/wp-content\/uploads\/2022\/12\/SymbolfotoSpruehkreideTaschendiebstahl-768x470.jpg 768w\" sizes=\"(max-width: 800px) 100vw, 800px\" \/><\/figure><\/div>\n\n\n<p>Eine 74-j\u00e4hrige Dame befand sich am 15.05.2023 gegen 16:00 Uhr in einem Gesch\u00e4ft in der Maximilianstra\u00dfe. Von dort lief sie \u00fcber Einkaufsstra\u00dfe und stellte an einem Restaurant fest, dass ihr Rucksack, welchen sie auf dem R\u00fccken trug, ge\u00f6ffnet war. Bei n\u00e4herem Hinsehen bemerkte sie, dass ihr Geldbeutel fehlte. Bei dem Geldbeutel handelt es sich um einen hellblauen Stoffgeldbeutel. Im Geldbeutel befanden sich ein neben einem hohen zweistelligen Bargeldbetrag auch ihre EC-Karte, die Krankenkassenkarte und der Ausweis.<\/p>\n\n\n\n<ul>\n<li><strong>Wer hat etwas beobachtet oder kann sachdienliche Hinweise geben? Zeugen werden gebeten, ihre Wahrnehmungen der Polizei Speyer telefonisch oder per E-Mail mitzuteilen (Tel. 06232 \/ 137-0, E-Mail an\u00a0<a href=\"mailto:%20pispeyer@polizei.rlp.de\">pispeyer@polizei.rlp.de<\/a>. )<\/strong><\/li>\n<\/ul>\n\n\n\n<h4 class=\"wp-block-heading\">So sch\u00fctzen Sie sich vor Taschendieben:<\/h4>\n\n\n\n<ul>\n<li><strong>Taschendiebe lassen sich am typisch suchenden Blick erkennen: Sie meiden den direkten Blickkontakt zum Opfer und schauen eher nach der Beute.<\/strong><\/li>\n\n\n\n<li><strong>Tragen Sie Geld, Schecks, Kreditkarten und Papiere immer in verschiedenen verschlossenen Innentaschen der Kleidung m\u00f6glichst dicht am K\u00f6rper. Die Polizei warnt in diesem Zusammenhang nochmals eindringlich davor die PIN im Geldbeutel aufbewahren.<\/strong><\/li>\n\n\n\n<li><strong>Tragen Sie Hand- und Umh\u00e4ngetaschen verschlossen auf der K\u00f6rpervorderseite oder klemmen Sie sie sich unter den Arm.<\/strong><\/li>\n\n\n\n<li><strong>Benutzen Sie einen Brustbeutel, eine G\u00fcrtelinnentasche, einen Geldg\u00fcrtel oder eine am G\u00fcrtel angekettete Geldb\u00f6rse.<\/strong><\/li>\n\n\n\n<li><strong>Legen Sie Geldb\u00f6rsen nicht oben in Einkaufstasche, Einkaufskorb oder Einkaufswagen, sondern tragen Sie sie m\u00f6glichst k\u00f6rpernah. H\u00e4ngen Sie Handtaschen im Restaurant, im Kaufhaus oder im Laden (selbst bei der Anprobe von Schuhen oder Kleidung) nicht an Stuhllehnen und stellen Sie sie nicht unbeaufsichtigt ab.<\/strong><\/li>\n<\/ul>\n\n\n\n<h2 class=\"wp-block-heading\">(Schifferstadt) &#8211; Fl\u00fcchtiger Unfallverursacher gesucht<\/h2>\n\n\n\n<p>Zu einem Verkehrsunfall kam es am Montagmittag in der Langgasse in B\u00f6hl-Iggelheim. Ein 56-j\u00e4hriger Verkehrsteilnehmer aus Ludwigshafen musste an einer Engstelle verkehrsbedingt anhalten. Ein ihm entgegenkommendes Fahrzeug stie\u00df dann beim Vorbeifahren an das Fahrzeug des 56-j\u00e4hrigen und verursachte einen erheblichen Sachschaden (6.000 Euro). Nachdem der Gesch\u00e4digte dem Unfallverursacher sagte, dass er die Polizei rufen werde, entfernte sich dieser samt Fahrzeug von der Unfallstelle. Laut Angaben des Anrufers sei durch den Unfall auch der Beifahrer des Verursachers verletzt worden, da dieser mit dem Kopf an die Windschutzscheibe gesto\u00dfen sei. <\/p>\n\n\n\n<ul>\n<li><strong>Gesucht wird nun ein wei\u00dfer Transporter bzw. ein wei\u00dfer Van, \u00e4lteren Modells mit einer besch\u00e4digten Windschutzscheibe im Beifahrerbereich und erheblichen Sch\u00e4den am Fahrzeug vorne links.<\/strong><\/li>\n\n\n\n<li><strong>Der Unfallverursacher wird als circa 40 &#8211; 50 Jahre alt beschrieben, mit kr\u00e4ftiger Statur, dunkle, lockige Haare und trug ein buntes T-Shirt. Der (verletzte) Beifahrer war circa 30 &#8211; 40 Jahre alt, hatte schwarze kurze Haare, eine schmale Statur, trug dunkle Bekleidung und eine dunkle Kappe. Beide Personen h\u00e4tten akzentfreies Deutsch gesprochen. <\/strong><\/li>\n<\/ul>\n\n\n\n<ul>\n<li><strong>Hinweise bitte telefonisch unter 06235 \/ 495-0 oder per E-Mail (pischifferstadt@polizei.rlp.de) an die Polizeiinspektion in Schifferstadt.<\/strong><\/li>\n<\/ul>\n\n\n\n<h2 class=\"wp-block-heading\">(Jockgrim) &#8211; Schwerer Motorradunfall<\/h2>\n\n\n\n<p>Am Montag gegen 17:40h ereignete sich ein folgenschwerer Verkehrsunfall auf der K10 bei Jockgrim. Ein 49 Jahre alter Motorradfahrer fuhr aus dem Kreisverkehr am Edeka Markt in Richtung Hatzenb\u00fchl. In der ersten Linkskurve setzte er zum \u00dcberholen eines vor ihm fahrendes Mercedes an. Aufgrund eines Fahrfehlers touchierte er den Mercedes mit dem Motorrad und verlor so die Kontrolle \u00fcber sein Gef\u00e4hrt. Der Motorradfahrer \u00fcberschlug sich anschlie\u00dfend mehrmals in der Gr\u00fcnfl\u00e4che neben der Fahrbahn und verletzte sich dadurch schwer. Er wurde vom Rettungsdienst in ein Krankenhaus verbracht. Die Unfallaufnahme dauerte bis 19.30h an.<\/p>\n\n\n\n<h2 class=\"wp-block-heading\">(Jockgrim) &#8211; Geschwindigkeitskontrolle<\/h2>\n\n\n\n<p>Am Montagmorgen in der Zeit von 11:00 Uhr bis 12:15 Uhr \u00fcberwachten Polizeibeamte der Polizeiinspektion W\u00f6rth die Geschwindigkeit in der Hatzenb\u00fchler Stra\u00dfe in Jockgrim. Bei erlaubten 30 km\/h wurde der Schnellste mit 43 km\/h gemessen. Insgesamt waren 14 Fahrzeuge zu schnell unterwegs. Des Weiteren wurde bei einem Transporter festgestellt, dass Schnittgut und verschiedene Werkzeuge ohne jegliche Sicherung transportiert wurden. Erst nachdem alles ordnungsgem\u00e4\u00df gesichert war, durfte der Fahrer die Fahrt fortsetzen. Ein Fahrzeugf\u00fchrer telefonierte w\u00e4hrend der Fahrt, zwei fuhren ohne Gurt und zw\u00f6lf kleine technische M\u00e4ngel ergaben sich an Fahrzeugen.<\/p>\n\n\n\n<h2 class=\"wp-block-heading\">(Bad Bergzabern) &#8211; Unfallflucht<\/h2>\n\n\n\n<p>Am 15.05.23, zwischen 08:50 und 10:50 Uhr, wurde auf dem Parkplatz eines Einkaufsmarktes im Klingweg oder dem Parkplatz eines Fitness-Centers, ein geparkter Pkw Mercedes Benz, A-Klasse mit S\u00dcW-Zulassung, besch\u00e4digt. Beim Ein- oder Ausparken streifte ein noch unbekannter Fahrzeugf\u00fchrer den Pkw und richtete einen Sachschaden in H\u00f6he von 2000.- Euro an. Anschlie\u00dfend entfernte sich der Verursacher unerlaubt von der Unfallstelle. <\/p>\n\n\n\n<ul>\n<li><strong>Hinweise zu dem Verursacher nimmt die Polizeiinspektion Bad Bergzabern unter 06343\/93340 oder per Email unter\u00a0<a href=\"mailto:%20pibadbergzabern@polizei.rlp.de\">pibadbergzabern@polizei.rlp.de<\/a>\u00a0entgegen.<\/strong><\/li>\n<\/ul>\n\n\n\n<h2 class=\"wp-block-heading\">(Bad Bergzabern) &#8211; Sachbesch\u00e4digung an B\u00f6h\u00e4mmerhaus<\/h2>\n\n\n\n<p>Zum wiederholten Mal kam es zu Vandalismus am B\u00f6h\u00e4mmerhaus. Bereits in der Nacht von 08.\/09.05.23 z\u00fcndeten Unbekannte Papier an. In der Nacht vom 11.\/12.05.2023 wurde durch ein Feuer eine Bierzeltgarnitur sowie St\u00fchle besch\u00e4digt. Der Sachschaden wird auf 300.- Euro gesch\u00e4tzt. <\/p>\n\n\n\n<ul>\n<li><strong>Hinweise nimmt die Polizeiinspektion Bad Bergzabern unter 06343\/93340 oder per Mail unter\u00a0<a href=\"mailto:%20pibadbergzabern@polizei.rlp.de\">pibadbergzabern@polizei.rlp.de<\/a>\u00a0entgegen.<\/strong><\/li>\n<\/ul>\n\n\n\n<h2 class=\"wp-block-heading\">(Landau) &#8211; Fahrradbesitzer gesucht<\/h2>\n\n\n<div class=\"wp-block-image\">\n<figure class=\"aligncenter size-full\"><img decoding=\"async\" loading=\"lazy\" width=\"800\" height=\"580\" src=\"https:\/\/speyer24news.com\/wp-content\/uploads\/2023\/05\/Fahrrad.jpg\" alt=\"\" class=\"wp-image-52110\" srcset=\"https:\/\/speyer24news.com\/wp-content\/uploads\/2023\/05\/Fahrrad.jpg 800w, https:\/\/speyer24news.com\/wp-content\/uploads\/2023\/05\/Fahrrad-300x218.jpg 300w, https:\/\/speyer24news.com\/wp-content\/uploads\/2023\/05\/Fahrrad-768x557.jpg 768w\" sizes=\"(max-width: 800px) 100vw, 800px\" \/><\/figure><\/div>\n\n\n<p>Aufmerksame Polizisten konnten am Montag um 21:20h einen 33-j\u00e4hrigen Mann auf einem Fahrrad (rot-schwarzes MTB) feststellen, welches diesem nicht geh\u00f6rte. Es liegen Anhaltspunkte vor, dass das Fahrrad gestohlen wurde. Die Polizei sucht den rechtm\u00e4\u00dfigen Besitzer, der sich mit Eigentumsnachweis melden sollte.<\/p>\n\n\n\n<h2 class=\"wp-block-heading\">(Landau) &#8211; In der Ostbahnstra\u00dfe Passanten bedroht<\/h2>\n\n\n<div class=\"wp-block-image\">\n<figure class=\"aligncenter size-full\"><img decoding=\"async\" loading=\"lazy\" width=\"800\" height=\"600\" src=\"https:\/\/speyer24news.com\/wp-content\/uploads\/2019\/06\/Ausn\u00fcchterungszelle.jpg\" alt=\"\" class=\"wp-image-15212\" srcset=\"https:\/\/speyer24news.com\/wp-content\/uploads\/2019\/06\/Ausn\u00fcchterungszelle.jpg 800w, https:\/\/speyer24news.com\/wp-content\/uploads\/2019\/06\/Ausn\u00fcchterungszelle-300x225.jpg 300w, https:\/\/speyer24news.com\/wp-content\/uploads\/2019\/06\/Ausn\u00fcchterungszelle-768x576.jpg 768w, https:\/\/speyer24news.com\/wp-content\/uploads\/2019\/06\/Ausn\u00fcchterungszelle-678x509.jpg 678w, https:\/\/speyer24news.com\/wp-content\/uploads\/2019\/06\/Ausn\u00fcchterungszelle-326x245.jpg 326w, https:\/\/speyer24news.com\/wp-content\/uploads\/2019\/06\/Ausn\u00fcchterungszelle-80x60.jpg 80w\" sizes=\"(max-width: 800px) 100vw, 800px\" \/><figcaption class=\"wp-element-caption\">Beispielbild Zelle \/ Verhaftung, dient lediglich der Visualisierung<\/figcaption><\/figure><\/div>\n\n\n<p>Am Montag gegen 19 Uhr bedrohte ein 55-J\u00e4hriger Mann mehrere Passanten im Bereich der Sparkasse. Durch die hinzugerufenen Polizisten konnte festgestellt werden, dass der Mann sich in einer psychischen Ausnahmesituation befand, weshalb er in eine Fachklinik verbracht wurde<\/p>\n\n\n\n<h2 class=\"wp-block-heading\">(Weyher) &#8211; Handfeste Auseinandersetzung zwischen Paar und Paketzusteller<\/h2>\n\n\n<div class=\"wp-block-image\">\n<figure class=\"aligncenter size-full\"><img decoding=\"async\" loading=\"lazy\" width=\"800\" height=\"533\" src=\"https:\/\/speyer24news.com\/wp-content\/uploads\/2021\/11\/Schlaegerei.jpg\" alt=\"\" class=\"wp-image-42366\" srcset=\"https:\/\/speyer24news.com\/wp-content\/uploads\/2021\/11\/Schlaegerei.jpg 800w, https:\/\/speyer24news.com\/wp-content\/uploads\/2021\/11\/Schlaegerei-300x200.jpg 300w, https:\/\/speyer24news.com\/wp-content\/uploads\/2021\/11\/Schlaegerei-768x512.jpg 768w\" sizes=\"(max-width: 800px) 100vw, 800px\" \/><figcaption class=\"wp-element-caption\">Beispielbild Schl\u00e4gerei \/ K\u00f6rperverletzung, dient lediglich der Visualisierung<\/figcaption><\/figure><\/div>\n\n\n<p>Zu einer handfesten Auseinandersetzung zwischen einem Paketfahrer und einem Paar kam es gestern Mittag (15.05.2023, 14.30 Uhr) auf einem Feldweg zwischen Weyher und Rhodt. Weil der Auslieferer verbotswidrig den Feldweg nutzte, fertigte der 53 Jahre alte Fu\u00dfg\u00e4nger mit seinem Handy ein Bild von Fahrzeug und Fahrer. Dies missfiel dem 41 Jahre alten Auslieferer. Er hielt an, und forderte den Mann auf, umgehend das Bild zu l\u00f6schen. Hierbei kam es zu einem Streit, in dessen Verlauf der Fahrer die Begleiterin des 53-J\u00e4hrigen am Arm packte, woraufhin dieser dem Paketzulieferer einen Fausthieb verpasste. Gegen beide Parteien wurde ein Strafverfahren wegen K\u00f6rperverletzung eingeleitet.<\/p>\n\n\n\n<h2 class=\"wp-block-heading\">(Maikammer) &#8211; Traktorbrand<\/h2>\n\n\n<div class=\"wp-block-image\">\n<figure class=\"aligncenter size-full\"><img decoding=\"async\" loading=\"lazy\" width=\"500\" height=\"688\" src=\"https:\/\/speyer24news.com\/wp-content\/uploads\/2023\/05\/Traktorbrand.jpg\" alt=\"\" class=\"wp-image-52111\" srcset=\"https:\/\/speyer24news.com\/wp-content\/uploads\/2023\/05\/Traktorbrand.jpg 500w, https:\/\/speyer24news.com\/wp-content\/uploads\/2023\/05\/Traktorbrand-218x300.jpg 218w\" sizes=\"(max-width: 500px) 100vw, 500px\" \/><\/figure><\/div>\n\n\n<p>Urs\u00e4chlich f\u00fcr den Brand eines Traktors am Montagabend (15.05.2023, 21.20 Uhr) in der Friedhofstra\u00dfe d\u00fcrfte ein technischer Defekt gewesen sein. Noch bevor das Feuer auf die Scheune \u00fcbergreifen konnte, wurde es von den Einsatzkr\u00e4ften der hinzugerufenen Feuerwehren gel\u00f6scht. Ein Geb\u00e4udeschaden ist dabei nicht entstanden.<\/p>\n\n\n\n<h2 class=\"wp-block-heading\">(Neustadt) &#8211; Einkauf endet mit Anzeigen<\/h2>\n\n\n\n<p>Am 16.05.2023 um 20:30 Uhr wurde ein 42-j\u00e4hriger Neustadter mit seinem VW Passat mit ausl\u00e4ndischer Zulassung in der Winzinger Stra\u00dfe in 67433 Neustadt\/W. einer anlassunabh\u00e4ngigen Verkehrskontrolle unterzogen. Dieser war auf dem R\u00fcckweg von einem Einkauf in einem Supermarkt. Im Rahmen der Kontrolle wurde bekannt, dass der Mann bereits seit \u00fcber 13 Jahren in der Bundesrepublik Deutschland ordnungsbeh\u00f6rdlich gemeldet ist und daher h\u00e4tte sein Fahrzeug ummelden m\u00fcssen. Zu dieser Tatsache kam hinzu, dass der Fahrer unter dem Einfluss von Amfetamin stand, weshalb diesem in der hiesigen Dienststelle eine Blutprobe entnommen wurde. Der Fahrzeugschl\u00fcssel wurde zuvor der Freundin des Neustadters \u00fcbergeben. Nun muss sich der 42-J\u00e4hrige in mehreren Straf-, sowie in einem Ordnungswidrigkeiten verantworten. Des Weiteren wird die zust\u00e4ndige F\u00fchrerscheinstelle \u00fcber den Vorfall in Kenntnis gesetzt.<\/p>\n\n\n\n<h2 class=\"wp-block-heading\">(Neustadt) &#8211; Fiat-Fahrer unter Drogeneinfluss<\/h2>\n\n\n\n<p>Am Dienstag, den 16.05.2023, um 10:18 Uhr stellten Polizeibeamte der Polizeiautobahnstation Ruchheim einen Fiat auf der A61 fest und unterzogen das Fahrzeug auf dem Parkplatz Bobelach einer allgemeinen Verkehrskontrolle. Im Rahmen der Kontrolle konnten beim 28-j\u00e4hrigen Fahrer drogenbedingte Auffallerscheinungen festgestellt werden. Ein anschlie\u00dfender Drogenschnelltest verlief daraufhin positiv auf Kokain. Dem 28-J\u00e4hrigen wurde eine Blutprobe entnommen und ein Ermittlungsverfahren wegen Trunkenheit im Stra\u00dfenverkehr und Versto\u00df gegen das Bet\u00e4ubungsmittelgesetz eingeleitet.<\/p>\n\n\n\n<h2 class=\"wp-block-heading\">(Neustadt) &#8211; Raub von zwei Mobiltelefonen<\/h2>\n\n\n\n<p>Am Abend des 15.05.2023 gegen 19:00 Uhr kam es im Bereich der Festwiese zu einer k\u00f6rperlichen Auseinandersetzung zwischen den zwei gesch\u00e4digten Jugendlichen und einer gr\u00f6\u00dferen Personengruppe \u00e4hnlichen Alters. Im Verlauf wurden die Gesch\u00e4digten zu Boden gesto\u00dfen und mit Schl\u00e4gen und Tritten traktiert. Letztlich wurden beiden die mitgef\u00fchrten Mobiltelefone geraubt. Eine sofort eingeleitete Fahndung mit mehreren Streifen blieb ohne Erfolg. <\/p>\n\n\n\n<ul>\n<li><strong>Einer der T\u00e4ter zeichnete sich durch seine markante orangefarbenen Haare aus. <\/strong><\/li>\n\n\n\n<li><strong>Ein weiterer trug einen blauwei\u00df gestreiften Trainingsanzug.<\/strong><\/li>\n<\/ul>\n\n\n\n<ul>\n<li><strong>Zeugen werden gebeten sich an die Polizeiinspektion Neustadt\/Weinstra\u00dfe unter der Tel.-Nr.: 06321\/8540 zu wenden. Gerne nehmen wir Ihre Hinweise auch per E-Mail unter\u00a0<a href=\"mailto:%20pineustadt@polizei.rlp.de\">pineustadt@polizei.rlp.de<\/a>\u00a0entgegen.<\/strong><\/li>\n<\/ul>\n\n\n\n<h2 class=\"wp-block-heading\">(A 650 \/ Neustadt) &#8211; Unter Drogeneinfluss auf der Autobahn unterwegs<\/h2>\n\n\n\n<p>Unter dem Einfluss von Drogen war am 15.05.2022, um 18.45 Uhr, ein 37-J\u00e4hriger mit seinem Golf unterwegs. Der Wagen wurde von Beamten der Polizeiautobahnstation Ruchheim auf der A650, H\u00f6he Oggersheimer Kreuz, einer Verkehrskontrolle unterzogen. Hierbei zeigte der Fahrer deutliche Ausfallerscheinungen. Ein Drogenschnelltest best\u00e4tigte den Verdacht, der Mann stand unter dem Einfluss von THC. Dem 37-J\u00e4hrigen wurde eine Blutprobe entnommen. Gegen ihn wurde ein Ermittlungsverfahren wegen Trunkenheit im Stra\u00dfenverkehr und Versto\u00df gegen das Bet\u00e4ubungsmittelgesetz eingeleitet.<\/p>\n\n\n\n<h2 class=\"wp-block-heading\">(Bad D\u00fcrkheim) &#8211; Weiterer Fall von Geldbeuteldiebstahl \/ T\u00e4terhinweise<\/h2>\n\n\n\n<p>Im Zeitraum von 15.05.2023 11:30 Uhr bis 12:00 Uhr wurde in der Innenstadt von Bad D\u00fcrkheim der Geldbeutel einer weiteren \u00e4lteren Dame entwendet. Die 74-J\u00e4hrige befand sich in einem Einkaufsmarkt in der Weinstra\u00dfe S\u00fcd. <strong>An einem Kleiderst\u00e4nder stellten sich zwei weibliche Personen neben sie. Diese waren ca. 45 Jahre alt und werden mit einem s\u00fcdl\u00e4ndischen Aussehen beschrieben.<\/strong> Als die beiden Personen sich entfernt hatten, stellte sie fest, dass der Reisverschluss ihres Rucksackes offenstand und sich ihr grauer Damengeldbeutel nicht mehr darin befand. Vermutlich hatten die bislang unbekannte T\u00e4terinnen den Geldbeutel der Dame entwendet. Neben dem Personalausweis und diversen Karten befanden sich auch mehr als 50 Euro Bargeld in ihrem Damengeldbeutel. <\/p>\n\n\n\n<ul>\n<li><strong>Die Polizei Bad D\u00fcrkheim hat die Ermittlungen aufgenommen und bittet um Hinweise unter 06322 963 0 oder per E-Mail an\u00a0<a href=\"mailto:%20pibadduerkheim@polizei.rlp.de\">pibadduerkheim@polizei.rlp.de<\/a><\/strong><\/li>\n<\/ul>\n\n\n\n<h2 class=\"wp-block-heading\">(Bad D\u00fcrkheim) &#8211; \u00c4lterer Dame Geldbeutel entwendet<\/h2>\n\n\n\n<p>Im Zeitraum von 15.05.2023 11:00 Uhr bis 12:00 Uhr wurde in der Innenstadt von Bad D\u00fcrkheim der Geldbeutel einer \u00e4lteren Dame entwendet. Die 84-J\u00e4hrige war mit ihrem Rollator unter anderem im Bereich Obermarkt unterwegs. Als sie in einem Modegesch\u00e4ft ihren Einkauf bezahlen wollte, stellte sie fest, dass sich ihr schwarzer Damengeldbeutel nicht mehr im Gep\u00e4ckfach ihres Rollators befand. Vermutlich hatten bislang unbekannte T\u00e4ter den Geldbeutel der Dame entwendet. T\u00e4terhinweise liegen keine vor. Neben dem Personalausweis und diversen Karten befanden sich auch mehr als 100 Euro Bargeld in ihrem Damengeldbeutel. <\/p>\n\n\n\n<ul>\n<li><strong>Die Polizei Bad D\u00fcrkheim hat die Ermittlungen aufgenommen und bittet um Hinweise unter 06322 963 0 oder per E-Mail an\u00a0<a href=\"mailto:%20pibadduerkheim@polizei.rlp.de\">pibadduerkheim@polizei.rlp.de<\/a><\/strong><\/li>\n<\/ul>\n\n\n\n<h2 class=\"wp-block-heading\">(Weisenheim) &#8211; Einbruch in Wohnhaus und Schuppen<\/h2>\n\n\n\n<p>Im Zeitraum vom 14.05.2023, 11:00 Uhr, bis 15.05.2023, 08:00 Uhr, kam es zu einem Einbruch in ein Wohnhaus im Eyersheimer Hof in Weisenheim am Sand. Bislang unbekannte T\u00e4ter stiegen \u00fcber die Umfriedungsmauer und gelangten so auf das Gel\u00e4nde. Danach gelangten sie \u00fcber eine nicht verschlossene T\u00fcr in das Anwesens und durchw\u00fchlten im Anschluss das gesamte Hauptgeb\u00e4ude und mehrere Nebengeb\u00e4ude. Konkrete Angaben \u00fcber das Stehlgut liegen noch nicht vor. Es ist lediglich bekannt, dass 4 Kettens\u00e4gen, ein Bohrhammer, eine Schlagbohrmaschine, ein Winkelschleifer, eine Motorsense und ein Klein-LKW im Gesamtwert von ca. 20 000 Euro entwendet wurden. Der Klein-LKW konnte schlie\u00dflich gegen 23:00 Uhr am Campingplatz in den Almen in Bad D\u00fcrkheim aufgefunden und sichergestellt werden. <\/p>\n\n\n\n<ul>\n<li><strong>Zeugen, welche im genannten Zeitraum verd\u00e4chtigte Personen oder Fahrzeuge wahrgenommen haben, werden gebeten sich mit der Polizeiinspektion Bad D\u00fcrkheim unter der Tel. 06322\/963-0 oder per E-Mail\u00a0<a href=\"mailto:%20pibadduerkheim@polizei.rlp.de\">pibadduerkheim@polizei.rlp.de<\/a>\u00a0in Verbindung zu setzen.<\/strong><\/li>\n<\/ul>\n\n\n\n<h2 class=\"wp-block-heading\">(Frankenthal) &#8211; Trunkenheit im Verkehr<\/h2>\n\n\n\n<p>Am 15.05.2023, gegen 20.45 Uhr, wurde hiesiger Dienststelle ein Schlangenlinien fahrender Pkw gemeldet. Durch die eingesetzte Streife konnte der Pkw in der Fichtestra\u00dfe kontrolliert werden. Bei dem 57-j\u00e4hrigen Fahrer aus Frankenthal konnte starker Alkoholgeruch wahrgenommen werden. Ein freiwilliger Atemalkoholtest ergab einen Wert von 2,00 Promille. Ihm wurde eine Blutprobe entnommen, der F\u00fchrerschein sichergestellt und ein Strafverfahren eingeleitet.<\/p>\n\n\n\n<ul>\n<li><strong>Zeugen werden gebeten sich an die Polizeiinspektion Frankenthal unter der Tel.-Nr.: 06233\/313-0 oder an die Polizeiwache Maxdorf unter der Tel.-Nr.: 06237\/934-1100 zu wenden. Gerne nehmen wir Ihre Hinweise auch per E-Mail unter\u00a0<a href=\"mailto:%20pifrankenthal@polizei.rlp.de\">pifrankenthal@polizei.rlp.de<\/a>\u00a0entgegen.<\/strong><\/li>\n<\/ul>\n\n\n\n<h2 class=\"wp-block-heading\">(Ludwigshafen) &#8211; Feuer in Kleigartenanlage<\/h2>\n\n\n\n<p>Aus bislang unbekannter Ursache geriet am Montagabend (15.05.2023, 22.30 Uhr) ein Gartenhaus in einer Kleingartenanlage in der Maudacher Stra\u00dfe in Brand. Das Gartenhaus brannte vollst\u00e4ndig ab. Die Kriminalpolizei ermittelt nun die Brandursache. Die Schadensh\u00f6he steht derzeit noch nicht fest. Bei dem Feuer wurden keine Personen verletzt.<\/p>\n\n\n\n<ul>\n<li><strong>Sachdienliche Hinweise nimmt die Kriminalpolizei Ludwigshafen unter der Telefonnummer 0621\/963-2773 oder per E-Mail\u00a0<a href=\"mailto:%20kiludwigshafen.k1.kdd@polizei.rlp.de\">kiludwigshafen.k1.kdd@polizei.rlp.de<\/a>\u00a0entgegen.<\/strong><\/li>\n<\/ul>\n\n\n\n<h2 class=\"wp-block-heading\">(Ludwigshafen) &#8211; Vorfahrt missachtet \/ 44-J\u00e4hrige fl\u00fcchtet und l\u00e4sst Fahrradfahrer zur\u00fcck<\/h2>\n\n\n\n<p>Eine 44-j\u00e4hrige bog mit ihrem Pkw am Montagnachmittag (15.05.2023) von der Bayreuther Stra\u00dfe aus in die Bruchwiesenstra\u00dfe ab und missachte hierbei die Vorfahrt eines 55-j\u00e4hrigen Fahrradfahrer, der auf dem Radweg unterwegs war. Um nicht mit dem Auto zu kollidieren, musste der Fahrradfahrer ausweichen und fuhr gegen einen Schildermast. Die 44-J\u00e4hrige setzte ihre Fahrt ohne Unterbrechung in Richtung Maudacher Stra\u00dfe fort, ohne sich um den 44-J\u00e4hrigen zu k\u00fcmmern. Der Fahrradfahrer wurde anschlie\u00dfend verletzt in ein Krankenhaus eingeliefert. Ein Zeuge notierte sich das Kennzeichen und half der Polizei die Unfallverursacherin zu ermitteln.<\/p>\n\n\n\n<h2 class=\"wp-block-heading\">(Ludwigshafen) &#8211; Jugendlicher l\u00e4uft vor Stra\u00dfenbahn<\/h2>\n\n\n\n<p>Ein 13-J\u00e4hriger lief am Montagnachmittag (15.05.2023) aus Unachtsamkeit auf die Stra\u00dfenbahnschienen in der Ludwigstra\u00dfe. Eine fahrende Stra\u00dfenbahn konnte nicht mehr rechtzeitig bremsen und touchierte den 13-J\u00e4hrigen leicht. Der Jugendliche blieb gl\u00fccklicherweise unverletzt. Die Fahrg\u00e4ste in der Stra\u00dfenbahn wurden ebenfalls nicht verletzt. W\u00e4hrend der Unfallaufnahme musste der Stra\u00dfenbahnverkehr in der Ludwigstra\u00dfe kurzzeitig eingestellt werden.<\/p>\n\n\n\n<h2 class=\"wp-block-heading\">(Ludwigshafen) &#8211; Aluminiumleisten entwendet<\/h2>\n\n\n\n<p>Eine bislang unbekannte Frau und ein unbekannter Mann entwendeten am Sonntag (14.05.2023) gegen 12 Uhr mehrere Aluminiumleisten von einem Anwesen in der Sternstra\u00dfe. Die Tat wurde von einem Zeugen beobachtet, der sich das Kennzeichen der T\u00e4ter notierte und die Polizei verst\u00e4ndigte. Die Polizei ermittelt nun anhand des Kennzeichen den Halter des Fahrzeugs. Die Schadensh\u00f6he ist derzeit noch nicht bekannt. <\/p>\n\n\n\n<ul>\n<li><strong>Sachdienliche Hinweise bitte an die Polizeiinspektion Ludwigshafen 2, Telefonnummer 0621 963-2222 oder per E-Mail\u00a0<a href=\"mailto:%20piludwigshafen2@polizei.rlp.de\">piludwigshafen2@polizei.rlp.de<\/a>\u00a0.<\/strong><\/li>\n<\/ul>\n\n\n\n<h2 class=\"wp-block-heading\">(Ludwigshafen) &#8211; Verkehrsunfall mit Fahrrad<\/h2>\n\n\n\n<p>Eine 42-J\u00e4hrige musste am Montagvormittag (15.05.2023) verletzt in ein Krankenhaus eingeliefert werden, nachdem sie mit einem Pkw kollidierte. Die 42-J\u00e4hrige war gegen 10.35 Uhr mit ihrem Fahrrad auf dem Radweg in der Saarburger Stra\u00dfe in entgegengesetzt der vorgeschrieben Fahrrichtung unterwegs, als ein 52-j\u00e4hriger Autofahrer in die Mannheimer Stra\u00dfe abbiegen wollte und die Vorfahrt missachtete. Beide Verkehrsteilnehmer kollidierten. Hierbei prallte die 42-J\u00e4hrige auf die Windschutzscheibe und st\u00fcrzte anschlie\u00dfend zu Boden. Die Fahrradfahrerin wurde in einem Krankenhaus medizinisch versorgt.<\/p>\n\n\n\n<h2 class=\"wp-block-heading\">(Mannheim) &#8211; Passant von Kleintransporter angefahren<\/h2>\n\n\n\n<p>Am Montag kam es gegen 13:00 Uhr in der Unterm\u00fchlaustra\u00dfe zu einem Unfall zwischen einem Passanten und einem Kleintransporter. Nach ersten Erkenntnissen betrat der Passant ohne auf den Verkehr zu achten die Fahrbahn, sodass der Kleintransporter nicht mehr rechtzeitig ausweichen konnte und diesen mit dem rechten Au\u00dfenspiegel an der Schulter erfasste.<\/p>\n\n\n\n<p>Dieser wurde dabei von der Fahrbahn zur\u00fcck auf den Seitenstreifen geschleudert und schwer verletzt. Ein Notarzt und ein Rettungswagen wurden angefordert. Der Passant erlitt mutma\u00dflich einen Tr\u00fcmmerbruch an der rechten Schulter.<\/p>\n\n\n\n<h2 class=\"wp-block-heading\">(Mannheim) &#8211; Reifendiebstahl in K\u00e4fertal \/ Zeugen gesucht!<\/h2>\n\n\n\n<p>Zwischen Sonntag, den 14.05.2023, 22:00 Uhr, und Montag, den 15.05.2023, 06:30 Uhr, entwendete eine unbekannte T\u00e4terschaft die Reifen von insgesamt drei PKW.<\/p>\n\n\n\n<p>Die Fahrzeuge waren zum Tatzeitpunkt im \u00f6ffentlichen Verkehrsraum in der Abraham-Lincoln-Alle abgestellt.<\/p>\n\n\n\n<p>Der entstandene Diebstahlschaden ist derzeit noch nicht bekannt.<\/p>\n\n\n\n<p>Die Ermittlungen zu den Diebst\u00e4hlen dauern zum Berichtszeitpunkt noch an. Hinweise auf die T\u00e4ter liegen jedoch bislang keine vor.<\/p>\n\n\n\n<ul>\n<li><strong>Zeugen, die verd\u00e4chtige Wahrnehmungen gemacht haben sowie m\u00f6gliche weitere Gesch\u00e4digte, werden gebeten, sich beim Polizeirevier Mannheim-K\u00e4fertal unter der Telefonnummer 0621 71849-0 zu melden.<\/strong><\/li>\n<\/ul>\n\n\n\n<h4 class=\"wp-block-heading\">Folgende Tipps helfen vor Diebstahl zu sch\u00fctzen:<\/h4>\n\n\n\n<ul>\n<li><strong>Stellen Sie Ihr Fahrzeug m\u00f6glichst auf bewachten Parkpl\u00e4tzen, in einer Garage oder wenigstens an einer beleuchteten Stelle ab.<\/strong><\/li>\n\n\n\n<li><strong>Informieren Sie die Polizei, wenn Personen scheinbar Fahrzeuge aussp\u00e4hen.<\/strong><\/li>\n\n\n\n<li><strong>Weitere Tipps finden Sie hier:\u00a0<a href=\"https:\/\/www.polizei-beratung.de\/themen-und-tipps\/diebstahl\/sicherheit-rund-ums-fahrzeug\/#panel-20646-5\" target=\"_blank\" rel=\"noreferrer noopener\">https:\/\/www.polizei-beratung.de\/themen-und-tipps\/diebstahl\/sicherheit-rund-ums-fahrzeug\/#panel-20646-5<\/a><\/strong><\/li>\n<\/ul>\n\n\n\n<h2 class=\"wp-block-heading\">(Mannheim) &#8211; Gekl\u00e4rte Pkw-Aufbruchserie \/ 31-j\u00e4hriger Mann wegen bewaffneten Diebstahls in Untersuchungshaft<\/h2>\n\n\n<div class=\"wp-block-image\">\n<figure class=\"aligncenter size-full\"><img decoding=\"async\" loading=\"lazy\" width=\"800\" height=\"533\" src=\"https:\/\/speyer24news.com\/wp-content\/uploads\/2020\/06\/Zelle.jpg\" alt=\"\" class=\"wp-image-28203\" srcset=\"https:\/\/speyer24news.com\/wp-content\/uploads\/2020\/06\/Zelle.jpg 800w, https:\/\/speyer24news.com\/wp-content\/uploads\/2020\/06\/Zelle-300x200.jpg 300w, https:\/\/speyer24news.com\/wp-content\/uploads\/2020\/06\/Zelle-768x512.jpg 768w\" sizes=\"(max-width: 800px) 100vw, 800px\" \/><figcaption class=\"wp-element-caption\">Beispielbild Zelle \/ Verhaftung, dient lediglich der Visualisierung<\/figcaption><\/figure><\/div>\n\n\n<p>Auf Antrag der Staatsanwaltschaft Mannheim wurde durch das Amtsgericht Mannheim Haftbefehl gegen einen 31-J\u00e4hrigen erlassen. Der Beschuldigte steht im dringenden Tatverdacht, mehrere Pkws im Stadtteil K\u00e4fertal aufgebrochen und Bargeld, sowie diverse Gegenst\u00e4nde entwendet zu haben. Bei der Tatausf\u00fchrung f\u00fchrte dieser ein Messer und ein Tierabwehrspray mit sich.<\/p>\n\n\n\n<p>Am 11.05.2023 konnte durch einen Anwohner beobachtet werden, wie der Tatverd\u00e4chtige mittels einer Taschenlampe geparkte Fahrzeuge aussp\u00e4hte. Nach Verst\u00e4ndigung der Polizei konnte der tatverd\u00e4chtigen Mann festgenommen werden.<\/p>\n\n\n\n<p>Im Rahmen der Festnahme konnte weiteres Diebesgut aufgefunden werden, welches anderen Taten zugeordnet werden konnte.<\/p>\n\n\n\n<p>Nach der vorl\u00e4ufigen Festnahme wurde gegen den Tatverd\u00e4chtigen aufgrund bestehender Flucht- und Verdunkelungsgefahr Haftbefehl erlassen. Nach Vorf\u00fchrung beim Haft- und Ermittlungsrichter des Amtsgerichts Mannheim am 12.05.2023 wurde der Haftbefehl er\u00f6ffnet. Im Anschluss wurde der Beschuldigten in eine Justizvollzugsanstalt eingeliefert.<\/p>\n\n\n\n<h2 class=\"wp-block-heading\">(Sinsheim \/ Rhein-Neckar-Kreis) &#8211; R\u00e4uberischer Diebstahl in Bekleidungsgesch\u00e4ft \/ Zeugenaufruf!<\/h2>\n\n\n<div class=\"wp-block-image\">\n<figure class=\"aligncenter size-full\"><img decoding=\"async\" loading=\"lazy\" width=\"801\" height=\"600\" src=\"https:\/\/speyer24news.com\/wp-content\/uploads\/2020\/05\/Zeugen-gesucht-Neutral.jpg\" alt=\"\" class=\"wp-image-26598\" srcset=\"https:\/\/speyer24news.com\/wp-content\/uploads\/2020\/05\/Zeugen-gesucht-Neutral.jpg 801w, https:\/\/speyer24news.com\/wp-content\/uploads\/2020\/05\/Zeugen-gesucht-Neutral-300x225.jpg 300w, https:\/\/speyer24news.com\/wp-content\/uploads\/2020\/05\/Zeugen-gesucht-Neutral-768x575.jpg 768w, https:\/\/speyer24news.com\/wp-content\/uploads\/2020\/05\/Zeugen-gesucht-Neutral-678x509.jpg 678w, https:\/\/speyer24news.com\/wp-content\/uploads\/2020\/05\/Zeugen-gesucht-Neutral-326x245.jpg 326w, https:\/\/speyer24news.com\/wp-content\/uploads\/2020\/05\/Zeugen-gesucht-Neutral-80x60.jpg 80w\" sizes=\"(max-width: 801px) 100vw, 801px\" \/><\/figure><\/div>\n\n\n<p>Am vergangenen Montagmittag, gegen 13:30 Uhr entwendete ein bisher unbekannter T\u00e4ter in einem Modegesch\u00e4ft am Karlsplatz eine Hose. Nachdem der T\u00e4ter das Diebesgut an sich nahm und das Gesch\u00e4ft verlassen hatte, wurde dieser am Karlsplatz auf der Stra\u00dfe von einem Ladendetektiv angesprochen. Da der T\u00e4ter daraufhin die Flucht ergreifen wollte, wurde dieser durch den Ladendetektiv festgehalten. Hierbei kam es zwischen dem Detektiv und dem T\u00e4ter zu einem Gerangel, wobei der T\u00e4ter den Detektiv zu Boden stie\u00df und sich somit aus dem Haltegriff entriss. Anschlie\u00dfend fl\u00fcchtete der T\u00e4ter fu\u00dfl\u00e4ufig in Richtung des Bahnhofs.<\/p>\n\n\n\n<h4 class=\"wp-block-heading\">Der T\u00e4ter wird wie folgt beschrieben:<\/h4>\n\n\n\n<ul>\n<li><strong>m\u00e4nnlich<\/strong><\/li>\n\n\n\n<li><strong>ca. 16-20 Jahre alt<\/strong><\/li>\n\n\n\n<li><strong>ca. 180-185 cm gro\u00df<\/strong><\/li>\n\n\n\n<li><strong>schlanke Statur<\/strong><\/li>\n\n\n\n<li><strong>s\u00fcdeurop\u00e4isches Aussehen<\/strong><\/li>\n\n\n\n<li><strong>dunkle, lockige Haare (an den Seiten sehr kurz geschnitten)<\/strong><\/li>\n\n\n\n<li><strong>Drei-Tage-Bart<\/strong><\/li>\n\n\n\n<li><strong>Bekleidung: helle\/graue Kapuzenjacke, \u00e4rmellose schwarze Daunenweste, hellblaue Jeans, wei\u00dfe Sportschuhe<\/strong><\/li>\n<\/ul>\n\n\n\n<p>Die Videoaufzeichnungen des Einkaufsgesch\u00e4fts werden derzeit durch die Ermittlerinnen und Ermittler ausgewertet. Die H\u00f6he des Diebstahlsschadens liegt im mittleren zweistelligen Bereich.<\/p>\n\n\n\n<ul>\n<li><strong>Das Polizeirevier Sinsheim hat die Ermittlungen wegen des r\u00e4uberischen Diebstahls aufgenommen. Zeugen, die das Tatgeschehen beobachten konnten, werden gebeten sich mit dem Polizeirevier Sinsheim in Verbindung zu setzen, Telefonnummer: 07261 \/ 690-0.<\/strong><\/li>\n<\/ul>\n\n\n\n<h2 class=\"wp-block-heading\">(Hemsbach \/ Rhein-Neckar-Kreis) &#8211; Einbruch in ein Werkstattgel\u00e4nde<\/h2>\n\n\n\n<p>Eine unbekannte T\u00e4terschaft verschaffte sich am vergangenen Montag, um 9 Uhr Zutritt auf das Gel\u00e4nde einer Werkstatt in der M\u00fcchelner Stra\u00dfe. Nachdem diese auf bisher ungekl\u00e4rte Weise auf das Gel\u00e4nde gelangten, hebelte der T\u00e4ter\/die T\u00e4terin mit einem unbekannten Werkzeug ein Fenster auf und gelangte so in das Innere der Halle. Bisherigen Ermittlungen zufolge, entwendete die T\u00e4terschaft zwei Kfz-Batterien sowie Bargeld und fl\u00fcchtete im Anschluss. Der Diebstahlschaden liegt im niedrigen dreistelligen Bereich. <\/p>\n\n\n\n<ul>\n<li><strong>Der Polizeiposten Hemsbach hat die Ermittlungen wegen des besonders schweren Falls des Diebstahls aufgenommen und bittet Zeugen, denen verd\u00e4chtige Personen in Tatortn\u00e4he aufgefallen sind, sich unter der Tel: 06201 \/ 790816 zu melden.<\/strong><\/li>\n\n\n\n<li><\/li>\n<\/ul>\n","protected":false},"excerpt":{"rendered":"<div class=\"mh-excerpt\"><p>Polizeimeldungen vom Dienstag (16.05.2023) (Speyer) &#8211; Geldbeutel aus Rucksack entwendet Eine 74-j\u00e4hrige Dame befand sich am 15.05.2023 gegen 16:00 Uhr in einem Gesch\u00e4ft in der Maximilianstra\u00dfe. Von dort lief sie \u00fcber Einkaufsstra\u00dfe und stellte an <a class=\"mh-excerpt-more\" href=\"https:\/\/speyer24news.com\/?p=52109\" title=\"Polizeimeldungen Dienstag (16.05.2023)\">[&#8230;]<\/a><\/p>\n<\/div>","protected":false},"author":3,"featured_media":26162,"comment_status":"open","ping_status":"open","sticky":false,"template":"","format":"standard","meta":{"_monsterinsights_skip_tracking":false,"_monsterinsights_sitenote_active":false,"_monsterinsights_sitenote_note":"","_monsterinsights_sitenote_category":0,"footnotes":""},"categories":[15659],"tags":[7243,7244,3614,350,14537,15084,15267,14538,15361,15845,702,61,2555,6955,6986,6263,63,105,11150,6987,53,4854,13534,4683,1548,4905,11592,102,13626,213,14325,14324,13553,13541,55,8277,6368,5261,103,106,2803,2423,427,2625,380,62,104,979,1565],"aioseo_notices":[],"amp_enabled":true,"_links":{"self":[{"href":"https:\/\/speyer24news.com\/index.php?rest_route=\/wp\/v2\/posts\/52109"}],"collection":[{"href":"https:\/\/speyer24news.com\/index.php?rest_route=\/wp\/v2\/posts"}],"about":[{"href":"https:\/\/speyer24news.com\/index.php?rest_route=\/wp\/v2\/types\/post"}],"author":[{"embeddable":true,"href":"https:\/\/speyer24news.com\/index.php?rest_route=\/wp\/v2\/users\/3"}],"replies":[{"embeddable":true,"href":"https:\/\/speyer24news.com\/index.php?rest_route=%2Fwp%2Fv2%2Fcomments&post=52109"}],"version-history":[{"count":1,"href":"https:\/\/speyer24news.com\/index.php?rest_route=\/wp\/v2\/posts\/52109\/revisions"}],"predecessor-version":[{"id":52112,"href":"https:\/\/speyer24news.com\/index.php?rest_route=\/wp\/v2\/posts\/52109\/revisions\/52112"}],"wp:featuredmedia":[{"embeddable":true,"href":"https:\/\/speyer24news.com\/index.php?rest_route=\/wp\/v2\/media\/26162"}],"wp:attachment":[{"href":"https:\/\/speyer24news.com\/index.php?rest_route=%2Fwp%2Fv2%2Fmedia&parent=52109"}],"wp:term":[{"taxonomy":"category","embeddable":true,"href":"https:\/\/speyer24news.com\/index.php?rest_route=%2Fwp%2Fv2%2Fcategories&post=52109"},{"taxonomy":"post_tag","embeddable":true,"href":"https:\/\/speyer24news.com\/index.php?rest_route=%2Fwp%2Fv2%2Ftags&post=52109"}],"curies":[{"name":"wp","href":"https:\/\/api.w.org\/{rel}","templated":true}]}}