{"id":52185,"date":"2023-05-18T13:00:20","date_gmt":"2023-05-18T12:00:20","guid":{"rendered":"https:\/\/speyer24news.com\/?p=52185"},"modified":"2023-05-19T07:26:44","modified_gmt":"2023-05-19T06:26:44","slug":"heroes-festivals-2023","status":"publish","type":"post","link":"https:\/\/speyer24news.com\/?p=52185","title":{"rendered":"Heroes Festivals 2023"},"content":{"rendered":"<style type=\"text\/css\">\r\n\t.ads_top_disp{}\r\n\t.ads_top_corner_disp{ float:left; margin:0px 10px 10px 0px; }\r\n\t.ads_first_p_disp{}\r\n\t.ads_bottom_disp{}\r\n\t<\/style>\n<h2 class=\"wp-block-heading\">Deutsch-Rap live beim Heroes Festival 2023<\/h2>\n\n\n\n<h4 class=\"wp-block-heading\">von Jan Schreiber<\/h4>\n\n\n<div class=\"wp-block-image\">\n<figure class=\"aligncenter size-full\"><img decoding=\"async\" loading=\"lazy\" width=\"800\" height=\"577\" src=\"https:\/\/speyer24news.com\/wp-content\/uploads\/2023\/05\/Heroes-Festival.jpg\" alt=\"\" class=\"wp-image-52186\" srcset=\"https:\/\/speyer24news.com\/wp-content\/uploads\/2023\/05\/Heroes-Festival.jpg 800w, https:\/\/speyer24news.com\/wp-content\/uploads\/2023\/05\/Heroes-Festival-300x216.jpg 300w, https:\/\/speyer24news.com\/wp-content\/uploads\/2023\/05\/Heroes-Festival-768x554.jpg 768w\" sizes=\"(max-width: 800px) 100vw, 800px\" \/><\/figure><\/div>\n\n\n<p><strong>Kempten \/ Geiselwind \/ Hannover \/ Freiburg &#8211;<\/strong> Ein Blick in die aktuellen deutschen Charts verr\u00e4t es: Rap ist voll im Kommen und hat Pop als beliebtestes Genre l\u00e4ngst abgel\u00f6st. Vor allem der<strong> Ludwigshafener Apache 207<\/strong> legt eine absolut beeindruckende Karriere hin. Gemeinsam mit Udo Lindenberg ver\u00f6ffentlichte er am 19. Januar die Single \u201eKomet\u201c, die seitdem fast ununterbrochen auf Platz 1 der Charts ist und somit auf dem Weg ist, die erfolgreichste Single der deutschen Musik-Geschichte zu werden. Gleichzeitig ist der Song sein elfter Nummer 1-Hit, wodurch er in dieser Kategorie mit den Beatles gleichzog. Au\u00dferdem h\u00e4lt er mit \u201eRoller\u201c den Rekord f\u00fcr den Song, der am l\u00e4ngsten in den Top 100 der deutschen Single-Charts vertreten war.<\/p>\n\n\n<div class=\"wp-block-image\">\n<figure class=\"aligncenter size-full\"><img decoding=\"async\" loading=\"lazy\" width=\"500\" height=\"650\" src=\"https:\/\/speyer24news.com\/wp-content\/uploads\/2023\/05\/Apache207-@Jan-Schreiber.jpg\" alt=\"\" class=\"wp-image-52188\" srcset=\"https:\/\/speyer24news.com\/wp-content\/uploads\/2023\/05\/Apache207-@Jan-Schreiber.jpg 500w, https:\/\/speyer24news.com\/wp-content\/uploads\/2023\/05\/Apache207-@Jan-Schreiber-231x300.jpg 231w\" sizes=\"(max-width: 500px) 100vw, 500px\" \/><figcaption class=\"wp-element-caption\">Apache207 bei seinem Auftritt in der SAP Arena Mannheim 2022. <br><em>Foto: Jan Schreiber<\/em><\/figcaption><\/figure><\/div>\n\n\n<p>Ihn, so wie viele weitere gro\u00dfe Namen der Deutschrap-Szene (u.A. <strong>Luciano, Haftbefehl <\/strong>und <strong>Dardan<\/strong>)<br>k\u00f6nnt ihr beim Heroes Festival Allg\u00e4u live erleben. Dieses findet am 25. &amp; 26. August in der Allg\u00e4u<br>Concerts Arena bei Kempten statt. <\/p>\n\n\n\n<p>Doch das ist nicht das einzige Heroes Festival in diesem Jahr, denn am 16. &amp; 17. Juni geht\u2019s nach Geiselwind bei W\u00fcrzburg, am 18. &amp; 19. August nach Hannover und am 8. &amp; 9. September nach Freiburg. <\/p>\n\n\n\n<p>Dort sind die Line-Ups mit \u00e4hnlich prominenten Deutschrap-K\u00fcnstlern besetzt. Wer wann und wo auftritt, sowie Tickets und alle weiteren Infos findet ihr unter <a href=\"https:\/\/heroes-festival.com\/ \"><strong>https:\/\/heroes-festival.com\/ <\/strong><\/a><\/p>\n\n\n\n<p>Dazu muss man noch sagen, dass die Tickets, mit einem Preis von nur etwas mehr als 100\u20ac, wirklich erschwinglich sind und dass das Heroes somit im Vergleich zu anderen Festivals ein sehr gutes Preis-Leistungsverh\u00e4ltnis bietet.<\/p>\n\n\n\n<p>Beim ersten Termin in Geiselwind werde ich sogar f\u00fcr Speyer 24 News live dabei sein und euch<br>danach ausf\u00fchrlich berichten. Folgen Sie also gerne Speyer 24 News f\u00fcr weitere Informationen.<\/p>\n\n\n\n<p><em>Text: Jan Schreiber Foto: (1) Heroes Festival; (2) Jan Schreiber<br>18.05.2023<\/em><\/p>\n","protected":false},"excerpt":{"rendered":"<div class=\"mh-excerpt\"><p>Deutsch-Rap live beim Heroes Festival 2023 von Jan Schreiber Kempten \/ Geiselwind \/ Hannover \/ Freiburg &#8211; Ein Blick in die aktuellen deutschen Charts verr\u00e4t es: Rap ist voll im Kommen und hat Pop als <a class=\"mh-excerpt-more\" href=\"https:\/\/speyer24news.com\/?p=52185\" title=\"Heroes Festivals 2023\">[&#8230;]<\/a><\/p>\n<\/div>","protected":false},"author":3,"featured_media":25668,"comment_status":"open","ping_status":"open","sticky":false,"template":"","format":"standard","meta":{"_monsterinsights_skip_tracking":false,"_monsterinsights_sitenote_active":false,"_monsterinsights_sitenote_note":"","_monsterinsights_sitenote_category":0,"footnotes":""},"categories":[13],"tags":[16087,16090,16086,16089,16079,16080,16083,16082,16081,16084,16088,16085],"aioseo_notices":[],"amp_enabled":true,"_links":{"self":[{"href":"https:\/\/speyer24news.com\/index.php?rest_route=\/wp\/v2\/posts\/52185"}],"collection":[{"href":"https:\/\/speyer24news.com\/index.php?rest_route=\/wp\/v2\/posts"}],"about":[{"href":"https:\/\/speyer24news.com\/index.php?rest_route=\/wp\/v2\/types\/post"}],"author":[{"embeddable":true,"href":"https:\/\/speyer24news.com\/index.php?rest_route=\/wp\/v2\/users\/3"}],"replies":[{"embeddable":true,"href":"https:\/\/speyer24news.com\/index.php?rest_route=%2Fwp%2Fv2%2Fcomments&post=52185"}],"version-history":[{"count":3,"href":"https:\/\/speyer24news.com\/index.php?rest_route=\/wp\/v2\/posts\/52185\/revisions"}],"predecessor-version":[{"id":52197,"href":"https:\/\/speyer24news.com\/index.php?rest_route=\/wp\/v2\/posts\/52185\/revisions\/52197"}],"wp:featuredmedia":[{"embeddable":true,"href":"https:\/\/speyer24news.com\/index.php?rest_route=\/wp\/v2\/media\/25668"}],"wp:attachment":[{"href":"https:\/\/speyer24news.com\/index.php?rest_route=%2Fwp%2Fv2%2Fmedia&parent=52185"}],"wp:term":[{"taxonomy":"category","embeddable":true,"href":"https:\/\/speyer24news.com\/index.php?rest_route=%2Fwp%2Fv2%2Fcategories&post=52185"},{"taxonomy":"post_tag","embeddable":true,"href":"https:\/\/speyer24news.com\/index.php?rest_route=%2Fwp%2Fv2%2Ftags&post=52185"}],"curies":[{"name":"wp","href":"https:\/\/api.w.org\/{rel}","templated":true}]}}