{"id":52245,"date":"2023-05-26T12:47:56","date_gmt":"2023-05-26T11:47:56","guid":{"rendered":"https:\/\/speyer24news.com\/?p=52245"},"modified":"2023-05-26T12:47:58","modified_gmt":"2023-05-26T11:47:58","slug":"kultur-historisches-museum-der-pfalz-speyer-8","status":"publish","type":"post","link":"https:\/\/speyer24news.com\/?p=52245","title":{"rendered":"Kultur \/ Historisches Museum der Pfalz Speyer"},"content":{"rendered":"<style type=\"text\/css\">\r\n\t.ads_top_disp{}\r\n\t.ads_top_corner_disp{ float:left; margin:0px 10px 10px 0px; }\r\n\t.ads_first_p_disp{}\r\n\t.ads_bottom_disp{}\r\n\t<\/style><div class=\"wp-block-image\">\n<figure class=\"aligncenter size-full\"><img decoding=\"async\" loading=\"lazy\" width=\"800\" height=\"600\" src=\"https:\/\/speyer24news.com\/wp-content\/uploads\/2023\/05\/JahresPK-Histor.-Museum-2.jpg\" alt=\"\" class=\"wp-image-52266\" srcset=\"https:\/\/speyer24news.com\/wp-content\/uploads\/2023\/05\/JahresPK-Histor.-Museum-2.jpg 800w, https:\/\/speyer24news.com\/wp-content\/uploads\/2023\/05\/JahresPK-Histor.-Museum-2-300x225.jpg 300w, https:\/\/speyer24news.com\/wp-content\/uploads\/2023\/05\/JahresPK-Histor.-Museum-2-768x576.jpg 768w, https:\/\/speyer24news.com\/wp-content\/uploads\/2023\/05\/JahresPK-Histor.-Museum-2-678x509.jpg 678w, https:\/\/speyer24news.com\/wp-content\/uploads\/2023\/05\/JahresPK-Histor.-Museum-2-326x245.jpg 326w, https:\/\/speyer24news.com\/wp-content\/uploads\/2023\/05\/JahresPK-Histor.-Museum-2-80x60.jpg 80w\" sizes=\"(max-width: 800px) 100vw, 800px\" \/><\/figure><\/div>\n\n\n<h2 class=\"wp-block-heading\">Von K\u00f6nig Ludwig I. bis Kleopatra<\/h2>\n\n\n\n<h3 class=\"wp-block-heading\">Historisches Museum der Pfalz stellt kommendes Ausstellungsprogramm vor<\/h3>\n\n\n<div class=\"wp-block-image\">\n<figure class=\"aligncenter size-full\"><img decoding=\"async\" loading=\"lazy\" width=\"800\" height=\"600\" src=\"https:\/\/speyer24news.com\/wp-content\/uploads\/2023\/05\/JahresPK-Histor.-Museum-10.jpg\" alt=\"\" class=\"wp-image-52254\" srcset=\"https:\/\/speyer24news.com\/wp-content\/uploads\/2023\/05\/JahresPK-Histor.-Museum-10.jpg 800w, https:\/\/speyer24news.com\/wp-content\/uploads\/2023\/05\/JahresPK-Histor.-Museum-10-300x225.jpg 300w, https:\/\/speyer24news.com\/wp-content\/uploads\/2023\/05\/JahresPK-Histor.-Museum-10-768x576.jpg 768w, https:\/\/speyer24news.com\/wp-content\/uploads\/2023\/05\/JahresPK-Histor.-Museum-10-678x509.jpg 678w, https:\/\/speyer24news.com\/wp-content\/uploads\/2023\/05\/JahresPK-Histor.-Museum-10-326x245.jpg 326w, https:\/\/speyer24news.com\/wp-content\/uploads\/2023\/05\/JahresPK-Histor.-Museum-10-80x60.jpg 80w\" sizes=\"(max-width: 800px) 100vw, 800px\" \/><\/figure><\/div>\n\n\n<p>Die n\u00e4chsten Sonderausstellungen stehen in den Startl\u00f6chern: Das Historische Museum der Pfalz bereitet zurzeit die kulturhistorische Ausstellung \u201eK\u00f6nig Ludwig I. \u2013 Sehnsucht Pfalz\u201c vor, die ab 17. September Einblick in das Leben und Wirken des bayerischen K\u00f6nigs Ludwig I. geben wird. Zur Pfalz hatte der bayerische Monarch Zeit seines Lebens eine enge Bindung. Als F\u00f6rderer von Kunst, Kultur und Wirtschaft hinterlie\u00df er zahlreiche Bauwerke wie beispielsweise die klassizistische Villa Ludwigsh\u00f6he in Edenkoben. Am Speyerer Dom beauftragte er die Errichtung des westlichen Querbaues mit den beiden Vordert\u00fcrmen. Neben dem \u00f6ffentlichen gew\u00e4hrt die Ausstellung auch einen ganz privaten Blick in die Lebenswelt des K\u00f6nigs und zeigt Gedichte und Briefe, die Ludwig I. an seine Zeitgenossen oder an seine Geliebte Lola Montez schrieb.<\/p>\n\n\n<div class=\"wp-block-image\">\n<figure class=\"aligncenter size-full\"><img decoding=\"async\" loading=\"lazy\" width=\"800\" height=\"600\" src=\"https:\/\/speyer24news.com\/wp-content\/uploads\/2023\/05\/JahresPK-Histor.-Museum-4.jpg\" alt=\"\" class=\"wp-image-52261\" srcset=\"https:\/\/speyer24news.com\/wp-content\/uploads\/2023\/05\/JahresPK-Histor.-Museum-4.jpg 800w, https:\/\/speyer24news.com\/wp-content\/uploads\/2023\/05\/JahresPK-Histor.-Museum-4-300x225.jpg 300w, https:\/\/speyer24news.com\/wp-content\/uploads\/2023\/05\/JahresPK-Histor.-Museum-4-768x576.jpg 768w, https:\/\/speyer24news.com\/wp-content\/uploads\/2023\/05\/JahresPK-Histor.-Museum-4-678x509.jpg 678w, https:\/\/speyer24news.com\/wp-content\/uploads\/2023\/05\/JahresPK-Histor.-Museum-4-326x245.jpg 326w, https:\/\/speyer24news.com\/wp-content\/uploads\/2023\/05\/JahresPK-Histor.-Museum-4-80x60.jpg 80w\" sizes=\"(max-width: 800px) 100vw, 800px\" \/><\/figure><\/div>\n\n\n<p>Ab 1. Oktober pr\u00e4sentiert das Museum eine gro\u00dfe Sonderausstellung zu einem besonderen Jubil\u00e4um: PLAYMOBIL wird 50 Jahre alt! Die Familien-Ausstellung \u201eWe Love PLAYMOBIL. 50 Jahre Spielgeschichte(n)\u201c geht dem Ph\u00e4nomen PLAYMOBIL auf den Grund! Die Ausstellung wird in Zusammenarbeit mit dem PLAYMOBIL-K\u00fcnstler Oliver Schaffer entwickelt und pr\u00e4sentiert auf rund 1.000 Quadratmetern liebevoll gestaltete Dioramen, aufw\u00e4ndige Videoshows sowie zahlreiche Spielstationen. \u201eSchon lange im Vorfeld haben sich viele Besucherinnen und Besucher gew\u00fcnscht, dass wir das 50-j\u00e4hrige Jubil\u00e4um von PLAYMOBIL mit einer gro\u00dfen Sonderausstellung im Museum feiern. Wir freuen uns, dass wir diesen Wunsch zusammen mit dem K\u00fcnstler Oliver Schaffer erf\u00fcllen k\u00f6nnen, der schon an den ersten beiden gro\u00dfen Playmobil-Ausstellungen beteiligt war\u201c, so Museumsdirektor Alexander Schubert.<\/p>\n\n\n<div class=\"wp-block-image\">\n<figure class=\"aligncenter size-full\"><img decoding=\"async\" loading=\"lazy\" width=\"800\" height=\"600\" src=\"https:\/\/speyer24news.com\/wp-content\/uploads\/2023\/05\/JahresPK-Histor.-Museum-12.jpg\" alt=\"\" class=\"wp-image-52265\" srcset=\"https:\/\/speyer24news.com\/wp-content\/uploads\/2023\/05\/JahresPK-Histor.-Museum-12.jpg 800w, https:\/\/speyer24news.com\/wp-content\/uploads\/2023\/05\/JahresPK-Histor.-Museum-12-300x225.jpg 300w, https:\/\/speyer24news.com\/wp-content\/uploads\/2023\/05\/JahresPK-Histor.-Museum-12-768x576.jpg 768w, https:\/\/speyer24news.com\/wp-content\/uploads\/2023\/05\/JahresPK-Histor.-Museum-12-678x509.jpg 678w, https:\/\/speyer24news.com\/wp-content\/uploads\/2023\/05\/JahresPK-Histor.-Museum-12-326x245.jpg 326w, https:\/\/speyer24news.com\/wp-content\/uploads\/2023\/05\/JahresPK-Histor.-Museum-12-80x60.jpg 80w\" sizes=\"(max-width: 800px) 100vw, 800px\" \/><\/figure><\/div>\n\n\n<p>Ab Fr\u00fchjahr 2025 widmet das Historische Museum der Pfalz dem wohl ber\u00fchmtesten Liebespaar der Antike, Caesar und Kleopatra, eine gro\u00dfe Sonderausstellung. Anhand historischer Fakten, schriftlicher Quellen und arch\u00e4ologischer Funde erz\u00e4hlt die Ausstellung die Beziehungsgeschichte zwischen der \u00e4gyptischen Pharaonin Kleopatra VII. und dem r\u00f6mischen Feldherrn Caius Julius Caesar in Episoden nach. Hochkar\u00e4tige Objekte und Kunstwerke aus international bekannten Museen in Europa geben den Besucherinnen und Besuchern Einblick in die drei Kulturkreise der makedonischen Ptolom\u00e4er, des antiken \u00c4gyptens und der r\u00f6mischen Republik.<\/p>\n\n\n<div class=\"wp-block-image\">\n<figure class=\"aligncenter size-full\"><img decoding=\"async\" loading=\"lazy\" width=\"800\" height=\"600\" src=\"https:\/\/speyer24news.com\/wp-content\/uploads\/2023\/05\/JahresPK-Histor.-Museum-15.jpg\" alt=\"\" class=\"wp-image-52263\" srcset=\"https:\/\/speyer24news.com\/wp-content\/uploads\/2023\/05\/JahresPK-Histor.-Museum-15.jpg 800w, https:\/\/speyer24news.com\/wp-content\/uploads\/2023\/05\/JahresPK-Histor.-Museum-15-300x225.jpg 300w, https:\/\/speyer24news.com\/wp-content\/uploads\/2023\/05\/JahresPK-Histor.-Museum-15-768x576.jpg 768w, https:\/\/speyer24news.com\/wp-content\/uploads\/2023\/05\/JahresPK-Histor.-Museum-15-678x509.jpg 678w, https:\/\/speyer24news.com\/wp-content\/uploads\/2023\/05\/JahresPK-Histor.-Museum-15-326x245.jpg 326w, https:\/\/speyer24news.com\/wp-content\/uploads\/2023\/05\/JahresPK-Histor.-Museum-15-80x60.jpg 80w\" sizes=\"(max-width: 800px) 100vw, 800px\" \/><\/figure><\/div>\n\n\n<p>Am 18. Juni geht die beliebte Familien-Ausstellung \u201eDer Gr\u00fcffelo kommt zur\u00fcck\u201c zu Ende. Am letzten Ausstellungstag erwartet das Historische Museum der Pfalz einen prominenten Gast: Der international gefeierte Illustrator Axel Scheffler besucht zur Finissage noch einmal Speyer. Ab 15 Uhr wird er f\u00fcr seine Fans aus ausgew\u00e4hlten, von ihm illustrierten Bilderb\u00fcchern lesen und das Publikum mit Darbietungen seiner Illustrationskunst begeistern. Karten f\u00fcr die Lesung gibt es bereits jetzt im Vorverkauf an der Museumskasse oder im Online-Shop unter&nbsp;<a href=\"https:\/\/deref-web.de\/mail\/client\/vcIvjOUlHac\/dereferrer\/?redirectUrl=http%3A%2F%2Fwww.tickets.museum.speyer.de\" target=\"_blank\" rel=\"noreferrer noopener\">www.tickets.museum.speyer.de<\/a><\/p>\n\n\n\n<h4 class=\"wp-block-heading\">Weitere Informationen zum Haus unter\u00a0<a href=\"https:\/\/deref-web.de\/mail\/client\/O8hjddZLn4E\/dereferrer\/?redirectUrl=http%3A%2F%2Fwww.museum.speyer.de\" target=\"_blank\" rel=\"noreferrer noopener\">www.museum.speyer.de<\/a><\/h4>\n\n\n\n<h3 class=\"wp-block-heading\">Sehen Sie hier das Fotoalbum zur Pressekonferenz:<\/h3>\n\n\n\n<figure class=\"wp-block-gallery has-nested-images columns-2 is-cropped wp-block-gallery-1 is-layout-flex wp-block-gallery-is-layout-flex\">\n<figure class=\"wp-block-image size-large\"><img decoding=\"async\" loading=\"lazy\" width=\"800\" height=\"559\" data-id=\"52250\" src=\"https:\/\/speyer24news.com\/wp-content\/uploads\/2023\/05\/JahresPK-Histor.-Museum-1.jpg\" alt=\"\" class=\"wp-image-52250\" srcset=\"https:\/\/speyer24news.com\/wp-content\/uploads\/2023\/05\/JahresPK-Histor.-Museum-1.jpg 800w, https:\/\/speyer24news.com\/wp-content\/uploads\/2023\/05\/JahresPK-Histor.-Museum-1-300x210.jpg 300w, https:\/\/speyer24news.com\/wp-content\/uploads\/2023\/05\/JahresPK-Histor.-Museum-1-768x537.jpg 768w\" sizes=\"(max-width: 800px) 100vw, 800px\" \/><\/figure>\n\n\n\n<figure class=\"wp-block-image size-large\"><img decoding=\"async\" loading=\"lazy\" width=\"800\" height=\"600\" data-id=\"52266\" src=\"https:\/\/speyer24news.com\/wp-content\/uploads\/2023\/05\/JahresPK-Histor.-Museum-2.jpg\" alt=\"\" class=\"wp-image-52266\" srcset=\"https:\/\/speyer24news.com\/wp-content\/uploads\/2023\/05\/JahresPK-Histor.-Museum-2.jpg 800w, https:\/\/speyer24news.com\/wp-content\/uploads\/2023\/05\/JahresPK-Histor.-Museum-2-300x225.jpg 300w, https:\/\/speyer24news.com\/wp-content\/uploads\/2023\/05\/JahresPK-Histor.-Museum-2-768x576.jpg 768w, https:\/\/speyer24news.com\/wp-content\/uploads\/2023\/05\/JahresPK-Histor.-Museum-2-678x509.jpg 678w, https:\/\/speyer24news.com\/wp-content\/uploads\/2023\/05\/JahresPK-Histor.-Museum-2-326x245.jpg 326w, https:\/\/speyer24news.com\/wp-content\/uploads\/2023\/05\/JahresPK-Histor.-Museum-2-80x60.jpg 80w\" sizes=\"(max-width: 800px) 100vw, 800px\" \/><\/figure>\n\n\n\n<figure class=\"wp-block-image size-large\"><img decoding=\"async\" loading=\"lazy\" width=\"800\" height=\"537\" data-id=\"52249\" src=\"https:\/\/speyer24news.com\/wp-content\/uploads\/2023\/05\/JahresPK-Histor.-Museum-3.jpg\" alt=\"\" class=\"wp-image-52249\" srcset=\"https:\/\/speyer24news.com\/wp-content\/uploads\/2023\/05\/JahresPK-Histor.-Museum-3.jpg 800w, https:\/\/speyer24news.com\/wp-content\/uploads\/2023\/05\/JahresPK-Histor.-Museum-3-300x201.jpg 300w, https:\/\/speyer24news.com\/wp-content\/uploads\/2023\/05\/JahresPK-Histor.-Museum-3-768x516.jpg 768w\" sizes=\"(max-width: 800px) 100vw, 800px\" \/><\/figure>\n\n\n\n<figure class=\"wp-block-image size-large\"><img decoding=\"async\" loading=\"lazy\" width=\"800\" height=\"600\" data-id=\"52261\" src=\"https:\/\/speyer24news.com\/wp-content\/uploads\/2023\/05\/JahresPK-Histor.-Museum-4.jpg\" alt=\"\" class=\"wp-image-52261\" srcset=\"https:\/\/speyer24news.com\/wp-content\/uploads\/2023\/05\/JahresPK-Histor.-Museum-4.jpg 800w, https:\/\/speyer24news.com\/wp-content\/uploads\/2023\/05\/JahresPK-Histor.-Museum-4-300x225.jpg 300w, https:\/\/speyer24news.com\/wp-content\/uploads\/2023\/05\/JahresPK-Histor.-Museum-4-768x576.jpg 768w, https:\/\/speyer24news.com\/wp-content\/uploads\/2023\/05\/JahresPK-Histor.-Museum-4-678x509.jpg 678w, https:\/\/speyer24news.com\/wp-content\/uploads\/2023\/05\/JahresPK-Histor.-Museum-4-326x245.jpg 326w, https:\/\/speyer24news.com\/wp-content\/uploads\/2023\/05\/JahresPK-Histor.-Museum-4-80x60.jpg 80w\" sizes=\"(max-width: 800px) 100vw, 800px\" \/><\/figure>\n\n\n\n<figure class=\"wp-block-image size-large\"><img decoding=\"async\" loading=\"lazy\" width=\"800\" height=\"600\" data-id=\"52247\" src=\"https:\/\/speyer24news.com\/wp-content\/uploads\/2023\/05\/JahresPK-Histor.-Museum-5.jpg\" alt=\"\" class=\"wp-image-52247\" srcset=\"https:\/\/speyer24news.com\/wp-content\/uploads\/2023\/05\/JahresPK-Histor.-Museum-5.jpg 800w, https:\/\/speyer24news.com\/wp-content\/uploads\/2023\/05\/JahresPK-Histor.-Museum-5-300x225.jpg 300w, https:\/\/speyer24news.com\/wp-content\/uploads\/2023\/05\/JahresPK-Histor.-Museum-5-768x576.jpg 768w, https:\/\/speyer24news.com\/wp-content\/uploads\/2023\/05\/JahresPK-Histor.-Museum-5-678x509.jpg 678w, https:\/\/speyer24news.com\/wp-content\/uploads\/2023\/05\/JahresPK-Histor.-Museum-5-326x245.jpg 326w, https:\/\/speyer24news.com\/wp-content\/uploads\/2023\/05\/JahresPK-Histor.-Museum-5-80x60.jpg 80w\" sizes=\"(max-width: 800px) 100vw, 800px\" \/><\/figure>\n\n\n\n<figure class=\"wp-block-image size-large\"><img decoding=\"async\" loading=\"lazy\" width=\"800\" height=\"591\" data-id=\"52246\" src=\"https:\/\/speyer24news.com\/wp-content\/uploads\/2023\/05\/JahresPK-Histor.-Museum-1.jpeg\" alt=\"\" class=\"wp-image-52246\" srcset=\"https:\/\/speyer24news.com\/wp-content\/uploads\/2023\/05\/JahresPK-Histor.-Museum-1.jpeg 800w, https:\/\/speyer24news.com\/wp-content\/uploads\/2023\/05\/JahresPK-Histor.-Museum-1-300x222.jpeg 300w, https:\/\/speyer24news.com\/wp-content\/uploads\/2023\/05\/JahresPK-Histor.-Museum-1-768x567.jpeg 768w, https:\/\/speyer24news.com\/wp-content\/uploads\/2023\/05\/JahresPK-Histor.-Museum-1-80x60.jpeg 80w\" sizes=\"(max-width: 800px) 100vw, 800px\" \/><\/figure>\n\n\n\n<figure class=\"wp-block-image size-large\"><img decoding=\"async\" loading=\"lazy\" width=\"800\" height=\"600\" data-id=\"52259\" src=\"https:\/\/speyer24news.com\/wp-content\/uploads\/2023\/05\/JahresPK-Histor.-Museum-6.jpg\" alt=\"\" class=\"wp-image-52259\" srcset=\"https:\/\/speyer24news.com\/wp-content\/uploads\/2023\/05\/JahresPK-Histor.-Museum-6.jpg 800w, https:\/\/speyer24news.com\/wp-content\/uploads\/2023\/05\/JahresPK-Histor.-Museum-6-300x225.jpg 300w, https:\/\/speyer24news.com\/wp-content\/uploads\/2023\/05\/JahresPK-Histor.-Museum-6-768x576.jpg 768w, https:\/\/speyer24news.com\/wp-content\/uploads\/2023\/05\/JahresPK-Histor.-Museum-6-678x509.jpg 678w, https:\/\/speyer24news.com\/wp-content\/uploads\/2023\/05\/JahresPK-Histor.-Museum-6-326x245.jpg 326w, https:\/\/speyer24news.com\/wp-content\/uploads\/2023\/05\/JahresPK-Histor.-Museum-6-80x60.jpg 80w\" sizes=\"(max-width: 800px) 100vw, 800px\" \/><\/figure>\n\n\n\n<figure class=\"wp-block-image size-large\"><img decoding=\"async\" loading=\"lazy\" width=\"800\" height=\"600\" data-id=\"52264\" src=\"https:\/\/speyer24news.com\/wp-content\/uploads\/2023\/05\/JahresPK-Histor.-Museum-7.jpg\" alt=\"\" class=\"wp-image-52264\" srcset=\"https:\/\/speyer24news.com\/wp-content\/uploads\/2023\/05\/JahresPK-Histor.-Museum-7.jpg 800w, https:\/\/speyer24news.com\/wp-content\/uploads\/2023\/05\/JahresPK-Histor.-Museum-7-300x225.jpg 300w, https:\/\/speyer24news.com\/wp-content\/uploads\/2023\/05\/JahresPK-Histor.-Museum-7-768x576.jpg 768w, https:\/\/speyer24news.com\/wp-content\/uploads\/2023\/05\/JahresPK-Histor.-Museum-7-678x509.jpg 678w, https:\/\/speyer24news.com\/wp-content\/uploads\/2023\/05\/JahresPK-Histor.-Museum-7-326x245.jpg 326w, https:\/\/speyer24news.com\/wp-content\/uploads\/2023\/05\/JahresPK-Histor.-Museum-7-80x60.jpg 80w\" sizes=\"(max-width: 800px) 100vw, 800px\" \/><\/figure>\n\n\n\n<figure class=\"wp-block-image size-large\"><img decoding=\"async\" loading=\"lazy\" width=\"800\" height=\"600\" data-id=\"52257\" src=\"https:\/\/speyer24news.com\/wp-content\/uploads\/2023\/05\/JahresPK-Histor.-Museum-8.jpg\" alt=\"\" class=\"wp-image-52257\" srcset=\"https:\/\/speyer24news.com\/wp-content\/uploads\/2023\/05\/JahresPK-Histor.-Museum-8.jpg 800w, https:\/\/speyer24news.com\/wp-content\/uploads\/2023\/05\/JahresPK-Histor.-Museum-8-300x225.jpg 300w, https:\/\/speyer24news.com\/wp-content\/uploads\/2023\/05\/JahresPK-Histor.-Museum-8-768x576.jpg 768w, https:\/\/speyer24news.com\/wp-content\/uploads\/2023\/05\/JahresPK-Histor.-Museum-8-678x509.jpg 678w, https:\/\/speyer24news.com\/wp-content\/uploads\/2023\/05\/JahresPK-Histor.-Museum-8-326x245.jpg 326w, https:\/\/speyer24news.com\/wp-content\/uploads\/2023\/05\/JahresPK-Histor.-Museum-8-80x60.jpg 80w\" sizes=\"(max-width: 800px) 100vw, 800px\" \/><\/figure>\n\n\n\n<figure class=\"wp-block-image size-large\"><img decoding=\"async\" loading=\"lazy\" width=\"800\" height=\"600\" data-id=\"52267\" src=\"https:\/\/speyer24news.com\/wp-content\/uploads\/2023\/05\/JahresPK-Histor.-Museum-9.jpg\" alt=\"\" class=\"wp-image-52267\" srcset=\"https:\/\/speyer24news.com\/wp-content\/uploads\/2023\/05\/JahresPK-Histor.-Museum-9.jpg 800w, https:\/\/speyer24news.com\/wp-content\/uploads\/2023\/05\/JahresPK-Histor.-Museum-9-300x225.jpg 300w, https:\/\/speyer24news.com\/wp-content\/uploads\/2023\/05\/JahresPK-Histor.-Museum-9-768x576.jpg 768w, https:\/\/speyer24news.com\/wp-content\/uploads\/2023\/05\/JahresPK-Histor.-Museum-9-678x509.jpg 678w, https:\/\/speyer24news.com\/wp-content\/uploads\/2023\/05\/JahresPK-Histor.-Museum-9-326x245.jpg 326w, https:\/\/speyer24news.com\/wp-content\/uploads\/2023\/05\/JahresPK-Histor.-Museum-9-80x60.jpg 80w\" sizes=\"(max-width: 800px) 100vw, 800px\" \/><\/figure>\n\n\n\n<figure class=\"wp-block-image size-large\"><img decoding=\"async\" loading=\"lazy\" width=\"800\" height=\"600\" data-id=\"52254\" src=\"https:\/\/speyer24news.com\/wp-content\/uploads\/2023\/05\/JahresPK-Histor.-Museum-10.jpg\" alt=\"\" class=\"wp-image-52254\" srcset=\"https:\/\/speyer24news.com\/wp-content\/uploads\/2023\/05\/JahresPK-Histor.-Museum-10.jpg 800w, https:\/\/speyer24news.com\/wp-content\/uploads\/2023\/05\/JahresPK-Histor.-Museum-10-300x225.jpg 300w, https:\/\/speyer24news.com\/wp-content\/uploads\/2023\/05\/JahresPK-Histor.-Museum-10-768x576.jpg 768w, https:\/\/speyer24news.com\/wp-content\/uploads\/2023\/05\/JahresPK-Histor.-Museum-10-678x509.jpg 678w, https:\/\/speyer24news.com\/wp-content\/uploads\/2023\/05\/JahresPK-Histor.-Museum-10-326x245.jpg 326w, https:\/\/speyer24news.com\/wp-content\/uploads\/2023\/05\/JahresPK-Histor.-Museum-10-80x60.jpg 80w\" sizes=\"(max-width: 800px) 100vw, 800px\" \/><\/figure>\n\n\n\n<figure class=\"wp-block-image size-large\"><img decoding=\"async\" loading=\"lazy\" width=\"600\" height=\"513\" data-id=\"52253\" src=\"https:\/\/speyer24news.com\/wp-content\/uploads\/2023\/05\/JahresPK-Histor.-Museum-11.jpg\" alt=\"\" class=\"wp-image-52253\" srcset=\"https:\/\/speyer24news.com\/wp-content\/uploads\/2023\/05\/JahresPK-Histor.-Museum-11.jpg 600w, https:\/\/speyer24news.com\/wp-content\/uploads\/2023\/05\/JahresPK-Histor.-Museum-11-300x257.jpg 300w\" sizes=\"(max-width: 600px) 100vw, 600px\" \/><\/figure>\n\n\n\n<figure class=\"wp-block-image size-large\"><img decoding=\"async\" loading=\"lazy\" width=\"800\" height=\"600\" data-id=\"52265\" src=\"https:\/\/speyer24news.com\/wp-content\/uploads\/2023\/05\/JahresPK-Histor.-Museum-12.jpg\" alt=\"\" class=\"wp-image-52265\" srcset=\"https:\/\/speyer24news.com\/wp-content\/uploads\/2023\/05\/JahresPK-Histor.-Museum-12.jpg 800w, https:\/\/speyer24news.com\/wp-content\/uploads\/2023\/05\/JahresPK-Histor.-Museum-12-300x225.jpg 300w, https:\/\/speyer24news.com\/wp-content\/uploads\/2023\/05\/JahresPK-Histor.-Museum-12-768x576.jpg 768w, https:\/\/speyer24news.com\/wp-content\/uploads\/2023\/05\/JahresPK-Histor.-Museum-12-678x509.jpg 678w, https:\/\/speyer24news.com\/wp-content\/uploads\/2023\/05\/JahresPK-Histor.-Museum-12-326x245.jpg 326w, https:\/\/speyer24news.com\/wp-content\/uploads\/2023\/05\/JahresPK-Histor.-Museum-12-80x60.jpg 80w\" sizes=\"(max-width: 800px) 100vw, 800px\" \/><\/figure>\n\n\n\n<figure class=\"wp-block-image size-large\"><img decoding=\"async\" loading=\"lazy\" width=\"800\" height=\"600\" data-id=\"52248\" src=\"https:\/\/speyer24news.com\/wp-content\/uploads\/2023\/05\/JahresPK-Histor.-Museum-13.jpg\" alt=\"\" class=\"wp-image-52248\" srcset=\"https:\/\/speyer24news.com\/wp-content\/uploads\/2023\/05\/JahresPK-Histor.-Museum-13.jpg 800w, https:\/\/speyer24news.com\/wp-content\/uploads\/2023\/05\/JahresPK-Histor.-Museum-13-300x225.jpg 300w, https:\/\/speyer24news.com\/wp-content\/uploads\/2023\/05\/JahresPK-Histor.-Museum-13-768x576.jpg 768w, https:\/\/speyer24news.com\/wp-content\/uploads\/2023\/05\/JahresPK-Histor.-Museum-13-678x509.jpg 678w, https:\/\/speyer24news.com\/wp-content\/uploads\/2023\/05\/JahresPK-Histor.-Museum-13-326x245.jpg 326w, https:\/\/speyer24news.com\/wp-content\/uploads\/2023\/05\/JahresPK-Histor.-Museum-13-80x60.jpg 80w\" sizes=\"(max-width: 800px) 100vw, 800px\" \/><\/figure>\n\n\n\n<figure class=\"wp-block-image size-large\"><img decoding=\"async\" loading=\"lazy\" width=\"500\" height=\"667\" data-id=\"52252\" src=\"https:\/\/speyer24news.com\/wp-content\/uploads\/2023\/05\/JahresPK-Histor.-Museum-14.jpg\" alt=\"\" class=\"wp-image-52252\" srcset=\"https:\/\/speyer24news.com\/wp-content\/uploads\/2023\/05\/JahresPK-Histor.-Museum-14.jpg 500w, https:\/\/speyer24news.com\/wp-content\/uploads\/2023\/05\/JahresPK-Histor.-Museum-14-225x300.jpg 225w\" sizes=\"(max-width: 500px) 100vw, 500px\" \/><\/figure>\n\n\n\n<figure class=\"wp-block-image size-large\"><img decoding=\"async\" loading=\"lazy\" width=\"800\" height=\"600\" data-id=\"52263\" src=\"https:\/\/speyer24news.com\/wp-content\/uploads\/2023\/05\/JahresPK-Histor.-Museum-15.jpg\" alt=\"\" class=\"wp-image-52263\" srcset=\"https:\/\/speyer24news.com\/wp-content\/uploads\/2023\/05\/JahresPK-Histor.-Museum-15.jpg 800w, https:\/\/speyer24news.com\/wp-content\/uploads\/2023\/05\/JahresPK-Histor.-Museum-15-300x225.jpg 300w, https:\/\/speyer24news.com\/wp-content\/uploads\/2023\/05\/JahresPK-Histor.-Museum-15-768x576.jpg 768w, https:\/\/speyer24news.com\/wp-content\/uploads\/2023\/05\/JahresPK-Histor.-Museum-15-678x509.jpg 678w, https:\/\/speyer24news.com\/wp-content\/uploads\/2023\/05\/JahresPK-Histor.-Museum-15-326x245.jpg 326w, https:\/\/speyer24news.com\/wp-content\/uploads\/2023\/05\/JahresPK-Histor.-Museum-15-80x60.jpg 80w\" sizes=\"(max-width: 800px) 100vw, 800px\" \/><\/figure>\n\n\n\n<figure class=\"wp-block-image size-large\"><img decoding=\"async\" loading=\"lazy\" width=\"800\" height=\"600\" data-id=\"52260\" src=\"https:\/\/speyer24news.com\/wp-content\/uploads\/2023\/05\/JahresPK-Histor.-Museum-16.jpg\" alt=\"\" class=\"wp-image-52260\" srcset=\"https:\/\/speyer24news.com\/wp-content\/uploads\/2023\/05\/JahresPK-Histor.-Museum-16.jpg 800w, https:\/\/speyer24news.com\/wp-content\/uploads\/2023\/05\/JahresPK-Histor.-Museum-16-300x225.jpg 300w, https:\/\/speyer24news.com\/wp-content\/uploads\/2023\/05\/JahresPK-Histor.-Museum-16-768x576.jpg 768w, https:\/\/speyer24news.com\/wp-content\/uploads\/2023\/05\/JahresPK-Histor.-Museum-16-678x509.jpg 678w, https:\/\/speyer24news.com\/wp-content\/uploads\/2023\/05\/JahresPK-Histor.-Museum-16-326x245.jpg 326w, https:\/\/speyer24news.com\/wp-content\/uploads\/2023\/05\/JahresPK-Histor.-Museum-16-80x60.jpg 80w\" sizes=\"(max-width: 800px) 100vw, 800px\" \/><\/figure>\n\n\n\n<figure class=\"wp-block-image size-large\"><img decoding=\"async\" loading=\"lazy\" width=\"800\" height=\"600\" data-id=\"52251\" src=\"https:\/\/speyer24news.com\/wp-content\/uploads\/2023\/05\/JahresPK-Histor.-Museum-17.jpg\" alt=\"\" class=\"wp-image-52251\" srcset=\"https:\/\/speyer24news.com\/wp-content\/uploads\/2023\/05\/JahresPK-Histor.-Museum-17.jpg 800w, https:\/\/speyer24news.com\/wp-content\/uploads\/2023\/05\/JahresPK-Histor.-Museum-17-300x225.jpg 300w, https:\/\/speyer24news.com\/wp-content\/uploads\/2023\/05\/JahresPK-Histor.-Museum-17-768x576.jpg 768w, https:\/\/speyer24news.com\/wp-content\/uploads\/2023\/05\/JahresPK-Histor.-Museum-17-678x509.jpg 678w, https:\/\/speyer24news.com\/wp-content\/uploads\/2023\/05\/JahresPK-Histor.-Museum-17-326x245.jpg 326w, https:\/\/speyer24news.com\/wp-content\/uploads\/2023\/05\/JahresPK-Histor.-Museum-17-80x60.jpg 80w\" sizes=\"(max-width: 800px) 100vw, 800px\" \/><\/figure>\n\n\n\n<figure class=\"wp-block-image size-large\"><img decoding=\"async\" loading=\"lazy\" width=\"800\" height=\"600\" data-id=\"52255\" src=\"https:\/\/speyer24news.com\/wp-content\/uploads\/2023\/05\/JahresPK-Histor.-Museum-18.jpg\" alt=\"\" class=\"wp-image-52255\" srcset=\"https:\/\/speyer24news.com\/wp-content\/uploads\/2023\/05\/JahresPK-Histor.-Museum-18.jpg 800w, https:\/\/speyer24news.com\/wp-content\/uploads\/2023\/05\/JahresPK-Histor.-Museum-18-300x225.jpg 300w, https:\/\/speyer24news.com\/wp-content\/uploads\/2023\/05\/JahresPK-Histor.-Museum-18-768x576.jpg 768w, https:\/\/speyer24news.com\/wp-content\/uploads\/2023\/05\/JahresPK-Histor.-Museum-18-678x509.jpg 678w, https:\/\/speyer24news.com\/wp-content\/uploads\/2023\/05\/JahresPK-Histor.-Museum-18-326x245.jpg 326w, https:\/\/speyer24news.com\/wp-content\/uploads\/2023\/05\/JahresPK-Histor.-Museum-18-80x60.jpg 80w\" sizes=\"(max-width: 800px) 100vw, 800px\" \/><\/figure>\n\n\n\n<figure class=\"wp-block-image size-large\"><img decoding=\"async\" loading=\"lazy\" width=\"800\" height=\"600\" data-id=\"52268\" src=\"https:\/\/speyer24news.com\/wp-content\/uploads\/2023\/05\/JahresPK-Histor.-Museum-19.jpg\" alt=\"\" class=\"wp-image-52268\" srcset=\"https:\/\/speyer24news.com\/wp-content\/uploads\/2023\/05\/JahresPK-Histor.-Museum-19.jpg 800w, https:\/\/speyer24news.com\/wp-content\/uploads\/2023\/05\/JahresPK-Histor.-Museum-19-300x225.jpg 300w, https:\/\/speyer24news.com\/wp-content\/uploads\/2023\/05\/JahresPK-Histor.-Museum-19-768x576.jpg 768w, https:\/\/speyer24news.com\/wp-content\/uploads\/2023\/05\/JahresPK-Histor.-Museum-19-678x509.jpg 678w, https:\/\/speyer24news.com\/wp-content\/uploads\/2023\/05\/JahresPK-Histor.-Museum-19-326x245.jpg 326w, https:\/\/speyer24news.com\/wp-content\/uploads\/2023\/05\/JahresPK-Histor.-Museum-19-80x60.jpg 80w\" sizes=\"(max-width: 800px) 100vw, 800px\" \/><\/figure>\n\n\n\n<figure class=\"wp-block-image size-large\"><img decoding=\"async\" loading=\"lazy\" width=\"484\" height=\"1024\" data-id=\"52256\" src=\"https:\/\/speyer24news.com\/wp-content\/uploads\/2023\/05\/JahresPK-Histor.-Museum-20-484x1024.jpg\" alt=\"\" class=\"wp-image-52256\" srcset=\"https:\/\/speyer24news.com\/wp-content\/uploads\/2023\/05\/JahresPK-Histor.-Museum-20-484x1024.jpg 484w, https:\/\/speyer24news.com\/wp-content\/uploads\/2023\/05\/JahresPK-Histor.-Museum-20-142x300.jpg 142w, https:\/\/speyer24news.com\/wp-content\/uploads\/2023\/05\/JahresPK-Histor.-Museum-20.jpg 500w\" sizes=\"(max-width: 484px) 100vw, 484px\" \/><\/figure>\n\n\n\n<figure class=\"wp-block-image size-large\"><img decoding=\"async\" loading=\"lazy\" width=\"383\" height=\"1024\" data-id=\"52269\" src=\"https:\/\/speyer24news.com\/wp-content\/uploads\/2023\/05\/JahresPK-Histor.-Museum-21-383x1024.jpg\" alt=\"\" class=\"wp-image-52269\" srcset=\"https:\/\/speyer24news.com\/wp-content\/uploads\/2023\/05\/JahresPK-Histor.-Museum-21-383x1024.jpg 383w, https:\/\/speyer24news.com\/wp-content\/uploads\/2023\/05\/JahresPK-Histor.-Museum-21-112x300.jpg 112w, https:\/\/speyer24news.com\/wp-content\/uploads\/2023\/05\/JahresPK-Histor.-Museum-21.jpg 500w\" sizes=\"(max-width: 383px) 100vw, 383px\" \/><\/figure>\n\n\n\n<figure class=\"wp-block-image size-large\"><img decoding=\"async\" loading=\"lazy\" width=\"800\" height=\"600\" data-id=\"52258\" src=\"https:\/\/speyer24news.com\/wp-content\/uploads\/2023\/05\/JahresPK-Histor.-Museum-22.jpg\" alt=\"\" class=\"wp-image-52258\" srcset=\"https:\/\/speyer24news.com\/wp-content\/uploads\/2023\/05\/JahresPK-Histor.-Museum-22.jpg 800w, https:\/\/speyer24news.com\/wp-content\/uploads\/2023\/05\/JahresPK-Histor.-Museum-22-300x225.jpg 300w, https:\/\/speyer24news.com\/wp-content\/uploads\/2023\/05\/JahresPK-Histor.-Museum-22-768x576.jpg 768w, https:\/\/speyer24news.com\/wp-content\/uploads\/2023\/05\/JahresPK-Histor.-Museum-22-678x509.jpg 678w, https:\/\/speyer24news.com\/wp-content\/uploads\/2023\/05\/JahresPK-Histor.-Museum-22-326x245.jpg 326w, https:\/\/speyer24news.com\/wp-content\/uploads\/2023\/05\/JahresPK-Histor.-Museum-22-80x60.jpg 80w\" sizes=\"(max-width: 800px) 100vw, 800px\" \/><\/figure>\n<\/figure>\n\n\n\n<p><em>Text: Historisches Museum der Pfalz Speyer Foto: Speyer 24 (NEWS)<br>26.05.2023<\/em><\/p>\n","protected":false},"excerpt":{"rendered":"<div class=\"mh-excerpt\"><p>Von K\u00f6nig Ludwig I. bis Kleopatra Historisches Museum der Pfalz stellt kommendes Ausstellungsprogramm vor Die n\u00e4chsten Sonderausstellungen stehen in den Startl\u00f6chern: Das Historische Museum der Pfalz bereitet zurzeit die kulturhistorische Ausstellung \u201eK\u00f6nig Ludwig I. \u2013 <a class=\"mh-excerpt-more\" href=\"https:\/\/speyer24news.com\/?p=52245\" title=\"Kultur \/ Historisches Museum der Pfalz Speyer\">[&#8230;]<\/a><\/p>\n<\/div>","protected":false},"author":3,"featured_media":31878,"comment_status":"open","ping_status":"open","sticky":false,"template":"","format":"standard","meta":{"_monsterinsights_skip_tracking":false,"_monsterinsights_sitenote_active":false,"_monsterinsights_sitenote_note":"","_monsterinsights_sitenote_category":0,"footnotes":""},"categories":[14],"tags":[1865,6133,5020,1191,540,16115,16119,16120,577,2200,16116,16118,16117],"aioseo_notices":[],"amp_enabled":true,"_links":{"self":[{"href":"https:\/\/speyer24news.com\/index.php?rest_route=\/wp\/v2\/posts\/52245"}],"collection":[{"href":"https:\/\/speyer24news.com\/index.php?rest_route=\/wp\/v2\/posts"}],"about":[{"href":"https:\/\/speyer24news.com\/index.php?rest_route=\/wp\/v2\/types\/post"}],"author":[{"embeddable":true,"href":"https:\/\/speyer24news.com\/index.php?rest_route=\/wp\/v2\/users\/3"}],"replies":[{"embeddable":true,"href":"https:\/\/speyer24news.com\/index.php?rest_route=%2Fwp%2Fv2%2Fcomments&post=52245"}],"version-history":[{"count":1,"href":"https:\/\/speyer24news.com\/index.php?rest_route=\/wp\/v2\/posts\/52245\/revisions"}],"predecessor-version":[{"id":52270,"href":"https:\/\/speyer24news.com\/index.php?rest_route=\/wp\/v2\/posts\/52245\/revisions\/52270"}],"wp:featuredmedia":[{"embeddable":true,"href":"https:\/\/speyer24news.com\/index.php?rest_route=\/wp\/v2\/media\/31878"}],"wp:attachment":[{"href":"https:\/\/speyer24news.com\/index.php?rest_route=%2Fwp%2Fv2%2Fmedia&parent=52245"}],"wp:term":[{"taxonomy":"category","embeddable":true,"href":"https:\/\/speyer24news.com\/index.php?rest_route=%2Fwp%2Fv2%2Fcategories&post=52245"},{"taxonomy":"post_tag","embeddable":true,"href":"https:\/\/speyer24news.com\/index.php?rest_route=%2Fwp%2Fv2%2Ftags&post=52245"}],"curies":[{"name":"wp","href":"https:\/\/api.w.org\/{rel}","templated":true}]}}