{"id":52282,"date":"2023-05-27T07:48:41","date_gmt":"2023-05-27T06:48:41","guid":{"rendered":"https:\/\/speyer24news.com\/?p=52282"},"modified":"2023-06-10T07:02:15","modified_gmt":"2023-06-10T06:02:15","slug":"polizeimeldungen-freitag-26-05-2023","status":"publish","type":"post","link":"https:\/\/speyer24news.com\/?p=52282","title":{"rendered":"Polizeimeldungen Freitag (26.05.2023)"},"content":{"rendered":"<style type=\"text\/css\">\r\n\t.ads_top_disp{}\r\n\t.ads_top_corner_disp{ float:left; margin:0px 10px 10px 0px; }\r\n\t.ads_first_p_disp{}\r\n\t.ads_bottom_disp{}\r\n\t<\/style>\n<h2 class=\"wp-block-heading\">Polizeimeldungen vom Freitag (26.05.2023)<\/h2>\n\n\n<div class=\"wp-block-image\">\n<figure class=\"aligncenter size-full\"><img decoding=\"async\" loading=\"lazy\" width=\"375\" height=\"500\" src=\"https:\/\/speyer24news.com\/wp-content\/uploads\/2022\/03\/Aktuelles-Polizeilogo.jpg\" alt=\"\" class=\"wp-image-43591\" srcset=\"https:\/\/speyer24news.com\/wp-content\/uploads\/2022\/03\/Aktuelles-Polizeilogo.jpg 375w, https:\/\/speyer24news.com\/wp-content\/uploads\/2022\/03\/Aktuelles-Polizeilogo-225x300.jpg 225w\" sizes=\"(max-width: 375px) 100vw, 375px\" \/><\/figure><\/div>\n\n\n<h2 class=\"wp-block-heading\">(Speyer) &#8211; Polizeieinsatz<\/h2>\n\n\n<div class=\"wp-block-image\">\n<figure class=\"aligncenter size-full\"><img decoding=\"async\" loading=\"lazy\" width=\"800\" height=\"600\" src=\"https:\/\/speyer24news.com\/wp-content\/uploads\/2021\/04\/SEK-Beispielbild.jpg\" alt=\"\" class=\"wp-image-35457\" srcset=\"https:\/\/speyer24news.com\/wp-content\/uploads\/2021\/04\/SEK-Beispielbild.jpg 800w, https:\/\/speyer24news.com\/wp-content\/uploads\/2021\/04\/SEK-Beispielbild-300x225.jpg 300w, https:\/\/speyer24news.com\/wp-content\/uploads\/2021\/04\/SEK-Beispielbild-768x576.jpg 768w, https:\/\/speyer24news.com\/wp-content\/uploads\/2021\/04\/SEK-Beispielbild-678x509.jpg 678w, https:\/\/speyer24news.com\/wp-content\/uploads\/2021\/04\/SEK-Beispielbild-326x245.jpg 326w, https:\/\/speyer24news.com\/wp-content\/uploads\/2021\/04\/SEK-Beispielbild-80x60.jpg 80w\" sizes=\"(max-width: 800px) 100vw, 800px\" \/><figcaption class=\"wp-element-caption\">Beispielbild eines Sondereinsatzkommandos (SEK) &#8211; Bild dient lediglich der Visualisierung<\/figcaption><\/figure><\/div>\n\n\n<p>Am Freitag (26.05.2023) kam es in einer Unterkunft in der Spaldinger Stra\u00dfe in Speyer zu einem gr\u00f6\u00dferen Polizeieinsatz. Der Polizei wurde gegen 15:30 Uhr eine Bedrohung mit einer Schusswaffe gemeldet. Gem\u00e4\u00df unseren vorbereiteten Einsatzkonzepten wurde die Unterkunft mit starken Polizeikr\u00e4ften \u00fcberpr\u00fcft. Nach ersten Ermittlungen kam es jedoch zu keiner Bedrohung. Ein Bewohner hatte bei einem 44-j\u00e4hrigen Mitbewohner der Unterkunft einen Gegenstand gesehen, bei dem es sich um eine Schusswaffe oder eine Spielzeugpistole handeln k\u00f6nnte. Zu einer Drohung oder \u00c4hnlichem kam es nicht.<\/p>\n\n\n\n<p>Der 44-J\u00e4hrige befand sich w\u00e4hrend des Polizeieinsatzes nicht mehr in der Unterkunft. Er konnte bei der anschlie\u00dfenden Fahndung in Darmstadt kontrolliert werden.<\/p>\n\n\n\n<p>Bei dem 44-J\u00e4hrigen konnte eine Schreckschusspistole sichergestellt werden. Gegen ihn wird nun wegen des Versto\u00dfes gegen das Waffengesetz ermittelt.<\/p>\n\n\n\n<h2 class=\"wp-block-heading\">(Speyer) &#8211; Radfahrer fl\u00fcchtet von der Unfallstelle<\/h2>\n\n\n\n<p>Am 25.05.2023 gegen 20:03 Uhr befuhr eine 36-j\u00e4hrige Frau mit ihrem PKW den St\u00f6ckelgraben in Fahrtrichtung Waldseer Stra\u00dfe. An der Einm\u00fcndung Otterstadter Weg kreuzte pl\u00f6tzlich von links kommend ein Fahrradfahrer. Er kollidierte mit dem Fahrzeug und st\u00fcrzte zu Boden. In der Hand hatte er zuvor eine Glasflasche gehalten, welche zerbrach und den Radfahrer an der Hand verletzte. Als die 36-J\u00e4hrige die Polizei rufen wollte, stieg der Mann auf sein Rad und fl\u00fcchtete. <\/p>\n\n\n\n<h4 class=\"wp-block-heading\">Der gefl\u00fcchtete Radfahrer wurde wie folgt beschrieben: <\/h4>\n\n\n\n<ul>\n<li><strong>ca.25 Jahre<\/strong><\/li>\n\n\n\n<li><strong>Oberlippenbart<\/strong><\/li>\n\n\n\n<li><strong>leichter Sommerhut<\/strong><\/li>\n\n\n\n<li><strong>dunkelblaues Shirt, kurze Hose, blaue Adidas Schuhe<\/strong><\/li>\n\n\n\n<li><strong>schwarzes Fahrrad mit gr\u00fcnem Spritzschutz am Hinterrad. <\/strong><\/li>\n<\/ul>\n\n\n\n<p>Am Fahrzeug entstand Sachschaden in H\u00f6he von ca. 1.400EUR<\/p>\n\n\n\n<ul>\n<li><strong>Wer hat den Unfall etwas beobachtet oder kann sachdienliche Hinweise geben? Zeugen werden gebeten, ihre Wahrnehmungen der Polizei Speyer telefonisch oder per E-Mail mitzuteilen (Tel. 06232 \/ 137-0, E-Mail an&nbsp;<a href=\"mailto:%20pispeyer@polizei.rlp.de\">pispeyer@polizei.rlp.de<\/a>. )<\/strong><\/li>\n<\/ul>\n\n\n\n<h2 class=\"wp-block-heading\">(Waldsee) &#8211; Nicht aus seinen Fehlern gelernt<\/h2>\n\n\n\n<p>Zum zweiten Mal innerhalb von vierzehn Tagen rief ein 61-j\u00e4hriger aus Waldsee die Polizei auf den Plan. Am Donnerstagmittag wurde auf einem Supermarktparkplatz in der Schlichtstra\u00dfe eine in einem Auto sitzende Person gemeldet, die nicht ansprechbar sei. Vor Ort konnte recht schnell festgestellt werden, dass der 61-j\u00e4hrige lediglich eingeschlafen war und kein medizinischer Notfall vorlag. Nach einer Ansprache durch die Polizei konnte bei dem Mann starker Alkoholgeruch festgestellt werden. Einen Atem-Alkoholtest konnte der Mann aufgrund seiner alkoholbedingten Ausnahmesituation nicht durchf\u00fchren. Am Fahrzeug des Mannes konnte zudem ein frischer Unfallschaden festgestellt werden, den er kurz zuvor bei einem Unfall verursacht hatte. Bereits vierzehn Tage zuvor hatte der 61-j\u00e4hrige in Altrip ebenfalls unter Alkoholeinfluss einen Verkehrsunfall verursacht. Infolge dessen wurde ihm bereits die Fahrerlaubnis vorl\u00e4ufig entzogen. Ihn erwartet nun ein weiteres Strafverfahren wegen Stra\u00dfenverkehrsgef\u00e4hrdung und Fahren ohne Fahrerlaubnis.<\/p>\n\n\n\n<h2 class=\"wp-block-heading\">(B\u00f6hl-Iggelheim) &#8211; Glasdach mit Steinen besch\u00e4digt<\/h2>\n\n\n\n<p>Bisher unbekannte Kinder besch\u00e4digten am fr\u00fchen Donnerstagabend ein Glasdach von einem Vordach auf dem Schulgel\u00e4nde der Pestalozzischule. Hierbei wurden die vier Unbekannten von Zeugen beobachtet. Nachdem sie das Dach besch\u00e4digt hatten fl\u00fcchteten die Kinder, noch bevor die Polizei eintraf. Ob es sich bei den Steinewerfern um Sch\u00fcler der Pestalozzischule handelt, bedarf weiterer Ermittlungen. Hinweise diesbez\u00fcglich liegen vor. <\/p>\n\n\n\n<ul>\n<li><strong>Zeugen bzw. Hinweisgeber werden gebeten, sich unter der Telefonnummer 06235 \/ 495-0 oder per E-Mail (<a href=\"mailto:pischifferstadt@polizei.rlp.de\">pischifferstadt@polizei.rlp.de<\/a>) bei der Polizei in Schifferstadt zu melden.<\/strong><\/li>\n<\/ul>\n\n\n\n<h2 class=\"wp-block-heading\">(B\u00f6hl-Iggelheim) &#8211; Kind leicht verletzt<\/h2>\n\n\n\n<p>Beim Einfahren von der Stra\u00dfe Am Schwarzweiher auf die L528 \u00fcbersah eine 84-j\u00e4hrige Pkw-Fahrerin aus B\u00f6hl-Iggelheim eine 8-j\u00e4hrige aus B\u00f6hl-Iggelheim, die mit ihrem Fahrrad von links kam und Vorfahrt hatte. Da das Kind nicht mehr rechtzeitig bremsen konnte, stie\u00df sie mit dem Fahrzeug zusammen und st\u00fcrzte daraufhin. Durch den anschlie\u00dfenden Sturz zog sich das Kind Sch\u00fcrfwunden am rechten Ellbogen und am rechten Knie zu. Sie wurde vor Ort in die Obhut ihrer Mutter \u00fcbergeben. Weder am dem Fahrrad noch an dem Pkw der 84-j\u00e4hrigen entstand ein Sachschaden.<\/p>\n\n\n\n<h2 class=\"wp-block-heading\">(Altrip) &#8211; Alkoholisierte Verkehrsteilnehmer aus dem Verkehr gezogen<\/h2>\n\n\n\n<p>Am Donnerstagabend wurde ein 53-j\u00e4hriger Fahrzeuglenker aus Ellerstadt in der Bezirkstra\u00dfe einer allgemeinen Verkehrskontrolle unterzogen. W\u00e4hrend der Kontrolle konnten bei dem Mann alkoholbedingte Auff\u00e4lligkeiten festgestellt werden. Ein durchgef\u00fchrter Atem-Alkoholtest ergab einen Wert von 1,12 Promille. Dem Mann wurde im Anschluss eine Blutprobe entnommen, Fahrzeugschl\u00fcssel und F\u00fchrerschein wurden sichergestellt. Ihn erwartet nun ein Verfahren wegen Trunkenheit im Verkehr.<\/p>\n\n\n\n<p>Nicht ganz so hart erwischte es nur kurze Zeit sp\u00e4ter eine 52-j\u00e4hrige Pkw-Fahrerin aus Altrip. Auch bei Ihr konnte im Rahmen einer Kontrolle in der Adriastra\u00dfe Alkoholgeruch festgestellt werden. Ein durchgef\u00fchrter Test ergab schlie\u00dflich einen Wert von 0,4 Promille. Ihr wurde daraufhin die Weiterfahrt untersagt und der Fahrzeugschl\u00fcssel wurde sichergestellt. Aufgrund des Wertes von 0,4 Promille erwartet die 52-j\u00e4hrige kein Verfahren, muss jedoch die Kosten f\u00fcr die Sicherstellung der Fahrzeugschl\u00fcssel tragen.<\/p>\n\n\n\n<h2 class=\"wp-block-heading\">(Hochdorf-Assenheim) &#8211; Unfall mit t\u00f6dlich verletztem Kleinkind<a href=\"https:\/\/www.facebook.com\/sharer.php?u=https%3A%2F%2Fwww.presseportal.de%2Fblaulicht%2Fpm%2F117688%2F5518396%2F%3Futm_source%3Dfacebook%26utm_medium%3Dsocial\"><\/a><a href=\"https:\/\/twitter.com\/intent\/tweet?text=POL-PDLU%3A%20Erstmeldung%20-%20Unfall%20mit%20t%C3%B6dlich%20verletztem%20Kleinkind&amp;url=https%3A%2F%2Fwww.presseportal.de%2Fblaulicht%2Fpm%2F117688%2F5518396%2F%3Futm_source%3Dtwitter%26utm_medium%3Dsocial&amp;hashtags=ots&amp;lang=de\"><\/a><a href=\"https:\/\/web.whatsapp.com\/send?text=POL-PDLU%3A%20Erstmeldung%20-%20Unfall%20mit%20t%C3%B6dlich%20verletztem%20Kleinkind%0A%0Ahttps%3A%2F%2Fwww.presseportal.de%2Fblaulicht%2Fpm%2F117688%2F5518396%2F%3Futm_source%3Dwhatsapp%26utm_medium%3Dsocial\"><\/a><a href=\"https:\/\/www.xing.com\/app\/user?op=share;url=https%3A%2F%2Fwww.presseportal.de%2Fblaulicht%2Fpm%2F117688%2F5518396%2F%3Futm_source%3Dxing%26utm_medium%3Dsocial\"><\/a><a href=\"http:\/\/www.linkedin.com\/shareArticle?mini=true&amp;url=https%3A%2F%2Fwww.presseportal.de%2Fblaulicht%2Fpm%2F117688%2F5518396%2F%3Futm_source%3Dlinkedin%26utm_medium%3Dsocial&amp;title=POL-PDLU%3A+Erstmeldung+-+Unfall+mit+t%C3%B6dlich+verletztem+Kleinkind\"><\/a><a href=\"mailto:?subject=POL-PDLU%3A%20Erstmeldung%20-%20Unfall%20mit%20t%C3%B6dlich%20verletztem%20Kleinkind&amp;body=https:\/\/www.presseportal.de\/blaulicht\/pm\/117688\/5518396\"><\/a><\/h2>\n\n\n\n<h3 class=\"wp-block-heading\">Gemeinsame Erstmeldung der Staatsanwaltschaft Frankenthal\/Pfalz und der Polizeiinspektion Schifferstadt<\/h3>\n\n\n<div class=\"wp-block-image\">\n<figure class=\"aligncenter size-full\"><img decoding=\"async\" loading=\"lazy\" width=\"800\" height=\"533\" src=\"https:\/\/speyer24news.com\/wp-content\/uploads\/2021\/01\/Ruhe-in-Frieden.jpg\" alt=\"\" class=\"wp-image-32361\" srcset=\"https:\/\/speyer24news.com\/wp-content\/uploads\/2021\/01\/Ruhe-in-Frieden.jpg 800w, https:\/\/speyer24news.com\/wp-content\/uploads\/2021\/01\/Ruhe-in-Frieden-300x200.jpg 300w, https:\/\/speyer24news.com\/wp-content\/uploads\/2021\/01\/Ruhe-in-Frieden-768x512.jpg 768w\" sizes=\"(max-width: 800px) 100vw, 800px\" \/><\/figure><\/div>\n\n\n<p>Am Freitagmorgen, gegen 08:45 Uhr, kam es ersten Ermittlungen zufolge an der Kreuzung Bahnhofstra\u00dfe \/ Am B\u00f6hler Pfad im Rahmen eines Abbiegevorgangs eines Transporters zu einem Zusammensto\u00df mit einem Kleinkind (18 Monate alt). Das Kind wurde hierbei t\u00f6dlich verletzt. Auf Anordnung der Staatsanwaltschaft Frankenthal wurde ein Sachverst\u00e4ndiger f\u00fcr die Unfallrekonstruktion hinzugezogen. Ein Kriseninterventionsteam ist vor Ort. Die Unfall\u00f6rtlichkeit ist aktuell abgesperrt. Neben der Polizei sind auch Kr\u00e4fte der Feuerwehr und des Rettungsdienstes im Einsatz. Die Ermittlungen zur Unfallursache dauern an. <\/p>\n\n\n\n<h3 class=\"wp-block-heading has-text-align-center\">Nachtragsmeldung &#8211; Unfall mit t\u00f6dlich verletztem Kleinkind<\/h3>\n\n\n\n<p>Am heutigen Morgen, gegen 08:45 Uhr, kam es an der Kreuzung Bahnhofstra\u00dfe \/ Am B\u00f6hler Pfad, in Hochdorf-Assenheim, im Rahmen eines Abbiegevorgangs eines Transporters zu einem Zusammensto\u00df mit einem Kleinkind (18 Monate alt). Es wird auf die erste Pressemeldung verwiesen. Die Unfallaufnahme ist abgeschlossen und die Unfall\u00f6rtlichkeit ist wieder freigegeben. Nach ersten Ermittlungen stand das Kleinkind mitten auf der Stra\u00dfe &#8222;Am B\u00f6hler Pfad&#8220;, als der Transporter von der Bahnhofstra\u00dfe in die erstgenannte Stra\u00dfe einbog. Der betreffende Fahrer, welcher gem\u00e4\u00df unabh\u00e4ngiger Zeugenaussage nicht zu schnell gefahren sein soll, erfasste dabei das Kind frontal. Das Kind erlag noch vor Ort seinen Verletzungen. Der Fahrer gab an, dass er das Kind nicht gesehen habe. Die genauen Umst\u00e4nde des Unfallgeschehens sind Gegenstand der laufenden Ermittlungen. Der Leichnam wurde sichergestellt und eine Obduktion ist anberaumt.<\/p>\n\n\n\n<h2 class=\"wp-block-heading\">(Lambsheim) &#8211; Verkehrsunfall mit Flucht \/ Gef\u00e4hrlicher Eingriff in den Bahnverkehr<\/h2>\n\n\n\n<p>Am Donnerstag, den 25.05.2023, kam es gegen 15:48 Uhr zu einem Verkehrsunfall mit Flucht sowie gef\u00e4hrlichem Eingriff in den Bahnverkehr am Bahn\u00fcbergang in der M\u00fchltorstra\u00dfe in Lambsheim. Ein bislang unbekannter Fahrzeugf\u00fchrer\/-in befuhr mit seinem\/ihrem PKW die M\u00fchltorstra\u00dfe in Richtung Hauptstra\u00dfe und wollte den dortige Bahn\u00fcbergang \u00fcber die Gegenspur passieren, w\u00e4hrend sich jedoch bereits die Bahnschranke schloss und auf das Fahrzeug senkte. Der Beifahrer sei nach Angaben des Zugf\u00fchrers, des sich bereits ann\u00e4hernden Zuges, aus dem blauen PKW ausgestiegen und habe sich den entstandenen Schaden angeschaut. Im Anschluss habe sich das Fahrzeug unerlaubt von der Unfallstelle entfernt. Ein Sachschaden an der Bahnschranke entstand nicht, jedoch kam es zu einer St\u00f6rung sowie Verz\u00f6gerung des Bahnverkehrs.<\/p>\n\n\n\n<h2 class=\"wp-block-heading\">(Dudenhofen) &#8211; Motorradfahrer beim \u00dcberholen gest\u00fcrzt<\/h2>\n\n\n\n<p>Am 24.05.2023 gegen 18:46 Uhr befuhr ein 16-J\u00e4hriger mit seinem Leichtkraftrad die Speyerer Stra\u00dfe in Richtung Speyer zur B39 unmittelbar hinter einem Lkw. Der 16-J\u00e4hrige wollte diesen links \u00fcberholen und stie\u00df dabei an einen in L\u00e4ngsaufstellung geparkten PKW. Durch den Aufprall wurde das Krad nach rechts abgelenkt und stie\u00df an den fahrenden Lkw. Der 19-J\u00e4hrige kam zu Fall und verletzte sich leicht. Der Gesamtschaden bel\u00e4uft sich auf mindestens 4000 Euro.<\/p>\n\n\n\n<h2 class=\"wp-block-heading\">(Bad Bergzabern) &#8211; Brieftasche entwendet<\/h2>\n\n\n\n<p>Am Donnerstag, 25.05.23, zwischen 10:00 und 10:30 Uhr, wurde einem 80-j\u00e4hrigen Mann aus einer Umh\u00e4ngetasche, w\u00e4hrend des Einkaufs in einem Supermarkt im Klingweg, die Brieftasche entwendet. <\/p>\n\n\n\n<ul>\n<li><strong>Hinweise zu auff\u00e4lligen Personen werden unter 06343-93340 oder unter&nbsp;<a href=\"mailto:%20pibadbergzabern@polizei.rlp.de\">pibadbergzabern@polizei.rlp.de<\/a>&nbsp;bei der Polizeiinspektion Bad Bergzabern entgegengenommen.<\/strong><\/li>\n<\/ul>\n\n\n\n<h2 class=\"wp-block-heading\">(Landau) &#8211; Polizeieinsatz an Berufsschule<\/h2>\n\n\n\n<h3 class=\"wp-block-heading has-text-align-center\">5. Nachtrag<\/h3>\n\n\n\n<p>Die Alarmausl\u00f6sung konnte nach Begutachtung durch die Herstellerfirma definitiv auf einen technischen Defekt der Anlage zur\u00fcckgef\u00fchrt werden.<\/p>\n\n\n\n<h2 class=\"wp-block-heading\">(Meckenheim) &#8211; Sachbesch\u00e4digung an Baumaschinen<\/h2>\n\n\n\n<p>Vom 25.05. auf den 26.05. kam es auf einer Baustelle in der Gemarkung Meckenheim auf einem Wirtschaftsweg an der A 65 in Richtung B\u00f6hl-Iggelheim zu Sachbesch\u00e4digungen an mehreren Baumaschinen. Durch unbekannte T\u00e4ter wurden im Motorraum eine Vielzahl von Keilriemen und Kabel zerschnitten und\/oder gekappt. Dadurch entstand ein hoher Sachschaden und die Bauarbeiten m\u00fcssen unterbrochen werden. Zeugen werden gebeten, sich mit der Polizeiinspektion Ha\u00dfloch in Verbindung zu setzen.<\/p>\n\n\n\n<h2 class=\"wp-block-heading\">(Erpolzheim) &#8211;<strong> <\/strong>Motorradfahrer bei Verkehrsunfall verletzt<\/h2>\n\n\n\n<p>Am Freitagvormittag, gegen 11:00 Uhr, kam es an der Einm\u00fcndung L526 \/ Kiebitzweg zu einem schweren Verkehrsunfall. Ersten Ermittlungen zufolge wurde ein Motorradfahrer, welcher die L526 in Richtung Birkenheide befuhr, von einem Pkw erfasst, welcher aus dem Kiebitzweg auf die L526 auffahren wollte. Der Motorradfahrer wurde schwerverletzt in ein Krankenhaus eingeliefert. Die Ermittlungen zur Unfallursache dauern an. Die L526 musste f\u00fcr die Verkehrsunfallaufnahme im Bereich des Kiebitzweges zeitweise gesperrt werden.<\/p>\n\n\n\n<p>Zeugen, die den Verkehrsunfall beobachtet haben, werden gebeten sich mit der Polizeiinspektion Bad D\u00fcrkheim unter 06322 9630 oder per Email an&nbsp;<a href=\"mailto:%20pibadduerkheim@polizei.rlp.de\">pibadduerkheim@polizei.rlp.de<\/a>&nbsp;in Verbindung setzen.<\/p>\n\n\n\n<h2 class=\"wp-block-heading\">(Gr\u00fcnstadt) &#8211; Fahrraddiebstahl<\/h2>\n\n\n\n<p>Im Zeitraum 24.05.2023, 19 Uhr, bis 25.05.2023, 11 Uhr, wurde aus einer Garage in der Stra\u00dfe &#8222;Auf der Setz&#8220; ein wei\u00dfes Pedelec der Marke Flyer entwendet. Gekauft wurde das Fahrrad 2019 f\u00fcr 2.500 Euro. <\/p>\n\n\n\n<ul>\n<li><strong>Zeugen, die Hinweise zur Tat und zu den\/dem unbekannten T\u00e4ter\/n geben k\u00f6nnen, melden sich bitte bei der Polizeiinspektion Gr\u00fcnstadt (06359\/9312-0).<\/strong><\/li>\n<\/ul>\n\n\n\n<h2 class=\"wp-block-heading\">(Polizeipr\u00e4sidium Rheinpfalz) &#8211; L\u00e4nder\u00fcbergreifender Kontrolltag<\/h2>\n\n\n\n<p>Das Polizeipr\u00e4sidium Rheinpfalz hat am Mittwoch, den 24. Mai 2023, am l\u00e4nder\u00fcbergreifenden Sicherheitstag zur Bek\u00e4mpfung von Straftaten im \u00f6ffentlichen Raum teilgenommen. Bereits zum sechsten Mal fand der l\u00e4nder\u00fcbergreifende Kontrolltag, an welchem sich die Bundesl\u00e4nder Baden-W\u00fcrttemberg, Bayern, Hessen, Saarland und Rheinland-Pfalz beteiligten, statt.<\/p>\n\n\n\n<p>Der thematische Schwerpunkt der Kontrollen im Polizeipr\u00e4sidium Rheinpfalz lag auf der Verhinderung und Bek\u00e4mpfung von Straftaten im \u00f6ffentlichem Raum und der St\u00e4rkung des Sicherheitsgef\u00fchls der Bev\u00f6lkerung.<\/p>\n\n\n\n<p>Der Aktionstag umfasste Fahndungs- und Kontrollma\u00dfnahmen sowie Identit\u00e4ts\u00fcberpr\u00fcfungen im \u00f6ffentlichen Raum, an bekannten Brennpunkten, im Personennahverkehr und auf Verkehrswegen.<\/p>\n\n\n\n<p>Insgesamt waren rund 150 Polizeibeamtinnen und Polizeibeamte bei den Ma\u00dfnahmen eingesetzt. W\u00e4hrend des Kontrolltages wurden 142 Personen und 73 Fahrzeuge kontrolliert. Dabei wurden 14 Haftbefehle vollstreckt und u.a. vier Straftaten gegen das Bet\u00e4ubungsmittelgesetz erfasst.<\/p>\n\n\n\n<h2 class=\"wp-block-heading\">(Ludwigshafen) &#8211; Betreten verboten \/ Hausfriedensbruch<\/h2>\n\n\n\n<p>Zwei M\u00e4nner betraten am Donnerstagabend (25.05.2023) das abgesperrte Geb\u00e4ude des ehemaligen Rathauscenters und l\u00f6sten damit die Sicherungsanlage aus. Einer der M\u00e4nner, ein 22-J\u00e4hriger, wurde von der Polizei gestellt. Dem zweiten T\u00e4ter gelang die Flucht. Nach ersten Erkenntnissen wurden keine Gegenst\u00e4nde aus dem Geb\u00e4ude entwendet. Die Polizei ermittelt derzeit noch den zweiten T\u00e4ter. Der 22-J\u00e4hrige muss sich nun wegen Hausfriedensbruch verantworten. <\/p>\n\n\n\n<ul>\n<li><strong>Sachdienliche Hinweise bitte an die Polizeiinspektion Ludwigshafen 1, Telefonnummer 0621 963-2122 oder per E-Mail&nbsp;<a href=\"mailto:%20piludwigshafen1@polizei.rlp.de\">piludwigshafen1@polizei.rlp.de<\/a>&nbsp;.<\/strong><\/li>\n<\/ul>\n\n\n\n<h2 class=\"wp-block-heading\">(Ludwigshafen) &#8211; Jugendliche werfen Scheiben einer Schule ein<\/h2>\n\n\n\n<p>Ein Zeuge beobachtete am Donnerstagabend (25.05.2023), wie f\u00fcnf Jugendliche vier Scheiben eines Schulgeb\u00e4udes in der Schulstra\u00dfe einwarfen. Der Zeuge verst\u00e4ndigte sofort die Polizei. Als die Polizisten vor Ort eintrafen, versuchten die Jugendlichen zu fl\u00fcchten. Die Polizei nahm die Verfolgung auf und konnte die T\u00e4ter stellen. Alle wurden anschlie\u00dfend an die Eltern \u00fcbergeben. Durch die Tat entstand ein Schaden von 1000 Euro.<\/p>\n\n\n\n<h2 class=\"wp-block-heading\">(Ludwigshafen) &#8211; Erneut F\u00e4lle von Telefonbetrug \/ Zeugen gesucht<\/h2>\n\n\n<div class=\"wp-block-image\">\n<figure class=\"aligncenter size-full\"><img decoding=\"async\" loading=\"lazy\" width=\"800\" height=\"577\" src=\"https:\/\/speyer24news.com\/wp-content\/uploads\/2022\/07\/pressebild-senioren-frau-telefon.jpg\" alt=\"\" class=\"wp-image-47724\" srcset=\"https:\/\/speyer24news.com\/wp-content\/uploads\/2022\/07\/pressebild-senioren-frau-telefon.jpg 800w, https:\/\/speyer24news.com\/wp-content\/uploads\/2022\/07\/pressebild-senioren-frau-telefon-300x216.jpg 300w, https:\/\/speyer24news.com\/wp-content\/uploads\/2022\/07\/pressebild-senioren-frau-telefon-768x554.jpg 768w\" sizes=\"(max-width: 800px) 100vw, 800px\" \/><\/figure><\/div>\n\n\n<p>Die Polizei registrierte von Mittwoch (24.05.2023) bis Donnerstag (25.05.2023) erneut F\u00e4lle von Betrug am Telefon. In drei F\u00e4llen meldeten sich falsche Polizeibeamte oder falsche Enkel und versuchten an das Geld der Betroffenen zu gelangen. Die Seniorinnen und Senioren verhielten sich richtig und beendeten fr\u00fchzeitig das Telefongespr\u00e4ch.<\/p>\n\n\n\n<p>In einem weiteren Fall gelang es am Donnerstagnachmittag (25.05.2023) Telefonbetr\u00fcgern in Ludwigshafen Schmuck und Bargeld zu erbeuten. Gegen 14 Uhr erhielt eine Frau in der Maxdorfer Stra\u00dfe einen Anruf eines falschen Polizeibeamten. Dieser teilte der Frau mit, dass ihre Tochter angeblich einen schlimmen Unfall verursacht h\u00e4tte. Um die Inhaftierung der Tochter abzuwenden forderte der Beamte eine Summe von 80.000 Euro. Da die Frau nur einen Teil der geforderten Summe aufwenden konnte, fragte der Polizeibeamte nach weiteren Wertgegenst\u00e4nden. Die Frau vereinbarte daraufhin in der Maxdorfer Stra\u00dfe die \u00dcbergabe, wo um 16 Uhr ein unbekannter Mann erschien und einen Beutel mit Bargeld und Schmuck entgegennahm. Anschlie\u00dfend ging der Unbekannte mit der Beute in Richtung A650. <\/p>\n\n\n\n<ul>\n<li><strong>Der T\u00e4ter trug eine Sonnenbrille, eine Kappe, einen schwarzen Schal und einen beigen Sakko. <\/strong><\/li>\n\n\n\n<li><strong>Die Polizei sucht nun Zeugen. Wer hat im Tatzeitraum im Bereich der Maxdorfer Stra\u00dfe die beschriebene Person beobachtet oder andere verd\u00e4chtige Wahrnehmungen gemacht? <\/strong><\/li>\n<\/ul>\n\n\n\n<ul>\n<li><strong>Sachdienliche Hinweise nimmt die Kriminalpolizei Ludwigshafen unter der Telefonnummer 0621\/963-2773 oder per E-Mail&nbsp;<a href=\"mailto:%20kiludwigshafen.k1.kdd@polizei.rlp.de\">kiludwigshafen.k1.kdd@polizei.rlp.de<\/a>&nbsp;entgegen.<\/strong><\/li>\n<\/ul>\n\n\n\n<h2 class=\"wp-block-heading\">(Ludwigshafen) &#8211; Gef\u00e4hrliche K\u00f6rperverletzung \/ Zeugen gesucht<\/h2>\n\n\n\n<p>Ein unbekannter Mann schlug am Donnerstag (25.05.2023) mit einem bislang unbekannten Gegenstand in das Gesicht eines 67-J\u00e4hrigen und verletzte diesen. Der 67-J\u00e4hrige war gegen 11.20 Uhr in der Eschenbachstra\u00dfe unterwegs, als er auf den Unbekannten traf, der auf einer Wiese sa\u00df. Der 67-J\u00e4hrige machte den Mann darauf aufmerksam, dass die gesamte Wiese voller Hundekot sei. Daraufhin stand der Mann auf und schlug mit einem Gegenstand in das Gesicht des 67-J\u00e4hrigen. Anschlie\u00dfend fl\u00fcchtete er. Der 67-J\u00e4hrige musst in einem Krankenhaus medizinisch versorgt werden. <\/p>\n\n\n\n<ul>\n<li><strong>Der T\u00e4ter war circa 25 Jahre alt, circa 1,80m gro\u00df, hatte blondes Haar und trug einen blauen Kapuzenpullover. <\/strong><\/li>\n<\/ul>\n\n\n\n<ul>\n<li><strong>Sachdienliche Hinweise bitte an die Polizeiinspektion Ludwigshafen 2, Telefonnummer 0621 963-2222 oder per E-Mail&nbsp;<a href=\"mailto:%20piludwigshafen2@polizei.rlp.de\">piludwigshafen2@polizei.rlp.de<\/a>&nbsp;.<\/strong><\/li>\n<\/ul>\n\n\n\n<h2 class=\"wp-block-heading\">(Ludwigshafen) &#8211; Kennzeichendiebst\u00e4hle<\/h2>\n\n\n\n<p>Die Polizei Ludwigshafen registrierte am Mittwoch (24.05.2023) und Donnerstag (25.05.2023) drei Kennzeichendiebst\u00e4hle. Die betroffenen Fahrzeuge waren in der Berliner Stra\u00dfe und Hoheloogstra\u00dfe geparkt. <\/p>\n\n\n\n<ul>\n<li><strong>Sachdienliche Hinweise bitte an die Polizeiinspektion Ludwigshafen 1, Telefonnummer 0621 963-2122 oder per E-Mail&nbsp;<a href=\"mailto:%20piludwigshafen1@polizei.rlp.de\">piludwigshafen1@polizei.rlp.de<\/a>&nbsp;.<\/strong><\/li>\n<\/ul>\n\n\n\n<h2 class=\"wp-block-heading\">(Ludwigshafen) &#8211; Sachbesch\u00e4digung in Schule<\/h2>\n\n\n\n<p>Unbekannte verschafften sich von Mittwoch (24.05.2023) auf Donnerstag (25.05.2023) Zugang zum Geb\u00e4ude einer Schule in der Rheing\u00f6nheimer Stra\u00dfe. Im Innern wurde mehrere R\u00e4ume durchw\u00fchlt und M\u00f6bel besch\u00e4digt. Gegenst\u00e4nde wurden nicht entwendet. Die Schadensh\u00f6he steht derzeit noch nicht fest. Die Polizei sucht Zeugen. <\/p>\n\n\n\n<ul>\n<li><strong>Sachdienliche Hinweise bitte an die Polizeiinspektion Ludwigshafen 1, Telefonnummer 0621 963-2122 oder per E-Mail&nbsp;<a href=\"mailto:%20piludwigshafen1@polizei.rlp.de\">piludwigshafen1@polizei.rlp.de<\/a>&nbsp;.<\/strong><\/li>\n<\/ul>\n\n\n\n<h2 class=\"wp-block-heading\">(Ludwigshafen) &#8211; Einbruch in Kleingartenanlage<\/h2>\n\n\n\n<p>Unbekannte gelangten in der Nacht von Mittwoch (24.05.2023) auf Donnerstag (25.05.2023) in eine Kleingartenanlage in der Bayreuther Stra\u00dfe und brachen dort mehrere Gartenh\u00e4user auf. Aus den Anlage wurden Werkzeug, vier Fahrr\u00e4der und ein Stromaggregat entwendet. Die Gesamtschadensh\u00f6he steht derzeit noch nicht fest. <\/p>\n\n\n\n<ul>\n<li><strong>Sachdienliche Hinweise bitte an die Polizeiinspektion Ludwigshafen 2, Telefonnummer 0621 963-2222 oder per E-Mail&nbsp;<a href=\"mailto:%20piludwigshafen2@polizei.rlp.de\">piludwigshafen2@polizei.rlp.de<\/a>&nbsp;.<\/strong><\/li>\n<\/ul>\n\n\n\n<h2 class=\"wp-block-heading\">(Ludwigshafen) &#8211; Polizeikontrollen in der n\u00f6rdlichen Innenstadt<\/h2>\n\n\n\n<p>Anl\u00e4sslich des sechsten l\u00e4nder\u00fcbergreifenden Sicherheitstages zur Bek\u00e4mpfung von Straftaten im \u00f6ffentlichen Raum f\u00fchrte die Polizeiinspektion Ludwigshafen 2 am Mittwochabend (24.05.2023) in der Zeit von 22 Uhr bis 1 Uhr Kontrollen, insbesondere in Gastronomiebetrieben, in der n\u00f6rdlichen Innenstadt durch.<\/p>\n\n\n\n<p>Der thematische Schwerpunkt des Kontrolltages, an denen sich Bundesl\u00e4nder Baden-W\u00fcrttemberg, Bayern, Hessen, Saarland und Rheinland-Pfalz beteiligten, lag insbesondere auf der Bek\u00e4mpfung der Stra\u00dfenkriminalit\u00e4t, besonders von Aggressionsdelikten und Bet\u00e4ubungsmittelkriminalit\u00e4t sowie der St\u00e4rkung des Sicherheitsgef\u00fchls in der Bev\u00f6lkerung.<\/p>\n\n\n\n<p>Insgesamt wurden bei den Kontrollen in der n\u00f6rdlichen Innenstadt 63 Personen kontrolliert. Bei einer Person konnten die Polizeikr\u00e4fte einen offenen Haftbefehl vollstrecken und sechs weitere Personen waren zur Aufenthaltsermittlung ausgeschrieben. Dar\u00fcber hinaus erfassten die eingesetzten Polizeibeamtinnen und -beamten drei Strafanzeigen (zwei Strafanzeige wegen Verst\u00f6\u00dfe gegen das Bet\u00e4ubungsmittelgesetz und eine Strafanzeige wegen der Verletzung der Vertraulichkeit des Wortes).<\/p>\n\n\n\n<p>Neben Polizeibeamtinnen und Polizeibeamten des Polizeipr\u00e4sidiums Rheinpfalz waren auch Polizeikr\u00e4fte des Polizeipr\u00e4sidiums Einsatz, Technik und Logistik sowie des Kommunalen Vollzugsdienstes der Stadt Ludwigshafen eingesetzt.<\/p>\n\n\n\n<p>Unabh\u00e4ngig vom l\u00e4nder\u00fcbergreifenden Sicherheitstag wird die Polizeiinspektion Ludwigshafen 2 auch weiterhin Kontrollen in der Innenstadt durchf\u00fchren.<\/p>\n\n\n\n<h2 class=\"wp-block-heading\">(Ludwigshafen) &#8211; Wechseltrickbetrug<\/h2>\n\n\n\n<p>Eine 82-J\u00e4hrige wurde am Mittwoch (24.05.2023), gegen 10.35 Uhr, von einem bislang unbekannten Mann im Bereich der Hauptstra\u00dfe angesprochen und um Wechselgeld gebeten. Die 82-J\u00e4hrige suchte daraufhin nach Wechselgeld und wurde gleichzeitig von dem Mann mit einem Zettel abgelenkt. Die kurze Unaufmerksamkeit nutzte der Unbekannte aus und entwendete 80 Euro aus dem Geldbeutel der 82-J\u00e4hrigen. <\/p>\n\n\n\n<ul>\n<li><strong>Der T\u00e4ter war circa 1,80m gro\u00df, zwischen 30 und 35 Jahren alt und trug eine Glatze. <\/strong><\/li>\n<\/ul>\n\n\n\n<ul>\n<li><strong>Sachdienliche Hinweise nimmt die Kriminalpolizei Ludwigshafen unter der Telefonnummer 0621\/963-2773 oder per E-Mail&nbsp;<a href=\"mailto:%20kiludwigshafen.k1.kdd@polizei.rlp.de\">kiludwigshafen.k1.kdd@polizei.rlp.de<\/a>&nbsp;entgegen.<\/strong><\/li>\n<\/ul>\n\n\n\n<h2 class=\"wp-block-heading\">(Mannheim \/ Schwetzingen \/ Speyer) &#8211; Zwei M\u00e4nner und eine Frau wegen des Verdachts der Betrugsmasche &#8222;Wasserschaden&#8220; festgenommen und in Untersuchungshaft<\/h2>\n\n\n\n<h3 class=\"wp-block-heading\">Gemeinsame Presseerkl\u00e4rung der Staatsanwaltschaft Mannheim und des Polizeipr\u00e4sidiums Mannheim<\/h3>\n\n\n<div class=\"wp-block-image\">\n<figure class=\"aligncenter size-full\"><img decoding=\"async\" loading=\"lazy\" width=\"800\" height=\"533\" src=\"https:\/\/speyer24news.com\/wp-content\/uploads\/2020\/06\/Zelle.jpg\" alt=\"\" class=\"wp-image-28203\" srcset=\"https:\/\/speyer24news.com\/wp-content\/uploads\/2020\/06\/Zelle.jpg 800w, https:\/\/speyer24news.com\/wp-content\/uploads\/2020\/06\/Zelle-300x200.jpg 300w, https:\/\/speyer24news.com\/wp-content\/uploads\/2020\/06\/Zelle-768x512.jpg 768w\" sizes=\"(max-width: 800px) 100vw, 800px\" \/><figcaption class=\"wp-element-caption\">Beispielbild Zelle \/ Verhaftung, dient lediglich der Visualisierung<\/figcaption><\/figure><\/div>\n\n\n<p>Umfangreiche Ermittlungen der Spezialistinnen und Spezialisten f\u00fcr Raub- und Eigentumsdelikte der Kriminalpolizeidirektion Heidelberg und der Staatsanwaltschaft Mannheim f\u00fchrten zu einem Tatverdacht gegen einen 46-j\u00e4hrigen und 51-j\u00e4hrigen Mann aus Deutschland, die nach Vorspiegelung von Wassersch\u00e4den bei Gesch\u00e4digten Bargeld und Schmuck entwendet haben sollen.<\/p>\n\n\n\n<p>Am 20.04.2023 gegen 13:30 Uhr soll sich der 46-j\u00e4hrige Tatverd\u00e4chtige unter dem Vorwand, sich um einen akuten Wasserschaden k\u00fcmmern zu m\u00fcssen, Zutritt zu der Wohnung eines Ehepaars aus Schwetzingen verschafft haben. Dabei gab er sich als Hausmeisterpraktikant aus. W\u00e4hrend das Ehepaar von dem 46-J\u00e4hrigen abgelenkt wurde, soll der 51-j\u00e4hrige Tatverd\u00e4chtige Schmuck im Gesamtwert von \u00fcber 8.000 EUR entwendet haben.<\/p>\n\n\n\n<p>Am 11.05.2023 gegen 10:00 Uhr soll sich der 46-j\u00e4hrige Tatverd\u00e4chtige unter dem Vorwand eines Rohrbruchs- bzw. Wasserschadens in die Wohnung eines Ehepaars in Mannheim begeben haben. Als der Wohnungsinhaber zur Ablenkung von dem 46-J\u00e4hrigen erst in die K\u00fcche und dann in das Badezimmer gef\u00fchrt wurde, sch\u00f6pfte er jedoch schnell Verdacht, dass er Opfer einer Betrugsmasche geworden sein k\u00f6nnte. Als er das Badezimmer verlassen wollte, versuchte der 46-J\u00e4hrige ihn daran zu hindern, was ihm nicht gelang. Im Flur begegnete der Wohnungsinhaber dem 51-j\u00e4hrigen Tatverd\u00e4chtigen, der nach einer Rangelei mit dem Wohnungsinhaber mit Schmuck im Gesamtwert von 2.500 EUR gefl\u00fcchtet sein soll. Auch der zweite Tatverd\u00e4chtige konnte fl\u00fcchten.<\/p>\n\n\n\n<p>Am 24.05.2023 gegen 10:30 Uhr soll der 46-j\u00e4hrige Tatverd\u00e4chtige unter dem Vorwand, dass er die Wasserleitungen aufgrund eines Rohrbruchs im Nachbarhaus \u00fcberpr\u00fcfen m\u00fcsse, in das Haus einer Seniorin in Speyer gelangt sein. W\u00e4hrend sie durch ihn abgelenkt wurde, soll der 51-j\u00e4hrige Tatverd\u00e4chtige 500 EUR Bargeld und diverse Schmuckst\u00fccke entwendet haben.<\/p>\n\n\n\n<p>Aufgrund der bereits laufenden Ermittlungen konnten die zwei tatverd\u00e4chtigen M\u00e4nner am 24.05.2023 direkt nach der Tat in Speyer durch die Polizei festgenommen werden und das Diebesgut sichergestellt werden. Eine 50-j\u00e4hrige mutma\u00dfliche Komplizin wurde an ihrer Wohnanschrift in Nordrhein-Westfalen ebenfalls festgenommen. In der Folge wurde sie einem Haftrichter beim Amtsgericht Bielefeld vorgef\u00fchrt, der einen von der Staatsanwaltschaft Mannheim bei dem Amtsgericht Mannheim erwirkten Haftbefehl in Vollzug setzte. Bei Durchsuchungsma\u00dfnahmen konnten in der Wohnung der 50-J\u00e4hrigen unter anderem gro\u00dfe Mengen an Schmuckst\u00fccken, M\u00fcnzen und Goldbarren sowie neuwertige Smartphones aufgefunden werden.<\/p>\n\n\n\n<p>Der 46-j\u00e4hrige und der 51-j\u00e4hrige Tatverd\u00e4chtige wurden am Folgetag bei dem Amtsgericht Mannheim vorgef\u00fchrt. Gegen sie wurden durch den Haft- und Ermittlungsrichter des Amtsgerichts Mannheim ebenfalls Haftbefehle erlassen und in Vollzug gesetzt. Alle drei Tatverd\u00e4chtigen wurden in unterschiedliche Justizvollzugsanstalten eingeliefert.<\/p>\n\n\n\n<p>Die Ermittlungen der Staatsanwaltschaft Mannheim und der Kriminalpolizei Heidelberg dauern weiter an und konzentrieren sich auch auf m\u00f6gliche Zusammenh\u00e4nge und Verbindungen zu anderen Taten.<\/p>\n\n\n\n<h2 class=\"wp-block-heading\">(Mannheim \/ Heidelberg \/ Rhein-Neckar-Kreis) &#8211; Sechster l\u00e4nder\u00fcbergreifender Sicherheitstag \/ Bilanz des Polizeipr\u00e4sidiums Mannheim<\/h2>\n\n\n\n<p>Am Mittwoch, den 24. Mai 2023 fand der sechste l\u00e4nder\u00fcbergreifende Sicherheitstag zur St\u00e4rkung der Sicherheit im \u00f6ffentlichen Raum statt. Im Rahmen dieses Sicherheitstages der Polizei in den Bundesl\u00e4ndern Baden-W\u00fcrttemberg, Bayern, Hessen, Rheinland-Pfalz und dem Saarland f\u00fchrte auch in diesem Jahr das Polizeipr\u00e4sidiums Mannheim in seinem Zust\u00e4ndigkeitsbereich geb\u00fcndelt umfangreiche Einsatz-, Kontroll- und Fahndungsma\u00dfnahmen durch. Erg\u00e4nzt wurden diese Ma\u00dfnahmen durch ein breites Angebot an Informations- und Pr\u00e4ventionsveranstaltungen. Polizeipr\u00e4sident Siegfried Kollmar dazu: &#8222;Unsere Region soll nicht nur sicher sein, sondern die B\u00fcrgerinnen und B\u00fcrger sollen sich auch sicher f\u00fchlen.&#8220; Abgesehen davon, dass wir an so einem Tag mit den konzertierten Aktionen tats\u00e4chlich Straftaten oder Risiken im Stra\u00dfenverkehr aufdecken und verhindern, st\u00e4rkt die besonders sichtbare Polizeipr\u00e4senz nat\u00fcrlich das Sicherheitsgef\u00fchl der Bev\u00f6lkerung und sensibilisiert viele durch die vielf\u00e4ltigen Pr\u00e4ventionsveranstaltungen f\u00fcr das Thema &#8222;Sicherheit im \u00f6ffentlichen Raum&#8220;. &#8222;Besonders sch\u00e4tze ich an so einem Tag au\u00dferdem, dass die beh\u00f6rden\u00fcbergreifende Zusammenarbeit weiter intensiviert wird und sich viele neue Ermittlungsans\u00e4tze f\u00fcr unsere t\u00e4gliche Arbeit ergeben. Ich danke allen beteiligten Kolleginnen und Kollegen f\u00fcr Ihr Engagement und die gute Zusammenarbeit&#8220;.<\/p>\n\n\n\n<h4 class=\"wp-block-heading\">Der Sicherheitstag in Zahlen<\/h4>\n\n\n\n<p>Zwischen 06-22 Uhr waren in den St\u00e4dten Mannheim und Heidelberg sowie im Rhein-Neckar-Kreis 284 Beamtinnen und Beamte eingesetzt, davon 244 eigene des Polizeipr\u00e4sidiums Mannheim und 40 unterst\u00fctzende Besch\u00e4ftigte des Polizeipr\u00e4sidiums Einsatz, des Zolls, der Bundespolizei sowie der Stadt Mannheim. Neben zahlreichen offenen Kontrollma\u00dfnahmen und verdeckten Fahndungsma\u00dfnahmen mit Einsatzfahrzeugen sowie Fu\u00dfstreifen im gesamten Zust\u00e4ndigkeitsbereich fand in der Zeit von 10 bis 16.00 Uhr eine station\u00e4re Kontrolle auf der Tank- und Rastanlage Hockenheim-West statt. Schwerpunkt waren hier ganzheitliche Verkehrs-, Fahndungs- und Kriminalit\u00e4tskontrollen sowie Kontrollen des gewerblichen G\u00fcterverkehrs. Insgesamt wurden 2.498 Kontrollen durchgef\u00fchrt, darin involviert waren 1.095 Personen, 404 Fahrzeuge, 971 Dokumente und 20 Objekte. Daraus ergaben sich 26 Fahndungstreffer. 18 Personen, die bereits zur Fahndung ausgeschrieben waren, wurden festgenommen, bei acht Personen handelte es sich lediglich um eine Aufenthaltsermittlung. Dar\u00fcber hinaus wurden 106 Ma\u00dfnahmen getroffen, darunter u.a. zwei Platzverweise, drei Gewahrsamnahmen, 21 Festnahmen, acht Blutentnahmen, zwei Sicherstellungen der Fahrerlaubnis und vier Einbehaltungen von Sicherheitsleistungen. Durchsucht wurden 131 Personen, 62 Fahrzeuge und f\u00fcnf Objekte. Dies f\u00fchrte u.a. zur Beschlagnahme bzw. Sicherstellung kleinerer Mengen an Bet\u00e4ubungsmitteln sowie sechs Waffen oder waffen\u00e4hnlichen Gegenst\u00e4nden. Insgesamt wurden 132 Straftaten und 111 Ordnungswidrigkeiten festgestellt, darunter Verst\u00f6\u00dfe gegen das Bet\u00e4ubungsmittelgesetz, das Waffengesetz, das Ausl\u00e4nderrecht sowie verkehrsrechtliche Verst\u00f6\u00dfe. Die Kolleginnen und Kollegen des Referats Pr\u00e4vention erreichten mit ihren Infost\u00e4nden, Vortr\u00e4gen und Fu\u00dfstreifen rund 950 Menschen und verteilten an die 450 Infoflyer.<\/p>\n\n\n\n<h2 class=\"wp-block-heading\">(Mannheim) &#8211; Blaulichttag auf der Bundesgartenschau \/ Ein unvergesslicher Tag f\u00fcr Familien!<\/h2>\n\n\n<div class=\"wp-block-image\">\n<figure class=\"aligncenter size-full\"><img decoding=\"async\" loading=\"lazy\" width=\"800\" height=\"727\" src=\"https:\/\/speyer24news.com\/wp-content\/uploads\/2023\/04\/BUGA-Eroeffnung-1.jpg\" alt=\"\" class=\"wp-image-51604\" srcset=\"https:\/\/speyer24news.com\/wp-content\/uploads\/2023\/04\/BUGA-Eroeffnung-1.jpg 800w, https:\/\/speyer24news.com\/wp-content\/uploads\/2023\/04\/BUGA-Eroeffnung-1-300x273.jpg 300w, https:\/\/speyer24news.com\/wp-content\/uploads\/2023\/04\/BUGA-Eroeffnung-1-768x698.jpg 768w\" sizes=\"(max-width: 800px) 100vw, 800px\" \/><\/figure><\/div>\n\n\n<p>Mehr als 500 Mitarbeitende verschiedener Blaulichtorganisationen und rund 60 unterschiedliche Blaulichtfahrzeuge sorgen am Samstag, den 10. Juni f\u00fcr einen ganz besonderen Tag auf der Bundesgartenschau in Mannheim. Auf dem Spinelligel\u00e4nde findet w\u00e4hrend der \u00d6ffnungszeiten von 9 &#8211; 19 Uhr ein spannendes Programm statt, welches von vielen Blaulichtorganisationen der Region gemeinsam ausgerichtet wird.<\/p>\n\n\n\n<p>Direkt am Haupteingang in der &#8222;Kantine Iris&#8220; startet das erste Highlight des Tages &#8211; die Kinderrallye. Zum Start d\u00fcrfen Kinder an einer Fotobox mit Uniformteilen entscheiden, f\u00fcr welche Blaulichtorganisation ihr Herz schl\u00e4gt. Danach erwartet alle ein mitrei\u00dfendes Programm mit vielen Stationen, welche in einem Blaulichthelferausweis abgestempelt werden d\u00fcrfen. Wer es am Ende des Tages schafft den &#8222;R\u00e4uber&#8220; auf dem BuGa-Gel\u00e4nde einzufangen und somit seinen Blaulichtausweis vollst\u00e4ndig auszuf\u00fcllen, darf sich wom\u00f6glich \u00fcber tolle Gewinne wie einem Polizeihubschrauberflug, einen Nachmittag beim Zoll am Flughafen Frankfurt oder einem Besuch auf der Hauptfeuerwehrwache in Mannheim mit L\u00f6sch\u00fcbung freuen.<\/p>\n\n\n\n<p>Neben dem Polizeihubschrauber und einem Bootstrailer der Wasserschutzpolizei, sind etliche Gro\u00dffahrzeuge wie der Wasserwerfer der Polizei, die Vollmobiler\u00f6ntgenanlage des Zolls, der Sonderwagen &#8222;EAGLE&#8220; der Bundespolizei, mehrere L\u00f6schfahrzeuge der Feuerwehr, einem Berger\u00e4umger\u00e4t des THW, Rettungsfahrzeuge des Deutschen Roten Kreuzes, der Johanniter und der Malteser auf dem Gel\u00e4nde verteilt und k\u00f6nnen von Gro\u00df und Klein besichtigt werden. Der ASB stellt au\u00dferdem seinen W\u00fcnschewagen vor und die DLRG ist mit einem Bootsgruppen- und einem Tauchfahrzeug vertreten. Auf dem Polizeimotorrad d\u00fcrfen alle Kinder probesitzen und Bilder schie\u00dfen. Das Motorrad erg\u00e4nzt \u00fcbrigens eine Ausstellung vom \u00fcber 50 Jahre alten Polizeifahrzeug zum hochmodernen Elektro-Streifenwagen sowie besonderen Einsatzfahrzeugen der Polizei.<\/p>\n\n\n\n<p>An vielen weiteren St\u00e4nden erhalten Sie intensive Einblicke in die Arbeit der Blaulichtfamilie. Wer schlie\u00dflich von den vielf\u00e4ltigen Mitmachaktionen auf dem weitl\u00e4ufigen Gel\u00e4nde eine Verschnaufpause braucht, der findet ein interessantes B\u00fchnenprogramm an der Hauptb\u00fchne oder kann die aufregenden Vorf\u00fchrungen der Zoll-, Polizei- und Rettungshunde im n\u00f6rdlichen Bereich des Gel\u00e4ndes auf der Wiese genie\u00dfen. Ab 15:30 Uhr findet im M\u00f6glichkeitsgarten ein gemeinsames Friedensgebet verschiedener Glaubensvertreterinnen und -vertreter statt, zu welchem herzlich eingeladen wird.<\/p>\n\n\n\n<p>Abgerundet wird der Tag ab 17:00 Uhr unter dem Motto: &#8222;Freiheit Leben&#8220; mit einem gro\u00dfen Konzert. Der Salon Diplomatique e.V. konnte in Kooperation mit dem Weltzentrum des Friedens, der Freiheit und der Menschenrechte mit Sitz in Verdun\/Frankreich, dem Honorarkonsul von Frankreich in Mannheim und dem Institut Fran\u00e7ais Mannheim das Orchester der franz\u00f6sischen Police Nationale &#8222;Musique des Gardiens de la Paix&#8220; f\u00fcr einen exklusiven Auftritt in Mannheim gewinnen. Das 50-k\u00f6pfige Orchester spielt zusammen mit dem Landespolizeiorchester Baden-W\u00fcrttemberg auf der Hauptb\u00fchne.<\/p>\n\n\n\n<h2 class=\"wp-block-heading\">(Mannheim) &#8211; Brand in den I-Quadraten<\/h2>\n\n\n\n<p>Aufgrund eines Brandes auf einer Baustelle in den I-Quadraten sind Einsatzkr\u00e4fte der Polizei, Feuerwehr und Rettungsdienst im Einsatz. Die Stra\u00dfen zwischen H3 und I5 sind aktuell gesperrt. (26.05.2023 \u2013 13:48)<\/p>\n\n\n\n<h3 class=\"wp-block-heading has-text-align-center\">Brand in den I-Quadraten gel\u00f6scht &#8211; Sperrungen aufgehoben<\/h3>\n\n\n\n<p>Wie bereits berichtet kam es Freitagmittag gegen 13.00 Uhr zu einem Brand auf einer Baustelle in den I-Quadraten. Einsatzkr\u00e4fte der Polizei, Feuerwehr und Rettungsdienst waren bis in den Nachmittag im Einsatz. Der Brand konnte zwischenzeitlich gel\u00f6scht werden. Die Verkehrssperrungen bestehen nicht mehr.<\/p>\n\n\n\n<p>Eine Schadensh\u00f6he ist derzeit noch nicht bekannt. Nach aktuellem Kenntnisstand wurde niemand verletzt.<\/p>\n\n\n\n<h2 class=\"wp-block-heading\">(Mannheim) &#8211; Brand in einer Industrieanlage<\/h2>\n\n\n\n<p>Am Freitag kam es gegen 11.20 Uhr zum Brand in einer Industrieanlage. Die Brandbek\u00e4mpfung und L\u00fcftungsma\u00dfnahmen durch die Feuerwehr sind eingeleitet. Verletzt wurde gl\u00fccklicherweise niemand. Der Einsatz wird noch einige Zeit andauern. Es kommt zu Sperrungen der Dalbergstra\u00dfe, Seilerstra\u00dfe und der Holzstra\u00dfe. Verkehrskundige werden gebeten, die \u00d6rtlichkeit zu umfahren.<\/p>\n\n\n\n<h3 class=\"wp-block-heading has-text-align-center\">Pressemeldung Nr.2<\/h3>\n\n\n\n<p>In den Freitagsmittagsstunden kam es bei einer in der Mannheimer Neckarvorlandstra\u00dfe ans\u00e4ssigen Industrieanlage zu einem Brand. Der Brand brach, laut \u00fcbermittelten Erkenntnissen, in den Kakao- Mahlwerken \/ M\u00fchlen der Industrieanlage aus und verlagerte sich in weitere Filteranlagen. Nachdem die L\u00f6scharbeiten scheinbar zun\u00e4chst erfolgreich zu verlaufen schienen, kam es jedoch zu erneuten weiteren Entz\u00fcndungen. Gegen 19:00 Uhr konnte der Brand letzten Endes erfolgreich bek\u00e4mpft und die eingeleiteten Brandbek\u00e4mpfungsma\u00dfnahmen g\u00e4nzlich eingestellt werden. Die erforderlich gewordenen Verkehrssperrungen wurden allesamt wieder aufgehoben. Die vor Ort befindlichen 35 Einsatzkr\u00e4fte der Feuerwehr und die 7 im Einsatzgeschehen befindlichen Funkstreifenbesatzungen der Polizei konnten allesamt wieder abr\u00fccken. Bei dem Brandgeschehen entstand ein Sachschaden in bislang noch unbekannter H\u00f6he. Zu Personensch\u00e4den kam es nicht.<\/p>\n\n\n\n<h2 class=\"wp-block-heading\">(Mannheim) &#8211; Unter Alkohol &#8211; und Drogeneinfluss und ohne F\u00fchrerschein unterwegs<\/h2>\n\n\n\n<p>Polizeibeamtinnen und Polizeibeamte des Polizeirevier Mannheim-Neckarstadt f\u00fchrten bei einem 38-j\u00e4hrigen Renault-Fahrer am Donnerstagabend gegen 22 Uhr in der Friedrichstra\u00dfe eine Verkehrskontrolle durch. Bei einem durchgef\u00fchrten Atemalkoholtest konnte dann ein Wert von 1,7 Promille festgestellt werden. Im weiteren Verlauf der Kontrolle stellte sich heraus, dass der 38-J\u00e4hrige zudem noch Bet\u00e4ubungsmittel konsumiert hatte und nicht im Besitz eines F\u00fchrerscheins war. Aufgrund seines Konsums von Alkohol und Bet\u00e4ubungsmittel musste der Mann eine Blutprobe abgeben. Der Fahrer wird wegen Fahren ohne Fahrerlaubnis sowie Trunkenheit im Stra\u00dfenverkehr angezeigt. Die Ermittlungen dauern an.<\/p>\n\n\n\n<h2 class=\"wp-block-heading\">(Mannheim) &#8211; Sachbesch\u00e4digung an Schule durch mehrere Schmierereien<\/h2>\n\n\n\n<p>Die Au\u00dfenfassade einer Schule in der Neckarpromenade wurde in dem Zeitraum zwischen Mittwochnachmittag 16 Uhr und Donnerstagmittag 12 Uhr durch eine bisher unbekannte T\u00e4terschaft durch diverse Graffitis beschmiert. Der hierbei entstandene Sachschaden wird auf einen Betrag in vierstelliger H\u00f6he gesch\u00e4tzt.<\/p>\n\n\n\n<ul>\n<li><strong>Zeugen, die sachdienliche Hinweise geben k\u00f6nnen, werden gebeten, sich beim Polizeirevier Mannheim-Neckarstadt, Tel.: 06221 \/ 3301 -0, zu melden.<\/strong><\/li>\n<\/ul>\n\n\n\n<h2 class=\"wp-block-heading\">(Mannheim) &#8211; Nach versuchtem Raub an Stra\u00dfenbahnhaltestelle weitere Zeugen gesucht!<\/h2>\n\n\n<div class=\"wp-block-image\">\n<figure class=\"aligncenter size-full\"><img decoding=\"async\" loading=\"lazy\" width=\"801\" height=\"600\" src=\"https:\/\/speyer24news.com\/wp-content\/uploads\/2020\/05\/Zeugen-gesucht-Neutral.jpg\" alt=\"\" class=\"wp-image-26598\" srcset=\"https:\/\/speyer24news.com\/wp-content\/uploads\/2020\/05\/Zeugen-gesucht-Neutral.jpg 801w, https:\/\/speyer24news.com\/wp-content\/uploads\/2020\/05\/Zeugen-gesucht-Neutral-300x225.jpg 300w, https:\/\/speyer24news.com\/wp-content\/uploads\/2020\/05\/Zeugen-gesucht-Neutral-768x575.jpg 768w, https:\/\/speyer24news.com\/wp-content\/uploads\/2020\/05\/Zeugen-gesucht-Neutral-678x509.jpg 678w, https:\/\/speyer24news.com\/wp-content\/uploads\/2020\/05\/Zeugen-gesucht-Neutral-326x245.jpg 326w, https:\/\/speyer24news.com\/wp-content\/uploads\/2020\/05\/Zeugen-gesucht-Neutral-80x60.jpg 80w\" sizes=\"(max-width: 801px) 100vw, 801px\" \/><\/figure><\/div>\n\n\n<p>Zwei bislang unbekannte T\u00e4terinnen forderten am Sonntagnachmittag um 17:30 Uhr an einer Haltestelle in der Friedrich-Ebert-Stra\u00dfe eine 29-j\u00e4hrige Frau auf, Bargeld im niedrigen zweistelligen Bereich auszuh\u00e4ndigen. Als diese der Forderung nicht nachkam, zogen die T\u00e4terinnen die Frau an den Haaren. Au\u00dferdem verletzten diese die 29-j\u00e4hrige Frau mit Schl\u00e4gen ins Gesicht und bissen ihr in den Finger. Im weiteren Verlauf zerschlug eine der T\u00e4terinnen eine Glasflasche und bedrohte die Frau mit dieser. Ein Zeuge wurde auf die Situation aufmerksam und eilte der 29-J\u00e4hrigen zur Hilfe, woraufhin die beiden T\u00e4terinnen die Flucht ergriffen. Zur Behandlung ihrer Verletzungen begab sich die Frau leicht verletzt in ein Krankenhaus.<\/p>\n\n\n\n<ul>\n<li><strong>Das Kriminalkommissariat Mannheim hat die weiteren Ermittlungen aufgenommen und bittet Zeugen, insbesondere den hilfeleistenden Zeugen, sich unter der Telefonnummer 0621 \/ 174-4444 zu melden.<\/strong><\/li>\n<\/ul>\n\n\n\n<h2 class=\"wp-block-heading\">(Mannheim-K\u00e4fertal) &#8211; Unfall mit zwei verletzten Radfahrern<\/h2>\n\n\n\n<p>Am Donnerstagnachmittag, gegen 14:40 Uhr fuhr ein 16-j\u00e4hriger Radfahrer auf der Lampertheimer Stra\u00dfe in Fahrtrichtung Dornheimer Ring auf dem dortigen Verbindungsweg. Aufgrund der L\u00e4rmschutzwand \u00fcbersieht er die entgegenkommende 69-j\u00e4hrige Radfahrerin, weshalb es zu einer Kollision kam. Dabei st\u00fcrzt die 69-J\u00e4hrige und verletzt sich schwer. Nach erster Versorgung vor Ort wurde sie in ein umliegendes Krankenhaus gebracht. Beide Beteiligten trugen keinen Fahrradhelm.<\/p>\n\n\n\n<p>An beiden R\u00e4dern entstand geringer Sachschaden.<\/p>\n\n\n\n<p>Der 16-j\u00e4hrige Unfallverursacher muss sich nun wegen fahrl\u00e4ssiger K\u00f6rperverletzung verantworten.<\/p>\n\n\n\n<h2 class=\"wp-block-heading\">(Schwetzingen \/ Rhein-Neckar-Kreis) &#8211; Exhibitionistische Handlung \/ Zeugen gesucht!<\/h2>\n\n\n<div class=\"wp-block-image\">\n<figure class=\"aligncenter size-full\"><img decoding=\"async\" loading=\"lazy\" width=\"500\" height=\"1000\" src=\"https:\/\/speyer24news.com\/wp-content\/uploads\/2022\/10\/Exhibitionist.png\" alt=\"\" class=\"wp-image-49838\" srcset=\"https:\/\/speyer24news.com\/wp-content\/uploads\/2022\/10\/Exhibitionist.png 500w, https:\/\/speyer24news.com\/wp-content\/uploads\/2022\/10\/Exhibitionist-150x300.png 150w\" sizes=\"(max-width: 500px) 100vw, 500px\" \/><\/figure><\/div>\n\n\n<p>Am Mittwochmittag gegen 15:15 Uhr soll sich eine bislang unbekannte m\u00e4nnliche Person in der Bertholt-Brecht-Stra\u00dfe in der N\u00e4he des Bahnhofs und der dortigen Unterf\u00fchrung gegen\u00fcber einer Passantin in unsittlicher Art und Weise ber\u00fchrt haben. Zuvor hat der T\u00e4ter unter einem Vorwand versucht, ein Gespr\u00e4ch mit der 17-j\u00e4hrigen Passantin zu beginnen. Nachdem sich die 17-J\u00e4hrige verbal zur Wehr setzte, entfernte sich der Unbekannte in Richtung der Unterf\u00fchrung.<\/p>\n\n\n\n<h4 class=\"wp-block-heading\">Der T\u00e4ter wird wie folgt beschrieben:<\/h4>\n\n\n\n<ul>\n<li><strong>muskul\u00f6se K\u00f6rperstatur<\/strong><\/li>\n\n\n\n<li><strong>breite Schultern<\/strong><\/li>\n\n\n\n<li><strong>20-25 Jahre alt<\/strong><\/li>\n\n\n\n<li><strong>ca. 180 cm gro\u00df<\/strong><\/li>\n\n\n\n<li><strong>sehr helle Haut<\/strong><\/li>\n\n\n\n<li><strong>rote kurze Haare<\/strong><\/li>\n\n\n\n<li><strong>l\u00e4ngliches Gesicht mit einem kleinen Mund und kleinen Augen<\/strong><\/li>\n\n\n\n<li><strong>Der unbekannte T\u00e4ter trug ein wei\u00dfes T-Shirt und eine kurze schwarze Sporthose.<\/strong><\/li>\n<\/ul>\n\n\n\n<ul>\n<li><strong>Die Kriminalpolizeidirektion Heidelberg hat die Ermittlungen \u00fcbernommen und bittet Zeugen, sich bei sachdienlichen Hinweisen unter der Telefonnummer 0621\/174-4444 zu melden.<\/strong><\/li>\n<\/ul>\n\n\n\n<h2 class=\"wp-block-heading\">(Sandhausen \/ Rhein-Neckar-Kreis) &#8211; Diebesbande nach Verkehrskontrolle festgenommen<\/h2>\n\n\n<div class=\"wp-block-image\">\n<figure class=\"aligncenter size-full\"><img decoding=\"async\" loading=\"lazy\" width=\"800\" height=\"533\" src=\"https:\/\/speyer24news.com\/wp-content\/uploads\/2021\/10\/Festnahme-Handschellen.jpg\" alt=\"\" class=\"wp-image-41224\" srcset=\"https:\/\/speyer24news.com\/wp-content\/uploads\/2021\/10\/Festnahme-Handschellen.jpg 800w, https:\/\/speyer24news.com\/wp-content\/uploads\/2021\/10\/Festnahme-Handschellen-300x200.jpg 300w, https:\/\/speyer24news.com\/wp-content\/uploads\/2021\/10\/Festnahme-Handschellen-768x512.jpg 768w\" sizes=\"(max-width: 800px) 100vw, 800px\" \/><figcaption class=\"wp-element-caption\">Beispielbild Handschelle \/ Verhaftung, dient lediglich der Visualisierung<\/figcaption><\/figure><\/div>\n\n\n<p>Einen richtigen Riecher bewiesen die Beamten\/Beamtinnen der Autobahnpolizei am Donnerstagnachmittag gegen 16 Uhr auf der BAB5, Anschlussstelle Walldorf\/Wiesloch und Heidelberg\/Schwetzingen. Nachdem diese ein Fahrzeug einer Verkehrskontrolle unterzogen haben, konnten die Beamten\/Beamtinnen hinter dem Fahrersitz sowie im Kofferraum des Fahrzeugs mehrere gro\u00dfe T\u00fcten mit Diebesgut auffinden. In den T\u00fcten konnten rund 1000 Gegenst\u00e4nde festgestellt werden. Hierunter befanden sich diverse Kosmetikartikel, Shampoo-Flaschen sowie Alkoholika. Die H\u00f6he des Diebstahlschadens ist Teil der aktuellen Ermittlungen. Woher das Diebesgut stammt und wie genau die T\u00e4ter an das Diebesgut gelangten, wird derzeit durch die Ermittler und Ermittlerinnen eruiert. Die drei M\u00e4nner wurden vorl\u00e4ufig festgenommen und f\u00fcr weitere Ma\u00dfnahmen auf das Autobahnrevier gebracht. Hier wurden die M\u00e4nner erkennungsdienstlich behandelt. Sie m\u00fcssen nun mit einer Anzeige wegen Bandendiebstahl rechnen.<\/p>\n\n\n\n<h2 class=\"wp-block-heading\">(Sinsheim \/ Rhein-Neckar-Kreis) &#8211; Autofahrer durchbricht Zaun<\/h2>\n\n\n\n<p>In Sinsheim befuhr eine Autofahrerin am Freitag gegen 08.15 Uhr die Neulandstra\u00dfe. Vermutlich aufgrund \u00fcberh\u00f6hter Geschwindigkeit, verlor sie die Kontrolle \u00fcber ihren BMW und durchbrach den Zaun eines Firmengrundst\u00fccks. Ob sie sich hierbei verletzt hat und wie hoch der entstandene Sachschaden ist, ist derzeit noch unklar. Rettungskr\u00e4fte befinden sich vor Ort im Einsatz.<\/p>\n\n\n\n<h3 class=\"wp-block-heading has-text-align-center\">Pressemeldung Nr. 2<\/h3>\n\n\n\n<p>Wie bereits berichtet, fuhr am Freitagmorgen, gegen 08:15 Uhr eine BMW-Fahrerin die Neulandstra\u00dfe entlang. Nach bisherigen Ermittlungen verlor die Autofahrerin, vermutlich aufgrund \u00fcberh\u00f6hter Geschwindigkeit, in einer Linkskurve die Kontrolle \u00fcber ihr Fahrzeug und durchbrach den Zaun eines Firmengrundst\u00fccks. In der Folge kollidierte die Frau mit einem Firmenwerbeschild und kam an diesem schlie\u00dflich zum Stehen. Durch den Unfall wurde die BMW-Fahrerin leicht verletzt in ein umliegendes Krankenhaus eingeliefert. An dem BMW entstand ein Totalschaden. Die H\u00f6he des gesamten Sachschadens ist noch unklar und Teil der derzeitigen laufenden Ermittlungen. Das Fahrzeug wurde durch einen Abschleppdienst abgeschleppt. Das Polizeirevier Sinsheim hat die Ermittlungen aufgenommen.<\/p>\n\n\n\n<h2 class=\"wp-block-heading\">(Weinheim \/ Rhein-Neckar-Kreis) &#8211; Hund verursacht Fahrradsturz, Radfahrer verletzt<\/h2>\n\n\n\n<p>Am Donnerstagabend kam es in der Odenwaldstra\u00dfe zu einer Kollision zwischen einem 68-j\u00e4hrigen Radfahrer und einem nicht angeleinten Hund.<\/p>\n\n\n\n<p>Der 14-j\u00e4hrige befand sich mit seiner Mutter und seinem Hund auf der daneben befindlichen Wiese, als der Hund pl\u00f6tzlich auf die Stra\u00dfe lief.<\/p>\n\n\n\n<p>Durch den Zusammensto\u00df fiel der Radfahrer zu Boden und verletzte sich schwer, weshalb er in ein umliegendes Krankenhaus gebracht werden musste. Der Hund wurde ebenfalls leicht verletzt. Es entstand ein Sachschaden von ca. 500 Euro.<\/p>\n\n\n\n<p>Das Polizeirevier Weinheim hat die Unfallermittlungen aufgenommen. Der Hundebesitzer hat sich zudem wegen fahrl\u00e4ssiger K\u00f6rperverletzung zu verantworten.<\/p>\n","protected":false},"excerpt":{"rendered":"<div class=\"mh-excerpt\"><p>Polizeimeldungen vom Freitag (26.05.2023) (Speyer) &#8211; Polizeieinsatz Am Freitag (26.05.2023) kam es in einer Unterkunft in der Spaldinger Stra\u00dfe in Speyer zu einem gr\u00f6\u00dferen Polizeieinsatz. Der Polizei wurde gegen 15:30 Uhr eine Bedrohung mit einer <a class=\"mh-excerpt-more\" href=\"https:\/\/speyer24news.com\/?p=52282\" title=\"Polizeimeldungen Freitag (26.05.2023)\">[&#8230;]<\/a><\/p>\n<\/div>","protected":false},"author":3,"featured_media":26162,"comment_status":"open","ping_status":"open","sticky":false,"template":"","format":"standard","meta":{"_monsterinsights_skip_tracking":false,"_monsterinsights_sitenote_active":false,"_monsterinsights_sitenote_note":"","_monsterinsights_sitenote_category":0,"footnotes":""},"categories":[15659],"tags":[7243,7244,3614,350,14537,15084,15267,14538,15361,15845,702,61,2555,6955,6986,6263,63,105,11150,6987,53,4854,13534,4683,1548,4905,11592,102,13626,213,14325,14324,13553,13541,55,8277,6368,5261,103,106,2803,2423,427,2625,380,62,104,979,1565],"aioseo_notices":[],"amp_enabled":true,"_links":{"self":[{"href":"https:\/\/speyer24news.com\/index.php?rest_route=\/wp\/v2\/posts\/52282"}],"collection":[{"href":"https:\/\/speyer24news.com\/index.php?rest_route=\/wp\/v2\/posts"}],"about":[{"href":"https:\/\/speyer24news.com\/index.php?rest_route=\/wp\/v2\/types\/post"}],"author":[{"embeddable":true,"href":"https:\/\/speyer24news.com\/index.php?rest_route=\/wp\/v2\/users\/3"}],"replies":[{"embeddable":true,"href":"https:\/\/speyer24news.com\/index.php?rest_route=%2Fwp%2Fv2%2Fcomments&post=52282"}],"version-history":[{"count":3,"href":"https:\/\/speyer24news.com\/index.php?rest_route=\/wp\/v2\/posts\/52282\/revisions"}],"predecessor-version":[{"id":52684,"href":"https:\/\/speyer24news.com\/index.php?rest_route=\/wp\/v2\/posts\/52282\/revisions\/52684"}],"wp:featuredmedia":[{"embeddable":true,"href":"https:\/\/speyer24news.com\/index.php?rest_route=\/wp\/v2\/media\/26162"}],"wp:attachment":[{"href":"https:\/\/speyer24news.com\/index.php?rest_route=%2Fwp%2Fv2%2Fmedia&parent=52282"}],"wp:term":[{"taxonomy":"category","embeddable":true,"href":"https:\/\/speyer24news.com\/index.php?rest_route=%2Fwp%2Fv2%2Fcategories&post=52282"},{"taxonomy":"post_tag","embeddable":true,"href":"https:\/\/speyer24news.com\/index.php?rest_route=%2Fwp%2Fv2%2Ftags&post=52282"}],"curies":[{"name":"wp","href":"https:\/\/api.w.org\/{rel}","templated":true}]}}