{"id":52302,"date":"2023-05-30T09:06:40","date_gmt":"2023-05-30T08:06:40","guid":{"rendered":"https:\/\/speyer24news.com\/?p=52302"},"modified":"2023-05-30T09:06:42","modified_gmt":"2023-05-30T08:06:42","slug":"freizeit-speyer-3","status":"publish","type":"post","link":"https:\/\/speyer24news.com\/?p=52302","title":{"rendered":"Freizeit \/ Speyer"},"content":{"rendered":"<style type=\"text\/css\">\r\n\t.ads_top_disp{}\r\n\t.ads_top_corner_disp{ float:left; margin:0px 10px 10px 0px; }\r\n\t.ads_first_p_disp{}\r\n\t.ads_bottom_disp{}\r\n\t<\/style>\n<h2 class=\"wp-block-heading\">Pfingstferienprogramm f\u00fcr Jugendliche<\/h2>\n\n\n<div class=\"wp-block-image\">\n<figure class=\"aligncenter size-full\"><img decoding=\"async\" loading=\"lazy\" width=\"500\" height=\"707\" src=\"https:\/\/speyer24news.com\/wp-content\/uploads\/2023\/05\/Chillmo-Hauptplakat.jpg\" alt=\"\" class=\"wp-image-52303\" srcset=\"https:\/\/speyer24news.com\/wp-content\/uploads\/2023\/05\/Chillmo-Hauptplakat.jpg 500w, https:\/\/speyer24news.com\/wp-content\/uploads\/2023\/05\/Chillmo-Hauptplakat-212x300.jpg 212w\" sizes=\"(max-width: 500px) 100vw, 500px\" \/><\/figure><\/div>\n\n\n<p>In den Pfingstferien ist die Jugendf\u00f6rderung Speyer mit dem Chillmo und dem Juf\u00f6mobil unter dem Motto \u201eChillmo. Sag mir wo die Party ist\u2026!\u201c am Skatepark in Speyer-Nord (am Birkenweg) vor Ort. \u00a0<br><strong>Vom 30. Mai bis 2. Juni<\/strong>\u00a0sowie<strong> vom\u00a05. Juni bis 7. Juni 2023<\/strong> gibt es<strong>\u00a0jeweils ab\u00a015 Uhr<\/strong> neben freien Angeboten auch anmeldepflichtige Aktionen f\u00fcr Jugendliche.<\/p>\n\n\n\n<p>So steht Kochen im Chillmo, Skaten mit den Jungs und M\u00e4dels von \u201eRollbrett Speyer e.V.\u201c f\u00fcr Anf\u00e4nger*innen und Profis, Basteln im Juf\u00f6mobil f\u00fcr kreative K\u00f6pfe auf dem abwechslungsreichen Programm, das die Juf\u00f6 zusammengestellt hat. &nbsp;&nbsp;&nbsp;&nbsp;&nbsp;&nbsp;&nbsp;&nbsp;&nbsp;<br>Als besonderes Highlight wird au\u00dferdem die \u201eKleine B\u00fchne\u201c im Chillmo zum ersten Mal er\u00f6ffnet. Hier k\u00f6nnen sich Jugendliche jeweils ab 16.30 Uhr als DJ bzw. DJane ausprobieren und live performen.<\/p>\n\n\n\n<p><strong>Weitere Informationen und die M\u00f6glichkeit zur Anmeldung gibt es unter\u00a0<a href=\"https:\/\/deref-web.de\/mail\/client\/PHukHrQ-PZw\/dereferrer\/?redirectUrl=http%3A%2F%2Fwww.juf%C3%B6.de%2Fprogramm%2Fjugendliche%2Fpfingstferienprogramm.html\" target=\"_blank\" rel=\"noreferrer noopener\">www.juf\u00f6.de\/programm\/jugendliche\/pfingstferienprogramm.html<\/a>. Ansprechpartner ist Christophe Herbin (<a href=\"mailto:christophe.herbin@stadt-speyer.de\" target=\"_blank\" rel=\"noreferrer noopener\">christophe.herbin@stadt-speyer.de<\/a>).<\/strong><\/p>\n\n\n\n<p><em>Stadtverwaltung Speyer \/ Jugendf\u00f6rderung (JuF\u00f6) Speyer<br>25.05.2023<\/em><\/p>\n","protected":false},"excerpt":{"rendered":"<div class=\"mh-excerpt\"><p>Pfingstferienprogramm f\u00fcr Jugendliche In den Pfingstferien ist die Jugendf\u00f6rderung Speyer mit dem Chillmo und dem Juf\u00f6mobil unter dem Motto \u201eChillmo. Sag mir wo die Party ist\u2026!\u201c am Skatepark in Speyer-Nord (am Birkenweg) vor Ort. \u00a0Vom <a class=\"mh-excerpt-more\" href=\"https:\/\/speyer24news.com\/?p=52302\" title=\"Freizeit \/ Speyer\">[&#8230;]<\/a><\/p>\n<\/div>","protected":false},"author":3,"featured_media":36650,"comment_status":"open","ping_status":"open","sticky":false,"template":"","format":"standard","meta":{"_monsterinsights_skip_tracking":false,"_monsterinsights_sitenote_active":false,"_monsterinsights_sitenote_note":"","_monsterinsights_sitenote_category":0,"footnotes":""},"categories":[11,9],"tags":[16122,16123,13567,201,10301,41,7491,40,42,6],"aioseo_notices":[],"amp_enabled":true,"_links":{"self":[{"href":"https:\/\/speyer24news.com\/index.php?rest_route=\/wp\/v2\/posts\/52302"}],"collection":[{"href":"https:\/\/speyer24news.com\/index.php?rest_route=\/wp\/v2\/posts"}],"about":[{"href":"https:\/\/speyer24news.com\/index.php?rest_route=\/wp\/v2\/types\/post"}],"author":[{"embeddable":true,"href":"https:\/\/speyer24news.com\/index.php?rest_route=\/wp\/v2\/users\/3"}],"replies":[{"embeddable":true,"href":"https:\/\/speyer24news.com\/index.php?rest_route=%2Fwp%2Fv2%2Fcomments&post=52302"}],"version-history":[{"count":1,"href":"https:\/\/speyer24news.com\/index.php?rest_route=\/wp\/v2\/posts\/52302\/revisions"}],"predecessor-version":[{"id":52304,"href":"https:\/\/speyer24news.com\/index.php?rest_route=\/wp\/v2\/posts\/52302\/revisions\/52304"}],"wp:featuredmedia":[{"embeddable":true,"href":"https:\/\/speyer24news.com\/index.php?rest_route=\/wp\/v2\/media\/36650"}],"wp:attachment":[{"href":"https:\/\/speyer24news.com\/index.php?rest_route=%2Fwp%2Fv2%2Fmedia&parent=52302"}],"wp:term":[{"taxonomy":"category","embeddable":true,"href":"https:\/\/speyer24news.com\/index.php?rest_route=%2Fwp%2Fv2%2Fcategories&post=52302"},{"taxonomy":"post_tag","embeddable":true,"href":"https:\/\/speyer24news.com\/index.php?rest_route=%2Fwp%2Fv2%2Ftags&post=52302"}],"curies":[{"name":"wp","href":"https:\/\/api.w.org\/{rel}","templated":true}]}}