{"id":52313,"date":"2023-05-30T09:35:41","date_gmt":"2023-05-30T08:35:41","guid":{"rendered":"https:\/\/speyer24news.com\/?p=52313"},"modified":"2023-05-30T09:35:42","modified_gmt":"2023-05-30T08:35:42","slug":"veranstaltungen-speyer-4","status":"publish","type":"post","link":"https:\/\/speyer24news.com\/?p=52313","title":{"rendered":"Veranstaltungen \/ Speyer"},"content":{"rendered":"<style type=\"text\/css\">\r\n\t.ads_top_disp{}\r\n\t.ads_top_corner_disp{ float:left; margin:0px 10px 10px 0px; }\r\n\t.ads_first_p_disp{}\r\n\t.ads_bottom_disp{}\r\n\t<\/style>\n<h2 class=\"wp-block-heading\">UNESCO-Welterbetag in Speyer \u201eUnsere Welt. Unser Erbe. Unsere Verantwortung\u201c<\/h2>\n\n\n\n<h3 class=\"wp-block-heading\">F\u00fchrungen durch die Welterbest\u00e4tten Dom und SchUM-Gemeindezentrum (Judenhof)<\/h3>\n\n\n<div class=\"wp-block-image\">\n<figure class=\"aligncenter size-full\"><img decoding=\"async\" loading=\"lazy\" width=\"800\" height=\"600\" src=\"https:\/\/speyer24news.com\/wp-content\/uploads\/2023\/05\/\u00a9-Domkapitel-Speyer.jpg\" alt=\"\" class=\"wp-image-52314\" srcset=\"https:\/\/speyer24news.com\/wp-content\/uploads\/2023\/05\/\u00a9-Domkapitel-Speyer.jpg 800w, https:\/\/speyer24news.com\/wp-content\/uploads\/2023\/05\/\u00a9-Domkapitel-Speyer-300x225.jpg 300w, https:\/\/speyer24news.com\/wp-content\/uploads\/2023\/05\/\u00a9-Domkapitel-Speyer-768x576.jpg 768w, https:\/\/speyer24news.com\/wp-content\/uploads\/2023\/05\/\u00a9-Domkapitel-Speyer-678x509.jpg 678w, https:\/\/speyer24news.com\/wp-content\/uploads\/2023\/05\/\u00a9-Domkapitel-Speyer-326x245.jpg 326w, https:\/\/speyer24news.com\/wp-content\/uploads\/2023\/05\/\u00a9-Domkapitel-Speyer-80x60.jpg 80w\" sizes=\"(max-width: 800px) 100vw, 800px\" \/><\/figure><\/div>\n\n\n<p>Am 4. Juni 2023 feiern Speyers UNESCO-Welterbest\u00e4tten den UNESCO-Welterbetag. Seit 2021 besitzt Speyer zwei: den Dom zu Speyer und das SchUM Gemeindezentrum (Judenhof) als Teil des j\u00fcdischen Erbes der SchUM-St\u00e4dte Speyer, Worms und Mainz. Mit besonderen F\u00fchrungen laden Dom und Judenhof herzlich dazu ein, das Welterbe vor Ort zu erkunden.<\/p>\n\n\n\n<h3 class=\"wp-block-heading\">UNESCO-Welterbetag am Dom<\/h3>\n\n\n\n<p>Im Dom zu Speyer werden um 13 Uhr und um 14:30 Uhr, F\u00fchrungen auf die Empore und den Dachstuhl angeboten. Im Rahmen dieser Rundg\u00e4nge wird ein besonderes Augenmerk auf den Welterbetitel des Doms gelegt: Wie kam der Dom 1981 auf die Liste des UNESCO-Welterbes? Was ist das besondere, universelle Erbe? Was bedeutet der Welterbetitel f\u00fcr den Dom heute? Au\u00dferdem wird beleuchtet, wie der Erhalt des Doms besonders nachhaltig gestaltet werden kann. Tickets sind am selben Tag f\u00fcr 9 Euro, erm\u00e4\u00dfigt f\u00fcr 5,20 Euro, in der Dom-Info erh\u00e4ltlich.<\/p>\n\n\n\n<h3 class=\"wp-block-heading\">UNESCO-Welterbetag im SchUM-Gemeindezentrum (Judenhof) Speyer und den SchUM-St\u00e4dten Worms und Mainz<\/h3>\n\n\n<div class=\"wp-block-image\">\n<figure class=\"aligncenter size-full\"><img decoding=\"async\" loading=\"lazy\" width=\"800\" height=\"600\" src=\"https:\/\/speyer24news.com\/wp-content\/uploads\/2023\/05\/DSC06635.jpg\" alt=\"\" class=\"wp-image-52315\" srcset=\"https:\/\/speyer24news.com\/wp-content\/uploads\/2023\/05\/DSC06635.jpg 800w, https:\/\/speyer24news.com\/wp-content\/uploads\/2023\/05\/DSC06635-300x225.jpg 300w, https:\/\/speyer24news.com\/wp-content\/uploads\/2023\/05\/DSC06635-768x576.jpg 768w, https:\/\/speyer24news.com\/wp-content\/uploads\/2023\/05\/DSC06635-678x509.jpg 678w, https:\/\/speyer24news.com\/wp-content\/uploads\/2023\/05\/DSC06635-326x245.jpg 326w, https:\/\/speyer24news.com\/wp-content\/uploads\/2023\/05\/DSC06635-80x60.jpg 80w\" sizes=\"(max-width: 800px) 100vw, 800px\" \/><\/figure><\/div>\n\n\n<p>Im SchUM-Gemeindezentrum Speyer (Judenhof) werden zwei kostenfreie F\u00fchrungen um 11:45 Uhr und um 16 Uhr angeboten. Die Teilnehmer*innenzahl ist auf 20 Personen begrenzt. Eine Anmeldung vorab ist nicht notwendig. Das SchUM-Gemeindezentrum ist seit Juli 2021 gemeinsam mit den SchUM-St\u00e4tten in Worms und Mainz erstes j\u00fcdisches UNESCO-Weltkulturerbe in Deutschland. Interessierte erfahren Wissenswertes \u00fcber die Geschichte der Speyerer j\u00fcdischen Gemeinde und lernen die mittelalterliche Synagoge mit Frauenschul sowie die romanische Mikwe (Ritualbad) kennen. Wer neugierig geworden ist, kann au\u00dferdem das Museum SchPIRA am Welterbetag kostenlos besuchen.<\/p>\n\n\n\n<p>Auch in den SchUM-St\u00e4dten Worms und Mainz wird gefeiert. Sie sind eingeladen, an den Veranstaltungen teilzunehmen und die SchUM-St\u00e4tten zu entdecken. Infos unter&nbsp;<a href=\"https:\/\/deref-web.de\/mail\/client\/ehVb44V_924\/dereferrer\/?redirectUrl=https%3A%2F%2Fwww.unesco-welterbetag.de%2Fwelterbestaetten%2Fschum-stattenspeyer-worms-und-mainz\" target=\"_blank\" rel=\"noreferrer noopener\">https:\/\/www.unesco-welterbetag.de\/welterbestaetten\/schum-stattenspeyer-worms-und-mainz<\/a>.<\/p>\n\n\n\n<h4 class=\"wp-block-heading\">Zum Hintergrund: UNESCO-Welterbetag 2023<\/h4>\n\n\n\n<p>Am 4. Juni 2023, dem UNESCO-Welterbetag, l\u00e4dt die Deutsche UNESCO-Kommission gemeinsam mit dem Verein UNESCO-Welterbest\u00e4tten Deutschland e.V. und allen Welterbest\u00e4tten in Deutschland zu Streifz\u00fcgen durch das Erbe der Menschheit ein. Unter dem Motto \u201eUnsere Welt. Unser Erbe. Unsere Verantwortung\u201c r\u00fccken die 51 Welterbest\u00e4tten in Deutschland Fragen der Nachhaltigkeit in den Mittelpunkt von F\u00fchrungen und Mitmachaktionen.<\/p>\n\n\n\n<p>Den UNESCO-Welterbetag hat die Deutsche UNESCO-Kommission 2005 gemeinsam mit dem UNESCO-Welterbest\u00e4tten Deutschland e.V. ins Leben gerufen. Seither wird er allj\u00e4hrlich am ersten Sonntag im Juni deutschlandweit begangen. F\u00fchrungen und Vortr\u00e4ge, Musik und Aktionen gew\u00e4hren Blicke hinter die Kulissen des Welterbes und laden zum Erkunden und Entdecken des Kultur- und Naturerbes ein.<\/p>\n\n\n\n<p><strong>Alle Informationen und Veranstaltungen finden Sie unter:\u00a0<a href=\"https:\/\/deref-web.de\/mail\/client\/CTZUaeNpiPg\/dereferrer\/?redirectUrl=https%3A%2F%2Fwww.unesco-welterbetag.de\" target=\"_blank\" rel=\"noreferrer noopener\">https:\/\/www.unesco-welterbetag.de<\/a>.<\/strong><\/p>\n\n\n\n<p><em>Text: Stadtverwaltung Speyer Foto: (1) \u00a9 Domkapitel Speyer; (2) \u00a9 Speyer 24 (NEWS)<br>25.05.2023<\/em><\/p>\n\n\n\n<h2 class=\"wp-block-heading\">STADTRADELN in Speyer startet am 7. Juni<\/h2>\n\n\n<div class=\"wp-block-image\">\n<figure class=\"aligncenter size-full\"><img decoding=\"async\" loading=\"lazy\" width=\"800\" height=\"600\" src=\"https:\/\/speyer24news.com\/wp-content\/uploads\/2023\/05\/Stadtradeln-2022.jpg\" alt=\"\" class=\"wp-image-52175\" srcset=\"https:\/\/speyer24news.com\/wp-content\/uploads\/2023\/05\/Stadtradeln-2022.jpg 800w, https:\/\/speyer24news.com\/wp-content\/uploads\/2023\/05\/Stadtradeln-2022-300x225.jpg 300w, https:\/\/speyer24news.com\/wp-content\/uploads\/2023\/05\/Stadtradeln-2022-768x576.jpg 768w, https:\/\/speyer24news.com\/wp-content\/uploads\/2023\/05\/Stadtradeln-2022-678x509.jpg 678w, https:\/\/speyer24news.com\/wp-content\/uploads\/2023\/05\/Stadtradeln-2022-326x245.jpg 326w, https:\/\/speyer24news.com\/wp-content\/uploads\/2023\/05\/Stadtradeln-2022-80x60.jpg 80w\" sizes=\"(max-width: 800px) 100vw, 800px\" \/><\/figure><\/div>\n\n\n<p>Erste Kilometer sammeln und andere Radelnde kennenlernen: Das k\u00f6nnen alle Teilnehmenden von STADTRADELN beim Auftakt am 7. Juni 2023. Oberb\u00fcrgermeisterin Stefanie Seiler und Umweltdezernentin Irmgard M\u00fcnch-Weinmann er\u00f6ffnen die Aktion um 17 Uhr vor dem Dom.<\/p>\n\n\n\n<p><strong>Vom 7. bis zum 27. Juni 2023<\/strong> sind wieder alle, die in Speyer leben oder arbeiten, aufgerufen, m\u00f6glichst viele Kilometer auf dem Weg zur Schule, zur Arbeit oder in der Freizeit mit dem Fahrrad zu fahren. Dabei spielt es keine Rolle, ob ausschlie\u00dflich mit eigener Muskelkraft oder elektrisch unterst\u00fctzt geradelt wird. Ziel ist es, bei der deutschlandweiten Aktion des Klima-B\u00fcndnisses m\u00f6glichst viele Fahrradkilometer f\u00fcr den Klimaschutz und somit f\u00fcr die Stadt Speyer zu sammeln. Die radaktivsten Teilnehmenden und Teams, Kitas und Schulen werden nach der Aktion ausgezeichnet.<\/p>\n\n\n\n<p>\u201eSTADTRADELN ist eine tolle Gelegenheit, sich drei Wochen lang ganz bewusst f\u00fcr mehr Radfahren zu entscheiden\u201c, wirbt Oberb\u00fcrgermeisterin Stefanie Seiler. \u201eDie Begeisterung der Speyererinnen und Speyerer f\u00fcr das Radfahren wird bei diesem Wettbewerb jedes Jahr deutlich. Unter den rheinland-pf\u00e4lzischen Kommunen belegen wir regelm\u00e4\u00dfig einen der Spitzenpl\u00e4tze\u201c, erg\u00e4nzt sie. \u201eRadfahren ist gesund, tr\u00e4gt zum Ressourcen- und Klimaschutz bei und macht Spa\u00df\u201c, f\u00fchrt Umweltdezernentin Irmgard M\u00fcnch-Weinmann weiter aus. \u201eIn Speyer ist das Fahrrad ein super Verkehrsmittel und eine echte Alternative zum Auto\u201c, motiviert sie zum Mitmachen.<\/p>\n\n\n\n<p>Anmeldungen zum STADTRADELN sind unter&nbsp;<a href=\"https:\/\/deref-web.de\/mail\/client\/7XfXyU4hnL8\/dereferrer\/?redirectUrl=http%3A%2F%2Fwww.stadtradeln.de%2Fspeyer\" target=\"_blank\" rel=\"noreferrer noopener\">www.stadtradeln.de\/speyer<\/a>&nbsp;m\u00f6glich. Wer in der Vergangenheit einen Account angelegt hat, kann diesen reaktivieren und wieder nutzen.<\/p>\n\n\n\n<p>Der&nbsp;<strong>Auftakt<\/strong>&nbsp;findet am&nbsp;<strong>Mittwoch, 7. Juni 2023<\/strong>&nbsp;um&nbsp;<strong>17 Uhr<\/strong>&nbsp;statt. Treffpunkt ist vor dem Dom. Eine Anmeldung ist nicht n\u00f6tig. Es folgt eine gem\u00fctliche Radtour \u00fcber rund 15 Kilometer mit anschlie\u00dfendem Picknick auf der Domwiese.<\/p>\n\n\n\n<p>Die\u00a0<strong>Pr\u00e4mierung<\/strong>\u00a0findet am\u00a0<strong>Samstag, 22. Juli 2023<\/strong>\u00a0um\u00a0<strong>11 Uhr<\/strong>\u00a0im Kulturhof statt.<\/p>\n\n\n<div class=\"wp-block-image\">\n<figure class=\"aligncenter size-full\"><img decoding=\"async\" loading=\"lazy\" width=\"630\" height=\"167\" src=\"https:\/\/speyer24news.com\/wp-content\/uploads\/2020\/06\/Stadtradeln-Logo.png\" alt=\"\" class=\"wp-image-28496\" srcset=\"https:\/\/speyer24news.com\/wp-content\/uploads\/2020\/06\/Stadtradeln-Logo.png 630w, https:\/\/speyer24news.com\/wp-content\/uploads\/2020\/06\/Stadtradeln-Logo-300x80.png 300w\" sizes=\"(max-width: 630px) 100vw, 630px\" \/><\/figure><\/div>\n\n\n<p>Die J\u00fcngsten werden in diesem Jahr wieder besonders angesprochen: Kitas und Grundschulen k\u00f6nnen gr\u00fcne Kindermeilen sammeln. Dabei werden eine Woche lang alle Wege gesammelt, die Kindergarten- und Schulkinder in ihrem Alltag klimafreundlich zur\u00fccklegen. Ob zu Fu\u00df, per Roller oder mit dem Rad \u2013 jedes Fortbewegungsmittel z\u00e4hlt. Anmelden k\u00f6nnen sich Kitas und Grundschulen f\u00fcr die Sammelwoche bei Klimaschutzmanagerin Katrin Berlinghoff per E-Mail an&nbsp;<a href=\"mailto:katrin.berlinghoff@stadt-speyer.de\" target=\"_blank\" rel=\"noreferrer noopener\">katrin.berlinghoff@stadt-speyer.de<\/a>&nbsp;oder telefonisch unter der Nummer 06232 14-2596.<\/p>\n\n\n\n<p>F\u00fcr alle Schulen gibt es ebenfalls einen besonderen Ansporn: Beim SCHULRADELN treten die Schulen gesondert in den Wettbewerb. Die Anmeldung erfolgt \u00fcber die regul\u00e4re STADTRADELN-Webseite (<a href=\"https:\/\/deref-web.de\/mail\/client\/7XfXyU4hnL8\/dereferrer\/?redirectUrl=http%3A%2F%2Fwww.stadtradeln.de%2Fspeyer\" target=\"_blank\" rel=\"noreferrer noopener\">www.stadtradeln.de\/speyer<\/a>).<\/p>\n\n\n\n<p>Als STADTRADELN-Star in diesem Jahr wird Yvonne Wittmann im Aktionszeitraum privat wie beruflich mit dem Fahrrad unterwegs sein. Die junge Mutter wohnt in Mutterstadt und arbeitet in Speyer als Social-Media-Managerin bei Edeka Stiegler. Yvonne Wittmann wird ihre Erfahrungen bei STADTRADELN auf Social Media teilen.<\/p>\n\n\n\n<p>STADTRADELN ist eine deutschlandweite Aktion des Klima-B\u00fcndnisses und wird in Speyer von lokalen Partnern unterst\u00fctzt. Der ADFC Speyer e.V., Edeka Stiegler, Engel &amp; V\u00f6lkers, Fahrrad Weindel, Hotel Am Wartturm, Neptune Energy und Palatina GeoCon, die Sparkasse Vorderpfalz, REWE Familie Appel, die Stadtwerke Speyer GmbH, die Vereinigte VR Bank Kur- und Rheinpfalz und der VRN unterst\u00fctzen vor Ort.<\/p>\n\n\n\n<p><em>Stadtverwaltung Speyer<br>25.05.2023<\/em><\/p>\n","protected":false},"excerpt":{"rendered":"<div class=\"mh-excerpt\"><p>UNESCO-Welterbetag in Speyer \u201eUnsere Welt. Unser Erbe. Unsere Verantwortung\u201c F\u00fchrungen durch die Welterbest\u00e4tten Dom und SchUM-Gemeindezentrum (Judenhof) Am 4. Juni 2023 feiern Speyers UNESCO-Welterbest\u00e4tten den UNESCO-Welterbetag. Seit 2021 besitzt Speyer zwei: den Dom zu Speyer <a class=\"mh-excerpt-more\" href=\"https:\/\/speyer24news.com\/?p=52313\" title=\"Veranstaltungen \/ Speyer\">[&#8230;]<\/a><\/p>\n<\/div>","protected":false},"author":3,"featured_media":25668,"comment_status":"open","ping_status":"open","sticky":false,"template":"","format":"standard","meta":{"_monsterinsights_skip_tracking":false,"_monsterinsights_sitenote_active":false,"_monsterinsights_sitenote_note":"","_monsterinsights_sitenote_category":0,"footnotes":""},"categories":[9,13],"tags":[8401,12641,3370,16128,6,1221,16071,16072,2198,3364,16129,16130,5533],"aioseo_notices":[],"amp_enabled":true,"_links":{"self":[{"href":"https:\/\/speyer24news.com\/index.php?rest_route=\/wp\/v2\/posts\/52313"}],"collection":[{"href":"https:\/\/speyer24news.com\/index.php?rest_route=\/wp\/v2\/posts"}],"about":[{"href":"https:\/\/speyer24news.com\/index.php?rest_route=\/wp\/v2\/types\/post"}],"author":[{"embeddable":true,"href":"https:\/\/speyer24news.com\/index.php?rest_route=\/wp\/v2\/users\/3"}],"replies":[{"embeddable":true,"href":"https:\/\/speyer24news.com\/index.php?rest_route=%2Fwp%2Fv2%2Fcomments&post=52313"}],"version-history":[{"count":1,"href":"https:\/\/speyer24news.com\/index.php?rest_route=\/wp\/v2\/posts\/52313\/revisions"}],"predecessor-version":[{"id":52316,"href":"https:\/\/speyer24news.com\/index.php?rest_route=\/wp\/v2\/posts\/52313\/revisions\/52316"}],"wp:featuredmedia":[{"embeddable":true,"href":"https:\/\/speyer24news.com\/index.php?rest_route=\/wp\/v2\/media\/25668"}],"wp:attachment":[{"href":"https:\/\/speyer24news.com\/index.php?rest_route=%2Fwp%2Fv2%2Fmedia&parent=52313"}],"wp:term":[{"taxonomy":"category","embeddable":true,"href":"https:\/\/speyer24news.com\/index.php?rest_route=%2Fwp%2Fv2%2Fcategories&post=52313"},{"taxonomy":"post_tag","embeddable":true,"href":"https:\/\/speyer24news.com\/index.php?rest_route=%2Fwp%2Fv2%2Ftags&post=52313"}],"curies":[{"name":"wp","href":"https:\/\/api.w.org\/{rel}","templated":true}]}}